{"id":82407,"date":"2022-11-21T09:23:00","date_gmt":"2022-11-21T07:23:00","guid":{"rendered":"https:\/\/centcols.org\/drome-ardeche-vaucluse-samedi-9-septembre-2023-au-col-du-laux-fr-26-0883\/"},"modified":"2025-09-09T13:31:38","modified_gmt":"2025-09-09T11:31:38","slug":"drome-ardeche-vaucluse-sabado-9-de-septiembre-de-2023-col-du-laux-fr-26-0883","status":"publish","type":"post","link":"https:\/\/centcols.org\/es\/drome-ardeche-vaucluse-samedi-9-septembre-2023-au-col-du-laux-fr-26-0883\/","title":{"rendered":"Dr\u00f4me Ard\u00e8che Vaucluse, s\u00e1bado 9 de septiembre de 2023 en el Col du Laux (FR-26-0883)"},"content":{"rendered":"\n<p class=\"has-text-align-left has-medium-font-size\">Cette rencontre aura lieu samedi 9 septembre 2023<br>Accueil \u00e0 partir de 11h jusqu\u2019\u00e0 15h30.<br>Vous p\u00e9dalerez en Dr\u00f4me proven\u00e7ale en limite avec les d\u00e9partements<br>des Hautes-Alpes et Alpes de Haute Provence. C\u2019est un paysage de<br>moyenne montagne avec l\u2019altitude des cols entre 800 et 1000 m.<br>Enchainement de sommets et vall\u00e9es un peu casse pattes. Le relief est<br>calcaire avec de magnifiques marnes blanche ou orange pastel.<br>Photographes \u00e0 vos appareils photo.<br>L\u2019organisateur vous proposera Saucissons, fromage et autres<br>sp\u00e9cialit\u00e9s r\u00e9gionales avec quelques<br>liquides. Vous en aurez bien besoin pour vous r\u00e9conforter apr\u00e8s vos<br>efforts du jour.<\/p>\n\n\n\n<p class=\"has-text-align-left has-medium-font-size\">Nom openrunner : Route Col du Laux 56 km 5 cols<br><a href=\"https:\/\/www.openrunner.com\/route-details\/17357018\">https:\/\/www.openrunner.com\/route-details\/17357018<\/a><br><br>FR-05-0604 Le Collet 592 &#8212;<br>FR-05-0749 Le Col 749 &#8212;<br>FR-05-0744 Le Collet 744 &#8212;<br>FR-26-0883 Col du Laux 883 &#8212;<br>FR-26-0886a Le Collet 883 &#8212;<br>Je vous conseille un d\u00e9part depuis le village de Verclause , parking<br>SuperU.<br><br>Nom openrunner : VTT col du Laux 36 km 11 cols<br><a href=\"https:\/\/www.openrunner.com\/route-details\/17356423\">https:\/\/www.openrunner.com\/route-details\/17356423<\/a><br>FR-26-0883 Col du Laux 883<br>FR-26-1087 Col de l&rsquo;Ebastier 1087<br>FR-26-1052b Col du Reychasset<br>FR-26-1155a Col de Montaux 1155<br>FR-26-1134 Col du Sault 1134<br>FR-05-1135a Col de Lagremuse 1135<br>FR-05-1142a Col du Bravoux 1142<br>FR-26-1056b Col de Pierre Vesce 1056<br>FR-26-0997 Collet de Martin 997<br>FR-05-0937 Col de l&rsquo;Adr\u00e8chon 937<br>FR-05-0991 Col d&rsquo;Etoile 991<br>Je vous conseille un d\u00e9part depuis le col de Reychasset qui se trouve<br>sur le circuit. Il y a de la place pour quelques v\u00e9hicules. C\u00e0 vous \u00e9vite<br>l\u00e0 mont\u00e9e \u00e0 VTT sur la route.<\/p>\n\n\n\n<h3 class=\"wp-block-heading\">Contact<\/h3>\n\n\n\n<p class=\"has-medium-font-size\">Jean-Marie Gilouin<br>06 31 79 01 06<br>[email]&#98;&#x6a;&#109;&#x2e;&#99;&#x65;&#110;&#x74;&#99;&#x6f;&#108;&#x73;&#64;&#x67;&#109;&#x61;&#105;&#x6c;&#46;&#x63;&#111;&#x6d;[\/email]<\/p>\n","protected":false},"excerpt":{"rendered":"<p>Cette rencontre aura lieu samedi 9 septembre 2023Accueil \u00e0 partir de 11h jusqu\u2019\u00e0 15h30.Vous p\u00e9dalerez en Dr\u00f4me proven\u00e7ale en limite avec les d\u00e9partementsdes Hautes-Alpes et Alpes de Haute Provence. C\u2019est un paysage demoyenne montagne avec l\u2019altitude des cols entre 800 et 1000 m.Enchainement de sommets et vall\u00e9es un peu casse pattes. Le relief estcalcaire avec [&hellip;]<\/p>\n","protected":false},"author":58,"featured_media":83754,"comment_status":"open","ping_status":"open","sticky":false,"template":"","format":"standard","meta":{"_acf_changed":false,"footnotes":""},"categories":[293,135,216],"tags":[],"class_list":["post-82407","post","type-post","status-publish","format-standard","has-post-thumbnail","hentry","category-les-rassemblements-de-2023","category-calendrier","category-rencontres-regionales"],"acf":[],"yoast_head":"<!-- This site is optimized with the Yoast SEO plugin v27.2 - https:\/\/yoast.com\/product\/yoast-seo-wordpress\/ -->\n<title>Dr\u00f4me Ard\u00e8che Vaucluse, samedi 9 septembre 2023 au col du Laux (FR-26-0883) - Club des Cent Cols<\/title>\n<meta name=\"robots\" content=\"index, follow, max-snippet:-1, max-image-preview:large, max-video-preview:-1\" \/>\n<link rel=\"canonical\" href=\"https:\/\/centcols.org\/es\/drome-ardeche-vaucluse-sabado-9-de-septiembre-de-2023-col-du-laux-fr-26-0883\/\" \/>\n<meta property=\"og:locale\" content=\"es_ES\" \/>\n<meta property=\"og:type\" content=\"article\" \/>\n<meta property=\"og:title\" content=\"Dr\u00f4me Ard\u00e8che Vaucluse, samedi 9 septembre 2023 au col du Laux (FR-26-0883) - Club des Cent Cols\" \/>\n<meta property=\"og:description\" content=\"Cette rencontre aura lieu samedi 9 septembre 2023Accueil \u00e0 partir de 11h jusqu\u2019\u00e0 15h30.Vous p\u00e9dalerez en Dr\u00f4me proven\u00e7ale en limite avec les d\u00e9partementsdes Hautes-Alpes et Alpes de Haute Provence. C\u2019est un paysage demoyenne montagne avec l\u2019altitude des cols entre 800 et 1000 m.Enchainement de sommets et vall\u00e9es un peu casse pattes. Le relief estcalcaire avec [&hellip;]\" \/>\n<meta property=\"og:url\" content=\"https:\/\/centcols.org\/es\/drome-ardeche-vaucluse-sabado-9-de-septiembre-de-2023-col-du-laux-fr-26-0883\/\" \/>\n<meta property=\"og:site_name\" content=\"Club des Cent Cols\" \/>\n<meta property=\"article:publisher\" content=\"https:\/\/www.facebook.com\/groups\/5261880558\/?locale=fr_FR\" \/>\n<meta property=\"article:published_time\" content=\"2022-11-21T07:23:00+00:00\" \/>\n<meta property=\"article:modified_time\" content=\"2025-09-09T11:31:38+00:00\" \/>\n<meta property=\"og:image\" content=\"https:\/\/centcols.org\/wp-content\/uploads\/2022\/11\/86001.jpg\" \/>\n\t<meta property=\"og:image:width\" content=\"800\" \/>\n\t<meta property=\"og:image:height\" content=\"600\" \/>\n\t<meta property=\"og:image:type\" content=\"image\/jpeg\" \/>\n<meta name=\"author\" content=\"Enrico Alberini\" \/>\n<meta name=\"twitter:card\" content=\"summary_large_image\" \/>\n<meta name=\"twitter:label1\" content=\"Escrito por\" \/>\n\t<meta name=\"twitter:data1\" content=\"Enrico Alberini\" \/>\n\t<meta name=\"twitter:label2\" content=\"Tiempo de lectura\" \/>\n\t<meta name=\"twitter:data2\" content=\"2 minutos\" \/>\n<script type=\"application\/ld+json\" class=\"yoast-schema-graph\">{\"@context\":\"https:\/\/schema.org\",\"@graph\":[{\"@type\":\"Article\",\"@id\":\"https:\/\/centcols.org\/drome-ardeche-vaucluse-samedi-9-septembre-2023-au-col-du-laux-fr-26-0883\/#article\",\"isPartOf\":{\"@id\":\"https:\/\/centcols.org\/drome-ardeche-vaucluse-samedi-9-septembre-2023-au-col-du-laux-fr-26-0883\/\"},\"author\":{\"name\":\"Enrico Alberini\",\"@id\":\"https:\/\/centcols.org\/#\/schema\/person\/86c3ec6889d88501a29fccac614bebf8\"},\"headline\":\"Dr\u00f4me Ard\u00e8che Vaucluse, samedi 9 septembre 2023 au col du Laux (FR-26-0883)\",\"datePublished\":\"2022-11-21T07:23:00+00:00\",\"dateModified\":\"2025-09-09T11:31:38+00:00\",\"mainEntityOfPage\":{\"@id\":\"https:\/\/centcols.org\/drome-ardeche-vaucluse-samedi-9-septembre-2023-au-col-du-laux-fr-26-0883\/\"},\"wordCount\":279,\"commentCount\":0,\"publisher\":{\"@id\":\"https:\/\/centcols.org\/#organization\"},\"image\":{\"@id\":\"https:\/\/centcols.org\/drome-ardeche-vaucluse-samedi-9-septembre-2023-au-col-du-laux-fr-26-0883\/#primaryimage\"},\"thumbnailUrl\":\"https:\/\/centcols.org\/wp-content\/uploads\/2022\/11\/86001.jpg\",\"articleSection\":[\"2023-rassemblements\",\"Calendrier\",\"Rencontres r\u00e9gionales\"],\"inLanguage\":\"es\",\"potentialAction\":[{\"@type\":\"CommentAction\",\"name\":\"Comment\",\"target\":[\"https:\/\/centcols.org\/drome-ardeche-vaucluse-samedi-9-septembre-2023-au-col-du-laux-fr-26-0883\/#respond\"]}]},{\"@type\":\"WebPage\",\"@id\":\"https:\/\/centcols.org\/drome-ardeche-vaucluse-samedi-9-septembre-2023-au-col-du-laux-fr-26-0883\/\",\"url\":\"https:\/\/centcols.org\/drome-ardeche-vaucluse-samedi-9-septembre-2023-au-col-du-laux-fr-26-0883\/\",\"name\":\"Dr\u00f4me Ard\u00e8che Vaucluse, samedi 9 septembre 2023 au col du Laux (FR-26-0883) - Club des Cent Cols\",\"isPartOf\":{\"@id\":\"https:\/\/centcols.org\/#website\"},\"primaryImageOfPage\":{\"@id\":\"https:\/\/centcols.org\/drome-ardeche-vaucluse-samedi-9-septembre-2023-au-col-du-laux-fr-26-0883\/#primaryimage\"},\"image\":{\"@id\":\"https:\/\/centcols.org\/drome-ardeche-vaucluse-samedi-9-septembre-2023-au-col-du-laux-fr-26-0883\/#primaryimage\"},\"thumbnailUrl\":\"https:\/\/centcols.org\/wp-content\/uploads\/2022\/11\/86001.jpg\",\"datePublished\":\"2022-11-21T07:23:00+00:00\",\"dateModified\":\"2025-09-09T11:31:38+00:00\",\"breadcrumb\":{\"@id\":\"https:\/\/centcols.org\/drome-ardeche-vaucluse-samedi-9-septembre-2023-au-col-du-laux-fr-26-0883\/#breadcrumb\"},\"inLanguage\":\"es\",\"potentialAction\":[{\"@type\":\"ReadAction\",\"target\":[\"https:\/\/centcols.org\/drome-ardeche-vaucluse-samedi-9-septembre-2023-au-col-du-laux-fr-26-0883\/\"]}]},{\"@type\":\"ImageObject\",\"inLanguage\":\"es\",\"@id\":\"https:\/\/centcols.org\/drome-ardeche-vaucluse-samedi-9-septembre-2023-au-col-du-laux-fr-26-0883\/#primaryimage\",\"url\":\"https:\/\/centcols.org\/wp-content\/uploads\/2022\/11\/86001.jpg\",\"contentUrl\":\"https:\/\/centcols.org\/wp-content\/uploads\/2022\/11\/86001.jpg\",\"width\":800,\"height\":600},{\"@type\":\"BreadcrumbList\",\"@id\":\"https:\/\/centcols.org\/drome-ardeche-vaucluse-samedi-9-septembre-2023-au-col-du-laux-fr-26-0883\/#breadcrumb\",\"itemListElement\":[{\"@type\":\"ListItem\",\"position\":1,\"name\":\"Accueil\",\"item\":\"https:\/\/centcols.org\/\"},{\"@type\":\"ListItem\",\"position\":2,\"name\":\"Rencontres r\u00e9gionales\",\"item\":\"https:\/\/centcols.org\/rubrique\/rencontres-regionales\/\"},{\"@type\":\"ListItem\",\"position\":3,\"name\":\"Dr\u00f4me Ard\u00e8che Vaucluse, samedi 9 septembre 2023 au col du Laux (FR-26-0883)\"}]},{\"@type\":\"WebSite\",\"@id\":\"https:\/\/centcols.org\/#website\",\"url\":\"https:\/\/centcols.org\/\",\"name\":\"Club des Cent Cols\",\"description\":\"\",\"publisher\":{\"@id\":\"https:\/\/centcols.org\/#organization\"},\"potentialAction\":[{\"@type\":\"SearchAction\",\"target\":{\"@type\":\"EntryPoint\",\"urlTemplate\":\"https:\/\/centcols.org\/?s={search_term_string}\"},\"query-input\":{\"@type\":\"PropertyValueSpecification\",\"valueRequired\":true,\"valueName\":\"search_term_string\"}}],\"inLanguage\":\"es\"},{\"@type\":\"Organization\",\"@id\":\"https:\/\/centcols.org\/#organization\",\"name\":\"Club des Cent Cols\",\"url\":\"https:\/\/centcols.org\/\",\"logo\":{\"@type\":\"ImageObject\",\"inLanguage\":\"es\",\"@id\":\"https:\/\/centcols.org\/#\/schema\/logo\/image\/\",\"url\":\"https:\/\/centcols.org\/wp-content\/uploads\/2025\/01\/carte-icone.png\",\"contentUrl\":\"https:\/\/centcols.org\/wp-content\/uploads\/2025\/01\/carte-icone.png\",\"width\":250,\"height\":250,\"caption\":\"Club des Cent Cols\"},\"image\":{\"@id\":\"https:\/\/centcols.org\/#\/schema\/logo\/image\/\"},\"sameAs\":[\"https:\/\/www.facebook.com\/groups\/5261880558\/?locale=fr_FR\"]},{\"@type\":\"Person\",\"@id\":\"https:\/\/centcols.org\/#\/schema\/person\/86c3ec6889d88501a29fccac614bebf8\",\"name\":\"Enrico Alberini\",\"image\":{\"@type\":\"ImageObject\",\"inLanguage\":\"es\",\"@id\":\"https:\/\/centcols.org\/wp-content\/litespeed\/avatar\/1b26e36a18d85acc8b0f860f9628213f.jpg?ver=1777240766\",\"url\":\"https:\/\/centcols.org\/wp-content\/litespeed\/avatar\/1b26e36a18d85acc8b0f860f9628213f.jpg?ver=1777240766\",\"contentUrl\":\"https:\/\/centcols.org\/wp-content\/litespeed\/avatar\/1b26e36a18d85acc8b0f860f9628213f.jpg?ver=1777240766\",\"caption\":\"Enrico Alberini\"},\"url\":\"https:\/\/centcols.org\/es\/author\/5065\/\"}]}<\/script>\n<!-- \/ Yoast SEO plugin. -->","yoast_head_json":{"title":"Dr\u00f4me Ard\u00e8che Vaucluse, s\u00e1bado 9 de septiembre de 2023 en el Col du Laux (FR-26-0883) - Club des Cent Cols","robots":{"index":"index","follow":"follow","max-snippet":"max-snippet:-1","max-image-preview":"max-image-preview:large","max-video-preview":"max-video-preview:-1"},"canonical":"https:\/\/centcols.org\/es\/drome-ardeche-vaucluse-sabado-9-de-septiembre-de-2023-col-du-laux-fr-26-0883\/","og_locale":"es_ES","og_type":"article","og_title":"Dr\u00f4me Ard\u00e8che Vaucluse, samedi 9 septembre 2023 au col du Laux (FR-26-0883) - Club des Cent Cols","og_description":"Cette rencontre aura lieu samedi 9 septembre 2023Accueil \u00e0 partir de 11h jusqu\u2019\u00e0 15h30.Vous p\u00e9dalerez en Dr\u00f4me proven\u00e7ale en limite avec les d\u00e9partementsdes Hautes-Alpes et Alpes de Haute Provence. C\u2019est un paysage demoyenne montagne avec l\u2019altitude des cols entre 800 et 1000 m.Enchainement de sommets et vall\u00e9es un peu casse pattes. Le relief estcalcaire avec [&hellip;]","og_url":"https:\/\/centcols.org\/es\/drome-ardeche-vaucluse-sabado-9-de-septiembre-de-2023-col-du-laux-fr-26-0883\/","og_site_name":"Club des Cent Cols","article_publisher":"https:\/\/www.facebook.com\/groups\/5261880558\/?locale=fr_FR","article_published_time":"2022-11-21T07:23:00+00:00","article_modified_time":"2025-09-09T11:31:38+00:00","og_image":[{"width":800,"height":600,"url":"https:\/\/centcols.org\/wp-content\/uploads\/2022\/11\/86001.jpg","type":"image\/jpeg"}],"author":"Enrico Alberini","twitter_card":"summary_large_image","twitter_misc":{"Escrito por":"Enrico Alberini","Tiempo de lectura":"2 minutos"},"schema":{"@context":"https:\/\/schema.org","@graph":[{"@type":"Article","@id":"https:\/\/centcols.org\/drome-ardeche-vaucluse-samedi-9-septembre-2023-au-col-du-laux-fr-26-0883\/#article","isPartOf":{"@id":"https:\/\/centcols.org\/drome-ardeche-vaucluse-samedi-9-septembre-2023-au-col-du-laux-fr-26-0883\/"},"author":{"name":"Enrico Alberini","@id":"https:\/\/centcols.org\/#\/schema\/person\/86c3ec6889d88501a29fccac614bebf8"},"headline":"Dr\u00f4me Ard\u00e8che Vaucluse, samedi 9 septembre 2023 au col du Laux (FR-26-0883)","datePublished":"2022-11-21T07:23:00+00:00","dateModified":"2025-09-09T11:31:38+00:00","mainEntityOfPage":{"@id":"https:\/\/centcols.org\/drome-ardeche-vaucluse-samedi-9-septembre-2023-au-col-du-laux-fr-26-0883\/"},"wordCount":279,"commentCount":0,"publisher":{"@id":"https:\/\/centcols.org\/#organization"},"image":{"@id":"https:\/\/centcols.org\/drome-ardeche-vaucluse-samedi-9-septembre-2023-au-col-du-laux-fr-26-0883\/#primaryimage"},"thumbnailUrl":"https:\/\/centcols.org\/wp-content\/uploads\/2022\/11\/86001.jpg","articleSection":["2023-rassemblements","Calendrier","Rencontres r\u00e9gionales"],"inLanguage":"es","potentialAction":[{"@type":"CommentAction","name":"Comment","target":["https:\/\/centcols.org\/drome-ardeche-vaucluse-samedi-9-septembre-2023-au-col-du-laux-fr-26-0883\/#respond"]}]},{"@type":"WebPage","@id":"https:\/\/centcols.org\/drome-ardeche-vaucluse-samedi-9-septembre-2023-au-col-du-laux-fr-26-0883\/","url":"https:\/\/centcols.org\/drome-ardeche-vaucluse-samedi-9-septembre-2023-au-col-du-laux-fr-26-0883\/","name":"Dr\u00f4me Ard\u00e8che Vaucluse, s\u00e1bado 9 de septiembre de 2023 en el Col du Laux (FR-26-0883) - Club des Cent Cols","isPartOf":{"@id":"https:\/\/centcols.org\/#website"},"primaryImageOfPage":{"@id":"https:\/\/centcols.org\/drome-ardeche-vaucluse-samedi-9-septembre-2023-au-col-du-laux-fr-26-0883\/#primaryimage"},"image":{"@id":"https:\/\/centcols.org\/drome-ardeche-vaucluse-samedi-9-septembre-2023-au-col-du-laux-fr-26-0883\/#primaryimage"},"thumbnailUrl":"https:\/\/centcols.org\/wp-content\/uploads\/2022\/11\/86001.jpg","datePublished":"2022-11-21T07:23:00+00:00","dateModified":"2025-09-09T11:31:38+00:00","breadcrumb":{"@id":"https:\/\/centcols.org\/drome-ardeche-vaucluse-samedi-9-septembre-2023-au-col-du-laux-fr-26-0883\/#breadcrumb"},"inLanguage":"es","potentialAction":[{"@type":"ReadAction","target":["https:\/\/centcols.org\/drome-ardeche-vaucluse-samedi-9-septembre-2023-au-col-du-laux-fr-26-0883\/"]}]},{"@type":"ImageObject","inLanguage":"es","@id":"https:\/\/centcols.org\/drome-ardeche-vaucluse-samedi-9-septembre-2023-au-col-du-laux-fr-26-0883\/#primaryimage","url":"https:\/\/centcols.org\/wp-content\/uploads\/2022\/11\/86001.jpg","contentUrl":"https:\/\/centcols.org\/wp-content\/uploads\/2022\/11\/86001.jpg","width":800,"height":600},{"@type":"BreadcrumbList","@id":"https:\/\/centcols.org\/drome-ardeche-vaucluse-samedi-9-septembre-2023-au-col-du-laux-fr-26-0883\/#breadcrumb","itemListElement":[{"@type":"ListItem","position":1,"name":"Accueil","item":"https:\/\/centcols.org\/"},{"@type":"ListItem","position":2,"name":"Rencontres r\u00e9gionales","item":"https:\/\/centcols.org\/rubrique\/rencontres-regionales\/"},{"@type":"ListItem","position":3,"name":"Dr\u00f4me Ard\u00e8che Vaucluse, samedi 9 septembre 2023 au col du Laux (FR-26-0883)"}]},{"@type":"WebSite","@id":"https:\/\/centcols.org\/#website","url":"https:\/\/centcols.org\/","name":"Club des Cent Cols","description":"","publisher":{"@id":"https:\/\/centcols.org\/#organization"},"potentialAction":[{"@type":"SearchAction","target":{"@type":"EntryPoint","urlTemplate":"https:\/\/centcols.org\/?s={search_term_string}"},"query-input":{"@type":"PropertyValueSpecification","valueRequired":true,"valueName":"search_term_string"}}],"inLanguage":"es"},{"@type":"Organization","@id":"https:\/\/centcols.org\/#organization","name":"Club des Cent Cols","url":"https:\/\/centcols.org\/","logo":{"@type":"ImageObject","inLanguage":"es","@id":"https:\/\/centcols.org\/#\/schema\/logo\/image\/","url":"https:\/\/centcols.org\/wp-content\/uploads\/2025\/01\/carte-icone.png","contentUrl":"https:\/\/centcols.org\/wp-content\/uploads\/2025\/01\/carte-icone.png","width":250,"height":250,"caption":"Club des Cent Cols"},"image":{"@id":"https:\/\/centcols.org\/#\/schema\/logo\/image\/"},"sameAs":["https:\/\/www.facebook.com\/groups\/5261880558\/?locale=fr_FR"]},{"@type":"Person","@id":"https:\/\/centcols.org\/#\/schema\/person\/86c3ec6889d88501a29fccac614bebf8","name":"Enrico Alberini","image":{"@type":"ImageObject","inLanguage":"es","@id":"https:\/\/centcols.org\/wp-content\/litespeed\/avatar\/1b26e36a18d85acc8b0f860f9628213f.jpg?ver=1777240766","url":"https:\/\/centcols.org\/wp-content\/litespeed\/avatar\/1b26e36a18d85acc8b0f860f9628213f.jpg?ver=1777240766","contentUrl":"https:\/\/centcols.org\/wp-content\/litespeed\/avatar\/1b26e36a18d85acc8b0f860f9628213f.jpg?ver=1777240766","caption":"Enrico Alberini"},"url":"https:\/\/centcols.org\/es\/author\/5065\/"}]}},"_links":{"self":[{"href":"https:\/\/centcols.org\/es\/wp-json\/wp\/v2\/posts\/82407","targetHints":{"allow":["GET"]}}],"collection":[{"href":"https:\/\/centcols.org\/es\/wp-json\/wp\/v2\/posts"}],"about":[{"href":"https:\/\/centcols.org\/es\/wp-json\/wp\/v2\/types\/post"}],"author":[{"embeddable":true,"href":"https:\/\/centcols.org\/es\/wp-json\/wp\/v2\/users\/58"}],"replies":[{"embeddable":true,"href":"https:\/\/centcols.org\/es\/wp-json\/wp\/v2\/comments?post=82407"}],"version-history":[{"count":0,"href":"https:\/\/centcols.org\/es\/wp-json\/wp\/v2\/posts\/82407\/revisions"}],"wp:featuredmedia":[{"embeddable":true,"href":"https:\/\/centcols.org\/es\/wp-json\/wp\/v2\/media\/83754"}],"wp:attachment":[{"href":"https:\/\/centcols.org\/es\/wp-json\/wp\/v2\/media?parent=82407"}],"wp:term":[{"taxonomy":"category","embeddable":true,"href":"https:\/\/centcols.org\/es\/wp-json\/wp\/v2\/categories?post=82407"},{"taxonomy":"post_tag","embeddable":true,"href":"https:\/\/centcols.org\/es\/wp-json\/wp\/v2\/tags?post=82407"}],"curies":[{"name":"wp","href":"https:\/\/api.w.org\/{rel}","templated":true}]}}