{"id":82409,"date":"2022-11-03T11:09:00","date_gmt":"2022-11-03T09:09:00","guid":{"rendered":"https:\/\/centcols.org\/pyrenees-col-de-larrieu-fr-31-0704-dimanche-1-octobre-2023\/"},"modified":"2025-09-09T13:31:39","modified_gmt":"2025-09-09T11:31:39","slug":"pirineos-col-de-larrieu-fr-31-0704-domingo-1-octubre-2023","status":"publish","type":"post","link":"https:\/\/centcols.org\/es\/pyrenees-col-de-larrieu-fr-31-0704-dimanche-1-octobre-2023\/","title":{"rendered":"Pirineos, Col de Larrieu (FR-31-0704), domingo 1 de octubre de 2023"},"content":{"rendered":"\n<p>Le 28 \u00e8me Rassemblement Commune Club des Cent cols-Ordre des Cols Durs se tiendra le dimanche 1 octobre 2023 au col de Larrieu (FR-31-0704)<\/p>\n\n\n\n<p><\/p>\n\n\n\n<h3 class=\"wp-block-heading\">Programme<\/h3>\n\n\n\n<p><a href=\"https:\/\/www.alaingillodes.fr\/concentration%20CCC-OCD\/Col%20Larrieu\/Larrieu-p.htm\">A voir ici sur le site d&rsquo;Alain Gillodes<\/a><\/p>\n\n\n\n<h3 class=\"wp-block-heading\">Contact<\/h3>\n\n\n\n<p>Alain Gillodes<br>05 61 56 74 35 &#8211; 06 78 67 83 62<br>[email]&#97;&#x6c;a&#105;&#x6e;&#46;&#103;&#x69;l&#108;&#x6f;d&#101;&#x73;&#64;&#x6f;&#x72;&#97;&#x6e;&#x67;&#101;&#x2e;f&#114;[\/email]<\/p>\n\n\n\n<p><a href=\"https:\/\/centcols.org\/wp-content\/uploads\/2025\/08\/Rencontre-regionale-CCC-OCD.pdf\">Compte rendu<\/a><\/p>\n","protected":false},"excerpt":{"rendered":"<p>Le 28 \u00e8me Rassemblement Commune Club des Cent cols-Ordre des Cols Durs se tiendra le dimanche 1 octobre 2023 au col de Larrieu (FR-31-0704) Programme A voir ici sur le site d&rsquo;Alain Gillodes Contact Alain Gillodes05 61 56 74 35 &#8211; 06 78 67 83 62[email]a&#108;&#x61;&#x69;&#x6e;&#46;&#103;&#x69;&#x6c;&#x6c;o&#100;&#x65;&#x73;&#x40;o&#114;&#x61;&#x6e;&#x67;e&#46;&#x66;&#x72;[\/email] Compte rendu<\/p>\n","protected":false},"author":58,"featured_media":84391,"comment_status":"open","ping_status":"open","sticky":false,"template":"","format":"standard","meta":{"_acf_changed":false,"footnotes":""},"categories":[293,135,216],"tags":[],"class_list":["post-82409","post","type-post","status-publish","format-standard","has-post-thumbnail","hentry","category-les-rassemblements-de-2023","category-calendrier","category-rencontres-regionales"],"acf":[],"yoast_head":"<!-- This site is optimized with the Yoast SEO plugin v27.2 - https:\/\/yoast.com\/product\/yoast-seo-wordpress\/ -->\n<title>Pyr\u00e9n\u00e9es, col de Larrieu (FR-31-0704), dimanche 1 octobre 2023 - Club des Cent Cols<\/title>\n<meta name=\"robots\" content=\"index, follow, max-snippet:-1, max-image-preview:large, max-video-preview:-1\" \/>\n<link rel=\"canonical\" href=\"https:\/\/centcols.org\/es\/pirineos-col-de-larrieu-fr-31-0704-domingo-1-octubre-2023\/\" \/>\n<meta property=\"og:locale\" content=\"es_ES\" \/>\n<meta property=\"og:type\" content=\"article\" \/>\n<meta property=\"og:title\" content=\"Pyr\u00e9n\u00e9es, col de Larrieu (FR-31-0704), dimanche 1 octobre 2023 - Club des Cent Cols\" \/>\n<meta property=\"og:description\" content=\"Le 28 \u00e8me Rassemblement Commune Club des Cent cols-Ordre des Cols Durs se tiendra le dimanche 1 octobre 2023 au col de Larrieu (FR-31-0704) Programme A voir ici sur le site d&rsquo;Alain Gillodes Contact Alain Gillodes05 61 56 74 35 &#8211; 06 78 67 83 62[email]&#097;l&#097;i&#110;&#046;&#x67;i&#x6c;l&#x6f;d&#x65;s&#x40;o&#x72;a&#x6e;g&#x65;&#046;&#x66;r[\/email] Compte rendu\" \/>\n<meta property=\"og:url\" content=\"https:\/\/centcols.org\/es\/pirineos-col-de-larrieu-fr-31-0704-domingo-1-octubre-2023\/\" \/>\n<meta property=\"og:site_name\" content=\"Club des Cent Cols\" \/>\n<meta property=\"article:publisher\" content=\"https:\/\/www.facebook.com\/groups\/5261880558\/?locale=fr_FR\" \/>\n<meta property=\"article:published_time\" content=\"2022-11-03T09:09:00+00:00\" \/>\n<meta property=\"article:modified_time\" content=\"2025-09-09T11:31:39+00:00\" \/>\n<meta property=\"og:image\" content=\"https:\/\/centcols.org\/wp-content\/uploads\/2022\/11\/46061.jpg\" \/>\n\t<meta property=\"og:image:width\" content=\"799\" \/>\n\t<meta property=\"og:image:height\" content=\"599\" \/>\n\t<meta property=\"og:image:type\" content=\"image\/jpeg\" \/>\n<meta name=\"author\" content=\"Enrico Alberini\" \/>\n<meta name=\"twitter:card\" content=\"summary_large_image\" \/>\n<meta name=\"twitter:label1\" content=\"Escrito por\" \/>\n\t<meta name=\"twitter:data1\" content=\"Enrico Alberini\" \/>\n\t<meta name=\"twitter:label2\" content=\"Tiempo de lectura\" \/>\n\t<meta name=\"twitter:data2\" content=\"1 minuto\" \/>\n<script type=\"application\/ld+json\" class=\"yoast-schema-graph\">{\"@context\":\"https:\/\/schema.org\",\"@graph\":[{\"@type\":\"Article\",\"@id\":\"https:\/\/centcols.org\/pyrenees-col-de-larrieu-fr-31-0704-dimanche-1-octobre-2023\/#article\",\"isPartOf\":{\"@id\":\"https:\/\/centcols.org\/pyrenees-col-de-larrieu-fr-31-0704-dimanche-1-octobre-2023\/\"},\"author\":{\"name\":\"Enrico Alberini\",\"@id\":\"https:\/\/centcols.org\/#\/schema\/person\/86c3ec6889d88501a29fccac614bebf8\"},\"headline\":\"Pyr\u00e9n\u00e9es, col de Larrieu (FR-31-0704), dimanche 1 octobre 2023\",\"datePublished\":\"2022-11-03T09:09:00+00:00\",\"dateModified\":\"2025-09-09T11:31:39+00:00\",\"mainEntityOfPage\":{\"@id\":\"https:\/\/centcols.org\/pyrenees-col-de-larrieu-fr-31-0704-dimanche-1-octobre-2023\/\"},\"wordCount\":54,\"commentCount\":0,\"publisher\":{\"@id\":\"https:\/\/centcols.org\/#organization\"},\"image\":{\"@id\":\"https:\/\/centcols.org\/pyrenees-col-de-larrieu-fr-31-0704-dimanche-1-octobre-2023\/#primaryimage\"},\"thumbnailUrl\":\"https:\/\/centcols.org\/wp-content\/uploads\/2022\/11\/46061.jpg\",\"articleSection\":[\"2023-rassemblements\",\"Calendrier\",\"Rencontres r\u00e9gionales\"],\"inLanguage\":\"es\",\"potentialAction\":[{\"@type\":\"CommentAction\",\"name\":\"Comment\",\"target\":[\"https:\/\/centcols.org\/pyrenees-col-de-larrieu-fr-31-0704-dimanche-1-octobre-2023\/#respond\"]}]},{\"@type\":\"WebPage\",\"@id\":\"https:\/\/centcols.org\/pyrenees-col-de-larrieu-fr-31-0704-dimanche-1-octobre-2023\/\",\"url\":\"https:\/\/centcols.org\/pyrenees-col-de-larrieu-fr-31-0704-dimanche-1-octobre-2023\/\",\"name\":\"Pyr\u00e9n\u00e9es, col de Larrieu (FR-31-0704), dimanche 1 octobre 2023 - Club des Cent Cols\",\"isPartOf\":{\"@id\":\"https:\/\/centcols.org\/#website\"},\"primaryImageOfPage\":{\"@id\":\"https:\/\/centcols.org\/pyrenees-col-de-larrieu-fr-31-0704-dimanche-1-octobre-2023\/#primaryimage\"},\"image\":{\"@id\":\"https:\/\/centcols.org\/pyrenees-col-de-larrieu-fr-31-0704-dimanche-1-octobre-2023\/#primaryimage\"},\"thumbnailUrl\":\"https:\/\/centcols.org\/wp-content\/uploads\/2022\/11\/46061.jpg\",\"datePublished\":\"2022-11-03T09:09:00+00:00\",\"dateModified\":\"2025-09-09T11:31:39+00:00\",\"breadcrumb\":{\"@id\":\"https:\/\/centcols.org\/pyrenees-col-de-larrieu-fr-31-0704-dimanche-1-octobre-2023\/#breadcrumb\"},\"inLanguage\":\"es\",\"potentialAction\":[{\"@type\":\"ReadAction\",\"target\":[\"https:\/\/centcols.org\/pyrenees-col-de-larrieu-fr-31-0704-dimanche-1-octobre-2023\/\"]}]},{\"@type\":\"ImageObject\",\"inLanguage\":\"es\",\"@id\":\"https:\/\/centcols.org\/pyrenees-col-de-larrieu-fr-31-0704-dimanche-1-octobre-2023\/#primaryimage\",\"url\":\"https:\/\/centcols.org\/wp-content\/uploads\/2022\/11\/46061.jpg\",\"contentUrl\":\"https:\/\/centcols.org\/wp-content\/uploads\/2022\/11\/46061.jpg\",\"width\":799,\"height\":599},{\"@type\":\"BreadcrumbList\",\"@id\":\"https:\/\/centcols.org\/pyrenees-col-de-larrieu-fr-31-0704-dimanche-1-octobre-2023\/#breadcrumb\",\"itemListElement\":[{\"@type\":\"ListItem\",\"position\":1,\"name\":\"Accueil\",\"item\":\"https:\/\/centcols.org\/\"},{\"@type\":\"ListItem\",\"position\":2,\"name\":\"Rencontres r\u00e9gionales\",\"item\":\"https:\/\/centcols.org\/rubrique\/rencontres-regionales\/\"},{\"@type\":\"ListItem\",\"position\":3,\"name\":\"Pyr\u00e9n\u00e9es, col de Larrieu (FR-31-0704), dimanche 1 octobre 2023\"}]},{\"@type\":\"WebSite\",\"@id\":\"https:\/\/centcols.org\/#website\",\"url\":\"https:\/\/centcols.org\/\",\"name\":\"Club des Cent Cols\",\"description\":\"\",\"publisher\":{\"@id\":\"https:\/\/centcols.org\/#organization\"},\"potentialAction\":[{\"@type\":\"SearchAction\",\"target\":{\"@type\":\"EntryPoint\",\"urlTemplate\":\"https:\/\/centcols.org\/?s={search_term_string}\"},\"query-input\":{\"@type\":\"PropertyValueSpecification\",\"valueRequired\":true,\"valueName\":\"search_term_string\"}}],\"inLanguage\":\"es\"},{\"@type\":\"Organization\",\"@id\":\"https:\/\/centcols.org\/#organization\",\"name\":\"Club des Cent Cols\",\"url\":\"https:\/\/centcols.org\/\",\"logo\":{\"@type\":\"ImageObject\",\"inLanguage\":\"es\",\"@id\":\"https:\/\/centcols.org\/#\/schema\/logo\/image\/\",\"url\":\"https:\/\/centcols.org\/wp-content\/uploads\/2025\/01\/carte-icone.png\",\"contentUrl\":\"https:\/\/centcols.org\/wp-content\/uploads\/2025\/01\/carte-icone.png\",\"width\":250,\"height\":250,\"caption\":\"Club des Cent Cols\"},\"image\":{\"@id\":\"https:\/\/centcols.org\/#\/schema\/logo\/image\/\"},\"sameAs\":[\"https:\/\/www.facebook.com\/groups\/5261880558\/?locale=fr_FR\"]},{\"@type\":\"Person\",\"@id\":\"https:\/\/centcols.org\/#\/schema\/person\/86c3ec6889d88501a29fccac614bebf8\",\"name\":\"Enrico Alberini\",\"image\":{\"@type\":\"ImageObject\",\"inLanguage\":\"es\",\"@id\":\"https:\/\/centcols.org\/wp-content\/litespeed\/avatar\/1b26e36a18d85acc8b0f860f9628213f.jpg?ver=1777240766\",\"url\":\"https:\/\/centcols.org\/wp-content\/litespeed\/avatar\/1b26e36a18d85acc8b0f860f9628213f.jpg?ver=1777240766\",\"contentUrl\":\"https:\/\/centcols.org\/wp-content\/litespeed\/avatar\/1b26e36a18d85acc8b0f860f9628213f.jpg?ver=1777240766\",\"caption\":\"Enrico Alberini\"},\"url\":\"https:\/\/centcols.org\/es\/author\/5065\/\"}]}<\/script>\n<!-- \/ Yoast SEO plugin. -->","yoast_head_json":{"title":"Pirineos, Col de Larrieu (FR-31-0704), Domingo 1 Octubre 2023 - Club des Cent Cols","robots":{"index":"index","follow":"follow","max-snippet":"max-snippet:-1","max-image-preview":"max-image-preview:large","max-video-preview":"max-video-preview:-1"},"canonical":"https:\/\/centcols.org\/es\/pirineos-col-de-larrieu-fr-31-0704-domingo-1-octubre-2023\/","og_locale":"es_ES","og_type":"article","og_title":"Pyr\u00e9n\u00e9es, col de Larrieu (FR-31-0704), dimanche 1 octobre 2023 - Club des Cent Cols","og_description":"Le 28 \u00e8me Rassemblement Commune Club des Cent cols-Ordre des Cols Durs se tiendra le dimanche 1 octobre 2023 au col de Larrieu (FR-31-0704) Programme A voir ici sur le site d&rsquo;Alain Gillodes Contact Alain Gillodes05 61 56 74 35 &#8211; 06 78 67 83 62[email]&#97;l&#97;i&#110;&#46;&#x67;i&#x6c;l&#x6f;d&#x65;s&#x40;o&#x72;a&#x6e;g&#x65;&#46;&#x66;r[\/email] Compte rendu","og_url":"https:\/\/centcols.org\/es\/pirineos-col-de-larrieu-fr-31-0704-domingo-1-octubre-2023\/","og_site_name":"Club des Cent Cols","article_publisher":"https:\/\/www.facebook.com\/groups\/5261880558\/?locale=fr_FR","article_published_time":"2022-11-03T09:09:00+00:00","article_modified_time":"2025-09-09T11:31:39+00:00","og_image":[{"width":799,"height":599,"url":"https:\/\/centcols.org\/wp-content\/uploads\/2022\/11\/46061.jpg","type":"image\/jpeg"}],"author":"Enrico Alberini","twitter_card":"summary_large_image","twitter_misc":{"Escrito por":"Enrico Alberini","Tiempo de lectura":"1 minuto"},"schema":{"@context":"https:\/\/schema.org","@graph":[{"@type":"Article","@id":"https:\/\/centcols.org\/pyrenees-col-de-larrieu-fr-31-0704-dimanche-1-octobre-2023\/#article","isPartOf":{"@id":"https:\/\/centcols.org\/pyrenees-col-de-larrieu-fr-31-0704-dimanche-1-octobre-2023\/"},"author":{"name":"Enrico Alberini","@id":"https:\/\/centcols.org\/#\/schema\/person\/86c3ec6889d88501a29fccac614bebf8"},"headline":"Pyr\u00e9n\u00e9es, col de Larrieu (FR-31-0704), dimanche 1 octobre 2023","datePublished":"2022-11-03T09:09:00+00:00","dateModified":"2025-09-09T11:31:39+00:00","mainEntityOfPage":{"@id":"https:\/\/centcols.org\/pyrenees-col-de-larrieu-fr-31-0704-dimanche-1-octobre-2023\/"},"wordCount":54,"commentCount":0,"publisher":{"@id":"https:\/\/centcols.org\/#organization"},"image":{"@id":"https:\/\/centcols.org\/pyrenees-col-de-larrieu-fr-31-0704-dimanche-1-octobre-2023\/#primaryimage"},"thumbnailUrl":"https:\/\/centcols.org\/wp-content\/uploads\/2022\/11\/46061.jpg","articleSection":["2023-rassemblements","Calendrier","Rencontres r\u00e9gionales"],"inLanguage":"es","potentialAction":[{"@type":"CommentAction","name":"Comment","target":["https:\/\/centcols.org\/pyrenees-col-de-larrieu-fr-31-0704-dimanche-1-octobre-2023\/#respond"]}]},{"@type":"WebPage","@id":"https:\/\/centcols.org\/pyrenees-col-de-larrieu-fr-31-0704-dimanche-1-octobre-2023\/","url":"https:\/\/centcols.org\/pyrenees-col-de-larrieu-fr-31-0704-dimanche-1-octobre-2023\/","name":"Pirineos, Col de Larrieu (FR-31-0704), Domingo 1 Octubre 2023 - Club des Cent Cols","isPartOf":{"@id":"https:\/\/centcols.org\/#website"},"primaryImageOfPage":{"@id":"https:\/\/centcols.org\/pyrenees-col-de-larrieu-fr-31-0704-dimanche-1-octobre-2023\/#primaryimage"},"image":{"@id":"https:\/\/centcols.org\/pyrenees-col-de-larrieu-fr-31-0704-dimanche-1-octobre-2023\/#primaryimage"},"thumbnailUrl":"https:\/\/centcols.org\/wp-content\/uploads\/2022\/11\/46061.jpg","datePublished":"2022-11-03T09:09:00+00:00","dateModified":"2025-09-09T11:31:39+00:00","breadcrumb":{"@id":"https:\/\/centcols.org\/pyrenees-col-de-larrieu-fr-31-0704-dimanche-1-octobre-2023\/#breadcrumb"},"inLanguage":"es","potentialAction":[{"@type":"ReadAction","target":["https:\/\/centcols.org\/pyrenees-col-de-larrieu-fr-31-0704-dimanche-1-octobre-2023\/"]}]},{"@type":"ImageObject","inLanguage":"es","@id":"https:\/\/centcols.org\/pyrenees-col-de-larrieu-fr-31-0704-dimanche-1-octobre-2023\/#primaryimage","url":"https:\/\/centcols.org\/wp-content\/uploads\/2022\/11\/46061.jpg","contentUrl":"https:\/\/centcols.org\/wp-content\/uploads\/2022\/11\/46061.jpg","width":799,"height":599},{"@type":"BreadcrumbList","@id":"https:\/\/centcols.org\/pyrenees-col-de-larrieu-fr-31-0704-dimanche-1-octobre-2023\/#breadcrumb","itemListElement":[{"@type":"ListItem","position":1,"name":"Accueil","item":"https:\/\/centcols.org\/"},{"@type":"ListItem","position":2,"name":"Rencontres r\u00e9gionales","item":"https:\/\/centcols.org\/rubrique\/rencontres-regionales\/"},{"@type":"ListItem","position":3,"name":"Pyr\u00e9n\u00e9es, col de Larrieu (FR-31-0704), dimanche 1 octobre 2023"}]},{"@type":"WebSite","@id":"https:\/\/centcols.org\/#website","url":"https:\/\/centcols.org\/","name":"Club des Cent Cols","description":"","publisher":{"@id":"https:\/\/centcols.org\/#organization"},"potentialAction":[{"@type":"SearchAction","target":{"@type":"EntryPoint","urlTemplate":"https:\/\/centcols.org\/?s={search_term_string}"},"query-input":{"@type":"PropertyValueSpecification","valueRequired":true,"valueName":"search_term_string"}}],"inLanguage":"es"},{"@type":"Organization","@id":"https:\/\/centcols.org\/#organization","name":"Club des Cent Cols","url":"https:\/\/centcols.org\/","logo":{"@type":"ImageObject","inLanguage":"es","@id":"https:\/\/centcols.org\/#\/schema\/logo\/image\/","url":"https:\/\/centcols.org\/wp-content\/uploads\/2025\/01\/carte-icone.png","contentUrl":"https:\/\/centcols.org\/wp-content\/uploads\/2025\/01\/carte-icone.png","width":250,"height":250,"caption":"Club des Cent Cols"},"image":{"@id":"https:\/\/centcols.org\/#\/schema\/logo\/image\/"},"sameAs":["https:\/\/www.facebook.com\/groups\/5261880558\/?locale=fr_FR"]},{"@type":"Person","@id":"https:\/\/centcols.org\/#\/schema\/person\/86c3ec6889d88501a29fccac614bebf8","name":"Enrico Alberini","image":{"@type":"ImageObject","inLanguage":"es","@id":"https:\/\/centcols.org\/wp-content\/litespeed\/avatar\/1b26e36a18d85acc8b0f860f9628213f.jpg?ver=1777240766","url":"https:\/\/centcols.org\/wp-content\/litespeed\/avatar\/1b26e36a18d85acc8b0f860f9628213f.jpg?ver=1777240766","contentUrl":"https:\/\/centcols.org\/wp-content\/litespeed\/avatar\/1b26e36a18d85acc8b0f860f9628213f.jpg?ver=1777240766","caption":"Enrico Alberini"},"url":"https:\/\/centcols.org\/es\/author\/5065\/"}]}},"_links":{"self":[{"href":"https:\/\/centcols.org\/es\/wp-json\/wp\/v2\/posts\/82409","targetHints":{"allow":["GET"]}}],"collection":[{"href":"https:\/\/centcols.org\/es\/wp-json\/wp\/v2\/posts"}],"about":[{"href":"https:\/\/centcols.org\/es\/wp-json\/wp\/v2\/types\/post"}],"author":[{"embeddable":true,"href":"https:\/\/centcols.org\/es\/wp-json\/wp\/v2\/users\/58"}],"replies":[{"embeddable":true,"href":"https:\/\/centcols.org\/es\/wp-json\/wp\/v2\/comments?post=82409"}],"version-history":[{"count":0,"href":"https:\/\/centcols.org\/es\/wp-json\/wp\/v2\/posts\/82409\/revisions"}],"wp:featuredmedia":[{"embeddable":true,"href":"https:\/\/centcols.org\/es\/wp-json\/wp\/v2\/media\/84391"}],"wp:attachment":[{"href":"https:\/\/centcols.org\/es\/wp-json\/wp\/v2\/media?parent=82409"}],"wp:term":[{"taxonomy":"category","embeddable":true,"href":"https:\/\/centcols.org\/es\/wp-json\/wp\/v2\/categories?post=82409"},{"taxonomy":"post_tag","embeddable":true,"href":"https:\/\/centcols.org\/es\/wp-json\/wp\/v2\/tags?post=82409"}],"curies":[{"name":"wp","href":"https:\/\/api.w.org\/{rel}","templated":true}]}}