{"id":82412,"date":"2023-01-29T16:34:39","date_gmt":"2023-01-29T14:34:39","guid":{"rendered":"https:\/\/centcols.org\/suisse-fondue-vendredi-24-mars-2023\/"},"modified":"2025-09-09T13:31:37","modified_gmt":"2025-09-09T11:31:37","slug":"fondue-suiza-viernes-24-de-marzo-de-2023","status":"publish","type":"post","link":"https:\/\/centcols.org\/es\/suisse-fondue-vendredi-24-mars-2023\/","title":{"rendered":"Suiza, Fondue, viernes 24 de marzo de 2023"},"content":{"rendered":"\n<p class=\"has-medium-font-size\">Fondue au caf\u00e9 des 3 sifflets \u00e0 Vevey. Rendez-vous \u00e0 19 heures<\/p>\n\n\n\n<p class=\"has-medium-font-size\">Traditionnelle fondue de d\u00e9but de saison organis\u00e9e par Jacques Bezzola<\/p>\n\n\n\n<p class=\"has-medium-font-size\">R\u00e9servation : Jacques Bezzola<\/p>\n\n\n\n<h3 class=\"wp-block-heading\">Contact<\/h3>\n\n\n\n<p class=\"has-medium-font-size\">Jacques Bezzola<br>[email]&#x62;&#x6f;&#x75;&#x73;&#x73;&#x6f;&#x6c;&#x65;&#x40;&#x62;&#x6c;&#x75;&#x65;&#x77;&#x69;&#x6e;&#x2e;&#x63;&#x68;[\/email]<br>T\u00e9l : +41 26 411 36 30<br>Natel : +41 79 598 92 20&nbsp;<\/p>\n\n\n\n<h2 class=\"wp-block-heading\">petit r\u00e9sum\u00e9 <\/h2>\n\n\n\n<p class=\"has-medium-font-size\">C&rsquo;est Pierre Mai qui fait un petit r\u00e9sum\u00e9 de la r\u00e9union fondue organis\u00e9e ce vendredi 24 mars par Jacques Bezzola.<\/p>\n\n\n\n<p class=\"has-medium-font-size\">Nous sommes actuellement 86 membres suisses \u00e0 jour de cotisation. <br>4 membres n&rsquo;ont pas cotis\u00e9 malgr\u00e9 plusieurs relances, dont 2 membres qui sont depuis plus de dix ans au club, et 2 membres entr\u00e9s l\u2019ann\u00e9e derni\u00e8re.<\/p>\n\n\n\n<p class=\"has-medium-font-size\">Prochainement le catalogue CH va pouvoir&nbsp; \u00eatre mis \u00e0 jour comme \u00e0 chaque fois que je re\u00e7ois des informations&nbsp;de modifications d\u2019acc\u00e8s sur un col. L\u2019insertion des nouveaux cols est faite par Daniel, un de nos informaticiens, au rythme de 2 \u00e0 3 fois par ann\u00e9e suivant le nombre de cols valid\u00e9s par le GT.<\/p>\n\n\n\n<p class=\"has-medium-font-size\">Je vous rappelle que pour valider vos cols il faut le faire dans&nbsp;<strong>d\u00e9claration officielle<\/strong>&nbsp;mais pas dans enregistrement autres cols, ce qui met \u00e0 jour instantan\u00e9ment vos brevets routiers si vous vous \u00eates inscrits, mais \u00e9galement ccWay.<\/p>\n\n\n\n<p class=\"has-medium-font-size\"><strong>Sorties 2023<\/strong>&nbsp;: <\/p>\n\n\n\n<ul>\n<li><span style=\"font-size: 20px;\">le <span style=\"text-decoration: underline;\">16 avril \u00e0 Puidoux<\/span>&nbsp; (<strong>VTT<\/strong>), organisation Alain Besson,<\/span><\/li>\n<li><span style=\"font-size: 20px;\">le <span style=\"text-decoration: underline;\">03 juin \u00e0 Ballens<\/span> (<strong>VTT<\/strong>) organisation Pierre Mai,<\/span><\/li>\n<li><span style=\"font-size: 20px;\">et le <span style=\"text-decoration: underline;\">15 juillet \u00e0 Montbenoit<\/span> (<strong>v\u00e9lo de route<\/strong>), organisation Christian Binggeli.<\/span><\/li>\n<\/ul>\n\n\n\n<p class=\"has-medium-font-size\">Pour 2024, je cherche un ou deux volontaires pour organiser une sortie, vtt ou route.<\/p>\n\n\n\n<p class=\"has-medium-font-size\">Photos et une vid\u00e9o de Michel Boni et Pierre Mai.&nbsp;&nbsp;<a href=\"https:\/\/photos.app.goo.gl\/5CYAgPu5hKSX31pn8\" target=\"_blank\" rel=\"noreferrer noopener\">https:\/\/photos.app.goo.gl\/5CYAgPu5hKSX31pn8<\/a><\/p>\n\n\n\n<p class=\"has-medium-font-size\"><strong>19 Membres pr\u00e9sents \u00e0 la fondue&nbsp;:<\/strong><\/p>\n\n\n\n<div class=\"wp-block-columns is-layout-flex wp-container-core-columns-is-layout-9d6595d7 wp-block-columns-is-layout-flex\">\n<div class=\"wp-block-column is-layout-flow wp-block-column-is-layout-flow\">\n<p class=\"has-medium-font-size\">Diener Martin et Pascale&nbsp;&nbsp;&nbsp;&nbsp;&nbsp;&nbsp;&nbsp;&nbsp;&nbsp;&nbsp;&nbsp;&nbsp;<\/p>\n\n\n\n<p class=\"has-medium-font-size\">Bittel Jean-Marc<\/p>\n\n\n\n<p class=\"has-medium-font-size\">Bovet Jean-Claude<\/p>\n\n\n\n<p class=\"has-medium-font-size\">Gottofrey Bernard<\/p>\n\n\n\n<p class=\"has-medium-font-size\">Mai Pierre et Catherine<\/p>\n\n\n\n<p class=\"has-medium-font-size\">Bolomey G\u00e9rald<\/p>\n\n\n\n<p class=\"has-medium-font-size\">Besson Alain et Ursula<\/p>\n<\/div>\n\n\n\n<div class=\"wp-block-column is-layout-flow wp-block-column-is-layout-flow\">\n<p class=\"has-medium-font-size\">Paquin C\u00e9line<\/p>\n\n\n\n<p class=\"has-medium-font-size\">Biderbost Jean-Daniel<\/p>\n\n\n\n<p class=\"has-medium-font-size\">Besson Bernard<\/p>\n\n\n\n<p class=\"has-medium-font-size\">Bertholet Jean-Pierre<\/p>\n\n\n\n<p class=\"has-medium-font-size\">Logean Claude<\/p>\n\n\n\n<p class=\"has-medium-font-size\">Boni Michel<\/p>\n\n\n\n<p class=\"has-medium-font-size\">Morard Christine et Jean-Yves<\/p>\n\n\n\n<p class=\"has-medium-font-size\">Bezzola Jacques<\/p>\n<\/div>\n<\/div>\n","protected":false},"excerpt":{"rendered":"<p>Fondue au caf\u00e9 des 3 sifflets \u00e0 Vevey. Rendez-vous \u00e0 19 heures Traditionnelle fondue de d\u00e9but de saison organis\u00e9e par Jacques Bezzola R\u00e9servation : Jacques Bezzola Contact Jacques Bezzola[email]&#98;&#111;&#x75;s&#115;&#x6f;&#x6c;e&#64;&#x62;&#x6c;u&#101;&#x77;&#x69;n&#46;&#x63;&#x68;[\/email]T\u00e9l : +41 26 411 36 30Natel : +41 79 598 92 20&nbsp; petit r\u00e9sum\u00e9 C&rsquo;est Pierre Mai qui fait un petit r\u00e9sum\u00e9 de la r\u00e9union fondue [&hellip;]<\/p>\n","protected":false},"author":58,"featured_media":83745,"comment_status":"open","ping_status":"open","sticky":false,"template":"","format":"standard","meta":{"_acf_changed":false,"footnotes":""},"categories":[293,135,216],"tags":[],"class_list":["post-82412","post","type-post","status-publish","format-standard","has-post-thumbnail","hentry","category-les-rassemblements-de-2023","category-calendrier","category-rencontres-regionales"],"acf":[],"yoast_head":"<!-- This site is optimized with the Yoast SEO plugin v27.2 - https:\/\/yoast.com\/product\/yoast-seo-wordpress\/ -->\n<title>Suisse, Fondue, vendredi 24 mars 2023 - Club des Cent Cols<\/title>\n<meta name=\"robots\" content=\"index, follow, max-snippet:-1, max-image-preview:large, max-video-preview:-1\" \/>\n<link rel=\"canonical\" href=\"https:\/\/centcols.org\/es\/fondue-suiza-viernes-24-de-marzo-de-2023\/\" \/>\n<meta property=\"og:locale\" content=\"es_ES\" \/>\n<meta property=\"og:type\" content=\"article\" \/>\n<meta property=\"og:title\" content=\"Suisse, Fondue, vendredi 24 mars 2023 - Club des Cent Cols\" \/>\n<meta property=\"og:description\" content=\"Fondue au caf\u00e9 des 3 sifflets \u00e0 Vevey. Rendez-vous \u00e0 19 heures Traditionnelle fondue de d\u00e9but de saison organis\u00e9e par Jacques Bezzola R\u00e9servation : Jacques Bezzola Contact Jacques Bezzola[email]bo&#117;&#115;&#115;&#111;&#x6c;&#x65;&#x40;&#x62;&#x6c;ue&#119;&#105;&#110;&#046;&#x63;&#x68;[\/email]T\u00e9l : +41 26 411 36 30Natel : +41 79 598 92 20&nbsp; petit r\u00e9sum\u00e9 C&rsquo;est Pierre Mai qui fait un petit r\u00e9sum\u00e9 de la r\u00e9union fondue [&hellip;]\" \/>\n<meta property=\"og:url\" content=\"https:\/\/centcols.org\/es\/fondue-suiza-viernes-24-de-marzo-de-2023\/\" \/>\n<meta property=\"og:site_name\" content=\"Club des Cent Cols\" \/>\n<meta property=\"article:publisher\" content=\"https:\/\/www.facebook.com\/groups\/5261880558\/?locale=fr_FR\" \/>\n<meta property=\"article:published_time\" content=\"2023-01-29T14:34:39+00:00\" \/>\n<meta property=\"article:modified_time\" content=\"2025-09-09T11:31:37+00:00\" \/>\n<meta property=\"og:image\" content=\"https:\/\/centcols.org\/wp-content\/uploads\/2025\/01\/fondue.jpg\" \/>\n\t<meta property=\"og:image:width\" content=\"800\" \/>\n\t<meta property=\"og:image:height\" content=\"533\" \/>\n\t<meta property=\"og:image:type\" content=\"image\/jpeg\" \/>\n<meta name=\"author\" content=\"Enrico Alberini\" \/>\n<meta name=\"twitter:card\" content=\"summary_large_image\" \/>\n<meta name=\"twitter:label1\" content=\"Escrito por\" \/>\n\t<meta name=\"twitter:data1\" content=\"Enrico Alberini\" \/>\n\t<meta name=\"twitter:label2\" content=\"Tiempo de lectura\" \/>\n\t<meta name=\"twitter:data2\" content=\"2 minutos\" \/>\n<script type=\"application\/ld+json\" class=\"yoast-schema-graph\">{\"@context\":\"https:\/\/schema.org\",\"@graph\":[{\"@type\":\"Article\",\"@id\":\"https:\/\/centcols.org\/suisse-fondue-vendredi-24-mars-2023\/#article\",\"isPartOf\":{\"@id\":\"https:\/\/centcols.org\/suisse-fondue-vendredi-24-mars-2023\/\"},\"author\":{\"name\":\"Enrico Alberini\",\"@id\":\"https:\/\/centcols.org\/#\/schema\/person\/86c3ec6889d88501a29fccac614bebf8\"},\"headline\":\"Suisse, Fondue, vendredi 24 mars 2023\",\"datePublished\":\"2023-01-29T14:34:39+00:00\",\"dateModified\":\"2025-09-09T11:31:37+00:00\",\"mainEntityOfPage\":{\"@id\":\"https:\/\/centcols.org\/suisse-fondue-vendredi-24-mars-2023\/\"},\"wordCount\":322,\"commentCount\":0,\"publisher\":{\"@id\":\"https:\/\/centcols.org\/#organization\"},\"image\":{\"@id\":\"https:\/\/centcols.org\/suisse-fondue-vendredi-24-mars-2023\/#primaryimage\"},\"thumbnailUrl\":\"https:\/\/centcols.org\/wp-content\/uploads\/2025\/01\/fondue.jpg\",\"articleSection\":[\"2023-rassemblements\",\"Calendrier\",\"Rencontres r\u00e9gionales\"],\"inLanguage\":\"es\",\"potentialAction\":[{\"@type\":\"CommentAction\",\"name\":\"Comment\",\"target\":[\"https:\/\/centcols.org\/suisse-fondue-vendredi-24-mars-2023\/#respond\"]}]},{\"@type\":\"WebPage\",\"@id\":\"https:\/\/centcols.org\/suisse-fondue-vendredi-24-mars-2023\/\",\"url\":\"https:\/\/centcols.org\/suisse-fondue-vendredi-24-mars-2023\/\",\"name\":\"Suisse, Fondue, vendredi 24 mars 2023 - Club des Cent Cols\",\"isPartOf\":{\"@id\":\"https:\/\/centcols.org\/#website\"},\"primaryImageOfPage\":{\"@id\":\"https:\/\/centcols.org\/suisse-fondue-vendredi-24-mars-2023\/#primaryimage\"},\"image\":{\"@id\":\"https:\/\/centcols.org\/suisse-fondue-vendredi-24-mars-2023\/#primaryimage\"},\"thumbnailUrl\":\"https:\/\/centcols.org\/wp-content\/uploads\/2025\/01\/fondue.jpg\",\"datePublished\":\"2023-01-29T14:34:39+00:00\",\"dateModified\":\"2025-09-09T11:31:37+00:00\",\"breadcrumb\":{\"@id\":\"https:\/\/centcols.org\/suisse-fondue-vendredi-24-mars-2023\/#breadcrumb\"},\"inLanguage\":\"es\",\"potentialAction\":[{\"@type\":\"ReadAction\",\"target\":[\"https:\/\/centcols.org\/suisse-fondue-vendredi-24-mars-2023\/\"]}]},{\"@type\":\"ImageObject\",\"inLanguage\":\"es\",\"@id\":\"https:\/\/centcols.org\/suisse-fondue-vendredi-24-mars-2023\/#primaryimage\",\"url\":\"https:\/\/centcols.org\/wp-content\/uploads\/2025\/01\/fondue.jpg\",\"contentUrl\":\"https:\/\/centcols.org\/wp-content\/uploads\/2025\/01\/fondue.jpg\",\"width\":800,\"height\":533},{\"@type\":\"BreadcrumbList\",\"@id\":\"https:\/\/centcols.org\/suisse-fondue-vendredi-24-mars-2023\/#breadcrumb\",\"itemListElement\":[{\"@type\":\"ListItem\",\"position\":1,\"name\":\"Accueil\",\"item\":\"https:\/\/centcols.org\/\"},{\"@type\":\"ListItem\",\"position\":2,\"name\":\"Rencontres r\u00e9gionales\",\"item\":\"https:\/\/centcols.org\/rubrique\/rencontres-regionales\/\"},{\"@type\":\"ListItem\",\"position\":3,\"name\":\"Suisse, Fondue, vendredi 24 mars 2023\"}]},{\"@type\":\"WebSite\",\"@id\":\"https:\/\/centcols.org\/#website\",\"url\":\"https:\/\/centcols.org\/\",\"name\":\"Club des Cent Cols\",\"description\":\"\",\"publisher\":{\"@id\":\"https:\/\/centcols.org\/#organization\"},\"potentialAction\":[{\"@type\":\"SearchAction\",\"target\":{\"@type\":\"EntryPoint\",\"urlTemplate\":\"https:\/\/centcols.org\/?s={search_term_string}\"},\"query-input\":{\"@type\":\"PropertyValueSpecification\",\"valueRequired\":true,\"valueName\":\"search_term_string\"}}],\"inLanguage\":\"es\"},{\"@type\":\"Organization\",\"@id\":\"https:\/\/centcols.org\/#organization\",\"name\":\"Club des Cent Cols\",\"url\":\"https:\/\/centcols.org\/\",\"logo\":{\"@type\":\"ImageObject\",\"inLanguage\":\"es\",\"@id\":\"https:\/\/centcols.org\/#\/schema\/logo\/image\/\",\"url\":\"https:\/\/centcols.org\/wp-content\/uploads\/2025\/01\/carte-icone.png\",\"contentUrl\":\"https:\/\/centcols.org\/wp-content\/uploads\/2025\/01\/carte-icone.png\",\"width\":250,\"height\":250,\"caption\":\"Club des Cent Cols\"},\"image\":{\"@id\":\"https:\/\/centcols.org\/#\/schema\/logo\/image\/\"},\"sameAs\":[\"https:\/\/www.facebook.com\/groups\/5261880558\/?locale=fr_FR\"]},{\"@type\":\"Person\",\"@id\":\"https:\/\/centcols.org\/#\/schema\/person\/86c3ec6889d88501a29fccac614bebf8\",\"name\":\"Enrico Alberini\",\"image\":{\"@type\":\"ImageObject\",\"inLanguage\":\"es\",\"@id\":\"https:\/\/centcols.org\/wp-content\/litespeed\/avatar\/1b26e36a18d85acc8b0f860f9628213f.jpg?ver=1777240766\",\"url\":\"https:\/\/centcols.org\/wp-content\/litespeed\/avatar\/1b26e36a18d85acc8b0f860f9628213f.jpg?ver=1777240766\",\"contentUrl\":\"https:\/\/centcols.org\/wp-content\/litespeed\/avatar\/1b26e36a18d85acc8b0f860f9628213f.jpg?ver=1777240766\",\"caption\":\"Enrico Alberini\"},\"url\":\"https:\/\/centcols.org\/es\/author\/5065\/\"}]}<\/script>\n<!-- \/ Yoast SEO plugin. -->","yoast_head_json":{"title":"Suiza, Fondue, viernes 24 de marzo de 2023 - Club des Cent Cols","robots":{"index":"index","follow":"follow","max-snippet":"max-snippet:-1","max-image-preview":"max-image-preview:large","max-video-preview":"max-video-preview:-1"},"canonical":"https:\/\/centcols.org\/es\/fondue-suiza-viernes-24-de-marzo-de-2023\/","og_locale":"es_ES","og_type":"article","og_title":"Suisse, Fondue, vendredi 24 mars 2023 - Club des Cent Cols","og_description":"Fondue au caf\u00e9 des 3 sifflets \u00e0 Vevey. Rendez-vous \u00e0 19 heures Traditionnelle fondue de d\u00e9but de saison organis\u00e9e par Jacques Bezzola R\u00e9servation : Jacques Bezzola Contact Jacques Bezzola[email]bo&#117;&#115;&#115;&#111;&#x6c;&#x65;&#x40;&#x62;&#x6c;ue&#119;&#105;&#110;&#46;&#x63;&#x68;[\/email]T\u00e9l : +41 26 411 36 30Natel : +41 79 598 92 20&nbsp; petit r\u00e9sum\u00e9 C&rsquo;est Pierre Mai qui fait un petit r\u00e9sum\u00e9 de la r\u00e9union fondue [&hellip;]","og_url":"https:\/\/centcols.org\/es\/fondue-suiza-viernes-24-de-marzo-de-2023\/","og_site_name":"Club des Cent Cols","article_publisher":"https:\/\/www.facebook.com\/groups\/5261880558\/?locale=fr_FR","article_published_time":"2023-01-29T14:34:39+00:00","article_modified_time":"2025-09-09T11:31:37+00:00","og_image":[{"width":800,"height":533,"url":"https:\/\/centcols.org\/wp-content\/uploads\/2025\/01\/fondue.jpg","type":"image\/jpeg"}],"author":"Enrico Alberini","twitter_card":"summary_large_image","twitter_misc":{"Escrito por":"Enrico Alberini","Tiempo de lectura":"2 minutos"},"schema":{"@context":"https:\/\/schema.org","@graph":[{"@type":"Article","@id":"https:\/\/centcols.org\/suisse-fondue-vendredi-24-mars-2023\/#article","isPartOf":{"@id":"https:\/\/centcols.org\/suisse-fondue-vendredi-24-mars-2023\/"},"author":{"name":"Enrico Alberini","@id":"https:\/\/centcols.org\/#\/schema\/person\/86c3ec6889d88501a29fccac614bebf8"},"headline":"Suisse, Fondue, vendredi 24 mars 2023","datePublished":"2023-01-29T14:34:39+00:00","dateModified":"2025-09-09T11:31:37+00:00","mainEntityOfPage":{"@id":"https:\/\/centcols.org\/suisse-fondue-vendredi-24-mars-2023\/"},"wordCount":322,"commentCount":0,"publisher":{"@id":"https:\/\/centcols.org\/#organization"},"image":{"@id":"https:\/\/centcols.org\/suisse-fondue-vendredi-24-mars-2023\/#primaryimage"},"thumbnailUrl":"https:\/\/centcols.org\/wp-content\/uploads\/2025\/01\/fondue.jpg","articleSection":["2023-rassemblements","Calendrier","Rencontres r\u00e9gionales"],"inLanguage":"es","potentialAction":[{"@type":"CommentAction","name":"Comment","target":["https:\/\/centcols.org\/suisse-fondue-vendredi-24-mars-2023\/#respond"]}]},{"@type":"WebPage","@id":"https:\/\/centcols.org\/suisse-fondue-vendredi-24-mars-2023\/","url":"https:\/\/centcols.org\/suisse-fondue-vendredi-24-mars-2023\/","name":"Suiza, Fondue, viernes 24 de marzo de 2023 - Club des Cent Cols","isPartOf":{"@id":"https:\/\/centcols.org\/#website"},"primaryImageOfPage":{"@id":"https:\/\/centcols.org\/suisse-fondue-vendredi-24-mars-2023\/#primaryimage"},"image":{"@id":"https:\/\/centcols.org\/suisse-fondue-vendredi-24-mars-2023\/#primaryimage"},"thumbnailUrl":"https:\/\/centcols.org\/wp-content\/uploads\/2025\/01\/fondue.jpg","datePublished":"2023-01-29T14:34:39+00:00","dateModified":"2025-09-09T11:31:37+00:00","breadcrumb":{"@id":"https:\/\/centcols.org\/suisse-fondue-vendredi-24-mars-2023\/#breadcrumb"},"inLanguage":"es","potentialAction":[{"@type":"ReadAction","target":["https:\/\/centcols.org\/suisse-fondue-vendredi-24-mars-2023\/"]}]},{"@type":"ImageObject","inLanguage":"es","@id":"https:\/\/centcols.org\/suisse-fondue-vendredi-24-mars-2023\/#primaryimage","url":"https:\/\/centcols.org\/wp-content\/uploads\/2025\/01\/fondue.jpg","contentUrl":"https:\/\/centcols.org\/wp-content\/uploads\/2025\/01\/fondue.jpg","width":800,"height":533},{"@type":"BreadcrumbList","@id":"https:\/\/centcols.org\/suisse-fondue-vendredi-24-mars-2023\/#breadcrumb","itemListElement":[{"@type":"ListItem","position":1,"name":"Accueil","item":"https:\/\/centcols.org\/"},{"@type":"ListItem","position":2,"name":"Rencontres r\u00e9gionales","item":"https:\/\/centcols.org\/rubrique\/rencontres-regionales\/"},{"@type":"ListItem","position":3,"name":"Suisse, Fondue, vendredi 24 mars 2023"}]},{"@type":"WebSite","@id":"https:\/\/centcols.org\/#website","url":"https:\/\/centcols.org\/","name":"Club des Cent Cols","description":"","publisher":{"@id":"https:\/\/centcols.org\/#organization"},"potentialAction":[{"@type":"SearchAction","target":{"@type":"EntryPoint","urlTemplate":"https:\/\/centcols.org\/?s={search_term_string}"},"query-input":{"@type":"PropertyValueSpecification","valueRequired":true,"valueName":"search_term_string"}}],"inLanguage":"es"},{"@type":"Organization","@id":"https:\/\/centcols.org\/#organization","name":"Club des Cent Cols","url":"https:\/\/centcols.org\/","logo":{"@type":"ImageObject","inLanguage":"es","@id":"https:\/\/centcols.org\/#\/schema\/logo\/image\/","url":"https:\/\/centcols.org\/wp-content\/uploads\/2025\/01\/carte-icone.png","contentUrl":"https:\/\/centcols.org\/wp-content\/uploads\/2025\/01\/carte-icone.png","width":250,"height":250,"caption":"Club des Cent Cols"},"image":{"@id":"https:\/\/centcols.org\/#\/schema\/logo\/image\/"},"sameAs":["https:\/\/www.facebook.com\/groups\/5261880558\/?locale=fr_FR"]},{"@type":"Person","@id":"https:\/\/centcols.org\/#\/schema\/person\/86c3ec6889d88501a29fccac614bebf8","name":"Enrico Alberini","image":{"@type":"ImageObject","inLanguage":"es","@id":"https:\/\/centcols.org\/wp-content\/litespeed\/avatar\/1b26e36a18d85acc8b0f860f9628213f.jpg?ver=1777240766","url":"https:\/\/centcols.org\/wp-content\/litespeed\/avatar\/1b26e36a18d85acc8b0f860f9628213f.jpg?ver=1777240766","contentUrl":"https:\/\/centcols.org\/wp-content\/litespeed\/avatar\/1b26e36a18d85acc8b0f860f9628213f.jpg?ver=1777240766","caption":"Enrico Alberini"},"url":"https:\/\/centcols.org\/es\/author\/5065\/"}]}},"_links":{"self":[{"href":"https:\/\/centcols.org\/es\/wp-json\/wp\/v2\/posts\/82412","targetHints":{"allow":["GET"]}}],"collection":[{"href":"https:\/\/centcols.org\/es\/wp-json\/wp\/v2\/posts"}],"about":[{"href":"https:\/\/centcols.org\/es\/wp-json\/wp\/v2\/types\/post"}],"author":[{"embeddable":true,"href":"https:\/\/centcols.org\/es\/wp-json\/wp\/v2\/users\/58"}],"replies":[{"embeddable":true,"href":"https:\/\/centcols.org\/es\/wp-json\/wp\/v2\/comments?post=82412"}],"version-history":[{"count":0,"href":"https:\/\/centcols.org\/es\/wp-json\/wp\/v2\/posts\/82412\/revisions"}],"wp:featuredmedia":[{"embeddable":true,"href":"https:\/\/centcols.org\/es\/wp-json\/wp\/v2\/media\/83745"}],"wp:attachment":[{"href":"https:\/\/centcols.org\/es\/wp-json\/wp\/v2\/media?parent=82412"}],"wp:term":[{"taxonomy":"category","embeddable":true,"href":"https:\/\/centcols.org\/es\/wp-json\/wp\/v2\/categories?post=82412"},{"taxonomy":"post_tag","embeddable":true,"href":"https:\/\/centcols.org\/es\/wp-json\/wp\/v2\/tags?post=82412"}],"curies":[{"name":"wp","href":"https:\/\/api.w.org\/{rel}","templated":true}]}}