{"id":82415,"date":"2023-02-13T19:24:59","date_gmt":"2023-02-13T17:24:59","guid":{"rendered":"https:\/\/centcols.org\/toponymie-des-cols-mondiaux\/"},"modified":"2026-01-08T16:56:23","modified_gmt":"2026-01-08T14:56:23","slug":"toponimia-de-los-puertos-de-montana-del-mundo","status":"publish","type":"post","link":"https:\/\/centcols.org\/es\/toponymie-des-cols-mondiaux\/","title":{"rendered":"Toponimia de los pasos del mundo"},"content":{"rendered":"<p>Es bien sabido que los franceses y sus vecinos latinos (italianos, espa\u00f1oles y catalanes) no s\u00f3lo tienen un terreno ideal para el cicloturismo, sino que adem\u00e1s les encanta dar nombre a toda una serie de puertos: de carretera y de mulas. \u00bfOcurre lo mismo en el resto del mundo?<\/p>\n\n\n\n<p>Una r\u00e1pida ojeada al mapa de distribuci\u00f3n geogr\u00e1fica de los puertos de nuestros cat\u00e1logos confirma que las cadenas monta\u00f1osas de todo el mundo est\u00e1n bien surtidas de puertos que cumplen los requisitos de nuestros cat\u00e1logos. <a href=\"https:\/\/centcols.org\/es\/reglas\/\" target=\"_blank\" rel=\"noreferrer noopener\">Reglas del juego<\/a> (RDJ).<\/p>\n\n\n\n<figure class=\"wp-block-image size-full is-resized\"><img loading=\"lazy\" decoding=\"async\" width=\"605\" height=\"387\" src=\"https:\/\/centcols.org\/wp-content\/uploads\/2025\/08\/topomondiaux.png\" alt=\"\" class=\"wp-image-88160\" style=\"width:777px;height:497px\"\/><\/figure>\n\n\n\n<p>Si siente curiosidad y le interesan los estudios ling\u00fc\u00edsticos, quiz\u00e1 desee saber m\u00e1s sobre los t\u00edtulos \/ t\u00e9rminos gen\u00e9ricos \/ descriptores que califican estos top\u00f3nimos para su inclusi\u00f3n en nuestros cat\u00e1logos de conformidad con el art\u00edculo 2 (evocaci\u00f3n de la noci\u00f3n de pase).<\/p>\n\n\n\n<p>El \u00abRDJ\u00bb analiza algunos de los aspectos de la palabra \u00abcollar\u00bb que han hecho posible que este t\u00e9rmino sirva de pasaporte para nuestra actividad favorita:<\/p>\n\n\n\n<ul class=\"wp-block-list\">\n<li>ciertas caracter\u00edsticas topogr\u00e1ficas - sin ser muy precisos<\/li>\n\n\n\n<li>la idea de facilitar el paso de una cordillera - sin ser tampoco m\u00e1s preciso<\/li>\n<\/ul>\n\n\n\n<p>El significado literal de \u00abcuello\u00bb parece proceder del bajo lat\u00edn collum - \u00abcuello\u00bb o \u00abgarganta\u00bb- y podemos ver esta forma caracter\u00edstica en la parte superior de un cuello, como una especie de reloj de arena.<\/p>\n\n\n\n<p>Estos significados figurativos y literales no bastan para identificar todos los t\u00e9rminos extranjeros similares sin comprender la evoluci\u00f3n de las lenguas y su aplicaci\u00f3n en el campo.<\/p>\n\n\n\n<p>Estudiando los top\u00f3nimos realmente utilizados en terreno monta\u00f1oso, hemos llegado a m\u00e1s de 500 t\u00e9rminos que evocan la noci\u00f3n de puerto y que estamos seguros de que se refieren a puertos.<\/p>\n\n\n\n<p>Algunas designan pases con un alto porcentaje de \u00e9xito; otras son m\u00e1s equ\u00edvocas y pueden designar otra cosa (como \u00abPas\u00bb en franc\u00e9s o \u00abalto\u00bb en espa\u00f1ol). Por eso es importante entender el abanico de significados de la palabra y tambi\u00e9n fijarse bien a qu\u00e9 se refiere realmente.<\/p>\n\n\n\n<p>Las expresiones extranjeras son a veces falsos amigos:<\/p>\n\n\n\n<ul class=\"wp-block-list\">\n<li>\u00abColle\u00bb en italiano procede probablemente de \u00abcollis\u00bb, que significa \u00abcolina\u00bb en lat\u00edn. En realidad, la mayor\u00eda de los nombres y denominaciones de \u00abcolle\u00bb son colinas, y s\u00f3lo una minor\u00eda son puertos. Como las cumbres y los collados est\u00e1n tan cerca, puede resultar dif\u00edcil distinguirlos.<\/li>\n\n\n\n<li>\u00abCol\u00bb en italiano es a\u00fan peor: en el NE de Italia siempre se refiere a cumbres; en el NO de Italia a veces se refiere a puertos, pero no muy a menudo.<\/li>\n\n\n\n<li>\u00abcoll\u00bb en Catalu\u00f1a tambi\u00e9n es a veces traicionero - el t\u00e9rmino tiene otros significados que \u00abcoll\u00bb y, para nuestros prop\u00f3sitos, probablemente no es fiable a m\u00e1s de 80%<\/li>\n<\/ul>\n\n\n\n<p>Tras examinar cientos y cientos de t\u00edtulos candidatos, hemos llegado a la conclusi\u00f3n de que existen 4 grandes familias de significados derivados de t\u00e9rminos que pueden evocar la noci\u00f3n de pase:<\/p>\n\n\n\n<p><strong>1- <u>La forma del cuello<\/u><\/strong><\/p>\n\n\n\n<p>Este es el significado literal de \u00abcollar\u00bb: una forma similar a \u00abcuello\u00bb o \u00abgarganta\u00bb. Lo mismo ocurre con \u00abselle\u00bb \/ \u00absattel\u00bb \/ \u00absaddle\u00bb o \u00abjoch\u00bb y muchos otros.<\/p>\n\n\n\n<p><strong>2- <u>Una sensaci\u00f3n de \u00abpaso\u00bb<\/u><\/strong><\/p>\n\n\n\n<p>Este es el significado secundario de \u00abcol\u00bb (seg\u00fan el IGN) y se encuentra a menudo en aplicaciones de campo. Pero toda esta familia de palabras (\u00abpas\u00bb, \u00abpass\u00bb, \u00abpasso\u00bb, \u00abpaso\u00bb) es bastante equ\u00edvoca y puede referirse a accidentes geogr\u00e1ficos que no tienen nada que ver con un puerto, como desfiladeros, cruces de r\u00edos, senderos de balcones, ascensiones por altas mesetas. Incluso los puertos de monta\u00f1a m\u00e1s conocidos no son necesariamente puertos. As\u00ed que es imprescindible fijarse bien en el terreno designado.<\/p>\n\n\n\n<p><strong>3- <u>Una sensaci\u00f3n de \u2019apertura\u00ab<\/u><\/strong><\/p>\n\n\n\n<p>La idea es que el paso \u00ababre\u00bb el acceso a la cordillera y, posteriormente, al valle siguiente. Aqu\u00ed encontramos t\u00e9rminos como \u00abAbra\u00bb (en Sudam\u00e9rica), \u00abFen\u00eatre\u00bb\/\u00abVenester\u00bb, \u00abBr\u00e8che\u00bb (quiz\u00e1s) y todas las expresiones \u00abPorte\u00bb\/\u00abGate\u00bb\/\u00abTor\u00bb\/\u00abVrata....\u00bb. Tambi\u00e9n existe el significado completamente opuesto - bloquear el acceso al macizo - un paso a la entrada de las monta\u00f1as es un buen punto defensivo donde emboscar al enemigo. Los relatos de las guerras de Afganist\u00e1n hablan a menudo de fuerzas militares atrapadas en pasos estrechos. El significado literal de uno de los principales t\u00e9rminos \u00e1rabes para designar un paso - \u00abAqabat\u00bb- es \u00abobst\u00e1culo\u00bb.<\/p>\n\n\n\n<p><strong>4- <u>Nociones de altura o falta de altura<\/u><\/strong><\/p>\n\n\n\n<p>Como tambi\u00e9n es bien sabido, un puerto puede ser a la vez un punto bajo (en la cresta) y un punto alto (visto desde el valle). V\u00e9ase por ejemplo el <a href=\"https:\/\/www.persee.fr\/doc\/edyte_1762-4304_2004_num_2_1_894\">Memorias de Xavier Bernier<\/a> en 2004.<\/p>\n\n\n\n<p>Entre los t\u00e9rminos v\u00e1lidos hay algunos que indican un punto bajo - \u00abbaisse\u00bb- y otros que indican un punto alto - \u00abalto\u00bb (ES), \u00abhoogte\u00bb (afrikaans) e incluso \u00abSummit\u00bb en Estados Unidos. Evidentemente, hay que evitar cualquier ambig\u00fcedad para estar seguro de que se trata realmente del paso al que se hace referencia.<\/p>\n\n\n\n<p>Cada cat\u00e1logo de pases del Club des Cent Cols va ahora acompa\u00f1ado de una nota explicativa sobre las lenguas utilizadas en el pa\u00eds en cuesti\u00f3n y los t\u00e9rminos que hemos elegido para evocar la noci\u00f3n de pase. Las entradas correspondientes a Espa\u00f1a, Italia y el Reino Unido ofrecen largas listas muy completas de los t\u00edtulos que pueden encontrarse. Los art\u00edculos de esta secci\u00f3n del sitio \u00abComment appeler un col en France\u00bb y \u00abToponymie des cols suisses\u00bb hacen lo propio para los cat\u00e1logos franc\u00e9s y suizo, respectivamente. Las dem\u00e1s listas nacionales suelen ser m\u00e1s breves.<\/p>\n\n\n\n<p>A veces, pr\u00e1cticamente s\u00f3lo existe un t\u00e9rmino para un collar\u00edn:<\/p>\n\n\n\n<ul class=\"wp-block-list\">\n<li>M\u00e9xico - \u00abPuerto\u00bb a 99.7%<\/li>\n\n\n\n<li>Rusia - \u00abPereval\u00bb a 96.6%<\/li>\n\n\n\n<li>Jap\u00f3n - \u00abToge\u00bb en 92.1%<\/li>\n<\/ul>\n\n\n\n<p>A veces, la distribuci\u00f3n de los nombres depende esencialmente de la regi\u00f3n: en Estados Unidos, \u00abGap\u00bb predomina en el este del pa\u00eds y \u00abPass\u00bb en el oeste.<\/p>\n\n\n\n<p>Francia se encuentra en el extremo superior de una \u00fanica expresi\u00f3n mayoritaria: \u00abCol\u00bb cubre el 64,8% del cat\u00e1logo nacional a pesar de una larga lista de otros t\u00e9rminos que tambi\u00e9n son aceptables.<\/p>\n\n\n\n<p>Otros pa\u00edses tienen una distribuci\u00f3n mucho m\u00e1s variada de los distintos t\u00e9rminos seg\u00fan la lengua, el dialecto o la preferencia regional: Italia y Suiza, por ejemplo.<\/p>\n\n\n\n<p>Hay algunos t\u00e9rminos internacionales que pueden encontrarse en muchos pa\u00edses diferentes por diversas razones:<\/p>\n\n\n\n<ul class=\"wp-block-list\">\n<li>el pasado colonial de las potencias en cuesti\u00f3n<\/li>\n\n\n\n<li>el hecho de que estas lenguas se hablen ampliamente como lenguas oficiales o \u00ablingua francas\u00bb.\u00bb<\/li>\n\n\n\n<li>la amplia distribuci\u00f3n de mapas (considerados fiables) en estas lenguas y por cart\u00f3grafos de estos pa\u00edses<\/li>\n<\/ul>\n\n\n\n<p>En el an\u00e1lisis de los principales t\u00e9rminos por pa\u00eds, que encontrar\u00e1 en pdf en el enlace que figura al final de este art\u00edculo, hemos analizado 4 t\u00e9rminos por separado: \u00abCol\u00bb (FR) (35 apariciones), \u00abPass\u00bb (EN) (57 apariciones), \u00abGap\u00bb (EN) (18 apariciones) y \u00abPereval\u00bb (UK) (15 apariciones). Una ocurrencia es un pa\u00eds en el que el t\u00e9rmino se utiliza en los top\u00f3nimos seg\u00fan las fuentes que hemos seleccionado. Para \u00abcol\u00bb, por ejemplo, encontramos todos los pa\u00edses monta\u00f1osos franc\u00f3fonos, as\u00ed como los pa\u00edses angl\u00f3fonos donde los alpinistas han utilizado este t\u00e9rmino t\u00e9cnico de monta\u00f1a.<\/p>\n\n\n\n<p>Todos los dem\u00e1s t\u00e9rminos se consideran apariciones locales. Hemos limitado las listas de este an\u00e1lisis a 10-15 t\u00e9rminos por pa\u00eds, que en todos los casos abarcan m\u00e1s de 90% de nombres de pases.<\/p>\n\n\n\n<p>As\u00ed pues, se puede utilizar un resumen general (v\u00e9ase pdf) para dar una visi\u00f3n general de este tema, sin tener que recorrer todos los cat\u00e1logos y registros. Puede divertirse comparando t\u00e9rminos similares o diferentes en regiones que comparten una historia ling\u00fc\u00edstica: los pa\u00edses hispanohablantes de Am\u00e9rica Latina, los pa\u00edses de la antigua Yugoslavia, los pa\u00edses \u00e1rabes de Oriente Pr\u00f3ximo....<\/p>\n\n\n\n<p>Los archivos adjuntos del sitio contienen una tabla resumen de m\u00e1s de 500 t\u00e9rminos seleccionados. <a href=\"\/documents\/catalogues\/_commun\/Intitules_mondiaux-V01.pdf\" target=\"_blank\" rel=\"noreferrer noopener\">T\u00edtulos mundiales-V01.pdf<\/a> y la gu\u00eda de c\u00f3digos ling\u00fc\u00edsticos ISO (\u00a1algunos no son tan obvios!) <a href=\"\/es\/documents\/catalogos\/_common\/iso_language_codes.pdf\/\" target=\"_blank\" rel=\"noreferrer noopener\">C\u00f3digos de lenguas ISO.pdf<\/a>.<\/p>\n\n\n\n<p>En total, se trata de 78 lenguas. Encontrar\u00e1 informaci\u00f3n m\u00e1s completa sobre todas las lenguas, incluidas las no incluidas en nuestra toponimia de puertos de monta\u00f1a, en las p\u00e1ginas de Wikipedia sobre ISO 639-1, 639-2, 639-3. En la actualidad se siguen hablando m\u00e1s de 7000 lenguas, muchas de las cuales carecen de forma escrita o rara vez se escriben. Las que han sobrevivido para ser encontradas en mapas o se\u00f1ales son muy minoritarias, pero junto con las variaciones ortogr\u00e1ficas y dialectales, las lenguas que siguen vivas dan testimonio de la diversidad de la historia y la cultura de la raza humana.<\/p>\n\n\n\n<p>La noci\u00f3n de \u00abpase\u00bb es realmente global, \u00a1si no universal!<\/p>\n\n\n\n<p>Graham Cutting 12.02.2023<\/p>","protected":false},"excerpt":{"rendered":"<p>C\u2019est bien connu que les Fran\u00e7ais et leurs voisins latins (les Italiens, les Espagnols, les Catalans) ont non seulement des terrains propices au cyclotourisme mais ils adorent donner des noms \u00e0 toute une panoplie de cols \u2013 routiers et muletiers. Est-ce pareil dans le reste du monde&nbsp;? Un petit regard \u00e0 la carte de la [&hellip;]<\/p>\n","protected":false},"author":96,"featured_media":88160,"comment_status":"closed","ping_status":"open","sticky":false,"template":"","format":"standard","meta":{"_acf_changed":false,"footnotes":""},"categories":[227],"tags":[],"class_list":["post-82415","post","type-post","status-publish","format-standard","has-post-thumbnail","hentry","category-toponymie"],"acf":[],"yoast_head":"<!-- This site is optimized with the Yoast SEO plugin v27.2 - https:\/\/yoast.com\/product\/yoast-seo-wordpress\/ -->\n<title>Toponymie des cols mondiaux - Club des Cent Cols<\/title>\n<meta name=\"robots\" content=\"index, follow, max-snippet:-1, max-image-preview:large, max-video-preview:-1\" \/>\n<link rel=\"canonical\" href=\"https:\/\/centcols.org\/es\/toponimia-de-los-puertos-de-montana-del-mundo\/\" \/>\n<meta property=\"og:locale\" content=\"es_ES\" \/>\n<meta property=\"og:type\" content=\"article\" \/>\n<meta property=\"og:title\" content=\"Toponymie des cols mondiaux - Club des Cent Cols\" \/>\n<meta property=\"og:description\" content=\"C\u2019est bien connu que les Fran\u00e7ais et leurs voisins latins (les Italiens, les Espagnols, les Catalans) ont non seulement des terrains propices au cyclotourisme mais ils adorent donner des noms \u00e0 toute une panoplie de cols \u2013 routiers et muletiers. Est-ce pareil dans le reste du monde&nbsp;? Un petit regard \u00e0 la carte de la [&hellip;]\" \/>\n<meta property=\"og:url\" content=\"https:\/\/centcols.org\/es\/toponimia-de-los-puertos-de-montana-del-mundo\/\" \/>\n<meta property=\"og:site_name\" content=\"Club des Cent Cols\" \/>\n<meta property=\"article:publisher\" content=\"https:\/\/www.facebook.com\/groups\/5261880558\/?locale=fr_FR\" \/>\n<meta property=\"article:published_time\" content=\"2023-02-13T17:24:59+00:00\" \/>\n<meta property=\"article:modified_time\" content=\"2026-01-08T14:56:23+00:00\" \/>\n<meta property=\"og:image\" content=\"https:\/\/centcols.org\/wp-content\/uploads\/2025\/08\/topomondiaux.png\" \/>\n\t<meta property=\"og:image:width\" content=\"605\" \/>\n\t<meta property=\"og:image:height\" content=\"387\" \/>\n\t<meta property=\"og:image:type\" content=\"image\/png\" \/>\n<meta name=\"author\" content=\"Graham Cutting\" \/>\n<meta name=\"twitter:card\" content=\"summary_large_image\" \/>\n<meta name=\"twitter:label1\" content=\"Escrito por\" \/>\n\t<meta name=\"twitter:data1\" content=\"Graham Cutting\" \/>\n\t<meta name=\"twitter:label2\" content=\"Tiempo de lectura\" \/>\n\t<meta name=\"twitter:data2\" content=\"8 minutos\" \/>\n<script type=\"application\/ld+json\" class=\"yoast-schema-graph\">{\"@context\":\"https:\/\/schema.org\",\"@graph\":[{\"@type\":\"Article\",\"@id\":\"https:\/\/centcols.org\/toponymie-des-cols-mondiaux\/#article\",\"isPartOf\":{\"@id\":\"https:\/\/centcols.org\/toponymie-des-cols-mondiaux\/\"},\"author\":{\"name\":\"Graham Cutting\",\"@id\":\"https:\/\/centcols.org\/#\/schema\/person\/17c3152090fb9f0ded6ac1de29aa7b08\"},\"headline\":\"Toponymie des cols mondiaux\",\"datePublished\":\"2023-02-13T17:24:59+00:00\",\"dateModified\":\"2026-01-08T14:56:23+00:00\",\"mainEntityOfPage\":{\"@id\":\"https:\/\/centcols.org\/toponymie-des-cols-mondiaux\/\"},\"wordCount\":1656,\"publisher\":{\"@id\":\"https:\/\/centcols.org\/#organization\"},\"image\":{\"@id\":\"https:\/\/centcols.org\/toponymie-des-cols-mondiaux\/#primaryimage\"},\"thumbnailUrl\":\"https:\/\/centcols.org\/wp-content\/uploads\/2025\/08\/topomondiaux.png\",\"articleSection\":[\"Toponymie\"],\"inLanguage\":\"es\"},{\"@type\":\"WebPage\",\"@id\":\"https:\/\/centcols.org\/toponymie-des-cols-mondiaux\/\",\"url\":\"https:\/\/centcols.org\/toponymie-des-cols-mondiaux\/\",\"name\":\"Toponymie des cols mondiaux - Club des Cent Cols\",\"isPartOf\":{\"@id\":\"https:\/\/centcols.org\/#website\"},\"primaryImageOfPage\":{\"@id\":\"https:\/\/centcols.org\/toponymie-des-cols-mondiaux\/#primaryimage\"},\"image\":{\"@id\":\"https:\/\/centcols.org\/toponymie-des-cols-mondiaux\/#primaryimage\"},\"thumbnailUrl\":\"https:\/\/centcols.org\/wp-content\/uploads\/2025\/08\/topomondiaux.png\",\"datePublished\":\"2023-02-13T17:24:59+00:00\",\"dateModified\":\"2026-01-08T14:56:23+00:00\",\"breadcrumb\":{\"@id\":\"https:\/\/centcols.org\/toponymie-des-cols-mondiaux\/#breadcrumb\"},\"inLanguage\":\"es\",\"potentialAction\":[{\"@type\":\"ReadAction\",\"target\":[\"https:\/\/centcols.org\/toponymie-des-cols-mondiaux\/\"]}]},{\"@type\":\"ImageObject\",\"inLanguage\":\"es\",\"@id\":\"https:\/\/centcols.org\/toponymie-des-cols-mondiaux\/#primaryimage\",\"url\":\"https:\/\/centcols.org\/wp-content\/uploads\/2025\/08\/topomondiaux.png\",\"contentUrl\":\"https:\/\/centcols.org\/wp-content\/uploads\/2025\/08\/topomondiaux.png\",\"width\":605,\"height\":387},{\"@type\":\"BreadcrumbList\",\"@id\":\"https:\/\/centcols.org\/toponymie-des-cols-mondiaux\/#breadcrumb\",\"itemListElement\":[{\"@type\":\"ListItem\",\"position\":1,\"name\":\"Accueil\",\"item\":\"https:\/\/centcols.org\/\"},{\"@type\":\"ListItem\",\"position\":2,\"name\":\"Toponymie\",\"item\":\"https:\/\/centcols.org\/rubrique\/toponymie\/\"},{\"@type\":\"ListItem\",\"position\":3,\"name\":\"Toponymie des cols mondiaux\"}]},{\"@type\":\"WebSite\",\"@id\":\"https:\/\/centcols.org\/#website\",\"url\":\"https:\/\/centcols.org\/\",\"name\":\"Club des Cent Cols\",\"description\":\"\",\"publisher\":{\"@id\":\"https:\/\/centcols.org\/#organization\"},\"potentialAction\":[{\"@type\":\"SearchAction\",\"target\":{\"@type\":\"EntryPoint\",\"urlTemplate\":\"https:\/\/centcols.org\/?s={search_term_string}\"},\"query-input\":{\"@type\":\"PropertyValueSpecification\",\"valueRequired\":true,\"valueName\":\"search_term_string\"}}],\"inLanguage\":\"es\"},{\"@type\":\"Organization\",\"@id\":\"https:\/\/centcols.org\/#organization\",\"name\":\"Club des Cent Cols\",\"url\":\"https:\/\/centcols.org\/\",\"logo\":{\"@type\":\"ImageObject\",\"inLanguage\":\"es\",\"@id\":\"https:\/\/centcols.org\/#\/schema\/logo\/image\/\",\"url\":\"https:\/\/centcols.org\/wp-content\/uploads\/2025\/01\/carte-icone.png\",\"contentUrl\":\"https:\/\/centcols.org\/wp-content\/uploads\/2025\/01\/carte-icone.png\",\"width\":250,\"height\":250,\"caption\":\"Club des Cent Cols\"},\"image\":{\"@id\":\"https:\/\/centcols.org\/#\/schema\/logo\/image\/\"},\"sameAs\":[\"https:\/\/www.facebook.com\/groups\/5261880558\/?locale=fr_FR\"]},{\"@type\":\"Person\",\"@id\":\"https:\/\/centcols.org\/#\/schema\/person\/17c3152090fb9f0ded6ac1de29aa7b08\",\"name\":\"Graham Cutting\",\"image\":{\"@type\":\"ImageObject\",\"inLanguage\":\"es\",\"@id\":\"https:\/\/centcols.org\/wp-content\/litespeed\/avatar\/cbf2012c5bb11b65e8778fee9ff2dabf.jpg?ver=1777381108\",\"url\":\"https:\/\/centcols.org\/wp-content\/litespeed\/avatar\/cbf2012c5bb11b65e8778fee9ff2dabf.jpg?ver=1777381108\",\"contentUrl\":\"https:\/\/centcols.org\/wp-content\/litespeed\/avatar\/cbf2012c5bb11b65e8778fee9ff2dabf.jpg?ver=1777381108\",\"caption\":\"Graham Cutting\"},\"url\":\"https:\/\/centcols.org\/es\/author\/4927\/\"}]}<\/script>\n<!-- \/ Yoast SEO plugin. -->","yoast_head_json":{"title":"Toponimia de los puertos de monta\u00f1a del mundo - Club des Cent Cols","robots":{"index":"index","follow":"follow","max-snippet":"max-snippet:-1","max-image-preview":"max-image-preview:large","max-video-preview":"max-video-preview:-1"},"canonical":"https:\/\/centcols.org\/es\/toponimia-de-los-puertos-de-montana-del-mundo\/","og_locale":"es_ES","og_type":"article","og_title":"Toponymie des cols mondiaux - Club des Cent Cols","og_description":"C\u2019est bien connu que les Fran\u00e7ais et leurs voisins latins (les Italiens, les Espagnols, les Catalans) ont non seulement des terrains propices au cyclotourisme mais ils adorent donner des noms \u00e0 toute une panoplie de cols \u2013 routiers et muletiers. Est-ce pareil dans le reste du monde&nbsp;? Un petit regard \u00e0 la carte de la [&hellip;]","og_url":"https:\/\/centcols.org\/es\/toponimia-de-los-puertos-de-montana-del-mundo\/","og_site_name":"Club des Cent Cols","article_publisher":"https:\/\/www.facebook.com\/groups\/5261880558\/?locale=fr_FR","article_published_time":"2023-02-13T17:24:59+00:00","article_modified_time":"2026-01-08T14:56:23+00:00","og_image":[{"width":605,"height":387,"url":"https:\/\/centcols.org\/wp-content\/uploads\/2025\/08\/topomondiaux.png","type":"image\/png"}],"author":"Graham Cutting","twitter_card":"summary_large_image","twitter_misc":{"Escrito por":"Graham Cutting","Tiempo de lectura":"8 minutos"},"schema":{"@context":"https:\/\/schema.org","@graph":[{"@type":"Article","@id":"https:\/\/centcols.org\/toponymie-des-cols-mondiaux\/#article","isPartOf":{"@id":"https:\/\/centcols.org\/toponymie-des-cols-mondiaux\/"},"author":{"name":"Graham Cutting","@id":"https:\/\/centcols.org\/#\/schema\/person\/17c3152090fb9f0ded6ac1de29aa7b08"},"headline":"Toponymie des cols mondiaux","datePublished":"2023-02-13T17:24:59+00:00","dateModified":"2026-01-08T14:56:23+00:00","mainEntityOfPage":{"@id":"https:\/\/centcols.org\/toponymie-des-cols-mondiaux\/"},"wordCount":1656,"publisher":{"@id":"https:\/\/centcols.org\/#organization"},"image":{"@id":"https:\/\/centcols.org\/toponymie-des-cols-mondiaux\/#primaryimage"},"thumbnailUrl":"https:\/\/centcols.org\/wp-content\/uploads\/2025\/08\/topomondiaux.png","articleSection":["Toponymie"],"inLanguage":"es"},{"@type":"WebPage","@id":"https:\/\/centcols.org\/toponymie-des-cols-mondiaux\/","url":"https:\/\/centcols.org\/toponymie-des-cols-mondiaux\/","name":"Toponimia de los puertos de monta\u00f1a del mundo - Club des Cent Cols","isPartOf":{"@id":"https:\/\/centcols.org\/#website"},"primaryImageOfPage":{"@id":"https:\/\/centcols.org\/toponymie-des-cols-mondiaux\/#primaryimage"},"image":{"@id":"https:\/\/centcols.org\/toponymie-des-cols-mondiaux\/#primaryimage"},"thumbnailUrl":"https:\/\/centcols.org\/wp-content\/uploads\/2025\/08\/topomondiaux.png","datePublished":"2023-02-13T17:24:59+00:00","dateModified":"2026-01-08T14:56:23+00:00","breadcrumb":{"@id":"https:\/\/centcols.org\/toponymie-des-cols-mondiaux\/#breadcrumb"},"inLanguage":"es","potentialAction":[{"@type":"ReadAction","target":["https:\/\/centcols.org\/toponymie-des-cols-mondiaux\/"]}]},{"@type":"ImageObject","inLanguage":"es","@id":"https:\/\/centcols.org\/toponymie-des-cols-mondiaux\/#primaryimage","url":"https:\/\/centcols.org\/wp-content\/uploads\/2025\/08\/topomondiaux.png","contentUrl":"https:\/\/centcols.org\/wp-content\/uploads\/2025\/08\/topomondiaux.png","width":605,"height":387},{"@type":"BreadcrumbList","@id":"https:\/\/centcols.org\/toponymie-des-cols-mondiaux\/#breadcrumb","itemListElement":[{"@type":"ListItem","position":1,"name":"Accueil","item":"https:\/\/centcols.org\/"},{"@type":"ListItem","position":2,"name":"Toponymie","item":"https:\/\/centcols.org\/rubrique\/toponymie\/"},{"@type":"ListItem","position":3,"name":"Toponymie des cols mondiaux"}]},{"@type":"WebSite","@id":"https:\/\/centcols.org\/#website","url":"https:\/\/centcols.org\/","name":"Club des Cent Cols","description":"","publisher":{"@id":"https:\/\/centcols.org\/#organization"},"potentialAction":[{"@type":"SearchAction","target":{"@type":"EntryPoint","urlTemplate":"https:\/\/centcols.org\/?s={search_term_string}"},"query-input":{"@type":"PropertyValueSpecification","valueRequired":true,"valueName":"search_term_string"}}],"inLanguage":"es"},{"@type":"Organization","@id":"https:\/\/centcols.org\/#organization","name":"Club des Cent Cols","url":"https:\/\/centcols.org\/","logo":{"@type":"ImageObject","inLanguage":"es","@id":"https:\/\/centcols.org\/#\/schema\/logo\/image\/","url":"https:\/\/centcols.org\/wp-content\/uploads\/2025\/01\/carte-icone.png","contentUrl":"https:\/\/centcols.org\/wp-content\/uploads\/2025\/01\/carte-icone.png","width":250,"height":250,"caption":"Club des Cent Cols"},"image":{"@id":"https:\/\/centcols.org\/#\/schema\/logo\/image\/"},"sameAs":["https:\/\/www.facebook.com\/groups\/5261880558\/?locale=fr_FR"]},{"@type":"Person","@id":"https:\/\/centcols.org\/#\/schema\/person\/17c3152090fb9f0ded6ac1de29aa7b08","name":"Graham Cutting","image":{"@type":"ImageObject","inLanguage":"es","@id":"https:\/\/centcols.org\/wp-content\/litespeed\/avatar\/cbf2012c5bb11b65e8778fee9ff2dabf.jpg?ver=1777381108","url":"https:\/\/centcols.org\/wp-content\/litespeed\/avatar\/cbf2012c5bb11b65e8778fee9ff2dabf.jpg?ver=1777381108","contentUrl":"https:\/\/centcols.org\/wp-content\/litespeed\/avatar\/cbf2012c5bb11b65e8778fee9ff2dabf.jpg?ver=1777381108","caption":"Graham Cutting"},"url":"https:\/\/centcols.org\/es\/author\/4927\/"}]}},"_links":{"self":[{"href":"https:\/\/centcols.org\/es\/wp-json\/wp\/v2\/posts\/82415","targetHints":{"allow":["GET"]}}],"collection":[{"href":"https:\/\/centcols.org\/es\/wp-json\/wp\/v2\/posts"}],"about":[{"href":"https:\/\/centcols.org\/es\/wp-json\/wp\/v2\/types\/post"}],"author":[{"embeddable":true,"href":"https:\/\/centcols.org\/es\/wp-json\/wp\/v2\/users\/96"}],"replies":[{"embeddable":true,"href":"https:\/\/centcols.org\/es\/wp-json\/wp\/v2\/comments?post=82415"}],"version-history":[{"count":0,"href":"https:\/\/centcols.org\/es\/wp-json\/wp\/v2\/posts\/82415\/revisions"}],"wp:featuredmedia":[{"embeddable":true,"href":"https:\/\/centcols.org\/es\/wp-json\/wp\/v2\/media\/88160"}],"wp:attachment":[{"href":"https:\/\/centcols.org\/es\/wp-json\/wp\/v2\/media?parent=82415"}],"wp:term":[{"taxonomy":"category","embeddable":true,"href":"https:\/\/centcols.org\/es\/wp-json\/wp\/v2\/categories?post=82415"},{"taxonomy":"post_tag","embeddable":true,"href":"https:\/\/centcols.org\/es\/wp-json\/wp\/v2\/tags?post=82415"}],"curies":[{"name":"wp","href":"https:\/\/api.w.org\/{rel}","templated":true}]}}