{"id":82437,"date":"2023-07-13T15:57:16","date_gmt":"2023-07-13T13:57:16","guid":{"rendered":"https:\/\/centcols.org\/fr-2a-piana-e-calenche-porto-route-102-km-d-2400-m-10-cols\/"},"modified":"2025-09-12T19:12:02","modified_gmt":"2025-09-12T17:12:02","slug":"fr-2a-piana-e-calenche-porto-ruta-102-km-d-2400-m-10-puertos","status":"publish","type":"post","link":"https:\/\/centcols.org\/es\/fr-2a-piana-e-calenche-porto-route-102-km-d-2400-m-10-cols\/","title":{"rendered":"FR-2A Piana, E Calenche, Porto - Carretera 102 km, D+ 2400 m, 10 puertos"},"content":{"rendered":"<iframe width=\"100%\" height=\"650\" loading=\"lazy\" src=\"https:\/\/www.openrunner.com\/embed\/3943424d31746e6d784336306e472b6e526d35433877574d623246546d38464f3066644f6353364e4153593d3a3ae550deddbf56589622ff50be053ad43f?unit=metric\" style=\"border: none;\"><\/iframe>\n\n\n\n<h2 class=\"wp-block-heading\">Descripci\u00f3n del autor<\/h2>\n\n\n\n<p><strong>Autor<\/strong> Bernard Giraudeau<\/p>\n\n\n\n<p><strong>Curso<\/strong> finalizado en 2022<\/p>\n\n\n\n<p><strong>Salida <\/strong>Sagone, cruce D81 \/ D70 en el centro del pueblo. Altura: 5 m<\/p>\n\n\n\n<h2 class=\"wp-block-heading\">Descripci\u00f3n tur\u00edstica<\/h2>\n\n\n\n<p>Este recorrido es uno de los 2 \u00f3 3 itinerarios m\u00e1s bellos de C\u00f3rcega.<\/p>\n\n\n\n<p>Al salir de Carg\u00e8se, la vista se precipita hacia los peque\u00f1os golfos de Piana y Chiuni. Piana es uno de los pueblos m\u00e1s bellos de Francia, y el golfo de Porto se presenta en tres colores: verde para el bosque, azul para el mar y rojo para las rocas. Entre Piana y Oporto se encuentran las famosas \u201ccalanques\u201d. Aqu\u00ed, el granito rojo se erosiona en forma de encaje.<\/p>\n\n\n\n<p>La subida a Evisa, por el valle del r\u00edo Porto y sus afluentes, nunca cansa.<\/p>\n\n\n\n<p><strong>10 collares<\/strong><\/p>\n\n\n\n<figure class=\"wp-block-table is-style-stripes\"><table class=\"has-fixed-layout\"><tbody><tr><td>1 Bocca Curnatoghiu<br>2 Bocca di a Torraccia<br>3 Bocca di San Martino<br>4 Bocca a Lavu<br>5 Bocca di Ghineparu<br>6 Col de Cappiciolo<br>7 Bocca a Zora<br>8 Col de Sevi<br>9 Col de St-Roch<br>10 Col Saint Antoine<\/td><td><a href=\"https:\/\/centcols.org\/es\/util\/geo\/visu.php\/?code=FR-2A-0154\" target=\"_blank\" rel=\"noreferrer noopener\">FR-2A-0154<\/a><br><a href=\"https:\/\/centcols.org\/es\/util\/geo\/visu.php\/?code=FR-2A-0101\" target=\"_blank\" rel=\"noreferrer noopener\">FR-2A-0101<\/a><br><a href=\"https:\/\/centcols.org\/es\/util\/geo\/visu.php\/?code=FR-2A-0433\" target=\"_blank\" rel=\"noreferrer noopener\">FR-2A-0433<\/a><br><a href=\"https:\/\/centcols.org\/es\/util\/geo\/visu.php\/?code=FR-2A-0491a\" target=\"_blank\" rel=\"noreferrer noopener\">FR-2A-0491a<\/a><br><a href=\"https:\/\/centcols.org\/es\/util\/geo\/visu.php\/?code=FR-2A-0425\" target=\"_blank\" rel=\"noreferrer noopener\">FR-2A-0425<\/a><br><a href=\"https:\/\/centcols.org\/es\/util\/geo\/visu.php\/?code=FR-2A-0547\" target=\"_blank\" rel=\"noreferrer noopener\">FR-2A-0547<\/a><br><a href=\"https:\/\/centcols.org\/es\/util\/geo\/visu.php\/?code=FR-2A-0889\" target=\"_blank\" rel=\"noreferrer noopener\">FR-2A-0889<\/a><br><a href=\"https:\/\/centcols.org\/es\/util\/geo\/visu.php\/?code=FR-2A-1101\" target=\"_blank\" rel=\"noreferrer noopener\">FR-2A-1101<\/a><br><a href=\"https:\/\/centcols.org\/es\/util\/geo\/visu.php\/?code=FR-2A-0743\" target=\"_blank\" rel=\"noreferrer noopener\">FR-2A-0743<\/a><br><a href=\"https:\/\/centcols.org\/es\/util\/geo\/visu.php\/?code=FR-2A-0491b\" target=\"_blank\" rel=\"noreferrer noopener\">FR-2A-0491b<\/a><\/td><\/tr><\/tbody><\/table><\/figure>\n\n\n\n<p>Opci\u00f3n grava :<br>Bocca di Vetricelli <a href=\"https:\/\/centcols.org\/es\/util\/geo\/visu.php\/?code=FR-2A-0141\" target=\"_blank\" rel=\"noreferrer noopener\">FR-2A-0141<\/a> de la Bocca Curnatoghiu R1<br>Bocca d'Ameglia <a href=\"https:\/\/centcols.org\/es\/util\/geo\/visu.php\/?code=FR-2A-0707\" target=\"_blank\" rel=\"noreferrer noopener\">FR-2A-0707<\/a> R1\/2 despu\u00e9s del Col de St-Roch<\/p>\n\n\n\n<h2 class=\"wp-block-heading\">Descripci\u00f3n t\u00e9cnica<\/h2>\n\n\n\n<p>Las carreteras son de buena calidad. La subida al peque\u00f1o puerto de Curnatoghiu es empinada, \u00a1y el puerto no es el punto m\u00e1s alto antes de Carg\u00e8se! La carretera tambi\u00e9n es empinada justo despu\u00e9s del puerto de Sevi, \u00a1pero es cuesta abajo!<\/p>\n\n\n\n<p><strong>Palabras clave<\/strong>Monta\u00f1a de Cagna, Piscia, Vacca, Burivoli, Figari, centcols<\/p>\n\n\n\n<p><strong>Enlace a Openrunner, mapa interactivo, perfil, track gpx<\/strong> :<br><a href=\"https:\/\/www.openrunner.com\/route-details\/16703115\" target=\"_blank\" rel=\"noreferrer noopener\"><strong>https:\/\/www.openrunner.com\/route-details\/16703115<\/strong><\/a><\/p>\n\n\n\n<p>Este itinerario se ofrece a t\u00edtulo puramente indicativo. El autor no asume ninguna responsabilidad, ni la del Club des Cent Cols, por imponderables debidos al propio ciclista, al material utilizado o a cualquier cosa relacionada con la carretera, las pistas y los caminos, su entorno y los dem\u00e1s usuarios.<\/p>\n\n\n\n<h2 class=\"wp-block-heading\">Fotos<\/h2>\n\n\n<div class=\"wp-block-image\">\n<figure class=\"aligncenter size-full is-resized\"><a href=\"https:\/\/centcols.org\/wp-content\/uploads\/2023\/07\/Porto1.jpg\"><img loading=\"lazy\" decoding=\"async\" width=\"1000\" height=\"712\" src=\"https:\/\/centcols.org\/wp-content\/uploads\/2023\/07\/Porto1.jpg\" alt=\"\" class=\"wp-image-89910\" style=\"width:800px\" srcset=\"https:\/\/centcols.org\/wp-content\/uploads\/2023\/07\/Porto1.jpg 1000w, https:\/\/centcols.org\/wp-content\/uploads\/2023\/07\/Porto1-768x547.jpg 768w, https:\/\/centcols.org\/wp-content\/uploads\/2023\/07\/Porto1-18x12.jpg 18w\" sizes=\"auto, (max-width: 1000px) 100vw, 1000px\" \/><\/a><figcaption class=\"wp-element-caption\"><strong>Oporto, el puerto y el puerto deportivo<\/strong><\/figcaption><\/figure>\n<\/div>\n\n<div class=\"wp-block-image\">\n<figure class=\"aligncenter size-full is-resized\"><a href=\"https:\/\/centcols.org\/wp-content\/uploads\/2023\/07\/Golfe-de-porto-etc1.jpg\"><img loading=\"lazy\" decoding=\"async\" width=\"1000\" height=\"699\" src=\"https:\/\/centcols.org\/wp-content\/uploads\/2023\/07\/Golfe-de-porto-etc1.jpg\" alt=\"\" class=\"wp-image-89911\" style=\"width:800px\" srcset=\"https:\/\/centcols.org\/wp-content\/uploads\/2023\/07\/Golfe-de-porto-etc1.jpg 1000w, https:\/\/centcols.org\/wp-content\/uploads\/2023\/07\/Golfe-de-porto-etc1-768x537.jpg 768w, https:\/\/centcols.org\/wp-content\/uploads\/2023\/07\/Golfe-de-porto-etc1-18x12.jpg 18w\" sizes=\"auto, (max-width: 1000px) 100vw, 1000px\" \/><\/a><figcaption class=\"wp-element-caption\"><strong>Esplendor del Golfo de Oporto<\/strong><\/figcaption><\/figure>\n<\/div>\n\n<div class=\"wp-block-image\">\n<figure class=\"aligncenter size-full is-resized\"><a href=\"https:\/\/centcols.org\/wp-content\/uploads\/2023\/07\/Romantisme-1.jpg\"><img loading=\"lazy\" decoding=\"async\" width=\"1000\" height=\"700\" src=\"https:\/\/centcols.org\/wp-content\/uploads\/2023\/07\/Romantisme-1.jpg\" alt=\"\" class=\"wp-image-89912\" style=\"width:800px\" srcset=\"https:\/\/centcols.org\/wp-content\/uploads\/2023\/07\/Romantisme-1.jpg 1000w, https:\/\/centcols.org\/wp-content\/uploads\/2023\/07\/Romantisme-1-768x538.jpg 768w, https:\/\/centcols.org\/wp-content\/uploads\/2023\/07\/Romantisme-1-18x12.jpg 18w\" sizes=\"auto, (max-width: 1000px) 100vw, 1000px\" \/><\/a><figcaption class=\"wp-element-caption\"><strong>Romanticismo en las Calanques<\/strong><\/figcaption><\/figure>\n<\/div>\n\n<div class=\"wp-block-image\">\n<figure class=\"aligncenter size-large is-resized\"><img decoding=\"async\" src=\"https:\/\/centcols.org\/util\/geo\/visu\/FR\/img\/1340\/5001.jpg\" alt=\"\" style=\"width:800px\"\/><figcaption class=\"wp-element-caption\"><strong>Bocca Curnatoghiu<\/strong><\/figcaption><\/figure>\n<\/div>\n\n<div class=\"wp-block-image\">\n<figure class=\"aligncenter size-large is-resized\"><img decoding=\"async\" src=\"https:\/\/centcols.org\/util\/geo\/visu\/FR\/img\/1340\/3302.jpg\" alt=\"\" style=\"width:800px\"\/><figcaption class=\"wp-element-caption\"><strong>Bocca di a Torraccia<\/strong><\/figcaption><\/figure>\n<\/div>\n\n<div class=\"wp-block-image\">\n<figure class=\"aligncenter size-large is-resized\"><img decoding=\"async\" src=\"https:\/\/centcols.org\/util\/geo\/visu\/FR\/img\/1341\/3702.jpg\" alt=\"\" style=\"width:800px\"\/><figcaption class=\"wp-element-caption\"><strong>Bocca di San Martino<\/strong><\/figcaption><\/figure>\n<\/div>\n\n<div class=\"wp-block-image\">\n<figure class=\"aligncenter size-large is-resized\"><img decoding=\"async\" src=\"https:\/\/centcols.org\/util\/geo\/visu\/FR\/img\/1341\/5605.jpg\" alt=\"\" style=\"width:800px\"\/><figcaption class=\"wp-element-caption\"><strong>Bocca a Lavu<\/strong><\/figcaption><\/figure>\n<\/div>\n\n<div class=\"wp-block-image\">\n<figure class=\"aligncenter size-large is-resized\"><img decoding=\"async\" src=\"https:\/\/centcols.org\/util\/geo\/visu\/FR\/img\/1341\/3601.jpg\" alt=\"\" style=\"width:800px\"\/><figcaption class=\"wp-element-caption\"><strong>Bocca di Ghineparu<\/strong><\/figcaption><\/figure>\n<\/div>\n\n<div class=\"wp-block-image\">\n<figure class=\"aligncenter size-large is-resized\"><img decoding=\"async\" src=\"https:\/\/centcols.org\/util\/geo\/visu\/FR\/img\/1341\/7902.jpg\" alt=\"\" style=\"width:800px\"\/><figcaption class=\"wp-element-caption\"><strong>Paso de Cappiciolo<\/strong><\/figcaption><\/figure>\n<\/div>\n\n<div class=\"wp-block-image\">\n<figure class=\"aligncenter size-large is-resized\"><img decoding=\"async\" src=\"https:\/\/centcols.org\/util\/geo\/visu\/FR\/img\/1343\/1700.jpg\" alt=\"\" style=\"width:800px\"\/><figcaption class=\"wp-element-caption\"><strong>Bocca a Zora<\/strong><\/figcaption><\/figure>\n<\/div>\n\n<div class=\"wp-block-image\">\n<figure class=\"aligncenter size-large is-resized\"><img decoding=\"async\" src=\"https:\/\/centcols.org\/util\/geo\/visu\/FR\/img\/1343\/9305.jpg\" alt=\"\" style=\"width:800px\"\/><figcaption class=\"wp-element-caption\"><strong>Paso de Sevi<\/strong><\/figcaption><\/figure>\n<\/div>\n\n<div class=\"wp-block-image\">\n<figure class=\"aligncenter size-large is-resized\"><img decoding=\"async\" src=\"https:\/\/centcols.org\/util\/geo\/visu\/FR\/img\/1342\/5602.jpg\" alt=\"\" style=\"width:800px\"\/><figcaption class=\"wp-element-caption\"><strong>Col de Saint-Roch<\/strong><\/figcaption><\/figure>\n<\/div>\n\n<div class=\"wp-block-image\">\n<figure class=\"aligncenter size-large is-resized\"><img decoding=\"async\" src=\"https:\/\/centcols.org\/util\/geo\/visu\/FR\/img\/1341\/5700.jpg\" alt=\"\" style=\"width:800px\"\/><figcaption class=\"wp-element-caption\"><strong>Col Saint-Antoine<\/strong><\/figcaption><\/figure>\n<\/div>\n\n<div class=\"wp-block-image\">\n<figure class=\"aligncenter size-large is-resized\"><img decoding=\"async\" src=\"https:\/\/centcols.org\/util\/geo\/visu\/FR\/img\/1340\/4801.jpg\" alt=\"\" style=\"width:800px\"\/><figcaption class=\"wp-element-caption\"><strong>Bocca di Vetricelle<\/strong><\/figcaption><\/figure>\n<\/div>\n\n<div class=\"wp-block-image\">\n<figure class=\"aligncenter size-large is-resized\"><img decoding=\"async\" src=\"https:\/\/centcols.org\/util\/geo\/visu\/FR\/img\/1342\/4103.jpg\" alt=\"\" style=\"width:800px\"\/><figcaption class=\"wp-element-caption\"><strong>Bocca d'Ameglia<\/strong><\/figcaption><\/figure>\n<\/div>","protected":false},"excerpt":{"rendered":"<p>Description de l\u2019auteur Auteur : Bernard Giraudeau Parcours r\u00e9alis\u00e9 en 2022 D\u00e9part : Sagone, carrefour D81 \/ D70 au centre du village. Alt : 5 m Description touristique Ce circuit est l\u2019un des 2 ou 3 plus beaux itin\u00e9raires de Corse. Au d\u00e9part de Carg\u00e8se, la vue se pr\u00e9cipite vers les petits golfes du P\u00e9rou [&hellip;]<\/p>\n","protected":false},"author":3,"featured_media":82884,"comment_status":"open","ping_status":"open","sticky":false,"template":"","format":"standard","meta":{"_acf_changed":false,"footnotes":""},"categories":[303,318,331,327,326,220],"tags":[],"class_list":["post-82437","post","type-post","status-publish","format-standard","has-post-thumbnail","hentry","category-parcours-france","category-route-type-parcours","category-corse-region-parcours-membres","category-corse-massif-parcours-membres","category-corse-departement","category-parcours-membres"],"acf":[],"yoast_head":"<!-- This site is optimized with the Yoast SEO plugin v27.2 - https:\/\/yoast.com\/product\/yoast-seo-wordpress\/ -->\n<title>FR-2A Piana, E Calenche, Porto - Route 102 km, D+ 2400 m, 10 cols - Club des Cent Cols<\/title>\n<meta name=\"robots\" content=\"index, follow, max-snippet:-1, max-image-preview:large, max-video-preview:-1\" \/>\n<link rel=\"canonical\" href=\"https:\/\/centcols.org\/es\/fr-2a-piana-e-calenche-porto-ruta-102-km-d-2400-m-10-puertos\/\" \/>\n<meta property=\"og:locale\" content=\"es_ES\" \/>\n<meta property=\"og:type\" content=\"article\" \/>\n<meta property=\"og:title\" content=\"FR-2A Piana, E Calenche, Porto - Route 102 km, D+ 2400 m, 10 cols - Club des Cent Cols\" \/>\n<meta property=\"og:description\" content=\"Description de l\u2019auteur Auteur : Bernard Giraudeau Parcours r\u00e9alis\u00e9 en 2022 D\u00e9part : Sagone, carrefour D81 \/ D70 au centre du village. Alt : 5 m Description touristique Ce circuit est l\u2019un des 2 ou 3 plus beaux itin\u00e9raires de Corse. Au d\u00e9part de Carg\u00e8se, la vue se pr\u00e9cipite vers les petits golfes du P\u00e9rou [&hellip;]\" \/>\n<meta property=\"og:url\" content=\"https:\/\/centcols.org\/es\/fr-2a-piana-e-calenche-porto-ruta-102-km-d-2400-m-10-puertos\/\" \/>\n<meta property=\"og:site_name\" content=\"Club des Cent Cols\" \/>\n<meta property=\"article:publisher\" content=\"https:\/\/www.facebook.com\/groups\/5261880558\/?locale=fr_FR\" \/>\n<meta property=\"article:published_time\" content=\"2023-07-13T13:57:16+00:00\" \/>\n<meta property=\"article:modified_time\" content=\"2025-09-12T17:12:02+00:00\" \/>\n<meta property=\"og:image\" content=\"https:\/\/centcols.org\/wp-content\/uploads\/2023\/07\/37021.jpg\" \/>\n\t<meta property=\"og:image:width\" content=\"800\" \/>\n\t<meta property=\"og:image:height\" content=\"600\" \/>\n\t<meta property=\"og:image:type\" content=\"image\/jpeg\" \/>\n<meta name=\"author\" content=\"Webmestre\" \/>\n<meta name=\"twitter:card\" content=\"summary_large_image\" \/>\n<meta name=\"twitter:label1\" content=\"Escrito por\" \/>\n\t<meta name=\"twitter:data1\" content=\"Webmestre\" \/>\n\t<meta name=\"twitter:label2\" content=\"Tiempo de lectura\" \/>\n\t<meta name=\"twitter:data2\" content=\"6 minutos\" \/>\n<script type=\"application\/ld+json\" class=\"yoast-schema-graph\">{\"@context\":\"https:\/\/schema.org\",\"@graph\":[{\"@type\":\"Article\",\"@id\":\"https:\/\/centcols.org\/fr-2a-piana-e-calenche-porto-route-102-km-d-2400-m-10-cols\/#article\",\"isPartOf\":{\"@id\":\"https:\/\/centcols.org\/fr-2a-piana-e-calenche-porto-route-102-km-d-2400-m-10-cols\/\"},\"author\":{\"name\":\"Webmestre\",\"@id\":\"https:\/\/centcols.org\/#\/schema\/person\/911b404fb133d8c913dd27cdcf71c8e5\"},\"headline\":\"FR-2A Piana, E Calenche, Porto &#8211; Route 102 km, D+ 2400 m, 10 cols\",\"datePublished\":\"2023-07-13T13:57:16+00:00\",\"dateModified\":\"2025-09-12T17:12:02+00:00\",\"mainEntityOfPage\":{\"@id\":\"https:\/\/centcols.org\/fr-2a-piana-e-calenche-porto-route-102-km-d-2400-m-10-cols\/\"},\"wordCount\":405,\"commentCount\":0,\"publisher\":{\"@id\":\"https:\/\/centcols.org\/#organization\"},\"image\":{\"@id\":\"https:\/\/centcols.org\/fr-2a-piana-e-calenche-porto-route-102-km-d-2400-m-10-cols\/#primaryimage\"},\"thumbnailUrl\":\"https:\/\/centcols.org\/wp-content\/uploads\/2023\/07\/37021.jpg\",\"articleSection\":[\"Parcours France\",\"Route\",\"Corse\",\"Corse\",\"20-Corse\",\"Parcours membres\"],\"inLanguage\":\"es\",\"potentialAction\":[{\"@type\":\"CommentAction\",\"name\":\"Comment\",\"target\":[\"https:\/\/centcols.org\/fr-2a-piana-e-calenche-porto-route-102-km-d-2400-m-10-cols\/#respond\"]}]},{\"@type\":\"WebPage\",\"@id\":\"https:\/\/centcols.org\/fr-2a-piana-e-calenche-porto-route-102-km-d-2400-m-10-cols\/\",\"url\":\"https:\/\/centcols.org\/fr-2a-piana-e-calenche-porto-route-102-km-d-2400-m-10-cols\/\",\"name\":\"FR-2A Piana, E Calenche, Porto - Route 102 km, D+ 2400 m, 10 cols - Club des Cent Cols\",\"isPartOf\":{\"@id\":\"https:\/\/centcols.org\/#website\"},\"primaryImageOfPage\":{\"@id\":\"https:\/\/centcols.org\/fr-2a-piana-e-calenche-porto-route-102-km-d-2400-m-10-cols\/#primaryimage\"},\"image\":{\"@id\":\"https:\/\/centcols.org\/fr-2a-piana-e-calenche-porto-route-102-km-d-2400-m-10-cols\/#primaryimage\"},\"thumbnailUrl\":\"https:\/\/centcols.org\/wp-content\/uploads\/2023\/07\/37021.jpg\",\"datePublished\":\"2023-07-13T13:57:16+00:00\",\"dateModified\":\"2025-09-12T17:12:02+00:00\",\"breadcrumb\":{\"@id\":\"https:\/\/centcols.org\/fr-2a-piana-e-calenche-porto-route-102-km-d-2400-m-10-cols\/#breadcrumb\"},\"inLanguage\":\"es\",\"potentialAction\":[{\"@type\":\"ReadAction\",\"target\":[\"https:\/\/centcols.org\/fr-2a-piana-e-calenche-porto-route-102-km-d-2400-m-10-cols\/\"]}]},{\"@type\":\"ImageObject\",\"inLanguage\":\"es\",\"@id\":\"https:\/\/centcols.org\/fr-2a-piana-e-calenche-porto-route-102-km-d-2400-m-10-cols\/#primaryimage\",\"url\":\"https:\/\/centcols.org\/wp-content\/uploads\/2023\/07\/37021.jpg\",\"contentUrl\":\"https:\/\/centcols.org\/wp-content\/uploads\/2023\/07\/37021.jpg\",\"width\":800,\"height\":600},{\"@type\":\"BreadcrumbList\",\"@id\":\"https:\/\/centcols.org\/fr-2a-piana-e-calenche-porto-route-102-km-d-2400-m-10-cols\/#breadcrumb\",\"itemListElement\":[{\"@type\":\"ListItem\",\"position\":1,\"name\":\"Accueil\",\"item\":\"https:\/\/centcols.org\/\"},{\"@type\":\"ListItem\",\"position\":2,\"name\":\"Parcours membres\",\"item\":\"https:\/\/centcols.org\/rubrique\/parcours-membres\/\"},{\"@type\":\"ListItem\",\"position\":3,\"name\":\"Pays\",\"item\":\"https:\/\/centcols.org\/rubrique\/parcours-membres\/pays-parcours-membres\/\"},{\"@type\":\"ListItem\",\"position\":4,\"name\":\"Parcours France\",\"item\":\"https:\/\/centcols.org\/rubrique\/parcours-membres\/pays-parcours-membres\/parcours-france\/\"},{\"@type\":\"ListItem\",\"position\":5,\"name\":\"FR-2A Piana, E Calenche, Porto &#8211; Route 102 km, D+ 2400 m, 10 cols\"}]},{\"@type\":\"WebSite\",\"@id\":\"https:\/\/centcols.org\/#website\",\"url\":\"https:\/\/centcols.org\/\",\"name\":\"Club des Cent Cols\",\"description\":\"\",\"publisher\":{\"@id\":\"https:\/\/centcols.org\/#organization\"},\"potentialAction\":[{\"@type\":\"SearchAction\",\"target\":{\"@type\":\"EntryPoint\",\"urlTemplate\":\"https:\/\/centcols.org\/?s={search_term_string}\"},\"query-input\":{\"@type\":\"PropertyValueSpecification\",\"valueRequired\":true,\"valueName\":\"search_term_string\"}}],\"inLanguage\":\"es\"},{\"@type\":\"Organization\",\"@id\":\"https:\/\/centcols.org\/#organization\",\"name\":\"Club des Cent Cols\",\"url\":\"https:\/\/centcols.org\/\",\"logo\":{\"@type\":\"ImageObject\",\"inLanguage\":\"es\",\"@id\":\"https:\/\/centcols.org\/#\/schema\/logo\/image\/\",\"url\":\"https:\/\/centcols.org\/wp-content\/uploads\/2025\/01\/carte-icone.png\",\"contentUrl\":\"https:\/\/centcols.org\/wp-content\/uploads\/2025\/01\/carte-icone.png\",\"width\":250,\"height\":250,\"caption\":\"Club des Cent Cols\"},\"image\":{\"@id\":\"https:\/\/centcols.org\/#\/schema\/logo\/image\/\"},\"sameAs\":[\"https:\/\/www.facebook.com\/groups\/5261880558\/?locale=fr_FR\"]},{\"@type\":\"Person\",\"@id\":\"https:\/\/centcols.org\/#\/schema\/person\/911b404fb133d8c913dd27cdcf71c8e5\",\"name\":\"Webmestre\",\"image\":{\"@type\":\"ImageObject\",\"inLanguage\":\"es\",\"@id\":\"https:\/\/centcols.org\/wp-content\/litespeed\/avatar\/2d246e4b6b4f773e08515e1ffc53690b.jpg?ver=1777222892\",\"url\":\"https:\/\/centcols.org\/wp-content\/litespeed\/avatar\/2d246e4b6b4f773e08515e1ffc53690b.jpg?ver=1777222892\",\"contentUrl\":\"https:\/\/centcols.org\/wp-content\/litespeed\/avatar\/2d246e4b6b4f773e08515e1ffc53690b.jpg?ver=1777222892\",\"caption\":\"Webmestre\"},\"url\":\"https:\/\/centcols.org\/es\/author\/webmestre\/\"}]}<\/script>\n<!-- \/ Yoast SEO plugin. -->","yoast_head_json":{"title":"FR-2A Piana, E Calenche, Porto - Ruta 102 km, D+ 2400 m, 10 cols - Club des Cent Cols","robots":{"index":"index","follow":"follow","max-snippet":"max-snippet:-1","max-image-preview":"max-image-preview:large","max-video-preview":"max-video-preview:-1"},"canonical":"https:\/\/centcols.org\/es\/fr-2a-piana-e-calenche-porto-ruta-102-km-d-2400-m-10-puertos\/","og_locale":"es_ES","og_type":"article","og_title":"FR-2A Piana, E Calenche, Porto - Route 102 km, D+ 2400 m, 10 cols - Club des Cent Cols","og_description":"Description de l\u2019auteur Auteur : Bernard Giraudeau Parcours r\u00e9alis\u00e9 en 2022 D\u00e9part : Sagone, carrefour D81 \/ D70 au centre du village. Alt : 5 m Description touristique Ce circuit est l\u2019un des 2 ou 3 plus beaux itin\u00e9raires de Corse. Au d\u00e9part de Carg\u00e8se, la vue se pr\u00e9cipite vers les petits golfes du P\u00e9rou [&hellip;]","og_url":"https:\/\/centcols.org\/es\/fr-2a-piana-e-calenche-porto-ruta-102-km-d-2400-m-10-puertos\/","og_site_name":"Club des Cent Cols","article_publisher":"https:\/\/www.facebook.com\/groups\/5261880558\/?locale=fr_FR","article_published_time":"2023-07-13T13:57:16+00:00","article_modified_time":"2025-09-12T17:12:02+00:00","og_image":[{"width":800,"height":600,"url":"https:\/\/centcols.org\/wp-content\/uploads\/2023\/07\/37021.jpg","type":"image\/jpeg"}],"author":"Webmestre","twitter_card":"summary_large_image","twitter_misc":{"Escrito por":"Webmestre","Tiempo de lectura":"6 minutos"},"schema":{"@context":"https:\/\/schema.org","@graph":[{"@type":"Article","@id":"https:\/\/centcols.org\/fr-2a-piana-e-calenche-porto-route-102-km-d-2400-m-10-cols\/#article","isPartOf":{"@id":"https:\/\/centcols.org\/fr-2a-piana-e-calenche-porto-route-102-km-d-2400-m-10-cols\/"},"author":{"name":"Webmestre","@id":"https:\/\/centcols.org\/#\/schema\/person\/911b404fb133d8c913dd27cdcf71c8e5"},"headline":"FR-2A Piana, E Calenche, Porto &#8211; Route 102 km, D+ 2400 m, 10 cols","datePublished":"2023-07-13T13:57:16+00:00","dateModified":"2025-09-12T17:12:02+00:00","mainEntityOfPage":{"@id":"https:\/\/centcols.org\/fr-2a-piana-e-calenche-porto-route-102-km-d-2400-m-10-cols\/"},"wordCount":405,"commentCount":0,"publisher":{"@id":"https:\/\/centcols.org\/#organization"},"image":{"@id":"https:\/\/centcols.org\/fr-2a-piana-e-calenche-porto-route-102-km-d-2400-m-10-cols\/#primaryimage"},"thumbnailUrl":"https:\/\/centcols.org\/wp-content\/uploads\/2023\/07\/37021.jpg","articleSection":["Parcours France","Route","Corse","Corse","20-Corse","Parcours membres"],"inLanguage":"es","potentialAction":[{"@type":"CommentAction","name":"Comment","target":["https:\/\/centcols.org\/fr-2a-piana-e-calenche-porto-route-102-km-d-2400-m-10-cols\/#respond"]}]},{"@type":"WebPage","@id":"https:\/\/centcols.org\/fr-2a-piana-e-calenche-porto-route-102-km-d-2400-m-10-cols\/","url":"https:\/\/centcols.org\/fr-2a-piana-e-calenche-porto-route-102-km-d-2400-m-10-cols\/","name":"FR-2A Piana, E Calenche, Porto - Ruta 102 km, D+ 2400 m, 10 cols - Club des Cent Cols","isPartOf":{"@id":"https:\/\/centcols.org\/#website"},"primaryImageOfPage":{"@id":"https:\/\/centcols.org\/fr-2a-piana-e-calenche-porto-route-102-km-d-2400-m-10-cols\/#primaryimage"},"image":{"@id":"https:\/\/centcols.org\/fr-2a-piana-e-calenche-porto-route-102-km-d-2400-m-10-cols\/#primaryimage"},"thumbnailUrl":"https:\/\/centcols.org\/wp-content\/uploads\/2023\/07\/37021.jpg","datePublished":"2023-07-13T13:57:16+00:00","dateModified":"2025-09-12T17:12:02+00:00","breadcrumb":{"@id":"https:\/\/centcols.org\/fr-2a-piana-e-calenche-porto-route-102-km-d-2400-m-10-cols\/#breadcrumb"},"inLanguage":"es","potentialAction":[{"@type":"ReadAction","target":["https:\/\/centcols.org\/fr-2a-piana-e-calenche-porto-route-102-km-d-2400-m-10-cols\/"]}]},{"@type":"ImageObject","inLanguage":"es","@id":"https:\/\/centcols.org\/fr-2a-piana-e-calenche-porto-route-102-km-d-2400-m-10-cols\/#primaryimage","url":"https:\/\/centcols.org\/wp-content\/uploads\/2023\/07\/37021.jpg","contentUrl":"https:\/\/centcols.org\/wp-content\/uploads\/2023\/07\/37021.jpg","width":800,"height":600},{"@type":"BreadcrumbList","@id":"https:\/\/centcols.org\/fr-2a-piana-e-calenche-porto-route-102-km-d-2400-m-10-cols\/#breadcrumb","itemListElement":[{"@type":"ListItem","position":1,"name":"Accueil","item":"https:\/\/centcols.org\/"},{"@type":"ListItem","position":2,"name":"Parcours membres","item":"https:\/\/centcols.org\/rubrique\/parcours-membres\/"},{"@type":"ListItem","position":3,"name":"Pays","item":"https:\/\/centcols.org\/rubrique\/parcours-membres\/pays-parcours-membres\/"},{"@type":"ListItem","position":4,"name":"Parcours France","item":"https:\/\/centcols.org\/rubrique\/parcours-membres\/pays-parcours-membres\/parcours-france\/"},{"@type":"ListItem","position":5,"name":"FR-2A Piana, E Calenche, Porto &#8211; Route 102 km, D+ 2400 m, 10 cols"}]},{"@type":"WebSite","@id":"https:\/\/centcols.org\/#website","url":"https:\/\/centcols.org\/","name":"Club des Cent Cols","description":"","publisher":{"@id":"https:\/\/centcols.org\/#organization"},"potentialAction":[{"@type":"SearchAction","target":{"@type":"EntryPoint","urlTemplate":"https:\/\/centcols.org\/?s={search_term_string}"},"query-input":{"@type":"PropertyValueSpecification","valueRequired":true,"valueName":"search_term_string"}}],"inLanguage":"es"},{"@type":"Organization","@id":"https:\/\/centcols.org\/#organization","name":"Club des Cent Cols","url":"https:\/\/centcols.org\/","logo":{"@type":"ImageObject","inLanguage":"es","@id":"https:\/\/centcols.org\/#\/schema\/logo\/image\/","url":"https:\/\/centcols.org\/wp-content\/uploads\/2025\/01\/carte-icone.png","contentUrl":"https:\/\/centcols.org\/wp-content\/uploads\/2025\/01\/carte-icone.png","width":250,"height":250,"caption":"Club des Cent Cols"},"image":{"@id":"https:\/\/centcols.org\/#\/schema\/logo\/image\/"},"sameAs":["https:\/\/www.facebook.com\/groups\/5261880558\/?locale=fr_FR"]},{"@type":"Person","@id":"https:\/\/centcols.org\/#\/schema\/person\/911b404fb133d8c913dd27cdcf71c8e5","name":"Webmaster","image":{"@type":"ImageObject","inLanguage":"es","@id":"https:\/\/centcols.org\/wp-content\/litespeed\/avatar\/2d246e4b6b4f773e08515e1ffc53690b.jpg?ver=1777222892","url":"https:\/\/centcols.org\/wp-content\/litespeed\/avatar\/2d246e4b6b4f773e08515e1ffc53690b.jpg?ver=1777222892","contentUrl":"https:\/\/centcols.org\/wp-content\/litespeed\/avatar\/2d246e4b6b4f773e08515e1ffc53690b.jpg?ver=1777222892","caption":"Webmestre"},"url":"https:\/\/centcols.org\/es\/author\/webmestre\/"}]}},"_links":{"self":[{"href":"https:\/\/centcols.org\/es\/wp-json\/wp\/v2\/posts\/82437","targetHints":{"allow":["GET"]}}],"collection":[{"href":"https:\/\/centcols.org\/es\/wp-json\/wp\/v2\/posts"}],"about":[{"href":"https:\/\/centcols.org\/es\/wp-json\/wp\/v2\/types\/post"}],"author":[{"embeddable":true,"href":"https:\/\/centcols.org\/es\/wp-json\/wp\/v2\/users\/3"}],"replies":[{"embeddable":true,"href":"https:\/\/centcols.org\/es\/wp-json\/wp\/v2\/comments?post=82437"}],"version-history":[{"count":0,"href":"https:\/\/centcols.org\/es\/wp-json\/wp\/v2\/posts\/82437\/revisions"}],"wp:featuredmedia":[{"embeddable":true,"href":"https:\/\/centcols.org\/es\/wp-json\/wp\/v2\/media\/82884"}],"wp:attachment":[{"href":"https:\/\/centcols.org\/es\/wp-json\/wp\/v2\/media?parent=82437"}],"wp:term":[{"taxonomy":"category","embeddable":true,"href":"https:\/\/centcols.org\/es\/wp-json\/wp\/v2\/categories?post=82437"},{"taxonomy":"post_tag","embeddable":true,"href":"https:\/\/centcols.org\/es\/wp-json\/wp\/v2\/tags?post=82437"}],"curies":[{"name":"wp","href":"https:\/\/api.w.org\/{rel}","templated":true}]}}