{"id":82446,"date":"2023-07-06T09:19:09","date_gmt":"2023-07-06T07:19:09","guid":{"rendered":"https:\/\/centcols.org\/fr-54-grand-est-rencontre-regionale-2020-route-69-km-d-800-m-6-cols\/"},"modified":"2025-10-15T14:58:32","modified_gmt":"2025-10-15T12:58:32","slug":"fr-54-grand-est-2020-encuentro-regional-carretera-69-km-d-800-m-6-puertos","status":"publish","type":"post","link":"https:\/\/centcols.org\/es\/fr-54-grand-est-rencontre-regionale-2020-route-69-km-d-800-m-6-cols\/","title":{"rendered":"FR-54 Reuni\u00f3n Regional Grand Est 2020 - Carretera 69 km, D+ 800 m, 6 puertos"},"content":{"rendered":"<iframe width=\"100%\" height=\"650\" loading=\"lazy\" src=\"https:\/\/www.openrunner.com\/embed\/623844383565464b50684b756d6e53486171715134746932754d554a7773672f647848686d6772573742493d3a3a890994c7b9c2fdbdb8df85de345423cc?unit=metric\" style=\"border: none;\"><\/iframe>\n\n\n\n<h2 class=\"wp-block-heading\">Descripci\u00f3n del autor<\/h2>\n\n\n\n<p><strong>Autor <\/strong>: Denis Mathieu<\/p>\n\n\n\n<p><strong>Curso<\/strong> realizado el 27\/05\/2020<\/p>\n\n\n\n<p><strong>Salida<\/strong> Aparcamiento al final del Chemin du Pain de Sucre en Dommartemont 54130, un suburbio al este de Nancy. Altura: 353 m<\/p>\n\n\n\n<h2 class=\"wp-block-heading\">Informaci\u00f3n tur\u00edstica<\/h2>\n\n\n\n<p>La ruta comienza a orillas del Meurthe, pasando por el emplazamiento de la antigua acer\u00eda Pompey (de donde procede el acero utilizado en la Torre Eiffel), en la confluencia de los r\u00edos Meurthe y Mosela. A continuaci\u00f3n, sigue las orillas del Mosela, sube a la meseta y vuelve a unirse al Mosela por segunda vez. Este itinerario recorre algunos de los pasos que figuran en los relatos de los primeros d\u00edas de la guerra de 1914 \/ 1918 (la batalla de Grand Couronn\u00e9).<\/p>\n\n\n\n<p>Hay muchas vistas panor\u00e1micas a lo largo del camino.<\/p>\n\n\n\n<p><strong>6 collares<\/strong><\/p>\n\n\n\n<figure class=\"wp-block-table is-style-stripes\"><table class=\"has-fixed-layout\"><tbody><tr><td>Col de Bratte<br>Col de Moivrons,<br>Col de Sivry,<br>Col de Serri\u00e8res,<br>Pase Millery,<br>Col de Sainte-Genevieve.<br>Opci\u00f3n: Col de Vassuchamps desde el pueblo de Bratte, km 26,7 por R1.<\/td><td><a href=\"https:\/\/centcols.org\/es\/util\/geo\/visu.php\/?code=FR-54-0346\" target=\"_blank\" rel=\"noreferrer noopener\">FR-54-0346<\/a><br><a href=\"https:\/\/centcols.org\/es\/util\/geo\/visu.php\/?code=FR-54-0359\" target=\"_blank\" rel=\"noreferrer noopener\">FR-54-0359<\/a><br><a href=\"https:\/\/centcols.org\/es\/util\/geo\/visu.php\/?code=FR-54-0330\" target=\"_blank\" rel=\"noreferrer noopener\">FR-54-0330<\/a><br><a href=\"https:\/\/centcols.org\/es\/util\/geo\/visu.php\/?code=FR-54-0282\" target=\"_blank\" rel=\"noreferrer noopener\">FR-54-0282<\/a><br><a href=\"https:\/\/centcols.org\/es\/util\/geo\/visu.php\/?code=FR-54-0261\" target=\"_blank\" rel=\"noreferrer noopener\">FR-54-0261<\/a><br><a href=\"https:\/\/centcols.org\/es\/util\/geo\/visu.php\/?code=FR-54-0348\" target=\"_blank\" rel=\"noreferrer noopener\">FR-54-0348<\/a><br><a href=\"https:\/\/centcols.org\/es\/util\/geo\/visu.php\/?code=FR-54-0361\" target=\"_blank\" rel=\"noreferrer noopener\">FR-54-0361<\/a><\/td><\/tr><\/tbody><\/table><\/figure>\n\n\n\n<h2 class=\"wp-block-heading\">Especificaciones t\u00e9cnicas<\/h2>\n\n\n\n<p>Una ruta tranquila y segura que comienza en la ruta azul a lo largo del Mosela y regresa por carreteras secundarias tranquilas. La subida al Col de Sivry es bastante empinada.<\/p>\n\n\n\n<p><strong>Palabras clave<\/strong> Grand-Est, Nancy, centcoles, orillas del Mosela<\/p>\n\n\n\n<p><strong>Enlace Openrunner, mapa interactivo, perfil, track gpx<\/strong> : <a href=\"https:\/\/www.openrunner.com\/route-details\/16402215\"><strong>https:\/\/www.openrunne<\/strong><\/a><a href=\"https:\/\/www.openrunner.com\/route-details\/16402215\" target=\"_blank\" rel=\"noreferrer noopener\"><strong>r<\/strong><\/a><a href=\"https:\/\/www.openrunner.com\/route-details\/16402215\"><strong>.com\/route-details\/16402215<\/strong><\/a><\/p>\n\n\n\n<p>Este itinerario se facilita \u00fanicamente a t\u00edtulo informativo. El autor no asume ninguna responsabilidad, ni tampoco el Club des Cent Cols, por los imponderables debidos al propio ciclista, al material utilizado o a cualquier cosa relacionada con la carretera, las pistas y los caminos, su entorno o los dem\u00e1s usuarios.<\/p>\n\n\n\n<h2 class=\"wp-block-heading\">Fotos<\/h2>\n\n\n<div class=\"wp-block-image\">\n<figure class=\"aligncenter size-full is-resized\"><a href=\"https:\/\/centcols.org\/wp-content\/uploads\/2023\/07\/800px-Gueule_denfer1.jpg\"><img loading=\"lazy\" decoding=\"async\" width=\"800\" height=\"600\" src=\"https:\/\/centcols.org\/wp-content\/uploads\/2023\/07\/800px-Gueule_denfer1.jpg\" alt=\"\" class=\"wp-image-89936\" style=\"width:800px\" srcset=\"https:\/\/centcols.org\/wp-content\/uploads\/2023\/07\/800px-Gueule_denfer1.jpg 800w, https:\/\/centcols.org\/wp-content\/uploads\/2023\/07\/800px-Gueule_denfer1-768x576.jpg 768w, https:\/\/centcols.org\/wp-content\/uploads\/2023\/07\/800px-Gueule_denfer1-16x12.jpg 16w\" sizes=\"auto, (max-width: 800px) 100vw, 800px\" \/><\/a><figcaption class=\"wp-element-caption\"><strong>La Gueule d'Enfer, confluencia de los r\u00edos Mosela y Meurthe en Pompeya<\/strong><\/figcaption><\/figure>\n<\/div>\n\n<div class=\"wp-block-image is-resized\">\n<figure class=\"aligncenter size-full\"><a href=\"https:\/\/centcols.org\/wp-content\/uploads\/2023\/07\/pain-sucre-L-bU6oWn1.jpeg\"><img loading=\"lazy\" decoding=\"async\" width=\"584\" height=\"389\" src=\"https:\/\/centcols.org\/wp-content\/uploads\/2023\/07\/pain-sucre-L-bU6oWn1.jpeg\" alt=\"\" class=\"wp-image-89937\" style=\"width:800px\" srcset=\"https:\/\/centcols.org\/wp-content\/uploads\/2023\/07\/pain-sucre-L-bU6oWn1.jpeg 584w, https:\/\/centcols.org\/wp-content\/uploads\/2023\/07\/pain-sucre-L-bU6oWn1-18x12.jpeg 18w\" sizes=\"auto, (max-width: 584px) 100vw, 584px\" \/><\/a><figcaption class=\"wp-element-caption\"><strong>Pain de Sucre a la derecha, Petit Mont y Grand Mont a la izquierda<\/strong><\/figcaption><\/figure>\n<\/div>\n\n<div class=\"wp-block-image\">\n<figure class=\"aligncenter size-large is-resized\"><img decoding=\"async\" src=\"https:\/\/centcols.org\/util\/geo\/visu\/FR\/img\/1365\/1208.jpg\" alt=\"\" style=\"width:800px\"\/><figcaption class=\"wp-element-caption\"><strong>Col de Bratte<\/strong><\/figcaption><\/figure>\n<\/div>\n\n<div class=\"wp-block-image\">\n<figure class=\"aligncenter size-large is-resized\"><img decoding=\"async\" src=\"https:\/\/centcols.org\/util\/geo\/visu\/FR\/img\/1365\/140a.jpg\" alt=\"\" style=\"width:800px\"\/><figcaption class=\"wp-element-caption\"><strong>Col de Moivrons<\/strong><\/figcaption><\/figure>\n<\/div>\n\n<div class=\"wp-block-image\">\n<figure class=\"aligncenter size-large is-resized\"><img decoding=\"async\" src=\"https:\/\/centcols.org\/util\/geo\/visu\/FR\/img\/1365\/1007.jpg\" alt=\"\" style=\"width:800px\"\/><figcaption class=\"wp-element-caption\"><strong>Col de Sivry<\/strong><\/figcaption><\/figure>\n<\/div>\n\n<div class=\"wp-block-image\">\n<figure class=\"aligncenter size-large is-resized\"><img decoding=\"async\" src=\"https:\/\/centcols.org\/util\/geo\/visu\/FR\/img\/1365\/0909.jpg\" alt=\"\" style=\"width:800px\"\/><figcaption class=\"wp-element-caption\"><strong>Col de Serri\u00e8res<\/strong><\/figcaption><\/figure>\n<\/div>\n\n<div class=\"wp-block-image\">\n<figure class=\"aligncenter size-large is-resized\"><img decoding=\"async\" src=\"https:\/\/centcols.org\/util\/geo\/visu\/FR\/img\/1365\/0806.jpg\" alt=\"\" style=\"width:800px\"\/><figcaption class=\"wp-element-caption\"><strong>Paso del molino<\/strong><\/figcaption><\/figure>\n<\/div>\n\n<div class=\"wp-block-image\">\n<figure class=\"aligncenter size-large is-resized\"><img decoding=\"async\" src=\"https:\/\/centcols.org\/util\/geo\/visu\/FR\/img\/1365\/1305.jpg\" alt=\"\" style=\"width:800px\"\/><figcaption class=\"wp-element-caption\"><strong>Col de Sainte-Genevi\u00e8ve<\/strong><\/figcaption><\/figure>\n<\/div>","protected":false},"excerpt":{"rendered":"<p>Description de l\u2019auteur Auteur : Denis Mathieu Parcours : effectu\u00e9 le 27\/05\/2020 D\u00e9part : parking au bout du Chemin du Pain de Sucre \u00e0 Dommartemont 54130, banlieue Est de Nancy. Alt&nbsp;: 353 m Descriptif touristique Parcours d\u00e9butant sur les berges de la Meurthe, passage par le site des anciennes aci\u00e9ries de Pompey (origine des aciers [&hellip;]<\/p>\n","protected":false},"author":3,"featured_media":82889,"comment_status":"open","ping_status":"open","sticky":false,"template":"","format":"standard","meta":{"_acf_changed":false,"footnotes":""},"categories":[303,318,337,335,336,220],"tags":[],"class_list":["post-82446","post","type-post","status-publish","format-standard","has-post-thumbnail","hentry","category-parcours-france","category-route-type-parcours","category-grand-est-region-parcours-membres","category-vosges-massif-parcours-membres","category-54-meurthe-et-moselle","category-parcours-membres"],"acf":[],"yoast_head":"<!-- This site is optimized with the Yoast SEO plugin v27.2 - https:\/\/yoast.com\/product\/yoast-seo-wordpress\/ -->\n<title>FR-54 Grand Est Rencontre r\u00e9gionale 2020 - Route 69 km, D+ 800 m, 6 cols - Club des Cent Cols<\/title>\n<meta name=\"robots\" content=\"index, follow, max-snippet:-1, max-image-preview:large, max-video-preview:-1\" \/>\n<link rel=\"canonical\" href=\"https:\/\/centcols.org\/es\/fr-54-grand-est-2020-encuentro-regional-carretera-69-km-d-800-m-6-puertos\/\" \/>\n<meta property=\"og:locale\" content=\"es_ES\" \/>\n<meta property=\"og:type\" content=\"article\" \/>\n<meta property=\"og:title\" content=\"FR-54 Grand Est Rencontre r\u00e9gionale 2020 - Route 69 km, D+ 800 m, 6 cols - Club des Cent Cols\" \/>\n<meta property=\"og:description\" content=\"Description de l\u2019auteur Auteur : Denis Mathieu Parcours : effectu\u00e9 le 27\/05\/2020 D\u00e9part : parking au bout du Chemin du Pain de Sucre \u00e0 Dommartemont 54130, banlieue Est de Nancy. Alt&nbsp;: 353 m Descriptif touristique Parcours d\u00e9butant sur les berges de la Meurthe, passage par le site des anciennes aci\u00e9ries de Pompey (origine des aciers [&hellip;]\" \/>\n<meta property=\"og:url\" content=\"https:\/\/centcols.org\/es\/fr-54-grand-est-2020-encuentro-regional-carretera-69-km-d-800-m-6-puertos\/\" \/>\n<meta property=\"og:site_name\" content=\"Club des Cent Cols\" \/>\n<meta property=\"article:publisher\" content=\"https:\/\/www.facebook.com\/groups\/5261880558\/?locale=fr_FR\" \/>\n<meta property=\"article:published_time\" content=\"2023-07-06T07:19:09+00:00\" \/>\n<meta property=\"article:modified_time\" content=\"2025-10-15T12:58:32+00:00\" \/>\n<meta property=\"og:image\" content=\"https:\/\/centcols.org\/wp-content\/uploads\/2023\/07\/08061.jpg\" \/>\n\t<meta property=\"og:image:width\" content=\"800\" \/>\n\t<meta property=\"og:image:height\" content=\"600\" \/>\n\t<meta property=\"og:image:type\" content=\"image\/jpeg\" \/>\n<meta name=\"author\" content=\"Webmestre\" \/>\n<meta name=\"twitter:card\" content=\"summary_large_image\" \/>\n<meta name=\"twitter:label1\" content=\"Escrito por\" \/>\n\t<meta name=\"twitter:data1\" content=\"Webmestre\" \/>\n\t<meta name=\"twitter:label2\" content=\"Tiempo de lectura\" \/>\n\t<meta name=\"twitter:data2\" content=\"4 minutos\" \/>\n<script type=\"application\/ld+json\" class=\"yoast-schema-graph\">{\"@context\":\"https:\/\/schema.org\",\"@graph\":[{\"@type\":\"Article\",\"@id\":\"https:\/\/centcols.org\/fr-54-grand-est-rencontre-regionale-2020-route-69-km-d-800-m-6-cols\/#article\",\"isPartOf\":{\"@id\":\"https:\/\/centcols.org\/fr-54-grand-est-rencontre-regionale-2020-route-69-km-d-800-m-6-cols\/\"},\"author\":{\"name\":\"Webmestre\",\"@id\":\"https:\/\/centcols.org\/#\/schema\/person\/911b404fb133d8c913dd27cdcf71c8e5\"},\"headline\":\"FR-54 Grand Est Rencontre r\u00e9gionale 2020 &#8211; Route 69 km, D+ 800 m, 6 cols\",\"datePublished\":\"2023-07-06T07:19:09+00:00\",\"dateModified\":\"2025-10-15T12:58:32+00:00\",\"mainEntityOfPage\":{\"@id\":\"https:\/\/centcols.org\/fr-54-grand-est-rencontre-regionale-2020-route-69-km-d-800-m-6-cols\/\"},\"wordCount\":336,\"commentCount\":0,\"publisher\":{\"@id\":\"https:\/\/centcols.org\/#organization\"},\"image\":{\"@id\":\"https:\/\/centcols.org\/fr-54-grand-est-rencontre-regionale-2020-route-69-km-d-800-m-6-cols\/#primaryimage\"},\"thumbnailUrl\":\"https:\/\/centcols.org\/wp-content\/uploads\/2023\/07\/08061.jpg\",\"articleSection\":[\"Parcours France\",\"Route\",\"Grand Est\",\"Vosges\",\"54-Meurthe et Moselle\",\"Parcours membres\"],\"inLanguage\":\"es\",\"potentialAction\":[{\"@type\":\"CommentAction\",\"name\":\"Comment\",\"target\":[\"https:\/\/centcols.org\/fr-54-grand-est-rencontre-regionale-2020-route-69-km-d-800-m-6-cols\/#respond\"]}]},{\"@type\":\"WebPage\",\"@id\":\"https:\/\/centcols.org\/fr-54-grand-est-rencontre-regionale-2020-route-69-km-d-800-m-6-cols\/\",\"url\":\"https:\/\/centcols.org\/fr-54-grand-est-rencontre-regionale-2020-route-69-km-d-800-m-6-cols\/\",\"name\":\"FR-54 Grand Est Rencontre r\u00e9gionale 2020 - Route 69 km, D+ 800 m, 6 cols - Club des Cent Cols\",\"isPartOf\":{\"@id\":\"https:\/\/centcols.org\/#website\"},\"primaryImageOfPage\":{\"@id\":\"https:\/\/centcols.org\/fr-54-grand-est-rencontre-regionale-2020-route-69-km-d-800-m-6-cols\/#primaryimage\"},\"image\":{\"@id\":\"https:\/\/centcols.org\/fr-54-grand-est-rencontre-regionale-2020-route-69-km-d-800-m-6-cols\/#primaryimage\"},\"thumbnailUrl\":\"https:\/\/centcols.org\/wp-content\/uploads\/2023\/07\/08061.jpg\",\"datePublished\":\"2023-07-06T07:19:09+00:00\",\"dateModified\":\"2025-10-15T12:58:32+00:00\",\"breadcrumb\":{\"@id\":\"https:\/\/centcols.org\/fr-54-grand-est-rencontre-regionale-2020-route-69-km-d-800-m-6-cols\/#breadcrumb\"},\"inLanguage\":\"es\",\"potentialAction\":[{\"@type\":\"ReadAction\",\"target\":[\"https:\/\/centcols.org\/fr-54-grand-est-rencontre-regionale-2020-route-69-km-d-800-m-6-cols\/\"]}]},{\"@type\":\"ImageObject\",\"inLanguage\":\"es\",\"@id\":\"https:\/\/centcols.org\/fr-54-grand-est-rencontre-regionale-2020-route-69-km-d-800-m-6-cols\/#primaryimage\",\"url\":\"https:\/\/centcols.org\/wp-content\/uploads\/2023\/07\/08061.jpg\",\"contentUrl\":\"https:\/\/centcols.org\/wp-content\/uploads\/2023\/07\/08061.jpg\",\"width\":800,\"height\":600},{\"@type\":\"BreadcrumbList\",\"@id\":\"https:\/\/centcols.org\/fr-54-grand-est-rencontre-regionale-2020-route-69-km-d-800-m-6-cols\/#breadcrumb\",\"itemListElement\":[{\"@type\":\"ListItem\",\"position\":1,\"name\":\"Accueil\",\"item\":\"https:\/\/centcols.org\/\"},{\"@type\":\"ListItem\",\"position\":2,\"name\":\"Parcours membres\",\"item\":\"https:\/\/centcols.org\/rubrique\/parcours-membres\/\"},{\"@type\":\"ListItem\",\"position\":3,\"name\":\"Pays\",\"item\":\"https:\/\/centcols.org\/rubrique\/parcours-membres\/pays-parcours-membres\/\"},{\"@type\":\"ListItem\",\"position\":4,\"name\":\"Parcours France\",\"item\":\"https:\/\/centcols.org\/rubrique\/parcours-membres\/pays-parcours-membres\/parcours-france\/\"},{\"@type\":\"ListItem\",\"position\":5,\"name\":\"FR-54 Grand Est Rencontre r\u00e9gionale 2020 &#8211; Route 69 km, D+ 800 m, 6 cols\"}]},{\"@type\":\"WebSite\",\"@id\":\"https:\/\/centcols.org\/#website\",\"url\":\"https:\/\/centcols.org\/\",\"name\":\"Club des Cent Cols\",\"description\":\"\",\"publisher\":{\"@id\":\"https:\/\/centcols.org\/#organization\"},\"potentialAction\":[{\"@type\":\"SearchAction\",\"target\":{\"@type\":\"EntryPoint\",\"urlTemplate\":\"https:\/\/centcols.org\/?s={search_term_string}\"},\"query-input\":{\"@type\":\"PropertyValueSpecification\",\"valueRequired\":true,\"valueName\":\"search_term_string\"}}],\"inLanguage\":\"es\"},{\"@type\":\"Organization\",\"@id\":\"https:\/\/centcols.org\/#organization\",\"name\":\"Club des Cent Cols\",\"url\":\"https:\/\/centcols.org\/\",\"logo\":{\"@type\":\"ImageObject\",\"inLanguage\":\"es\",\"@id\":\"https:\/\/centcols.org\/#\/schema\/logo\/image\/\",\"url\":\"https:\/\/centcols.org\/wp-content\/uploads\/2025\/01\/carte-icone.png\",\"contentUrl\":\"https:\/\/centcols.org\/wp-content\/uploads\/2025\/01\/carte-icone.png\",\"width\":250,\"height\":250,\"caption\":\"Club des Cent Cols\"},\"image\":{\"@id\":\"https:\/\/centcols.org\/#\/schema\/logo\/image\/\"},\"sameAs\":[\"https:\/\/www.facebook.com\/groups\/5261880558\/?locale=fr_FR\"]},{\"@type\":\"Person\",\"@id\":\"https:\/\/centcols.org\/#\/schema\/person\/911b404fb133d8c913dd27cdcf71c8e5\",\"name\":\"Webmestre\",\"image\":{\"@type\":\"ImageObject\",\"inLanguage\":\"es\",\"@id\":\"https:\/\/centcols.org\/wp-content\/litespeed\/avatar\/2d246e4b6b4f773e08515e1ffc53690b.jpg?ver=1777222892\",\"url\":\"https:\/\/centcols.org\/wp-content\/litespeed\/avatar\/2d246e4b6b4f773e08515e1ffc53690b.jpg?ver=1777222892\",\"contentUrl\":\"https:\/\/centcols.org\/wp-content\/litespeed\/avatar\/2d246e4b6b4f773e08515e1ffc53690b.jpg?ver=1777222892\",\"caption\":\"Webmestre\"},\"url\":\"https:\/\/centcols.org\/es\/author\/webmestre\/\"}]}<\/script>\n<!-- \/ Yoast SEO plugin. -->","yoast_head_json":{"title":"FR-54 Reuni\u00f3n Regional Grand Est 2020 - Carretera 69 km, D+ 800 m, 6 puertos - Club des Cent Cols","robots":{"index":"index","follow":"follow","max-snippet":"max-snippet:-1","max-image-preview":"max-image-preview:large","max-video-preview":"max-video-preview:-1"},"canonical":"https:\/\/centcols.org\/es\/fr-54-grand-est-2020-encuentro-regional-carretera-69-km-d-800-m-6-puertos\/","og_locale":"es_ES","og_type":"article","og_title":"FR-54 Grand Est Rencontre r\u00e9gionale 2020 - Route 69 km, D+ 800 m, 6 cols - Club des Cent Cols","og_description":"Description de l\u2019auteur Auteur : Denis Mathieu Parcours : effectu\u00e9 le 27\/05\/2020 D\u00e9part : parking au bout du Chemin du Pain de Sucre \u00e0 Dommartemont 54130, banlieue Est de Nancy. Alt&nbsp;: 353 m Descriptif touristique Parcours d\u00e9butant sur les berges de la Meurthe, passage par le site des anciennes aci\u00e9ries de Pompey (origine des aciers [&hellip;]","og_url":"https:\/\/centcols.org\/es\/fr-54-grand-est-2020-encuentro-regional-carretera-69-km-d-800-m-6-puertos\/","og_site_name":"Club des Cent Cols","article_publisher":"https:\/\/www.facebook.com\/groups\/5261880558\/?locale=fr_FR","article_published_time":"2023-07-06T07:19:09+00:00","article_modified_time":"2025-10-15T12:58:32+00:00","og_image":[{"width":800,"height":600,"url":"https:\/\/centcols.org\/wp-content\/uploads\/2023\/07\/08061.jpg","type":"image\/jpeg"}],"author":"Webmestre","twitter_card":"summary_large_image","twitter_misc":{"Escrito por":"Webmestre","Tiempo de lectura":"4 minutos"},"schema":{"@context":"https:\/\/schema.org","@graph":[{"@type":"Article","@id":"https:\/\/centcols.org\/fr-54-grand-est-rencontre-regionale-2020-route-69-km-d-800-m-6-cols\/#article","isPartOf":{"@id":"https:\/\/centcols.org\/fr-54-grand-est-rencontre-regionale-2020-route-69-km-d-800-m-6-cols\/"},"author":{"name":"Webmestre","@id":"https:\/\/centcols.org\/#\/schema\/person\/911b404fb133d8c913dd27cdcf71c8e5"},"headline":"FR-54 Grand Est Rencontre r\u00e9gionale 2020 &#8211; Route 69 km, D+ 800 m, 6 cols","datePublished":"2023-07-06T07:19:09+00:00","dateModified":"2025-10-15T12:58:32+00:00","mainEntityOfPage":{"@id":"https:\/\/centcols.org\/fr-54-grand-est-rencontre-regionale-2020-route-69-km-d-800-m-6-cols\/"},"wordCount":336,"commentCount":0,"publisher":{"@id":"https:\/\/centcols.org\/#organization"},"image":{"@id":"https:\/\/centcols.org\/fr-54-grand-est-rencontre-regionale-2020-route-69-km-d-800-m-6-cols\/#primaryimage"},"thumbnailUrl":"https:\/\/centcols.org\/wp-content\/uploads\/2023\/07\/08061.jpg","articleSection":["Parcours France","Route","Grand Est","Vosges","54-Meurthe et Moselle","Parcours membres"],"inLanguage":"es","potentialAction":[{"@type":"CommentAction","name":"Comment","target":["https:\/\/centcols.org\/fr-54-grand-est-rencontre-regionale-2020-route-69-km-d-800-m-6-cols\/#respond"]}]},{"@type":"WebPage","@id":"https:\/\/centcols.org\/fr-54-grand-est-rencontre-regionale-2020-route-69-km-d-800-m-6-cols\/","url":"https:\/\/centcols.org\/fr-54-grand-est-rencontre-regionale-2020-route-69-km-d-800-m-6-cols\/","name":"FR-54 Reuni\u00f3n Regional Grand Est 2020 - Carretera 69 km, D+ 800 m, 6 puertos - Club des Cent Cols","isPartOf":{"@id":"https:\/\/centcols.org\/#website"},"primaryImageOfPage":{"@id":"https:\/\/centcols.org\/fr-54-grand-est-rencontre-regionale-2020-route-69-km-d-800-m-6-cols\/#primaryimage"},"image":{"@id":"https:\/\/centcols.org\/fr-54-grand-est-rencontre-regionale-2020-route-69-km-d-800-m-6-cols\/#primaryimage"},"thumbnailUrl":"https:\/\/centcols.org\/wp-content\/uploads\/2023\/07\/08061.jpg","datePublished":"2023-07-06T07:19:09+00:00","dateModified":"2025-10-15T12:58:32+00:00","breadcrumb":{"@id":"https:\/\/centcols.org\/fr-54-grand-est-rencontre-regionale-2020-route-69-km-d-800-m-6-cols\/#breadcrumb"},"inLanguage":"es","potentialAction":[{"@type":"ReadAction","target":["https:\/\/centcols.org\/fr-54-grand-est-rencontre-regionale-2020-route-69-km-d-800-m-6-cols\/"]}]},{"@type":"ImageObject","inLanguage":"es","@id":"https:\/\/centcols.org\/fr-54-grand-est-rencontre-regionale-2020-route-69-km-d-800-m-6-cols\/#primaryimage","url":"https:\/\/centcols.org\/wp-content\/uploads\/2023\/07\/08061.jpg","contentUrl":"https:\/\/centcols.org\/wp-content\/uploads\/2023\/07\/08061.jpg","width":800,"height":600},{"@type":"BreadcrumbList","@id":"https:\/\/centcols.org\/fr-54-grand-est-rencontre-regionale-2020-route-69-km-d-800-m-6-cols\/#breadcrumb","itemListElement":[{"@type":"ListItem","position":1,"name":"Accueil","item":"https:\/\/centcols.org\/"},{"@type":"ListItem","position":2,"name":"Parcours membres","item":"https:\/\/centcols.org\/rubrique\/parcours-membres\/"},{"@type":"ListItem","position":3,"name":"Pays","item":"https:\/\/centcols.org\/rubrique\/parcours-membres\/pays-parcours-membres\/"},{"@type":"ListItem","position":4,"name":"Parcours France","item":"https:\/\/centcols.org\/rubrique\/parcours-membres\/pays-parcours-membres\/parcours-france\/"},{"@type":"ListItem","position":5,"name":"FR-54 Grand Est Rencontre r\u00e9gionale 2020 &#8211; Route 69 km, D+ 800 m, 6 cols"}]},{"@type":"WebSite","@id":"https:\/\/centcols.org\/#website","url":"https:\/\/centcols.org\/","name":"Club des Cent Cols","description":"","publisher":{"@id":"https:\/\/centcols.org\/#organization"},"potentialAction":[{"@type":"SearchAction","target":{"@type":"EntryPoint","urlTemplate":"https:\/\/centcols.org\/?s={search_term_string}"},"query-input":{"@type":"PropertyValueSpecification","valueRequired":true,"valueName":"search_term_string"}}],"inLanguage":"es"},{"@type":"Organization","@id":"https:\/\/centcols.org\/#organization","name":"Club des Cent Cols","url":"https:\/\/centcols.org\/","logo":{"@type":"ImageObject","inLanguage":"es","@id":"https:\/\/centcols.org\/#\/schema\/logo\/image\/","url":"https:\/\/centcols.org\/wp-content\/uploads\/2025\/01\/carte-icone.png","contentUrl":"https:\/\/centcols.org\/wp-content\/uploads\/2025\/01\/carte-icone.png","width":250,"height":250,"caption":"Club des Cent Cols"},"image":{"@id":"https:\/\/centcols.org\/#\/schema\/logo\/image\/"},"sameAs":["https:\/\/www.facebook.com\/groups\/5261880558\/?locale=fr_FR"]},{"@type":"Person","@id":"https:\/\/centcols.org\/#\/schema\/person\/911b404fb133d8c913dd27cdcf71c8e5","name":"Webmaster","image":{"@type":"ImageObject","inLanguage":"es","@id":"https:\/\/centcols.org\/wp-content\/litespeed\/avatar\/2d246e4b6b4f773e08515e1ffc53690b.jpg?ver=1777222892","url":"https:\/\/centcols.org\/wp-content\/litespeed\/avatar\/2d246e4b6b4f773e08515e1ffc53690b.jpg?ver=1777222892","contentUrl":"https:\/\/centcols.org\/wp-content\/litespeed\/avatar\/2d246e4b6b4f773e08515e1ffc53690b.jpg?ver=1777222892","caption":"Webmestre"},"url":"https:\/\/centcols.org\/es\/author\/webmestre\/"}]}},"_links":{"self":[{"href":"https:\/\/centcols.org\/es\/wp-json\/wp\/v2\/posts\/82446","targetHints":{"allow":["GET"]}}],"collection":[{"href":"https:\/\/centcols.org\/es\/wp-json\/wp\/v2\/posts"}],"about":[{"href":"https:\/\/centcols.org\/es\/wp-json\/wp\/v2\/types\/post"}],"author":[{"embeddable":true,"href":"https:\/\/centcols.org\/es\/wp-json\/wp\/v2\/users\/3"}],"replies":[{"embeddable":true,"href":"https:\/\/centcols.org\/es\/wp-json\/wp\/v2\/comments?post=82446"}],"version-history":[{"count":0,"href":"https:\/\/centcols.org\/es\/wp-json\/wp\/v2\/posts\/82446\/revisions"}],"wp:featuredmedia":[{"embeddable":true,"href":"https:\/\/centcols.org\/es\/wp-json\/wp\/v2\/media\/82889"}],"wp:attachment":[{"href":"https:\/\/centcols.org\/es\/wp-json\/wp\/v2\/media?parent=82446"}],"wp:term":[{"taxonomy":"category","embeddable":true,"href":"https:\/\/centcols.org\/es\/wp-json\/wp\/v2\/categories?post=82446"},{"taxonomy":"post_tag","embeddable":true,"href":"https:\/\/centcols.org\/es\/wp-json\/wp\/v2\/tags?post=82446"}],"curies":[{"name":"wp","href":"https:\/\/api.w.org\/{rel}","templated":true}]}}