{"id":82462,"date":"2023-08-17T12:18:47","date_gmt":"2023-08-17T10:18:47","guid":{"rendered":"https:\/\/centcols.org\/de-bw-foret-noire-gernsbach-sud-gravel-84-km-d-1930-m-6-cols\/"},"modified":"2026-04-05T22:42:47","modified_gmt":"2026-04-05T20:42:47","slug":"de-bw-foret-noire-gernsbach-sud-grava","status":"publish","type":"post","link":"https:\/\/centcols.org\/es\/de-bw-foret-noire-gernsbach-sud-gravel\/","title":{"rendered":"DE-BW Selva Negra Gernsbach sur - Grava 86 km, D+ 1910 m, 6 puertos"},"content":{"rendered":"<iframe width=\"100%\" height=\"500\" loading=\"lazy\" src=\"https:\/\/www.openrunner.com\/embed.html?code=686b4c4639543467473445625374454837347037312f6658693837356c7a5a6c64364668506c5064764a773d3a3ab5c8a9e9201262edb3a5b293594cd148&#038;lang=fr&#038;unit=metric\" style=\"border: none;\"><\/iframe>\n\n\n\n<div style=\"height:30px\" aria-hidden=\"true\" class=\"wp-block-spacer\"><\/div>\n\n\n\n<h2 class=\"wp-block-heading\">Descripci\u00f3n del autor<\/h2>\n\n\n\n<p><strong>Autor <\/strong>Jean-Luc Ceccato<br><strong>Curso<\/strong> se llevar\u00e1 a cabo en 2021<br>Salida: Gernsbach, aparcamiento de la calle F\u00e4rbertorstra\u00dfe, cerca del estadio.<\/p>\n\n\n\n<div style=\"height:30px\" aria-hidden=\"true\" class=\"wp-block-spacer\"><\/div>\n\n\n\n<h2 class=\"wp-block-heading\">Informaci\u00f3n tur\u00edstica<\/h2>\n\n\n\n<p>La ruta serpentea entre bosques, campos y prados. Hay varios miradores a lo largo del camino. La arquitectura de las casas antiguas es una visita obligada.<\/p>\n\n\n\n<div style=\"height:30px\" aria-hidden=\"true\" class=\"wp-block-spacer\"><\/div>\n\n\n\n<h2 class=\"wp-block-heading\">Especificaciones t\u00e9cnicas<\/h2>\n\n\n\n<p>No es un recorrido dif\u00edcil, pero s\u00ed tiene un desnivel, y se recorri\u00f3 sobre grava sin problemas. Es un recorrido de unos 76% de carreteras asfaltadas y el resto de bonitos carriles.<br>Como en la mayor\u00eda de las rutas de la Selva Negra, a menudo hay que superar pendientes bastante pronunciadas.<\/p>\n\n\n\n<p><em>Para los m\u00e1s experimentados, esta ruta de 86 km puede combinarse con la de Gernsbach Norte. <a href=\"\/es\/de-bw-foret-noire-gernsbach-nord-gravel\/\" target=\"_blank\" rel=\"noreferrer noopener\">DE-BW Gernsbach Norte<\/a>, El objetivo es completar una \u00fanica ruta de 119 km con un D+ de 2.560 m que cubra los 12 puertos de este sector, <em>5 km al norte de Gaggenau (aparcamiento cerca del Waldfriedhof (cementerio), en la orilla derecha del Murg, en el cruce de Michelbacher Strasse y Kniebisstrasse).<\/em>.<\/em><br>L<em>ien openrunner de este gran curso: <a href=\"https:\/\/www.openrunner.com\/route-details\/23725647\" target=\"_blank\" rel=\"noreferrer noopener\">https:\/\/www.openrunner.com\/route-details\/23725647<\/a>.<\/em><\/p>\n\n\n\n<div style=\"height:30px\" aria-hidden=\"true\" class=\"wp-block-spacer\"><\/div>\n\n\n\n<p><strong>6 collares<\/strong><\/p>\n\n\n\n<figure class=\"wp-block-table tableau-cols\"><table class=\"has-background\" style=\"background-color:#f0f0f0\"><tbody><tr><td>1 - Plaza Weith\u00e4uslesplatz<\/td><td>822 m<\/td><td><a href=\"\/es\/util\/geo\/visu.php\/?code=DE-BW-0822a\" target=\"_blank\" rel=\"noreferrer noopener\">DE-BW-0822a<\/a><\/td><\/tr><tr><td>2 - Meisternebene<\/td><td>707 m<\/td><td><a href=\"\/es\/util\/geo\/visu.php\/?code=DE-BW-0707a\" target=\"_blank\" rel=\"noreferrer noopener\">DE-BW-0707a<\/a><\/td><\/tr><tr><td>3 - Heselsteig<\/td><td>688 m<\/td><td><a href=\"\/es\/util\/geo\/visu.php\/?code=DE-BW-0688\" target=\"_blank\" rel=\"noreferrer noopener\">DE-BW-0688<\/a><\/td><\/tr><tr><td>4 - Sattel<\/td><td>717 m<\/td><td><a href=\"\/es\/util\/geo\/visu.php\/?code=DE-BW-0717\" target=\"_blank\" rel=\"noreferrer noopener\">DE-BW-0717<\/a><\/td><\/tr><tr><td>5 - Viereichensattel<\/td><td>912 m<\/td><td><a href=\"\/es\/util\/geo\/visu.php\/?code=DE-BW-0912\" target=\"_blank\" rel=\"noreferrer noopener\">DE-BW-0912<\/a><\/td><\/tr><tr><td>6 - Schwarzmisssattel<\/td><td>934 m<\/td><td><a href=\"\/es\/util\/geo\/visu.php\/?code=DE-BW-0934\" target=\"_blank\" rel=\"noreferrer noopener\">DE-BW-0934<\/a><\/td><\/tr><\/tbody><\/table><\/figure>\n\n\n\n<p><strong>Palabras clave<\/strong> Selva Negra, Gernsbach, Baden, Centralols<\/p>\n\n\n\n<p>Enlace Openrunner, mapa interactivo, perfil, pista : <a href=\"https:\/\/www.openrunner.com\/route-details\/23686957\" target=\"_blank\" rel=\"noreferrer noopener\">https:\/\/www.openrunner.com\/route-details\/23686957<\/a><\/p>\n\n\n\n<p>Este itinerario se facilita \u00fanicamente a t\u00edtulo informativo. El autor no asume ninguna responsabilidad, ni tampoco el Club des Cent Cols, por los imponderables debidos al propio ciclista, al material utilizado o a cualquier cosa relacionada con la carretera, las pistas y los caminos, su entorno o los dem\u00e1s usuarios.<\/p>\n\n\n\n<div style=\"height:30px\" aria-hidden=\"true\" class=\"wp-block-spacer\"><\/div>\n\n\n\n<h2 class=\"wp-block-heading\">Fotos<\/h2>\n\n\n\n<figure class=\"wp-block-gallery has-nested-images columns-default is-cropped wp-block-gallery-1 is-layout-flex wp-block-gallery-is-layout-flex\">\n<figure class=\"wp-block-image size-large\"><a href=\"https:\/\/centcols.org\/wp-content\/uploads\/2023\/08\/Bad_Herrenalb1.jpg\"><img loading=\"lazy\" decoding=\"async\" width=\"1200\" height=\"799\" data-id=\"89821\" src=\"https:\/\/centcols.org\/wp-content\/uploads\/2023\/08\/Bad_Herrenalb1.jpg\" alt=\"\" class=\"wp-image-89821\" srcset=\"https:\/\/centcols.org\/wp-content\/uploads\/2023\/08\/Bad_Herrenalb1.jpg 1200w, https:\/\/centcols.org\/wp-content\/uploads\/2023\/08\/Bad_Herrenalb1-768x511.jpg 768w, https:\/\/centcols.org\/wp-content\/uploads\/2023\/08\/Bad_Herrenalb1-18x12.jpg 18w\" sizes=\"auto, (max-width: 1200px) 100vw, 1200px\" \/><\/a><figcaption class=\"wp-element-caption\">Bad Herrenalb<\/figcaption><\/figure>\n\n\n\n<figure class=\"wp-block-image size-large\"><a href=\"https:\/\/centcols.org\/wp-content\/uploads\/2023\/08\/2O6dioxqtKvP8gWl4BT2pFkD6aw-500x3511-1.jpg\"><img loading=\"lazy\" decoding=\"async\" width=\"500\" height=\"351\" data-id=\"82862\" src=\"https:\/\/centcols.org\/wp-content\/uploads\/2023\/08\/2O6dioxqtKvP8gWl4BT2pFkD6aw-500x3511-1.jpg\" alt=\"\" class=\"wp-image-82862\"\/><\/a><figcaption class=\"wp-element-caption\">Bad Wildbach<\/figcaption><\/figure>\n\n\n\n<figure class=\"wp-block-image size-large\"><a href=\"https:\/\/centcols.org\/wp-content\/uploads\/2023\/08\/image-49.jpeg\"><img loading=\"lazy\" decoding=\"async\" width=\"800\" height=\"531\" data-id=\"94872\" src=\"https:\/\/centcols.org\/wp-content\/uploads\/2023\/08\/image-49.jpeg\" alt=\"\" class=\"wp-image-94872\" srcset=\"https:\/\/centcols.org\/wp-content\/uploads\/2023\/08\/image-49.jpeg 800w, https:\/\/centcols.org\/wp-content\/uploads\/2023\/08\/image-49-768x510.jpeg 768w, https:\/\/centcols.org\/wp-content\/uploads\/2023\/08\/image-49-18x12.jpeg 18w\" sizes=\"auto, (max-width: 800px) 100vw, 800px\" \/><\/a><figcaption class=\"wp-element-caption\">Sattel<\/figcaption><\/figure>\n\n\n\n<figure class=\"wp-block-image size-large\"><a href=\"https:\/\/centcols.org\/wp-content\/uploads\/2023\/08\/image-27.jpeg\"><img loading=\"lazy\" decoding=\"async\" width=\"800\" height=\"531\" data-id=\"94759\" src=\"https:\/\/centcols.org\/wp-content\/uploads\/2023\/08\/image-27.jpeg\" alt=\"\" class=\"wp-image-94759\" srcset=\"https:\/\/centcols.org\/wp-content\/uploads\/2023\/08\/image-27.jpeg 800w, https:\/\/centcols.org\/wp-content\/uploads\/2023\/08\/image-27-768x510.jpeg 768w, https:\/\/centcols.org\/wp-content\/uploads\/2023\/08\/image-27-18x12.jpeg 18w\" sizes=\"auto, (max-width: 800px) 100vw, 800px\" \/><\/a><figcaption class=\"wp-element-caption\">Viereichensattel<\/figcaption><\/figure>\n\n\n\n<figure class=\"wp-block-image size-large\"><a href=\"https:\/\/centcols.org\/wp-content\/uploads\/2023\/08\/image-50.jpeg\"><img loading=\"lazy\" decoding=\"async\" width=\"800\" height=\"531\" data-id=\"94873\" src=\"https:\/\/centcols.org\/wp-content\/uploads\/2023\/08\/image-50.jpeg\" alt=\"\" class=\"wp-image-94873\" srcset=\"https:\/\/centcols.org\/wp-content\/uploads\/2023\/08\/image-50.jpeg 800w, https:\/\/centcols.org\/wp-content\/uploads\/2023\/08\/image-50-768x510.jpeg 768w, https:\/\/centcols.org\/wp-content\/uploads\/2023\/08\/image-50-18x12.jpeg 18w\" sizes=\"auto, (max-width: 800px) 100vw, 800px\" \/><\/a><figcaption class=\"wp-element-caption\">Schwarzmisssattel<\/figcaption><\/figure>\n<\/figure>","protected":false},"excerpt":{"rendered":"<p>Description de l\u2019auteur Auteur : Jean-Luc CeccatoParcours : effectu\u00e9 en 2021D\u00e9part : Gernsbach, parking le long de la F\u00e4rbertorstra\u00dfe, proche du stade. Descriptif touristique Le circuit s\u2019insinue entre for\u00eats, champs et prairies. Quelques points de vue agr\u00e9mentent ce parcours. L\u2019architecture des maisons anciennes est absolument \u00e0 d\u00e9couvrir. Descriptif technique Ce parcours ne pr\u00e9sente pas de [&hellip;]<\/p>\n","protected":false},"author":3,"featured_media":82862,"comment_status":"open","ping_status":"open","sticky":false,"template":"","format":"standard","meta":{"_acf_changed":false,"footnotes":""},"categories":[302,320,323,220],"tags":[],"class_list":["post-82462","post","type-post","status-publish","format-standard","has-post-thumbnail","hentry","category-parcours-allemagne","category-gravel-type-parcours","category-foret-noire-massif-parcours-membres","category-parcours-membres"],"acf":[],"yoast_head":"<!-- This site is optimized with the Yoast SEO plugin v27.2 - https:\/\/yoast.com\/product\/yoast-seo-wordpress\/ -->\n<title>DE-BW For\u00eat-Noire Gernsbach sud - Gravel 86 km, D+ 1910 m, 6 cols - Club des Cent Cols<\/title>\n<meta name=\"robots\" content=\"index, follow, max-snippet:-1, max-image-preview:large, max-video-preview:-1\" \/>\n<link rel=\"canonical\" href=\"https:\/\/centcols.org\/es\/de-bw-foret-noire-gernsbach-sud-grava\/\" \/>\n<meta property=\"og:locale\" content=\"es_ES\" \/>\n<meta property=\"og:type\" content=\"article\" \/>\n<meta property=\"og:title\" content=\"DE-BW For\u00eat-Noire Gernsbach sud - Gravel 86 km, D+ 1910 m, 6 cols - Club des Cent Cols\" \/>\n<meta property=\"og:description\" content=\"Description de l\u2019auteur Auteur : Jean-Luc CeccatoParcours : effectu\u00e9 en 2021D\u00e9part : Gernsbach, parking le long de la F\u00e4rbertorstra\u00dfe, proche du stade. Descriptif touristique Le circuit s\u2019insinue entre for\u00eats, champs et prairies. Quelques points de vue agr\u00e9mentent ce parcours. L\u2019architecture des maisons anciennes est absolument \u00e0 d\u00e9couvrir. Descriptif technique Ce parcours ne pr\u00e9sente pas de [&hellip;]\" \/>\n<meta property=\"og:url\" content=\"https:\/\/centcols.org\/es\/de-bw-foret-noire-gernsbach-sud-grava\/\" \/>\n<meta property=\"og:site_name\" content=\"Club des Cent Cols\" \/>\n<meta property=\"article:publisher\" content=\"https:\/\/www.facebook.com\/groups\/5261880558\/?locale=fr_FR\" \/>\n<meta property=\"article:published_time\" content=\"2023-08-17T10:18:47+00:00\" \/>\n<meta property=\"article:modified_time\" content=\"2026-04-05T20:42:47+00:00\" \/>\n<meta property=\"og:image\" content=\"https:\/\/centcols.org\/wp-content\/uploads\/2023\/08\/2O6dioxqtKvP8gWl4BT2pFkD6aw-500x3511-1.jpg\" \/>\n\t<meta property=\"og:image:width\" content=\"500\" \/>\n\t<meta property=\"og:image:height\" content=\"351\" \/>\n\t<meta property=\"og:image:type\" content=\"image\/jpeg\" \/>\n<meta name=\"author\" content=\"Webmestre\" \/>\n<meta name=\"twitter:card\" content=\"summary_large_image\" \/>\n<meta name=\"twitter:label1\" content=\"Escrito por\" \/>\n\t<meta name=\"twitter:data1\" content=\"Webmestre\" \/>\n\t<meta name=\"twitter:label2\" content=\"Tiempo de lectura\" \/>\n\t<meta name=\"twitter:data2\" content=\"3 minutos\" \/>\n<script type=\"application\/ld+json\" class=\"yoast-schema-graph\">{\"@context\":\"https:\/\/schema.org\",\"@graph\":[{\"@type\":\"Article\",\"@id\":\"https:\/\/centcols.org\/de-bw-foret-noire-gernsbach-sud-gravel\/#article\",\"isPartOf\":{\"@id\":\"https:\/\/centcols.org\/de-bw-foret-noire-gernsbach-sud-gravel\/\"},\"author\":{\"name\":\"Webmestre\",\"@id\":\"https:\/\/centcols.org\/#\/schema\/person\/911b404fb133d8c913dd27cdcf71c8e5\"},\"headline\":\"DE-BW For\u00eat-Noire Gernsbach sud &#8211; Gravel 86 km, D+ 1910 m, 6 cols\",\"datePublished\":\"2023-08-17T10:18:47+00:00\",\"dateModified\":\"2026-04-05T20:42:47+00:00\",\"mainEntityOfPage\":{\"@id\":\"https:\/\/centcols.org\/de-bw-foret-noire-gernsbach-sud-gravel\/\"},\"wordCount\":307,\"commentCount\":0,\"publisher\":{\"@id\":\"https:\/\/centcols.org\/#organization\"},\"image\":{\"@id\":\"https:\/\/centcols.org\/de-bw-foret-noire-gernsbach-sud-gravel\/#primaryimage\"},\"thumbnailUrl\":\"https:\/\/centcols.org\/wp-content\/uploads\/2023\/08\/2O6dioxqtKvP8gWl4BT2pFkD6aw-500x3511-1.jpg\",\"articleSection\":[\"Parcours Allemagne\",\"Gravel\",\"For\u00eat-Noire\",\"Parcours membres\"],\"inLanguage\":\"es\",\"potentialAction\":[{\"@type\":\"CommentAction\",\"name\":\"Comment\",\"target\":[\"https:\/\/centcols.org\/de-bw-foret-noire-gernsbach-sud-gravel\/#respond\"]}]},{\"@type\":\"WebPage\",\"@id\":\"https:\/\/centcols.org\/de-bw-foret-noire-gernsbach-sud-gravel\/\",\"url\":\"https:\/\/centcols.org\/de-bw-foret-noire-gernsbach-sud-gravel\/\",\"name\":\"DE-BW For\u00eat-Noire Gernsbach sud - Gravel 86 km, D+ 1910 m, 6 cols - Club des Cent Cols\",\"isPartOf\":{\"@id\":\"https:\/\/centcols.org\/#website\"},\"primaryImageOfPage\":{\"@id\":\"https:\/\/centcols.org\/de-bw-foret-noire-gernsbach-sud-gravel\/#primaryimage\"},\"image\":{\"@id\":\"https:\/\/centcols.org\/de-bw-foret-noire-gernsbach-sud-gravel\/#primaryimage\"},\"thumbnailUrl\":\"https:\/\/centcols.org\/wp-content\/uploads\/2023\/08\/2O6dioxqtKvP8gWl4BT2pFkD6aw-500x3511-1.jpg\",\"datePublished\":\"2023-08-17T10:18:47+00:00\",\"dateModified\":\"2026-04-05T20:42:47+00:00\",\"breadcrumb\":{\"@id\":\"https:\/\/centcols.org\/de-bw-foret-noire-gernsbach-sud-gravel\/#breadcrumb\"},\"inLanguage\":\"es\",\"potentialAction\":[{\"@type\":\"ReadAction\",\"target\":[\"https:\/\/centcols.org\/de-bw-foret-noire-gernsbach-sud-gravel\/\"]}]},{\"@type\":\"ImageObject\",\"inLanguage\":\"es\",\"@id\":\"https:\/\/centcols.org\/de-bw-foret-noire-gernsbach-sud-gravel\/#primaryimage\",\"url\":\"https:\/\/centcols.org\/wp-content\/uploads\/2023\/08\/2O6dioxqtKvP8gWl4BT2pFkD6aw-500x3511-1.jpg\",\"contentUrl\":\"https:\/\/centcols.org\/wp-content\/uploads\/2023\/08\/2O6dioxqtKvP8gWl4BT2pFkD6aw-500x3511-1.jpg\",\"width\":500,\"height\":351},{\"@type\":\"BreadcrumbList\",\"@id\":\"https:\/\/centcols.org\/de-bw-foret-noire-gernsbach-sud-gravel\/#breadcrumb\",\"itemListElement\":[{\"@type\":\"ListItem\",\"position\":1,\"name\":\"Accueil\",\"item\":\"https:\/\/centcols.org\/\"},{\"@type\":\"ListItem\",\"position\":2,\"name\":\"Parcours membres\",\"item\":\"https:\/\/centcols.org\/rubrique\/parcours-membres\/\"},{\"@type\":\"ListItem\",\"position\":3,\"name\":\"Pays\",\"item\":\"https:\/\/centcols.org\/rubrique\/parcours-membres\/pays-parcours-membres\/\"},{\"@type\":\"ListItem\",\"position\":4,\"name\":\"Parcours Allemagne\",\"item\":\"https:\/\/centcols.org\/rubrique\/parcours-membres\/pays-parcours-membres\/parcours-allemagne\/\"},{\"@type\":\"ListItem\",\"position\":5,\"name\":\"DE-BW For\u00eat-Noire Gernsbach sud &#8211; Gravel 86 km, D+ 1910 m, 6 cols\"}]},{\"@type\":\"WebSite\",\"@id\":\"https:\/\/centcols.org\/#website\",\"url\":\"https:\/\/centcols.org\/\",\"name\":\"Club des Cent Cols\",\"description\":\"\",\"publisher\":{\"@id\":\"https:\/\/centcols.org\/#organization\"},\"potentialAction\":[{\"@type\":\"SearchAction\",\"target\":{\"@type\":\"EntryPoint\",\"urlTemplate\":\"https:\/\/centcols.org\/?s={search_term_string}\"},\"query-input\":{\"@type\":\"PropertyValueSpecification\",\"valueRequired\":true,\"valueName\":\"search_term_string\"}}],\"inLanguage\":\"es\"},{\"@type\":\"Organization\",\"@id\":\"https:\/\/centcols.org\/#organization\",\"name\":\"Club des Cent Cols\",\"url\":\"https:\/\/centcols.org\/\",\"logo\":{\"@type\":\"ImageObject\",\"inLanguage\":\"es\",\"@id\":\"https:\/\/centcols.org\/#\/schema\/logo\/image\/\",\"url\":\"https:\/\/centcols.org\/wp-content\/uploads\/2025\/01\/carte-icone.png\",\"contentUrl\":\"https:\/\/centcols.org\/wp-content\/uploads\/2025\/01\/carte-icone.png\",\"width\":250,\"height\":250,\"caption\":\"Club des Cent Cols\"},\"image\":{\"@id\":\"https:\/\/centcols.org\/#\/schema\/logo\/image\/\"},\"sameAs\":[\"https:\/\/www.facebook.com\/groups\/5261880558\/?locale=fr_FR\"]},{\"@type\":\"Person\",\"@id\":\"https:\/\/centcols.org\/#\/schema\/person\/911b404fb133d8c913dd27cdcf71c8e5\",\"name\":\"Webmestre\",\"image\":{\"@type\":\"ImageObject\",\"inLanguage\":\"es\",\"@id\":\"https:\/\/centcols.org\/wp-content\/litespeed\/avatar\/2d246e4b6b4f773e08515e1ffc53690b.jpg?ver=1777222892\",\"url\":\"https:\/\/centcols.org\/wp-content\/litespeed\/avatar\/2d246e4b6b4f773e08515e1ffc53690b.jpg?ver=1777222892\",\"contentUrl\":\"https:\/\/centcols.org\/wp-content\/litespeed\/avatar\/2d246e4b6b4f773e08515e1ffc53690b.jpg?ver=1777222892\",\"caption\":\"Webmestre\"},\"url\":\"https:\/\/centcols.org\/es\/author\/webmestre\/\"}]}<\/script>\n<!-- \/ Yoast SEO plugin. -->","yoast_head_json":{"title":"DE-BW Selva Negra Gernsbach sur - Grava 86 km, D+ 1910 m, 6 puertos - Club des Cent Cols","robots":{"index":"index","follow":"follow","max-snippet":"max-snippet:-1","max-image-preview":"max-image-preview:large","max-video-preview":"max-video-preview:-1"},"canonical":"https:\/\/centcols.org\/es\/de-bw-foret-noire-gernsbach-sud-grava\/","og_locale":"es_ES","og_type":"article","og_title":"DE-BW For\u00eat-Noire Gernsbach sud - Gravel 86 km, D+ 1910 m, 6 cols - Club des Cent Cols","og_description":"Description de l\u2019auteur Auteur : Jean-Luc CeccatoParcours : effectu\u00e9 en 2021D\u00e9part : Gernsbach, parking le long de la F\u00e4rbertorstra\u00dfe, proche du stade. Descriptif touristique Le circuit s\u2019insinue entre for\u00eats, champs et prairies. Quelques points de vue agr\u00e9mentent ce parcours. L\u2019architecture des maisons anciennes est absolument \u00e0 d\u00e9couvrir. Descriptif technique Ce parcours ne pr\u00e9sente pas de [&hellip;]","og_url":"https:\/\/centcols.org\/es\/de-bw-foret-noire-gernsbach-sud-grava\/","og_site_name":"Club des Cent Cols","article_publisher":"https:\/\/www.facebook.com\/groups\/5261880558\/?locale=fr_FR","article_published_time":"2023-08-17T10:18:47+00:00","article_modified_time":"2026-04-05T20:42:47+00:00","og_image":[{"width":500,"height":351,"url":"https:\/\/centcols.org\/wp-content\/uploads\/2023\/08\/2O6dioxqtKvP8gWl4BT2pFkD6aw-500x3511-1.jpg","type":"image\/jpeg"}],"author":"Webmestre","twitter_card":"summary_large_image","twitter_misc":{"Escrito por":"Webmestre","Tiempo de lectura":"3 minutos"},"schema":{"@context":"https:\/\/schema.org","@graph":[{"@type":"Article","@id":"https:\/\/centcols.org\/de-bw-foret-noire-gernsbach-sud-gravel\/#article","isPartOf":{"@id":"https:\/\/centcols.org\/de-bw-foret-noire-gernsbach-sud-gravel\/"},"author":{"name":"Webmestre","@id":"https:\/\/centcols.org\/#\/schema\/person\/911b404fb133d8c913dd27cdcf71c8e5"},"headline":"DE-BW For\u00eat-Noire Gernsbach sud &#8211; Gravel 86 km, D+ 1910 m, 6 cols","datePublished":"2023-08-17T10:18:47+00:00","dateModified":"2026-04-05T20:42:47+00:00","mainEntityOfPage":{"@id":"https:\/\/centcols.org\/de-bw-foret-noire-gernsbach-sud-gravel\/"},"wordCount":307,"commentCount":0,"publisher":{"@id":"https:\/\/centcols.org\/#organization"},"image":{"@id":"https:\/\/centcols.org\/de-bw-foret-noire-gernsbach-sud-gravel\/#primaryimage"},"thumbnailUrl":"https:\/\/centcols.org\/wp-content\/uploads\/2023\/08\/2O6dioxqtKvP8gWl4BT2pFkD6aw-500x3511-1.jpg","articleSection":["Parcours Allemagne","Gravel","For\u00eat-Noire","Parcours membres"],"inLanguage":"es","potentialAction":[{"@type":"CommentAction","name":"Comment","target":["https:\/\/centcols.org\/de-bw-foret-noire-gernsbach-sud-gravel\/#respond"]}]},{"@type":"WebPage","@id":"https:\/\/centcols.org\/de-bw-foret-noire-gernsbach-sud-gravel\/","url":"https:\/\/centcols.org\/de-bw-foret-noire-gernsbach-sud-gravel\/","name":"DE-BW Selva Negra Gernsbach sur - Grava 86 km, D+ 1910 m, 6 puertos - Club des Cent Cols","isPartOf":{"@id":"https:\/\/centcols.org\/#website"},"primaryImageOfPage":{"@id":"https:\/\/centcols.org\/de-bw-foret-noire-gernsbach-sud-gravel\/#primaryimage"},"image":{"@id":"https:\/\/centcols.org\/de-bw-foret-noire-gernsbach-sud-gravel\/#primaryimage"},"thumbnailUrl":"https:\/\/centcols.org\/wp-content\/uploads\/2023\/08\/2O6dioxqtKvP8gWl4BT2pFkD6aw-500x3511-1.jpg","datePublished":"2023-08-17T10:18:47+00:00","dateModified":"2026-04-05T20:42:47+00:00","breadcrumb":{"@id":"https:\/\/centcols.org\/de-bw-foret-noire-gernsbach-sud-gravel\/#breadcrumb"},"inLanguage":"es","potentialAction":[{"@type":"ReadAction","target":["https:\/\/centcols.org\/de-bw-foret-noire-gernsbach-sud-gravel\/"]}]},{"@type":"ImageObject","inLanguage":"es","@id":"https:\/\/centcols.org\/de-bw-foret-noire-gernsbach-sud-gravel\/#primaryimage","url":"https:\/\/centcols.org\/wp-content\/uploads\/2023\/08\/2O6dioxqtKvP8gWl4BT2pFkD6aw-500x3511-1.jpg","contentUrl":"https:\/\/centcols.org\/wp-content\/uploads\/2023\/08\/2O6dioxqtKvP8gWl4BT2pFkD6aw-500x3511-1.jpg","width":500,"height":351},{"@type":"BreadcrumbList","@id":"https:\/\/centcols.org\/de-bw-foret-noire-gernsbach-sud-gravel\/#breadcrumb","itemListElement":[{"@type":"ListItem","position":1,"name":"Accueil","item":"https:\/\/centcols.org\/"},{"@type":"ListItem","position":2,"name":"Parcours membres","item":"https:\/\/centcols.org\/rubrique\/parcours-membres\/"},{"@type":"ListItem","position":3,"name":"Pays","item":"https:\/\/centcols.org\/rubrique\/parcours-membres\/pays-parcours-membres\/"},{"@type":"ListItem","position":4,"name":"Parcours Allemagne","item":"https:\/\/centcols.org\/rubrique\/parcours-membres\/pays-parcours-membres\/parcours-allemagne\/"},{"@type":"ListItem","position":5,"name":"DE-BW For\u00eat-Noire Gernsbach sud &#8211; Gravel 86 km, D+ 1910 m, 6 cols"}]},{"@type":"WebSite","@id":"https:\/\/centcols.org\/#website","url":"https:\/\/centcols.org\/","name":"Club des Cent Cols","description":"","publisher":{"@id":"https:\/\/centcols.org\/#organization"},"potentialAction":[{"@type":"SearchAction","target":{"@type":"EntryPoint","urlTemplate":"https:\/\/centcols.org\/?s={search_term_string}"},"query-input":{"@type":"PropertyValueSpecification","valueRequired":true,"valueName":"search_term_string"}}],"inLanguage":"es"},{"@type":"Organization","@id":"https:\/\/centcols.org\/#organization","name":"Club des Cent Cols","url":"https:\/\/centcols.org\/","logo":{"@type":"ImageObject","inLanguage":"es","@id":"https:\/\/centcols.org\/#\/schema\/logo\/image\/","url":"https:\/\/centcols.org\/wp-content\/uploads\/2025\/01\/carte-icone.png","contentUrl":"https:\/\/centcols.org\/wp-content\/uploads\/2025\/01\/carte-icone.png","width":250,"height":250,"caption":"Club des Cent Cols"},"image":{"@id":"https:\/\/centcols.org\/#\/schema\/logo\/image\/"},"sameAs":["https:\/\/www.facebook.com\/groups\/5261880558\/?locale=fr_FR"]},{"@type":"Person","@id":"https:\/\/centcols.org\/#\/schema\/person\/911b404fb133d8c913dd27cdcf71c8e5","name":"Webmaster","image":{"@type":"ImageObject","inLanguage":"es","@id":"https:\/\/centcols.org\/wp-content\/litespeed\/avatar\/2d246e4b6b4f773e08515e1ffc53690b.jpg?ver=1777222892","url":"https:\/\/centcols.org\/wp-content\/litespeed\/avatar\/2d246e4b6b4f773e08515e1ffc53690b.jpg?ver=1777222892","contentUrl":"https:\/\/centcols.org\/wp-content\/litespeed\/avatar\/2d246e4b6b4f773e08515e1ffc53690b.jpg?ver=1777222892","caption":"Webmestre"},"url":"https:\/\/centcols.org\/es\/author\/webmestre\/"}]}},"_links":{"self":[{"href":"https:\/\/centcols.org\/es\/wp-json\/wp\/v2\/posts\/82462","targetHints":{"allow":["GET"]}}],"collection":[{"href":"https:\/\/centcols.org\/es\/wp-json\/wp\/v2\/posts"}],"about":[{"href":"https:\/\/centcols.org\/es\/wp-json\/wp\/v2\/types\/post"}],"author":[{"embeddable":true,"href":"https:\/\/centcols.org\/es\/wp-json\/wp\/v2\/users\/3"}],"replies":[{"embeddable":true,"href":"https:\/\/centcols.org\/es\/wp-json\/wp\/v2\/comments?post=82462"}],"version-history":[{"count":0,"href":"https:\/\/centcols.org\/es\/wp-json\/wp\/v2\/posts\/82462\/revisions"}],"wp:featuredmedia":[{"embeddable":true,"href":"https:\/\/centcols.org\/es\/wp-json\/wp\/v2\/media\/82862"}],"wp:attachment":[{"href":"https:\/\/centcols.org\/es\/wp-json\/wp\/v2\/media?parent=82462"}],"wp:term":[{"taxonomy":"category","embeddable":true,"href":"https:\/\/centcols.org\/es\/wp-json\/wp\/v2\/categories?post=82462"},{"taxonomy":"post_tag","embeddable":true,"href":"https:\/\/centcols.org\/es\/wp-json\/wp\/v2\/tags?post=82462"}],"curies":[{"name":"wp","href":"https:\/\/api.w.org\/{rel}","templated":true}]}}