{"id":82463,"date":"2023-08-18T12:52:07","date_gmt":"2023-08-18T10:52:07","guid":{"rendered":"https:\/\/centcols.org\/de-bw-foret-noire-gernsbach-nord-gravel-58-km-d-1830-m-6-cols\/"},"modified":"2026-04-05T22:41:39","modified_gmt":"2026-04-05T20:41:39","slug":"de-bw-foret-noire-gernsbach-nord-gravel","status":"publish","type":"post","link":"https:\/\/centcols.org\/es\/de-bw-foret-noire-gernsbach-nord-gravel\/","title":{"rendered":"DE-BW Selva Negra Gernsbach norte - Grava 58 km, D+ 1240 m, 6 puertos"},"content":{"rendered":"<iframe width=\"100%\" height=\"650\" loading=\"lazy\" src=\"https:\/\/www.openrunner.com\/embed.html?code=45576465686e42687435727474336650795068484c466c416139695375516c35446e4c4b4557635a6330493d3a3ad457fba728a793258b402908bb58a274&#038;lang=fr&#038;unit=metric\" style=\"border: none;\"><\/iframe>\n\n\n\n<div style=\"height:30px\" aria-hidden=\"true\" class=\"wp-block-spacer\"><\/div>\n\n\n\n<h2 class=\"wp-block-heading\">Descripci\u00f3n del autor<\/h2>\n\n\n\n<p><strong>Autor <\/strong>Jean-Luc Ceccato<br><strong>Curso <\/strong>se llevar\u00e1 a cabo en 2021<br><strong>Salida <\/strong>Gernsbach, aparcamiento en la F\u00e4rbertorstra\u00dfe, cerca del estadio.<\/p>\n\n\n\n<div style=\"height:30px\" aria-hidden=\"true\" class=\"wp-block-spacer\"><\/div>\n\n\n\n<h2 class=\"wp-block-heading\">Informaci\u00f3n tur\u00edstica<\/h2>\n\n\n\n<p>La ruta serpentea entre bosques, campos y prados. Hay varios miradores a lo largo del camino. La arquitectura de las casas antiguas es una visita obligada.<\/p>\n\n\n\n<div style=\"height:30px\" aria-hidden=\"true\" class=\"wp-block-spacer\"><\/div>\n\n\n\n<h2 class=\"wp-block-heading\">Especificaciones t\u00e9cnicas<\/h2>\n\n\n\n<p>Esta ruta no es dif\u00edcil, pero tiene una diferencia de altitud, y se corri\u00f3 sobre grava sin ning\u00fan problema. Es un recorrido de unos 89% de carreteras asfaltadas y el resto de bonitos carriles.<br>Como en la mayor\u00eda de las rutas de la Selva Negra, a menudo hay que superar pendientes bastante pronunciadas.<\/p>\n\n\n\n<p><em>Para los m\u00e1s experimentados, esta ruta de 58 km puede combinarse con la de Gernsbach Sur. <a href=\"\/es\/de-bw-foret-noire-gernsbach-sud-grava-84-km-d-1930-m-6-puertos\/\" target=\"_blank\" rel=\"noreferrer noopener\">DE-BW Gernsbach Sur<\/a>, El objetivo es crear una \u00fanica ruta de 119 km con un total de 2.560 m de ascenso que cubra los 12 puertos de este sector, a 5 km al norte de Gaggenau (aparcamiento cerca del Waldfriedhof (cementerio) en la orilla derecha del Murg, en el cruce de Michelbacher Strasse y Kniebisstrasse).<\/em><br><em>Openrunner enlace para este gran curso: <a href=\"https:\/\/www.openrunner.com\/route-details\/23725647\" target=\"_blank\" rel=\"noreferrer noopener\">https:\/\/www.openrunner.com\/route-details\/23725647<\/a><\/em>.<\/p>\n\n\n\n<div style=\"height:30px\" aria-hidden=\"true\" class=\"wp-block-spacer\"><\/div>\n\n\n\n<p><strong>6 collares<\/strong><\/p>\n\n\n\n<figure class=\"wp-block-table tableau-cols\"><table class=\"has-background\" style=\"background-color:#f0f0f0\"><tbody><tr><td>1 - Wolfsschlucht<\/td><td>381 m<\/td><td><a href=\"\/es\/util\/geo\/visu.php\/?code=DE-BW-0381a\" target=\"_blank\" rel=\"noreferrer noopener\">DE-BW-0381a<\/a><\/td><\/tr><tr><td>2 - Selbacher H\u00f6he<\/td><td>221 m<\/td><td><a href=\"\/es\/util\/geo\/visu.php\/?code=DE-BW-0221\" target=\"_blank\" rel=\"noreferrer noopener\">DE-BW-0221<\/a><\/td><\/tr><tr><td>3 - Haubensattel<\/td><td>385 m<\/td><td><a href=\"\/es\/util\/geo\/visu.php\/?code=DE-BW-0385a\" target=\"_blank\" rel=\"noreferrer noopener\">DE-BW-0385a<\/a><\/td><\/tr><tr><td>4 - M\u00f6nchkopfsattel<\/td><td>526 m<\/td><td><a href=\"\/es\/util\/geo\/visu.php\/?code=DE-BW-0526\" target=\"_blank\" rel=\"noreferrer noopener\">DE-BW-0526<\/a><\/td><\/tr><tr><td>5 - Dreieck<\/td><td>469 m<\/td><td><a href=\"\/es\/util\/geo\/visu.php\/?code=DE-BW-0469\" target=\"_blank\" rel=\"noreferrer noopener\">DE-BW 0469<\/a><\/td><\/tr><tr><td>6 - H\u00f6he<\/td><td>352 m<\/td><td><a href=\"\/es\/util\/geo\/visu.php\/?code=DE-BW-0352\" target=\"_blank\" rel=\"noreferrer noopener\">DE-BW-0352<\/a><\/td><\/tr><\/tbody><\/table><\/figure>\n\n\n\n<p><strong>Palabras clave<\/strong> Selva Negra, Gernsbach, Baden, Centralols<\/p>\n\n\n\n<p>Enlace Openrunner, mapa interactivo, perfil, pista : <a href=\"https:\/\/www.openrunner.com\/route-details\/23686458\" target=\"_blank\" rel=\"noreferrer noopener\">https:\/\/www.openrunner.com\/route-details\/23686458<\/a><\/p>\n\n\n\n<p>Este itinerario se facilita \u00fanicamente a t\u00edtulo informativo. El autor no asume ninguna responsabilidad, ni tampoco el Club des Cent Cols, por los imponderables debidos al propio ciclista, al material utilizado o a cualquier cosa relacionada con la carretera, las pistas y los caminos, su entorno o los dem\u00e1s usuarios.<\/p>\n\n\n\n<div style=\"height:30px\" aria-hidden=\"true\" class=\"wp-block-spacer\"><\/div>\n\n\n\n<h2 class=\"wp-block-heading\">Fotos<\/h2>\n\n\n\n<figure class=\"wp-block-gallery has-nested-images columns-4 is-cropped wp-block-gallery-1 is-layout-flex wp-block-gallery-is-layout-flex\">\n<figure class=\"wp-block-image size-thumbnail\"><a href=\"https:\/\/centcols.org\/wp-content\/uploads\/2023\/08\/2O5ubZzObwKO5scH68DRuRwik7F1.jpg\"><img loading=\"lazy\" decoding=\"async\" width=\"150\" height=\"150\" data-id=\"89817\" src=\"https:\/\/centcols.org\/wp-content\/uploads\/2023\/08\/2O5ubZzObwKO5scH68DRuRwik7F1-150x150.jpg\" alt=\"\" class=\"wp-image-89817\"\/><\/a><\/figure>\n\n\n\n<figure class=\"wp-block-image size-thumbnail\"><a href=\"https:\/\/centcols.org\/wp-content\/uploads\/2023\/08\/2O5uf0napkjbwx3LvtNdtehgdci1.jpg\"><img loading=\"lazy\" decoding=\"async\" width=\"150\" height=\"150\" data-id=\"89818\" src=\"https:\/\/centcols.org\/wp-content\/uploads\/2023\/08\/2O5uf0napkjbwx3LvtNdtehgdci1-150x150.jpg\" alt=\"\" class=\"wp-image-89818\"\/><\/a><\/figure>\n\n\n\n<figure class=\"wp-block-image size-thumbnail\"><a href=\"https:\/\/centcols.org\/wp-content\/uploads\/2023\/08\/image-29.jpeg\"><img loading=\"lazy\" decoding=\"async\" width=\"150\" height=\"150\" data-id=\"94760\" src=\"https:\/\/centcols.org\/wp-content\/uploads\/2023\/08\/image-29-150x150.jpeg\" alt=\"\" class=\"wp-image-94760\"\/><\/a><figcaption class=\"wp-element-caption\">Selbacher H\u00f6he<\/figcaption><\/figure>\n\n\n\n<figure class=\"wp-block-image size-thumbnail\"><a href=\"https:\/\/centcols.org\/wp-content\/uploads\/2023\/08\/image-28.jpeg\"><img loading=\"lazy\" decoding=\"async\" width=\"150\" height=\"150\" data-id=\"94756\" src=\"https:\/\/centcols.org\/wp-content\/uploads\/2023\/08\/image-28-150x150.jpeg\" alt=\"\" class=\"wp-image-94756\"\/><\/a><figcaption class=\"wp-element-caption\">M\u00f6nchkopfsattel<\/figcaption><\/figure>\n<\/figure>","protected":false},"excerpt":{"rendered":"<p>Description de l\u2019auteur Auteur : Jean-Luc CeccatoParcours : effectu\u00e9 en 2021D\u00e9part : Gernsbach, parking le long de la F\u00e4rbertorstra\u00dfe, proche du stade. Descriptif touristique Le circuit s&rsquo;insinue entre for\u00eats, champs et prairies. Quelques points de vue agr\u00e9mentent ce parcours. L&rsquo;architecture des maisons anciennes est absolument \u00e0 d\u00e9couvrir. Descriptif technique Ce parcours ne pr\u00e9sente pas de [&hellip;]<\/p>\n","protected":false},"author":3,"featured_media":89817,"comment_status":"open","ping_status":"open","sticky":false,"template":"","format":"standard","meta":{"_acf_changed":false,"footnotes":""},"categories":[302,320,323,220],"tags":[],"class_list":["post-82463","post","type-post","status-publish","format-standard","has-post-thumbnail","hentry","category-parcours-allemagne","category-gravel-type-parcours","category-foret-noire-massif-parcours-membres","category-parcours-membres"],"acf":[],"yoast_head":"<!-- This site is optimized with the Yoast SEO plugin v27.2 - https:\/\/yoast.com\/product\/yoast-seo-wordpress\/ -->\n<title>DE-BW For\u00eat-Noire Gernsbach nord - Gravel 58 km, D+ 1240 m, 6 cols - Club des Cent Cols<\/title>\n<meta name=\"robots\" content=\"index, follow, max-snippet:-1, max-image-preview:large, max-video-preview:-1\" \/>\n<link rel=\"canonical\" href=\"https:\/\/centcols.org\/es\/de-bw-foret-noire-gernsbach-nord-gravel\/\" \/>\n<meta property=\"og:locale\" content=\"es_ES\" \/>\n<meta property=\"og:type\" content=\"article\" \/>\n<meta property=\"og:title\" content=\"DE-BW For\u00eat-Noire Gernsbach nord - Gravel 58 km, D+ 1240 m, 6 cols - Club des Cent Cols\" \/>\n<meta property=\"og:description\" content=\"Description de l\u2019auteur Auteur : Jean-Luc CeccatoParcours : effectu\u00e9 en 2021D\u00e9part : Gernsbach, parking le long de la F\u00e4rbertorstra\u00dfe, proche du stade. Descriptif touristique Le circuit s&rsquo;insinue entre for\u00eats, champs et prairies. Quelques points de vue agr\u00e9mentent ce parcours. L&rsquo;architecture des maisons anciennes est absolument \u00e0 d\u00e9couvrir. Descriptif technique Ce parcours ne pr\u00e9sente pas de [&hellip;]\" \/>\n<meta property=\"og:url\" content=\"https:\/\/centcols.org\/es\/de-bw-foret-noire-gernsbach-nord-gravel\/\" \/>\n<meta property=\"og:site_name\" content=\"Club des Cent Cols\" \/>\n<meta property=\"article:publisher\" content=\"https:\/\/www.facebook.com\/groups\/5261880558\/?locale=fr_FR\" \/>\n<meta property=\"article:published_time\" content=\"2023-08-18T10:52:07+00:00\" \/>\n<meta property=\"article:modified_time\" content=\"2026-04-05T20:41:39+00:00\" \/>\n<meta property=\"og:image\" content=\"https:\/\/centcols.org\/wp-content\/uploads\/2023\/08\/2O5ubZzObwKO5scH68DRuRwik7F1.jpg\" \/>\n\t<meta property=\"og:image:width\" content=\"548\" \/>\n\t<meta property=\"og:image:height\" content=\"318\" \/>\n\t<meta property=\"og:image:type\" content=\"image\/jpeg\" \/>\n<meta name=\"author\" content=\"Webmestre\" \/>\n<meta name=\"twitter:card\" content=\"summary_large_image\" \/>\n<meta name=\"twitter:label1\" content=\"Escrito por\" \/>\n\t<meta name=\"twitter:data1\" content=\"Webmestre\" \/>\n\t<meta name=\"twitter:label2\" content=\"Tiempo de lectura\" \/>\n\t<meta name=\"twitter:data2\" content=\"3 minutos\" \/>\n<script type=\"application\/ld+json\" class=\"yoast-schema-graph\">{\"@context\":\"https:\/\/schema.org\",\"@graph\":[{\"@type\":\"Article\",\"@id\":\"https:\/\/centcols.org\/de-bw-foret-noire-gernsbach-nord-gravel\/#article\",\"isPartOf\":{\"@id\":\"https:\/\/centcols.org\/de-bw-foret-noire-gernsbach-nord-gravel\/\"},\"author\":{\"name\":\"Webmestre\",\"@id\":\"https:\/\/centcols.org\/#\/schema\/person\/911b404fb133d8c913dd27cdcf71c8e5\"},\"headline\":\"DE-BW For\u00eat-Noire Gernsbach nord &#8211; Gravel 58 km, D+ 1240 m, 6 cols\",\"datePublished\":\"2023-08-18T10:52:07+00:00\",\"dateModified\":\"2026-04-05T20:41:39+00:00\",\"mainEntityOfPage\":{\"@id\":\"https:\/\/centcols.org\/de-bw-foret-noire-gernsbach-nord-gravel\/\"},\"wordCount\":305,\"commentCount\":0,\"publisher\":{\"@id\":\"https:\/\/centcols.org\/#organization\"},\"image\":{\"@id\":\"https:\/\/centcols.org\/de-bw-foret-noire-gernsbach-nord-gravel\/#primaryimage\"},\"thumbnailUrl\":\"https:\/\/centcols.org\/wp-content\/uploads\/2023\/08\/2O5ubZzObwKO5scH68DRuRwik7F1.jpg\",\"articleSection\":[\"Parcours Allemagne\",\"Gravel\",\"For\u00eat-Noire\",\"Parcours membres\"],\"inLanguage\":\"es\",\"potentialAction\":[{\"@type\":\"CommentAction\",\"name\":\"Comment\",\"target\":[\"https:\/\/centcols.org\/de-bw-foret-noire-gernsbach-nord-gravel\/#respond\"]}]},{\"@type\":\"WebPage\",\"@id\":\"https:\/\/centcols.org\/de-bw-foret-noire-gernsbach-nord-gravel\/\",\"url\":\"https:\/\/centcols.org\/de-bw-foret-noire-gernsbach-nord-gravel\/\",\"name\":\"DE-BW For\u00eat-Noire Gernsbach nord - Gravel 58 km, D+ 1240 m, 6 cols - Club des Cent Cols\",\"isPartOf\":{\"@id\":\"https:\/\/centcols.org\/#website\"},\"primaryImageOfPage\":{\"@id\":\"https:\/\/centcols.org\/de-bw-foret-noire-gernsbach-nord-gravel\/#primaryimage\"},\"image\":{\"@id\":\"https:\/\/centcols.org\/de-bw-foret-noire-gernsbach-nord-gravel\/#primaryimage\"},\"thumbnailUrl\":\"https:\/\/centcols.org\/wp-content\/uploads\/2023\/08\/2O5ubZzObwKO5scH68DRuRwik7F1.jpg\",\"datePublished\":\"2023-08-18T10:52:07+00:00\",\"dateModified\":\"2026-04-05T20:41:39+00:00\",\"breadcrumb\":{\"@id\":\"https:\/\/centcols.org\/de-bw-foret-noire-gernsbach-nord-gravel\/#breadcrumb\"},\"inLanguage\":\"es\",\"potentialAction\":[{\"@type\":\"ReadAction\",\"target\":[\"https:\/\/centcols.org\/de-bw-foret-noire-gernsbach-nord-gravel\/\"]}]},{\"@type\":\"ImageObject\",\"inLanguage\":\"es\",\"@id\":\"https:\/\/centcols.org\/de-bw-foret-noire-gernsbach-nord-gravel\/#primaryimage\",\"url\":\"https:\/\/centcols.org\/wp-content\/uploads\/2023\/08\/2O5ubZzObwKO5scH68DRuRwik7F1.jpg\",\"contentUrl\":\"https:\/\/centcols.org\/wp-content\/uploads\/2023\/08\/2O5ubZzObwKO5scH68DRuRwik7F1.jpg\",\"width\":548,\"height\":318},{\"@type\":\"BreadcrumbList\",\"@id\":\"https:\/\/centcols.org\/de-bw-foret-noire-gernsbach-nord-gravel\/#breadcrumb\",\"itemListElement\":[{\"@type\":\"ListItem\",\"position\":1,\"name\":\"Accueil\",\"item\":\"https:\/\/centcols.org\/\"},{\"@type\":\"ListItem\",\"position\":2,\"name\":\"Parcours membres\",\"item\":\"https:\/\/centcols.org\/rubrique\/parcours-membres\/\"},{\"@type\":\"ListItem\",\"position\":3,\"name\":\"Pays\",\"item\":\"https:\/\/centcols.org\/rubrique\/parcours-membres\/pays-parcours-membres\/\"},{\"@type\":\"ListItem\",\"position\":4,\"name\":\"Parcours Allemagne\",\"item\":\"https:\/\/centcols.org\/rubrique\/parcours-membres\/pays-parcours-membres\/parcours-allemagne\/\"},{\"@type\":\"ListItem\",\"position\":5,\"name\":\"DE-BW For\u00eat-Noire Gernsbach nord &#8211; Gravel 58 km, D+ 1240 m, 6 cols\"}]},{\"@type\":\"WebSite\",\"@id\":\"https:\/\/centcols.org\/#website\",\"url\":\"https:\/\/centcols.org\/\",\"name\":\"Club des Cent Cols\",\"description\":\"\",\"publisher\":{\"@id\":\"https:\/\/centcols.org\/#organization\"},\"potentialAction\":[{\"@type\":\"SearchAction\",\"target\":{\"@type\":\"EntryPoint\",\"urlTemplate\":\"https:\/\/centcols.org\/?s={search_term_string}\"},\"query-input\":{\"@type\":\"PropertyValueSpecification\",\"valueRequired\":true,\"valueName\":\"search_term_string\"}}],\"inLanguage\":\"es\"},{\"@type\":\"Organization\",\"@id\":\"https:\/\/centcols.org\/#organization\",\"name\":\"Club des Cent Cols\",\"url\":\"https:\/\/centcols.org\/\",\"logo\":{\"@type\":\"ImageObject\",\"inLanguage\":\"es\",\"@id\":\"https:\/\/centcols.org\/#\/schema\/logo\/image\/\",\"url\":\"https:\/\/centcols.org\/wp-content\/uploads\/2025\/01\/carte-icone.png\",\"contentUrl\":\"https:\/\/centcols.org\/wp-content\/uploads\/2025\/01\/carte-icone.png\",\"width\":250,\"height\":250,\"caption\":\"Club des Cent Cols\"},\"image\":{\"@id\":\"https:\/\/centcols.org\/#\/schema\/logo\/image\/\"},\"sameAs\":[\"https:\/\/www.facebook.com\/groups\/5261880558\/?locale=fr_FR\"]},{\"@type\":\"Person\",\"@id\":\"https:\/\/centcols.org\/#\/schema\/person\/911b404fb133d8c913dd27cdcf71c8e5\",\"name\":\"Webmestre\",\"image\":{\"@type\":\"ImageObject\",\"inLanguage\":\"es\",\"@id\":\"https:\/\/centcols.org\/wp-content\/litespeed\/avatar\/2d246e4b6b4f773e08515e1ffc53690b.jpg?ver=1777222892\",\"url\":\"https:\/\/centcols.org\/wp-content\/litespeed\/avatar\/2d246e4b6b4f773e08515e1ffc53690b.jpg?ver=1777222892\",\"contentUrl\":\"https:\/\/centcols.org\/wp-content\/litespeed\/avatar\/2d246e4b6b4f773e08515e1ffc53690b.jpg?ver=1777222892\",\"caption\":\"Webmestre\"},\"url\":\"https:\/\/centcols.org\/es\/author\/webmestre\/\"}]}<\/script>\n<!-- \/ Yoast SEO plugin. -->","yoast_head_json":{"title":"DE-BW Selva Negra Gernsbach norte - Grava 58 km, D+ 1240 m, 6 puertos - Club des Cent Cols","robots":{"index":"index","follow":"follow","max-snippet":"max-snippet:-1","max-image-preview":"max-image-preview:large","max-video-preview":"max-video-preview:-1"},"canonical":"https:\/\/centcols.org\/es\/de-bw-foret-noire-gernsbach-nord-gravel\/","og_locale":"es_ES","og_type":"article","og_title":"DE-BW For\u00eat-Noire Gernsbach nord - Gravel 58 km, D+ 1240 m, 6 cols - Club des Cent Cols","og_description":"Description de l\u2019auteur Auteur : Jean-Luc CeccatoParcours : effectu\u00e9 en 2021D\u00e9part : Gernsbach, parking le long de la F\u00e4rbertorstra\u00dfe, proche du stade. Descriptif touristique Le circuit s&rsquo;insinue entre for\u00eats, champs et prairies. Quelques points de vue agr\u00e9mentent ce parcours. L&rsquo;architecture des maisons anciennes est absolument \u00e0 d\u00e9couvrir. Descriptif technique Ce parcours ne pr\u00e9sente pas de [&hellip;]","og_url":"https:\/\/centcols.org\/es\/de-bw-foret-noire-gernsbach-nord-gravel\/","og_site_name":"Club des Cent Cols","article_publisher":"https:\/\/www.facebook.com\/groups\/5261880558\/?locale=fr_FR","article_published_time":"2023-08-18T10:52:07+00:00","article_modified_time":"2026-04-05T20:41:39+00:00","og_image":[{"width":548,"height":318,"url":"https:\/\/centcols.org\/wp-content\/uploads\/2023\/08\/2O5ubZzObwKO5scH68DRuRwik7F1.jpg","type":"image\/jpeg"}],"author":"Webmestre","twitter_card":"summary_large_image","twitter_misc":{"Escrito por":"Webmestre","Tiempo de lectura":"3 minutos"},"schema":{"@context":"https:\/\/schema.org","@graph":[{"@type":"Article","@id":"https:\/\/centcols.org\/de-bw-foret-noire-gernsbach-nord-gravel\/#article","isPartOf":{"@id":"https:\/\/centcols.org\/de-bw-foret-noire-gernsbach-nord-gravel\/"},"author":{"name":"Webmestre","@id":"https:\/\/centcols.org\/#\/schema\/person\/911b404fb133d8c913dd27cdcf71c8e5"},"headline":"DE-BW For\u00eat-Noire Gernsbach nord &#8211; Gravel 58 km, D+ 1240 m, 6 cols","datePublished":"2023-08-18T10:52:07+00:00","dateModified":"2026-04-05T20:41:39+00:00","mainEntityOfPage":{"@id":"https:\/\/centcols.org\/de-bw-foret-noire-gernsbach-nord-gravel\/"},"wordCount":305,"commentCount":0,"publisher":{"@id":"https:\/\/centcols.org\/#organization"},"image":{"@id":"https:\/\/centcols.org\/de-bw-foret-noire-gernsbach-nord-gravel\/#primaryimage"},"thumbnailUrl":"https:\/\/centcols.org\/wp-content\/uploads\/2023\/08\/2O5ubZzObwKO5scH68DRuRwik7F1.jpg","articleSection":["Parcours Allemagne","Gravel","For\u00eat-Noire","Parcours membres"],"inLanguage":"es","potentialAction":[{"@type":"CommentAction","name":"Comment","target":["https:\/\/centcols.org\/de-bw-foret-noire-gernsbach-nord-gravel\/#respond"]}]},{"@type":"WebPage","@id":"https:\/\/centcols.org\/de-bw-foret-noire-gernsbach-nord-gravel\/","url":"https:\/\/centcols.org\/de-bw-foret-noire-gernsbach-nord-gravel\/","name":"DE-BW Selva Negra Gernsbach norte - Grava 58 km, D+ 1240 m, 6 puertos - Club des Cent Cols","isPartOf":{"@id":"https:\/\/centcols.org\/#website"},"primaryImageOfPage":{"@id":"https:\/\/centcols.org\/de-bw-foret-noire-gernsbach-nord-gravel\/#primaryimage"},"image":{"@id":"https:\/\/centcols.org\/de-bw-foret-noire-gernsbach-nord-gravel\/#primaryimage"},"thumbnailUrl":"https:\/\/centcols.org\/wp-content\/uploads\/2023\/08\/2O5ubZzObwKO5scH68DRuRwik7F1.jpg","datePublished":"2023-08-18T10:52:07+00:00","dateModified":"2026-04-05T20:41:39+00:00","breadcrumb":{"@id":"https:\/\/centcols.org\/de-bw-foret-noire-gernsbach-nord-gravel\/#breadcrumb"},"inLanguage":"es","potentialAction":[{"@type":"ReadAction","target":["https:\/\/centcols.org\/de-bw-foret-noire-gernsbach-nord-gravel\/"]}]},{"@type":"ImageObject","inLanguage":"es","@id":"https:\/\/centcols.org\/de-bw-foret-noire-gernsbach-nord-gravel\/#primaryimage","url":"https:\/\/centcols.org\/wp-content\/uploads\/2023\/08\/2O5ubZzObwKO5scH68DRuRwik7F1.jpg","contentUrl":"https:\/\/centcols.org\/wp-content\/uploads\/2023\/08\/2O5ubZzObwKO5scH68DRuRwik7F1.jpg","width":548,"height":318},{"@type":"BreadcrumbList","@id":"https:\/\/centcols.org\/de-bw-foret-noire-gernsbach-nord-gravel\/#breadcrumb","itemListElement":[{"@type":"ListItem","position":1,"name":"Accueil","item":"https:\/\/centcols.org\/"},{"@type":"ListItem","position":2,"name":"Parcours membres","item":"https:\/\/centcols.org\/rubrique\/parcours-membres\/"},{"@type":"ListItem","position":3,"name":"Pays","item":"https:\/\/centcols.org\/rubrique\/parcours-membres\/pays-parcours-membres\/"},{"@type":"ListItem","position":4,"name":"Parcours Allemagne","item":"https:\/\/centcols.org\/rubrique\/parcours-membres\/pays-parcours-membres\/parcours-allemagne\/"},{"@type":"ListItem","position":5,"name":"DE-BW For\u00eat-Noire Gernsbach nord &#8211; Gravel 58 km, D+ 1240 m, 6 cols"}]},{"@type":"WebSite","@id":"https:\/\/centcols.org\/#website","url":"https:\/\/centcols.org\/","name":"Club des Cent Cols","description":"","publisher":{"@id":"https:\/\/centcols.org\/#organization"},"potentialAction":[{"@type":"SearchAction","target":{"@type":"EntryPoint","urlTemplate":"https:\/\/centcols.org\/?s={search_term_string}"},"query-input":{"@type":"PropertyValueSpecification","valueRequired":true,"valueName":"search_term_string"}}],"inLanguage":"es"},{"@type":"Organization","@id":"https:\/\/centcols.org\/#organization","name":"Club des Cent Cols","url":"https:\/\/centcols.org\/","logo":{"@type":"ImageObject","inLanguage":"es","@id":"https:\/\/centcols.org\/#\/schema\/logo\/image\/","url":"https:\/\/centcols.org\/wp-content\/uploads\/2025\/01\/carte-icone.png","contentUrl":"https:\/\/centcols.org\/wp-content\/uploads\/2025\/01\/carte-icone.png","width":250,"height":250,"caption":"Club des Cent Cols"},"image":{"@id":"https:\/\/centcols.org\/#\/schema\/logo\/image\/"},"sameAs":["https:\/\/www.facebook.com\/groups\/5261880558\/?locale=fr_FR"]},{"@type":"Person","@id":"https:\/\/centcols.org\/#\/schema\/person\/911b404fb133d8c913dd27cdcf71c8e5","name":"Webmaster","image":{"@type":"ImageObject","inLanguage":"es","@id":"https:\/\/centcols.org\/wp-content\/litespeed\/avatar\/2d246e4b6b4f773e08515e1ffc53690b.jpg?ver=1777222892","url":"https:\/\/centcols.org\/wp-content\/litespeed\/avatar\/2d246e4b6b4f773e08515e1ffc53690b.jpg?ver=1777222892","contentUrl":"https:\/\/centcols.org\/wp-content\/litespeed\/avatar\/2d246e4b6b4f773e08515e1ffc53690b.jpg?ver=1777222892","caption":"Webmestre"},"url":"https:\/\/centcols.org\/es\/author\/webmestre\/"}]}},"_links":{"self":[{"href":"https:\/\/centcols.org\/es\/wp-json\/wp\/v2\/posts\/82463","targetHints":{"allow":["GET"]}}],"collection":[{"href":"https:\/\/centcols.org\/es\/wp-json\/wp\/v2\/posts"}],"about":[{"href":"https:\/\/centcols.org\/es\/wp-json\/wp\/v2\/types\/post"}],"author":[{"embeddable":true,"href":"https:\/\/centcols.org\/es\/wp-json\/wp\/v2\/users\/3"}],"replies":[{"embeddable":true,"href":"https:\/\/centcols.org\/es\/wp-json\/wp\/v2\/comments?post=82463"}],"version-history":[{"count":0,"href":"https:\/\/centcols.org\/es\/wp-json\/wp\/v2\/posts\/82463\/revisions"}],"wp:featuredmedia":[{"embeddable":true,"href":"https:\/\/centcols.org\/es\/wp-json\/wp\/v2\/media\/89817"}],"wp:attachment":[{"href":"https:\/\/centcols.org\/es\/wp-json\/wp\/v2\/media?parent=82463"}],"wp:term":[{"taxonomy":"category","embeddable":true,"href":"https:\/\/centcols.org\/es\/wp-json\/wp\/v2\/categories?post=82463"},{"taxonomy":"post_tag","embeddable":true,"href":"https:\/\/centcols.org\/es\/wp-json\/wp\/v2\/tags?post=82463"}],"curies":[{"name":"wp","href":"https:\/\/api.w.org\/{rel}","templated":true}]}}