{"id":82470,"date":"2023-08-10T16:56:36","date_gmt":"2023-08-10T14:56:36","guid":{"rendered":"https:\/\/centcols.org\/de-bw-foret-noire-hornberg-sud-gravel-67-km-d-1800-m-12-cols\/"},"modified":"2026-04-14T22:05:16","modified_gmt":"2026-04-14T20:05:16","slug":"de-bw-foret-noire-hornberg-sud-gravel","status":"publish","type":"post","link":"https:\/\/centcols.org\/es\/de-bw-foret-noire-hornberg-sud-gravel\/","title":{"rendered":"DE-BW Selva Negra Hornberg sur - Grava 67 km, D+ 1790 m, 12 puertos"},"content":{"rendered":"<iframe width=\"100%\" height=\"500\" loading=\"lazy\" src=\"https:\/\/www.openrunner.com\/embed\/312b4b426236434a736a41314343334f53303232763261632f6d526c783032466c4c6734735a53364146493d3a3a85c7b12626e61e30cbbc25d973626d34?unit=metric\" style=\"border: none;\"><\/iframe>\n\n\n\n<div style=\"height:30px\" aria-hidden=\"true\" class=\"wp-block-spacer\"><\/div>\n\n\n\n<h2 class=\"wp-block-heading\">Descripci\u00f3n del autor<\/h2>\n\n\n\n<p><strong>Autor <\/strong>Jean-Luc Ceccato<br><strong>Curso <\/strong>Finalizado el 27 de julio de 2022<br><strong>Salida <\/strong>Desde un peque\u00f1o aparcamiento a unos 7 km al sur de Hornberg, en la peque\u00f1a carretera que sale a la izquierda en direcci\u00f3n a Untertal, justo despu\u00e9s del cruce con la carretera principal B33. Altitud: 563 m.<\/p>\n\n\n\n<div style=\"height:30px\" aria-hidden=\"true\" class=\"wp-block-spacer\"><\/div>\n\n\n\n<h2 class=\"wp-block-heading\">Informaci\u00f3n tur\u00edstica<\/h2>\n\n\n\n<p>El terreno que recorre esta ruta se sit\u00faa en el extremo oriental del macizo de la Selva Negra y confluye con el valle del r\u00edo Neckar, que fluye hacia el norte en direcci\u00f3n al Rin.<\/p>\n\n\n\n<div style=\"height:30px\" aria-hidden=\"true\" class=\"wp-block-spacer\"><\/div>\n\n\n\n<h2 class=\"wp-block-heading\">Especificaciones t\u00e9cnicas<\/h2>\n\n\n\n<p>Esta ruta no es dif\u00edcil y se complet\u00f3 sobre grava.<br>El acceso al paso de Haseneckle (DE-BW-0609a) requiere un corto empuj\u00f3n a trav\u00e9s de la hierba.<br>Es un recorrido de unos 30% de hermosas pistas onduladas y el resto en carreteras asfaltadas.<\/p>\n\n\n\n<div style=\"height:30px\" aria-hidden=\"true\" class=\"wp-block-spacer\"><\/div>\n\n\n\n<p><strong>12 collares<\/strong><\/p>\n\n\n\n<figure class=\"wp-block-table tableau-cols\"><table class=\"has-background\" style=\"background-color:#f0f0f0\"><tbody><tr><td>1 - Dieterlebauernh\u00f6he<\/td><td>850 m<\/td><td><a href=\"\/es\/util\/geo\/visu.php\/?code=DE-BW-0850\" target=\"_blank\" rel=\"noreferrer noopener\">DE-BW-0850<\/a><\/td><\/tr><tr><td>2 - Storeck<\/td><td>859 m<\/td><td><a href=\"\/es\/util\/geo\/visu.php\/?code=DE-BW-0859a\" target=\"_blank\" rel=\"noreferrer noopener\">DE-BW-0859a<\/a><\/td><\/tr><tr><td>3 - Immelsbacher H\u00f6he<\/td><td>654 m<\/td><td><a href=\"\/es\/util\/geo\/visu.php\/?code=DE-BW-0654\" target=\"_blank\" rel=\"noreferrer noopener\">DE-BW-0654<\/a><\/td><\/tr><tr><td>4 - Windeck<\/td><td>699 m<\/td><td><a href=\"\/es\/util\/geo\/visu.php\/?code=DE-BW-0699\" target=\"_blank\" rel=\"noreferrer noopener\">DE-BW-0699<\/a><\/td><\/tr><tr><td>5 - Haseneckle<\/td><td>609 m<\/td><td><a href=\"\/es\/util\/geo\/visu.php\/?code=DE-BW-0609a\" target=\"_blank\" rel=\"noreferrer noopener\">DE-BW-0609a<\/a><\/td><\/tr><tr><td>6 - Benz Ebene<\/td><td>891 m<\/td><td><a href=\"\/es\/util\/geo\/visu.php\/?code=DE-BW-0891a\" target=\"_blank\" rel=\"noreferrer noopener\">DE-BW-0891a<\/a><\/td><\/tr><tr><td>7 - Gersbacher Ecke<\/td><td>876 m<\/td><td><a href=\"\/es\/util\/geo\/visu.php\/?code=DE-BW-0876\" target=\"_blank\" rel=\"noreferrer noopener\">DE-BW-0876<\/a><\/td><\/tr><tr><td>8 - Auf der Ecke<\/td><td>828 m<\/td><td><a href=\"\/es\/util\/geo\/visu.php\/?code=DE-BW-0828\" target=\"_blank\" rel=\"noreferrer noopener\">DE-BW-0828<\/a><\/td><\/tr><tr><td>9 - Kornelish\u00f6he<\/td><td>822 m<\/td><td><a href=\"\/es\/util\/geo\/visu.php\/?code=DE-BW-0822b\" target=\"_blank\" rel=\"noreferrer noopener\">DE-BW-0822b<\/a><\/td><\/tr><tr><td>10 - Tischneck<\/td><td>706 m<\/td><td><a href=\"\/es\/util\/geo\/visu.php\/?code=DE-BW-0706a\" target=\"_blank\" rel=\"noreferrer noopener\">DE-BW-0706a<\/a><\/td><\/tr><tr><td>11 - Ecke<\/td><td>884 m<\/td><td><a href=\"\/es\/util\/geo\/visu.php\/?code=DE-BW-0884\" target=\"_blank\" rel=\"noreferrer noopener\">DE-BW-0884<\/a><\/td><\/tr><tr><td>12 - Gr\u00fcndleh\u00f6he<\/td><td>847 m<\/td><td><a href=\"\/es\/util\/geo\/visu.php\/?code=DE-BW-0847b\" target=\"_blank\" rel=\"noreferrer noopener\">DE-BW-0847b<\/a><\/td><\/tr><\/tbody><\/table><\/figure>\n\n\n\n<p><strong>Palabras clave<\/strong> Selva Negra, Hornberg, Untertal, S\u00fclgen, centcols<\/p>\n\n\n\n<p>Enlace Openrunner, mapa interactivo, perfil, pista : <a href=\"https:\/\/www.openrunner.com\/route-details\/16604358\" target=\"_blank\" rel=\"noreferrer noopener\">https:\/\/www.openrunner.com\/route-details\/16604358<\/a><\/p>\n\n\n\n<p>Este itinerario se facilita \u00fanicamente a t\u00edtulo informativo. El autor no asume ninguna responsabilidad, ni tampoco el Club des Cent Cols, por los imponderables debidos al propio ciclista, al material utilizado o a cualquier cosa relacionada con la carretera, las pistas y los caminos, su entorno o los dem\u00e1s usuarios.<\/p>\n\n\n\n<div style=\"height:30px\" aria-hidden=\"true\" class=\"wp-block-spacer\"><\/div>\n\n\n\n<h2 class=\"wp-block-heading\">Fotos<\/h2>\n\n\n\n<figure class=\"wp-block-gallery has-nested-images columns-default is-cropped wp-block-gallery-1 is-layout-flex wp-block-gallery-is-layout-flex\">\n<figure class=\"wp-block-image size-large\"><a href=\"https:\/\/centcols.org\/wp-content\/uploads\/2023\/08\/2OMWxYETIi678uP2yn1mKj7PBfS1.jpg\"><img loading=\"lazy\" decoding=\"async\" width=\"1000\" height=\"750\" data-id=\"89825\" src=\"https:\/\/centcols.org\/wp-content\/uploads\/2023\/08\/2OMWxYETIi678uP2yn1mKj7PBfS1.jpg\" alt=\"\" class=\"wp-image-89825\" srcset=\"https:\/\/centcols.org\/wp-content\/uploads\/2023\/08\/2OMWxYETIi678uP2yn1mKj7PBfS1.jpg 1000w, https:\/\/centcols.org\/wp-content\/uploads\/2023\/08\/2OMWxYETIi678uP2yn1mKj7PBfS1-768x576.jpg 768w, https:\/\/centcols.org\/wp-content\/uploads\/2023\/08\/2OMWxYETIi678uP2yn1mKj7PBfS1-16x12.jpg 16w\" sizes=\"auto, (max-width: 1000px) 100vw, 1000px\" \/><\/a><figcaption class=\"wp-element-caption\">Hornberg<\/figcaption><\/figure>\n\n\n\n<figure class=\"wp-block-image size-large\"><a href=\"https:\/\/centcols.org\/wp-content\/uploads\/2023\/08\/Piste-1200x9002-1.jpg\"><img loading=\"lazy\" decoding=\"async\" width=\"1200\" height=\"900\" data-id=\"89847\" src=\"https:\/\/centcols.org\/wp-content\/uploads\/2023\/08\/Piste-1200x9002-1.jpg\" alt=\"\" class=\"wp-image-89847\" srcset=\"https:\/\/centcols.org\/wp-content\/uploads\/2023\/08\/Piste-1200x9002-1.jpg 1200w, https:\/\/centcols.org\/wp-content\/uploads\/2023\/08\/Piste-1200x9002-1-768x576.jpg 768w, https:\/\/centcols.org\/wp-content\/uploads\/2023\/08\/Piste-1200x9002-1-16x12.jpg 16w\" sizes=\"auto, (max-width: 1200px) 100vw, 1200px\" \/><\/a><figcaption class=\"wp-element-caption\">La pista<\/figcaption><\/figure>\n\n\n\n<figure class=\"wp-block-image size-large\"><a href=\"https:\/\/centcols.org\/wp-content\/uploads\/2023\/08\/Paysage-1200x9001-1.jpg\"><img loading=\"lazy\" decoding=\"async\" width=\"1200\" height=\"900\" data-id=\"89848\" src=\"https:\/\/centcols.org\/wp-content\/uploads\/2023\/08\/Paysage-1200x9001-1.jpg\" alt=\"\" class=\"wp-image-89848\" srcset=\"https:\/\/centcols.org\/wp-content\/uploads\/2023\/08\/Paysage-1200x9001-1.jpg 1200w, https:\/\/centcols.org\/wp-content\/uploads\/2023\/08\/Paysage-1200x9001-1-768x576.jpg 768w, https:\/\/centcols.org\/wp-content\/uploads\/2023\/08\/Paysage-1200x9001-1-16x12.jpg 16w\" sizes=\"auto, (max-width: 1200px) 100vw, 1200px\" \/><\/a><figcaption class=\"wp-element-caption\">Panorama<\/figcaption><\/figure>\n\n\n\n<figure class=\"wp-block-image size-large\"><a href=\"https:\/\/centcols.org\/wp-content\/uploads\/2023\/08\/Untertal-1-1200x9001-1.jpg\"><img loading=\"lazy\" decoding=\"async\" width=\"1200\" height=\"900\" data-id=\"89849\" src=\"https:\/\/centcols.org\/wp-content\/uploads\/2023\/08\/Untertal-1-1200x9001-1.jpg\" alt=\"\" class=\"wp-image-89849\" srcset=\"https:\/\/centcols.org\/wp-content\/uploads\/2023\/08\/Untertal-1-1200x9001-1.jpg 1200w, https:\/\/centcols.org\/wp-content\/uploads\/2023\/08\/Untertal-1-1200x9001-1-768x576.jpg 768w, https:\/\/centcols.org\/wp-content\/uploads\/2023\/08\/Untertal-1-1200x9001-1-16x12.jpg 16w\" sizes=\"auto, (max-width: 1200px) 100vw, 1200px\" \/><\/a><figcaption class=\"wp-element-caption\">Untertal<\/figcaption><\/figure>\n\n\n\n<figure class=\"wp-block-image size-large\"><a href=\"https:\/\/centcols.org\/wp-content\/uploads\/2023\/08\/Carrefour-1200x9001-1.jpg\"><img loading=\"lazy\" decoding=\"async\" width=\"1200\" height=\"900\" data-id=\"89850\" src=\"https:\/\/centcols.org\/wp-content\/uploads\/2023\/08\/Carrefour-1200x9001-1.jpg\" alt=\"\" class=\"wp-image-89850\" srcset=\"https:\/\/centcols.org\/wp-content\/uploads\/2023\/08\/Carrefour-1200x9001-1.jpg 1200w, https:\/\/centcols.org\/wp-content\/uploads\/2023\/08\/Carrefour-1200x9001-1-768x576.jpg 768w, https:\/\/centcols.org\/wp-content\/uploads\/2023\/08\/Carrefour-1200x9001-1-16x12.jpg 16w\" sizes=\"auto, (max-width: 1200px) 100vw, 1200px\" \/><\/a><figcaption class=\"wp-element-caption\">En la encrucijada<\/figcaption><\/figure>\n\n\n\n<figure class=\"wp-block-image size-large\"><a href=\"https:\/\/centcols.org\/wp-content\/uploads\/2023\/08\/Banc-1200x9001-1.jpg\"><img loading=\"lazy\" decoding=\"async\" width=\"1200\" height=\"900\" data-id=\"89851\" src=\"https:\/\/centcols.org\/wp-content\/uploads\/2023\/08\/Banc-1200x9001-1.jpg\" alt=\"\" class=\"wp-image-89851\" srcset=\"https:\/\/centcols.org\/wp-content\/uploads\/2023\/08\/Banc-1200x9001-1.jpg 1200w, https:\/\/centcols.org\/wp-content\/uploads\/2023\/08\/Banc-1200x9001-1-768x576.jpg 768w, https:\/\/centcols.org\/wp-content\/uploads\/2023\/08\/Banc-1200x9001-1-16x12.jpg 16w\" sizes=\"auto, (max-width: 1200px) 100vw, 1200px\" \/><\/a><figcaption class=\"wp-element-caption\">Un poco de descanso<\/figcaption><\/figure>\n\n\n\n<figure class=\"wp-block-image size-large\"><a href=\"https:\/\/centcols.org\/wp-content\/uploads\/2023\/08\/Cabane-1-1200x9001-1.jpg\"><img loading=\"lazy\" decoding=\"async\" width=\"1200\" height=\"900\" data-id=\"89852\" src=\"https:\/\/centcols.org\/wp-content\/uploads\/2023\/08\/Cabane-1-1200x9001-1.jpg\" alt=\"\" class=\"wp-image-89852\" srcset=\"https:\/\/centcols.org\/wp-content\/uploads\/2023\/08\/Cabane-1-1200x9001-1.jpg 1200w, https:\/\/centcols.org\/wp-content\/uploads\/2023\/08\/Cabane-1-1200x9001-1-768x576.jpg 768w, https:\/\/centcols.org\/wp-content\/uploads\/2023\/08\/Cabane-1-1200x9001-1-16x12.jpg 16w\" sizes=\"auto, (max-width: 1200px) 100vw, 1200px\" \/><\/a><figcaption class=\"wp-element-caption\">... protegido<\/figcaption><\/figure>\n\n\n\n<figure class=\"wp-block-image size-large\"><a href=\"https:\/\/centcols.org\/wp-content\/uploads\/2023\/08\/image-86.jpeg\"><img loading=\"lazy\" decoding=\"async\" width=\"800\" height=\"600\" data-id=\"95032\" src=\"https:\/\/centcols.org\/wp-content\/uploads\/2023\/08\/image-86.jpeg\" alt=\"\" class=\"wp-image-95032\" srcset=\"https:\/\/centcols.org\/wp-content\/uploads\/2023\/08\/image-86.jpeg 800w, https:\/\/centcols.org\/wp-content\/uploads\/2023\/08\/image-86-768x576.jpeg 768w, https:\/\/centcols.org\/wp-content\/uploads\/2023\/08\/image-86-16x12.jpeg 16w\" sizes=\"auto, (max-width: 800px) 100vw, 800px\" \/><\/a><figcaption class=\"wp-element-caption\">Dieterlebauernh\u00f6he<\/figcaption><\/figure>\n\n\n\n<figure class=\"wp-block-image size-large\"><a href=\"https:\/\/centcols.org\/wp-content\/uploads\/2023\/08\/image-87.jpeg\"><img loading=\"lazy\" decoding=\"async\" width=\"800\" height=\"600\" data-id=\"95033\" src=\"https:\/\/centcols.org\/wp-content\/uploads\/2023\/08\/image-87.jpeg\" alt=\"\" class=\"wp-image-95033\" srcset=\"https:\/\/centcols.org\/wp-content\/uploads\/2023\/08\/image-87.jpeg 800w, https:\/\/centcols.org\/wp-content\/uploads\/2023\/08\/image-87-768x576.jpeg 768w, https:\/\/centcols.org\/wp-content\/uploads\/2023\/08\/image-87-16x12.jpeg 16w\" sizes=\"auto, (max-width: 800px) 100vw, 800px\" \/><\/a><figcaption class=\"wp-element-caption\">Benz Ebene<\/figcaption><\/figure>\n<\/figure>","protected":false},"excerpt":{"rendered":"<p>Description de l\u2019auteur Auteur : Jean-Luc CeccatoParcours : effectu\u00e9 le 27 juillet 2022D\u00e9part : depuis un petit parking se trouvant \u00e0 environ 7 km au sud d\u2019Hornberg, sur la petite route qui part \u00e0 gauche vers Untertal, juste apr\u00e8s le carrefour avec la route principale B33. Alt : 563\u00a0m. Descriptif touristique Le relief parcouru par [&hellip;]<\/p>\n","protected":false},"author":3,"featured_media":82869,"comment_status":"open","ping_status":"open","sticky":false,"template":"","format":"standard","meta":{"_acf_changed":false,"footnotes":""},"categories":[302,320,323,220],"tags":[],"class_list":["post-82470","post","type-post","status-publish","format-standard","has-post-thumbnail","hentry","category-parcours-allemagne","category-gravel-type-parcours","category-foret-noire-massif-parcours-membres","category-parcours-membres"],"acf":[],"yoast_head":"<!-- This site is optimized with the Yoast SEO plugin v27.2 - https:\/\/yoast.com\/product\/yoast-seo-wordpress\/ -->\n<title>DE-BW For\u00eat-Noire Hornberg sud - Gravel 67 km, D+ 1790 m, 12 cols - Club des Cent Cols<\/title>\n<meta name=\"robots\" content=\"index, follow, max-snippet:-1, max-image-preview:large, max-video-preview:-1\" \/>\n<link rel=\"canonical\" href=\"https:\/\/centcols.org\/es\/de-bw-foret-noire-hornberg-sud-gravel\/\" \/>\n<meta property=\"og:locale\" content=\"es_ES\" \/>\n<meta property=\"og:type\" content=\"article\" \/>\n<meta property=\"og:title\" content=\"DE-BW For\u00eat-Noire Hornberg sud - Gravel 67 km, D+ 1790 m, 12 cols - Club des Cent Cols\" \/>\n<meta property=\"og:description\" content=\"Description de l\u2019auteur Auteur : Jean-Luc CeccatoParcours : effectu\u00e9 le 27 juillet 2022D\u00e9part : depuis un petit parking se trouvant \u00e0 environ 7 km au sud d\u2019Hornberg, sur la petite route qui part \u00e0 gauche vers Untertal, juste apr\u00e8s le carrefour avec la route principale B33. Alt : 563\u00a0m. Descriptif touristique Le relief parcouru par [&hellip;]\" \/>\n<meta property=\"og:url\" content=\"https:\/\/centcols.org\/es\/de-bw-foret-noire-hornberg-sud-gravel\/\" \/>\n<meta property=\"og:site_name\" content=\"Club des Cent Cols\" \/>\n<meta property=\"article:publisher\" content=\"https:\/\/www.facebook.com\/groups\/5261880558\/?locale=fr_FR\" \/>\n<meta property=\"article:published_time\" content=\"2023-08-10T14:56:36+00:00\" \/>\n<meta property=\"article:modified_time\" content=\"2026-04-14T20:05:16+00:00\" \/>\n<meta property=\"og:image\" content=\"https:\/\/centcols.org\/wp-content\/uploads\/2023\/08\/Hornberg-500x3071-1.jpg\" \/>\n\t<meta property=\"og:image:width\" content=\"500\" \/>\n\t<meta property=\"og:image:height\" content=\"307\" \/>\n\t<meta property=\"og:image:type\" content=\"image\/jpeg\" \/>\n<meta name=\"author\" content=\"Webmestre\" \/>\n<meta name=\"twitter:card\" content=\"summary_large_image\" \/>\n<meta name=\"twitter:label1\" content=\"Escrito por\" \/>\n\t<meta name=\"twitter:data1\" content=\"Webmestre\" \/>\n\t<meta name=\"twitter:label2\" content=\"Tiempo de lectura\" \/>\n\t<meta name=\"twitter:data2\" content=\"4 minutos\" \/>\n<script type=\"application\/ld+json\" class=\"yoast-schema-graph\">{\"@context\":\"https:\/\/schema.org\",\"@graph\":[{\"@type\":\"Article\",\"@id\":\"https:\/\/centcols.org\/de-bw-foret-noire-hornberg-sud-gravel\/#article\",\"isPartOf\":{\"@id\":\"https:\/\/centcols.org\/de-bw-foret-noire-hornberg-sud-gravel\/\"},\"author\":{\"name\":\"Webmestre\",\"@id\":\"https:\/\/centcols.org\/#\/schema\/person\/911b404fb133d8c913dd27cdcf71c8e5\"},\"headline\":\"DE-BW For\u00eat-Noire Hornberg sud &#8211; Gravel 67 km, D+ 1790 m, 12 cols\",\"datePublished\":\"2023-08-10T14:56:36+00:00\",\"dateModified\":\"2026-04-14T20:05:16+00:00\",\"mainEntityOfPage\":{\"@id\":\"https:\/\/centcols.org\/de-bw-foret-noire-hornberg-sud-gravel\/\"},\"wordCount\":290,\"commentCount\":0,\"publisher\":{\"@id\":\"https:\/\/centcols.org\/#organization\"},\"image\":{\"@id\":\"https:\/\/centcols.org\/de-bw-foret-noire-hornberg-sud-gravel\/#primaryimage\"},\"thumbnailUrl\":\"https:\/\/centcols.org\/wp-content\/uploads\/2023\/08\/Hornberg-500x3071-1.jpg\",\"articleSection\":[\"Parcours Allemagne\",\"Gravel\",\"For\u00eat-Noire\",\"Parcours membres\"],\"inLanguage\":\"es\",\"potentialAction\":[{\"@type\":\"CommentAction\",\"name\":\"Comment\",\"target\":[\"https:\/\/centcols.org\/de-bw-foret-noire-hornberg-sud-gravel\/#respond\"]}]},{\"@type\":\"WebPage\",\"@id\":\"https:\/\/centcols.org\/de-bw-foret-noire-hornberg-sud-gravel\/\",\"url\":\"https:\/\/centcols.org\/de-bw-foret-noire-hornberg-sud-gravel\/\",\"name\":\"DE-BW For\u00eat-Noire Hornberg sud - Gravel 67 km, D+ 1790 m, 12 cols - Club des Cent Cols\",\"isPartOf\":{\"@id\":\"https:\/\/centcols.org\/#website\"},\"primaryImageOfPage\":{\"@id\":\"https:\/\/centcols.org\/de-bw-foret-noire-hornberg-sud-gravel\/#primaryimage\"},\"image\":{\"@id\":\"https:\/\/centcols.org\/de-bw-foret-noire-hornberg-sud-gravel\/#primaryimage\"},\"thumbnailUrl\":\"https:\/\/centcols.org\/wp-content\/uploads\/2023\/08\/Hornberg-500x3071-1.jpg\",\"datePublished\":\"2023-08-10T14:56:36+00:00\",\"dateModified\":\"2026-04-14T20:05:16+00:00\",\"breadcrumb\":{\"@id\":\"https:\/\/centcols.org\/de-bw-foret-noire-hornberg-sud-gravel\/#breadcrumb\"},\"inLanguage\":\"es\",\"potentialAction\":[{\"@type\":\"ReadAction\",\"target\":[\"https:\/\/centcols.org\/de-bw-foret-noire-hornberg-sud-gravel\/\"]}]},{\"@type\":\"ImageObject\",\"inLanguage\":\"es\",\"@id\":\"https:\/\/centcols.org\/de-bw-foret-noire-hornberg-sud-gravel\/#primaryimage\",\"url\":\"https:\/\/centcols.org\/wp-content\/uploads\/2023\/08\/Hornberg-500x3071-1.jpg\",\"contentUrl\":\"https:\/\/centcols.org\/wp-content\/uploads\/2023\/08\/Hornberg-500x3071-1.jpg\",\"width\":500,\"height\":307},{\"@type\":\"BreadcrumbList\",\"@id\":\"https:\/\/centcols.org\/de-bw-foret-noire-hornberg-sud-gravel\/#breadcrumb\",\"itemListElement\":[{\"@type\":\"ListItem\",\"position\":1,\"name\":\"Accueil\",\"item\":\"https:\/\/centcols.org\/\"},{\"@type\":\"ListItem\",\"position\":2,\"name\":\"Parcours membres\",\"item\":\"https:\/\/centcols.org\/rubrique\/parcours-membres\/\"},{\"@type\":\"ListItem\",\"position\":3,\"name\":\"Pays\",\"item\":\"https:\/\/centcols.org\/rubrique\/parcours-membres\/pays-parcours-membres\/\"},{\"@type\":\"ListItem\",\"position\":4,\"name\":\"Parcours Allemagne\",\"item\":\"https:\/\/centcols.org\/rubrique\/parcours-membres\/pays-parcours-membres\/parcours-allemagne\/\"},{\"@type\":\"ListItem\",\"position\":5,\"name\":\"DE-BW For\u00eat-Noire Hornberg sud &#8211; Gravel 67 km, D+ 1790 m, 12 cols\"}]},{\"@type\":\"WebSite\",\"@id\":\"https:\/\/centcols.org\/#website\",\"url\":\"https:\/\/centcols.org\/\",\"name\":\"Club des Cent Cols\",\"description\":\"\",\"publisher\":{\"@id\":\"https:\/\/centcols.org\/#organization\"},\"potentialAction\":[{\"@type\":\"SearchAction\",\"target\":{\"@type\":\"EntryPoint\",\"urlTemplate\":\"https:\/\/centcols.org\/?s={search_term_string}\"},\"query-input\":{\"@type\":\"PropertyValueSpecification\",\"valueRequired\":true,\"valueName\":\"search_term_string\"}}],\"inLanguage\":\"es\"},{\"@type\":\"Organization\",\"@id\":\"https:\/\/centcols.org\/#organization\",\"name\":\"Club des Cent Cols\",\"url\":\"https:\/\/centcols.org\/\",\"logo\":{\"@type\":\"ImageObject\",\"inLanguage\":\"es\",\"@id\":\"https:\/\/centcols.org\/#\/schema\/logo\/image\/\",\"url\":\"https:\/\/centcols.org\/wp-content\/uploads\/2025\/01\/carte-icone.png\",\"contentUrl\":\"https:\/\/centcols.org\/wp-content\/uploads\/2025\/01\/carte-icone.png\",\"width\":250,\"height\":250,\"caption\":\"Club des Cent Cols\"},\"image\":{\"@id\":\"https:\/\/centcols.org\/#\/schema\/logo\/image\/\"},\"sameAs\":[\"https:\/\/www.facebook.com\/groups\/5261880558\/?locale=fr_FR\"]},{\"@type\":\"Person\",\"@id\":\"https:\/\/centcols.org\/#\/schema\/person\/911b404fb133d8c913dd27cdcf71c8e5\",\"name\":\"Webmestre\",\"image\":{\"@type\":\"ImageObject\",\"inLanguage\":\"es\",\"@id\":\"https:\/\/centcols.org\/wp-content\/litespeed\/avatar\/2d246e4b6b4f773e08515e1ffc53690b.jpg?ver=1777222892\",\"url\":\"https:\/\/centcols.org\/wp-content\/litespeed\/avatar\/2d246e4b6b4f773e08515e1ffc53690b.jpg?ver=1777222892\",\"contentUrl\":\"https:\/\/centcols.org\/wp-content\/litespeed\/avatar\/2d246e4b6b4f773e08515e1ffc53690b.jpg?ver=1777222892\",\"caption\":\"Webmestre\"},\"url\":\"https:\/\/centcols.org\/es\/author\/webmestre\/\"}]}<\/script>\n<!-- \/ Yoast SEO plugin. -->","yoast_head_json":{"title":"DE-BW Selva Negra Hornberg sur - Grava 67 km, D+ 1790 m, 12 cols - Club des Cent Cols","robots":{"index":"index","follow":"follow","max-snippet":"max-snippet:-1","max-image-preview":"max-image-preview:large","max-video-preview":"max-video-preview:-1"},"canonical":"https:\/\/centcols.org\/es\/de-bw-foret-noire-hornberg-sud-gravel\/","og_locale":"es_ES","og_type":"article","og_title":"DE-BW For\u00eat-Noire Hornberg sud - Gravel 67 km, D+ 1790 m, 12 cols - Club des Cent Cols","og_description":"Description de l\u2019auteur Auteur : Jean-Luc CeccatoParcours : effectu\u00e9 le 27 juillet 2022D\u00e9part : depuis un petit parking se trouvant \u00e0 environ 7 km au sud d\u2019Hornberg, sur la petite route qui part \u00e0 gauche vers Untertal, juste apr\u00e8s le carrefour avec la route principale B33. Alt : 563\u00a0m. Descriptif touristique Le relief parcouru par [&hellip;]","og_url":"https:\/\/centcols.org\/es\/de-bw-foret-noire-hornberg-sud-gravel\/","og_site_name":"Club des Cent Cols","article_publisher":"https:\/\/www.facebook.com\/groups\/5261880558\/?locale=fr_FR","article_published_time":"2023-08-10T14:56:36+00:00","article_modified_time":"2026-04-14T20:05:16+00:00","og_image":[{"width":500,"height":307,"url":"https:\/\/centcols.org\/wp-content\/uploads\/2023\/08\/Hornberg-500x3071-1.jpg","type":"image\/jpeg"}],"author":"Webmestre","twitter_card":"summary_large_image","twitter_misc":{"Escrito por":"Webmestre","Tiempo de lectura":"4 minutos"},"schema":{"@context":"https:\/\/schema.org","@graph":[{"@type":"Article","@id":"https:\/\/centcols.org\/de-bw-foret-noire-hornberg-sud-gravel\/#article","isPartOf":{"@id":"https:\/\/centcols.org\/de-bw-foret-noire-hornberg-sud-gravel\/"},"author":{"name":"Webmestre","@id":"https:\/\/centcols.org\/#\/schema\/person\/911b404fb133d8c913dd27cdcf71c8e5"},"headline":"DE-BW For\u00eat-Noire Hornberg sud &#8211; Gravel 67 km, D+ 1790 m, 12 cols","datePublished":"2023-08-10T14:56:36+00:00","dateModified":"2026-04-14T20:05:16+00:00","mainEntityOfPage":{"@id":"https:\/\/centcols.org\/de-bw-foret-noire-hornberg-sud-gravel\/"},"wordCount":290,"commentCount":0,"publisher":{"@id":"https:\/\/centcols.org\/#organization"},"image":{"@id":"https:\/\/centcols.org\/de-bw-foret-noire-hornberg-sud-gravel\/#primaryimage"},"thumbnailUrl":"https:\/\/centcols.org\/wp-content\/uploads\/2023\/08\/Hornberg-500x3071-1.jpg","articleSection":["Parcours Allemagne","Gravel","For\u00eat-Noire","Parcours membres"],"inLanguage":"es","potentialAction":[{"@type":"CommentAction","name":"Comment","target":["https:\/\/centcols.org\/de-bw-foret-noire-hornberg-sud-gravel\/#respond"]}]},{"@type":"WebPage","@id":"https:\/\/centcols.org\/de-bw-foret-noire-hornberg-sud-gravel\/","url":"https:\/\/centcols.org\/de-bw-foret-noire-hornberg-sud-gravel\/","name":"DE-BW Selva Negra Hornberg sur - Grava 67 km, D+ 1790 m, 12 cols - Club des Cent Cols","isPartOf":{"@id":"https:\/\/centcols.org\/#website"},"primaryImageOfPage":{"@id":"https:\/\/centcols.org\/de-bw-foret-noire-hornberg-sud-gravel\/#primaryimage"},"image":{"@id":"https:\/\/centcols.org\/de-bw-foret-noire-hornberg-sud-gravel\/#primaryimage"},"thumbnailUrl":"https:\/\/centcols.org\/wp-content\/uploads\/2023\/08\/Hornberg-500x3071-1.jpg","datePublished":"2023-08-10T14:56:36+00:00","dateModified":"2026-04-14T20:05:16+00:00","breadcrumb":{"@id":"https:\/\/centcols.org\/de-bw-foret-noire-hornberg-sud-gravel\/#breadcrumb"},"inLanguage":"es","potentialAction":[{"@type":"ReadAction","target":["https:\/\/centcols.org\/de-bw-foret-noire-hornberg-sud-gravel\/"]}]},{"@type":"ImageObject","inLanguage":"es","@id":"https:\/\/centcols.org\/de-bw-foret-noire-hornberg-sud-gravel\/#primaryimage","url":"https:\/\/centcols.org\/wp-content\/uploads\/2023\/08\/Hornberg-500x3071-1.jpg","contentUrl":"https:\/\/centcols.org\/wp-content\/uploads\/2023\/08\/Hornberg-500x3071-1.jpg","width":500,"height":307},{"@type":"BreadcrumbList","@id":"https:\/\/centcols.org\/de-bw-foret-noire-hornberg-sud-gravel\/#breadcrumb","itemListElement":[{"@type":"ListItem","position":1,"name":"Accueil","item":"https:\/\/centcols.org\/"},{"@type":"ListItem","position":2,"name":"Parcours membres","item":"https:\/\/centcols.org\/rubrique\/parcours-membres\/"},{"@type":"ListItem","position":3,"name":"Pays","item":"https:\/\/centcols.org\/rubrique\/parcours-membres\/pays-parcours-membres\/"},{"@type":"ListItem","position":4,"name":"Parcours Allemagne","item":"https:\/\/centcols.org\/rubrique\/parcours-membres\/pays-parcours-membres\/parcours-allemagne\/"},{"@type":"ListItem","position":5,"name":"DE-BW For\u00eat-Noire Hornberg sud &#8211; Gravel 67 km, D+ 1790 m, 12 cols"}]},{"@type":"WebSite","@id":"https:\/\/centcols.org\/#website","url":"https:\/\/centcols.org\/","name":"Club des Cent Cols","description":"","publisher":{"@id":"https:\/\/centcols.org\/#organization"},"potentialAction":[{"@type":"SearchAction","target":{"@type":"EntryPoint","urlTemplate":"https:\/\/centcols.org\/?s={search_term_string}"},"query-input":{"@type":"PropertyValueSpecification","valueRequired":true,"valueName":"search_term_string"}}],"inLanguage":"es"},{"@type":"Organization","@id":"https:\/\/centcols.org\/#organization","name":"Club des Cent Cols","url":"https:\/\/centcols.org\/","logo":{"@type":"ImageObject","inLanguage":"es","@id":"https:\/\/centcols.org\/#\/schema\/logo\/image\/","url":"https:\/\/centcols.org\/wp-content\/uploads\/2025\/01\/carte-icone.png","contentUrl":"https:\/\/centcols.org\/wp-content\/uploads\/2025\/01\/carte-icone.png","width":250,"height":250,"caption":"Club des Cent Cols"},"image":{"@id":"https:\/\/centcols.org\/#\/schema\/logo\/image\/"},"sameAs":["https:\/\/www.facebook.com\/groups\/5261880558\/?locale=fr_FR"]},{"@type":"Person","@id":"https:\/\/centcols.org\/#\/schema\/person\/911b404fb133d8c913dd27cdcf71c8e5","name":"Webmaster","image":{"@type":"ImageObject","inLanguage":"es","@id":"https:\/\/centcols.org\/wp-content\/litespeed\/avatar\/2d246e4b6b4f773e08515e1ffc53690b.jpg?ver=1777222892","url":"https:\/\/centcols.org\/wp-content\/litespeed\/avatar\/2d246e4b6b4f773e08515e1ffc53690b.jpg?ver=1777222892","contentUrl":"https:\/\/centcols.org\/wp-content\/litespeed\/avatar\/2d246e4b6b4f773e08515e1ffc53690b.jpg?ver=1777222892","caption":"Webmestre"},"url":"https:\/\/centcols.org\/es\/author\/webmestre\/"}]}},"_links":{"self":[{"href":"https:\/\/centcols.org\/es\/wp-json\/wp\/v2\/posts\/82470","targetHints":{"allow":["GET"]}}],"collection":[{"href":"https:\/\/centcols.org\/es\/wp-json\/wp\/v2\/posts"}],"about":[{"href":"https:\/\/centcols.org\/es\/wp-json\/wp\/v2\/types\/post"}],"author":[{"embeddable":true,"href":"https:\/\/centcols.org\/es\/wp-json\/wp\/v2\/users\/3"}],"replies":[{"embeddable":true,"href":"https:\/\/centcols.org\/es\/wp-json\/wp\/v2\/comments?post=82470"}],"version-history":[{"count":0,"href":"https:\/\/centcols.org\/es\/wp-json\/wp\/v2\/posts\/82470\/revisions"}],"wp:featuredmedia":[{"embeddable":true,"href":"https:\/\/centcols.org\/es\/wp-json\/wp\/v2\/media\/82869"}],"wp:attachment":[{"href":"https:\/\/centcols.org\/es\/wp-json\/wp\/v2\/media?parent=82470"}],"wp:term":[{"taxonomy":"category","embeddable":true,"href":"https:\/\/centcols.org\/es\/wp-json\/wp\/v2\/categories?post=82470"},{"taxonomy":"post_tag","embeddable":true,"href":"https:\/\/centcols.org\/es\/wp-json\/wp\/v2\/tags?post=82470"}],"curies":[{"name":"wp","href":"https:\/\/api.w.org\/{rel}","templated":true}]}}