{"id":82485,"date":"2023-06-19T14:27:45","date_gmt":"2023-06-19T12:27:45","guid":{"rendered":"https:\/\/centcols.org\/le-col-du-galibier\/"},"modified":"2025-11-05T18:45:09","modified_gmt":"2025-11-05T16:45:09","slug":"el-paso-del-galibier","status":"publish","type":"post","link":"https:\/\/centcols.org\/es\/le-col-du-galibier\/","title":{"rendered":"El puerto del Galibier"},"content":{"rendered":"<h2 class=\"wp-block-heading\">Toponimia<\/h2>\n\n\n\n<p class=\"has-medium-font-size\">Seg\u00fan <a title=\"\" href=\"https:\/\/fr.wikipedia.org\/wiki\/Grand_Galibier\" target=\"_blank\" rel=\"noopener\"><strong>Wikipedia<\/strong><\/a>, la etimolog\u00eda de\u2019<strong><a title=\"\" href=\"https:\/\/fr.wikipedia.org\/wiki\/Oronyme\" target=\"_blank\" rel=\"noopener\">or\u00f3nimo<\/a>&nbsp;<\/strong>Galibier es objeto de debate. Se cree que Galibier deriva de un radical de origen preindoeuropeo,&nbsp;<em>gal<\/em>&nbsp;variante de&nbsp;<em>kal<\/em>, piedra, con&nbsp;<em>lup<\/em>, la altura. El nombre Galibier hace referencia a una colina pedregosa.<\/p>\n\n\n\n<h2 class=\"wp-block-heading\">Situaci\u00f3n geogr\u00e1fica<\/h2>\n\n\n\n<h3 class=\"wp-block-heading\">Macizos<\/h3>\n\n\n\n<p class=\"has-medium-font-size\">Le <a title=\"\" href=\"https:\/\/centcols.org\/es\/util\/geo\/visuGen.php\/?code=FR-05-2642a\" target=\"_blank\" rel=\"noopener\">Paso del Galibier FR-05-2642a<\/a> - se encuentra entre el&nbsp;<a title=\"\" href=\"https:\/\/fr.wikipedia.org\/wiki\/Massif_des_Arves\" target=\"_blank\" rel=\"noopener\"><strong>Macizo de Arves<\/strong><\/a>&nbsp; con el Pic des Trois Ev\u00e9ch\u00e9s (3.116 m) al oeste del puerto y el<strong>&nbsp;<a title=\"\" href=\"https:\/\/fr.wikipedia.org\/wiki\/Massif_des_Cerces\" target=\"_blank\" rel=\"noopener\">Macizo de Cerces<\/a>,<\/strong>&nbsp;con la cumbre del Grand Galibier (3228 m) al este del puerto.<\/p>\n\n\n\n<h3 class=\"wp-block-heading\">Geolog\u00eda<\/h3>\n\n\n\n<p class=\"has-medium-font-size\">Los cabalgamientos de Brian\u00e7onnais son bien conocidos y tienen la particularidad de haber permitido cubrir capas geol\u00f3gicas recientes con capas geol\u00f3gicas m\u00e1s antiguas. Este apilamiento de napas, desplazadas entre 20 y 30 km, contempor\u00e1neo del levantamiento alpino (30 Ma), se vio facilitado por la presencia de una capa de yeso que actuaba como \u00ablubricante tect\u00f3nico\u00bb.<\/p>\n\n\n\n<p class=\"has-medium-font-size\">El paso esconde una curiosidad geol\u00f3gica. Por encima del t\u00fanel y por debajo de la boca norte del paso aflora yeso. Este yeso est\u00e1 plagado de depresiones decam\u00e9tricas que recuerdan las formas k\u00e1rsticas. Algunos turistas las han llegado a confundir con agujeros de conchas, pero en realidad son embudos en los que el agua ha disuelto el yeso.<\/p>\n\n\n\n<p class=\"has-medium-font-size\">Los lectores interesados en este tema pueden consultar el exhaustivo art\u00edculo de&nbsp;<a href=\"http:\/\/www.geol-alp.com\/brianconnais\/_lieux_Guisane_WNevache\/Galibier_col.html\" rel=\"noreferrer noopener\" target=\"_blank\">geol-alp.com Col du Galibier<\/a>&nbsp;<\/p>\n\n\n\n<h3 class=\"wp-block-heading\">Hidrograf\u00eda<\/h3>\n\n\n\n<p class=\"has-medium-font-size\">Se encuentra en la divisoria de aguas entre la cuenca del Is\u00e8re al norte (valle de Valloirette, afluente del Arc y luego del Is\u00e8re) y la cuenca del Durance al sur (valle de Guisane, afluente del Durance).<\/p>\n\n\n\n<h3 class=\"wp-block-heading\">Acceda a<\/h3>\n\n\n\n<p class=\"has-medium-font-size\">La carretera del Galibier (actual D902 -antigua RN202- tanto en Saboya como en los Altos Alpes) se construy\u00f3 a partir de 1874 y se complet\u00f3 con la perforaci\u00f3n del t\u00fanel en 1891. La carretera (de la cumbre) se complet\u00f3 al menos en 1884.<\/p>\n\n\n\n<p class=\"has-medium-font-size\">Enlaza :<\/p>\n\n\n<div class=\"wp-block-image is-resized\">\n<figure class=\"aligncenter size-full\"><img loading=\"lazy\" decoding=\"async\" width=\"681\" height=\"607\" src=\"https:\/\/centcols.org\/wp-content\/uploads\/2023\/06\/Galibier-carte1.jpg\" alt=\"\" class=\"wp-image-89770\" srcset=\"https:\/\/centcols.org\/wp-content\/uploads\/2023\/06\/Galibier-carte1.jpg 681w, https:\/\/centcols.org\/wp-content\/uploads\/2023\/06\/Galibier-carte1-13x12.jpg 13w\" sizes=\"auto, (max-width: 681px) 100vw, 681px\" \/><\/figure>\n<\/div>\n\n\n<div class=\"wp-block-columns is-layout-flex wp-container-core-columns-is-layout-9d6595d7 wp-block-columns-is-layout-flex\">\n<div class=\"wp-block-column is-layout-flow wp-block-column-is-layout-flow\">\n<ul class=\"wp-block-list\">\n<li>en <strong>norte<\/strong>,la Maurienne (valle del Is\u00e8re), Saint-Michel de Maurienne (a 35 km - alt. 730 m), pasando por Valloire (a 18 km) y el Col du T\u00e9l\u00e9graphe -. <a href=\"https:\/\/centcols.org\/es\/util\/geo\/visuGen.php\/?code=FR-73-1566\" target=\"_blank\" rel=\"noreferrer noopener\">FR-73-1566<\/a> - (28 km del Col du Galibier), y Valloire (18 km - alt.<br>1430 m), luego Plan Lachat (a 8 km - alt. 1786 m) y (a unos diez metros a la derecha de la carretera) Collet de Plan Nicolas - alt. 1786 m). <a href=\"https:\/\/centcols.org\/es\/util\/geo\/visuGen.php\/?code=FR-73-2406\" target=\"_blank\" rel=\"noreferrer noopener\">FR-73-2406<\/a> (a 2,8 km).<\/li>\n<\/ul>\n<\/div>\n\n\n\n<div class=\"wp-block-column is-layout-flow wp-block-column-is-layout-flow\">\n<ul class=\"wp-block-list\">\n<li>en <strong>sur<\/strong>, el Col du Lautaret&nbsp;<a href=\"https:\/\/centcols.org\/es\/util\/geo\/visuGen.php\/?code=FR-05-2057\" target=\"_blank\" rel=\"noreferrer noopener\"> FR-05-2057 <\/a>- a 9 km. Desde el puerto se puede llegar a :<br><\/li>\n<\/ul>\n<\/div>\n<\/div>\n\n\n<div class=\"wp-block-image\">\n<figure class=\"aligncenter size-full is-resized\"><img loading=\"lazy\" decoding=\"async\" width=\"1200\" height=\"900\" src=\"https:\/\/centcols.org\/wp-content\/uploads\/2023\/06\/GALIBIER-MEIJE-P1000563-1200x900-1.jpg\" alt=\"\" class=\"wp-image-88033\" style=\"width:878px;height:auto\" srcset=\"https:\/\/centcols.org\/wp-content\/uploads\/2023\/06\/GALIBIER-MEIJE-P1000563-1200x900-1.jpg 1200w, https:\/\/centcols.org\/wp-content\/uploads\/2023\/06\/GALIBIER-MEIJE-P1000563-1200x900-1-768x576.jpg 768w\" sizes=\"auto, (max-width: 1200px) 100vw, 1200px\" \/><figcaption class=\"wp-element-caption\"><br><strong>Lado sur : <em>vista del macizo de los \u00c9crins (La Meije a la derecha) y de la Route du Lautaret<\/em><\/strong><\/figcaption><\/figure>\n<\/div>\n\n<div class=\"wp-block-image\">\n<figure class=\"aligncenter size-full\"><img loading=\"lazy\" decoding=\"async\" width=\"887\" height=\"665\" src=\"https:\/\/centcols.org\/wp-content\/uploads\/2023\/06\/Galibier-versannt-nordJPG.jpg\" alt=\"\" class=\"wp-image-88034\" srcset=\"https:\/\/centcols.org\/wp-content\/uploads\/2023\/06\/Galibier-versannt-nordJPG.jpg 887w, https:\/\/centcols.org\/wp-content\/uploads\/2023\/06\/Galibier-versannt-nordJPG-768x576.jpg 768w\" sizes=\"auto, (max-width: 887px) 100vw, 887px\" \/><figcaption class=\"wp-element-caption\"><strong>Lado norte : <em>en el descenso, el Collet de Plan Nicolas<\/em><\/strong><\/figcaption><\/figure>\n<\/div>\n\n\n<h2 class=\"wp-block-heading\">Modificaci\u00f3n del acceso<\/h2>\n\n\n\n<p class=\"has-medium-font-size\">Posteriormente, esta carretera ha sido objeto de numerosas obras y su trazado se ha modificado varias veces.<\/p>\n\n\n\n<h3 class=\"wp-block-heading\"><strong>Ruta de la vertiente sur<\/strong><\/h3>\n\n\n\n<p class=\"has-medium-font-size\">El trazado original de la carretera en la vertiente sur era completamente distinto antes de la inauguraci\u00f3n de una nueva carretera que sal\u00eda a las&nbsp;<a title=\"\" href=\"https:\/\/fr.wikipedia.org\/wiki\/Col_du_Lautaret\" target=\"_blank\" rel=\"noopener\"><strong>Col du Lautaret<\/strong><\/a>&nbsp;y el abandono gradual de la antigua.<\/p>\n\n\n\n<ul class=\"wp-block-list\">\n<li><strong>Seg\u00fan la revista TCF de septiembre de 1936<\/strong> Este importante tramo de la Ruta de los Alpes deb\u00eda haberse inaugurado el a\u00f1o pasado, en agosto, pero un retraso excepcional en el deshielo impidi\u00f3 que las obras concluyeran en la fecha prevista, y hubo que esperar hasta el pasado mes de julio para que los Alpes se abrieran finalmente al p\u00fablico. <em>(<strong>1936<\/strong>, so)<\/em> que podr\u00eda abrirse al tr\u00e1fico\u00bb. Ese mismo verano, el Presidente Albert Lebrun (de vacaciones en Vizille) fue visto paseando por ella, sin protocolo.<\/li>\n\n\n\n<li>Seg\u00fan <a href=\"https:\/\/fr.wikipedia.org\/wiki\/Col_du_Galibier\" target=\"_blank\" rel=\"noreferrer noopener\">Wikipedia<\/a>&nbsp; (en referencia a un art\u00edculo de <a href=\"https:\/\/www.ledauphine.com\/savoie\/2011\/07\/20\/le-col-du-galibier-qui-permet-de-basculer-rapidement-vers-la-vallee-de-l-arc-le-brianconnais-ou\" target=\"_blank\" rel=\"noreferrer noopener\">Dauphin\u00e9 Lib\u00e9r\u00e9 2011<\/a> y el <a href=\"https:\/\/archive.wikiwix.com\/cache\/index2.php?url=http:\/\/www.memoire-du-cyclisme.eu\/dossiers\/dos_1911_1.php#federation=archive.wikiwix.com&amp;tab=url\" target=\"_blank\" rel=\"noreferrer noopener\">Memoria ciclista<\/a>) la nueva carretera no se habr\u00eda inaugurado hasta <strong>1938<\/strong> mientras que los documentos de la \u00e9poca dan la fecha de 1936.<\/li>\n<\/ul>\n\n\n\n<p class=\"has-medium-font-size\"><em>En su historia <a href=\"https:\/\/cyclotouristes-grenoblois.assoconnect.com\/articles\/131198-cetait-en-1937-mon-premier-bra-par-paul-maillet\" target=\"_blank\" rel=\"noreferrer noopener\">Era 1937... Mi primer BRA<\/a> &nbsp;(archivos BRA), Paul Maillet indic\u00f3 que hab\u00eda escalado el Galibier por la nueva ruta, lo que confirmar\u00eda la fecha propuesta por la revista TCF (e invalidar\u00eda la fecha seg\u00fan Wikipedia<\/em>).<\/p>\n\n\n\n<p class=\"has-medium-font-size\">La antigua ruta, al este de la actual, se un\u00eda a la D1091 por debajo del Col du Lautaret, justo por encima de Sestri\u00e8res, y ten\u00eda una pendiente media mucho m\u00e1s pronunciada que la ruta actual (los \u00faltimos seis kil\u00f3metros a casi 10 %), con un recorrido m\u00e1s corto pero una mayor diferencia de altitud.<\/p>\n\n\n\n<div class=\"wp-block-media-text has-media-on-the-right is-stacked-on-mobile\" style=\"grid-template-columns:auto 40%\"><div class=\"wp-block-media-text__content\">\n<p>Una pista \u00abimprecisa\u00bb sigue el trazado de la antigua carretera, y ahora la utilizan los ciclistas de monta\u00f1a de descenso.<\/p>\n\n\n\n<p>Las rutas antigua y nueva se funden en el monumento a Henri Desgrange y no vuelven a encontrarse.<br>cruzar s\u00f3lo una vez, en un punto ligeramente por debajo de este monumento.<\/p>\n<\/div><figure class=\"wp-block-media-text__media\"><img loading=\"lazy\" decoding=\"async\" width=\"512\" height=\"512\" src=\"https:\/\/centcols.org\/wp-content\/uploads\/2023\/06\/7510bb8e-69ae-498b-9bae-3bc5e84cdaa01.jpg\" alt=\"\" class=\"wp-image-83341 size-full\" srcset=\"https:\/\/centcols.org\/wp-content\/uploads\/2023\/06\/7510bb8e-69ae-498b-9bae-3bc5e84cdaa01.jpg 512w, https:\/\/centcols.org\/wp-content\/uploads\/2023\/06\/7510bb8e-69ae-498b-9bae-3bc5e84cdaa01-150x150.jpg 150w\" sizes=\"auto, (max-width: 512px) 100vw, 512px\" \/><\/figure><\/div>\n\n\n\n<p class=\"has-medium-font-size\">Para m\u00e1s detalles, v\u00e9ase el art\u00edculo de Lucien Chevalier:<a href=\"https:\/\/cyclotouristes-grenoblois.assoconnect.com\/articles\/125949-une-histoire-de-la-route-du-col-du-galibier\"> Historia de la carretera del puerto de Galibier .<\/a><\/p>\n\n\n\n<h3 class=\"wp-block-heading\">Ruta de la vertiente norte<\/h3>\n\n\n\n<p class=\"has-medium-font-size\">La rampa de Bonnenuit, entre Valloire y Plan Lachat, que ten\u00eda una pendiente de 14 %, se ha suavizado con la creaci\u00f3n de un largo bucle alrededor de la aldea, a lo largo del r\u00edo, reduciendo considerablemente la dificultad del tramo anterior a Plan Lachat. (fecha ???? - aguas abajo de<br>Bonnenuit, una flecha triple y la indicaci\u00f3n 14% en el mapa Michelin 77 de 1980 y una flecha simple en el mapa 333 de 2002).<\/p>\n\n\n\n<h3 class=\"wp-block-heading\">T\u00fanel y paso geogr\u00e1fico<\/h3>\n\n\n\n<p class=\"has-medium-font-size\">El t\u00fanel se perfor\u00f3 en 1891, a una altitud de 2.556 m en el lado norte y 2.555 m en el lado sur. <\/p>\n\n\n\n<p class=\"has-medium-font-size\">La carretera original pasaba por el paso geogr\u00e1fico ya en 1876 por el lado sur, y por ambos lados a m\u00e1s tardar en 1884. La carretera de la cumbre se restaur\u00f3 en la d\u00e9cada de 1920.<\/p>\n\n\n\n<p class=\"has-medium-font-size\">Debido a su antig\u00fcedad, el t\u00fanel se cerr\u00f3 en 1976. La ruta sobre el paso topogr\u00e1fico (2.642 m) se reabri\u00f3 para los 3<sup>th<\/sup> veces, a\u00f1adiendo 1 km de carretera en cada ladera con una pendiente media de casi 10 %.<\/p>\n\n\n\n<div class=\"wp-block-media-text has-media-on-the-right is-stacked-on-mobile\" style=\"grid-template-columns:auto 40%\"><div class=\"wp-block-media-text__content\">\n<p><strong>Desde 2002<\/strong>, el t\u00fanel renovado es <strong>reabierto al tr\u00e1fico rodado<\/strong> (la estructura tiene 370 metros de largo y 4 metros de ancho, lo que s\u00f3lo permite el tr\u00e1fico alterno mediante sem\u00e1foros), <strong>pero sigue cerrado a las bicicletas<\/strong>, Tienen que superar el puerto real y no pueden evitar el \u00faltimo kil\u00f3metro, la parte m\u00e1s dura de la subida.<\/p>\n<\/div><figure class=\"wp-block-media-text__media\"><img loading=\"lazy\" decoding=\"async\" width=\"1200\" height=\"900\" src=\"https:\/\/centcols.org\/wp-content\/uploads\/2023\/06\/Galibier-dernier-km-1200x9001-1.jpg\" alt=\"\" class=\"wp-image-83343 size-full\" srcset=\"https:\/\/centcols.org\/wp-content\/uploads\/2023\/06\/Galibier-dernier-km-1200x9001-1.jpg 1200w, https:\/\/centcols.org\/wp-content\/uploads\/2023\/06\/Galibier-dernier-km-1200x9001-1-768x576.jpg 768w\" sizes=\"auto, (max-width: 1200px) 100vw, 1200px\" \/><\/figure><\/div>\n\n\n\n<p class=\"has-text-align-right\">En el \u00faltimo kil\u00f3metro<\/p>\n\n\n\n<h2 class=\"wp-block-heading\">Qu\u00e9 ver - turismo&nbsp;<\/h2>\n\n\n\n<h4 class=\"wp-block-heading has-medium-font-size\"><br>Lado norte<\/h4>\n\n\n\n<p class=\"has-medium-font-size\">Poco antes de <strong>aldea de Bonnenuit<\/strong>, en Roche Bernard, a la izquierda de la carretera (en<br>Restos de la \"Barricada de los Pest\u00edferos\". (Cuando la peste lleg\u00f3 a Valloire en el siglo XVII, no hab\u00eda vacuna, por lo que los enfermos de peste fueron puestos en cuarentena. El lugar de cuarentena era Bonnenuit, porque estaba situado en el fondo del valle - no exist\u00eda el camino hacia el Col du Galibier).<br>La <strong>Fromagerie Coop\u00e9rative de la Vall\u00e9e des Arves<\/strong>&nbsp;abre -de mediados de junio a mediados de septiembre- una tienda en Les Granges du Galibier (2300 m de altitud). \u00a1Queso de Beaufort!<br>En junio de 2011, las Granges du Galibier acogieron la inauguraci\u00f3n de la estela \u00abGalibier\".\u00ab&nbsp;<strong>Pantani para siempre<\/strong>&nbsp;\u00bb en homenaje al escalador italiano Marco Pantani (fallecido en 2004).<\/p>\n\n\n\n<h4 class=\"wp-block-heading has-medium-font-size\"><br>Sur<\/h4>\n\n\n\n<p class=\"has-medium-font-size\">En la zona llana que precede a la entrada del t\u00fanel se encuentra el monumento (construido en 1949) en forma de gran columna con la inscripci\u00f3n en relieve en el centro: A LA GLOIRE DE HENRI-DESGRANGE (1865-1940), ANCIEN DIRECTEUR DU JOURNAL L'AUTO, CREATEUR DU TOUR DE FRANCE CYCLISTE.<\/p>\n\n\n\n<h4 class=\"wp-block-heading has-medium-font-size\"><br>Por encima del cuello<\/h4>\n\n\n\n<p class=\"has-medium-font-size\">\u00abEn 1988, el Parc des \u00c9crins erigi\u00f3 esta hermosa mesa de orientaci\u00f3n, que muestra los distintos picos circundantes. Le recomendamos que suba a ella, est\u00e1 a 5 minutos por encima de la cima del Col du Galibier: tendr\u00e1 una vista de 360\u00b0 de los Hautes-Alpes y Savoie. Fuente : <a title=\"\" href=\"https:\/\/www.envie-de-brianconnais.com\/guide\/table-orientation-galibier\" target=\"_blank\" rel=\"noopener\">https:\/\/www.envie-de-<br>brianconnais.com\/guide\/table-orientation-galibier<\/a><\/p>\n\n\n\n<h2 class=\"wp-block-heading\">Situaci\u00f3n administrativa<\/h2>\n\n\n\n<h3 class=\"wp-block-heading\">Actualmente<\/h3>\n\n\n\n<p class=\"has-medium-font-size\">El Col du Galibier marca el l\u00edmite entre los departamentos de Hautes-Alpes (municipio de &nbsp;<a title=\"\" href=\"https:\/\/fr.wikipedia.org\/wiki\/Le_Mon%C3%AAtier-les-Bains\" target=\"_blank\" rel=\"noopener\">Mon\u00eatier-les-Bains<\/a>) y Savoie (municipio de <a title=\"\" href=\"https:\/\/fr.wikipedia.org\/wiki\/Valloire\" target=\"_blank\" rel=\"noopener\">Valloire<\/a>).<\/p>\n\n\n\n<h3 class=\"wp-block-heading\">Historia<\/h3>\n\n\n\n<p class=\"has-medium-font-size\">Hasta 1349, ambos lados del paso formaban parte del&nbsp;<a title=\"\" href=\"https:\/\/fr.wikipedia.org\/wiki\/Saint-Empire_romain_germanique\" target=\"_blank\" rel=\"noopener\">Sacro Imperio Romano Germ\u00e1nico<\/a>.<\/p>\n\n\n\n<p class=\"has-medium-font-size\">Siguiente,<\/p>\n\n\n\n<h4 class=\"wp-block-heading has-medium-font-size\">&nbsp;Lado norte :<\/h4>\n\n\n\n<div class=\"wp-block-media-text is-stacked-on-mobile\" style=\"grid-template-columns:40% auto\"><figure class=\"wp-block-media-text__media\"><img loading=\"lazy\" decoding=\"async\" width=\"700\" height=\"479\" src=\"https:\/\/centcols.org\/wp-content\/uploads\/2023\/06\/Borne-87-Galibier1.jpg\" alt=\"\" class=\"wp-image-83344 size-full\"\/><\/figure><div class=\"wp-block-media-text__content\">\n<ul class=\"wp-block-list\">\n<li>Saboya form\u00f3 parte del Sacro Imperio Romano Germ\u00e1nico hasta 1720, cuando se cre\u00f3 el Reino de Cerde\u00f1a; ;<\/li>\n\n\n\n<li>De 1720 a 1792: Ducado de Saboya parte del Reino de Cerde\u00f1a; ;<\/li>\n\n\n\n<li><a href=\"https:\/\/fr.wikipedia.org\/wiki\/Mont-Blanc_(d%C3%A9partement)\" target=\"_blank\" rel=\"noreferrer noopener\">Departamento del Mont-Blanc<\/a>&nbsp;en 1792 con la anexi\u00f3n de Saboya a Francia,&nbsp;<em>debido a&nbsp;<a href=\"https:\/\/fr.wikipedia.org\/wiki\/Histoire_de_la_Savoie_de_1792_%C3%A0_1815#:~:text=plus%20fid%C3%A8les..%20%C2%BB-,L'invasion%20de%20la%20Savoie%20en%201792,par%20les%20Marches%20et%20Apremont.\" target=\"_blank\" rel=\"noreferrer noopener\">la invasi\u00f3n de Saboya (a trav\u00e9s de las Marcas y Apremont)<\/a>) en la noche del 21 al 22 de septiembre de 1792, por la Arm\u00e9e des Alpes francesa, unos 15.000 hombres, incluida la<\/em>&nbsp;<em>Legi\u00f3n de Allobroges.<\/em><\/li>\n\n\n\n<li>Retorno al Ducado de Saboya (Reino de Cerde\u00f1a) con los Tratados de Par\u00eds (1814 y 1815)<\/li>\n\n\n\n<li>Departamento de Saboya tras la anexi\u00f3n de Saboya a Francia (Tratado de Tur\u00edn 1860).<\/li>\n<\/ul>\n<\/div><\/div>\n\n\n\n<h4 class=\"wp-block-heading has-medium-font-size\">&nbsp;Sur<\/h4>\n\n\n\n<ul class=\"wp-block-list\">\n<li>Le <a href=\"https:\/\/fr.wikipedia.org\/wiki\/Dauphin%C3%A9_de_Viennois\" target=\"_blank\" rel=\"noreferrer noopener\">Dauphin\u00e9 de Viennois<\/a>&nbsp;era un Estado, bajo la autoridad de la&nbsp;<a href=\"https:\/\/fr.wikipedia.org\/wiki\/Liste_des_comtes_d%27Albon_puis_dauphins_de_Viennois\" target=\"_blank\" rel=\"noreferrer noopener\">recuentos de Albon<\/a>,que se hizo con el t\u00edtulo de&nbsp;<em>delfines<\/em>. Esta entidad aparece en la antigua Provenza, y fue una subdivisi\u00f3n del Sacro Imperio Romano Germ\u00e1nico, desde sus or\u00edgenes admitidos en el xi<sup>e<\/sup>&nbsp;Hasta que en 1349 pas\u00f3 a formar parte del Reino de Francia.<\/li>\n\n\n\n<li>De 1349 a 1790: Provincia de Dauphin\u00e9 (<a href=\"https:\/\/fr.wikipedia.org\/wiki\/R%C3%A9publique_des_Escartons\" target=\"_blank\" rel=\"noreferrer noopener\">Rep\u00fablica de Escartons&nbsp;<\/a>de Brian\u00e7on con estatuto especial resultante de una carta delfinal de 29 de mayo de 1343, hasta 1789).<\/li>\n\n\n\n<li>Desde 1790: departamento de Hautes-Alpes.<\/li>\n<\/ul>\n\n\n<div class=\"wp-block-image is-resized\">\n<figure class=\"aligncenter size-full\"><img loading=\"lazy\" decoding=\"async\" width=\"611\" height=\"284\" src=\"https:\/\/centcols.org\/wp-content\/uploads\/2025\/05\/Galibier-versants.jpg\" alt=\"\" class=\"wp-image-82489\"\/><\/figure>\n<\/div>\n\n\n<h2 class=\"wp-block-heading\">Ciclismo y cicloturismo<\/h2>\n\n\n\n<h3 class=\"wp-block-heading\">Tour de Francia<\/h3>\n\n\n\n<p class=\"has-medium-font-size\"><strong>El Tour de Francia subi\u00f3 por primera vez el Col du Galibier el 10 de julio de 1911.<\/strong> en una etapa de 366 kil\u00f3metros de Chamonix a Grenoble.<\/p>\n\n\n\n<p class=\"has-medium-font-size\">Emile Georget, Paul Duboc y Gustave Garrigou encabezaron el paso. Fueron los \u00fanicos corredores que nunca pisaron la cima. Emile Georget admiti\u00f3 aquel a\u00f1o que \u00abnunca hab\u00eda visto nada m\u00e1s dif\u00edcil\u00bb.<\/p>\n\n\n\n<p class=\"has-medium-font-size\"><a title=\"\" href=\"https:\/\/fr.wikipedia.org\/wiki\/Col_du_Galibier\" target=\"_blank\" rel=\"noopener\">Wikipedia<\/a> lista de los pilotos que han tomado la delantera desde 1911<\/p>\n\n\n\n<p class=\"has-medium-font-size\">En 1949 se construy\u00f3 un monumento dedicado a Henri Desgrange en la ladera sur, justo antes de la entrada del t\u00fanel.<\/p>\n\n\n\n<h3 class=\"wp-block-heading\">BRA<\/h3>\n\n\n\n<div class=\"wp-block-media-text has-media-on-the-right is-stacked-on-mobile\" style=\"grid-template-columns:auto 40%\"><div class=\"wp-block-media-text__content\">\n<p><a href=\"https:\/\/cyclotourisme-grenoble-ctg.org\/bra\/un-peu-dhistoire-et-de-geographie-au-sujet-des-cols-du-bra-2023\/\" target=\"_blank\" rel=\"noreferrer noopener\">La ORA<\/a> atraviesa el Col du Galibier desde su creaci\u00f3n en 1936.<\/p>\n\n\n\n<ul class=\"wp-block-list\">\n<li>En la vertiente sur (Bourg d'Oisans y Col du Lautaret) de 1936 a 1945<\/li>\n\n\n\n<li>Alternancia de las vertientes sur y norte (Col du T\u00e9l\u00e9graphe y Valloire) despu\u00e9s de 1945<\/li>\n\n\n\n<li>Desde el norte desde 2017<\/li>\n<\/ul>\n\n\n\n<p>El BRA de 2015 no utiliz\u00f3 el Col du Galibier debido al corrimiento de tierras. <a href=\"https:\/\/fr.wikipedia.org\/wiki\/Tunnel_du_Chambon\" target=\"_blank\" rel=\"noreferrer noopener\">el t\u00fanel de Chambon.<\/a><\/p>\n<\/div><figure class=\"wp-block-media-text__media\"><img loading=\"lazy\" decoding=\"async\" width=\"1200\" height=\"900\" src=\"https:\/\/centcols.org\/wp-content\/uploads\/2023\/06\/BRA-2007-1200x9001-1.jpg\" alt=\"\" class=\"wp-image-83346 size-full\" srcset=\"https:\/\/centcols.org\/wp-content\/uploads\/2023\/06\/BRA-2007-1200x9001-1.jpg 1200w, https:\/\/centcols.org\/wp-content\/uploads\/2023\/06\/BRA-2007-1200x9001-1-768x576.jpg 768w\" sizes=\"auto, (max-width: 1200px) 100vw, 1200px\" \/><\/figure><\/div>\n\n\n\n<h2 class=\"wp-block-heading\">Marmota<\/h2>\n\n\n\n<p class=\"has-medium-font-size\">Cada a\u00f1o desde 1982, la Marmotte ciclodeportiva recorre el Col du Galibier tras los puertos de Glandon y T\u00e9l\u00e9graphe antes de terminar con los 21 cordones de Alpe d'Huez.<\/p>\n\n\n\n<h3 class=\"wp-block-heading\">Perfil<\/h3>\n\n\n\n<p class=\"has-medium-font-size\">Hay muchos perfiles del Col du Galibier en Internet. Los porcentajes que se dan son bastante... variables.<\/p>\n\n\n\n<p class=\"has-medium-font-size\">Lo mejor es trazar tu ruta en Openrunner y hacer clic en \u00abver el perfil altim\u00e9trico\u00bb ... como aqu\u00ed entre St-Michel-de-Maurienne y Brian\u00e7on :<\/p>\n\n\n\n<figure class=\"wp-block-image size-large\"><img loading=\"lazy\" decoding=\"async\" width=\"1920\" height=\"460\" src=\"https:\/\/centcols.org\/wp-content\/uploads\/2025\/05\/Galibier-profil-scaled-1-1920x460.jpeg\" alt=\"\" class=\"wp-image-82491\" srcset=\"https:\/\/centcols.org\/wp-content\/uploads\/2025\/05\/Galibier-profil-scaled-1-1920x460.jpeg 1920w, https:\/\/centcols.org\/wp-content\/uploads\/2025\/05\/Galibier-profil-scaled-1-1200x287.jpeg 1200w, https:\/\/centcols.org\/wp-content\/uploads\/2025\/05\/Galibier-profil-scaled-1-768x184.jpeg 768w, https:\/\/centcols.org\/wp-content\/uploads\/2025\/05\/Galibier-profil-scaled-1-1536x368.jpeg 1536w, https:\/\/centcols.org\/wp-content\/uploads\/2025\/05\/Galibier-profil-scaled-1-2048x490.jpeg 2048w\" sizes=\"auto, (max-width: 1920px) 100vw, 1920px\" \/><\/figure>\n\n\n\n<p class=\"has-medium-font-size\">Y por \u00faltimo, <a href=\"https:\/\/photos.google.com\/share\/AF1QipPK7b5PbODk75HfczrFX7qvM8250SA86V3bwT5AIvex_ZxBgnhic9WKR8JskwNtiA?key=bTR0NkJiMElBMHVwbnBFRm5KTGhGRnB5aTBaaHBn\" target=\"_blank\" rel=\"noopener\" title=\"\">algunas im\u00e1genes sobre el Galibier<\/a><\/p>\n\n\n\n<p class=\"has-text-align-right\"><em><em>Un art\u00edculo de G\u00e9rard Galland<\/em><\/em><br><em><em> (y Bernard Giraudeau para la secci\u00f3n de geolog\u00eda)<\/em><\/em><\/p>","protected":false},"excerpt":{"rendered":"<p>Toponymie Selon Wikipedia, l&rsquo;\u00e9tymologie de l&rsquo;oronyme&nbsp;Galibier est discut\u00e9e. Galibier serait issu d&rsquo;un radical d&rsquo;origine pr\u00e9-indoeurop\u00e9enne,&nbsp;gal&nbsp;variante de&nbsp;kal, la pierre, avec&nbsp;lup, la hauteur. Le&nbsp;toponyme&nbsp;Galibier d\u00e9signerait une hauteur pierreuse Situation g\u00e9ographique Massifs Le col du Galibier FR-05-2642a &#8211; est situ\u00e9 entre le&nbsp;massif des Arves&nbsp; avec \u00e0 l\u2019ouest du col le Pic des Trois Ev\u00e9ch\u00e9s (3.116 m) et le&nbsp;massif [&hellip;]<\/p>\n","protected":false},"author":3,"featured_media":82486,"comment_status":"closed","ping_status":"closed","sticky":false,"template":"","format":"standard","meta":{"_acf_changed":false,"footnotes":""},"categories":[308],"tags":[],"class_list":["post-82485","post","type-post","status-publish","format-standard","has-post-thumbnail","hentry","category-cols-en-vrac"],"acf":[],"yoast_head":"<!-- This site is optimized with the Yoast SEO plugin v27.2 - https:\/\/yoast.com\/product\/yoast-seo-wordpress\/ -->\n<title>Le col du Galibier - Club des Cent Cols<\/title>\n<meta name=\"robots\" content=\"index, follow, max-snippet:-1, max-image-preview:large, max-video-preview:-1\" \/>\n<link rel=\"canonical\" href=\"https:\/\/centcols.org\/es\/el-paso-del-galibier\/\" \/>\n<meta property=\"og:locale\" content=\"es_ES\" \/>\n<meta property=\"og:type\" content=\"article\" \/>\n<meta property=\"og:title\" content=\"Le col du Galibier - Club des Cent Cols\" \/>\n<meta property=\"og:description\" content=\"Toponymie Selon Wikipedia, l&rsquo;\u00e9tymologie de l&rsquo;oronyme&nbsp;Galibier est discut\u00e9e. Galibier serait issu d&rsquo;un radical d&rsquo;origine pr\u00e9-indoeurop\u00e9enne,&nbsp;gal&nbsp;variante de&nbsp;kal, la pierre, avec&nbsp;lup, la hauteur. Le&nbsp;toponyme&nbsp;Galibier d\u00e9signerait une hauteur pierreuse Situation g\u00e9ographique Massifs Le col du Galibier FR-05-2642a &#8211; est situ\u00e9 entre le&nbsp;massif des Arves&nbsp; avec \u00e0 l\u2019ouest du col le Pic des Trois Ev\u00e9ch\u00e9s (3.116 m) et le&nbsp;massif [&hellip;]\" \/>\n<meta property=\"og:url\" content=\"https:\/\/centcols.org\/es\/el-paso-del-galibier\/\" \/>\n<meta property=\"og:site_name\" content=\"Club des Cent Cols\" \/>\n<meta property=\"article:publisher\" content=\"https:\/\/www.facebook.com\/groups\/5261880558\/?locale=fr_FR\" \/>\n<meta property=\"article:published_time\" content=\"2023-06-19T12:27:45+00:00\" \/>\n<meta property=\"article:modified_time\" content=\"2025-11-05T16:45:09+00:00\" \/>\n<meta property=\"og:image\" content=\"https:\/\/centcols.org\/wp-content\/uploads\/2025\/05\/Galibier-Nord.jpg\" \/>\n\t<meta property=\"og:image:width\" content=\"294\" \/>\n\t<meta property=\"og:image:height\" content=\"217\" \/>\n\t<meta property=\"og:image:type\" content=\"image\/jpeg\" \/>\n<meta name=\"author\" content=\"Webmestre\" \/>\n<meta name=\"twitter:card\" content=\"summary_large_image\" \/>\n<meta name=\"twitter:label1\" content=\"Escrito por\" \/>\n\t<meta name=\"twitter:data1\" content=\"Webmestre\" \/>\n\t<meta name=\"twitter:label2\" content=\"Tiempo de lectura\" \/>\n\t<meta name=\"twitter:data2\" content=\"11 minutos\" \/>\n<script type=\"application\/ld+json\" class=\"yoast-schema-graph\">{\"@context\":\"https:\/\/schema.org\",\"@graph\":[{\"@type\":\"Article\",\"@id\":\"https:\/\/centcols.org\/le-col-du-galibier\/#article\",\"isPartOf\":{\"@id\":\"https:\/\/centcols.org\/le-col-du-galibier\/\"},\"author\":{\"name\":\"Webmestre\",\"@id\":\"https:\/\/centcols.org\/#\/schema\/person\/911b404fb133d8c913dd27cdcf71c8e5\"},\"headline\":\"Le col du Galibier\",\"datePublished\":\"2023-06-19T12:27:45+00:00\",\"dateModified\":\"2025-11-05T16:45:09+00:00\",\"mainEntityOfPage\":{\"@id\":\"https:\/\/centcols.org\/le-col-du-galibier\/\"},\"wordCount\":1891,\"publisher\":{\"@id\":\"https:\/\/centcols.org\/#organization\"},\"image\":{\"@id\":\"https:\/\/centcols.org\/le-col-du-galibier\/#primaryimage\"},\"thumbnailUrl\":\"https:\/\/centcols.org\/wp-content\/uploads\/2025\/05\/Galibier-Nord.jpg\",\"articleSection\":[\"Cols en vrac\"],\"inLanguage\":\"es\"},{\"@type\":\"WebPage\",\"@id\":\"https:\/\/centcols.org\/le-col-du-galibier\/\",\"url\":\"https:\/\/centcols.org\/le-col-du-galibier\/\",\"name\":\"Le col du Galibier - Club des Cent Cols\",\"isPartOf\":{\"@id\":\"https:\/\/centcols.org\/#website\"},\"primaryImageOfPage\":{\"@id\":\"https:\/\/centcols.org\/le-col-du-galibier\/#primaryimage\"},\"image\":{\"@id\":\"https:\/\/centcols.org\/le-col-du-galibier\/#primaryimage\"},\"thumbnailUrl\":\"https:\/\/centcols.org\/wp-content\/uploads\/2025\/05\/Galibier-Nord.jpg\",\"datePublished\":\"2023-06-19T12:27:45+00:00\",\"dateModified\":\"2025-11-05T16:45:09+00:00\",\"breadcrumb\":{\"@id\":\"https:\/\/centcols.org\/le-col-du-galibier\/#breadcrumb\"},\"inLanguage\":\"es\",\"potentialAction\":[{\"@type\":\"ReadAction\",\"target\":[\"https:\/\/centcols.org\/le-col-du-galibier\/\"]}]},{\"@type\":\"ImageObject\",\"inLanguage\":\"es\",\"@id\":\"https:\/\/centcols.org\/le-col-du-galibier\/#primaryimage\",\"url\":\"https:\/\/centcols.org\/wp-content\/uploads\/2025\/05\/Galibier-Nord.jpg\",\"contentUrl\":\"https:\/\/centcols.org\/wp-content\/uploads\/2025\/05\/Galibier-Nord.jpg\",\"width\":294,\"height\":217},{\"@type\":\"BreadcrumbList\",\"@id\":\"https:\/\/centcols.org\/le-col-du-galibier\/#breadcrumb\",\"itemListElement\":[{\"@type\":\"ListItem\",\"position\":1,\"name\":\"Accueil\",\"item\":\"https:\/\/centcols.org\/\"},{\"@type\":\"ListItem\",\"position\":2,\"name\":\"Cols en vrac\",\"item\":\"https:\/\/centcols.org\/rubrique\/cols-en-vrac\/\"},{\"@type\":\"ListItem\",\"position\":3,\"name\":\"Le col du Galibier\"}]},{\"@type\":\"WebSite\",\"@id\":\"https:\/\/centcols.org\/#website\",\"url\":\"https:\/\/centcols.org\/\",\"name\":\"Club des Cent Cols\",\"description\":\"\",\"publisher\":{\"@id\":\"https:\/\/centcols.org\/#organization\"},\"potentialAction\":[{\"@type\":\"SearchAction\",\"target\":{\"@type\":\"EntryPoint\",\"urlTemplate\":\"https:\/\/centcols.org\/?s={search_term_string}\"},\"query-input\":{\"@type\":\"PropertyValueSpecification\",\"valueRequired\":true,\"valueName\":\"search_term_string\"}}],\"inLanguage\":\"es\"},{\"@type\":\"Organization\",\"@id\":\"https:\/\/centcols.org\/#organization\",\"name\":\"Club des Cent Cols\",\"url\":\"https:\/\/centcols.org\/\",\"logo\":{\"@type\":\"ImageObject\",\"inLanguage\":\"es\",\"@id\":\"https:\/\/centcols.org\/#\/schema\/logo\/image\/\",\"url\":\"https:\/\/centcols.org\/wp-content\/uploads\/2025\/01\/carte-icone.png\",\"contentUrl\":\"https:\/\/centcols.org\/wp-content\/uploads\/2025\/01\/carte-icone.png\",\"width\":250,\"height\":250,\"caption\":\"Club des Cent Cols\"},\"image\":{\"@id\":\"https:\/\/centcols.org\/#\/schema\/logo\/image\/\"},\"sameAs\":[\"https:\/\/www.facebook.com\/groups\/5261880558\/?locale=fr_FR\"]},{\"@type\":\"Person\",\"@id\":\"https:\/\/centcols.org\/#\/schema\/person\/911b404fb133d8c913dd27cdcf71c8e5\",\"name\":\"Webmestre\",\"image\":{\"@type\":\"ImageObject\",\"inLanguage\":\"es\",\"@id\":\"https:\/\/centcols.org\/wp-content\/litespeed\/avatar\/2d246e4b6b4f773e08515e1ffc53690b.jpg?ver=1777222892\",\"url\":\"https:\/\/centcols.org\/wp-content\/litespeed\/avatar\/2d246e4b6b4f773e08515e1ffc53690b.jpg?ver=1777222892\",\"contentUrl\":\"https:\/\/centcols.org\/wp-content\/litespeed\/avatar\/2d246e4b6b4f773e08515e1ffc53690b.jpg?ver=1777222892\",\"caption\":\"Webmestre\"},\"url\":\"https:\/\/centcols.org\/es\/author\/webmestre\/\"}]}<\/script>\n<!-- \/ Yoast SEO plugin. -->","yoast_head_json":{"title":"El puerto del Galibier - Club des Cent Cols","robots":{"index":"index","follow":"follow","max-snippet":"max-snippet:-1","max-image-preview":"max-image-preview:large","max-video-preview":"max-video-preview:-1"},"canonical":"https:\/\/centcols.org\/es\/el-paso-del-galibier\/","og_locale":"es_ES","og_type":"article","og_title":"Le col du Galibier - Club des Cent Cols","og_description":"Toponymie Selon Wikipedia, l&rsquo;\u00e9tymologie de l&rsquo;oronyme&nbsp;Galibier est discut\u00e9e. Galibier serait issu d&rsquo;un radical d&rsquo;origine pr\u00e9-indoeurop\u00e9enne,&nbsp;gal&nbsp;variante de&nbsp;kal, la pierre, avec&nbsp;lup, la hauteur. Le&nbsp;toponyme&nbsp;Galibier d\u00e9signerait une hauteur pierreuse Situation g\u00e9ographique Massifs Le col du Galibier FR-05-2642a &#8211; est situ\u00e9 entre le&nbsp;massif des Arves&nbsp; avec \u00e0 l\u2019ouest du col le Pic des Trois Ev\u00e9ch\u00e9s (3.116 m) et le&nbsp;massif [&hellip;]","og_url":"https:\/\/centcols.org\/es\/el-paso-del-galibier\/","og_site_name":"Club des Cent Cols","article_publisher":"https:\/\/www.facebook.com\/groups\/5261880558\/?locale=fr_FR","article_published_time":"2023-06-19T12:27:45+00:00","article_modified_time":"2025-11-05T16:45:09+00:00","og_image":[{"width":294,"height":217,"url":"https:\/\/centcols.org\/wp-content\/uploads\/2025\/05\/Galibier-Nord.jpg","type":"image\/jpeg"}],"author":"Webmestre","twitter_card":"summary_large_image","twitter_misc":{"Escrito por":"Webmestre","Tiempo de lectura":"11 minutos"},"schema":{"@context":"https:\/\/schema.org","@graph":[{"@type":"Article","@id":"https:\/\/centcols.org\/le-col-du-galibier\/#article","isPartOf":{"@id":"https:\/\/centcols.org\/le-col-du-galibier\/"},"author":{"name":"Webmestre","@id":"https:\/\/centcols.org\/#\/schema\/person\/911b404fb133d8c913dd27cdcf71c8e5"},"headline":"Le col du Galibier","datePublished":"2023-06-19T12:27:45+00:00","dateModified":"2025-11-05T16:45:09+00:00","mainEntityOfPage":{"@id":"https:\/\/centcols.org\/le-col-du-galibier\/"},"wordCount":1891,"publisher":{"@id":"https:\/\/centcols.org\/#organization"},"image":{"@id":"https:\/\/centcols.org\/le-col-du-galibier\/#primaryimage"},"thumbnailUrl":"https:\/\/centcols.org\/wp-content\/uploads\/2025\/05\/Galibier-Nord.jpg","articleSection":["Cols en vrac"],"inLanguage":"es"},{"@type":"WebPage","@id":"https:\/\/centcols.org\/le-col-du-galibier\/","url":"https:\/\/centcols.org\/le-col-du-galibier\/","name":"El puerto del Galibier - Club des Cent Cols","isPartOf":{"@id":"https:\/\/centcols.org\/#website"},"primaryImageOfPage":{"@id":"https:\/\/centcols.org\/le-col-du-galibier\/#primaryimage"},"image":{"@id":"https:\/\/centcols.org\/le-col-du-galibier\/#primaryimage"},"thumbnailUrl":"https:\/\/centcols.org\/wp-content\/uploads\/2025\/05\/Galibier-Nord.jpg","datePublished":"2023-06-19T12:27:45+00:00","dateModified":"2025-11-05T16:45:09+00:00","breadcrumb":{"@id":"https:\/\/centcols.org\/le-col-du-galibier\/#breadcrumb"},"inLanguage":"es","potentialAction":[{"@type":"ReadAction","target":["https:\/\/centcols.org\/le-col-du-galibier\/"]}]},{"@type":"ImageObject","inLanguage":"es","@id":"https:\/\/centcols.org\/le-col-du-galibier\/#primaryimage","url":"https:\/\/centcols.org\/wp-content\/uploads\/2025\/05\/Galibier-Nord.jpg","contentUrl":"https:\/\/centcols.org\/wp-content\/uploads\/2025\/05\/Galibier-Nord.jpg","width":294,"height":217},{"@type":"BreadcrumbList","@id":"https:\/\/centcols.org\/le-col-du-galibier\/#breadcrumb","itemListElement":[{"@type":"ListItem","position":1,"name":"Accueil","item":"https:\/\/centcols.org\/"},{"@type":"ListItem","position":2,"name":"Cols en vrac","item":"https:\/\/centcols.org\/rubrique\/cols-en-vrac\/"},{"@type":"ListItem","position":3,"name":"Le col du Galibier"}]},{"@type":"WebSite","@id":"https:\/\/centcols.org\/#website","url":"https:\/\/centcols.org\/","name":"Club des Cent Cols","description":"","publisher":{"@id":"https:\/\/centcols.org\/#organization"},"potentialAction":[{"@type":"SearchAction","target":{"@type":"EntryPoint","urlTemplate":"https:\/\/centcols.org\/?s={search_term_string}"},"query-input":{"@type":"PropertyValueSpecification","valueRequired":true,"valueName":"search_term_string"}}],"inLanguage":"es"},{"@type":"Organization","@id":"https:\/\/centcols.org\/#organization","name":"Club des Cent Cols","url":"https:\/\/centcols.org\/","logo":{"@type":"ImageObject","inLanguage":"es","@id":"https:\/\/centcols.org\/#\/schema\/logo\/image\/","url":"https:\/\/centcols.org\/wp-content\/uploads\/2025\/01\/carte-icone.png","contentUrl":"https:\/\/centcols.org\/wp-content\/uploads\/2025\/01\/carte-icone.png","width":250,"height":250,"caption":"Club des Cent Cols"},"image":{"@id":"https:\/\/centcols.org\/#\/schema\/logo\/image\/"},"sameAs":["https:\/\/www.facebook.com\/groups\/5261880558\/?locale=fr_FR"]},{"@type":"Person","@id":"https:\/\/centcols.org\/#\/schema\/person\/911b404fb133d8c913dd27cdcf71c8e5","name":"Webmaster","image":{"@type":"ImageObject","inLanguage":"es","@id":"https:\/\/centcols.org\/wp-content\/litespeed\/avatar\/2d246e4b6b4f773e08515e1ffc53690b.jpg?ver=1777222892","url":"https:\/\/centcols.org\/wp-content\/litespeed\/avatar\/2d246e4b6b4f773e08515e1ffc53690b.jpg?ver=1777222892","contentUrl":"https:\/\/centcols.org\/wp-content\/litespeed\/avatar\/2d246e4b6b4f773e08515e1ffc53690b.jpg?ver=1777222892","caption":"Webmestre"},"url":"https:\/\/centcols.org\/es\/author\/webmestre\/"}]}},"_links":{"self":[{"href":"https:\/\/centcols.org\/es\/wp-json\/wp\/v2\/posts\/82485","targetHints":{"allow":["GET"]}}],"collection":[{"href":"https:\/\/centcols.org\/es\/wp-json\/wp\/v2\/posts"}],"about":[{"href":"https:\/\/centcols.org\/es\/wp-json\/wp\/v2\/types\/post"}],"author":[{"embeddable":true,"href":"https:\/\/centcols.org\/es\/wp-json\/wp\/v2\/users\/3"}],"replies":[{"embeddable":true,"href":"https:\/\/centcols.org\/es\/wp-json\/wp\/v2\/comments?post=82485"}],"version-history":[{"count":0,"href":"https:\/\/centcols.org\/es\/wp-json\/wp\/v2\/posts\/82485\/revisions"}],"wp:featuredmedia":[{"embeddable":true,"href":"https:\/\/centcols.org\/es\/wp-json\/wp\/v2\/media\/82486"}],"wp:attachment":[{"href":"https:\/\/centcols.org\/es\/wp-json\/wp\/v2\/media?parent=82485"}],"wp:term":[{"taxonomy":"category","embeddable":true,"href":"https:\/\/centcols.org\/es\/wp-json\/wp\/v2\/categories?post=82485"},{"taxonomy":"post_tag","embeddable":true,"href":"https:\/\/centcols.org\/es\/wp-json\/wp\/v2\/tags?post=82485"}],"curies":[{"name":"wp","href":"https:\/\/api.w.org\/{rel}","templated":true}]}}