{"id":82511,"date":"2023-07-12T14:38:22","date_gmt":"2023-07-12T12:38:22","guid":{"rendered":"https:\/\/centcols.org\/le-col-du-glandon\/"},"modified":"2025-10-20T20:28:04","modified_gmt":"2025-10-20T18:28:04","slug":"el-paso-de-la-bellota","status":"publish","type":"post","link":"https:\/\/centcols.org\/es\/le-col-du-glandon\/","title":{"rendered":"El paso de Glandon"},"content":{"rendered":"<h2 class=\"wp-block-heading\">Toponimia<\/h2>\n\n\n\n<p class=\"has-medium-font-size\">El paso de Glandon (<a href=\"https:\/\/centcols.org\/es\/util\/geo\/visu.php\/?code=FR-73-1924\" target=\"_blank\" rel=\"noopener\" title=\"\">FR-73-1924<\/a>) toma su nombre de una localidad de la comuna de&nbsp;<a href=\"https:\/\/fr.wikipedia.org\/wiki\/Saint-Colomban-des-Villards\" target=\"_blank\" rel=\"noopener\" title=\"\">Saint-Colomban-des-Villards<\/a>.<br>Un torrente hom\u00f3nimo nace en el paso.<\/p>\n\n\n\n<h2 class=\"wp-block-heading\">Situaci\u00f3n geogr\u00e1fica<\/h2>\n\n\n\n<h3 class=\"wp-block-heading\">Macizos<\/h3>\n\n\n\n<p class=\"has-medium-font-size\">&nbsp;El paso se encuentra en la frontera del&nbsp;<a href=\"https:\/\/fr.wikipedia.org\/wiki\/Belledonne\" target=\"_blank\" rel=\"noopener\" title=\"\">Belledonne<\/a>&nbsp;y&nbsp;<a href=\"https:\/\/fr.wikipedia.org\/wiki\/Massif_des_Arves\" target=\"_blank\" rel=\"noopener\" title=\"\">Arves<\/a>, al oeste del paso de la Croix-de-Fer.&nbsp;<\/p>\n\n\n\n<h3 class=\"wp-block-heading\">Geolog\u00eda<\/h3>\n\n\n\n<p class=\"has-medium-font-size\">El Col du Glandon y el Col de la Croix de Fer est\u00e1n geogr\u00e1ficamente muy cerca, a menos de 3 km de distancia y ambos situados en el macizo de las Grandes Rousses.<\/p>\n\n\n<div class=\"wp-block-image is-resized\">\n<figure class=\"aligncenter size-full\"><img loading=\"lazy\" decoding=\"async\" width=\"987\" height=\"414\" src=\"https:\/\/centcols.org\/wp-content\/uploads\/2025\/05\/Glandon-photo.jpg\" alt=\"\" class=\"wp-image-82512\" style=\"width:800px\" srcset=\"https:\/\/centcols.org\/wp-content\/uploads\/2025\/05\/Glandon-photo.jpg 987w, https:\/\/centcols.org\/wp-content\/uploads\/2025\/05\/Glandon-photo-768x322.jpg 768w\" sizes=\"auto, (max-width: 987px) 100vw, 987px\" \/><\/figure>\n<\/div>\n\n\n<p class=\"has-medium-font-size\">Pero son muy diferentes desde el punto de vista geol\u00f3gico. Si se sigue la carretera entre estos dos puertos, situados en el valle del Eau Dolle, el cambio de naturaleza de las rocas -cristalinas en el sur y sedimentarias (calizas) en el norte- se refleja en una diferencia muy perceptible en la vegetaci\u00f3n y la forma del relieve.  Todo el macizo del sur (Rochers de la Curiaz) se hunde bajo el manto sedimentario desde el Col du Glandon hasta los Chalets d'Olle.&nbsp;<\/p>\n\n\n<div class=\"wp-block-image is-resized\">\n<figure class=\"aligncenter size-full\"><img loading=\"lazy\" decoding=\"async\" width=\"921\" height=\"381\" src=\"https:\/\/centcols.org\/wp-content\/uploads\/2025\/05\/glandon-geologie.png\" alt=\"\" class=\"wp-image-82513\" style=\"width:800px\" srcset=\"https:\/\/centcols.org\/wp-content\/uploads\/2025\/05\/glandon-geologie.png 921w, https:\/\/centcols.org\/wp-content\/uploads\/2025\/05\/glandon-geologie-768x318.png 768w\" sizes=\"auto, (max-width: 921px) 100vw, 921px\" \/><\/figure>\n<\/div>\n\n\n<p class=\"has-medium-font-size\">Los lectores interesados en este tema pueden consultar el exhaustivo art\u00edculo de&nbsp;<a href=\"http:\/\/www.geol-alp.com\/h_oisans\/_lieux\/Rousses\/glandon.html\" target=\"_blank\" rel=\"noopener\" title=\"\">geol-alp.com<\/a>&nbsp;<\/p>\n\n\n\n<h3 class=\"wp-block-heading\">Hidrograf\u00eda<\/h3>\n\n\n\n<p class=\"has-medium-font-size\"><strong>Lado sur (lado Is\u00e8re)<\/strong>&nbsp;Valle de Eau d'Olle. <br>L'eau d'Olle es un afluente del Romanche, que nace cerca del Col de la Croix de Fer.<\/p>\n\n\n\n<p class=\"has-medium-font-size\"><strong>Lado norte (lado Savoie) : <\/strong>el Glandon nace cerca del Col y desciende por el valle de Villards antes de desembocar en el Arc en Saint-Avre tras cruzar la A43 por un puente canal.<\/p>\n\n\n\n<p class=\"has-medium-font-size\">Se trata de un <a href=\"https:\/\/www.st-etienne-cuines.fr\/sortir\/musee-ouvert\/le-glandon-un-torrent-capricieux\/\" target=\"_blank\" rel=\"noopener\" title=\"\">torrent caprichoso<\/a> :<\/p>\n\n\n\n<figure class=\"wp-block-image size-full\"><img loading=\"lazy\" decoding=\"async\" width=\"508\" height=\"81\" src=\"https:\/\/centcols.org\/wp-content\/uploads\/2025\/05\/Glandon-capricieux.jpg\" alt=\"\" class=\"wp-image-82514\"\/><\/figure>\n\n\n\n<h3 class=\"wp-block-heading\">Acceda a<\/h3>\n\n\n\n<p class=\"has-medium-font-size\"><strong>Lado Is\u00e8re<\/strong><\/p>\n\n\n\n<p class=\"has-medium-font-size\">El acceso es compartido con el Col de la Croix de Fer hasta el cruce D926 \/ D927 (alt. 1907 m), a 200 m del Col du Glandon y a 2,7 km del Col de la Croix de Fer.<\/p>\n\n\n\n<p class=\"has-medium-font-size\">La D526 sale de Rochetaill\u00e9e (a 30 km, altitud 711 m), atraviesa Allemond (a 27 km), pasa por encima de la presa de Verneys y bordea el lago (orilla izquierda), cruza el Rivier d'Allemond (a 15 km, altitud 1264 m), cerca de la presa de Grand'Maison (a 7 km, altitud 1720 m) y sigue por la orilla derecha del lago. A continuaci\u00f3n, sigue la orilla derecha del lago y se convierte en la D926 al cruzar el Rieu Claret (a 4 km, en la frontera entre Is\u00e8re y Savoie, altitud 1773 m) antes de unirse a la D927 en direcci\u00f3n al Col de la Croix de Fer.<\/p>\n\n\n<div class=\"wp-block-image is-resized\">\n<figure class=\"aligncenter size-full\"><img loading=\"lazy\" decoding=\"async\" width=\"964\" height=\"822\" src=\"https:\/\/centcols.org\/wp-content\/uploads\/2025\/05\/Glandon-carte.jpg\" alt=\"\" class=\"wp-image-82515\" style=\"width:800px\" srcset=\"https:\/\/centcols.org\/wp-content\/uploads\/2025\/05\/Glandon-carte.jpg 964w, https:\/\/centcols.org\/wp-content\/uploads\/2025\/05\/Glandon-carte-768x655.jpg 768w\" sizes=\"auto, (max-width: 964px) 100vw, 964px\" \/><\/figure>\n<\/div>\n\n\n<p class=\"has-medium-font-size\"><strong>Lado de Savoie<\/strong><\/p>\n\n\n\n<p class=\"has-medium-font-size\">La D927 da acceso al Col du Glandon (<a href=\"https:\/\/centcols.org\/es\/util\/geo\/visu.php\/?code=FR-73-1924\" target=\"_blank\" rel=\"noopener\" title=\"\">FR-73-1924<\/a>) de la Maurienne (Saint-Etienne de Cuines a 21 km - alt. 450 m) v\u00eda Saint-Colomban-des-Villards (a 10 km del puerto - alt. 1100 m).<\/p>\n\n\n\n<h2 class=\"wp-block-heading\">Modificaci\u00f3n del acceso<\/h2>\n\n\n\n<p class=\"has-medium-font-size\"><strong>Lado Is\u00e8re <\/strong>(compartido con Col de la Croix de Fer)<\/p>\n\n\n\n<p class=\"has-medium-font-size\">La carretera se construy\u00f3 en 1898 (y se ampli\u00f3 hasta el paso de la Croix de Fer en 1912).<\/p>\n\n\n\n<p class=\"has-medium-font-size\">Al final de la XX<sup>th<\/sup>&nbsp;siglo dos cambios:<\/p>\n\n\n\n<ul class=\"wp-block-list\">\n<li>El trazado se modific\u00f3 con la construcci\u00f3n del&nbsp;<a href=\"https:\/\/fr.wikipedia.org\/wiki\/Barrage_de_Grand%27Maison\" target=\"_blank\" rel=\"noreferrer noopener\">Presa Grand-Maison<\/a>&nbsp;de 1978 a 1985. La carretera sobresale ligeramente del lago (unos cincuenta metros) antes de descender ligeramente hacia el Eau d'Olle.<\/li>\n\n\n\n<li>El 23 de abril de 1989, un&nbsp;<a href=\"http:\/\/www.irma-grenoble.com\/04risques_isere\/00commune_evenements_fiche.php?id_evenements=771\" target=\"_blank\" rel=\"noreferrer noopener\">Desprendimiento de tierras desde Pic Bunard&nbsp;<\/a>&nbsp;(300 a 400 m<sup>3<\/sup>&nbsp;de rocas) arras\u00f3 la carretera (orilla derecha del Eau d'Olle) por encima del Rivier d'Allemond en la cascada de Maupas. La carretera se reconstruy\u00f3 por la orilla izquierda a lo largo de 2 km, con un descenso (62 m en 600 m) para cruzar el torrente y luego un ascenso bastante pronunciado (11% en el primer kil\u00f3metro). La antigua carretera a\u00fan puede verse a lo largo de la orilla derecha de la monta\u00f1a.&nbsp;<em>(Fue un a\u00f1o con Marmotte y BRA.  Se construy\u00f3 una nueva carretera en 2 meses! Un milagro de decisi\u00f3n).<\/em><\/li>\n<\/ul>\n\n\n<div class=\"wp-block-image is-resized\">\n<figure class=\"aligncenter size-full\"><img loading=\"lazy\" decoding=\"async\" width=\"992\" height=\"744\" src=\"https:\/\/centcols.org\/wp-content\/uploads\/2025\/05\/EBOULEMENT-MAUPAS.jpg\" alt=\"\" class=\"wp-image-82516\" style=\"width:800px\" srcset=\"https:\/\/centcols.org\/wp-content\/uploads\/2025\/05\/EBOULEMENT-MAUPAS.jpg 992w, https:\/\/centcols.org\/wp-content\/uploads\/2025\/05\/EBOULEMENT-MAUPAS-768x576.jpg 768w\" sizes=\"auto, (max-width: 992px) 100vw, 992px\" \/><figcaption class=\"wp-element-caption\"><em>El desprendimiento de 1989 desde el Pic Bunard; abajo a la derecha, la nueva carretera que discurre por la orilla izquierda del Eau D'Olle hacia el Col du Glandon.&nbsp;<\/em><br><em>Arriba a la derecha, el monte Rissou, con vistas al desfiladero de Maupas.&nbsp; <a href=\"http:\/\/forayrandobrie.free.fr\/Belledonne\/Belledonne1314\/index_fichiers\/Page1126.htm\" target=\"_blank\" rel=\"noopener\" title=\"\">Fuente : forayrandobrie.free.fr\/Belledonne<\/a><\/em><\/figcaption><\/figure>\n<\/div>\n\n\n<p class=\"has-medium-font-size\"><strong>Lado de Savoie<\/strong><\/p>\n\n\n\n<p class=\"has-medium-font-size\">En la \u00e9poca romana<strong>&nbsp;Paso del Gland\u00f3n<\/strong>&nbsp;un\u00eda las regiones de Oisans y Maurienne, descendiendo por el valle de Villards.<\/p>\n\n\n\n<h2 class=\"wp-block-heading\">Qu\u00e9 ver - turismo\u00a0<\/h2>\n\n\n\n<h4 class=\"wp-block-heading has-medium-font-size\">Lado del Is\u00e8re (compartido con el Col de la Croix de Fer)<\/h4>\n\n\n\n<p class=\"has-medium-font-size\">La <strong><a href=\"https:\/\/france3-regions.francetvinfo.fr\/auvergne-rhone-alpes\/isere\/video-immersion-a-la-centrale-hydroelectrique-de-grand-maison-en-isere-la-plus-puissante-d-europe-2274700.html\" target=\"_blank\" rel=\"noopener\" title=\"\">Central el\u00e9ctrica de Grand'Maison<\/a><\/strong> es una estaci\u00f3n de transferencia de energ\u00eda por bombeo (PETS). <\/p>\n\n\n\n<p class=\"has-medium-font-size\">Una mayor restricci\u00f3n (<strong>Lago de la Grand'Maison<\/strong>, (1.695 m) est\u00e1 conectada por tuber\u00edas forzadas a una cuenca inferior, el <strong>Embalse de Le Verney,<\/strong> 900 m por debajo del nivel de la central <strong>(Lago de Verney<\/strong>, 725 m, 15 millones de m\u00b3 de agua). Durante los periodos de mayor consumo, la central turbina el agua del embalse superior. El agua fluye entonces al embalse inferior. Durante los periodos de menor consumo, principalmente por la noche y los fines de semana, el agua del embalse inferior se bombea al embalse superior.<\/p>\n\n\n\n<p class=\"has-medium-font-size\">De este modo, el sistema puede almacenar energ\u00eda y responder r\u00e1pidamente a los picos de demanda. <\/p>\n\n\n\n<p class=\"has-medium-font-size\">Es la presa m\u00e1s potente de Europa y produce el equivalente a 2 reactores nucleares de antigua generaci\u00f3n.<\/p>\n\n\n\n<figure class=\"wp-block-image size-full is-resized\"><img loading=\"lazy\" decoding=\"async\" width=\"1200\" height=\"680\" src=\"https:\/\/centcols.org\/wp-content\/uploads\/2025\/05\/Glandon-Gd-Maison.jpg\" alt=\"\" class=\"wp-image-82517\" style=\"width:800px\" srcset=\"https:\/\/centcols.org\/wp-content\/uploads\/2025\/05\/Glandon-Gd-Maison.jpg 1200w, https:\/\/centcols.org\/wp-content\/uploads\/2025\/05\/Glandon-Gd-Maison-768x435.jpg 768w\" sizes=\"auto, (max-width: 1200px) 100vw, 1200px\" \/><\/figure>\n\n\n\n<p class=\"has-medium-font-size\">Le <strong><a href=\"https:\/\/www.edf.fr\/groupe-edf\/agir-en-entreprise-responsable\/fondation-et-mecenat-patrimoine-sport\/site-emblematique-grandmaison-hydrelec\/hydrelec-un-musee-dedie-a-lhydroelectricite\" target=\"_blank\" rel=\"noopener\" title=\"\">Museo EDF Hydr\u00e9lec<\/a><\/strong> entre la carretera y el Lac du Verney se ha adjudicado el&nbsp;<em>Museo de Francia<\/em>&nbsp;y presenta colecciones \u00fanicas del Arco Alpino que datan del siglo XIX hasta nuestros d\u00edas.<sup>e<\/sup>&nbsp;siglo y xx<sup>e<\/sup>&nbsp;siglo XX. Un recorrido escenogr\u00e1fico rinde homenaje a los cient\u00edficos, ingenieros, t\u00e9cnicos y obreros que participaron en la creaci\u00f3n de centrales hidroel\u00e9ctricas y presas.<\/p>\n\n\n\n<h4 class=\"wp-block-heading has-medium-font-size\">Al paso<\/h4>\n\n\n\n<div class=\"wp-block-media-text has-media-on-the-right is-stacked-on-mobile\" style=\"grid-template-columns:auto 40%\"><div class=\"wp-block-media-text__content\">\n<p>A <strong>memorial<\/strong> en la cima del puerto recuerda que en julio y agosto de 1944, mientras se preparaba el desembarco en Provenza, el Grupo M\u00f3vil 5 del maquis de Oisans repeli\u00f3 temporalmente un ataque alem\u00e1n cerca del puerto.<\/p>\n<\/div><figure class=\"wp-block-media-text__media\"><img loading=\"lazy\" decoding=\"async\" width=\"1200\" height=\"900\" src=\"https:\/\/centcols.org\/wp-content\/uploads\/2023\/07\/P1020418-stele-situee-au-col-du-Glandon-revue-1200x9001-1.jpg\" alt=\"\" class=\"wp-image-83297 size-full\" srcset=\"https:\/\/centcols.org\/wp-content\/uploads\/2023\/07\/P1020418-stele-situee-au-col-du-Glandon-revue-1200x9001-1.jpg 1200w, https:\/\/centcols.org\/wp-content\/uploads\/2023\/07\/P1020418-stele-situee-au-col-du-Glandon-revue-1200x9001-1-768x576.jpg 768w\" sizes=\"auto, (max-width: 1200px) 100vw, 1200px\" \/><\/figure><\/div>\n\n\n\n<p class=\"has-medium-font-size\">Encima del aparcamiento del Col du Glandon, se han erigido cuatro pilares para ofrecer una vista recta del Mont Blanc.<\/p>\n\n\n<div class=\"wp-block-image is-resized\">\n<figure class=\"aligncenter size-full\"><img loading=\"lazy\" decoding=\"async\" width=\"767\" height=\"436\" src=\"https:\/\/centcols.org\/wp-content\/uploads\/2025\/05\/Glandon-piliers.jpg\" alt=\"\" class=\"wp-image-82518\" style=\"width:800px\"\/><\/figure>\n<\/div>\n\n\n<h2 class=\"wp-block-heading\">Situaci\u00f3n administrativa<\/h2>\n\n\n\n<h3 class=\"wp-block-heading\">Actualmente<\/h3>\n\n\n\n<p class=\"has-medium-font-size\">Ambos lados del puerto se encuentran en el departamento de Savoie (Comuna de <a href=\"https:\/\/fr.wikipedia.org\/wiki\/Saint-Colomban-des-Villards\">Saint-Colomban-des-Villards<\/a>).<\/p>\n\n\n\n<p class=\"has-medium-font-size\">El l\u00edmite Is\u00e8re \/ Savoie se encuentra en el lado Is\u00e8re, en el Pont du Rieu Claret (1730 m), a 3,8 km del puerto.<\/p>\n\n\n\n<h3 class=\"wp-block-heading\">Historia<\/h3>\n\n\n\n<p class=\"has-medium-font-size\">\u00bfPor qu\u00e9 no est\u00e1 el l\u00edmite Is\u00e8re \/ Savoie en el LPE Arc \/ Is\u00e8re?&nbsp;<em>(es decir, los pasos de Croix de Fer y Glandon)<\/em><\/p>\n\n\n\n<p class=\"has-medium-font-size\"><strong>Seg\u00fan&nbsp;<a href=\"https:\/\/www.oisans.com\/decouvrir\/les-incontournables\/col-glandon-col-de-croix-de-fer\/\" target=\"_blank\" rel=\"noopener\" title=\"\">\u00ab oisans.com\u00bb<\/a><\/strong><\/p>\n\n\n\n<p class=\"has-medium-font-size\">Hasta 1860, el puerto de Sabot marcaba la frontera entre Francia y Saboya. Vaujany, en la ruta des cols, estaba entonces equipada con un&nbsp;<strong>oficina fronteriza<\/strong>&nbsp;para proteger la provincia de Dauphin\u00e9. ... \/ ... Donde ahora se extiende el embalse de Grand'Maison,&nbsp;<strong>en el pasado, los franceses y los saboyanos se repart\u00edan los vastos pastos alpinos<\/strong>. La Grand'Maison era un gran edificio destinado a albergar a los pastores. Informaci\u00f3n completada por&nbsp;<strong>\u00ab&nbsp;<a href=\"https:\/\/www.isere-tourisme.com\/patrimoine-naturel\/au-col-du-sabot-2100-m\" target=\"_blank\" rel=\"noopener\" title=\"\">Is\u00e8re-Tourisme&nbsp;<\/a>\u00bb&nbsp;<\/strong>Detr\u00e1s del Col du Sabot hab\u00eda un puesto fronterizo, del que a\u00fan quedan algunas ruinas.&nbsp;<\/p>\n\n\n\n<p class=\"has-medium-font-size\"><strong>ChatGPT completa esta informaci\u00f3n<\/strong> (sin citar fuentes):<\/p>\n\n\n\n<p class=\"has-medium-font-size\">\u00abLa regi\u00f3n en torno a los puertos de Croix de Fer y Glandon es una zona de pastos de monta\u00f1a donde los agricultores saboyanos y dauphinois han practicado la agricultura durante siglos. Los habitantes de ambos lados de la monta\u00f1a manten\u00edan una estrecha relaci\u00f3n y a menudo compart\u00edan pastos y tierras de cultivo.<\/p>\n\n\n\n<p class=\"has-medium-font-size\">Cuando se defini\u00f3 la frontera como parte del Tratado de Tur\u00edn en 1860, era importante minimizar las molestias para la poblaci\u00f3n local. Fijar la frontera en el Rieu Claret, un curso de agua claramente identificable, permiti\u00f3 mantener los derechos de uso tradicionales de los agricultores de ambos lados de la frontera\u00bb.\u00bb<\/p>\n\n\n\n<h2 class=\"wp-block-heading\">Ciclismo y cicloturismo<\/h2>\n\n\n\n<h3 class=\"wp-block-heading\">Tour de Francia<\/h3>\n\n\n\n<p class=\"has-medium-font-size\">El Tour de Francia subi\u00f3 este puerto por primera vez en 1947.<\/p>\n\n\n\n<h3 class=\"wp-block-heading\">BRA<\/h3>\n\n\n\n<p class=\"has-medium-font-size\">En su versi\u00f3n tradicional, el BRA no utilizaba el Col du Glandon (pasa por el cruce a 200 m del puerto en la carretera del Col de la Croix de Fer).<\/p>\n\n\n\n<p class=\"has-medium-font-size\">Sin embargo :<\/p>\n\n\n\n<ul class=\"wp-block-list\">\n<li>En 2015, ante la imposibilidad de utilizar el Col du Galibier por el cierre del t\u00fanel de Chambon, se puso en marcha el Plan B, con el Col du Glandon, los 18 cordones de Montvernier y los Cols du Mollard y de la Croix de Fer.<\/li>\n\n\n\n<li>En 2019, despu\u00e9s del avituallamiento en el Col de la Croix de Fer, habr\u00e1 un giro en U y un descenso del Glandon para subir las curvas de Montvernier.<\/li>\n<\/ul>\n\n\n\n<h3 class=\"wp-block-heading\">Marmota<\/h3>\n\n\n\n<p class=\"has-medium-font-size\">Desde su creaci\u00f3n en 1982 hasta 1999, la carrera ciclodeportiva \u00abLa Marmotte\u00bb se disput\u00f3 en el Col de La Croix de Fer, antes de pasar al Col du Glandon.<\/p>\n\n\n\n<p class=\"has-medium-font-size\">En 2023, el Glandon ya no figuraba en el programa y la ruta inclu\u00eda el Col de la Croix de Fer (y el Col du Mollard).<\/p>\n\n\n\n<h3 class=\"wp-block-heading\">Perfil<\/h3>\n\n\n\n<p class=\"has-medium-font-size\">Hay muchos perfiles del Col du Glandon en Internet. Los porcentajes que se dan son bastante... variables.<\/p>\n\n\n\n<p class=\"has-medium-font-size\">La mejor manera de hacerlo es trazar la ruta en Openrunner y hacer clic en \u00abver perfil altim\u00e9trico\u00bb ... como aqu\u00ed entre Rochetaill\u00e9e (Is\u00e8re) y La Chambre (Savoie) :<\/p>\n\n\n\n<figure class=\"wp-block-image size-large\"><img loading=\"lazy\" decoding=\"async\" width=\"1920\" height=\"512\" src=\"https:\/\/centcols.org\/wp-content\/uploads\/2025\/05\/Glandon-Profil-scaled-1-1920x512.jpeg\" alt=\"\" class=\"wp-image-82519\" srcset=\"https:\/\/centcols.org\/wp-content\/uploads\/2025\/05\/Glandon-Profil-scaled-1-1920x512.jpeg 1920w, https:\/\/centcols.org\/wp-content\/uploads\/2025\/05\/Glandon-Profil-scaled-1-1200x320.jpeg 1200w, https:\/\/centcols.org\/wp-content\/uploads\/2025\/05\/Glandon-Profil-scaled-1-768x205.jpeg 768w, https:\/\/centcols.org\/wp-content\/uploads\/2025\/05\/Glandon-Profil-scaled-1-1536x410.jpeg 1536w, https:\/\/centcols.org\/wp-content\/uploads\/2025\/05\/Glandon-Profil-scaled-1-2048x546.jpeg 2048w\" sizes=\"auto, (max-width: 1920px) 100vw, 1920px\" \/><\/figure>\n\n\n\n<p class=\"has-medium-font-size\">Y, por \u00faltimo, unas im\u00e1genes sobre el <a href=\"https:\/\/photos.google.com\/share\/AF1QipNUY8MWRR6tpN6-_6JnRAzdohNr0gCjlPkL_F4usBghZoTmF3xzs-fg8P3LImWI2Q?key=dDhoYW9vaXdNLXo0cURlaHdYMHE4YUxDS28wX3lR\" target=\"_blank\" rel=\"noopener\" title=\"\">Croix de Fer y du Glandon<\/a><\/p>\n\n\n\n<p class=\"has-text-align-right\"><em>Un art\u00edculo de G\u00e9rard Galland (y Bernard Giraudeau para la secci\u00f3n de geolog\u00eda)<\/em><\/p>","protected":false},"excerpt":{"rendered":"<p>Toponymie Le col du Glandon (FR-73-1924) &nbsp;prend son nom d&rsquo;un&nbsp;lieu-dit&nbsp;de la commune de&nbsp;Saint-Colomban-des-Villards.Un torrent&nbsp;\u00e9ponyme&nbsp;prend sa source au col. Situation g\u00e9ographique Massifs &nbsp;Le col se trouve \u00e0 la limite des massifs de&nbsp;Belledonne&nbsp;et des&nbsp;Arves, \u00e0 l&rsquo;ouest du&nbsp;col de la Croix-de-Fer.&nbsp; G\u00e9ologie Le col du Glandon et le col de la Croix de Fer sont g\u00e9ographiquement tr\u00e8s proches [&hellip;]<\/p>\n","protected":false},"author":3,"featured_media":83299,"comment_status":"closed","ping_status":"closed","sticky":false,"template":"","format":"standard","meta":{"_acf_changed":false,"footnotes":""},"categories":[308],"tags":[],"class_list":["post-82511","post","type-post","status-publish","format-standard","has-post-thumbnail","hentry","category-cols-en-vrac"],"acf":[],"yoast_head":"<!-- This site is optimized with the Yoast SEO plugin v27.2 - https:\/\/yoast.com\/product\/yoast-seo-wordpress\/ -->\n<title>Le col du Glandon - Club des Cent Cols<\/title>\n<meta name=\"robots\" content=\"index, follow, max-snippet:-1, max-image-preview:large, max-video-preview:-1\" \/>\n<link rel=\"canonical\" href=\"https:\/\/centcols.org\/es\/el-paso-de-la-bellota\/\" \/>\n<meta property=\"og:locale\" content=\"es_ES\" \/>\n<meta property=\"og:type\" content=\"article\" \/>\n<meta property=\"og:title\" content=\"Le col du Glandon - Club des Cent Cols\" \/>\n<meta property=\"og:description\" content=\"Toponymie Le col du Glandon (FR-73-1924) &nbsp;prend son nom d&rsquo;un&nbsp;lieu-dit&nbsp;de la commune de&nbsp;Saint-Colomban-des-Villards.Un torrent&nbsp;\u00e9ponyme&nbsp;prend sa source au col. Situation g\u00e9ographique Massifs &nbsp;Le col se trouve \u00e0 la limite des massifs de&nbsp;Belledonne&nbsp;et des&nbsp;Arves, \u00e0 l&rsquo;ouest du&nbsp;col de la Croix-de-Fer.&nbsp; G\u00e9ologie Le col du Glandon et le col de la Croix de Fer sont g\u00e9ographiquement tr\u00e8s proches [&hellip;]\" \/>\n<meta property=\"og:url\" content=\"https:\/\/centcols.org\/es\/el-paso-de-la-bellota\/\" \/>\n<meta property=\"og:site_name\" content=\"Club des Cent Cols\" \/>\n<meta property=\"article:publisher\" content=\"https:\/\/www.facebook.com\/groups\/5261880558\/?locale=fr_FR\" \/>\n<meta property=\"article:published_time\" content=\"2023-07-12T12:38:22+00:00\" \/>\n<meta property=\"article:modified_time\" content=\"2025-10-20T18:28:04+00:00\" \/>\n<meta property=\"og:image\" content=\"https:\/\/centcols.org\/wp-content\/uploads\/2023\/07\/glandon.jpg\" \/>\n\t<meta property=\"og:image:width\" content=\"1280\" \/>\n\t<meta property=\"og:image:height\" content=\"720\" \/>\n\t<meta property=\"og:image:type\" content=\"image\/jpeg\" \/>\n<meta name=\"author\" content=\"Webmestre\" \/>\n<meta name=\"twitter:card\" content=\"summary_large_image\" \/>\n<meta name=\"twitter:label1\" content=\"Escrito por\" \/>\n\t<meta name=\"twitter:data1\" content=\"Webmestre\" \/>\n\t<meta name=\"twitter:label2\" content=\"Tiempo de lectura\" \/>\n\t<meta name=\"twitter:data2\" content=\"10 minutos\" \/>\n<script type=\"application\/ld+json\" class=\"yoast-schema-graph\">{\"@context\":\"https:\/\/schema.org\",\"@graph\":[{\"@type\":\"Article\",\"@id\":\"https:\/\/centcols.org\/le-col-du-glandon\/#article\",\"isPartOf\":{\"@id\":\"https:\/\/centcols.org\/le-col-du-glandon\/\"},\"author\":{\"name\":\"Webmestre\",\"@id\":\"https:\/\/centcols.org\/#\/schema\/person\/911b404fb133d8c913dd27cdcf71c8e5\"},\"headline\":\"Le col du Glandon\",\"datePublished\":\"2023-07-12T12:38:22+00:00\",\"dateModified\":\"2025-10-20T18:28:04+00:00\",\"mainEntityOfPage\":{\"@id\":\"https:\/\/centcols.org\/le-col-du-glandon\/\"},\"wordCount\":1611,\"publisher\":{\"@id\":\"https:\/\/centcols.org\/#organization\"},\"image\":{\"@id\":\"https:\/\/centcols.org\/le-col-du-glandon\/#primaryimage\"},\"thumbnailUrl\":\"https:\/\/centcols.org\/wp-content\/uploads\/2023\/07\/glandon.jpg\",\"articleSection\":[\"Cols en vrac\"],\"inLanguage\":\"es\"},{\"@type\":\"WebPage\",\"@id\":\"https:\/\/centcols.org\/le-col-du-glandon\/\",\"url\":\"https:\/\/centcols.org\/le-col-du-glandon\/\",\"name\":\"Le col du Glandon - Club des Cent Cols\",\"isPartOf\":{\"@id\":\"https:\/\/centcols.org\/#website\"},\"primaryImageOfPage\":{\"@id\":\"https:\/\/centcols.org\/le-col-du-glandon\/#primaryimage\"},\"image\":{\"@id\":\"https:\/\/centcols.org\/le-col-du-glandon\/#primaryimage\"},\"thumbnailUrl\":\"https:\/\/centcols.org\/wp-content\/uploads\/2023\/07\/glandon.jpg\",\"datePublished\":\"2023-07-12T12:38:22+00:00\",\"dateModified\":\"2025-10-20T18:28:04+00:00\",\"breadcrumb\":{\"@id\":\"https:\/\/centcols.org\/le-col-du-glandon\/#breadcrumb\"},\"inLanguage\":\"es\",\"potentialAction\":[{\"@type\":\"ReadAction\",\"target\":[\"https:\/\/centcols.org\/le-col-du-glandon\/\"]}]},{\"@type\":\"ImageObject\",\"inLanguage\":\"es\",\"@id\":\"https:\/\/centcols.org\/le-col-du-glandon\/#primaryimage\",\"url\":\"https:\/\/centcols.org\/wp-content\/uploads\/2023\/07\/glandon.jpg\",\"contentUrl\":\"https:\/\/centcols.org\/wp-content\/uploads\/2023\/07\/glandon.jpg\",\"width\":1280,\"height\":720,\"caption\":\"Image par Monika de Pixabay\"},{\"@type\":\"BreadcrumbList\",\"@id\":\"https:\/\/centcols.org\/le-col-du-glandon\/#breadcrumb\",\"itemListElement\":[{\"@type\":\"ListItem\",\"position\":1,\"name\":\"Accueil\",\"item\":\"https:\/\/centcols.org\/\"},{\"@type\":\"ListItem\",\"position\":2,\"name\":\"Cols en vrac\",\"item\":\"https:\/\/centcols.org\/rubrique\/cols-en-vrac\/\"},{\"@type\":\"ListItem\",\"position\":3,\"name\":\"Le col du Glandon\"}]},{\"@type\":\"WebSite\",\"@id\":\"https:\/\/centcols.org\/#website\",\"url\":\"https:\/\/centcols.org\/\",\"name\":\"Club des Cent Cols\",\"description\":\"\",\"publisher\":{\"@id\":\"https:\/\/centcols.org\/#organization\"},\"potentialAction\":[{\"@type\":\"SearchAction\",\"target\":{\"@type\":\"EntryPoint\",\"urlTemplate\":\"https:\/\/centcols.org\/?s={search_term_string}\"},\"query-input\":{\"@type\":\"PropertyValueSpecification\",\"valueRequired\":true,\"valueName\":\"search_term_string\"}}],\"inLanguage\":\"es\"},{\"@type\":\"Organization\",\"@id\":\"https:\/\/centcols.org\/#organization\",\"name\":\"Club des Cent Cols\",\"url\":\"https:\/\/centcols.org\/\",\"logo\":{\"@type\":\"ImageObject\",\"inLanguage\":\"es\",\"@id\":\"https:\/\/centcols.org\/#\/schema\/logo\/image\/\",\"url\":\"https:\/\/centcols.org\/wp-content\/uploads\/2025\/01\/carte-icone.png\",\"contentUrl\":\"https:\/\/centcols.org\/wp-content\/uploads\/2025\/01\/carte-icone.png\",\"width\":250,\"height\":250,\"caption\":\"Club des Cent Cols\"},\"image\":{\"@id\":\"https:\/\/centcols.org\/#\/schema\/logo\/image\/\"},\"sameAs\":[\"https:\/\/www.facebook.com\/groups\/5261880558\/?locale=fr_FR\"]},{\"@type\":\"Person\",\"@id\":\"https:\/\/centcols.org\/#\/schema\/person\/911b404fb133d8c913dd27cdcf71c8e5\",\"name\":\"Webmestre\",\"image\":{\"@type\":\"ImageObject\",\"inLanguage\":\"es\",\"@id\":\"https:\/\/centcols.org\/wp-content\/litespeed\/avatar\/2d246e4b6b4f773e08515e1ffc53690b.jpg?ver=1777222892\",\"url\":\"https:\/\/centcols.org\/wp-content\/litespeed\/avatar\/2d246e4b6b4f773e08515e1ffc53690b.jpg?ver=1777222892\",\"contentUrl\":\"https:\/\/centcols.org\/wp-content\/litespeed\/avatar\/2d246e4b6b4f773e08515e1ffc53690b.jpg?ver=1777222892\",\"caption\":\"Webmestre\"},\"url\":\"https:\/\/centcols.org\/es\/author\/webmestre\/\"}]}<\/script>\n<!-- \/ Yoast SEO plugin. -->","yoast_head_json":{"title":"El puerto de Glandon - Club des Cent Cols","robots":{"index":"index","follow":"follow","max-snippet":"max-snippet:-1","max-image-preview":"max-image-preview:large","max-video-preview":"max-video-preview:-1"},"canonical":"https:\/\/centcols.org\/es\/el-paso-de-la-bellota\/","og_locale":"es_ES","og_type":"article","og_title":"Le col du Glandon - Club des Cent Cols","og_description":"Toponymie Le col du Glandon (FR-73-1924) &nbsp;prend son nom d&rsquo;un&nbsp;lieu-dit&nbsp;de la commune de&nbsp;Saint-Colomban-des-Villards.Un torrent&nbsp;\u00e9ponyme&nbsp;prend sa source au col. Situation g\u00e9ographique Massifs &nbsp;Le col se trouve \u00e0 la limite des massifs de&nbsp;Belledonne&nbsp;et des&nbsp;Arves, \u00e0 l&rsquo;ouest du&nbsp;col de la Croix-de-Fer.&nbsp; G\u00e9ologie Le col du Glandon et le col de la Croix de Fer sont g\u00e9ographiquement tr\u00e8s proches [&hellip;]","og_url":"https:\/\/centcols.org\/es\/el-paso-de-la-bellota\/","og_site_name":"Club des Cent Cols","article_publisher":"https:\/\/www.facebook.com\/groups\/5261880558\/?locale=fr_FR","article_published_time":"2023-07-12T12:38:22+00:00","article_modified_time":"2025-10-20T18:28:04+00:00","og_image":[{"width":1280,"height":720,"url":"https:\/\/centcols.org\/wp-content\/uploads\/2023\/07\/glandon.jpg","type":"image\/jpeg"}],"author":"Webmestre","twitter_card":"summary_large_image","twitter_misc":{"Escrito por":"Webmestre","Tiempo de lectura":"10 minutos"},"schema":{"@context":"https:\/\/schema.org","@graph":[{"@type":"Article","@id":"https:\/\/centcols.org\/le-col-du-glandon\/#article","isPartOf":{"@id":"https:\/\/centcols.org\/le-col-du-glandon\/"},"author":{"name":"Webmestre","@id":"https:\/\/centcols.org\/#\/schema\/person\/911b404fb133d8c913dd27cdcf71c8e5"},"headline":"Le col du Glandon","datePublished":"2023-07-12T12:38:22+00:00","dateModified":"2025-10-20T18:28:04+00:00","mainEntityOfPage":{"@id":"https:\/\/centcols.org\/le-col-du-glandon\/"},"wordCount":1611,"publisher":{"@id":"https:\/\/centcols.org\/#organization"},"image":{"@id":"https:\/\/centcols.org\/le-col-du-glandon\/#primaryimage"},"thumbnailUrl":"https:\/\/centcols.org\/wp-content\/uploads\/2023\/07\/glandon.jpg","articleSection":["Cols en vrac"],"inLanguage":"es"},{"@type":"WebPage","@id":"https:\/\/centcols.org\/le-col-du-glandon\/","url":"https:\/\/centcols.org\/le-col-du-glandon\/","name":"El puerto de Glandon - Club des Cent Cols","isPartOf":{"@id":"https:\/\/centcols.org\/#website"},"primaryImageOfPage":{"@id":"https:\/\/centcols.org\/le-col-du-glandon\/#primaryimage"},"image":{"@id":"https:\/\/centcols.org\/le-col-du-glandon\/#primaryimage"},"thumbnailUrl":"https:\/\/centcols.org\/wp-content\/uploads\/2023\/07\/glandon.jpg","datePublished":"2023-07-12T12:38:22+00:00","dateModified":"2025-10-20T18:28:04+00:00","breadcrumb":{"@id":"https:\/\/centcols.org\/le-col-du-glandon\/#breadcrumb"},"inLanguage":"es","potentialAction":[{"@type":"ReadAction","target":["https:\/\/centcols.org\/le-col-du-glandon\/"]}]},{"@type":"ImageObject","inLanguage":"es","@id":"https:\/\/centcols.org\/le-col-du-glandon\/#primaryimage","url":"https:\/\/centcols.org\/wp-content\/uploads\/2023\/07\/glandon.jpg","contentUrl":"https:\/\/centcols.org\/wp-content\/uploads\/2023\/07\/glandon.jpg","width":1280,"height":720,"caption":"Image par Monika de Pixabay"},{"@type":"BreadcrumbList","@id":"https:\/\/centcols.org\/le-col-du-glandon\/#breadcrumb","itemListElement":[{"@type":"ListItem","position":1,"name":"Accueil","item":"https:\/\/centcols.org\/"},{"@type":"ListItem","position":2,"name":"Cols en vrac","item":"https:\/\/centcols.org\/rubrique\/cols-en-vrac\/"},{"@type":"ListItem","position":3,"name":"Le col du Glandon"}]},{"@type":"WebSite","@id":"https:\/\/centcols.org\/#website","url":"https:\/\/centcols.org\/","name":"Club des Cent Cols","description":"","publisher":{"@id":"https:\/\/centcols.org\/#organization"},"potentialAction":[{"@type":"SearchAction","target":{"@type":"EntryPoint","urlTemplate":"https:\/\/centcols.org\/?s={search_term_string}"},"query-input":{"@type":"PropertyValueSpecification","valueRequired":true,"valueName":"search_term_string"}}],"inLanguage":"es"},{"@type":"Organization","@id":"https:\/\/centcols.org\/#organization","name":"Club des Cent Cols","url":"https:\/\/centcols.org\/","logo":{"@type":"ImageObject","inLanguage":"es","@id":"https:\/\/centcols.org\/#\/schema\/logo\/image\/","url":"https:\/\/centcols.org\/wp-content\/uploads\/2025\/01\/carte-icone.png","contentUrl":"https:\/\/centcols.org\/wp-content\/uploads\/2025\/01\/carte-icone.png","width":250,"height":250,"caption":"Club des Cent Cols"},"image":{"@id":"https:\/\/centcols.org\/#\/schema\/logo\/image\/"},"sameAs":["https:\/\/www.facebook.com\/groups\/5261880558\/?locale=fr_FR"]},{"@type":"Person","@id":"https:\/\/centcols.org\/#\/schema\/person\/911b404fb133d8c913dd27cdcf71c8e5","name":"Webmaster","image":{"@type":"ImageObject","inLanguage":"es","@id":"https:\/\/centcols.org\/wp-content\/litespeed\/avatar\/2d246e4b6b4f773e08515e1ffc53690b.jpg?ver=1777222892","url":"https:\/\/centcols.org\/wp-content\/litespeed\/avatar\/2d246e4b6b4f773e08515e1ffc53690b.jpg?ver=1777222892","contentUrl":"https:\/\/centcols.org\/wp-content\/litespeed\/avatar\/2d246e4b6b4f773e08515e1ffc53690b.jpg?ver=1777222892","caption":"Webmestre"},"url":"https:\/\/centcols.org\/es\/author\/webmestre\/"}]}},"_links":{"self":[{"href":"https:\/\/centcols.org\/es\/wp-json\/wp\/v2\/posts\/82511","targetHints":{"allow":["GET"]}}],"collection":[{"href":"https:\/\/centcols.org\/es\/wp-json\/wp\/v2\/posts"}],"about":[{"href":"https:\/\/centcols.org\/es\/wp-json\/wp\/v2\/types\/post"}],"author":[{"embeddable":true,"href":"https:\/\/centcols.org\/es\/wp-json\/wp\/v2\/users\/3"}],"replies":[{"embeddable":true,"href":"https:\/\/centcols.org\/es\/wp-json\/wp\/v2\/comments?post=82511"}],"version-history":[{"count":0,"href":"https:\/\/centcols.org\/es\/wp-json\/wp\/v2\/posts\/82511\/revisions"}],"wp:featuredmedia":[{"embeddable":true,"href":"https:\/\/centcols.org\/es\/wp-json\/wp\/v2\/media\/83299"}],"wp:attachment":[{"href":"https:\/\/centcols.org\/es\/wp-json\/wp\/v2\/media?parent=82511"}],"wp:term":[{"taxonomy":"category","embeddable":true,"href":"https:\/\/centcols.org\/es\/wp-json\/wp\/v2\/categories?post=82511"},{"taxonomy":"post_tag","embeddable":true,"href":"https:\/\/centcols.org\/es\/wp-json\/wp\/v2\/tags?post=82511"}],"curies":[{"name":"wp","href":"https:\/\/api.w.org\/{rel}","templated":true}]}}