{"id":82521,"date":"2023-07-28T15:57:54","date_gmt":"2023-07-28T13:57:54","guid":{"rendered":"https:\/\/centcols.org\/le-col-de-sarenne\/"},"modified":"2025-10-20T20:09:58","modified_gmt":"2025-10-20T18:09:58","slug":"el-paso-de-sarenne","status":"publish","type":"post","link":"https:\/\/centcols.org\/es\/le-col-de-sarenne\/","title":{"rendered":"El paso de Sarenne"},"content":{"rendered":"<h2 class=\"wp-block-heading\">Altitud<\/h2>\n\n\n\n<p class=\"has-medium-font-size\">El paso de Sarenne (<a href=\"https:\/\/centcols.org\/es\/util\/geo\/visu.php\/?code=FR-38-1999\">FR-38-1999<\/a>), \u00bfm\u00e1s o menos de 2000 m?<\/p>\n\n\n\n<p class=\"has-medium-font-size\">Tras un largo debate, parece que el Col de Sarenne no ha superado la prueba para la categor\u00eda de 2000m+. Le falta un metro (\u00a1y levantar la bici un metro como se ve en la foto no ayuda!).<\/p>\n\n\n<div class=\"wp-block-image\">\n<figure class=\"aligncenter size-full is-resized\"><img loading=\"lazy\" decoding=\"async\" width=\"1200\" height=\"800\" src=\"https:\/\/centcols.org\/wp-content\/uploads\/2025\/05\/Col_de_Sarenne_090918.jpg\" alt=\"\" class=\"wp-image-82522\" style=\"width:800px\" srcset=\"https:\/\/centcols.org\/wp-content\/uploads\/2025\/05\/Col_de_Sarenne_090918.jpg 1200w, https:\/\/centcols.org\/wp-content\/uploads\/2025\/05\/Col_de_Sarenne_090918-768x512.jpg 768w\" sizes=\"auto, (max-width: 1200px) 100vw, 1200px\" \/><\/figure>\n<\/div>\n\n\n<p class=\"has-medium-font-size\">Basado en el mapa IGN 1:50.000, edici\u00f3n de 1974, el debate fue abierto: <\/p>\n\n\n<div class=\"wp-block-image is-resized\">\n<figure class=\"aligncenter size-full\"><img loading=\"lazy\" decoding=\"async\" width=\"300\" height=\"225\" src=\"https:\/\/centcols.org\/wp-content\/uploads\/2025\/05\/Sarenne1.jpg\" alt=\"\" class=\"wp-image-82523\" style=\"width:600px\"\/><\/figure>\n<\/div>\n\n\n<p class=\"has-medium-font-size\">Pero la de 2021 cierra el debate:<\/p>\n\n\n<div class=\"wp-block-image\">\n<figure class=\"aligncenter size-full\"><img loading=\"lazy\" decoding=\"async\" width=\"487\" height=\"354\" src=\"https:\/\/centcols.org\/wp-content\/uploads\/2025\/05\/Sarenne2.jpg\" alt=\"\" class=\"wp-image-82524\"\/><\/figure>\n<\/div>\n\n\n<p class=\"has-medium-font-size\">Para una breve historia y m\u00e1s detalles, consulte el art\u00edculo :&nbsp;<a href=\"https:\/\/cyclotouristes-grenoblois.assoconnect.com\/articles\/130691-le-col-de-sarenne-1999-m-ou-2009-m\" target=\"_blank\" rel=\"noreferrer noopener\">Col de Sarenne: 1999 m o 2009 m<\/a> escrito en marzo de 2020 en el sitio web del CTG con la colaboraci\u00f3n de varios miembros del CCC.<\/p>\n\n\n\n<h2 class=\"wp-block-heading\">Toponimia<\/h2>\n\n\n\n<p class=\"has-medium-font-size\">Sarenne es el nombre<\/p>\n\n\n\n<ul class=\"wp-block-list\">\n<li>el glaciar situado sobre l'Alpe d'Huez, muy conocido por los esquiadores. antiguamente se utilizaba para esquiar en verano, pero su r\u00e1pido deshielo en el siglo XX provoc\u00f3 su desaparici\u00f3n.<sup>e<\/sup>&nbsp;siglo amenaza su propia existencia<\/li>\n\n\n\n<li>del torrente que all\u00ed nace... y<\/li>\n\n\n\n<li>el paso sobre el valle del Sarenne (donde nace un afluente, el Nou)<\/li>\n<\/ul>\n\n\n\n<h2 class=\"wp-block-heading\">Situaci\u00f3n geogr\u00e1fica<\/h2>\n\n\n\n<h3 class=\"wp-block-heading\">Macizo<\/h3>\n\n\n\n<p class=\"has-medium-font-size\">El Col de Sarenne est\u00e1 situado en el Macizo des&nbsp;<a href=\"https:\/\/fr.wikipedia.org\/wiki\/Grandes_Rousses\" target=\"_blank\" rel=\"noopener\" title=\"\">Grandes Rousses<\/a><\/p>\n\n\n\n<h3 class=\"wp-block-heading\">Geolog\u00eda<\/h3>\n\n\n\n<p class=\"has-medium-font-size\">El Col de Sarenne se encuentra al final de un largo valle que atraviesa el extremo sur de la imponente cordillera de las Grandes Rousses. Aqu\u00ed, el Sarenne ha excavado un profundo ca\u00f1\u00f3n bajo la estaci\u00f3n de Alpe d'Huez, cortando entre los dep\u00f3sitos sedimentarios tri\u00e1sicos al sur y los gneises fuertemente bandeados (alternando capas claras y oscuras) al norte. <\/p>\n\n\n\n<p class=\"has-medium-font-size\">Dominando el puerto hacia el norte, Ch\u00e2teau Noir es el resultado de la extrusi\u00f3n de roca volc\u00e1nica en la antigua falla herc\u00ednica de Cassini. <\/p>\n\n\n\n<p class=\"has-medium-font-size\">Una caracter\u00edstica geol\u00f3gica particular entre Alpe d'Huez y el Col de Sarenne es la presencia de filones de carb\u00f3n explotados anteriormente (minas de Herpie, al norte y a medio camino entre el col y la estaci\u00f3n). <\/p>\n\n\n\n<p class=\"has-medium-font-size\">El blanco glaciar de Sarenne tambi\u00e9n ha excavado su galer\u00eda al aire libre en una oscura veta de carb\u00f3n.<\/p>\n\n\n\n<p class=\"has-medium-font-size\">Los lectores interesados en este tema pueden consultar el exhaustivo art\u00edculo de&nbsp;<a href=\"http:\/\/www.geol-alp.com\/h_oisans\/_lieux\/Rousses\/sarenne.html#:~:text=Il%20forment%20un%20plateau%20suspendu,sur%C3%A9lev%C3%A9e%20par%20les%20d%C3%A9formations%20alpines\" target=\"_blank\" rel=\"noopener\" title=\"\">geol-alp.com<\/a><a href=\"http:\/\/www.geol-alp.com\/h_oisans\/_lieux\/guisane_vallouise\/Lautaret.html\" target=\"_blank\" rel=\"noopener\" title=\"\">&nbsp;<\/a><\/p>\n\n\n\n<h3 class=\"wp-block-heading\">Hidrograf\u00eda<\/h3>\n\n\n\n<p class=\"has-medium-font-size\">El Romanche tiene dos afluentes a ambos lados: el Ferrand, que desemboca en el Romanche aguas abajo de la presa de Chambon, y el arroyo Nou, que se une al Sarenne m\u00e1s abajo del puerto (altitud 1826 m).&nbsp;<\/p>\n\n\n\n<p class=\"has-medium-font-size\"><em>El Sarenne nace en el glaciar de la Sarenne, al norte del puerto, bien conocido por los esquiadores de Alpe d'Huez, y desemboca en el Romanche en La Paute, aguas abajo de Bourg-d'Oisans.<\/em><\/p>\n\n\n\n<h3 class=\"wp-block-heading\">Acceda a<\/h3>\n\n\n\n<p class=\"has-medium-font-size\">Vincula el\u2019<a href=\"https:\/\/fr.wikipedia.org\/wiki\/Alpe_d%27Huez\" target=\"_blank\" rel=\"noopener\" title=\"\">Alpe d'Huez<\/a> y el <a href=\"https:\/\/valleeduferrand.com\/\" target=\"_blank\" rel=\"noopener\" title=\"\">Valle de Ferrand<\/a> (Clavans en Haut-Oisans).<\/p>\n\n\n\n<figure class=\"wp-block-image size-full is-resized\"><img loading=\"lazy\" decoding=\"async\" width=\"1107\" height=\"592\" src=\"https:\/\/centcols.org\/wp-content\/uploads\/2025\/05\/Carte-Sarenne-1.jpg\" alt=\"\" class=\"wp-image-82529\" style=\"width:800px\" srcset=\"https:\/\/centcols.org\/wp-content\/uploads\/2025\/05\/Carte-Sarenne-1.jpg 1107w, https:\/\/centcols.org\/wp-content\/uploads\/2025\/05\/Carte-Sarenne-1-768x411.jpg 768w\" sizes=\"auto, (max-width: 1107px) 100vw, 1107px\" \/><\/figure>\n\n\n\n<p class=\"has-medium-font-size\"><strong>Lado oeste<\/strong><\/p>\n\n\n\n<div class=\"wp-block-media-text has-media-on-the-right is-stacked-on-mobile\"><div class=\"wp-block-media-text__content\">\n<p>La N85 va de Grenoble (90 km, altitud 214 m) a Vizille (72 km, altitud 278 m), y luego la D1091 a Bourg d'Oisans (40 km, altitud 719 m).<\/p>\n\n\n\n<p>Saliendo de <strong>Bourg d'Oisans<\/strong> el <strong>D211<\/strong>, La RD25A (tambi\u00e9n conocida como Route du Col de Sarenne), que recorre 13,8 km a una velocidad media de 7,91 mph y 21 curvas, conduce a Alpe d'Huez (1.800 m), desde donde se tarda 8,3 km en alcanzar el puerto a trav\u00e9s de las gargantas de la Sarenne.<\/p>\n<\/div><figure class=\"wp-block-media-text__media\"><img loading=\"lazy\" decoding=\"async\" width=\"300\" height=\"225\" src=\"https:\/\/centcols.org\/wp-content\/uploads\/2023\/07\/Rte-Sarenne1.jpg\" alt=\"\" class=\"wp-image-83331 size-full\"\/><\/figure><\/div>\n\n\n\n<p class=\"has-text-align-right\"><strong>La carretera y las gargantas de Sarenne<\/strong><\/p>\n\n\n\n<p class=\"has-medium-font-size\"><strong>Lado sureste<\/strong><\/p>\n\n\n\n<div class=\"wp-block-media-text is-stacked-on-mobile\"><figure class=\"wp-block-media-text__media\"><img loading=\"lazy\" decoding=\"async\" width=\"300\" height=\"225\" src=\"https:\/\/centcols.org\/wp-content\/uploads\/2023\/07\/Rte-Sarenne2-11.jpg\" alt=\"\" class=\"wp-image-83332 size-full\"\/><\/figure><div class=\"wp-block-media-text__content\">\n<p>Se puede llegar en 13 km desde el <strong>RD1091<\/strong>, en el&nbsp;<strong>Presa de Chambon<\/strong> (altitud 1050 m), por la RD25 (luego 25A) que pasa por Mizo\u00ebn, Clavans le Bas y Clavans en Haut-Oisans).<\/p>\n\n\n\n<p>En <strong>Brian\u00e7on <\/strong>(a 27 km, altitud 1215 m), la D1091 conduce al Col du Lautaret, pasando por la estaci\u00f3n de Serre-Chevalier y sus distintos pueblos: Chantemerle (municipio de St Chaffrey - a 22,5 km, altitud 1350 m), Villeneuve (municipio de La Salle-les-Alpes, a 19 km, altitud 1385), Monetier les Bains (a 13 km, altitud 1500 m).<\/p>\n<\/div><\/div>\n\n\n\n<p class=\"has-text-align-left\"><strong>La carretera hacia Clavans<\/strong><\/p>\n\n\n\n<h2 class=\"wp-block-heading\">Modificaci\u00f3n del acceso<\/h2>\n\n\n\n<p class=\"has-medium-font-size\">(Copia del art\u00edculo de 2020 : <a href=\"https:\/\/cyclotouristes-grenoblois.assoconnect.com\/articles\/130691-le-col-de-sarenne-1999-m-ou-2009-m\" target=\"_blank\" rel=\"noreferrer noopener\">Col de Sarenne: 1999 m o 2009 m<\/a>)<\/p>\n\n\n\n<p class=\"has-medium-font-size\">Para saber m\u00e1s sobre la historia de la construcci\u00f3n de la carretera del Col de Sarenne, formulamos las siguientes preguntas <strong>Ayuntamiento de Alpe d'Huez.<\/strong><\/p>\n\n\n\n<p class=\"has-medium-font-size\">Fr\u00e9d\u00e9rik TANE nos ha enviado la siguiente respuesta:&nbsp;<em>\u00abLa carretera entre Alpe d'Huez y el Col de Sarenne se construy\u00f3 al mismo tiempo que el famoso t\u00fanel (la pista negra inaugurada en 1964 bajo el Pic Blanc).  De hecho, fue la misma empresa la que construy\u00f3 este tramo de carretera y el t\u00fanel: la empresa Vigne, con sede en Is\u00e8re. En aquella \u00e9poca, la carretera atravesaba el yacimiento arqueol\u00f3gico de Brandes.<\/em><\/p>\n\n\n\n<p class=\"has-medium-font-size\"><em>En 1967, la salida ya no pasaba por Brandes sino ligeramente aguas arriba gracias a la construcci\u00f3n de la carretera altiport. Ese mismo a\u00f1o, la carretera se prolong\u00f3 entre el Col de Sarenne y Le Perron, en el valle de Ferrand (una gran roca protege una casa de las avalanchas). Las obras realizadas en 1967 corrieron a cargo de Pegaz &amp; Pugeat, que tambi\u00e9n construy\u00f3 la pista de bobsleigh de Alpe d'Huez (Campeonatos del Mundo de 1967 y Juegos Ol\u00edmpicos de 1968).<\/em><\/p>\n\n\n\n<p class=\"has-medium-font-size\"><em>El tramo de carretera entre Le Perron y Le Chambon ya exist\u00eda.<br>Gracias por mencionar en su art\u00edculo el nombre de Robert Hustache, un recuerdo vivo de Alpe d'Huez.  Me ha proporcionado informaci\u00f3n valiosa que me ayudar\u00e1 a responderle.<\/em><em>.<\/em>&nbsp;\u00bb<\/p>\n\n\n\n<p class=\"has-medium-font-size\"><strong>\u00bfCu\u00e1ndo se asfalt\u00f3 la carretera al Col de Sarenne?<\/strong><br>Esta informaci\u00f3n fue dif\u00edcil de obtener. Sab\u00edamos que en 1980 y 1982, para la segunda y tercera BRO (v\u00e9ase m\u00e1s abajo), la ruta inclu\u00eda 10 km de camino de tierra, y habiendo estado all\u00ed de nuevo (fotos de arriba) que el camino estaba asfaltado a ambos lados en 2008.<\/p>\n\n\n\n<p class=\"has-medium-font-size\">Los centristas nos han facilitado la siguiente informaci\u00f3n:<\/p>\n\n\n\n<p class=\"has-medium-font-size\">&nbsp;En 1985, en el lado este, y despu\u00e9s de Clavans, la carretera no estaba completamente asfaltada.<\/p>\n\n\n\n<p class=\"has-medium-font-size\">Fue en la adenda de 1989 (p\u00e1gina 61) cuando el Col de Sarenne pas\u00f3 a ser un puerto de carretera (CV) sin especificar la pendiente. Por lo tanto, es probable que se asfaltara en 1988. El puerto figura como puerto de carretera en la edici\u00f3n de 1994 del Chauvot (formato libro).<\/p>\n\n\n\n<h2 class=\"wp-block-heading\">Qu\u00e9 ver - turismo\u00a0<\/h2>\n\n\n\n<h4 class=\"wp-block-heading has-medium-font-size\"><br>Lado de Alpe d'Huez<\/h4>\n\n\n\n<p class=\"has-medium-font-size\">Adem\u00e1s de la estaci\u00f3n de esqu\u00ed y los 21 cordones, el\u2019<strong>Alpe d'Huez<\/strong> tiene una iglesia moderna y original, cuyo aspecto recuerda la silueta de la Virgen Mar\u00eda. Bajo el impulso del padre Jaap Reuten, p\u00e1rroco de 1964 a 1992, fue dise\u00f1ada por el arquitecto Jean Marol en los a\u00f1os sesenta (terminada en 1970) y decorada con coloridas vidrieras del artista&nbsp;<a href=\"https:\/\/fr.wikipedia.org\/wiki\/Arcabas\" target=\"_blank\" rel=\"noopener\" title=\"\">Arcabas<\/a>.<\/p>\n\n\n\n<p class=\"has-medium-font-size\">Esta iglesia alberga el \u00fanico \u00f3rgano de este tipo en el mundo, con forma de mano que alcanza el cielo, dise\u00f1ado por el compositor&nbsp;<a href=\"https:\/\/fr.wikipedia.org\/wiki\/Jean_Guillou\" target=\"_blank\" rel=\"noopener\" title=\"\">Jean Guillou<\/a>&nbsp;y el organero alem\u00e1n&nbsp;<a href=\"https:\/\/fr.wikipedia.org\/wiki\/Detlef_Kleuker\" target=\"_blank\" rel=\"noopener\" title=\"\">Detlef Kleuker<\/a>. Todos los a\u00f1os se organizan conciertos en torno a este instrumento los jueves por la noche, tanto en invierno como en verano, as\u00ed como cursos de \u00f3rgano, zampo\u00f1a y canto coral en verano.<\/p>\n\n\n\n<h4 class=\"wp-block-heading\">Ladera del valle de Ferrand<\/h4>\n\n\n\n<div class=\"wp-block-media-text has-media-on-the-right is-stacked-on-mobile\" style=\"grid-template-columns:auto 40%\"><div class=\"wp-block-media-text__content\">\n<p>Las antiguas casas, construidas principalmente en piedra, se funden con el terreno en pendiente. Incluyen zonas dedicadas a albergar el ganado en invierno y a almacenar el heno, y la parte dedicada a habitaci\u00f3n humana se reduce a lo estrictamente necesario.<\/p>\n\n\n\n<p>Iglesia parroquial de Saint-Jacques-et-Saint-Christophe en Mizo\u00ebn<br>construido en 1889, domina el pueblo.<br>&nbsp;Se puede ver desde la presa de Chambon<\/p>\n<\/div><figure class=\"wp-block-media-text__media\"><img loading=\"lazy\" decoding=\"async\" width=\"450\" height=\"600\" src=\"https:\/\/centcols.org\/wp-content\/uploads\/2023\/07\/Sarenne-St-Jacques1.jpg\" alt=\"\" class=\"wp-image-83333 size-full\"\/><\/figure><\/div>\n\n\n\n<h4 class=\"wp-block-heading\">Presa de Chambon<\/h4>\n\n\n\n<p class=\"has-medium-font-size\">&nbsp;Las obras comenzaron en septiembre de 1929 y finalizaron en diciembre de 1935.<\/p>\n\n\n<div class=\"wp-block-image\">\n<figure class=\"aligncenter size-full is-resized\"><img loading=\"lazy\" decoding=\"async\" width=\"1200\" height=\"800\" src=\"https:\/\/centcols.org\/wp-content\/uploads\/2023\/08\/4528492-diaporama1.jpg\" alt=\"\" class=\"wp-image-89751\" style=\"width:800px\" srcset=\"https:\/\/centcols.org\/wp-content\/uploads\/2023\/08\/4528492-diaporama1.jpg 1200w, https:\/\/centcols.org\/wp-content\/uploads\/2023\/08\/4528492-diaporama1-768x512.jpg 768w, https:\/\/centcols.org\/wp-content\/uploads\/2023\/08\/4528492-diaporama1-18x12.jpg 18w\" sizes=\"auto, (max-width: 1200px) 100vw, 1200px\" \/><\/figure>\n<\/div>\n\n\n<p class=\"has-medium-font-size\">Desde 2003, ha sido galardonada con el<strong>&nbsp;<a href=\"https:\/\/fr.wikipedia.org\/wiki\/Liste_des_%C3%A9difices_labellis%C3%A9s_%C2%AB_Patrimoine_du_XXe_si%C3%A8cle_%C2%BB_de_l%27Is%C3%A8re\" target=\"_blank\" rel=\"noopener\" title=\"\">\u00ab El patrimonio del siglo XX de Is\u00e8re<\/a><\/strong>.<\/p>\n\n\n\n<p class=\"has-medium-font-size\">Tras 80 a\u00f1os de existencia, la presa ha sido v\u00edctima del fen\u00f3meno de reacci\u00f3n alcalina (enfermedad del hormig\u00f3n), y cada quince a\u00f1os tiene que someterse a un tratamiento especial. Por este motivo, est\u00e1 prevista la sustituci\u00f3n de la presa en los pr\u00f3ximos veinte a\u00f1os.<\/p>\n\n\n\n<p class=\"has-medium-font-size\"><strong>Podr\u00edas haber visto el refugio Col de Sarenne en el paso:<\/strong><\/p>\n\n\n<div class=\"wp-block-image\">\n<figure class=\"aligncenter size-full is-resized\"><img loading=\"lazy\" decoding=\"async\" width=\"300\" height=\"196\" src=\"https:\/\/centcols.org\/wp-content\/uploads\/2025\/05\/Sarenne-refuge.jpg\" alt=\"\" class=\"wp-image-82531\" style=\"width:768px;height:502px\"\/><\/figure>\n<\/div>\n\n\n<p class=\"has-medium-font-size\">&nbsp;El refugio se construy\u00f3 en 2003 y estaba situado a la izquierda al llegar al Col desde Alpe d'Huez.<\/p>\n\n\n\n<p class=\"has-medium-font-size\">Fue destruido por un incendio el 27 de diciembre de 2016 (<em><a href=\"https:\/\/cyclotouristes-grenoblois.assoconnect.com\/articles\/149725-2017-serie-noire-sur-la-route-du-brale-feu-au-col-de-sarenne\" target=\"_blank\" rel=\"noreferrer noopener\">ver el art\u00edculo de Jules A<\/a>)<\/em>. Extracto \u00abDe este grande y bello edificio de 1000 m<sup>2<\/sup> construido en 2000, revolucionario por su dise\u00f1o a base de abetos del Jura con troncos de m\u00e1s de un metro de di\u00e1metro, pero tambi\u00e9n por su autosuficiencia en energ\u00eda no f\u00f3sil (turbinas e\u00f3licas y paneles solares), s\u00f3lo quedan escombros quemados.\u00bb<\/p>\n\n\n\n<h2 class=\"wp-block-heading\">Situaci\u00f3n administrativa<\/h2>\n\n\n\n<p class=\"has-medium-font-size\">El Col de Sarenne se encuentra en la comuna de <a href=\"http:\/\/clavans-en-oisans.com\/\" target=\"_blank\" rel=\"noopener\" title=\"\">Clavans-en-Haut-Oisans.<\/a><\/p>\n\n\n\n<p class=\"has-medium-font-size\">Por el lado oeste, siguiendo el torrente Le Nou, se pasa r\u00e1pidamente por el municipio de Le Nou. <a href=\"https:\/\/lefreneydoisans.fr\/\" target=\"_blank\" rel=\"noopener\" title=\"\">Freney d'Oisans<\/a>... poco despu\u00e9s de la confluencia de los r\u00edos Nou y Sarenne, en el municipio de Alpe d'Huez.<\/p>\n\n\n\n<h2 class=\"wp-block-heading\">Ciclismo y cicloturismo<\/h2>\n\n\n\n<p class=\"has-medium-font-size\"><strong>Tour de Francia y Crit\u00e9rium du Dauphin\u00e9 :<\/strong><\/p>\n\n\n\n<p class=\"has-medium-font-size\">En 2013, el Crit\u00e9rium du Dauphin\u00e9 y luego el Tour de Francia utilizaron el Col de Sarenne tras la ascensi\u00f3n al Alpe d'Huez.<\/p>\n\n\n\n<p class=\"has-medium-font-size\"><em>&nbsp;El paso del Tour de Francia por el Col de Sarenne ha provocado una fuerte reacci\u00f3n de los ecologistas locales, que han criticado el hecho de que el recorrido pase cerca de una zona sujeta a una orden prefectoral de protecci\u00f3n del biotopo y la amenaza potencial que supone para el h\u00e1bitat natural el paso de un acontecimiento de la envergadura del Tour de Francia.<\/em><\/p>\n\n\n\n<p class=\"has-medium-font-size\"><em>A pesar de las protestas y la oposici\u00f3n, el itinerario se mantuvo tal cual, aunque con disposiciones especiales: la caravana del Tour tuvo que detenerse en el primer cruce de Alpe d'Huez y se adoptaron disposiciones especiales en la zona del puerto para limitar al m\u00e1ximo el impacto ecol\u00f3gico (prohibici\u00f3n de coches de camping, reducci\u00f3n del ruido y la velocidad, se\u00f1ales de advertencia sobre el car\u00e1cter natural del lugar, etc.).<\/em>.<\/p>\n\n\n\n<p class=\"has-medium-font-size\"><strong>BRO<\/strong> (Brevet de Randonneur de l'Oisans)<\/p>\n\n\n\n<div class=\"wp-block-columns is-layout-flex wp-container-core-columns-is-layout-9d6595d7 wp-block-columns-is-layout-flex\">\n<div class=\"wp-block-column is-layout-flow wp-block-column-is-layout-flow\" style=\"flex-basis:50%\">\n<p class=\"has-medium-font-size\">Para su segunda edici\u00f3n, la OAE aprob\u00f3 (para el 1<sup>era&nbsp;<\/sup>veces) en el Col de Sarenne en junio de 1980, el camino del puerto era de tierra desde el torrente Sarenne hasta el Perron por encima de Clavans le haut....y ese a\u00f1o, \u00a1el Col de Sarenne estaba marcado a 2009 m en el IGN!<\/p>\n\n\n\n<p class=\"has-medium-font-size\"><em>Toma, <strong><em>El Col de Sarenne - Camino de Clavans - durante la primera BRO en 1980<\/em><\/strong><\/em><\/p>\n<\/div>\n\n\n\n<div class=\"wp-block-column is-layout-flow wp-block-column-is-layout-flow\" style=\"flex-basis:50%\"><\/div>\n<\/div>\n\n\n\n<p class=\"has-medium-font-size\"><strong>BRA<\/strong> (Brevet de Randonneur des Alpes)<\/p>\n\n\n\n<p class=\"has-medium-font-size\">Para el&nbsp;<strong>BRA<\/strong>&nbsp;(cada 2 a\u00f1os, los a\u00f1os impares), las opciones \u00abSuper BRA y Super BRA+\u00bb incluyen el Col de Sarenne en el recorrido.<\/p>\n\n\n\n<p class=\"has-medium-font-size\">Para la edici\u00f3n de 2023 (con salida desde Bourg d'Oisans), el puerto fue escalado por Clavans, lo que supuso recorridos de 197 km y 5.200 m de ascenso y 209 km y 5.252 m respectivamente.<\/p>\n\n\n\n<h3 class=\"wp-block-heading\">Perfil<\/h3>\n\n\n\n<p class=\"has-medium-font-size\">Hay muchos perfiles en Internet.<\/p>\n\n\n\n<p class=\"has-medium-font-size\">El OpenRunner : <\/p>\n\n\n<div class=\"wp-block-image\">\n<figure class=\"aligncenter size-full is-resized\"><img loading=\"lazy\" decoding=\"async\" width=\"714\" height=\"392\" src=\"https:\/\/centcols.org\/wp-content\/uploads\/2025\/05\/Sarenne-profil.jpg\" alt=\"\" class=\"wp-image-82532\" style=\"width:600px\"\/><\/figure>\n<\/div>\n\n\n<p class=\"has-medium-font-size\">Y por \u00faltimo, algunas im\u00e1genes del Col de Sarenne:&nbsp;<a href=\"https:\/\/photos.google.com\/share\/AF1QipNgFj3CbUHXB9IeA15SMnq4vtJaSNNNqcbzBxB4_30Yv5cFVuIh4S_rIelO3cb96w?key=UjJmcFRkQTdSbE02ZUJScGVwdnB4NmEwdlRUTHlR\" target=\"_blank\" rel=\"noreferrer noopener\">COL DE SARENNE 1999 o 2009<\/a><\/p>\n\n\n\n<p class=\"has-text-align-right\"><em><em>Un art\u00edculo de G\u00e9rard Galland<\/em><\/em><br><em><em>y Bernard Giraudeau (para la secci\u00f3n de geolog\u00eda)<\/em><\/em><\/p>","protected":false},"excerpt":{"rendered":"<p>Altitude Le col de Sarenne (FR-38-1999), alors plus ou moins de 2000 m ? Apr\u00e8s un long d\u00e9bat il semble bien que le col de Sarenne ait \u00e9chou\u00e9 \u00e0 l\u2019examen de passage dans la cat\u00e9gorie des plus de 2000 m. Il manque un m\u00e8tre (et monter son v\u00e9lo d&rsquo;un m\u00e8tre comme sur la photo ne [&hellip;]<\/p>\n","protected":false},"author":3,"featured_media":82522,"comment_status":"closed","ping_status":"closed","sticky":false,"template":"","format":"standard","meta":{"_acf_changed":false,"footnotes":""},"categories":[308],"tags":[],"class_list":["post-82521","post","type-post","status-publish","format-standard","has-post-thumbnail","hentry","category-cols-en-vrac"],"acf":[],"yoast_head":"<!-- This site is optimized with the Yoast SEO plugin v27.2 - https:\/\/yoast.com\/product\/yoast-seo-wordpress\/ -->\n<title>Le col de Sarenne - Club des Cent Cols<\/title>\n<meta name=\"robots\" content=\"index, follow, max-snippet:-1, max-image-preview:large, max-video-preview:-1\" \/>\n<link rel=\"canonical\" href=\"https:\/\/centcols.org\/es\/el-paso-de-sarenne\/\" \/>\n<meta property=\"og:locale\" content=\"es_ES\" \/>\n<meta property=\"og:type\" content=\"article\" \/>\n<meta property=\"og:title\" content=\"Le col de Sarenne - Club des Cent Cols\" \/>\n<meta property=\"og:description\" content=\"Altitude Le col de Sarenne (FR-38-1999), alors plus ou moins de 2000 m ? Apr\u00e8s un long d\u00e9bat il semble bien que le col de Sarenne ait \u00e9chou\u00e9 \u00e0 l\u2019examen de passage dans la cat\u00e9gorie des plus de 2000 m. Il manque un m\u00e8tre (et monter son v\u00e9lo d&rsquo;un m\u00e8tre comme sur la photo ne [&hellip;]\" \/>\n<meta property=\"og:url\" content=\"https:\/\/centcols.org\/es\/el-paso-de-sarenne\/\" \/>\n<meta property=\"og:site_name\" content=\"Club des Cent Cols\" \/>\n<meta property=\"article:publisher\" content=\"https:\/\/www.facebook.com\/groups\/5261880558\/?locale=fr_FR\" \/>\n<meta property=\"article:published_time\" content=\"2023-07-28T13:57:54+00:00\" \/>\n<meta property=\"article:modified_time\" content=\"2025-10-20T18:09:58+00:00\" \/>\n<meta property=\"og:image\" content=\"https:\/\/centcols.org\/wp-content\/uploads\/2025\/05\/Col_de_Sarenne_090918.jpg\" \/>\n\t<meta property=\"og:image:width\" content=\"1200\" \/>\n\t<meta property=\"og:image:height\" content=\"800\" \/>\n\t<meta property=\"og:image:type\" content=\"image\/jpeg\" \/>\n<meta name=\"author\" content=\"Webmestre\" \/>\n<meta name=\"twitter:card\" content=\"summary_large_image\" \/>\n<meta name=\"twitter:label1\" content=\"Escrito por\" \/>\n\t<meta name=\"twitter:data1\" content=\"Webmestre\" \/>\n\t<meta name=\"twitter:label2\" content=\"Tiempo de lectura\" \/>\n\t<meta name=\"twitter:data2\" content=\"12 minutos\" \/>\n<script type=\"application\/ld+json\" class=\"yoast-schema-graph\">{\"@context\":\"https:\/\/schema.org\",\"@graph\":[{\"@type\":\"Article\",\"@id\":\"https:\/\/centcols.org\/le-col-de-sarenne\/#article\",\"isPartOf\":{\"@id\":\"https:\/\/centcols.org\/le-col-de-sarenne\/\"},\"author\":{\"name\":\"Webmestre\",\"@id\":\"https:\/\/centcols.org\/#\/schema\/person\/911b404fb133d8c913dd27cdcf71c8e5\"},\"headline\":\"Le col de Sarenne\",\"datePublished\":\"2023-07-28T13:57:54+00:00\",\"dateModified\":\"2025-10-20T18:09:58+00:00\",\"mainEntityOfPage\":{\"@id\":\"https:\/\/centcols.org\/le-col-de-sarenne\/\"},\"wordCount\":1911,\"publisher\":{\"@id\":\"https:\/\/centcols.org\/#organization\"},\"image\":{\"@id\":\"https:\/\/centcols.org\/le-col-de-sarenne\/#primaryimage\"},\"thumbnailUrl\":\"https:\/\/centcols.org\/wp-content\/uploads\/2025\/05\/Col_de_Sarenne_090918.jpg\",\"articleSection\":[\"Cols en vrac\"],\"inLanguage\":\"es\"},{\"@type\":\"WebPage\",\"@id\":\"https:\/\/centcols.org\/le-col-de-sarenne\/\",\"url\":\"https:\/\/centcols.org\/le-col-de-sarenne\/\",\"name\":\"Le col de Sarenne - Club des Cent Cols\",\"isPartOf\":{\"@id\":\"https:\/\/centcols.org\/#website\"},\"primaryImageOfPage\":{\"@id\":\"https:\/\/centcols.org\/le-col-de-sarenne\/#primaryimage\"},\"image\":{\"@id\":\"https:\/\/centcols.org\/le-col-de-sarenne\/#primaryimage\"},\"thumbnailUrl\":\"https:\/\/centcols.org\/wp-content\/uploads\/2025\/05\/Col_de_Sarenne_090918.jpg\",\"datePublished\":\"2023-07-28T13:57:54+00:00\",\"dateModified\":\"2025-10-20T18:09:58+00:00\",\"breadcrumb\":{\"@id\":\"https:\/\/centcols.org\/le-col-de-sarenne\/#breadcrumb\"},\"inLanguage\":\"es\",\"potentialAction\":[{\"@type\":\"ReadAction\",\"target\":[\"https:\/\/centcols.org\/le-col-de-sarenne\/\"]}]},{\"@type\":\"ImageObject\",\"inLanguage\":\"es\",\"@id\":\"https:\/\/centcols.org\/le-col-de-sarenne\/#primaryimage\",\"url\":\"https:\/\/centcols.org\/wp-content\/uploads\/2025\/05\/Col_de_Sarenne_090918.jpg\",\"contentUrl\":\"https:\/\/centcols.org\/wp-content\/uploads\/2025\/05\/Col_de_Sarenne_090918.jpg\",\"width\":1200,\"height\":800},{\"@type\":\"BreadcrumbList\",\"@id\":\"https:\/\/centcols.org\/le-col-de-sarenne\/#breadcrumb\",\"itemListElement\":[{\"@type\":\"ListItem\",\"position\":1,\"name\":\"Accueil\",\"item\":\"https:\/\/centcols.org\/\"},{\"@type\":\"ListItem\",\"position\":2,\"name\":\"Cols en vrac\",\"item\":\"https:\/\/centcols.org\/rubrique\/cols-en-vrac\/\"},{\"@type\":\"ListItem\",\"position\":3,\"name\":\"Le col de Sarenne\"}]},{\"@type\":\"WebSite\",\"@id\":\"https:\/\/centcols.org\/#website\",\"url\":\"https:\/\/centcols.org\/\",\"name\":\"Club des Cent Cols\",\"description\":\"\",\"publisher\":{\"@id\":\"https:\/\/centcols.org\/#organization\"},\"potentialAction\":[{\"@type\":\"SearchAction\",\"target\":{\"@type\":\"EntryPoint\",\"urlTemplate\":\"https:\/\/centcols.org\/?s={search_term_string}\"},\"query-input\":{\"@type\":\"PropertyValueSpecification\",\"valueRequired\":true,\"valueName\":\"search_term_string\"}}],\"inLanguage\":\"es\"},{\"@type\":\"Organization\",\"@id\":\"https:\/\/centcols.org\/#organization\",\"name\":\"Club des Cent Cols\",\"url\":\"https:\/\/centcols.org\/\",\"logo\":{\"@type\":\"ImageObject\",\"inLanguage\":\"es\",\"@id\":\"https:\/\/centcols.org\/#\/schema\/logo\/image\/\",\"url\":\"https:\/\/centcols.org\/wp-content\/uploads\/2025\/01\/carte-icone.png\",\"contentUrl\":\"https:\/\/centcols.org\/wp-content\/uploads\/2025\/01\/carte-icone.png\",\"width\":250,\"height\":250,\"caption\":\"Club des Cent Cols\"},\"image\":{\"@id\":\"https:\/\/centcols.org\/#\/schema\/logo\/image\/\"},\"sameAs\":[\"https:\/\/www.facebook.com\/groups\/5261880558\/?locale=fr_FR\"]},{\"@type\":\"Person\",\"@id\":\"https:\/\/centcols.org\/#\/schema\/person\/911b404fb133d8c913dd27cdcf71c8e5\",\"name\":\"Webmestre\",\"image\":{\"@type\":\"ImageObject\",\"inLanguage\":\"es\",\"@id\":\"https:\/\/centcols.org\/wp-content\/litespeed\/avatar\/2d246e4b6b4f773e08515e1ffc53690b.jpg?ver=1777222892\",\"url\":\"https:\/\/centcols.org\/wp-content\/litespeed\/avatar\/2d246e4b6b4f773e08515e1ffc53690b.jpg?ver=1777222892\",\"contentUrl\":\"https:\/\/centcols.org\/wp-content\/litespeed\/avatar\/2d246e4b6b4f773e08515e1ffc53690b.jpg?ver=1777222892\",\"caption\":\"Webmestre\"},\"url\":\"https:\/\/centcols.org\/es\/author\/webmestre\/\"}]}<\/script>\n<!-- \/ Yoast SEO plugin. -->","yoast_head_json":{"title":"El puerto de Sarenne - Club des Cent Cols","robots":{"index":"index","follow":"follow","max-snippet":"max-snippet:-1","max-image-preview":"max-image-preview:large","max-video-preview":"max-video-preview:-1"},"canonical":"https:\/\/centcols.org\/es\/el-paso-de-sarenne\/","og_locale":"es_ES","og_type":"article","og_title":"Le col de Sarenne - Club des Cent Cols","og_description":"Altitude Le col de Sarenne (FR-38-1999), alors plus ou moins de 2000 m ? Apr\u00e8s un long d\u00e9bat il semble bien que le col de Sarenne ait \u00e9chou\u00e9 \u00e0 l\u2019examen de passage dans la cat\u00e9gorie des plus de 2000 m. Il manque un m\u00e8tre (et monter son v\u00e9lo d&rsquo;un m\u00e8tre comme sur la photo ne [&hellip;]","og_url":"https:\/\/centcols.org\/es\/el-paso-de-sarenne\/","og_site_name":"Club des Cent Cols","article_publisher":"https:\/\/www.facebook.com\/groups\/5261880558\/?locale=fr_FR","article_published_time":"2023-07-28T13:57:54+00:00","article_modified_time":"2025-10-20T18:09:58+00:00","og_image":[{"width":1200,"height":800,"url":"https:\/\/centcols.org\/wp-content\/uploads\/2025\/05\/Col_de_Sarenne_090918.jpg","type":"image\/jpeg"}],"author":"Webmestre","twitter_card":"summary_large_image","twitter_misc":{"Escrito por":"Webmestre","Tiempo de lectura":"12 minutos"},"schema":{"@context":"https:\/\/schema.org","@graph":[{"@type":"Article","@id":"https:\/\/centcols.org\/le-col-de-sarenne\/#article","isPartOf":{"@id":"https:\/\/centcols.org\/le-col-de-sarenne\/"},"author":{"name":"Webmestre","@id":"https:\/\/centcols.org\/#\/schema\/person\/911b404fb133d8c913dd27cdcf71c8e5"},"headline":"Le col de Sarenne","datePublished":"2023-07-28T13:57:54+00:00","dateModified":"2025-10-20T18:09:58+00:00","mainEntityOfPage":{"@id":"https:\/\/centcols.org\/le-col-de-sarenne\/"},"wordCount":1911,"publisher":{"@id":"https:\/\/centcols.org\/#organization"},"image":{"@id":"https:\/\/centcols.org\/le-col-de-sarenne\/#primaryimage"},"thumbnailUrl":"https:\/\/centcols.org\/wp-content\/uploads\/2025\/05\/Col_de_Sarenne_090918.jpg","articleSection":["Cols en vrac"],"inLanguage":"es"},{"@type":"WebPage","@id":"https:\/\/centcols.org\/le-col-de-sarenne\/","url":"https:\/\/centcols.org\/le-col-de-sarenne\/","name":"El puerto de Sarenne - Club des Cent Cols","isPartOf":{"@id":"https:\/\/centcols.org\/#website"},"primaryImageOfPage":{"@id":"https:\/\/centcols.org\/le-col-de-sarenne\/#primaryimage"},"image":{"@id":"https:\/\/centcols.org\/le-col-de-sarenne\/#primaryimage"},"thumbnailUrl":"https:\/\/centcols.org\/wp-content\/uploads\/2025\/05\/Col_de_Sarenne_090918.jpg","datePublished":"2023-07-28T13:57:54+00:00","dateModified":"2025-10-20T18:09:58+00:00","breadcrumb":{"@id":"https:\/\/centcols.org\/le-col-de-sarenne\/#breadcrumb"},"inLanguage":"es","potentialAction":[{"@type":"ReadAction","target":["https:\/\/centcols.org\/le-col-de-sarenne\/"]}]},{"@type":"ImageObject","inLanguage":"es","@id":"https:\/\/centcols.org\/le-col-de-sarenne\/#primaryimage","url":"https:\/\/centcols.org\/wp-content\/uploads\/2025\/05\/Col_de_Sarenne_090918.jpg","contentUrl":"https:\/\/centcols.org\/wp-content\/uploads\/2025\/05\/Col_de_Sarenne_090918.jpg","width":1200,"height":800},{"@type":"BreadcrumbList","@id":"https:\/\/centcols.org\/le-col-de-sarenne\/#breadcrumb","itemListElement":[{"@type":"ListItem","position":1,"name":"Accueil","item":"https:\/\/centcols.org\/"},{"@type":"ListItem","position":2,"name":"Cols en vrac","item":"https:\/\/centcols.org\/rubrique\/cols-en-vrac\/"},{"@type":"ListItem","position":3,"name":"Le col de Sarenne"}]},{"@type":"WebSite","@id":"https:\/\/centcols.org\/#website","url":"https:\/\/centcols.org\/","name":"Club des Cent Cols","description":"","publisher":{"@id":"https:\/\/centcols.org\/#organization"},"potentialAction":[{"@type":"SearchAction","target":{"@type":"EntryPoint","urlTemplate":"https:\/\/centcols.org\/?s={search_term_string}"},"query-input":{"@type":"PropertyValueSpecification","valueRequired":true,"valueName":"search_term_string"}}],"inLanguage":"es"},{"@type":"Organization","@id":"https:\/\/centcols.org\/#organization","name":"Club des Cent Cols","url":"https:\/\/centcols.org\/","logo":{"@type":"ImageObject","inLanguage":"es","@id":"https:\/\/centcols.org\/#\/schema\/logo\/image\/","url":"https:\/\/centcols.org\/wp-content\/uploads\/2025\/01\/carte-icone.png","contentUrl":"https:\/\/centcols.org\/wp-content\/uploads\/2025\/01\/carte-icone.png","width":250,"height":250,"caption":"Club des Cent Cols"},"image":{"@id":"https:\/\/centcols.org\/#\/schema\/logo\/image\/"},"sameAs":["https:\/\/www.facebook.com\/groups\/5261880558\/?locale=fr_FR"]},{"@type":"Person","@id":"https:\/\/centcols.org\/#\/schema\/person\/911b404fb133d8c913dd27cdcf71c8e5","name":"Webmaster","image":{"@type":"ImageObject","inLanguage":"es","@id":"https:\/\/centcols.org\/wp-content\/litespeed\/avatar\/2d246e4b6b4f773e08515e1ffc53690b.jpg?ver=1777222892","url":"https:\/\/centcols.org\/wp-content\/litespeed\/avatar\/2d246e4b6b4f773e08515e1ffc53690b.jpg?ver=1777222892","contentUrl":"https:\/\/centcols.org\/wp-content\/litespeed\/avatar\/2d246e4b6b4f773e08515e1ffc53690b.jpg?ver=1777222892","caption":"Webmestre"},"url":"https:\/\/centcols.org\/es\/author\/webmestre\/"}]}},"_links":{"self":[{"href":"https:\/\/centcols.org\/es\/wp-json\/wp\/v2\/posts\/82521","targetHints":{"allow":["GET"]}}],"collection":[{"href":"https:\/\/centcols.org\/es\/wp-json\/wp\/v2\/posts"}],"about":[{"href":"https:\/\/centcols.org\/es\/wp-json\/wp\/v2\/types\/post"}],"author":[{"embeddable":true,"href":"https:\/\/centcols.org\/es\/wp-json\/wp\/v2\/users\/3"}],"replies":[{"embeddable":true,"href":"https:\/\/centcols.org\/es\/wp-json\/wp\/v2\/comments?post=82521"}],"version-history":[{"count":0,"href":"https:\/\/centcols.org\/es\/wp-json\/wp\/v2\/posts\/82521\/revisions"}],"wp:featuredmedia":[{"embeddable":true,"href":"https:\/\/centcols.org\/es\/wp-json\/wp\/v2\/media\/82522"}],"wp:attachment":[{"href":"https:\/\/centcols.org\/es\/wp-json\/wp\/v2\/media?parent=82521"}],"wp:term":[{"taxonomy":"category","embeddable":true,"href":"https:\/\/centcols.org\/es\/wp-json\/wp\/v2\/categories?post=82521"},{"taxonomy":"post_tag","embeddable":true,"href":"https:\/\/centcols.org\/es\/wp-json\/wp\/v2\/tags?post=82521"}],"curies":[{"name":"wp","href":"https:\/\/api.w.org\/{rel}","templated":true}]}}