{"id":82534,"date":"2023-08-06T07:30:29","date_gmt":"2023-08-06T05:30:29","guid":{"rendered":"https:\/\/centcols.org\/le-col-du-telegraphe\/"},"modified":"2026-01-31T19:03:49","modified_gmt":"2026-01-31T17:03:49","slug":"le-col-du-telegraphe","status":"publish","type":"post","link":"https:\/\/centcols.org\/es\/le-col-du-telegraphe\/","title":{"rendered":"El paso telegr\u00e1fico"},"content":{"rendered":"<div class=\"wp-block-image\">\n<figure class=\"aligncenter size-full is-resized\"><img loading=\"lazy\" decoding=\"async\" width=\"1200\" height=\"900\" src=\"https:\/\/centcols.org\/wp-content\/uploads\/2023\/08\/telegraphe01.jpg\" alt=\"\" class=\"wp-image-83285\" style=\"width:800px\" srcset=\"https:\/\/centcols.org\/wp-content\/uploads\/2023\/08\/telegraphe01.jpg 1200w, https:\/\/centcols.org\/wp-content\/uploads\/2023\/08\/telegraphe01-768x576.jpg 768w, https:\/\/centcols.org\/wp-content\/uploads\/2023\/08\/telegraphe01-16x12.jpg 16w\" sizes=\"auto, (max-width: 1200px) 100vw, 1200px\" \/><\/figure>\n<\/div>\n\n\n<h2 class=\"wp-block-heading\">Toponimia<\/h2>\n\n\n\n<p class=\"has-medium-font-size\">El Paso del Tel\u00e9grafo (<a href=\"https:\/\/centcols.org\/es\/util\/geo\/visu.php\/?code=FR-73-1566\" target=\"_blank\" rel=\"noopener\" title=\"\">FR-73-1566<\/a>) debe su nombre a una torre de la <a href=\"https:\/\/fr.wikipedia.org\/wiki\/T%C3%A9l%C3%A9graphe_Chappe\" target=\"_blank\" rel=\"noopener\" title=\"\">Chappe tel\u00e9grafo<\/a>, construido en 1807 al borde del acantilado. El sitio&nbsp;<a href=\"https:\/\/fr.wikipedia.org\/wiki\/Fort_du_T%C3%A9l%C3%A9graphe\" target=\"_blank\" rel=\"noopener\" title=\"\">Fuerte del Tel\u00e9grafo<\/a>&nbsp;cerca del paso aprovech\u00f3 al m\u00e1ximo su posici\u00f3n estrat\u00e9gica sobre el valle de Maurienne.<\/p>\n\n\n\n<h2 class=\"wp-block-heading\">Situaci\u00f3n geogr\u00e1fica<\/h2>\n\n\n\n<h3 class=\"wp-block-heading\">Macizo<\/h3>\n\n\n\n<p class=\"has-medium-font-size\">El Col du T\u00e9l\u00e9graphe est\u00e1 situado en el<strong>&nbsp;<a href=\"https:\/\/fr.wikipedia.org\/wiki\/Massif_des_Cerces\" target=\"_blank\" rel=\"noreferrer noopener\">Macizo de Cerces<\/a>,<\/strong><\/p>\n\n\n\n<h3 class=\"wp-block-heading\">Geolog\u00eda<\/h3>\n\n\n\n<p class=\"has-medium-font-size\">La carretera del Col du T\u00e9l\u00e9graphe, nada m\u00e1s salir de St-Michel-de-Maurienne, est\u00e1 dominada al oeste por la barra rocosa del Pas du Roc. La parte baja de este macizo calc\u00e1reo est\u00e1 atravesada por el r\u00edo Arc, que ha excavado el desfiladero del Pas du Roc.  A continuaci\u00f3n, el macizo se eleva abruptamente hasta el Fuerte y el Collado del Tel\u00e9grafo. <\/p>\n\n\n\n<p class=\"has-medium-font-size\">Nada m\u00e1s cruzar el puerto, la vista se sumerge en el valle de Valloirette. De hecho, el torrente cav\u00f3 su lecho en la parte c\u00f3ncava del plegamiento del relieve bajo la acci\u00f3n de empujes tect\u00f3nicos, el sinclinal, mientras que el Fuerte y el puerto se encuentran en la parte convexa del mismo plegamiento, el anticlinal oriental. <\/p>\n\n\n\n<p class=\"has-medium-font-size\">El Col d'Albanne (<a href=\"https:\/\/centcols.org\/es\/util\/geo\/visu.php\/?code=FR-73-1652\" target=\"_blank\" rel=\"noopener\" title=\"\">FR-73-1652<\/a>) se encuentra en el anticlinal occidental.<\/p>\n\n\n<div class=\"wp-block-image\">\n<figure class=\"aligncenter size-full is-resized\"><img loading=\"lazy\" decoding=\"async\" width=\"818\" height=\"695\" src=\"https:\/\/centcols.org\/wp-content\/uploads\/2023\/08\/photo21.png\" alt=\"\" class=\"wp-image-89756\" style=\"width:800px\" srcset=\"https:\/\/centcols.org\/wp-content\/uploads\/2023\/08\/photo21.png 818w, https:\/\/centcols.org\/wp-content\/uploads\/2023\/08\/photo21-768x653.png 768w, https:\/\/centcols.org\/wp-content\/uploads\/2023\/08\/photo21-14x12.png 14w\" sizes=\"auto, (max-width: 818px) 100vw, 818px\" \/><figcaption class=\"wp-element-caption\"><strong>El plegado descrito =&gt; Extracto de Openrunner y Open Street Map<\/strong><\/figcaption><\/figure>\n<\/div>\n\n\n<h3 class=\"wp-block-heading\">Hidrograf\u00eda<\/h3>\n\n\n\n<p class=\"has-medium-font-size\">&nbsp;El puerto est\u00e1 situado en un LPE entre afluentes del Arco, incluido el Valloirette al oeste, y torrentes afluentes del Ruisseau des Seignes al este.<\/p>\n\n\n\n<h3 class=\"wp-block-heading\">Acceso y paso vecinal<\/h3>\n\n\n\n<p class=\"has-medium-font-size\">La D902 une Saint-Michel de Maurienne (al norte, 11,8 km - alt. 730 m) con Valloire (al sur, 4,8 km - alt. 1430 m) por el Col du T\u00e9l\u00e9graphe.<\/p>\n\n\n<div class=\"wp-block-image\">\n<figure class=\"aligncenter size-full is-resized\"><img loading=\"lazy\" decoding=\"async\" width=\"795\" height=\"528\" src=\"https:\/\/centcols.org\/wp-content\/uploads\/2023\/08\/photo31.png\" alt=\"\" class=\"wp-image-89757\" style=\"width:800px\" srcset=\"https:\/\/centcols.org\/wp-content\/uploads\/2023\/08\/photo31.png 795w, https:\/\/centcols.org\/wp-content\/uploads\/2023\/08\/photo31-768x510.png 768w, https:\/\/centcols.org\/wp-content\/uploads\/2023\/08\/photo31-18x12.png 18w\" sizes=\"auto, (max-width: 795px) 100vw, 795px\" \/><\/figure>\n<\/div>\n\n\n<div class=\"wp-block-columns is-layout-flex wp-container-core-columns-is-layout-9d6595d7 wp-block-columns-is-layout-flex\">\n<div class=\"wp-block-column is-layout-flow wp-block-column-is-layout-flow\" style=\"flex-basis:50%\">\n<p class=\"has-medium-font-size\">En el descenso hacia Valloire, la D902 pasa por la aldea de Le Col (<a title=\"\" href=\"https:\/\/centcols.org\/es\/util\/geo\/visu.php\/?code=FR-73-1522\" target=\"_blank\" rel=\"noopener\">FR-73-1522<\/a>), es un pase de flanco que figura en el cat\u00e1logo del Club des Cent Cols.<\/p>\n\n\n\n<p class=\"has-medium-font-size\">&nbsp;Se encuentra en una cuenca entre afluentes del Valloirette.<\/p>\n<\/div>\n\n\n\n<div class=\"wp-block-column is-layout-flow wp-block-column-is-layout-flow\" style=\"flex-basis:50%\">\n<figure class=\"wp-block-image size-full\"><img loading=\"lazy\" decoding=\"async\" width=\"400\" height=\"225\" src=\"https:\/\/centcols.org\/wp-content\/uploads\/2023\/08\/Photo4-11.jpg\" alt=\"\" class=\"wp-image-89758\" srcset=\"https:\/\/centcols.org\/wp-content\/uploads\/2023\/08\/Photo4-11.jpg 400w, https:\/\/centcols.org\/wp-content\/uploads\/2023\/08\/Photo4-11-18x10.jpg 18w\" sizes=\"auto, (max-width: 400px) 100vw, 400px\" \/><figcaption class=\"wp-element-caption\">El Col - Foto Guy Garcin<\/figcaption><\/figure>\n<\/div>\n<\/div>\n\n\n\n<h2 class=\"wp-block-heading\">Modificaci\u00f3n del acceso<\/h2>\n\n\n\n<p class=\"has-medium-font-size\">Durante las BRA de 1936 a 1942 (las BRA se celebraban todos los a\u00f1os), la ruta atravesaba un t\u00fanel que empezaba unos 500 m antes del cruce actual (en el lado de Valloire) y sal\u00eda en curva cerca de la casa cantonal que a\u00fan se conserva en el lado del valle del Arc. Este t\u00fanel fue destruido por los alemanes en 1944.&nbsp;<em>(la ORA no tuvo lugar en 1943 y 1944)<\/em>. Se ha abierto una carretera sobre el paso actual. Los derrumbes y la vegetaci\u00f3n han bloqueado por completo la entrada a este t\u00fanel aguas arriba y aguas abajo, y no se ve ni el m\u00e1s m\u00ednimo rastro de \u00e9l...<\/p>\n\n\n\n<h2 class=\"wp-block-heading\">Qu\u00e9 ver - turismo\u00a0<\/h2>\n\n\n\n<p class=\"has-medium-font-size\">1 km al norte del puerto, Le&nbsp;<strong>Fuerte del Tel\u00e9grafo<\/strong>, (raramente llamado&nbsp;<strong>Fuerte Berwick<\/strong>), se encuentra a 1.620 metros de altitud. Domina el valle de la Maurienne 900 metros.<\/p>\n\n\n\n<p class=\"has-medium-font-size\">Originalmente fue el emplazamiento de una estaci\u00f3n de ferrocarril.&nbsp;<a href=\"https:\/\/fr.wikipedia.org\/wiki\/T%C3%A9l%C3%A9graphe\">telegraf\u00eda<\/a>&nbsp;<a href=\"https:\/\/fr.wikipedia.org\/wiki\/Tour_de_Chappe\">Chappe<\/a>&nbsp;(telegraf\u00eda \u00f3ptica con brazos articulados), situado en la l\u00ednea de Lyon a Mil\u00e1n (luego Venecia en 1809). <\/p>\n\n\n\n<p class=\"has-medium-font-size\">El fuerte se construy\u00f3 entre 1886 y 1890 y pertenece al&nbsp;<a href=\"https:\/\/fr.wikipedia.org\/wiki\/Syst%C3%A8me_S%C3%A9r%C3%A9_de_Rivi%C3%A8res\">Sistema S\u00e9r\u00e9 de Rivi\u00e8res<\/a>.<\/p>\n\n\n<div class=\"wp-block-image\">\n<figure class=\"aligncenter size-full is-resized\"><img loading=\"lazy\" decoding=\"async\" width=\"1024\" height=\"683\" src=\"https:\/\/centcols.org\/wp-content\/uploads\/2023\/08\/Photo61.jpg\" alt=\"\" class=\"wp-image-89759\" style=\"width:800px\" srcset=\"https:\/\/centcols.org\/wp-content\/uploads\/2023\/08\/Photo61.jpg 1024w, https:\/\/centcols.org\/wp-content\/uploads\/2023\/08\/Photo61-768x512.jpg 768w, https:\/\/centcols.org\/wp-content\/uploads\/2023\/08\/Photo61-18x12.jpg 18w\" sizes=\"auto, (max-width: 1024px) 100vw, 1024px\" \/><\/figure>\n<\/div>\n\n\n<p class=\"has-medium-font-size\">El fuerte est\u00e1 abierto a los visitantes todos los veranos, de julio a agosto,&nbsp;<\/p>\n\n\n\n<div class=\"wp-block-columns is-layout-flex wp-container-core-columns-is-layout-9d6595d7 wp-block-columns-is-layout-flex\">\n<div class=\"wp-block-column is-layout-flow wp-block-column-is-layout-flow\" style=\"flex-basis:50%\"><\/div>\n\n\n\n<div class=\"wp-block-column is-layout-flow wp-block-column-is-layout-flow\" style=\"flex-basis:50%\"><\/div>\n<\/div>\n\n\n\n<h2 class=\"wp-block-heading\">Ciclismo y cicloturismo<\/h2>\n\n\n\n<p class=\"has-medium-font-size\">Las distintas pruebas pasan por el Col du T\u00e9l\u00e9graphe ... cuando pasan por el <a href=\"https:\/\/centcols.org\/es\/el-paso-del-galibier\/\" target=\"_blank\" rel=\"noopener\" title=\"\">Paso del Galibier<\/a>. <\/p>\n\n\n<div class=\"wp-block-image\">\n<figure class=\"aligncenter size-full is-resized\"><img loading=\"lazy\" decoding=\"async\" width=\"1024\" height=\"768\" src=\"https:\/\/centcols.org\/wp-content\/uploads\/2025\/05\/photo5-1.jpg\" alt=\"\" class=\"wp-image-82537\" style=\"width:800px\" srcset=\"https:\/\/centcols.org\/wp-content\/uploads\/2025\/05\/photo5-1.jpg 1024w, https:\/\/centcols.org\/wp-content\/uploads\/2025\/05\/photo5-1-768x576.jpg 768w\" sizes=\"auto, (max-width: 1024px) 100vw, 1024px\" \/><figcaption class=\"wp-element-caption\">BRA 2023 : El Club Bourbon-Lancy (Saona y Loira), el m\u00e1s numeroso fuera de Is\u00e8re<br><em>(nota: la estatua de la bicicleta es reciente - no aparece en fotos antiguas ni en internet)<\/em><\/figcaption><\/figure>\n<\/div>\n\n\n<h3 class=\"wp-block-heading\">Perfil<\/h3>\n\n\n\n<p class=\"has-medium-font-size\">Por el lado de Maurienne (11,8 km, D+: 856 m): algunos pasos a m\u00e1s de 10 % (en rojo).<\/p>\n\n\n<div class=\"wp-block-image is-resized\">\n<figure class=\"aligncenter size-full\"><img loading=\"lazy\" decoding=\"async\" width=\"450\" height=\"281\" src=\"https:\/\/centcols.org\/wp-content\/uploads\/2025\/05\/Photo9.png\" alt=\"\" class=\"wp-image-82535\"\/><\/figure>\n<\/div>\n\n\n<p class=\"has-medium-font-size\">Y de St-Michel-de-Maurienne a Valloire (Openrunner)<\/p>\n\n\n<div class=\"wp-block-image is-resized\">\n<figure class=\"aligncenter size-full\"><img loading=\"lazy\" decoding=\"async\" width=\"1012\" height=\"409\" src=\"https:\/\/centcols.org\/wp-content\/uploads\/2025\/05\/photo8.jpg\" alt=\"\" class=\"wp-image-82536\" srcset=\"https:\/\/centcols.org\/wp-content\/uploads\/2025\/05\/photo8.jpg 1012w, https:\/\/centcols.org\/wp-content\/uploads\/2025\/05\/photo8-768x310.jpg 768w\" sizes=\"auto, (max-width: 1012px) 100vw, 1012px\" \/><\/figure>\n<\/div>\n\n\n<p><\/p>\n\n\n\n<p class=\"has-text-align-right\"><em><em>Un art\u00edculo de G\u00e9rard Galland<\/em><\/em><br><em>y Bernard Giraudeau (para la secci\u00f3n de geolog\u00eda) <\/em><\/p>","protected":false},"excerpt":{"rendered":"<p>Toponymie Le col du T\u00e9l\u00e9graphe (FR-73-1566) est appel\u00e9 ainsi en raison d\u2019une tour du t\u00e9l\u00e9graphe Chappe, \u00e0 bras articul\u00e9s, construite en&nbsp;1807&nbsp;au bord de la falaise. Le&nbsp;fort du T\u00e9l\u00e9graphe&nbsp;\u00e0 proximit\u00e9 du col profitait pleinement de sa position strat\u00e9gique au-dessus de la vall\u00e9e de la&nbsp;Maurienne. Situation g\u00e9ographique Massif Le col du T\u00e9l\u00e9graphe est situ\u00e9 dans le le&nbsp;massif [&hellip;]<\/p>\n","protected":false},"author":3,"featured_media":83284,"comment_status":"closed","ping_status":"closed","sticky":false,"template":"","format":"standard","meta":{"_acf_changed":false,"footnotes":""},"categories":[308],"tags":[],"class_list":["post-82534","post","type-post","status-publish","format-standard","has-post-thumbnail","hentry","category-cols-en-vrac"],"acf":[],"yoast_head":"<!-- This site is optimized with the Yoast SEO plugin v27.2 - https:\/\/yoast.com\/product\/yoast-seo-wordpress\/ -->\n<title>Le col du T\u00e9l\u00e9graphe - Club des Cent Cols<\/title>\n<meta name=\"robots\" content=\"index, follow, max-snippet:-1, max-image-preview:large, max-video-preview:-1\" \/>\n<link rel=\"canonical\" href=\"https:\/\/centcols.org\/es\/le-col-du-telegraphe\/\" \/>\n<meta property=\"og:locale\" content=\"es_ES\" \/>\n<meta property=\"og:type\" content=\"article\" \/>\n<meta property=\"og:title\" content=\"Le col du T\u00e9l\u00e9graphe - Club des Cent Cols\" \/>\n<meta property=\"og:description\" content=\"Toponymie Le col du T\u00e9l\u00e9graphe (FR-73-1566) est appel\u00e9 ainsi en raison d\u2019une tour du t\u00e9l\u00e9graphe Chappe, \u00e0 bras articul\u00e9s, construite en&nbsp;1807&nbsp;au bord de la falaise. Le&nbsp;fort du T\u00e9l\u00e9graphe&nbsp;\u00e0 proximit\u00e9 du col profitait pleinement de sa position strat\u00e9gique au-dessus de la vall\u00e9e de la&nbsp;Maurienne. Situation g\u00e9ographique Massif Le col du T\u00e9l\u00e9graphe est situ\u00e9 dans le le&nbsp;massif [&hellip;]\" \/>\n<meta property=\"og:url\" content=\"https:\/\/centcols.org\/es\/le-col-du-telegraphe\/\" \/>\n<meta property=\"og:site_name\" content=\"Club des Cent Cols\" \/>\n<meta property=\"article:publisher\" content=\"https:\/\/www.facebook.com\/groups\/5261880558\/?locale=fr_FR\" \/>\n<meta property=\"article:published_time\" content=\"2023-08-06T05:30:29+00:00\" \/>\n<meta property=\"article:modified_time\" content=\"2026-01-31T17:03:49+00:00\" \/>\n<meta property=\"og:image\" content=\"https:\/\/centcols.org\/wp-content\/uploads\/\/2023\/08\/telegraphe02.jpg\" \/>\n\t<meta property=\"og:image:width\" content=\"1200\" \/>\n\t<meta property=\"og:image:height\" content=\"675\" \/>\n\t<meta property=\"og:image:type\" content=\"image\/jpeg\" \/>\n<meta name=\"author\" content=\"Webmestre\" \/>\n<meta name=\"twitter:card\" content=\"summary_large_image\" \/>\n<meta name=\"twitter:label1\" content=\"Escrito por\" \/>\n\t<meta name=\"twitter:data1\" content=\"Webmestre\" \/>\n\t<meta name=\"twitter:label2\" content=\"Tiempo de lectura\" \/>\n\t<meta name=\"twitter:data2\" content=\"5 minutos\" \/>\n<script type=\"application\/ld+json\" class=\"yoast-schema-graph\">{\"@context\":\"https:\/\/schema.org\",\"@graph\":[{\"@type\":\"Article\",\"@id\":\"https:\/\/centcols.org\/le-col-du-telegraphe\/#article\",\"isPartOf\":{\"@id\":\"https:\/\/centcols.org\/le-col-du-telegraphe\/\"},\"author\":{\"name\":\"Webmestre\",\"@id\":\"https:\/\/centcols.org\/#\/schema\/person\/911b404fb133d8c913dd27cdcf71c8e5\"},\"headline\":\"Le col du T\u00e9l\u00e9graphe\",\"datePublished\":\"2023-08-06T05:30:29+00:00\",\"dateModified\":\"2026-01-31T17:03:49+00:00\",\"mainEntityOfPage\":{\"@id\":\"https:\/\/centcols.org\/le-col-du-telegraphe\/\"},\"wordCount\":688,\"publisher\":{\"@id\":\"https:\/\/centcols.org\/#organization\"},\"image\":{\"@id\":\"https:\/\/centcols.org\/le-col-du-telegraphe\/#primaryimage\"},\"thumbnailUrl\":\"https:\/\/centcols.org\/wp-content\/uploads\/\/2023\/08\/telegraphe02.jpg\",\"articleSection\":[\"Cols en vrac\"],\"inLanguage\":\"es\"},{\"@type\":\"WebPage\",\"@id\":\"https:\/\/centcols.org\/le-col-du-telegraphe\/\",\"url\":\"https:\/\/centcols.org\/le-col-du-telegraphe\/\",\"name\":\"Le col du T\u00e9l\u00e9graphe - Club des Cent Cols\",\"isPartOf\":{\"@id\":\"https:\/\/centcols.org\/#website\"},\"primaryImageOfPage\":{\"@id\":\"https:\/\/centcols.org\/le-col-du-telegraphe\/#primaryimage\"},\"image\":{\"@id\":\"https:\/\/centcols.org\/le-col-du-telegraphe\/#primaryimage\"},\"thumbnailUrl\":\"https:\/\/centcols.org\/wp-content\/uploads\/\/2023\/08\/telegraphe02.jpg\",\"datePublished\":\"2023-08-06T05:30:29+00:00\",\"dateModified\":\"2026-01-31T17:03:49+00:00\",\"breadcrumb\":{\"@id\":\"https:\/\/centcols.org\/le-col-du-telegraphe\/#breadcrumb\"},\"inLanguage\":\"es\",\"potentialAction\":[{\"@type\":\"ReadAction\",\"target\":[\"https:\/\/centcols.org\/le-col-du-telegraphe\/\"]}]},{\"@type\":\"ImageObject\",\"inLanguage\":\"es\",\"@id\":\"https:\/\/centcols.org\/le-col-du-telegraphe\/#primaryimage\",\"url\":\"https:\/\/centcols.org\/wp-content\/uploads\/\/2023\/08\/telegraphe02.jpg\",\"contentUrl\":\"https:\/\/centcols.org\/wp-content\/uploads\/\/2023\/08\/telegraphe02.jpg\",\"width\":1200,\"height\":675},{\"@type\":\"BreadcrumbList\",\"@id\":\"https:\/\/centcols.org\/le-col-du-telegraphe\/#breadcrumb\",\"itemListElement\":[{\"@type\":\"ListItem\",\"position\":1,\"name\":\"Accueil\",\"item\":\"https:\/\/centcols.org\/\"},{\"@type\":\"ListItem\",\"position\":2,\"name\":\"Cols en vrac\",\"item\":\"https:\/\/centcols.org\/rubrique\/cols-en-vrac\/\"},{\"@type\":\"ListItem\",\"position\":3,\"name\":\"Le col du T\u00e9l\u00e9graphe\"}]},{\"@type\":\"WebSite\",\"@id\":\"https:\/\/centcols.org\/#website\",\"url\":\"https:\/\/centcols.org\/\",\"name\":\"Club des Cent Cols\",\"description\":\"\",\"publisher\":{\"@id\":\"https:\/\/centcols.org\/#organization\"},\"potentialAction\":[{\"@type\":\"SearchAction\",\"target\":{\"@type\":\"EntryPoint\",\"urlTemplate\":\"https:\/\/centcols.org\/?s={search_term_string}\"},\"query-input\":{\"@type\":\"PropertyValueSpecification\",\"valueRequired\":true,\"valueName\":\"search_term_string\"}}],\"inLanguage\":\"es\"},{\"@type\":\"Organization\",\"@id\":\"https:\/\/centcols.org\/#organization\",\"name\":\"Club des Cent Cols\",\"url\":\"https:\/\/centcols.org\/\",\"logo\":{\"@type\":\"ImageObject\",\"inLanguage\":\"es\",\"@id\":\"https:\/\/centcols.org\/#\/schema\/logo\/image\/\",\"url\":\"https:\/\/centcols.org\/wp-content\/uploads\/2025\/01\/carte-icone.png\",\"contentUrl\":\"https:\/\/centcols.org\/wp-content\/uploads\/2025\/01\/carte-icone.png\",\"width\":250,\"height\":250,\"caption\":\"Club des Cent Cols\"},\"image\":{\"@id\":\"https:\/\/centcols.org\/#\/schema\/logo\/image\/\"},\"sameAs\":[\"https:\/\/www.facebook.com\/groups\/5261880558\/?locale=fr_FR\"]},{\"@type\":\"Person\",\"@id\":\"https:\/\/centcols.org\/#\/schema\/person\/911b404fb133d8c913dd27cdcf71c8e5\",\"name\":\"Webmestre\",\"image\":{\"@type\":\"ImageObject\",\"inLanguage\":\"es\",\"@id\":\"https:\/\/centcols.org\/wp-content\/litespeed\/avatar\/2d246e4b6b4f773e08515e1ffc53690b.jpg?ver=1777222892\",\"url\":\"https:\/\/centcols.org\/wp-content\/litespeed\/avatar\/2d246e4b6b4f773e08515e1ffc53690b.jpg?ver=1777222892\",\"contentUrl\":\"https:\/\/centcols.org\/wp-content\/litespeed\/avatar\/2d246e4b6b4f773e08515e1ffc53690b.jpg?ver=1777222892\",\"caption\":\"Webmestre\"},\"url\":\"https:\/\/centcols.org\/es\/author\/webmestre\/\"}]}<\/script>\n<!-- \/ Yoast SEO plugin. -->","yoast_head_json":{"title":"El paso telegr\u00e1fico - Club des Cent Cols","robots":{"index":"index","follow":"follow","max-snippet":"max-snippet:-1","max-image-preview":"max-image-preview:large","max-video-preview":"max-video-preview:-1"},"canonical":"https:\/\/centcols.org\/es\/le-col-du-telegraphe\/","og_locale":"es_ES","og_type":"article","og_title":"Le col du T\u00e9l\u00e9graphe - Club des Cent Cols","og_description":"Toponymie Le col du T\u00e9l\u00e9graphe (FR-73-1566) est appel\u00e9 ainsi en raison d\u2019une tour du t\u00e9l\u00e9graphe Chappe, \u00e0 bras articul\u00e9s, construite en&nbsp;1807&nbsp;au bord de la falaise. Le&nbsp;fort du T\u00e9l\u00e9graphe&nbsp;\u00e0 proximit\u00e9 du col profitait pleinement de sa position strat\u00e9gique au-dessus de la vall\u00e9e de la&nbsp;Maurienne. Situation g\u00e9ographique Massif Le col du T\u00e9l\u00e9graphe est situ\u00e9 dans le le&nbsp;massif [&hellip;]","og_url":"https:\/\/centcols.org\/es\/le-col-du-telegraphe\/","og_site_name":"Club des Cent Cols","article_publisher":"https:\/\/www.facebook.com\/groups\/5261880558\/?locale=fr_FR","article_published_time":"2023-08-06T05:30:29+00:00","article_modified_time":"2026-01-31T17:03:49+00:00","og_image":[{"width":1200,"height":675,"url":"https:\/\/centcols.org\/wp-content\/uploads\/\/2023\/08\/telegraphe02.jpg","type":"image\/jpeg"}],"author":"Webmestre","twitter_card":"summary_large_image","twitter_misc":{"Escrito por":"Webmestre","Tiempo de lectura":"5 minutos"},"schema":{"@context":"https:\/\/schema.org","@graph":[{"@type":"Article","@id":"https:\/\/centcols.org\/le-col-du-telegraphe\/#article","isPartOf":{"@id":"https:\/\/centcols.org\/le-col-du-telegraphe\/"},"author":{"name":"Webmestre","@id":"https:\/\/centcols.org\/#\/schema\/person\/911b404fb133d8c913dd27cdcf71c8e5"},"headline":"Le col du T\u00e9l\u00e9graphe","datePublished":"2023-08-06T05:30:29+00:00","dateModified":"2026-01-31T17:03:49+00:00","mainEntityOfPage":{"@id":"https:\/\/centcols.org\/le-col-du-telegraphe\/"},"wordCount":688,"publisher":{"@id":"https:\/\/centcols.org\/#organization"},"image":{"@id":"https:\/\/centcols.org\/le-col-du-telegraphe\/#primaryimage"},"thumbnailUrl":"https:\/\/centcols.org\/wp-content\/uploads\/\/2023\/08\/telegraphe02.jpg","articleSection":["Cols en vrac"],"inLanguage":"es"},{"@type":"WebPage","@id":"https:\/\/centcols.org\/le-col-du-telegraphe\/","url":"https:\/\/centcols.org\/le-col-du-telegraphe\/","name":"El paso telegr\u00e1fico - Club des Cent Cols","isPartOf":{"@id":"https:\/\/centcols.org\/#website"},"primaryImageOfPage":{"@id":"https:\/\/centcols.org\/le-col-du-telegraphe\/#primaryimage"},"image":{"@id":"https:\/\/centcols.org\/le-col-du-telegraphe\/#primaryimage"},"thumbnailUrl":"https:\/\/centcols.org\/wp-content\/uploads\/\/2023\/08\/telegraphe02.jpg","datePublished":"2023-08-06T05:30:29+00:00","dateModified":"2026-01-31T17:03:49+00:00","breadcrumb":{"@id":"https:\/\/centcols.org\/le-col-du-telegraphe\/#breadcrumb"},"inLanguage":"es","potentialAction":[{"@type":"ReadAction","target":["https:\/\/centcols.org\/le-col-du-telegraphe\/"]}]},{"@type":"ImageObject","inLanguage":"es","@id":"https:\/\/centcols.org\/le-col-du-telegraphe\/#primaryimage","url":"https:\/\/centcols.org\/wp-content\/uploads\/\/2023\/08\/telegraphe02.jpg","contentUrl":"https:\/\/centcols.org\/wp-content\/uploads\/\/2023\/08\/telegraphe02.jpg","width":1200,"height":675},{"@type":"BreadcrumbList","@id":"https:\/\/centcols.org\/le-col-du-telegraphe\/#breadcrumb","itemListElement":[{"@type":"ListItem","position":1,"name":"Accueil","item":"https:\/\/centcols.org\/"},{"@type":"ListItem","position":2,"name":"Cols en vrac","item":"https:\/\/centcols.org\/rubrique\/cols-en-vrac\/"},{"@type":"ListItem","position":3,"name":"Le col du T\u00e9l\u00e9graphe"}]},{"@type":"WebSite","@id":"https:\/\/centcols.org\/#website","url":"https:\/\/centcols.org\/","name":"Club des Cent Cols","description":"","publisher":{"@id":"https:\/\/centcols.org\/#organization"},"potentialAction":[{"@type":"SearchAction","target":{"@type":"EntryPoint","urlTemplate":"https:\/\/centcols.org\/?s={search_term_string}"},"query-input":{"@type":"PropertyValueSpecification","valueRequired":true,"valueName":"search_term_string"}}],"inLanguage":"es"},{"@type":"Organization","@id":"https:\/\/centcols.org\/#organization","name":"Club des Cent Cols","url":"https:\/\/centcols.org\/","logo":{"@type":"ImageObject","inLanguage":"es","@id":"https:\/\/centcols.org\/#\/schema\/logo\/image\/","url":"https:\/\/centcols.org\/wp-content\/uploads\/2025\/01\/carte-icone.png","contentUrl":"https:\/\/centcols.org\/wp-content\/uploads\/2025\/01\/carte-icone.png","width":250,"height":250,"caption":"Club des Cent Cols"},"image":{"@id":"https:\/\/centcols.org\/#\/schema\/logo\/image\/"},"sameAs":["https:\/\/www.facebook.com\/groups\/5261880558\/?locale=fr_FR"]},{"@type":"Person","@id":"https:\/\/centcols.org\/#\/schema\/person\/911b404fb133d8c913dd27cdcf71c8e5","name":"Webmaster","image":{"@type":"ImageObject","inLanguage":"es","@id":"https:\/\/centcols.org\/wp-content\/litespeed\/avatar\/2d246e4b6b4f773e08515e1ffc53690b.jpg?ver=1777222892","url":"https:\/\/centcols.org\/wp-content\/litespeed\/avatar\/2d246e4b6b4f773e08515e1ffc53690b.jpg?ver=1777222892","contentUrl":"https:\/\/centcols.org\/wp-content\/litespeed\/avatar\/2d246e4b6b4f773e08515e1ffc53690b.jpg?ver=1777222892","caption":"Webmestre"},"url":"https:\/\/centcols.org\/es\/author\/webmestre\/"}]}},"_links":{"self":[{"href":"https:\/\/centcols.org\/es\/wp-json\/wp\/v2\/posts\/82534","targetHints":{"allow":["GET"]}}],"collection":[{"href":"https:\/\/centcols.org\/es\/wp-json\/wp\/v2\/posts"}],"about":[{"href":"https:\/\/centcols.org\/es\/wp-json\/wp\/v2\/types\/post"}],"author":[{"embeddable":true,"href":"https:\/\/centcols.org\/es\/wp-json\/wp\/v2\/users\/3"}],"replies":[{"embeddable":true,"href":"https:\/\/centcols.org\/es\/wp-json\/wp\/v2\/comments?post=82534"}],"version-history":[{"count":0,"href":"https:\/\/centcols.org\/es\/wp-json\/wp\/v2\/posts\/82534\/revisions"}],"wp:featuredmedia":[{"embeddable":true,"href":"https:\/\/centcols.org\/es\/wp-json\/wp\/v2\/media\/83284"}],"wp:attachment":[{"href":"https:\/\/centcols.org\/es\/wp-json\/wp\/v2\/media?parent=82534"}],"wp:term":[{"taxonomy":"category","embeddable":true,"href":"https:\/\/centcols.org\/es\/wp-json\/wp\/v2\/categories?post=82534"},{"taxonomy":"post_tag","embeddable":true,"href":"https:\/\/centcols.org\/es\/wp-json\/wp\/v2\/tags?post=82534"}],"curies":[{"name":"wp","href":"https:\/\/api.w.org\/{rel}","templated":true}]}}