{"id":82539,"date":"2023-08-20T12:49:03","date_gmt":"2023-08-20T10:49:03","guid":{"rendered":"https:\/\/centcols.org\/le-col-du-mollard\/"},"modified":"2026-01-16T10:29:20","modified_gmt":"2026-01-16T08:29:20","slug":"el-col-du-mollard","status":"publish","type":"post","link":"https:\/\/centcols.org\/es\/le-col-du-mollard\/","title":{"rendered":"El Col du Mollard"},"content":{"rendered":"<h2 class=\"wp-block-heading\">Toponimia<\/h2>\n\n\n\n<p class=\"has-medium-font-size\">El Col du Mollard <a href=\"https:\/\/centcols.org\/es\/util\/geo\/visu.php\/?code=FR-73-1638\" target=\"_blank\" rel=\"noopener\" title=\"\">FR-73-1638<\/a> tiene un top\u00f3nimo que aparece regularmente en los Alpes<\/p>\n\n\n<div class=\"wp-block-image is-resized\">\n<figure class=\"aligncenter size-full\"><img loading=\"lazy\" decoding=\"async\" width=\"1200\" height=\"900\" src=\"https:\/\/centcols.org\/wp-content\/uploads\/2023\/08\/BRA-1200x9001-1.jpg\" alt=\"\" class=\"wp-image-89736\" style=\"width:800px\" srcset=\"https:\/\/centcols.org\/wp-content\/uploads\/2023\/08\/BRA-1200x9001-1.jpg 1200w, https:\/\/centcols.org\/wp-content\/uploads\/2023\/08\/BRA-1200x9001-1-768x576.jpg 768w, https:\/\/centcols.org\/wp-content\/uploads\/2023\/08\/BRA-1200x9001-1-16x12.jpg 16w\" sizes=\"auto, (max-width: 1200px) 100vw, 1200px\" \/><\/figure>\n<\/div>\n\n\n<p class=\"has-medium-font-size\"> El nombre de&nbsp;<em>Mollard<\/em>, en el antiguo&nbsp;<em>molar<\/em>&nbsp;o&nbsp;<em>molard<\/em>, Se encuentra regularmente en los Alpes.<\/p>\n\n\n\n<p class=\"has-medium-font-size\">El top\u00f3nimo procede del lat\u00edn&nbsp;<em>molarum<\/em>&nbsp;que designa una aldea situada \u00aben un mamel\u00f3n -cima redondeada de una colina\/monta\u00f1a- o en una peque\u00f1a meseta\u00bb.<\/p>\n\n\n\n<p class=\"has-medium-font-size\"><em>Atenci\u00f3n: hay dos cols du Mollard en Savoie : (<\/em><em><u><a href=\"https:\/\/centcols.org\/es\/util\/geo\/visu.php\/?code=FR-73-1320b\">FR-73-1320b<\/a><\/u><\/em><em>), clasificado R1, est\u00e1 situado al norte del macizo de Chartreuse (en el GR9).<\/em><\/p>\n\n\n\n<h2 class=\"wp-block-heading\">Situaci\u00f3n geogr\u00e1fica<\/h2>\n\n\n\n<h3 class=\"wp-block-heading\">Macizo<\/h3>\n\n\n\n<p class=\"has-medium-font-size\">El Col du Mollard est\u00e1 situado en el <strong>Macizo de Arves<\/strong><\/p>\n\n\n<div class=\"wp-block-image is-resized\">\n<figure class=\"aligncenter size-full\"><img loading=\"lazy\" decoding=\"async\" width=\"1200\" height=\"327\" src=\"https:\/\/centcols.org\/wp-content\/uploads\/2023\/08\/Arves-1200x3271-1.jpg\" alt=\"\" class=\"wp-image-89737\" srcset=\"https:\/\/centcols.org\/wp-content\/uploads\/2023\/08\/Arves-1200x3271-1.jpg 1200w, https:\/\/centcols.org\/wp-content\/uploads\/2023\/08\/Arves-1200x3271-1-768x209.jpg 768w, https:\/\/centcols.org\/wp-content\/uploads\/2023\/08\/Arves-1200x3271-1-18x5.jpg 18w\" sizes=\"auto, (max-width: 1200px) 100vw, 1200px\" \/><figcaption class=\"wp-element-caption\">Vista de las Aiguilles d'Arves desde el Col du Mollard (foto alpes4ever)<\/figcaption><\/figure>\n<\/div>\n\n\n<h3 class=\"wp-block-heading\">Geolog\u00eda<\/h3>\n\n\n\n<p class=\"has-medium-font-size\">El Col du Mollard se encuentra en el borde de la meseta de Albiez, que se inclina aproximadamente de sur a norte. Ofrece una amplia llanura poco habitual en estos parajes. Tiene su origen en una combe excavada en estratos horizontales de marga no plegados. El glaciar de Aiguilles d'Arves ensanch\u00f3 esta combe en su descenso hacia el norte y luego la rellen\u00f3 con aluviones glaciares. <\/p>\n\n\n<div class=\"wp-block-image\">\n<figure class=\"aligncenter size-full\"><img loading=\"lazy\" decoding=\"async\" width=\"680\" height=\"448\" src=\"https:\/\/centcols.org\/wp-content\/uploads\/2023\/08\/Massif1.jpg\" alt=\"\" class=\"wp-image-89738\" srcset=\"https:\/\/centcols.org\/wp-content\/uploads\/2023\/08\/Massif1.jpg 680w, https:\/\/centcols.org\/wp-content\/uploads\/2023\/08\/Massif1-18x12.jpg 18w\" sizes=\"auto, (max-width: 680px) 100vw, 680px\" \/><\/figure>\n<\/div>\n\n\n<p class=\"has-medium-font-size\">Al oeste, Mont Charvin llama la atenci\u00f3n con la vasta brecha de Combe G\u00e9nin excavada en las capas de yeso, que revela una grada de puntas afiladas de cargneule, una caliza mucho m\u00e1s dif\u00edcil de erosionar. &nbsp;<\/p>\n\n\n<div class=\"wp-block-image\">\n<figure class=\"aligncenter size-full\"><img loading=\"lazy\" decoding=\"async\" width=\"420\" height=\"281\" src=\"https:\/\/centcols.org\/wp-content\/uploads\/2023\/08\/pointes1.jpg\" alt=\"\" class=\"wp-image-89739\" srcset=\"https:\/\/centcols.org\/wp-content\/uploads\/2023\/08\/pointes1.jpg 420w, https:\/\/centcols.org\/wp-content\/uploads\/2023\/08\/pointes1-18x12.jpg 18w\" sizes=\"auto, (max-width: 420px) 100vw, 420px\" \/><figcaption class=\"wp-element-caption\">2 fotos de www.geol-alp.com<\/figcaption><\/figure>\n<\/div>\n\n\n<h3 class=\"wp-block-heading\">Hidrograf\u00eda<\/h3>\n\n\n\n<p class=\"has-medium-font-size\">Al norte, entre Albiez le Vieux y Albiez le Jeune, fluye el torrente del Merderel.<\/p>\n\n\n\n<p class=\"has-medium-font-size\">Al sur, el agua fluye hacia el Rieu Gilbert.<\/p>\n\n\n\n<p class=\"has-medium-font-size\">Estos 2 torrentes son afluentes del Arvan (afluente del Arc).<\/p>\n\n\n\n<h3 class=\"wp-block-heading\">Situaci\u00f3n administrativa<\/h3>\n\n\n\n<p class=\"has-medium-font-size\">El Col du Mollard se encuentra en el municipio de Albiez-Montrond (Saboya),<\/p>\n\n\n\n<h3 class=\"wp-block-heading\">Accesos y pasos vecinales<\/h3>\n\n\n<div class=\"wp-block-image is-resized\">\n<figure class=\"aligncenter size-full\"><img loading=\"lazy\" decoding=\"async\" width=\"997\" height=\"756\" src=\"https:\/\/centcols.org\/wp-content\/uploads\/2023\/08\/carte1.png\" alt=\"\" class=\"wp-image-89741\" style=\"width:800px\" srcset=\"https:\/\/centcols.org\/wp-content\/uploads\/2023\/08\/carte1.png 997w, https:\/\/centcols.org\/wp-content\/uploads\/2023\/08\/carte1-768x582.png 768w, https:\/\/centcols.org\/wp-content\/uploads\/2023\/08\/carte1-16x12.png 16w\" sizes=\"auto, (max-width: 997px) 100vw, 997px\" \/><\/figure>\n<\/div>\n\n\n<p class=\"has-medium-font-size\"><strong>Al sur<\/strong> la D80 se une a la ruta de la Croix de Fer - D526 (Saint Jean de Maurienne - Saint Sorlin d'Arves) en el puente de Belleville (1228 m).<\/p>\n\n\n\n<p class=\"has-medium-font-size\"><strong>Al norte<\/strong> la D80, pasa Albiez-le-Vieux, y despu\u00e9s de Albiez-le-Jeune toma las curvas de Villargondran para unirse a la Maurienne.<\/p>\n\n\n\n<p class=\"has-medium-font-size\">Despu\u00e9s de Albiez-le-Vieux, la D110 conduce al valle de Arvan y a Saint Jean de Maurienne por G\u00e9voudaz. Esta carretera fue utilizada por primera vez por el BRA en 1979, en sentido ascendente (St Jean de Maurienne - G\u00e9voudaz -Albiez).<\/p>\n\n\n\n<p class=\"has-medium-font-size\">Esta ruta pasa por dos puertos que figuran en el cat\u00e1logo del Club des Cent Cols:<br><strong>La Cochette<\/strong>&nbsp;(<strong><u><a href=\"http:\/\/centcols.org\/es\/util\/geo\/visuFR.php\/?code=FR-73-1355\" target=\"_blank\" rel=\"noopener\" title=\"\">FR-73-1355<\/a>)<\/u><\/strong>&nbsp; y&nbsp; &nbsp;<strong>Le Collet<\/strong>&nbsp;<strong><u>(<a href=\"http:\/\/centcols.org\/es\/util\/geo\/visuFR.php\/?code=FR-73-1150\" target=\"_blank\" rel=\"noopener\" title=\"\">FR-73-1150<\/a>)<br><\/u><\/strong><em>Para los \u00abpuristas\u00bb, tenga en cuenta que, aunque figura en la D110 en el cat\u00e1logo de la CCC, La Cochette se encuentra ligeramente al norte de la D110, en el centro de la aldea del mismo nombre (v\u00e9ase CCWay - Google Earth).<\/em><\/p>\n\n\n<div class=\"wp-block-image\">\n<figure class=\"aligncenter size-full is-resized\"><img loading=\"lazy\" decoding=\"async\" width=\"1017\" height=\"557\" src=\"https:\/\/centcols.org\/wp-content\/uploads\/2023\/08\/carte21.png\" alt=\"\" class=\"wp-image-89742\" style=\"width:800px\" srcset=\"https:\/\/centcols.org\/wp-content\/uploads\/2023\/08\/carte21.png 1017w, https:\/\/centcols.org\/wp-content\/uploads\/2023\/08\/carte21-768x421.png 768w, https:\/\/centcols.org\/wp-content\/uploads\/2023\/08\/carte21-18x10.png 18w\" sizes=\"auto, (max-width: 1017px) 100vw, 1017px\" \/><\/figure>\n<\/div>\n\n\n<div class=\"wp-block-columns are-vertically-aligned-center is-layout-flex wp-container-core-columns-is-layout-9d6595d7 wp-block-columns-is-layout-flex\">\n<div class=\"wp-block-column is-vertically-aligned-center is-layout-flow wp-block-column-is-layout-flow\"><\/div>\n\n\n\n<div class=\"wp-block-column is-vertically-aligned-center is-layout-flow wp-block-column-is-layout-flow\"><\/div>\n<\/div>\n\n\n\n<h2 class=\"wp-block-heading\">Visitas - turismo - historia<\/h2>\n\n\n\n<ul class=\"wp-block-list\">\n<li>A <strong>Albiez-Montrond<\/strong> (Chemin de l'Adret, le Mollard) : Ecomus\u00e9e le temps d'Antan.<\/li>\n\n\n\n<li>El cuchillo Opinel fue inventado por Joseph Opinel (1872-1960) en 1890, cuando ten\u00eda 18 a\u00f1os, en <strong>Gevoudaz,<\/strong> aldea de Albiez-le-Vieux.<\/li>\n<\/ul>\n\n\n\n<h2 class=\"wp-block-heading\">Ciclismo y cicloturismo<\/h2>\n\n\n\n<h3 class=\"wp-block-heading\">Tour de Francia&nbsp;<\/h3>\n\n\n\n<p class=\"has-medium-font-size\">El Col du Mollard fue atravesado por primera vez por los corredores del Tour de Francia durante la 16\u00aa edici\u00f3n de la carrera.<sup>e<\/sup>&nbsp;etapa de la edici\u00f3n de 2006.&nbsp;<\/p>\n\n\n\n<h3 class=\"wp-block-heading\">BRA<\/h3>\n\n\n\n<p class=\"has-medium-font-size\">Este puerto fue escalado por los participantes en la BRA por primera vez en 1979 en la direcci\u00f3n Maurienne - Col du Mollard.<\/p>\n\n\n\n<p class=\"has-medium-font-size\">Era una opci\u00f3n en 2017, no estaba en el programa de 2019 y estaba en todas las opciones en 2023 (despu\u00e9s de la Croix de Fer, del Pont de Belleville).<\/p>\n\n\n\n<h3 class=\"wp-block-heading\">Perfil<\/h3>\n\n\n\n<p class=\"has-medium-font-size\">Hay muchos perfiles en Internet. <a href=\"https:\/\/www.cols-cyclisme.com\/arves-et-grandes-rousses\/france\/col-du-mollard-depuis-saint-jean-de-maurienne-c2212.htm\" target=\"_blank\" rel=\"noopener\" title=\"\">Seg\u00fan Cols-Cyclisme.com<\/a> :<\/p>\n\n\n<div class=\"wp-block-image\">\n<figure class=\"aligncenter size-full is-resized\"><img loading=\"lazy\" decoding=\"async\" width=\"901\" height=\"539\" src=\"https:\/\/centcols.org\/wp-content\/uploads\/2023\/08\/profil3-11.png\" alt=\"\" class=\"wp-image-89743\" style=\"width:800px\" srcset=\"https:\/\/centcols.org\/wp-content\/uploads\/2023\/08\/profil3-11.png 901w, https:\/\/centcols.org\/wp-content\/uploads\/2023\/08\/profil3-11-768x459.png 768w, https:\/\/centcols.org\/wp-content\/uploads\/2023\/08\/profil3-11-18x12.png 18w\" sizes=\"auto, (max-width: 901px) 100vw, 901px\" \/><figcaption class=\"wp-element-caption\">Desde el Puente de Belleville (6 km, D+ 413 m)<\/figcaption><\/figure>\n<\/div>\n\n<div class=\"wp-block-image\">\n<figure class=\"aligncenter size-full is-resized\"><img loading=\"lazy\" decoding=\"async\" width=\"1014\" height=\"600\" src=\"https:\/\/centcols.org\/wp-content\/uploads\/2023\/08\/Profil21.png\" alt=\"\" class=\"wp-image-89744\" style=\"width:800px\" srcset=\"https:\/\/centcols.org\/wp-content\/uploads\/2023\/08\/Profil21.png 1014w, https:\/\/centcols.org\/wp-content\/uploads\/2023\/08\/Profil21-768x454.png 768w, https:\/\/centcols.org\/wp-content\/uploads\/2023\/08\/Profil21-18x12.png 18w\" sizes=\"auto, (max-width: 1014px) 100vw, 1014px\" \/><figcaption class=\"wp-element-caption\">Por las curvas de Villardgondran (17 km, D+: 1038 m)<\/figcaption><\/figure>\n<\/div>\n\n<div class=\"wp-block-image\">\n<figure class=\"aligncenter size-full is-resized\"><img loading=\"lazy\" decoding=\"async\" width=\"1200\" height=\"600\" src=\"https:\/\/centcols.org\/wp-content\/uploads\/2023\/08\/Profil1-1200x6001-1.png\" alt=\"\" class=\"wp-image-89745\" style=\"width:800px\" srcset=\"https:\/\/centcols.org\/wp-content\/uploads\/2023\/08\/Profil1-1200x6001-1.png 1200w, https:\/\/centcols.org\/wp-content\/uploads\/2023\/08\/Profil1-1200x6001-1-768x384.png 768w, https:\/\/centcols.org\/wp-content\/uploads\/2023\/08\/Profil1-1200x6001-1-18x9.png 18w\" sizes=\"auto, (max-width: 1200px) 100vw, 1200px\" \/><figcaption class=\"wp-element-caption\">Desde la Maurienne por Le Collet y la Cochette (16,9 km, D+: 1038 m)<\/figcaption><\/figure>\n<\/div>\n\n\n<p class=\"has-text-align-right\"><em><em>Un art\u00edculo de G\u00e9rard Galland <\/em><\/em><br><em><em>con contribuciones de Jules Arnaud y <\/em><\/em><br><em><em>Bernard Giraudeau (para la secci\u00f3n de geolog\u00eda)<\/em><\/em><\/p>","protected":false},"excerpt":{"rendered":"<p>Toponymie Le col du Mollard FR-73-1638 a un toponyme qui se rencontre r\u00e9guli\u00e8rement dans les Alpes Le nom de&nbsp;Mollard, dans \u00e9crit anciennement&nbsp;molar&nbsp;ou&nbsp;molard, se rencontre r\u00e9guli\u00e8rement dans les Alpes. Le&nbsp;toponyme&nbsp;provient du latin&nbsp;molarum&nbsp;qui d\u00e9signe un hameau install\u00e9 \u00ab&nbsp;sur un mamelon \u2014&nbsp;un sommet arrondi d&rsquo;une colline\/montagne&nbsp;\u2014 ou un petit plateau&nbsp;\u00bb. A noter&nbsp;: il y a deux cols du [&hellip;]<\/p>\n","protected":false},"author":3,"featured_media":83279,"comment_status":"closed","ping_status":"open","sticky":false,"template":"","format":"standard","meta":{"_acf_changed":false,"footnotes":""},"categories":[308],"tags":[],"class_list":["post-82539","post","type-post","status-publish","format-standard","has-post-thumbnail","hentry","category-cols-en-vrac"],"acf":[],"yoast_head":"<!-- This site is optimized with the Yoast SEO plugin v27.2 - https:\/\/yoast.com\/product\/yoast-seo-wordpress\/ -->\n<title>Le col du Mollard - Club des Cent Cols<\/title>\n<meta name=\"robots\" content=\"index, follow, max-snippet:-1, max-image-preview:large, max-video-preview:-1\" \/>\n<link rel=\"canonical\" href=\"https:\/\/centcols.org\/es\/el-col-du-mollard\/\" \/>\n<meta property=\"og:locale\" content=\"es_ES\" \/>\n<meta property=\"og:type\" content=\"article\" \/>\n<meta property=\"og:title\" content=\"Le col du Mollard - Club des Cent Cols\" \/>\n<meta property=\"og:description\" content=\"Toponymie Le col du Mollard FR-73-1638 a un toponyme qui se rencontre r\u00e9guli\u00e8rement dans les Alpes Le nom de&nbsp;Mollard, dans \u00e9crit anciennement&nbsp;molar&nbsp;ou&nbsp;molard, se rencontre r\u00e9guli\u00e8rement dans les Alpes. Le&nbsp;toponyme&nbsp;provient du latin&nbsp;molarum&nbsp;qui d\u00e9signe un hameau install\u00e9 \u00ab&nbsp;sur un mamelon \u2014&nbsp;un sommet arrondi d&rsquo;une colline\/montagne&nbsp;\u2014 ou un petit plateau&nbsp;\u00bb. A noter&nbsp;: il y a deux cols du [&hellip;]\" \/>\n<meta property=\"og:url\" content=\"https:\/\/centcols.org\/es\/el-col-du-mollard\/\" \/>\n<meta property=\"og:site_name\" content=\"Club des Cent Cols\" \/>\n<meta property=\"article:publisher\" content=\"https:\/\/www.facebook.com\/groups\/5261880558\/?locale=fr_FR\" \/>\n<meta property=\"article:published_time\" content=\"2023-08-20T10:49:03+00:00\" \/>\n<meta property=\"article:modified_time\" content=\"2026-01-16T08:29:20+00:00\" \/>\n<meta property=\"og:image\" content=\"https:\/\/centcols.org\/wp-content\/uploads\/2023\/08\/mollardjpg.jpg\" \/>\n\t<meta property=\"og:image:width\" content=\"1200\" \/>\n\t<meta property=\"og:image:height\" content=\"675\" \/>\n\t<meta property=\"og:image:type\" content=\"image\/jpeg\" \/>\n<meta name=\"author\" content=\"Webmestre\" \/>\n<meta name=\"twitter:card\" content=\"summary_large_image\" \/>\n<meta name=\"twitter:label1\" content=\"Escrito por\" \/>\n\t<meta name=\"twitter:data1\" content=\"Webmestre\" \/>\n\t<meta name=\"twitter:label2\" content=\"Tiempo de lectura\" \/>\n\t<meta name=\"twitter:data2\" content=\"6 minutos\" \/>\n<script type=\"application\/ld+json\" class=\"yoast-schema-graph\">{\"@context\":\"https:\/\/schema.org\",\"@graph\":[{\"@type\":\"Article\",\"@id\":\"https:\/\/centcols.org\/le-col-du-mollard\/#article\",\"isPartOf\":{\"@id\":\"https:\/\/centcols.org\/le-col-du-mollard\/\"},\"author\":{\"name\":\"Webmestre\",\"@id\":\"https:\/\/centcols.org\/#\/schema\/person\/911b404fb133d8c913dd27cdcf71c8e5\"},\"headline\":\"Le col du Mollard\",\"datePublished\":\"2023-08-20T10:49:03+00:00\",\"dateModified\":\"2026-01-16T08:29:20+00:00\",\"mainEntityOfPage\":{\"@id\":\"https:\/\/centcols.org\/le-col-du-mollard\/\"},\"wordCount\":692,\"publisher\":{\"@id\":\"https:\/\/centcols.org\/#organization\"},\"image\":{\"@id\":\"https:\/\/centcols.org\/le-col-du-mollard\/#primaryimage\"},\"thumbnailUrl\":\"https:\/\/centcols.org\/wp-content\/uploads\/2023\/08\/mollardjpg.jpg\",\"articleSection\":[\"Cols en vrac\"],\"inLanguage\":\"es\"},{\"@type\":\"WebPage\",\"@id\":\"https:\/\/centcols.org\/le-col-du-mollard\/\",\"url\":\"https:\/\/centcols.org\/le-col-du-mollard\/\",\"name\":\"Le col du Mollard - Club des Cent Cols\",\"isPartOf\":{\"@id\":\"https:\/\/centcols.org\/#website\"},\"primaryImageOfPage\":{\"@id\":\"https:\/\/centcols.org\/le-col-du-mollard\/#primaryimage\"},\"image\":{\"@id\":\"https:\/\/centcols.org\/le-col-du-mollard\/#primaryimage\"},\"thumbnailUrl\":\"https:\/\/centcols.org\/wp-content\/uploads\/2023\/08\/mollardjpg.jpg\",\"datePublished\":\"2023-08-20T10:49:03+00:00\",\"dateModified\":\"2026-01-16T08:29:20+00:00\",\"breadcrumb\":{\"@id\":\"https:\/\/centcols.org\/le-col-du-mollard\/#breadcrumb\"},\"inLanguage\":\"es\",\"potentialAction\":[{\"@type\":\"ReadAction\",\"target\":[\"https:\/\/centcols.org\/le-col-du-mollard\/\"]}]},{\"@type\":\"ImageObject\",\"inLanguage\":\"es\",\"@id\":\"https:\/\/centcols.org\/le-col-du-mollard\/#primaryimage\",\"url\":\"https:\/\/centcols.org\/wp-content\/uploads\/2023\/08\/mollardjpg.jpg\",\"contentUrl\":\"https:\/\/centcols.org\/wp-content\/uploads\/2023\/08\/mollardjpg.jpg\",\"width\":1200,\"height\":675},{\"@type\":\"BreadcrumbList\",\"@id\":\"https:\/\/centcols.org\/le-col-du-mollard\/#breadcrumb\",\"itemListElement\":[{\"@type\":\"ListItem\",\"position\":1,\"name\":\"Accueil\",\"item\":\"https:\/\/centcols.org\/\"},{\"@type\":\"ListItem\",\"position\":2,\"name\":\"Cols en vrac\",\"item\":\"https:\/\/centcols.org\/rubrique\/cols-en-vrac\/\"},{\"@type\":\"ListItem\",\"position\":3,\"name\":\"Le col du Mollard\"}]},{\"@type\":\"WebSite\",\"@id\":\"https:\/\/centcols.org\/#website\",\"url\":\"https:\/\/centcols.org\/\",\"name\":\"Club des Cent Cols\",\"description\":\"\",\"publisher\":{\"@id\":\"https:\/\/centcols.org\/#organization\"},\"potentialAction\":[{\"@type\":\"SearchAction\",\"target\":{\"@type\":\"EntryPoint\",\"urlTemplate\":\"https:\/\/centcols.org\/?s={search_term_string}\"},\"query-input\":{\"@type\":\"PropertyValueSpecification\",\"valueRequired\":true,\"valueName\":\"search_term_string\"}}],\"inLanguage\":\"es\"},{\"@type\":\"Organization\",\"@id\":\"https:\/\/centcols.org\/#organization\",\"name\":\"Club des Cent Cols\",\"url\":\"https:\/\/centcols.org\/\",\"logo\":{\"@type\":\"ImageObject\",\"inLanguage\":\"es\",\"@id\":\"https:\/\/centcols.org\/#\/schema\/logo\/image\/\",\"url\":\"https:\/\/centcols.org\/wp-content\/uploads\/2025\/01\/carte-icone.png\",\"contentUrl\":\"https:\/\/centcols.org\/wp-content\/uploads\/2025\/01\/carte-icone.png\",\"width\":250,\"height\":250,\"caption\":\"Club des Cent Cols\"},\"image\":{\"@id\":\"https:\/\/centcols.org\/#\/schema\/logo\/image\/\"},\"sameAs\":[\"https:\/\/www.facebook.com\/groups\/5261880558\/?locale=fr_FR\"]},{\"@type\":\"Person\",\"@id\":\"https:\/\/centcols.org\/#\/schema\/person\/911b404fb133d8c913dd27cdcf71c8e5\",\"name\":\"Webmestre\",\"image\":{\"@type\":\"ImageObject\",\"inLanguage\":\"es\",\"@id\":\"https:\/\/centcols.org\/wp-content\/litespeed\/avatar\/2d246e4b6b4f773e08515e1ffc53690b.jpg?ver=1777222892\",\"url\":\"https:\/\/centcols.org\/wp-content\/litespeed\/avatar\/2d246e4b6b4f773e08515e1ffc53690b.jpg?ver=1777222892\",\"contentUrl\":\"https:\/\/centcols.org\/wp-content\/litespeed\/avatar\/2d246e4b6b4f773e08515e1ffc53690b.jpg?ver=1777222892\",\"caption\":\"Webmestre\"},\"url\":\"https:\/\/centcols.org\/es\/author\/webmestre\/\"}]}<\/script>\n<!-- \/ Yoast SEO plugin. -->","yoast_head_json":{"title":"El Col du Mollard - Club des Cent Cols","robots":{"index":"index","follow":"follow","max-snippet":"max-snippet:-1","max-image-preview":"max-image-preview:large","max-video-preview":"max-video-preview:-1"},"canonical":"https:\/\/centcols.org\/es\/el-col-du-mollard\/","og_locale":"es_ES","og_type":"article","og_title":"Le col du Mollard - Club des Cent Cols","og_description":"Toponymie Le col du Mollard FR-73-1638 a un toponyme qui se rencontre r\u00e9guli\u00e8rement dans les Alpes Le nom de&nbsp;Mollard, dans \u00e9crit anciennement&nbsp;molar&nbsp;ou&nbsp;molard, se rencontre r\u00e9guli\u00e8rement dans les Alpes. Le&nbsp;toponyme&nbsp;provient du latin&nbsp;molarum&nbsp;qui d\u00e9signe un hameau install\u00e9 \u00ab&nbsp;sur un mamelon \u2014&nbsp;un sommet arrondi d&rsquo;une colline\/montagne&nbsp;\u2014 ou un petit plateau&nbsp;\u00bb. A noter&nbsp;: il y a deux cols du [&hellip;]","og_url":"https:\/\/centcols.org\/es\/el-col-du-mollard\/","og_site_name":"Club des Cent Cols","article_publisher":"https:\/\/www.facebook.com\/groups\/5261880558\/?locale=fr_FR","article_published_time":"2023-08-20T10:49:03+00:00","article_modified_time":"2026-01-16T08:29:20+00:00","og_image":[{"width":1200,"height":675,"url":"https:\/\/centcols.org\/wp-content\/uploads\/2023\/08\/mollardjpg.jpg","type":"image\/jpeg"}],"author":"Webmestre","twitter_card":"summary_large_image","twitter_misc":{"Escrito por":"Webmestre","Tiempo de lectura":"6 minutos"},"schema":{"@context":"https:\/\/schema.org","@graph":[{"@type":"Article","@id":"https:\/\/centcols.org\/le-col-du-mollard\/#article","isPartOf":{"@id":"https:\/\/centcols.org\/le-col-du-mollard\/"},"author":{"name":"Webmestre","@id":"https:\/\/centcols.org\/#\/schema\/person\/911b404fb133d8c913dd27cdcf71c8e5"},"headline":"Le col du Mollard","datePublished":"2023-08-20T10:49:03+00:00","dateModified":"2026-01-16T08:29:20+00:00","mainEntityOfPage":{"@id":"https:\/\/centcols.org\/le-col-du-mollard\/"},"wordCount":692,"publisher":{"@id":"https:\/\/centcols.org\/#organization"},"image":{"@id":"https:\/\/centcols.org\/le-col-du-mollard\/#primaryimage"},"thumbnailUrl":"https:\/\/centcols.org\/wp-content\/uploads\/2023\/08\/mollardjpg.jpg","articleSection":["Cols en vrac"],"inLanguage":"es"},{"@type":"WebPage","@id":"https:\/\/centcols.org\/le-col-du-mollard\/","url":"https:\/\/centcols.org\/le-col-du-mollard\/","name":"El Col du Mollard - Club des Cent Cols","isPartOf":{"@id":"https:\/\/centcols.org\/#website"},"primaryImageOfPage":{"@id":"https:\/\/centcols.org\/le-col-du-mollard\/#primaryimage"},"image":{"@id":"https:\/\/centcols.org\/le-col-du-mollard\/#primaryimage"},"thumbnailUrl":"https:\/\/centcols.org\/wp-content\/uploads\/2023\/08\/mollardjpg.jpg","datePublished":"2023-08-20T10:49:03+00:00","dateModified":"2026-01-16T08:29:20+00:00","breadcrumb":{"@id":"https:\/\/centcols.org\/le-col-du-mollard\/#breadcrumb"},"inLanguage":"es","potentialAction":[{"@type":"ReadAction","target":["https:\/\/centcols.org\/le-col-du-mollard\/"]}]},{"@type":"ImageObject","inLanguage":"es","@id":"https:\/\/centcols.org\/le-col-du-mollard\/#primaryimage","url":"https:\/\/centcols.org\/wp-content\/uploads\/2023\/08\/mollardjpg.jpg","contentUrl":"https:\/\/centcols.org\/wp-content\/uploads\/2023\/08\/mollardjpg.jpg","width":1200,"height":675},{"@type":"BreadcrumbList","@id":"https:\/\/centcols.org\/le-col-du-mollard\/#breadcrumb","itemListElement":[{"@type":"ListItem","position":1,"name":"Accueil","item":"https:\/\/centcols.org\/"},{"@type":"ListItem","position":2,"name":"Cols en vrac","item":"https:\/\/centcols.org\/rubrique\/cols-en-vrac\/"},{"@type":"ListItem","position":3,"name":"Le col du Mollard"}]},{"@type":"WebSite","@id":"https:\/\/centcols.org\/#website","url":"https:\/\/centcols.org\/","name":"Club des Cent Cols","description":"","publisher":{"@id":"https:\/\/centcols.org\/#organization"},"potentialAction":[{"@type":"SearchAction","target":{"@type":"EntryPoint","urlTemplate":"https:\/\/centcols.org\/?s={search_term_string}"},"query-input":{"@type":"PropertyValueSpecification","valueRequired":true,"valueName":"search_term_string"}}],"inLanguage":"es"},{"@type":"Organization","@id":"https:\/\/centcols.org\/#organization","name":"Club des Cent Cols","url":"https:\/\/centcols.org\/","logo":{"@type":"ImageObject","inLanguage":"es","@id":"https:\/\/centcols.org\/#\/schema\/logo\/image\/","url":"https:\/\/centcols.org\/wp-content\/uploads\/2025\/01\/carte-icone.png","contentUrl":"https:\/\/centcols.org\/wp-content\/uploads\/2025\/01\/carte-icone.png","width":250,"height":250,"caption":"Club des Cent Cols"},"image":{"@id":"https:\/\/centcols.org\/#\/schema\/logo\/image\/"},"sameAs":["https:\/\/www.facebook.com\/groups\/5261880558\/?locale=fr_FR"]},{"@type":"Person","@id":"https:\/\/centcols.org\/#\/schema\/person\/911b404fb133d8c913dd27cdcf71c8e5","name":"Webmaster","image":{"@type":"ImageObject","inLanguage":"es","@id":"https:\/\/centcols.org\/wp-content\/litespeed\/avatar\/2d246e4b6b4f773e08515e1ffc53690b.jpg?ver=1777222892","url":"https:\/\/centcols.org\/wp-content\/litespeed\/avatar\/2d246e4b6b4f773e08515e1ffc53690b.jpg?ver=1777222892","contentUrl":"https:\/\/centcols.org\/wp-content\/litespeed\/avatar\/2d246e4b6b4f773e08515e1ffc53690b.jpg?ver=1777222892","caption":"Webmestre"},"url":"https:\/\/centcols.org\/es\/author\/webmestre\/"}]}},"_links":{"self":[{"href":"https:\/\/centcols.org\/es\/wp-json\/wp\/v2\/posts\/82539","targetHints":{"allow":["GET"]}}],"collection":[{"href":"https:\/\/centcols.org\/es\/wp-json\/wp\/v2\/posts"}],"about":[{"href":"https:\/\/centcols.org\/es\/wp-json\/wp\/v2\/types\/post"}],"author":[{"embeddable":true,"href":"https:\/\/centcols.org\/es\/wp-json\/wp\/v2\/users\/3"}],"replies":[{"embeddable":true,"href":"https:\/\/centcols.org\/es\/wp-json\/wp\/v2\/comments?post=82539"}],"version-history":[{"count":0,"href":"https:\/\/centcols.org\/es\/wp-json\/wp\/v2\/posts\/82539\/revisions"}],"wp:featuredmedia":[{"embeddable":true,"href":"https:\/\/centcols.org\/es\/wp-json\/wp\/v2\/media\/83279"}],"wp:attachment":[{"href":"https:\/\/centcols.org\/es\/wp-json\/wp\/v2\/media?parent=82539"}],"wp:term":[{"taxonomy":"category","embeddable":true,"href":"https:\/\/centcols.org\/es\/wp-json\/wp\/v2\/categories?post=82539"},{"taxonomy":"post_tag","embeddable":true,"href":"https:\/\/centcols.org\/es\/wp-json\/wp\/v2\/tags?post=82539"}],"curies":[{"name":"wp","href":"https:\/\/api.w.org\/{rel}","templated":true}]}}