{"id":82548,"date":"2023-06-16T09:08:14","date_gmt":"2023-06-16T07:08:14","guid":{"rendered":"https:\/\/centcols.org\/de-bw-foret-noire-wehr\/"},"modified":"2025-09-12T18:39:39","modified_gmt":"2025-09-12T16:39:39","slug":"de-bw-foret-noire-wehr","status":"publish","type":"post","link":"https:\/\/centcols.org\/es\/de-bw-foret-noire-wehr\/","title":{"rendered":"DE-BW Selva Negra Wehr - Carretera 28km, D+640 m, 1 paso"},"content":{"rendered":"<iframe width=\"100%\" height=\"650\" loading=\"lazy\" src=\"https:\/\/www.openrunner.com\/embed\/31393151556e3048624a4262355371596a3345777858464963767738466e664e694a72396e39376f5737673d3a3a94df5a2fa0c4704abed5d45aa9d7c662?unit=metric\" style=\"border: none;\"><\/iframe>\n\n\n\n<h2 class=\"wp-block-heading\">Descripci\u00f3n del autor<\/h2>\n\n\n\n<p><strong>Autor:&nbsp;<\/strong>Jean-Luc Ceccato<\/p>\n\n\n\n<p><strong>Curso&nbsp;<\/strong>en 2022<\/p>\n\n\n\n<p><strong>Salida&nbsp;<\/strong>Aparcamiento en la confluencia de las calles Frankenmatt y Toodtmoserstrasse, en la periferia norte de Wehr. Altura: 370 m<\/p>\n\n\n\n<h2 class=\"wp-block-heading\">Descripci\u00f3n tur\u00edstica<\/h2>\n\n\n\n<p>Esta ruta recorre la parte m\u00e1s meridional de la Selva Negra. El Rin est\u00e1 en el punto de mira.<\/p>\n\n\n\n<p>La ruta se ve realzada por las vistas de los Alpes suizos.<\/p>\n\n\n\n<p>1 cuello<\/p>\n\n\n\n<p>1 huevo&nbsp;<a href=\"https:\/\/centcols.org\/es\/backup\/util\/geo\/visuGen.php\/?code=DE-BW-0668\">DE-BW-0668<\/a><\/p>\n\n\n\n<h2 class=\"wp-block-heading\">Descripci\u00f3n t\u00e9cnica<\/h2>\n\n\n\n<p>La ruta desciende primero y sube despu\u00e9s para alcanzar el puerto casi en la cima de la pista. Se trata del puerto m\u00e1s meridional de la Foret Noire. Todo el recorrido transcurre por carreteras asfaltadas.<\/p>\n\n\n\n<p>Como en la mayor\u00eda de las rutas de la Selva Negra, a menudo hay que superar pendientes bastante pronunciadas.<\/p>\n\n\n\n<p>Enlace Openrunner, mapa interactivo, perfil, track gpx&nbsp;<a href=\"https:\/\/www.openrunner.com\/route-details\/16570748\">https:\/\/www.openrunner.com\/route-details\/16570748<\/a><\/p>\n\n\n\n<p>Palabras clave: Selva Negra, Wehr, Baden, Bad-S\u00e4ckingen, centcols<\/p>\n\n\n\n<p class=\"has-medium-font-size\">Este itinerario se ofrece a t\u00edtulo indicativo. El autor declina toda responsabilidad, as\u00ed como la del Club des Cent Cols, por imponderables causados por el propio ciclista, el equipo utilizado o cualquier cosa relacionada con la carretera, su entorno u otros usuarios de la v\u00eda.<\/p>\n\n\n\n<p class=\"has-medium-font-size\"><strong>Enlace<\/strong> <strong><strong>Openrunner, mapa interactivo, perfil, track gpx<\/strong><\/strong> <a href=\"https:\/\/www.openrunner.com\/route-details\/16554368\" target=\"_blank\" rel=\"noopener\" title=\"\">https:\/\/www.openrunner.com\/route-details\/16570748<\/a><\/p>\n\n\n\n<p class=\"has-medium-font-size\"><strong>Palabras clave<\/strong>Selva Negra, Wehr, Baden, Bad-S\u00e4ckingen, centcols<\/p>\n\n\n\n<p class=\"has-medium-font-size\">Este itinerario se ofrece a t\u00edtulo indicativo. El autor declina toda responsabilidad, as\u00ed como la del Club des Cent Cols, por imponderables causados por el propio ciclista, el equipo utilizado o cualquier cosa relacionada con la carretera, su entorno u otros usuarios de la v\u00eda.<\/p>\n\n\n\n<h2 class=\"wp-block-heading\">Foto<\/h2>\n\n\n<div class=\"wp-block-image\">\n<figure class=\"aligncenter size-full is-resized\"><img loading=\"lazy\" decoding=\"async\" width=\"1000\" height=\"549\" src=\"https:\/\/centcols.org\/wp-content\/uploads\/2023\/06\/2OYY3i5ptkuFScvnlyh8VtmOWjO1.jpg\" alt=\"\" class=\"wp-image-82897\" style=\"width:800px\" srcset=\"https:\/\/centcols.org\/wp-content\/uploads\/2023\/06\/2OYY3i5ptkuFScvnlyh8VtmOWjO1.jpg 1000w, https:\/\/centcols.org\/wp-content\/uploads\/2023\/06\/2OYY3i5ptkuFScvnlyh8VtmOWjO1-768x422.jpg 768w\" sizes=\"auto, (max-width: 1000px) 100vw, 1000px\" \/><figcaption class=\"wp-element-caption\"><strong>Vista de los Alpes suizos<\/strong><\/figcaption><\/figure>\n<\/div>","protected":false},"excerpt":{"rendered":"<p>Description de l&rsquo;auteur Auteur :&nbsp;Jean-Luc Ceccato Parcours&nbsp;effectu\u00e9 en 2022 D\u00e9part&nbsp;: parking au carrefour de la Frankenmatt et de la Toodtmoserstrasse \u00e0 la sortie nord de Wehr. Alt: 370 m Description Touristique Ce circuit est trac\u00e9 dans la partie extr\u00eame sud de la For\u00eat Noire. Le Rhin est en point de mire. Quelques points de vue [&hellip;]<\/p>\n","protected":false},"author":3,"featured_media":82897,"comment_status":"open","ping_status":"open","sticky":false,"template":"","format":"standard","meta":{"_acf_changed":false,"footnotes":""},"categories":[318,302,323,220],"tags":[],"class_list":["post-82548","post","type-post","status-publish","format-standard","has-post-thumbnail","hentry","category-route-type-parcours","category-parcours-allemagne","category-foret-noire-massif-parcours-membres","category-parcours-membres"],"acf":[],"yoast_head":"<!-- This site is optimized with the Yoast SEO plugin v27.2 - https:\/\/yoast.com\/product\/yoast-seo-wordpress\/ -->\n<title>DE-BW For\u00eat Noire Wehr - Route 28km, D+640 m, 1 col - Club des Cent Cols<\/title>\n<meta name=\"robots\" content=\"index, follow, max-snippet:-1, max-image-preview:large, max-video-preview:-1\" \/>\n<link rel=\"canonical\" href=\"https:\/\/centcols.org\/es\/de-bw-foret-noire-wehr\/\" \/>\n<meta property=\"og:locale\" content=\"es_ES\" \/>\n<meta property=\"og:type\" content=\"article\" \/>\n<meta property=\"og:title\" content=\"DE-BW For\u00eat Noire Wehr - Route 28km, D+640 m, 1 col - Club des Cent Cols\" \/>\n<meta property=\"og:description\" content=\"Description de l&rsquo;auteur Auteur :&nbsp;Jean-Luc Ceccato Parcours&nbsp;effectu\u00e9 en 2022 D\u00e9part&nbsp;: parking au carrefour de la Frankenmatt et de la Toodtmoserstrasse \u00e0 la sortie nord de Wehr. Alt: 370 m Description Touristique Ce circuit est trac\u00e9 dans la partie extr\u00eame sud de la For\u00eat Noire. Le Rhin est en point de mire. Quelques points de vue [&hellip;]\" \/>\n<meta property=\"og:url\" content=\"https:\/\/centcols.org\/es\/de-bw-foret-noire-wehr\/\" \/>\n<meta property=\"og:site_name\" content=\"Club des Cent Cols\" \/>\n<meta property=\"article:publisher\" content=\"https:\/\/www.facebook.com\/groups\/5261880558\/?locale=fr_FR\" \/>\n<meta property=\"article:published_time\" content=\"2023-06-16T07:08:14+00:00\" \/>\n<meta property=\"article:modified_time\" content=\"2025-09-12T16:39:39+00:00\" \/>\n<meta property=\"og:image\" content=\"https:\/\/centcols.org\/wp-content\/uploads\/2023\/06\/2OYY3i5ptkuFScvnlyh8VtmOWjO1.jpg\" \/>\n\t<meta property=\"og:image:width\" content=\"1000\" \/>\n\t<meta property=\"og:image:height\" content=\"549\" \/>\n\t<meta property=\"og:image:type\" content=\"image\/jpeg\" \/>\n<meta name=\"author\" content=\"Webmestre\" \/>\n<meta name=\"twitter:card\" content=\"summary_large_image\" \/>\n<meta name=\"twitter:label1\" content=\"Escrito por\" \/>\n\t<meta name=\"twitter:data1\" content=\"Webmestre\" \/>\n\t<meta name=\"twitter:label2\" content=\"Tiempo de lectura\" \/>\n\t<meta name=\"twitter:data2\" content=\"2 minutos\" \/>\n<script type=\"application\/ld+json\" class=\"yoast-schema-graph\">{\"@context\":\"https:\/\/schema.org\",\"@graph\":[{\"@type\":\"Article\",\"@id\":\"https:\/\/centcols.org\/de-bw-foret-noire-wehr\/#article\",\"isPartOf\":{\"@id\":\"https:\/\/centcols.org\/de-bw-foret-noire-wehr\/\"},\"author\":{\"name\":\"Webmestre\",\"@id\":\"https:\/\/centcols.org\/#\/schema\/person\/911b404fb133d8c913dd27cdcf71c8e5\"},\"headline\":\"DE-BW For\u00eat Noire Wehr &#8211; Route 28km, D+640 m, 1 col\",\"datePublished\":\"2023-06-16T07:08:14+00:00\",\"dateModified\":\"2025-09-12T16:39:39+00:00\",\"mainEntityOfPage\":{\"@id\":\"https:\/\/centcols.org\/de-bw-foret-noire-wehr\/\"},\"wordCount\":295,\"commentCount\":0,\"publisher\":{\"@id\":\"https:\/\/centcols.org\/#organization\"},\"image\":{\"@id\":\"https:\/\/centcols.org\/de-bw-foret-noire-wehr\/#primaryimage\"},\"thumbnailUrl\":\"https:\/\/centcols.org\/wp-content\/uploads\/2023\/06\/2OYY3i5ptkuFScvnlyh8VtmOWjO1.jpg\",\"articleSection\":[\"Route\",\"Parcours Allemagne\",\"For\u00eat-Noire\",\"Parcours membres\"],\"inLanguage\":\"es\",\"potentialAction\":[{\"@type\":\"CommentAction\",\"name\":\"Comment\",\"target\":[\"https:\/\/centcols.org\/de-bw-foret-noire-wehr\/#respond\"]}]},{\"@type\":\"WebPage\",\"@id\":\"https:\/\/centcols.org\/de-bw-foret-noire-wehr\/\",\"url\":\"https:\/\/centcols.org\/de-bw-foret-noire-wehr\/\",\"name\":\"DE-BW For\u00eat Noire Wehr - Route 28km, D+640 m, 1 col - Club des Cent Cols\",\"isPartOf\":{\"@id\":\"https:\/\/centcols.org\/#website\"},\"primaryImageOfPage\":{\"@id\":\"https:\/\/centcols.org\/de-bw-foret-noire-wehr\/#primaryimage\"},\"image\":{\"@id\":\"https:\/\/centcols.org\/de-bw-foret-noire-wehr\/#primaryimage\"},\"thumbnailUrl\":\"https:\/\/centcols.org\/wp-content\/uploads\/2023\/06\/2OYY3i5ptkuFScvnlyh8VtmOWjO1.jpg\",\"datePublished\":\"2023-06-16T07:08:14+00:00\",\"dateModified\":\"2025-09-12T16:39:39+00:00\",\"breadcrumb\":{\"@id\":\"https:\/\/centcols.org\/de-bw-foret-noire-wehr\/#breadcrumb\"},\"inLanguage\":\"es\",\"potentialAction\":[{\"@type\":\"ReadAction\",\"target\":[\"https:\/\/centcols.org\/de-bw-foret-noire-wehr\/\"]}]},{\"@type\":\"ImageObject\",\"inLanguage\":\"es\",\"@id\":\"https:\/\/centcols.org\/de-bw-foret-noire-wehr\/#primaryimage\",\"url\":\"https:\/\/centcols.org\/wp-content\/uploads\/2023\/06\/2OYY3i5ptkuFScvnlyh8VtmOWjO1.jpg\",\"contentUrl\":\"https:\/\/centcols.org\/wp-content\/uploads\/2023\/06\/2OYY3i5ptkuFScvnlyh8VtmOWjO1.jpg\",\"width\":1000,\"height\":549},{\"@type\":\"BreadcrumbList\",\"@id\":\"https:\/\/centcols.org\/de-bw-foret-noire-wehr\/#breadcrumb\",\"itemListElement\":[{\"@type\":\"ListItem\",\"position\":1,\"name\":\"Accueil\",\"item\":\"https:\/\/centcols.org\/\"},{\"@type\":\"ListItem\",\"position\":2,\"name\":\"Parcours membres\",\"item\":\"https:\/\/centcols.org\/rubrique\/parcours-membres\/\"},{\"@type\":\"ListItem\",\"position\":3,\"name\":\"Pays\",\"item\":\"https:\/\/centcols.org\/rubrique\/parcours-membres\/pays-parcours-membres\/\"},{\"@type\":\"ListItem\",\"position\":4,\"name\":\"Parcours Allemagne\",\"item\":\"https:\/\/centcols.org\/rubrique\/parcours-membres\/pays-parcours-membres\/parcours-allemagne\/\"},{\"@type\":\"ListItem\",\"position\":5,\"name\":\"DE-BW For\u00eat Noire Wehr &#8211; Route 28km, D+640 m, 1 col\"}]},{\"@type\":\"WebSite\",\"@id\":\"https:\/\/centcols.org\/#website\",\"url\":\"https:\/\/centcols.org\/\",\"name\":\"Club des Cent Cols\",\"description\":\"\",\"publisher\":{\"@id\":\"https:\/\/centcols.org\/#organization\"},\"potentialAction\":[{\"@type\":\"SearchAction\",\"target\":{\"@type\":\"EntryPoint\",\"urlTemplate\":\"https:\/\/centcols.org\/?s={search_term_string}\"},\"query-input\":{\"@type\":\"PropertyValueSpecification\",\"valueRequired\":true,\"valueName\":\"search_term_string\"}}],\"inLanguage\":\"es\"},{\"@type\":\"Organization\",\"@id\":\"https:\/\/centcols.org\/#organization\",\"name\":\"Club des Cent Cols\",\"url\":\"https:\/\/centcols.org\/\",\"logo\":{\"@type\":\"ImageObject\",\"inLanguage\":\"es\",\"@id\":\"https:\/\/centcols.org\/#\/schema\/logo\/image\/\",\"url\":\"https:\/\/centcols.org\/wp-content\/uploads\/2025\/01\/carte-icone.png\",\"contentUrl\":\"https:\/\/centcols.org\/wp-content\/uploads\/2025\/01\/carte-icone.png\",\"width\":250,\"height\":250,\"caption\":\"Club des Cent Cols\"},\"image\":{\"@id\":\"https:\/\/centcols.org\/#\/schema\/logo\/image\/\"},\"sameAs\":[\"https:\/\/www.facebook.com\/groups\/5261880558\/?locale=fr_FR\"]},{\"@type\":\"Person\",\"@id\":\"https:\/\/centcols.org\/#\/schema\/person\/911b404fb133d8c913dd27cdcf71c8e5\",\"name\":\"Webmestre\",\"image\":{\"@type\":\"ImageObject\",\"inLanguage\":\"es\",\"@id\":\"https:\/\/centcols.org\/wp-content\/litespeed\/avatar\/2d246e4b6b4f773e08515e1ffc53690b.jpg?ver=1777222892\",\"url\":\"https:\/\/centcols.org\/wp-content\/litespeed\/avatar\/2d246e4b6b4f773e08515e1ffc53690b.jpg?ver=1777222892\",\"contentUrl\":\"https:\/\/centcols.org\/wp-content\/litespeed\/avatar\/2d246e4b6b4f773e08515e1ffc53690b.jpg?ver=1777222892\",\"caption\":\"Webmestre\"},\"url\":\"https:\/\/centcols.org\/es\/author\/webmestre\/\"}]}<\/script>\n<!-- \/ Yoast SEO plugin. -->","yoast_head_json":{"title":"DE-BW Selva Negra Wehr - Carretera 28km, D+640 m, 1 paso - Club des Cent Cols","robots":{"index":"index","follow":"follow","max-snippet":"max-snippet:-1","max-image-preview":"max-image-preview:large","max-video-preview":"max-video-preview:-1"},"canonical":"https:\/\/centcols.org\/es\/de-bw-foret-noire-wehr\/","og_locale":"es_ES","og_type":"article","og_title":"DE-BW For\u00eat Noire Wehr - Route 28km, D+640 m, 1 col - Club des Cent Cols","og_description":"Description de l&rsquo;auteur Auteur :&nbsp;Jean-Luc Ceccato Parcours&nbsp;effectu\u00e9 en 2022 D\u00e9part&nbsp;: parking au carrefour de la Frankenmatt et de la Toodtmoserstrasse \u00e0 la sortie nord de Wehr. Alt: 370 m Description Touristique Ce circuit est trac\u00e9 dans la partie extr\u00eame sud de la For\u00eat Noire. Le Rhin est en point de mire. Quelques points de vue [&hellip;]","og_url":"https:\/\/centcols.org\/es\/de-bw-foret-noire-wehr\/","og_site_name":"Club des Cent Cols","article_publisher":"https:\/\/www.facebook.com\/groups\/5261880558\/?locale=fr_FR","article_published_time":"2023-06-16T07:08:14+00:00","article_modified_time":"2025-09-12T16:39:39+00:00","og_image":[{"width":1000,"height":549,"url":"https:\/\/centcols.org\/wp-content\/uploads\/2023\/06\/2OYY3i5ptkuFScvnlyh8VtmOWjO1.jpg","type":"image\/jpeg"}],"author":"Webmestre","twitter_card":"summary_large_image","twitter_misc":{"Escrito por":"Webmestre","Tiempo de lectura":"2 minutos"},"schema":{"@context":"https:\/\/schema.org","@graph":[{"@type":"Article","@id":"https:\/\/centcols.org\/de-bw-foret-noire-wehr\/#article","isPartOf":{"@id":"https:\/\/centcols.org\/de-bw-foret-noire-wehr\/"},"author":{"name":"Webmestre","@id":"https:\/\/centcols.org\/#\/schema\/person\/911b404fb133d8c913dd27cdcf71c8e5"},"headline":"DE-BW For\u00eat Noire Wehr &#8211; Route 28km, D+640 m, 1 col","datePublished":"2023-06-16T07:08:14+00:00","dateModified":"2025-09-12T16:39:39+00:00","mainEntityOfPage":{"@id":"https:\/\/centcols.org\/de-bw-foret-noire-wehr\/"},"wordCount":295,"commentCount":0,"publisher":{"@id":"https:\/\/centcols.org\/#organization"},"image":{"@id":"https:\/\/centcols.org\/de-bw-foret-noire-wehr\/#primaryimage"},"thumbnailUrl":"https:\/\/centcols.org\/wp-content\/uploads\/2023\/06\/2OYY3i5ptkuFScvnlyh8VtmOWjO1.jpg","articleSection":["Route","Parcours Allemagne","For\u00eat-Noire","Parcours membres"],"inLanguage":"es","potentialAction":[{"@type":"CommentAction","name":"Comment","target":["https:\/\/centcols.org\/de-bw-foret-noire-wehr\/#respond"]}]},{"@type":"WebPage","@id":"https:\/\/centcols.org\/de-bw-foret-noire-wehr\/","url":"https:\/\/centcols.org\/de-bw-foret-noire-wehr\/","name":"DE-BW Selva Negra Wehr - Carretera 28km, D+640 m, 1 paso - Club des Cent Cols","isPartOf":{"@id":"https:\/\/centcols.org\/#website"},"primaryImageOfPage":{"@id":"https:\/\/centcols.org\/de-bw-foret-noire-wehr\/#primaryimage"},"image":{"@id":"https:\/\/centcols.org\/de-bw-foret-noire-wehr\/#primaryimage"},"thumbnailUrl":"https:\/\/centcols.org\/wp-content\/uploads\/2023\/06\/2OYY3i5ptkuFScvnlyh8VtmOWjO1.jpg","datePublished":"2023-06-16T07:08:14+00:00","dateModified":"2025-09-12T16:39:39+00:00","breadcrumb":{"@id":"https:\/\/centcols.org\/de-bw-foret-noire-wehr\/#breadcrumb"},"inLanguage":"es","potentialAction":[{"@type":"ReadAction","target":["https:\/\/centcols.org\/de-bw-foret-noire-wehr\/"]}]},{"@type":"ImageObject","inLanguage":"es","@id":"https:\/\/centcols.org\/de-bw-foret-noire-wehr\/#primaryimage","url":"https:\/\/centcols.org\/wp-content\/uploads\/2023\/06\/2OYY3i5ptkuFScvnlyh8VtmOWjO1.jpg","contentUrl":"https:\/\/centcols.org\/wp-content\/uploads\/2023\/06\/2OYY3i5ptkuFScvnlyh8VtmOWjO1.jpg","width":1000,"height":549},{"@type":"BreadcrumbList","@id":"https:\/\/centcols.org\/de-bw-foret-noire-wehr\/#breadcrumb","itemListElement":[{"@type":"ListItem","position":1,"name":"Accueil","item":"https:\/\/centcols.org\/"},{"@type":"ListItem","position":2,"name":"Parcours membres","item":"https:\/\/centcols.org\/rubrique\/parcours-membres\/"},{"@type":"ListItem","position":3,"name":"Pays","item":"https:\/\/centcols.org\/rubrique\/parcours-membres\/pays-parcours-membres\/"},{"@type":"ListItem","position":4,"name":"Parcours Allemagne","item":"https:\/\/centcols.org\/rubrique\/parcours-membres\/pays-parcours-membres\/parcours-allemagne\/"},{"@type":"ListItem","position":5,"name":"DE-BW For\u00eat Noire Wehr &#8211; Route 28km, D+640 m, 1 col"}]},{"@type":"WebSite","@id":"https:\/\/centcols.org\/#website","url":"https:\/\/centcols.org\/","name":"Club des Cent Cols","description":"","publisher":{"@id":"https:\/\/centcols.org\/#organization"},"potentialAction":[{"@type":"SearchAction","target":{"@type":"EntryPoint","urlTemplate":"https:\/\/centcols.org\/?s={search_term_string}"},"query-input":{"@type":"PropertyValueSpecification","valueRequired":true,"valueName":"search_term_string"}}],"inLanguage":"es"},{"@type":"Organization","@id":"https:\/\/centcols.org\/#organization","name":"Club des Cent Cols","url":"https:\/\/centcols.org\/","logo":{"@type":"ImageObject","inLanguage":"es","@id":"https:\/\/centcols.org\/#\/schema\/logo\/image\/","url":"https:\/\/centcols.org\/wp-content\/uploads\/2025\/01\/carte-icone.png","contentUrl":"https:\/\/centcols.org\/wp-content\/uploads\/2025\/01\/carte-icone.png","width":250,"height":250,"caption":"Club des Cent Cols"},"image":{"@id":"https:\/\/centcols.org\/#\/schema\/logo\/image\/"},"sameAs":["https:\/\/www.facebook.com\/groups\/5261880558\/?locale=fr_FR"]},{"@type":"Person","@id":"https:\/\/centcols.org\/#\/schema\/person\/911b404fb133d8c913dd27cdcf71c8e5","name":"Webmaster","image":{"@type":"ImageObject","inLanguage":"es","@id":"https:\/\/centcols.org\/wp-content\/litespeed\/avatar\/2d246e4b6b4f773e08515e1ffc53690b.jpg?ver=1777222892","url":"https:\/\/centcols.org\/wp-content\/litespeed\/avatar\/2d246e4b6b4f773e08515e1ffc53690b.jpg?ver=1777222892","contentUrl":"https:\/\/centcols.org\/wp-content\/litespeed\/avatar\/2d246e4b6b4f773e08515e1ffc53690b.jpg?ver=1777222892","caption":"Webmestre"},"url":"https:\/\/centcols.org\/es\/author\/webmestre\/"}]}},"_links":{"self":[{"href":"https:\/\/centcols.org\/es\/wp-json\/wp\/v2\/posts\/82548","targetHints":{"allow":["GET"]}}],"collection":[{"href":"https:\/\/centcols.org\/es\/wp-json\/wp\/v2\/posts"}],"about":[{"href":"https:\/\/centcols.org\/es\/wp-json\/wp\/v2\/types\/post"}],"author":[{"embeddable":true,"href":"https:\/\/centcols.org\/es\/wp-json\/wp\/v2\/users\/3"}],"replies":[{"embeddable":true,"href":"https:\/\/centcols.org\/es\/wp-json\/wp\/v2\/comments?post=82548"}],"version-history":[{"count":0,"href":"https:\/\/centcols.org\/es\/wp-json\/wp\/v2\/posts\/82548\/revisions"}],"wp:featuredmedia":[{"embeddable":true,"href":"https:\/\/centcols.org\/es\/wp-json\/wp\/v2\/media\/82897"}],"wp:attachment":[{"href":"https:\/\/centcols.org\/es\/wp-json\/wp\/v2\/media?parent=82548"}],"wp:term":[{"taxonomy":"category","embeddable":true,"href":"https:\/\/centcols.org\/es\/wp-json\/wp\/v2\/categories?post=82548"},{"taxonomy":"post_tag","embeddable":true,"href":"https:\/\/centcols.org\/es\/wp-json\/wp\/v2\/tags?post=82548"}],"curies":[{"name":"wp","href":"https:\/\/api.w.org\/{rel}","templated":true}]}}