{"id":82572,"date":"2024-01-11T17:04:25","date_gmt":"2024-01-11T15:04:25","guid":{"rendered":"https:\/\/centcols.org\/sejour-de-printemps-a-porticcio-du-20-au-27-avril-2024\/"},"modified":"2025-08-27T18:07:02","modified_gmt":"2025-08-27T16:07:02","slug":"estancia-2024-porticcio","status":"publish","type":"post","link":"https:\/\/centcols.org\/es\/sejour-2024-porticcio\/","title":{"rendered":"Vacaciones de primavera en Porticcio del 20 al 27 de abril de 2024"},"content":{"rendered":"\n<p><em>Ont contribu\u00e9 \u00e0 cette page de pr\u00e9sentation du s\u00e9jour Nadine et Bernard Giraudeau, les responsables informatique et s\u00e9jours.<\/em><\/p>\n\n\n\n<p>Le premier s\u00e9jour de printemps en Corse a eu lieu en 2010 \u00e0 Porticcio dans le Golfe d\u2019Ajaccio. Puis les s\u00e9jours se sont succ\u00e9d\u00e9s dans l\u2019Ile de beaut\u00e9, par intervalle r\u00e9gulier de trois ans, en Balagne \u00e0 Lozari, puis dans la plaine orientale \u00e0 Ghisonaccia et enfin \u00e0 Propriano dans le Golfe de Valinco. Ces quatre s\u00e9jours ont permis de faire le tour de l\u2019\u00eele et de connaitre de multiples micror\u00e9gions de Corse pour les tr\u00e8s nombreux participants de ces s\u00e9jours.<\/p>\n\n\n\n<p>En 2024, <strong>la station baln\u00e9aire de Porticcio<\/strong> nous accueillera de nouveau.<\/p>\n\n\n        <div class=\"toc-wrapper\" data-columns=\"3\"\n            data-headings=\"[{&quot;level&quot;:2,&quot;text&quot;:&quot;Porticcio et ses environs&quot;,&quot;id&quot;:&quot;0-porticcio-et-ses-environs&quot;,&quot;page&quot;:1,&quot;existing_id&quot;:true},{&quot;level&quot;:2,&quot;text&quot;:&quot;Le transport maritime&quot;,&quot;id&quot;:&quot;1-le-transport-maritime&quot;,&quot;page&quot;:1,&quot;existing_id&quot;:true},{&quot;level&quot;:2,&quot;text&quot;:&quot;Les circuits&quot;,&quot;id&quot;:&quot;2-les-circuits&quot;,&quot;page&quot;:1,&quot;existing_id&quot;:true},{&quot;level&quot;:2,&quot;text&quot;:&quot;H\\u00e9bergement&quot;,&quot;id&quot;:&quot;3-h%C3%A9bergement&quot;,&quot;page&quot;:1,&quot;existing_id&quot;:true},{&quot;level&quot;:2,&quot;text&quot;:&quot;Note du Conseil d\\u2019Administration&quot;,&quot;id&quot;:&quot;heading-1751057926500-5&quot;,&quot;page&quot;:1,&quot;existing_id&quot;:true},{&quot;level&quot;:2,&quot;text&quot;:&quot;Inscriptions&quot;,&quot;id&quot;:&quot;4-inscriptions&quot;,&quot;page&quot;:1,&quot;existing_id&quot;:true},{&quot;level&quot;:3,&quot;text&quot;:&quot;T\\u00e9l\\u00e9charger le bulletin \\\/ download the booking form \\\/ scarica il modulo&quot;,&quot;id&quot;:&quot;5-t%C3%A9l%C3%A9charger-le-bulletin-download-the-booking-form-scarica-il-modulo&quot;,&quot;page&quot;:1,&quot;existing_id&quot;:true},{&quot;level&quot;:2,&quot;text&quot;:&quot;Livret&quot;,&quot;id&quot;:&quot;6-livret&quot;,&quot;page&quot;:1,&quot;existing_id&quot;:true},{&quot;level&quot;:2,&quot;text&quot;:&quot;Il n\\u2019y a pas que le v\\u00e9lo dans la vie&quot;,&quot;id&quot;:&quot;7-il-n%E2%80%99y-a-pas-que-le-v%C3%A9lo-dans-la-vie&quot;,&quot;page&quot;:1,&quot;existing_id&quot;:true},{&quot;level&quot;:4,&quot;text&quot;:&quot;Quelques bonnes adresses&quot;,&quot;id&quot;:&quot;8-quelques-bonnes-adresses&quot;,&quot;page&quot;:1,&quot;existing_id&quot;:true},{&quot;level&quot;:4,&quot;text&quot;:&quot;Randonn\\u00e9es p\\u00e9destres faciles \\u00e0 plus difficiles&quot;,&quot;id&quot;:&quot;9-randonn%C3%A9es-p%C3%A9destres-faciles-%C3%A0-plus-difficiles&quot;,&quot;page&quot;:1,&quot;existing_id&quot;:true},{&quot;level&quot;:4,&quot;text&quot;:&quot;visites diverses :&quot;,&quot;id&quot;:&quot;10-visites-diverses-&quot;,&quot;page&quot;:1,&quot;existing_id&quot;:true},{&quot;level&quot;:4,&quot;text&quot;:&quot;insolites :&quot;,&quot;id&quot;:&quot;11-insolites-&quot;,&quot;page&quot;:1,&quot;existing_id&quot;:true}]\"\n            data-current-page=\"1\"\n            data-base-url=\"https:\/\/centcols.org\/es\/sejour-2024-porticcio\/\">\n            <div class=\"toc-title\">\n                Table des mati\u00e8res            <\/div>\n            <div class=\"toc-content\" style=\"column-count: 3;\">\n                <ul class=\"toc-list\"><li class=\"toc-item toc-level-2\"><a href=\"#0-porticcio-et-ses-environs\" class=\"toc-link\" data-same-page=\"true\">Porticcio et ses environs<\/a><\/li><li class=\"toc-item toc-level-2\"><a href=\"#1-le-transport-maritime\" class=\"toc-link\" data-same-page=\"true\">Le transport maritime<\/a><\/li><li class=\"toc-item toc-level-2\"><a href=\"#2-les-circuits\" class=\"toc-link\" data-same-page=\"true\">Les circuits<\/a><\/li><li class=\"toc-item toc-level-2\"><a href=\"#3-h%C3%A9bergement\" class=\"toc-link\" data-same-page=\"true\">H\u00e9bergement<\/a><\/li><li class=\"toc-item toc-level-2\"><a href=\"#heading-1751057926500-5\" class=\"toc-link\" data-same-page=\"true\">Note du Conseil d\u2019Administration<\/a><\/li><li class=\"toc-item toc-level-2\"><a href=\"#4-inscriptions\" class=\"toc-link\" data-same-page=\"true\">Inscriptions<\/a><ul class=\"toc-sublist\"><li class=\"toc-item toc-level-3\"><a href=\"#5-t%C3%A9l%C3%A9charger-le-bulletin-download-the-booking-form-scarica-il-modulo\" class=\"toc-link\" data-same-page=\"true\">T\u00e9l\u00e9charger le bulletin \/ download the booking form \/ scarica il modulo<\/a><\/li><\/ul><\/li><li class=\"toc-item toc-level-2\"><a href=\"#6-livret\" class=\"toc-link\" data-same-page=\"true\">Livret<\/a><\/li><li class=\"toc-item toc-level-2\"><a href=\"#7-il-n%E2%80%99y-a-pas-que-le-v%C3%A9lo-dans-la-vie\" class=\"toc-link\" data-same-page=\"true\">Il n\u2019y a pas que le v\u00e9lo dans la vie<\/a><ul class=\"toc-sublist\"><li class=\"toc-item toc-level-4\"><a href=\"#8-quelques-bonnes-adresses\" class=\"toc-link\" data-same-page=\"true\">Quelques bonnes adresses<\/a><\/li><li class=\"toc-item toc-level-4\"><a href=\"#9-randonn%C3%A9es-p%C3%A9destres-faciles-%C3%A0-plus-difficiles\" class=\"toc-link\" data-same-page=\"true\">Randonn\u00e9es p\u00e9destres faciles \u00e0 plus difficiles<\/a><\/li><li class=\"toc-item toc-level-4\"><a href=\"#10-visites-diverses-\" class=\"toc-link\" data-same-page=\"true\">visites diverses :<\/a><\/li><li class=\"toc-item toc-level-4\"><a href=\"#11-insolites-\" class=\"toc-link\" data-same-page=\"true\">insolites :<\/a><\/li><\/ul><\/li><\/ul>            <\/div>\n        <\/div>\n    \n\n\n<h2 class=\"wp-block-heading\" id=\"0-porticcio-et-ses-environs\">Porticcio et ses environs<\/h2>\n\n\n\n<p><strong>Le<\/strong> <strong>Golfe d\u2019Ajaccio <\/strong>est le plus vaste des 4 grands golfes de la c\u00f4te occidentale de la Corse. Sa rive nord abrite l\u2019agglom\u00e9ration ajaccienne et se prolonge jusqu\u2019au site des fameuses Iles Sanguinaires refermant le golfe au nord. Sa rive sud est beaucoup plus longue et pr\u00e9sente plusieurs pointes surmont\u00e9es de tours g\u00e9noises d\u00e9limitant des anses secondaires Capu di Muru ferme le golfe au sud.<\/p>\n\n\n<p><div class=\"leaflet-map WPLeafletMap\" style=\"height:700px; width:100%;\"><\/div><script>\nwindow.WPLeafletMapPlugin = window.WPLeafletMapPlugin || [];\nwindow.WPLeafletMapPlugin.push(function WPLeafletMapShortcode() {\/*<script>*\/\nvar baseUrl = atob('aHR0cHM6Ly90aWxlLm9wZW5zdHJlZXRtYXAub3JnL3t6fS97eH0ve3l9LnBuZw==');\nvar base = (!baseUrl && window.MQ) ?\n    window.MQ.mapLayer() : L.tileLayer(baseUrl,\n        L.Util.extend({}, {\n            detectRetina: 0,\n        },\n        {\"subdomains\":\"abc\",\"noWrap\":false,\"maxZoom\":19}        )\n    );\n    var options = L.Util.extend({}, {\n        layers: [base],\n        attributionControl: false\n    },\n    {\"zoomControl\":false,\"scrollWheelZoom\":false,\"doubleClickZoom\":false,\"fitBounds\":false,\"minZoom\":0,\"maxZoom\":19,\"maxBounds\":null,\"attribution\":\"<a href=\\\"http:\\\/\\\/leafletjs.com\\\" title=\\\"Une biblioth\\u00e8que JS pour des cartes interactives\\\">Leaflet<\\\/a>; \\u00a9 <a href=\\\"http:\\\/\\\/www.openstreetmap.org\\\/copyright\\\">OpenStreetMap<\\\/a> contributeurs\\\/contributrices\"},\n    {});\nwindow.WPLeafletMapPlugin.createMap(options).setView([41.895,8.807],12);});<\/script><br \/>\n<script>\nwindow.WPLeafletMapPlugin = window.WPLeafletMapPlugin || [];\nwindow.WPLeafletMapPlugin.push(function WPLeafletMarkerShortcode() {\/*<script>*\/\nvar map = window.WPLeafletMapPlugin.getCurrentMap();\nvar group = window.WPLeafletMapPlugin.getCurrentGroup();\nvar marker_options = window.WPLeafletMapPlugin.getIconOptions({\"iconUrl\":\"\\\/res\\\/lib\\\/leaflet\\\/images\\\/hotel.png\",\"iconSize\":\"24,72\",\"popupAnchor\":\"0,-32\"});\nvar marker = L.marker(\n    [41.895,8.807],\n    marker_options\n);\nvar is_image = map.is_image_map;\nif (marker_options.draggable) {\n    marker.on('dragend', function () {\n        var latlng = this.getLatLng();\n        var lat = latlng.lat;\n        var lng = latlng.lng;\n        if (is_image) {\n            console.log('leaflet-marker y=' + lat + ' x=' + lng);\n        } else {\n            console.log('leaflet-marker lat=' + lat + ' lng=' + lng);\n        }\n    });\n}\nmarker.addTo( group );\nmarker.bindPopup(window.WPLeafletMapPlugin.unescape('Marina Viva'));window.WPLeafletMapPlugin.markers.push( marker );\n        });<\/script><\/p>\n\n\n\n<p>Si Ajaccio occupe seule la rive nord du golf, la rive sud est partag\u00e9e entre 4 communes. Ce sont en fait les hameaux qui sont implant\u00e9s sur le littoral tandis que les chefs-lieux ancestraux trouvent leur localisation en montagne \u00e0 l\u2019abri jadis des razzias sarrasines et des miasmes des mar\u00e9cages littoraux. Celui de Porticcio en est un exemple criant puisque le hameau d\u00e9passe largement le village de Grosseto Prugna (situ\u00e9 \u00e0 25 km par la route) en population et en superficie construite.<\/p>\n\n\n<div class=\"wp-block-image\">\n<figure class=\"aligncenter size-full is-resized\"><a href=\"https:\/\/centcols.org\/wp-content\/uploads\/2024\/01\/le-golfe-dAjaccio-depuis-Boca-dArinella.png\"><img loading=\"lazy\" decoding=\"async\" width=\"504\" height=\"609\" src=\"https:\/\/centcols.org\/wp-content\/uploads\/2024\/01\/le-golfe-dAjaccio-depuis-Boca-dArinella.png\" alt=\"\" class=\"wp-image-85844\" style=\"width:500px\"\/><\/a><\/figure>\n<\/div>\n\n\n<h2 class=\"wp-block-heading\" id=\"1-le-transport-maritime\">Le transport maritime<\/h2>\n\n\n\n<p>Le port de d\u00e9barquement privil\u00e9gi\u00e9 pour arriver \u00e0 Porticcio est bien entendu celui d\u2019Ajaccio. Mais le port de Propriano distant de 50 km de Porticcio est une option.<\/p>\n\n\n\n<p>Le port d\u2019embarquement fait l\u2019objet d\u2019un double choix :<\/p>\n\n\n\n<ul class=\"wp-block-list\">\n<li>celui de la compagnie selon les prestations et le prix<\/li>\n\n\n\n<li>celui du port d\u2019embarquement selon votre provenance<\/li>\n<\/ul>\n\n\n\n<p>La <a href=\"https:\/\/www.lameridionale.fr\/fr\" target=\"_blank\" rel=\"noreferrer noopener\"><strong>Compagnie Meridionale<\/strong><\/a> et <a href=\"https:\/\/www.corsicalinea.com\" target=\"_blank\" rel=\"noreferrer noopener\"><strong>Corsica Linea<\/strong><\/a> partent de Marseille.<\/p>\n\n\n\n<p>La <a href=\"https:\/\/www.corsica-ferries.fr\" target=\"_blank\" rel=\"noreferrer noopener\"><strong>Corsica Ferries<\/strong><\/a> a Toulon et Nice comme ports d\u2019attache.<\/p>\n\n\n\n<p>Nous avons obtenu une r\u00e9duction du prix du transport par la Compagnie M\u00e9ridionale. A l\u2019aller et au retour, le bateau quitte, en g\u00e9n\u00e9ral, le quai \u00e0 19h00 \u00e0 Marseille comme \u00e0 Ajaccio pour rejoindre le port de d\u00e9barquement le lendemain matin vers 07h00.<\/p>\n\n\n\n<h2 class=\"wp-block-heading\" id=\"2-les-circuits\">Les circuits<\/h2>\n\n\n\n<p><a title=\"\" href=\"https:\/\/centcols.org\/membres\/cctours\/tours.php?lieu=Porticcio&amp;an=2024\" target=\"_blank\" rel=\"noopener\"><strong>Parcours ccTours Porticcio 2024<\/strong><\/a><\/p>\n\n\n\n<p>Les parcours du premier s\u00e9jour de 2010 n\u2019ont pas \u00e9t\u00e9 repris de mani\u00e8re syst\u00e9matique mais ceux de 2024 les chevauchent forc\u00e9ment.<\/p>\n\n\n\n<p>Depuis 2010, de nombreux cols ont \u00e9t\u00e9 ajout\u00e9s au catalogue des cols de France, gr\u00e2ce au travail constant du GT-FR.<\/p>\n\n\n\n<p>Avertissement. La Corse n\u2019est pas une terre de VTT, par l\u2019absence de longues pistes reli\u00e9es entre elles, les sentiers sont en g\u00e9n\u00e9ral pentus, pierreux et envahis souvent par une v\u00e9g\u00e9tation agressive. Mais il y aura tout de m\u00eame 9 parcours muletiers que l\u2019on peut qualifier de courts et avec une d\u00e9nivel\u00e9e adapt\u00e9e au cycliste vieillissant. L\u2019\u00e9chelle d\u2019appr\u00e9ciation varie d\u2019agr\u00e9able pour plusieurs d\u2019entre eux \u00e0 fortement d\u00e9sagr\u00e9able pour au moins un parcours.<\/p>\n\n\n\n<p class=\"has-text-align-center\"><a href=\"https:\/\/centcols.org\/wp-content\/uploads\/2025\/08\/situation-parcours-VTT.pdf\" target=\"_blank\" rel=\"noreferrer noopener\">Situation des parcours VTT<\/a><\/p>\n\n\n\n<div class=\"wp-block-columns is-layout-flex wp-container-core-columns-is-layout-9d6595d7 wp-block-columns-is-layout-flex\">\n<div class=\"wp-block-column is-layout-flow wp-block-column-is-layout-flow\">\n<ul class=\"wp-block-list\">\n<li><a href=\"https:\/\/www.openrunner.com\/route-details\/16902642\" target=\"_blank\" rel=\"noreferrer noopener\">V1 Autour de Punta di Lisa<\/a><\/li>\n\n\n\n<li><a href=\"https:\/\/www.openrunner.com\/route-details\/16601227\" target=\"_blank\" rel=\"noreferrer noopener\">V2 La cr\u00eate de San Sisto<\/a><\/li>\n\n\n\n<li><a href=\"https:\/\/www.openrunner.com\/route-details\/18000069\" target=\"_blank\" rel=\"noreferrer noopener\">V3 La for\u00eat de Vero<\/a><\/li>\n<\/ul>\n<\/div>\n\n\n\n<div class=\"wp-block-column is-layout-flow wp-block-column-is-layout-flow\">\n<ul class=\"wp-block-list\">\n<li><a href=\"https:\/\/www.openrunner.com\/route-details\/16962072\" target=\"_blank\" rel=\"noreferrer noopener\">V4 Sarra d\u2019Aramina<\/a><\/li>\n\n\n\n<li><a href=\"https:\/\/www.openrunner.com\/route-details\/16998445\" target=\"_blank\" rel=\"noreferrer noopener\">V5 Tolla<\/a><\/li>\n\n\n\n<li><a href=\"https:\/\/www.openrunner.com\/route-details\/17874223\" target=\"_blank\" rel=\"noreferrer noopener\">V6 La cr\u00eate de Punta d\u2019Urghjavari<\/a><\/li>\n<\/ul>\n<\/div>\n\n\n\n<div class=\"wp-block-column is-layout-flow wp-block-column-is-layout-flow\">\n<ul class=\"wp-block-list\">\n<li><a href=\"https:\/\/www.openrunner.com\/route-details\/17878910\" target=\"_blank\" rel=\"noreferrer noopener\">V7 Bocca d\u2019Aghja di Bastiani<\/a><\/li>\n\n\n\n<li><a href=\"https:\/\/www.openrunner.com\/route-details\/16631826\" target=\"_blank\" rel=\"noreferrer noopener\">V8a Coti-Chiavari court<\/a><\/li>\n\n\n\n<li><a href=\"https:\/\/www.openrunner.com\/route-details\/16923439\" target=\"_blank\" rel=\"noreferrer noopener\">V8b Coti-Chiavari long<\/a><\/li>\n<\/ul>\n<\/div>\n<\/div>\n\n\n\n<div class=\"wp-block-stackable-divider stk-block-divider stk-block stk-b8ae9bc\" data-block-id=\"b8ae9bc\"><hr class=\"stk-block-divider__hr\"\/><\/div>\n\n\n\n<p class=\"has-text-align-center\"><a href=\"https:\/\/centcols.org\/wp-content\/uploads\/2025\/08\/situation-parcours-routiers-1.pdf\" target=\"_blank\" rel=\"noreferrer noopener\">Situation des parcours routiers<\/a><\/p>\n\n\n\n<p>Mais 11 parcours routiers sont propos\u00e9s pour ce s\u00e9jour. Les petites routes calmes et bucoliques ont \u00e9t\u00e9 privil\u00e9gi\u00e9es au d\u00e9triment des routes passag\u00e8res (ces derni\u00e8res, prises en g\u00e9n\u00e9ral dans le sens de la descente). De nombreux villages seront travers\u00e9s et de magnifiques points de vue sur le littoral ou sur la montagne corse \u00e9mailleront votre p\u00e9riple du jour. Les cols routiers de l\u2019\u00eele sont nombreux et seront \u00e0 port\u00e9e de v\u00e9lo depuis le centre d\u2019h\u00e9bergement ou par une approche en v\u00e9hicule raisonnable. Il est \u00e0 noter que la ville d\u2019Ajaccio elle-m\u00eame ne se quitte qu\u2019au travers de cols. L\u2019utilisation d\u2019un Gravel permet de rejoindre quelques cols \u00e0 proximit\u00e9 de la route.<\/p>\n\n\n\n<div class=\"wp-block-columns is-layout-flex wp-container-core-columns-is-layout-9d6595d7 wp-block-columns-is-layout-flex\">\n<div class=\"wp-block-column is-layout-flow wp-block-column-is-layout-flow\">\n<ul class=\"wp-block-list\">\n<li><a href=\"https:\/\/www.openrunner.com\/route-details\/16261302\" target=\"_blank\" rel=\"noreferrer noopener\">R1 Le Balcon du Golfe d\u2019Ajaccio<\/a><\/li>\n\n\n\n<li><a href=\"https:\/\/www.openrunner.com\/route-details\/17720702\" target=\"_blank\" rel=\"noreferrer noopener\">R2 L\u2019Ornano<\/a><\/li>\n\n\n\n<li><a href=\"https:\/\/www.openrunner.com\/route-details\/16908107\" target=\"_blank\" rel=\"noreferrer noopener\">R3 La vall\u00e9e du Prunelli<\/a><\/li>\n\n\n\n<li><a href=\"https:\/\/www.openrunner.com\/route-details\/17726185\" target=\"_blank\" rel=\"noreferrer noopener\">R4 La basse vall\u00e9e de la Gravona<\/a><\/li>\n\n\n\n<li><a href=\"https:\/\/www.openrunner.com\/route-details\/17725835\" target=\"_blank\" rel=\"noreferrer noopener\">G2 L\u2019Ornano gravel<\/a><\/li>\n<\/ul>\n<\/div>\n\n\n\n<div class=\"wp-block-column is-layout-flow wp-block-column-is-layout-flow\">\n<ul class=\"wp-block-list\">\n<li><a href=\"https:\/\/www.openrunner.com\/route-details\/17009490\" target=\"_blank\" rel=\"noreferrer noopener\">R5a le Col de la Vaccia court<\/a><\/li>\n\n\n\n<li><a href=\"https:\/\/www.openrunner.com\/route-details\/17009380\" target=\"_blank\" rel=\"noreferrer noopener\">R5b le Col de la Vaccia long<\/a><\/li>\n\n\n\n<li><a href=\"https:\/\/www.openrunner.com\/route-details\/16912993\" target=\"_blank\" rel=\"noreferrer noopener\">R6 Bocca di Sarzoggio et di Tartavellu<\/a><\/li>\n\n\n\n<li><a href=\"https:\/\/www.openrunner.com\/route-details\/16261707\" target=\"_blank\" rel=\"noreferrer noopener\">R7 Bocca di Scalella et Col de Vizzavona<\/a><\/li>\n<\/ul>\n<\/div>\n\n\n\n<div class=\"wp-block-column is-layout-flow wp-block-column-is-layout-flow\">\n<ul class=\"wp-block-list\">\n<li><a href=\"https:\/\/www.openrunner.com\/route-details\/16927525\" target=\"_blank\" rel=\"noreferrer noopener\">R8 Col de San Bastiani<\/a><\/li>\n\n\n\n<li><a href=\"https:\/\/www.openrunner.com\/route-details\/16261785\" target=\"_blank\" rel=\"noreferrer noopener\">R9 Le Cruzini<\/a><\/li>\n\n\n\n<li><a href=\"https:\/\/www.openrunner.com\/route-details\/16975870\" target=\"_blank\" rel=\"noreferrer noopener\">R10 Piana et Porto<\/a><\/li>\n\n\n\n<li><a href=\"https:\/\/www.openrunner.com\/route-details\/17719795\" target=\"_blank\" rel=\"noreferrer noopener\">R11 Col de Verde et Col de Sorba<\/a><\/li>\n<\/ul>\n<\/div>\n<\/div>\n\n\n\n<h2 class=\"wp-block-heading\" id=\"3-h%C3%A9bergement\">H\u00e9bergement<\/h2>\n\n\n\n<p>Nous serons h\u00e9berg\u00e9s \u00e0 l\u2019<strong>h\u00f4tel Club Marina Viva<\/strong>. L\u2019\u00e9tablissement se trouve au fond du golfe d\u2019Ajaccio, s\u00e9par\u00e9 de la mer M\u00e9diterran\u00e9e par un fin liser\u00e9 de sable dor\u00e9 domin\u00e9 par la tour g\u00e9noise de Capitello. Le centre se niche dans un domaine bois\u00e9 de pins, d\u2019eucalyptus, de mimosas et de palmiers.<\/p>\n\n\n\n<p>Marina Viva se trouve \u00e0 13 km du port d\u2019Ajaccio par la route. Le temps de trajet ? C\u2019est tr\u00e8s variable selon les heures de la journ\u00e9e !<br>Une navette maritime relie Porticcio et Ajaccio plusieurs fois par jour. L\u2019embarcad\u00e8re se trouve \u00e0 moins de 1 km de Marina Viva.<\/p>\n\n\n\n<figure class=\"wp-block-gallery has-nested-images columns-3 is-cropped wp-block-gallery-1 is-layout-flex wp-block-gallery-is-layout-flex\">\n<figure class=\"wp-block-image size-full\"><a href=\"https:\/\/centcols.org\/wp-content\/uploads\/2024\/01\/restaurant-hotel-Club-Marina-Viva.jpg\"><img loading=\"lazy\" decoding=\"async\" width=\"1200\" height=\"800\" data-id=\"85845\" src=\"https:\/\/centcols.org\/wp-content\/uploads\/2024\/01\/restaurant-hotel-Club-Marina-Viva.jpg\" alt=\"\" class=\"wp-image-85845\" srcset=\"https:\/\/centcols.org\/wp-content\/uploads\/2024\/01\/restaurant-hotel-Club-Marina-Viva.jpg 1200w, https:\/\/centcols.org\/wp-content\/uploads\/2024\/01\/restaurant-hotel-Club-Marina-Viva-768x512.jpg 768w\" sizes=\"auto, (max-width: 1200px) 100vw, 1200px\" \/><\/a><figcaption class=\"wp-element-caption\">restaurant\u00a9Club Marina Viva<\/figcaption><\/figure>\n\n\n\n<figure class=\"wp-block-image size-full\"><a href=\"https:\/\/centcols.org\/wp-content\/uploads\/2024\/01\/chambre-hotel-Club-Marina-Viva.jpg\"><img loading=\"lazy\" decoding=\"async\" width=\"1200\" height=\"800\" data-id=\"85846\" src=\"https:\/\/centcols.org\/wp-content\/uploads\/2024\/01\/chambre-hotel-Club-Marina-Viva.jpg\" alt=\"\" class=\"wp-image-85846\" srcset=\"https:\/\/centcols.org\/wp-content\/uploads\/2024\/01\/chambre-hotel-Club-Marina-Viva.jpg 1200w, https:\/\/centcols.org\/wp-content\/uploads\/2024\/01\/chambre-hotel-Club-Marina-Viva-768x512.jpg 768w\" sizes=\"auto, (max-width: 1200px) 100vw, 1200px\" \/><\/a><figcaption class=\"wp-element-caption\">chambre\u00a9Club Marina Viva<\/figcaption><\/figure>\n\n\n\n<figure class=\"wp-block-image size-full\"><a href=\"https:\/\/centcols.org\/wp-content\/uploads\/2024\/01\/hotel-Club-Marina-Viva.jpg\"><img loading=\"lazy\" decoding=\"async\" width=\"1200\" height=\"800\" data-id=\"85847\" src=\"https:\/\/centcols.org\/wp-content\/uploads\/2024\/01\/hotel-Club-Marina-Viva.jpg\" alt=\"\" class=\"wp-image-85847\" srcset=\"https:\/\/centcols.org\/wp-content\/uploads\/2024\/01\/hotel-Club-Marina-Viva.jpg 1200w, https:\/\/centcols.org\/wp-content\/uploads\/2024\/01\/hotel-Club-Marina-Viva-768x512.jpg 768w\" sizes=\"auto, (max-width: 1200px) 100vw, 1200px\" \/><\/a><figcaption class=\"wp-element-caption\">h\u00f4tel\u00a9Club Marina Viva<\/figcaption><\/figure>\n<\/figure>\n\n\n\n<div class=\"wp-block-columns is-layout-flex wp-container-core-columns-is-layout-9d6595d7 wp-block-columns-is-layout-flex\">\n<div class=\"wp-block-column is-layout-flow wp-block-column-is-layout-flow\" style=\"flex-basis:50%\">\n<p>&nbsp;<a href=\"https:\/\/www.marinaviva.fr\/\" target=\"_blank\" rel=\"noreferrer noopener\">H\u00f4tel Club Marina Viva<\/a> , D55,&nbsp;&nbsp;20166 PORTICCIO. Tel : +33 4 95 25 25 58.<\/p>\n\n\n\n<p>Adresse mail :&nbsp;<a>&#104;&#x6f;&#116;&#x65;l&#64;&#x6d;&#97;&#x72;i&#x6e;a&#118;&#x69;&#118;&#x61;&#46;&#x66;&#x72;<\/a><\/p>\n\n\n\n<p>Pour ceux qui souhaitent se loger en <strong>camping ou camping-car<\/strong>, deux campings situ\u00e9s \u00e0 proximit\u00e9 peuvent vous accueillir.<\/p>\n\n\n\n<p><strong><a href=\"https:\/\/www.porticcio-camping.fr\/\" target=\"_blank\" rel=\"noreferrer noopener\">Camping B\u00e9nista<\/a>,<\/strong> Boulevard Marie \u2013 Jeanne Bozzi, 20166 PORTICCIO. Tel : +33 9 74 56 40 23<\/p>\n\n\n\n<p><a href=\"http:\/\/camping-prunelli.com\/\" target=\"_blank\" rel=\"noreferrer noopener\"><strong>Camping <\/strong><strong>Prunelli<\/strong><\/a>, r\u00e9sidence du Prunelli 1, 20166 CAURO. Tel : +33 4 95 25 19 23<\/p>\n\n\n\n<p>&nbsp;<\/p>\n<\/div>\n\n\n\n<div class=\"wp-block-column has-very-light-gray-background-color has-background is-layout-flow wp-block-column-is-layout-flow\" style=\"flex-basis:50%\">\n<h2 class=\"wp-block-heading has-text-align-center\" id=\"heading-1751057926500-5\">Note du Conseil d\u2019Administration<\/h2>\n\n\n<div class=\"wp-block-image\">\n<figure class=\"aligncenter size-full\"><img loading=\"lazy\" decoding=\"async\" width=\"100\" height=\"100\" src=\"https:\/\/centcols.org\/wp-content\/uploads\/2025\/08\/icons8-note-100.png\" alt=\"\" class=\"wp-image-88085\" srcset=\"https:\/\/centcols.org\/wp-content\/uploads\/2025\/08\/icons8-note-100.png 100w, https:\/\/centcols.org\/wp-content\/uploads\/2025\/08\/icons8-note-100-12x12.png 12w\" sizes=\"auto, (max-width: 100px) 100vw, 100px\" \/><\/figure>\n<\/div>\n\n\n<p>Si vous organisez votre h\u00e9bergement ailleurs que dans le centre de s\u00e9jour, n\u2019oubliez pas de vous inscrire en tant que \u00ab Simple Participant \u00bb :<\/p>\n\n\n\n<ul class=\"wp-block-list\">\n<li>Afin de pouvoir dimensionner correctement les \u00e9v\u00e9nements communs (sessions d\u2019information, boissons de bienvenue et de cl\u00f4ture).<\/li>\n\n\n\n<li>Pour pouvoir fournir le livret de vacances.<\/li>\n\n\n\n<li>Afin d\u2019assurer une bonne r\u00e9partition des co\u00fbts de pr\u00e9paration et d\u2019organisation.<\/li>\n<\/ul>\n<\/div>\n<\/div>\n\n\n\n<h2 class=\"wp-block-heading\" id=\"4-inscriptions\">Inscriptions<\/h2>\n\n\n\n<p>Pour vous inscrire, t\u00e9l\u00e9chargez le bulletin d\u2019inscription PDF avec le lien ci-dessous et suivez les instructions qui s\u2019y trouvent. La date limite de r\u00e9ception des inscriptions a \u00e9t\u00e9 fix\u00e9e au 15 f\u00e9vrier 2024.<\/p>\n\n\n\n<p>Les s\u00e9jours n\u2019\u00e9tant accessibles, pour des raisons l\u00e9gales, qu\u2019aux seuls membres du Club, veillez \u00e0 \u00eatre \u00e0 jour de cotisation avant d\u2019envoyer votre bulletin d\u2019inscription<\/p>\n\n\n\n<h3 class=\"wp-block-heading\" id=\"5-t%C3%A9l%C3%A9charger-le-bulletin-download-the-booking-form-scarica-il-modulo\">T\u00e9l\u00e9charger le bulletin \/ download the booking form \/ scarica il modulo<\/h3>\n\n\n\n<div class=\"wp-block-columns is-layout-flex wp-container-core-columns-is-layout-9d6595d7 wp-block-columns-is-layout-flex\">\n<div class=\"wp-block-column is-layout-flow wp-block-column-is-layout-flow\">\n<ul class=\"wp-block-list\">\n<li>Bulletin d\u2019Inscription Porticcio<\/li>\n\n\n\n<li>Booking form Porticcio<\/li>\n\n\n\n<li>Modulo d\u2019iscrizione Porticcio<\/li>\n<\/ul>\n<\/div>\n<\/div>\n\n\n\n<h2 class=\"wp-block-heading\" id=\"6-livret\">Livret<\/h2>\n\n\n\n<p>Vous pouvez feuilleter <strong><a href=\"https:\/\/centcols.org\/wp-content\/uploads\/2025\/08\/livret-corse-2024-02-10.pdf\" target=\"_blank\" rel=\"noreferrer noopener\">ici<\/a><\/strong> l<strong>e livret<\/strong> qui sera distribu\u00e9 lors du s\u00e9jour et qui contient, outre les messages de bienvenue, des informations sur la r\u00e9gion et sur l\u2019acc\u00e8s, des \u00e9l\u00e9ments sur la s\u00e9curit\u00e9 et le descriptif d\u00e9taill\u00e9 des circuits.<\/p>\n\n\n\n<p>Dans cette version num\u00e9rique, vous pouvez visualiser les cols sur carte et afficher leurs photos par un clic sur le code de chaque col (dans les pages 12,13,14,15 et 49,50,51 du programme pr\u00e9visionnel route et VTT)<\/p>\n\n\n<div class=\"wp-block-image\">\n<figure class=\"aligncenter size-full\"><a href=\"https:\/\/centcols.org\/wp-content\/uploads\/2025\/08\/livret-corse-2024-02-10.pdf\" target=\"_blank\" rel=\"noreferrer noopener\"><img loading=\"lazy\" decoding=\"async\" width=\"353\" height=\"500\" src=\"https:\/\/centcols.org\/wp-content\/uploads\/2024\/01\/livret-corse-p1.jpg\" alt=\"\" class=\"wp-image-85848\"\/><\/a><\/figure>\n<\/div>\n\n\n<h2 class=\"wp-block-heading\" id=\"7-il-n%E2%80%99y-a-pas-que-le-v%C3%A9lo-dans-la-vie\">Il n\u2019y a pas que le v\u00e9lo dans la vie<\/h2>\n\n\n\n<h4 class=\"wp-block-heading has-text-align-center\" id=\"8-quelques-bonnes-adresses\">Quelques bonnes adresses<\/h4>\n\n\n\n<div class=\"wp-block-columns is-layout-flex wp-container-core-columns-is-layout-9d6595d7 wp-block-columns-is-layout-flex\">\n<div class=\"wp-block-column is-layout-flow wp-block-column-is-layout-flow\">\n<ul class=\"wp-block-list\">\n<li> <a href=\"https:\/\/www.ajaccio-tourisme.com\/decouvrir\/visites-et-patrimoine\/\" target=\"_blank\" rel=\"noreferrer noopener\">office de tourisme du pays d\u2019Ajaccio<\/a><\/li>\n\n\n\n<li><a href=\"https:\/\/generationvoyage.fr\/visiter-ajaccio-faire-voir\/\" target=\"_blank\" rel=\"noreferrer noopener\">les 10 choses incontournables \u00e0 faire \u00e0 Ajaccio<\/a><\/li>\n\n\n\n<li><a href=\"https:\/\/www.voyagetips.com\/que-faire-a-ajaccio\/\" target=\"_blank\" rel=\"noreferrer noopener\">que faire \u00e0 Ajaccio<\/a><\/li>\n\n\n\n<li>Le Mus\u00e9e Fesch, deuxi\u00e8me mus\u00e9e apr\u00e8s le Louvre en mati\u00e8re de peinture italienne<\/li>\n<\/ul>\n<\/div>\n\n\n\n<div class=\"wp-block-column is-layout-flow wp-block-column-is-layout-flow\">\n<ul class=\"wp-block-list\">\n<li>la maison Bonaparte, maison natale de Napol\u00e9on 1er<\/li>\n\n\n\n<li>les grandes places de la ville et Napol\u00e9on 1er, Le Casone, La Place Diamant, la Place Foch<\/li>\n\n\n\n<li>le site de la Parata et les Iles Sanguinaires en bus ou bateau<\/li>\n<\/ul>\n<\/div>\n<\/div>\n\n\n\n<h4 class=\"wp-block-heading has-text-align-center\" id=\"9-randonn%C3%A9es-p%C3%A9destres-faciles-%C3%A0-plus-difficiles\">Randonn\u00e9es p\u00e9destres faciles \u00e0 plus difficiles<\/h4>\n\n\n\n<div class=\"wp-block-columns is-layout-flex wp-container-core-columns-is-layout-9d6595d7 wp-block-columns-is-layout-flex\">\n<div class=\"wp-block-column is-layout-flow wp-block-column-is-layout-flow\">\n<ul class=\"wp-block-list\">\n<li><a href=\"https:\/\/www.openrunner.com\/route-details\/17794519\">RP 1 La Parata<\/a><br>3,3 km et 61 en D+<br>Randonn\u00e9es autour de la tour de la Parata<br>Grand site de France<br><\/li>\n\n\n\n<li><a href=\"https:\/\/www.openrunner.com\/route-details\/17865887\">RP 2 Le Sentier des Cr\u00eates<\/a><br>8,6 km et 328 m en D+<br>Corniche au dessus de la rive nord du Golfe d\u2019Ajaccio<br><\/li>\n\n\n\n<li><a href=\"https:\/\/www.openrunner.com\/route-details\/17864976\">RP 3 Le belv\u00e9d\u00e8re des cr\u00eates<\/a><br>10,8 km et 474 m en D+<br>Beaux points de vue au dessus de la ville et du golfe<br><\/li>\n\n\n\n<li><a href=\"https:\/\/www.openrunner.com\/route-details\/17794580\">RP 4 La Stada Antica de Frassu<\/a><br>10 km et 350 m en D+<br>Marche au dessus de Porticcio et points de vue<\/li>\n<\/ul>\n<\/div>\n\n\n\n<div class=\"wp-block-column is-layout-flow wp-block-column-is-layout-flow\">\n<ul class=\"wp-block-list\">\n<li><a href=\"https:\/\/www.openrunner.com\/route-details\/17794674\">RP 5 Le p\u00e9nitencier de Chiavari<\/a><br>10 km et 217 m en D+<br>Marche dans la for\u00eat de Coti, b\u00e2timents du p\u00e9nitencier et point de vue depuis le lac<br><\/li>\n\n\n\n<li><a href=\"https:\/\/www.openrunner.com\/route-details\/17794693\">RP 6 La tour g\u00e9noise de Capu di Muru<\/a><br>8,20 km et 228 m en D+<br>Tour g\u00e9noise et chapelle de Capu di Muru<br><\/li>\n\n\n\n<li><a href=\"https:\/\/www.openrunner.com\/route-details\/17794736\">RP 7 L\u2019Aragnascu<\/a><br>8,3 km et 352 m en D+<br>Splendide point de vue sur le Golfe d\u2019Ajaccio<br><\/li>\n\n\n\n<li><a href=\"https:\/\/www.openrunner.com\/route-details\/17794746\">RP 8 Le rocher des Gozzi<\/a><br>6,5 km et 423 m en D+<br>Point de vue sur le Golfe d\u2019Ajaccio<\/li>\n<\/ul>\n<\/div>\n<\/div>\n\n\n\n<div class=\"wp-block-columns is-layout-flex wp-container-core-columns-is-layout-9d6595d7 wp-block-columns-is-layout-flex\">\n<div class=\"wp-block-column is-layout-flow wp-block-column-is-layout-flow\">\n<h4 class=\"wp-block-heading has-text-align-center\" id=\"10-visites-diverses-\">visites diverses :<\/h4>\n\n\n\n<ul class=\"wp-block-list\">\n<li><a href=\"https:\/\/www.acupulatta.com\/\" target=\"_blank\" rel=\"noreferrer noopener\">le parc A Cupulatta<\/a>, parc unique en Europe sur les tortues<\/li>\n\n\n\n<li><a href=\"https:\/\/www.corsicapam.com\/presentation.html\" target=\"_blank\" rel=\"noreferrer noopener\">distillerie d\u2019huilles essentielles Corsica-Pam<\/a><\/li>\n\n\n\n<li><a href=\"https:\/\/www.mandriolu.com\/\" target=\"_blank\" rel=\"noreferrer noopener\">distillerie d\u2019huilles essentielles Mandriolu<\/a><\/li>\n\n\n\n<li><a href=\"https:\/\/www.visit-corsica.com\/Mon-sejour\/Artisans-d-art\/Tous-les-artisans-d-art\/CECCALDI-ARTISAN-COUTELIER\" target=\"_blank\" rel=\"noreferrer noopener\">coutellerie corse<\/a><\/li>\n<\/ul>\n<\/div>\n\n\n\n<div class=\"wp-block-column is-layout-flow wp-block-column-is-layout-flow\">\n<h4 class=\"wp-block-heading has-text-align-center\" id=\"11-insolites-\">insolites :<\/h4>\n\n\n\n<ul class=\"wp-block-list\">\n<li><a href=\"https:\/\/www.bouger-voyager.com\/bains-de-guitera\/\" target=\"_blank\" rel=\"noreferrer noopener\">les bains de Guitera<\/a>, bains rustiques, libre d\u2019acc\u00e8s, des eaux sulfur\u00e9es et curatives \u00e0 42\u00b0<\/li>\n\n\n\n<li><a href=\"https:\/\/www.alta-rocca-tourisme.com\/bains-de-caldane\/sainte-lucie-de-tallano\/loicor2av5000pv\" target=\"_blank\" rel=\"noreferrer noopener\">bains naturels de Caldane<\/a>, bains \u00e0 38\u00b0, eau l\u00e9g\u00e8rement sulfureuse, restauration<\/li>\n\n\n\n<li><a href=\"https:\/\/www.celavuprunelli.corsica\/fr\/activite\/le-petit-train-du-maquis\/\" target=\"_blank\" rel=\"noreferrer noopener\">le petit train du maquis<\/a> : visite guid\u00e9es du maquis en petit train ou \u00e0 pied<\/li>\n<\/ul>\n<\/div>\n<\/div>\n","protected":false},"excerpt":{"rendered":"<p>Las vacaciones de verano de 2024 tendr\u00e1n lugar del 29 de junio al 6 de julio de 2024 en el departamento de Ard\u00e8che. Ha sido organizado por un peque\u00f1o equipo: Corinne Dameron, Roland Dameron y Bernard Pommel. Situado en la regi\u00f3n de Auvernia-R\u00f3dano-Alpes, enclavado en la pintoresca campi\u00f1a del sur de Ard\u00e8che, Vog\u00fce fue construido al abrigo del viento al pie de un acantilado de cincuenta metros de altura a orillas del r\u00edo Ard\u00e8che.<\/p>","protected":false},"author":64,"featured_media":83268,"comment_status":"closed","ping_status":"open","sticky":false,"template":"","format":"standard","meta":{"_acf_changed":false,"footnotes":""},"categories":[349,368,366,399,135,231],"tags":[],"class_list":["post-82572","post","type-post","status-publish","format-standard","has-post-thumbnail","hentry","category-france-pays-sejours","category-corse-region-sejours","category-20-corse","category-corse-massif-sejours","category-calendrier","category-sejours"],"acf":[],"yoast_head":"<!-- This site is optimized with the Yoast SEO plugin v27.2 - https:\/\/yoast.com\/product\/yoast-seo-wordpress\/ -->\n<title>S\u00e9jour de printemps \u00e0 Porticcio du 20 au 27 avril 2024 - Club des Cent Cols<\/title>\n<meta name=\"robots\" content=\"index, follow, max-snippet:-1, max-image-preview:large, max-video-preview:-1\" \/>\n<link rel=\"canonical\" href=\"https:\/\/centcols.org\/es\/estancia-2024-porticcio\/\" \/>\n<meta property=\"og:locale\" content=\"es_ES\" \/>\n<meta property=\"og:type\" content=\"article\" \/>\n<meta property=\"og:title\" content=\"S\u00e9jour de printemps \u00e0 Porticcio du 20 au 27 avril 2024 - Club des Cent Cols\" \/>\n<meta property=\"og:description\" content=\"Le s\u00e9jour d\u2019\u00e9t\u00e9 2024 se d\u00e9roulera du 29 juin au 06 juillet 2024 dans le d\u00e9partement de l\u2019Ard\u00e8che. Il a \u00e9t\u00e9 pr\u00e9par\u00e9 par une petite \u00e9quipe\u00a0 : Corinne Dameron, Roland Dameron et Bernard Pommel. Situ\u00e9 dans la r\u00e9gion Auvergne-Rh\u00f4ne-Alpes, nich\u00e9 au coeur des paysages pittoresques de l\u2019Ard\u00e8che m\u00e9ridionale, Vog\u00fce s\u2019est construit \u00e0 l\u2019abri des vents, au pied d\u2019une falaise de cinquante m\u00e8tres de haut, le long de la rivi\u00e8re Ard\u00e8che.\" \/>\n<meta property=\"og:url\" content=\"https:\/\/centcols.org\/es\/estancia-2024-porticcio\/\" \/>\n<meta property=\"og:site_name\" content=\"Club des Cent Cols\" \/>\n<meta property=\"article:publisher\" content=\"https:\/\/www.facebook.com\/groups\/5261880558\/?locale=fr_FR\" \/>\n<meta property=\"article:published_time\" content=\"2024-01-11T15:04:25+00:00\" \/>\n<meta property=\"article:modified_time\" content=\"2025-08-27T16:07:02+00:00\" \/>\n<meta property=\"og:image\" content=\"https:\/\/centcols.org\/wp-content\/uploads\/2024\/01\/paraz-01.jpg\" \/>\n\t<meta property=\"og:image:width\" content=\"640\" \/>\n\t<meta property=\"og:image:height\" content=\"360\" \/>\n\t<meta property=\"og:image:type\" content=\"image\/jpeg\" \/>\n<meta name=\"author\" content=\"Christophe Badonnel\" \/>\n<meta name=\"twitter:card\" content=\"summary_large_image\" \/>\n<meta name=\"twitter:label1\" content=\"Escrito por\" \/>\n\t<meta name=\"twitter:data1\" content=\"Christophe Badonnel\" \/>\n\t<meta name=\"twitter:label2\" content=\"Tiempo de lectura\" \/>\n\t<meta name=\"twitter:data2\" content=\"9 minutos\" \/>\n<script type=\"application\/ld+json\" class=\"yoast-schema-graph\">{\"@context\":\"https:\/\/schema.org\",\"@graph\":[{\"@type\":\"Article\",\"@id\":\"https:\/\/centcols.org\/sejour-2024-porticcio\/#article\",\"isPartOf\":{\"@id\":\"https:\/\/centcols.org\/sejour-2024-porticcio\/\"},\"author\":{\"name\":\"Christophe Badonnel\",\"@id\":\"https:\/\/centcols.org\/#\/schema\/person\/5c1a9d61132fb33ccec149272abff6e1\"},\"headline\":\"S\u00e9jour de printemps \u00e0 Porticcio du 20 au 27 avril 2024\",\"datePublished\":\"2024-01-11T15:04:25+00:00\",\"dateModified\":\"2025-08-27T16:07:02+00:00\",\"mainEntityOfPage\":{\"@id\":\"https:\/\/centcols.org\/sejour-2024-porticcio\/\"},\"wordCount\":1598,\"publisher\":{\"@id\":\"https:\/\/centcols.org\/#organization\"},\"image\":{\"@id\":\"https:\/\/centcols.org\/sejour-2024-porticcio\/#primaryimage\"},\"thumbnailUrl\":\"https:\/\/centcols.org\/wp-content\/uploads\/2024\/01\/paraz-01.jpg\",\"articleSection\":[\"France\",\"Corse\",\"20-Corse\",\"Corse\",\"Calendrier\",\"S\u00e9jours du Club des Cent Cols\"],\"inLanguage\":\"es\"},{\"@type\":\"WebPage\",\"@id\":\"https:\/\/centcols.org\/sejour-2024-porticcio\/\",\"url\":\"https:\/\/centcols.org\/sejour-2024-porticcio\/\",\"name\":\"S\u00e9jour de printemps \u00e0 Porticcio du 20 au 27 avril 2024 - Club des Cent Cols\",\"isPartOf\":{\"@id\":\"https:\/\/centcols.org\/#website\"},\"primaryImageOfPage\":{\"@id\":\"https:\/\/centcols.org\/sejour-2024-porticcio\/#primaryimage\"},\"image\":{\"@id\":\"https:\/\/centcols.org\/sejour-2024-porticcio\/#primaryimage\"},\"thumbnailUrl\":\"https:\/\/centcols.org\/wp-content\/uploads\/2024\/01\/paraz-01.jpg\",\"datePublished\":\"2024-01-11T15:04:25+00:00\",\"dateModified\":\"2025-08-27T16:07:02+00:00\",\"breadcrumb\":{\"@id\":\"https:\/\/centcols.org\/sejour-2024-porticcio\/#breadcrumb\"},\"inLanguage\":\"es\",\"potentialAction\":[{\"@type\":\"ReadAction\",\"target\":[\"https:\/\/centcols.org\/sejour-2024-porticcio\/\"]}]},{\"@type\":\"ImageObject\",\"inLanguage\":\"es\",\"@id\":\"https:\/\/centcols.org\/sejour-2024-porticcio\/#primaryimage\",\"url\":\"https:\/\/centcols.org\/wp-content\/uploads\/2024\/01\/paraz-01.jpg\",\"contentUrl\":\"https:\/\/centcols.org\/wp-content\/uploads\/2024\/01\/paraz-01.jpg\",\"width\":640,\"height\":360},{\"@type\":\"BreadcrumbList\",\"@id\":\"https:\/\/centcols.org\/sejour-2024-porticcio\/#breadcrumb\",\"itemListElement\":[{\"@type\":\"ListItem\",\"position\":1,\"name\":\"Accueil\",\"item\":\"https:\/\/centcols.org\/\"},{\"@type\":\"ListItem\",\"position\":2,\"name\":\"S\u00e9jours du Club des Cent Cols\",\"item\":\"https:\/\/centcols.org\/rubrique\/sejours\/\"},{\"@type\":\"ListItem\",\"position\":3,\"name\":\"Pays\",\"item\":\"https:\/\/centcols.org\/rubrique\/sejours\/pays-sejours\/\"},{\"@type\":\"ListItem\",\"position\":4,\"name\":\"France\",\"item\":\"https:\/\/centcols.org\/rubrique\/sejours\/pays-sejours\/france-pays-sejours\/\"},{\"@type\":\"ListItem\",\"position\":5,\"name\":\"S\u00e9jour de printemps \u00e0 Porticcio du 20 au 27 avril 2024\"}]},{\"@type\":\"WebSite\",\"@id\":\"https:\/\/centcols.org\/#website\",\"url\":\"https:\/\/centcols.org\/\",\"name\":\"Club des Cent Cols\",\"description\":\"\",\"publisher\":{\"@id\":\"https:\/\/centcols.org\/#organization\"},\"potentialAction\":[{\"@type\":\"SearchAction\",\"target\":{\"@type\":\"EntryPoint\",\"urlTemplate\":\"https:\/\/centcols.org\/?s={search_term_string}\"},\"query-input\":{\"@type\":\"PropertyValueSpecification\",\"valueRequired\":true,\"valueName\":\"search_term_string\"}}],\"inLanguage\":\"es\"},{\"@type\":\"Organization\",\"@id\":\"https:\/\/centcols.org\/#organization\",\"name\":\"Club des Cent Cols\",\"url\":\"https:\/\/centcols.org\/\",\"logo\":{\"@type\":\"ImageObject\",\"inLanguage\":\"es\",\"@id\":\"https:\/\/centcols.org\/#\/schema\/logo\/image\/\",\"url\":\"https:\/\/centcols.org\/wp-content\/uploads\/2025\/01\/carte-icone.png\",\"contentUrl\":\"https:\/\/centcols.org\/wp-content\/uploads\/2025\/01\/carte-icone.png\",\"width\":250,\"height\":250,\"caption\":\"Club des Cent Cols\"},\"image\":{\"@id\":\"https:\/\/centcols.org\/#\/schema\/logo\/image\/\"},\"sameAs\":[\"https:\/\/www.facebook.com\/groups\/5261880558\/?locale=fr_FR\"]},{\"@type\":\"Person\",\"@id\":\"https:\/\/centcols.org\/#\/schema\/person\/5c1a9d61132fb33ccec149272abff6e1\",\"name\":\"Christophe Badonnel\",\"image\":{\"@type\":\"ImageObject\",\"inLanguage\":\"es\",\"@id\":\"https:\/\/centcols.org\/wp-content\/litespeed\/avatar\/9f363966b51271bd99ebbb6ebd632889.jpg?ver=1777238111\",\"url\":\"https:\/\/centcols.org\/wp-content\/litespeed\/avatar\/9f363966b51271bd99ebbb6ebd632889.jpg?ver=1777238111\",\"contentUrl\":\"https:\/\/centcols.org\/wp-content\/litespeed\/avatar\/9f363966b51271bd99ebbb6ebd632889.jpg?ver=1777238111\",\"caption\":\"Christophe Badonnel\"},\"url\":\"https:\/\/centcols.org\/es\/author\/5799\/\"}]}<\/script>\n<!-- \/ Yoast SEO plugin. -->","yoast_head_json":{"title":"Vacaciones de primavera en Porticcio del 20 al 27 de abril de 2024 - Club des Cent Cols","robots":{"index":"index","follow":"follow","max-snippet":"max-snippet:-1","max-image-preview":"max-image-preview:large","max-video-preview":"max-video-preview:-1"},"canonical":"https:\/\/centcols.org\/es\/estancia-2024-porticcio\/","og_locale":"es_ES","og_type":"article","og_title":"S\u00e9jour de printemps \u00e0 Porticcio du 20 au 27 avril 2024 - Club des Cent Cols","og_description":"Le s\u00e9jour d\u2019\u00e9t\u00e9 2024 se d\u00e9roulera du 29 juin au 06 juillet 2024 dans le d\u00e9partement de l\u2019Ard\u00e8che. Il a \u00e9t\u00e9 pr\u00e9par\u00e9 par une petite \u00e9quipe\u00a0 : Corinne Dameron, Roland Dameron et Bernard Pommel. Situ\u00e9 dans la r\u00e9gion Auvergne-Rh\u00f4ne-Alpes, nich\u00e9 au coeur des paysages pittoresques de l\u2019Ard\u00e8che m\u00e9ridionale, Vog\u00fce s\u2019est construit \u00e0 l\u2019abri des vents, au pied d\u2019une falaise de cinquante m\u00e8tres de haut, le long de la rivi\u00e8re Ard\u00e8che.","og_url":"https:\/\/centcols.org\/es\/estancia-2024-porticcio\/","og_site_name":"Club des Cent Cols","article_publisher":"https:\/\/www.facebook.com\/groups\/5261880558\/?locale=fr_FR","article_published_time":"2024-01-11T15:04:25+00:00","article_modified_time":"2025-08-27T16:07:02+00:00","og_image":[{"width":640,"height":360,"url":"https:\/\/centcols.org\/wp-content\/uploads\/2024\/01\/paraz-01.jpg","type":"image\/jpeg"}],"author":"Christophe Badonnel","twitter_card":"summary_large_image","twitter_misc":{"Escrito por":"Christophe Badonnel","Tiempo de lectura":"9 minutos"},"schema":{"@context":"https:\/\/schema.org","@graph":[{"@type":"Article","@id":"https:\/\/centcols.org\/sejour-2024-porticcio\/#article","isPartOf":{"@id":"https:\/\/centcols.org\/sejour-2024-porticcio\/"},"author":{"name":"Christophe Badonnel","@id":"https:\/\/centcols.org\/#\/schema\/person\/5c1a9d61132fb33ccec149272abff6e1"},"headline":"S\u00e9jour de printemps \u00e0 Porticcio du 20 au 27 avril 2024","datePublished":"2024-01-11T15:04:25+00:00","dateModified":"2025-08-27T16:07:02+00:00","mainEntityOfPage":{"@id":"https:\/\/centcols.org\/sejour-2024-porticcio\/"},"wordCount":1598,"publisher":{"@id":"https:\/\/centcols.org\/#organization"},"image":{"@id":"https:\/\/centcols.org\/sejour-2024-porticcio\/#primaryimage"},"thumbnailUrl":"https:\/\/centcols.org\/wp-content\/uploads\/2024\/01\/paraz-01.jpg","articleSection":["France","Corse","20-Corse","Corse","Calendrier","S\u00e9jours du Club des Cent Cols"],"inLanguage":"es"},{"@type":"WebPage","@id":"https:\/\/centcols.org\/sejour-2024-porticcio\/","url":"https:\/\/centcols.org\/sejour-2024-porticcio\/","name":"Vacaciones de primavera en Porticcio del 20 al 27 de abril de 2024 - Club des Cent Cols","isPartOf":{"@id":"https:\/\/centcols.org\/#website"},"primaryImageOfPage":{"@id":"https:\/\/centcols.org\/sejour-2024-porticcio\/#primaryimage"},"image":{"@id":"https:\/\/centcols.org\/sejour-2024-porticcio\/#primaryimage"},"thumbnailUrl":"https:\/\/centcols.org\/wp-content\/uploads\/2024\/01\/paraz-01.jpg","datePublished":"2024-01-11T15:04:25+00:00","dateModified":"2025-08-27T16:07:02+00:00","breadcrumb":{"@id":"https:\/\/centcols.org\/sejour-2024-porticcio\/#breadcrumb"},"inLanguage":"es","potentialAction":[{"@type":"ReadAction","target":["https:\/\/centcols.org\/sejour-2024-porticcio\/"]}]},{"@type":"ImageObject","inLanguage":"es","@id":"https:\/\/centcols.org\/sejour-2024-porticcio\/#primaryimage","url":"https:\/\/centcols.org\/wp-content\/uploads\/2024\/01\/paraz-01.jpg","contentUrl":"https:\/\/centcols.org\/wp-content\/uploads\/2024\/01\/paraz-01.jpg","width":640,"height":360},{"@type":"BreadcrumbList","@id":"https:\/\/centcols.org\/sejour-2024-porticcio\/#breadcrumb","itemListElement":[{"@type":"ListItem","position":1,"name":"Accueil","item":"https:\/\/centcols.org\/"},{"@type":"ListItem","position":2,"name":"S\u00e9jours du Club des Cent Cols","item":"https:\/\/centcols.org\/rubrique\/sejours\/"},{"@type":"ListItem","position":3,"name":"Pays","item":"https:\/\/centcols.org\/rubrique\/sejours\/pays-sejours\/"},{"@type":"ListItem","position":4,"name":"France","item":"https:\/\/centcols.org\/rubrique\/sejours\/pays-sejours\/france-pays-sejours\/"},{"@type":"ListItem","position":5,"name":"S\u00e9jour de printemps \u00e0 Porticcio du 20 au 27 avril 2024"}]},{"@type":"WebSite","@id":"https:\/\/centcols.org\/#website","url":"https:\/\/centcols.org\/","name":"Club des Cent Cols","description":"","publisher":{"@id":"https:\/\/centcols.org\/#organization"},"potentialAction":[{"@type":"SearchAction","target":{"@type":"EntryPoint","urlTemplate":"https:\/\/centcols.org\/?s={search_term_string}"},"query-input":{"@type":"PropertyValueSpecification","valueRequired":true,"valueName":"search_term_string"}}],"inLanguage":"es"},{"@type":"Organization","@id":"https:\/\/centcols.org\/#organization","name":"Club des Cent Cols","url":"https:\/\/centcols.org\/","logo":{"@type":"ImageObject","inLanguage":"es","@id":"https:\/\/centcols.org\/#\/schema\/logo\/image\/","url":"https:\/\/centcols.org\/wp-content\/uploads\/2025\/01\/carte-icone.png","contentUrl":"https:\/\/centcols.org\/wp-content\/uploads\/2025\/01\/carte-icone.png","width":250,"height":250,"caption":"Club des Cent Cols"},"image":{"@id":"https:\/\/centcols.org\/#\/schema\/logo\/image\/"},"sameAs":["https:\/\/www.facebook.com\/groups\/5261880558\/?locale=fr_FR"]},{"@type":"Person","@id":"https:\/\/centcols.org\/#\/schema\/person\/5c1a9d61132fb33ccec149272abff6e1","name":"Christophe Badonnel","image":{"@type":"ImageObject","inLanguage":"es","@id":"https:\/\/centcols.org\/wp-content\/litespeed\/avatar\/9f363966b51271bd99ebbb6ebd632889.jpg?ver=1777238111","url":"https:\/\/centcols.org\/wp-content\/litespeed\/avatar\/9f363966b51271bd99ebbb6ebd632889.jpg?ver=1777238111","contentUrl":"https:\/\/centcols.org\/wp-content\/litespeed\/avatar\/9f363966b51271bd99ebbb6ebd632889.jpg?ver=1777238111","caption":"Christophe Badonnel"},"url":"https:\/\/centcols.org\/es\/author\/5799\/"}]}},"_links":{"self":[{"href":"https:\/\/centcols.org\/es\/wp-json\/wp\/v2\/posts\/82572","targetHints":{"allow":["GET"]}}],"collection":[{"href":"https:\/\/centcols.org\/es\/wp-json\/wp\/v2\/posts"}],"about":[{"href":"https:\/\/centcols.org\/es\/wp-json\/wp\/v2\/types\/post"}],"author":[{"embeddable":true,"href":"https:\/\/centcols.org\/es\/wp-json\/wp\/v2\/users\/64"}],"replies":[{"embeddable":true,"href":"https:\/\/centcols.org\/es\/wp-json\/wp\/v2\/comments?post=82572"}],"version-history":[{"count":0,"href":"https:\/\/centcols.org\/es\/wp-json\/wp\/v2\/posts\/82572\/revisions"}],"wp:featuredmedia":[{"embeddable":true,"href":"https:\/\/centcols.org\/es\/wp-json\/wp\/v2\/media\/83268"}],"wp:attachment":[{"href":"https:\/\/centcols.org\/es\/wp-json\/wp\/v2\/media?parent=82572"}],"wp:term":[{"taxonomy":"category","embeddable":true,"href":"https:\/\/centcols.org\/es\/wp-json\/wp\/v2\/categories?post=82572"},{"taxonomy":"post_tag","embeddable":true,"href":"https:\/\/centcols.org\/es\/wp-json\/wp\/v2\/tags?post=82572"}],"curies":[{"name":"wp","href":"https:\/\/api.w.org\/{rel}","templated":true}]}}