{"id":82615,"date":"2024-05-06T14:05:05","date_gmt":"2024-05-06T12:05:05","guid":{"rendered":"https:\/\/centcols.org\/col-du-sabot\/"},"modified":"2025-11-06T04:14:36","modified_gmt":"2025-11-06T02:14:36","slug":"cuello-de-la-pezuna","status":"publish","type":"post","link":"https:\/\/centcols.org\/es\/col-du-sabot\/","title":{"rendered":"Col du Sabot"},"content":{"rendered":"<p>Le <strong>Col du Sabot<\/strong> (<a href=\"https:\/\/centcols.org\/es\/util\/geo\/visu.php\/?code=FR-38-2100b\" target=\"_blank\" rel=\"noreferrer noopener\">FR-38-2100b<\/a>) es el \u00fanico puerto de m\u00e1s de 2000 m del departamento de Is\u00e8re que est\u00e1 cubierto... y lo que es m\u00e1s, s\u00f3lo est\u00e1 cubierto por un lado.<\/p>\n\n\n\n<figure class=\"wp-block-image size-full\"><img loading=\"lazy\" decoding=\"async\" width=\"732\" height=\"434\" src=\"https:\/\/centcols.org\/wp-content\/uploads\/2025\/05\/Carte-SABOT.jpg\" alt=\"\" class=\"wp-image-82616\"\/><figcaption class=\"wp-element-caption\"><em>La cruz azul indica la posici\u00f3n del paso Sabot<\/em><\/figcaption><\/figure>\n\n\n\n<h2 class=\"wp-block-heading\">Toponimia<\/h2>\n\n\n\n<p class=\"has-medium-font-size\">Sabot procede de Sabaudia, el dialecto de Saboya.<\/p>\n\n\n\n<h2 class=\"wp-block-heading\">Situaci\u00f3n geogr\u00e1fica<\/h2>\n\n\n\n<h3 class=\"wp-block-heading\">Macizo<\/h3>\n\n\n\n<p class=\"has-medium-font-size\">El Col du Sabot est\u00e1 situado en el Macizo des&nbsp;<a href=\"https:\/\/fr.wikipedia.org\/wiki\/Grandes_Rousses\" target=\"_blank\" rel=\"noreferrer noopener\">Grandes Rousses<\/a>.&nbsp;<\/p>\n\n\n\n<figure class=\"wp-block-image size-full is-resized\"><img loading=\"lazy\" decoding=\"async\" width=\"1016\" height=\"659\" src=\"https:\/\/centcols.org\/wp-content\/uploads\/2025\/05\/SABOT-VERSANT-SUD.jpg\" alt=\"\" class=\"wp-image-82617\" style=\"width:840px;height:auto\" srcset=\"https:\/\/centcols.org\/wp-content\/uploads\/2025\/05\/SABOT-VERSANT-SUD.jpg 1016w, https:\/\/centcols.org\/wp-content\/uploads\/2025\/05\/SABOT-VERSANT-SUD-768x498.jpg 768w\" sizes=\"auto, (max-width: 1016px) 100vw, 1016px\" \/><figcaption class=\"wp-element-caption\">Pie de foto del autor: \u00abEl borde noroeste del macizo de las Grandes Rousses en la vertiente sur del Col du Sabot, visto desde el sur, desde el aire, desde arriba de Sardonne\u00bb.\u00bb<br>  (con el Mont Blanc en el horizonte)<\/figcaption><\/figure>\n\n\n\n<h3 class=\"wp-block-heading has-medium-font-size\">Geolog\u00eda<\/h3>\n\n\n\n<p>El Col du Sabot se encuentra en la depresi\u00f3n entre el macizo de Aiguillettes, a la derecha, y los Rochers Maupas, a la izquierda. Aqu\u00ed, una peque\u00f1a falla provoc\u00f3 la inclinaci\u00f3n y el deslizamiento de un minibloque cristalino, como una ficha de domin\u00f3 vertical sobre su vecino de la izquierda.  La depresi\u00f3n resultante se rellen\u00f3 posteriormente con dep\u00f3sitos tri\u00e1sicos. Este lecho de dolomita tri\u00e1sica, que cubre el sustrato cristalino, es claramente visible a unas decenas de metros al este del paso.<\/p>\n\n\n\n<figure class=\"wp-block-image size-full is-resized\"><img loading=\"lazy\" decoding=\"async\" width=\"629\" height=\"185\" src=\"https:\/\/centcols.org\/wp-content\/uploads\/2025\/05\/image-17.png\" alt=\"\" class=\"wp-image-82618\" style=\"width:816px;height:auto\"\/><\/figure>\n\n\n\n<h3 class=\"wp-block-heading\">Hidrograf\u00eda<\/h3>\n\n\n\n<p>Ambas vertientes son afluentes del Eau d'Olle (afluente del Romanche, luego del Drac y del Is\u00e8re), mientras que el Vorge, afluente del Flumet, nace en el Col y fluye hacia el suroeste.<br>Al norte fluye el arroyo Sabot, que se une al Eau d'Olle aguas abajo de la presa de Grand'Maison.<\/p>\n\n\n\n<h2 class=\"wp-block-heading\">Acceda a<\/h2>\n\n\n\n<p><strong>Desde el suroeste<\/strong>, Desde Le Verney (cerca de la central el\u00e9ctrica de Eau d'Olle), en el cruce de la D526 (ruta de la Croix de Fer) con la D43a (818 m), se llega al Col du Sabot en 14,5 km. Se pasa por Vaujany (a 10 km, altitud 1250 m) y se atraviesa Le Collet.&nbsp; <a href=\"https:\/\/centcols.org\/es\/util\/geo\/visu.php\/?code=FR-38-1400\">FR-38-1400<\/a> &nbsp;&nbsp;(a 7,7 km).<\/p>\n\n\n\n<figure class=\"wp-block-image size-full is-resized\"><img loading=\"lazy\" decoding=\"async\" width=\"1140\" height=\"460\" src=\"https:\/\/centcols.org\/wp-content\/uploads\/2025\/05\/Du-Col-du-Sabot.jpg\" alt=\"\" class=\"wp-image-82619\" style=\"width:800px\" srcset=\"https:\/\/centcols.org\/wp-content\/uploads\/2025\/05\/Du-Col-du-Sabot.jpg 1140w, https:\/\/centcols.org\/wp-content\/uploads\/2025\/05\/Du-Col-du-Sabot-768x310.jpg 768w\" sizes=\"auto, (max-width: 1140px) 100vw, 1140px\" \/><\/figure>\n\n\n\n<pre class=\"wp-block-preformatted\">La carretera que sube al puerto de Sabot ... al fondo el lago de Verney (fuente Is\u00e8re-tourisme)<\/pre>\n\n\n\n<p>Al norte, un sendero de 2 km conduce a la presa de Grand\u2019 Maison (1.705 m).<\/p>\n\n\n\n<figure class=\"wp-block-image size-full is-resized\"><img loading=\"lazy\" decoding=\"async\" width=\"1018\" height=\"681\" src=\"https:\/\/centcols.org\/wp-content\/uploads\/2025\/05\/SABOT-VERSANT-NORD-copie.jpg\" alt=\"\" class=\"wp-image-82620\" style=\"width:800px\" srcset=\"https:\/\/centcols.org\/wp-content\/uploads\/2025\/05\/SABOT-VERSANT-NORD-copie.jpg 1018w, https:\/\/centcols.org\/wp-content\/uploads\/2025\/05\/SABOT-VERSANT-NORD-copie-768x514.jpg 768w\" sizes=\"auto, (max-width: 1018px) 100vw, 1018px\" \/><\/figure>\n\n\n\n<pre class=\"wp-block-preformatted\">Pie de foto del autor: <em>\u00abEl extremo norte de los Rochers Rissiou y la presa de la Grand Maison vistos desde el norte, desde las laderas inferiores del Rocher Pilliozan (camino del Lac de l'Ane).\u00bb<\/em><\/pre>\n\n\n\n<h2 class=\"wp-block-heading\">Qu\u00e9 ver - turismo\u00a0<\/h2>\n\n\n\n<p>A ambos lados del Col du Sabot se encuentran los <a href=\"https:\/\/france3-regions.francetvinfo.fr\/auvergne-rhone-alpes\/isere\/video-immersion-a-la-centrale-hydroelectrique-de-grand-maison-en-isere-la-plus-puissante-d-europe-2274700.html\" target=\"_blank\" rel=\"noreferrer noopener\">Instalaciones hidroel\u00e9ctricas de Grand'Maison<\/a>&nbsp;:<\/p>\n\n\n\n<p><strong>Al norte<\/strong>, Al final del sendero se encuentra la presa y el lago de la Grand'Maison.<\/p>\n\n\n\n<p><strong>Al suroeste<\/strong>, Desde la D43a, el Lac du Verney, la central hidroel\u00e9ctrica y el museo EDF Hydrelec.<\/p>\n\n\n\n<p>Ver art\u00edculos <a href=\"https:\/\/centcols.org\/es\/el-paso-de-la-bellota\/\" target=\"_blank\" rel=\"noreferrer noopener\">Col du Glandon<\/a> o <a href=\"https:\/\/centcols.org\/es\/el-col-de-la-croix-de-fer\/\" target=\"_blank\" rel=\"noreferrer noopener\">Col de la Croix de Fer<\/a> para obtener informaci\u00f3n sobre presas, instalaciones el\u00e9ctricas y el museo Hydrelec.<\/p>\n\n\n\n<h2 class=\"wp-block-heading\">Situaci\u00f3n administrativa<\/h2>\n\n\n\n<h3 class=\"wp-block-heading\">Actualmente<\/h3>\n\n\n\n<p>El puerto y sus dos pistas se encuentran en el municipio de Vaujany (Is\u00e8re).<\/p>\n\n\n\n<h3 class=\"wp-block-heading\">Historia&nbsp;<\/h3>\n\n\n\n<p><strong>Seg\u00fan&nbsp;<a href=\"https:\/\/www.oisans.com\/decouvrir\/les-incontournables\/col-glandon-col-de-croix-de-fer\/\" target=\"_blank\" rel=\"noreferrer noopener\">\u00ab oisans.com\u00bb<\/a><\/strong>Hasta 1860, el puerto de Sabot marcaba la frontera entre Francia y Saboya. Vaujany, en la ruta des cols, estaba entonces equipada con un&nbsp;<strong>oficina fronteriza<\/strong>&nbsp;...donde ahora est\u00e1 el embalse de la Grand'Maison,&nbsp;<strong>en el pasado, los franceses y los saboyanos se repart\u00edan los vastos pastos alpinos<\/strong>.<\/p>\n\n\n\n<p>La Grand'Maison era un gran edificio destinado a albergar a los pastores. Informaci\u00f3n completada por&nbsp;<strong>\u00ab&nbsp;<a href=\"https:\/\/www.isere-tourisme.com\/patrimoine-naturel\/au-col-du-sabot-2100-m\" target=\"_blank\" rel=\"noreferrer noopener\">Is\u00e8re-Tourisme&nbsp;<\/a>\u00bb&nbsp;<\/strong>Detr\u00e1s del Col du Sabot hab\u00eda un puesto fronterizo, del que a\u00fan quedan algunas ruinas.&nbsp;<\/p>\n\n\n\n<p>Esta funci\u00f3n de frontera, con puestos aduaneros, finaliz\u00f3 en 1850 cuando Saboya pas\u00f3 a formar parte de Francia. El desarrollo de la red viaria con la democratizaci\u00f3n del autom\u00f3vil aisl\u00f3 esta carretera en favor de la actual que une los puertos de Glandon y Croix de Fer a trav\u00e9s del Rivier d'Allemond.<\/p>\n\n\n\n<blockquote class=\"wp-block-quote is-layout-flow wp-block-quote-is-layout-flow\">\n<p>Nota del editor: Si el Col du Sabot era la frontera entre Dauphin\u00e9 (Francia) y Savoie, esto deber\u00eda significar que la ruta a trav\u00e9s del Col du Sabot (Allemond, Vaujany, Col du Sabot, Col du Glandon o Croix de Fer) era m\u00e1s practicable que la ruta a trav\u00e9s del D\u00e9fil\u00e9 de Maupas . (v\u00e9ase el hundimiento del Pic Brunard en 1989), (Allemond, Rivier d'Allemond, D\u00e9fil\u00e9 de Maupas, Col du Glandon), pero el autor no ha encontrado ninguna informaci\u00f3n al respecto en Internet. Tampoco hay informaci\u00f3n ni fotos sobre las ruinas del puesto fronterizo mencionado por Is\u00e8re-Tourisme.<\/p>\n<\/blockquote>\n\n\n\n<h2 class=\"wp-block-heading\">Ciclismo y cicloturismo<\/h2>\n\n\n\n<p>Oisans Tourisme organiza <a href=\"https:\/\/www.bike-oisans.com\/agenda-cyclo-vtt-oisans\/oisans-col-series\/\" target=\"_blank\" rel=\"noreferrer noopener\">SERIE OISANS COL&nbsp;<\/a>:<\/p>\n\n\n\n<p>Todos los martes por la ma\u00f1ana en verano, un emblem\u00e1tico puerto de Oisans est\u00e1 reservado a los ciclistas (los coches no est\u00e1n autorizados).<\/p>\n\n\n\n<h3 class=\"wp-block-heading\">Perfil<\/h3>\n\n\n\n<figure class=\"wp-block-image size-full is-resized\"><img loading=\"lazy\" decoding=\"async\" width=\"1020\" height=\"594\" src=\"https:\/\/centcols.org\/wp-content\/uploads\/2025\/05\/PROFIL-SABOT.jpg\" alt=\"\" class=\"wp-image-82622\" style=\"width:800px\" srcset=\"https:\/\/centcols.org\/wp-content\/uploads\/2025\/05\/PROFIL-SABOT.jpg 1020w, https:\/\/centcols.org\/wp-content\/uploads\/2025\/05\/PROFIL-SABOT-768x447.jpg 768w\" sizes=\"auto, (max-width: 1020px) 100vw, 1020px\" \/><\/figure>\n\n\n\n<figure class=\"wp-block-image size-full\"><img loading=\"lazy\" decoding=\"async\" width=\"375\" height=\"356\" src=\"https:\/\/centcols.org\/wp-content\/uploads\/2025\/05\/image-2-4.png\" alt=\"\" class=\"wp-image-82623\"\/><\/figure>\n\n\n\n<p>                                              <em><em>Un art\u00edculo de G\u00e9rard Galland <\/em>y Bernard Giraudeau (para la secci\u00f3n de geolog\u00eda)<\/em><\/p>","protected":false},"excerpt":{"rendered":"<p>Le Col du Sabot (FR-38-2100b) est le seul col plus de 2000 m rev\u00eatu &nbsp;du d\u00e9partement de l\u2019Is\u00e8re \u2026 et de plus il ne l\u2019est que sur un seul versant. Toponymie Sabot vient de Sabaudia, la Savoie en patois. Situation G\u00e9ographique Massif Le col du Sabot est situ\u00e9 dans le massif des&nbsp;Grandes Rousses.&nbsp; G\u00e9ologie Le [&hellip;]<\/p>\n","protected":false},"author":58,"featured_media":82619,"comment_status":"closed","ping_status":"open","sticky":false,"template":"","format":"standard","meta":{"_acf_changed":false,"footnotes":""},"categories":[308],"tags":[],"class_list":["post-82615","post","type-post","status-publish","format-standard","has-post-thumbnail","hentry","category-cols-en-vrac"],"acf":[],"yoast_head":"<!-- This site is optimized with the Yoast SEO plugin v27.2 - https:\/\/yoast.com\/product\/yoast-seo-wordpress\/ -->\n<title>Col du Sabot - Club des Cent Cols<\/title>\n<meta name=\"robots\" content=\"index, follow, max-snippet:-1, max-image-preview:large, max-video-preview:-1\" \/>\n<link rel=\"canonical\" href=\"https:\/\/centcols.org\/es\/cuello-de-la-pezuna\/\" \/>\n<meta property=\"og:locale\" content=\"es_ES\" \/>\n<meta property=\"og:type\" content=\"article\" \/>\n<meta property=\"og:title\" content=\"Col du Sabot - Club des Cent Cols\" \/>\n<meta property=\"og:description\" content=\"Le Col du Sabot (FR-38-2100b) est le seul col plus de 2000 m rev\u00eatu &nbsp;du d\u00e9partement de l\u2019Is\u00e8re \u2026 et de plus il ne l\u2019est que sur un seul versant. Toponymie Sabot vient de Sabaudia, la Savoie en patois. Situation G\u00e9ographique Massif Le col du Sabot est situ\u00e9 dans le massif des&nbsp;Grandes Rousses.&nbsp; G\u00e9ologie Le [&hellip;]\" \/>\n<meta property=\"og:url\" content=\"https:\/\/centcols.org\/es\/cuello-de-la-pezuna\/\" \/>\n<meta property=\"og:site_name\" content=\"Club des Cent Cols\" \/>\n<meta property=\"article:publisher\" content=\"https:\/\/www.facebook.com\/groups\/5261880558\/?locale=fr_FR\" \/>\n<meta property=\"article:published_time\" content=\"2024-05-06T12:05:05+00:00\" \/>\n<meta property=\"article:modified_time\" content=\"2025-11-06T02:14:36+00:00\" \/>\n<meta property=\"og:image\" content=\"https:\/\/centcols.org\/wp-content\/uploads\/2025\/05\/Du-Col-du-Sabot.jpg\" \/>\n\t<meta property=\"og:image:width\" content=\"1140\" \/>\n\t<meta property=\"og:image:height\" content=\"460\" \/>\n\t<meta property=\"og:image:type\" content=\"image\/jpeg\" \/>\n<meta name=\"author\" content=\"Enrico Alberini\" \/>\n<meta name=\"twitter:card\" content=\"summary_large_image\" \/>\n<meta name=\"twitter:label1\" content=\"Escrito por\" \/>\n\t<meta name=\"twitter:data1\" content=\"Enrico Alberini\" \/>\n\t<meta name=\"twitter:label2\" content=\"Tiempo de lectura\" \/>\n\t<meta name=\"twitter:data2\" content=\"5 minutos\" \/>\n<script type=\"application\/ld+json\" class=\"yoast-schema-graph\">{\"@context\":\"https:\/\/schema.org\",\"@graph\":[{\"@type\":\"Article\",\"@id\":\"https:\/\/centcols.org\/col-du-sabot\/#article\",\"isPartOf\":{\"@id\":\"https:\/\/centcols.org\/col-du-sabot\/\"},\"author\":{\"name\":\"Enrico Alberini\",\"@id\":\"https:\/\/centcols.org\/#\/schema\/person\/86c3ec6889d88501a29fccac614bebf8\"},\"headline\":\"Col du Sabot\",\"datePublished\":\"2024-05-06T12:05:05+00:00\",\"dateModified\":\"2025-11-06T02:14:36+00:00\",\"mainEntityOfPage\":{\"@id\":\"https:\/\/centcols.org\/col-du-sabot\/\"},\"wordCount\":785,\"publisher\":{\"@id\":\"https:\/\/centcols.org\/#organization\"},\"image\":{\"@id\":\"https:\/\/centcols.org\/col-du-sabot\/#primaryimage\"},\"thumbnailUrl\":\"https:\/\/centcols.org\/wp-content\/uploads\/2025\/05\/Du-Col-du-Sabot.jpg\",\"articleSection\":[\"Cols en vrac\"],\"inLanguage\":\"es\"},{\"@type\":\"WebPage\",\"@id\":\"https:\/\/centcols.org\/col-du-sabot\/\",\"url\":\"https:\/\/centcols.org\/col-du-sabot\/\",\"name\":\"Col du Sabot - Club des Cent Cols\",\"isPartOf\":{\"@id\":\"https:\/\/centcols.org\/#website\"},\"primaryImageOfPage\":{\"@id\":\"https:\/\/centcols.org\/col-du-sabot\/#primaryimage\"},\"image\":{\"@id\":\"https:\/\/centcols.org\/col-du-sabot\/#primaryimage\"},\"thumbnailUrl\":\"https:\/\/centcols.org\/wp-content\/uploads\/2025\/05\/Du-Col-du-Sabot.jpg\",\"datePublished\":\"2024-05-06T12:05:05+00:00\",\"dateModified\":\"2025-11-06T02:14:36+00:00\",\"breadcrumb\":{\"@id\":\"https:\/\/centcols.org\/col-du-sabot\/#breadcrumb\"},\"inLanguage\":\"es\",\"potentialAction\":[{\"@type\":\"ReadAction\",\"target\":[\"https:\/\/centcols.org\/col-du-sabot\/\"]}]},{\"@type\":\"ImageObject\",\"inLanguage\":\"es\",\"@id\":\"https:\/\/centcols.org\/col-du-sabot\/#primaryimage\",\"url\":\"https:\/\/centcols.org\/wp-content\/uploads\/2025\/05\/Du-Col-du-Sabot.jpg\",\"contentUrl\":\"https:\/\/centcols.org\/wp-content\/uploads\/2025\/05\/Du-Col-du-Sabot.jpg\",\"width\":1140,\"height\":460},{\"@type\":\"BreadcrumbList\",\"@id\":\"https:\/\/centcols.org\/col-du-sabot\/#breadcrumb\",\"itemListElement\":[{\"@type\":\"ListItem\",\"position\":1,\"name\":\"Accueil\",\"item\":\"https:\/\/centcols.org\/\"},{\"@type\":\"ListItem\",\"position\":2,\"name\":\"Cols en vrac\",\"item\":\"https:\/\/centcols.org\/rubrique\/cols-en-vrac\/\"},{\"@type\":\"ListItem\",\"position\":3,\"name\":\"Col du Sabot\"}]},{\"@type\":\"WebSite\",\"@id\":\"https:\/\/centcols.org\/#website\",\"url\":\"https:\/\/centcols.org\/\",\"name\":\"Club des Cent Cols\",\"description\":\"\",\"publisher\":{\"@id\":\"https:\/\/centcols.org\/#organization\"},\"potentialAction\":[{\"@type\":\"SearchAction\",\"target\":{\"@type\":\"EntryPoint\",\"urlTemplate\":\"https:\/\/centcols.org\/?s={search_term_string}\"},\"query-input\":{\"@type\":\"PropertyValueSpecification\",\"valueRequired\":true,\"valueName\":\"search_term_string\"}}],\"inLanguage\":\"es\"},{\"@type\":\"Organization\",\"@id\":\"https:\/\/centcols.org\/#organization\",\"name\":\"Club des Cent Cols\",\"url\":\"https:\/\/centcols.org\/\",\"logo\":{\"@type\":\"ImageObject\",\"inLanguage\":\"es\",\"@id\":\"https:\/\/centcols.org\/#\/schema\/logo\/image\/\",\"url\":\"https:\/\/centcols.org\/wp-content\/uploads\/2025\/01\/carte-icone.png\",\"contentUrl\":\"https:\/\/centcols.org\/wp-content\/uploads\/2025\/01\/carte-icone.png\",\"width\":250,\"height\":250,\"caption\":\"Club des Cent Cols\"},\"image\":{\"@id\":\"https:\/\/centcols.org\/#\/schema\/logo\/image\/\"},\"sameAs\":[\"https:\/\/www.facebook.com\/groups\/5261880558\/?locale=fr_FR\"]},{\"@type\":\"Person\",\"@id\":\"https:\/\/centcols.org\/#\/schema\/person\/86c3ec6889d88501a29fccac614bebf8\",\"name\":\"Enrico Alberini\",\"image\":{\"@type\":\"ImageObject\",\"inLanguage\":\"es\",\"@id\":\"https:\/\/centcols.org\/wp-content\/litespeed\/avatar\/1b26e36a18d85acc8b0f860f9628213f.jpg?ver=1777240766\",\"url\":\"https:\/\/centcols.org\/wp-content\/litespeed\/avatar\/1b26e36a18d85acc8b0f860f9628213f.jpg?ver=1777240766\",\"contentUrl\":\"https:\/\/centcols.org\/wp-content\/litespeed\/avatar\/1b26e36a18d85acc8b0f860f9628213f.jpg?ver=1777240766\",\"caption\":\"Enrico Alberini\"},\"url\":\"https:\/\/centcols.org\/es\/author\/5065\/\"}]}<\/script>\n<!-- \/ Yoast SEO plugin. -->","yoast_head_json":{"title":"Col du Sabot - Club des Cent Cols","robots":{"index":"index","follow":"follow","max-snippet":"max-snippet:-1","max-image-preview":"max-image-preview:large","max-video-preview":"max-video-preview:-1"},"canonical":"https:\/\/centcols.org\/es\/cuello-de-la-pezuna\/","og_locale":"es_ES","og_type":"article","og_title":"Col du Sabot - Club des Cent Cols","og_description":"Le Col du Sabot (FR-38-2100b) est le seul col plus de 2000 m rev\u00eatu &nbsp;du d\u00e9partement de l\u2019Is\u00e8re \u2026 et de plus il ne l\u2019est que sur un seul versant. Toponymie Sabot vient de Sabaudia, la Savoie en patois. Situation G\u00e9ographique Massif Le col du Sabot est situ\u00e9 dans le massif des&nbsp;Grandes Rousses.&nbsp; G\u00e9ologie Le [&hellip;]","og_url":"https:\/\/centcols.org\/es\/cuello-de-la-pezuna\/","og_site_name":"Club des Cent Cols","article_publisher":"https:\/\/www.facebook.com\/groups\/5261880558\/?locale=fr_FR","article_published_time":"2024-05-06T12:05:05+00:00","article_modified_time":"2025-11-06T02:14:36+00:00","og_image":[{"width":1140,"height":460,"url":"https:\/\/centcols.org\/wp-content\/uploads\/2025\/05\/Du-Col-du-Sabot.jpg","type":"image\/jpeg"}],"author":"Enrico Alberini","twitter_card":"summary_large_image","twitter_misc":{"Escrito por":"Enrico Alberini","Tiempo de lectura":"5 minutos"},"schema":{"@context":"https:\/\/schema.org","@graph":[{"@type":"Article","@id":"https:\/\/centcols.org\/col-du-sabot\/#article","isPartOf":{"@id":"https:\/\/centcols.org\/col-du-sabot\/"},"author":{"name":"Enrico Alberini","@id":"https:\/\/centcols.org\/#\/schema\/person\/86c3ec6889d88501a29fccac614bebf8"},"headline":"Col du Sabot","datePublished":"2024-05-06T12:05:05+00:00","dateModified":"2025-11-06T02:14:36+00:00","mainEntityOfPage":{"@id":"https:\/\/centcols.org\/col-du-sabot\/"},"wordCount":785,"publisher":{"@id":"https:\/\/centcols.org\/#organization"},"image":{"@id":"https:\/\/centcols.org\/col-du-sabot\/#primaryimage"},"thumbnailUrl":"https:\/\/centcols.org\/wp-content\/uploads\/2025\/05\/Du-Col-du-Sabot.jpg","articleSection":["Cols en vrac"],"inLanguage":"es"},{"@type":"WebPage","@id":"https:\/\/centcols.org\/col-du-sabot\/","url":"https:\/\/centcols.org\/col-du-sabot\/","name":"Col du Sabot - Club des Cent Cols","isPartOf":{"@id":"https:\/\/centcols.org\/#website"},"primaryImageOfPage":{"@id":"https:\/\/centcols.org\/col-du-sabot\/#primaryimage"},"image":{"@id":"https:\/\/centcols.org\/col-du-sabot\/#primaryimage"},"thumbnailUrl":"https:\/\/centcols.org\/wp-content\/uploads\/2025\/05\/Du-Col-du-Sabot.jpg","datePublished":"2024-05-06T12:05:05+00:00","dateModified":"2025-11-06T02:14:36+00:00","breadcrumb":{"@id":"https:\/\/centcols.org\/col-du-sabot\/#breadcrumb"},"inLanguage":"es","potentialAction":[{"@type":"ReadAction","target":["https:\/\/centcols.org\/col-du-sabot\/"]}]},{"@type":"ImageObject","inLanguage":"es","@id":"https:\/\/centcols.org\/col-du-sabot\/#primaryimage","url":"https:\/\/centcols.org\/wp-content\/uploads\/2025\/05\/Du-Col-du-Sabot.jpg","contentUrl":"https:\/\/centcols.org\/wp-content\/uploads\/2025\/05\/Du-Col-du-Sabot.jpg","width":1140,"height":460},{"@type":"BreadcrumbList","@id":"https:\/\/centcols.org\/col-du-sabot\/#breadcrumb","itemListElement":[{"@type":"ListItem","position":1,"name":"Accueil","item":"https:\/\/centcols.org\/"},{"@type":"ListItem","position":2,"name":"Cols en vrac","item":"https:\/\/centcols.org\/rubrique\/cols-en-vrac\/"},{"@type":"ListItem","position":3,"name":"Col du Sabot"}]},{"@type":"WebSite","@id":"https:\/\/centcols.org\/#website","url":"https:\/\/centcols.org\/","name":"Club des Cent Cols","description":"","publisher":{"@id":"https:\/\/centcols.org\/#organization"},"potentialAction":[{"@type":"SearchAction","target":{"@type":"EntryPoint","urlTemplate":"https:\/\/centcols.org\/?s={search_term_string}"},"query-input":{"@type":"PropertyValueSpecification","valueRequired":true,"valueName":"search_term_string"}}],"inLanguage":"es"},{"@type":"Organization","@id":"https:\/\/centcols.org\/#organization","name":"Club des Cent Cols","url":"https:\/\/centcols.org\/","logo":{"@type":"ImageObject","inLanguage":"es","@id":"https:\/\/centcols.org\/#\/schema\/logo\/image\/","url":"https:\/\/centcols.org\/wp-content\/uploads\/2025\/01\/carte-icone.png","contentUrl":"https:\/\/centcols.org\/wp-content\/uploads\/2025\/01\/carte-icone.png","width":250,"height":250,"caption":"Club des Cent Cols"},"image":{"@id":"https:\/\/centcols.org\/#\/schema\/logo\/image\/"},"sameAs":["https:\/\/www.facebook.com\/groups\/5261880558\/?locale=fr_FR"]},{"@type":"Person","@id":"https:\/\/centcols.org\/#\/schema\/person\/86c3ec6889d88501a29fccac614bebf8","name":"Enrico Alberini","image":{"@type":"ImageObject","inLanguage":"es","@id":"https:\/\/centcols.org\/wp-content\/litespeed\/avatar\/1b26e36a18d85acc8b0f860f9628213f.jpg?ver=1777240766","url":"https:\/\/centcols.org\/wp-content\/litespeed\/avatar\/1b26e36a18d85acc8b0f860f9628213f.jpg?ver=1777240766","contentUrl":"https:\/\/centcols.org\/wp-content\/litespeed\/avatar\/1b26e36a18d85acc8b0f860f9628213f.jpg?ver=1777240766","caption":"Enrico Alberini"},"url":"https:\/\/centcols.org\/es\/author\/5065\/"}]}},"_links":{"self":[{"href":"https:\/\/centcols.org\/es\/wp-json\/wp\/v2\/posts\/82615","targetHints":{"allow":["GET"]}}],"collection":[{"href":"https:\/\/centcols.org\/es\/wp-json\/wp\/v2\/posts"}],"about":[{"href":"https:\/\/centcols.org\/es\/wp-json\/wp\/v2\/types\/post"}],"author":[{"embeddable":true,"href":"https:\/\/centcols.org\/es\/wp-json\/wp\/v2\/users\/58"}],"replies":[{"embeddable":true,"href":"https:\/\/centcols.org\/es\/wp-json\/wp\/v2\/comments?post=82615"}],"version-history":[{"count":0,"href":"https:\/\/centcols.org\/es\/wp-json\/wp\/v2\/posts\/82615\/revisions"}],"wp:featuredmedia":[{"embeddable":true,"href":"https:\/\/centcols.org\/es\/wp-json\/wp\/v2\/media\/82619"}],"wp:attachment":[{"href":"https:\/\/centcols.org\/es\/wp-json\/wp\/v2\/media?parent=82615"}],"wp:term":[{"taxonomy":"category","embeddable":true,"href":"https:\/\/centcols.org\/es\/wp-json\/wp\/v2\/categories?post=82615"},{"taxonomy":"post_tag","embeddable":true,"href":"https:\/\/centcols.org\/es\/wp-json\/wp\/v2\/tags?post=82615"}],"curies":[{"name":"wp","href":"https:\/\/api.w.org\/{rel}","templated":true}]}}