{"id":82624,"date":"2024-05-07T13:55:18","date_gmt":"2024-05-07T11:55:18","guid":{"rendered":"https:\/\/centcols.org\/le-col-luitel\/"},"modified":"2025-12-13T19:28:50","modified_gmt":"2025-12-13T17:28:50","slug":"el-paso-de-luitel","status":"publish","type":"post","link":"https:\/\/centcols.org\/es\/le-col-luitel\/","title":{"rendered":"Coronel Luitel"},"content":{"rendered":"<p>Le&nbsp;<strong>Coronel Luitel<\/strong>&nbsp;(<a href=\"https:\/\/centcols.org\/es\/util\/geo\/visuGen.php\/?code=FR-38-1262\" target=\"_blank\" rel=\"noreferrer noopener\">FR-38-1262<\/a>),<\/p>\n\n\n\n<p>Para un miembro del club Cent Cols, este nombre desencadena una \u00abinclinaci\u00f3n\u00bb porque est\u00e1 vinculado al <strong>creaci\u00f3n de la hermandad<\/strong>&nbsp;: <a href=\"https:\/\/centcols.org\/es\/historique-cent-cols-3\/\" target=\"_blank\" rel=\"noreferrer noopener\">Fue tras escalar este puerto en 1970 cuando Jean Perdoux tuvo la idea de crear el \u00abClub des Cent Cols\".<\/a>&nbsp;\u00bbantes de escribir las normas en <strong>1972.<\/strong><\/p>\n\n\n\n<p>Para alguien de Grenoble que vaya a esquiar a Chamrousse, \u00able Luitel\u00bb est\u00e1 en el cruce de la D111 (de Uriage a Chamrousse) y la peque\u00f1a carretera que baja a S\u00e9chilienne... debajo del inicio de las pistas de esqu\u00ed de fondo de Arselle... pues no, el paso est\u00e1 a 500 metros, en plena reserva natural de Luitel.<\/p>\n\n\n\n<div class=\"wp-block-media-text is-stacked-on-mobile\"><figure class=\"wp-block-media-text__media\"><img loading=\"lazy\" decoding=\"async\" width=\"1200\" height=\"800\" src=\"https:\/\/centcols.org\/wp-content\/uploads\/2024\/05\/1-Panneau1.jpg\" alt=\"\" class=\"wp-image-83301 size-full\" srcset=\"https:\/\/centcols.org\/wp-content\/uploads\/2024\/05\/1-Panneau1.jpg 1200w, https:\/\/centcols.org\/wp-content\/uploads\/2024\/05\/1-Panneau1-768x512.jpg 768w\" sizes=\"auto, (max-width: 1200px) 100vw, 1200px\" \/><\/figure><div class=\"wp-block-media-text__content\">\n<p>Esta ubicaci\u00f3n (indiscutible) corresponde a la posici\u00f3n en el mapa del IGN, la ubicaci\u00f3n dada por el Club des Cent cols, y la posici\u00f3n del poste indicador de madera que indica Col Luitel 1262 m.<\/p>\n<\/div><\/div>\n\n\n\n<div class=\"wp-block-media-text has-media-on-the-right is-stacked-on-mobile\"><div class=\"wp-block-media-text__content\">\n<p>Verificaci\u00f3n in situ en mayo de 2020: <a href=\"https:\/\/cyclotouristes-grenoblois.assoconnect.com\/articles\/135604-mais-ou-est-donc-exactement-le-col-luitel\" target=\"_blank\" rel=\"noreferrer noopener\">Pero, \u00bfd\u00f3nde est\u00e1 exactamente el coronel Luitel?<\/a><\/p>\n<\/div><figure class=\"wp-block-media-text__media\"><img loading=\"lazy\" decoding=\"async\" width=\"1200\" height=\"708\" src=\"https:\/\/centcols.org\/wp-content\/uploads\/2024\/05\/2-Carte1.jpg\" alt=\"\" class=\"wp-image-83302 size-full\" srcset=\"https:\/\/centcols.org\/wp-content\/uploads\/2024\/05\/2-Carte1.jpg 1200w, https:\/\/centcols.org\/wp-content\/uploads\/2024\/05\/2-Carte1-768x453.jpg 768w\" sizes=\"auto, (max-width: 1200px) 100vw, 1200px\" \/><\/figure><\/div>\n\n\n\n<h2 class=\"wp-block-heading\">Toponimia<\/h2>\n\n\n\n<p>Luitel: as\u00ed se llaman el puerto, el lago, la turbera y la reserva natural.<\/p>\n\n\n\n<p>Seg\u00fan este <a href=\"https:\/\/www.tandfonline.com\/doi\/abs\/10.1080\/00378941.1963.10835448\" target=\"_blank\" rel=\"noreferrer noopener\">art\u00edculo en el Bulletin de la Soci\u00e9t\u00e9 Botanique de France<\/a> (p\u00e1gina 150) \u00abLos documentos hist\u00f3ricos sobre el Luitel son casi inexistentes. Los archivos de Is\u00e8re no nos dicen nada interesante al respecto. A lo sumo, se menciona a veces bajo los nombres de Lauvestellum, Lutet, Luther, luego Luytel y Luitel\u00bb(i).<\/p>\n\n\n\n<h2 class=\"wp-block-heading\">Situaci\u00f3n geogr\u00e1fica<\/h2>\n\n\n\n<h3 class=\"wp-block-heading\">Macizo<\/h3>\n\n\n\n<p>El Col Luitel est\u00e1 situado al sur de la cordillera Belledonne.<\/p>\n\n\n\n<h3 class=\"wp-block-heading\">Geolog\u00eda<\/h3>\n\n\n\n<p>Aqu\u00ed, hace m\u00e1s de 50.000 a\u00f1os, un brazo del glaciar del valle de Romanche se abri\u00f3 paso lentamente sobre el Col Luitel. Esta verdadera raspa continua excav\u00f3 depresiones de profundidad variable (de 11 a 16 metros).  El lago Luitel, originalmente mucho m\u00e1s grande, se form\u00f3 al retirarse los glaciares. Reabastecido constantemente de agua, el lago se transform\u00f3 en parte en una turbera por el crecimiento y la acumulaci\u00f3n de restos vegetales. En el Col Luitel en particular, la proliferaci\u00f3n t\u00edpica de musgos (musgos sphagnum) hizo que la turbera sobresaliera de una depresi\u00f3n menos profunda que el lago.<\/p>\n\n\n\n<figure class=\"wp-block-gallery has-nested-images columns-default is-cropped wp-block-gallery-1 is-layout-flex wp-block-gallery-is-layout-flex\">\n<figure class=\"wp-block-image size-large\"><a href=\"https:\/\/centcols.org\/wp-content\/uploads\/2024\/05\/LA-tourbiere-P1000175-1-1200x8001-1.jpg\"><img loading=\"lazy\" decoding=\"async\" width=\"1200\" height=\"800\" data-id=\"83303\" src=\"https:\/\/centcols.org\/wp-content\/uploads\/2024\/05\/LA-tourbiere-P1000175-1-1200x8001-1.jpg\" alt=\"\" class=\"wp-image-83303\" srcset=\"https:\/\/centcols.org\/wp-content\/uploads\/2024\/05\/LA-tourbiere-P1000175-1-1200x8001-1.jpg 1200w, https:\/\/centcols.org\/wp-content\/uploads\/2024\/05\/LA-tourbiere-P1000175-1-1200x8001-1-768x512.jpg 768w\" sizes=\"auto, (max-width: 1200px) 100vw, 1200px\" \/><\/a><figcaption class=\"wp-element-caption\">la turbera<\/figcaption><\/figure>\n\n\n\n<figure class=\"wp-block-image size-large\"><a href=\"https:\/\/centcols.org\/wp-content\/uploads\/2024\/05\/Le-Lac-Luitel-P1000177-1200x8001-1.jpg\"><img loading=\"lazy\" decoding=\"async\" width=\"1200\" height=\"800\" data-id=\"83304\" src=\"https:\/\/centcols.org\/wp-content\/uploads\/2024\/05\/Le-Lac-Luitel-P1000177-1200x8001-1.jpg\" alt=\"\" class=\"wp-image-83304\" srcset=\"https:\/\/centcols.org\/wp-content\/uploads\/2024\/05\/Le-Lac-Luitel-P1000177-1200x8001-1.jpg 1200w, https:\/\/centcols.org\/wp-content\/uploads\/2024\/05\/Le-Lac-Luitel-P1000177-1200x8001-1-768x512.jpg 768w\" sizes=\"auto, (max-width: 1200px) 100vw, 1200px\" \/><\/a><figcaption class=\"wp-element-caption\">Lago Luitel<\/figcaption><\/figure>\n<\/figure>\n\n\n\n<h3 class=\"wp-block-heading\">Hidrograf\u00eda<\/h3>\n\n\n\n<p>Lac Luitel se encuentra en la <strong>al norte del paso.<\/strong> Est\u00e1 alimentado por el Ruisseau de Rambert, que procede de la meseta de Arselle (turbera). La desembocadura del lago se encuentra cerca de la curva de la D111 (viniendo de Uriage), justo antes del cruce con la ruta de S\u00e9chilienne. M\u00e1s abajo fluye el Ruisseau de Pr\u00e9mol, afluente del Ruisseau de la Grande Maille en Vaulnaveys-le-Bas, a su vez afluente del Romanche en Vizille.<\/p>\n\n\n\n<p>La limpieza de la nieve en la carretera de Chamrousse mediante salaz\u00f3n y la escorrent\u00eda de agua provocan la transferencia de grandes cantidades de sal al lago Luitel y a la turbera. V\u00e9ase el estudio: <em>\u00abLes effets des \u00e9pandages de sel sur la tourbi\u00e8re lacustre du Luitel (Massif de Belledonne, France): la d\u00e9rivation des eaux du ruisseau du Rambert comme rem\u00e8de \u00e0 la pollution\u00bb. <a href=\"https:\/\/www.persee.fr\/doc\/rga_0035-1121_2003_num_91_1_2230\" target=\"_blank\" rel=\"noreferrer noopener\">(Revue de G\u00e9ographie Alpine Ann\u00e9e 2003 91-1 pp. 51-66)<\/a><\/em><\/p>\n\n\n\n<h3 class=\"wp-block-heading\">Acceda a<\/h3>\n\n\n\n<p><strong>Desde Grenoble<\/strong> (Palais des sports 23,5 km, 213 m), Gi\u00e9res (20 km, alt; 227 m), Uriage (13 km, alt 412m) v\u00eda D524, MF de Pr\u00e9mol (3 km, 1088 m) v\u00eda D111, cruce D111\/ RF (0,5 km - 1268m).<\/p>\n\n\n\n<p><strong>Desde Chamrousse <\/strong>(Roche Beranger) (alt 1745 m) por la D111 se llega al cruce con la ruta de S\u00e9chilienne tras un descenso de 7,5 km.<\/p>\n\n\n\n<p><strong>De S\u00e9chilienne <\/strong>(alt. 368m) es una subida de 10km (ruta C1) hasta el paso de Luitel.<\/p>\n\n\n\n<h2 class=\"wp-block-heading has-medium-font-size\">Qu\u00e9 ver - turismo&nbsp;<\/h2>\n\n\n\n<h3 class=\"wp-block-heading\">Al paso<\/h3>\n\n\n\n<p>La <a href=\"https:\/\/www.isere-tourisme.com\/patrimoine-naturel\/reserve-naturelle-du-luitel\" target=\"_blank\" rel=\"noreferrer noopener\">Reserva Natural del Lago Luitel,<\/a> la primera creada en Francia (1961), contiene todas las etapas ecol\u00f3gicas de una turbera de esfagno en su emplazamiento de 17 hect\u00e1reas. El lago Luitel debe su existencia a los grandes glaciares del Cuaternario.<\/p>\n\n\n\n<p>La turbera de Col Luitel pas\u00f3 a formar parte de la reserva en 1991.<\/p>\n\n\n\n<p><a href=\"https:\/\/www.lacsdemontagne.fr\/pages%20web\/38\/Belledonne\/lac%20Luitel\/lac_luitel.htm\" target=\"_blank\" rel=\"noreferrer noopener\">Esta reserva<\/a>, La turbera de Luitel se compone de dos zonas: el lago Luitel, un lago y una turbera caracterizados por las balsas flotantes, y la turbera parcialmente arbolada de Col Luitel. Hay varios senderos se\u00f1alizados que atraviesan la zona.<\/p>\n\n\n\n<h2 class=\"wp-block-heading\">Situaci\u00f3n administrativa<\/h2>\n\n\n\n<p>El Col Luitel est\u00e1 situado en el municipio de S\u00e9chilienne.<\/p>\n\n\n\n<p>El l\u00edmite con el municipio de Vaulnaveys-le-Haut es la D111 (route de Chamrousse).<\/p>\n\n\n\n<h2 class=\"wp-block-heading\">Ciclismo y cicloturismo<\/h2>\n\n\n\n<p><strong><a href=\"https:\/\/centcols.org\/wp-content\/uploads\/2022\/07\/D-L-100-cols.jpg\" target=\"_blank\" rel=\"noreferrer noopener\">Cincuentenario del Club des Cents Cols<\/a> (Dauphin\u00e9 Lib\u00e9r\u00e9)<\/strong><\/p>\n\n\n\n<p>El s\u00e1bado 25 de junio de 2022, el Club des Cent Cols celebr\u00f3 su 50 aniversario. Un centenar de personas se reunieron en el aparcamiento de la casa forestal de Premol (1088 m de altitud), a 3 km del puerto.<\/p>\n\n\n\n<div class=\"wp-block-media-text has-media-on-the-right is-stacked-on-mobile\" style=\"grid-template-columns:auto 35%\"><div class=\"wp-block-media-text__content\">\n<p>Guy Harl\u00e9, organizador de la manifestaci\u00f3n, y varios centcolistas de la zona eligieron este lugar por su proximidad al puerto (y por la imposibilidad de celebrar la manifestaci\u00f3n en el propio puerto debido a la estrechez del peque\u00f1o aparcamiento situado al borde de la reserva natural de Luitel).<\/p>\n\n\n\n<p>Era vital evitar pisotear la reserva...<\/p>\n<\/div><figure class=\"wp-block-media-text__media\"><img loading=\"lazy\" decoding=\"async\" width=\"414\" height=\"374\" src=\"https:\/\/centcols.org\/wp-content\/uploads\/2024\/05\/3-Plan-Luitel-Parking-1-11.jpg\" alt=\"\" class=\"wp-image-89964 size-full\" srcset=\"https:\/\/centcols.org\/wp-content\/uploads\/2024\/05\/3-Plan-Luitel-Parking-1-11.jpg 414w, https:\/\/centcols.org\/wp-content\/uploads\/2024\/05\/3-Plan-Luitel-Parking-1-11-13x12.jpg 13w\" sizes=\"auto, (max-width: 414px) 100vw, 414px\" \/><\/figure><\/div>\n\n\n\n<div style=\"height:40px\" aria-hidden=\"true\" class=\"wp-block-spacer\"><\/div>\n\n\n<div class=\"wp-block-image\">\n<figure data-wp-context=\"{&quot;imageId&quot;:&quot;69f196f4737f4&quot;}\" data-wp-interactive=\"core\/image\" data-wp-key=\"69f196f4737f4\" class=\"aligncenter size-full is-resized wp-lightbox-container\"><img loading=\"lazy\" decoding=\"async\" width=\"1200\" height=\"800\" data-wp-class--hide=\"state.isContentHidden\" data-wp-class--show=\"state.isContentVisible\" data-wp-init=\"callbacks.setButtonStyles\" data-wp-on--click=\"actions.showLightbox\" data-wp-on--load=\"callbacks.setButtonStyles\" data-wp-on-window--resize=\"callbacks.setButtonStyles\" src=\"https:\/\/centcols.org\/wp-content\/uploads\/2025\/05\/4-Camping-car-a-PREMOL-copie.jpg\" alt=\"\" class=\"wp-image-82631\" style=\"width:587px;height:auto\" srcset=\"https:\/\/centcols.org\/wp-content\/uploads\/2025\/05\/4-Camping-car-a-PREMOL-copie.jpg 1200w, https:\/\/centcols.org\/wp-content\/uploads\/2025\/05\/4-Camping-car-a-PREMOL-copie-768x512.jpg 768w\" sizes=\"auto, (max-width: 1200px) 100vw, 1200px\" \/><button\n\t\t\tclass=\"lightbox-trigger\"\n\t\t\ttype=\"button\"\n\t\t\taria-haspopup=\"dialog\"\n\t\t\taria-label=\"Agrandar\"\n\t\t\tdata-wp-init=\"callbacks.initTriggerButton\"\n\t\t\tdata-wp-on--click=\"actions.showLightbox\"\n\t\t\tdata-wp-style--right=\"state.imageButtonRight\"\n\t\t\tdata-wp-style--top=\"state.imageButtonTop\"\n\t\t>\n\t\t\t<svg xmlns=\"http:\/\/www.w3.org\/2000\/svg\" width=\"12\" height=\"12\" fill=\"none\" viewbox=\"0 0 12 12\">\n\t\t\t\t<path fill=\"#fff\" d=\"M2 0a2 2 0 0 0-2 2v2h1.5V2a.5.5 0 0 1 .5-.5h2V0H2Zm2 10.5H2a.5.5 0 0 1-.5-.5V8H0v2a2 2 0 0 0 2 2h2v-1.5ZM8 12v-1.5h2a.5.5 0 0 0 .5-.5V8H12v2a2 2 0 0 1-2 2H8Zm2-12a2 2 0 0 1 2 2v2h-1.5V2a.5.5 0 0 0-.5-.5H8V0h2Z\" \/>\n\t\t\t<\/svg>\n\t\t<\/button><figcaption class=\"wp-element-caption\">La v\u00edspera: preparativos del acto<\/figcaption><\/figure>\n<\/div>\n\n\n<div style=\"height:40px\" aria-hidden=\"true\" class=\"wp-block-spacer\"><\/div>\n\n\n<div class=\"wp-block-image\">\n<figure data-wp-context=\"{&quot;imageId&quot;:&quot;69f196f474766&quot;}\" data-wp-interactive=\"core\/image\" data-wp-key=\"69f196f474766\" class=\"aligncenter size-full is-resized wp-lightbox-container\"><img loading=\"lazy\" decoding=\"async\" width=\"1200\" height=\"900\" data-wp-class--hide=\"state.isContentHidden\" data-wp-class--show=\"state.isContentVisible\" data-wp-init=\"callbacks.setButtonStyles\" data-wp-on--click=\"actions.showLightbox\" data-wp-on--load=\"callbacks.setButtonStyles\" data-wp-on-window--resize=\"callbacks.setButtonStyles\" src=\"https:\/\/centcols.org\/wp-content\/uploads\/2025\/05\/5-rassemblement-copie.jpg\" alt=\"\" class=\"wp-image-82634\" style=\"width:800px\" srcset=\"https:\/\/centcols.org\/wp-content\/uploads\/2025\/05\/5-rassemblement-copie.jpg 1200w, https:\/\/centcols.org\/wp-content\/uploads\/2025\/05\/5-rassemblement-copie-768x576.jpg 768w\" sizes=\"auto, (max-width: 1200px) 100vw, 1200px\" \/><button\n\t\t\tclass=\"lightbox-trigger\"\n\t\t\ttype=\"button\"\n\t\t\taria-haspopup=\"dialog\"\n\t\t\taria-label=\"Agrandar\"\n\t\t\tdata-wp-init=\"callbacks.initTriggerButton\"\n\t\t\tdata-wp-on--click=\"actions.showLightbox\"\n\t\t\tdata-wp-style--right=\"state.imageButtonRight\"\n\t\t\tdata-wp-style--top=\"state.imageButtonTop\"\n\t\t>\n\t\t\t<svg xmlns=\"http:\/\/www.w3.org\/2000\/svg\" width=\"12\" height=\"12\" fill=\"none\" viewbox=\"0 0 12 12\">\n\t\t\t\t<path fill=\"#fff\" d=\"M2 0a2 2 0 0 0-2 2v2h1.5V2a.5.5 0 0 1 .5-.5h2V0H2Zm2 10.5H2a.5.5 0 0 1-.5-.5V8H0v2a2 2 0 0 0 2 2h2v-1.5ZM8 12v-1.5h2a.5.5 0 0 0 .5-.5V8H12v2a2 2 0 0 1-2 2H8Zm2-12a2 2 0 0 1 2 2v2h-1.5V2a.5.5 0 0 0-.5-.5H8V0h2Z\" \/>\n\t\t\t<\/svg>\n\t\t<\/button><figcaption class=\"wp-element-caption\">La manifestaci\u00f3n y el discurso del organizador Guy Harl\u00e9<\/figcaption><\/figure>\n<\/div>\n\n\n<figure class=\"wp-block-gallery has-nested-images columns-default is-cropped wp-block-gallery-2 is-layout-flex wp-block-gallery-is-layout-flex\">\n<figure class=\"wp-block-image size-full\"><img loading=\"lazy\" decoding=\"async\" width=\"1200\" height=\"800\" data-id=\"82635\" src=\"https:\/\/centcols.org\/wp-content\/uploads\/2025\/05\/6-discours-1.jpg\" alt=\"\" class=\"wp-image-82635\" srcset=\"https:\/\/centcols.org\/wp-content\/uploads\/2025\/05\/6-discours-1.jpg 1200w, https:\/\/centcols.org\/wp-content\/uploads\/2025\/05\/6-discours-1-768x512.jpg 768w\" sizes=\"auto, (max-width: 1200px) 100vw, 1200px\" \/><figcaption class=\"wp-element-caption\">Discurso de Jean Perdoux, Presidente fundador<\/figcaption><\/figure>\n\n\n\n<figure class=\"wp-block-image size-full\"><img loading=\"lazy\" decoding=\"async\" width=\"1200\" height=\"800\" data-id=\"82636\" src=\"https:\/\/centcols.org\/wp-content\/uploads\/2025\/05\/7-discours-2.jpg\" alt=\"\" class=\"wp-image-82636\" srcset=\"https:\/\/centcols.org\/wp-content\/uploads\/2025\/05\/7-discours-2.jpg 1200w, https:\/\/centcols.org\/wp-content\/uploads\/2025\/05\/7-discours-2-768x512.jpg 768w\" sizes=\"auto, (max-width: 1200px) 100vw, 1200px\" \/><figcaption class=\"wp-element-caption\">El discurso del actual Presidente Enrico Alberini<\/figcaption><\/figure>\n<\/figure>\n\n\n\n<h3 class=\"wp-block-heading\">Perfiles<\/h3>\n\n\n\n<div class=\"wp-block-media-text is-stacked-on-mobile\"><figure class=\"wp-block-media-text__media\"><img loading=\"lazy\" decoding=\"async\" width=\"596\" height=\"357\" src=\"https:\/\/centcols.org\/wp-content\/uploads\/2024\/05\/image-31.png\" alt=\"\" class=\"wp-image-83312 size-full\"\/><\/figure><div class=\"wp-block-media-text__content\">\n<p>Inicio : Vaulnaveys le Haut<br>Longitud: 10,90 km<br>Diferencia de altura: 855 m<br>% Media: 7,84%<br>% M\u00e1ximo: 10,2%<br><a href=\"http:\/\/Cols-cyclisme.com\">Cols-cyclisme.com<\/a><\/p>\n\n\n\n<p><em>Perfil de Col Luitel de Uriage.&nbsp;<\/em><\/p>\n<\/div><\/div>\n\n\n\n<div class=\"wp-block-media-text has-media-on-the-right is-stacked-on-mobile\"><div class=\"wp-block-media-text__content\">\n<p>Inicio : S\u00e9chilienne<br>Longitud: 10,30 km<br>Diferencia de altura: 901 m<br>% Media: 8,75%<br>% M\u00e1ximo: 14,3%<br><a href=\"https:\/\/www.cols-cyclisme.com\/belledonne\/france\/col-luitel-depuis-sechilienne-c102.htm\" target=\"_blank\" rel=\"noreferrer noopener\">Cols-cyclisme.com<\/a><\/p>\n\n\n\n<p><em>Perfil del Col Luitel de S\u00e9chilenne<\/em><\/p>\n<\/div><figure class=\"wp-block-media-text__media\"><img loading=\"lazy\" decoding=\"async\" width=\"606\" height=\"358\" src=\"https:\/\/centcols.org\/wp-content\/uploads\/2024\/05\/image-41.png\" alt=\"\" class=\"wp-image-83313 size-full\"\/><\/figure><\/div>\n\n\n\n<p class=\"has-medium-font-size\">Y por \u00faltimo, unas im\u00e1genes sobre el  <a href=\"https:\/\/photos.google.com\/share\/AF1QipO-WPhiqBe6q-hi6QVjOhEqKQ1Pp0Ww75PjJzLnOCE1UxwoZTioqhhI_4PyYAHLHQ?key=NnNuOUdPYkwyMHhSQ2xCX09MWWdVWmVkN2NpRmln\" target=\"_blank\" rel=\"noreferrer noopener\">COL LUITEL<\/a><\/p>\n\n\n\n<p class=\"has-text-align-right\"><em>Un art\u00edculo de G\u00e9rard Galland (y Bernard Giraudeau para la secci\u00f3n de geolog\u00eda)<\/em><\/p>","protected":false},"excerpt":{"rendered":"<p>Le&nbsp;Col Luitel&nbsp;(FR-38-1262), Pour un membre du club de Cent Cols, ce nom d\u00e9clenche un \u00ab&nbsp;tilt&nbsp;\u00bb puisque ce nom est li\u00e9 \u00e0 la cr\u00e9ation de la confr\u00e9rie&nbsp;: c\u2019est apr\u00e8s avoir escalad\u00e9 ce col&nbsp; en 1970, que Jean Perdoux eut l\u2019id\u00e9e de cr\u00e9er&nbsp;: \u00ab&nbsp;Le Club des Cent Cols&nbsp;\u00bb &nbsp;avant d\u2019en \u00e9crire&nbsp; le r\u00e8glement en 1972. Pour un [&hellip;]<\/p>\n","protected":false},"author":58,"featured_media":83304,"comment_status":"closed","ping_status":"open","sticky":false,"template":"","format":"standard","meta":{"_acf_changed":false,"footnotes":""},"categories":[308],"tags":[],"class_list":["post-82624","post","type-post","status-publish","format-standard","has-post-thumbnail","hentry","category-cols-en-vrac"],"acf":[],"yoast_head":"<!-- This site is optimized with the Yoast SEO plugin v27.2 - https:\/\/yoast.com\/product\/yoast-seo-wordpress\/ -->\n<title>Le Col Luitel - Club des Cent Cols<\/title>\n<meta name=\"robots\" content=\"index, follow, max-snippet:-1, max-image-preview:large, max-video-preview:-1\" \/>\n<link rel=\"canonical\" href=\"https:\/\/centcols.org\/es\/el-paso-de-luitel\/\" \/>\n<meta property=\"og:locale\" content=\"es_ES\" \/>\n<meta property=\"og:type\" content=\"article\" \/>\n<meta property=\"og:title\" content=\"Le Col Luitel - Club des Cent Cols\" \/>\n<meta property=\"og:description\" content=\"Le&nbsp;Col Luitel&nbsp;(FR-38-1262), Pour un membre du club de Cent Cols, ce nom d\u00e9clenche un \u00ab&nbsp;tilt&nbsp;\u00bb puisque ce nom est li\u00e9 \u00e0 la cr\u00e9ation de la confr\u00e9rie&nbsp;: c\u2019est apr\u00e8s avoir escalad\u00e9 ce col&nbsp; en 1970, que Jean Perdoux eut l\u2019id\u00e9e de cr\u00e9er&nbsp;: \u00ab&nbsp;Le Club des Cent Cols&nbsp;\u00bb &nbsp;avant d\u2019en \u00e9crire&nbsp; le r\u00e8glement en 1972. Pour un [&hellip;]\" \/>\n<meta property=\"og:url\" content=\"https:\/\/centcols.org\/es\/el-paso-de-luitel\/\" \/>\n<meta property=\"og:site_name\" content=\"Club des Cent Cols\" \/>\n<meta property=\"article:publisher\" content=\"https:\/\/www.facebook.com\/groups\/5261880558\/?locale=fr_FR\" \/>\n<meta property=\"article:published_time\" content=\"2024-05-07T11:55:18+00:00\" \/>\n<meta property=\"article:modified_time\" content=\"2025-12-13T17:28:50+00:00\" \/>\n<meta property=\"og:image\" content=\"https:\/\/centcols.org\/wp-content\/uploads\/2024\/05\/Le-Lac-Luitel-P1000177-1200x8001-1.jpg\" \/>\n\t<meta property=\"og:image:width\" content=\"1200\" \/>\n\t<meta property=\"og:image:height\" content=\"800\" \/>\n\t<meta property=\"og:image:type\" content=\"image\/jpeg\" \/>\n<meta name=\"author\" content=\"Enrico Alberini\" \/>\n<meta name=\"twitter:card\" content=\"summary_large_image\" \/>\n<meta name=\"twitter:label1\" content=\"Escrito por\" \/>\n\t<meta name=\"twitter:data1\" content=\"Enrico Alberini\" \/>\n\t<meta name=\"twitter:label2\" content=\"Tiempo de lectura\" \/>\n\t<meta name=\"twitter:data2\" content=\"8 minutos\" \/>\n<script type=\"application\/ld+json\" class=\"yoast-schema-graph\">{\"@context\":\"https:\/\/schema.org\",\"@graph\":[{\"@type\":\"Article\",\"@id\":\"https:\/\/centcols.org\/le-col-luitel\/#article\",\"isPartOf\":{\"@id\":\"https:\/\/centcols.org\/le-col-luitel\/\"},\"author\":{\"name\":\"Enrico Alberini\",\"@id\":\"https:\/\/centcols.org\/#\/schema\/person\/86c3ec6889d88501a29fccac614bebf8\"},\"headline\":\"Le Col Luitel\",\"datePublished\":\"2024-05-07T11:55:18+00:00\",\"dateModified\":\"2025-12-13T17:28:50+00:00\",\"mainEntityOfPage\":{\"@id\":\"https:\/\/centcols.org\/le-col-luitel\/\"},\"wordCount\":1020,\"publisher\":{\"@id\":\"https:\/\/centcols.org\/#organization\"},\"image\":{\"@id\":\"https:\/\/centcols.org\/le-col-luitel\/#primaryimage\"},\"thumbnailUrl\":\"https:\/\/centcols.org\/wp-content\/uploads\/2024\/05\/Le-Lac-Luitel-P1000177-1200x8001-1.jpg\",\"articleSection\":[\"Cols en vrac\"],\"inLanguage\":\"es\"},{\"@type\":\"WebPage\",\"@id\":\"https:\/\/centcols.org\/le-col-luitel\/\",\"url\":\"https:\/\/centcols.org\/le-col-luitel\/\",\"name\":\"Le Col Luitel - Club des Cent Cols\",\"isPartOf\":{\"@id\":\"https:\/\/centcols.org\/#website\"},\"primaryImageOfPage\":{\"@id\":\"https:\/\/centcols.org\/le-col-luitel\/#primaryimage\"},\"image\":{\"@id\":\"https:\/\/centcols.org\/le-col-luitel\/#primaryimage\"},\"thumbnailUrl\":\"https:\/\/centcols.org\/wp-content\/uploads\/2024\/05\/Le-Lac-Luitel-P1000177-1200x8001-1.jpg\",\"datePublished\":\"2024-05-07T11:55:18+00:00\",\"dateModified\":\"2025-12-13T17:28:50+00:00\",\"breadcrumb\":{\"@id\":\"https:\/\/centcols.org\/le-col-luitel\/#breadcrumb\"},\"inLanguage\":\"es\",\"potentialAction\":[{\"@type\":\"ReadAction\",\"target\":[\"https:\/\/centcols.org\/le-col-luitel\/\"]}]},{\"@type\":\"ImageObject\",\"inLanguage\":\"es\",\"@id\":\"https:\/\/centcols.org\/le-col-luitel\/#primaryimage\",\"url\":\"https:\/\/centcols.org\/wp-content\/uploads\/2024\/05\/Le-Lac-Luitel-P1000177-1200x8001-1.jpg\",\"contentUrl\":\"https:\/\/centcols.org\/wp-content\/uploads\/2024\/05\/Le-Lac-Luitel-P1000177-1200x8001-1.jpg\",\"width\":1200,\"height\":800},{\"@type\":\"BreadcrumbList\",\"@id\":\"https:\/\/centcols.org\/le-col-luitel\/#breadcrumb\",\"itemListElement\":[{\"@type\":\"ListItem\",\"position\":1,\"name\":\"Accueil\",\"item\":\"https:\/\/centcols.org\/\"},{\"@type\":\"ListItem\",\"position\":2,\"name\":\"Cols en vrac\",\"item\":\"https:\/\/centcols.org\/rubrique\/cols-en-vrac\/\"},{\"@type\":\"ListItem\",\"position\":3,\"name\":\"Le Col Luitel\"}]},{\"@type\":\"WebSite\",\"@id\":\"https:\/\/centcols.org\/#website\",\"url\":\"https:\/\/centcols.org\/\",\"name\":\"Club des Cent Cols\",\"description\":\"\",\"publisher\":{\"@id\":\"https:\/\/centcols.org\/#organization\"},\"potentialAction\":[{\"@type\":\"SearchAction\",\"target\":{\"@type\":\"EntryPoint\",\"urlTemplate\":\"https:\/\/centcols.org\/?s={search_term_string}\"},\"query-input\":{\"@type\":\"PropertyValueSpecification\",\"valueRequired\":true,\"valueName\":\"search_term_string\"}}],\"inLanguage\":\"es\"},{\"@type\":\"Organization\",\"@id\":\"https:\/\/centcols.org\/#organization\",\"name\":\"Club des Cent Cols\",\"url\":\"https:\/\/centcols.org\/\",\"logo\":{\"@type\":\"ImageObject\",\"inLanguage\":\"es\",\"@id\":\"https:\/\/centcols.org\/#\/schema\/logo\/image\/\",\"url\":\"https:\/\/centcols.org\/wp-content\/uploads\/2025\/01\/carte-icone.png\",\"contentUrl\":\"https:\/\/centcols.org\/wp-content\/uploads\/2025\/01\/carte-icone.png\",\"width\":250,\"height\":250,\"caption\":\"Club des Cent Cols\"},\"image\":{\"@id\":\"https:\/\/centcols.org\/#\/schema\/logo\/image\/\"},\"sameAs\":[\"https:\/\/www.facebook.com\/groups\/5261880558\/?locale=fr_FR\"]},{\"@type\":\"Person\",\"@id\":\"https:\/\/centcols.org\/#\/schema\/person\/86c3ec6889d88501a29fccac614bebf8\",\"name\":\"Enrico Alberini\",\"image\":{\"@type\":\"ImageObject\",\"inLanguage\":\"es\",\"@id\":\"https:\/\/centcols.org\/wp-content\/litespeed\/avatar\/1b26e36a18d85acc8b0f860f9628213f.jpg?ver=1777240766\",\"url\":\"https:\/\/centcols.org\/wp-content\/litespeed\/avatar\/1b26e36a18d85acc8b0f860f9628213f.jpg?ver=1777240766\",\"contentUrl\":\"https:\/\/centcols.org\/wp-content\/litespeed\/avatar\/1b26e36a18d85acc8b0f860f9628213f.jpg?ver=1777240766\",\"caption\":\"Enrico Alberini\"},\"url\":\"https:\/\/centcols.org\/es\/author\/5065\/\"}]}<\/script>\n<!-- \/ Yoast SEO plugin. -->","yoast_head_json":{"title":"Col Luitel - Club des Cent Cols","robots":{"index":"index","follow":"follow","max-snippet":"max-snippet:-1","max-image-preview":"max-image-preview:large","max-video-preview":"max-video-preview:-1"},"canonical":"https:\/\/centcols.org\/es\/el-paso-de-luitel\/","og_locale":"es_ES","og_type":"article","og_title":"Le Col Luitel - Club des Cent Cols","og_description":"Le&nbsp;Col Luitel&nbsp;(FR-38-1262), Pour un membre du club de Cent Cols, ce nom d\u00e9clenche un \u00ab&nbsp;tilt&nbsp;\u00bb puisque ce nom est li\u00e9 \u00e0 la cr\u00e9ation de la confr\u00e9rie&nbsp;: c\u2019est apr\u00e8s avoir escalad\u00e9 ce col&nbsp; en 1970, que Jean Perdoux eut l\u2019id\u00e9e de cr\u00e9er&nbsp;: \u00ab&nbsp;Le Club des Cent Cols&nbsp;\u00bb &nbsp;avant d\u2019en \u00e9crire&nbsp; le r\u00e8glement en 1972. Pour un [&hellip;]","og_url":"https:\/\/centcols.org\/es\/el-paso-de-luitel\/","og_site_name":"Club des Cent Cols","article_publisher":"https:\/\/www.facebook.com\/groups\/5261880558\/?locale=fr_FR","article_published_time":"2024-05-07T11:55:18+00:00","article_modified_time":"2025-12-13T17:28:50+00:00","og_image":[{"width":1200,"height":800,"url":"https:\/\/centcols.org\/wp-content\/uploads\/2024\/05\/Le-Lac-Luitel-P1000177-1200x8001-1.jpg","type":"image\/jpeg"}],"author":"Enrico Alberini","twitter_card":"summary_large_image","twitter_misc":{"Escrito por":"Enrico Alberini","Tiempo de lectura":"8 minutos"},"schema":{"@context":"https:\/\/schema.org","@graph":[{"@type":"Article","@id":"https:\/\/centcols.org\/le-col-luitel\/#article","isPartOf":{"@id":"https:\/\/centcols.org\/le-col-luitel\/"},"author":{"name":"Enrico Alberini","@id":"https:\/\/centcols.org\/#\/schema\/person\/86c3ec6889d88501a29fccac614bebf8"},"headline":"Le Col Luitel","datePublished":"2024-05-07T11:55:18+00:00","dateModified":"2025-12-13T17:28:50+00:00","mainEntityOfPage":{"@id":"https:\/\/centcols.org\/le-col-luitel\/"},"wordCount":1020,"publisher":{"@id":"https:\/\/centcols.org\/#organization"},"image":{"@id":"https:\/\/centcols.org\/le-col-luitel\/#primaryimage"},"thumbnailUrl":"https:\/\/centcols.org\/wp-content\/uploads\/2024\/05\/Le-Lac-Luitel-P1000177-1200x8001-1.jpg","articleSection":["Cols en vrac"],"inLanguage":"es"},{"@type":"WebPage","@id":"https:\/\/centcols.org\/le-col-luitel\/","url":"https:\/\/centcols.org\/le-col-luitel\/","name":"Col Luitel - Club des Cent Cols","isPartOf":{"@id":"https:\/\/centcols.org\/#website"},"primaryImageOfPage":{"@id":"https:\/\/centcols.org\/le-col-luitel\/#primaryimage"},"image":{"@id":"https:\/\/centcols.org\/le-col-luitel\/#primaryimage"},"thumbnailUrl":"https:\/\/centcols.org\/wp-content\/uploads\/2024\/05\/Le-Lac-Luitel-P1000177-1200x8001-1.jpg","datePublished":"2024-05-07T11:55:18+00:00","dateModified":"2025-12-13T17:28:50+00:00","breadcrumb":{"@id":"https:\/\/centcols.org\/le-col-luitel\/#breadcrumb"},"inLanguage":"es","potentialAction":[{"@type":"ReadAction","target":["https:\/\/centcols.org\/le-col-luitel\/"]}]},{"@type":"ImageObject","inLanguage":"es","@id":"https:\/\/centcols.org\/le-col-luitel\/#primaryimage","url":"https:\/\/centcols.org\/wp-content\/uploads\/2024\/05\/Le-Lac-Luitel-P1000177-1200x8001-1.jpg","contentUrl":"https:\/\/centcols.org\/wp-content\/uploads\/2024\/05\/Le-Lac-Luitel-P1000177-1200x8001-1.jpg","width":1200,"height":800},{"@type":"BreadcrumbList","@id":"https:\/\/centcols.org\/le-col-luitel\/#breadcrumb","itemListElement":[{"@type":"ListItem","position":1,"name":"Accueil","item":"https:\/\/centcols.org\/"},{"@type":"ListItem","position":2,"name":"Cols en vrac","item":"https:\/\/centcols.org\/rubrique\/cols-en-vrac\/"},{"@type":"ListItem","position":3,"name":"Le Col Luitel"}]},{"@type":"WebSite","@id":"https:\/\/centcols.org\/#website","url":"https:\/\/centcols.org\/","name":"Club des Cent Cols","description":"","publisher":{"@id":"https:\/\/centcols.org\/#organization"},"potentialAction":[{"@type":"SearchAction","target":{"@type":"EntryPoint","urlTemplate":"https:\/\/centcols.org\/?s={search_term_string}"},"query-input":{"@type":"PropertyValueSpecification","valueRequired":true,"valueName":"search_term_string"}}],"inLanguage":"es"},{"@type":"Organization","@id":"https:\/\/centcols.org\/#organization","name":"Club des Cent Cols","url":"https:\/\/centcols.org\/","logo":{"@type":"ImageObject","inLanguage":"es","@id":"https:\/\/centcols.org\/#\/schema\/logo\/image\/","url":"https:\/\/centcols.org\/wp-content\/uploads\/2025\/01\/carte-icone.png","contentUrl":"https:\/\/centcols.org\/wp-content\/uploads\/2025\/01\/carte-icone.png","width":250,"height":250,"caption":"Club des Cent Cols"},"image":{"@id":"https:\/\/centcols.org\/#\/schema\/logo\/image\/"},"sameAs":["https:\/\/www.facebook.com\/groups\/5261880558\/?locale=fr_FR"]},{"@type":"Person","@id":"https:\/\/centcols.org\/#\/schema\/person\/86c3ec6889d88501a29fccac614bebf8","name":"Enrico Alberini","image":{"@type":"ImageObject","inLanguage":"es","@id":"https:\/\/centcols.org\/wp-content\/litespeed\/avatar\/1b26e36a18d85acc8b0f860f9628213f.jpg?ver=1777240766","url":"https:\/\/centcols.org\/wp-content\/litespeed\/avatar\/1b26e36a18d85acc8b0f860f9628213f.jpg?ver=1777240766","contentUrl":"https:\/\/centcols.org\/wp-content\/litespeed\/avatar\/1b26e36a18d85acc8b0f860f9628213f.jpg?ver=1777240766","caption":"Enrico Alberini"},"url":"https:\/\/centcols.org\/es\/author\/5065\/"}]}},"_links":{"self":[{"href":"https:\/\/centcols.org\/es\/wp-json\/wp\/v2\/posts\/82624","targetHints":{"allow":["GET"]}}],"collection":[{"href":"https:\/\/centcols.org\/es\/wp-json\/wp\/v2\/posts"}],"about":[{"href":"https:\/\/centcols.org\/es\/wp-json\/wp\/v2\/types\/post"}],"author":[{"embeddable":true,"href":"https:\/\/centcols.org\/es\/wp-json\/wp\/v2\/users\/58"}],"replies":[{"embeddable":true,"href":"https:\/\/centcols.org\/es\/wp-json\/wp\/v2\/comments?post=82624"}],"version-history":[{"count":0,"href":"https:\/\/centcols.org\/es\/wp-json\/wp\/v2\/posts\/82624\/revisions"}],"wp:featuredmedia":[{"embeddable":true,"href":"https:\/\/centcols.org\/es\/wp-json\/wp\/v2\/media\/83304"}],"wp:attachment":[{"href":"https:\/\/centcols.org\/es\/wp-json\/wp\/v2\/media?parent=82624"}],"wp:term":[{"taxonomy":"category","embeddable":true,"href":"https:\/\/centcols.org\/es\/wp-json\/wp\/v2\/categories?post=82624"},{"taxonomy":"post_tag","embeddable":true,"href":"https:\/\/centcols.org\/es\/wp-json\/wp\/v2\/tags?post=82624"}],"curies":[{"name":"wp","href":"https:\/\/api.w.org\/{rel}","templated":true}]}}