{"id":82664,"date":"2024-11-25T13:06:42","date_gmt":"2024-11-25T11:06:42","guid":{"rendered":"https:\/\/centcols.org\/be-wlx-les-cols-du-luxembourg-belge\/"},"modified":"2026-03-27T23:27:04","modified_gmt":"2026-03-27T21:27:04","slug":"be-wlx-les-cols-du-luxembourg-belge-route","status":"publish","type":"post","link":"https:\/\/centcols.org\/es\/be-wlx-les-cols-du-luxembourg-belge-route\/","title":{"rendered":"BE-WLX Les cols du Luxembourg belge - Carretera 81 km, D+ 1680 m, 5 puertos"},"content":{"rendered":"<iframe width=\"100%\" height=\"650\" loading=\"lazy\" src=\"https:\/\/www.openrunner.com\/embed\/4d6a79485a5245377841753444496b6735625a683446584741397932664d456d45687a4f7639584f4134493d3a3a99eb3e60affd92680adf79d4b2f39895?unit=metric\" style=\"border: none;\"><\/iframe>\n\n\n\n<div style=\"height:30px\" aria-hidden=\"true\" class=\"wp-block-spacer\"><\/div>\n\n\n\n<h2 class=\"wp-block-heading\">Descripci\u00f3n del autor<\/h2>\n\n\n\n<p><strong>Autor<\/strong> \u00c9tienne Mayeur<br><strong>Curso<\/strong> Finalizado en octubre de 2021<br><strong>Salida<\/strong> Aparcamiento: En Barvaux-sur-Ourthe, hay un aparcamiento a lo largo del Ourthe, quai des Outleux, rotonda N86\/N831. Alt: 135 m.<br>En este aparcamiento hay un mercado semanal los mi\u00e9rcoles.<\/p>\n\n\n\n<div style=\"height:30px\" aria-hidden=\"true\" class=\"wp-block-spacer\"><\/div>\n\n\n\n<h2 class=\"wp-block-heading\">Informaci\u00f3n tur\u00edstica<\/h2>\n\n\n\n<p>La ruta parte de Barvaux-sur-Ourthe, en la comuna de <a href=\"https:\/\/fr.wikipedia.org\/wiki\/Durbuy\" target=\"_blank\" rel=\"noreferrer noopener\">Durbuy<\/a> a menudo denominada la ciudad m\u00e1s peque\u00f1a del mundo. No lejos del aparcamiento, los turistas pueden divertirse en el <a href=\"https:\/\/www.lelabyrinthe.be\/\" target=\"_blank\" rel=\"noreferrer noopener\">laberinto<\/a>, Un campo de ma\u00edz de 11 hect\u00e1reas en el que uno puede perderse r\u00e1pidamente... Luego a Heyd, donde empieza lo serio, \u00c9rez\u00e9e, Manhay, etc. <a href=\"http:\/\/www.mhm44.be\/fr\/\" target=\"_blank\" rel=\"noreferrer noopener\">museo de la guerra 40<\/a>, Extremo lamorm\u00e9nil del <a href=\"http:\/\/www.tta.be\/\" target=\"_blank\" rel=\"noreferrer noopener\">Tranv\u00eda de Aisne<\/a>, y <a href=\"https:\/\/fr.wikipedia.org\/wiki\/La_Roche-en-Ardenne\" target=\"_blank\" rel=\"noreferrer noopener\">La Roche-en-Ardenne<\/a> con su castillo dominando la ciudad antes de regresar a Barvaux.<\/p>\n\n\n\n<div style=\"height:30px\" aria-hidden=\"true\" class=\"wp-block-spacer\"><\/div>\n\n\n\n<h2 class=\"wp-block-heading\">Especificaciones t\u00e9cnicas<\/h2>\n\n\n\n<p>En esta ruta pasar\u00e1 por varios pueblos peque\u00f1os, principalmente por carreteras estrechas. Hay muy pocos tramos llanos. La llanura no es lo que parece.<br>Para los escaladores de BIG, un viaje de ida y vuelta a Aisne desde Heyd le lleva al pie norte real del Col\/BIG de Rideux. Tambi\u00e9n hay un bucle en La Roche-en-Ardenne para recorrer la vertiente suroeste m\u00e1s dif\u00edcil del Col\/BIG de l'Haussire, que en algunos puntos es la ascensi\u00f3n m\u00e1s dif\u00edcil de B\u00e9lgica.<br>Para los escaladores de puertos, la ruta pasa de todos modos por estos puertos. El descenso inicial hasta Aisne y el ascenso desde Roche-en-Ardenne no son imprescindibles y le ahorran unos 10 km y 300 m D+.<\/p>\n\n\n\n<div style=\"height:30px\" aria-hidden=\"true\" class=\"wp-block-spacer\"><\/div>\n\n\n\n<p><strong>5 collares (incluidos 2 BIG<\/strong>)<\/p>\n\n\n\n<figure class=\"wp-block-table tableau-cols\"><table class=\"has-background\" style=\"background-color:#f0f0f0\"><tbody><tr><td>Col du Rideux<\/td><td>370 m<\/td><td><a href=\"\/es\/util\/geo\/visuGen.php\/?code=BE-WLX-0370\" target=\"_blank\" rel=\"noreferrer noopener\">BE-WLX-0370<\/a> - <a href=\"https:\/\/www.bigcycling.eu\/fr\/big\/index\/index\/big\/129\" target=\"_blank\" rel=\"noreferrer noopener\">GRANDE 129<\/a> lado norte<\/td><\/tr><tr><td>Trou du Loup&nbsp;&nbsp;&nbsp;&nbsp;<\/td><td>464 m<\/td><td><a href=\"\/es\/util\/geo\/visu.php\/?code=BE-WLX-0464\" target=\"_blank\" rel=\"noreferrer noopener\">BE-WLX-0464<\/a><\/td><\/tr><tr><td>Pase Lamorm\u00e9nil<\/td><td>468 m<\/td><td><a href=\"\/es\/util\/geo\/visu.php\/?code=BE-WLX-0468\" target=\"_blank\" rel=\"noreferrer noopener\">BE-WLX-0468<\/a><\/td><\/tr><tr><td>Col de l'Haussire<\/td><td>488 m<\/td><td><a href=\"\/es\/util\/geo\/visu.php\/?code=BE-WLX-0488\" target=\"_blank\" rel=\"noreferrer noopener\">BE-WLX-0488<\/a> - <a href=\"https:\/\/www.bigcycling.eu\/fr\/big\/index\/index\/big\/136\" target=\"_blank\" rel=\"noreferrer noopener\">GRANDE 136<\/a> lado suroeste<\/td><\/tr><tr><td>No Bayard<\/td><td>329 m<\/td><td><a href=\"\/es\/util\/geo\/visu.php\/?code=BE-WLX-0329\" target=\"_blank\" rel=\"noreferrer noopener\">BE-WLX-0329<\/a><\/td><\/tr><\/tbody><\/table><\/figure>\n\n\n\n<p><strong>Palabras clave<\/strong> Rideux, Trou du Loup, Lamorm\u00e9nil, Haussire, centcols<\/p>\n\n\n\n<p>Enlace Openrunner, mapa interactivo, perfil, pista : <a href=\"https:\/\/www.openrunner.com\/route-details\/17343755\" target=\"_blank\" rel=\"noreferrer noopener\">https:\/\/www.openrunner.com\/route-details\/17187246<\/a><\/p>\n\n\n\n<p>Este itinerario se facilita a t\u00edtulo meramente informativo. El autor no asume ninguna responsabilidad, ni la del Club des Cent Cols, por los imponderables causados por el propio ciclista, el material utilizado o cualquier cosa relacionada con la carretera, las pistas y los caminos, su entorno o los dem\u00e1s usuarios.<\/p>\n\n\n\n<div style=\"height:30px\" aria-hidden=\"true\" class=\"wp-block-spacer\"><\/div>\n\n\n\n<h2 class=\"wp-block-heading\">Fotos<\/h2>\n\n\n\n<figure class=\"wp-block-gallery has-nested-images columns-default is-cropped wp-block-gallery-1 is-layout-flex wp-block-gallery-is-layout-flex\">\n<figure class=\"wp-block-image size-large\"><a href=\"https:\/\/centcols.org\/wp-content\/uploads\/2025\/05\/rideux.jpg\"><img loading=\"lazy\" decoding=\"async\" width=\"800\" height=\"532\" data-id=\"82665\" src=\"https:\/\/centcols.org\/wp-content\/uploads\/2025\/05\/rideux.jpg\" alt=\"\" class=\"wp-image-82665\" srcset=\"https:\/\/centcols.org\/wp-content\/uploads\/2025\/05\/rideux.jpg 800w, https:\/\/centcols.org\/wp-content\/uploads\/2025\/05\/rideux-768x511.jpg 768w\" sizes=\"auto, (max-width: 800px) 100vw, 800px\" \/><\/a><figcaption class=\"wp-element-caption\">Col du Rideux<\/figcaption><\/figure>\n\n\n\n<figure class=\"wp-block-image size-large\"><a href=\"https:\/\/centcols.org\/wp-content\/uploads\/2024\/11\/image.jpeg\"><img loading=\"lazy\" decoding=\"async\" width=\"800\" height=\"600\" data-id=\"94621\" src=\"https:\/\/centcols.org\/wp-content\/uploads\/2024\/11\/image.jpeg\" alt=\"\" class=\"wp-image-94621\" srcset=\"https:\/\/centcols.org\/wp-content\/uploads\/2024\/11\/image.jpeg 800w, https:\/\/centcols.org\/wp-content\/uploads\/2024\/11\/image-768x576.jpeg 768w, https:\/\/centcols.org\/wp-content\/uploads\/2024\/11\/image-16x12.jpeg 16w\" sizes=\"auto, (max-width: 800px) 100vw, 800px\" \/><\/a><figcaption class=\"wp-element-caption\">Trou du Loup<\/figcaption><\/figure>\n\n\n\n<figure class=\"wp-block-image size-large\"><a href=\"https:\/\/centcols.org\/wp-content\/uploads\/2024\/11\/image-1.jpeg\"><img loading=\"lazy\" decoding=\"async\" width=\"800\" height=\"598\" data-id=\"94622\" src=\"https:\/\/centcols.org\/wp-content\/uploads\/2024\/11\/image-1.jpeg\" alt=\"\" class=\"wp-image-94622\" srcset=\"https:\/\/centcols.org\/wp-content\/uploads\/2024\/11\/image-1.jpeg 800w, https:\/\/centcols.org\/wp-content\/uploads\/2024\/11\/image-1-768x574.jpeg 768w, https:\/\/centcols.org\/wp-content\/uploads\/2024\/11\/image-1-16x12.jpeg 16w\" sizes=\"auto, (max-width: 800px) 100vw, 800px\" \/><\/a><figcaption class=\"wp-element-caption\">Pase Lamorm\u00e9nil<\/figcaption><\/figure>\n\n\n\n<figure class=\"wp-block-image size-large\"><a href=\"https:\/\/centcols.org\/wp-content\/uploads\/2024\/11\/image-2.jpeg\"><img loading=\"lazy\" decoding=\"async\" width=\"800\" height=\"600\" data-id=\"94623\" src=\"https:\/\/centcols.org\/wp-content\/uploads\/2024\/11\/image-2.jpeg\" alt=\"\" class=\"wp-image-94623\" srcset=\"https:\/\/centcols.org\/wp-content\/uploads\/2024\/11\/image-2.jpeg 800w, https:\/\/centcols.org\/wp-content\/uploads\/2024\/11\/image-2-768x576.jpeg 768w, https:\/\/centcols.org\/wp-content\/uploads\/2024\/11\/image-2-16x12.jpeg 16w\" sizes=\"auto, (max-width: 800px) 100vw, 800px\" \/><\/a><figcaption class=\"wp-element-caption\">Col de l'Haussire<\/figcaption><\/figure>\n\n\n\n<figure class=\"wp-block-image size-large\"><a href=\"https:\/\/centcols.org\/wp-content\/uploads\/2024\/11\/image-3.jpeg\"><img loading=\"lazy\" decoding=\"async\" width=\"800\" height=\"532\" data-id=\"94624\" src=\"https:\/\/centcols.org\/wp-content\/uploads\/2024\/11\/image-3.jpeg\" alt=\"\" class=\"wp-image-94624\" srcset=\"https:\/\/centcols.org\/wp-content\/uploads\/2024\/11\/image-3.jpeg 800w, https:\/\/centcols.org\/wp-content\/uploads\/2024\/11\/image-3-768x511.jpeg 768w, https:\/\/centcols.org\/wp-content\/uploads\/2024\/11\/image-3-18x12.jpeg 18w\" sizes=\"auto, (max-width: 800px) 100vw, 800px\" \/><\/a><figcaption class=\"wp-element-caption\">No Bayard<\/figcaption><\/figure>\n<\/figure>","protected":false},"excerpt":{"rendered":"<p>Description de l\u2019auteur Auteur : \u00c9tienne MayeurParcours : effectu\u00e9 en octobre 2021D\u00e9part : \u00c0 Barvaux-sur-Ourthe, une aire de stationnement se trouve le long de l\u2019Ourthe, quai des Outleux, rond-point N86\/N831. Alt : 135\u00a0m.Attention il y a le march\u00e9 hebdomadaire le mercredi sur ce parking. Descriptif touristique Le parcours part de Barvaux-sur-Ourthe commune de Durbuy souvent [&hellip;]<\/p>\n","protected":false},"author":2,"featured_media":82665,"comment_status":"open","ping_status":"open","sticky":false,"template":"","format":"standard","meta":{"_acf_changed":false,"footnotes":""},"categories":[318,313,220],"tags":[],"class_list":["post-82664","post","type-post","status-publish","format-standard","has-post-thumbnail","hentry","category-route-type-parcours","category-parcours-belgique","category-parcours-membres"],"acf":[],"yoast_head":"<!-- This site is optimized with the Yoast SEO plugin v27.2 - https:\/\/yoast.com\/product\/yoast-seo-wordpress\/ -->\n<title>BE-WLX Les cols du Luxembourg belge - Route 81 km, D+ 1680 m, 5 cols - Club des Cent Cols<\/title>\n<meta name=\"robots\" content=\"index, follow, max-snippet:-1, max-image-preview:large, max-video-preview:-1\" \/>\n<link rel=\"canonical\" href=\"https:\/\/centcols.org\/es\/be-wlx-les-cols-du-luxembourg-belge-route\/\" \/>\n<meta property=\"og:locale\" content=\"es_ES\" \/>\n<meta property=\"og:type\" content=\"article\" \/>\n<meta property=\"og:title\" content=\"BE-WLX Les cols du Luxembourg belge - Route 81 km, D+ 1680 m, 5 cols - Club des Cent Cols\" \/>\n<meta property=\"og:description\" content=\"Description de l\u2019auteur Auteur : \u00c9tienne MayeurParcours : effectu\u00e9 en octobre 2021D\u00e9part : \u00c0 Barvaux-sur-Ourthe, une aire de stationnement se trouve le long de l\u2019Ourthe, quai des Outleux, rond-point N86\/N831. Alt : 135\u00a0m.Attention il y a le march\u00e9 hebdomadaire le mercredi sur ce parking. Descriptif touristique Le parcours part de Barvaux-sur-Ourthe commune de Durbuy souvent [&hellip;]\" \/>\n<meta property=\"og:url\" content=\"https:\/\/centcols.org\/es\/be-wlx-les-cols-du-luxembourg-belge-route\/\" \/>\n<meta property=\"og:site_name\" content=\"Club des Cent Cols\" \/>\n<meta property=\"article:publisher\" content=\"https:\/\/www.facebook.com\/groups\/5261880558\/?locale=fr_FR\" \/>\n<meta property=\"article:published_time\" content=\"2024-11-25T11:06:42+00:00\" \/>\n<meta property=\"article:modified_time\" content=\"2026-03-27T21:27:04+00:00\" \/>\n<meta property=\"og:image\" content=\"https:\/\/centcols.org\/wp-content\/uploads\/2025\/05\/rideux.jpg\" \/>\n\t<meta property=\"og:image:width\" content=\"800\" \/>\n\t<meta property=\"og:image:height\" content=\"532\" \/>\n\t<meta property=\"og:image:type\" content=\"image\/jpeg\" \/>\n<meta name=\"author\" content=\"fabien\" \/>\n<meta name=\"twitter:card\" content=\"summary_large_image\" \/>\n<meta name=\"twitter:label1\" content=\"Escrito por\" \/>\n\t<meta name=\"twitter:data1\" content=\"fabien\" \/>\n\t<meta name=\"twitter:label2\" content=\"Tiempo de lectura\" \/>\n\t<meta name=\"twitter:data2\" content=\"4 minutos\" \/>\n<script type=\"application\/ld+json\" class=\"yoast-schema-graph\">{\"@context\":\"https:\/\/schema.org\",\"@graph\":[{\"@type\":\"Article\",\"@id\":\"https:\/\/centcols.org\/be-wlx-les-cols-du-luxembourg-belge-route\/#article\",\"isPartOf\":{\"@id\":\"https:\/\/centcols.org\/be-wlx-les-cols-du-luxembourg-belge-route\/\"},\"author\":{\"name\":\"fabien\",\"@id\":\"https:\/\/centcols.org\/#\/schema\/person\/fcdb31e57ffa95295c9683ffdda82afa\"},\"headline\":\"BE-WLX Les cols du Luxembourg belge &#8211; Route 81 km, D+ 1680 m, 5 cols\",\"datePublished\":\"2024-11-25T11:06:42+00:00\",\"dateModified\":\"2026-03-27T21:27:04+00:00\",\"mainEntityOfPage\":{\"@id\":\"https:\/\/centcols.org\/be-wlx-les-cols-du-luxembourg-belge-route\/\"},\"wordCount\":408,\"commentCount\":0,\"publisher\":{\"@id\":\"https:\/\/centcols.org\/#organization\"},\"image\":{\"@id\":\"https:\/\/centcols.org\/be-wlx-les-cols-du-luxembourg-belge-route\/#primaryimage\"},\"thumbnailUrl\":\"https:\/\/centcols.org\/wp-content\/uploads\/2025\/05\/rideux.jpg\",\"articleSection\":[\"Route\",\"Parcours Belgique\",\"Parcours membres\"],\"inLanguage\":\"es\",\"potentialAction\":[{\"@type\":\"CommentAction\",\"name\":\"Comment\",\"target\":[\"https:\/\/centcols.org\/be-wlx-les-cols-du-luxembourg-belge-route\/#respond\"]}]},{\"@type\":\"WebPage\",\"@id\":\"https:\/\/centcols.org\/be-wlx-les-cols-du-luxembourg-belge-route\/\",\"url\":\"https:\/\/centcols.org\/be-wlx-les-cols-du-luxembourg-belge-route\/\",\"name\":\"BE-WLX Les cols du Luxembourg belge - Route 81 km, D+ 1680 m, 5 cols - Club des Cent Cols\",\"isPartOf\":{\"@id\":\"https:\/\/centcols.org\/#website\"},\"primaryImageOfPage\":{\"@id\":\"https:\/\/centcols.org\/be-wlx-les-cols-du-luxembourg-belge-route\/#primaryimage\"},\"image\":{\"@id\":\"https:\/\/centcols.org\/be-wlx-les-cols-du-luxembourg-belge-route\/#primaryimage\"},\"thumbnailUrl\":\"https:\/\/centcols.org\/wp-content\/uploads\/2025\/05\/rideux.jpg\",\"datePublished\":\"2024-11-25T11:06:42+00:00\",\"dateModified\":\"2026-03-27T21:27:04+00:00\",\"breadcrumb\":{\"@id\":\"https:\/\/centcols.org\/be-wlx-les-cols-du-luxembourg-belge-route\/#breadcrumb\"},\"inLanguage\":\"es\",\"potentialAction\":[{\"@type\":\"ReadAction\",\"target\":[\"https:\/\/centcols.org\/be-wlx-les-cols-du-luxembourg-belge-route\/\"]}]},{\"@type\":\"ImageObject\",\"inLanguage\":\"es\",\"@id\":\"https:\/\/centcols.org\/be-wlx-les-cols-du-luxembourg-belge-route\/#primaryimage\",\"url\":\"https:\/\/centcols.org\/wp-content\/uploads\/2025\/05\/rideux.jpg\",\"contentUrl\":\"https:\/\/centcols.org\/wp-content\/uploads\/2025\/05\/rideux.jpg\",\"width\":800,\"height\":532},{\"@type\":\"BreadcrumbList\",\"@id\":\"https:\/\/centcols.org\/be-wlx-les-cols-du-luxembourg-belge-route\/#breadcrumb\",\"itemListElement\":[{\"@type\":\"ListItem\",\"position\":1,\"name\":\"Accueil\",\"item\":\"https:\/\/centcols.org\/\"},{\"@type\":\"ListItem\",\"position\":2,\"name\":\"Parcours membres\",\"item\":\"https:\/\/centcols.org\/rubrique\/parcours-membres\/\"},{\"@type\":\"ListItem\",\"position\":3,\"name\":\"Pays\",\"item\":\"https:\/\/centcols.org\/rubrique\/parcours-membres\/pays-parcours-membres\/\"},{\"@type\":\"ListItem\",\"position\":4,\"name\":\"Parcours Belgique\",\"item\":\"https:\/\/centcols.org\/rubrique\/parcours-membres\/pays-parcours-membres\/parcours-belgique\/\"},{\"@type\":\"ListItem\",\"position\":5,\"name\":\"BE-WLX Les cols du Luxembourg belge &#8211; Route 81 km, D+ 1680 m, 5 cols\"}]},{\"@type\":\"WebSite\",\"@id\":\"https:\/\/centcols.org\/#website\",\"url\":\"https:\/\/centcols.org\/\",\"name\":\"Club des Cent Cols\",\"description\":\"\",\"publisher\":{\"@id\":\"https:\/\/centcols.org\/#organization\"},\"potentialAction\":[{\"@type\":\"SearchAction\",\"target\":{\"@type\":\"EntryPoint\",\"urlTemplate\":\"https:\/\/centcols.org\/?s={search_term_string}\"},\"query-input\":{\"@type\":\"PropertyValueSpecification\",\"valueRequired\":true,\"valueName\":\"search_term_string\"}}],\"inLanguage\":\"es\"},{\"@type\":\"Organization\",\"@id\":\"https:\/\/centcols.org\/#organization\",\"name\":\"Club des Cent Cols\",\"url\":\"https:\/\/centcols.org\/\",\"logo\":{\"@type\":\"ImageObject\",\"inLanguage\":\"es\",\"@id\":\"https:\/\/centcols.org\/#\/schema\/logo\/image\/\",\"url\":\"https:\/\/centcols.org\/wp-content\/uploads\/2025\/01\/carte-icone.png\",\"contentUrl\":\"https:\/\/centcols.org\/wp-content\/uploads\/2025\/01\/carte-icone.png\",\"width\":250,\"height\":250,\"caption\":\"Club des Cent Cols\"},\"image\":{\"@id\":\"https:\/\/centcols.org\/#\/schema\/logo\/image\/\"},\"sameAs\":[\"https:\/\/www.facebook.com\/groups\/5261880558\/?locale=fr_FR\"]},{\"@type\":\"Person\",\"@id\":\"https:\/\/centcols.org\/#\/schema\/person\/fcdb31e57ffa95295c9683ffdda82afa\",\"name\":\"fabien\",\"image\":{\"@type\":\"ImageObject\",\"inLanguage\":\"es\",\"@id\":\"https:\/\/centcols.org\/wp-content\/litespeed\/avatar\/9065528d4c1ba02f0faf2b7616b2a195.jpg?ver=1777225983\",\"url\":\"https:\/\/centcols.org\/wp-content\/litespeed\/avatar\/9065528d4c1ba02f0faf2b7616b2a195.jpg?ver=1777225983\",\"contentUrl\":\"https:\/\/centcols.org\/wp-content\/litespeed\/avatar\/9065528d4c1ba02f0faf2b7616b2a195.jpg?ver=1777225983\",\"caption\":\"fabien\"},\"url\":\"https:\/\/centcols.org\/es\/author\/fabien\/\"}]}<\/script>\n<!-- \/ Yoast SEO plugin. -->","yoast_head_json":{"title":"BE-WLX Les cols du Luxembourg belge - Carretera 81 km, D+ 1680 m, 5 cols - Club des Cent Cols","robots":{"index":"index","follow":"follow","max-snippet":"max-snippet:-1","max-image-preview":"max-image-preview:large","max-video-preview":"max-video-preview:-1"},"canonical":"https:\/\/centcols.org\/es\/be-wlx-les-cols-du-luxembourg-belge-route\/","og_locale":"es_ES","og_type":"article","og_title":"BE-WLX Les cols du Luxembourg belge - Route 81 km, D+ 1680 m, 5 cols - Club des Cent Cols","og_description":"Description de l\u2019auteur Auteur : \u00c9tienne MayeurParcours : effectu\u00e9 en octobre 2021D\u00e9part : \u00c0 Barvaux-sur-Ourthe, une aire de stationnement se trouve le long de l\u2019Ourthe, quai des Outleux, rond-point N86\/N831. Alt : 135\u00a0m.Attention il y a le march\u00e9 hebdomadaire le mercredi sur ce parking. Descriptif touristique Le parcours part de Barvaux-sur-Ourthe commune de Durbuy souvent [&hellip;]","og_url":"https:\/\/centcols.org\/es\/be-wlx-les-cols-du-luxembourg-belge-route\/","og_site_name":"Club des Cent Cols","article_publisher":"https:\/\/www.facebook.com\/groups\/5261880558\/?locale=fr_FR","article_published_time":"2024-11-25T11:06:42+00:00","article_modified_time":"2026-03-27T21:27:04+00:00","og_image":[{"width":800,"height":532,"url":"https:\/\/centcols.org\/wp-content\/uploads\/2025\/05\/rideux.jpg","type":"image\/jpeg"}],"author":"fabien","twitter_card":"summary_large_image","twitter_misc":{"Escrito por":"fabien","Tiempo de lectura":"4 minutos"},"schema":{"@context":"https:\/\/schema.org","@graph":[{"@type":"Article","@id":"https:\/\/centcols.org\/be-wlx-les-cols-du-luxembourg-belge-route\/#article","isPartOf":{"@id":"https:\/\/centcols.org\/be-wlx-les-cols-du-luxembourg-belge-route\/"},"author":{"name":"fabien","@id":"https:\/\/centcols.org\/#\/schema\/person\/fcdb31e57ffa95295c9683ffdda82afa"},"headline":"BE-WLX Les cols du Luxembourg belge &#8211; Route 81 km, D+ 1680 m, 5 cols","datePublished":"2024-11-25T11:06:42+00:00","dateModified":"2026-03-27T21:27:04+00:00","mainEntityOfPage":{"@id":"https:\/\/centcols.org\/be-wlx-les-cols-du-luxembourg-belge-route\/"},"wordCount":408,"commentCount":0,"publisher":{"@id":"https:\/\/centcols.org\/#organization"},"image":{"@id":"https:\/\/centcols.org\/be-wlx-les-cols-du-luxembourg-belge-route\/#primaryimage"},"thumbnailUrl":"https:\/\/centcols.org\/wp-content\/uploads\/2025\/05\/rideux.jpg","articleSection":["Route","Parcours Belgique","Parcours membres"],"inLanguage":"es","potentialAction":[{"@type":"CommentAction","name":"Comment","target":["https:\/\/centcols.org\/be-wlx-les-cols-du-luxembourg-belge-route\/#respond"]}]},{"@type":"WebPage","@id":"https:\/\/centcols.org\/be-wlx-les-cols-du-luxembourg-belge-route\/","url":"https:\/\/centcols.org\/be-wlx-les-cols-du-luxembourg-belge-route\/","name":"BE-WLX Les cols du Luxembourg belge - Carretera 81 km, D+ 1680 m, 5 cols - Club des Cent Cols","isPartOf":{"@id":"https:\/\/centcols.org\/#website"},"primaryImageOfPage":{"@id":"https:\/\/centcols.org\/be-wlx-les-cols-du-luxembourg-belge-route\/#primaryimage"},"image":{"@id":"https:\/\/centcols.org\/be-wlx-les-cols-du-luxembourg-belge-route\/#primaryimage"},"thumbnailUrl":"https:\/\/centcols.org\/wp-content\/uploads\/2025\/05\/rideux.jpg","datePublished":"2024-11-25T11:06:42+00:00","dateModified":"2026-03-27T21:27:04+00:00","breadcrumb":{"@id":"https:\/\/centcols.org\/be-wlx-les-cols-du-luxembourg-belge-route\/#breadcrumb"},"inLanguage":"es","potentialAction":[{"@type":"ReadAction","target":["https:\/\/centcols.org\/be-wlx-les-cols-du-luxembourg-belge-route\/"]}]},{"@type":"ImageObject","inLanguage":"es","@id":"https:\/\/centcols.org\/be-wlx-les-cols-du-luxembourg-belge-route\/#primaryimage","url":"https:\/\/centcols.org\/wp-content\/uploads\/2025\/05\/rideux.jpg","contentUrl":"https:\/\/centcols.org\/wp-content\/uploads\/2025\/05\/rideux.jpg","width":800,"height":532},{"@type":"BreadcrumbList","@id":"https:\/\/centcols.org\/be-wlx-les-cols-du-luxembourg-belge-route\/#breadcrumb","itemListElement":[{"@type":"ListItem","position":1,"name":"Accueil","item":"https:\/\/centcols.org\/"},{"@type":"ListItem","position":2,"name":"Parcours membres","item":"https:\/\/centcols.org\/rubrique\/parcours-membres\/"},{"@type":"ListItem","position":3,"name":"Pays","item":"https:\/\/centcols.org\/rubrique\/parcours-membres\/pays-parcours-membres\/"},{"@type":"ListItem","position":4,"name":"Parcours Belgique","item":"https:\/\/centcols.org\/rubrique\/parcours-membres\/pays-parcours-membres\/parcours-belgique\/"},{"@type":"ListItem","position":5,"name":"BE-WLX Les cols du Luxembourg belge &#8211; Route 81 km, D+ 1680 m, 5 cols"}]},{"@type":"WebSite","@id":"https:\/\/centcols.org\/#website","url":"https:\/\/centcols.org\/","name":"Club des Cent Cols","description":"","publisher":{"@id":"https:\/\/centcols.org\/#organization"},"potentialAction":[{"@type":"SearchAction","target":{"@type":"EntryPoint","urlTemplate":"https:\/\/centcols.org\/?s={search_term_string}"},"query-input":{"@type":"PropertyValueSpecification","valueRequired":true,"valueName":"search_term_string"}}],"inLanguage":"es"},{"@type":"Organization","@id":"https:\/\/centcols.org\/#organization","name":"Club des Cent Cols","url":"https:\/\/centcols.org\/","logo":{"@type":"ImageObject","inLanguage":"es","@id":"https:\/\/centcols.org\/#\/schema\/logo\/image\/","url":"https:\/\/centcols.org\/wp-content\/uploads\/2025\/01\/carte-icone.png","contentUrl":"https:\/\/centcols.org\/wp-content\/uploads\/2025\/01\/carte-icone.png","width":250,"height":250,"caption":"Club des Cent Cols"},"image":{"@id":"https:\/\/centcols.org\/#\/schema\/logo\/image\/"},"sameAs":["https:\/\/www.facebook.com\/groups\/5261880558\/?locale=fr_FR"]},{"@type":"Person","@id":"https:\/\/centcols.org\/#\/schema\/person\/fcdb31e57ffa95295c9683ffdda82afa","name":"fabien","image":{"@type":"ImageObject","inLanguage":"es","@id":"https:\/\/centcols.org\/wp-content\/litespeed\/avatar\/9065528d4c1ba02f0faf2b7616b2a195.jpg?ver=1777225983","url":"https:\/\/centcols.org\/wp-content\/litespeed\/avatar\/9065528d4c1ba02f0faf2b7616b2a195.jpg?ver=1777225983","contentUrl":"https:\/\/centcols.org\/wp-content\/litespeed\/avatar\/9065528d4c1ba02f0faf2b7616b2a195.jpg?ver=1777225983","caption":"fabien"},"url":"https:\/\/centcols.org\/es\/author\/fabien\/"}]}},"_links":{"self":[{"href":"https:\/\/centcols.org\/es\/wp-json\/wp\/v2\/posts\/82664","targetHints":{"allow":["GET"]}}],"collection":[{"href":"https:\/\/centcols.org\/es\/wp-json\/wp\/v2\/posts"}],"about":[{"href":"https:\/\/centcols.org\/es\/wp-json\/wp\/v2\/types\/post"}],"author":[{"embeddable":true,"href":"https:\/\/centcols.org\/es\/wp-json\/wp\/v2\/users\/2"}],"replies":[{"embeddable":true,"href":"https:\/\/centcols.org\/es\/wp-json\/wp\/v2\/comments?post=82664"}],"version-history":[{"count":0,"href":"https:\/\/centcols.org\/es\/wp-json\/wp\/v2\/posts\/82664\/revisions"}],"wp:featuredmedia":[{"embeddable":true,"href":"https:\/\/centcols.org\/es\/wp-json\/wp\/v2\/media\/82665"}],"wp:attachment":[{"href":"https:\/\/centcols.org\/es\/wp-json\/wp\/v2\/media?parent=82664"}],"wp:term":[{"taxonomy":"category","embeddable":true,"href":"https:\/\/centcols.org\/es\/wp-json\/wp\/v2\/categories?post=82664"},{"taxonomy":"post_tag","embeddable":true,"href":"https:\/\/centcols.org\/es\/wp-json\/wp\/v2\/tags?post=82664"}],"curies":[{"name":"wp","href":"https:\/\/api.w.org\/{rel}","templated":true}]}}