{"id":82711,"date":"2024-12-31T14:31:56","date_gmt":"2024-12-31T12:31:56","guid":{"rendered":"https:\/\/centcols.org\/challenge-des-pyrenees-georges-veron\/"},"modified":"2025-09-13T07:46:25","modified_gmt":"2025-09-13T05:46:25","slug":"desafio-de-los-pirineos-georges-veron","status":"publish","type":"post","link":"https:\/\/centcols.org\/es\/challenge-des-pyrenees-georges-veron\/","title":{"rendered":"Desaf\u00edo de los Pirineos Georges VERON"},"content":{"rendered":"<p>Christophe CABLAT (CC n\u00ba 8186) y Boris THOMAS (CC n\u00ba 8188) proponen este desaf\u00edo. <\/p>\n\n\n\n<p>Los Pirineos son internacionales: franceses, espa\u00f1oles y andorranos. El Challenge des Pyr\u00e9n\u00e9es Georges VERON te ofrece la posibilidad de subir 534 puertos de carretera en los Pirineos de Francia, Espa\u00f1a y Andorra. Subir\u00e1 los 10 puertos de m\u00e1s de 2000 metros de altitud de los Pirineos. Esta lista incluye 23 puertos transfronterizos entre Francia y Espa\u00f1a.<br><br>El Challenge des Pyr\u00e9n\u00e9es Georges VERON es un homenaje a este gran ciclista pirenaico y cicloturista (1933-2004), autor de numerosas gu\u00edas y touroperadores, creador de la Haute Route des Pyr\u00e9n\u00e9es en bicicleta y del Tour des Pyr\u00e9n\u00e9es en bicicleta, un circuito de 1.490 km con un desnivel de 21.000 metros. Es precisamente esta Vuelta a los Pirineos en bicicleta la que sirve de referencia para este desaf\u00edo, que \u00abcalifica\u00bb los puertos. Los puertos que figuran en el cat\u00e1logo son los del recorrido de V\u00e9ron, m\u00e1s todos los puertos dentro de su recorrido.<\/p>\n\n\n\n<p><a href=\"https:\/\/centcols.org\/wp-content\/uploads\/2025\/08\/Genese-Challenge-Veron.pdf\" target=\"_blank\" rel=\"noreferrer noopener\">G\u00e9nesis de un desaf\u00edo del Cent Cols Club<\/a><br><br>Este desaf\u00edo est\u00e1 abierto a socios y no socios del Club de los Cien Pases. Tambi\u00e9n puede ser la base para los primeros cien pases de un nuevo miembro, o simplemente un incentivo para descubrir la intimidad y la diversidad de los Pirineos.<\/p>\n\n\n\n<p>Contacto: <br><a href=\"\/es\/c&\/#111;&#x6e;&#x74;&#x61;c&#116;&#x40;&#x63;&#x61;b&#108;&#x61;&#x74;&#x2e;c&#111;&#x6d;\">contact@cablat.com<\/a><br><a href=\"mailto:&quot;&#99;&#x61;&#x62;l&#97;&#x74;_&#112;&#x68;o&#116;&#x6f;s&#64;&#x68;&#x6f;&#116;&#x6d;&#x61;i&#108;&#x2e;f&#114;&quot;\">cablat_photos@hotmail.fr<\/a> <br><a href=\"\/es\/&\/#98;&#111;&#x72;&#x69;&#115;&#97;&#x6e;&#x73;&#97;&#98;&#x65;&#x72;&#101;&#64;&#x69;&#x63;&#108;&#111;&#x75;&#x64;&#46;&#99;&#x6f;&#x6d;\" target=\"_blank\" rel=\"noreferrer noopener\">borisansabere@icloud.com<\/a><\/p>\n\n\n\n<h2 class=\"wp-block-heading\">C\u00f3mo funciona<\/h2>\n\n\n\n<p>Para inscribirse en este reto, <a href=\"https:\/\/centcols.org\/wp-content\/uploads\/2025\/08\/Bulletin-inscription-challenge-gveron.docx\" target=\"_blank\" rel=\"noreferrer noopener\">rellenar el formulario de inscripci\u00f3n<\/a> aceptaci\u00f3n del reglamento del club des cent cols. <strong>Por favor, renombre el archivo con su nombre.<\/strong> No olvide indicar su nombre y, sobre todo, su n\u00famero de socio si es miembro del Club des Cent Cols.<\/p>\n\n\n\n<p>Los puertos deben escalarse de acuerdo con las normas del Cent Cols Club.<br>Los pases obtenidos antes de inscribirse en el desaf\u00edo pueden contabilizarse.<br>Los forfaits incluidos en el Desaf\u00edo son los que figuran en el cat\u00e1logo en la fecha de creaci\u00f3n del Desaf\u00edo. Si posteriormente se a\u00f1aden pases en la zona afectada por las distintas ampliaciones, no se tendr\u00e1n en cuenta para el Desaf\u00edo.<\/p>\n\n\n\n<p>Los 3 niveles del Desaf\u00edo Georges V\u00e9ron de los Pirineos:<br>Le <strong>Nivel de bronce<\/strong> de la Challenge des Pyr\u00e9n\u00e9es Georges VERON se consigui\u00f3 tras atravesar 178 de los 534 puertos del cat\u00e1logo, es decir, 1\/3 de los puertos.<br> Le <strong>Nivel de plata <\/strong>de la Challenge des Pyr\u00e9n\u00e9es Georges VERON se consigui\u00f3 tras cruzar 356 de los 534 puertos de carretera del cat\u00e1logo, es decir, 2\/3 de los puertos.<br>Le <strong>Nivel Oro<\/strong> de la Challenge des Pyr\u00e9n\u00e9es Georges VERON se consigue tras atravesar los 534 puertos de carretera que figuran en el cat\u00e1logo.<\/p>\n\n\n\n<p class=\"has-medium-font-size\">No hay l\u00edmite de tiempo, as\u00ed que si eres un amante de la monta\u00f1a, date un capricho.<br>Los participantes son autosuficientes, pero se recomienda encarecidamente que lleven casco y sigan las normas de seguridad ciclista.<br>Como cada pa\u00eds tiene sus propias normas de tr\u00e1fico, es obligatorio cumplirlas.<br><br>Se otorga un certificado Challenge des Pyr\u00e9n\u00e9es - Georges VERON (oro, plata o bronce) cuando se ha ascendido el n\u00famero de puertos requerido. Los participantes tienen la opci\u00f3n de imprimir ellos mismos los detalles del Desaf\u00edo o de que se los env\u00ede el responsable del desaf\u00edo por un importe de seis euros que deber\u00e1n abonar al Club des Cent Cols (6 euros. Esta suma incluye el coste del papel especial, la impresi\u00f3n y el franqueo). S\u00f3lo para el brevet Challenge des Pyr\u00e9n\u00e9es - Georges VERON <strong><span class=\"stk-highlight\" style=\"color: #fcb900;background-color: #f34957\">o<\/span><\/strong>, Si desea recibir el Desaf\u00edo en persona en un acto del Club des Cent Cols, solic\u00edtelo.<br><br>Se elaborar\u00e1 una Lista de Honor de los titulares de cada Desaf\u00edo y de los participantes inscritos (con su grado de progresi\u00f3n). Inicialmente, esta lista estar\u00e1 disponible a trav\u00e9s del responsable del desaf\u00edo, y las condiciones de su inclusi\u00f3n en las publicaciones del Club de los 100 Cols se decidir\u00e1n m\u00e1s adelante.<br>Se asignar\u00e1 un n\u00famero por orden de inscripci\u00f3n.<br><br>La d\u00e9claration annuelle se fait par transmission du fichier excel renseign\u00e9 au responsable du Challenge : &#99;&#x68;a&#x6c;&#x6c;&#101;&#x6e;g&#x65;&#x76;&#101;&#x72;o&#x6e;&#x40;&#99;&#x65;n&#x74;&#x63;&#111;&#x6c;s&#x2e;&#x6f;&#114;&#x67; responsable qui analyse les r\u00e9sultats et \u00e9tablit le Tableau d\u2019Honneur. <br><br>El reto pasa en <a href=\"https:\/\/centcols.org\/wp-content\/uploads\/2025\/08\/LISTE-COLS-CHALLENGE-GEORGES-VERON-1.xlsx\" target=\"_blank\" rel=\"noreferrer noopener\">descargar aqu\u00ed<\/a>. <strong>no olvide indicar su nombre y, sobre todo, su n\u00famero de socio si est\u00e1 cien col dentro de la tabla Excel, de lo contrario podr\u00eda perderse. Por favor, renombre el archivo con su nombre.<\/strong><\/p>","protected":false},"excerpt":{"rendered":"<p>Christophe CABLAT (CC N\u00b08186) et Boris THOMAS (CC N\u00b08188) nous proposent ce challenge. Les Pyr\u00e9n\u00e9es sont internationales: fran\u00e7aises, espagnoles et andorranes. Le Challenge des Pyr\u00e9n\u00e9es Georges VERON vous propose de gravir 534 cols routiers des Pyr\u00e9n\u00e9es en France, en Espagne et en Andorre. Vous gravirez les 10 cols \u00e0 plus de 2000 m\u00e8tres d\u2019altitude des [&hellip;]<\/p>\n","protected":false},"author":58,"featured_media":83720,"comment_status":"closed","ping_status":"open","sticky":false,"template":"","format":"standard","meta":{"_acf_changed":false,"footnotes":""},"categories":[219],"tags":[],"class_list":["post-82711","post","type-post","status-publish","format-standard","has-post-thumbnail","hentry","category-challenges"],"acf":[],"yoast_head":"<!-- This site is optimized with the Yoast SEO plugin v27.2 - https:\/\/yoast.com\/product\/yoast-seo-wordpress\/ -->\n<title>Challenge des Pyr\u00e9n\u00e9es Georges VERON - Club des Cent Cols<\/title>\n<meta name=\"robots\" content=\"index, follow, max-snippet:-1, max-image-preview:large, max-video-preview:-1\" \/>\n<link rel=\"canonical\" href=\"https:\/\/centcols.org\/es\/desafio-de-los-pirineos-georges-veron\/\" \/>\n<meta property=\"og:locale\" content=\"es_ES\" \/>\n<meta property=\"og:type\" content=\"article\" \/>\n<meta property=\"og:title\" content=\"Challenge des Pyr\u00e9n\u00e9es Georges VERON - Club des Cent Cols\" \/>\n<meta property=\"og:description\" content=\"Christophe CABLAT (CC N\u00b08186) et Boris THOMAS (CC N\u00b08188) nous proposent ce challenge. Les Pyr\u00e9n\u00e9es sont internationales: fran\u00e7aises, espagnoles et andorranes. Le Challenge des Pyr\u00e9n\u00e9es Georges VERON vous propose de gravir 534 cols routiers des Pyr\u00e9n\u00e9es en France, en Espagne et en Andorre. Vous gravirez les 10 cols \u00e0 plus de 2000 m\u00e8tres d\u2019altitude des [&hellip;]\" \/>\n<meta property=\"og:url\" content=\"https:\/\/centcols.org\/es\/desafio-de-los-pirineos-georges-veron\/\" \/>\n<meta property=\"og:site_name\" content=\"Club des Cent Cols\" \/>\n<meta property=\"article:publisher\" content=\"https:\/\/www.facebook.com\/groups\/5261880558\/?locale=fr_FR\" \/>\n<meta property=\"article:published_time\" content=\"2024-12-31T12:31:56+00:00\" \/>\n<meta property=\"article:modified_time\" content=\"2025-09-13T05:46:25+00:00\" \/>\n<meta property=\"og:image\" content=\"https:\/\/centcols.org\/wp-content\/uploads\/2024\/12\/Gavarnie-ret2.jpg\" \/>\n\t<meta property=\"og:image:width\" content=\"1300\" \/>\n\t<meta property=\"og:image:height\" content=\"731\" \/>\n\t<meta property=\"og:image:type\" content=\"image\/jpeg\" \/>\n<meta name=\"author\" content=\"Enrico Alberini\" \/>\n<meta name=\"twitter:card\" content=\"summary_large_image\" \/>\n<meta name=\"twitter:label1\" content=\"Escrito por\" \/>\n\t<meta name=\"twitter:data1\" content=\"Enrico Alberini\" \/>\n\t<meta name=\"twitter:label2\" content=\"Tiempo de lectura\" \/>\n\t<meta name=\"twitter:data2\" content=\"4 minutos\" \/>\n<script type=\"application\/ld+json\" class=\"yoast-schema-graph\">{\"@context\":\"https:\/\/schema.org\",\"@graph\":[{\"@type\":\"Article\",\"@id\":\"https:\/\/centcols.org\/challenge-des-pyrenees-georges-veron\/#article\",\"isPartOf\":{\"@id\":\"https:\/\/centcols.org\/challenge-des-pyrenees-georges-veron\/\"},\"author\":{\"name\":\"Enrico Alberini\",\"@id\":\"https:\/\/centcols.org\/#\/schema\/person\/86c3ec6889d88501a29fccac614bebf8\"},\"headline\":\"Challenge des Pyr\u00e9n\u00e9es Georges VERON\",\"datePublished\":\"2024-12-31T12:31:56+00:00\",\"dateModified\":\"2025-09-13T05:46:25+00:00\",\"mainEntityOfPage\":{\"@id\":\"https:\/\/centcols.org\/challenge-des-pyrenees-georges-veron\/\"},\"wordCount\":785,\"publisher\":{\"@id\":\"https:\/\/centcols.org\/#organization\"},\"image\":{\"@id\":\"https:\/\/centcols.org\/challenge-des-pyrenees-georges-veron\/#primaryimage\"},\"thumbnailUrl\":\"https:\/\/centcols.org\/wp-content\/uploads\/2024\/12\/Gavarnie-ret2.jpg\",\"articleSection\":[\"Challenges\"],\"inLanguage\":\"es\"},{\"@type\":\"WebPage\",\"@id\":\"https:\/\/centcols.org\/challenge-des-pyrenees-georges-veron\/\",\"url\":\"https:\/\/centcols.org\/challenge-des-pyrenees-georges-veron\/\",\"name\":\"Challenge des Pyr\u00e9n\u00e9es Georges VERON - Club des Cent Cols\",\"isPartOf\":{\"@id\":\"https:\/\/centcols.org\/#website\"},\"primaryImageOfPage\":{\"@id\":\"https:\/\/centcols.org\/challenge-des-pyrenees-georges-veron\/#primaryimage\"},\"image\":{\"@id\":\"https:\/\/centcols.org\/challenge-des-pyrenees-georges-veron\/#primaryimage\"},\"thumbnailUrl\":\"https:\/\/centcols.org\/wp-content\/uploads\/2024\/12\/Gavarnie-ret2.jpg\",\"datePublished\":\"2024-12-31T12:31:56+00:00\",\"dateModified\":\"2025-09-13T05:46:25+00:00\",\"breadcrumb\":{\"@id\":\"https:\/\/centcols.org\/challenge-des-pyrenees-georges-veron\/#breadcrumb\"},\"inLanguage\":\"es\",\"potentialAction\":[{\"@type\":\"ReadAction\",\"target\":[\"https:\/\/centcols.org\/challenge-des-pyrenees-georges-veron\/\"]}]},{\"@type\":\"ImageObject\",\"inLanguage\":\"es\",\"@id\":\"https:\/\/centcols.org\/challenge-des-pyrenees-georges-veron\/#primaryimage\",\"url\":\"https:\/\/centcols.org\/wp-content\/uploads\/2024\/12\/Gavarnie-ret2.jpg\",\"contentUrl\":\"https:\/\/centcols.org\/wp-content\/uploads\/2024\/12\/Gavarnie-ret2.jpg\",\"width\":1300,\"height\":731},{\"@type\":\"BreadcrumbList\",\"@id\":\"https:\/\/centcols.org\/challenge-des-pyrenees-georges-veron\/#breadcrumb\",\"itemListElement\":[{\"@type\":\"ListItem\",\"position\":1,\"name\":\"Accueil\",\"item\":\"https:\/\/centcols.org\/\"},{\"@type\":\"ListItem\",\"position\":2,\"name\":\"Challenges\",\"item\":\"https:\/\/centcols.org\/rubrique\/challenges\/\"},{\"@type\":\"ListItem\",\"position\":3,\"name\":\"Challenge des Pyr\u00e9n\u00e9es Georges VERON\"}]},{\"@type\":\"WebSite\",\"@id\":\"https:\/\/centcols.org\/#website\",\"url\":\"https:\/\/centcols.org\/\",\"name\":\"Club des Cent Cols\",\"description\":\"\",\"publisher\":{\"@id\":\"https:\/\/centcols.org\/#organization\"},\"potentialAction\":[{\"@type\":\"SearchAction\",\"target\":{\"@type\":\"EntryPoint\",\"urlTemplate\":\"https:\/\/centcols.org\/?s={search_term_string}\"},\"query-input\":{\"@type\":\"PropertyValueSpecification\",\"valueRequired\":true,\"valueName\":\"search_term_string\"}}],\"inLanguage\":\"es\"},{\"@type\":\"Organization\",\"@id\":\"https:\/\/centcols.org\/#organization\",\"name\":\"Club des Cent Cols\",\"url\":\"https:\/\/centcols.org\/\",\"logo\":{\"@type\":\"ImageObject\",\"inLanguage\":\"es\",\"@id\":\"https:\/\/centcols.org\/#\/schema\/logo\/image\/\",\"url\":\"https:\/\/centcols.org\/wp-content\/uploads\/2025\/01\/carte-icone.png\",\"contentUrl\":\"https:\/\/centcols.org\/wp-content\/uploads\/2025\/01\/carte-icone.png\",\"width\":250,\"height\":250,\"caption\":\"Club des Cent Cols\"},\"image\":{\"@id\":\"https:\/\/centcols.org\/#\/schema\/logo\/image\/\"},\"sameAs\":[\"https:\/\/www.facebook.com\/groups\/5261880558\/?locale=fr_FR\"]},{\"@type\":\"Person\",\"@id\":\"https:\/\/centcols.org\/#\/schema\/person\/86c3ec6889d88501a29fccac614bebf8\",\"name\":\"Enrico Alberini\",\"image\":{\"@type\":\"ImageObject\",\"inLanguage\":\"es\",\"@id\":\"https:\/\/centcols.org\/wp-content\/litespeed\/avatar\/1b26e36a18d85acc8b0f860f9628213f.jpg?ver=1777240766\",\"url\":\"https:\/\/centcols.org\/wp-content\/litespeed\/avatar\/1b26e36a18d85acc8b0f860f9628213f.jpg?ver=1777240766\",\"contentUrl\":\"https:\/\/centcols.org\/wp-content\/litespeed\/avatar\/1b26e36a18d85acc8b0f860f9628213f.jpg?ver=1777240766\",\"caption\":\"Enrico Alberini\"},\"url\":\"https:\/\/centcols.org\/es\/author\/5065\/\"}]}<\/script>\n<!-- \/ Yoast SEO plugin. -->","yoast_head_json":{"title":"Challenge des Pyr\u00e9n\u00e9es Georges VERON - Club des Cent Cols","robots":{"index":"index","follow":"follow","max-snippet":"max-snippet:-1","max-image-preview":"max-image-preview:large","max-video-preview":"max-video-preview:-1"},"canonical":"https:\/\/centcols.org\/es\/desafio-de-los-pirineos-georges-veron\/","og_locale":"es_ES","og_type":"article","og_title":"Challenge des Pyr\u00e9n\u00e9es Georges VERON - Club des Cent Cols","og_description":"Christophe CABLAT (CC N\u00b08186) et Boris THOMAS (CC N\u00b08188) nous proposent ce challenge. Les Pyr\u00e9n\u00e9es sont internationales: fran\u00e7aises, espagnoles et andorranes. Le Challenge des Pyr\u00e9n\u00e9es Georges VERON vous propose de gravir 534 cols routiers des Pyr\u00e9n\u00e9es en France, en Espagne et en Andorre. Vous gravirez les 10 cols \u00e0 plus de 2000 m\u00e8tres d\u2019altitude des [&hellip;]","og_url":"https:\/\/centcols.org\/es\/desafio-de-los-pirineos-georges-veron\/","og_site_name":"Club des Cent Cols","article_publisher":"https:\/\/www.facebook.com\/groups\/5261880558\/?locale=fr_FR","article_published_time":"2024-12-31T12:31:56+00:00","article_modified_time":"2025-09-13T05:46:25+00:00","og_image":[{"width":1300,"height":731,"url":"https:\/\/centcols.org\/wp-content\/uploads\/2024\/12\/Gavarnie-ret2.jpg","type":"image\/jpeg"}],"author":"Enrico Alberini","twitter_card":"summary_large_image","twitter_misc":{"Escrito por":"Enrico Alberini","Tiempo de lectura":"4 minutos"},"schema":{"@context":"https:\/\/schema.org","@graph":[{"@type":"Article","@id":"https:\/\/centcols.org\/challenge-des-pyrenees-georges-veron\/#article","isPartOf":{"@id":"https:\/\/centcols.org\/challenge-des-pyrenees-georges-veron\/"},"author":{"name":"Enrico Alberini","@id":"https:\/\/centcols.org\/#\/schema\/person\/86c3ec6889d88501a29fccac614bebf8"},"headline":"Challenge des Pyr\u00e9n\u00e9es Georges VERON","datePublished":"2024-12-31T12:31:56+00:00","dateModified":"2025-09-13T05:46:25+00:00","mainEntityOfPage":{"@id":"https:\/\/centcols.org\/challenge-des-pyrenees-georges-veron\/"},"wordCount":785,"publisher":{"@id":"https:\/\/centcols.org\/#organization"},"image":{"@id":"https:\/\/centcols.org\/challenge-des-pyrenees-georges-veron\/#primaryimage"},"thumbnailUrl":"https:\/\/centcols.org\/wp-content\/uploads\/2024\/12\/Gavarnie-ret2.jpg","articleSection":["Challenges"],"inLanguage":"es"},{"@type":"WebPage","@id":"https:\/\/centcols.org\/challenge-des-pyrenees-georges-veron\/","url":"https:\/\/centcols.org\/challenge-des-pyrenees-georges-veron\/","name":"Challenge des Pyr\u00e9n\u00e9es Georges VERON - Club des Cent Cols","isPartOf":{"@id":"https:\/\/centcols.org\/#website"},"primaryImageOfPage":{"@id":"https:\/\/centcols.org\/challenge-des-pyrenees-georges-veron\/#primaryimage"},"image":{"@id":"https:\/\/centcols.org\/challenge-des-pyrenees-georges-veron\/#primaryimage"},"thumbnailUrl":"https:\/\/centcols.org\/wp-content\/uploads\/2024\/12\/Gavarnie-ret2.jpg","datePublished":"2024-12-31T12:31:56+00:00","dateModified":"2025-09-13T05:46:25+00:00","breadcrumb":{"@id":"https:\/\/centcols.org\/challenge-des-pyrenees-georges-veron\/#breadcrumb"},"inLanguage":"es","potentialAction":[{"@type":"ReadAction","target":["https:\/\/centcols.org\/challenge-des-pyrenees-georges-veron\/"]}]},{"@type":"ImageObject","inLanguage":"es","@id":"https:\/\/centcols.org\/challenge-des-pyrenees-georges-veron\/#primaryimage","url":"https:\/\/centcols.org\/wp-content\/uploads\/2024\/12\/Gavarnie-ret2.jpg","contentUrl":"https:\/\/centcols.org\/wp-content\/uploads\/2024\/12\/Gavarnie-ret2.jpg","width":1300,"height":731},{"@type":"BreadcrumbList","@id":"https:\/\/centcols.org\/challenge-des-pyrenees-georges-veron\/#breadcrumb","itemListElement":[{"@type":"ListItem","position":1,"name":"Accueil","item":"https:\/\/centcols.org\/"},{"@type":"ListItem","position":2,"name":"Challenges","item":"https:\/\/centcols.org\/rubrique\/challenges\/"},{"@type":"ListItem","position":3,"name":"Challenge des Pyr\u00e9n\u00e9es Georges VERON"}]},{"@type":"WebSite","@id":"https:\/\/centcols.org\/#website","url":"https:\/\/centcols.org\/","name":"Club des Cent Cols","description":"","publisher":{"@id":"https:\/\/centcols.org\/#organization"},"potentialAction":[{"@type":"SearchAction","target":{"@type":"EntryPoint","urlTemplate":"https:\/\/centcols.org\/?s={search_term_string}"},"query-input":{"@type":"PropertyValueSpecification","valueRequired":true,"valueName":"search_term_string"}}],"inLanguage":"es"},{"@type":"Organization","@id":"https:\/\/centcols.org\/#organization","name":"Club des Cent Cols","url":"https:\/\/centcols.org\/","logo":{"@type":"ImageObject","inLanguage":"es","@id":"https:\/\/centcols.org\/#\/schema\/logo\/image\/","url":"https:\/\/centcols.org\/wp-content\/uploads\/2025\/01\/carte-icone.png","contentUrl":"https:\/\/centcols.org\/wp-content\/uploads\/2025\/01\/carte-icone.png","width":250,"height":250,"caption":"Club des Cent Cols"},"image":{"@id":"https:\/\/centcols.org\/#\/schema\/logo\/image\/"},"sameAs":["https:\/\/www.facebook.com\/groups\/5261880558\/?locale=fr_FR"]},{"@type":"Person","@id":"https:\/\/centcols.org\/#\/schema\/person\/86c3ec6889d88501a29fccac614bebf8","name":"Enrico Alberini","image":{"@type":"ImageObject","inLanguage":"es","@id":"https:\/\/centcols.org\/wp-content\/litespeed\/avatar\/1b26e36a18d85acc8b0f860f9628213f.jpg?ver=1777240766","url":"https:\/\/centcols.org\/wp-content\/litespeed\/avatar\/1b26e36a18d85acc8b0f860f9628213f.jpg?ver=1777240766","contentUrl":"https:\/\/centcols.org\/wp-content\/litespeed\/avatar\/1b26e36a18d85acc8b0f860f9628213f.jpg?ver=1777240766","caption":"Enrico Alberini"},"url":"https:\/\/centcols.org\/es\/author\/5065\/"}]}},"_links":{"self":[{"href":"https:\/\/centcols.org\/es\/wp-json\/wp\/v2\/posts\/82711","targetHints":{"allow":["GET"]}}],"collection":[{"href":"https:\/\/centcols.org\/es\/wp-json\/wp\/v2\/posts"}],"about":[{"href":"https:\/\/centcols.org\/es\/wp-json\/wp\/v2\/types\/post"}],"author":[{"embeddable":true,"href":"https:\/\/centcols.org\/es\/wp-json\/wp\/v2\/users\/58"}],"replies":[{"embeddable":true,"href":"https:\/\/centcols.org\/es\/wp-json\/wp\/v2\/comments?post=82711"}],"version-history":[{"count":0,"href":"https:\/\/centcols.org\/es\/wp-json\/wp\/v2\/posts\/82711\/revisions"}],"wp:featuredmedia":[{"embeddable":true,"href":"https:\/\/centcols.org\/es\/wp-json\/wp\/v2\/media\/83720"}],"wp:attachment":[{"href":"https:\/\/centcols.org\/es\/wp-json\/wp\/v2\/media?parent=82711"}],"wp:term":[{"taxonomy":"category","embeddable":true,"href":"https:\/\/centcols.org\/es\/wp-json\/wp\/v2\/categories?post=82711"},{"taxonomy":"post_tag","embeddable":true,"href":"https:\/\/centcols.org\/es\/wp-json\/wp\/v2\/tags?post=82711"}],"curies":[{"name":"wp","href":"https:\/\/api.w.org\/{rel}","templated":true}]}}