{"id":82714,"date":"2025-01-23T15:17:12","date_gmt":"2025-01-23T13:17:12","guid":{"rendered":"https:\/\/centcols.org\/alpes-du-nord-col-de-la-croix-fry-samedi-31-mai-2025\/"},"modified":"2025-09-09T13:40:02","modified_gmt":"2025-09-09T11:40:02","slug":"alpes-du-nord-2025-thones","status":"publish","type":"post","link":"https:\/\/centcols.org\/es\/alpes-du-nord-2025-thones\/","title":{"rendered":"Alpes del Norte, Col de la Croix Fry, s\u00e1bado 31 de mayo de 2025"},"content":{"rendered":"<p>Col de la Croix Fry (FR-74-1467)<\/p>\n\n\n\n<p>Punto de encuentro en Th\u00f4nes, aparcamiento de la v\u00eda ferrata a partir de las 8.30 h.<br>Hay un aparcamiento gratuito para caravanas a menos de 500 m.<br>Recepci\u00f3n a partir de las 11.00 horas en el paso Croix Fry<br>Puertos cercanos: col de Saint-Jean-de-Sixt (FR-74-0956), col de Merdassier (FR-74-1500c) y col des Aravis (FR-73-1486)<br>No hay una ruta establecida, s\u00f3lo tiene que venir a la reuni\u00f3n por la ruta de su elecci\u00f3n.<\/p>\n\n\n\n<p><strong>Gracias por participar.<\/strong><\/p>\n\n\n\n<h2 class=\"wp-block-heading\">Circuitos :<\/h2>\n\n\n\n<p>Visitas guiadas disponibles previa petici\u00f3n<br>\u00a0- Carretera :\u00a0<a href=\"https:\/\/centcols.org\/es\/membres\/cctours\/tours.php\/?lieu=Th%C3%B4nes&amp;an=2025\" target=\"_blank\" rel=\"noreferrer noopener\">Croix-Fry-R gpx<\/a>\u00a0 Ruta m\u00e1s f\u00e1cil en el sentido de las agujas del reloj (menos empinada)<br>\u00a0- CICLISMO DE MONTA\u00d1A :\u00a0<a href=\"https:\/\/centcols.org\/wp-content\/uploads\/2025\/09\/Croix-Fry-V.zip\">Croix-Fry-V<\/a>\u00a0gpx (Archivo provisional que debe descomprimirse)<\/p>\n\n\n\n<h2 class=\"wp-block-heading\">P\u00f3ngase en contacto con<\/h2>\n\n\n\n<p>Guy Harl\u00e9<br>Tel: +33 6 77 11 17 03<br><a href=\"\/es\/&\/#x6d;&#97;i&#x6c;&#116;o&#x3a;&#103;u&#x79;&#46;h&#x61;&#114;l&#x65;&#64;g&#x6d;&#97;i&#x6c;&#46;c&#x6f;&#109;\">guy.harle@gmail.com<\/a><\/p>","protected":false},"excerpt":{"rendered":"<p>Col de la Croix Fry (FR-74-1467) RV \u00e0 Th\u00f4nes, parking de la via ferrata \u00e0 partir de 8 h 30Une aire de camping car gratuite se trouve \u00e0 moins de 500 m.Accueil \u00e0 partir de 11 h 00 au col de la Croix FryCols \u00e0 proximit\u00e9 : col de Saint-Jean-de-Sixt (FR-74-0956), col de Merdassier (FR-74-1500c) [&hellip;]<\/p>\n","protected":false},"author":136,"featured_media":83743,"comment_status":"open","ping_status":"open","sticky":false,"template":"","format":"standard","meta":{"_acf_changed":false,"footnotes":""},"categories":[314,135,216],"tags":[],"class_list":["post-82714","post","type-post","status-publish","format-standard","has-post-thumbnail","hentry","category-les-rassemblements-de-2025","category-calendrier","category-rencontres-regionales"],"acf":[],"yoast_head":"<!-- This site is optimized with the Yoast SEO plugin v27.2 - https:\/\/yoast.com\/product\/yoast-seo-wordpress\/ -->\n<title>Alpes du Nord, Col de la Croix Fry, samedi 31 mai 2025 - Club des Cent Cols<\/title>\n<meta name=\"robots\" content=\"index, follow, max-snippet:-1, max-image-preview:large, max-video-preview:-1\" \/>\n<link rel=\"canonical\" href=\"https:\/\/centcols.org\/es\/alpes-du-nord-2025-thones\/\" \/>\n<meta property=\"og:locale\" content=\"es_ES\" \/>\n<meta property=\"og:type\" content=\"article\" \/>\n<meta property=\"og:title\" content=\"Alpes du Nord, Col de la Croix Fry, samedi 31 mai 2025 - Club des Cent Cols\" \/>\n<meta property=\"og:description\" content=\"Col de la Croix Fry (FR-74-1467) RV \u00e0 Th\u00f4nes, parking de la via ferrata \u00e0 partir de 8 h 30Une aire de camping car gratuite se trouve \u00e0 moins de 500 m.Accueil \u00e0 partir de 11 h 00 au col de la Croix FryCols \u00e0 proximit\u00e9 : col de Saint-Jean-de-Sixt (FR-74-0956), col de Merdassier (FR-74-1500c) [&hellip;]\" \/>\n<meta property=\"og:url\" content=\"https:\/\/centcols.org\/es\/alpes-du-nord-2025-thones\/\" \/>\n<meta property=\"og:site_name\" content=\"Club des Cent Cols\" \/>\n<meta property=\"article:publisher\" content=\"https:\/\/www.facebook.com\/groups\/5261880558\/?locale=fr_FR\" \/>\n<meta property=\"article:published_time\" content=\"2025-01-23T13:17:12+00:00\" \/>\n<meta property=\"article:modified_time\" content=\"2025-09-09T11:40:02+00:00\" \/>\n<meta property=\"og:image\" content=\"https:\/\/centcols.org\/wp-content\/uploads\/2025\/01\/87021.jpg\" \/>\n\t<meta property=\"og:image:width\" content=\"800\" \/>\n\t<meta property=\"og:image:height\" content=\"450\" \/>\n\t<meta property=\"og:image:type\" content=\"image\/jpeg\" \/>\n<meta name=\"author\" content=\"Guy Harl\u00e9\" \/>\n<meta name=\"twitter:card\" content=\"summary_large_image\" \/>\n<meta name=\"twitter:label1\" content=\"Escrito por\" \/>\n\t<meta name=\"twitter:data1\" content=\"Guy Harl\u00e9\" \/>\n\t<meta name=\"twitter:label2\" content=\"Tiempo de lectura\" \/>\n\t<meta name=\"twitter:data2\" content=\"1 minuto\" \/>\n<script type=\"application\/ld+json\" class=\"yoast-schema-graph\">{\"@context\":\"https:\/\/schema.org\",\"@graph\":[{\"@type\":\"Article\",\"@id\":\"https:\/\/centcols.org\/alpes-du-nord-2025-thones\/#article\",\"isPartOf\":{\"@id\":\"https:\/\/centcols.org\/alpes-du-nord-2025-thones\/\"},\"author\":{\"name\":\"Guy Harl\u00e9\",\"@id\":\"https:\/\/centcols.org\/#\/schema\/person\/377f00da2793c0363246869bb3a344d0\"},\"headline\":\"Alpes du Nord, Col de la Croix Fry, samedi 31 mai 2025\",\"datePublished\":\"2025-01-23T13:17:12+00:00\",\"dateModified\":\"2025-09-09T11:40:02+00:00\",\"mainEntityOfPage\":{\"@id\":\"https:\/\/centcols.org\/alpes-du-nord-2025-thones\/\"},\"wordCount\":125,\"commentCount\":0,\"publisher\":{\"@id\":\"https:\/\/centcols.org\/#organization\"},\"image\":{\"@id\":\"https:\/\/centcols.org\/alpes-du-nord-2025-thones\/#primaryimage\"},\"thumbnailUrl\":\"https:\/\/centcols.org\/wp-content\/uploads\/2025\/01\/87021.jpg\",\"articleSection\":[\"2025-rassemblements\",\"Calendrier\",\"Rencontres r\u00e9gionales\"],\"inLanguage\":\"es\",\"potentialAction\":[{\"@type\":\"CommentAction\",\"name\":\"Comment\",\"target\":[\"https:\/\/centcols.org\/alpes-du-nord-2025-thones\/#respond\"]}]},{\"@type\":\"WebPage\",\"@id\":\"https:\/\/centcols.org\/alpes-du-nord-2025-thones\/\",\"url\":\"https:\/\/centcols.org\/alpes-du-nord-2025-thones\/\",\"name\":\"Alpes du Nord, Col de la Croix Fry, samedi 31 mai 2025 - Club des Cent Cols\",\"isPartOf\":{\"@id\":\"https:\/\/centcols.org\/#website\"},\"primaryImageOfPage\":{\"@id\":\"https:\/\/centcols.org\/alpes-du-nord-2025-thones\/#primaryimage\"},\"image\":{\"@id\":\"https:\/\/centcols.org\/alpes-du-nord-2025-thones\/#primaryimage\"},\"thumbnailUrl\":\"https:\/\/centcols.org\/wp-content\/uploads\/2025\/01\/87021.jpg\",\"datePublished\":\"2025-01-23T13:17:12+00:00\",\"dateModified\":\"2025-09-09T11:40:02+00:00\",\"breadcrumb\":{\"@id\":\"https:\/\/centcols.org\/alpes-du-nord-2025-thones\/#breadcrumb\"},\"inLanguage\":\"es\",\"potentialAction\":[{\"@type\":\"ReadAction\",\"target\":[\"https:\/\/centcols.org\/alpes-du-nord-2025-thones\/\"]}]},{\"@type\":\"ImageObject\",\"inLanguage\":\"es\",\"@id\":\"https:\/\/centcols.org\/alpes-du-nord-2025-thones\/#primaryimage\",\"url\":\"https:\/\/centcols.org\/wp-content\/uploads\/2025\/01\/87021.jpg\",\"contentUrl\":\"https:\/\/centcols.org\/wp-content\/uploads\/2025\/01\/87021.jpg\",\"width\":800,\"height\":450},{\"@type\":\"BreadcrumbList\",\"@id\":\"https:\/\/centcols.org\/alpes-du-nord-2025-thones\/#breadcrumb\",\"itemListElement\":[{\"@type\":\"ListItem\",\"position\":1,\"name\":\"Accueil\",\"item\":\"https:\/\/centcols.org\/\"},{\"@type\":\"ListItem\",\"position\":2,\"name\":\"Rencontres r\u00e9gionales\",\"item\":\"https:\/\/centcols.org\/rubrique\/rencontres-regionales\/\"},{\"@type\":\"ListItem\",\"position\":3,\"name\":\"Alpes du Nord, Col de la Croix Fry, samedi 31 mai 2025\"}]},{\"@type\":\"WebSite\",\"@id\":\"https:\/\/centcols.org\/#website\",\"url\":\"https:\/\/centcols.org\/\",\"name\":\"Club des Cent Cols\",\"description\":\"\",\"publisher\":{\"@id\":\"https:\/\/centcols.org\/#organization\"},\"potentialAction\":[{\"@type\":\"SearchAction\",\"target\":{\"@type\":\"EntryPoint\",\"urlTemplate\":\"https:\/\/centcols.org\/?s={search_term_string}\"},\"query-input\":{\"@type\":\"PropertyValueSpecification\",\"valueRequired\":true,\"valueName\":\"search_term_string\"}}],\"inLanguage\":\"es\"},{\"@type\":\"Organization\",\"@id\":\"https:\/\/centcols.org\/#organization\",\"name\":\"Club des Cent Cols\",\"url\":\"https:\/\/centcols.org\/\",\"logo\":{\"@type\":\"ImageObject\",\"inLanguage\":\"es\",\"@id\":\"https:\/\/centcols.org\/#\/schema\/logo\/image\/\",\"url\":\"https:\/\/centcols.org\/wp-content\/uploads\/2025\/01\/carte-icone.png\",\"contentUrl\":\"https:\/\/centcols.org\/wp-content\/uploads\/2025\/01\/carte-icone.png\",\"width\":250,\"height\":250,\"caption\":\"Club des Cent Cols\"},\"image\":{\"@id\":\"https:\/\/centcols.org\/#\/schema\/logo\/image\/\"},\"sameAs\":[\"https:\/\/www.facebook.com\/groups\/5261880558\/?locale=fr_FR\"]},{\"@type\":\"Person\",\"@id\":\"https:\/\/centcols.org\/#\/schema\/person\/377f00da2793c0363246869bb3a344d0\",\"name\":\"Guy Harl\u00e9\",\"image\":{\"@type\":\"ImageObject\",\"inLanguage\":\"es\",\"@id\":\"https:\/\/centcols.org\/wp-content\/litespeed\/avatar\/94c4de37e46cf090f296d42ab3e8d6a6.jpg?ver=1777238144\",\"url\":\"https:\/\/centcols.org\/wp-content\/litespeed\/avatar\/94c4de37e46cf090f296d42ab3e8d6a6.jpg?ver=1777238144\",\"contentUrl\":\"https:\/\/centcols.org\/wp-content\/litespeed\/avatar\/94c4de37e46cf090f296d42ab3e8d6a6.jpg?ver=1777238144\",\"caption\":\"Guy Harl\u00e9\"},\"url\":\"https:\/\/centcols.org\/es\/author\/5193\/\"}]}<\/script>\n<!-- \/ Yoast SEO plugin. -->","yoast_head_json":{"title":"Alpes du Nord, Col de la Croix Fry, s\u00e1bado 31 de mayo de 2025 - Club des Cent Cols","robots":{"index":"index","follow":"follow","max-snippet":"max-snippet:-1","max-image-preview":"max-image-preview:large","max-video-preview":"max-video-preview:-1"},"canonical":"https:\/\/centcols.org\/es\/alpes-du-nord-2025-thones\/","og_locale":"es_ES","og_type":"article","og_title":"Alpes du Nord, Col de la Croix Fry, samedi 31 mai 2025 - Club des Cent Cols","og_description":"Col de la Croix Fry (FR-74-1467) RV \u00e0 Th\u00f4nes, parking de la via ferrata \u00e0 partir de 8 h 30Une aire de camping car gratuite se trouve \u00e0 moins de 500 m.Accueil \u00e0 partir de 11 h 00 au col de la Croix FryCols \u00e0 proximit\u00e9 : col de Saint-Jean-de-Sixt (FR-74-0956), col de Merdassier (FR-74-1500c) [&hellip;]","og_url":"https:\/\/centcols.org\/es\/alpes-du-nord-2025-thones\/","og_site_name":"Club des Cent Cols","article_publisher":"https:\/\/www.facebook.com\/groups\/5261880558\/?locale=fr_FR","article_published_time":"2025-01-23T13:17:12+00:00","article_modified_time":"2025-09-09T11:40:02+00:00","og_image":[{"width":800,"height":450,"url":"https:\/\/centcols.org\/wp-content\/uploads\/2025\/01\/87021.jpg","type":"image\/jpeg"}],"author":"Guy Harl\u00e9","twitter_card":"summary_large_image","twitter_misc":{"Escrito por":"Guy Harl\u00e9","Tiempo de lectura":"1 minuto"},"schema":{"@context":"https:\/\/schema.org","@graph":[{"@type":"Article","@id":"https:\/\/centcols.org\/alpes-du-nord-2025-thones\/#article","isPartOf":{"@id":"https:\/\/centcols.org\/alpes-du-nord-2025-thones\/"},"author":{"name":"Guy Harl\u00e9","@id":"https:\/\/centcols.org\/#\/schema\/person\/377f00da2793c0363246869bb3a344d0"},"headline":"Alpes du Nord, Col de la Croix Fry, samedi 31 mai 2025","datePublished":"2025-01-23T13:17:12+00:00","dateModified":"2025-09-09T11:40:02+00:00","mainEntityOfPage":{"@id":"https:\/\/centcols.org\/alpes-du-nord-2025-thones\/"},"wordCount":125,"commentCount":0,"publisher":{"@id":"https:\/\/centcols.org\/#organization"},"image":{"@id":"https:\/\/centcols.org\/alpes-du-nord-2025-thones\/#primaryimage"},"thumbnailUrl":"https:\/\/centcols.org\/wp-content\/uploads\/2025\/01\/87021.jpg","articleSection":["2025-rassemblements","Calendrier","Rencontres r\u00e9gionales"],"inLanguage":"es","potentialAction":[{"@type":"CommentAction","name":"Comment","target":["https:\/\/centcols.org\/alpes-du-nord-2025-thones\/#respond"]}]},{"@type":"WebPage","@id":"https:\/\/centcols.org\/alpes-du-nord-2025-thones\/","url":"https:\/\/centcols.org\/alpes-du-nord-2025-thones\/","name":"Alpes du Nord, Col de la Croix Fry, s\u00e1bado 31 de mayo de 2025 - Club des Cent Cols","isPartOf":{"@id":"https:\/\/centcols.org\/#website"},"primaryImageOfPage":{"@id":"https:\/\/centcols.org\/alpes-du-nord-2025-thones\/#primaryimage"},"image":{"@id":"https:\/\/centcols.org\/alpes-du-nord-2025-thones\/#primaryimage"},"thumbnailUrl":"https:\/\/centcols.org\/wp-content\/uploads\/2025\/01\/87021.jpg","datePublished":"2025-01-23T13:17:12+00:00","dateModified":"2025-09-09T11:40:02+00:00","breadcrumb":{"@id":"https:\/\/centcols.org\/alpes-du-nord-2025-thones\/#breadcrumb"},"inLanguage":"es","potentialAction":[{"@type":"ReadAction","target":["https:\/\/centcols.org\/alpes-du-nord-2025-thones\/"]}]},{"@type":"ImageObject","inLanguage":"es","@id":"https:\/\/centcols.org\/alpes-du-nord-2025-thones\/#primaryimage","url":"https:\/\/centcols.org\/wp-content\/uploads\/2025\/01\/87021.jpg","contentUrl":"https:\/\/centcols.org\/wp-content\/uploads\/2025\/01\/87021.jpg","width":800,"height":450},{"@type":"BreadcrumbList","@id":"https:\/\/centcols.org\/alpes-du-nord-2025-thones\/#breadcrumb","itemListElement":[{"@type":"ListItem","position":1,"name":"Accueil","item":"https:\/\/centcols.org\/"},{"@type":"ListItem","position":2,"name":"Rencontres r\u00e9gionales","item":"https:\/\/centcols.org\/rubrique\/rencontres-regionales\/"},{"@type":"ListItem","position":3,"name":"Alpes du Nord, Col de la Croix Fry, samedi 31 mai 2025"}]},{"@type":"WebSite","@id":"https:\/\/centcols.org\/#website","url":"https:\/\/centcols.org\/","name":"Club des Cent Cols","description":"","publisher":{"@id":"https:\/\/centcols.org\/#organization"},"potentialAction":[{"@type":"SearchAction","target":{"@type":"EntryPoint","urlTemplate":"https:\/\/centcols.org\/?s={search_term_string}"},"query-input":{"@type":"PropertyValueSpecification","valueRequired":true,"valueName":"search_term_string"}}],"inLanguage":"es"},{"@type":"Organization","@id":"https:\/\/centcols.org\/#organization","name":"Club des Cent Cols","url":"https:\/\/centcols.org\/","logo":{"@type":"ImageObject","inLanguage":"es","@id":"https:\/\/centcols.org\/#\/schema\/logo\/image\/","url":"https:\/\/centcols.org\/wp-content\/uploads\/2025\/01\/carte-icone.png","contentUrl":"https:\/\/centcols.org\/wp-content\/uploads\/2025\/01\/carte-icone.png","width":250,"height":250,"caption":"Club des Cent Cols"},"image":{"@id":"https:\/\/centcols.org\/#\/schema\/logo\/image\/"},"sameAs":["https:\/\/www.facebook.com\/groups\/5261880558\/?locale=fr_FR"]},{"@type":"Person","@id":"https:\/\/centcols.org\/#\/schema\/person\/377f00da2793c0363246869bb3a344d0","name":"Guy Harl\u00e9","image":{"@type":"ImageObject","inLanguage":"es","@id":"https:\/\/centcols.org\/wp-content\/litespeed\/avatar\/94c4de37e46cf090f296d42ab3e8d6a6.jpg?ver=1777238144","url":"https:\/\/centcols.org\/wp-content\/litespeed\/avatar\/94c4de37e46cf090f296d42ab3e8d6a6.jpg?ver=1777238144","contentUrl":"https:\/\/centcols.org\/wp-content\/litespeed\/avatar\/94c4de37e46cf090f296d42ab3e8d6a6.jpg?ver=1777238144","caption":"Guy Harl\u00e9"},"url":"https:\/\/centcols.org\/es\/author\/5193\/"}]}},"_links":{"self":[{"href":"https:\/\/centcols.org\/es\/wp-json\/wp\/v2\/posts\/82714","targetHints":{"allow":["GET"]}}],"collection":[{"href":"https:\/\/centcols.org\/es\/wp-json\/wp\/v2\/posts"}],"about":[{"href":"https:\/\/centcols.org\/es\/wp-json\/wp\/v2\/types\/post"}],"author":[{"embeddable":true,"href":"https:\/\/centcols.org\/es\/wp-json\/wp\/v2\/users\/136"}],"replies":[{"embeddable":true,"href":"https:\/\/centcols.org\/es\/wp-json\/wp\/v2\/comments?post=82714"}],"version-history":[{"count":0,"href":"https:\/\/centcols.org\/es\/wp-json\/wp\/v2\/posts\/82714\/revisions"}],"wp:featuredmedia":[{"embeddable":true,"href":"https:\/\/centcols.org\/es\/wp-json\/wp\/v2\/media\/83743"}],"wp:attachment":[{"href":"https:\/\/centcols.org\/es\/wp-json\/wp\/v2\/media?parent=82714"}],"wp:term":[{"taxonomy":"category","embeddable":true,"href":"https:\/\/centcols.org\/es\/wp-json\/wp\/v2\/categories?post=82714"},{"taxonomy":"post_tag","embeddable":true,"href":"https:\/\/centcols.org\/es\/wp-json\/wp\/v2\/tags?post=82714"}],"curies":[{"name":"wp","href":"https:\/\/api.w.org\/{rel}","templated":true}]}}