{"id":82716,"date":"2025-01-24T09:30:29","date_gmt":"2025-01-24T07:30:29","guid":{"rendered":"https:\/\/centcols.org\/suisse-sortie-vtt-les-bugnenets-samedi-21-juin-2025\/"},"modified":"2025-09-13T07:41:54","modified_gmt":"2025-09-13T05:41:54","slug":"suiza-2025-bugnenets","status":"publish","type":"post","link":"https:\/\/centcols.org\/es\/suisse-2025-bugnenets\/","title":{"rendered":"Suiza, Excursi\u00f3n en bicicleta de monta\u00f1a, les Bugnenets, S\u00e1bado 21 de junio de 2025"},"content":{"rendered":"\n<p>D\u00e9part des Bugnenets (Canton de Neuch\u00e2tel)<br>Rendez-vous : parking du village \u00e0 9 h 30 pour le caf\u00e9, d\u00e9part \u00e0 10 h 00<\/p>\n\n\n\n<figure class=\"wp-block-image size-full\"><img loading=\"lazy\" decoding=\"async\" width=\"720\" height=\"524\" src=\"https:\/\/centcols.org\/wp-content\/uploads\/2025\/01\/bugnenets.png\" alt=\"\" class=\"wp-image-90039\" srcset=\"https:\/\/centcols.org\/wp-content\/uploads\/2025\/01\/bugnenets.png 720w, https:\/\/centcols.org\/wp-content\/uploads\/2025\/01\/bugnenets-16x12.png 16w\" sizes=\"auto, (max-width: 720px) 100vw, 720px\" \/><\/figure>\n\n\n\n<p>29 km, 900 m de d\u00e9nivel\u00e9, 7 cols : col des Pontins (CH-BE-1110), col de la M\u00e9tairie-Derri\u00e8re de Bienne (CH-BE-1462), Cl\u00e9dar de Pierrefeu (CH-BE-1293), Le Pertuis (BE-1541 m, \u00e9tude en cours), col du Chasseral (CH-BE-1502), col de la Combe Biosse (CH-BE-1389), col de l\u2019Egasse (CH-BE-1427)<\/p>\n\n\n\n<h2 class=\"wp-block-heading has-medium-font-size\">Circuit<\/h2>\n\n\n\n<p><a href=\"https:\/\/centcols.org\/membres\/cctours\/tours.php?lieu=Bugnenets&amp;an=2025\" target=\"_blank\" rel=\"noreferrer noopener\">Cartes parcours et fichiers gpx<\/a><\/p>\n\n\n\n<h2 class=\"wp-block-heading\">Contact<\/h2>\n\n\n\n<p class=\"has-medium-font-size\">Christian Binggeli<br>[email]c&#98;&#x69;&#x6e;g&#103;&#101;&#x6c;&#x69;1&#57;&#x35;&#x34;&#64;&#103;&#109;&#x61;&#x69;l&#46;&#x63;&#x6f;m[\/email]<br>T\u00e9l : +41 21 801 01 75<br>Natel : +41 78 723 11 33<\/p>\n","protected":false},"excerpt":{"rendered":"<p>D\u00e9part des Bugnenets (Canton de Neuch\u00e2tel)Rendez-vous : parking du village \u00e0 9 h 30 pour le caf\u00e9, d\u00e9part \u00e0 10 h 00 29 km, 900 m de d\u00e9nivel\u00e9, 7 cols : col des Pontins (CH-BE-1110), col de la M\u00e9tairie-Derri\u00e8re de Bienne (CH-BE-1462), Cl\u00e9dar de Pierrefeu (CH-BE-1293), Le Pertuis (BE-1541 m, \u00e9tude en cours), col du [&hellip;]<\/p>\n","protected":false},"author":136,"featured_media":84095,"comment_status":"open","ping_status":"open","sticky":false,"template":"","format":"standard","meta":{"_acf_changed":false,"footnotes":""},"categories":[314,135,216],"tags":[],"class_list":["post-82716","post","type-post","status-publish","format-standard","has-post-thumbnail","hentry","category-les-rassemblements-de-2025","category-calendrier","category-rencontres-regionales"],"acf":[],"yoast_head":"<!-- This site is optimized with the Yoast SEO plugin v27.2 - https:\/\/yoast.com\/product\/yoast-seo-wordpress\/ -->\n<title>Suisse, Sortie VTT, les Bugnenets, samedi 21 juin 2025 - Club des Cent Cols<\/title>\n<meta name=\"robots\" content=\"index, follow, max-snippet:-1, max-image-preview:large, max-video-preview:-1\" \/>\n<link rel=\"canonical\" href=\"https:\/\/centcols.org\/es\/suiza-2025-bugnenets\/\" \/>\n<meta property=\"og:locale\" content=\"es_ES\" \/>\n<meta property=\"og:type\" content=\"article\" \/>\n<meta property=\"og:title\" content=\"Suisse, Sortie VTT, les Bugnenets, samedi 21 juin 2025 - Club des Cent Cols\" \/>\n<meta property=\"og:description\" content=\"D\u00e9part des Bugnenets (Canton de Neuch\u00e2tel)Rendez-vous : parking du village \u00e0 9 h 30 pour le caf\u00e9, d\u00e9part \u00e0 10 h 00 29 km, 900 m de d\u00e9nivel\u00e9, 7 cols : col des Pontins (CH-BE-1110), col de la M\u00e9tairie-Derri\u00e8re de Bienne (CH-BE-1462), Cl\u00e9dar de Pierrefeu (CH-BE-1293), Le Pertuis (BE-1541 m, \u00e9tude en cours), col du [&hellip;]\" \/>\n<meta property=\"og:url\" content=\"https:\/\/centcols.org\/es\/suiza-2025-bugnenets\/\" \/>\n<meta property=\"og:site_name\" content=\"Club des Cent Cols\" \/>\n<meta property=\"article:publisher\" content=\"https:\/\/www.facebook.com\/groups\/5261880558\/?locale=fr_FR\" \/>\n<meta property=\"article:published_time\" content=\"2025-01-24T07:30:29+00:00\" \/>\n<meta property=\"article:modified_time\" content=\"2025-09-13T05:41:54+00:00\" \/>\n<meta property=\"og:image\" content=\"https:\/\/centcols.org\/wp-content\/uploads\/2025\/01\/ch-be-1502.jpg\" \/>\n\t<meta property=\"og:image:width\" content=\"800\" \/>\n\t<meta property=\"og:image:height\" content=\"451\" \/>\n\t<meta property=\"og:image:type\" content=\"image\/jpeg\" \/>\n<meta name=\"author\" content=\"Guy Harl\u00e9\" \/>\n<meta name=\"twitter:card\" content=\"summary_large_image\" \/>\n<meta name=\"twitter:label1\" content=\"Escrito por\" \/>\n\t<meta name=\"twitter:data1\" content=\"Guy Harl\u00e9\" \/>\n\t<meta name=\"twitter:label2\" content=\"Tiempo de lectura\" \/>\n\t<meta name=\"twitter:data2\" content=\"1 minuto\" \/>\n<script type=\"application\/ld+json\" class=\"yoast-schema-graph\">{\"@context\":\"https:\/\/schema.org\",\"@graph\":[{\"@type\":\"Article\",\"@id\":\"https:\/\/centcols.org\/suisse-2025-bugnenets\/#article\",\"isPartOf\":{\"@id\":\"https:\/\/centcols.org\/suisse-2025-bugnenets\/\"},\"author\":{\"name\":\"Guy Harl\u00e9\",\"@id\":\"https:\/\/centcols.org\/#\/schema\/person\/377f00da2793c0363246869bb3a344d0\"},\"headline\":\"Suisse, Sortie VTT, les Bugnenets, samedi 21 juin 2025\",\"datePublished\":\"2025-01-24T07:30:29+00:00\",\"dateModified\":\"2025-09-13T05:41:54+00:00\",\"mainEntityOfPage\":{\"@id\":\"https:\/\/centcols.org\/suisse-2025-bugnenets\/\"},\"wordCount\":89,\"commentCount\":0,\"publisher\":{\"@id\":\"https:\/\/centcols.org\/#organization\"},\"image\":{\"@id\":\"https:\/\/centcols.org\/suisse-2025-bugnenets\/#primaryimage\"},\"thumbnailUrl\":\"https:\/\/centcols.org\/wp-content\/uploads\/2025\/01\/ch-be-1502.jpg\",\"articleSection\":[\"2025-rassemblements\",\"Calendrier\",\"Rencontres r\u00e9gionales\"],\"inLanguage\":\"es\",\"potentialAction\":[{\"@type\":\"CommentAction\",\"name\":\"Comment\",\"target\":[\"https:\/\/centcols.org\/suisse-2025-bugnenets\/#respond\"]}]},{\"@type\":\"WebPage\",\"@id\":\"https:\/\/centcols.org\/suisse-2025-bugnenets\/\",\"url\":\"https:\/\/centcols.org\/suisse-2025-bugnenets\/\",\"name\":\"Suisse, Sortie VTT, les Bugnenets, samedi 21 juin 2025 - Club des Cent Cols\",\"isPartOf\":{\"@id\":\"https:\/\/centcols.org\/#website\"},\"primaryImageOfPage\":{\"@id\":\"https:\/\/centcols.org\/suisse-2025-bugnenets\/#primaryimage\"},\"image\":{\"@id\":\"https:\/\/centcols.org\/suisse-2025-bugnenets\/#primaryimage\"},\"thumbnailUrl\":\"https:\/\/centcols.org\/wp-content\/uploads\/2025\/01\/ch-be-1502.jpg\",\"datePublished\":\"2025-01-24T07:30:29+00:00\",\"dateModified\":\"2025-09-13T05:41:54+00:00\",\"breadcrumb\":{\"@id\":\"https:\/\/centcols.org\/suisse-2025-bugnenets\/#breadcrumb\"},\"inLanguage\":\"es\",\"potentialAction\":[{\"@type\":\"ReadAction\",\"target\":[\"https:\/\/centcols.org\/suisse-2025-bugnenets\/\"]}]},{\"@type\":\"ImageObject\",\"inLanguage\":\"es\",\"@id\":\"https:\/\/centcols.org\/suisse-2025-bugnenets\/#primaryimage\",\"url\":\"https:\/\/centcols.org\/wp-content\/uploads\/2025\/01\/ch-be-1502.jpg\",\"contentUrl\":\"https:\/\/centcols.org\/wp-content\/uploads\/2025\/01\/ch-be-1502.jpg\",\"width\":800,\"height\":451},{\"@type\":\"BreadcrumbList\",\"@id\":\"https:\/\/centcols.org\/suisse-2025-bugnenets\/#breadcrumb\",\"itemListElement\":[{\"@type\":\"ListItem\",\"position\":1,\"name\":\"Accueil\",\"item\":\"https:\/\/centcols.org\/\"},{\"@type\":\"ListItem\",\"position\":2,\"name\":\"Rencontres r\u00e9gionales\",\"item\":\"https:\/\/centcols.org\/rubrique\/rencontres-regionales\/\"},{\"@type\":\"ListItem\",\"position\":3,\"name\":\"Suisse, Sortie VTT, les Bugnenets, samedi 21 juin 2025\"}]},{\"@type\":\"WebSite\",\"@id\":\"https:\/\/centcols.org\/#website\",\"url\":\"https:\/\/centcols.org\/\",\"name\":\"Club des Cent Cols\",\"description\":\"\",\"publisher\":{\"@id\":\"https:\/\/centcols.org\/#organization\"},\"potentialAction\":[{\"@type\":\"SearchAction\",\"target\":{\"@type\":\"EntryPoint\",\"urlTemplate\":\"https:\/\/centcols.org\/?s={search_term_string}\"},\"query-input\":{\"@type\":\"PropertyValueSpecification\",\"valueRequired\":true,\"valueName\":\"search_term_string\"}}],\"inLanguage\":\"es\"},{\"@type\":\"Organization\",\"@id\":\"https:\/\/centcols.org\/#organization\",\"name\":\"Club des Cent Cols\",\"url\":\"https:\/\/centcols.org\/\",\"logo\":{\"@type\":\"ImageObject\",\"inLanguage\":\"es\",\"@id\":\"https:\/\/centcols.org\/#\/schema\/logo\/image\/\",\"url\":\"https:\/\/centcols.org\/wp-content\/uploads\/2025\/01\/carte-icone.png\",\"contentUrl\":\"https:\/\/centcols.org\/wp-content\/uploads\/2025\/01\/carte-icone.png\",\"width\":250,\"height\":250,\"caption\":\"Club des Cent Cols\"},\"image\":{\"@id\":\"https:\/\/centcols.org\/#\/schema\/logo\/image\/\"},\"sameAs\":[\"https:\/\/www.facebook.com\/groups\/5261880558\/?locale=fr_FR\"]},{\"@type\":\"Person\",\"@id\":\"https:\/\/centcols.org\/#\/schema\/person\/377f00da2793c0363246869bb3a344d0\",\"name\":\"Guy Harl\u00e9\",\"image\":{\"@type\":\"ImageObject\",\"inLanguage\":\"es\",\"@id\":\"https:\/\/centcols.org\/wp-content\/litespeed\/avatar\/94c4de37e46cf090f296d42ab3e8d6a6.jpg?ver=1777238144\",\"url\":\"https:\/\/centcols.org\/wp-content\/litespeed\/avatar\/94c4de37e46cf090f296d42ab3e8d6a6.jpg?ver=1777238144\",\"contentUrl\":\"https:\/\/centcols.org\/wp-content\/litespeed\/avatar\/94c4de37e46cf090f296d42ab3e8d6a6.jpg?ver=1777238144\",\"caption\":\"Guy Harl\u00e9\"},\"url\":\"https:\/\/centcols.org\/es\/author\/5193\/\"}]}<\/script>\n<!-- \/ Yoast SEO plugin. -->","yoast_head_json":{"title":"Suiza, Salida en bicicleta de monta\u00f1a, les Bugnenets, s\u00e1bado 21 de junio de 2025 - Club des Cent Cols","robots":{"index":"index","follow":"follow","max-snippet":"max-snippet:-1","max-image-preview":"max-image-preview:large","max-video-preview":"max-video-preview:-1"},"canonical":"https:\/\/centcols.org\/es\/suiza-2025-bugnenets\/","og_locale":"es_ES","og_type":"article","og_title":"Suisse, Sortie VTT, les Bugnenets, samedi 21 juin 2025 - Club des Cent Cols","og_description":"D\u00e9part des Bugnenets (Canton de Neuch\u00e2tel)Rendez-vous : parking du village \u00e0 9 h 30 pour le caf\u00e9, d\u00e9part \u00e0 10 h 00 29 km, 900 m de d\u00e9nivel\u00e9, 7 cols : col des Pontins (CH-BE-1110), col de la M\u00e9tairie-Derri\u00e8re de Bienne (CH-BE-1462), Cl\u00e9dar de Pierrefeu (CH-BE-1293), Le Pertuis (BE-1541 m, \u00e9tude en cours), col du [&hellip;]","og_url":"https:\/\/centcols.org\/es\/suiza-2025-bugnenets\/","og_site_name":"Club des Cent Cols","article_publisher":"https:\/\/www.facebook.com\/groups\/5261880558\/?locale=fr_FR","article_published_time":"2025-01-24T07:30:29+00:00","article_modified_time":"2025-09-13T05:41:54+00:00","og_image":[{"width":800,"height":451,"url":"https:\/\/centcols.org\/wp-content\/uploads\/2025\/01\/ch-be-1502.jpg","type":"image\/jpeg"}],"author":"Guy Harl\u00e9","twitter_card":"summary_large_image","twitter_misc":{"Escrito por":"Guy Harl\u00e9","Tiempo de lectura":"1 minuto"},"schema":{"@context":"https:\/\/schema.org","@graph":[{"@type":"Article","@id":"https:\/\/centcols.org\/suisse-2025-bugnenets\/#article","isPartOf":{"@id":"https:\/\/centcols.org\/suisse-2025-bugnenets\/"},"author":{"name":"Guy Harl\u00e9","@id":"https:\/\/centcols.org\/#\/schema\/person\/377f00da2793c0363246869bb3a344d0"},"headline":"Suisse, Sortie VTT, les Bugnenets, samedi 21 juin 2025","datePublished":"2025-01-24T07:30:29+00:00","dateModified":"2025-09-13T05:41:54+00:00","mainEntityOfPage":{"@id":"https:\/\/centcols.org\/suisse-2025-bugnenets\/"},"wordCount":89,"commentCount":0,"publisher":{"@id":"https:\/\/centcols.org\/#organization"},"image":{"@id":"https:\/\/centcols.org\/suisse-2025-bugnenets\/#primaryimage"},"thumbnailUrl":"https:\/\/centcols.org\/wp-content\/uploads\/2025\/01\/ch-be-1502.jpg","articleSection":["2025-rassemblements","Calendrier","Rencontres r\u00e9gionales"],"inLanguage":"es","potentialAction":[{"@type":"CommentAction","name":"Comment","target":["https:\/\/centcols.org\/suisse-2025-bugnenets\/#respond"]}]},{"@type":"WebPage","@id":"https:\/\/centcols.org\/suisse-2025-bugnenets\/","url":"https:\/\/centcols.org\/suisse-2025-bugnenets\/","name":"Suiza, Salida en bicicleta de monta\u00f1a, les Bugnenets, s\u00e1bado 21 de junio de 2025 - Club des Cent Cols","isPartOf":{"@id":"https:\/\/centcols.org\/#website"},"primaryImageOfPage":{"@id":"https:\/\/centcols.org\/suisse-2025-bugnenets\/#primaryimage"},"image":{"@id":"https:\/\/centcols.org\/suisse-2025-bugnenets\/#primaryimage"},"thumbnailUrl":"https:\/\/centcols.org\/wp-content\/uploads\/2025\/01\/ch-be-1502.jpg","datePublished":"2025-01-24T07:30:29+00:00","dateModified":"2025-09-13T05:41:54+00:00","breadcrumb":{"@id":"https:\/\/centcols.org\/suisse-2025-bugnenets\/#breadcrumb"},"inLanguage":"es","potentialAction":[{"@type":"ReadAction","target":["https:\/\/centcols.org\/suisse-2025-bugnenets\/"]}]},{"@type":"ImageObject","inLanguage":"es","@id":"https:\/\/centcols.org\/suisse-2025-bugnenets\/#primaryimage","url":"https:\/\/centcols.org\/wp-content\/uploads\/2025\/01\/ch-be-1502.jpg","contentUrl":"https:\/\/centcols.org\/wp-content\/uploads\/2025\/01\/ch-be-1502.jpg","width":800,"height":451},{"@type":"BreadcrumbList","@id":"https:\/\/centcols.org\/suisse-2025-bugnenets\/#breadcrumb","itemListElement":[{"@type":"ListItem","position":1,"name":"Accueil","item":"https:\/\/centcols.org\/"},{"@type":"ListItem","position":2,"name":"Rencontres r\u00e9gionales","item":"https:\/\/centcols.org\/rubrique\/rencontres-regionales\/"},{"@type":"ListItem","position":3,"name":"Suisse, Sortie VTT, les Bugnenets, samedi 21 juin 2025"}]},{"@type":"WebSite","@id":"https:\/\/centcols.org\/#website","url":"https:\/\/centcols.org\/","name":"Club des Cent Cols","description":"","publisher":{"@id":"https:\/\/centcols.org\/#organization"},"potentialAction":[{"@type":"SearchAction","target":{"@type":"EntryPoint","urlTemplate":"https:\/\/centcols.org\/?s={search_term_string}"},"query-input":{"@type":"PropertyValueSpecification","valueRequired":true,"valueName":"search_term_string"}}],"inLanguage":"es"},{"@type":"Organization","@id":"https:\/\/centcols.org\/#organization","name":"Club des Cent Cols","url":"https:\/\/centcols.org\/","logo":{"@type":"ImageObject","inLanguage":"es","@id":"https:\/\/centcols.org\/#\/schema\/logo\/image\/","url":"https:\/\/centcols.org\/wp-content\/uploads\/2025\/01\/carte-icone.png","contentUrl":"https:\/\/centcols.org\/wp-content\/uploads\/2025\/01\/carte-icone.png","width":250,"height":250,"caption":"Club des Cent Cols"},"image":{"@id":"https:\/\/centcols.org\/#\/schema\/logo\/image\/"},"sameAs":["https:\/\/www.facebook.com\/groups\/5261880558\/?locale=fr_FR"]},{"@type":"Person","@id":"https:\/\/centcols.org\/#\/schema\/person\/377f00da2793c0363246869bb3a344d0","name":"Guy Harl\u00e9","image":{"@type":"ImageObject","inLanguage":"es","@id":"https:\/\/centcols.org\/wp-content\/litespeed\/avatar\/94c4de37e46cf090f296d42ab3e8d6a6.jpg?ver=1777238144","url":"https:\/\/centcols.org\/wp-content\/litespeed\/avatar\/94c4de37e46cf090f296d42ab3e8d6a6.jpg?ver=1777238144","contentUrl":"https:\/\/centcols.org\/wp-content\/litespeed\/avatar\/94c4de37e46cf090f296d42ab3e8d6a6.jpg?ver=1777238144","caption":"Guy Harl\u00e9"},"url":"https:\/\/centcols.org\/es\/author\/5193\/"}]}},"_links":{"self":[{"href":"https:\/\/centcols.org\/es\/wp-json\/wp\/v2\/posts\/82716","targetHints":{"allow":["GET"]}}],"collection":[{"href":"https:\/\/centcols.org\/es\/wp-json\/wp\/v2\/posts"}],"about":[{"href":"https:\/\/centcols.org\/es\/wp-json\/wp\/v2\/types\/post"}],"author":[{"embeddable":true,"href":"https:\/\/centcols.org\/es\/wp-json\/wp\/v2\/users\/136"}],"replies":[{"embeddable":true,"href":"https:\/\/centcols.org\/es\/wp-json\/wp\/v2\/comments?post=82716"}],"version-history":[{"count":0,"href":"https:\/\/centcols.org\/es\/wp-json\/wp\/v2\/posts\/82716\/revisions"}],"wp:featuredmedia":[{"embeddable":true,"href":"https:\/\/centcols.org\/es\/wp-json\/wp\/v2\/media\/84095"}],"wp:attachment":[{"href":"https:\/\/centcols.org\/es\/wp-json\/wp\/v2\/media?parent=82716"}],"wp:term":[{"taxonomy":"category","embeddable":true,"href":"https:\/\/centcols.org\/es\/wp-json\/wp\/v2\/categories?post=82716"},{"taxonomy":"post_tag","embeddable":true,"href":"https:\/\/centcols.org\/es\/wp-json\/wp\/v2\/tags?post=82716"}],"curies":[{"name":"wp","href":"https:\/\/api.w.org\/{rel}","templated":true}]}}