{"id":82718,"date":"2025-01-24T10:05:30","date_gmt":"2025-01-24T08:05:30","guid":{"rendered":"https:\/\/centcols.org\/massif-central-est-col-de-ceyssat-dimanche-29-juin-2025\/"},"modified":"2025-09-09T13:32:25","modified_gmt":"2025-09-09T11:32:25","slug":"macizo-central-est-col-de-ceyssat-domingo-29-de-junio-de-2025","status":"publish","type":"post","link":"https:\/\/centcols.org\/es\/massif-central-est-col-de-ceyssat-dimanche-29-juin-2025\/","title":{"rendered":"Macizo Central Este, paso de Ceyssat, domingo 29 de junio de 2025"},"content":{"rendered":"\n<p class=\"has-medium-font-size\">Col de Ceyssat (FR-63-1078), route et VTT<br>Possibilit\u00e9 d&rsquo;y associer la mont\u00e9e au Puy de D\u00f4me (\u00e0 confirmer)<\/p>\n\n\n\n<h2 class=\"wp-block-heading has-medium-font-size\">Contacts<\/h2>\n\n\n\n<p class=\"has-medium-font-size\">&nbsp;&#8211; Claude B\u00e9nistrand&nbsp; &nbsp; [email]&#x63;&#x6c;&#97;&#117;de&#x2e;&#x62;&#x65;&#110;is&#x74;&#x72;&#x61;&#110;&#100;&#64;&#x77;&#x61;&#x6e;&#97;&#100;o&#x6f;&#x2e;&#x66;&#114;[\/email]&nbsp; &nbsp;T\u00e9l : +33 6 87 03 44 03<br>&nbsp;&#8211; Claude Mabillot&nbsp; &nbsp; &nbsp; &nbsp; &nbsp;[email]&#109;&#x61;&#x62;i&#108;&#x6c;o&#116;&#x40;f&#114;&#x65;e&#46;&#x66;&#x72;[\/email]&nbsp; &nbsp; &nbsp; &nbsp; &nbsp; &nbsp; &nbsp; &nbsp; &nbsp; &nbsp; &nbsp; &nbsp; &nbsp; &nbsp;T\u00e9l : +33 6 83 43 54 46<br>&nbsp;&#8211; Pierre Brivet&nbsp; &nbsp; &nbsp; &nbsp; &nbsp; &nbsp; &nbsp; [email]&#x70;&#x69;&#x65;&#x72;&#114;&#101;&#46;br&#x69;&#x76;&#x65;&#x74;&#x40;&#111;&#114;&#97;ng&#x65;&#x2e;&#x66;&#x72;[\/email]&nbsp; &nbsp; &nbsp; &nbsp; &nbsp; &nbsp; &nbsp; &nbsp;T\u00e9l : +33 6 89 84 07 97<br>&nbsp;&#8211; Fran\u00e7oise Valluche&nbsp; &nbsp;[email]&#x66;&#114;&#97;n&#x63;&#x6f;&#105;s&#x65;&#x2e;&#118;al&#x6c;&#117;&#99;h&#x65;&#x40;&#111;r&#x61;&#x6e;&#103;&#101;&#46;&#x66;&#x72;[\/email]&nbsp; &nbsp; &nbsp; T\u00e9l : +33 6 61 22 70 15&nbsp;&nbsp;<\/p>\n","protected":false},"excerpt":{"rendered":"<p>Col de Ceyssat (FR-63-1078), route et VTTPossibilit\u00e9 d&rsquo;y associer la mont\u00e9e au Puy de D\u00f4me (\u00e0 confirmer) Contacts &nbsp;&#8211; Claude B\u00e9nistrand&nbsp; &nbsp; [email]&#x63;&#108;&#x61;&#x75;d&#x65;&#46;b&#x65;&#110;i&#x73;&#116;&#x72;&#x61;n&#x64;&#64;w&#x61;&#110;a&#x64;&#111;&#x6f;&#x2e;&#102;&#x72;[\/email]&nbsp; &nbsp;T\u00e9l : +33 6 87 03 44 03&nbsp;&#8211; Claude Mabillot&nbsp; &nbsp; &nbsp; &nbsp; &nbsp;[email]&#x6d;&#x61;&#x62;&#x69;&#x6c;&#x6c;&#x6f;&#116;&#64;&#102;&#114;&#101;e&#46;fr[\/email]&nbsp; &nbsp; &nbsp; &nbsp; &nbsp; &nbsp; &nbsp; &nbsp; &nbsp; &nbsp; &nbsp; &nbsp; &nbsp; &nbsp;T\u00e9l : +33 6 83 43 [&hellip;]<\/p>\n","protected":false},"author":136,"featured_media":83741,"comment_status":"open","ping_status":"open","sticky":false,"template":"","format":"standard","meta":{"_acf_changed":false,"footnotes":""},"categories":[314,135,216],"tags":[],"class_list":["post-82718","post","type-post","status-publish","format-standard","has-post-thumbnail","hentry","category-les-rassemblements-de-2025","category-calendrier","category-rencontres-regionales"],"acf":[],"yoast_head":"<!-- This site is optimized with the Yoast SEO plugin v27.2 - https:\/\/yoast.com\/product\/yoast-seo-wordpress\/ -->\n<title>Massif Central Est, col de Ceyssat, dimanche 29 juin 2025 - Club des Cent Cols<\/title>\n<meta name=\"robots\" content=\"index, follow, max-snippet:-1, max-image-preview:large, max-video-preview:-1\" \/>\n<link rel=\"canonical\" href=\"https:\/\/centcols.org\/es\/macizo-central-est-col-de-ceyssat-domingo-29-de-junio-de-2025\/\" \/>\n<meta property=\"og:locale\" content=\"es_ES\" \/>\n<meta property=\"og:type\" content=\"article\" \/>\n<meta property=\"og:title\" content=\"Massif Central Est, col de Ceyssat, dimanche 29 juin 2025 - Club des Cent Cols\" \/>\n<meta property=\"og:description\" content=\"Col de Ceyssat (FR-63-1078), route et VTTPossibilit\u00e9 d&rsquo;y associer la mont\u00e9e au Puy de D\u00f4me (\u00e0 confirmer) Contacts &nbsp;&#8211; Claude B\u00e9nistrand&nbsp; &nbsp; [email]c&#108;&#097;&#x75;&#x64;e&#046;&#098;&#101;&#x6e;&#x69;st&#114;&#097;&#x6e;&#x64;&#064;w&#097;&#x6e;&#x61;&#x64;o&#111;&#046;&#x66;&#x72;[\/email]&nbsp; &nbsp;T\u00e9l : +33 6 87 03 44 03&nbsp;&#8211; Claude Mabillot&nbsp; &nbsp; &nbsp; &nbsp; &nbsp;[email]&#109;&#x61;&#x62;&#105;&#x6c;&#x6c;o&#x74;&#x40;f&#114;&#x65;e&#046;&#x66;r[\/email]&nbsp; &nbsp; &nbsp; &nbsp; &nbsp; &nbsp; &nbsp; &nbsp; &nbsp; &nbsp; &nbsp; &nbsp; &nbsp; &nbsp;T\u00e9l : +33 6 83 43 [&hellip;]\" \/>\n<meta property=\"og:url\" content=\"https:\/\/centcols.org\/es\/macizo-central-est-col-de-ceyssat-domingo-29-de-junio-de-2025\/\" \/>\n<meta property=\"og:site_name\" content=\"Club des Cent Cols\" \/>\n<meta property=\"article:publisher\" content=\"https:\/\/www.facebook.com\/groups\/5261880558\/?locale=fr_FR\" \/>\n<meta property=\"article:published_time\" content=\"2025-01-24T08:05:30+00:00\" \/>\n<meta property=\"article:modified_time\" content=\"2025-09-09T11:32:25+00:00\" \/>\n<meta property=\"og:image\" content=\"https:\/\/centcols.org\/wp-content\/uploads\/2025\/01\/ceyssat.jpg\" \/>\n\t<meta property=\"og:image:width\" content=\"800\" \/>\n\t<meta property=\"og:image:height\" content=\"450\" \/>\n\t<meta property=\"og:image:type\" content=\"image\/jpeg\" \/>\n<meta name=\"author\" content=\"Guy Harl\u00e9\" \/>\n<meta name=\"twitter:card\" content=\"summary_large_image\" \/>\n<meta name=\"twitter:label1\" content=\"Escrito por\" \/>\n\t<meta name=\"twitter:data1\" content=\"Guy Harl\u00e9\" \/>\n\t<meta name=\"twitter:label2\" content=\"Tiempo de lectura\" \/>\n\t<meta name=\"twitter:data2\" content=\"1 minuto\" \/>\n<script type=\"application\/ld+json\" class=\"yoast-schema-graph\">{\"@context\":\"https:\/\/schema.org\",\"@graph\":[{\"@type\":\"Article\",\"@id\":\"https:\/\/centcols.org\/massif-central-est-col-de-ceyssat-dimanche-29-juin-2025\/#article\",\"isPartOf\":{\"@id\":\"https:\/\/centcols.org\/massif-central-est-col-de-ceyssat-dimanche-29-juin-2025\/\"},\"author\":{\"name\":\"Guy Harl\u00e9\",\"@id\":\"https:\/\/centcols.org\/#\/schema\/person\/377f00da2793c0363246869bb3a344d0\"},\"headline\":\"Massif Central Est, col de Ceyssat, dimanche 29 juin 2025\",\"datePublished\":\"2025-01-24T08:05:30+00:00\",\"dateModified\":\"2025-09-09T11:32:25+00:00\",\"mainEntityOfPage\":{\"@id\":\"https:\/\/centcols.org\/massif-central-est-col-de-ceyssat-dimanche-29-juin-2025\/\"},\"wordCount\":123,\"commentCount\":0,\"publisher\":{\"@id\":\"https:\/\/centcols.org\/#organization\"},\"image\":{\"@id\":\"https:\/\/centcols.org\/massif-central-est-col-de-ceyssat-dimanche-29-juin-2025\/#primaryimage\"},\"thumbnailUrl\":\"https:\/\/centcols.org\/wp-content\/uploads\/2025\/01\/ceyssat.jpg\",\"articleSection\":[\"2025-rassemblements\",\"Calendrier\",\"Rencontres r\u00e9gionales\"],\"inLanguage\":\"es\",\"potentialAction\":[{\"@type\":\"CommentAction\",\"name\":\"Comment\",\"target\":[\"https:\/\/centcols.org\/massif-central-est-col-de-ceyssat-dimanche-29-juin-2025\/#respond\"]}]},{\"@type\":\"WebPage\",\"@id\":\"https:\/\/centcols.org\/massif-central-est-col-de-ceyssat-dimanche-29-juin-2025\/\",\"url\":\"https:\/\/centcols.org\/massif-central-est-col-de-ceyssat-dimanche-29-juin-2025\/\",\"name\":\"Massif Central Est, col de Ceyssat, dimanche 29 juin 2025 - Club des Cent Cols\",\"isPartOf\":{\"@id\":\"https:\/\/centcols.org\/#website\"},\"primaryImageOfPage\":{\"@id\":\"https:\/\/centcols.org\/massif-central-est-col-de-ceyssat-dimanche-29-juin-2025\/#primaryimage\"},\"image\":{\"@id\":\"https:\/\/centcols.org\/massif-central-est-col-de-ceyssat-dimanche-29-juin-2025\/#primaryimage\"},\"thumbnailUrl\":\"https:\/\/centcols.org\/wp-content\/uploads\/2025\/01\/ceyssat.jpg\",\"datePublished\":\"2025-01-24T08:05:30+00:00\",\"dateModified\":\"2025-09-09T11:32:25+00:00\",\"breadcrumb\":{\"@id\":\"https:\/\/centcols.org\/massif-central-est-col-de-ceyssat-dimanche-29-juin-2025\/#breadcrumb\"},\"inLanguage\":\"es\",\"potentialAction\":[{\"@type\":\"ReadAction\",\"target\":[\"https:\/\/centcols.org\/massif-central-est-col-de-ceyssat-dimanche-29-juin-2025\/\"]}]},{\"@type\":\"ImageObject\",\"inLanguage\":\"es\",\"@id\":\"https:\/\/centcols.org\/massif-central-est-col-de-ceyssat-dimanche-29-juin-2025\/#primaryimage\",\"url\":\"https:\/\/centcols.org\/wp-content\/uploads\/2025\/01\/ceyssat.jpg\",\"contentUrl\":\"https:\/\/centcols.org\/wp-content\/uploads\/2025\/01\/ceyssat.jpg\",\"width\":800,\"height\":450},{\"@type\":\"BreadcrumbList\",\"@id\":\"https:\/\/centcols.org\/massif-central-est-col-de-ceyssat-dimanche-29-juin-2025\/#breadcrumb\",\"itemListElement\":[{\"@type\":\"ListItem\",\"position\":1,\"name\":\"Accueil\",\"item\":\"https:\/\/centcols.org\/\"},{\"@type\":\"ListItem\",\"position\":2,\"name\":\"Rencontres r\u00e9gionales\",\"item\":\"https:\/\/centcols.org\/rubrique\/rencontres-regionales\/\"},{\"@type\":\"ListItem\",\"position\":3,\"name\":\"Massif Central Est, col de Ceyssat, dimanche 29 juin 2025\"}]},{\"@type\":\"WebSite\",\"@id\":\"https:\/\/centcols.org\/#website\",\"url\":\"https:\/\/centcols.org\/\",\"name\":\"Club des Cent Cols\",\"description\":\"\",\"publisher\":{\"@id\":\"https:\/\/centcols.org\/#organization\"},\"potentialAction\":[{\"@type\":\"SearchAction\",\"target\":{\"@type\":\"EntryPoint\",\"urlTemplate\":\"https:\/\/centcols.org\/?s={search_term_string}\"},\"query-input\":{\"@type\":\"PropertyValueSpecification\",\"valueRequired\":true,\"valueName\":\"search_term_string\"}}],\"inLanguage\":\"es\"},{\"@type\":\"Organization\",\"@id\":\"https:\/\/centcols.org\/#organization\",\"name\":\"Club des Cent Cols\",\"url\":\"https:\/\/centcols.org\/\",\"logo\":{\"@type\":\"ImageObject\",\"inLanguage\":\"es\",\"@id\":\"https:\/\/centcols.org\/#\/schema\/logo\/image\/\",\"url\":\"https:\/\/centcols.org\/wp-content\/uploads\/2025\/01\/carte-icone.png\",\"contentUrl\":\"https:\/\/centcols.org\/wp-content\/uploads\/2025\/01\/carte-icone.png\",\"width\":250,\"height\":250,\"caption\":\"Club des Cent Cols\"},\"image\":{\"@id\":\"https:\/\/centcols.org\/#\/schema\/logo\/image\/\"},\"sameAs\":[\"https:\/\/www.facebook.com\/groups\/5261880558\/?locale=fr_FR\"]},{\"@type\":\"Person\",\"@id\":\"https:\/\/centcols.org\/#\/schema\/person\/377f00da2793c0363246869bb3a344d0\",\"name\":\"Guy Harl\u00e9\",\"image\":{\"@type\":\"ImageObject\",\"inLanguage\":\"es\",\"@id\":\"https:\/\/centcols.org\/wp-content\/litespeed\/avatar\/94c4de37e46cf090f296d42ab3e8d6a6.jpg?ver=1777238144\",\"url\":\"https:\/\/centcols.org\/wp-content\/litespeed\/avatar\/94c4de37e46cf090f296d42ab3e8d6a6.jpg?ver=1777238144\",\"contentUrl\":\"https:\/\/centcols.org\/wp-content\/litespeed\/avatar\/94c4de37e46cf090f296d42ab3e8d6a6.jpg?ver=1777238144\",\"caption\":\"Guy Harl\u00e9\"},\"url\":\"https:\/\/centcols.org\/es\/author\/5193\/\"}]}<\/script>\n<!-- \/ Yoast SEO plugin. -->","yoast_head_json":{"title":"Macizo Central Este, puerto de Ceyssat, domingo 29 de junio de 2025 - Club des Cent Cols","robots":{"index":"index","follow":"follow","max-snippet":"max-snippet:-1","max-image-preview":"max-image-preview:large","max-video-preview":"max-video-preview:-1"},"canonical":"https:\/\/centcols.org\/es\/macizo-central-est-col-de-ceyssat-domingo-29-de-junio-de-2025\/","og_locale":"es_ES","og_type":"article","og_title":"Massif Central Est, col de Ceyssat, dimanche 29 juin 2025 - Club des Cent Cols","og_description":"Col de Ceyssat (FR-63-1078), route et VTTPossibilit\u00e9 d&rsquo;y associer la mont\u00e9e au Puy de D\u00f4me (\u00e0 confirmer) Contacts &nbsp;&#8211; Claude B\u00e9nistrand&nbsp; &nbsp; [email]c&#108;&#97;&#x75;&#x64;e&#46;&#98;&#101;&#x6e;&#x69;st&#114;&#97;&#x6e;&#x64;&#64;w&#97;&#x6e;&#x61;&#x64;o&#111;&#46;&#x66;&#x72;[\/email]&nbsp; &nbsp;T\u00e9l : +33 6 87 03 44 03&nbsp;&#8211; Claude Mabillot&nbsp; &nbsp; &nbsp; &nbsp; &nbsp;[email]&#109;&#x61;&#x62;&#105;&#x6c;&#x6c;o&#x74;&#x40;f&#114;&#x65;e&#46;&#x66;r[\/email]&nbsp; &nbsp; &nbsp; &nbsp; &nbsp; &nbsp; &nbsp; &nbsp; &nbsp; &nbsp; &nbsp; &nbsp; &nbsp; &nbsp;T\u00e9l : +33 6 83 43 [&hellip;]","og_url":"https:\/\/centcols.org\/es\/macizo-central-est-col-de-ceyssat-domingo-29-de-junio-de-2025\/","og_site_name":"Club des Cent Cols","article_publisher":"https:\/\/www.facebook.com\/groups\/5261880558\/?locale=fr_FR","article_published_time":"2025-01-24T08:05:30+00:00","article_modified_time":"2025-09-09T11:32:25+00:00","og_image":[{"width":800,"height":450,"url":"https:\/\/centcols.org\/wp-content\/uploads\/2025\/01\/ceyssat.jpg","type":"image\/jpeg"}],"author":"Guy Harl\u00e9","twitter_card":"summary_large_image","twitter_misc":{"Escrito por":"Guy Harl\u00e9","Tiempo de lectura":"1 minuto"},"schema":{"@context":"https:\/\/schema.org","@graph":[{"@type":"Article","@id":"https:\/\/centcols.org\/massif-central-est-col-de-ceyssat-dimanche-29-juin-2025\/#article","isPartOf":{"@id":"https:\/\/centcols.org\/massif-central-est-col-de-ceyssat-dimanche-29-juin-2025\/"},"author":{"name":"Guy Harl\u00e9","@id":"https:\/\/centcols.org\/#\/schema\/person\/377f00da2793c0363246869bb3a344d0"},"headline":"Massif Central Est, col de Ceyssat, dimanche 29 juin 2025","datePublished":"2025-01-24T08:05:30+00:00","dateModified":"2025-09-09T11:32:25+00:00","mainEntityOfPage":{"@id":"https:\/\/centcols.org\/massif-central-est-col-de-ceyssat-dimanche-29-juin-2025\/"},"wordCount":123,"commentCount":0,"publisher":{"@id":"https:\/\/centcols.org\/#organization"},"image":{"@id":"https:\/\/centcols.org\/massif-central-est-col-de-ceyssat-dimanche-29-juin-2025\/#primaryimage"},"thumbnailUrl":"https:\/\/centcols.org\/wp-content\/uploads\/2025\/01\/ceyssat.jpg","articleSection":["2025-rassemblements","Calendrier","Rencontres r\u00e9gionales"],"inLanguage":"es","potentialAction":[{"@type":"CommentAction","name":"Comment","target":["https:\/\/centcols.org\/massif-central-est-col-de-ceyssat-dimanche-29-juin-2025\/#respond"]}]},{"@type":"WebPage","@id":"https:\/\/centcols.org\/massif-central-est-col-de-ceyssat-dimanche-29-juin-2025\/","url":"https:\/\/centcols.org\/massif-central-est-col-de-ceyssat-dimanche-29-juin-2025\/","name":"Macizo Central Este, puerto de Ceyssat, domingo 29 de junio de 2025 - Club des Cent Cols","isPartOf":{"@id":"https:\/\/centcols.org\/#website"},"primaryImageOfPage":{"@id":"https:\/\/centcols.org\/massif-central-est-col-de-ceyssat-dimanche-29-juin-2025\/#primaryimage"},"image":{"@id":"https:\/\/centcols.org\/massif-central-est-col-de-ceyssat-dimanche-29-juin-2025\/#primaryimage"},"thumbnailUrl":"https:\/\/centcols.org\/wp-content\/uploads\/2025\/01\/ceyssat.jpg","datePublished":"2025-01-24T08:05:30+00:00","dateModified":"2025-09-09T11:32:25+00:00","breadcrumb":{"@id":"https:\/\/centcols.org\/massif-central-est-col-de-ceyssat-dimanche-29-juin-2025\/#breadcrumb"},"inLanguage":"es","potentialAction":[{"@type":"ReadAction","target":["https:\/\/centcols.org\/massif-central-est-col-de-ceyssat-dimanche-29-juin-2025\/"]}]},{"@type":"ImageObject","inLanguage":"es","@id":"https:\/\/centcols.org\/massif-central-est-col-de-ceyssat-dimanche-29-juin-2025\/#primaryimage","url":"https:\/\/centcols.org\/wp-content\/uploads\/2025\/01\/ceyssat.jpg","contentUrl":"https:\/\/centcols.org\/wp-content\/uploads\/2025\/01\/ceyssat.jpg","width":800,"height":450},{"@type":"BreadcrumbList","@id":"https:\/\/centcols.org\/massif-central-est-col-de-ceyssat-dimanche-29-juin-2025\/#breadcrumb","itemListElement":[{"@type":"ListItem","position":1,"name":"Accueil","item":"https:\/\/centcols.org\/"},{"@type":"ListItem","position":2,"name":"Rencontres r\u00e9gionales","item":"https:\/\/centcols.org\/rubrique\/rencontres-regionales\/"},{"@type":"ListItem","position":3,"name":"Massif Central Est, col de Ceyssat, dimanche 29 juin 2025"}]},{"@type":"WebSite","@id":"https:\/\/centcols.org\/#website","url":"https:\/\/centcols.org\/","name":"Club des Cent Cols","description":"","publisher":{"@id":"https:\/\/centcols.org\/#organization"},"potentialAction":[{"@type":"SearchAction","target":{"@type":"EntryPoint","urlTemplate":"https:\/\/centcols.org\/?s={search_term_string}"},"query-input":{"@type":"PropertyValueSpecification","valueRequired":true,"valueName":"search_term_string"}}],"inLanguage":"es"},{"@type":"Organization","@id":"https:\/\/centcols.org\/#organization","name":"Club des Cent Cols","url":"https:\/\/centcols.org\/","logo":{"@type":"ImageObject","inLanguage":"es","@id":"https:\/\/centcols.org\/#\/schema\/logo\/image\/","url":"https:\/\/centcols.org\/wp-content\/uploads\/2025\/01\/carte-icone.png","contentUrl":"https:\/\/centcols.org\/wp-content\/uploads\/2025\/01\/carte-icone.png","width":250,"height":250,"caption":"Club des Cent Cols"},"image":{"@id":"https:\/\/centcols.org\/#\/schema\/logo\/image\/"},"sameAs":["https:\/\/www.facebook.com\/groups\/5261880558\/?locale=fr_FR"]},{"@type":"Person","@id":"https:\/\/centcols.org\/#\/schema\/person\/377f00da2793c0363246869bb3a344d0","name":"Guy Harl\u00e9","image":{"@type":"ImageObject","inLanguage":"es","@id":"https:\/\/centcols.org\/wp-content\/litespeed\/avatar\/94c4de37e46cf090f296d42ab3e8d6a6.jpg?ver=1777238144","url":"https:\/\/centcols.org\/wp-content\/litespeed\/avatar\/94c4de37e46cf090f296d42ab3e8d6a6.jpg?ver=1777238144","contentUrl":"https:\/\/centcols.org\/wp-content\/litespeed\/avatar\/94c4de37e46cf090f296d42ab3e8d6a6.jpg?ver=1777238144","caption":"Guy Harl\u00e9"},"url":"https:\/\/centcols.org\/es\/author\/5193\/"}]}},"_links":{"self":[{"href":"https:\/\/centcols.org\/es\/wp-json\/wp\/v2\/posts\/82718","targetHints":{"allow":["GET"]}}],"collection":[{"href":"https:\/\/centcols.org\/es\/wp-json\/wp\/v2\/posts"}],"about":[{"href":"https:\/\/centcols.org\/es\/wp-json\/wp\/v2\/types\/post"}],"author":[{"embeddable":true,"href":"https:\/\/centcols.org\/es\/wp-json\/wp\/v2\/users\/136"}],"replies":[{"embeddable":true,"href":"https:\/\/centcols.org\/es\/wp-json\/wp\/v2\/comments?post=82718"}],"version-history":[{"count":0,"href":"https:\/\/centcols.org\/es\/wp-json\/wp\/v2\/posts\/82718\/revisions"}],"wp:featuredmedia":[{"embeddable":true,"href":"https:\/\/centcols.org\/es\/wp-json\/wp\/v2\/media\/83741"}],"wp:attachment":[{"href":"https:\/\/centcols.org\/es\/wp-json\/wp\/v2\/media?parent=82718"}],"wp:term":[{"taxonomy":"category","embeddable":true,"href":"https:\/\/centcols.org\/es\/wp-json\/wp\/v2\/categories?post=82718"},{"taxonomy":"post_tag","embeddable":true,"href":"https:\/\/centcols.org\/es\/wp-json\/wp\/v2\/tags?post=82718"}],"curies":[{"name":"wp","href":"https:\/\/api.w.org\/{rel}","templated":true}]}}