{"id":84422,"date":"2025-06-28T20:22:39","date_gmt":"2025-06-28T18:22:39","guid":{"rendered":"https:\/\/centcols.org\/?p=84422"},"modified":"2025-09-09T13:32:24","modified_gmt":"2025-09-09T11:32:24","slug":"drome-ardeche-vaucluse-rassemblement-international-jean-perdoux","status":"publish","type":"post","link":"https:\/\/centcols.org\/es\/drome-ardeche-vaucluse-rassemblement-international-jean-perdoux\/","title":{"rendered":"Dr\u00f4me, Ard\u00e8che, Vaucluse - Rassemblement international Jean Perdoux, domingo 31 de agosto de 2025"},"content":{"rendered":"\n<p>Dimanche 31 ao\u00fbt 2025 \u00e0 partir de 11H00 sur la commune de Suzette \u00e0 proximit\u00e9 du\u00a0<a href=\"https:\/\/centcols.org\/util\/geo\/visu.php?code=FR-84-0392\" target=\"_blank\" rel=\"noreferrer noopener\">col de Suzette FR-84-0392.<\/a> Cette ann\u00e9e la\u00a0rencontre r\u00e9gionale DR\u00d4ME, ARD\u00c8CHE et VAUCLUSE est jumel\u00e9e avec la rencontre internationale\u00a0JEAN PERDOUX et aura lieu dans le cadre du <a href=\"https:\/\/centcols.org\/sejour-dete-a-vaison-la-romaine-30-aout-au-06-septembre-2025\/\">s\u00e9jour d&rsquo;\u00e9t\u00e9 \u00e0 VAISON la ROMAINE<\/a>\u00a0(consulter la rubrique Rassemblement international Jean PERDOUX)<\/p>\n\n\n\n<h2 class=\"wp-block-heading\"><strong>P<\/strong>arcours<\/h2>\n\n\n\n<p>Les parcours sont au d\u00e9part du lieu d&rsquo;h\u00e9bergement du s\u00e9jour vers 8H00 Le Hameau des Oliviers,\u00a01212 chemin de Saume Longue\u00a084110 Vaison-la-Romaine.<br>Le d\u00e9tail des parcours\u00a0est disponible sur\u00a0CCTOURS\u00a0<a href=\"https:\/\/centcols.org\/membres\/cctours\/tours.php?lieu=Vaison&amp;an=2025\" target=\"_blank\" rel=\"noreferrer noopener\">https:\/\/centcols.org\/membres\/cctours\/tours.php?lieu=Vaison&amp;an=2025<\/a><br><strong>Route<\/strong>\u00a0: circuit R2 62km, D+ 1080m, 7 cols<br><strong>VTT ou Gravel<\/strong>\u00a0: circuit V1 33km, D+700m, 4 cols<\/p>\n\n\n\n<h2 class=\"wp-block-heading\">Contact<\/h2>\n\n\n\n<p>&nbsp;&#8211; Christophe Badonnel&nbsp; &nbsp; &nbsp;T\u00e9l : +33 6 78 87 33 67&nbsp; &nbsp;Mail : [email]&#98;&#x61;d&#111;&#x6e;n&#101;&#x6c;&#46;&#99;&#x68;r&#105;&#x73;&#116;&#x6f;&#x70;&#104;&#x65;&#x40;&#103;&#x6d;a&#105;&#x6c;&#46;&#99;&#x6f;m[\/email]<br>&nbsp;&#8211; Alain Benoist&nbsp; &nbsp; &nbsp; &nbsp; &nbsp; &nbsp; &nbsp; &nbsp; &nbsp;T\u00e9l : + 33 6 76 96 23 94&nbsp; &nbsp;Mail : [email]&#x61;&#108;&#x61;&#x69;&#110;&#x2e;&#98;e&#x6e;&#111;i&#x73;&#116;&#46;&#x64;&#116;0&#x34;&#115;&#x77;&#x40;&#103;&#x6d;&#x61;&#105;&#x6c;&#46;c&#x6f;&#109;[\/email]<br>&nbsp;&#8211; Alain Thibon&nbsp; &nbsp; &nbsp; &nbsp; &nbsp; &nbsp; &nbsp; &nbsp; &nbsp; T\u00e9l : + 3 6 37 31 54 76&nbsp; &nbsp; Mail : [email]&#116;&#x68;i&#98;&#x6f;n&#x61;&#x40;&#119;&#x61;n&#97;&#x64;o&#111;&#x2e;&#102;&#x72;[\/email]<\/p>\n","protected":false},"excerpt":{"rendered":"<p>Dimanche 31 ao\u00fbt 2025 \u00e0 partir de 11H00 sur la commune de Suzette \u00e0 proximit\u00e9 du\u00a0col de Suzette FR-84-0392. Cette ann\u00e9e la\u00a0rencontre r\u00e9gionale DR\u00d4ME, ARD\u00c8CHE et VAUCLUSE est jumel\u00e9e avec la rencontre internationale\u00a0JEAN PERDOUX et aura lieu dans le cadre du s\u00e9jour d&rsquo;\u00e9t\u00e9 \u00e0 VAISON la ROMAINE\u00a0(consulter la rubrique Rassemblement international Jean PERDOUX) Parcours Les [&hellip;]<\/p>\n","protected":false},"author":3,"featured_media":83735,"comment_status":"open","ping_status":"closed","sticky":false,"template":"","format":"standard","meta":{"_acf_changed":false,"footnotes":""},"categories":[314,135,216],"tags":[],"class_list":["post-84422","post","type-post","status-publish","format-standard","has-post-thumbnail","hentry","category-les-rassemblements-de-2025","category-calendrier","category-rencontres-regionales"],"acf":[],"yoast_head":"<!-- This site is optimized with the Yoast SEO plugin v27.2 - https:\/\/yoast.com\/product\/yoast-seo-wordpress\/ -->\n<title>Dr\u00f4me, Ard\u00e8che, Vaucluse - Rassemblement international Jean Perdoux, dimanche 31 ao\u00fbt 2025 - Club des Cent Cols<\/title>\n<meta name=\"robots\" content=\"index, follow, max-snippet:-1, max-image-preview:large, max-video-preview:-1\" \/>\n<link rel=\"canonical\" href=\"https:\/\/centcols.org\/es\/drome-ardeche-vaucluse-rassemblement-international-jean-perdoux\/\" \/>\n<meta property=\"og:locale\" content=\"es_ES\" \/>\n<meta property=\"og:type\" content=\"article\" \/>\n<meta property=\"og:title\" content=\"Dr\u00f4me, Ard\u00e8che, Vaucluse - Rassemblement international Jean Perdoux, dimanche 31 ao\u00fbt 2025 - Club des Cent Cols\" \/>\n<meta property=\"og:description\" content=\"Dimanche 31 ao\u00fbt 2025 \u00e0 partir de 11H00 sur la commune de Suzette \u00e0 proximit\u00e9 du\u00a0col de Suzette FR-84-0392. Cette ann\u00e9e la\u00a0rencontre r\u00e9gionale DR\u00d4ME, ARD\u00c8CHE et VAUCLUSE est jumel\u00e9e avec la rencontre internationale\u00a0JEAN PERDOUX et aura lieu dans le cadre du s\u00e9jour d&rsquo;\u00e9t\u00e9 \u00e0 VAISON la ROMAINE\u00a0(consulter la rubrique Rassemblement international Jean PERDOUX) Parcours Les [&hellip;]\" \/>\n<meta property=\"og:url\" content=\"https:\/\/centcols.org\/es\/drome-ardeche-vaucluse-rassemblement-international-jean-perdoux\/\" \/>\n<meta property=\"og:site_name\" content=\"Club des Cent Cols\" \/>\n<meta property=\"article:publisher\" content=\"https:\/\/www.facebook.com\/groups\/5261880558\/?locale=fr_FR\" \/>\n<meta property=\"article:published_time\" content=\"2025-06-28T18:22:39+00:00\" \/>\n<meta property=\"article:modified_time\" content=\"2025-09-09T11:32:24+00:00\" \/>\n<meta property=\"og:image\" content=\"https:\/\/centcols.org\/wp-content\/uploads\/2025\/01\/97011.jpg\" \/>\n\t<meta property=\"og:image:width\" content=\"510\" \/>\n\t<meta property=\"og:image:height\" content=\"340\" \/>\n\t<meta property=\"og:image:type\" content=\"image\/jpeg\" \/>\n<meta name=\"author\" content=\"Webmestre\" \/>\n<meta name=\"twitter:card\" content=\"summary_large_image\" \/>\n<meta name=\"twitter:label1\" content=\"Escrito por\" \/>\n\t<meta name=\"twitter:data1\" content=\"Webmestre\" \/>\n\t<meta name=\"twitter:label2\" content=\"Tiempo de lectura\" \/>\n\t<meta name=\"twitter:data2\" content=\"1 minuto\" \/>\n<script type=\"application\/ld+json\" class=\"yoast-schema-graph\">{\"@context\":\"https:\/\/schema.org\",\"@graph\":[{\"@type\":\"Article\",\"@id\":\"https:\/\/centcols.org\/drome-ardeche-vaucluse-rassemblement-international-jean-perdoux\/#article\",\"isPartOf\":{\"@id\":\"https:\/\/centcols.org\/drome-ardeche-vaucluse-rassemblement-international-jean-perdoux\/\"},\"author\":{\"name\":\"Webmestre\",\"@id\":\"https:\/\/centcols.org\/#\/schema\/person\/911b404fb133d8c913dd27cdcf71c8e5\"},\"headline\":\"Dr\u00f4me, Ard\u00e8che, Vaucluse &#8211; Rassemblement international Jean Perdoux, dimanche 31 ao\u00fbt 2025\",\"datePublished\":\"2025-06-28T18:22:39+00:00\",\"dateModified\":\"2025-09-09T11:32:24+00:00\",\"mainEntityOfPage\":{\"@id\":\"https:\/\/centcols.org\/drome-ardeche-vaucluse-rassemblement-international-jean-perdoux\/\"},\"wordCount\":204,\"commentCount\":0,\"publisher\":{\"@id\":\"https:\/\/centcols.org\/#organization\"},\"image\":{\"@id\":\"https:\/\/centcols.org\/drome-ardeche-vaucluse-rassemblement-international-jean-perdoux\/#primaryimage\"},\"thumbnailUrl\":\"https:\/\/centcols.org\/wp-content\/uploads\/2025\/01\/97011.jpg\",\"articleSection\":[\"2025-rassemblements\",\"Calendrier\",\"Rencontres r\u00e9gionales\"],\"inLanguage\":\"es\",\"potentialAction\":[{\"@type\":\"CommentAction\",\"name\":\"Comment\",\"target\":[\"https:\/\/centcols.org\/drome-ardeche-vaucluse-rassemblement-international-jean-perdoux\/#respond\"]}]},{\"@type\":\"WebPage\",\"@id\":\"https:\/\/centcols.org\/drome-ardeche-vaucluse-rassemblement-international-jean-perdoux\/\",\"url\":\"https:\/\/centcols.org\/drome-ardeche-vaucluse-rassemblement-international-jean-perdoux\/\",\"name\":\"Dr\u00f4me, Ard\u00e8che, Vaucluse - Rassemblement international Jean Perdoux, dimanche 31 ao\u00fbt 2025 - Club des Cent Cols\",\"isPartOf\":{\"@id\":\"https:\/\/centcols.org\/#website\"},\"primaryImageOfPage\":{\"@id\":\"https:\/\/centcols.org\/drome-ardeche-vaucluse-rassemblement-international-jean-perdoux\/#primaryimage\"},\"image\":{\"@id\":\"https:\/\/centcols.org\/drome-ardeche-vaucluse-rassemblement-international-jean-perdoux\/#primaryimage\"},\"thumbnailUrl\":\"https:\/\/centcols.org\/wp-content\/uploads\/2025\/01\/97011.jpg\",\"datePublished\":\"2025-06-28T18:22:39+00:00\",\"dateModified\":\"2025-09-09T11:32:24+00:00\",\"breadcrumb\":{\"@id\":\"https:\/\/centcols.org\/drome-ardeche-vaucluse-rassemblement-international-jean-perdoux\/#breadcrumb\"},\"inLanguage\":\"es\",\"potentialAction\":[{\"@type\":\"ReadAction\",\"target\":[\"https:\/\/centcols.org\/drome-ardeche-vaucluse-rassemblement-international-jean-perdoux\/\"]}]},{\"@type\":\"ImageObject\",\"inLanguage\":\"es\",\"@id\":\"https:\/\/centcols.org\/drome-ardeche-vaucluse-rassemblement-international-jean-perdoux\/#primaryimage\",\"url\":\"https:\/\/centcols.org\/wp-content\/uploads\/2025\/01\/97011.jpg\",\"contentUrl\":\"https:\/\/centcols.org\/wp-content\/uploads\/2025\/01\/97011.jpg\",\"width\":510,\"height\":340},{\"@type\":\"BreadcrumbList\",\"@id\":\"https:\/\/centcols.org\/drome-ardeche-vaucluse-rassemblement-international-jean-perdoux\/#breadcrumb\",\"itemListElement\":[{\"@type\":\"ListItem\",\"position\":1,\"name\":\"Accueil\",\"item\":\"https:\/\/centcols.org\/\"},{\"@type\":\"ListItem\",\"position\":2,\"name\":\"Rencontres r\u00e9gionales\",\"item\":\"https:\/\/centcols.org\/rubrique\/rencontres-regionales\/\"},{\"@type\":\"ListItem\",\"position\":3,\"name\":\"Dr\u00f4me, Ard\u00e8che, Vaucluse &#8211; Rassemblement international Jean Perdoux, dimanche 31 ao\u00fbt 2025\"}]},{\"@type\":\"WebSite\",\"@id\":\"https:\/\/centcols.org\/#website\",\"url\":\"https:\/\/centcols.org\/\",\"name\":\"Club des Cent Cols\",\"description\":\"\",\"publisher\":{\"@id\":\"https:\/\/centcols.org\/#organization\"},\"potentialAction\":[{\"@type\":\"SearchAction\",\"target\":{\"@type\":\"EntryPoint\",\"urlTemplate\":\"https:\/\/centcols.org\/?s={search_term_string}\"},\"query-input\":{\"@type\":\"PropertyValueSpecification\",\"valueRequired\":true,\"valueName\":\"search_term_string\"}}],\"inLanguage\":\"es\"},{\"@type\":\"Organization\",\"@id\":\"https:\/\/centcols.org\/#organization\",\"name\":\"Club des Cent Cols\",\"url\":\"https:\/\/centcols.org\/\",\"logo\":{\"@type\":\"ImageObject\",\"inLanguage\":\"es\",\"@id\":\"https:\/\/centcols.org\/#\/schema\/logo\/image\/\",\"url\":\"https:\/\/centcols.org\/wp-content\/uploads\/2025\/01\/carte-icone.png\",\"contentUrl\":\"https:\/\/centcols.org\/wp-content\/uploads\/2025\/01\/carte-icone.png\",\"width\":250,\"height\":250,\"caption\":\"Club des Cent Cols\"},\"image\":{\"@id\":\"https:\/\/centcols.org\/#\/schema\/logo\/image\/\"},\"sameAs\":[\"https:\/\/www.facebook.com\/groups\/5261880558\/?locale=fr_FR\"]},{\"@type\":\"Person\",\"@id\":\"https:\/\/centcols.org\/#\/schema\/person\/911b404fb133d8c913dd27cdcf71c8e5\",\"name\":\"Webmestre\",\"image\":{\"@type\":\"ImageObject\",\"inLanguage\":\"es\",\"@id\":\"https:\/\/centcols.org\/wp-content\/litespeed\/avatar\/2d246e4b6b4f773e08515e1ffc53690b.jpg?ver=1777222892\",\"url\":\"https:\/\/centcols.org\/wp-content\/litespeed\/avatar\/2d246e4b6b4f773e08515e1ffc53690b.jpg?ver=1777222892\",\"contentUrl\":\"https:\/\/centcols.org\/wp-content\/litespeed\/avatar\/2d246e4b6b4f773e08515e1ffc53690b.jpg?ver=1777222892\",\"caption\":\"Webmestre\"},\"url\":\"https:\/\/centcols.org\/es\/author\/webmestre\/\"}]}<\/script>\n<!-- \/ Yoast SEO plugin. -->","yoast_head_json":{"title":"Dr\u00f4me, Ard\u00e8che, Vaucluse - Rassemblement international Jean Perdoux, domingo 31 de agosto de 2025 - Club des Cent Cols","robots":{"index":"index","follow":"follow","max-snippet":"max-snippet:-1","max-image-preview":"max-image-preview:large","max-video-preview":"max-video-preview:-1"},"canonical":"https:\/\/centcols.org\/es\/drome-ardeche-vaucluse-rassemblement-international-jean-perdoux\/","og_locale":"es_ES","og_type":"article","og_title":"Dr\u00f4me, Ard\u00e8che, Vaucluse - Rassemblement international Jean Perdoux, dimanche 31 ao\u00fbt 2025 - Club des Cent Cols","og_description":"Dimanche 31 ao\u00fbt 2025 \u00e0 partir de 11H00 sur la commune de Suzette \u00e0 proximit\u00e9 du\u00a0col de Suzette FR-84-0392. Cette ann\u00e9e la\u00a0rencontre r\u00e9gionale DR\u00d4ME, ARD\u00c8CHE et VAUCLUSE est jumel\u00e9e avec la rencontre internationale\u00a0JEAN PERDOUX et aura lieu dans le cadre du s\u00e9jour d&rsquo;\u00e9t\u00e9 \u00e0 VAISON la ROMAINE\u00a0(consulter la rubrique Rassemblement international Jean PERDOUX) Parcours Les [&hellip;]","og_url":"https:\/\/centcols.org\/es\/drome-ardeche-vaucluse-rassemblement-international-jean-perdoux\/","og_site_name":"Club des Cent Cols","article_publisher":"https:\/\/www.facebook.com\/groups\/5261880558\/?locale=fr_FR","article_published_time":"2025-06-28T18:22:39+00:00","article_modified_time":"2025-09-09T11:32:24+00:00","og_image":[{"width":510,"height":340,"url":"https:\/\/centcols.org\/wp-content\/uploads\/2025\/01\/97011.jpg","type":"image\/jpeg"}],"author":"Webmestre","twitter_card":"summary_large_image","twitter_misc":{"Escrito por":"Webmestre","Tiempo de lectura":"1 minuto"},"schema":{"@context":"https:\/\/schema.org","@graph":[{"@type":"Article","@id":"https:\/\/centcols.org\/drome-ardeche-vaucluse-rassemblement-international-jean-perdoux\/#article","isPartOf":{"@id":"https:\/\/centcols.org\/drome-ardeche-vaucluse-rassemblement-international-jean-perdoux\/"},"author":{"name":"Webmestre","@id":"https:\/\/centcols.org\/#\/schema\/person\/911b404fb133d8c913dd27cdcf71c8e5"},"headline":"Dr\u00f4me, Ard\u00e8che, Vaucluse &#8211; Rassemblement international Jean Perdoux, dimanche 31 ao\u00fbt 2025","datePublished":"2025-06-28T18:22:39+00:00","dateModified":"2025-09-09T11:32:24+00:00","mainEntityOfPage":{"@id":"https:\/\/centcols.org\/drome-ardeche-vaucluse-rassemblement-international-jean-perdoux\/"},"wordCount":204,"commentCount":0,"publisher":{"@id":"https:\/\/centcols.org\/#organization"},"image":{"@id":"https:\/\/centcols.org\/drome-ardeche-vaucluse-rassemblement-international-jean-perdoux\/#primaryimage"},"thumbnailUrl":"https:\/\/centcols.org\/wp-content\/uploads\/2025\/01\/97011.jpg","articleSection":["2025-rassemblements","Calendrier","Rencontres r\u00e9gionales"],"inLanguage":"es","potentialAction":[{"@type":"CommentAction","name":"Comment","target":["https:\/\/centcols.org\/drome-ardeche-vaucluse-rassemblement-international-jean-perdoux\/#respond"]}]},{"@type":"WebPage","@id":"https:\/\/centcols.org\/drome-ardeche-vaucluse-rassemblement-international-jean-perdoux\/","url":"https:\/\/centcols.org\/drome-ardeche-vaucluse-rassemblement-international-jean-perdoux\/","name":"Dr\u00f4me, Ard\u00e8che, Vaucluse - Rassemblement international Jean Perdoux, domingo 31 de agosto de 2025 - Club des Cent Cols","isPartOf":{"@id":"https:\/\/centcols.org\/#website"},"primaryImageOfPage":{"@id":"https:\/\/centcols.org\/drome-ardeche-vaucluse-rassemblement-international-jean-perdoux\/#primaryimage"},"image":{"@id":"https:\/\/centcols.org\/drome-ardeche-vaucluse-rassemblement-international-jean-perdoux\/#primaryimage"},"thumbnailUrl":"https:\/\/centcols.org\/wp-content\/uploads\/2025\/01\/97011.jpg","datePublished":"2025-06-28T18:22:39+00:00","dateModified":"2025-09-09T11:32:24+00:00","breadcrumb":{"@id":"https:\/\/centcols.org\/drome-ardeche-vaucluse-rassemblement-international-jean-perdoux\/#breadcrumb"},"inLanguage":"es","potentialAction":[{"@type":"ReadAction","target":["https:\/\/centcols.org\/drome-ardeche-vaucluse-rassemblement-international-jean-perdoux\/"]}]},{"@type":"ImageObject","inLanguage":"es","@id":"https:\/\/centcols.org\/drome-ardeche-vaucluse-rassemblement-international-jean-perdoux\/#primaryimage","url":"https:\/\/centcols.org\/wp-content\/uploads\/2025\/01\/97011.jpg","contentUrl":"https:\/\/centcols.org\/wp-content\/uploads\/2025\/01\/97011.jpg","width":510,"height":340},{"@type":"BreadcrumbList","@id":"https:\/\/centcols.org\/drome-ardeche-vaucluse-rassemblement-international-jean-perdoux\/#breadcrumb","itemListElement":[{"@type":"ListItem","position":1,"name":"Accueil","item":"https:\/\/centcols.org\/"},{"@type":"ListItem","position":2,"name":"Rencontres r\u00e9gionales","item":"https:\/\/centcols.org\/rubrique\/rencontres-regionales\/"},{"@type":"ListItem","position":3,"name":"Dr\u00f4me, Ard\u00e8che, Vaucluse &#8211; Rassemblement international Jean Perdoux, dimanche 31 ao\u00fbt 2025"}]},{"@type":"WebSite","@id":"https:\/\/centcols.org\/#website","url":"https:\/\/centcols.org\/","name":"Club des Cent Cols","description":"","publisher":{"@id":"https:\/\/centcols.org\/#organization"},"potentialAction":[{"@type":"SearchAction","target":{"@type":"EntryPoint","urlTemplate":"https:\/\/centcols.org\/?s={search_term_string}"},"query-input":{"@type":"PropertyValueSpecification","valueRequired":true,"valueName":"search_term_string"}}],"inLanguage":"es"},{"@type":"Organization","@id":"https:\/\/centcols.org\/#organization","name":"Club des Cent Cols","url":"https:\/\/centcols.org\/","logo":{"@type":"ImageObject","inLanguage":"es","@id":"https:\/\/centcols.org\/#\/schema\/logo\/image\/","url":"https:\/\/centcols.org\/wp-content\/uploads\/2025\/01\/carte-icone.png","contentUrl":"https:\/\/centcols.org\/wp-content\/uploads\/2025\/01\/carte-icone.png","width":250,"height":250,"caption":"Club des Cent Cols"},"image":{"@id":"https:\/\/centcols.org\/#\/schema\/logo\/image\/"},"sameAs":["https:\/\/www.facebook.com\/groups\/5261880558\/?locale=fr_FR"]},{"@type":"Person","@id":"https:\/\/centcols.org\/#\/schema\/person\/911b404fb133d8c913dd27cdcf71c8e5","name":"Webmaster","image":{"@type":"ImageObject","inLanguage":"es","@id":"https:\/\/centcols.org\/wp-content\/litespeed\/avatar\/2d246e4b6b4f773e08515e1ffc53690b.jpg?ver=1777222892","url":"https:\/\/centcols.org\/wp-content\/litespeed\/avatar\/2d246e4b6b4f773e08515e1ffc53690b.jpg?ver=1777222892","contentUrl":"https:\/\/centcols.org\/wp-content\/litespeed\/avatar\/2d246e4b6b4f773e08515e1ffc53690b.jpg?ver=1777222892","caption":"Webmestre"},"url":"https:\/\/centcols.org\/es\/author\/webmestre\/"}]}},"_links":{"self":[{"href":"https:\/\/centcols.org\/es\/wp-json\/wp\/v2\/posts\/84422","targetHints":{"allow":["GET"]}}],"collection":[{"href":"https:\/\/centcols.org\/es\/wp-json\/wp\/v2\/posts"}],"about":[{"href":"https:\/\/centcols.org\/es\/wp-json\/wp\/v2\/types\/post"}],"author":[{"embeddable":true,"href":"https:\/\/centcols.org\/es\/wp-json\/wp\/v2\/users\/3"}],"replies":[{"embeddable":true,"href":"https:\/\/centcols.org\/es\/wp-json\/wp\/v2\/comments?post=84422"}],"version-history":[{"count":0,"href":"https:\/\/centcols.org\/es\/wp-json\/wp\/v2\/posts\/84422\/revisions"}],"wp:featuredmedia":[{"embeddable":true,"href":"https:\/\/centcols.org\/es\/wp-json\/wp\/v2\/media\/83735"}],"wp:attachment":[{"href":"https:\/\/centcols.org\/es\/wp-json\/wp\/v2\/media?parent=84422"}],"wp:term":[{"taxonomy":"category","embeddable":true,"href":"https:\/\/centcols.org\/es\/wp-json\/wp\/v2\/categories?post=84422"},{"taxonomy":"post_tag","embeddable":true,"href":"https:\/\/centcols.org\/es\/wp-json\/wp\/v2\/tags?post=84422"}],"curies":[{"name":"wp","href":"https:\/\/api.w.org\/{rel}","templated":true}]}}