{"id":84424,"date":"2025-06-28T20:28:36","date_gmt":"2025-06-28T18:28:36","guid":{"rendered":"https:\/\/centcols.org\/?p=84424"},"modified":"2025-09-09T13:31:35","modified_gmt":"2025-09-09T11:31:35","slug":"alpes-nord-jura-2024-hauteville","status":"publish","type":"post","link":"https:\/\/centcols.org\/es\/alpes-nord-jura-2024-hauteville\/","title":{"rendered":"S\u00e1bado 25 de mayo de 2024, Alpes del Norte - Jura"},"content":{"rendered":"\n<p>Col de la Rochette (FR-01-1112)<br>Rendez-vous \u00e0 Hauteville Lompnes \u00e0 partir de 8 h 30, aire nordique de La Praille<br><strong>Route :<\/strong> 33 km, d\u00e9nivel\u00e9 700 m, 2 cols avec possibilit\u00e9 d\u2019autres cols proches apr\u00e8s le rassemblement.<br><strong>VTT :<\/strong> 26 km, d\u00e9nivel\u00e9 650 m, 5 cols, avec possibilit\u00e9 de couper \u00e0 mi-parcours<br><a href=\"https:\/\/centcols.org\/membres\/cctours\/tours.php?lieu=Hauteville&amp;an=2024\" target=\"_blank\" rel=\"noreferrer noopener\"><strong>Fichiers gpx<\/strong><\/a><\/p>\n\n\n\n<h2 class=\"wp-block-heading\">Contact<\/h2>\n\n\n\n<p>Alain Guillaud-Bachet<br>T\u00e9l : +33 6 72 90 21 73 <br>Mail : [email]&#97;&#x6d;&#x67;&#117;&#x69;&#x6c;l&#x61;&#x75;d&#98;&#x61;c&#104;&#x65;t&#64;&#x77;a&#110;&#x61;d&#111;&#x6f;&#x2e;&#102;&#x72;[\/email]<\/p>\n","protected":false},"excerpt":{"rendered":"<p>Col de la Rochette (FR-01-1112)Rendez-vous \u00e0 Hauteville Lompnes \u00e0 partir de 8 h 30, aire nordique de La PrailleRoute : 33 km, d\u00e9nivel\u00e9 700 m, 2 cols avec possibilit\u00e9 d\u2019autres cols proches apr\u00e8s le rassemblement.VTT : 26 km, d\u00e9nivel\u00e9 650 m, 5 cols, avec possibilit\u00e9 de couper \u00e0 mi-parcoursFichiers gpx Contact Alain Guillaud-BachetT\u00e9l : +33 [&hellip;]<\/p>\n","protected":false},"author":3,"featured_media":84425,"comment_status":"open","ping_status":"open","sticky":false,"template":"","format":"standard","meta":{"_acf_changed":false,"footnotes":""},"categories":[311,135,216],"tags":[],"class_list":["post-84424","post","type-post","status-publish","format-standard","has-post-thumbnail","hentry","category-les-rassemblements-de-2024","category-calendrier","category-rencontres-regionales"],"acf":[],"yoast_head":"<!-- This site is optimized with the Yoast SEO plugin v27.2 - https:\/\/yoast.com\/product\/yoast-seo-wordpress\/ -->\n<title>Samedi 25 mai 2024, Alpes du Nord \u2013 Jura - Club des Cent Cols<\/title>\n<meta name=\"robots\" content=\"index, follow, max-snippet:-1, max-image-preview:large, max-video-preview:-1\" \/>\n<link rel=\"canonical\" href=\"https:\/\/centcols.org\/es\/alpes-nord-jura-2024-hauteville\/\" \/>\n<meta property=\"og:locale\" content=\"es_ES\" \/>\n<meta property=\"og:type\" content=\"article\" \/>\n<meta property=\"og:title\" content=\"Samedi 25 mai 2024, Alpes du Nord \u2013 Jura - Club des Cent Cols\" \/>\n<meta property=\"og:description\" content=\"Col de la Rochette (FR-01-1112)Rendez-vous \u00e0 Hauteville Lompnes \u00e0 partir de 8 h 30, aire nordique de La PrailleRoute : 33 km, d\u00e9nivel\u00e9 700 m, 2 cols avec possibilit\u00e9 d\u2019autres cols proches apr\u00e8s le rassemblement.VTT : 26 km, d\u00e9nivel\u00e9 650 m, 5 cols, avec possibilit\u00e9 de couper \u00e0 mi-parcoursFichiers gpx Contact Alain Guillaud-BachetT\u00e9l : +33 [&hellip;]\" \/>\n<meta property=\"og:url\" content=\"https:\/\/centcols.org\/es\/alpes-nord-jura-2024-hauteville\/\" \/>\n<meta property=\"og:site_name\" content=\"Club des Cent Cols\" \/>\n<meta property=\"article:publisher\" content=\"https:\/\/www.facebook.com\/groups\/5261880558\/?locale=fr_FR\" \/>\n<meta property=\"article:published_time\" content=\"2025-06-28T18:28:36+00:00\" \/>\n<meta property=\"article:modified_time\" content=\"2025-09-09T11:31:35+00:00\" \/>\n<meta property=\"og:image\" content=\"https:\/\/centcols.org\/wp-content\/uploads\/2025\/06\/86031.jpg\" \/>\n\t<meta property=\"og:image:width\" content=\"800\" \/>\n\t<meta property=\"og:image:height\" content=\"537\" \/>\n\t<meta property=\"og:image:type\" content=\"image\/jpeg\" \/>\n<meta name=\"author\" content=\"Webmestre\" \/>\n<meta name=\"twitter:card\" content=\"summary_large_image\" \/>\n<meta name=\"twitter:label1\" content=\"Escrito por\" \/>\n\t<meta name=\"twitter:data1\" content=\"Webmestre\" \/>\n\t<meta name=\"twitter:label2\" content=\"Tiempo de lectura\" \/>\n\t<meta name=\"twitter:data2\" content=\"1 minuto\" \/>\n<script type=\"application\/ld+json\" class=\"yoast-schema-graph\">{\"@context\":\"https:\/\/schema.org\",\"@graph\":[{\"@type\":\"Article\",\"@id\":\"https:\/\/centcols.org\/alpes-nord-jura-2024-hauteville\/#article\",\"isPartOf\":{\"@id\":\"https:\/\/centcols.org\/alpes-nord-jura-2024-hauteville\/\"},\"author\":{\"name\":\"Webmestre\",\"@id\":\"https:\/\/centcols.org\/#\/schema\/person\/911b404fb133d8c913dd27cdcf71c8e5\"},\"headline\":\"Samedi 25 mai 2024, Alpes du Nord \u2013 Jura\",\"datePublished\":\"2025-06-28T18:28:36+00:00\",\"dateModified\":\"2025-09-09T11:31:35+00:00\",\"mainEntityOfPage\":{\"@id\":\"https:\/\/centcols.org\/alpes-nord-jura-2024-hauteville\/\"},\"wordCount\":62,\"commentCount\":0,\"publisher\":{\"@id\":\"https:\/\/centcols.org\/#organization\"},\"image\":{\"@id\":\"https:\/\/centcols.org\/alpes-nord-jura-2024-hauteville\/#primaryimage\"},\"thumbnailUrl\":\"https:\/\/centcols.org\/wp-content\/uploads\/2025\/06\/86031.jpg\",\"articleSection\":[\"2024-rassemblements\",\"Calendrier\",\"Rencontres r\u00e9gionales\"],\"inLanguage\":\"es\",\"potentialAction\":[{\"@type\":\"CommentAction\",\"name\":\"Comment\",\"target\":[\"https:\/\/centcols.org\/alpes-nord-jura-2024-hauteville\/#respond\"]}]},{\"@type\":\"WebPage\",\"@id\":\"https:\/\/centcols.org\/alpes-nord-jura-2024-hauteville\/\",\"url\":\"https:\/\/centcols.org\/alpes-nord-jura-2024-hauteville\/\",\"name\":\"Samedi 25 mai 2024, Alpes du Nord \u2013 Jura - Club des Cent Cols\",\"isPartOf\":{\"@id\":\"https:\/\/centcols.org\/#website\"},\"primaryImageOfPage\":{\"@id\":\"https:\/\/centcols.org\/alpes-nord-jura-2024-hauteville\/#primaryimage\"},\"image\":{\"@id\":\"https:\/\/centcols.org\/alpes-nord-jura-2024-hauteville\/#primaryimage\"},\"thumbnailUrl\":\"https:\/\/centcols.org\/wp-content\/uploads\/2025\/06\/86031.jpg\",\"datePublished\":\"2025-06-28T18:28:36+00:00\",\"dateModified\":\"2025-09-09T11:31:35+00:00\",\"breadcrumb\":{\"@id\":\"https:\/\/centcols.org\/alpes-nord-jura-2024-hauteville\/#breadcrumb\"},\"inLanguage\":\"es\",\"potentialAction\":[{\"@type\":\"ReadAction\",\"target\":[\"https:\/\/centcols.org\/alpes-nord-jura-2024-hauteville\/\"]}]},{\"@type\":\"ImageObject\",\"inLanguage\":\"es\",\"@id\":\"https:\/\/centcols.org\/alpes-nord-jura-2024-hauteville\/#primaryimage\",\"url\":\"https:\/\/centcols.org\/wp-content\/uploads\/2025\/06\/86031.jpg\",\"contentUrl\":\"https:\/\/centcols.org\/wp-content\/uploads\/2025\/06\/86031.jpg\",\"width\":800,\"height\":537},{\"@type\":\"BreadcrumbList\",\"@id\":\"https:\/\/centcols.org\/alpes-nord-jura-2024-hauteville\/#breadcrumb\",\"itemListElement\":[{\"@type\":\"ListItem\",\"position\":1,\"name\":\"Accueil\",\"item\":\"https:\/\/centcols.org\/\"},{\"@type\":\"ListItem\",\"position\":2,\"name\":\"Rencontres r\u00e9gionales\",\"item\":\"https:\/\/centcols.org\/rubrique\/rencontres-regionales\/\"},{\"@type\":\"ListItem\",\"position\":3,\"name\":\"Samedi 25 mai 2024, Alpes du Nord \u2013 Jura\"}]},{\"@type\":\"WebSite\",\"@id\":\"https:\/\/centcols.org\/#website\",\"url\":\"https:\/\/centcols.org\/\",\"name\":\"Club des Cent Cols\",\"description\":\"\",\"publisher\":{\"@id\":\"https:\/\/centcols.org\/#organization\"},\"potentialAction\":[{\"@type\":\"SearchAction\",\"target\":{\"@type\":\"EntryPoint\",\"urlTemplate\":\"https:\/\/centcols.org\/?s={search_term_string}\"},\"query-input\":{\"@type\":\"PropertyValueSpecification\",\"valueRequired\":true,\"valueName\":\"search_term_string\"}}],\"inLanguage\":\"es\"},{\"@type\":\"Organization\",\"@id\":\"https:\/\/centcols.org\/#organization\",\"name\":\"Club des Cent Cols\",\"url\":\"https:\/\/centcols.org\/\",\"logo\":{\"@type\":\"ImageObject\",\"inLanguage\":\"es\",\"@id\":\"https:\/\/centcols.org\/#\/schema\/logo\/image\/\",\"url\":\"https:\/\/centcols.org\/wp-content\/uploads\/2025\/01\/carte-icone.png\",\"contentUrl\":\"https:\/\/centcols.org\/wp-content\/uploads\/2025\/01\/carte-icone.png\",\"width\":250,\"height\":250,\"caption\":\"Club des Cent Cols\"},\"image\":{\"@id\":\"https:\/\/centcols.org\/#\/schema\/logo\/image\/\"},\"sameAs\":[\"https:\/\/www.facebook.com\/groups\/5261880558\/?locale=fr_FR\"]},{\"@type\":\"Person\",\"@id\":\"https:\/\/centcols.org\/#\/schema\/person\/911b404fb133d8c913dd27cdcf71c8e5\",\"name\":\"Webmestre\",\"image\":{\"@type\":\"ImageObject\",\"inLanguage\":\"es\",\"@id\":\"https:\/\/centcols.org\/wp-content\/litespeed\/avatar\/2d246e4b6b4f773e08515e1ffc53690b.jpg?ver=1777222892\",\"url\":\"https:\/\/centcols.org\/wp-content\/litespeed\/avatar\/2d246e4b6b4f773e08515e1ffc53690b.jpg?ver=1777222892\",\"contentUrl\":\"https:\/\/centcols.org\/wp-content\/litespeed\/avatar\/2d246e4b6b4f773e08515e1ffc53690b.jpg?ver=1777222892\",\"caption\":\"Webmestre\"},\"url\":\"https:\/\/centcols.org\/es\/author\/webmestre\/\"}]}<\/script>\n<!-- \/ Yoast SEO plugin. -->","yoast_head_json":{"title":"S\u00e1bado 25 de mayo de 2024, Alpes del Norte - Jura - Club des Cent Cols","robots":{"index":"index","follow":"follow","max-snippet":"max-snippet:-1","max-image-preview":"max-image-preview:large","max-video-preview":"max-video-preview:-1"},"canonical":"https:\/\/centcols.org\/es\/alpes-nord-jura-2024-hauteville\/","og_locale":"es_ES","og_type":"article","og_title":"Samedi 25 mai 2024, Alpes du Nord \u2013 Jura - Club des Cent Cols","og_description":"Col de la Rochette (FR-01-1112)Rendez-vous \u00e0 Hauteville Lompnes \u00e0 partir de 8 h 30, aire nordique de La PrailleRoute : 33 km, d\u00e9nivel\u00e9 700 m, 2 cols avec possibilit\u00e9 d\u2019autres cols proches apr\u00e8s le rassemblement.VTT : 26 km, d\u00e9nivel\u00e9 650 m, 5 cols, avec possibilit\u00e9 de couper \u00e0 mi-parcoursFichiers gpx Contact Alain Guillaud-BachetT\u00e9l : +33 [&hellip;]","og_url":"https:\/\/centcols.org\/es\/alpes-nord-jura-2024-hauteville\/","og_site_name":"Club des Cent Cols","article_publisher":"https:\/\/www.facebook.com\/groups\/5261880558\/?locale=fr_FR","article_published_time":"2025-06-28T18:28:36+00:00","article_modified_time":"2025-09-09T11:31:35+00:00","og_image":[{"width":800,"height":537,"url":"https:\/\/centcols.org\/wp-content\/uploads\/2025\/06\/86031.jpg","type":"image\/jpeg"}],"author":"Webmestre","twitter_card":"summary_large_image","twitter_misc":{"Escrito por":"Webmestre","Tiempo de lectura":"1 minuto"},"schema":{"@context":"https:\/\/schema.org","@graph":[{"@type":"Article","@id":"https:\/\/centcols.org\/alpes-nord-jura-2024-hauteville\/#article","isPartOf":{"@id":"https:\/\/centcols.org\/alpes-nord-jura-2024-hauteville\/"},"author":{"name":"Webmestre","@id":"https:\/\/centcols.org\/#\/schema\/person\/911b404fb133d8c913dd27cdcf71c8e5"},"headline":"Samedi 25 mai 2024, Alpes du Nord \u2013 Jura","datePublished":"2025-06-28T18:28:36+00:00","dateModified":"2025-09-09T11:31:35+00:00","mainEntityOfPage":{"@id":"https:\/\/centcols.org\/alpes-nord-jura-2024-hauteville\/"},"wordCount":62,"commentCount":0,"publisher":{"@id":"https:\/\/centcols.org\/#organization"},"image":{"@id":"https:\/\/centcols.org\/alpes-nord-jura-2024-hauteville\/#primaryimage"},"thumbnailUrl":"https:\/\/centcols.org\/wp-content\/uploads\/2025\/06\/86031.jpg","articleSection":["2024-rassemblements","Calendrier","Rencontres r\u00e9gionales"],"inLanguage":"es","potentialAction":[{"@type":"CommentAction","name":"Comment","target":["https:\/\/centcols.org\/alpes-nord-jura-2024-hauteville\/#respond"]}]},{"@type":"WebPage","@id":"https:\/\/centcols.org\/alpes-nord-jura-2024-hauteville\/","url":"https:\/\/centcols.org\/alpes-nord-jura-2024-hauteville\/","name":"S\u00e1bado 25 de mayo de 2024, Alpes del Norte - Jura - Club des Cent Cols","isPartOf":{"@id":"https:\/\/centcols.org\/#website"},"primaryImageOfPage":{"@id":"https:\/\/centcols.org\/alpes-nord-jura-2024-hauteville\/#primaryimage"},"image":{"@id":"https:\/\/centcols.org\/alpes-nord-jura-2024-hauteville\/#primaryimage"},"thumbnailUrl":"https:\/\/centcols.org\/wp-content\/uploads\/2025\/06\/86031.jpg","datePublished":"2025-06-28T18:28:36+00:00","dateModified":"2025-09-09T11:31:35+00:00","breadcrumb":{"@id":"https:\/\/centcols.org\/alpes-nord-jura-2024-hauteville\/#breadcrumb"},"inLanguage":"es","potentialAction":[{"@type":"ReadAction","target":["https:\/\/centcols.org\/alpes-nord-jura-2024-hauteville\/"]}]},{"@type":"ImageObject","inLanguage":"es","@id":"https:\/\/centcols.org\/alpes-nord-jura-2024-hauteville\/#primaryimage","url":"https:\/\/centcols.org\/wp-content\/uploads\/2025\/06\/86031.jpg","contentUrl":"https:\/\/centcols.org\/wp-content\/uploads\/2025\/06\/86031.jpg","width":800,"height":537},{"@type":"BreadcrumbList","@id":"https:\/\/centcols.org\/alpes-nord-jura-2024-hauteville\/#breadcrumb","itemListElement":[{"@type":"ListItem","position":1,"name":"Accueil","item":"https:\/\/centcols.org\/"},{"@type":"ListItem","position":2,"name":"Rencontres r\u00e9gionales","item":"https:\/\/centcols.org\/rubrique\/rencontres-regionales\/"},{"@type":"ListItem","position":3,"name":"Samedi 25 mai 2024, Alpes du Nord \u2013 Jura"}]},{"@type":"WebSite","@id":"https:\/\/centcols.org\/#website","url":"https:\/\/centcols.org\/","name":"Club des Cent Cols","description":"","publisher":{"@id":"https:\/\/centcols.org\/#organization"},"potentialAction":[{"@type":"SearchAction","target":{"@type":"EntryPoint","urlTemplate":"https:\/\/centcols.org\/?s={search_term_string}"},"query-input":{"@type":"PropertyValueSpecification","valueRequired":true,"valueName":"search_term_string"}}],"inLanguage":"es"},{"@type":"Organization","@id":"https:\/\/centcols.org\/#organization","name":"Club des Cent Cols","url":"https:\/\/centcols.org\/","logo":{"@type":"ImageObject","inLanguage":"es","@id":"https:\/\/centcols.org\/#\/schema\/logo\/image\/","url":"https:\/\/centcols.org\/wp-content\/uploads\/2025\/01\/carte-icone.png","contentUrl":"https:\/\/centcols.org\/wp-content\/uploads\/2025\/01\/carte-icone.png","width":250,"height":250,"caption":"Club des Cent Cols"},"image":{"@id":"https:\/\/centcols.org\/#\/schema\/logo\/image\/"},"sameAs":["https:\/\/www.facebook.com\/groups\/5261880558\/?locale=fr_FR"]},{"@type":"Person","@id":"https:\/\/centcols.org\/#\/schema\/person\/911b404fb133d8c913dd27cdcf71c8e5","name":"Webmaster","image":{"@type":"ImageObject","inLanguage":"es","@id":"https:\/\/centcols.org\/wp-content\/litespeed\/avatar\/2d246e4b6b4f773e08515e1ffc53690b.jpg?ver=1777222892","url":"https:\/\/centcols.org\/wp-content\/litespeed\/avatar\/2d246e4b6b4f773e08515e1ffc53690b.jpg?ver=1777222892","contentUrl":"https:\/\/centcols.org\/wp-content\/litespeed\/avatar\/2d246e4b6b4f773e08515e1ffc53690b.jpg?ver=1777222892","caption":"Webmestre"},"url":"https:\/\/centcols.org\/es\/author\/webmestre\/"}]}},"_links":{"self":[{"href":"https:\/\/centcols.org\/es\/wp-json\/wp\/v2\/posts\/84424","targetHints":{"allow":["GET"]}}],"collection":[{"href":"https:\/\/centcols.org\/es\/wp-json\/wp\/v2\/posts"}],"about":[{"href":"https:\/\/centcols.org\/es\/wp-json\/wp\/v2\/types\/post"}],"author":[{"embeddable":true,"href":"https:\/\/centcols.org\/es\/wp-json\/wp\/v2\/users\/3"}],"replies":[{"embeddable":true,"href":"https:\/\/centcols.org\/es\/wp-json\/wp\/v2\/comments?post=84424"}],"version-history":[{"count":0,"href":"https:\/\/centcols.org\/es\/wp-json\/wp\/v2\/posts\/84424\/revisions"}],"wp:featuredmedia":[{"embeddable":true,"href":"https:\/\/centcols.org\/es\/wp-json\/wp\/v2\/media\/84425"}],"wp:attachment":[{"href":"https:\/\/centcols.org\/es\/wp-json\/wp\/v2\/media?parent=84424"}],"wp:term":[{"taxonomy":"category","embeddable":true,"href":"https:\/\/centcols.org\/es\/wp-json\/wp\/v2\/categories?post=84424"},{"taxonomy":"post_tag","embeddable":true,"href":"https:\/\/centcols.org\/es\/wp-json\/wp\/v2\/tags?post=84424"}],"curies":[{"name":"wp","href":"https:\/\/api.w.org\/{rel}","templated":true}]}}