{"id":84450,"date":"2025-06-29T10:29:33","date_gmt":"2025-06-29T08:29:33","guid":{"rendered":"https:\/\/centcols.org\/?p=84450"},"modified":"2025-09-09T13:31:35","modified_gmt":"2025-09-09T11:31:35","slug":"miercoles-24-de-julio-loira-col-de-la-loge-des-gardes","status":"publish","type":"post","link":"https:\/\/centcols.org\/es\/mercredi-24-juillet-loire-col-de-la-loge-des-gardes\/","title":{"rendered":"Mi\u00e9rcoles 24 de julio, Loira, Col de la loge des Gardes"},"content":{"rendered":"<p>Usted est\u00e1, o puede estar pensando en inscribirse en la Semaine F\u00e9d\u00e9rale de Cyclotourisme en Roanne. El recorrido en carretera previsto para el mi\u00e9rcoles 24 de julio de 2024 pasar\u00e1 por el Col de La Loge des Gardes.<\/p>\n\n\n\n<p>Tenemos previsto establecer un punto de encuentro abierto a todos los ciclistas.<\/p>\n\n\n\n<p>Miembros voluntarios de nuestra hermandad estar\u00e1n presentes para darle la bienvenida al paso.<\/p>\n\n\n\n<p>No dudes en hablar de ello a tu alrededor y especialmente a los no miembros de la hermandad. Ser\u00eda una buena forma de correr la voz y animar a otros ciclistas a unirse al club.<\/p>\n\n\n\n<p>El Secretario le agradecer\u00eda que le comunicara su intenci\u00f3n.<\/p>\n\n\n\n<p>Si no est\u00e1s inscrito en la Semaine F\u00e9d\u00e9rale, tambi\u00e9n puedes hacer esta ruta, que publicaremos en el sitio web en cuanto la conozcamos.<\/p>\n\n\n\n<h2 class=\"wp-block-heading\"><strong>P\u00f3ngase en contacto con <\/strong><\/h2>\n\n\n\n<p>Herv\u00e9 RETI\u00c8RE.<br>Tel: +33 7 49 83 64 20.<br>Correo electr\u00f3nico :\u00a0<a href=\"\/es\/&\/#x6d;a&#x69;&#108;t&#x6f;&#58;&#x68;&#x65;r&#x76;&#101;&#46;&#x72;&#101;&#x74;&#105;e&#x72;&#101;&#64;&#x67;&#109;&#x61;&#105;l&#x2e;&#99;&#x6f;&#x6d;\" target=\"_blank\" rel=\"noreferrer noopener\">herve.retiere@gmail.com<\/a><\/p>","protected":false},"excerpt":{"rendered":"<p>Vous \u00eates ou vous envisagez peut-\u00eatre de vous inscrire \u00e0 la Semaine F\u00e9d\u00e9rale de Cyclotourisme \u00e0 Roanne. Le parcours route pr\u00e9vu le mercredi 24 juillet 2024 passera au Col de La Loge des Gardes. Nous avons pr\u00e9vu d\u2019installer un point de rencontre ouvert \u00e0 tous les cyclos. Des membres volontaires de notre confr\u00e9rie seront pr\u00e9sents [&hellip;]<\/p>\n","protected":false},"author":3,"featured_media":0,"comment_status":"open","ping_status":"open","sticky":false,"template":"","format":"standard","meta":{"_acf_changed":false,"footnotes":""},"categories":[311,135,216],"tags":[],"class_list":["post-84450","post","type-post","status-publish","format-standard","hentry","category-les-rassemblements-de-2024","category-calendrier","category-rencontres-regionales"],"acf":[],"yoast_head":"<!-- This site is optimized with the Yoast SEO plugin v27.2 - https:\/\/yoast.com\/product\/yoast-seo-wordpress\/ -->\n<title>Mercredi 24 juillet, Loire, Col de la loge des Gardes - Club des Cent Cols<\/title>\n<meta name=\"robots\" content=\"index, follow, max-snippet:-1, max-image-preview:large, max-video-preview:-1\" \/>\n<link rel=\"canonical\" href=\"https:\/\/centcols.org\/es\/miercoles-24-de-julio-loira-col-de-la-loge-des-gardes\/\" \/>\n<meta property=\"og:locale\" content=\"es_ES\" \/>\n<meta property=\"og:type\" content=\"article\" \/>\n<meta property=\"og:title\" content=\"Mercredi 24 juillet, Loire, Col de la loge des Gardes - Club des Cent Cols\" \/>\n<meta property=\"og:description\" content=\"Vous \u00eates ou vous envisagez peut-\u00eatre de vous inscrire \u00e0 la Semaine F\u00e9d\u00e9rale de Cyclotourisme \u00e0 Roanne. Le parcours route pr\u00e9vu le mercredi 24 juillet 2024 passera au Col de La Loge des Gardes. Nous avons pr\u00e9vu d\u2019installer un point de rencontre ouvert \u00e0 tous les cyclos. Des membres volontaires de notre confr\u00e9rie seront pr\u00e9sents [&hellip;]\" \/>\n<meta property=\"og:url\" content=\"https:\/\/centcols.org\/es\/miercoles-24-de-julio-loira-col-de-la-loge-des-gardes\/\" \/>\n<meta property=\"og:site_name\" content=\"Club des Cent Cols\" \/>\n<meta property=\"article:publisher\" content=\"https:\/\/www.facebook.com\/groups\/5261880558\/?locale=fr_FR\" \/>\n<meta property=\"article:published_time\" content=\"2025-06-29T08:29:33+00:00\" \/>\n<meta property=\"article:modified_time\" content=\"2025-09-09T11:31:35+00:00\" \/>\n<meta property=\"og:image\" content=\"https:\/\/centcols.org\/wp-content\/uploads\/2025\/06\/13001.jpg\" \/>\n\t<meta property=\"og:image:width\" content=\"560\" \/>\n\t<meta property=\"og:image:height\" content=\"420\" \/>\n\t<meta property=\"og:image:type\" content=\"image\/jpeg\" \/>\n<meta name=\"author\" content=\"Webmestre\" \/>\n<meta name=\"twitter:card\" content=\"summary_large_image\" \/>\n<meta name=\"twitter:label1\" content=\"Escrito por\" \/>\n\t<meta name=\"twitter:data1\" content=\"Webmestre\" \/>\n\t<meta name=\"twitter:label2\" content=\"Tiempo de lectura\" \/>\n\t<meta name=\"twitter:data2\" content=\"1 minuto\" \/>\n<script type=\"application\/ld+json\" class=\"yoast-schema-graph\">{\"@context\":\"https:\/\/schema.org\",\"@graph\":[{\"@type\":\"Article\",\"@id\":\"https:\/\/centcols.org\/mercredi-24-juillet-loire-col-de-la-loge-des-gardes\/#article\",\"isPartOf\":{\"@id\":\"https:\/\/centcols.org\/mercredi-24-juillet-loire-col-de-la-loge-des-gardes\/\"},\"author\":{\"name\":\"Webmestre\",\"@id\":\"https:\/\/centcols.org\/#\/schema\/person\/911b404fb133d8c913dd27cdcf71c8e5\"},\"headline\":\"Mercredi 24 juillet, Loire, Col de la loge des Gardes\",\"datePublished\":\"2025-06-29T08:29:33+00:00\",\"dateModified\":\"2025-09-09T11:31:35+00:00\",\"mainEntityOfPage\":{\"@id\":\"https:\/\/centcols.org\/mercredi-24-juillet-loire-col-de-la-loge-des-gardes\/\"},\"wordCount\":163,\"commentCount\":0,\"publisher\":{\"@id\":\"https:\/\/centcols.org\/#organization\"},\"articleSection\":[\"2024-rassemblements\",\"Calendrier\",\"Rencontres r\u00e9gionales\"],\"inLanguage\":\"es\",\"potentialAction\":[{\"@type\":\"CommentAction\",\"name\":\"Comment\",\"target\":[\"https:\/\/centcols.org\/mercredi-24-juillet-loire-col-de-la-loge-des-gardes\/#respond\"]}]},{\"@type\":\"WebPage\",\"@id\":\"https:\/\/centcols.org\/mercredi-24-juillet-loire-col-de-la-loge-des-gardes\/\",\"url\":\"https:\/\/centcols.org\/mercredi-24-juillet-loire-col-de-la-loge-des-gardes\/\",\"name\":\"Mercredi 24 juillet, Loire, Col de la loge des Gardes - Club des Cent Cols\",\"isPartOf\":{\"@id\":\"https:\/\/centcols.org\/#website\"},\"datePublished\":\"2025-06-29T08:29:33+00:00\",\"dateModified\":\"2025-09-09T11:31:35+00:00\",\"breadcrumb\":{\"@id\":\"https:\/\/centcols.org\/mercredi-24-juillet-loire-col-de-la-loge-des-gardes\/#breadcrumb\"},\"inLanguage\":\"es\",\"potentialAction\":[{\"@type\":\"ReadAction\",\"target\":[\"https:\/\/centcols.org\/mercredi-24-juillet-loire-col-de-la-loge-des-gardes\/\"]}]},{\"@type\":\"BreadcrumbList\",\"@id\":\"https:\/\/centcols.org\/mercredi-24-juillet-loire-col-de-la-loge-des-gardes\/#breadcrumb\",\"itemListElement\":[{\"@type\":\"ListItem\",\"position\":1,\"name\":\"Accueil\",\"item\":\"https:\/\/centcols.org\/\"},{\"@type\":\"ListItem\",\"position\":2,\"name\":\"Rencontres r\u00e9gionales\",\"item\":\"https:\/\/centcols.org\/rubrique\/rencontres-regionales\/\"},{\"@type\":\"ListItem\",\"position\":3,\"name\":\"Mercredi 24 juillet, Loire, Col de la loge des Gardes\"}]},{\"@type\":\"WebSite\",\"@id\":\"https:\/\/centcols.org\/#website\",\"url\":\"https:\/\/centcols.org\/\",\"name\":\"Club des Cent Cols\",\"description\":\"\",\"publisher\":{\"@id\":\"https:\/\/centcols.org\/#organization\"},\"potentialAction\":[{\"@type\":\"SearchAction\",\"target\":{\"@type\":\"EntryPoint\",\"urlTemplate\":\"https:\/\/centcols.org\/?s={search_term_string}\"},\"query-input\":{\"@type\":\"PropertyValueSpecification\",\"valueRequired\":true,\"valueName\":\"search_term_string\"}}],\"inLanguage\":\"es\"},{\"@type\":\"Organization\",\"@id\":\"https:\/\/centcols.org\/#organization\",\"name\":\"Club des Cent Cols\",\"url\":\"https:\/\/centcols.org\/\",\"logo\":{\"@type\":\"ImageObject\",\"inLanguage\":\"es\",\"@id\":\"https:\/\/centcols.org\/#\/schema\/logo\/image\/\",\"url\":\"https:\/\/centcols.org\/wp-content\/uploads\/2025\/01\/carte-icone.png\",\"contentUrl\":\"https:\/\/centcols.org\/wp-content\/uploads\/2025\/01\/carte-icone.png\",\"width\":250,\"height\":250,\"caption\":\"Club des Cent Cols\"},\"image\":{\"@id\":\"https:\/\/centcols.org\/#\/schema\/logo\/image\/\"},\"sameAs\":[\"https:\/\/www.facebook.com\/groups\/5261880558\/?locale=fr_FR\"]},{\"@type\":\"Person\",\"@id\":\"https:\/\/centcols.org\/#\/schema\/person\/911b404fb133d8c913dd27cdcf71c8e5\",\"name\":\"Webmestre\",\"image\":{\"@type\":\"ImageObject\",\"inLanguage\":\"es\",\"@id\":\"https:\/\/centcols.org\/wp-content\/litespeed\/avatar\/2d246e4b6b4f773e08515e1ffc53690b.jpg?ver=1777222892\",\"url\":\"https:\/\/centcols.org\/wp-content\/litespeed\/avatar\/2d246e4b6b4f773e08515e1ffc53690b.jpg?ver=1777222892\",\"contentUrl\":\"https:\/\/centcols.org\/wp-content\/litespeed\/avatar\/2d246e4b6b4f773e08515e1ffc53690b.jpg?ver=1777222892\",\"caption\":\"Webmestre\"},\"url\":\"https:\/\/centcols.org\/es\/author\/webmestre\/\"}]}<\/script>\n<!-- \/ Yoast SEO plugin. -->","yoast_head_json":{"title":"Mi\u00e9rcoles 24 de julio, Loira, Col de la loge des Gardes - Club des Cent Cols","robots":{"index":"index","follow":"follow","max-snippet":"max-snippet:-1","max-image-preview":"max-image-preview:large","max-video-preview":"max-video-preview:-1"},"canonical":"https:\/\/centcols.org\/es\/miercoles-24-de-julio-loira-col-de-la-loge-des-gardes\/","og_locale":"es_ES","og_type":"article","og_title":"Mercredi 24 juillet, Loire, Col de la loge des Gardes - Club des Cent Cols","og_description":"Vous \u00eates ou vous envisagez peut-\u00eatre de vous inscrire \u00e0 la Semaine F\u00e9d\u00e9rale de Cyclotourisme \u00e0 Roanne. Le parcours route pr\u00e9vu le mercredi 24 juillet 2024 passera au Col de La Loge des Gardes. Nous avons pr\u00e9vu d\u2019installer un point de rencontre ouvert \u00e0 tous les cyclos. Des membres volontaires de notre confr\u00e9rie seront pr\u00e9sents [&hellip;]","og_url":"https:\/\/centcols.org\/es\/miercoles-24-de-julio-loira-col-de-la-loge-des-gardes\/","og_site_name":"Club des Cent Cols","article_publisher":"https:\/\/www.facebook.com\/groups\/5261880558\/?locale=fr_FR","article_published_time":"2025-06-29T08:29:33+00:00","article_modified_time":"2025-09-09T11:31:35+00:00","og_image":[{"width":560,"height":420,"url":"https:\/\/centcols.org\/wp-content\/uploads\/2025\/06\/13001.jpg","type":"image\/jpeg"}],"author":"Webmestre","twitter_card":"summary_large_image","twitter_misc":{"Escrito por":"Webmestre","Tiempo de lectura":"1 minuto"},"schema":{"@context":"https:\/\/schema.org","@graph":[{"@type":"Article","@id":"https:\/\/centcols.org\/mercredi-24-juillet-loire-col-de-la-loge-des-gardes\/#article","isPartOf":{"@id":"https:\/\/centcols.org\/mercredi-24-juillet-loire-col-de-la-loge-des-gardes\/"},"author":{"name":"Webmestre","@id":"https:\/\/centcols.org\/#\/schema\/person\/911b404fb133d8c913dd27cdcf71c8e5"},"headline":"Mercredi 24 juillet, Loire, Col de la loge des Gardes","datePublished":"2025-06-29T08:29:33+00:00","dateModified":"2025-09-09T11:31:35+00:00","mainEntityOfPage":{"@id":"https:\/\/centcols.org\/mercredi-24-juillet-loire-col-de-la-loge-des-gardes\/"},"wordCount":163,"commentCount":0,"publisher":{"@id":"https:\/\/centcols.org\/#organization"},"articleSection":["2024-rassemblements","Calendrier","Rencontres r\u00e9gionales"],"inLanguage":"es","potentialAction":[{"@type":"CommentAction","name":"Comment","target":["https:\/\/centcols.org\/mercredi-24-juillet-loire-col-de-la-loge-des-gardes\/#respond"]}]},{"@type":"WebPage","@id":"https:\/\/centcols.org\/mercredi-24-juillet-loire-col-de-la-loge-des-gardes\/","url":"https:\/\/centcols.org\/mercredi-24-juillet-loire-col-de-la-loge-des-gardes\/","name":"Mi\u00e9rcoles 24 de julio, Loira, Col de la loge des Gardes - Club des Cent Cols","isPartOf":{"@id":"https:\/\/centcols.org\/#website"},"datePublished":"2025-06-29T08:29:33+00:00","dateModified":"2025-09-09T11:31:35+00:00","breadcrumb":{"@id":"https:\/\/centcols.org\/mercredi-24-juillet-loire-col-de-la-loge-des-gardes\/#breadcrumb"},"inLanguage":"es","potentialAction":[{"@type":"ReadAction","target":["https:\/\/centcols.org\/mercredi-24-juillet-loire-col-de-la-loge-des-gardes\/"]}]},{"@type":"BreadcrumbList","@id":"https:\/\/centcols.org\/mercredi-24-juillet-loire-col-de-la-loge-des-gardes\/#breadcrumb","itemListElement":[{"@type":"ListItem","position":1,"name":"Accueil","item":"https:\/\/centcols.org\/"},{"@type":"ListItem","position":2,"name":"Rencontres r\u00e9gionales","item":"https:\/\/centcols.org\/rubrique\/rencontres-regionales\/"},{"@type":"ListItem","position":3,"name":"Mercredi 24 juillet, Loire, Col de la loge des Gardes"}]},{"@type":"WebSite","@id":"https:\/\/centcols.org\/#website","url":"https:\/\/centcols.org\/","name":"Club des Cent Cols","description":"","publisher":{"@id":"https:\/\/centcols.org\/#organization"},"potentialAction":[{"@type":"SearchAction","target":{"@type":"EntryPoint","urlTemplate":"https:\/\/centcols.org\/?s={search_term_string}"},"query-input":{"@type":"PropertyValueSpecification","valueRequired":true,"valueName":"search_term_string"}}],"inLanguage":"es"},{"@type":"Organization","@id":"https:\/\/centcols.org\/#organization","name":"Club des Cent Cols","url":"https:\/\/centcols.org\/","logo":{"@type":"ImageObject","inLanguage":"es","@id":"https:\/\/centcols.org\/#\/schema\/logo\/image\/","url":"https:\/\/centcols.org\/wp-content\/uploads\/2025\/01\/carte-icone.png","contentUrl":"https:\/\/centcols.org\/wp-content\/uploads\/2025\/01\/carte-icone.png","width":250,"height":250,"caption":"Club des Cent Cols"},"image":{"@id":"https:\/\/centcols.org\/#\/schema\/logo\/image\/"},"sameAs":["https:\/\/www.facebook.com\/groups\/5261880558\/?locale=fr_FR"]},{"@type":"Person","@id":"https:\/\/centcols.org\/#\/schema\/person\/911b404fb133d8c913dd27cdcf71c8e5","name":"Webmaster","image":{"@type":"ImageObject","inLanguage":"es","@id":"https:\/\/centcols.org\/wp-content\/litespeed\/avatar\/2d246e4b6b4f773e08515e1ffc53690b.jpg?ver=1777222892","url":"https:\/\/centcols.org\/wp-content\/litespeed\/avatar\/2d246e4b6b4f773e08515e1ffc53690b.jpg?ver=1777222892","contentUrl":"https:\/\/centcols.org\/wp-content\/litespeed\/avatar\/2d246e4b6b4f773e08515e1ffc53690b.jpg?ver=1777222892","caption":"Webmestre"},"url":"https:\/\/centcols.org\/es\/author\/webmestre\/"}]}},"_links":{"self":[{"href":"https:\/\/centcols.org\/es\/wp-json\/wp\/v2\/posts\/84450","targetHints":{"allow":["GET"]}}],"collection":[{"href":"https:\/\/centcols.org\/es\/wp-json\/wp\/v2\/posts"}],"about":[{"href":"https:\/\/centcols.org\/es\/wp-json\/wp\/v2\/types\/post"}],"author":[{"embeddable":true,"href":"https:\/\/centcols.org\/es\/wp-json\/wp\/v2\/users\/3"}],"replies":[{"embeddable":true,"href":"https:\/\/centcols.org\/es\/wp-json\/wp\/v2\/comments?post=84450"}],"version-history":[{"count":0,"href":"https:\/\/centcols.org\/es\/wp-json\/wp\/v2\/posts\/84450\/revisions"}],"wp:attachment":[{"href":"https:\/\/centcols.org\/es\/wp-json\/wp\/v2\/media?parent=84450"}],"wp:term":[{"taxonomy":"category","embeddable":true,"href":"https:\/\/centcols.org\/es\/wp-json\/wp\/v2\/categories?post=84450"},{"taxonomy":"post_tag","embeddable":true,"href":"https:\/\/centcols.org\/es\/wp-json\/wp\/v2\/tags?post=84450"}],"curies":[{"name":"wp","href":"https:\/\/api.w.org\/{rel}","templated":true}]}}