{"id":84476,"date":"2025-06-29T13:04:47","date_gmt":"2025-06-29T11:04:47","guid":{"rendered":"https:\/\/centcols.org\/?p=84476"},"modified":"2025-10-15T03:25:53","modified_gmt":"2025-10-15T01:25:53","slug":"el-gran-traversee-del-macizo-central-pasa","status":"publish","type":"post","link":"https:\/\/centcols.org\/es\/la-grande-traversee-du-massif-central-les-cols\/","title":{"rendered":"Traves\u00eda del Macizo Central: los puertos"},"content":{"rendered":"<p>El GTMC es un recorrido en bicicleta de monta\u00f1a de 1.380 km y 30.000 m de desnivel. Est\u00e1 se\u00f1alizado en todo su recorrido, desde Borgo\u00f1a (Avallon) hasta el Mediterr\u00e1neo (Cap d'Agde).<br>Est\u00e1 descrita en su p\u00e1gina web oficial https:\/\/www.la-gtmc.com\/, donde podr\u00e1 descargar el itinerario, organizar sus etapas, consultar las opciones de alojamiento (campings, B&amp;B, casas rurales, hoteles, etc.), transportar su equipaje de una etapa a otra utilizando el maletero de correos, etc.<br>La primera parte de la Travers\u00e9e, de Avallon a Clermont-Ferrand, es bastante escasa en puertos. As\u00ed que s\u00f3lo nos interesa la parte sur. De la estaci\u00f3n de Clermont-Ferrand a la estaci\u00f3n TGV de Montpellier (m\u00e1s c\u00f3moda que la estaci\u00f3n TER de Cap d'Agde).<br>En total, 901 km, 19.200 m de desnivel y 96 puertos.<br>Nos inspiramos en gran medida en la ruta oficial. Pero, como har\u00edan muchos centcolistas, no rechazamos la idea de buscar cols cercanos, ya fuera mediante un breve desv\u00edo o un simple viaje de ida y vuelta.<br>La ruta que describimos y los tracks gpx que publicamos est\u00e1n ah\u00ed \u00fanicamente para inspirar a los ciclistas de monta\u00f1a. A ellos les corresponde afinar sus etapas, sus desv\u00edos, sus caminos, sus variantes, evaluar las dificultades, etc... La ruta no ha sido reconocida, as\u00ed que cada uno la aborda bajo su propia responsabilidad.<br><a href=\"https:\/\/centcols.org\/wp-content\/uploads\/2025\/08\/Les-cols-de-la-GTMC_1-1.pdf\">Parte 1 - De Clermont-Ferrand a Saint-Flour - 278 km - 6.450 m D+ - 27 puertos<\/a><br><a href=\"\/wp-content\/uploads\/2025\/08\/Les-cols-de-la-GTMC_2-1.pdf\">Parte 2 - De Saint-Flour a Florac - 201 km - 4.370 m D+ - 26 puertos<\/a><br><a href=\"\/wp-content\/uploads\/2025\/08\/Les-cols-de-la-GTMC_3-1.pdf\">Parte 3 - De Florac a Caylar - 219 km -5.330 m D+ - 25 puertos<\/a><br><a href=\"\/wp-content\/uploads\/2025\/08\/Les-cols-de-la-GTMC_4-1.pdf\">Parte 4 - De Caylar a Montpellier - 203 km -3.050 m D+ - 18 puertos<\/a><\/p>\n\n\n\n<p><\/p>","protected":false},"excerpt":{"rendered":"<p>La GTMC est un parcours VTT de 1380 km et 30.000 m de d\u00e9nivel\u00e9. Il est balis\u00e9 en int\u00e9gralit\u00e9, de la Bourgogne (Avallon) \u00e0 la M\u00e9diterran\u00e9e (Cap d\u2019Agde).Il est d\u00e9crit sur son site officiel https:\/\/www.la-gtmc.com\/ o\u00f9 on peut t\u00e9l\u00e9charger le parcours, organiser ses \u00e9tapes, visualiser les solutions d\u2019h\u00e9bergement (camping, chambres d\u2019h\u00f4tes, g\u00eetes, h\u00f4tels\u2026), faire transporter [&hellip;]<\/p>\n","protected":false},"author":3,"featured_media":84490,"comment_status":"open","ping_status":"closed","sticky":false,"template":"","format":"standard","meta":{"_acf_changed":false,"footnotes":""},"categories":[82],"tags":[],"class_list":["post-84476","post","type-post","status-publish","format-standard","has-post-thumbnail","hentry","category-voyages"],"acf":[],"yoast_head":"<!-- This site is optimized with the Yoast SEO plugin v27.2 - https:\/\/yoast.com\/product\/yoast-seo-wordpress\/ -->\n<title>La grande travers\u00e9e du Massif Central : les cols - Club des Cent Cols<\/title>\n<meta name=\"robots\" content=\"index, follow, max-snippet:-1, max-image-preview:large, max-video-preview:-1\" \/>\n<link rel=\"canonical\" href=\"https:\/\/centcols.org\/es\/el-gran-traversee-del-macizo-central-pasa\/\" \/>\n<meta property=\"og:locale\" content=\"es_ES\" \/>\n<meta property=\"og:type\" content=\"article\" \/>\n<meta property=\"og:title\" content=\"La grande travers\u00e9e du Massif Central : les cols - Club des Cent Cols\" \/>\n<meta property=\"og:description\" content=\"La GTMC est un parcours VTT de 1380 km et 30.000 m de d\u00e9nivel\u00e9. Il est balis\u00e9 en int\u00e9gralit\u00e9, de la Bourgogne (Avallon) \u00e0 la M\u00e9diterran\u00e9e (Cap d\u2019Agde).Il est d\u00e9crit sur son site officiel https:\/\/www.la-gtmc.com\/ o\u00f9 on peut t\u00e9l\u00e9charger le parcours, organiser ses \u00e9tapes, visualiser les solutions d\u2019h\u00e9bergement (camping, chambres d\u2019h\u00f4tes, g\u00eetes, h\u00f4tels\u2026), faire transporter [&hellip;]\" \/>\n<meta property=\"og:url\" content=\"https:\/\/centcols.org\/es\/el-gran-traversee-del-macizo-central-pasa\/\" \/>\n<meta property=\"og:site_name\" content=\"Club des Cent Cols\" \/>\n<meta property=\"article:publisher\" content=\"https:\/\/www.facebook.com\/groups\/5261880558\/?locale=fr_FR\" \/>\n<meta property=\"article:published_time\" content=\"2025-06-29T11:04:47+00:00\" \/>\n<meta property=\"article:modified_time\" content=\"2025-10-15T01:25:53+00:00\" \/>\n<meta property=\"og:image\" content=\"https:\/\/centcols.org\/wp-content\/uploads\/2025\/06\/settons.jpg\" \/>\n\t<meta property=\"og:image:width\" content=\"900\" \/>\n\t<meta property=\"og:image:height\" content=\"506\" \/>\n\t<meta property=\"og:image:type\" content=\"image\/jpeg\" \/>\n<meta name=\"author\" content=\"Webmestre\" \/>\n<meta name=\"twitter:card\" content=\"summary_large_image\" \/>\n<meta name=\"twitter:label1\" content=\"Escrito por\" \/>\n\t<meta name=\"twitter:data1\" content=\"Webmestre\" \/>\n\t<meta name=\"twitter:label2\" content=\"Tiempo de lectura\" \/>\n\t<meta name=\"twitter:data2\" content=\"2 minutos\" \/>\n<script type=\"application\/ld+json\" class=\"yoast-schema-graph\">{\"@context\":\"https:\/\/schema.org\",\"@graph\":[{\"@type\":\"Article\",\"@id\":\"https:\/\/centcols.org\/la-grande-traversee-du-massif-central-les-cols\/#article\",\"isPartOf\":{\"@id\":\"https:\/\/centcols.org\/la-grande-traversee-du-massif-central-les-cols\/\"},\"author\":{\"name\":\"Webmestre\",\"@id\":\"https:\/\/centcols.org\/#\/schema\/person\/911b404fb133d8c913dd27cdcf71c8e5\"},\"headline\":\"La grande travers\u00e9e du Massif Central : les cols\",\"datePublished\":\"2025-06-29T11:04:47+00:00\",\"dateModified\":\"2025-10-15T01:25:53+00:00\",\"mainEntityOfPage\":{\"@id\":\"https:\/\/centcols.org\/la-grande-traversee-du-massif-central-les-cols\/\"},\"wordCount\":289,\"commentCount\":0,\"publisher\":{\"@id\":\"https:\/\/centcols.org\/#organization\"},\"image\":{\"@id\":\"https:\/\/centcols.org\/la-grande-traversee-du-massif-central-les-cols\/#primaryimage\"},\"thumbnailUrl\":\"https:\/\/centcols.org\/wp-content\/uploads\/2025\/06\/settons.jpg\",\"articleSection\":[\"Voyages\"],\"inLanguage\":\"es\",\"potentialAction\":[{\"@type\":\"CommentAction\",\"name\":\"Comment\",\"target\":[\"https:\/\/centcols.org\/la-grande-traversee-du-massif-central-les-cols\/#respond\"]}]},{\"@type\":\"WebPage\",\"@id\":\"https:\/\/centcols.org\/la-grande-traversee-du-massif-central-les-cols\/\",\"url\":\"https:\/\/centcols.org\/la-grande-traversee-du-massif-central-les-cols\/\",\"name\":\"La grande travers\u00e9e du Massif Central : les cols - Club des Cent Cols\",\"isPartOf\":{\"@id\":\"https:\/\/centcols.org\/#website\"},\"primaryImageOfPage\":{\"@id\":\"https:\/\/centcols.org\/la-grande-traversee-du-massif-central-les-cols\/#primaryimage\"},\"image\":{\"@id\":\"https:\/\/centcols.org\/la-grande-traversee-du-massif-central-les-cols\/#primaryimage\"},\"thumbnailUrl\":\"https:\/\/centcols.org\/wp-content\/uploads\/2025\/06\/settons.jpg\",\"datePublished\":\"2025-06-29T11:04:47+00:00\",\"dateModified\":\"2025-10-15T01:25:53+00:00\",\"breadcrumb\":{\"@id\":\"https:\/\/centcols.org\/la-grande-traversee-du-massif-central-les-cols\/#breadcrumb\"},\"inLanguage\":\"es\",\"potentialAction\":[{\"@type\":\"ReadAction\",\"target\":[\"https:\/\/centcols.org\/la-grande-traversee-du-massif-central-les-cols\/\"]}]},{\"@type\":\"ImageObject\",\"inLanguage\":\"es\",\"@id\":\"https:\/\/centcols.org\/la-grande-traversee-du-massif-central-les-cols\/#primaryimage\",\"url\":\"https:\/\/centcols.org\/wp-content\/uploads\/2025\/06\/settons.jpg\",\"contentUrl\":\"https:\/\/centcols.org\/wp-content\/uploads\/2025\/06\/settons.jpg\",\"width\":900,\"height\":506,\"caption\":\"lac des Settons\"},{\"@type\":\"BreadcrumbList\",\"@id\":\"https:\/\/centcols.org\/la-grande-traversee-du-massif-central-les-cols\/#breadcrumb\",\"itemListElement\":[{\"@type\":\"ListItem\",\"position\":1,\"name\":\"Accueil\",\"item\":\"https:\/\/centcols.org\/\"},{\"@type\":\"ListItem\",\"position\":2,\"name\":\"Gazette\",\"item\":\"https:\/\/centcols.org\/rubrique\/gazette\/\"},{\"@type\":\"ListItem\",\"position\":3,\"name\":\"Voyages\",\"item\":\"https:\/\/centcols.org\/rubrique\/gazette\/voyages\/\"},{\"@type\":\"ListItem\",\"position\":4,\"name\":\"La grande travers\u00e9e du Massif Central : les cols\"}]},{\"@type\":\"WebSite\",\"@id\":\"https:\/\/centcols.org\/#website\",\"url\":\"https:\/\/centcols.org\/\",\"name\":\"Club des Cent Cols\",\"description\":\"\",\"publisher\":{\"@id\":\"https:\/\/centcols.org\/#organization\"},\"potentialAction\":[{\"@type\":\"SearchAction\",\"target\":{\"@type\":\"EntryPoint\",\"urlTemplate\":\"https:\/\/centcols.org\/?s={search_term_string}\"},\"query-input\":{\"@type\":\"PropertyValueSpecification\",\"valueRequired\":true,\"valueName\":\"search_term_string\"}}],\"inLanguage\":\"es\"},{\"@type\":\"Organization\",\"@id\":\"https:\/\/centcols.org\/#organization\",\"name\":\"Club des Cent Cols\",\"url\":\"https:\/\/centcols.org\/\",\"logo\":{\"@type\":\"ImageObject\",\"inLanguage\":\"es\",\"@id\":\"https:\/\/centcols.org\/#\/schema\/logo\/image\/\",\"url\":\"https:\/\/centcols.org\/wp-content\/uploads\/2025\/01\/carte-icone.png\",\"contentUrl\":\"https:\/\/centcols.org\/wp-content\/uploads\/2025\/01\/carte-icone.png\",\"width\":250,\"height\":250,\"caption\":\"Club des Cent Cols\"},\"image\":{\"@id\":\"https:\/\/centcols.org\/#\/schema\/logo\/image\/\"},\"sameAs\":[\"https:\/\/www.facebook.com\/groups\/5261880558\/?locale=fr_FR\"]},{\"@type\":\"Person\",\"@id\":\"https:\/\/centcols.org\/#\/schema\/person\/911b404fb133d8c913dd27cdcf71c8e5\",\"name\":\"Webmestre\",\"image\":{\"@type\":\"ImageObject\",\"inLanguage\":\"es\",\"@id\":\"https:\/\/centcols.org\/wp-content\/litespeed\/avatar\/2d246e4b6b4f773e08515e1ffc53690b.jpg?ver=1777222892\",\"url\":\"https:\/\/centcols.org\/wp-content\/litespeed\/avatar\/2d246e4b6b4f773e08515e1ffc53690b.jpg?ver=1777222892\",\"contentUrl\":\"https:\/\/centcols.org\/wp-content\/litespeed\/avatar\/2d246e4b6b4f773e08515e1ffc53690b.jpg?ver=1777222892\",\"caption\":\"Webmestre\"},\"url\":\"https:\/\/centcols.org\/es\/author\/webmestre\/\"}]}<\/script>\n<!-- \/ Yoast SEO plugin. -->","yoast_head_json":{"title":"La gran traves\u00eda del Macizo Central: los puertos - Club des Cent Cols","robots":{"index":"index","follow":"follow","max-snippet":"max-snippet:-1","max-image-preview":"max-image-preview:large","max-video-preview":"max-video-preview:-1"},"canonical":"https:\/\/centcols.org\/es\/el-gran-traversee-del-macizo-central-pasa\/","og_locale":"es_ES","og_type":"article","og_title":"La grande travers\u00e9e du Massif Central : les cols - Club des Cent Cols","og_description":"La GTMC est un parcours VTT de 1380 km et 30.000 m de d\u00e9nivel\u00e9. Il est balis\u00e9 en int\u00e9gralit\u00e9, de la Bourgogne (Avallon) \u00e0 la M\u00e9diterran\u00e9e (Cap d\u2019Agde).Il est d\u00e9crit sur son site officiel https:\/\/www.la-gtmc.com\/ o\u00f9 on peut t\u00e9l\u00e9charger le parcours, organiser ses \u00e9tapes, visualiser les solutions d\u2019h\u00e9bergement (camping, chambres d\u2019h\u00f4tes, g\u00eetes, h\u00f4tels\u2026), faire transporter [&hellip;]","og_url":"https:\/\/centcols.org\/es\/el-gran-traversee-del-macizo-central-pasa\/","og_site_name":"Club des Cent Cols","article_publisher":"https:\/\/www.facebook.com\/groups\/5261880558\/?locale=fr_FR","article_published_time":"2025-06-29T11:04:47+00:00","article_modified_time":"2025-10-15T01:25:53+00:00","og_image":[{"width":900,"height":506,"url":"https:\/\/centcols.org\/wp-content\/uploads\/2025\/06\/settons.jpg","type":"image\/jpeg"}],"author":"Webmestre","twitter_card":"summary_large_image","twitter_misc":{"Escrito por":"Webmestre","Tiempo de lectura":"2 minutos"},"schema":{"@context":"https:\/\/schema.org","@graph":[{"@type":"Article","@id":"https:\/\/centcols.org\/la-grande-traversee-du-massif-central-les-cols\/#article","isPartOf":{"@id":"https:\/\/centcols.org\/la-grande-traversee-du-massif-central-les-cols\/"},"author":{"name":"Webmestre","@id":"https:\/\/centcols.org\/#\/schema\/person\/911b404fb133d8c913dd27cdcf71c8e5"},"headline":"La grande travers\u00e9e du Massif Central : les cols","datePublished":"2025-06-29T11:04:47+00:00","dateModified":"2025-10-15T01:25:53+00:00","mainEntityOfPage":{"@id":"https:\/\/centcols.org\/la-grande-traversee-du-massif-central-les-cols\/"},"wordCount":289,"commentCount":0,"publisher":{"@id":"https:\/\/centcols.org\/#organization"},"image":{"@id":"https:\/\/centcols.org\/la-grande-traversee-du-massif-central-les-cols\/#primaryimage"},"thumbnailUrl":"https:\/\/centcols.org\/wp-content\/uploads\/2025\/06\/settons.jpg","articleSection":["Voyages"],"inLanguage":"es","potentialAction":[{"@type":"CommentAction","name":"Comment","target":["https:\/\/centcols.org\/la-grande-traversee-du-massif-central-les-cols\/#respond"]}]},{"@type":"WebPage","@id":"https:\/\/centcols.org\/la-grande-traversee-du-massif-central-les-cols\/","url":"https:\/\/centcols.org\/la-grande-traversee-du-massif-central-les-cols\/","name":"La gran traves\u00eda del Macizo Central: los puertos - Club des Cent Cols","isPartOf":{"@id":"https:\/\/centcols.org\/#website"},"primaryImageOfPage":{"@id":"https:\/\/centcols.org\/la-grande-traversee-du-massif-central-les-cols\/#primaryimage"},"image":{"@id":"https:\/\/centcols.org\/la-grande-traversee-du-massif-central-les-cols\/#primaryimage"},"thumbnailUrl":"https:\/\/centcols.org\/wp-content\/uploads\/2025\/06\/settons.jpg","datePublished":"2025-06-29T11:04:47+00:00","dateModified":"2025-10-15T01:25:53+00:00","breadcrumb":{"@id":"https:\/\/centcols.org\/la-grande-traversee-du-massif-central-les-cols\/#breadcrumb"},"inLanguage":"es","potentialAction":[{"@type":"ReadAction","target":["https:\/\/centcols.org\/la-grande-traversee-du-massif-central-les-cols\/"]}]},{"@type":"ImageObject","inLanguage":"es","@id":"https:\/\/centcols.org\/la-grande-traversee-du-massif-central-les-cols\/#primaryimage","url":"https:\/\/centcols.org\/wp-content\/uploads\/2025\/06\/settons.jpg","contentUrl":"https:\/\/centcols.org\/wp-content\/uploads\/2025\/06\/settons.jpg","width":900,"height":506,"caption":"lac des Settons"},{"@type":"BreadcrumbList","@id":"https:\/\/centcols.org\/la-grande-traversee-du-massif-central-les-cols\/#breadcrumb","itemListElement":[{"@type":"ListItem","position":1,"name":"Accueil","item":"https:\/\/centcols.org\/"},{"@type":"ListItem","position":2,"name":"Gazette","item":"https:\/\/centcols.org\/rubrique\/gazette\/"},{"@type":"ListItem","position":3,"name":"Voyages","item":"https:\/\/centcols.org\/rubrique\/gazette\/voyages\/"},{"@type":"ListItem","position":4,"name":"La grande travers\u00e9e du Massif Central : les cols"}]},{"@type":"WebSite","@id":"https:\/\/centcols.org\/#website","url":"https:\/\/centcols.org\/","name":"Club des Cent Cols","description":"","publisher":{"@id":"https:\/\/centcols.org\/#organization"},"potentialAction":[{"@type":"SearchAction","target":{"@type":"EntryPoint","urlTemplate":"https:\/\/centcols.org\/?s={search_term_string}"},"query-input":{"@type":"PropertyValueSpecification","valueRequired":true,"valueName":"search_term_string"}}],"inLanguage":"es"},{"@type":"Organization","@id":"https:\/\/centcols.org\/#organization","name":"Club des Cent Cols","url":"https:\/\/centcols.org\/","logo":{"@type":"ImageObject","inLanguage":"es","@id":"https:\/\/centcols.org\/#\/schema\/logo\/image\/","url":"https:\/\/centcols.org\/wp-content\/uploads\/2025\/01\/carte-icone.png","contentUrl":"https:\/\/centcols.org\/wp-content\/uploads\/2025\/01\/carte-icone.png","width":250,"height":250,"caption":"Club des Cent Cols"},"image":{"@id":"https:\/\/centcols.org\/#\/schema\/logo\/image\/"},"sameAs":["https:\/\/www.facebook.com\/groups\/5261880558\/?locale=fr_FR"]},{"@type":"Person","@id":"https:\/\/centcols.org\/#\/schema\/person\/911b404fb133d8c913dd27cdcf71c8e5","name":"Webmaster","image":{"@type":"ImageObject","inLanguage":"es","@id":"https:\/\/centcols.org\/wp-content\/litespeed\/avatar\/2d246e4b6b4f773e08515e1ffc53690b.jpg?ver=1777222892","url":"https:\/\/centcols.org\/wp-content\/litespeed\/avatar\/2d246e4b6b4f773e08515e1ffc53690b.jpg?ver=1777222892","contentUrl":"https:\/\/centcols.org\/wp-content\/litespeed\/avatar\/2d246e4b6b4f773e08515e1ffc53690b.jpg?ver=1777222892","caption":"Webmestre"},"url":"https:\/\/centcols.org\/es\/author\/webmestre\/"}]}},"_links":{"self":[{"href":"https:\/\/centcols.org\/es\/wp-json\/wp\/v2\/posts\/84476","targetHints":{"allow":["GET"]}}],"collection":[{"href":"https:\/\/centcols.org\/es\/wp-json\/wp\/v2\/posts"}],"about":[{"href":"https:\/\/centcols.org\/es\/wp-json\/wp\/v2\/types\/post"}],"author":[{"embeddable":true,"href":"https:\/\/centcols.org\/es\/wp-json\/wp\/v2\/users\/3"}],"replies":[{"embeddable":true,"href":"https:\/\/centcols.org\/es\/wp-json\/wp\/v2\/comments?post=84476"}],"version-history":[{"count":0,"href":"https:\/\/centcols.org\/es\/wp-json\/wp\/v2\/posts\/84476\/revisions"}],"wp:featuredmedia":[{"embeddable":true,"href":"https:\/\/centcols.org\/es\/wp-json\/wp\/v2\/media\/84490"}],"wp:attachment":[{"href":"https:\/\/centcols.org\/es\/wp-json\/wp\/v2\/media?parent=84476"}],"wp:term":[{"taxonomy":"category","embeddable":true,"href":"https:\/\/centcols.org\/es\/wp-json\/wp\/v2\/categories?post=84476"},{"taxonomy":"post_tag","embeddable":true,"href":"https:\/\/centcols.org\/es\/wp-json\/wp\/v2\/tags?post=84476"}],"curies":[{"name":"wp","href":"https:\/\/api.w.org\/{rel}","templated":true}]}}