{"id":84764,"date":"2025-03-09T23:18:00","date_gmt":"2025-03-09T21:18:00","guid":{"rendered":"https:\/\/centcols.org\/?p=84764"},"modified":"2025-07-09T23:21:11","modified_gmt":"2025-07-09T21:21:11","slug":"el-club-tiene-un-nuevo-logotipo","status":"publish","type":"post","link":"https:\/\/centcols.org\/es\/le-club-se-dote-dun-nouveau-logo\/","title":{"rendered":"El club estrena logotipo"},"content":{"rendered":"<div class=\"wp-block-image\">\n<figure class=\"aligncenter size-full is-resized\"><img loading=\"lazy\" decoding=\"async\" width=\"712\" height=\"712\" src=\"https:\/\/centcols.org\/wp-content\/uploads\/2025\/07\/logo.jpg\" alt=\"\" class=\"wp-image-84765\" style=\"width:500px\" srcset=\"https:\/\/centcols.org\/wp-content\/uploads\/2025\/07\/logo.jpg 712w, https:\/\/centcols.org\/wp-content\/uploads\/2025\/07\/logo-150x150.jpg 150w\" sizes=\"auto, (max-width: 712px) 100vw, 712px\" \/><\/figure>\n<\/div>\n\n\n<p>La p\u00e1gina web actual del club cumplir\u00e1 10 a\u00f1os en 2025. Por razones de seguridad, de lentitud del sitio, para adaptarlo a las normas de navegaci\u00f3n y a los nuevos terminales (ordenadores, smartphones, etc.) que han evolucionado mucho desde su creaci\u00f3n, y para garantizar que est\u00e9 bien referenciado por los motores de b\u00fasqueda, la Junta Directiva ha decidido renovarlo. El nuevo sitio deber\u00eda estar listo en la primavera de 2025.<br>Nouvel \u0152il de Chamb\u00e9ry recibi\u00f3 el encargo de redise\u00f1ar la web tras una cuidadosa evaluaci\u00f3n de las ofertas recibidas a petici\u00f3n nuestra.<br>El nuevo sitio web tendr\u00e1 un aspecto gr\u00e1fico nuevo y moderno, por lo que parec\u00eda apropiado cambiar tambi\u00e9n el logotipo del club.<br>Durante los debates, se acord\u00f3 por unanimidad dise\u00f1ar un nuevo logotipo del club por las siguientes razones:<\/p>\n\n\n\n<ul class=\"wp-block-list\">\n<li>Falta el elemento esencial para un club de ciclismo de monta\u00f1a: \u00a1la bicicleta!<\/li>\n\n\n\n<li>El logotipo tiene 30 a\u00f1os y ya no responde a los criterios est\u00e9ticos actuales.<\/li>\n\n\n\n<li>Un logotipo modernizado rejuvenecer\u00e1 la imagen del Club y resultar\u00e1 m\u00e1s atractivo para nuestros objetivos potenciales.<br>El comit\u00e9 encargado de redise\u00f1ar la web llev\u00f3 a cabo un largo y minucioso proyecto, que permiti\u00f3 al Consejo aprobar el nuevo logotipo en su reuni\u00f3n del 8 de febrero de 2025.<\/li>\n<\/ul>\n\n\n\n<p>Se han tenido en cuenta aspectos importantes:<\/p>\n\n\n\n<ul class=\"wp-block-list\">\n<li>Legibilidad y depuraci\u00f3n<\/li>\n\n\n\n<li>El dise\u00f1o de este logotipo es minimalista, lo que lo hace reconocible al instante, incluso a peque\u00f1o tama\u00f1o. Las formas sencillas y los colores claros facilitan su lectura, ya sea en una pantalla o impreso en un soporte f\u00edsico (papel, textil, golosinas).<\/li>\n\n\n\n<li>Adaptabilidad a los medios de comunicaci\u00f3n<\/li>\n\n\n\n<li>Este logotipo se ha dise\u00f1ado para adaptarse de forma \u00f3ptima a una gran variedad de soportes: sitios web, ropa, folletos, se\u00f1alizaci\u00f3n e incluso productos derivados, como botellas de agua y gorras. Su elegante dise\u00f1o permite reproducirlo fielmente en monocromo, lo que supone una gran ventaja para aplicaciones econ\u00f3micas o t\u00e9cnicas (sellos, grabados, etc.).<\/li>\n\n\n\n<li>Identidad visual duradera El logotipo se dise\u00f1\u00f3 y estableci\u00f3 utilizando formas geom\u00e9tricas sencillas y tipograf\u00eda moderna. Estas elecciones est\u00e9ticas le confieren atemporalidad y alineaci\u00f3n con las tendencias gr\u00e1ficas actuales y futuras.<\/li>\n\n\n\n<li>Uso para un logotipo y una marca fuertes<br>El logotipo est\u00e1 dise\u00f1ado para servir de elemento de identidad de la marca. Su sencillez lo hace f\u00e1cil de recordar para el p\u00fablico.<\/li>\n\n\n\n<li>Coherencia con el Club des Cent Cols<br>El Club des Cent Cols necesitaba un logotipo que encarnara la sencillez y la elegancia del ciclismo sin dejar de ser funcional para un p\u00fablico diverso. El logotipo respeta esta misi\u00f3n gracias a :<br>- Su aspecto moderno, que atrae a j\u00f3venes ciclistas respetando los valores tradicionales del club.<br>- Una estructura clara que destaca el mensaje por excelencia (ciclismo y monta\u00f1a).\n<ul class=\"wp-block-list\">\n<li>Se han identificado las siguientes caracter\u00edsticas del Club des Cent Cols:<br>Puertos de monta\u00f1a<br>Ciclistas en bicicleta<br>Un camino que conduce a un puerto<\/li>\n<\/ul>\n<\/li>\n\n\n\n<li>Se decidi\u00f3 utilizar dos ciclistas de ambos sexos. Ambos llevan casco para recordar la importancia de la seguridad en bicicleta. Para darle el reconocimiento que merece, se decidi\u00f3 poner a la mujer en primer plano. Es f\u00e1cilmente reconocible por la coleta que sobresale de su casco.<\/li>\n<\/ul>\n\n\n\n<p>Enrico Alberini<br>Presidente del Club des Cent Cols<\/p>","protected":false},"excerpt":{"rendered":"<p>Le site internet actuel du club va avoir 10 ans en 2025. Pour des raisons de s\u00e9curit\u00e9, de lenteur du site, pour l\u2019adapter aux standards de navigation et aux nouveaux terminaux (ordinateurs, Smartphones\u2026) qui ont bien \u00e9volu\u00e9 depuis sa cr\u00e9ation et afin qu\u2019il soit bien r\u00e9f\u00e9renc\u00e9 par les moteurs de recherche, le CA a pris [&hellip;]<\/p>\n","protected":false},"author":3,"featured_media":84765,"comment_status":"closed","ping_status":"closed","sticky":false,"template":"","format":"standard","meta":{"_acf_changed":false,"footnotes":""},"categories":[143],"tags":[],"class_list":["post-84764","post","type-post","status-publish","format-standard","has-post-thumbnail","hentry","category-actus-club"],"acf":[],"yoast_head":"<!-- This site is optimized with the Yoast SEO plugin v27.2 - https:\/\/yoast.com\/product\/yoast-seo-wordpress\/ -->\n<title>Le club se dote d\u2019un nouveau logo - Club des Cent Cols<\/title>\n<meta name=\"robots\" content=\"index, follow, max-snippet:-1, max-image-preview:large, max-video-preview:-1\" \/>\n<link rel=\"canonical\" href=\"https:\/\/centcols.org\/es\/el-club-tiene-un-nuevo-logotipo\/\" \/>\n<meta property=\"og:locale\" content=\"es_ES\" \/>\n<meta property=\"og:type\" content=\"article\" \/>\n<meta property=\"og:title\" content=\"Le club se dote d\u2019un nouveau logo - Club des Cent Cols\" \/>\n<meta property=\"og:description\" content=\"Le site internet actuel du club va avoir 10 ans en 2025. Pour des raisons de s\u00e9curit\u00e9, de lenteur du site, pour l\u2019adapter aux standards de navigation et aux nouveaux terminaux (ordinateurs, Smartphones\u2026) qui ont bien \u00e9volu\u00e9 depuis sa cr\u00e9ation et afin qu\u2019il soit bien r\u00e9f\u00e9renc\u00e9 par les moteurs de recherche, le CA a pris [&hellip;]\" \/>\n<meta property=\"og:url\" content=\"https:\/\/centcols.org\/es\/el-club-tiene-un-nuevo-logotipo\/\" \/>\n<meta property=\"og:site_name\" content=\"Club des Cent Cols\" \/>\n<meta property=\"article:publisher\" content=\"https:\/\/www.facebook.com\/groups\/5261880558\/?locale=fr_FR\" \/>\n<meta property=\"article:published_time\" content=\"2025-03-09T21:18:00+00:00\" \/>\n<meta property=\"article:modified_time\" content=\"2025-07-09T21:21:11+00:00\" \/>\n<meta property=\"og:image\" content=\"https:\/\/centcols.org\/wp-content\/uploads\/2025\/07\/logo.jpg\" \/>\n\t<meta property=\"og:image:width\" content=\"712\" \/>\n\t<meta property=\"og:image:height\" content=\"712\" \/>\n\t<meta property=\"og:image:type\" content=\"image\/jpeg\" \/>\n<meta name=\"author\" content=\"Webmestre\" \/>\n<meta name=\"twitter:card\" content=\"summary_large_image\" \/>\n<meta name=\"twitter:label1\" content=\"Escrito por\" \/>\n\t<meta name=\"twitter:data1\" content=\"Webmestre\" \/>\n\t<meta name=\"twitter:label2\" content=\"Tiempo de lectura\" \/>\n\t<meta name=\"twitter:data2\" content=\"4 minutos\" \/>\n<script type=\"application\/ld+json\" class=\"yoast-schema-graph\">{\"@context\":\"https:\/\/schema.org\",\"@graph\":[{\"@type\":\"Article\",\"@id\":\"https:\/\/centcols.org\/le-club-se-dote-dun-nouveau-logo\/#article\",\"isPartOf\":{\"@id\":\"https:\/\/centcols.org\/le-club-se-dote-dun-nouveau-logo\/\"},\"author\":{\"name\":\"Webmestre\",\"@id\":\"https:\/\/centcols.org\/#\/schema\/person\/911b404fb133d8c913dd27cdcf71c8e5\"},\"headline\":\"Le club se dote d\u2019un nouveau logo\",\"datePublished\":\"2025-03-09T21:18:00+00:00\",\"dateModified\":\"2025-07-09T21:21:11+00:00\",\"mainEntityOfPage\":{\"@id\":\"https:\/\/centcols.org\/le-club-se-dote-dun-nouveau-logo\/\"},\"wordCount\":605,\"publisher\":{\"@id\":\"https:\/\/centcols.org\/#organization\"},\"image\":{\"@id\":\"https:\/\/centcols.org\/le-club-se-dote-dun-nouveau-logo\/#primaryimage\"},\"thumbnailUrl\":\"https:\/\/centcols.org\/wp-content\/uploads\/2025\/07\/logo.jpg\",\"articleSection\":[\"Actus-Club\"],\"inLanguage\":\"es\"},{\"@type\":\"WebPage\",\"@id\":\"https:\/\/centcols.org\/le-club-se-dote-dun-nouveau-logo\/\",\"url\":\"https:\/\/centcols.org\/le-club-se-dote-dun-nouveau-logo\/\",\"name\":\"Le club se dote d\u2019un nouveau logo - Club des Cent Cols\",\"isPartOf\":{\"@id\":\"https:\/\/centcols.org\/#website\"},\"primaryImageOfPage\":{\"@id\":\"https:\/\/centcols.org\/le-club-se-dote-dun-nouveau-logo\/#primaryimage\"},\"image\":{\"@id\":\"https:\/\/centcols.org\/le-club-se-dote-dun-nouveau-logo\/#primaryimage\"},\"thumbnailUrl\":\"https:\/\/centcols.org\/wp-content\/uploads\/2025\/07\/logo.jpg\",\"datePublished\":\"2025-03-09T21:18:00+00:00\",\"dateModified\":\"2025-07-09T21:21:11+00:00\",\"breadcrumb\":{\"@id\":\"https:\/\/centcols.org\/le-club-se-dote-dun-nouveau-logo\/#breadcrumb\"},\"inLanguage\":\"es\",\"potentialAction\":[{\"@type\":\"ReadAction\",\"target\":[\"https:\/\/centcols.org\/le-club-se-dote-dun-nouveau-logo\/\"]}]},{\"@type\":\"ImageObject\",\"inLanguage\":\"es\",\"@id\":\"https:\/\/centcols.org\/le-club-se-dote-dun-nouveau-logo\/#primaryimage\",\"url\":\"https:\/\/centcols.org\/wp-content\/uploads\/2025\/07\/logo.jpg\",\"contentUrl\":\"https:\/\/centcols.org\/wp-content\/uploads\/2025\/07\/logo.jpg\",\"width\":712,\"height\":712},{\"@type\":\"BreadcrumbList\",\"@id\":\"https:\/\/centcols.org\/le-club-se-dote-dun-nouveau-logo\/#breadcrumb\",\"itemListElement\":[{\"@type\":\"ListItem\",\"position\":1,\"name\":\"Accueil\",\"item\":\"https:\/\/centcols.org\/\"},{\"@type\":\"ListItem\",\"position\":2,\"name\":\"Gazette\",\"item\":\"https:\/\/centcols.org\/rubrique\/gazette\/\"},{\"@type\":\"ListItem\",\"position\":3,\"name\":\"Actus-Club\",\"item\":\"https:\/\/centcols.org\/rubrique\/gazette\/actus-club\/\"},{\"@type\":\"ListItem\",\"position\":4,\"name\":\"Le club se dote d\u2019un nouveau logo\"}]},{\"@type\":\"WebSite\",\"@id\":\"https:\/\/centcols.org\/#website\",\"url\":\"https:\/\/centcols.org\/\",\"name\":\"Club des Cent Cols\",\"description\":\"\",\"publisher\":{\"@id\":\"https:\/\/centcols.org\/#organization\"},\"potentialAction\":[{\"@type\":\"SearchAction\",\"target\":{\"@type\":\"EntryPoint\",\"urlTemplate\":\"https:\/\/centcols.org\/?s={search_term_string}\"},\"query-input\":{\"@type\":\"PropertyValueSpecification\",\"valueRequired\":true,\"valueName\":\"search_term_string\"}}],\"inLanguage\":\"es\"},{\"@type\":\"Organization\",\"@id\":\"https:\/\/centcols.org\/#organization\",\"name\":\"Club des Cent Cols\",\"url\":\"https:\/\/centcols.org\/\",\"logo\":{\"@type\":\"ImageObject\",\"inLanguage\":\"es\",\"@id\":\"https:\/\/centcols.org\/#\/schema\/logo\/image\/\",\"url\":\"https:\/\/centcols.org\/wp-content\/uploads\/2025\/01\/carte-icone.png\",\"contentUrl\":\"https:\/\/centcols.org\/wp-content\/uploads\/2025\/01\/carte-icone.png\",\"width\":250,\"height\":250,\"caption\":\"Club des Cent Cols\"},\"image\":{\"@id\":\"https:\/\/centcols.org\/#\/schema\/logo\/image\/\"},\"sameAs\":[\"https:\/\/www.facebook.com\/groups\/5261880558\/?locale=fr_FR\"]},{\"@type\":\"Person\",\"@id\":\"https:\/\/centcols.org\/#\/schema\/person\/911b404fb133d8c913dd27cdcf71c8e5\",\"name\":\"Webmestre\",\"image\":{\"@type\":\"ImageObject\",\"inLanguage\":\"es\",\"@id\":\"https:\/\/centcols.org\/wp-content\/litespeed\/avatar\/2d246e4b6b4f773e08515e1ffc53690b.jpg?ver=1777222892\",\"url\":\"https:\/\/centcols.org\/wp-content\/litespeed\/avatar\/2d246e4b6b4f773e08515e1ffc53690b.jpg?ver=1777222892\",\"contentUrl\":\"https:\/\/centcols.org\/wp-content\/litespeed\/avatar\/2d246e4b6b4f773e08515e1ffc53690b.jpg?ver=1777222892\",\"caption\":\"Webmestre\"},\"url\":\"https:\/\/centcols.org\/es\/author\/webmestre\/\"}]}<\/script>\n<!-- \/ Yoast SEO plugin. -->","yoast_head_json":{"title":"El club tiene un nuevo logotipo - Club des Cent Cols","robots":{"index":"index","follow":"follow","max-snippet":"max-snippet:-1","max-image-preview":"max-image-preview:large","max-video-preview":"max-video-preview:-1"},"canonical":"https:\/\/centcols.org\/es\/el-club-tiene-un-nuevo-logotipo\/","og_locale":"es_ES","og_type":"article","og_title":"Le club se dote d\u2019un nouveau logo - Club des Cent Cols","og_description":"Le site internet actuel du club va avoir 10 ans en 2025. Pour des raisons de s\u00e9curit\u00e9, de lenteur du site, pour l\u2019adapter aux standards de navigation et aux nouveaux terminaux (ordinateurs, Smartphones\u2026) qui ont bien \u00e9volu\u00e9 depuis sa cr\u00e9ation et afin qu\u2019il soit bien r\u00e9f\u00e9renc\u00e9 par les moteurs de recherche, le CA a pris [&hellip;]","og_url":"https:\/\/centcols.org\/es\/el-club-tiene-un-nuevo-logotipo\/","og_site_name":"Club des Cent Cols","article_publisher":"https:\/\/www.facebook.com\/groups\/5261880558\/?locale=fr_FR","article_published_time":"2025-03-09T21:18:00+00:00","article_modified_time":"2025-07-09T21:21:11+00:00","og_image":[{"width":712,"height":712,"url":"https:\/\/centcols.org\/wp-content\/uploads\/2025\/07\/logo.jpg","type":"image\/jpeg"}],"author":"Webmestre","twitter_card":"summary_large_image","twitter_misc":{"Escrito por":"Webmestre","Tiempo de lectura":"4 minutos"},"schema":{"@context":"https:\/\/schema.org","@graph":[{"@type":"Article","@id":"https:\/\/centcols.org\/le-club-se-dote-dun-nouveau-logo\/#article","isPartOf":{"@id":"https:\/\/centcols.org\/le-club-se-dote-dun-nouveau-logo\/"},"author":{"name":"Webmestre","@id":"https:\/\/centcols.org\/#\/schema\/person\/911b404fb133d8c913dd27cdcf71c8e5"},"headline":"Le club se dote d\u2019un nouveau logo","datePublished":"2025-03-09T21:18:00+00:00","dateModified":"2025-07-09T21:21:11+00:00","mainEntityOfPage":{"@id":"https:\/\/centcols.org\/le-club-se-dote-dun-nouveau-logo\/"},"wordCount":605,"publisher":{"@id":"https:\/\/centcols.org\/#organization"},"image":{"@id":"https:\/\/centcols.org\/le-club-se-dote-dun-nouveau-logo\/#primaryimage"},"thumbnailUrl":"https:\/\/centcols.org\/wp-content\/uploads\/2025\/07\/logo.jpg","articleSection":["Actus-Club"],"inLanguage":"es"},{"@type":"WebPage","@id":"https:\/\/centcols.org\/le-club-se-dote-dun-nouveau-logo\/","url":"https:\/\/centcols.org\/le-club-se-dote-dun-nouveau-logo\/","name":"El club tiene un nuevo logotipo - Club des Cent Cols","isPartOf":{"@id":"https:\/\/centcols.org\/#website"},"primaryImageOfPage":{"@id":"https:\/\/centcols.org\/le-club-se-dote-dun-nouveau-logo\/#primaryimage"},"image":{"@id":"https:\/\/centcols.org\/le-club-se-dote-dun-nouveau-logo\/#primaryimage"},"thumbnailUrl":"https:\/\/centcols.org\/wp-content\/uploads\/2025\/07\/logo.jpg","datePublished":"2025-03-09T21:18:00+00:00","dateModified":"2025-07-09T21:21:11+00:00","breadcrumb":{"@id":"https:\/\/centcols.org\/le-club-se-dote-dun-nouveau-logo\/#breadcrumb"},"inLanguage":"es","potentialAction":[{"@type":"ReadAction","target":["https:\/\/centcols.org\/le-club-se-dote-dun-nouveau-logo\/"]}]},{"@type":"ImageObject","inLanguage":"es","@id":"https:\/\/centcols.org\/le-club-se-dote-dun-nouveau-logo\/#primaryimage","url":"https:\/\/centcols.org\/wp-content\/uploads\/2025\/07\/logo.jpg","contentUrl":"https:\/\/centcols.org\/wp-content\/uploads\/2025\/07\/logo.jpg","width":712,"height":712},{"@type":"BreadcrumbList","@id":"https:\/\/centcols.org\/le-club-se-dote-dun-nouveau-logo\/#breadcrumb","itemListElement":[{"@type":"ListItem","position":1,"name":"Accueil","item":"https:\/\/centcols.org\/"},{"@type":"ListItem","position":2,"name":"Gazette","item":"https:\/\/centcols.org\/rubrique\/gazette\/"},{"@type":"ListItem","position":3,"name":"Actus-Club","item":"https:\/\/centcols.org\/rubrique\/gazette\/actus-club\/"},{"@type":"ListItem","position":4,"name":"Le club se dote d\u2019un nouveau logo"}]},{"@type":"WebSite","@id":"https:\/\/centcols.org\/#website","url":"https:\/\/centcols.org\/","name":"Club des Cent Cols","description":"","publisher":{"@id":"https:\/\/centcols.org\/#organization"},"potentialAction":[{"@type":"SearchAction","target":{"@type":"EntryPoint","urlTemplate":"https:\/\/centcols.org\/?s={search_term_string}"},"query-input":{"@type":"PropertyValueSpecification","valueRequired":true,"valueName":"search_term_string"}}],"inLanguage":"es"},{"@type":"Organization","@id":"https:\/\/centcols.org\/#organization","name":"Club des Cent Cols","url":"https:\/\/centcols.org\/","logo":{"@type":"ImageObject","inLanguage":"es","@id":"https:\/\/centcols.org\/#\/schema\/logo\/image\/","url":"https:\/\/centcols.org\/wp-content\/uploads\/2025\/01\/carte-icone.png","contentUrl":"https:\/\/centcols.org\/wp-content\/uploads\/2025\/01\/carte-icone.png","width":250,"height":250,"caption":"Club des Cent Cols"},"image":{"@id":"https:\/\/centcols.org\/#\/schema\/logo\/image\/"},"sameAs":["https:\/\/www.facebook.com\/groups\/5261880558\/?locale=fr_FR"]},{"@type":"Person","@id":"https:\/\/centcols.org\/#\/schema\/person\/911b404fb133d8c913dd27cdcf71c8e5","name":"Webmaster","image":{"@type":"ImageObject","inLanguage":"es","@id":"https:\/\/centcols.org\/wp-content\/litespeed\/avatar\/2d246e4b6b4f773e08515e1ffc53690b.jpg?ver=1777222892","url":"https:\/\/centcols.org\/wp-content\/litespeed\/avatar\/2d246e4b6b4f773e08515e1ffc53690b.jpg?ver=1777222892","contentUrl":"https:\/\/centcols.org\/wp-content\/litespeed\/avatar\/2d246e4b6b4f773e08515e1ffc53690b.jpg?ver=1777222892","caption":"Webmestre"},"url":"https:\/\/centcols.org\/es\/author\/webmestre\/"}]}},"_links":{"self":[{"href":"https:\/\/centcols.org\/es\/wp-json\/wp\/v2\/posts\/84764","targetHints":{"allow":["GET"]}}],"collection":[{"href":"https:\/\/centcols.org\/es\/wp-json\/wp\/v2\/posts"}],"about":[{"href":"https:\/\/centcols.org\/es\/wp-json\/wp\/v2\/types\/post"}],"author":[{"embeddable":true,"href":"https:\/\/centcols.org\/es\/wp-json\/wp\/v2\/users\/3"}],"replies":[{"embeddable":true,"href":"https:\/\/centcols.org\/es\/wp-json\/wp\/v2\/comments?post=84764"}],"version-history":[{"count":0,"href":"https:\/\/centcols.org\/es\/wp-json\/wp\/v2\/posts\/84764\/revisions"}],"wp:featuredmedia":[{"embeddable":true,"href":"https:\/\/centcols.org\/es\/wp-json\/wp\/v2\/media\/84765"}],"wp:attachment":[{"href":"https:\/\/centcols.org\/es\/wp-json\/wp\/v2\/media?parent=84764"}],"wp:term":[{"taxonomy":"category","embeddable":true,"href":"https:\/\/centcols.org\/es\/wp-json\/wp\/v2\/categories?post=84764"},{"taxonomy":"post_tag","embeddable":true,"href":"https:\/\/centcols.org\/es\/wp-json\/wp\/v2\/tags?post=84764"}],"curies":[{"name":"wp","href":"https:\/\/api.w.org\/{rel}","templated":true}]}}