{"id":84816,"date":"2025-02-01T10:03:02","date_gmt":"2025-02-01T08:03:02","guid":{"rendered":"https:\/\/centcols.org\/?p=84816"},"modified":"2025-10-15T03:27:25","modified_gmt":"2025-10-15T01:27:25","slug":"lalpine-thonon-antibes-jean-marc-lefevre-cc-3331","status":"publish","type":"post","link":"https:\/\/centcols.org\/es\/lalpine-thonon-antibes-jean-marc-lefevre-cc-3331\/","title":{"rendered":"Los Alpes: Thonon-Antibes (Jean-Marc Lef\u00e8vre, CC 3331)"},"content":{"rendered":"<h2 class=\"wp-block-heading\">Pr\u00f3logo<\/h2>\n\n\n\n<p>El lunes 5 de agosto de 2002 lleg\u00f3 por fin ese d\u00eda tan esperado.<\/p>\n\n\n\n<p>\u00a06 meses Todos los d\u00edas, durante los \u00faltimos 6 meses, he estado consultando los mapas, trazando, modificando y consultando mi documentaci\u00f3n. 6 meses preparando este viaje. 6 largos meses esperando, so\u00f1ando c\u00f3mo ser\u00e1 esta nueva aventura sobre mi moto. Se suele decir que un viaje se vive antes, durante y despu\u00e9s. Tal vez, \u00a1pero yo prefiero mucho m\u00e1s la fase que empieza hoy!... \u00a1y hoy salimos de nuevo para 12 etapas en los Alpes!<\/p>\n\n\n\n<p>Qu\u00e9 alegr\u00eda colgar las alforjas en la bici, qu\u00e9 alegr\u00eda subirse a la bici, poner el ordenador a cero, se\u00f1alar el cuaderno de bit\u00e1cora y decir:<\/p>\n\n\n\n<p><strong><em>-\u00ab \u00a1Esta vez me voy!...\u00bb<\/em><\/strong><\/p>\n\n\n\n<p>3<sup>th<\/sup> parte de mi gran aventura alpina, el Tour Alpino Thonon-Antibes es el punto culminante de mi temporada 2002. A decir verdad, fue el 3<sup>th<\/sup> intento. El primero en 1988 fracas\u00f3 en Brian\u00e7on, el cansancio, la longitud de las etapas, la moral baja, abandon\u00e9 con el coraz\u00f3n encogido (un error de juventud sin duda).<\/p>\n\n\n\n<p>El segundo intento, que ni siquiera vio la luz sobre la moto, sino s\u00f3lo en mi cabeza y sobre el papel (v\u00e9ase mi informe sobre <a href=\"file:\/\/\/E:\/Documents\/Mes%20sites%20Web\/Pour%20site%20Cent%20Cols\/pour%20nouveau%20site\/Voyages\/thonon-antibes\/thonon-antibes.htm\">Thonon-Antibes<\/a> a trav\u00e9s de los Prealpes). Pero este a\u00f1o estoy decidido a llegar hasta el final y cruzar los Alpes.<\/p>\n\n\n\n<h2 class=\"wp-block-heading\">salida<\/h2>\n\n\n\n<figure class=\"wp-block-image size-full\"><img loading=\"lazy\" decoding=\"async\" width=\"451\" height=\"304\" src=\"https:\/\/centcols.org\/wp-content\/uploads\/2025\/07\/image001.jpg\" alt=\"\" class=\"wp-image-84819\"\/><\/figure>\n\n\n\n<p>La 1<sup>i\u00e8re<\/sup> a etapa Thonon-Megeve, de 109 km, se desarrollar\u00e1 en un escenario que puede no ser familiar, pero que conozco. Los puertos de Moise, Terramont y Jambaz me recuerdan el reciente brevet du Chablais que hice en junio con 2 amigos.<\/p>\n\n\n\n<p>La primera dificultad del d\u00eda fue el Col de la Ramaz, que me pareci\u00f3 interminable y no estaba en muy buena forma. Almorc\u00e9 en Praz de Lys, donde comet\u00ed el error de comer en la terraza; hac\u00eda fr\u00edo y me estaba congelando. El descenso del terrible Col de Savoli\u00e8re no me hizo entrar en calor. Eran las 17.30 cuando llegu\u00e9 a Meg\u00e8ve y el tiempo estaba empeorando seriamente, con tormentas y lluvias torrenciales.<\/p>\n\n\n\n<h3 class=\"wp-block-heading\"><strong>\u00a1Es tan bueno estar de vuelta en el hotel esta noche!<\/strong><\/h3>\n\n\n\n<figure class=\"wp-block-image size-full\"><img loading=\"lazy\" decoding=\"async\" width=\"449\" height=\"303\" src=\"https:\/\/centcols.org\/wp-content\/uploads\/2025\/07\/image003.jpg\" alt=\"\" class=\"wp-image-84821\"\/><\/figure>\n\n\n\n<h2 class=\"wp-block-heading\">Tiempo caprichoso<\/h2>\n\n\n\n<p>Para la segunda etapa hab\u00eda planeado ir de Meg\u00e8ve a Bonneval\/Arc, pero el tiempo decidir\u00eda otra cosa.<\/p>\n\n\n\n<p>Empiezo temprano, a las 6.15, y tras un buen desayuno en mi habitaci\u00f3n, salgo del <em>\u00ab Chalet de l'Ancolie\u00bb<\/em> bonito hotel de monta\u00f1a. A\u00fan no llueve, pero pronto lo har\u00e1.<\/p>\n\n\n\n<p>El ascenso al Col des Saisies fue en seco, y los 12 km de subida se hicieron en la calma de la ma\u00f1ana, sin ruido, s\u00f3lo con el traqueteo de mi bicicleta, lo cual fue agradable. La bajada, sin embargo, fue completamente diferente, ya que la lluvia apenas empezaba a hacer acto de presencia, seguida en breve por una tormenta. Me detuve para ponerme mi \u00abropa de lluvia\u00bb, es decir, mi goretex, mis botas de agua y mis mallas; en resumen, la ropa de invierno era de rigor.<\/p>\n\n\n\n<p>Desayun\u00e9 en Beaufort, donde los clientes del bistr\u00f3 se mostraron compasivos y el calor del lugar me sent\u00f3 de maravilla. La subida a Ar\u00eaches est\u00e1 pasada por agua, al igual que el Col du Pr\u00e9, con su fuerte pendiente (10 % en 7 km). Me alegro de ver la se\u00f1al de la cima.<\/p>\n\n\n\n<figure class=\"wp-block-image size-full\"><img loading=\"lazy\" decoding=\"async\" width=\"451\" height=\"304\" src=\"https:\/\/centcols.org\/wp-content\/uploads\/2025\/07\/image007.jpg\" alt=\"\" class=\"wp-image-84822\"\/><\/figure>\n\n\n\n<p>Un ligero descenso hasta el Col de Meraillet, luego afronto el soberbio Col du Cormet de Roselend (1968m) sin lluvia, pero con mucho fr\u00edo. Despu\u00e9s de la foto de recuerdo ritual delante de la se\u00f1al de paso, comienzo el largo descenso hasta Bourg st Maurice. 20 km de deslizamiento, una delicia cuando hace calor, pero ahora apenas puedo accionar los frenos, mis dedos entumecidos me obligan a extremar la vigilancia. Llego a Bourg St Maurice poco despu\u00e9s de las 13h, con un fr\u00edo que pela. Tengo que comer, preferiblemente caliente. Tras algunas dudas, me dirijo a un bar. Nada m\u00e1s dejar la bicicleta delante del escaparate, otro ciclista, tambi\u00e9n con alforjas y montado en una magn\u00edfica Berthoud randonneuse, llega a mi lado. Al igual que yo, est\u00e1 muerto de fr\u00edo y no ve la hora de comer y entrar en calor.<\/p>\n\n\n\n<figure class=\"wp-block-image size-full\"><img loading=\"lazy\" decoding=\"async\" width=\"448\" height=\"303\" src=\"https:\/\/centcols.org\/wp-content\/uploads\/2025\/07\/image005.jpg\" alt=\"\" class=\"wp-image-84823\"\/><\/figure>\n\n\n\n<p>Le explico de d\u00f3nde soy, y me dice que ha empezado esta ma\u00f1ana, y que busca sobre todo las BPF porque est\u00e1 terminando este a\u00f1o el gran Brevet de Cyclotourisme.<\/p>\n\n\n\n<p>Nuestro hombre se llama Roger y tiene un f\u00edsico muy bonito. Enseguida me di cuenta de que era un aut\u00e9ntico excursionista, como a m\u00ed me gustan. Nos sentamos a la mesa del restaurante como viejos amigos y charlamos durante una buena hora, Roger explicando su viaje y yo el m\u00edo.<\/p>\n\n\n\n<h2 class=\"wp-block-heading\">La subida a Val d'Is\u00e8re<\/h2>\n\n\n\n<p>Compartimos la misma ruta durante un tiempo, y fue juntos como abordamos la mayor dificultad del d\u00eda, la subida a Val d'Is\u00e8re.<\/p>\n\n\n\n<p>El tiempo no ha mejorado, sigue lloviendo, pero a pesar de todo estoy en buena forma. Roger es m\u00e1s reservado, y se apresura a dec\u00edrmelo, como suele hacer en estos casos:<\/p>\n\n\n\n<p><em>-\u00ab  \u00a1Vamos, no me esperes, te ver\u00e9 all\u00ed arriba!\u00bb<\/em><\/p>\n\n\n\n<p>S\u00e9 por experiencia que en estos casos, esperar no es lo mejor. Roger, como yo, es un solitario, sube a su ritmo, y tener mi rueda a la vista le molesta, igual que a m\u00ed cuando estoy en la situaci\u00f3n contraria. Escucho a Roger, no le espero.<\/p>\n\n\n\n<p>31 km separan Bourg St Maurice de Val d'Is\u00e8re, 31 km de subida, f\u00e1cil al principio y cada vez m\u00e1s empinada al final. Pero el desnivel no es nada, es cosa de excursionistas de monta\u00f1a, para eso estamos aqu\u00ed, pero los coches, camiones, motos y autobuses, amigo m\u00edo, en la subida a Val d'Is\u00e8re son otra cosa. En 20 a\u00f1os de ciclismo, no recuerdo haber recorrido nunca una ruta tan ardua. Cuanto m\u00e1s subes, m\u00e1s fr\u00edo hace, m\u00e1s llueve, una mezcla de nieve derretida y lluvia, \u00a1puah!...<\/p>\n\n\n\n<p>Los \u00faltimos kil\u00f3metros son un aut\u00e9ntico horror? Conoc\u00eda el recorrido porque ya lo hab\u00eda hecho en coche y en bicicleta (randonn\u00e9e de l'Iseran en 1988), as\u00ed que sab\u00eda que al final me iba a encontrar con t\u00faneles. Una vez pasada la famosa presa de Tignes, empez\u00f3 la aventura y, para colmo, las obras de la carretera se interpusieron en el camino. Los t\u00faneles, poco o nada iluminados, son escalofriantes. <em>\u00ab\u00a1Tenemos que mover el culo!<\/em> Para a\u00f1adir un poco m\u00e1s de sordidez a este trayecto, los automovilistas se complacen en tocar el claxon en el t\u00fanel, que se est\u00e1 convirtiendo en una pesadilla. Ante todo, no gire, mant\u00e9ngase a la derecha, mire al frente, intente ver el final del t\u00fanel, salga r\u00e1pidamente y vuelva a empezar, ag\u00e1rrese a la bicicleta, pedalee, pedalee lo m\u00e1s r\u00e1pido que pueda para atravesar por fin este maldito pasadizo.<\/p>\n\n\n\n<p>Son las 18:15 cuando aparecen las primeras casas de Val d'Is\u00e8re.<\/p>\n\n\n\n<p>Esa subida fue realmente dura.<\/p>\n\n\n\n<h2 class=\"wp-block-heading\">\u00bfY Roger?<\/h2>\n\n\n\n<p>\u00a1Y Roger! \u00bfD\u00f3nde est\u00e1 Roger? \u00bfAtr\u00e1s o a unos cientos de metros? Le espero fuera del hotel durante unos minutos, pero tengo tantos escalofr\u00edos que desisto. Entro en el hotel y me meto en la ducha, esta vez caliente:<\/p>\n\n\n\n<h3 class=\"wp-block-heading\"><strong>\u00a1Dios, es bueno!...<\/strong><\/h3>\n\n\n\n<p>M\u00e1s tarde supe que Roger subi\u00f3 hasta Val d'Is\u00e8re, pero al no encontrar un hotel adecuado, volvi\u00f3 a bajar por los t\u00faneles hasta Tignes, donde le esperaba un albergue juvenil. T\u00fa lo has dicho <em>\u00ab\u00a1Fuerte el Roger!\u00bb<\/em><\/p>\n\n\n\n<p>Val d'Is\u00e8re es un lugar de vacaciones muy conocido, pero fr\u00edo a pesar de todo, no por su c\u00e1lida acogida, sino por su clima. Val d'Is\u00e8re est\u00e1 a 1.840 m de altitud, y hoy hace un fr\u00edo especial para ser 6 de agosto. El hotelero me dijo que la carretera de Is\u00e8re estaba cerrada por la nieve. S\u00ed, aunque hubiera querido subir habr\u00eda tenido que parar.<\/p>\n\n\n\n<p>Ma\u00f1ana ser\u00e1 de d\u00eda.<\/p>\n\n\n\n<h2 class=\"wp-block-heading\">L'iseran<\/h2>\n\n\n\n<p>La etapa arranc\u00f3 con fuerza y esper\u00e9 45 minutos en el vest\u00edbulo del hotel a que el director me soltara por fin la bicicleta. El d\u00eda anterior, hab\u00eda preparado una bandeja con el desayuno para salir temprano hacia el Iseran. Me hab\u00eda olvidado de que la moto estaba guardada, a buen recaudo, por supuesto, pero guardada al fin y al cabo.<\/p>\n\n\n\n<p>En cuanto salimos de Val d'Is\u00e8re, atacamos las laderas del Iseran. Anoche nev\u00f3 y hace mucho fr\u00edo, as\u00ed que sospecho que voy a tiritar all\u00ed arriba. La subida al Iseran (2764 m) por este lado de la monta\u00f1a no es muy dura, afortunadamente, porque por la ma\u00f1ana, con el fresco...<\/p>\n\n\n\n<p>Con muy poco tr\u00e1fico, y a\u00fan menos ciclistas (\u00bfning\u00fan Roger a la vista?) a 4 km de la cima, me abro paso entre la niebla y el fr\u00edo invernal. En el arc\u00e9n de la carretera hay se\u00f1ales: <em>\u00abcuidado con el hielo negro\u00bb,<\/em> Hay manchas de nieve por toda la carretera, lo que hace que el suelo est\u00e9 resbaladizo. Termino la subida en el <em>\u00abpur\u00e9 de guisantes\u00bb<\/em> terrible :<\/p>\n\n\n\n<p class=\"has-text-align-center\"><strong><em>\u00a1Eso s\u00ed que es un collar de verdad!...<\/em><\/strong><\/p>\n\n\n<div class=\"wp-block-image\">\n<figure class=\"aligncenter size-full\"><img loading=\"lazy\" decoding=\"async\" width=\"450\" height=\"303\" src=\"https:\/\/centcols.org\/wp-content\/uploads\/2025\/07\/image013.jpg\" alt=\"\" class=\"wp-image-84826\"\/><figcaption class=\"wp-element-caption\">Me hago la foto de recuerdo delante de la famosa se\u00f1al de direcci\u00f3n:<br><em>\u00abDerecha a Val d'Is\u00e8re, izquierda a Bonneval\u00bb.<\/em><\/figcaption><\/figure>\n<\/div>\n\n\n<p>Intento conseguir el sello de recuerdo en el restaurante. All\u00ed, 2 j\u00f3venes me dicen que el restaurante est\u00e1 cerrado y que no abre hasta las 10 de la ma\u00f1ana. No tengo ganas de esperar, la foto del cartel es m\u00e1s que suficiente.<\/p>\n\n\n\n<p>Los j\u00f3venes me ofrecen unos caramelos, me cambio y me pongo todo lo abrigado que tengo. Aqu\u00ed hace un grado a estas horas: <em>\u00a1Incre\u00edble!<\/em><\/p>\n\n\n\n<p>Los 2 chicos se fueron de excursi\u00f3n y pasaron la noche en la caba\u00f1a del telesilla, donde nev\u00f3 casi toda la noche. Grandes recuerdos para compartir.<\/p>\n\n\n<div class=\"wp-block-image\">\n<figure class=\"aligncenter size-full\"><img loading=\"lazy\" decoding=\"async\" width=\"450\" height=\"304\" src=\"https:\/\/centcols.org\/wp-content\/uploads\/2025\/07\/image035.jpg\" alt=\"\" class=\"wp-image-84827\"\/><\/figure>\n<\/div>\n\n\n<p>El descenso es g\u00e9lido, pero me alegro de llegar a Bonneval, luego es una subida f\u00e1cil hasta el Col de la Madeleine y el soleado final en Lanslevillard. Es un ajetreado d\u00eda de mercado. Sentado en la terraza de un caf\u00e9, es estupendo calentarse al sol, disfrutando de 1 caf\u00e9 y unos pasteles.<\/p>\n\n\n\n<h2 class=\"wp-block-heading\">En Italia<\/h2>\n\n\n\n<p>El Col du Mont Cenis marca el paso a Italia en este recorrido. La pendiente es pronunciada, pero el buen tiempo ha vuelto y el descenso por el lado italiano es una belleza.<\/p>\n\n\n<div class=\"wp-block-image\">\n<figure class=\"aligncenter size-full\"><img loading=\"lazy\" decoding=\"async\" width=\"300\" height=\"434\" src=\"https:\/\/centcols.org\/wp-content\/uploads\/2025\/07\/image015.jpg\" alt=\"\" class=\"wp-image-84829\"\/><figcaption class=\"wp-element-caption\">Descenso del Mont Cenis<\/figcaption><\/figure>\n<\/div>\n\n\n<p>El organizador ha hecho 2 propuestas:<\/p>\n\n\n\n<ul class=\"wp-block-list\">\n<li>O tome la cresta de la Assietta (una antigua carretera militar con vistas panor\u00e1micas, que alcanza alturas de 2.000 y m\u00e1s a lo largo de unos 40 km),<\/li>\n\n\n\n<li>O bien ir de Suza a Cesana Torinese por carretera. Opto por esta versi\u00f3n (m\u00e1s f\u00e1cil, m\u00e1s segura), reservando el tramo de cresta para otra ocasi\u00f3n, sin alforja...<\/li>\n<\/ul>\n\n\n\n<p>La carretera de Suza a Cesana tiene fama de ser muy transitada, pero en realidad no lo es tanto. El inconveniente son las obras en la carretera, que a veces estorban.<\/p>\n\n\n<div class=\"wp-block-image\">\n<figure class=\"aligncenter size-full\"><img loading=\"lazy\" decoding=\"async\" width=\"448\" height=\"302\" src=\"https:\/\/centcols.org\/wp-content\/uploads\/2025\/07\/image018.jpg\" alt=\"\" class=\"wp-image-84830\"\/><figcaption class=\"wp-element-caption\">Pasaje a Italia<\/figcaption><\/figure>\n<\/div>\n\n\n<p>La \u00faltima dificultad del d\u00eda es el Col de Montgen\u00e8vre, que se eleva hasta los 1850 m, y luego se llega a Brian\u00e7on, la ciudad m\u00e1s alta de Europa.<\/p>\n\n\n\n<h2 class=\"wp-block-heading\">\u00a1La sorpresa del d\u00eda!<\/h2>\n\n\n\n<p>Tras algunas vacilaciones (al final de la etapa, m\u00e1s vale no equivocarse en Brian\u00e7on, cuyas empinadas calles a veces se parecen a las de San Francisco), llego al H\u00f4tel de Paris. Estaba completo, as\u00ed que hice bien en reservar. Una buena ducha, una buena comida y, antes de acostarme, una \u00faltima bocanada de aire fresco y unos cuantos pasos (ideales para la digesti\u00f3n).<\/p>\n\n\n\n<p>Paso por delante del hotel, est\u00e1 oscuro, de repente veo el resplandor del faro de una bicicleta a unos metros, no, no puede ser verdad, <strong><em>\u00a1Es ROGER!<\/em><\/strong><\/p>\n\n\n\n<p>Son las 22.30 y Roger acaba de completar la etapa de Iseran.<\/p>\n\n\n\n<p>Est\u00e1 cansado, pero feliz y asombrado de encontrarme.<\/p>\n\n\n\n<ul class=\"wp-block-list\">\n<li>-\u00a0\u00a0\u00a0\u00a0\u00a0\u00a0\u00a0\u00a0 <em>\u00ab\u00bfD\u00f3nde dormir\u00e1s esta noche Roger?\u00bb<\/em><\/li>\n\n\n\n<li>-\u00a0\u00a0\u00a0\u00a0\u00a0\u00a0\u00a0\u00a0 <em>\u00abEl hotel est\u00e1 completo\u00bb, \u00abNo importa, \u00a1dormir\u00e9 frente a la estaci\u00f3n!\u00bb<\/em><\/li>\n\n\n\n<li>-\u00a0\u00a0\u00a0\u00a0\u00a0\u00a0\u00a0\u00a0 <em>\u00ab\u00a1NO! Vamos, tengo una idea.\u00bb<\/em><\/li>\n<\/ul>\n\n\n\n<p>Fui a ver a la directora del hotel, charl\u00e9 un poco, intent\u00e9 (f\u00e1cilmente) gan\u00e1rmela, y as\u00ed fue como Roger pas\u00f3 la noche en la habitaci\u00f3n especialmente reservada para las motos: estaba limpia, era c\u00e1lida, hab\u00eda un sof\u00e1, no hac\u00eda falta mucho para dormir bien. A Roger se le permite incluso comer justo antes de la hora de cierre.<\/p>\n\n\n\n<p>Muchas gracias a \u00ab&nbsp;<em>Hotel de Paris<\/em>&nbsp;\u00bbEs un verdadero placer conocerle en Brian\u00e7on y a su jefe, a quien evidentemente le encantan los ciclistas.<\/p>\n\n\n\n<p>Esa noche, mientras cen\u00e1bamos juntos, Roger relat\u00f3 su terrible ascensi\u00f3n a Val d'Is\u00e8re y su media vuelta reglamentaria para encontrar la casa rural en Tignes.<\/p>\n\n\n\n<h2 class=\"wp-block-heading\">El paso de Izoard<\/h2>\n\n\n\n<figure class=\"wp-block-gallery has-nested-images columns-default is-cropped wp-block-gallery-1 is-layout-flex wp-block-gallery-is-layout-flex\">\n<figure class=\"wp-block-image size-full\"><a href=\"https:\/\/centcols.org\/wp-content\/uploads\/2025\/07\/image009.jpg\"><img loading=\"lazy\" decoding=\"async\" width=\"450\" height=\"303\" data-id=\"84825\" src=\"https:\/\/centcols.org\/wp-content\/uploads\/2025\/07\/image009.jpg\" alt=\"\" class=\"wp-image-84825\"\/><\/a><figcaption class=\"wp-element-caption\">Roger en el Izoard<\/figcaption><\/figure>\n\n\n\n<figure class=\"wp-block-image size-full\"><a href=\"https:\/\/centcols.org\/wp-content\/uploads\/2025\/07\/image022.jpg\"><img loading=\"lazy\" decoding=\"async\" width=\"345\" height=\"498\" data-id=\"84833\" src=\"https:\/\/centcols.org\/wp-content\/uploads\/2025\/07\/image022.jpg\" alt=\"\" class=\"wp-image-84833\"\/><\/a><\/figure>\n<\/figure>\n\n\n\n<p>Los 4<sup>th<\/sup> La etapa no es demasiado larga, 94 km, as\u00ed que Roger y yo salimos a las 7.45 en direcci\u00f3n al Col de l'Izoard. Hac\u00eda buen tiempo y la pendiente no era demasiado pronunciada en este lado. Tras una foto de recuerdo en el puerto, emprend\u00ed el descenso hacia Guillestre. Roger toma una ruta diferente hacia la BPF de St V\u00e9ran. Al pasar por La casse d\u00e9serte, me detengo para hacer una foto a la estela de Fausto Coppi.<\/p>\n\n\n<div class=\"wp-block-image\">\n<figure class=\"aligncenter size-full\"><img loading=\"lazy\" decoding=\"async\" width=\"451\" height=\"303\" src=\"https:\/\/centcols.org\/wp-content\/uploads\/2025\/07\/image020.jpg\" alt=\"\" class=\"wp-image-84834\"\/><\/figure>\n<\/div>\n\n\n<p>Disfruto de una excelente comida en un restaurante muy relajante, y lleno de fuerzas ataco el Col de Vars, el famoso Col de Vars. Lo tem\u00eda un poco, porque fue aqu\u00ed donde la fatiga me abati\u00f3 en mi primer intento en 1987. Era la primera vez que pisaba el suelo durante unos cientos de metros, <em>\u00a1qu\u00e9 desperdicio!...<\/em><\/p>\n\n\n\n<p>Pero hoy, mi moral y mis piernas estaban preparadas para el reto, y he llegado a la cima sin mayores problemas.<\/p>\n\n\n\n<p>Son las 5 de la tarde cuando llego a la casa rural d'\u00e9tape en Jausiers. Es un lugar agradable, el dormitorio es r\u00fastico pero limpio, y la comida ser\u00e1 de alto nivel - \u00a1incluso nos obsequiar\u00e1n con un poco de az\u00facar g\u00e9n\u00e9pi, la especialidad del propietario!...<\/p>\n\n\n\n<p>El debate de esta tarde es animado, Roger tiene facilidad de palabra, le gusta hablar de \u00absu\u00bb moto, y nuestros vecinos de mesa se sienten conquistados, incluso admirados, por este hombre que dentro de unos d\u00edas va a entrar en el exclusivo club de los ganadores del <em>\u00abBrevet des Provinces Fran\u00e7aises\u00bb.<\/em><\/p>\n\n\n\n<h2 class=\"wp-block-heading\">El paso de Bonette<\/h2>\n\n\n<div class=\"wp-block-image\">\n<figure class=\"aligncenter size-full\"><img loading=\"lazy\" decoding=\"async\" width=\"450\" height=\"304\" src=\"https:\/\/centcols.org\/wp-content\/uploads\/2025\/07\/image024.jpg\" alt=\"\" class=\"wp-image-84835\"\/><\/figure>\n<\/div>\n\n\n<p>Los 5<sup>th<\/sup>&nbsp; Es una subida larga (24 km desde Jausiers hasta el puerto), con una pendiente constante, buena superficie en este lado de la monta\u00f1a, y un entorno grandioso, casi lunar... en resumen, me encanta la Bonette. Y como guinda del pastel, un regalo de la naturaleza (\u00bfo de la DDE?), la Bonette ofrece la posibilidad de recorrer su cima y subir hasta la cima: <em>un verdadero placer<\/em>. Echo un \u00faltimo vistazo a este paisaje fabuloso y \u00fanico, y mientras subo las curvas cerradas vislumbro a unos ciclistas en la distancia: \u00bfser\u00e1 Roger?<\/p>\n\n\n<div class=\"wp-block-image\">\n<figure class=\"aligncenter size-full\"><img loading=\"lazy\" decoding=\"async\" width=\"448\" height=\"303\" src=\"https:\/\/centcols.org\/wp-content\/uploads\/2025\/07\/image026.jpg\" alt=\"\" class=\"wp-image-84836\"\/><\/figure>\n<\/div>\n\n\n<p>Hace mucho fr\u00edo, y tras la foto comienzo el descenso, que promete ser peligroso, ya que la carretera est\u00e1 en mal estado y exige extremar la precauci\u00f3n.<\/p>\n\n\n\n<p>Llegu\u00e9 a Saint-Etienne-de-Tin\u00e9e con cierto alivio. Me sent\u00e9 en la terraza de un caf\u00e9 para ver llegar a Roger. Hoy es el d\u00eda en que nos separamos, \u00e9l se dirige a Saint-Martin-de-V\u00e9subie y yo a Saint-Sauveur-de-Tin\u00e9e y al Col de la Couillole.<\/p>\n\n\n<div class=\"wp-block-image\">\n<figure class=\"aligncenter size-full\"><img loading=\"lazy\" decoding=\"async\" width=\"449\" height=\"302\" src=\"https:\/\/centcols.org\/wp-content\/uploads\/2025\/07\/image028.jpg\" alt=\"\" class=\"wp-image-84837\"\/><\/figure>\n<\/div>\n\n\n<p>En la subida tendr\u00e9 que soportar un buen chaparr\u00f3n (\u00a1est\u00e1 mojado!).<\/p>\n\n\n\n<p>La parada nocturna en Beuil ser\u00e1 bastante divertida. La propietaria del hotel, relativamente mayor, regenta su negocio sola, as\u00ed que compartir\u00e9 la comida con los clientes del caf\u00e9 y disfrutar\u00e9 de las inimitables conversaciones de bar...<\/p>\n\n\n\n<h2 class=\"wp-block-heading\">Las gargantas de Cians<\/h2>\n\n\n\n<p>Los 6<sup>th<\/sup> Esta etapa comienza con una traves\u00eda de las hermosas Gorges du Cians. Hace 10 a\u00f1os, disfrut\u00e9 de este paso por estas estrechas gargantas de p\u00f3rfido rojo. Pero este a\u00f1o estoy un poco decepcionado, ya que la ruta se hab\u00eda vuelto tan peligrosa que unas obras tit\u00e1nicas en la carretera pr\u00e1cticamente hab\u00edan destruido el espect\u00e1culo. Ahora todo transcurre por t\u00faneles, \u00a1qu\u00e9 pena! A pesar de todo, intent\u00e9 hacer de nuevo la ruta de la cornisa, pero tuve que desistir a la vista de los montones de piedras que hab\u00eda en la carretera.<\/p>\n\n\n<div class=\"wp-block-image\">\n<figure class=\"aligncenter size-full\"><img loading=\"lazy\" decoding=\"async\" width=\"323\" height=\"468\" src=\"https:\/\/centcols.org\/wp-content\/uploads\/2025\/07\/image031.jpg\" alt=\"\" class=\"wp-image-84838\"\/><\/figure>\n<\/div>\n\n\n<p>Tras un bonito paso por las gargantas inferiores del Cian, una sucesi\u00f3n de peque\u00f1os puertos antes de llegar a Saint-Vallier-de-Thiey, final de etapa de 110 km.<\/p>\n\n\n<div class=\"wp-block-image\">\n<figure class=\"aligncenter size-full\"><img loading=\"lazy\" decoding=\"async\" width=\"450\" height=\"303\" src=\"https:\/\/centcols.org\/wp-content\/uploads\/2025\/07\/image033.jpg\" alt=\"\" class=\"wp-image-84839\"\/><\/figure>\n<\/div>\n\n\n<p>Esta vez estoy en la Provenza, as\u00ed que los \u00faltimos kil\u00f3metros de los Alpes se los trago r\u00e1pidamente, y sin ser un tr\u00e1mite, no presenta mayores dificultades. Antibes es un punto de control opcional, as\u00ed que me desv\u00edo voluntariamente hacia el interior para evitar las interminables colas de coches y el miedo que las acompa\u00f1a.<\/p>\n\n\n\n<p>Ma\u00f1ana comienza la ascensi\u00f3n a Thonon y, sobre todo, \u00a1una etapa al pie del Mont Ventoux!<\/p>\n\n\n\n<h2 class=\"wp-block-heading\">El final del viaje<\/h2>\n\n\n\n<p>La gran aventura alpina est\u00e1 llegando a su fin, \u00a1qu\u00e9 gran viaje, qu\u00e9 gran pedazo de \u00abmanivela\u00bb, qu\u00e9 puertos tan magn\u00edficos! He cruzado a horcajadas todo el arco alpino, de Antibes a Trieste (Italia), 1883 km de monta\u00f1a, \u00a1y qu\u00e9 monta\u00f1a! 75 puertos, 38428 metros de desnivel.<\/p>\n\n\n\n<p><strong><em>\u00a1Un gran y maravilloso viaje est\u00e1 llegando a su fin!<\/em><\/strong><\/p>\n\n\n\n<p><a href=\"\/es\/&\/#x6d;&#x61;&#105;&#108;t&#x6f;&#x3a;&#x6a;&#101;&#97;n&#x2d;&#x6d;&#x61;&#114;&#99;&#46;&#x6c;&#x65;&#x66;&#101;&#118;r&#x65;&#x32;&#x40;&#119;an&#x61;&#x64;&#x6f;&#111;&#46;f&#x72;\">Jean-Marc LEFEVRE<\/a><\/p>\n\n\n\n<p>3 de marzo de 2003<\/p>","protected":false},"excerpt":{"rendered":"<p>Avant-propos Lundi 5 Ao\u00fbt 2002, il est enfin arriver ce jour tellement r\u00eav\u00e9&nbsp;! \u00a06 mois ! Voil\u00e0 6 mois que chaque jour je consulte les cartes, je trace, je modifie, je consulte ma documentation. 6 mois que je pr\u00e9pare ce voyage. 6 longs mois \u00e0 attendre, \u00e0 r\u00eaver de ce que sera cette nouvelle aventure [&hellip;]<\/p>\n","protected":false},"author":3,"featured_media":84830,"comment_status":"open","ping_status":"closed","sticky":false,"template":"","format":"standard","meta":{"_acf_changed":false,"footnotes":""},"categories":[82],"tags":[],"class_list":["post-84816","post","type-post","status-publish","format-standard","has-post-thumbnail","hentry","category-voyages"],"acf":[],"yoast_head":"<!-- This site is optimized with the Yoast SEO plugin v27.2 - https:\/\/yoast.com\/product\/yoast-seo-wordpress\/ -->\n<title>L&#039;Alpine : Thonon-Antibes (Jean-Marc Lef\u00e8vre, CC 3331) - Club des Cent Cols<\/title>\n<meta name=\"robots\" content=\"index, follow, max-snippet:-1, max-image-preview:large, max-video-preview:-1\" \/>\n<link rel=\"canonical\" href=\"https:\/\/centcols.org\/es\/lalpine-thonon-antibes-jean-marc-lefevre-cc-3331\/\" \/>\n<meta property=\"og:locale\" content=\"es_ES\" \/>\n<meta property=\"og:type\" content=\"article\" \/>\n<meta property=\"og:title\" content=\"L&#039;Alpine : Thonon-Antibes (Jean-Marc Lef\u00e8vre, CC 3331) - Club des Cent Cols\" \/>\n<meta property=\"og:description\" content=\"Avant-propos Lundi 5 Ao\u00fbt 2002, il est enfin arriver ce jour tellement r\u00eav\u00e9&nbsp;! \u00a06 mois ! Voil\u00e0 6 mois que chaque jour je consulte les cartes, je trace, je modifie, je consulte ma documentation. 6 mois que je pr\u00e9pare ce voyage. 6 longs mois \u00e0 attendre, \u00e0 r\u00eaver de ce que sera cette nouvelle aventure [&hellip;]\" \/>\n<meta property=\"og:url\" content=\"https:\/\/centcols.org\/es\/lalpine-thonon-antibes-jean-marc-lefevre-cc-3331\/\" \/>\n<meta property=\"og:site_name\" content=\"Club des Cent Cols\" \/>\n<meta property=\"article:publisher\" content=\"https:\/\/www.facebook.com\/groups\/5261880558\/?locale=fr_FR\" \/>\n<meta property=\"article:published_time\" content=\"2025-02-01T08:03:02+00:00\" \/>\n<meta property=\"article:modified_time\" content=\"2025-10-15T01:27:25+00:00\" \/>\n<meta property=\"og:image\" content=\"https:\/\/centcols.org\/wp-content\/uploads\/2025\/07\/image018.jpg\" \/>\n\t<meta property=\"og:image:width\" content=\"448\" \/>\n\t<meta property=\"og:image:height\" content=\"302\" \/>\n\t<meta property=\"og:image:type\" content=\"image\/jpeg\" \/>\n<meta name=\"author\" content=\"Webmestre\" \/>\n<meta name=\"twitter:card\" content=\"summary_large_image\" \/>\n<meta name=\"twitter:label1\" content=\"Escrito por\" \/>\n\t<meta name=\"twitter:data1\" content=\"Webmestre\" \/>\n\t<meta name=\"twitter:label2\" content=\"Tiempo de lectura\" \/>\n\t<meta name=\"twitter:data2\" content=\"18 minutos\" \/>\n<script type=\"application\/ld+json\" class=\"yoast-schema-graph\">{\"@context\":\"https:\/\/schema.org\",\"@graph\":[{\"@type\":\"Article\",\"@id\":\"https:\/\/centcols.org\/lalpine-thonon-antibes-jean-marc-lefevre-cc-3331\/#article\",\"isPartOf\":{\"@id\":\"https:\/\/centcols.org\/lalpine-thonon-antibes-jean-marc-lefevre-cc-3331\/\"},\"author\":{\"name\":\"Webmestre\",\"@id\":\"https:\/\/centcols.org\/#\/schema\/person\/911b404fb133d8c913dd27cdcf71c8e5\"},\"headline\":\"L&rsquo;Alpine : Thonon-Antibes (Jean-Marc Lef\u00e8vre, CC 3331)\",\"datePublished\":\"2025-02-01T08:03:02+00:00\",\"dateModified\":\"2025-10-15T01:27:25+00:00\",\"mainEntityOfPage\":{\"@id\":\"https:\/\/centcols.org\/lalpine-thonon-antibes-jean-marc-lefevre-cc-3331\/\"},\"wordCount\":3193,\"commentCount\":0,\"publisher\":{\"@id\":\"https:\/\/centcols.org\/#organization\"},\"image\":{\"@id\":\"https:\/\/centcols.org\/lalpine-thonon-antibes-jean-marc-lefevre-cc-3331\/#primaryimage\"},\"thumbnailUrl\":\"https:\/\/centcols.org\/wp-content\/uploads\/2025\/07\/image018.jpg\",\"articleSection\":[\"Voyages\"],\"inLanguage\":\"es\",\"potentialAction\":[{\"@type\":\"CommentAction\",\"name\":\"Comment\",\"target\":[\"https:\/\/centcols.org\/lalpine-thonon-antibes-jean-marc-lefevre-cc-3331\/#respond\"]}]},{\"@type\":\"WebPage\",\"@id\":\"https:\/\/centcols.org\/lalpine-thonon-antibes-jean-marc-lefevre-cc-3331\/\",\"url\":\"https:\/\/centcols.org\/lalpine-thonon-antibes-jean-marc-lefevre-cc-3331\/\",\"name\":\"L'Alpine : Thonon-Antibes (Jean-Marc Lef\u00e8vre, CC 3331) - Club des Cent Cols\",\"isPartOf\":{\"@id\":\"https:\/\/centcols.org\/#website\"},\"primaryImageOfPage\":{\"@id\":\"https:\/\/centcols.org\/lalpine-thonon-antibes-jean-marc-lefevre-cc-3331\/#primaryimage\"},\"image\":{\"@id\":\"https:\/\/centcols.org\/lalpine-thonon-antibes-jean-marc-lefevre-cc-3331\/#primaryimage\"},\"thumbnailUrl\":\"https:\/\/centcols.org\/wp-content\/uploads\/2025\/07\/image018.jpg\",\"datePublished\":\"2025-02-01T08:03:02+00:00\",\"dateModified\":\"2025-10-15T01:27:25+00:00\",\"breadcrumb\":{\"@id\":\"https:\/\/centcols.org\/lalpine-thonon-antibes-jean-marc-lefevre-cc-3331\/#breadcrumb\"},\"inLanguage\":\"es\",\"potentialAction\":[{\"@type\":\"ReadAction\",\"target\":[\"https:\/\/centcols.org\/lalpine-thonon-antibes-jean-marc-lefevre-cc-3331\/\"]}]},{\"@type\":\"ImageObject\",\"inLanguage\":\"es\",\"@id\":\"https:\/\/centcols.org\/lalpine-thonon-antibes-jean-marc-lefevre-cc-3331\/#primaryimage\",\"url\":\"https:\/\/centcols.org\/wp-content\/uploads\/2025\/07\/image018.jpg\",\"contentUrl\":\"https:\/\/centcols.org\/wp-content\/uploads\/2025\/07\/image018.jpg\",\"width\":448,\"height\":302},{\"@type\":\"BreadcrumbList\",\"@id\":\"https:\/\/centcols.org\/lalpine-thonon-antibes-jean-marc-lefevre-cc-3331\/#breadcrumb\",\"itemListElement\":[{\"@type\":\"ListItem\",\"position\":1,\"name\":\"Accueil\",\"item\":\"https:\/\/centcols.org\/\"},{\"@type\":\"ListItem\",\"position\":2,\"name\":\"Gazette\",\"item\":\"https:\/\/centcols.org\/rubrique\/gazette\/\"},{\"@type\":\"ListItem\",\"position\":3,\"name\":\"Voyages\",\"item\":\"https:\/\/centcols.org\/rubrique\/gazette\/voyages\/\"},{\"@type\":\"ListItem\",\"position\":4,\"name\":\"L&rsquo;Alpine : Thonon-Antibes (Jean-Marc Lef\u00e8vre, CC 3331)\"}]},{\"@type\":\"WebSite\",\"@id\":\"https:\/\/centcols.org\/#website\",\"url\":\"https:\/\/centcols.org\/\",\"name\":\"Club des Cent Cols\",\"description\":\"\",\"publisher\":{\"@id\":\"https:\/\/centcols.org\/#organization\"},\"potentialAction\":[{\"@type\":\"SearchAction\",\"target\":{\"@type\":\"EntryPoint\",\"urlTemplate\":\"https:\/\/centcols.org\/?s={search_term_string}\"},\"query-input\":{\"@type\":\"PropertyValueSpecification\",\"valueRequired\":true,\"valueName\":\"search_term_string\"}}],\"inLanguage\":\"es\"},{\"@type\":\"Organization\",\"@id\":\"https:\/\/centcols.org\/#organization\",\"name\":\"Club des Cent Cols\",\"url\":\"https:\/\/centcols.org\/\",\"logo\":{\"@type\":\"ImageObject\",\"inLanguage\":\"es\",\"@id\":\"https:\/\/centcols.org\/#\/schema\/logo\/image\/\",\"url\":\"https:\/\/centcols.org\/wp-content\/uploads\/2025\/01\/carte-icone.png\",\"contentUrl\":\"https:\/\/centcols.org\/wp-content\/uploads\/2025\/01\/carte-icone.png\",\"width\":250,\"height\":250,\"caption\":\"Club des Cent Cols\"},\"image\":{\"@id\":\"https:\/\/centcols.org\/#\/schema\/logo\/image\/\"},\"sameAs\":[\"https:\/\/www.facebook.com\/groups\/5261880558\/?locale=fr_FR\"]},{\"@type\":\"Person\",\"@id\":\"https:\/\/centcols.org\/#\/schema\/person\/911b404fb133d8c913dd27cdcf71c8e5\",\"name\":\"Webmestre\",\"image\":{\"@type\":\"ImageObject\",\"inLanguage\":\"es\",\"@id\":\"https:\/\/centcols.org\/wp-content\/litespeed\/avatar\/2d246e4b6b4f773e08515e1ffc53690b.jpg?ver=1777222892\",\"url\":\"https:\/\/centcols.org\/wp-content\/litespeed\/avatar\/2d246e4b6b4f773e08515e1ffc53690b.jpg?ver=1777222892\",\"contentUrl\":\"https:\/\/centcols.org\/wp-content\/litespeed\/avatar\/2d246e4b6b4f773e08515e1ffc53690b.jpg?ver=1777222892\",\"caption\":\"Webmestre\"},\"url\":\"https:\/\/centcols.org\/es\/author\/webmestre\/\"}]}<\/script>\n<!-- \/ Yoast SEO plugin. -->","yoast_head_json":{"title":"El Alpino: Thonon-Antibes (Jean-Marc Lef\u00e8vre, CC 3331) - Club des Cent Cols","robots":{"index":"index","follow":"follow","max-snippet":"max-snippet:-1","max-image-preview":"max-image-preview:large","max-video-preview":"max-video-preview:-1"},"canonical":"https:\/\/centcols.org\/es\/lalpine-thonon-antibes-jean-marc-lefevre-cc-3331\/","og_locale":"es_ES","og_type":"article","og_title":"L'Alpine : Thonon-Antibes (Jean-Marc Lef\u00e8vre, CC 3331) - Club des Cent Cols","og_description":"Avant-propos Lundi 5 Ao\u00fbt 2002, il est enfin arriver ce jour tellement r\u00eav\u00e9&nbsp;! \u00a06 mois ! Voil\u00e0 6 mois que chaque jour je consulte les cartes, je trace, je modifie, je consulte ma documentation. 6 mois que je pr\u00e9pare ce voyage. 6 longs mois \u00e0 attendre, \u00e0 r\u00eaver de ce que sera cette nouvelle aventure [&hellip;]","og_url":"https:\/\/centcols.org\/es\/lalpine-thonon-antibes-jean-marc-lefevre-cc-3331\/","og_site_name":"Club des Cent Cols","article_publisher":"https:\/\/www.facebook.com\/groups\/5261880558\/?locale=fr_FR","article_published_time":"2025-02-01T08:03:02+00:00","article_modified_time":"2025-10-15T01:27:25+00:00","og_image":[{"width":448,"height":302,"url":"https:\/\/centcols.org\/wp-content\/uploads\/2025\/07\/image018.jpg","type":"image\/jpeg"}],"author":"Webmestre","twitter_card":"summary_large_image","twitter_misc":{"Escrito por":"Webmestre","Tiempo de lectura":"18 minutos"},"schema":{"@context":"https:\/\/schema.org","@graph":[{"@type":"Article","@id":"https:\/\/centcols.org\/lalpine-thonon-antibes-jean-marc-lefevre-cc-3331\/#article","isPartOf":{"@id":"https:\/\/centcols.org\/lalpine-thonon-antibes-jean-marc-lefevre-cc-3331\/"},"author":{"name":"Webmestre","@id":"https:\/\/centcols.org\/#\/schema\/person\/911b404fb133d8c913dd27cdcf71c8e5"},"headline":"L&rsquo;Alpine : Thonon-Antibes (Jean-Marc Lef\u00e8vre, CC 3331)","datePublished":"2025-02-01T08:03:02+00:00","dateModified":"2025-10-15T01:27:25+00:00","mainEntityOfPage":{"@id":"https:\/\/centcols.org\/lalpine-thonon-antibes-jean-marc-lefevre-cc-3331\/"},"wordCount":3193,"commentCount":0,"publisher":{"@id":"https:\/\/centcols.org\/#organization"},"image":{"@id":"https:\/\/centcols.org\/lalpine-thonon-antibes-jean-marc-lefevre-cc-3331\/#primaryimage"},"thumbnailUrl":"https:\/\/centcols.org\/wp-content\/uploads\/2025\/07\/image018.jpg","articleSection":["Voyages"],"inLanguage":"es","potentialAction":[{"@type":"CommentAction","name":"Comment","target":["https:\/\/centcols.org\/lalpine-thonon-antibes-jean-marc-lefevre-cc-3331\/#respond"]}]},{"@type":"WebPage","@id":"https:\/\/centcols.org\/lalpine-thonon-antibes-jean-marc-lefevre-cc-3331\/","url":"https:\/\/centcols.org\/lalpine-thonon-antibes-jean-marc-lefevre-cc-3331\/","name":"El Alpino: Thonon-Antibes (Jean-Marc Lef\u00e8vre, CC 3331) - Club des Cent Cols","isPartOf":{"@id":"https:\/\/centcols.org\/#website"},"primaryImageOfPage":{"@id":"https:\/\/centcols.org\/lalpine-thonon-antibes-jean-marc-lefevre-cc-3331\/#primaryimage"},"image":{"@id":"https:\/\/centcols.org\/lalpine-thonon-antibes-jean-marc-lefevre-cc-3331\/#primaryimage"},"thumbnailUrl":"https:\/\/centcols.org\/wp-content\/uploads\/2025\/07\/image018.jpg","datePublished":"2025-02-01T08:03:02+00:00","dateModified":"2025-10-15T01:27:25+00:00","breadcrumb":{"@id":"https:\/\/centcols.org\/lalpine-thonon-antibes-jean-marc-lefevre-cc-3331\/#breadcrumb"},"inLanguage":"es","potentialAction":[{"@type":"ReadAction","target":["https:\/\/centcols.org\/lalpine-thonon-antibes-jean-marc-lefevre-cc-3331\/"]}]},{"@type":"ImageObject","inLanguage":"es","@id":"https:\/\/centcols.org\/lalpine-thonon-antibes-jean-marc-lefevre-cc-3331\/#primaryimage","url":"https:\/\/centcols.org\/wp-content\/uploads\/2025\/07\/image018.jpg","contentUrl":"https:\/\/centcols.org\/wp-content\/uploads\/2025\/07\/image018.jpg","width":448,"height":302},{"@type":"BreadcrumbList","@id":"https:\/\/centcols.org\/lalpine-thonon-antibes-jean-marc-lefevre-cc-3331\/#breadcrumb","itemListElement":[{"@type":"ListItem","position":1,"name":"Accueil","item":"https:\/\/centcols.org\/"},{"@type":"ListItem","position":2,"name":"Gazette","item":"https:\/\/centcols.org\/rubrique\/gazette\/"},{"@type":"ListItem","position":3,"name":"Voyages","item":"https:\/\/centcols.org\/rubrique\/gazette\/voyages\/"},{"@type":"ListItem","position":4,"name":"L&rsquo;Alpine : Thonon-Antibes (Jean-Marc Lef\u00e8vre, CC 3331)"}]},{"@type":"WebSite","@id":"https:\/\/centcols.org\/#website","url":"https:\/\/centcols.org\/","name":"Club des Cent Cols","description":"","publisher":{"@id":"https:\/\/centcols.org\/#organization"},"potentialAction":[{"@type":"SearchAction","target":{"@type":"EntryPoint","urlTemplate":"https:\/\/centcols.org\/?s={search_term_string}"},"query-input":{"@type":"PropertyValueSpecification","valueRequired":true,"valueName":"search_term_string"}}],"inLanguage":"es"},{"@type":"Organization","@id":"https:\/\/centcols.org\/#organization","name":"Club des Cent Cols","url":"https:\/\/centcols.org\/","logo":{"@type":"ImageObject","inLanguage":"es","@id":"https:\/\/centcols.org\/#\/schema\/logo\/image\/","url":"https:\/\/centcols.org\/wp-content\/uploads\/2025\/01\/carte-icone.png","contentUrl":"https:\/\/centcols.org\/wp-content\/uploads\/2025\/01\/carte-icone.png","width":250,"height":250,"caption":"Club des Cent Cols"},"image":{"@id":"https:\/\/centcols.org\/#\/schema\/logo\/image\/"},"sameAs":["https:\/\/www.facebook.com\/groups\/5261880558\/?locale=fr_FR"]},{"@type":"Person","@id":"https:\/\/centcols.org\/#\/schema\/person\/911b404fb133d8c913dd27cdcf71c8e5","name":"Webmaster","image":{"@type":"ImageObject","inLanguage":"es","@id":"https:\/\/centcols.org\/wp-content\/litespeed\/avatar\/2d246e4b6b4f773e08515e1ffc53690b.jpg?ver=1777222892","url":"https:\/\/centcols.org\/wp-content\/litespeed\/avatar\/2d246e4b6b4f773e08515e1ffc53690b.jpg?ver=1777222892","contentUrl":"https:\/\/centcols.org\/wp-content\/litespeed\/avatar\/2d246e4b6b4f773e08515e1ffc53690b.jpg?ver=1777222892","caption":"Webmestre"},"url":"https:\/\/centcols.org\/es\/author\/webmestre\/"}]}},"_links":{"self":[{"href":"https:\/\/centcols.org\/es\/wp-json\/wp\/v2\/posts\/84816","targetHints":{"allow":["GET"]}}],"collection":[{"href":"https:\/\/centcols.org\/es\/wp-json\/wp\/v2\/posts"}],"about":[{"href":"https:\/\/centcols.org\/es\/wp-json\/wp\/v2\/types\/post"}],"author":[{"embeddable":true,"href":"https:\/\/centcols.org\/es\/wp-json\/wp\/v2\/users\/3"}],"replies":[{"embeddable":true,"href":"https:\/\/centcols.org\/es\/wp-json\/wp\/v2\/comments?post=84816"}],"version-history":[{"count":0,"href":"https:\/\/centcols.org\/es\/wp-json\/wp\/v2\/posts\/84816\/revisions"}],"wp:featuredmedia":[{"embeddable":true,"href":"https:\/\/centcols.org\/es\/wp-json\/wp\/v2\/media\/84830"}],"wp:attachment":[{"href":"https:\/\/centcols.org\/es\/wp-json\/wp\/v2\/media?parent=84816"}],"wp:term":[{"taxonomy":"category","embeddable":true,"href":"https:\/\/centcols.org\/es\/wp-json\/wp\/v2\/categories?post=84816"},{"taxonomy":"post_tag","embeddable":true,"href":"https:\/\/centcols.org\/es\/wp-json\/wp\/v2\/tags?post=84816"}],"curies":[{"name":"wp","href":"https:\/\/api.w.org\/{rel}","templated":true}]}}