{"id":85109,"date":"2012-01-05T17:59:24","date_gmt":"2012-01-05T15:59:24","guid":{"rendered":"https:\/\/centcols.org\/?p=85109"},"modified":"2025-10-15T03:29:32","modified_gmt":"2025-10-15T01:29:32","slug":"entrevista-con-regis-paraz-en-france-bleu-pays-de-savoie","status":"publish","type":"post","link":"https:\/\/centcols.org\/es\/interview-de-regis-paraz-sur-france-bleu-pays-de-savoie\/","title":{"rendered":"Entrevista con R\u00e9gis Paraz en France Bleu Pays de Savoie,"},"content":{"rendered":"<blockquote class=\"wp-block-quote is-layout-flow wp-block-quote-is-layout-flow\">\n<p>Retransmisi\u00f3n en directo el jueves 2 de febrero de 2012 de 14.00 a 15.00 horas: \u00abCette ann\u00e9e l\u00e0\u00bb presentado por Sylvia Depierre<\/p>\n<\/blockquote>\n\n\n\n<p>Haga clic en la imagen para escuchar el programa<\/p>\n\n\n\n<figure class=\"wp-block-image size-full\"><a href=\"https:\/\/centcols.org\/quoi_de_neuf\/2012\/InterviewRegisParazFrance2_20120202.mp3\" target=\"_blank\" rel=\" noreferrer noopener\"><img loading=\"lazy\" decoding=\"async\" width=\"1200\" height=\"675\" src=\"https:\/\/centcols.org\/wp-content\/uploads\/2025\/07\/J09Etap08_00005.jpg\" alt=\"\" class=\"wp-image-85110\" srcset=\"https:\/\/centcols.org\/wp-content\/uploads\/2025\/07\/J09Etap08_00005.jpg 1200w, https:\/\/centcols.org\/wp-content\/uploads\/2025\/07\/J09Etap08_00005-768x432.jpg 768w\" sizes=\"auto, (max-width: 1200px) 100vw, 1200px\" \/><\/a><\/figure>\n\n\n\n<p><a href=\"https:\/\/centcols.org\/quoi_de_neuf\/2012\/InterviewRegisParazFrance2_20120202.mp3\" target=\"_blank\" rel=\"noopener\">Escuche la entrevista aqu\u00ed.<\/a><\/p>","protected":false},"excerpt":{"rendered":"<p>\u00e9mission en direct du jeudi 2 f\u00e9vrier 2012 de 14 \u00e0 15 h : \u00ab\u00a0Cette ann\u00e9e l\u00e0\u00a0\u00bb anim\u00e9e par Sylvia Depierre Cliquer sur l&rsquo;image pour \u00e9couter l&rsquo;\u00e9mission Ecoutez l&rsquo;interview ici.<\/p>","protected":false},"author":3,"featured_media":85110,"comment_status":"open","ping_status":"closed","sticky":false,"template":"","format":"standard","meta":{"_acf_changed":false,"footnotes":""},"categories":[133,81,237],"tags":[],"class_list":["post-85109","post","type-post","status-publish","format-standard","has-post-thumbnail","hentry","category-revue-de-presse","category-articles-de-presse-et-videos","category-237"],"acf":[],"yoast_head":"<!-- This site is optimized with the Yoast SEO plugin v27.2 - https:\/\/yoast.com\/product\/yoast-seo-wordpress\/ -->\n<title>Interview de R\u00e9gis Paraz sur France Bleu Pays de Savoie, - Club des Cent Cols<\/title>\n<meta name=\"robots\" content=\"index, follow, max-snippet:-1, max-image-preview:large, max-video-preview:-1\" \/>\n<link rel=\"canonical\" href=\"https:\/\/centcols.org\/es\/entrevista-con-regis-paraz-en-france-bleu-pays-de-savoie\/\" \/>\n<meta property=\"og:locale\" content=\"es_ES\" \/>\n<meta property=\"og:type\" content=\"article\" \/>\n<meta property=\"og:title\" content=\"Interview de R\u00e9gis Paraz sur France Bleu Pays de Savoie, - Club des Cent Cols\" \/>\n<meta property=\"og:description\" content=\"\u00e9mission en direct du jeudi 2 f\u00e9vrier 2012 de 14 \u00e0 15 h : \u00ab\u00a0Cette ann\u00e9e l\u00e0\u00a0\u00bb anim\u00e9e par Sylvia Depierre Cliquer sur l&rsquo;image pour \u00e9couter l&rsquo;\u00e9mission Ecoutez l&rsquo;interview ici.\" \/>\n<meta property=\"og:url\" content=\"https:\/\/centcols.org\/es\/entrevista-con-regis-paraz-en-france-bleu-pays-de-savoie\/\" \/>\n<meta property=\"og:site_name\" content=\"Club des Cent Cols\" \/>\n<meta property=\"article:publisher\" content=\"https:\/\/www.facebook.com\/groups\/5261880558\/?locale=fr_FR\" \/>\n<meta property=\"article:published_time\" content=\"2012-01-05T15:59:24+00:00\" \/>\n<meta property=\"article:modified_time\" content=\"2025-10-15T01:29:32+00:00\" \/>\n<meta property=\"og:image\" content=\"https:\/\/centcols.org\/wp-content\/uploads\/2025\/07\/J09Etap08_00005.jpg\" \/>\n\t<meta property=\"og:image:width\" content=\"1200\" \/>\n\t<meta property=\"og:image:height\" content=\"675\" \/>\n\t<meta property=\"og:image:type\" content=\"image\/jpeg\" \/>\n<meta name=\"author\" content=\"Webmestre\" \/>\n<meta name=\"twitter:card\" content=\"summary_large_image\" \/>\n<meta name=\"twitter:label1\" content=\"Escrito por\" \/>\n\t<meta name=\"twitter:data1\" content=\"Webmestre\" \/>\n\t<meta name=\"twitter:label2\" content=\"Tiempo de lectura\" \/>\n\t<meta name=\"twitter:data2\" content=\"1 minuto\" \/>\n<script type=\"application\/ld+json\" class=\"yoast-schema-graph\">{\"@context\":\"https:\/\/schema.org\",\"@graph\":[{\"@type\":\"Article\",\"@id\":\"https:\/\/centcols.org\/interview-de-regis-paraz-sur-france-bleu-pays-de-savoie\/#article\",\"isPartOf\":{\"@id\":\"https:\/\/centcols.org\/interview-de-regis-paraz-sur-france-bleu-pays-de-savoie\/\"},\"author\":{\"name\":\"Webmestre\",\"@id\":\"https:\/\/centcols.org\/#\/schema\/person\/911b404fb133d8c913dd27cdcf71c8e5\"},\"headline\":\"Interview de R\u00e9gis Paraz sur France Bleu Pays de Savoie,\",\"datePublished\":\"2012-01-05T15:59:24+00:00\",\"dateModified\":\"2025-10-15T01:29:32+00:00\",\"mainEntityOfPage\":{\"@id\":\"https:\/\/centcols.org\/interview-de-regis-paraz-sur-france-bleu-pays-de-savoie\/\"},\"wordCount\":41,\"commentCount\":0,\"publisher\":{\"@id\":\"https:\/\/centcols.org\/#organization\"},\"image\":{\"@id\":\"https:\/\/centcols.org\/interview-de-regis-paraz-sur-france-bleu-pays-de-savoie\/#primaryimage\"},\"thumbnailUrl\":\"https:\/\/centcols.org\/wp-content\/uploads\/2025\/07\/J09Etap08_00005.jpg\",\"articleSection\":[\"Revue de presse\",\"Articles de presse et vid\u00e9os\",\"2012\"],\"inLanguage\":\"es\",\"potentialAction\":[{\"@type\":\"CommentAction\",\"name\":\"Comment\",\"target\":[\"https:\/\/centcols.org\/interview-de-regis-paraz-sur-france-bleu-pays-de-savoie\/#respond\"]}]},{\"@type\":\"WebPage\",\"@id\":\"https:\/\/centcols.org\/interview-de-regis-paraz-sur-france-bleu-pays-de-savoie\/\",\"url\":\"https:\/\/centcols.org\/interview-de-regis-paraz-sur-france-bleu-pays-de-savoie\/\",\"name\":\"Interview de R\u00e9gis Paraz sur France Bleu Pays de Savoie, - Club des Cent Cols\",\"isPartOf\":{\"@id\":\"https:\/\/centcols.org\/#website\"},\"primaryImageOfPage\":{\"@id\":\"https:\/\/centcols.org\/interview-de-regis-paraz-sur-france-bleu-pays-de-savoie\/#primaryimage\"},\"image\":{\"@id\":\"https:\/\/centcols.org\/interview-de-regis-paraz-sur-france-bleu-pays-de-savoie\/#primaryimage\"},\"thumbnailUrl\":\"https:\/\/centcols.org\/wp-content\/uploads\/2025\/07\/J09Etap08_00005.jpg\",\"datePublished\":\"2012-01-05T15:59:24+00:00\",\"dateModified\":\"2025-10-15T01:29:32+00:00\",\"breadcrumb\":{\"@id\":\"https:\/\/centcols.org\/interview-de-regis-paraz-sur-france-bleu-pays-de-savoie\/#breadcrumb\"},\"inLanguage\":\"es\",\"potentialAction\":[{\"@type\":\"ReadAction\",\"target\":[\"https:\/\/centcols.org\/interview-de-regis-paraz-sur-france-bleu-pays-de-savoie\/\"]}]},{\"@type\":\"ImageObject\",\"inLanguage\":\"es\",\"@id\":\"https:\/\/centcols.org\/interview-de-regis-paraz-sur-france-bleu-pays-de-savoie\/#primaryimage\",\"url\":\"https:\/\/centcols.org\/wp-content\/uploads\/2025\/07\/J09Etap08_00005.jpg\",\"contentUrl\":\"https:\/\/centcols.org\/wp-content\/uploads\/2025\/07\/J09Etap08_00005.jpg\",\"width\":1200,\"height\":675},{\"@type\":\"BreadcrumbList\",\"@id\":\"https:\/\/centcols.org\/interview-de-regis-paraz-sur-france-bleu-pays-de-savoie\/#breadcrumb\",\"itemListElement\":[{\"@type\":\"ListItem\",\"position\":1,\"name\":\"Accueil\",\"item\":\"https:\/\/centcols.org\/\"},{\"@type\":\"ListItem\",\"position\":2,\"name\":\"Gazette\",\"item\":\"https:\/\/centcols.org\/rubrique\/gazette\/\"},{\"@type\":\"ListItem\",\"position\":3,\"name\":\"Revue de presse\",\"item\":\"https:\/\/centcols.org\/rubrique\/gazette\/revue-de-presse\/\"},{\"@type\":\"ListItem\",\"position\":4,\"name\":\"Interview de R\u00e9gis Paraz sur France Bleu Pays de Savoie,\"}]},{\"@type\":\"WebSite\",\"@id\":\"https:\/\/centcols.org\/#website\",\"url\":\"https:\/\/centcols.org\/\",\"name\":\"Club des Cent Cols\",\"description\":\"\",\"publisher\":{\"@id\":\"https:\/\/centcols.org\/#organization\"},\"potentialAction\":[{\"@type\":\"SearchAction\",\"target\":{\"@type\":\"EntryPoint\",\"urlTemplate\":\"https:\/\/centcols.org\/?s={search_term_string}\"},\"query-input\":{\"@type\":\"PropertyValueSpecification\",\"valueRequired\":true,\"valueName\":\"search_term_string\"}}],\"inLanguage\":\"es\"},{\"@type\":\"Organization\",\"@id\":\"https:\/\/centcols.org\/#organization\",\"name\":\"Club des Cent Cols\",\"url\":\"https:\/\/centcols.org\/\",\"logo\":{\"@type\":\"ImageObject\",\"inLanguage\":\"es\",\"@id\":\"https:\/\/centcols.org\/#\/schema\/logo\/image\/\",\"url\":\"https:\/\/centcols.org\/wp-content\/uploads\/2025\/01\/carte-icone.png\",\"contentUrl\":\"https:\/\/centcols.org\/wp-content\/uploads\/2025\/01\/carte-icone.png\",\"width\":250,\"height\":250,\"caption\":\"Club des Cent Cols\"},\"image\":{\"@id\":\"https:\/\/centcols.org\/#\/schema\/logo\/image\/\"},\"sameAs\":[\"https:\/\/www.facebook.com\/groups\/5261880558\/?locale=fr_FR\"]},{\"@type\":\"Person\",\"@id\":\"https:\/\/centcols.org\/#\/schema\/person\/911b404fb133d8c913dd27cdcf71c8e5\",\"name\":\"Webmestre\",\"image\":{\"@type\":\"ImageObject\",\"inLanguage\":\"es\",\"@id\":\"https:\/\/centcols.org\/wp-content\/litespeed\/avatar\/2d246e4b6b4f773e08515e1ffc53690b.jpg?ver=1777222892\",\"url\":\"https:\/\/centcols.org\/wp-content\/litespeed\/avatar\/2d246e4b6b4f773e08515e1ffc53690b.jpg?ver=1777222892\",\"contentUrl\":\"https:\/\/centcols.org\/wp-content\/litespeed\/avatar\/2d246e4b6b4f773e08515e1ffc53690b.jpg?ver=1777222892\",\"caption\":\"Webmestre\"},\"url\":\"https:\/\/centcols.org\/es\/author\/webmestre\/\"}]}<\/script>\n<!-- \/ Yoast SEO plugin. -->","yoast_head_json":{"title":"Entrevista con R\u00e9gis Paraz en France Bleu Pays de Savoie, - Club des Cent Cols","robots":{"index":"index","follow":"follow","max-snippet":"max-snippet:-1","max-image-preview":"max-image-preview:large","max-video-preview":"max-video-preview:-1"},"canonical":"https:\/\/centcols.org\/es\/entrevista-con-regis-paraz-en-france-bleu-pays-de-savoie\/","og_locale":"es_ES","og_type":"article","og_title":"Interview de R\u00e9gis Paraz sur France Bleu Pays de Savoie, - Club des Cent Cols","og_description":"\u00e9mission en direct du jeudi 2 f\u00e9vrier 2012 de 14 \u00e0 15 h : \u00ab\u00a0Cette ann\u00e9e l\u00e0\u00a0\u00bb anim\u00e9e par Sylvia Depierre Cliquer sur l&rsquo;image pour \u00e9couter l&rsquo;\u00e9mission Ecoutez l&rsquo;interview ici.","og_url":"https:\/\/centcols.org\/es\/entrevista-con-regis-paraz-en-france-bleu-pays-de-savoie\/","og_site_name":"Club des Cent Cols","article_publisher":"https:\/\/www.facebook.com\/groups\/5261880558\/?locale=fr_FR","article_published_time":"2012-01-05T15:59:24+00:00","article_modified_time":"2025-10-15T01:29:32+00:00","og_image":[{"width":1200,"height":675,"url":"https:\/\/centcols.org\/wp-content\/uploads\/2025\/07\/J09Etap08_00005.jpg","type":"image\/jpeg"}],"author":"Webmestre","twitter_card":"summary_large_image","twitter_misc":{"Escrito por":"Webmestre","Tiempo de lectura":"1 minuto"},"schema":{"@context":"https:\/\/schema.org","@graph":[{"@type":"Article","@id":"https:\/\/centcols.org\/interview-de-regis-paraz-sur-france-bleu-pays-de-savoie\/#article","isPartOf":{"@id":"https:\/\/centcols.org\/interview-de-regis-paraz-sur-france-bleu-pays-de-savoie\/"},"author":{"name":"Webmestre","@id":"https:\/\/centcols.org\/#\/schema\/person\/911b404fb133d8c913dd27cdcf71c8e5"},"headline":"Interview de R\u00e9gis Paraz sur France Bleu Pays de Savoie,","datePublished":"2012-01-05T15:59:24+00:00","dateModified":"2025-10-15T01:29:32+00:00","mainEntityOfPage":{"@id":"https:\/\/centcols.org\/interview-de-regis-paraz-sur-france-bleu-pays-de-savoie\/"},"wordCount":41,"commentCount":0,"publisher":{"@id":"https:\/\/centcols.org\/#organization"},"image":{"@id":"https:\/\/centcols.org\/interview-de-regis-paraz-sur-france-bleu-pays-de-savoie\/#primaryimage"},"thumbnailUrl":"https:\/\/centcols.org\/wp-content\/uploads\/2025\/07\/J09Etap08_00005.jpg","articleSection":["Revue de presse","Articles de presse et vid\u00e9os","2012"],"inLanguage":"es","potentialAction":[{"@type":"CommentAction","name":"Comment","target":["https:\/\/centcols.org\/interview-de-regis-paraz-sur-france-bleu-pays-de-savoie\/#respond"]}]},{"@type":"WebPage","@id":"https:\/\/centcols.org\/interview-de-regis-paraz-sur-france-bleu-pays-de-savoie\/","url":"https:\/\/centcols.org\/interview-de-regis-paraz-sur-france-bleu-pays-de-savoie\/","name":"Entrevista con R\u00e9gis Paraz en France Bleu Pays de Savoie, - Club des Cent Cols","isPartOf":{"@id":"https:\/\/centcols.org\/#website"},"primaryImageOfPage":{"@id":"https:\/\/centcols.org\/interview-de-regis-paraz-sur-france-bleu-pays-de-savoie\/#primaryimage"},"image":{"@id":"https:\/\/centcols.org\/interview-de-regis-paraz-sur-france-bleu-pays-de-savoie\/#primaryimage"},"thumbnailUrl":"https:\/\/centcols.org\/wp-content\/uploads\/2025\/07\/J09Etap08_00005.jpg","datePublished":"2012-01-05T15:59:24+00:00","dateModified":"2025-10-15T01:29:32+00:00","breadcrumb":{"@id":"https:\/\/centcols.org\/interview-de-regis-paraz-sur-france-bleu-pays-de-savoie\/#breadcrumb"},"inLanguage":"es","potentialAction":[{"@type":"ReadAction","target":["https:\/\/centcols.org\/interview-de-regis-paraz-sur-france-bleu-pays-de-savoie\/"]}]},{"@type":"ImageObject","inLanguage":"es","@id":"https:\/\/centcols.org\/interview-de-regis-paraz-sur-france-bleu-pays-de-savoie\/#primaryimage","url":"https:\/\/centcols.org\/wp-content\/uploads\/2025\/07\/J09Etap08_00005.jpg","contentUrl":"https:\/\/centcols.org\/wp-content\/uploads\/2025\/07\/J09Etap08_00005.jpg","width":1200,"height":675},{"@type":"BreadcrumbList","@id":"https:\/\/centcols.org\/interview-de-regis-paraz-sur-france-bleu-pays-de-savoie\/#breadcrumb","itemListElement":[{"@type":"ListItem","position":1,"name":"Accueil","item":"https:\/\/centcols.org\/"},{"@type":"ListItem","position":2,"name":"Gazette","item":"https:\/\/centcols.org\/rubrique\/gazette\/"},{"@type":"ListItem","position":3,"name":"Revue de presse","item":"https:\/\/centcols.org\/rubrique\/gazette\/revue-de-presse\/"},{"@type":"ListItem","position":4,"name":"Interview de R\u00e9gis Paraz sur France Bleu Pays de Savoie,"}]},{"@type":"WebSite","@id":"https:\/\/centcols.org\/#website","url":"https:\/\/centcols.org\/","name":"Club des Cent Cols","description":"","publisher":{"@id":"https:\/\/centcols.org\/#organization"},"potentialAction":[{"@type":"SearchAction","target":{"@type":"EntryPoint","urlTemplate":"https:\/\/centcols.org\/?s={search_term_string}"},"query-input":{"@type":"PropertyValueSpecification","valueRequired":true,"valueName":"search_term_string"}}],"inLanguage":"es"},{"@type":"Organization","@id":"https:\/\/centcols.org\/#organization","name":"Club des Cent Cols","url":"https:\/\/centcols.org\/","logo":{"@type":"ImageObject","inLanguage":"es","@id":"https:\/\/centcols.org\/#\/schema\/logo\/image\/","url":"https:\/\/centcols.org\/wp-content\/uploads\/2025\/01\/carte-icone.png","contentUrl":"https:\/\/centcols.org\/wp-content\/uploads\/2025\/01\/carte-icone.png","width":250,"height":250,"caption":"Club des Cent Cols"},"image":{"@id":"https:\/\/centcols.org\/#\/schema\/logo\/image\/"},"sameAs":["https:\/\/www.facebook.com\/groups\/5261880558\/?locale=fr_FR"]},{"@type":"Person","@id":"https:\/\/centcols.org\/#\/schema\/person\/911b404fb133d8c913dd27cdcf71c8e5","name":"Webmaster","image":{"@type":"ImageObject","inLanguage":"es","@id":"https:\/\/centcols.org\/wp-content\/litespeed\/avatar\/2d246e4b6b4f773e08515e1ffc53690b.jpg?ver=1777222892","url":"https:\/\/centcols.org\/wp-content\/litespeed\/avatar\/2d246e4b6b4f773e08515e1ffc53690b.jpg?ver=1777222892","contentUrl":"https:\/\/centcols.org\/wp-content\/litespeed\/avatar\/2d246e4b6b4f773e08515e1ffc53690b.jpg?ver=1777222892","caption":"Webmestre"},"url":"https:\/\/centcols.org\/es\/author\/webmestre\/"}]}},"_links":{"self":[{"href":"https:\/\/centcols.org\/es\/wp-json\/wp\/v2\/posts\/85109","targetHints":{"allow":["GET"]}}],"collection":[{"href":"https:\/\/centcols.org\/es\/wp-json\/wp\/v2\/posts"}],"about":[{"href":"https:\/\/centcols.org\/es\/wp-json\/wp\/v2\/types\/post"}],"author":[{"embeddable":true,"href":"https:\/\/centcols.org\/es\/wp-json\/wp\/v2\/users\/3"}],"replies":[{"embeddable":true,"href":"https:\/\/centcols.org\/es\/wp-json\/wp\/v2\/comments?post=85109"}],"version-history":[{"count":0,"href":"https:\/\/centcols.org\/es\/wp-json\/wp\/v2\/posts\/85109\/revisions"}],"wp:featuredmedia":[{"embeddable":true,"href":"https:\/\/centcols.org\/es\/wp-json\/wp\/v2\/media\/85110"}],"wp:attachment":[{"href":"https:\/\/centcols.org\/es\/wp-json\/wp\/v2\/media?parent=85109"}],"wp:term":[{"taxonomy":"category","embeddable":true,"href":"https:\/\/centcols.org\/es\/wp-json\/wp\/v2\/categories?post=85109"},{"taxonomy":"post_tag","embeddable":true,"href":"https:\/\/centcols.org\/es\/wp-json\/wp\/v2\/tags?post=85109"}],"curies":[{"name":"wp","href":"https:\/\/api.w.org\/{rel}","templated":true}]}}