{"id":85392,"date":"2026-03-09T08:00:32","date_gmt":"2026-03-09T06:00:32","guid":{"rendered":"https:\/\/centcols.org\/?p=85392"},"modified":"2026-04-18T15:50:40","modified_gmt":"2026-04-18T13:50:40","slug":"planes-y-fechas-para-las-proximas-vacaciones-2","status":"publish","type":"post","link":"https:\/\/centcols.org\/es\/projets-et-dates-des-sejours-a-venir-2\/","title":{"rendered":"Pr\u00f3ximos proyectos y fechas"},"content":{"rendered":"<p><strong>El objetivo de esta secci\u00f3n es mantener informados a los miembros de los pr\u00f3ximos proyectos de vacaciones, sea cual sea su estado de desarrollo, y precisar las fechas en que se han fijado. Esta secci\u00f3n ha sido elaborada por el Comit\u00e9 de Vacaciones y se ir\u00e1 actualizando con el tiempo.<\/strong><\/p>\n\n\n\n<p>Los miembros del Consejo de Administraci\u00f3n, incluido el Comit\u00e9 de Vacaciones, est\u00e1n siempre abiertos a propuestas para futuras fiestas.<\/p>\n\n\n\n<p>Unas vacaciones son :<\/p>\n\n\n\n<ul class=\"wp-block-list\">\n<li>alojamiento en habitaci\u00f3n doble con pensi\u00f3n completa<\/li>\n\n\n\n<li>una regi\u00f3n de puertos de monta\u00f1a<\/li>\n\n\n\n<li>y un peque\u00f1o equipo dispuesto a dedicar tiempo y esfuerzo a reconocer rutas de bicicleta de monta\u00f1a, dise\u00f1ar circuitos de carretera y redactar diversos documentos (tracks GPX, roadbook).<\/li>\n<\/ul>\n\n\n\n<h2 class=\"wp-block-heading\"><strong>Vacaciones de verano 2026<\/strong><\/h2>\n\n\n\n<p>Tendr\u00e1 lugar en Soueix-Rogalle, en el departamento de Ari\u00e8ge. <strong>del 05 al 12 de septiembre<\/strong>. El catering correr\u00e1 a cargo de un servicio de catering. Las rutas ser\u00e1n propuestas por Jean Marc Cl\u00e9ment y Guy Ruffi\u00e9.<\/p>\n\n\n\n<h2 class=\"wp-block-heading\">Vacaciones de oto\u00f1o de 2026.<\/h2>\n\n\n\n<p>Este viaje tendr\u00e1 lugar en Ardes-sur-Couze, en el departamento de Puy-de-D\u00f4me, del 9 al 11 de octubre de 2026.<\/p>","protected":false},"excerpt":{"rendered":"<p>Cette rubrique a pour objet de tenir les membres inform\u00e9s des projets de s\u00e9jour \u00e0 venir, quel que soit leur \u00e9tat d&rsquo;avancement, et d&rsquo;en pr\u00e9ciser les dates lorsqu&rsquo;elles sont fix\u00e9es. Cette rubrique est \u00e9tablie par la commission s\u00e9jours et sera mise \u00e0 jour au fil du temps. Les membres du Conseil d\u2019administration dont la commission [&hellip;]<\/p>\n","protected":false},"author":64,"featured_media":84164,"comment_status":"closed","ping_status":"closed","sticky":false,"template":"","format":"standard","meta":{"_acf_changed":false,"footnotes":""},"categories":[135,231],"tags":[],"class_list":["post-85392","post","type-post","status-publish","format-standard","has-post-thumbnail","hentry","category-calendrier","category-sejours"],"acf":[],"yoast_head":"<!-- This site is optimized with the Yoast SEO plugin v27.2 - https:\/\/yoast.com\/product\/yoast-seo-wordpress\/ -->\n<title>Projets et dates des s\u00e9jours \u00e0 venir - Club des Cent Cols<\/title>\n<meta name=\"robots\" content=\"index, follow, max-snippet:-1, max-image-preview:large, max-video-preview:-1\" \/>\n<link rel=\"canonical\" href=\"https:\/\/centcols.org\/es\/planes-y-fechas-para-las-proximas-vacaciones-2\/\" \/>\n<meta property=\"og:locale\" content=\"es_ES\" \/>\n<meta property=\"og:type\" content=\"article\" \/>\n<meta property=\"og:title\" content=\"Projets et dates des s\u00e9jours \u00e0 venir - Club des Cent Cols\" \/>\n<meta property=\"og:description\" content=\"Cette rubrique a pour objet de tenir les membres inform\u00e9s des projets de s\u00e9jour \u00e0 venir, quel que soit leur \u00e9tat d&rsquo;avancement, et d&rsquo;en pr\u00e9ciser les dates lorsqu&rsquo;elles sont fix\u00e9es. Cette rubrique est \u00e9tablie par la commission s\u00e9jours et sera mise \u00e0 jour au fil du temps. Les membres du Conseil d\u2019administration dont la commission [&hellip;]\" \/>\n<meta property=\"og:url\" content=\"https:\/\/centcols.org\/es\/planes-y-fechas-para-las-proximas-vacaciones-2\/\" \/>\n<meta property=\"og:site_name\" content=\"Club des Cent Cols\" \/>\n<meta property=\"article:publisher\" content=\"https:\/\/www.facebook.com\/groups\/5261880558\/?locale=fr_FR\" \/>\n<meta property=\"article:published_time\" content=\"2026-03-09T06:00:32+00:00\" \/>\n<meta property=\"article:modified_time\" content=\"2026-04-18T13:50:40+00:00\" \/>\n<meta property=\"og:image\" content=\"https:\/\/centcols.org\/wp-content\/uploads\/2025\/06\/datesejours.jpeg\" \/>\n\t<meta property=\"og:image:width\" content=\"1392\" \/>\n\t<meta property=\"og:image:height\" content=\"752\" \/>\n\t<meta property=\"og:image:type\" content=\"image\/jpeg\" \/>\n<meta name=\"author\" content=\"Christophe Badonnel\" \/>\n<meta name=\"twitter:card\" content=\"summary_large_image\" \/>\n<meta name=\"twitter:label1\" content=\"Escrito por\" \/>\n\t<meta name=\"twitter:data1\" content=\"Christophe Badonnel\" \/>\n\t<meta name=\"twitter:label2\" content=\"Tiempo de lectura\" \/>\n\t<meta name=\"twitter:data2\" content=\"2 minutos\" \/>\n<script type=\"application\/ld+json\" class=\"yoast-schema-graph\">{\"@context\":\"https:\/\/schema.org\",\"@graph\":[{\"@type\":\"Article\",\"@id\":\"https:\/\/centcols.org\/es\/planes-y-fechas-para-las-proximas-vacaciones-2\/#article\",\"isPartOf\":{\"@id\":\"https:\/\/centcols.org\/es\/planes-y-fechas-para-las-proximas-vacaciones-2\/\"},\"author\":{\"name\":\"Christophe Badonnel\",\"@id\":\"https:\/\/centcols.org\/#\/schema\/person\/5c1a9d61132fb33ccec149272abff6e1\"},\"headline\":\"Projets et dates des s\u00e9jours \u00e0 venir\",\"datePublished\":\"2026-03-09T06:00:32+00:00\",\"dateModified\":\"2026-04-18T13:50:40+00:00\",\"mainEntityOfPage\":{\"@id\":\"https:\/\/centcols.org\/es\/planes-y-fechas-para-las-proximas-vacaciones-2\/\"},\"wordCount\":192,\"publisher\":{\"@id\":\"https:\/\/centcols.org\/#organization\"},\"image\":{\"@id\":\"https:\/\/centcols.org\/es\/planes-y-fechas-para-las-proximas-vacaciones-2\/#primaryimage\"},\"thumbnailUrl\":\"https:\/\/centcols.org\/wp-content\/uploads\/2025\/06\/datesejours.jpeg\",\"articleSection\":[\"Calendrier\",\"S\u00e9jours du Club des Cent Cols\"],\"inLanguage\":\"es\"},{\"@type\":\"WebPage\",\"@id\":\"https:\/\/centcols.org\/es\/planes-y-fechas-para-las-proximas-vacaciones-2\/\",\"url\":\"https:\/\/centcols.org\/es\/planes-y-fechas-para-las-proximas-vacaciones-2\/\",\"name\":\"Projets et dates des s\u00e9jours \u00e0 venir - Club des Cent Cols\",\"isPartOf\":{\"@id\":\"https:\/\/centcols.org\/#website\"},\"primaryImageOfPage\":{\"@id\":\"https:\/\/centcols.org\/es\/planes-y-fechas-para-las-proximas-vacaciones-2\/#primaryimage\"},\"image\":{\"@id\":\"https:\/\/centcols.org\/es\/planes-y-fechas-para-las-proximas-vacaciones-2\/#primaryimage\"},\"thumbnailUrl\":\"https:\/\/centcols.org\/wp-content\/uploads\/2025\/06\/datesejours.jpeg\",\"datePublished\":\"2026-03-09T06:00:32+00:00\",\"dateModified\":\"2026-04-18T13:50:40+00:00\",\"breadcrumb\":{\"@id\":\"https:\/\/centcols.org\/es\/planes-y-fechas-para-las-proximas-vacaciones-2\/#breadcrumb\"},\"inLanguage\":\"es\",\"potentialAction\":[{\"@type\":\"ReadAction\",\"target\":[\"https:\/\/centcols.org\/es\/planes-y-fechas-para-las-proximas-vacaciones-2\/\"]}]},{\"@type\":\"ImageObject\",\"inLanguage\":\"es\",\"@id\":\"https:\/\/centcols.org\/es\/planes-y-fechas-para-las-proximas-vacaciones-2\/#primaryimage\",\"url\":\"https:\/\/centcols.org\/wp-content\/uploads\/2025\/06\/datesejours.jpeg\",\"contentUrl\":\"https:\/\/centcols.org\/wp-content\/uploads\/2025\/06\/datesejours.jpeg\",\"width\":1392,\"height\":752},{\"@type\":\"BreadcrumbList\",\"@id\":\"https:\/\/centcols.org\/es\/planes-y-fechas-para-las-proximas-vacaciones-2\/#breadcrumb\",\"itemListElement\":[{\"@type\":\"ListItem\",\"position\":1,\"name\":\"Accueil\",\"item\":\"https:\/\/centcols.org\/\"},{\"@type\":\"ListItem\",\"position\":2,\"name\":\"Calendrier\",\"item\":\"https:\/\/centcols.org\/rubrique\/calendrier\/\"},{\"@type\":\"ListItem\",\"position\":3,\"name\":\"Projets et dates des s\u00e9jours \u00e0 venir\"}]},{\"@type\":\"WebSite\",\"@id\":\"https:\/\/centcols.org\/#website\",\"url\":\"https:\/\/centcols.org\/\",\"name\":\"Club des Cent Cols\",\"description\":\"\",\"publisher\":{\"@id\":\"https:\/\/centcols.org\/#organization\"},\"potentialAction\":[{\"@type\":\"SearchAction\",\"target\":{\"@type\":\"EntryPoint\",\"urlTemplate\":\"https:\/\/centcols.org\/?s={search_term_string}\"},\"query-input\":{\"@type\":\"PropertyValueSpecification\",\"valueRequired\":true,\"valueName\":\"search_term_string\"}}],\"inLanguage\":\"es\"},{\"@type\":\"Organization\",\"@id\":\"https:\/\/centcols.org\/#organization\",\"name\":\"Club des Cent Cols\",\"url\":\"https:\/\/centcols.org\/\",\"logo\":{\"@type\":\"ImageObject\",\"inLanguage\":\"es\",\"@id\":\"https:\/\/centcols.org\/#\/schema\/logo\/image\/\",\"url\":\"https:\/\/centcols.org\/wp-content\/uploads\/2025\/01\/carte-icone.png\",\"contentUrl\":\"https:\/\/centcols.org\/wp-content\/uploads\/2025\/01\/carte-icone.png\",\"width\":250,\"height\":250,\"caption\":\"Club des Cent Cols\"},\"image\":{\"@id\":\"https:\/\/centcols.org\/#\/schema\/logo\/image\/\"},\"sameAs\":[\"https:\/\/www.facebook.com\/groups\/5261880558\/?locale=fr_FR\"]},{\"@type\":\"Person\",\"@id\":\"https:\/\/centcols.org\/#\/schema\/person\/5c1a9d61132fb33ccec149272abff6e1\",\"name\":\"Christophe Badonnel\",\"image\":{\"@type\":\"ImageObject\",\"inLanguage\":\"es\",\"@id\":\"https:\/\/centcols.org\/wp-content\/litespeed\/avatar\/9f363966b51271bd99ebbb6ebd632889.jpg?ver=1777238111\",\"url\":\"https:\/\/centcols.org\/wp-content\/litespeed\/avatar\/9f363966b51271bd99ebbb6ebd632889.jpg?ver=1777238111\",\"contentUrl\":\"https:\/\/centcols.org\/wp-content\/litespeed\/avatar\/9f363966b51271bd99ebbb6ebd632889.jpg?ver=1777238111\",\"caption\":\"Christophe Badonnel\"},\"url\":\"https:\/\/centcols.org\/es\/author\/5799\/\"}]}<\/script>\n<!-- \/ Yoast SEO plugin. -->","yoast_head_json":{"title":"Pr\u00f3ximos proyectos y fechas - Club des Cent Cols","robots":{"index":"index","follow":"follow","max-snippet":"max-snippet:-1","max-image-preview":"max-image-preview:large","max-video-preview":"max-video-preview:-1"},"canonical":"https:\/\/centcols.org\/es\/planes-y-fechas-para-las-proximas-vacaciones-2\/","og_locale":"es_ES","og_type":"article","og_title":"Projets et dates des s\u00e9jours \u00e0 venir - Club des Cent Cols","og_description":"Cette rubrique a pour objet de tenir les membres inform\u00e9s des projets de s\u00e9jour \u00e0 venir, quel que soit leur \u00e9tat d&rsquo;avancement, et d&rsquo;en pr\u00e9ciser les dates lorsqu&rsquo;elles sont fix\u00e9es. Cette rubrique est \u00e9tablie par la commission s\u00e9jours et sera mise \u00e0 jour au fil du temps. Les membres du Conseil d\u2019administration dont la commission [&hellip;]","og_url":"https:\/\/centcols.org\/es\/planes-y-fechas-para-las-proximas-vacaciones-2\/","og_site_name":"Club des Cent Cols","article_publisher":"https:\/\/www.facebook.com\/groups\/5261880558\/?locale=fr_FR","article_published_time":"2026-03-09T06:00:32+00:00","article_modified_time":"2026-04-18T13:50:40+00:00","og_image":[{"width":1392,"height":752,"url":"https:\/\/centcols.org\/wp-content\/uploads\/2025\/06\/datesejours.jpeg","type":"image\/jpeg"}],"author":"Christophe Badonnel","twitter_card":"summary_large_image","twitter_misc":{"Escrito por":"Christophe Badonnel","Tiempo de lectura":"2 minutos"},"schema":{"@context":"https:\/\/schema.org","@graph":[{"@type":"Article","@id":"https:\/\/centcols.org\/es\/planes-y-fechas-para-las-proximas-vacaciones-2\/#article","isPartOf":{"@id":"https:\/\/centcols.org\/es\/planes-y-fechas-para-las-proximas-vacaciones-2\/"},"author":{"name":"Christophe Badonnel","@id":"https:\/\/centcols.org\/#\/schema\/person\/5c1a9d61132fb33ccec149272abff6e1"},"headline":"Projets et dates des s\u00e9jours \u00e0 venir","datePublished":"2026-03-09T06:00:32+00:00","dateModified":"2026-04-18T13:50:40+00:00","mainEntityOfPage":{"@id":"https:\/\/centcols.org\/es\/planes-y-fechas-para-las-proximas-vacaciones-2\/"},"wordCount":192,"publisher":{"@id":"https:\/\/centcols.org\/#organization"},"image":{"@id":"https:\/\/centcols.org\/es\/planes-y-fechas-para-las-proximas-vacaciones-2\/#primaryimage"},"thumbnailUrl":"https:\/\/centcols.org\/wp-content\/uploads\/2025\/06\/datesejours.jpeg","articleSection":["Calendrier","S\u00e9jours du Club des Cent Cols"],"inLanguage":"es"},{"@type":"WebPage","@id":"https:\/\/centcols.org\/es\/planes-y-fechas-para-las-proximas-vacaciones-2\/","url":"https:\/\/centcols.org\/es\/planes-y-fechas-para-las-proximas-vacaciones-2\/","name":"Pr\u00f3ximos proyectos y fechas - Club des Cent Cols","isPartOf":{"@id":"https:\/\/centcols.org\/#website"},"primaryImageOfPage":{"@id":"https:\/\/centcols.org\/es\/planes-y-fechas-para-las-proximas-vacaciones-2\/#primaryimage"},"image":{"@id":"https:\/\/centcols.org\/es\/planes-y-fechas-para-las-proximas-vacaciones-2\/#primaryimage"},"thumbnailUrl":"https:\/\/centcols.org\/wp-content\/uploads\/2025\/06\/datesejours.jpeg","datePublished":"2026-03-09T06:00:32+00:00","dateModified":"2026-04-18T13:50:40+00:00","breadcrumb":{"@id":"https:\/\/centcols.org\/es\/planes-y-fechas-para-las-proximas-vacaciones-2\/#breadcrumb"},"inLanguage":"es","potentialAction":[{"@type":"ReadAction","target":["https:\/\/centcols.org\/es\/planes-y-fechas-para-las-proximas-vacaciones-2\/"]}]},{"@type":"ImageObject","inLanguage":"es","@id":"https:\/\/centcols.org\/es\/planes-y-fechas-para-las-proximas-vacaciones-2\/#primaryimage","url":"https:\/\/centcols.org\/wp-content\/uploads\/2025\/06\/datesejours.jpeg","contentUrl":"https:\/\/centcols.org\/wp-content\/uploads\/2025\/06\/datesejours.jpeg","width":1392,"height":752},{"@type":"BreadcrumbList","@id":"https:\/\/centcols.org\/es\/planes-y-fechas-para-las-proximas-vacaciones-2\/#breadcrumb","itemListElement":[{"@type":"ListItem","position":1,"name":"Accueil","item":"https:\/\/centcols.org\/"},{"@type":"ListItem","position":2,"name":"Calendrier","item":"https:\/\/centcols.org\/rubrique\/calendrier\/"},{"@type":"ListItem","position":3,"name":"Projets et dates des s\u00e9jours \u00e0 venir"}]},{"@type":"WebSite","@id":"https:\/\/centcols.org\/#website","url":"https:\/\/centcols.org\/","name":"Club des Cent Cols","description":"","publisher":{"@id":"https:\/\/centcols.org\/#organization"},"potentialAction":[{"@type":"SearchAction","target":{"@type":"EntryPoint","urlTemplate":"https:\/\/centcols.org\/?s={search_term_string}"},"query-input":{"@type":"PropertyValueSpecification","valueRequired":true,"valueName":"search_term_string"}}],"inLanguage":"es"},{"@type":"Organization","@id":"https:\/\/centcols.org\/#organization","name":"Club des Cent Cols","url":"https:\/\/centcols.org\/","logo":{"@type":"ImageObject","inLanguage":"es","@id":"https:\/\/centcols.org\/#\/schema\/logo\/image\/","url":"https:\/\/centcols.org\/wp-content\/uploads\/2025\/01\/carte-icone.png","contentUrl":"https:\/\/centcols.org\/wp-content\/uploads\/2025\/01\/carte-icone.png","width":250,"height":250,"caption":"Club des Cent Cols"},"image":{"@id":"https:\/\/centcols.org\/#\/schema\/logo\/image\/"},"sameAs":["https:\/\/www.facebook.com\/groups\/5261880558\/?locale=fr_FR"]},{"@type":"Person","@id":"https:\/\/centcols.org\/#\/schema\/person\/5c1a9d61132fb33ccec149272abff6e1","name":"Christophe Badonnel","image":{"@type":"ImageObject","inLanguage":"es","@id":"https:\/\/centcols.org\/wp-content\/litespeed\/avatar\/9f363966b51271bd99ebbb6ebd632889.jpg?ver=1777238111","url":"https:\/\/centcols.org\/wp-content\/litespeed\/avatar\/9f363966b51271bd99ebbb6ebd632889.jpg?ver=1777238111","contentUrl":"https:\/\/centcols.org\/wp-content\/litespeed\/avatar\/9f363966b51271bd99ebbb6ebd632889.jpg?ver=1777238111","caption":"Christophe Badonnel"},"url":"https:\/\/centcols.org\/es\/author\/5799\/"}]}},"_links":{"self":[{"href":"https:\/\/centcols.org\/es\/wp-json\/wp\/v2\/posts\/85392","targetHints":{"allow":["GET"]}}],"collection":[{"href":"https:\/\/centcols.org\/es\/wp-json\/wp\/v2\/posts"}],"about":[{"href":"https:\/\/centcols.org\/es\/wp-json\/wp\/v2\/types\/post"}],"author":[{"embeddable":true,"href":"https:\/\/centcols.org\/es\/wp-json\/wp\/v2\/users\/64"}],"replies":[{"embeddable":true,"href":"https:\/\/centcols.org\/es\/wp-json\/wp\/v2\/comments?post=85392"}],"version-history":[{"count":0,"href":"https:\/\/centcols.org\/es\/wp-json\/wp\/v2\/posts\/85392\/revisions"}],"wp:featuredmedia":[{"embeddable":true,"href":"https:\/\/centcols.org\/es\/wp-json\/wp\/v2\/media\/84164"}],"wp:attachment":[{"href":"https:\/\/centcols.org\/es\/wp-json\/wp\/v2\/media?parent=85392"}],"wp:term":[{"taxonomy":"category","embeddable":true,"href":"https:\/\/centcols.org\/es\/wp-json\/wp\/v2\/categories?post=85392"},{"taxonomy":"post_tag","embeddable":true,"href":"https:\/\/centcols.org\/es\/wp-json\/wp\/v2\/tags?post=85392"}],"curies":[{"name":"wp","href":"https:\/\/api.w.org\/{rel}","templated":true}]}}