{"id":91054,"date":"2025-10-18T18:05:55","date_gmt":"2025-10-18T16:05:55","guid":{"rendered":"https:\/\/centcols.org\/?p=91054"},"modified":"2026-02-16T12:33:29","modified_gmt":"2026-02-16T10:33:29","slug":"ciclomontagnarde-des-volcans-2026","status":"publish","type":"post","link":"https:\/\/centcols.org\/es\/cyclomontagnarde-des-volcans-2026\/","title":{"rendered":"La ciclomontagnarde des volcans 30 y 31 de mayo de 2026"},"content":{"rendered":"<div style=\"height:50px\" aria-hidden=\"true\" class=\"wp-block-spacer\"><\/div>\n\n\n\n<h2 class=\"wp-block-heading\">Fechas<\/h2>\n\n\n\n<figure class=\"wp-block-table\"><table class=\"has-fixed-layout\"><tbody><tr><td> <strong>Un recorrido de 230 km y 4.400 m de D+.<\/strong>&nbsp;para hacer en 1 d\u00eda (<strong>31 de mayo<\/strong>) o 2 d\u00edas (<strong>30 y 31 de mayo<\/strong> alojamiento en La Bourboule) para explorar las monta\u00f1as de la D\u00f4me y recorrer el macizo de Sancy.<\/td><\/tr><tr><td><strong>Una brevet de monta\u00f1a de 300 km y 5.600 m de D+.<\/strong>&nbsp;el <strong>Domingo 31<\/strong> y, tras los montes D\u00f4mes y el macizo de Sancy, proseguir hasta el puerto de Peyrol, en los montes Cantal, <strong>con la posibilidad<\/strong>&nbsp;subir&nbsp;<strong>el Puy de D\u00f4me el s\u00e1bado<\/strong>&nbsp;<em>para los ciclistas que realicen una de las dos rutas dominicales.<\/em><\/td><\/tr><tr><td><strong>circuitos de descubrimiento de 2 d\u00edas<\/strong>&nbsp;a La Bourboule y vuelta a Mozac y 1 d\u00eda el domingo para descubrir las Combrailles.&nbsp;<\/td><\/tr><\/tbody><\/table><\/figure>\n\n\n\n<div class=\"wp-block-columns is-layout-flex wp-container-core-columns-is-layout-9d6595d7 wp-block-columns-is-layout-flex\">\n<div class=\"wp-block-column is-layout-flow wp-block-column-is-layout-flow\" style=\"flex-basis:66.66%\">\n<p class=\"has-medium-font-size\">V<em><strong>a la altura del reto<\/strong><\/em><\/p>\n\n\n\n<p class=\"has-medium-font-size\">De la falla de Limagne a los legendarios puertos de Sancy, venga a descubrir la riqueza, la historia y la diversidad de la tierra de lagos y volcanes.<br>Para la Cyclomontagnarde des Volcans, existen tres opciones para pedalear en el coraz\u00f3n de un entorno natural intacto que ha sido agraciado en numerosas ocasiones por los corredores del Tour de Francia. Entre ascensi\u00f3n y ascensi\u00f3n, pasar\u00e1 por ciudades medievales y balnearios donde podr\u00e1 disfrutar de la sombra de la bella siller\u00eda de iglesias rom\u00e1nicas y castillos catalogados.<br>En 2026, los ciclistas m\u00e1s atrevidos podr\u00e1n revivir un patrimonio ciclista olvidado. Hace m\u00e1s de sesenta a\u00f1os, la Randonn\u00e9e des Puys propon\u00eda un recorrido de 300 km que part\u00eda de Clermont-Ferrand, con la ascensi\u00f3n al Pas de Peyrol como punto culminante. En 2026, la cima m\u00e1s famosa del Cantal volver\u00e1 a estar en el programa... pero antes habr\u00e1 que atravesar los Montes Dore y resistir la estepa central de C\u00e9zallier a la vuelta. Una gran aventura en el coraz\u00f3n de Auvernia.<br>Si te apuntas a una de las dos rutas del domingo, tendr\u00e1s la oportunidad de subir a la cumbre del Puy de D\u00f4me el s\u00e1bado. Un gran calentamiento en las laderas de un mito.<br>Prep\u00e1rese: \u00a1los volcanes le esperan!<\/p>\n<\/div>\n\n\n\n<div class=\"wp-block-column is-layout-flow wp-block-column-is-layout-flow\" style=\"flex-basis:33.33%\"><div class=\"wp-block-image is-resized\">\n<figure class=\"aligncenter size-full\"><img loading=\"lazy\" decoding=\"async\" width=\"300\" height=\"126\" src=\"https:\/\/centcols.org\/wp-content\/uploads\/2025\/10\/Codep63-300x126-1.png\" alt=\"\" class=\"wp-image-91055\" style=\"aspect-ratio:1;object-fit:contain;width:300px\" srcset=\"https:\/\/centcols.org\/wp-content\/uploads\/2025\/10\/Codep63-300x126-1.png 300w, https:\/\/centcols.org\/wp-content\/uploads\/2025\/10\/Codep63-300x126-1-18x8.png 18w\" sizes=\"auto, (max-width: 300px) 100vw, 300px\" \/><\/figure>\n<\/div>\n\n\n<figure class=\"wp-block-image size-full\"><img loading=\"lazy\" decoding=\"async\" width=\"1500\" height=\"1002\" src=\"https:\/\/centcols.org\/wp-content\/uploads\/2025\/10\/GueryAutomne_mini.jpg\" alt=\"\" class=\"wp-image-91065\" srcset=\"https:\/\/centcols.org\/wp-content\/uploads\/2025\/10\/GueryAutomne_mini.jpg 1500w, https:\/\/centcols.org\/wp-content\/uploads\/2025\/10\/GueryAutomne_mini-1200x802.jpg 1200w, https:\/\/centcols.org\/wp-content\/uploads\/2025\/10\/GueryAutomne_mini-768x513.jpg 768w, https:\/\/centcols.org\/wp-content\/uploads\/2025\/10\/GueryAutomne_mini-18x12.jpg 18w\" sizes=\"auto, (max-width: 1500px) 100vw, 1500px\" \/><\/figure>\n<\/div>\n<\/div>\n\n\n\n<div class=\"wp-block-buttons is-layout-flex wp-block-buttons-is-layout-flex\">\n<div class=\"wp-block-button\"><a class=\"wp-block-button__link wp-element-button\" href=\"https:\/\/puy-de-dome.ffvelo.fr\/cmv_cmv\/\" target=\"_blank\" rel=\"noreferrer noopener\">Toda la informaci\u00f3n aqu\u00ed<\/a><\/div>\n<\/div>","protected":false},"excerpt":{"rendered":"<p>Dates Un parcours de 230 km et 4 400 m de D+&nbsp;\u00e0 faire en 1 jour (31 mai) ou 2 jours (30 et 31 Mai h\u00e9bergement \u00e0 La Bourboule) pour parcourir les monts D\u00f4me et faire le tour du massif du Sancy. Un brevet montagnard de 300 km et 5 600 m de D+&nbsp;le dimanche [&hellip;]<\/p>\n","protected":false},"author":5112,"featured_media":91059,"comment_status":"closed","ping_status":"closed","sticky":false,"template":"","format":"standard","meta":{"_acf_changed":false,"footnotes":""},"categories":[135,423],"tags":[],"class_list":["post-91054","post","type-post","status-publish","format-standard","has-post-thumbnail","hentry","category-calendrier","category-cyclomontagnardes"],"acf":[],"yoast_head":"<!-- This site is optimized with the Yoast SEO plugin v27.2 - https:\/\/yoast.com\/product\/yoast-seo-wordpress\/ -->\n<title>La cyclomontagnarde des volcans 30 et 31 mai 2026 - Club des Cent Cols<\/title>\n<meta name=\"robots\" content=\"index, follow, max-snippet:-1, max-image-preview:large, max-video-preview:-1\" \/>\n<link rel=\"canonical\" href=\"https:\/\/centcols.org\/es\/ciclomontagnarde-des-volcans-2026\/\" \/>\n<meta property=\"og:locale\" content=\"es_ES\" \/>\n<meta property=\"og:type\" content=\"article\" \/>\n<meta property=\"og:title\" content=\"La cyclomontagnarde des volcans 30 et 31 mai 2026 - Club des Cent Cols\" \/>\n<meta property=\"og:description\" content=\"Dates Un parcours de 230 km et 4 400 m de D+&nbsp;\u00e0 faire en 1 jour (31 mai) ou 2 jours (30 et 31 Mai h\u00e9bergement \u00e0 La Bourboule) pour parcourir les monts D\u00f4me et faire le tour du massif du Sancy. Un brevet montagnard de 300 km et 5 600 m de D+&nbsp;le dimanche [&hellip;]\" \/>\n<meta property=\"og:url\" content=\"https:\/\/centcols.org\/es\/ciclomontagnarde-des-volcans-2026\/\" \/>\n<meta property=\"og:site_name\" content=\"Club des Cent Cols\" \/>\n<meta property=\"article:publisher\" content=\"https:\/\/www.facebook.com\/groups\/5261880558\/?locale=fr_FR\" \/>\n<meta property=\"article:published_time\" content=\"2025-10-18T16:05:55+00:00\" \/>\n<meta property=\"article:modified_time\" content=\"2026-02-16T10:33:29+00:00\" \/>\n<meta property=\"og:image\" content=\"https:\/\/centcols.org\/wp-content\/uploads\/2025\/10\/Survol-depuis-le-puy-de-Dome-1024x680-1.jpg\" \/>\n\t<meta property=\"og:image:width\" content=\"1024\" \/>\n\t<meta property=\"og:image:height\" content=\"680\" \/>\n\t<meta property=\"og:image:type\" content=\"image\/jpeg\" \/>\n<meta name=\"author\" content=\"R\u00e9gis Paraz\" \/>\n<meta name=\"twitter:card\" content=\"summary_large_image\" \/>\n<meta name=\"twitter:label1\" content=\"Escrito por\" \/>\n\t<meta name=\"twitter:data1\" content=\"R\u00e9gis Paraz\" \/>\n\t<meta name=\"twitter:label2\" content=\"Tiempo de lectura\" \/>\n\t<meta name=\"twitter:data2\" content=\"3 minutos\" \/>\n<script type=\"application\/ld+json\" class=\"yoast-schema-graph\">{\"@context\":\"https:\/\/schema.org\",\"@graph\":[{\"@type\":\"Article\",\"@id\":\"https:\/\/centcols.org\/es\/ciclomontagnarde-des-volcans-2026\/#article\",\"isPartOf\":{\"@id\":\"https:\/\/centcols.org\/es\/ciclomontagnarde-des-volcans-2026\/\"},\"author\":{\"name\":\"R\u00e9gis Paraz\",\"@id\":\"https:\/\/centcols.org\/#\/schema\/person\/6733615a03fdc98c0aef104567c81e13\"},\"headline\":\"La cyclomontagnarde des volcans 30 et 31 mai 2026\",\"datePublished\":\"2025-10-18T16:05:55+00:00\",\"dateModified\":\"2026-02-16T10:33:29+00:00\",\"mainEntityOfPage\":{\"@id\":\"https:\/\/centcols.org\/es\/ciclomontagnarde-des-volcans-2026\/\"},\"wordCount\":387,\"publisher\":{\"@id\":\"https:\/\/centcols.org\/#organization\"},\"image\":{\"@id\":\"https:\/\/centcols.org\/es\/ciclomontagnarde-des-volcans-2026\/#primaryimage\"},\"thumbnailUrl\":\"https:\/\/centcols.org\/wp-content\/uploads\/2025\/10\/Survol-depuis-le-puy-de-Dome-1024x680-1.jpg\",\"articleSection\":[\"Calendrier\",\"Cyclomontagnardes\"],\"inLanguage\":\"es\"},{\"@type\":\"WebPage\",\"@id\":\"https:\/\/centcols.org\/es\/ciclomontagnarde-des-volcans-2026\/\",\"url\":\"https:\/\/centcols.org\/es\/ciclomontagnarde-des-volcans-2026\/\",\"name\":\"La cyclomontagnarde des volcans 30 et 31 mai 2026 - Club des Cent Cols\",\"isPartOf\":{\"@id\":\"https:\/\/centcols.org\/#website\"},\"primaryImageOfPage\":{\"@id\":\"https:\/\/centcols.org\/es\/ciclomontagnarde-des-volcans-2026\/#primaryimage\"},\"image\":{\"@id\":\"https:\/\/centcols.org\/es\/ciclomontagnarde-des-volcans-2026\/#primaryimage\"},\"thumbnailUrl\":\"https:\/\/centcols.org\/wp-content\/uploads\/2025\/10\/Survol-depuis-le-puy-de-Dome-1024x680-1.jpg\",\"datePublished\":\"2025-10-18T16:05:55+00:00\",\"dateModified\":\"2026-02-16T10:33:29+00:00\",\"breadcrumb\":{\"@id\":\"https:\/\/centcols.org\/es\/ciclomontagnarde-des-volcans-2026\/#breadcrumb\"},\"inLanguage\":\"es\",\"potentialAction\":[{\"@type\":\"ReadAction\",\"target\":[\"https:\/\/centcols.org\/es\/ciclomontagnarde-des-volcans-2026\/\"]}]},{\"@type\":\"ImageObject\",\"inLanguage\":\"es\",\"@id\":\"https:\/\/centcols.org\/es\/ciclomontagnarde-des-volcans-2026\/#primaryimage\",\"url\":\"https:\/\/centcols.org\/wp-content\/uploads\/2025\/10\/Survol-depuis-le-puy-de-Dome-1024x680-1.jpg\",\"contentUrl\":\"https:\/\/centcols.org\/wp-content\/uploads\/2025\/10\/Survol-depuis-le-puy-de-Dome-1024x680-1.jpg\",\"width\":1024,\"height\":680},{\"@type\":\"BreadcrumbList\",\"@id\":\"https:\/\/centcols.org\/es\/ciclomontagnarde-des-volcans-2026\/#breadcrumb\",\"itemListElement\":[{\"@type\":\"ListItem\",\"position\":1,\"name\":\"Accueil\",\"item\":\"https:\/\/centcols.org\/\"},{\"@type\":\"ListItem\",\"position\":2,\"name\":\"Cyclomontagnardes\",\"item\":\"https:\/\/centcols.org\/rubrique\/cyclomontagnardes\/\"},{\"@type\":\"ListItem\",\"position\":3,\"name\":\"La cyclomontagnarde des volcans 30 et 31 mai 2026\"}]},{\"@type\":\"WebSite\",\"@id\":\"https:\/\/centcols.org\/#website\",\"url\":\"https:\/\/centcols.org\/\",\"name\":\"Club des Cent Cols\",\"description\":\"\",\"publisher\":{\"@id\":\"https:\/\/centcols.org\/#organization\"},\"potentialAction\":[{\"@type\":\"SearchAction\",\"target\":{\"@type\":\"EntryPoint\",\"urlTemplate\":\"https:\/\/centcols.org\/?s={search_term_string}\"},\"query-input\":{\"@type\":\"PropertyValueSpecification\",\"valueRequired\":true,\"valueName\":\"search_term_string\"}}],\"inLanguage\":\"es\"},{\"@type\":\"Organization\",\"@id\":\"https:\/\/centcols.org\/#organization\",\"name\":\"Club des Cent Cols\",\"url\":\"https:\/\/centcols.org\/\",\"logo\":{\"@type\":\"ImageObject\",\"inLanguage\":\"es\",\"@id\":\"https:\/\/centcols.org\/#\/schema\/logo\/image\/\",\"url\":\"https:\/\/centcols.org\/wp-content\/uploads\/2025\/01\/carte-icone.png\",\"contentUrl\":\"https:\/\/centcols.org\/wp-content\/uploads\/2025\/01\/carte-icone.png\",\"width\":250,\"height\":250,\"caption\":\"Club des Cent Cols\"},\"image\":{\"@id\":\"https:\/\/centcols.org\/#\/schema\/logo\/image\/\"},\"sameAs\":[\"https:\/\/www.facebook.com\/groups\/5261880558\/?locale=fr_FR\"]},{\"@type\":\"Person\",\"@id\":\"https:\/\/centcols.org\/#\/schema\/person\/6733615a03fdc98c0aef104567c81e13\",\"name\":\"R\u00e9gis Paraz\",\"image\":{\"@type\":\"ImageObject\",\"inLanguage\":\"es\",\"@id\":\"https:\/\/centcols.org\/wp-content\/litespeed\/avatar\/e5679bd124a28f7319d109cd5c2c0dd7.jpg?ver=1777239746\",\"url\":\"https:\/\/centcols.org\/wp-content\/litespeed\/avatar\/e5679bd124a28f7319d109cd5c2c0dd7.jpg?ver=1777239746\",\"contentUrl\":\"https:\/\/centcols.org\/wp-content\/litespeed\/avatar\/e5679bd124a28f7319d109cd5c2c0dd7.jpg?ver=1777239746\",\"caption\":\"R\u00e9gis Paraz\"},\"url\":\"https:\/\/centcols.org\/es\/author\/3225\/\"}]}<\/script>\n<!-- \/ Yoast SEO plugin. -->","yoast_head_json":{"title":"La cyclomontagnarde des volcans 30 y 31 de mayo de 2026 - Club des Cent Cols","robots":{"index":"index","follow":"follow","max-snippet":"max-snippet:-1","max-image-preview":"max-image-preview:large","max-video-preview":"max-video-preview:-1"},"canonical":"https:\/\/centcols.org\/es\/ciclomontagnarde-des-volcans-2026\/","og_locale":"es_ES","og_type":"article","og_title":"La cyclomontagnarde des volcans 30 et 31 mai 2026 - Club des Cent Cols","og_description":"Dates Un parcours de 230 km et 4 400 m de D+&nbsp;\u00e0 faire en 1 jour (31 mai) ou 2 jours (30 et 31 Mai h\u00e9bergement \u00e0 La Bourboule) pour parcourir les monts D\u00f4me et faire le tour du massif du Sancy. Un brevet montagnard de 300 km et 5 600 m de D+&nbsp;le dimanche [&hellip;]","og_url":"https:\/\/centcols.org\/es\/ciclomontagnarde-des-volcans-2026\/","og_site_name":"Club des Cent Cols","article_publisher":"https:\/\/www.facebook.com\/groups\/5261880558\/?locale=fr_FR","article_published_time":"2025-10-18T16:05:55+00:00","article_modified_time":"2026-02-16T10:33:29+00:00","og_image":[{"width":1024,"height":680,"url":"https:\/\/centcols.org\/wp-content\/uploads\/2025\/10\/Survol-depuis-le-puy-de-Dome-1024x680-1.jpg","type":"image\/jpeg"}],"author":"R\u00e9gis Paraz","twitter_card":"summary_large_image","twitter_misc":{"Escrito por":"R\u00e9gis Paraz","Tiempo de lectura":"3 minutos"},"schema":{"@context":"https:\/\/schema.org","@graph":[{"@type":"Article","@id":"https:\/\/centcols.org\/es\/ciclomontagnarde-des-volcans-2026\/#article","isPartOf":{"@id":"https:\/\/centcols.org\/es\/ciclomontagnarde-des-volcans-2026\/"},"author":{"name":"R\u00e9gis Paraz","@id":"https:\/\/centcols.org\/#\/schema\/person\/6733615a03fdc98c0aef104567c81e13"},"headline":"La cyclomontagnarde des volcans 30 et 31 mai 2026","datePublished":"2025-10-18T16:05:55+00:00","dateModified":"2026-02-16T10:33:29+00:00","mainEntityOfPage":{"@id":"https:\/\/centcols.org\/es\/ciclomontagnarde-des-volcans-2026\/"},"wordCount":387,"publisher":{"@id":"https:\/\/centcols.org\/#organization"},"image":{"@id":"https:\/\/centcols.org\/es\/ciclomontagnarde-des-volcans-2026\/#primaryimage"},"thumbnailUrl":"https:\/\/centcols.org\/wp-content\/uploads\/2025\/10\/Survol-depuis-le-puy-de-Dome-1024x680-1.jpg","articleSection":["Calendrier","Cyclomontagnardes"],"inLanguage":"es"},{"@type":"WebPage","@id":"https:\/\/centcols.org\/es\/ciclomontagnarde-des-volcans-2026\/","url":"https:\/\/centcols.org\/es\/ciclomontagnarde-des-volcans-2026\/","name":"La cyclomontagnarde des volcans 30 y 31 de mayo de 2026 - Club des Cent Cols","isPartOf":{"@id":"https:\/\/centcols.org\/#website"},"primaryImageOfPage":{"@id":"https:\/\/centcols.org\/es\/ciclomontagnarde-des-volcans-2026\/#primaryimage"},"image":{"@id":"https:\/\/centcols.org\/es\/ciclomontagnarde-des-volcans-2026\/#primaryimage"},"thumbnailUrl":"https:\/\/centcols.org\/wp-content\/uploads\/2025\/10\/Survol-depuis-le-puy-de-Dome-1024x680-1.jpg","datePublished":"2025-10-18T16:05:55+00:00","dateModified":"2026-02-16T10:33:29+00:00","breadcrumb":{"@id":"https:\/\/centcols.org\/es\/ciclomontagnarde-des-volcans-2026\/#breadcrumb"},"inLanguage":"es","potentialAction":[{"@type":"ReadAction","target":["https:\/\/centcols.org\/es\/ciclomontagnarde-des-volcans-2026\/"]}]},{"@type":"ImageObject","inLanguage":"es","@id":"https:\/\/centcols.org\/es\/ciclomontagnarde-des-volcans-2026\/#primaryimage","url":"https:\/\/centcols.org\/wp-content\/uploads\/2025\/10\/Survol-depuis-le-puy-de-Dome-1024x680-1.jpg","contentUrl":"https:\/\/centcols.org\/wp-content\/uploads\/2025\/10\/Survol-depuis-le-puy-de-Dome-1024x680-1.jpg","width":1024,"height":680},{"@type":"BreadcrumbList","@id":"https:\/\/centcols.org\/es\/ciclomontagnarde-des-volcans-2026\/#breadcrumb","itemListElement":[{"@type":"ListItem","position":1,"name":"Accueil","item":"https:\/\/centcols.org\/"},{"@type":"ListItem","position":2,"name":"Cyclomontagnardes","item":"https:\/\/centcols.org\/rubrique\/cyclomontagnardes\/"},{"@type":"ListItem","position":3,"name":"La cyclomontagnarde des volcans 30 et 31 mai 2026"}]},{"@type":"WebSite","@id":"https:\/\/centcols.org\/#website","url":"https:\/\/centcols.org\/","name":"Club des Cent Cols","description":"","publisher":{"@id":"https:\/\/centcols.org\/#organization"},"potentialAction":[{"@type":"SearchAction","target":{"@type":"EntryPoint","urlTemplate":"https:\/\/centcols.org\/?s={search_term_string}"},"query-input":{"@type":"PropertyValueSpecification","valueRequired":true,"valueName":"search_term_string"}}],"inLanguage":"es"},{"@type":"Organization","@id":"https:\/\/centcols.org\/#organization","name":"Club des Cent Cols","url":"https:\/\/centcols.org\/","logo":{"@type":"ImageObject","inLanguage":"es","@id":"https:\/\/centcols.org\/#\/schema\/logo\/image\/","url":"https:\/\/centcols.org\/wp-content\/uploads\/2025\/01\/carte-icone.png","contentUrl":"https:\/\/centcols.org\/wp-content\/uploads\/2025\/01\/carte-icone.png","width":250,"height":250,"caption":"Club des Cent Cols"},"image":{"@id":"https:\/\/centcols.org\/#\/schema\/logo\/image\/"},"sameAs":["https:\/\/www.facebook.com\/groups\/5261880558\/?locale=fr_FR"]},{"@type":"Person","@id":"https:\/\/centcols.org\/#\/schema\/person\/6733615a03fdc98c0aef104567c81e13","name":"R\u00e9gis Paraz","image":{"@type":"ImageObject","inLanguage":"es","@id":"https:\/\/centcols.org\/wp-content\/litespeed\/avatar\/e5679bd124a28f7319d109cd5c2c0dd7.jpg?ver=1777239746","url":"https:\/\/centcols.org\/wp-content\/litespeed\/avatar\/e5679bd124a28f7319d109cd5c2c0dd7.jpg?ver=1777239746","contentUrl":"https:\/\/centcols.org\/wp-content\/litespeed\/avatar\/e5679bd124a28f7319d109cd5c2c0dd7.jpg?ver=1777239746","caption":"R\u00e9gis Paraz"},"url":"https:\/\/centcols.org\/es\/author\/3225\/"}]}},"_links":{"self":[{"href":"https:\/\/centcols.org\/es\/wp-json\/wp\/v2\/posts\/91054","targetHints":{"allow":["GET"]}}],"collection":[{"href":"https:\/\/centcols.org\/es\/wp-json\/wp\/v2\/posts"}],"about":[{"href":"https:\/\/centcols.org\/es\/wp-json\/wp\/v2\/types\/post"}],"author":[{"embeddable":true,"href":"https:\/\/centcols.org\/es\/wp-json\/wp\/v2\/users\/5112"}],"replies":[{"embeddable":true,"href":"https:\/\/centcols.org\/es\/wp-json\/wp\/v2\/comments?post=91054"}],"version-history":[{"count":0,"href":"https:\/\/centcols.org\/es\/wp-json\/wp\/v2\/posts\/91054\/revisions"}],"wp:featuredmedia":[{"embeddable":true,"href":"https:\/\/centcols.org\/es\/wp-json\/wp\/v2\/media\/91059"}],"wp:attachment":[{"href":"https:\/\/centcols.org\/es\/wp-json\/wp\/v2\/media?parent=91054"}],"wp:term":[{"taxonomy":"category","embeddable":true,"href":"https:\/\/centcols.org\/es\/wp-json\/wp\/v2\/categories?post=91054"},{"taxonomy":"post_tag","embeddable":true,"href":"https:\/\/centcols.org\/es\/wp-json\/wp\/v2\/tags?post=91054"}],"curies":[{"name":"wp","href":"https:\/\/api.w.org\/{rel}","templated":true}]}}