{"id":91155,"date":"2025-11-14T14:03:05","date_gmt":"2025-11-14T12:03:05","guid":{"rendered":"https:\/\/centcols.org\/?p=91155"},"modified":"2026-02-12T21:29:31","modified_gmt":"2026-02-12T19:29:31","slug":"thonon-trieste-fred-singla-2025","status":"publish","type":"post","link":"https:\/\/centcols.org\/es\/thonon-trieste-fred-singla-2025\/","title":{"rendered":"Thonon Trieste: Fred Singla cc 5173"},"content":{"rendered":"<p>Despu\u00e9s del <a href=\"https:\/\/centcols.org\/es\/thonon-trieste-jean-marc-lefevre-cc-3331\/\" target=\"_blank\" rel=\"noreferrer noopener\">narrado por Jean-Marc Lef\u00e8vre<\/a> y <a href=\"https:\/\/centcols.org\/es\/trieste-thonon-travesia-del-arco-alpino-en-bicicleta\/\" target=\"_blank\" rel=\"noreferrer noopener\">Philippe Chazottier<\/a> es el turno de Fred Singla de contarnos su aventura. Un magn\u00edfico recorrido en bicicleta, dise\u00f1ado por Georges Rossini, que une el lago Lem\u00e1n con el Adri\u00e1tico, atravesando varios puertos.<\/p>\n\n\n\n<figure class=\"wp-block-image size-full\"><a href=\"https:\/\/centcols.org\/wp-content\/uploads\/2025\/10\/carte-thono-trieste.jpeg\"><img loading=\"lazy\" decoding=\"async\" width=\"1307\" height=\"318\" src=\"https:\/\/centcols.org\/wp-content\/uploads\/2025\/10\/carte-thono-trieste.jpeg\" alt=\"\" class=\"wp-image-91161\" srcset=\"https:\/\/centcols.org\/wp-content\/uploads\/2025\/10\/carte-thono-trieste.jpeg 1307w, https:\/\/centcols.org\/wp-content\/uploads\/2025\/10\/carte-thono-trieste-1200x292.jpeg 1200w, https:\/\/centcols.org\/wp-content\/uploads\/2025\/10\/carte-thono-trieste-768x187.jpeg 768w, https:\/\/centcols.org\/wp-content\/uploads\/2025\/10\/carte-thono-trieste-18x4.jpeg 18w\" sizes=\"auto, (max-width: 1307px) 100vw, 1307px\" \/><\/a><\/figure>\n\n\n\n<blockquote class=\"wp-block-quote is-layout-flow wp-block-quote-is-layout-flow\">\n<p>Haz clic en el t\u00edtulo del escenario debajo de la foto para viajar con Fred y sus dos amigos. En cada episodio, se puede hacer clic en todas las fotos para ampliarlas.<\/p>\n<\/blockquote>\n\n\n\n<div class=\"wp-block-group has-background\" style=\"background-color:#abb7c21f\"><div class=\"wp-block-group__inner-container is-layout-constrained wp-block-group-is-layout-constrained\">\n<h2 class=\"wp-block-heading has-text-align-center\">Resumen de las etapas<\/h2>\n\n\n\n<div class=\"wp-block-columns is-layout-flex wp-container-core-columns-is-layout-9d6595d7 wp-block-columns-is-layout-flex\">\n<div class=\"wp-block-column is-layout-flow wp-block-column-is-layout-flow\">\n<figure class=\"wp-block-image size-large img-angles-carres\"><a href=\"https:\/\/centcols.org\/wp-content\/uploads\/2025\/10\/Thonon-Trieste-FS_etape01-01.jpg\"><img decoding=\"async\" src=\"https:\/\/centcols.org\/wp-content\/uploads\/2025\/10\/Thonon-Trieste-FS_etape01-01.jpg\" alt=\"\"\/><\/a><\/figure>\n\n\n\n<h5 class=\"wp-block-heading\"><em><a href=\"https:\/\/centcols.org\/es\/thonon-trieste-fred-singla-2025\/2\/\" target=\"_blank\" rel=\"noreferrer noopener\">D\u00eda 1: De Thonon-les-Bains a Brig (Suiza)<\/a><\/em><\/h5>\n<\/div>\n\n\n\n<div class=\"wp-block-column is-layout-flow wp-block-column-is-layout-flow\">\n<figure class=\"wp-block-image size-full img-angles-carres\"><img loading=\"lazy\" decoding=\"async\" width=\"1176\" height=\"785\" src=\"https:\/\/centcols.org\/wp-content\/uploads\/2025\/10\/Thonon-Trieste-FS_etape02-09.jpg\" alt=\"\" class=\"wp-image-91227\" srcset=\"https:\/\/centcols.org\/wp-content\/uploads\/2025\/10\/Thonon-Trieste-FS_etape02-09.jpg 1176w, https:\/\/centcols.org\/wp-content\/uploads\/2025\/10\/Thonon-Trieste-FS_etape02-09-768x513.jpg 768w, https:\/\/centcols.org\/wp-content\/uploads\/2025\/10\/Thonon-Trieste-FS_etape02-09-18x12.jpg 18w\" sizes=\"auto, (max-width: 1176px) 100vw, 1176px\" \/><\/figure>\n\n\n\n<h5 class=\"wp-block-heading\"><em><a href=\"https:\/\/centcols.org\/es\/thonon-trieste-fred-singla-2025\/1\/\" target=\"_blank\" rel=\"noreferrer noopener\"><\/a><a href=\"https:\/\/centcols.org\/es\/thonon-trieste-fred-singla-2025\/3\/\" target=\"_blank\" rel=\"noreferrer noopener\">D\u00eda 2: De Brig (Suiza) a Verbania (Italia)<\/a><\/em><\/h5>\n<\/div>\n\n\n\n<div class=\"wp-block-column is-layout-flow wp-block-column-is-layout-flow\">\n<figure class=\"wp-block-image size-full img-angles-carres\"><img loading=\"lazy\" decoding=\"async\" width=\"1200\" height=\"802\" src=\"https:\/\/centcols.org\/wp-content\/uploads\/2025\/10\/Thonon-Trieste-FS_etape03-15.jpg\" alt=\"\" class=\"wp-image-91257\" srcset=\"https:\/\/centcols.org\/wp-content\/uploads\/2025\/10\/Thonon-Trieste-FS_etape03-15.jpg 1200w, https:\/\/centcols.org\/wp-content\/uploads\/2025\/10\/Thonon-Trieste-FS_etape03-15-768x513.jpg 768w, https:\/\/centcols.org\/wp-content\/uploads\/2025\/10\/Thonon-Trieste-FS_etape03-15-18x12.jpg 18w\" sizes=\"auto, (max-width: 1200px) 100vw, 1200px\" \/><\/figure>\n\n\n\n<h5 class=\"wp-block-heading\"><em><a href=\"https:\/\/centcols.org\/es\/thonon-trieste-fred-singla-2025\/4\/\" target=\"_blank\" rel=\"noreferrer noopener\">D\u00eda 3: De Verbania a Campodolcino<\/a><\/em><\/h5>\n<\/div>\n\n\n\n<div class=\"wp-block-column is-layout-flow wp-block-column-is-layout-flow\">\n<figure class=\"wp-block-image size-full img-angles-carres\"><img loading=\"lazy\" decoding=\"async\" width=\"1307\" height=\"873\" src=\"https:\/\/centcols.org\/wp-content\/uploads\/2025\/10\/Thonon-Trieste-FS_etape04-07.jpg\" alt=\"\" class=\"wp-image-91269\" srcset=\"https:\/\/centcols.org\/wp-content\/uploads\/2025\/10\/Thonon-Trieste-FS_etape04-07.jpg 1307w, https:\/\/centcols.org\/wp-content\/uploads\/2025\/10\/Thonon-Trieste-FS_etape04-07-1200x802.jpg 1200w, https:\/\/centcols.org\/wp-content\/uploads\/2025\/10\/Thonon-Trieste-FS_etape04-07-768x513.jpg 768w, https:\/\/centcols.org\/wp-content\/uploads\/2025\/10\/Thonon-Trieste-FS_etape04-07-18x12.jpg 18w\" sizes=\"auto, (max-width: 1307px) 100vw, 1307px\" \/><\/figure>\n\n\n\n<h5 class=\"wp-block-heading\"><em><a href=\"https:\/\/centcols.org\/es\/thonon-trieste-fred-singla-2025\/1\/\" target=\"_blank\" rel=\"noreferrer noopener\"><\/a><a href=\"https:\/\/centcols.org\/es\/thonon-trieste-fred-singla-2025\/5\/\" target=\"_blank\" rel=\"noreferrer noopener\">D\u00eda 4: De Campodolcino a Livigno<\/a><\/em><\/h5>\n<\/div>\n\n\n\n<div class=\"wp-block-column is-layout-flow wp-block-column-is-layout-flow\">\n<figure class=\"wp-block-image size-full img-angles-carres\"><img loading=\"lazy\" decoding=\"async\" width=\"1307\" height=\"873\" src=\"https:\/\/centcols.org\/wp-content\/uploads\/2025\/10\/Thonon-Trieste-FS_etape05-12.jpg\" alt=\"\" class=\"wp-image-91319\" srcset=\"https:\/\/centcols.org\/wp-content\/uploads\/2025\/10\/Thonon-Trieste-FS_etape05-12.jpg 1307w, https:\/\/centcols.org\/wp-content\/uploads\/2025\/10\/Thonon-Trieste-FS_etape05-12-1200x802.jpg 1200w, https:\/\/centcols.org\/wp-content\/uploads\/2025\/10\/Thonon-Trieste-FS_etape05-12-768x513.jpg 768w, https:\/\/centcols.org\/wp-content\/uploads\/2025\/10\/Thonon-Trieste-FS_etape05-12-18x12.jpg 18w\" sizes=\"auto, (max-width: 1307px) 100vw, 1307px\" \/><\/figure>\n\n\n\n<h5 class=\"wp-block-heading\"><em><a href=\"https:\/\/centcols.org\/es\/thonon-trieste-fred-singla-2025\/1\/\" target=\"_blank\" rel=\"noreferrer noopener\"><\/a><a href=\"https:\/\/centcols.org\/es\/thonon-trieste-fred-singla-2025\/6\/\" target=\"_blank\" rel=\"noreferrer noopener\">D\u00eda 5: De Livigno a Malles-Venosta<\/a><\/em><\/h5>\n<\/div>\n\n\n\n<div class=\"wp-block-column is-layout-flow wp-block-column-is-layout-flow\">\n<figure class=\"wp-block-image size-full img-angles-carres\"><img loading=\"lazy\" decoding=\"async\" width=\"1307\" height=\"873\" src=\"https:\/\/centcols.org\/wp-content\/uploads\/2025\/10\/Thonon-Trieste-FS_etape06-05.jpg\" alt=\"\" class=\"wp-image-91365\" srcset=\"https:\/\/centcols.org\/wp-content\/uploads\/2025\/10\/Thonon-Trieste-FS_etape06-05.jpg 1307w, https:\/\/centcols.org\/wp-content\/uploads\/2025\/10\/Thonon-Trieste-FS_etape06-05-1200x802.jpg 1200w, https:\/\/centcols.org\/wp-content\/uploads\/2025\/10\/Thonon-Trieste-FS_etape06-05-768x513.jpg 768w, https:\/\/centcols.org\/wp-content\/uploads\/2025\/10\/Thonon-Trieste-FS_etape06-05-18x12.jpg 18w\" sizes=\"auto, (max-width: 1307px) 100vw, 1307px\" \/><\/figure>\n\n\n\n<h5 class=\"wp-block-heading\"><em><a href=\"https:\/\/centcols.org\/es\/thonon-trieste-fred-singla-2025\/1\/\" target=\"_blank\" rel=\"noreferrer noopener\"><\/a><a href=\"https:\/\/centcols.org\/es\/thonon-trieste-fred-singla-2025\/7\/\" target=\"_blank\" rel=\"noreferrer noopener\">D\u00eda 6: De Malles-Venosta a Bolzano<\/a><\/em><\/h5>\n<\/div>\n<\/div>\n\n\n\n<div class=\"wp-block-columns is-layout-flex wp-container-core-columns-is-layout-9d6595d7 wp-block-columns-is-layout-flex\">\n<div class=\"wp-block-column is-layout-flow wp-block-column-is-layout-flow\">\n<figure class=\"wp-block-image size-full img-angles-carres\"><img loading=\"lazy\" decoding=\"async\" width=\"1200\" height=\"802\" src=\"https:\/\/centcols.org\/wp-content\/uploads\/2025\/10\/Thonon-Trieste-FS_etape07-29.jpg\" alt=\"\" class=\"wp-image-91476\" srcset=\"https:\/\/centcols.org\/wp-content\/uploads\/2025\/10\/Thonon-Trieste-FS_etape07-29.jpg 1200w, https:\/\/centcols.org\/wp-content\/uploads\/2025\/10\/Thonon-Trieste-FS_etape07-29-768x513.jpg 768w, https:\/\/centcols.org\/wp-content\/uploads\/2025\/10\/Thonon-Trieste-FS_etape07-29-18x12.jpg 18w\" sizes=\"auto, (max-width: 1200px) 100vw, 1200px\" \/><\/figure>\n\n\n\n<h5 class=\"wp-block-heading\"><em><a href=\"https:\/\/centcols.org\/es\/thonon-trieste-fred-singla-2025\/1\/\" target=\"_blank\" rel=\"noreferrer noopener\"><\/a><a href=\"https:\/\/centcols.org\/es\/thonon-trieste-fred-singla-2025\/8\/\" target=\"_blank\" rel=\"noreferrer noopener\">D\u00eda 7: De Bolzano a Arabba<\/a><\/em><\/h5>\n<\/div>\n\n\n\n<div class=\"wp-block-column is-layout-flow wp-block-column-is-layout-flow\">\n<figure class=\"wp-block-image size-full img-angles-carres\"><img loading=\"lazy\" decoding=\"async\" width=\"1200\" height=\"802\" src=\"https:\/\/centcols.org\/wp-content\/uploads\/2025\/10\/Thonon-Trieste-FS_etape08-05.jpg\" alt=\"\" class=\"wp-image-91511\" srcset=\"https:\/\/centcols.org\/wp-content\/uploads\/2025\/10\/Thonon-Trieste-FS_etape08-05.jpg 1200w, https:\/\/centcols.org\/wp-content\/uploads\/2025\/10\/Thonon-Trieste-FS_etape08-05-768x513.jpg 768w, https:\/\/centcols.org\/wp-content\/uploads\/2025\/10\/Thonon-Trieste-FS_etape08-05-18x12.jpg 18w\" sizes=\"auto, (max-width: 1200px) 100vw, 1200px\" \/><\/figure>\n\n\n\n<h5 class=\"wp-block-heading\"><em><a href=\"https:\/\/centcols.org\/es\/thonon-trieste-fred-singla-2025\/1\/\" target=\"_blank\" rel=\"noreferrer noopener\"><\/a><a href=\"https:\/\/centcols.org\/es\/thonon-trieste-fred-singla-2025\/9\/\" target=\"_blank\" rel=\"noreferrer noopener\">D\u00eda 8: D\u00eda de descanso.  Vuelta alrededor del hotel.<\/a><\/em><\/h5>\n<\/div>\n\n\n\n<div class=\"wp-block-column is-layout-flow wp-block-column-is-layout-flow\">\n<figure class=\"wp-block-image size-full img-angles-carres\"><img loading=\"lazy\" decoding=\"async\" width=\"1200\" height=\"802\" src=\"https:\/\/centcols.org\/wp-content\/uploads\/2025\/10\/Thonon-Trieste-FS_etape09-07.jpg\" alt=\"\" class=\"wp-image-91566\" srcset=\"https:\/\/centcols.org\/wp-content\/uploads\/2025\/10\/Thonon-Trieste-FS_etape09-07.jpg 1200w, https:\/\/centcols.org\/wp-content\/uploads\/2025\/10\/Thonon-Trieste-FS_etape09-07-768x513.jpg 768w, https:\/\/centcols.org\/wp-content\/uploads\/2025\/10\/Thonon-Trieste-FS_etape09-07-18x12.jpg 18w\" sizes=\"auto, (max-width: 1200px) 100vw, 1200px\" \/><\/figure>\n\n\n\n<h5 class=\"wp-block-heading\"><em><a href=\"https:\/\/centcols.org\/es\/thonon-trieste-fred-singla-2025\/9\/\"><\/a><a href=\"https:\/\/centcols.org\/es\/thonon-trieste-fred-singla-2025\/#heading-1761755335652-9\"><\/a><a href=\"https:\/\/centcols.org\/es\/thonon-trieste-fred-singla-2025\/10\/\" target=\"_blank\" rel=\"noreferrer noopener\">D\u00eda 9: De Arabba a Vigo-di-Cadore<\/a><\/em><\/h5>\n<\/div>\n\n\n\n<div class=\"wp-block-column is-layout-flow wp-block-column-is-layout-flow\">\n<figure class=\"wp-block-image size-full img-angles-carres\"><img loading=\"lazy\" decoding=\"async\" width=\"1200\" height=\"802\" src=\"https:\/\/centcols.org\/wp-content\/uploads\/2025\/10\/Thonon-Trieste-FS_etape10-16.jpg\" alt=\"\" class=\"wp-image-91612\" srcset=\"https:\/\/centcols.org\/wp-content\/uploads\/2025\/10\/Thonon-Trieste-FS_etape10-16.jpg 1200w, https:\/\/centcols.org\/wp-content\/uploads\/2025\/10\/Thonon-Trieste-FS_etape10-16-768x513.jpg 768w, https:\/\/centcols.org\/wp-content\/uploads\/2025\/10\/Thonon-Trieste-FS_etape10-16-18x12.jpg 18w\" sizes=\"auto, (max-width: 1200px) 100vw, 1200px\" \/><\/figure>\n\n\n\n<h5 class=\"wp-block-heading\"><em><a href=\"https:\/\/centcols.org\/es\/thonon-trieste-fred-singla-2025\/1\/\" target=\"_blank\" rel=\"noreferrer noopener\"><\/a><a href=\"https:\/\/centcols.org\/es\/thonon-trieste-fred-singla-2025\/11\/\" target=\"_blank\" rel=\"noreferrer noopener\">D\u00eda 10: De Vigo-di-Cadore a<\/a><a href=\"https:\/\/centcols.org\/es\/thonon-trieste-fred-singla-2025\/10\/\" target=\"_blank\" rel=\"noreferrer noopener\"> <\/a><a href=\"https:\/\/centcols.org\/es\/thonon-trieste-fred-singla-2025\/1\/\" target=\"_blank\" rel=\"noreferrer noopener\"><\/a><a href=\"https:\/\/centcols.org\/es\/thonon-trieste-fred-singla-2025\/#heading-1761755335652-10\">\u00a1Tarcento + LE Zoncolan!<\/a><\/em><\/h5>\n<\/div>\n\n\n\n<div class=\"wp-block-column is-layout-flow wp-block-column-is-layout-flow\">\n<figure class=\"wp-block-image size-full img-angles-carres\"><img loading=\"lazy\" decoding=\"async\" width=\"1200\" height=\"802\" src=\"https:\/\/centcols.org\/wp-content\/uploads\/2025\/10\/Thonon-Trieste-FS_etape11-10.jpg\" alt=\"\" class=\"wp-image-91686\" srcset=\"https:\/\/centcols.org\/wp-content\/uploads\/2025\/10\/Thonon-Trieste-FS_etape11-10.jpg 1200w, https:\/\/centcols.org\/wp-content\/uploads\/2025\/10\/Thonon-Trieste-FS_etape11-10-768x513.jpg 768w, https:\/\/centcols.org\/wp-content\/uploads\/2025\/10\/Thonon-Trieste-FS_etape11-10-18x12.jpg 18w\" sizes=\"auto, (max-width: 1200px) 100vw, 1200px\" \/><\/figure>\n\n\n\n<h5 class=\"wp-block-heading\"><a href=\"https:\/\/centcols.org\/es\/thonon-trieste-fred-singla-2025\/12\/\" target=\"_blank\" rel=\"noreferrer noopener\"><em>D\u00eda 11: De Tarcento a <\/em>Trieste<\/a><\/h5>\n<\/div>\n\n\n\n<div class=\"wp-block-column is-layout-flow wp-block-column-is-layout-flow\">\n<figure class=\"wp-block-image size-full img-angles-carres\"><img loading=\"lazy\" decoding=\"async\" width=\"1200\" height=\"802\" src=\"https:\/\/centcols.org\/wp-content\/uploads\/2025\/10\/Thonon-Trieste-FS_etape12-09.jpg\" alt=\"\" class=\"wp-image-91713\" srcset=\"https:\/\/centcols.org\/wp-content\/uploads\/2025\/10\/Thonon-Trieste-FS_etape12-09.jpg 1200w, https:\/\/centcols.org\/wp-content\/uploads\/2025\/10\/Thonon-Trieste-FS_etape12-09-768x513.jpg 768w, https:\/\/centcols.org\/wp-content\/uploads\/2025\/10\/Thonon-Trieste-FS_etape12-09-18x12.jpg 18w\" sizes=\"auto, (max-width: 1200px) 100vw, 1200px\" \/><\/figure>\n\n\n\n<h5 class=\"wp-block-heading\"><em><a href=\"https:\/\/centcols.org\/es\/thonon-trieste-fred-singla-2025\/13\/\" target=\"_blank\" rel=\"noreferrer noopener\">D\u00eda 12: Ciclismo en Eslovenia y visita a Trieste<\/a><\/em><\/h5>\n<\/div>\n<\/div>\n<\/div><\/div>\n\n\n\n<h2 class=\"wp-block-heading\">El pr\u00f3logo<\/h2>\n\n\n\n<p><em>S\u00e1bado 23 de agosto :<\/em><\/p>\n\n\n\n<p>Ya est\u00e1, \u00a1estamos en Thonon-les-Bains! Despu\u00e9s de varios a\u00f1os de aplazamiento, la aventura puede comenzar \ud83d\ude0a. Dentro de unos d\u00edas, deber\u00edamos estar en Trieste despu\u00e9s de cruzar el arco alpino y afrontar los grandes puertos de los Alpes. As\u00ed que aqu\u00ed estamos, Bruno (cc 7753) y yo, al pie del muro y Jean-Marc al volante de la Partner.<\/p>\n\n\n\n<p>Jean-Marc y yo nos conocemos desde la universidad. Eso son 42 a\u00f1os. Hemos visto nacer a nuestros hijos. He perdido la cuenta del n\u00famero de comidas que hemos hecho juntos, fiestas de Nochevieja y otras festividades que hemos compartido. Nuestras dos parejas ya se han ido juntas de vacaciones. En cuanto a Bruno, hace m\u00e1s de 25 a\u00f1os que nos conocimos y nos hicimos amigos. Ha participado a menudo en las fiestas de Nochevieja y otras comidas mencionadas. Y he perdido la cuenta del n\u00famero de salidas en bicicleta que hemos compartido. En 2013, los dos me acompa\u00f1aron en un viaje en bicicleta a Marruecos. Y en 2019 en un viaje, de nuevo en bici, a Colorado. Fue tras este viaje cuando Bruno se uni\u00f3 a nuestra gran hermandad. En cuanto a m\u00ed, soy miembro desde el a\u00f1o 2000. Y en los \u00faltimos a\u00f1os, he participado en muchos viajes de la CCC. La mayor\u00eda de ellos en compa\u00f1\u00eda de Bruno. Y puede que algunos de vosotros me conozc\u00e1is de la Agrupaci\u00f3n Pirenaica Bernardini, que organizo para vosotros desde hace algunos a\u00f1os.<\/p>\n\n\n\n<p>As\u00ed que no tengo ninguna duda de que nuestro peque\u00f1o grupo deber\u00eda funcionar bien (\u00a1y obviamente lo har\u00e1!). Hasta aqu\u00ed la presentaci\u00f3n de nuestro equipo. Pasemos al equipo.<br><br>Hab\u00eda planeado salir con mi bicicleta de grava (que tiene los desarrollos adecuados y una posici\u00f3n muy c\u00f3moda). Un problema t\u00e9cnico en uno de los platos me impidi\u00f3 llevarla. Fue imposible conseguir la pieza antes de salir. En cuanto a la Roubaix, sus desarrollos no me habr\u00edan permitido completar las dif\u00edciles subidas previstas.<br>. As\u00ed que tuve que comprarme una moto nueva urgentemente. \u00bfPrisa? En realidad no, porque ya hab\u00eda empezado a mirar modelos hac\u00eda unas semanas. La Roubaix empezaba a desgastarse despu\u00e9s de 15 a\u00f1os y casi 160.000 euros.<br>km ... (Si quieres matar a tu perro, ac\u00fasalo de rabia \ud83d\ude09 ).<br><br>Esta subida de 1300 kil\u00f3metros y 25.000 metros ser\u00e1 un buen galope de calentamiento para esta nueva bicicleta: Orbea Orca M30 para los entendidos.<\/p>\n\n\n<div class=\"wp-block-image\">\n<figure class=\"aligncenter size-full is-resized\"><img loading=\"lazy\" decoding=\"async\" width=\"1200\" height=\"554\" src=\"https:\/\/centcols.org\/wp-content\/uploads\/2025\/10\/Orbea-Orca-M30r.jpg\" alt=\"\" class=\"wp-image-91197\" style=\"width:800px\" srcset=\"https:\/\/centcols.org\/wp-content\/uploads\/2025\/10\/Orbea-Orca-M30r.jpg 1200w, https:\/\/centcols.org\/wp-content\/uploads\/2025\/10\/Orbea-Orca-M30r-768x355.jpg 768w, https:\/\/centcols.org\/wp-content\/uploads\/2025\/10\/Orbea-Orca-M30r-18x8.jpg 18w\" sizes=\"auto, (max-width: 1200px) 100vw, 1200px\" \/><figcaption class=\"wp-element-caption\">Aqu\u00ed est\u00e1 la bestia. Y puedo decir, en retrospectiva, \u00a1que cumpli\u00f3 muy bien su papel!<\/figcaption><\/figure>\n<\/div>\n\n\n<div class=\"wp-block-buttons is-content-justification-right is-layout-flex wp-container-core-buttons-is-layout-765c4724 wp-block-buttons-is-layout-flex\">\n<div class=\"wp-block-button\"><a class=\"wp-block-button__link has-text-color has-background has-link-color wp-element-button\" href=\"https:\/\/centcols.org\/es\/thonon-trieste-fred-singla-2025\/2\/\" style=\"color:#2a488c;background-color:#88f2fd;text-transform:uppercase\"><strong>En primer lugar<\/strong> <strong>Paso <\/strong><\/a><\/div>\n<\/div>\n\n\n\n<!--nextpage-->\n\n\n\n<h2 class=\"wp-block-heading\"><em> D\u00eda 1: De Thonon-les-Bains a Brig (Suiza)<\/em><\/h2>\n\n\n\n<p>169 km - 1700 m de den+, 1 puerto<\/p>\n\n\n\n<p>Una r\u00e1pida mirada al lago Lem\u00e1n y nos vamos a Thonon-les-Bains. Emprendemos un largo viaje. .<\/p>\n\n\n<div class=\"wp-block-image\">\n<figure class=\"aligncenter size-full\"><a href=\"https:\/\/centcols.org\/wp-content\/uploads\/2025\/10\/Thonon-Trieste-FS_etape01-01.jpg\"><img loading=\"lazy\" decoding=\"async\" width=\"1176\" height=\"785\" src=\"https:\/\/centcols.org\/wp-content\/uploads\/2025\/10\/Thonon-Trieste-FS_etape01-01.jpg\" alt=\"\" class=\"wp-image-91163\" srcset=\"https:\/\/centcols.org\/wp-content\/uploads\/2025\/10\/Thonon-Trieste-FS_etape01-01.jpg 1176w, https:\/\/centcols.org\/wp-content\/uploads\/2025\/10\/Thonon-Trieste-FS_etape01-01-768x513.jpg 768w, https:\/\/centcols.org\/wp-content\/uploads\/2025\/10\/Thonon-Trieste-FS_etape01-01-18x12.jpg 18w\" sizes=\"auto, (max-width: 1176px) 100vw, 1176px\" \/><\/a><figcaption class=\"wp-element-caption\">Lago Lem\u00e1n<\/figcaption><\/figure>\n<\/div>\n\n\n<p>Despu\u00e9s de 15 km, llegamos a una carretera cerrada -y cerrada estaba- por obras. El desv\u00edo propuesto es muy largo y decidimos seguir adelante.<br>Menos mal que es domingo, porque los obreros no nos habr\u00edan dejado pasar...<br>Despejan el acantilado que domina la carretera por la que circula Bruno. Cruzamos el obst\u00e1culo y muy r\u00e1pidamente... \u00a1ya no hay carretera!<\/p>\n\n\n\n<p>Despu\u00e9s, nos enfrentaremos nada menos que a dos portales. Es ante la adversidad cuando el dicho \u00abla uni\u00f3n hace la fuerza\u00bb cobra todo su sentido. De hecho, estos obst\u00e1culos habr\u00edan sido casi imposibles de superar por una sola persona.<\/p>\n\n\n\n<figure class=\"wp-block-gallery has-nested-images columns-default is-cropped wp-block-gallery-1 is-layout-flex wp-block-gallery-is-layout-flex\">\n<figure class=\"wp-block-image size-large\"><a href=\"https:\/\/centcols.org\/wp-content\/uploads\/2025\/10\/Thonon-Trieste-FS_etape01-02.jpg\"><img loading=\"lazy\" decoding=\"async\" width=\"1176\" height=\"785\" data-id=\"91164\" src=\"https:\/\/centcols.org\/wp-content\/uploads\/2025\/10\/Thonon-Trieste-FS_etape01-02.jpg\" alt=\"\" class=\"wp-image-91164\" srcset=\"https:\/\/centcols.org\/wp-content\/uploads\/2025\/10\/Thonon-Trieste-FS_etape01-02.jpg 1176w, https:\/\/centcols.org\/wp-content\/uploads\/2025\/10\/Thonon-Trieste-FS_etape01-02-768x513.jpg 768w, https:\/\/centcols.org\/wp-content\/uploads\/2025\/10\/Thonon-Trieste-FS_etape01-02-18x12.jpg 18w\" sizes=\"auto, (max-width: 1176px) 100vw, 1176px\" \/><\/a><\/figure>\n\n\n\n<figure class=\"wp-block-image size-large\"><a href=\"https:\/\/centcols.org\/wp-content\/uploads\/2025\/10\/Thonon-Trieste-FS_etape01-03.jpg\"><img loading=\"lazy\" decoding=\"async\" width=\"1176\" height=\"785\" data-id=\"91165\" src=\"https:\/\/centcols.org\/wp-content\/uploads\/2025\/10\/Thonon-Trieste-FS_etape01-03.jpg\" alt=\"\" class=\"wp-image-91165\" srcset=\"https:\/\/centcols.org\/wp-content\/uploads\/2025\/10\/Thonon-Trieste-FS_etape01-03.jpg 1176w, https:\/\/centcols.org\/wp-content\/uploads\/2025\/10\/Thonon-Trieste-FS_etape01-03-768x513.jpg 768w, https:\/\/centcols.org\/wp-content\/uploads\/2025\/10\/Thonon-Trieste-FS_etape01-03-18x12.jpg 18w\" sizes=\"auto, (max-width: 1176px) 100vw, 1176px\" \/><\/a><\/figure>\n<\/figure>\n\n\n\n<p>A continuaci\u00f3n pasamos por Abondance y Ch\u00e2tel. Ch\u00e2tel tuvo el placer de acoger el Tour de Francia femenino unas semanas antes.<br>Una subida m\u00e1s tarde, llegamos al Pas de Morgins o Col d'Abondance, que marca la frontera. Hemos cruzado a Suiza y ahora estamos en el Valais.<br>El puerto es el primero de nuestro viaje. Nos quedamos all\u00ed un rato para contemplar la hermosa vista de Ch\u00e2tel.<\/p>\n\n\n\n<figure class=\"wp-block-gallery aligncenter has-nested-images columns-default is-cropped wp-block-gallery-2 is-layout-flex wp-block-gallery-is-layout-flex\">\n<figure class=\"wp-block-image size-full\"><a href=\"https:\/\/centcols.org\/wp-content\/uploads\/2025\/10\/Thonon-Trieste-FS_etape01-05a.jpg\"><img loading=\"lazy\" decoding=\"async\" width=\"942\" height=\"1246\" data-id=\"91384\" src=\"https:\/\/centcols.org\/wp-content\/uploads\/2025\/10\/Thonon-Trieste-FS_etape01-05a.jpg\" alt=\"\" class=\"wp-image-91384\" srcset=\"https:\/\/centcols.org\/wp-content\/uploads\/2025\/10\/Thonon-Trieste-FS_etape01-05a.jpg 942w, https:\/\/centcols.org\/wp-content\/uploads\/2025\/10\/Thonon-Trieste-FS_etape01-05a-907x1200.jpg 907w, https:\/\/centcols.org\/wp-content\/uploads\/2025\/10\/Thonon-Trieste-FS_etape01-05a-768x1016.jpg 768w, https:\/\/centcols.org\/wp-content\/uploads\/2025\/10\/Thonon-Trieste-FS_etape01-05a-9x12.jpg 9w\" sizes=\"auto, (max-width: 942px) 100vw, 942px\" \/><\/a><figcaption class=\"wp-element-caption\">Fred<\/figcaption><\/figure>\n\n\n\n<figure class=\"wp-block-image size-full\"><a href=\"https:\/\/centcols.org\/wp-content\/uploads\/2025\/10\/Thonon-Trieste-FS_etape01-05.jpg\"><img loading=\"lazy\" decoding=\"async\" width=\"847\" height=\"1115\" data-id=\"91383\" src=\"https:\/\/centcols.org\/wp-content\/uploads\/2025\/10\/Thonon-Trieste-FS_etape01-05.jpg\" alt=\"\" class=\"wp-image-91383\" srcset=\"https:\/\/centcols.org\/wp-content\/uploads\/2025\/10\/Thonon-Trieste-FS_etape01-05.jpg 847w, https:\/\/centcols.org\/wp-content\/uploads\/2025\/10\/Thonon-Trieste-FS_etape01-05-768x1011.jpg 768w, https:\/\/centcols.org\/wp-content\/uploads\/2025\/10\/Thonon-Trieste-FS_etape01-05-9x12.jpg 9w\" sizes=\"auto, (max-width: 847px) 100vw, 847px\" \/><\/a><figcaption class=\"wp-element-caption\">Bruno y Jean-Marc<\/figcaption><\/figure>\n<figcaption class=\"blocks-gallery-caption wp-element-caption\">El buen equipo en el primer paso del viaje<\/figcaption><\/figure>\n\n\n\n<p>Luego sigue un magn\u00edfico descenso hacia un amplio valle repleto de huertos.<br>Un carril bici ofrece una seguridad casi constante. Pasa al pie de la cascada, po\u00e9ticamente llamada Pissevaches.&nbsp;<br>El R\u00f3dano, que se atraviesa varias veces, tiene el color de la nieve derretida.<br>Alrededor de Sion, los huertos dan paso a magn\u00edficos vi\u00f1edos en empinadas laderas. .<\/p>\n\n\n\n<figure class=\"wp-block-gallery has-nested-images columns-default is-cropped wp-block-gallery-3 is-layout-flex wp-block-gallery-is-layout-flex\">\n<figure class=\"wp-block-image size-large\"><a href=\"https:\/\/centcols.org\/wp-content\/uploads\/2025\/10\/Thonon-Trieste-FS_etape01-04.jpg\"><img loading=\"lazy\" decoding=\"async\" width=\"1176\" height=\"785\" data-id=\"91167\" src=\"https:\/\/centcols.org\/wp-content\/uploads\/2025\/10\/Thonon-Trieste-FS_etape01-04.jpg\" alt=\"\" class=\"wp-image-91167\" srcset=\"https:\/\/centcols.org\/wp-content\/uploads\/2025\/10\/Thonon-Trieste-FS_etape01-04.jpg 1176w, https:\/\/centcols.org\/wp-content\/uploads\/2025\/10\/Thonon-Trieste-FS_etape01-04-768x513.jpg 768w, https:\/\/centcols.org\/wp-content\/uploads\/2025\/10\/Thonon-Trieste-FS_etape01-04-18x12.jpg 18w\" sizes=\"auto, (max-width: 1176px) 100vw, 1176px\" \/><\/a><figcaption class=\"wp-element-caption\">Ch\u00e2tel desde el puerto de Morgins<\/figcaption><\/figure>\n\n\n\n<figure class=\"wp-block-image size-large\"><a href=\"https:\/\/centcols.org\/wp-content\/uploads\/2025\/10\/Thonon-Trieste-FS_etape01-06.jpg\"><img loading=\"lazy\" decoding=\"async\" width=\"1176\" height=\"785\" data-id=\"91169\" src=\"https:\/\/centcols.org\/wp-content\/uploads\/2025\/10\/Thonon-Trieste-FS_etape01-06.jpg\" alt=\"\" class=\"wp-image-91169\" srcset=\"https:\/\/centcols.org\/wp-content\/uploads\/2025\/10\/Thonon-Trieste-FS_etape01-06.jpg 1176w, https:\/\/centcols.org\/wp-content\/uploads\/2025\/10\/Thonon-Trieste-FS_etape01-06-768x513.jpg 768w, https:\/\/centcols.org\/wp-content\/uploads\/2025\/10\/Thonon-Trieste-FS_etape01-06-18x12.jpg 18w\" sizes=\"auto, (max-width: 1176px) 100vw, 1176px\" \/><\/a><figcaption class=\"wp-element-caption\">Cruzar el R\u00f3dano en Riddes (Suiza)<\/figcaption><\/figure>\n\n\n\n<figure class=\"wp-block-image size-large\"><a href=\"https:\/\/centcols.org\/wp-content\/uploads\/2025\/10\/Thonon-Trieste-FS_etape01-07.jpg\"><img loading=\"lazy\" decoding=\"async\" width=\"1176\" height=\"785\" data-id=\"91168\" src=\"https:\/\/centcols.org\/wp-content\/uploads\/2025\/10\/Thonon-Trieste-FS_etape01-07.jpg\" alt=\"\" class=\"wp-image-91168\" srcset=\"https:\/\/centcols.org\/wp-content\/uploads\/2025\/10\/Thonon-Trieste-FS_etape01-07.jpg 1176w, https:\/\/centcols.org\/wp-content\/uploads\/2025\/10\/Thonon-Trieste-FS_etape01-07-768x513.jpg 768w, https:\/\/centcols.org\/wp-content\/uploads\/2025\/10\/Thonon-Trieste-FS_etape01-07-18x12.jpg 18w\" sizes=\"auto, (max-width: 1176px) 100vw, 1176px\" \/><\/a><figcaption class=\"wp-element-caption\">Vi\u00f1edo de Si\u00f3n.<\/figcaption><\/figure>\n\n\n\n<figure class=\"wp-block-image size-large\"><a href=\"https:\/\/centcols.org\/wp-content\/uploads\/2025\/10\/Thonon-Trieste-FS_etape01-08.jpg\"><img loading=\"lazy\" decoding=\"async\" width=\"1176\" height=\"785\" data-id=\"91166\" src=\"https:\/\/centcols.org\/wp-content\/uploads\/2025\/10\/Thonon-Trieste-FS_etape01-08.jpg\" alt=\"\" class=\"wp-image-91166\" srcset=\"https:\/\/centcols.org\/wp-content\/uploads\/2025\/10\/Thonon-Trieste-FS_etape01-08.jpg 1176w, https:\/\/centcols.org\/wp-content\/uploads\/2025\/10\/Thonon-Trieste-FS_etape01-08-768x513.jpg 768w, https:\/\/centcols.org\/wp-content\/uploads\/2025\/10\/Thonon-Trieste-FS_etape01-08-18x12.jpg 18w\" sizes=\"auto, (max-width: 1176px) 100vw, 1176px\" \/><\/a><figcaption class=\"wp-element-caption\">Vi\u00f1edo de Si\u00f3n<\/figcaption><\/figure>\n<\/figure>\n\n\n\n<p>Llegamos a Brig despu\u00e9s de 169 km, D 1700 y un paso.<br><br>Brig, donde ya no hay calles sino stra\u00dfe. De hecho, nos deslizamos varios kil\u00f3metros desde la parte franc\u00f3fona a la german\u00f3fona.<br>Los mismos anuncios que ve\u00edamos en franc\u00e9s en Monthey, Martigny o Sion est\u00e1n ahora en alem\u00e1n. Tambi\u00e9n los apellidos, los nombres de los pueblos y de las empresas. Y la gente ya no habla franc\u00e9s...<\/p>\n\n\n<div class=\"wp-block-image\">\n<figure class=\"aligncenter size-full\"><a href=\"https:\/\/centcols.org\/wp-content\/uploads\/2025\/10\/Thonon-Trieste-FS_etape01-09.jpg\"><img loading=\"lazy\" decoding=\"async\" width=\"1176\" height=\"785\" src=\"https:\/\/centcols.org\/wp-content\/uploads\/2025\/10\/Thonon-Trieste-FS_etape01-09.jpg\" alt=\"\" class=\"wp-image-91170\" srcset=\"https:\/\/centcols.org\/wp-content\/uploads\/2025\/10\/Thonon-Trieste-FS_etape01-09.jpg 1176w, https:\/\/centcols.org\/wp-content\/uploads\/2025\/10\/Thonon-Trieste-FS_etape01-09-768x513.jpg 768w, https:\/\/centcols.org\/wp-content\/uploads\/2025\/10\/Thonon-Trieste-FS_etape01-09-18x12.jpg 18w\" sizes=\"auto, (max-width: 1176px) 100vw, 1176px\" \/><\/a><\/figure>\n<\/div>\n\n\n<p>Ma\u00f1ana comienzan los grandes puertos.<\/p>\n\n\n\n<div class=\"wp-block-buttons is-content-justification-space-between is-layout-flex wp-container-core-buttons-is-layout-3d213aab wp-block-buttons-is-layout-flex\">\n<div class=\"wp-block-button\"><a class=\"wp-block-button__link has-text-color has-background has-link-color wp-element-button\" href=\"https:\/\/centcols.org\/es\/thonon-trieste-fred-singla-2025\/\" style=\"color:#2a488c;background-color:#88f2fd;text-transform:uppercase\"><strong>Pr\u00f3logo<\/strong><\/a><\/div>\n\n\n\n<div class=\"wp-block-button\"><a class=\"wp-block-button__link has-text-color has-background has-link-color wp-element-button\" href=\"https:\/\/centcols.org\/es\/thonon-trieste-fred-singla-2025\/3\/\" style=\"color:#2a488c;background-color:#88f2fd;text-transform:uppercase\"><strong>Siguiente paso<\/strong><\/a><\/div>\n<\/div>\n\n\n\n<!--nextpage-->\n\n\n\n<h2 class=\"wp-block-heading\"><em> D\u00eda 2: desde Brig (Suiza)<\/em> en Verbania (Italia)<\/h2>\n\n\n\n<p>100 km - 1500 m de den+, 1 paso &gt;2000<\/p>\n\n\n<div class=\"wp-block-image\">\n<figure class=\"aligncenter size-full is-resized\"><a href=\"https:\/\/centcols.org\/wp-content\/uploads\/2025\/10\/Thonon-Trieste-FS_etape02-01.jpg\"><img loading=\"lazy\" decoding=\"async\" width=\"1176\" height=\"785\" src=\"https:\/\/centcols.org\/wp-content\/uploads\/2025\/10\/Thonon-Trieste-FS_etape02-01.jpg\" alt=\"\" class=\"wp-image-91214\" style=\"width:800px\" srcset=\"https:\/\/centcols.org\/wp-content\/uploads\/2025\/10\/Thonon-Trieste-FS_etape02-01.jpg 1176w, https:\/\/centcols.org\/wp-content\/uploads\/2025\/10\/Thonon-Trieste-FS_etape02-01-768x513.jpg 768w, https:\/\/centcols.org\/wp-content\/uploads\/2025\/10\/Thonon-Trieste-FS_etape02-01-18x12.jpg 18w\" sizes=\"auto, (max-width: 1176px) 100vw, 1176px\" \/><\/a><figcaption class=\"wp-element-caption\">Precioso granero sobre pilotes en Ried-Brig<\/figcaption><\/figure>\n<\/div>\n\n\n<p>No hay calentamiento al salir del hotel. Y con raz\u00f3n: \u00a1est\u00e1 al pie del puerto! Salimos corriendo.<br>Comenzamos con 7 km sin tr\u00e1fico por la antigua carretera que atraviesa Ried. La subida ofrece una gran vista de la carretera que tomaremos a continuaci\u00f3n.  Est\u00e1 sobre pilotes y parece aferrarse a la monta\u00f1a. <\/p>\n\n\n<div class=\"wp-block-image\">\n<figure class=\"aligncenter size-full\"><a href=\"https:\/\/centcols.org\/wp-content\/uploads\/2025\/10\/Thonon-Trieste-FS_etape02-02.jpg\"><img loading=\"lazy\" decoding=\"async\" width=\"1176\" height=\"785\" src=\"https:\/\/centcols.org\/wp-content\/uploads\/2025\/10\/Thonon-Trieste-FS_etape02-02.jpg\" alt=\"\" class=\"wp-image-91215\" srcset=\"https:\/\/centcols.org\/wp-content\/uploads\/2025\/10\/Thonon-Trieste-FS_etape02-02.jpg 1176w, https:\/\/centcols.org\/wp-content\/uploads\/2025\/10\/Thonon-Trieste-FS_etape02-02-768x513.jpg 768w, https:\/\/centcols.org\/wp-content\/uploads\/2025\/10\/Thonon-Trieste-FS_etape02-02-18x12.jpg 18w\" sizes=\"auto, (max-width: 1176px) 100vw, 1176px\" \/><\/a><figcaption class=\"wp-element-caption\">En la subida, una vista de Brig, que desaparece r\u00e1pidamente en la distancia.<\/figcaption><\/figure>\n<\/div>\n\n\n<p>En el km 7, retomamos la carretera principal. A pesar del t\u00fanel de Simplon, sigue habiendo mucho tr\u00e1fico, pero no pasa nada durante otros 5 \u00f3 6 km. Luego llegamos a los numerosos y largos paravalanches, donde el tr\u00e1fico ha aumentado debido a la hora del d\u00eda, \u00a1y el ruido es infernal!<br>Es un viaje largo, pero hemos tenido tiempo de disfrutar de las bonitas aldeas y los picos de los alrededores. .<\/p>\n\n\n\n<figure class=\"wp-block-gallery has-nested-images columns-default is-cropped wp-block-gallery-4 is-layout-flex wp-block-gallery-is-layout-flex\">\n<figure class=\"wp-block-image size-large\"><a href=\"https:\/\/centcols.org\/wp-content\/uploads\/2025\/10\/Thonon-Trieste-FS_etape02-04.jpg\"><img loading=\"lazy\" decoding=\"async\" width=\"1176\" height=\"543\" data-id=\"91218\" src=\"https:\/\/centcols.org\/wp-content\/uploads\/2025\/10\/Thonon-Trieste-FS_etape02-04.jpg\" alt=\"\" class=\"wp-image-91218\" srcset=\"https:\/\/centcols.org\/wp-content\/uploads\/2025\/10\/Thonon-Trieste-FS_etape02-04.jpg 1176w, https:\/\/centcols.org\/wp-content\/uploads\/2025\/10\/Thonon-Trieste-FS_etape02-04-768x355.jpg 768w, https:\/\/centcols.org\/wp-content\/uploads\/2025\/10\/Thonon-Trieste-FS_etape02-04-18x8.jpg 18w\" sizes=\"auto, (max-width: 1176px) 100vw, 1176px\" \/><\/a><\/figure>\n\n\n\n<figure class=\"wp-block-image size-large\"><a href=\"https:\/\/centcols.org\/wp-content\/uploads\/2025\/10\/Thonon-Trieste-FS_etape02-03.jpg\"><img loading=\"lazy\" decoding=\"async\" width=\"1176\" height=\"785\" data-id=\"91217\" src=\"https:\/\/centcols.org\/wp-content\/uploads\/2025\/10\/Thonon-Trieste-FS_etape02-03.jpg\" alt=\"\" class=\"wp-image-91217\" srcset=\"https:\/\/centcols.org\/wp-content\/uploads\/2025\/10\/Thonon-Trieste-FS_etape02-03.jpg 1176w, https:\/\/centcols.org\/wp-content\/uploads\/2025\/10\/Thonon-Trieste-FS_etape02-03-768x513.jpg 768w, https:\/\/centcols.org\/wp-content\/uploads\/2025\/10\/Thonon-Trieste-FS_etape02-03-18x12.jpg 18w\" sizes=\"auto, (max-width: 1176px) 100vw, 1176px\" \/><\/a><\/figure>\n<\/figure>\n\n\n\n<p>Por \u00faltimo, se llega al Simplonpass, con su \u00e1guila de 9 m de altura. Construida tras la Segunda Guerra Mundial, simboliza el valor de las \u00abBrigadas de la Libertad\u00ab.<\/p>\n\n\n\n<figure class=\"wp-block-gallery has-nested-images columns-2 is-cropped wp-block-gallery-5 is-layout-flex wp-block-gallery-is-layout-flex\">\n<figure class=\"wp-block-image size-large\"><a href=\"https:\/\/centcols.org\/wp-content\/uploads\/2025\/10\/Thonon-Trieste-FS_etape02-05.jpg\"><img loading=\"lazy\" decoding=\"async\" width=\"900\" height=\"1121\" data-id=\"91221\" src=\"https:\/\/centcols.org\/wp-content\/uploads\/2025\/10\/Thonon-Trieste-FS_etape02-05.jpg\" alt=\"\" class=\"wp-image-91221\" srcset=\"https:\/\/centcols.org\/wp-content\/uploads\/2025\/10\/Thonon-Trieste-FS_etape02-05.jpg 900w, https:\/\/centcols.org\/wp-content\/uploads\/2025\/10\/Thonon-Trieste-FS_etape02-05-768x957.jpg 768w, https:\/\/centcols.org\/wp-content\/uploads\/2025\/10\/Thonon-Trieste-FS_etape02-05-10x12.jpg 10w\" sizes=\"auto, (max-width: 900px) 100vw, 900px\" \/><\/a><\/figure>\n\n\n\n<figure class=\"wp-block-image size-large\"><a href=\"https:\/\/centcols.org\/wp-content\/uploads\/2025\/10\/Thonon-Trieste-FS_etape02-06.jpg\"><img loading=\"lazy\" decoding=\"async\" width=\"785\" height=\"1121\" data-id=\"91223\" src=\"https:\/\/centcols.org\/wp-content\/uploads\/2025\/10\/Thonon-Trieste-FS_etape02-06.jpg\" alt=\"\" class=\"wp-image-91223\" srcset=\"https:\/\/centcols.org\/wp-content\/uploads\/2025\/10\/Thonon-Trieste-FS_etape02-06.jpg 785w, https:\/\/centcols.org\/wp-content\/uploads\/2025\/10\/Thonon-Trieste-FS_etape02-06-768x1097.jpg 768w, https:\/\/centcols.org\/wp-content\/uploads\/2025\/10\/Thonon-Trieste-FS_etape02-06-8x12.jpg 8w\" sizes=\"auto, (max-width: 785px) 100vw, 785px\" \/><\/a><\/figure>\n\n\n\n<figure class=\"wp-block-image size-large\"><a href=\"https:\/\/centcols.org\/wp-content\/uploads\/2025\/10\/Thonon-Trieste-FS_etape02-07.jpg\"><img loading=\"lazy\" decoding=\"async\" width=\"1176\" height=\"785\" data-id=\"91219\" src=\"https:\/\/centcols.org\/wp-content\/uploads\/2025\/10\/Thonon-Trieste-FS_etape02-07.jpg\" alt=\"\" class=\"wp-image-91219\" srcset=\"https:\/\/centcols.org\/wp-content\/uploads\/2025\/10\/Thonon-Trieste-FS_etape02-07.jpg 1176w, https:\/\/centcols.org\/wp-content\/uploads\/2025\/10\/Thonon-Trieste-FS_etape02-07-768x513.jpg 768w, https:\/\/centcols.org\/wp-content\/uploads\/2025\/10\/Thonon-Trieste-FS_etape02-07-18x12.jpg 18w\" sizes=\"auto, (max-width: 1176px) 100vw, 1176px\" \/><\/a><\/figure>\n\n\n\n<figure class=\"wp-block-image size-large\"><a href=\"https:\/\/centcols.org\/wp-content\/uploads\/2025\/10\/Thonon-Trieste-FS_etape02-08.jpg\"><img loading=\"lazy\" decoding=\"async\" width=\"1130\" height=\"753\" data-id=\"91224\" src=\"https:\/\/centcols.org\/wp-content\/uploads\/2025\/10\/Thonon-Trieste-FS_etape02-08.jpg\" alt=\"\" class=\"wp-image-91224\" srcset=\"https:\/\/centcols.org\/wp-content\/uploads\/2025\/10\/Thonon-Trieste-FS_etape02-08.jpg 1130w, https:\/\/centcols.org\/wp-content\/uploads\/2025\/10\/Thonon-Trieste-FS_etape02-08-768x512.jpg 768w, https:\/\/centcols.org\/wp-content\/uploads\/2025\/10\/Thonon-Trieste-FS_etape02-08-18x12.jpg 18w\" sizes=\"auto, (max-width: 1130px) 100vw, 1130px\" \/><\/a><figcaption class=\"wp-element-caption\">Hospicio Simplon Pass<\/figcaption><\/figure>\n<\/figure>\n\n\n\n<p>El descenso incluye tantos paravalanchas como el ascenso, e incluso m\u00e1s porque es m\u00e1s largo. A\u00fan quedan algunos pueblos preciosos, justo antes de cruzar de nuevo a Italia.<\/p>\n\n\n<div class=\"wp-block-image\">\n<figure class=\"aligncenter size-full\"><a href=\"https:\/\/centcols.org\/wp-content\/uploads\/2025\/10\/Thonon-Trieste-FS_etape02-09.jpg\"><img loading=\"lazy\" decoding=\"async\" width=\"1176\" height=\"785\" src=\"https:\/\/centcols.org\/wp-content\/uploads\/2025\/10\/Thonon-Trieste-FS_etape02-09.jpg\" alt=\"\" class=\"wp-image-91227\" srcset=\"https:\/\/centcols.org\/wp-content\/uploads\/2025\/10\/Thonon-Trieste-FS_etape02-09.jpg 1176w, https:\/\/centcols.org\/wp-content\/uploads\/2025\/10\/Thonon-Trieste-FS_etape02-09-768x513.jpg 768w, https:\/\/centcols.org\/wp-content\/uploads\/2025\/10\/Thonon-Trieste-FS_etape02-09-18x12.jpg 18w\" sizes=\"auto, (max-width: 1176px) 100vw, 1176px\" \/><\/a><figcaption class=\"wp-element-caption\">Simplon Dorf (Suiza)<\/figcaption><\/figure>\n<\/div>\n\n\n<p>En Domodossola, nos reunimos con Jean-Marc delante de la hermosa estaci\u00f3n. Paramos a comer en una acogedora trattoria. Nos quedaban entonces unos cuarenta km por recorrer, la mayor\u00eda en l\u00ednea recta y con un viento bastante fuerte y obviamente desfavorable.<br>Tras cruzar el Toce, lo seguimos durante un buen rato. Todo ello nos lleva a la orilla del Lago Maggiore, donde se encuentra nuestro hotel.<\/p>\n\n\n\n<figure class=\"wp-block-gallery has-nested-images columns-default is-cropped wp-block-gallery-6 is-layout-flex wp-block-gallery-is-layout-flex\">\n<figure class=\"wp-block-image size-large\"><a href=\"https:\/\/centcols.org\/wp-content\/uploads\/2025\/10\/Thonon-Trieste-FS_etape02-10.jpg\"><img loading=\"lazy\" decoding=\"async\" width=\"1176\" height=\"785\" data-id=\"91229\" src=\"https:\/\/centcols.org\/wp-content\/uploads\/2025\/10\/Thonon-Trieste-FS_etape02-10.jpg\" alt=\"\" class=\"wp-image-91229\" srcset=\"https:\/\/centcols.org\/wp-content\/uploads\/2025\/10\/Thonon-Trieste-FS_etape02-10.jpg 1176w, https:\/\/centcols.org\/wp-content\/uploads\/2025\/10\/Thonon-Trieste-FS_etape02-10-768x513.jpg 768w, https:\/\/centcols.org\/wp-content\/uploads\/2025\/10\/Thonon-Trieste-FS_etape02-10-18x12.jpg 18w\" sizes=\"auto, (max-width: 1176px) 100vw, 1176px\" \/><\/a><figcaption class=\"wp-element-caption\">le Toce<\/figcaption><\/figure>\n\n\n\n<figure class=\"wp-block-image size-large\"><a href=\"https:\/\/centcols.org\/wp-content\/uploads\/2025\/10\/Thonon-Trieste-FS_etape02-11.jpg\"><img loading=\"lazy\" decoding=\"async\" width=\"1176\" height=\"785\" data-id=\"91228\" src=\"https:\/\/centcols.org\/wp-content\/uploads\/2025\/10\/Thonon-Trieste-FS_etape02-11.jpg\" alt=\"\" class=\"wp-image-91228\" srcset=\"https:\/\/centcols.org\/wp-content\/uploads\/2025\/10\/Thonon-Trieste-FS_etape02-11.jpg 1176w, https:\/\/centcols.org\/wp-content\/uploads\/2025\/10\/Thonon-Trieste-FS_etape02-11-768x513.jpg 768w, https:\/\/centcols.org\/wp-content\/uploads\/2025\/10\/Thonon-Trieste-FS_etape02-11-18x12.jpg 18w\" sizes=\"auto, (max-width: 1176px) 100vw, 1176px\" \/><\/a><figcaption class=\"wp-element-caption\">Verbania, a orillas del Lago Mayor<\/figcaption><\/figure>\n<\/figure>\n\n\n\n<p>Tras instalarnos, damos un breve paseo por la orilla del lago.<\/p>\n\n\n\n<figure class=\"wp-block-gallery has-nested-images columns-default is-cropped wp-block-gallery-7 is-layout-flex wp-block-gallery-is-layout-flex\">\n<figure class=\"wp-block-image size-large\"><a href=\"https:\/\/centcols.org\/wp-content\/uploads\/2025\/10\/Thonon-Trieste-FS_etape02-12.jpg\"><img loading=\"lazy\" decoding=\"async\" width=\"1176\" height=\"1049\" data-id=\"91389\" src=\"https:\/\/centcols.org\/wp-content\/uploads\/2025\/10\/Thonon-Trieste-FS_etape02-12.jpg\" alt=\"\" class=\"wp-image-91389\" srcset=\"https:\/\/centcols.org\/wp-content\/uploads\/2025\/10\/Thonon-Trieste-FS_etape02-12.jpg 1176w, https:\/\/centcols.org\/wp-content\/uploads\/2025\/10\/Thonon-Trieste-FS_etape02-12-768x685.jpg 768w, https:\/\/centcols.org\/wp-content\/uploads\/2025\/10\/Thonon-Trieste-FS_etape02-12-13x12.jpg 13w\" sizes=\"auto, (max-width: 1176px) 100vw, 1176px\" \/><\/a><\/figure>\n\n\n\n<figure class=\"wp-block-image size-large\"><a href=\"https:\/\/centcols.org\/wp-content\/uploads\/2025\/10\/Thonon-Trieste-FS_etape02-13.jpg\"><img loading=\"lazy\" decoding=\"async\" width=\"1176\" height=\"785\" data-id=\"91388\" src=\"https:\/\/centcols.org\/wp-content\/uploads\/2025\/10\/Thonon-Trieste-FS_etape02-13.jpg\" alt=\"\" class=\"wp-image-91388\" srcset=\"https:\/\/centcols.org\/wp-content\/uploads\/2025\/10\/Thonon-Trieste-FS_etape02-13.jpg 1176w, https:\/\/centcols.org\/wp-content\/uploads\/2025\/10\/Thonon-Trieste-FS_etape02-13-768x513.jpg 768w, https:\/\/centcols.org\/wp-content\/uploads\/2025\/10\/Thonon-Trieste-FS_etape02-13-18x12.jpg 18w\" sizes=\"auto, (max-width: 1176px) 100vw, 1176px\" \/><\/a><\/figure>\n<\/figure>\n\n\n\n<p>Un paseo que nos lleva a una terraza donde se agradece una buena cerveza despu\u00e9s de 100 km, 1500 de ascensi\u00f3n y un bonito puerto a 2000 suizos.<\/p>\n\n\n<div class=\"wp-block-image\">\n<figure class=\"aligncenter size-full is-resized\"><a href=\"https:\/\/centcols.org\/wp-content\/uploads\/2025\/10\/Thonon-Trieste-FS_etape02-14.jpg\"><img loading=\"lazy\" decoding=\"async\" width=\"1176\" height=\"882\" src=\"https:\/\/centcols.org\/wp-content\/uploads\/2025\/10\/Thonon-Trieste-FS_etape02-14.jpg\" alt=\"\" class=\"wp-image-91230\" style=\"width:800px\" srcset=\"https:\/\/centcols.org\/wp-content\/uploads\/2025\/10\/Thonon-Trieste-FS_etape02-14.jpg 1176w, https:\/\/centcols.org\/wp-content\/uploads\/2025\/10\/Thonon-Trieste-FS_etape02-14-768x576.jpg 768w, https:\/\/centcols.org\/wp-content\/uploads\/2025\/10\/Thonon-Trieste-FS_etape02-14-16x12.jpg 16w\" sizes=\"auto, (max-width: 1176px) 100vw, 1176px\" \/><\/a><\/figure>\n<\/div>\n\n\n<p>El sol se pone sobre el Lago Mayor y yo tambi\u00e9n me voy a la cama, ya que ma\u00f1ana nos espera un d\u00eda MUY duro. Quiz\u00e1s el m\u00e1s duro del viaje...<\/p>\n\n\n\n<div class=\"wp-block-buttons is-content-justification-space-between is-layout-flex wp-container-core-buttons-is-layout-3d213aab wp-block-buttons-is-layout-flex\">\n<div class=\"wp-block-button\"><a class=\"wp-block-button__link has-text-color has-background has-link-color wp-element-button\" href=\"https:\/\/centcols.org\/es\/thonon-trieste-fred-singla-2025\/2\/\" style=\"color:#2a488c;background-color:#88f2fd;text-transform:uppercase\"><strong>Etapa anterior<\/strong><\/a><\/div>\n\n\n\n<div class=\"wp-block-button\"><a class=\"wp-block-button__link has-text-color has-background has-link-color wp-element-button\" href=\"https:\/\/centcols.org\/es\/thonon-trieste-fred-singla-2025\/4\/\" style=\"color:#2a488c;background-color:#88f2fd;text-transform:uppercase\"><strong>Siguiente paso<\/strong><\/a><\/div>\n<\/div>\n\n\n\n<!--nextpage-->\n\n\n\n<h2 class=\"wp-block-heading\"><em> D\u00eda 3: de <\/em>Ferry de Verbania a Campodolcino<\/h2>\n\n\n\n<p>167 km - 3000 m de den+, 3 puertos<\/p>\n\n\n<div class=\"wp-block-image\">\n<figure class=\"aligncenter size-full is-resized\"><a href=\"https:\/\/centcols.org\/wp-content\/uploads\/2025\/10\/Thonon-Trieste-FS_etape02-16.jpg\"><img loading=\"lazy\" decoding=\"async\" width=\"1176\" height=\"785\" src=\"https:\/\/centcols.org\/wp-content\/uploads\/2025\/10\/Thonon-Trieste-FS_etape02-16.jpg\" alt=\"\" class=\"wp-image-91231\" style=\"width:800px\" srcset=\"https:\/\/centcols.org\/wp-content\/uploads\/2025\/10\/Thonon-Trieste-FS_etape02-16.jpg 1176w, https:\/\/centcols.org\/wp-content\/uploads\/2025\/10\/Thonon-Trieste-FS_etape02-16-768x513.jpg 768w, https:\/\/centcols.org\/wp-content\/uploads\/2025\/10\/Thonon-Trieste-FS_etape02-16-18x12.jpg 18w\" sizes=\"auto, (max-width: 1176px) 100vw, 1176px\" \/><\/a><figcaption class=\"wp-element-caption\">Amanecer en el Lago Mayor<\/figcaption><\/figure>\n<\/div>\n\n\n<p>El desayuno se sirve demasiado tarde para nosotros, que queremos salir temprano en previsi\u00f3n del duro d\u00eda que nos espera.<br>Bruno y yo comemos algo (salchichas, queso y fruta) en el aparcamiento del hotel. Esto nos permite disfrutar de un espl\u00e9ndido amanecer sobre el lago Maggiore.<\/p>\n\n\n<div class=\"wp-block-image\">\n<figure class=\"aligncenter size-full is-resized\"><a href=\"https:\/\/centcols.org\/wp-content\/uploads\/2025\/10\/Thonon-Trieste-FS_etape03.jpg\"><img loading=\"lazy\" decoding=\"async\" width=\"1307\" height=\"1177\" src=\"https:\/\/centcols.org\/wp-content\/uploads\/2025\/10\/Thonon-Trieste-FS_etape03.jpg\" alt=\"\" class=\"wp-image-91390\" style=\"width:800px\" srcset=\"https:\/\/centcols.org\/wp-content\/uploads\/2025\/10\/Thonon-Trieste-FS_etape03.jpg 1307w, https:\/\/centcols.org\/wp-content\/uploads\/2025\/10\/Thonon-Trieste-FS_etape03-1200x1081.jpg 1200w, https:\/\/centcols.org\/wp-content\/uploads\/2025\/10\/Thonon-Trieste-FS_etape03-768x692.jpg 768w, https:\/\/centcols.org\/wp-content\/uploads\/2025\/10\/Thonon-Trieste-FS_etape03-13x12.jpg 13w\" sizes=\"auto, (max-width: 1307px) 100vw, 1307px\" \/><\/a><\/figure>\n<\/div>\n\n\n<p>Despegamos a las 06:45 y pronto tenemos a la vista el bonito pueblo de Cannobio. Seguimos el lago durante 50 km. La carretera es estrecha y, a pesar de la hora, hay mucho tr\u00e1fico.<br>Los primeros 35 km est\u00e1n en Italia, con magn\u00edficas villas que datan de los a\u00f1os veinte. Los \u00faltimos 15 km est\u00e1n en Suiza, con casas tambi\u00e9n de alto nivel, pero m\u00e1s recientes. Algunas incluso tienen enormes ascensores exteriores...<\/p>\n\n\n<div class=\"wp-block-image\">\n<figure class=\"aligncenter size-full is-resized\"><a href=\"https:\/\/centcols.org\/wp-content\/uploads\/2025\/10\/Thonon-Trieste-FS_etape03-01.jpg\"><img loading=\"lazy\" decoding=\"async\" width=\"1200\" height=\"802\" src=\"https:\/\/centcols.org\/wp-content\/uploads\/2025\/10\/Thonon-Trieste-FS_etape03-01.jpg\" alt=\"\" class=\"wp-image-91243\" style=\"width:800px\" srcset=\"https:\/\/centcols.org\/wp-content\/uploads\/2025\/10\/Thonon-Trieste-FS_etape03-01.jpg 1200w, https:\/\/centcols.org\/wp-content\/uploads\/2025\/10\/Thonon-Trieste-FS_etape03-01-768x513.jpg 768w, https:\/\/centcols.org\/wp-content\/uploads\/2025\/10\/Thonon-Trieste-FS_etape03-01-18x12.jpg 18w\" sizes=\"auto, (max-width: 1200px) 100vw, 1200px\" \/><\/a><figcaption class=\"wp-element-caption\">Cannobio<\/figcaption><\/figure>\n<\/div>\n\n\n<p>Despu\u00e9s de 80 km en llano, estamos en el coraz\u00f3n de las monta\u00f1as. Aparecen las primeras curvas cerradas del Passo di san Bernardino.<\/p>\n\n\n\n<figure class=\"wp-block-gallery has-nested-images columns-default is-cropped wp-block-gallery-8 is-layout-flex wp-block-gallery-is-layout-flex\">\n<figure class=\"wp-block-image size-large\"><a href=\"https:\/\/centcols.org\/wp-content\/uploads\/2025\/10\/Thonon-Trieste-FS_etape03-02.jpg\"><img loading=\"lazy\" decoding=\"async\" width=\"1200\" height=\"1138\" data-id=\"91248\" src=\"https:\/\/centcols.org\/wp-content\/uploads\/2025\/10\/Thonon-Trieste-FS_etape03-02.jpg\" alt=\"\" class=\"wp-image-91248\" srcset=\"https:\/\/centcols.org\/wp-content\/uploads\/2025\/10\/Thonon-Trieste-FS_etape03-02.jpg 1200w, https:\/\/centcols.org\/wp-content\/uploads\/2025\/10\/Thonon-Trieste-FS_etape03-02-768x728.jpg 768w, https:\/\/centcols.org\/wp-content\/uploads\/2025\/10\/Thonon-Trieste-FS_etape03-02-13x12.jpg 13w\" sizes=\"auto, (max-width: 1200px) 100vw, 1200px\" \/><\/a><figcaption class=\"wp-element-caption\">Pie del paso de San Bernardino.<br>Sab\u00eda que los reservistas suizos guardan sus armas en casa, pero un avi\u00f3n de combate ????...<\/figcaption><\/figure>\n\n\n\n<figure class=\"wp-block-image size-large\"><a href=\"https:\/\/centcols.org\/wp-content\/uploads\/2025\/10\/Thonon-Trieste-FS_etape03-03.jpg\"><img loading=\"lazy\" decoding=\"async\" width=\"1200\" height=\"1172\" data-id=\"91245\" src=\"https:\/\/centcols.org\/wp-content\/uploads\/2025\/10\/Thonon-Trieste-FS_etape03-03.jpg\" alt=\"\" class=\"wp-image-91245\" srcset=\"https:\/\/centcols.org\/wp-content\/uploads\/2025\/10\/Thonon-Trieste-FS_etape03-03.jpg 1200w, https:\/\/centcols.org\/wp-content\/uploads\/2025\/10\/Thonon-Trieste-FS_etape03-03-768x750.jpg 768w, https:\/\/centcols.org\/wp-content\/uploads\/2025\/10\/Thonon-Trieste-FS_etape03-03-12x12.jpg 12w\" sizes=\"auto, (max-width: 1200px) 100vw, 1200px\" \/><\/a><figcaption class=\"wp-element-caption\">No hay tiempo para parar en el caf\u00e9...<\/figcaption><\/figure>\n\n\n\n<figure class=\"wp-block-image size-large\"><a href=\"https:\/\/centcols.org\/wp-content\/uploads\/2025\/10\/Thonon-Trieste-FS_etape03-04.jpg\"><img loading=\"lazy\" decoding=\"async\" width=\"1200\" height=\"802\" data-id=\"91246\" src=\"https:\/\/centcols.org\/wp-content\/uploads\/2025\/10\/Thonon-Trieste-FS_etape03-04.jpg\" alt=\"\" class=\"wp-image-91246\" srcset=\"https:\/\/centcols.org\/wp-content\/uploads\/2025\/10\/Thonon-Trieste-FS_etape03-04.jpg 1200w, https:\/\/centcols.org\/wp-content\/uploads\/2025\/10\/Thonon-Trieste-FS_etape03-04-768x513.jpg 768w, https:\/\/centcols.org\/wp-content\/uploads\/2025\/10\/Thonon-Trieste-FS_etape03-04-18x12.jpg 18w\" sizes=\"auto, (max-width: 1200px) 100vw, 1200px\" \/><\/a><figcaption class=\"wp-element-caption\">Primeros encajes del San Bernardino<\/figcaption><\/figure>\n\n\n\n<figure class=\"wp-block-image size-large\"><a href=\"https:\/\/centcols.org\/wp-content\/uploads\/2025\/10\/Thonon-Trieste-FS_etape03-05.jpg\"><img loading=\"lazy\" decoding=\"async\" width=\"1200\" height=\"802\" data-id=\"91247\" src=\"https:\/\/centcols.org\/wp-content\/uploads\/2025\/10\/Thonon-Trieste-FS_etape03-05.jpg\" alt=\"\" class=\"wp-image-91247\" srcset=\"https:\/\/centcols.org\/wp-content\/uploads\/2025\/10\/Thonon-Trieste-FS_etape03-05.jpg 1200w, https:\/\/centcols.org\/wp-content\/uploads\/2025\/10\/Thonon-Trieste-FS_etape03-05-768x513.jpg 768w, https:\/\/centcols.org\/wp-content\/uploads\/2025\/10\/Thonon-Trieste-FS_etape03-05-18x12.jpg 18w\" sizes=\"auto, (max-width: 1200px) 100vw, 1200px\" \/><\/a><figcaption class=\"wp-element-caption\">Subida a San Berdardino, r\u00e1pido regreso a Forcola (CH-1598)<\/figcaption><\/figure>\n<\/figure>\n\n\n\n<p><br>20 km despu\u00e9s, \u00abs\u00f3lo\u00bb llegamos al pueblo de San Bernardino, donde se encuentra una hermosa bas\u00edlica.<\/p>\n\n\n<div class=\"wp-block-image\">\n<figure class=\"aligncenter size-full is-resized\"><a href=\"https:\/\/centcols.org\/wp-content\/uploads\/2025\/10\/Thonon-Trieste-FS_etape03-06.jpg\"><img loading=\"lazy\" decoding=\"async\" width=\"506\" height=\"600\" src=\"https:\/\/centcols.org\/wp-content\/uploads\/2025\/10\/Thonon-Trieste-FS_etape03-06.jpg\" alt=\"\" class=\"wp-image-91249\" style=\"width:auto;height:600px\" srcset=\"https:\/\/centcols.org\/wp-content\/uploads\/2025\/10\/Thonon-Trieste-FS_etape03-06.jpg 506w, https:\/\/centcols.org\/wp-content\/uploads\/2025\/10\/Thonon-Trieste-FS_etape03-06-10x12.jpg 10w\" sizes=\"auto, (max-width: 506px) 100vw, 506px\" \/><\/a><figcaption class=\"wp-element-caption\">En San Bernardino, Chiesa Rotonda (1867 \/ 1897).<\/figcaption><\/figure>\n<\/div>\n\n\n<p>Las \u00faltimas curvas cerradas son largas, de m\u00e1s de 10 km, y desalentadoras. El Passo di San Bernardino es grande: m\u00e1s de 30 km y m\u00e1s de 1.500 m de ascenso. Una barra rocosa domina el lago Moesola en el paso donde se re\u00fane nuestro peque\u00f1o equipo.<\/p>\n\n\n\n<figure class=\"wp-block-gallery has-nested-images columns-3 is-cropped wp-block-gallery-9 is-layout-flex wp-block-gallery-is-layout-flex\">\n<figure class=\"wp-block-image size-large\"><a href=\"https:\/\/centcols.org\/wp-content\/uploads\/2025\/10\/Thonon-Trieste-FS_etape03-07.jpg\"><img loading=\"lazy\" decoding=\"async\" width=\"1200\" height=\"802\" data-id=\"91250\" src=\"https:\/\/centcols.org\/wp-content\/uploads\/2025\/10\/Thonon-Trieste-FS_etape03-07.jpg\" alt=\"\" class=\"wp-image-91250\" srcset=\"https:\/\/centcols.org\/wp-content\/uploads\/2025\/10\/Thonon-Trieste-FS_etape03-07.jpg 1200w, https:\/\/centcols.org\/wp-content\/uploads\/2025\/10\/Thonon-Trieste-FS_etape03-07-768x513.jpg 768w, https:\/\/centcols.org\/wp-content\/uploads\/2025\/10\/Thonon-Trieste-FS_etape03-07-18x12.jpg 18w\" sizes=\"auto, (max-width: 1200px) 100vw, 1200px\" \/><\/a><figcaption class=\"wp-element-caption\">Cordones finales del Passo di San Bernardino<\/figcaption><\/figure>\n\n\n\n<figure class=\"wp-block-image size-large\"><a href=\"https:\/\/centcols.org\/wp-content\/uploads\/2025\/10\/Thonon-Trieste-FS_etape03-08.jpg\"><img loading=\"lazy\" decoding=\"async\" width=\"1200\" height=\"643\" data-id=\"91253\" src=\"https:\/\/centcols.org\/wp-content\/uploads\/2025\/10\/Thonon-Trieste-FS_etape03-08.jpg\" alt=\"\" class=\"wp-image-91253\" srcset=\"https:\/\/centcols.org\/wp-content\/uploads\/2025\/10\/Thonon-Trieste-FS_etape03-08.jpg 1200w, https:\/\/centcols.org\/wp-content\/uploads\/2025\/10\/Thonon-Trieste-FS_etape03-08-768x412.jpg 768w, https:\/\/centcols.org\/wp-content\/uploads\/2025\/10\/Thonon-Trieste-FS_etape03-08-18x10.jpg 18w\" sizes=\"auto, (max-width: 1200px) 100vw, 1200px\" \/><\/a><figcaption class=\"wp-element-caption\">Cerca de la cumbre<\/figcaption><\/figure>\n\n\n\n<figure class=\"wp-block-image size-large\"><a href=\"https:\/\/centcols.org\/wp-content\/uploads\/2025\/10\/Thonon-Trieste-FS_etape03-09.jpg\"><img loading=\"lazy\" decoding=\"async\" width=\"1200\" height=\"802\" data-id=\"91252\" src=\"https:\/\/centcols.org\/wp-content\/uploads\/2025\/10\/Thonon-Trieste-FS_etape03-09.jpg\" alt=\"\" class=\"wp-image-91252\" srcset=\"https:\/\/centcols.org\/wp-content\/uploads\/2025\/10\/Thonon-Trieste-FS_etape03-09.jpg 1200w, https:\/\/centcols.org\/wp-content\/uploads\/2025\/10\/Thonon-Trieste-FS_etape03-09-768x513.jpg 768w, https:\/\/centcols.org\/wp-content\/uploads\/2025\/10\/Thonon-Trieste-FS_etape03-09-18x12.jpg 18w\" sizes=\"auto, (max-width: 1200px) 100vw, 1200px\" \/><\/a><figcaption class=\"wp-element-caption\">Lago Moesola<\/figcaption><\/figure>\n<\/figure>\n\n\n\n<figure class=\"wp-block-gallery aligncenter has-nested-images columns-3 is-cropped wp-block-gallery-10 is-layout-flex wp-block-gallery-is-layout-flex\">\n<figure class=\"wp-block-image size-full\"><a href=\"https:\/\/centcols.org\/wp-content\/uploads\/2025\/10\/Thonon-Trieste-FS_etape03-10a.jpg\"><img loading=\"lazy\" decoding=\"async\" width=\"1008\" height=\"1246\" data-id=\"91392\" src=\"https:\/\/centcols.org\/wp-content\/uploads\/2025\/10\/Thonon-Trieste-FS_etape03-10a.jpg\" alt=\"\" class=\"wp-image-91392\" srcset=\"https:\/\/centcols.org\/wp-content\/uploads\/2025\/10\/Thonon-Trieste-FS_etape03-10a.jpg 1008w, https:\/\/centcols.org\/wp-content\/uploads\/2025\/10\/Thonon-Trieste-FS_etape03-10a-971x1200.jpg 971w, https:\/\/centcols.org\/wp-content\/uploads\/2025\/10\/Thonon-Trieste-FS_etape03-10a-768x949.jpg 768w, https:\/\/centcols.org\/wp-content\/uploads\/2025\/10\/Thonon-Trieste-FS_etape03-10a-10x12.jpg 10w\" sizes=\"auto, (max-width: 1008px) 100vw, 1008px\" \/><\/a><\/figure>\n\n\n\n<figure class=\"wp-block-image size-full\"><a href=\"https:\/\/centcols.org\/wp-content\/uploads\/2025\/10\/Thonon-Trieste-FS_etape03-10.jpg\"><img loading=\"lazy\" decoding=\"async\" width=\"674\" height=\"800\" data-id=\"91251\" src=\"https:\/\/centcols.org\/wp-content\/uploads\/2025\/10\/Thonon-Trieste-FS_etape03-10.jpg\" alt=\"\" class=\"wp-image-91251\" srcset=\"https:\/\/centcols.org\/wp-content\/uploads\/2025\/10\/Thonon-Trieste-FS_etape03-10.jpg 674w, https:\/\/centcols.org\/wp-content\/uploads\/2025\/10\/Thonon-Trieste-FS_etape03-10-10x12.jpg 10w\" sizes=\"auto, (max-width: 674px) 100vw, 674px\" \/><\/a><\/figure>\n<\/figure>\n\n\n\n<p>El largo descenso comienza con una serie de curvas y nos precipitamos a Spl\u00fcgen casi 1000 m m\u00e1s abajo. Esta bajada de 1.000 m hay que remontarla enseguida, por unas curvas muy cerradas en las que Jean Marc no se ha divertido con el Partner.<br>El Spl\u00fcgenpass es una subida magn\u00edfica, pero extremadamente dif\u00edcil. \u00bfUn \u00abpeque\u00f1o\u00bb Stelvio? Lo veremos pasado ma\u00f1ana...<\/p>\n\n\n<div class=\"wp-block-image\">\n<figure class=\"aligncenter size-large is-resized\"><a href=\"https:\/\/centcols.org\/wp-content\/uploads\/2025\/10\/Thonon-Trieste-FS_etape03-13.jpg\"><img loading=\"lazy\" decoding=\"async\" width=\"1200\" height=\"802\" src=\"https:\/\/centcols.org\/wp-content\/uploads\/2025\/10\/Thonon-Trieste-FS_etape03-13.jpg\" alt=\"\" class=\"wp-image-91255\" style=\"width:800px\" srcset=\"https:\/\/centcols.org\/wp-content\/uploads\/2025\/10\/Thonon-Trieste-FS_etape03-13.jpg 1200w, https:\/\/centcols.org\/wp-content\/uploads\/2025\/10\/Thonon-Trieste-FS_etape03-13-768x513.jpg 768w, https:\/\/centcols.org\/wp-content\/uploads\/2025\/10\/Thonon-Trieste-FS_etape03-13-18x12.jpg 18w\" sizes=\"auto, (max-width: 1200px) 100vw, 1200px\" \/><\/a><figcaption class=\"wp-element-caption\">Cordones Sl\u00fcgenpass o passo dello Spluga<\/figcaption><\/figure>\n<\/div>\n\n\n<figure class=\"wp-block-gallery has-nested-images columns-default is-cropped wp-block-gallery-11 is-layout-flex wp-block-gallery-is-layout-flex\">\n<figure class=\"wp-block-image size-large\"><a href=\"https:\/\/centcols.org\/wp-content\/uploads\/2025\/10\/Thonon-Trieste-FS_etape03-11.jpg\"><img loading=\"lazy\" decoding=\"async\" width=\"1200\" height=\"802\" data-id=\"91256\" src=\"https:\/\/centcols.org\/wp-content\/uploads\/2025\/10\/Thonon-Trieste-FS_etape03-11.jpg\" alt=\"\" class=\"wp-image-91256\" srcset=\"https:\/\/centcols.org\/wp-content\/uploads\/2025\/10\/Thonon-Trieste-FS_etape03-11.jpg 1200w, https:\/\/centcols.org\/wp-content\/uploads\/2025\/10\/Thonon-Trieste-FS_etape03-11-768x513.jpg 768w, https:\/\/centcols.org\/wp-content\/uploads\/2025\/10\/Thonon-Trieste-FS_etape03-11-18x12.jpg 18w\" sizes=\"auto, (max-width: 1200px) 100vw, 1200px\" \/><\/a><figcaption class=\"wp-element-caption\">Descenso del San Bernardino<\/figcaption><\/figure>\n\n\n\n<figure class=\"wp-block-image size-large\"><a href=\"https:\/\/centcols.org\/wp-content\/uploads\/2025\/10\/Thonon-Trieste-FS_etape03-12.jpg\"><img loading=\"lazy\" decoding=\"async\" width=\"1200\" height=\"802\" data-id=\"91254\" src=\"https:\/\/centcols.org\/wp-content\/uploads\/2025\/10\/Thonon-Trieste-FS_etape03-12.jpg\" alt=\"\" class=\"wp-image-91254\" srcset=\"https:\/\/centcols.org\/wp-content\/uploads\/2025\/10\/Thonon-Trieste-FS_etape03-12.jpg 1200w, https:\/\/centcols.org\/wp-content\/uploads\/2025\/10\/Thonon-Trieste-FS_etape03-12-768x513.jpg 768w, https:\/\/centcols.org\/wp-content\/uploads\/2025\/10\/Thonon-Trieste-FS_etape03-12-18x12.jpg 18w\" sizes=\"auto, (max-width: 1200px) 100vw, 1200px\" \/><\/a><figcaption class=\"wp-element-caption\">Spl\u00fcgen<\/figcaption><\/figure>\n<\/figure>\n\n\n\n<p><br>A continuaci\u00f3n, descendemos hasta Spluga, en Italia, el paso que marca la frontera. No sin antes atravesar un \u00abmont\u00f3n\u00bb de t\u00faneles, al menos 10, y 33 curvas dif\u00edciles de sortear porque \u00a1no pueden adelantarse 2 coches!<\/p>\n\n\n<div class=\"wp-block-image\">\n<figure class=\"aligncenter size-full is-resized\"><a href=\"https:\/\/centcols.org\/wp-content\/uploads\/2025\/10\/Thonon-Trieste-FS_etape03-15.jpg\"><img loading=\"lazy\" decoding=\"async\" width=\"1200\" height=\"802\" src=\"https:\/\/centcols.org\/wp-content\/uploads\/2025\/10\/Thonon-Trieste-FS_etape03-15.jpg\" alt=\"\" class=\"wp-image-91257\" style=\"width:800px\" srcset=\"https:\/\/centcols.org\/wp-content\/uploads\/2025\/10\/Thonon-Trieste-FS_etape03-15.jpg 1200w, https:\/\/centcols.org\/wp-content\/uploads\/2025\/10\/Thonon-Trieste-FS_etape03-15-768x513.jpg 768w, https:\/\/centcols.org\/wp-content\/uploads\/2025\/10\/Thonon-Trieste-FS_etape03-15-18x12.jpg 18w\" sizes=\"auto, (max-width: 1200px) 100vw, 1200px\" \/><\/a><figcaption class=\"wp-element-caption\">Magn\u00edfica carretera con t\u00faneles en espiral<\/figcaption><\/figure>\n<\/div>\n\n\n<p>Llegamos a Campodolcino y nos reciben con un zumo de frutas. Una bienvenida bien merecida despu\u00e9s de 167 km, m\u00e1s de 3.000 m de desnivel y dos grandes puertos suizos (m\u00e1s uno \u00abpeque\u00f1o\u00bb de camino).<br>\u00a1\u00a1\u00a1Un lanzamiento MUY grande!!!<\/p>\n\n\n\n<div class=\"wp-block-buttons is-content-justification-space-between is-layout-flex wp-container-core-buttons-is-layout-3d213aab wp-block-buttons-is-layout-flex\">\n<div class=\"wp-block-button\"><a class=\"wp-block-button__link has-text-color has-background has-link-color wp-element-button\" href=\"https:\/\/centcols.org\/es\/thonon-trieste-fred-singla-2025\/3\/\" style=\"color:#2a488c;background-color:#88f2fd;text-transform:uppercase\"><strong>Etapa anterior<\/strong><\/a><\/div>\n\n\n\n<div class=\"wp-block-button\"><a class=\"wp-block-button__link has-text-color has-background has-link-color wp-element-button\" href=\"https:\/\/centcols.org\/es\/thonon-trieste-fred-singla-2025\/5\/\" style=\"color:#2a488c;background-color:#88f2fd;text-transform:uppercase\"><strong>Siguiente paso<\/strong><\/a><\/div>\n<\/div>\n\n\n\n<!--nextpage-->\n\n\n\n<h2 class=\"wp-block-heading\"><em> D\u00eda 4: d<\/em>e Campodolcino en Livigno<\/h2>\n\n\n\n<p>106 km - 2455 m de den+, 3 puertos de los cuales 2 &gt; 2000<\/p>\n\n\n\n<p>Esta ma\u00f1ana estaba lloviendo cuando desayunamos. Pero cuando nos hemos puesto en marcha, la lluvia ha cesado y estar\u00e1 ausente todo el d\u00eda.<br>En una carretera mojada, el descenso de 10 km se aborda con cuidado.<\/p>\n\n\n<div class=\"wp-block-image\">\n<figure class=\"aligncenter size-large is-resized\"><a href=\"https:\/\/centcols.org\/wp-content\/uploads\/2025\/10\/Thonon-Trieste-FS_etape04-01.jpg\"><img loading=\"lazy\" decoding=\"async\" width=\"1307\" height=\"873\" src=\"https:\/\/centcols.org\/wp-content\/uploads\/2025\/10\/Thonon-Trieste-FS_etape04-01.jpg\" alt=\"\" class=\"wp-image-91396\" style=\"width:800px\" srcset=\"https:\/\/centcols.org\/wp-content\/uploads\/2025\/10\/Thonon-Trieste-FS_etape04-01.jpg 1307w, https:\/\/centcols.org\/wp-content\/uploads\/2025\/10\/Thonon-Trieste-FS_etape04-01-1200x802.jpg 1200w, https:\/\/centcols.org\/wp-content\/uploads\/2025\/10\/Thonon-Trieste-FS_etape04-01-768x513.jpg 768w, https:\/\/centcols.org\/wp-content\/uploads\/2025\/10\/Thonon-Trieste-FS_etape04-01-18x12.jpg 18w\" sizes=\"auto, (max-width: 1307px) 100vw, 1307px\" \/><\/a><figcaption class=\"wp-element-caption\">Tras un hermoso descenso desde Campodolcino, llegamos a Borgonuovo y a la cascada dell'Acquafraggia.<\/figcaption><\/figure>\n<\/div>\n\n\n<p>800 m cuesta abajo despu\u00e9s, estamos en Chiavenna. Hay una m\u00e1quina expendedora de leche, yogur y queso. Pero no los necesitamos, ya que hemos desayunado muy bien en el hotel...<\/p>\n\n\n<div class=\"wp-block-image\">\n<figure class=\"aligncenter size-full is-resized\"><a href=\"https:\/\/centcols.org\/wp-content\/uploads\/2025\/10\/Thonon-Trieste-FS_etape04-02.jpg\"><img loading=\"lazy\" decoding=\"async\" width=\"1307\" height=\"873\" src=\"https:\/\/centcols.org\/wp-content\/uploads\/2025\/10\/Thonon-Trieste-FS_etape04-02.jpg\" alt=\"\" class=\"wp-image-91261\" style=\"width:800px\" srcset=\"https:\/\/centcols.org\/wp-content\/uploads\/2025\/10\/Thonon-Trieste-FS_etape04-02.jpg 1307w, https:\/\/centcols.org\/wp-content\/uploads\/2025\/10\/Thonon-Trieste-FS_etape04-02-1200x802.jpg 1200w, https:\/\/centcols.org\/wp-content\/uploads\/2025\/10\/Thonon-Trieste-FS_etape04-02-768x513.jpg 768w, https:\/\/centcols.org\/wp-content\/uploads\/2025\/10\/Thonon-Trieste-FS_etape04-02-18x12.jpg 18w\" sizes=\"auto, (max-width: 1307px) 100vw, 1307px\" \/><\/a><figcaption class=\"wp-element-caption\">La Mera en Promontogno, estamos de nuevo en Suiza<\/figcaption><\/figure>\n<\/div>\n\n\n<p>Pronto dejamos Italia y cruzamos de nuevo a Suiza. Nos cruzamos con unas cuantas vacas. \u00a1Qu\u00e9 ser\u00eda de Suiza sin sus vacas! Y, sin embargo, vimos muy pocas. De hecho, hay muchos m\u00e1s... motoristas locos.<\/p>\n\n\n\n<figure class=\"wp-block-gallery has-nested-images columns-default is-cropped wp-block-gallery-12 is-layout-flex wp-block-gallery-is-layout-flex\">\n<figure class=\"wp-block-image size-large\"><a href=\"https:\/\/centcols.org\/wp-content\/uploads\/2025\/10\/Thonon-Trieste-FS_etape04-03.jpg\"><img loading=\"lazy\" decoding=\"async\" width=\"1307\" height=\"873\" data-id=\"91265\" src=\"https:\/\/centcols.org\/wp-content\/uploads\/2025\/10\/Thonon-Trieste-FS_etape04-03.jpg\" alt=\"\" class=\"wp-image-91265\" srcset=\"https:\/\/centcols.org\/wp-content\/uploads\/2025\/10\/Thonon-Trieste-FS_etape04-03.jpg 1307w, https:\/\/centcols.org\/wp-content\/uploads\/2025\/10\/Thonon-Trieste-FS_etape04-03-1200x802.jpg 1200w, https:\/\/centcols.org\/wp-content\/uploads\/2025\/10\/Thonon-Trieste-FS_etape04-03-768x513.jpg 768w, https:\/\/centcols.org\/wp-content\/uploads\/2025\/10\/Thonon-Trieste-FS_etape04-03-18x12.jpg 18w\" sizes=\"auto, (max-width: 1307px) 100vw, 1307px\" \/><\/a><\/figure>\n\n\n\n<figure class=\"wp-block-image size-large\"><a href=\"https:\/\/centcols.org\/wp-content\/uploads\/2025\/10\/Thonon-Trieste-FS_etape04-05.jpg\"><img loading=\"lazy\" decoding=\"async\" width=\"1307\" height=\"873\" data-id=\"91263\" src=\"https:\/\/centcols.org\/wp-content\/uploads\/2025\/10\/Thonon-Trieste-FS_etape04-05.jpg\" alt=\"\" class=\"wp-image-91263\" srcset=\"https:\/\/centcols.org\/wp-content\/uploads\/2025\/10\/Thonon-Trieste-FS_etape04-05.jpg 1307w, https:\/\/centcols.org\/wp-content\/uploads\/2025\/10\/Thonon-Trieste-FS_etape04-05-1200x802.jpg 1200w, https:\/\/centcols.org\/wp-content\/uploads\/2025\/10\/Thonon-Trieste-FS_etape04-05-768x513.jpg 768w, https:\/\/centcols.org\/wp-content\/uploads\/2025\/10\/Thonon-Trieste-FS_etape04-05-18x12.jpg 18w\" sizes=\"auto, (max-width: 1307px) 100vw, 1307px\" \/><\/a><\/figure>\n<\/figure>\n\n\n\n<p>R\u00e1pidamente atacamos el magn\u00edfico Passo de Maloja, que autom\u00e1ticamente puse en mi top 10. \u00a1Es tan bonito!<\/p>\n\n\n\n<figure class=\"wp-block-gallery has-nested-images columns-4 is-cropped wp-block-gallery-13 is-layout-flex wp-block-gallery-is-layout-flex\">\n<figure class=\"wp-block-image size-large\"><a href=\"https:\/\/centcols.org\/wp-content\/uploads\/2025\/10\/Thonon-Trieste-FS_etape04-04.jpg\"><img loading=\"lazy\" decoding=\"async\" width=\"1307\" height=\"873\" data-id=\"91262\" src=\"https:\/\/centcols.org\/wp-content\/uploads\/2025\/10\/Thonon-Trieste-FS_etape04-04.jpg\" alt=\"\" class=\"wp-image-91262\" srcset=\"https:\/\/centcols.org\/wp-content\/uploads\/2025\/10\/Thonon-Trieste-FS_etape04-04.jpg 1307w, https:\/\/centcols.org\/wp-content\/uploads\/2025\/10\/Thonon-Trieste-FS_etape04-04-1200x802.jpg 1200w, https:\/\/centcols.org\/wp-content\/uploads\/2025\/10\/Thonon-Trieste-FS_etape04-04-768x513.jpg 768w, https:\/\/centcols.org\/wp-content\/uploads\/2025\/10\/Thonon-Trieste-FS_etape04-04-18x12.jpg 18w\" sizes=\"auto, (max-width: 1307px) 100vw, 1307px\" \/><\/a><figcaption class=\"wp-element-caption\">Subiendo el passo del Majola<\/figcaption><\/figure>\n\n\n\n<figure class=\"wp-block-image size-large\"><a href=\"https:\/\/centcols.org\/wp-content\/uploads\/2025\/10\/Thonon-Trieste-FS_etape04-08.jpg\"><img loading=\"lazy\" decoding=\"async\" width=\"1266\" height=\"1246\" data-id=\"91268\" src=\"https:\/\/centcols.org\/wp-content\/uploads\/2025\/10\/Thonon-Trieste-FS_etape04-08.jpg\" alt=\"\" class=\"wp-image-91268\" srcset=\"https:\/\/centcols.org\/wp-content\/uploads\/2025\/10\/Thonon-Trieste-FS_etape04-08.jpg 1266w, https:\/\/centcols.org\/wp-content\/uploads\/2025\/10\/Thonon-Trieste-FS_etape04-08-1200x1181.jpg 1200w, https:\/\/centcols.org\/wp-content\/uploads\/2025\/10\/Thonon-Trieste-FS_etape04-08-768x756.jpg 768w, https:\/\/centcols.org\/wp-content\/uploads\/2025\/10\/Thonon-Trieste-FS_etape04-08-12x12.jpg 12w\" sizes=\"auto, (max-width: 1266px) 100vw, 1266px\" \/><\/a><\/figure>\n\n\n\n<figure class=\"wp-block-image size-large\"><a href=\"https:\/\/centcols.org\/wp-content\/uploads\/2025\/10\/Thonon-Trieste-FS_etape04-09.jpg\"><img loading=\"lazy\" decoding=\"async\" width=\"1172\" height=\"1246\" data-id=\"91266\" src=\"https:\/\/centcols.org\/wp-content\/uploads\/2025\/10\/Thonon-Trieste-FS_etape04-09.jpg\" alt=\"\" class=\"wp-image-91266\" srcset=\"https:\/\/centcols.org\/wp-content\/uploads\/2025\/10\/Thonon-Trieste-FS_etape04-09.jpg 1172w, https:\/\/centcols.org\/wp-content\/uploads\/2025\/10\/Thonon-Trieste-FS_etape04-09-1129x1200.jpg 1129w, https:\/\/centcols.org\/wp-content\/uploads\/2025\/10\/Thonon-Trieste-FS_etape04-09-768x816.jpg 768w, https:\/\/centcols.org\/wp-content\/uploads\/2025\/10\/Thonon-Trieste-FS_etape04-09-11x12.jpg 11w\" sizes=\"auto, (max-width: 1172px) 100vw, 1172px\" \/><\/a><\/figure>\n\n\n\n<figure class=\"wp-block-image size-large\"><a href=\"https:\/\/centcols.org\/wp-content\/uploads\/2025\/10\/Thonon-Trieste-FS_etape04-06.jpg\"><img loading=\"lazy\" decoding=\"async\" width=\"1307\" height=\"873\" data-id=\"91267\" src=\"https:\/\/centcols.org\/wp-content\/uploads\/2025\/10\/Thonon-Trieste-FS_etape04-06.jpg\" alt=\"\" class=\"wp-image-91267\" srcset=\"https:\/\/centcols.org\/wp-content\/uploads\/2025\/10\/Thonon-Trieste-FS_etape04-06.jpg 1307w, https:\/\/centcols.org\/wp-content\/uploads\/2025\/10\/Thonon-Trieste-FS_etape04-06-1200x802.jpg 1200w, https:\/\/centcols.org\/wp-content\/uploads\/2025\/10\/Thonon-Trieste-FS_etape04-06-768x513.jpg 768w, https:\/\/centcols.org\/wp-content\/uploads\/2025\/10\/Thonon-Trieste-FS_etape04-06-18x12.jpg 18w\" sizes=\"auto, (max-width: 1307px) 100vw, 1307px\" \/><\/a><\/figure>\n<figcaption class=\"blocks-gallery-caption wp-element-caption\">Ascenso al Passo del Majola<\/figcaption><\/figure>\n\n\n\n<figure class=\"wp-block-image size-large\"><a href=\"https:\/\/centcols.org\/wp-content\/uploads\/2025\/10\/Thonon-Trieste-FS_etape04-07.jpg\"><img loading=\"lazy\" decoding=\"async\" width=\"1307\" height=\"873\" src=\"https:\/\/centcols.org\/wp-content\/uploads\/2025\/10\/Thonon-Trieste-FS_etape04-07.jpg\" alt=\"\" class=\"wp-image-91269\" srcset=\"https:\/\/centcols.org\/wp-content\/uploads\/2025\/10\/Thonon-Trieste-FS_etape04-07.jpg 1307w, https:\/\/centcols.org\/wp-content\/uploads\/2025\/10\/Thonon-Trieste-FS_etape04-07-1200x802.jpg 1200w, https:\/\/centcols.org\/wp-content\/uploads\/2025\/10\/Thonon-Trieste-FS_etape04-07-768x513.jpg 768w, https:\/\/centcols.org\/wp-content\/uploads\/2025\/10\/Thonon-Trieste-FS_etape04-07-18x12.jpg 18w\" sizes=\"auto, (max-width: 1307px) 100vw, 1307px\" \/><\/a><\/figure>\n\n\n\n<p>Al final de la subida, llegamos a un soberbio altiplano. Comienza con un enorme lago y termina 16 km m\u00e1s adelante en Saint Moritz.&nbsp;<\/p>\n\n\n\n<p>Estamos en el valle de Engandine, entre los puertos de Maloja y Bernina. En Saint Moritz est\u00e1 el Grand H\u00f4tel des Bains... donde no he reservado.<\/p>\n\n\n\n<figure class=\"wp-block-gallery has-nested-images columns-default is-cropped wp-block-gallery-14 is-layout-flex wp-block-gallery-is-layout-flex\">\n<figure class=\"wp-block-image size-large\"><a href=\"https:\/\/centcols.org\/wp-content\/uploads\/2025\/10\/Thonon-Trieste-FS_etape04-10.jpg\"><img loading=\"lazy\" decoding=\"async\" width=\"1307\" height=\"873\" data-id=\"91271\" src=\"https:\/\/centcols.org\/wp-content\/uploads\/2025\/10\/Thonon-Trieste-FS_etape04-10.jpg\" alt=\"\" class=\"wp-image-91271\" srcset=\"https:\/\/centcols.org\/wp-content\/uploads\/2025\/10\/Thonon-Trieste-FS_etape04-10.jpg 1307w, https:\/\/centcols.org\/wp-content\/uploads\/2025\/10\/Thonon-Trieste-FS_etape04-10-1200x802.jpg 1200w, https:\/\/centcols.org\/wp-content\/uploads\/2025\/10\/Thonon-Trieste-FS_etape04-10-768x513.jpg 768w, https:\/\/centcols.org\/wp-content\/uploads\/2025\/10\/Thonon-Trieste-FS_etape04-10-18x12.jpg 18w\" sizes=\"auto, (max-width: 1307px) 100vw, 1307px\" \/><\/a><figcaption class=\"wp-element-caption\">Lago di Sils, en el valle de Engandina, entre los pasos del Maloja y del Bernina.<\/figcaption><\/figure>\n\n\n\n<figure class=\"wp-block-image size-large\"><a href=\"https:\/\/centcols.org\/wp-content\/uploads\/2025\/10\/Thonon-Trieste-FS_etape04-11.jpg\"><img loading=\"lazy\" decoding=\"async\" width=\"1307\" height=\"873\" data-id=\"91270\" src=\"https:\/\/centcols.org\/wp-content\/uploads\/2025\/10\/Thonon-Trieste-FS_etape04-11.jpg\" alt=\"\" class=\"wp-image-91270\" srcset=\"https:\/\/centcols.org\/wp-content\/uploads\/2025\/10\/Thonon-Trieste-FS_etape04-11.jpg 1307w, https:\/\/centcols.org\/wp-content\/uploads\/2025\/10\/Thonon-Trieste-FS_etape04-11-1200x802.jpg 1200w, https:\/\/centcols.org\/wp-content\/uploads\/2025\/10\/Thonon-Trieste-FS_etape04-11-768x513.jpg 768w, https:\/\/centcols.org\/wp-content\/uploads\/2025\/10\/Thonon-Trieste-FS_etape04-11-18x12.jpg 18w\" sizes=\"auto, (max-width: 1307px) 100vw, 1307px\" \/><\/a><figcaption class=\"wp-element-caption\">En Sankt Moritz, Grand H\u00f4tel des Bains... \u00a1donde no hab\u00eda reservado!<\/figcaption><\/figure>\n<\/figure>\n\n\n\n<p>Luego viene la subida del Passo del Bernina, el puerto m\u00e1s alto de los Alpes suizos, abierto todo el a\u00f1o. Aqu\u00ed pasamos por el Bernina Express, que une Chur (Grisones) con Tirano (Lombard\u00eda) a trav\u00e9s de 195 puentes y 55 t\u00faneles. Sorprende ver un tren a esta altitud que no sea de cremallera. Pendiente m\u00e1xima de 7%, \u00a1si no, no pasa! Norma ferroviaria obligatoria.<br>Antes de llegar al puerto, pasamos por un hermoso lago. Y tenemos la suerte de cruzarnos con el Bernina Express.<\/p>\n\n\n\n<figure class=\"wp-block-gallery has-nested-images columns-2 is-cropped wp-block-gallery-15 is-layout-flex wp-block-gallery-is-layout-flex\">\n<figure class=\"wp-block-image size-large\"><a href=\"https:\/\/centcols.org\/wp-content\/uploads\/2025\/10\/Thonon-Trieste-FS_etape04-12.jpg\"><img loading=\"lazy\" decoding=\"async\" width=\"1307\" height=\"873\" data-id=\"91272\" src=\"https:\/\/centcols.org\/wp-content\/uploads\/2025\/10\/Thonon-Trieste-FS_etape04-12.jpg\" alt=\"\" class=\"wp-image-91272\" srcset=\"https:\/\/centcols.org\/wp-content\/uploads\/2025\/10\/Thonon-Trieste-FS_etape04-12.jpg 1307w, https:\/\/centcols.org\/wp-content\/uploads\/2025\/10\/Thonon-Trieste-FS_etape04-12-1200x802.jpg 1200w, https:\/\/centcols.org\/wp-content\/uploads\/2025\/10\/Thonon-Trieste-FS_etape04-12-768x513.jpg 768w, https:\/\/centcols.org\/wp-content\/uploads\/2025\/10\/Thonon-Trieste-FS_etape04-12-18x12.jpg 18w\" sizes=\"auto, (max-width: 1307px) 100vw, 1307px\" \/><\/a><figcaption class=\"wp-element-caption\">Suba el puerto de Bernina, el m\u00e1s alto de los Alpes suizos, abierto todo el a\u00f1o.<\/figcaption><\/figure>\n\n\n\n<figure class=\"wp-block-image size-large\"><a href=\"https:\/\/centcols.org\/wp-content\/uploads\/2025\/10\/Thonon-Trieste-FS_etape04-13.jpg\"><img loading=\"lazy\" decoding=\"async\" width=\"1307\" height=\"873\" data-id=\"91274\" src=\"https:\/\/centcols.org\/wp-content\/uploads\/2025\/10\/Thonon-Trieste-FS_etape04-13.jpg\" alt=\"\" class=\"wp-image-91274\" srcset=\"https:\/\/centcols.org\/wp-content\/uploads\/2025\/10\/Thonon-Trieste-FS_etape04-13.jpg 1307w, https:\/\/centcols.org\/wp-content\/uploads\/2025\/10\/Thonon-Trieste-FS_etape04-13-1200x802.jpg 1200w, https:\/\/centcols.org\/wp-content\/uploads\/2025\/10\/Thonon-Trieste-FS_etape04-13-768x513.jpg 768w, https:\/\/centcols.org\/wp-content\/uploads\/2025\/10\/Thonon-Trieste-FS_etape04-13-18x12.jpg 18w\" sizes=\"auto, (max-width: 1307px) 100vw, 1307px\" \/><\/a><figcaption class=\"wp-element-caption\">El Bernina Express (que une Croire (Grisones) con Tirano (Lombard\u00eda) a trav\u00e9s de 195 puentes y 55 t\u00faneles) bordea el Lej Nair (Lago Negro).<\/figcaption><\/figure>\n<\/figure>\n\n\n\n<figure class=\"wp-block-gallery aligncenter has-nested-images columns-default is-cropped wp-block-gallery-16 is-layout-flex wp-block-gallery-is-layout-flex\">\n<figure class=\"wp-block-image size-large\"><a href=\"https:\/\/centcols.org\/wp-content\/uploads\/2025\/10\/Thonon-Trieste-FS_etape04b.jpg\"><img loading=\"lazy\" decoding=\"async\" width=\"626\" height=\"1246\" data-id=\"91401\" src=\"https:\/\/centcols.org\/wp-content\/uploads\/2025\/10\/Thonon-Trieste-FS_etape04b.jpg\" alt=\"\" class=\"wp-image-91401\" srcset=\"https:\/\/centcols.org\/wp-content\/uploads\/2025\/10\/Thonon-Trieste-FS_etape04b.jpg 626w, https:\/\/centcols.org\/wp-content\/uploads\/2025\/10\/Thonon-Trieste-FS_etape04b-603x1200.jpg 603w, https:\/\/centcols.org\/wp-content\/uploads\/2025\/10\/Thonon-Trieste-FS_etape04b-6x12.jpg 6w\" sizes=\"auto, (max-width: 626px) 100vw, 626px\" \/><\/a><\/figure>\n\n\n\n<figure class=\"wp-block-image size-large\"><a href=\"https:\/\/centcols.org\/wp-content\/uploads\/2025\/10\/Thonon-Trieste-FS_etape04a.jpg\"><img loading=\"lazy\" decoding=\"async\" width=\"611\" height=\"1246\" data-id=\"91400\" src=\"https:\/\/centcols.org\/wp-content\/uploads\/2025\/10\/Thonon-Trieste-FS_etape04a.jpg\" alt=\"\" class=\"wp-image-91400\" srcset=\"https:\/\/centcols.org\/wp-content\/uploads\/2025\/10\/Thonon-Trieste-FS_etape04a.jpg 611w, https:\/\/centcols.org\/wp-content\/uploads\/2025\/10\/Thonon-Trieste-FS_etape04a-588x1200.jpg 588w, https:\/\/centcols.org\/wp-content\/uploads\/2025\/10\/Thonon-Trieste-FS_etape04a-6x12.jpg 6w\" sizes=\"auto, (max-width: 611px) 100vw, 611px\" \/><\/a><\/figure>\n\n\n\n<figure class=\"wp-block-image size-large\"><a href=\"https:\/\/centcols.org\/wp-content\/uploads\/2025\/10\/Thonon-Trieste-FS_etape04-14.jpg\"><img loading=\"lazy\" decoding=\"async\" width=\"798\" height=\"1246\" data-id=\"91273\" src=\"https:\/\/centcols.org\/wp-content\/uploads\/2025\/10\/Thonon-Trieste-FS_etape04-14.jpg\" alt=\"\" class=\"wp-image-91273\" srcset=\"https:\/\/centcols.org\/wp-content\/uploads\/2025\/10\/Thonon-Trieste-FS_etape04-14.jpg 798w, https:\/\/centcols.org\/wp-content\/uploads\/2025\/10\/Thonon-Trieste-FS_etape04-14-769x1200.jpg 769w, https:\/\/centcols.org\/wp-content\/uploads\/2025\/10\/Thonon-Trieste-FS_etape04-14-768x1199.jpg 768w, https:\/\/centcols.org\/wp-content\/uploads\/2025\/10\/Thonon-Trieste-FS_etape04-14-8x12.jpg 8w\" sizes=\"auto, (max-width: 798px) 100vw, 798px\" \/><\/a><figcaption class=\"wp-element-caption\">Listo para el descenso del Bernina<\/figcaption><\/figure>\n<\/figure>\n\n\n\n<p>Bajando por el Bernina, algunas vacas m\u00e1s. Algunas tienen cencerros cuadrados, otras redondos.<\/p>\n\n\n<div class=\"wp-block-image\">\n<figure class=\"aligncenter size-large is-resized\"><a href=\"https:\/\/centcols.org\/wp-content\/uploads\/2025\/10\/Thonon-Trieste-FS_etape04-19.jpg\"><img loading=\"lazy\" decoding=\"async\" width=\"1200\" height=\"802\" src=\"https:\/\/centcols.org\/wp-content\/uploads\/2025\/10\/Thonon-Trieste-FS_etape04-19.jpg\" alt=\"\" class=\"wp-image-91287\" style=\"width:800px\" srcset=\"https:\/\/centcols.org\/wp-content\/uploads\/2025\/10\/Thonon-Trieste-FS_etape04-19.jpg 1200w, https:\/\/centcols.org\/wp-content\/uploads\/2025\/10\/Thonon-Trieste-FS_etape04-19-768x513.jpg 768w, https:\/\/centcols.org\/wp-content\/uploads\/2025\/10\/Thonon-Trieste-FS_etape04-19-18x12.jpg 18w\" sizes=\"auto, (max-width: 1200px) 100vw, 1200px\" \/><\/a><\/figure>\n<\/div>\n\n\n<p>A\u00fan tenemos que volver a subir hasta Forcala di Livigno, a 2313 m, en 3 km a una velocidad media de 9%. Nos cruzamos con muchos camiones cisterna de combustible. Entenderemos por qu\u00e9 cuando sepamos que Livigno es una zona franca. All\u00ed repostaremos gas\u00f3leo a 1,15 euros el litro. En comparaci\u00f3n con los 1,60 euros que cuesta en el resto de Italia.<br>Al final de un largo descenso, llegamos a Livigno, donde debe de haber una estricta normativa urban\u00edstica. La mayor\u00eda de las flores de los balcones son de id\u00e9ntico color.<\/p>\n\n\n\n<figure class=\"wp-block-gallery has-nested-images columns-default is-cropped wp-block-gallery-17 is-layout-flex wp-block-gallery-is-layout-flex\">\n<figure class=\"wp-block-image size-large\"><a href=\"https:\/\/centcols.org\/wp-content\/uploads\/2025\/10\/Thonon-Trieste-FS_etape04-15a.jpg\"><img loading=\"lazy\" decoding=\"async\" width=\"1307\" height=\"873\" data-id=\"91403\" src=\"https:\/\/centcols.org\/wp-content\/uploads\/2025\/10\/Thonon-Trieste-FS_etape04-15a.jpg\" alt=\"\" class=\"wp-image-91403\" srcset=\"https:\/\/centcols.org\/wp-content\/uploads\/2025\/10\/Thonon-Trieste-FS_etape04-15a.jpg 1307w, https:\/\/centcols.org\/wp-content\/uploads\/2025\/10\/Thonon-Trieste-FS_etape04-15a-1200x802.jpg 1200w, https:\/\/centcols.org\/wp-content\/uploads\/2025\/10\/Thonon-Trieste-FS_etape04-15a-768x513.jpg 768w, https:\/\/centcols.org\/wp-content\/uploads\/2025\/10\/Thonon-Trieste-FS_etape04-15a-18x12.jpg 18w\" sizes=\"auto, (max-width: 1307px) 100vw, 1307px\" \/><\/a><\/figure>\n\n\n\n<figure class=\"wp-block-image size-large\"><a href=\"https:\/\/centcols.org\/wp-content\/uploads\/2025\/10\/Thonon-Trieste-FS_etape04-15.jpg\"><img loading=\"lazy\" decoding=\"async\" width=\"1307\" height=\"873\" data-id=\"91275\" src=\"https:\/\/centcols.org\/wp-content\/uploads\/2025\/10\/Thonon-Trieste-FS_etape04-15.jpg\" alt=\"\" class=\"wp-image-91275\" srcset=\"https:\/\/centcols.org\/wp-content\/uploads\/2025\/10\/Thonon-Trieste-FS_etape04-15.jpg 1307w, https:\/\/centcols.org\/wp-content\/uploads\/2025\/10\/Thonon-Trieste-FS_etape04-15-1200x802.jpg 1200w, https:\/\/centcols.org\/wp-content\/uploads\/2025\/10\/Thonon-Trieste-FS_etape04-15-768x513.jpg 768w, https:\/\/centcols.org\/wp-content\/uploads\/2025\/10\/Thonon-Trieste-FS_etape04-15-18x12.jpg 18w\" sizes=\"auto, (max-width: 1307px) 100vw, 1307px\" \/><\/a><\/figure>\n\n\n\n<figure class=\"wp-block-image size-large\"><a href=\"https:\/\/centcols.org\/wp-content\/uploads\/2025\/10\/Thonon-Trieste-FS_etape04-16.jpg\"><img loading=\"lazy\" decoding=\"async\" width=\"1307\" height=\"873\" data-id=\"91276\" src=\"https:\/\/centcols.org\/wp-content\/uploads\/2025\/10\/Thonon-Trieste-FS_etape04-16.jpg\" alt=\"\" class=\"wp-image-91276\" srcset=\"https:\/\/centcols.org\/wp-content\/uploads\/2025\/10\/Thonon-Trieste-FS_etape04-16.jpg 1307w, https:\/\/centcols.org\/wp-content\/uploads\/2025\/10\/Thonon-Trieste-FS_etape04-16-1200x802.jpg 1200w, https:\/\/centcols.org\/wp-content\/uploads\/2025\/10\/Thonon-Trieste-FS_etape04-16-768x513.jpg 768w, https:\/\/centcols.org\/wp-content\/uploads\/2025\/10\/Thonon-Trieste-FS_etape04-16-18x12.jpg 18w\" sizes=\"auto, (max-width: 1307px) 100vw, 1307px\" \/><\/a><figcaption class=\"wp-element-caption\">Descenso a Livigno<\/figcaption><\/figure>\n<\/figure>\n\n\n\n<p>Livignio es, por tanto, una zona franca, gracias a su aislamiento. As\u00ed que hay muy pocos impuestos... y muchos turistas.<\/p>\n\n\n\n<p>Estamos disfrutando de la comodidad de nuestra casa rural despu\u00e9s de 106 km, 2455 m de ascenso y 3 magn\u00edficos puertos, incluidos 2 \u00ab2000\u00bb.<\/p>\n\n\n<div class=\"wp-block-image\">\n<figure class=\"aligncenter size-full is-resized\"><a href=\"https:\/\/centcols.org\/wp-content\/uploads\/2025\/10\/Thonon-Trieste-FS_etape04-17.jpg\"><img loading=\"lazy\" decoding=\"async\" width=\"1307\" height=\"873\" src=\"https:\/\/centcols.org\/wp-content\/uploads\/2025\/10\/Thonon-Trieste-FS_etape04-17.jpg\" alt=\"\" class=\"wp-image-91277\" style=\"width:800px\" srcset=\"https:\/\/centcols.org\/wp-content\/uploads\/2025\/10\/Thonon-Trieste-FS_etape04-17.jpg 1307w, https:\/\/centcols.org\/wp-content\/uploads\/2025\/10\/Thonon-Trieste-FS_etape04-17-1200x802.jpg 1200w, https:\/\/centcols.org\/wp-content\/uploads\/2025\/10\/Thonon-Trieste-FS_etape04-17-768x513.jpg 768w, https:\/\/centcols.org\/wp-content\/uploads\/2025\/10\/Thonon-Trieste-FS_etape04-17-18x12.jpg 18w\" sizes=\"auto, (max-width: 1307px) 100vw, 1307px\" \/><\/a><figcaption class=\"wp-element-caption\">Nuestra casa rural en Livigno<\/figcaption><\/figure>\n<\/div>\n\n\n<div class=\"wp-block-buttons is-content-justification-space-between is-layout-flex wp-container-core-buttons-is-layout-3d213aab wp-block-buttons-is-layout-flex\">\n<div class=\"wp-block-button\"><a class=\"wp-block-button__link has-text-color has-background has-link-color wp-element-button\" href=\"https:\/\/centcols.org\/es\/thonon-trieste-fred-singla-2025\/4\/\" style=\"color:#2a488c;background-color:#88f2fd;text-transform:uppercase\"><strong>Etapa anterior<\/strong><\/a><\/div>\n\n\n\n<div class=\"wp-block-button\"><a class=\"wp-block-button__link has-text-color has-background has-link-color wp-element-button\" href=\"https:\/\/centcols.org\/es\/thonon-trieste-fred-singla-2025\/6\/\" style=\"color:#2a488c;background-color:#88f2fd;text-transform:uppercase\"><strong>Siguiente paso<\/strong><\/a><\/div>\n<\/div>\n\n\n\n<!--nextpage-->\n\n\n\n<h2 class=\"wp-block-heading\"><em> D\u00eda 5: de <\/em>De Livigno a Malles-Venosta: El Stelvio: \u00a1DANTESCO pero WAHOU!<\/h2>\n\n\n\n<p>95 km - 2200 m de den+ y \ud83c\udf27\ud83c\udf27\ud83c\udf27\ud83c\udf27<\/p>\n\n\n\n<figure class=\"wp-block-gallery has-nested-images columns-default is-cropped wp-block-gallery-18 is-layout-flex wp-block-gallery-is-layout-flex\">\n<figure class=\"wp-block-image size-full\"><a href=\"https:\/\/centcols.org\/wp-content\/uploads\/2025\/10\/Thonon-Trieste-FS_etape05-01.jpg\"><img loading=\"lazy\" decoding=\"async\" width=\"1307\" height=\"604\" data-id=\"91308\" src=\"https:\/\/centcols.org\/wp-content\/uploads\/2025\/10\/Thonon-Trieste-FS_etape05-01.jpg\" alt=\"\" class=\"wp-image-91308\" srcset=\"https:\/\/centcols.org\/wp-content\/uploads\/2025\/10\/Thonon-Trieste-FS_etape05-01.jpg 1307w, https:\/\/centcols.org\/wp-content\/uploads\/2025\/10\/Thonon-Trieste-FS_etape05-01-1200x555.jpg 1200w, https:\/\/centcols.org\/wp-content\/uploads\/2025\/10\/Thonon-Trieste-FS_etape05-01-768x355.jpg 768w, https:\/\/centcols.org\/wp-content\/uploads\/2025\/10\/Thonon-Trieste-FS_etape05-01-18x8.jpg 18w\" sizes=\"auto, (max-width: 1307px) 100vw, 1307px\" \/><\/a><figcaption class=\"wp-element-caption\">Jueves 28, como cualquier otro d\u00eda, levantado al amanecer<\/figcaption><\/figure>\n\n\n\n<figure class=\"wp-block-image size-full\"><a href=\"https:\/\/centcols.org\/wp-content\/uploads\/2025\/10\/Thonon-Trieste-FS_etape05-02.jpg\"><img loading=\"lazy\" decoding=\"async\" width=\"1307\" height=\"604\" data-id=\"91309\" src=\"https:\/\/centcols.org\/wp-content\/uploads\/2025\/10\/Thonon-Trieste-FS_etape05-02.jpg\" alt=\"\" class=\"wp-image-91309\" srcset=\"https:\/\/centcols.org\/wp-content\/uploads\/2025\/10\/Thonon-Trieste-FS_etape05-02.jpg 1307w, https:\/\/centcols.org\/wp-content\/uploads\/2025\/10\/Thonon-Trieste-FS_etape05-02-1200x555.jpg 1200w, https:\/\/centcols.org\/wp-content\/uploads\/2025\/10\/Thonon-Trieste-FS_etape05-02-768x355.jpg 768w, https:\/\/centcols.org\/wp-content\/uploads\/2025\/10\/Thonon-Trieste-FS_etape05-02-18x8.jpg 18w\" sizes=\"auto, (max-width: 1307px) 100vw, 1307px\" \/><\/a><figcaption class=\"wp-element-caption\">Como todos los d\u00edas, un desayuno s\u00f3lido, y esto es s\u00f3lo una muestra ...<\/figcaption><\/figure>\n<\/figure>\n\n\n<div class=\"wp-block-image\">\n<figure class=\"aligncenter size-full is-resized\"><a href=\"https:\/\/centcols.org\/wp-content\/uploads\/2025\/10\/Thonon-Trieste-FS_etape05-02a.jpg\"><img loading=\"lazy\" decoding=\"async\" width=\"1307\" height=\"873\" src=\"https:\/\/centcols.org\/wp-content\/uploads\/2025\/10\/Thonon-Trieste-FS_etape05-02a.jpg\" alt=\"\" class=\"wp-image-91406\" style=\"width:800px\" srcset=\"https:\/\/centcols.org\/wp-content\/uploads\/2025\/10\/Thonon-Trieste-FS_etape05-02a.jpg 1307w, https:\/\/centcols.org\/wp-content\/uploads\/2025\/10\/Thonon-Trieste-FS_etape05-02a-1200x802.jpg 1200w, https:\/\/centcols.org\/wp-content\/uploads\/2025\/10\/Thonon-Trieste-FS_etape05-02a-768x513.jpg 768w, https:\/\/centcols.org\/wp-content\/uploads\/2025\/10\/Thonon-Trieste-FS_etape05-02a-18x12.jpg 18w\" sizes=\"auto, (max-width: 1307px) 100vw, 1307px\" \/><\/a><figcaption class=\"wp-element-caption\">Dejamos Livigno bajo la lluvia<\/figcaption><\/figure>\n<\/div>\n\n\n<p>\u00bfC\u00f3mo se sube el Stelvio sin coche (o sin bici...)? Es muy sencillo, s\u00f3lo tienes que seguir los puntos 1 a 6 :<\/p>\n\n\n\n<ol class=\"wp-block-list\">\n<li>Salga de Livigno y comience la etapa del d\u00eda subiendo el Passo d'Eira.<\/li>\n\n\n\n<li>Luego descender en un peque\u00f1o valle para pasar Trepalle (hermoso fresco) entre el passi d'Eira y di Foscagno.<\/li>\n\n\n\n<li>Subimos de nuevo hasta el Passo di Foscagno antes de embarcarnos en un descenso de antolog\u00eda hasta Bormio bajo una lluvia torrencial \ud83c\udf27\ud83c\udf27. No nos libramos de nada en este descenso: lluvia, avalanchas en abundancia, obras en la carretera y tr\u00e1fico infernal. Desde luego, no fue la mejor parte del viaje.<\/li>\n\n\n\n<li>En Bormio, se topar\u00e1 con un cartel que anuncia que la carretera est\u00e1 cerrada.<\/li>\n\n\n\n<li>Nos topamos con un taxista italiano que levanta la barrera, pasa a nuestro lado y nos dice \u00bbvale, est\u00e1 prohibido, pero no hay absolutamente nada y no pasa nada\u00ab.<\/li>\n\n\n\n<li>Arriesgarse, como hacemos Bruno y yo... un poco preocupados de todos modos. \u00bfQu\u00e9 encontraremos al final?<\/li>\n\n\n\n<li>Tuvimos la suerte de que Jean-Marc nos esperara abajo por si ten\u00edamos que volver a bajar.<\/li>\n<\/ol>\n\n\n\n<figure class=\"wp-block-gallery has-nested-images columns-3 is-cropped wp-block-gallery-19 is-layout-flex wp-block-gallery-is-layout-flex\">\n<figure class=\"wp-block-image size-full\"><a href=\"https:\/\/centcols.org\/wp-content\/uploads\/2025\/10\/Thonon-Trieste-FS_etape05-03.jpg\"><img loading=\"lazy\" decoding=\"async\" width=\"997\" height=\"1246\" data-id=\"91310\" src=\"https:\/\/centcols.org\/wp-content\/uploads\/2025\/10\/Thonon-Trieste-FS_etape05-03.jpg\" alt=\"\" class=\"wp-image-91310\" srcset=\"https:\/\/centcols.org\/wp-content\/uploads\/2025\/10\/Thonon-Trieste-FS_etape05-03.jpg 997w, https:\/\/centcols.org\/wp-content\/uploads\/2025\/10\/Thonon-Trieste-FS_etape05-03-960x1200.jpg 960w, https:\/\/centcols.org\/wp-content\/uploads\/2025\/10\/Thonon-Trieste-FS_etape05-03-768x960.jpg 768w, https:\/\/centcols.org\/wp-content\/uploads\/2025\/10\/Thonon-Trieste-FS_etape05-03-10x12.jpg 10w\" sizes=\"auto, (max-width: 997px) 100vw, 997px\" \/><\/a><figcaption class=\"wp-element-caption\">Passo Eira (IT 2208).<\/figcaption><\/figure>\n\n\n\n<figure class=\"wp-block-image size-full\"><a href=\"https:\/\/centcols.org\/wp-content\/uploads\/2025\/10\/Thonon-Trieste-FS_etape05-05.jpg\"><img loading=\"lazy\" decoding=\"async\" width=\"1307\" height=\"873\" data-id=\"91311\" src=\"https:\/\/centcols.org\/wp-content\/uploads\/2025\/10\/Thonon-Trieste-FS_etape05-05.jpg\" alt=\"\" class=\"wp-image-91311\" srcset=\"https:\/\/centcols.org\/wp-content\/uploads\/2025\/10\/Thonon-Trieste-FS_etape05-05.jpg 1307w, https:\/\/centcols.org\/wp-content\/uploads\/2025\/10\/Thonon-Trieste-FS_etape05-05-1200x802.jpg 1200w, https:\/\/centcols.org\/wp-content\/uploads\/2025\/10\/Thonon-Trieste-FS_etape05-05-768x513.jpg 768w, https:\/\/centcols.org\/wp-content\/uploads\/2025\/10\/Thonon-Trieste-FS_etape05-05-18x12.jpg 18w\" sizes=\"auto, (max-width: 1307px) 100vw, 1307px\" \/><\/a><figcaption class=\"wp-element-caption\">Trepalle entre los Passi d'Eira y di Foscagno<\/figcaption><\/figure>\n\n\n\n<figure class=\"wp-block-image size-full\"><a href=\"https:\/\/centcols.org\/wp-content\/uploads\/2025\/10\/Thonon-Trieste-FS_etape05-06.jpg\"><img loading=\"lazy\" decoding=\"async\" width=\"1307\" height=\"1223\" data-id=\"91313\" src=\"https:\/\/centcols.org\/wp-content\/uploads\/2025\/10\/Thonon-Trieste-FS_etape05-06.jpg\" alt=\"\" class=\"wp-image-91313\" srcset=\"https:\/\/centcols.org\/wp-content\/uploads\/2025\/10\/Thonon-Trieste-FS_etape05-06.jpg 1307w, https:\/\/centcols.org\/wp-content\/uploads\/2025\/10\/Thonon-Trieste-FS_etape05-06-1200x1123.jpg 1200w, https:\/\/centcols.org\/wp-content\/uploads\/2025\/10\/Thonon-Trieste-FS_etape05-06-768x719.jpg 768w, https:\/\/centcols.org\/wp-content\/uploads\/2025\/10\/Thonon-Trieste-FS_etape05-06-13x12.jpg 13w\" sizes=\"auto, (max-width: 1307px) 100vw, 1307px\" \/><\/a><figcaption class=\"wp-element-caption\">Passo di Foscagno (IT 2292) con un descenso muy exigente (largo, lluvioso, helado, carretera da\u00f1ada, tr\u00e1fico denso, etc.).<\/figcaption><\/figure>\n\n\n\n<figure class=\"wp-block-image size-full\"><a href=\"https:\/\/centcols.org\/wp-content\/uploads\/2025\/10\/Thonon-Trieste-FS_etape05-04.jpg\"><img loading=\"lazy\" decoding=\"async\" width=\"1307\" height=\"246\" data-id=\"91312\" src=\"https:\/\/centcols.org\/wp-content\/uploads\/2025\/10\/Thonon-Trieste-FS_etape05-04.jpg\" alt=\"\" class=\"wp-image-91312\" srcset=\"https:\/\/centcols.org\/wp-content\/uploads\/2025\/10\/Thonon-Trieste-FS_etape05-04.jpg 1307w, https:\/\/centcols.org\/wp-content\/uploads\/2025\/10\/Thonon-Trieste-FS_etape05-04-1200x226.jpg 1200w, https:\/\/centcols.org\/wp-content\/uploads\/2025\/10\/Thonon-Trieste-FS_etape05-04-768x145.jpg 768w, https:\/\/centcols.org\/wp-content\/uploads\/2025\/10\/Thonon-Trieste-FS_etape05-04-18x3.jpg 18w\" sizes=\"auto, (max-width: 1307px) 100vw, 1307px\" \/><\/a><figcaption class=\"wp-element-caption\">Fresco en Trepalle<\/figcaption><\/figure>\n<\/figure>\n\n\n\n<p>Es una subida realmente extra\u00f1a. Los dos estamos solos en esta inmensidad.<\/p>\n\n\n\n<figure class=\"wp-block-gallery has-nested-images columns-3 is-cropped wp-block-gallery-20 is-layout-flex wp-block-gallery-is-layout-flex\">\n<figure class=\"wp-block-image size-full\"><a href=\"https:\/\/centcols.org\/wp-content\/uploads\/2025\/10\/Thonon-Trieste-FS_etape05-07.jpg\"><img loading=\"lazy\" decoding=\"async\" width=\"1307\" height=\"873\" data-id=\"91314\" src=\"https:\/\/centcols.org\/wp-content\/uploads\/2025\/10\/Thonon-Trieste-FS_etape05-07.jpg\" alt=\"\" class=\"wp-image-91314\" srcset=\"https:\/\/centcols.org\/wp-content\/uploads\/2025\/10\/Thonon-Trieste-FS_etape05-07.jpg 1307w, https:\/\/centcols.org\/wp-content\/uploads\/2025\/10\/Thonon-Trieste-FS_etape05-07-1200x802.jpg 1200w, https:\/\/centcols.org\/wp-content\/uploads\/2025\/10\/Thonon-Trieste-FS_etape05-07-768x513.jpg 768w, https:\/\/centcols.org\/wp-content\/uploads\/2025\/10\/Thonon-Trieste-FS_etape05-07-18x12.jpg 18w\" sizes=\"auto, (max-width: 1307px) 100vw, 1307px\" \/><\/a><figcaption class=\"wp-element-caption\">Primer control de carretera, que muchos veh\u00edculos pasan. Tambi\u00e9n ...<\/figcaption><\/figure>\n\n\n\n<figure class=\"wp-block-image size-full\"><a href=\"https:\/\/centcols.org\/wp-content\/uploads\/2025\/10\/Thonon-Trieste-FS_etape05-08.jpg\"><img loading=\"lazy\" decoding=\"async\" width=\"1307\" height=\"873\" data-id=\"91315\" src=\"https:\/\/centcols.org\/wp-content\/uploads\/2025\/10\/Thonon-Trieste-FS_etape05-08.jpg\" alt=\"\" class=\"wp-image-91315\" srcset=\"https:\/\/centcols.org\/wp-content\/uploads\/2025\/10\/Thonon-Trieste-FS_etape05-08.jpg 1307w, https:\/\/centcols.org\/wp-content\/uploads\/2025\/10\/Thonon-Trieste-FS_etape05-08-1200x802.jpg 1200w, https:\/\/centcols.org\/wp-content\/uploads\/2025\/10\/Thonon-Trieste-FS_etape05-08-768x513.jpg 768w, https:\/\/centcols.org\/wp-content\/uploads\/2025\/10\/Thonon-Trieste-FS_etape05-08-18x12.jpg 18w\" sizes=\"auto, (max-width: 1307px) 100vw, 1307px\" \/><\/a><figcaption class=\"wp-element-caption\">Dos kil\u00f3metros m\u00e1s adelante, la cosa es m\u00e1s seria. Pero un taxi italiano levanta la barrera y nos dice: \"Ah\u00ed no hay nada\". Bruno y yo fuimos directamente a ....<\/figcaption><\/figure>\n\n\n\n<figure class=\"wp-block-image size-full\"><a href=\"https:\/\/centcols.org\/wp-content\/uploads\/2025\/10\/Thonon-Trieste-FS_etape05-09.jpg\"><img loading=\"lazy\" decoding=\"async\" width=\"1307\" height=\"873\" data-id=\"91316\" src=\"https:\/\/centcols.org\/wp-content\/uploads\/2025\/10\/Thonon-Trieste-FS_etape05-09.jpg\" alt=\"\" class=\"wp-image-91316\" srcset=\"https:\/\/centcols.org\/wp-content\/uploads\/2025\/10\/Thonon-Trieste-FS_etape05-09.jpg 1307w, https:\/\/centcols.org\/wp-content\/uploads\/2025\/10\/Thonon-Trieste-FS_etape05-09-1200x802.jpg 1200w, https:\/\/centcols.org\/wp-content\/uploads\/2025\/10\/Thonon-Trieste-FS_etape05-09-768x513.jpg 768w, https:\/\/centcols.org\/wp-content\/uploads\/2025\/10\/Thonon-Trieste-FS_etape05-09-18x12.jpg 18w\" sizes=\"auto, (max-width: 1307px) 100vw, 1307px\" \/><\/a><figcaption class=\"wp-element-caption\">Un poco de miedo. \u00bfQu\u00e9 encontraremos al final ...<\/figcaption><\/figure>\n\n\n\n<figure class=\"wp-block-image size-full\"><a href=\"https:\/\/centcols.org\/wp-content\/uploads\/2025\/10\/Thonon-Trieste-FS_etape05-10.jpg\"><img loading=\"lazy\" decoding=\"async\" width=\"1262\" height=\"1246\" data-id=\"91317\" src=\"https:\/\/centcols.org\/wp-content\/uploads\/2025\/10\/Thonon-Trieste-FS_etape05-10.jpg\" alt=\"\" class=\"wp-image-91317\" srcset=\"https:\/\/centcols.org\/wp-content\/uploads\/2025\/10\/Thonon-Trieste-FS_etape05-10.jpg 1262w, https:\/\/centcols.org\/wp-content\/uploads\/2025\/10\/Thonon-Trieste-FS_etape05-10-1200x1185.jpg 1200w, https:\/\/centcols.org\/wp-content\/uploads\/2025\/10\/Thonon-Trieste-FS_etape05-10-768x758.jpg 768w, https:\/\/centcols.org\/wp-content\/uploads\/2025\/10\/Thonon-Trieste-FS_etape05-10-12x12.jpg 12w\" sizes=\"auto, (max-width: 1262px) 100vw, 1262px\" \/><\/a><figcaption class=\"wp-element-caption\">Est\u00e1 lloviendo... mucho...<\/figcaption><\/figure>\n\n\n\n<figure class=\"wp-block-image size-large\"><a href=\"https:\/\/centcols.org\/wp-content\/uploads\/2025\/10\/Thonon-Trieste-FS_etape05-11.jpg\"><img loading=\"lazy\" decoding=\"async\" width=\"1307\" height=\"873\" data-id=\"91318\" src=\"https:\/\/centcols.org\/wp-content\/uploads\/2025\/10\/Thonon-Trieste-FS_etape05-11.jpg\" alt=\"\" class=\"wp-image-91318\" srcset=\"https:\/\/centcols.org\/wp-content\/uploads\/2025\/10\/Thonon-Trieste-FS_etape05-11.jpg 1307w, https:\/\/centcols.org\/wp-content\/uploads\/2025\/10\/Thonon-Trieste-FS_etape05-11-1200x802.jpg 1200w, https:\/\/centcols.org\/wp-content\/uploads\/2025\/10\/Thonon-Trieste-FS_etape05-11-768x513.jpg 768w, https:\/\/centcols.org\/wp-content\/uploads\/2025\/10\/Thonon-Trieste-FS_etape05-11-18x12.jpg 18w\" sizes=\"auto, (max-width: 1307px) 100vw, 1307px\" \/><\/a><figcaption class=\"wp-element-caption\">El camino es todo nuestro. Es agradable, pero extra\u00f1o y aterrador.<\/figcaption><\/figure>\n<\/figure>\n\n\n\n<p>&nbsp;Como nota positiva, no vimos al taxi volver a bajar. Despu\u00e9s de unos diez kil\u00f3metros, pasamos junto a un coche. Le hice se\u00f1as para que parara, pero el conductor pens\u00f3 que le estaba saludando y me devolvi\u00f3 el saludo sin detenerse. Otros 3 km y pasamos a otro coche (son los dos \u00fanicos que vemos bajar). \u00c9ste responde a mis llamadas, se detiene y el conductor confirma que \u00abest\u00e1 encendido\u00bb. De hecho, la configuraci\u00f3n de arriba es id\u00e9ntica a la de abajo: una barrera, pero no est\u00e1 bloqueada, as\u00ed que es posible levantarla.<br>Por supuesto, \u00a1no hay red! Otros 2 km y la comunicaci\u00f3n telef\u00f3nica es posible. Inmediatamente llamo a Jean-Marc y le digo: \u00ab\u00a1A por ello! Es eso o un desv\u00edo de 5 horas...<br>Para cuando llega, estamos subiendo algunas curvas m\u00e1s. Hay 40 en el lado lombardo. Confieso que, estresado por la situaci\u00f3n, no las cont\u00e9.<\/p>\n\n\n\n<figure class=\"wp-block-gallery has-nested-images columns-4 is-cropped wp-block-gallery-21 is-layout-flex wp-block-gallery-is-layout-flex\">\n<figure class=\"wp-block-image size-full\"><a href=\"https:\/\/centcols.org\/wp-content\/uploads\/2025\/10\/Thonon-Trieste-FS_etape05-12.jpg\"><img loading=\"lazy\" decoding=\"async\" width=\"1307\" height=\"873\" data-id=\"91319\" src=\"https:\/\/centcols.org\/wp-content\/uploads\/2025\/10\/Thonon-Trieste-FS_etape05-12.jpg\" alt=\"\" class=\"wp-image-91319\" srcset=\"https:\/\/centcols.org\/wp-content\/uploads\/2025\/10\/Thonon-Trieste-FS_etape05-12.jpg 1307w, https:\/\/centcols.org\/wp-content\/uploads\/2025\/10\/Thonon-Trieste-FS_etape05-12-1200x802.jpg 1200w, https:\/\/centcols.org\/wp-content\/uploads\/2025\/10\/Thonon-Trieste-FS_etape05-12-768x513.jpg 768w, https:\/\/centcols.org\/wp-content\/uploads\/2025\/10\/Thonon-Trieste-FS_etape05-12-18x12.jpg 18w\" sizes=\"auto, (max-width: 1307px) 100vw, 1307px\" \/><\/a><figcaption class=\"wp-element-caption\">Uno de los 40 cordones (48 en el otro lado)<\/figcaption><\/figure>\n\n\n\n<figure class=\"wp-block-image size-full\"><a href=\"https:\/\/centcols.org\/wp-content\/uploads\/2025\/10\/Thonon-Trieste-FS_etape05-13.jpg\"><img loading=\"lazy\" decoding=\"async\" width=\"1307\" height=\"873\" data-id=\"91320\" src=\"https:\/\/centcols.org\/wp-content\/uploads\/2025\/10\/Thonon-Trieste-FS_etape05-13.jpg\" alt=\"\" class=\"wp-image-91320\" srcset=\"https:\/\/centcols.org\/wp-content\/uploads\/2025\/10\/Thonon-Trieste-FS_etape05-13.jpg 1307w, https:\/\/centcols.org\/wp-content\/uploads\/2025\/10\/Thonon-Trieste-FS_etape05-13-1200x802.jpg 1200w, https:\/\/centcols.org\/wp-content\/uploads\/2025\/10\/Thonon-Trieste-FS_etape05-13-768x513.jpg 768w, https:\/\/centcols.org\/wp-content\/uploads\/2025\/10\/Thonon-Trieste-FS_etape05-13-18x12.jpg 18w\" sizes=\"auto, (max-width: 1307px) 100vw, 1307px\" \/><\/a><figcaption class=\"wp-element-caption\">Por fin tengo una red. Llamo a Jean Marc y le animo a venir.<\/figcaption><\/figure>\n\n\n\n<figure class=\"wp-block-image size-full\"><a href=\"https:\/\/centcols.org\/wp-content\/uploads\/2025\/10\/Thonon-Trieste-FS_etape05-14.jpg\"><img loading=\"lazy\" decoding=\"async\" width=\"1307\" height=\"873\" data-id=\"91321\" src=\"https:\/\/centcols.org\/wp-content\/uploads\/2025\/10\/Thonon-Trieste-FS_etape05-14.jpg\" alt=\"\" class=\"wp-image-91321\" srcset=\"https:\/\/centcols.org\/wp-content\/uploads\/2025\/10\/Thonon-Trieste-FS_etape05-14.jpg 1307w, https:\/\/centcols.org\/wp-content\/uploads\/2025\/10\/Thonon-Trieste-FS_etape05-14-1200x802.jpg 1200w, https:\/\/centcols.org\/wp-content\/uploads\/2025\/10\/Thonon-Trieste-FS_etape05-14-768x513.jpg 768w, https:\/\/centcols.org\/wp-content\/uploads\/2025\/10\/Thonon-Trieste-FS_etape05-14-18x12.jpg 18w\" sizes=\"auto, (max-width: 1307px) 100vw, 1307px\" \/><\/a><figcaption class=\"wp-element-caption\">Sacrario militare dello Stelvio (Primera Guerra Mundial)<\/figcaption><\/figure>\n<\/figure>\n\n\n\n<p>3 km antes de la cima, un r\u00e1pido viaje de ida y vuelta al paso de carretera m\u00e1s alto de Suiza, el Paso Umbrail a 2501 m. Los \u00faltimos kil\u00f3metros son s\u00f3lidos y por fin llegamos al Stelvio, el puerto de carretera m\u00e1s alto de los Alpes italianos con 2758 m (el m\u00e1s alto de los Alpes es el Iseran).<\/p>\n\n\n\n<figure class=\"wp-block-gallery has-nested-images columns-2 is-cropped wp-block-gallery-22 is-layout-flex wp-block-gallery-is-layout-flex\">\n<figure class=\"wp-block-image size-full\"><a href=\"https:\/\/centcols.org\/wp-content\/uploads\/2025\/10\/Thonon-Trieste-FS_etape05-15.jpg\"><img loading=\"lazy\" decoding=\"async\" width=\"1307\" height=\"873\" data-id=\"91322\" src=\"https:\/\/centcols.org\/wp-content\/uploads\/2025\/10\/Thonon-Trieste-FS_etape05-15.jpg\" alt=\"\" class=\"wp-image-91322\" srcset=\"https:\/\/centcols.org\/wp-content\/uploads\/2025\/10\/Thonon-Trieste-FS_etape05-15.jpg 1307w, https:\/\/centcols.org\/wp-content\/uploads\/2025\/10\/Thonon-Trieste-FS_etape05-15-1200x802.jpg 1200w, https:\/\/centcols.org\/wp-content\/uploads\/2025\/10\/Thonon-Trieste-FS_etape05-15-768x513.jpg 768w, https:\/\/centcols.org\/wp-content\/uploads\/2025\/10\/Thonon-Trieste-FS_etape05-15-18x12.jpg 18w\" sizes=\"auto, (max-width: 1307px) 100vw, 1307px\" \/><\/a><figcaption class=\"wp-element-caption\">Incursi\u00f3n r\u00e1pida en Suiza para el Umbrail Pass (CH 2501)<\/figcaption><\/figure>\n\n\n\n<figure class=\"wp-block-image size-full\"><a href=\"https:\/\/centcols.org\/wp-content\/uploads\/2025\/10\/Thonon-Trieste-FS_etape05-16.jpg\"><img loading=\"lazy\" decoding=\"async\" width=\"1307\" height=\"873\" data-id=\"91323\" src=\"https:\/\/centcols.org\/wp-content\/uploads\/2025\/10\/Thonon-Trieste-FS_etape05-16.jpg\" alt=\"\" class=\"wp-image-91323\" srcset=\"https:\/\/centcols.org\/wp-content\/uploads\/2025\/10\/Thonon-Trieste-FS_etape05-16.jpg 1307w, https:\/\/centcols.org\/wp-content\/uploads\/2025\/10\/Thonon-Trieste-FS_etape05-16-1200x802.jpg 1200w, https:\/\/centcols.org\/wp-content\/uploads\/2025\/10\/Thonon-Trieste-FS_etape05-16-768x513.jpg 768w, https:\/\/centcols.org\/wp-content\/uploads\/2025\/10\/Thonon-Trieste-FS_etape05-16-18x12.jpg 18w\" sizes=\"auto, (max-width: 1307px) 100vw, 1307px\" \/><\/a><figcaption class=\"wp-element-caption\">\u00a1Stelvio a la vista!<\/figcaption><\/figure>\n<\/figure>\n\n\n<div class=\"wp-block-image\">\n<figure class=\"aligncenter size-full is-resized\"><a href=\"https:\/\/centcols.org\/wp-content\/uploads\/2025\/10\/Thonon-Trieste-FS_etape05-17.jpg\"><img loading=\"lazy\" decoding=\"async\" width=\"909\" height=\"1246\" src=\"https:\/\/centcols.org\/wp-content\/uploads\/2025\/10\/Thonon-Trieste-FS_etape05-17.jpg\" alt=\"\" class=\"wp-image-91324\" style=\"width:auto;height:500px\" srcset=\"https:\/\/centcols.org\/wp-content\/uploads\/2025\/10\/Thonon-Trieste-FS_etape05-17.jpg 909w, https:\/\/centcols.org\/wp-content\/uploads\/2025\/10\/Thonon-Trieste-FS_etape05-17-875x1200.jpg 875w, https:\/\/centcols.org\/wp-content\/uploads\/2025\/10\/Thonon-Trieste-FS_etape05-17-768x1053.jpg 768w, https:\/\/centcols.org\/wp-content\/uploads\/2025\/10\/Thonon-Trieste-FS_etape05-17-9x12.jpg 9w\" sizes=\"auto, (max-width: 909px) 100vw, 909px\" \/><\/a><\/figure>\n<\/div>\n\n\n<p>Por fin juntos (\u00a1uf!), disfrutamos de este chocolate caliente. \u00a1Con nata, por favor! Gracias a Jean Marc, que se encarga del catering, podremos ponernos capas extra y guantes largos.<\/p>\n\n\n\n<figure class=\"wp-block-gallery has-nested-images columns-default is-cropped wp-block-gallery-23 is-layout-flex wp-block-gallery-is-layout-flex\">\n<figure class=\"wp-block-image size-large\"><a href=\"https:\/\/centcols.org\/wp-content\/uploads\/2025\/10\/Thonon-Trieste-FS_etape05-18.jpg\"><img loading=\"lazy\" decoding=\"async\" width=\"1307\" height=\"1170\" data-id=\"91332\" src=\"https:\/\/centcols.org\/wp-content\/uploads\/2025\/10\/Thonon-Trieste-FS_etape05-18.jpg\" alt=\"\" class=\"wp-image-91332\" srcset=\"https:\/\/centcols.org\/wp-content\/uploads\/2025\/10\/Thonon-Trieste-FS_etape05-18.jpg 1307w, https:\/\/centcols.org\/wp-content\/uploads\/2025\/10\/Thonon-Trieste-FS_etape05-18-1200x1074.jpg 1200w, https:\/\/centcols.org\/wp-content\/uploads\/2025\/10\/Thonon-Trieste-FS_etape05-18-768x687.jpg 768w, https:\/\/centcols.org\/wp-content\/uploads\/2025\/10\/Thonon-Trieste-FS_etape05-18-13x12.jpg 13w\" sizes=\"auto, (max-width: 1307px) 100vw, 1307px\" \/><\/a><\/figure>\n\n\n\n<figure class=\"wp-block-image size-large\"><a href=\"https:\/\/centcols.org\/wp-content\/uploads\/2025\/10\/Thonon-Trieste-FS_etape05-20.jpg\"><img loading=\"lazy\" decoding=\"async\" width=\"1307\" height=\"557\" data-id=\"91327\" src=\"https:\/\/centcols.org\/wp-content\/uploads\/2025\/10\/Thonon-Trieste-FS_etape05-20.jpg\" alt=\"\" class=\"wp-image-91327\" srcset=\"https:\/\/centcols.org\/wp-content\/uploads\/2025\/10\/Thonon-Trieste-FS_etape05-20.jpg 1307w, https:\/\/centcols.org\/wp-content\/uploads\/2025\/10\/Thonon-Trieste-FS_etape05-20-1200x511.jpg 1200w, https:\/\/centcols.org\/wp-content\/uploads\/2025\/10\/Thonon-Trieste-FS_etape05-20-768x327.jpg 768w, https:\/\/centcols.org\/wp-content\/uploads\/2025\/10\/Thonon-Trieste-FS_etape05-20-18x8.jpg 18w\" sizes=\"auto, (max-width: 1307px) 100vw, 1307px\" \/><\/a><figcaption class=\"wp-element-caption\">Passo dello Stelvio (IT-BZ-2758), el puerto m\u00e1s alto del viaje<\/figcaption><\/figure>\n\n\n\n<figure class=\"wp-block-image size-large\"><a href=\"https:\/\/centcols.org\/wp-content\/uploads\/2025\/10\/Thonon-Trieste-FS_etape05-19.jpg\"><img loading=\"lazy\" decoding=\"async\" width=\"1307\" height=\"961\" data-id=\"91333\" src=\"https:\/\/centcols.org\/wp-content\/uploads\/2025\/10\/Thonon-Trieste-FS_etape05-19.jpg\" alt=\"\" class=\"wp-image-91333\" srcset=\"https:\/\/centcols.org\/wp-content\/uploads\/2025\/10\/Thonon-Trieste-FS_etape05-19.jpg 1307w, https:\/\/centcols.org\/wp-content\/uploads\/2025\/10\/Thonon-Trieste-FS_etape05-19-1200x882.jpg 1200w, https:\/\/centcols.org\/wp-content\/uploads\/2025\/10\/Thonon-Trieste-FS_etape05-19-768x565.jpg 768w, https:\/\/centcols.org\/wp-content\/uploads\/2025\/10\/Thonon-Trieste-FS_etape05-19-16x12.jpg 16w\" sizes=\"auto, (max-width: 1307px) 100vw, 1307px\" \/><\/a><\/figure>\n<\/figure>\n\n\n\n<figure class=\"wp-block-gallery has-nested-images columns-default is-cropped wp-block-gallery-24 is-layout-flex wp-block-gallery-is-layout-flex\">\n<figure class=\"wp-block-image size-large\"><a href=\"https:\/\/centcols.org\/wp-content\/uploads\/2025\/10\/Thonon-Trieste-FS_etape05-21.jpg\"><img loading=\"lazy\" decoding=\"async\" width=\"1307\" height=\"873\" data-id=\"91326\" src=\"https:\/\/centcols.org\/wp-content\/uploads\/2025\/10\/Thonon-Trieste-FS_etape05-21.jpg\" alt=\"\" class=\"wp-image-91326\" srcset=\"https:\/\/centcols.org\/wp-content\/uploads\/2025\/10\/Thonon-Trieste-FS_etape05-21.jpg 1307w, https:\/\/centcols.org\/wp-content\/uploads\/2025\/10\/Thonon-Trieste-FS_etape05-21-1200x802.jpg 1200w, https:\/\/centcols.org\/wp-content\/uploads\/2025\/10\/Thonon-Trieste-FS_etape05-21-768x513.jpg 768w, https:\/\/centcols.org\/wp-content\/uploads\/2025\/10\/Thonon-Trieste-FS_etape05-21-18x12.jpg 18w\" sizes=\"auto, (max-width: 1307px) 100vw, 1307px\" \/><\/a><figcaption class=\"wp-element-caption\">Un chocolate caliente en la cima del Stelvio, antes de lo que promete ser un dif\u00edcil descenso<\/figcaption><\/figure>\n\n\n\n<figure class=\"wp-block-image size-large\"><a href=\"https:\/\/centcols.org\/wp-content\/uploads\/2025\/10\/Thonon-Trieste-FS_etape05-22.jpg\"><img loading=\"lazy\" decoding=\"async\" width=\"1282\" height=\"1246\" data-id=\"91325\" src=\"https:\/\/centcols.org\/wp-content\/uploads\/2025\/10\/Thonon-Trieste-FS_etape05-22.jpg\" alt=\"\" class=\"wp-image-91325\" srcset=\"https:\/\/centcols.org\/wp-content\/uploads\/2025\/10\/Thonon-Trieste-FS_etape05-22.jpg 1282w, https:\/\/centcols.org\/wp-content\/uploads\/2025\/10\/Thonon-Trieste-FS_etape05-22-1200x1166.jpg 1200w, https:\/\/centcols.org\/wp-content\/uploads\/2025\/10\/Thonon-Trieste-FS_etape05-22-768x746.jpg 768w, https:\/\/centcols.org\/wp-content\/uploads\/2025\/10\/Thonon-Trieste-FS_etape05-22-12x12.jpg 12w\" sizes=\"auto, (max-width: 1282px) 100vw, 1282px\" \/><\/a><figcaption class=\"wp-element-caption\">Calentamos lo m\u00e1s posible antes del descenso.<\/figcaption><\/figure>\n<\/figure>\n\n\n\n<p class=\"has-text-align-center\">Nuestro descenso, por el lado del Tirol del Sur, con sus 48 curvas, tiene lugar bajo una lluvia torrencial \ud83c\udf27\ud83c\udf27\ud83c\udf27.<\/p>\n\n\n\n<figure class=\"wp-block-gallery has-nested-images columns-default is-cropped wp-block-gallery-25 is-layout-flex wp-block-gallery-is-layout-flex\">\n<figure class=\"wp-block-image size-large\"><a href=\"https:\/\/centcols.org\/wp-content\/uploads\/2025\/10\/Thonon-Trieste-FS_etape05-23.jpg\"><img loading=\"lazy\" decoding=\"async\" width=\"1307\" height=\"873\" data-id=\"91329\" src=\"https:\/\/centcols.org\/wp-content\/uploads\/2025\/10\/Thonon-Trieste-FS_etape05-23.jpg\" alt=\"\" class=\"wp-image-91329\" srcset=\"https:\/\/centcols.org\/wp-content\/uploads\/2025\/10\/Thonon-Trieste-FS_etape05-23.jpg 1307w, https:\/\/centcols.org\/wp-content\/uploads\/2025\/10\/Thonon-Trieste-FS_etape05-23-1200x802.jpg 1200w, https:\/\/centcols.org\/wp-content\/uploads\/2025\/10\/Thonon-Trieste-FS_etape05-23-768x513.jpg 768w, https:\/\/centcols.org\/wp-content\/uploads\/2025\/10\/Thonon-Trieste-FS_etape05-23-18x12.jpg 18w\" sizes=\"auto, (max-width: 1307px) 100vw, 1307px\" \/><\/a><\/figure>\n\n\n\n<figure class=\"wp-block-image size-large\"><a href=\"https:\/\/centcols.org\/wp-content\/uploads\/2025\/10\/Thonon-Trieste-FS_etape05-24.jpg\"><img loading=\"lazy\" decoding=\"async\" width=\"1307\" height=\"873\" data-id=\"91328\" src=\"https:\/\/centcols.org\/wp-content\/uploads\/2025\/10\/Thonon-Trieste-FS_etape05-24.jpg\" alt=\"\" class=\"wp-image-91328\" srcset=\"https:\/\/centcols.org\/wp-content\/uploads\/2025\/10\/Thonon-Trieste-FS_etape05-24.jpg 1307w, https:\/\/centcols.org\/wp-content\/uploads\/2025\/10\/Thonon-Trieste-FS_etape05-24-1200x802.jpg 1200w, https:\/\/centcols.org\/wp-content\/uploads\/2025\/10\/Thonon-Trieste-FS_etape05-24-768x513.jpg 768w, https:\/\/centcols.org\/wp-content\/uploads\/2025\/10\/Thonon-Trieste-FS_etape05-24-18x12.jpg 18w\" sizes=\"auto, (max-width: 1307px) 100vw, 1307px\" \/><\/a><\/figure>\n<\/figure>\n\n\n\n<p>Llegamos a Malles-Venosta empapados. Nuestra habitaci\u00f3n pronto parece un campamento.<\/p>\n\n\n\n<figure class=\"wp-block-gallery has-nested-images columns-default is-cropped wp-block-gallery-26 is-layout-flex wp-block-gallery-is-layout-flex\">\n<figure class=\"wp-block-image size-large\"><a href=\"https:\/\/centcols.org\/wp-content\/uploads\/2025\/10\/Thonon-Trieste-FS_etape05-25.jpg\"><img loading=\"lazy\" decoding=\"async\" width=\"1307\" height=\"873\" data-id=\"91331\" src=\"https:\/\/centcols.org\/wp-content\/uploads\/2025\/10\/Thonon-Trieste-FS_etape05-25.jpg\" alt=\"\" class=\"wp-image-91331\" srcset=\"https:\/\/centcols.org\/wp-content\/uploads\/2025\/10\/Thonon-Trieste-FS_etape05-25.jpg 1307w, https:\/\/centcols.org\/wp-content\/uploads\/2025\/10\/Thonon-Trieste-FS_etape05-25-1200x802.jpg 1200w, https:\/\/centcols.org\/wp-content\/uploads\/2025\/10\/Thonon-Trieste-FS_etape05-25-768x513.jpg 768w, https:\/\/centcols.org\/wp-content\/uploads\/2025\/10\/Thonon-Trieste-FS_etape05-25-18x12.jpg 18w\" sizes=\"auto, (max-width: 1307px) 100vw, 1307px\" \/><\/a><\/figure>\n\n\n\n<figure class=\"wp-block-image size-large\"><a href=\"https:\/\/centcols.org\/wp-content\/uploads\/2025\/10\/Thonon-Trieste-FS_etape05-26.jpg\"><img loading=\"lazy\" decoding=\"async\" width=\"1307\" height=\"873\" data-id=\"91330\" src=\"https:\/\/centcols.org\/wp-content\/uploads\/2025\/10\/Thonon-Trieste-FS_etape05-26.jpg\" alt=\"\" class=\"wp-image-91330\" srcset=\"https:\/\/centcols.org\/wp-content\/uploads\/2025\/10\/Thonon-Trieste-FS_etape05-26.jpg 1307w, https:\/\/centcols.org\/wp-content\/uploads\/2025\/10\/Thonon-Trieste-FS_etape05-26-1200x802.jpg 1200w, https:\/\/centcols.org\/wp-content\/uploads\/2025\/10\/Thonon-Trieste-FS_etape05-26-768x513.jpg 768w, https:\/\/centcols.org\/wp-content\/uploads\/2025\/10\/Thonon-Trieste-FS_etape05-26-18x12.jpg 18w\" sizes=\"auto, (max-width: 1307px) 100vw, 1307px\" \/><\/a><figcaption class=\"wp-element-caption\">Esta es la parte german\u00f3fona de Italia. El alem\u00e1n prevalece sobre el italiano con diferencia.<br>Sorprendente ...<\/figcaption><\/figure>\n<\/figure>\n\n\n\n<p>Alternativamente, si quiere subir al Stelvio sin coche, pero con muchas bicicletas, dos d\u00edas despu\u00e9s de nuestra visita habr\u00e1 una jornada especial \u00abStelvio sin coche\u00bb.\u00bb<br>Y si quieres subir al Stelvio con sol, ven un d\u00eda de buen tiempo \ud83d\ude09 ... Me encant\u00f3 subir este puerto legendario. Hay que reconocer que no lo hicimos en condiciones \u00f3ptimas. Dicho esto, cuando prepar\u00e1bamos nuestro viaje, me hab\u00eda hecho a la idea de que la subida podr\u00eda ser imposible. Pensaba en una posible tormenta de nieve. As\u00ed que soy positivo y salgo muy contento de esta aventura. Y, para que conste, al d\u00eda siguiente nev\u00f3 copiosamente en la cumbre. Como se ve en la webcam de la cumbre.<br>No nos enteramos hasta el d\u00eda siguiente, pero la carretera estaba cerrada debido a una alerta roja: mal tiempo en Lombard\u00eda. As\u00ed que, por supuesto, paso desapercibido: es obvio que no deber\u00edamos haber pasado. Pero \u00a1gracias a este taxista italiano!<\/p>\n\n\n\n<div class=\"wp-block-buttons is-content-justification-space-between is-layout-flex wp-container-core-buttons-is-layout-3d213aab wp-block-buttons-is-layout-flex\">\n<div class=\"wp-block-button\"><a class=\"wp-block-button__link has-text-color has-background has-link-color wp-element-button\" href=\"https:\/\/centcols.org\/es\/thonon-trieste-fred-singla-2025\/5\/\" style=\"color:#2a488c;background-color:#88f2fd;text-transform:uppercase\"><strong>Etapa anterior<\/strong><\/a><\/div>\n\n\n\n<div class=\"wp-block-button\"><a class=\"wp-block-button__link has-text-color has-background has-link-color wp-element-button\" href=\"https:\/\/centcols.org\/es\/thonon-trieste-fred-singla-2025\/7\/\" style=\"color:#2a488c;background-color:#88f2fd;text-transform:uppercase\"><strong>Siguiente paso<\/strong><\/a><\/div>\n<\/div>\n\n\n\n<!--nextpage-->\n\n\n\n<h2 class=\"wp-block-heading\"><em> D\u00eda 6: de<\/em> Ba\u00fales Venosta en Bolzano<\/h2>\n\n\n\n<p>137 km - 1950 m de desnivel, 2 puertos <\/p>\n\n\n\n<p>En Malles-Venosta, donde nos detuvimos ayer, est\u00e1bamos efectivamente en Italia, pero en una regi\u00f3n de habla alemana. Todo el mundo habla alem\u00e1n y todo est\u00e1 escrito, primero en alem\u00e1n y luego en italiano. Todos los pueblos, lugares, etc. tienen dos nombres... Se nota mucho m\u00e1s la influencia germ\u00e1nica que la italiana. Notaremos esta especificidad casi hasta Bolzano.<br>Por mucho que supiera que Suiza estaba dividida entre varias regiones culturales y ling\u00fc\u00edsticas. Alemana, francesa, italiana y romanche, por citar s\u00f3lo algunas. Lo mismo ocurre en B\u00e9lgica, con sus franc\u00f3fonos y neerland\u00f3fonos. No ten\u00eda ni idea de que el alem\u00e1n fuera la lengua principal en ciertas regiones italianas.<br><br>Salimos de Malles bajo la lluvia y los primeros 20 km fueron muy desagradables. Tras pasar por Glorenza (Glurns), tomamos un carril bici de 30 km. Sigue el Adige (Etsch), que se ha hecho mucho m\u00e1s grande por el mal tiempo de los \u00faltimos d\u00edas.<\/p>\n\n\n<div class=\"wp-block-image\">\n<figure class=\"aligncenter size-full is-resized\"><a href=\"https:\/\/centcols.org\/wp-content\/uploads\/2025\/10\/Thonon-Trieste-FS_etape06-01.jpg\"><img loading=\"lazy\" decoding=\"async\" width=\"1307\" height=\"873\" src=\"https:\/\/centcols.org\/wp-content\/uploads\/2025\/10\/Thonon-Trieste-FS_etape06-01.jpg\" alt=\"\" class=\"wp-image-91361\" style=\"width:800px\" srcset=\"https:\/\/centcols.org\/wp-content\/uploads\/2025\/10\/Thonon-Trieste-FS_etape06-01.jpg 1307w, https:\/\/centcols.org\/wp-content\/uploads\/2025\/10\/Thonon-Trieste-FS_etape06-01-1200x802.jpg 1200w, https:\/\/centcols.org\/wp-content\/uploads\/2025\/10\/Thonon-Trieste-FS_etape06-01-768x513.jpg 768w, https:\/\/centcols.org\/wp-content\/uploads\/2025\/10\/Thonon-Trieste-FS_etape06-01-18x12.jpg 18w\" sizes=\"auto, (max-width: 1307px) 100vw, 1307px\" \/><\/a><figcaption class=\"wp-element-caption\">Cruzamos Glurns (Glorenza) bajo la lluvia.<br>Se est\u00e1 convirtiendo en un h\u00e1bito<\/figcaption><\/figure>\n<\/div>\n\n\n<figure class=\"wp-block-gallery has-nested-images columns-default is-cropped wp-block-gallery-27 is-layout-flex wp-block-gallery-is-layout-flex\">\n<figure class=\"wp-block-image size-large\"><a href=\"https:\/\/centcols.org\/wp-content\/uploads\/2025\/10\/Thonon-Trieste-FS_etape06-02.jpg\"><img loading=\"lazy\" decoding=\"async\" width=\"1307\" height=\"873\" data-id=\"91363\" src=\"https:\/\/centcols.org\/wp-content\/uploads\/2025\/10\/Thonon-Trieste-FS_etape06-02.jpg\" alt=\"\" class=\"wp-image-91363\" srcset=\"https:\/\/centcols.org\/wp-content\/uploads\/2025\/10\/Thonon-Trieste-FS_etape06-02.jpg 1307w, https:\/\/centcols.org\/wp-content\/uploads\/2025\/10\/Thonon-Trieste-FS_etape06-02-1200x802.jpg 1200w, https:\/\/centcols.org\/wp-content\/uploads\/2025\/10\/Thonon-Trieste-FS_etape06-02-768x513.jpg 768w, https:\/\/centcols.org\/wp-content\/uploads\/2025\/10\/Thonon-Trieste-FS_etape06-02-18x12.jpg 18w\" sizes=\"auto, (max-width: 1307px) 100vw, 1307px\" \/><\/a><\/figure>\n\n\n\n<figure class=\"wp-block-image size-large\"><a href=\"https:\/\/centcols.org\/wp-content\/uploads\/2025\/10\/Thonon-Trieste-FS_etape06-04.jpg\"><img loading=\"lazy\" decoding=\"async\" width=\"731\" height=\"1246\" data-id=\"91362\" src=\"https:\/\/centcols.org\/wp-content\/uploads\/2025\/10\/Thonon-Trieste-FS_etape06-04.jpg\" alt=\"\" class=\"wp-image-91362\" srcset=\"https:\/\/centcols.org\/wp-content\/uploads\/2025\/10\/Thonon-Trieste-FS_etape06-04.jpg 731w, https:\/\/centcols.org\/wp-content\/uploads\/2025\/10\/Thonon-Trieste-FS_etape06-04-704x1200.jpg 704w, https:\/\/centcols.org\/wp-content\/uploads\/2025\/10\/Thonon-Trieste-FS_etape06-04-7x12.jpg 7w\" sizes=\"auto, (max-width: 731px) 100vw, 731px\" \/><\/a><figcaption class=\"wp-element-caption\">Primero en alem\u00e1n, luego en italiano<\/figcaption><\/figure>\n\n\n\n<figure class=\"wp-block-image size-large\"><a href=\"https:\/\/centcols.org\/wp-content\/uploads\/2025\/10\/Thonon-Trieste-FS_etape06-03.jpg\"><img loading=\"lazy\" decoding=\"async\" width=\"1307\" height=\"873\" data-id=\"91364\" src=\"https:\/\/centcols.org\/wp-content\/uploads\/2025\/10\/Thonon-Trieste-FS_etape06-03.jpg\" alt=\"\" class=\"wp-image-91364\" srcset=\"https:\/\/centcols.org\/wp-content\/uploads\/2025\/10\/Thonon-Trieste-FS_etape06-03.jpg 1307w, https:\/\/centcols.org\/wp-content\/uploads\/2025\/10\/Thonon-Trieste-FS_etape06-03-1200x802.jpg 1200w, https:\/\/centcols.org\/wp-content\/uploads\/2025\/10\/Thonon-Trieste-FS_etape06-03-768x513.jpg 768w, https:\/\/centcols.org\/wp-content\/uploads\/2025\/10\/Thonon-Trieste-FS_etape06-03-18x12.jpg 18w\" sizes=\"auto, (max-width: 1307px) 100vw, 1307px\" \/><\/a><\/figure>\n<\/figure>\n\n\n\n<p><br>Estamos en la Val Venosta, donde abundan los huertos de manzanos. Cre\u00eda haberlos visto en mi primer d\u00eda en Suiza, pero esto es una dimensi\u00f3n totalmente nueva. Un valle muy amplio lleno de huertos que seguimos durante 60 km. Por fin dej\u00f3 de llover \ud83d\ude0a.<\/p>\n\n\n<div class=\"wp-block-image\">\n<figure class=\"aligncenter size-full is-resized\"><a href=\"https:\/\/centcols.org\/wp-content\/uploads\/2025\/10\/Thonon-Trieste-FS_etape06-05.jpg\"><img loading=\"lazy\" decoding=\"async\" width=\"1307\" height=\"873\" src=\"https:\/\/centcols.org\/wp-content\/uploads\/2025\/10\/Thonon-Trieste-FS_etape06-05.jpg\" alt=\"\" class=\"wp-image-91365\" style=\"width:800px\" srcset=\"https:\/\/centcols.org\/wp-content\/uploads\/2025\/10\/Thonon-Trieste-FS_etape06-05.jpg 1307w, https:\/\/centcols.org\/wp-content\/uploads\/2025\/10\/Thonon-Trieste-FS_etape06-05-1200x802.jpg 1200w, https:\/\/centcols.org\/wp-content\/uploads\/2025\/10\/Thonon-Trieste-FS_etape06-05-768x513.jpg 768w, https:\/\/centcols.org\/wp-content\/uploads\/2025\/10\/Thonon-Trieste-FS_etape06-05-18x12.jpg 18w\" sizes=\"auto, (max-width: 1307px) 100vw, 1307px\" \/><\/a><\/figure>\n<\/div>\n\n\n<p><br>Ascenso al Passo Palade invadido por motoristas. Su principal distracci\u00f3n, despu\u00e9s de adelantar a ciclistas con sus motores rugiendo, parece ser poner pegatinas del club en las se\u00f1ales de paso.<\/p>\n\n\n<div class=\"wp-block-image\">\n<figure class=\"aligncenter size-large is-resized\"><a href=\"https:\/\/centcols.org\/wp-content\/uploads\/2025\/10\/Thonon-Trieste-FS_etape06-06.jpg\"><img loading=\"lazy\" decoding=\"async\" width=\"641\" height=\"1246\" src=\"https:\/\/centcols.org\/wp-content\/uploads\/2025\/10\/Thonon-Trieste-FS_etape06-06.jpg\" alt=\"\" class=\"wp-image-91366\" style=\"width:auto;height:500px\" srcset=\"https:\/\/centcols.org\/wp-content\/uploads\/2025\/10\/Thonon-Trieste-FS_etape06-06.jpg 641w, https:\/\/centcols.org\/wp-content\/uploads\/2025\/10\/Thonon-Trieste-FS_etape06-06-617x1200.jpg 617w, https:\/\/centcols.org\/wp-content\/uploads\/2025\/10\/Thonon-Trieste-FS_etape06-06-6x12.jpg 6w\" sizes=\"auto, (max-width: 641px) 100vw, 641px\" \/><\/a><figcaption class=\"wp-element-caption\">El l\u00edmite entre las dos provincias lo marca el Passo Palade<\/figcaption><\/figure>\n<\/div>\n\n<div class=\"wp-block-image\">\n<figure class=\"aligncenter size-large is-resized\"><a href=\"https:\/\/centcols.org\/wp-content\/uploads\/2025\/10\/Thonon-Trieste-FS_etape06-07.jpg\"><img loading=\"lazy\" decoding=\"async\" width=\"1238\" height=\"1246\" src=\"https:\/\/centcols.org\/wp-content\/uploads\/2025\/10\/Thonon-Trieste-FS_etape06-07.jpg\" alt=\"\" class=\"wp-image-91367\" style=\"width:600px\" srcset=\"https:\/\/centcols.org\/wp-content\/uploads\/2025\/10\/Thonon-Trieste-FS_etape06-07.jpg 1238w, https:\/\/centcols.org\/wp-content\/uploads\/2025\/10\/Thonon-Trieste-FS_etape06-07-1192x1200.jpg 1192w, https:\/\/centcols.org\/wp-content\/uploads\/2025\/10\/Thonon-Trieste-FS_etape06-07-150x150.jpg 150w, https:\/\/centcols.org\/wp-content\/uploads\/2025\/10\/Thonon-Trieste-FS_etape06-07-768x773.jpg 768w, https:\/\/centcols.org\/wp-content\/uploads\/2025\/10\/Thonon-Trieste-FS_etape06-07-12x12.jpg 12w\" sizes=\"auto, (max-width: 1238px) 100vw, 1238px\" \/><\/a><\/figure>\n<\/div>\n\n\n<p><br>En Villini dell\u2019 Alpe, como en todas partes, las casas est\u00e1n decoradas. La due\u00f1a de \u00e9sta me explic\u00f3 que \u00abil pap\u00e0\u00bb era el taxista y \u00abla mamma\u00bb repart\u00eda el pan. Al menos eso es lo que entend\u00ed, ya que ella no hablaba ni franc\u00e9s ni ingl\u00e9s y yo no hablaba italiano. Lo que entend\u00ed perfectamente fue lo que le dijo a su marido cuando me fui: \u00abil signore dice \u00e9 molto bello\u00bb, que traduje como \u00abel se\u00f1or, dice que es muy bonito\u00bb.\u00bb<\/p>\n\n\n\n<figure class=\"wp-block-gallery has-nested-images columns-default is-cropped wp-block-gallery-28 is-layout-flex wp-block-gallery-is-layout-flex\">\n<figure class=\"wp-block-image size-large\"><a href=\"https:\/\/centcols.org\/wp-content\/uploads\/2025\/10\/Thonon-Trieste-FS_etape06-08.jpg\"><img loading=\"lazy\" decoding=\"async\" width=\"1307\" height=\"873\" data-id=\"91370\" src=\"https:\/\/centcols.org\/wp-content\/uploads\/2025\/10\/Thonon-Trieste-FS_etape06-08.jpg\" alt=\"\" class=\"wp-image-91370\" srcset=\"https:\/\/centcols.org\/wp-content\/uploads\/2025\/10\/Thonon-Trieste-FS_etape06-08.jpg 1307w, https:\/\/centcols.org\/wp-content\/uploads\/2025\/10\/Thonon-Trieste-FS_etape06-08-1200x802.jpg 1200w, https:\/\/centcols.org\/wp-content\/uploads\/2025\/10\/Thonon-Trieste-FS_etape06-08-768x513.jpg 768w, https:\/\/centcols.org\/wp-content\/uploads\/2025\/10\/Thonon-Trieste-FS_etape06-08-18x12.jpg 18w\" sizes=\"auto, (max-width: 1307px) 100vw, 1307px\" \/><\/a><\/figure>\n\n\n\n<figure class=\"wp-block-image size-large\"><a href=\"https:\/\/centcols.org\/wp-content\/uploads\/2025\/10\/Thonon-Trieste-FS_etape06-09.jpg\"><img loading=\"lazy\" decoding=\"async\" width=\"1307\" height=\"873\" data-id=\"91369\" src=\"https:\/\/centcols.org\/wp-content\/uploads\/2025\/10\/Thonon-Trieste-FS_etape06-09.jpg\" alt=\"\" class=\"wp-image-91369\" srcset=\"https:\/\/centcols.org\/wp-content\/uploads\/2025\/10\/Thonon-Trieste-FS_etape06-09.jpg 1307w, https:\/\/centcols.org\/wp-content\/uploads\/2025\/10\/Thonon-Trieste-FS_etape06-09-1200x802.jpg 1200w, https:\/\/centcols.org\/wp-content\/uploads\/2025\/10\/Thonon-Trieste-FS_etape06-09-768x513.jpg 768w, https:\/\/centcols.org\/wp-content\/uploads\/2025\/10\/Thonon-Trieste-FS_etape06-09-18x12.jpg 18w\" sizes=\"auto, (max-width: 1307px) 100vw, 1307px\" \/><\/a><figcaption class=\"wp-element-caption\">Habl\u00e9 con el due\u00f1o y tengo entendido que, en aquella \u00e9poca, la mam\u00e1 repart\u00eda el pan y el pap\u00e1 conduc\u00eda el taxi.<\/figcaption><\/figure>\n<\/figure>\n\n\n\n<p>Es otro hermoso carril bici que nos lleva al Passo della Mendola. Tiene la particularidad de estar entre 9 y 20 % en los \u00faltimos 3 km. Ah, \u00a1estamos muy lejos de los carriles bici de las Landas! No es el Stelvio, \u00a1pero a\u00fan as\u00ed!<\/p>\n\n\n\n<figure class=\"wp-block-gallery has-nested-images columns-default is-cropped wp-block-gallery-29 is-layout-flex wp-block-gallery-is-layout-flex\">\n<figure class=\"wp-block-image size-large\"><a href=\"https:\/\/centcols.org\/wp-content\/uploads\/2025\/10\/Thonon-Trieste-FS_etape06-10.jpg\"><img loading=\"lazy\" decoding=\"async\" width=\"1307\" height=\"873\" data-id=\"91371\" src=\"https:\/\/centcols.org\/wp-content\/uploads\/2025\/10\/Thonon-Trieste-FS_etape06-10.jpg\" alt=\"\" class=\"wp-image-91371\" srcset=\"https:\/\/centcols.org\/wp-content\/uploads\/2025\/10\/Thonon-Trieste-FS_etape06-10.jpg 1307w, https:\/\/centcols.org\/wp-content\/uploads\/2025\/10\/Thonon-Trieste-FS_etape06-10-1200x802.jpg 1200w, https:\/\/centcols.org\/wp-content\/uploads\/2025\/10\/Thonon-Trieste-FS_etape06-10-768x513.jpg 768w, https:\/\/centcols.org\/wp-content\/uploads\/2025\/10\/Thonon-Trieste-FS_etape06-10-18x12.jpg 18w\" sizes=\"auto, (max-width: 1307px) 100vw, 1307px\" \/><\/a><figcaption class=\"wp-element-caption\">Carril bici<\/figcaption><\/figure>\n\n\n\n<figure class=\"wp-block-image size-large\"><a href=\"https:\/\/centcols.org\/wp-content\/uploads\/2025\/10\/Thonon-Trieste-FS_etape06-11.jpg\"><img loading=\"lazy\" decoding=\"async\" width=\"1307\" height=\"724\" data-id=\"91372\" src=\"https:\/\/centcols.org\/wp-content\/uploads\/2025\/10\/Thonon-Trieste-FS_etape06-11.jpg\" alt=\"\" class=\"wp-image-91372\" srcset=\"https:\/\/centcols.org\/wp-content\/uploads\/2025\/10\/Thonon-Trieste-FS_etape06-11.jpg 1307w, https:\/\/centcols.org\/wp-content\/uploads\/2025\/10\/Thonon-Trieste-FS_etape06-11-1200x665.jpg 1200w, https:\/\/centcols.org\/wp-content\/uploads\/2025\/10\/Thonon-Trieste-FS_etape06-11-768x425.jpg 768w, https:\/\/centcols.org\/wp-content\/uploads\/2025\/10\/Thonon-Trieste-FS_etape06-11-18x10.jpg 18w\" sizes=\"auto, (max-width: 1307px) 100vw, 1307px\" \/><\/a><figcaption class=\"wp-element-caption\">Passo Mendola (IT-BZ-1363)<\/figcaption><\/figure>\n<\/figure>\n\n\n<div class=\"wp-block-image\">\n<figure class=\"aligncenter size-large is-resized\"><a href=\"https:\/\/centcols.org\/wp-content\/uploads\/2025\/10\/Thonon-Trieste-FS_etape06-15-scaled.jpg\"><img loading=\"lazy\" decoding=\"async\" width=\"1920\" height=\"1283\" src=\"https:\/\/centcols.org\/wp-content\/uploads\/2025\/10\/Thonon-Trieste-FS_etape06-15-1920x1283.jpg\" alt=\"\" class=\"wp-image-91368\" style=\"width:600px\" srcset=\"https:\/\/centcols.org\/wp-content\/uploads\/2025\/10\/Thonon-Trieste-FS_etape06-15-1920x1283.jpg 1920w, https:\/\/centcols.org\/wp-content\/uploads\/2025\/10\/Thonon-Trieste-FS_etape06-15-1200x802.jpg 1200w, https:\/\/centcols.org\/wp-content\/uploads\/2025\/10\/Thonon-Trieste-FS_etape06-15-768x513.jpg 768w, https:\/\/centcols.org\/wp-content\/uploads\/2025\/10\/Thonon-Trieste-FS_etape06-15-1536x1026.jpg 1536w, https:\/\/centcols.org\/wp-content\/uploads\/2025\/10\/Thonon-Trieste-FS_etape06-15-2048x1368.jpg 2048w, https:\/\/centcols.org\/wp-content\/uploads\/2025\/10\/Thonon-Trieste-FS_etape06-15-18x12.jpg 18w\" sizes=\"auto, (max-width: 1920px) 100vw, 1920px\" \/><\/a><figcaption class=\"wp-element-caption\">Para corroborar mi comentario anterior sobre los motoristas, observe que esta se\u00f1al est\u00e1 colocada a unos 5 m del suelo.<\/figcaption><\/figure>\n<\/div>\n\n\n<p>En el magn\u00edfico descenso del Mendola, vistas impresionantes de Bolzano (Bolsen) y del valle del Adigio.<\/p>\n\n\n\n<figure class=\"wp-block-gallery has-nested-images columns-default is-cropped wp-block-gallery-30 is-layout-flex wp-block-gallery-is-layout-flex\">\n<figure class=\"wp-block-image size-large\"><a href=\"https:\/\/centcols.org\/wp-content\/uploads\/2025\/10\/Thonon-Trieste-FS_etape06-12.jpg\"><img loading=\"lazy\" decoding=\"async\" width=\"1307\" height=\"873\" data-id=\"91374\" src=\"https:\/\/centcols.org\/wp-content\/uploads\/2025\/10\/Thonon-Trieste-FS_etape06-12.jpg\" alt=\"\" class=\"wp-image-91374\" srcset=\"https:\/\/centcols.org\/wp-content\/uploads\/2025\/10\/Thonon-Trieste-FS_etape06-12.jpg 1307w, https:\/\/centcols.org\/wp-content\/uploads\/2025\/10\/Thonon-Trieste-FS_etape06-12-1200x802.jpg 1200w, https:\/\/centcols.org\/wp-content\/uploads\/2025\/10\/Thonon-Trieste-FS_etape06-12-768x513.jpg 768w, https:\/\/centcols.org\/wp-content\/uploads\/2025\/10\/Thonon-Trieste-FS_etape06-12-18x12.jpg 18w\" sizes=\"auto, (max-width: 1307px) 100vw, 1307px\" \/><\/a><\/figure>\n\n\n\n<figure class=\"wp-block-image size-large\"><a href=\"https:\/\/centcols.org\/wp-content\/uploads\/2025\/10\/Thonon-Trieste-FS_etape06-13.jpg\"><img loading=\"lazy\" decoding=\"async\" width=\"1307\" height=\"873\" data-id=\"91373\" src=\"https:\/\/centcols.org\/wp-content\/uploads\/2025\/10\/Thonon-Trieste-FS_etape06-13.jpg\" alt=\"\" class=\"wp-image-91373\" srcset=\"https:\/\/centcols.org\/wp-content\/uploads\/2025\/10\/Thonon-Trieste-FS_etape06-13.jpg 1307w, https:\/\/centcols.org\/wp-content\/uploads\/2025\/10\/Thonon-Trieste-FS_etape06-13-1200x802.jpg 1200w, https:\/\/centcols.org\/wp-content\/uploads\/2025\/10\/Thonon-Trieste-FS_etape06-13-768x513.jpg 768w, https:\/\/centcols.org\/wp-content\/uploads\/2025\/10\/Thonon-Trieste-FS_etape06-13-18x12.jpg 18w\" sizes=\"auto, (max-width: 1307px) 100vw, 1307px\" \/><\/a><\/figure>\n<\/figure>\n\n\n\n<p>Otro hermoso carril bici nos lleva por el valle entre los numerosos vi\u00f1edos.<\/p>\n\n\n<div class=\"wp-block-image\">\n<figure class=\"aligncenter size-full is-resized\"><a href=\"https:\/\/centcols.org\/wp-content\/uploads\/2025\/10\/Thonon-Trieste-FS_etape06-14-1.jpg\"><img loading=\"lazy\" decoding=\"async\" width=\"1307\" height=\"873\" src=\"https:\/\/centcols.org\/wp-content\/uploads\/2025\/10\/Thonon-Trieste-FS_etape06-14-1.jpg\" alt=\"\" class=\"wp-image-91376\" style=\"width:800px\" srcset=\"https:\/\/centcols.org\/wp-content\/uploads\/2025\/10\/Thonon-Trieste-FS_etape06-14-1.jpg 1307w, https:\/\/centcols.org\/wp-content\/uploads\/2025\/10\/Thonon-Trieste-FS_etape06-14-1-1200x802.jpg 1200w, https:\/\/centcols.org\/wp-content\/uploads\/2025\/10\/Thonon-Trieste-FS_etape06-14-1-768x513.jpg 768w, https:\/\/centcols.org\/wp-content\/uploads\/2025\/10\/Thonon-Trieste-FS_etape06-14-1-18x12.jpg 18w\" sizes=\"auto, (max-width: 1307px) 100vw, 1307px\" \/><\/a><\/figure>\n<\/div>\n\n\n<p><br>Llegada a nuestro hotel despu\u00e9s de 137 km, D 1950 y 2 pasos a baja altitud (1512 y 1363), \u00a1pero no tan f\u00e1cil! 50 km de magn\u00edficos carriles bici hoy.<br><br>Ma\u00f1ana, los Dolomitas. Cruzamos los dedos para que haga buen tiempo.<\/p>\n\n\n\n<p>Cuando salimos del restaurante, hay una gran tormenta sobre las monta\u00f1as que rodean el pueblo. Los truenos y rel\u00e1mpagos son impresionantes. <\/p>\n\n\n\n<p>Vamos, que lo que caiga esta noche no caer\u00e1 ma\u00f1ana... en principio.<\/p>\n\n\n\n<div class=\"wp-block-buttons is-content-justification-space-between is-layout-flex wp-container-core-buttons-is-layout-3d213aab wp-block-buttons-is-layout-flex\">\n<div class=\"wp-block-button\"><a class=\"wp-block-button__link has-text-color has-background has-link-color wp-element-button\" href=\"https:\/\/centcols.org\/es\/thonon-trieste-fred-singla-2025\/6\/\" style=\"color:#2a488c;background-color:#88f2fd;text-transform:uppercase\"><strong>Etapa anterior<\/strong><\/a><\/div>\n\n\n\n<div class=\"wp-block-button\"><a class=\"wp-block-button__link has-text-color has-background has-link-color wp-element-button\" href=\"https:\/\/centcols.org\/es\/thonon-trieste-fred-singla-2025\/8\/\" style=\"color:#2a488c;background-color:#88f2fd;text-transform:uppercase\"><strong>Siguiente paso<\/strong><\/a><\/div>\n<\/div>\n\n\n\n<!--nextpage-->\n\n\n\n<h2 class=\"wp-block-heading\"><em> D\u00eda 7: de <\/em>Ferry de Bolzano a Arabba<\/h2>\n\n\n\n<p>96 km - 3200 m de den+, 7 puertos de los cuales 6 &gt;2000 m<\/p>\n\n\n\n<p>En esta etapa, rodaremos por una regi\u00f3n que es el sue\u00f1o de todo ciclista amante de la monta\u00f1a. Para un centcolista, no es exagerado decir que los Dolomitas son una visita obligada. Imprescindible, pero muy exigente.<\/p>\n\n\n\n<p>Una vez m\u00e1s, salimos del hotel bajo la lluvia. Bolzano es una ciudad grande, pero salir de ella es m\u00e1s f\u00e1cil gracias a una excelente red de carriles bici.<\/p>\n\n\n\n<p>Pedaleamos junto al Isarco (Eisack), cruz\u00e1ndolo por un curioso puente cubierto de madera. En cuanto salimos del valle, las pendientes eran impresionantes. Hasta entonces, no me hab\u00eda puesto el 34 x 34. Ahora s\u00ed...<\/p>\n\n\n\n<figure class=\"wp-block-gallery has-nested-images columns-default is-cropped wp-block-gallery-31 is-layout-flex wp-block-gallery-is-layout-flex\">\n<figure class=\"wp-block-image size-large\"><a href=\"https:\/\/centcols.org\/wp-content\/uploads\/2025\/10\/Thonon-Trieste-FS_etape07-01.jpg\"><img loading=\"lazy\" decoding=\"async\" width=\"1200\" height=\"802\" data-id=\"91447\" src=\"https:\/\/centcols.org\/wp-content\/uploads\/2025\/10\/Thonon-Trieste-FS_etape07-01.jpg\" alt=\"\" class=\"wp-image-91447\" srcset=\"https:\/\/centcols.org\/wp-content\/uploads\/2025\/10\/Thonon-Trieste-FS_etape07-01.jpg 1200w, https:\/\/centcols.org\/wp-content\/uploads\/2025\/10\/Thonon-Trieste-FS_etape07-01-768x513.jpg 768w, https:\/\/centcols.org\/wp-content\/uploads\/2025\/10\/Thonon-Trieste-FS_etape07-01-18x12.jpg 18w\" sizes=\"auto, (max-width: 1200px) 100vw, 1200px\" \/><\/a><\/figure>\n\n\n\n<figure class=\"wp-block-image size-large\"><a href=\"https:\/\/centcols.org\/wp-content\/uploads\/2025\/10\/Thonon-Trieste-FS_etape07-02.jpg\"><img loading=\"lazy\" decoding=\"async\" width=\"1200\" height=\"802\" data-id=\"91446\" src=\"https:\/\/centcols.org\/wp-content\/uploads\/2025\/10\/Thonon-Trieste-FS_etape07-02.jpg\" alt=\"\" class=\"wp-image-91446\" srcset=\"https:\/\/centcols.org\/wp-content\/uploads\/2025\/10\/Thonon-Trieste-FS_etape07-02.jpg 1200w, https:\/\/centcols.org\/wp-content\/uploads\/2025\/10\/Thonon-Trieste-FS_etape07-02-768x513.jpg 768w, https:\/\/centcols.org\/wp-content\/uploads\/2025\/10\/Thonon-Trieste-FS_etape07-02-18x12.jpg 18w\" sizes=\"auto, (max-width: 1200px) 100vw, 1200px\" \/><\/a><figcaption class=\"wp-element-caption\">En cuanto salimos del valle de Isarco, la carretera empez\u00f3 a bachearse MUCHO.<\/figcaption><\/figure>\n<\/figure>\n\n\n\n<p>Tras pasar por Kasteltuth (Castelrotto), donde cada casa est\u00e1 m\u00e1s decorada que la siguiente, llegamos al passo di Pin\u00e9i... entre la niebla. Todas las se\u00f1ales est\u00e1n ahora en 3 idiomas, ladino, alem\u00e1n e italiano. As\u00ed que nos sumergimos en Runcadic o Rungaditsch o Roncadizza. \u00bfHay tambi\u00e9n 3 nombres para los habitantes? Misterio ....&nbsp;<\/p>\n\n\n\n<figure class=\"wp-block-gallery has-nested-images columns-default is-cropped wp-block-gallery-32 is-layout-flex wp-block-gallery-is-layout-flex\">\n<figure class=\"wp-block-image size-large\"><a href=\"https:\/\/centcols.org\/wp-content\/uploads\/2025\/10\/Thonon-Trieste-FS_etape07-03.jpg\"><img loading=\"lazy\" decoding=\"async\" width=\"1200\" height=\"802\" data-id=\"91452\" src=\"https:\/\/centcols.org\/wp-content\/uploads\/2025\/10\/Thonon-Trieste-FS_etape07-03.jpg\" alt=\"\" class=\"wp-image-91452\" srcset=\"https:\/\/centcols.org\/wp-content\/uploads\/2025\/10\/Thonon-Trieste-FS_etape07-03.jpg 1200w, https:\/\/centcols.org\/wp-content\/uploads\/2025\/10\/Thonon-Trieste-FS_etape07-03-768x513.jpg 768w, https:\/\/centcols.org\/wp-content\/uploads\/2025\/10\/Thonon-Trieste-FS_etape07-03-18x12.jpg 18w\" sizes=\"auto, (max-width: 1200px) 100vw, 1200px\" \/><\/a><\/figure>\n\n\n\n<figure class=\"wp-block-image size-large\"><a href=\"https:\/\/centcols.org\/wp-content\/uploads\/2025\/10\/Thonon-Trieste-FS_etape07-04.jpg\"><img loading=\"lazy\" decoding=\"async\" width=\"1200\" height=\"802\" data-id=\"91450\" src=\"https:\/\/centcols.org\/wp-content\/uploads\/2025\/10\/Thonon-Trieste-FS_etape07-04.jpg\" alt=\"\" class=\"wp-image-91450\" srcset=\"https:\/\/centcols.org\/wp-content\/uploads\/2025\/10\/Thonon-Trieste-FS_etape07-04.jpg 1200w, https:\/\/centcols.org\/wp-content\/uploads\/2025\/10\/Thonon-Trieste-FS_etape07-04-768x513.jpg 768w, https:\/\/centcols.org\/wp-content\/uploads\/2025\/10\/Thonon-Trieste-FS_etape07-04-18x12.jpg 18w\" sizes=\"auto, (max-width: 1200px) 100vw, 1200px\" \/><\/a><\/figure>\n\n\n\n<figure class=\"wp-block-image size-large\"><a href=\"https:\/\/centcols.org\/wp-content\/uploads\/2025\/10\/Thonon-Trieste-FS_etape07-05.jpg\"><img loading=\"lazy\" decoding=\"async\" width=\"1200\" height=\"802\" data-id=\"91453\" src=\"https:\/\/centcols.org\/wp-content\/uploads\/2025\/10\/Thonon-Trieste-FS_etape07-05.jpg\" alt=\"\" class=\"wp-image-91453\" srcset=\"https:\/\/centcols.org\/wp-content\/uploads\/2025\/10\/Thonon-Trieste-FS_etape07-05.jpg 1200w, https:\/\/centcols.org\/wp-content\/uploads\/2025\/10\/Thonon-Trieste-FS_etape07-05-768x513.jpg 768w, https:\/\/centcols.org\/wp-content\/uploads\/2025\/10\/Thonon-Trieste-FS_etape07-05-18x12.jpg 18w\" sizes=\"auto, (max-width: 1200px) 100vw, 1200px\" \/><\/a><\/figure>\n<figcaption class=\"blocks-gallery-caption wp-element-caption\">Kasteltuth (Castelrotto)<\/figcaption><\/figure>\n\n\n\n<figure class=\"wp-block-gallery has-nested-images columns-default is-cropped wp-block-gallery-33 is-layout-flex wp-block-gallery-is-layout-flex\">\n<figure class=\"wp-block-image size-large\"><a href=\"https:\/\/centcols.org\/wp-content\/uploads\/2025\/10\/Thonon-Trieste-FS_etape07-06.jpg\"><img loading=\"lazy\" decoding=\"async\" width=\"1200\" height=\"1079\" data-id=\"91449\" src=\"https:\/\/centcols.org\/wp-content\/uploads\/2025\/10\/Thonon-Trieste-FS_etape07-06.jpg\" alt=\"\" class=\"wp-image-91449\" srcset=\"https:\/\/centcols.org\/wp-content\/uploads\/2025\/10\/Thonon-Trieste-FS_etape07-06.jpg 1200w, https:\/\/centcols.org\/wp-content\/uploads\/2025\/10\/Thonon-Trieste-FS_etape07-06-768x691.jpg 768w, https:\/\/centcols.org\/wp-content\/uploads\/2025\/10\/Thonon-Trieste-FS_etape07-06-13x12.jpg 13w\" sizes=\"auto, (max-width: 1200px) 100vw, 1200px\" \/><\/a><figcaption class=\"wp-element-caption\">Afortunadamente, Villa Gabriela est\u00e1 ah\u00ed para recordarnos que estamos en Italia, no en Alemania.<\/figcaption><\/figure>\n\n\n\n<figure class=\"wp-block-image size-large\"><a href=\"https:\/\/centcols.org\/wp-content\/uploads\/2025\/10\/Thonon-Trieste-FS_etape07-07.jpg\"><img loading=\"lazy\" decoding=\"async\" width=\"1200\" height=\"802\" data-id=\"91454\" src=\"https:\/\/centcols.org\/wp-content\/uploads\/2025\/10\/Thonon-Trieste-FS_etape07-07.jpg\" alt=\"\" class=\"wp-image-91454\" srcset=\"https:\/\/centcols.org\/wp-content\/uploads\/2025\/10\/Thonon-Trieste-FS_etape07-07.jpg 1200w, https:\/\/centcols.org\/wp-content\/uploads\/2025\/10\/Thonon-Trieste-FS_etape07-07-768x513.jpg 768w, https:\/\/centcols.org\/wp-content\/uploads\/2025\/10\/Thonon-Trieste-FS_etape07-07-18x12.jpg 18w\" sizes=\"auto, (max-width: 1200px) 100vw, 1200px\" \/><\/a><\/figure>\n\n\n\n<figure class=\"wp-block-image size-large\"><a href=\"https:\/\/centcols.org\/wp-content\/uploads\/2025\/10\/Thonon-Trieste-FS_etape07-08.jpg\"><img loading=\"lazy\" decoding=\"async\" width=\"1200\" height=\"1701\" data-id=\"91451\" src=\"https:\/\/centcols.org\/wp-content\/uploads\/2025\/10\/Thonon-Trieste-FS_etape07-08.jpg\" alt=\"\" class=\"wp-image-91451\" srcset=\"https:\/\/centcols.org\/wp-content\/uploads\/2025\/10\/Thonon-Trieste-FS_etape07-08.jpg 1200w, https:\/\/centcols.org\/wp-content\/uploads\/2025\/10\/Thonon-Trieste-FS_etape07-08-847x1200.jpg 847w, https:\/\/centcols.org\/wp-content\/uploads\/2025\/10\/Thonon-Trieste-FS_etape07-08-768x1089.jpg 768w, https:\/\/centcols.org\/wp-content\/uploads\/2025\/10\/Thonon-Trieste-FS_etape07-08-1084x1536.jpg 1084w, https:\/\/centcols.org\/wp-content\/uploads\/2025\/10\/Thonon-Trieste-FS_etape07-08-8x12.jpg 8w\" sizes=\"auto, (max-width: 1200px) 100vw, 1200px\" \/><\/a><figcaption class=\"wp-element-caption\">Todas las entradas est\u00e1n en ladino, alem\u00e1n e italiano<\/figcaption><\/figure>\n<\/figure>\n\n\n<div class=\"wp-block-image\">\n<figure class=\"aligncenter size-full is-resized\"><a href=\"https:\/\/centcols.org\/wp-content\/uploads\/2025\/10\/Thonon-Trieste-FS_etape07-09-1.jpg\"><img loading=\"lazy\" decoding=\"async\" width=\"1200\" height=\"802\" src=\"https:\/\/centcols.org\/wp-content\/uploads\/2025\/10\/Thonon-Trieste-FS_etape07-09-1.jpg\" alt=\"\" class=\"wp-image-91463\" style=\"width:800px\" srcset=\"https:\/\/centcols.org\/wp-content\/uploads\/2025\/10\/Thonon-Trieste-FS_etape07-09-1.jpg 1200w, https:\/\/centcols.org\/wp-content\/uploads\/2025\/10\/Thonon-Trieste-FS_etape07-09-1-768x513.jpg 768w, https:\/\/centcols.org\/wp-content\/uploads\/2025\/10\/Thonon-Trieste-FS_etape07-09-1-18x12.jpg 18w\" sizes=\"auto, (max-width: 1200px) 100vw, 1200px\" \/><\/a><figcaption class=\"wp-element-caption\">Llegada a Runcadic, Rungaditsch o Roncadizza<\/figcaption><\/figure>\n<\/div>\n\n\n<p>Pas\u00e9 la mayor parte de mi carrera profesional en Correos. As\u00ed que la elecci\u00f3n de Jean-Marc para el picnic en Santa Crestina s\u00f3lo puede ser un gui\u00f1o. En la zona tambi\u00e9n hay casas decoradas muy bonitas.<\/p>\n\n\n\n<figure class=\"wp-block-gallery has-nested-images columns-4 is-cropped wp-block-gallery-34 is-layout-flex wp-block-gallery-is-layout-flex\">\n<figure class=\"wp-block-image size-large\"><a href=\"https:\/\/centcols.org\/wp-content\/uploads\/2025\/10\/Thonon-Trieste-FS_etape07-10.jpg\"><img loading=\"lazy\" decoding=\"async\" width=\"1200\" height=\"802\" data-id=\"91455\" src=\"https:\/\/centcols.org\/wp-content\/uploads\/2025\/10\/Thonon-Trieste-FS_etape07-10.jpg\" alt=\"\" class=\"wp-image-91455\" srcset=\"https:\/\/centcols.org\/wp-content\/uploads\/2025\/10\/Thonon-Trieste-FS_etape07-10.jpg 1200w, https:\/\/centcols.org\/wp-content\/uploads\/2025\/10\/Thonon-Trieste-FS_etape07-10-768x513.jpg 768w, https:\/\/centcols.org\/wp-content\/uploads\/2025\/10\/Thonon-Trieste-FS_etape07-10-18x12.jpg 18w\" sizes=\"auto, (max-width: 1200px) 100vw, 1200px\" \/><\/a><figcaption class=\"wp-element-caption\">Ladino, alem\u00e1n, italiano ...<\/figcaption><\/figure>\n\n\n\n<figure class=\"wp-block-image size-large\"><a href=\"https:\/\/centcols.org\/wp-content\/uploads\/2025\/10\/Thonon-Trieste-FS_etape07-11.jpg\"><img loading=\"lazy\" decoding=\"async\" width=\"1200\" height=\"802\" data-id=\"91456\" src=\"https:\/\/centcols.org\/wp-content\/uploads\/2025\/10\/Thonon-Trieste-FS_etape07-11.jpg\" alt=\"\" class=\"wp-image-91456\" srcset=\"https:\/\/centcols.org\/wp-content\/uploads\/2025\/10\/Thonon-Trieste-FS_etape07-11.jpg 1200w, https:\/\/centcols.org\/wp-content\/uploads\/2025\/10\/Thonon-Trieste-FS_etape07-11-768x513.jpg 768w, https:\/\/centcols.org\/wp-content\/uploads\/2025\/10\/Thonon-Trieste-FS_etape07-11-18x12.jpg 18w\" sizes=\"auto, (max-width: 1200px) 100vw, 1200px\" \/><\/a><\/figure>\n\n\n\n<figure class=\"wp-block-image size-large\"><a href=\"https:\/\/centcols.org\/wp-content\/uploads\/2025\/10\/Thonon-Trieste-FS_etape07-12.jpg\"><img loading=\"lazy\" decoding=\"async\" width=\"1200\" height=\"873\" data-id=\"91458\" src=\"https:\/\/centcols.org\/wp-content\/uploads\/2025\/10\/Thonon-Trieste-FS_etape07-12.jpg\" alt=\"\" class=\"wp-image-91458\" srcset=\"https:\/\/centcols.org\/wp-content\/uploads\/2025\/10\/Thonon-Trieste-FS_etape07-12.jpg 1200w, https:\/\/centcols.org\/wp-content\/uploads\/2025\/10\/Thonon-Trieste-FS_etape07-12-768x559.jpg 768w, https:\/\/centcols.org\/wp-content\/uploads\/2025\/10\/Thonon-Trieste-FS_etape07-12-16x12.jpg 16w\" sizes=\"auto, (max-width: 1200px) 100vw, 1200px\" \/><\/a><figcaption class=\"wp-element-caption\">Un gui\u00f1o de Jean-Marc, en su elecci\u00f3n del lugar para el picnic en Santa Crestina<\/figcaption><\/figure>\n\n\n\n<figure class=\"wp-block-image size-large\"><a href=\"https:\/\/centcols.org\/wp-content\/uploads\/2025\/10\/Thonon-Trieste-FS_etape07-13.jpg\"><img loading=\"lazy\" decoding=\"async\" width=\"1200\" height=\"802\" data-id=\"91461\" src=\"https:\/\/centcols.org\/wp-content\/uploads\/2025\/10\/Thonon-Trieste-FS_etape07-13.jpg\" alt=\"\" class=\"wp-image-91461\" srcset=\"https:\/\/centcols.org\/wp-content\/uploads\/2025\/10\/Thonon-Trieste-FS_etape07-13.jpg 1200w, https:\/\/centcols.org\/wp-content\/uploads\/2025\/10\/Thonon-Trieste-FS_etape07-13-768x513.jpg 768w, https:\/\/centcols.org\/wp-content\/uploads\/2025\/10\/Thonon-Trieste-FS_etape07-13-18x12.jpg 18w\" sizes=\"auto, (max-width: 1200px) 100vw, 1200px\" \/><\/a><\/figure>\n\n\n\n<figure class=\"wp-block-image size-large\"><a href=\"https:\/\/centcols.org\/wp-content\/uploads\/2025\/10\/Thonon-Trieste-FS_etape07-14.jpg\"><img loading=\"lazy\" decoding=\"async\" width=\"1200\" height=\"802\" data-id=\"91460\" src=\"https:\/\/centcols.org\/wp-content\/uploads\/2025\/10\/Thonon-Trieste-FS_etape07-14.jpg\" alt=\"\" class=\"wp-image-91460\" srcset=\"https:\/\/centcols.org\/wp-content\/uploads\/2025\/10\/Thonon-Trieste-FS_etape07-14.jpg 1200w, https:\/\/centcols.org\/wp-content\/uploads\/2025\/10\/Thonon-Trieste-FS_etape07-14-768x513.jpg 768w, https:\/\/centcols.org\/wp-content\/uploads\/2025\/10\/Thonon-Trieste-FS_etape07-14-18x12.jpg 18w\" sizes=\"auto, (max-width: 1200px) 100vw, 1200px\" \/><\/a><\/figure>\n\n\n\n<figure class=\"wp-block-image size-large\"><a href=\"https:\/\/centcols.org\/wp-content\/uploads\/2025\/10\/Thonon-Trieste-FS_etape07-15.jpg\"><img loading=\"lazy\" decoding=\"async\" width=\"1200\" height=\"1918\" data-id=\"91462\" src=\"https:\/\/centcols.org\/wp-content\/uploads\/2025\/10\/Thonon-Trieste-FS_etape07-15.jpg\" alt=\"\" class=\"wp-image-91462\" srcset=\"https:\/\/centcols.org\/wp-content\/uploads\/2025\/10\/Thonon-Trieste-FS_etape07-15.jpg 1200w, https:\/\/centcols.org\/wp-content\/uploads\/2025\/10\/Thonon-Trieste-FS_etape07-15-751x1200.jpg 751w, https:\/\/centcols.org\/wp-content\/uploads\/2025\/10\/Thonon-Trieste-FS_etape07-15-768x1228.jpg 768w, https:\/\/centcols.org\/wp-content\/uploads\/2025\/10\/Thonon-Trieste-FS_etape07-15-961x1536.jpg 961w, https:\/\/centcols.org\/wp-content\/uploads\/2025\/10\/Thonon-Trieste-FS_etape07-15-8x12.jpg 8w\" sizes=\"auto, (max-width: 1200px) 100vw, 1200px\" \/><\/a><\/figure>\n<figcaption class=\"blocks-gallery-caption wp-element-caption\">Santa Crestina<\/figcaption><\/figure>\n\n\n<div class=\"wp-block-image\">\n<figure class=\"aligncenter size-large is-resized\"><a href=\"https:\/\/centcols.org\/wp-content\/uploads\/2025\/10\/Thonon-Trieste-FS_etape07-16.jpg\"><img loading=\"lazy\" decoding=\"async\" width=\"1200\" height=\"802\" src=\"https:\/\/centcols.org\/wp-content\/uploads\/2025\/10\/Thonon-Trieste-FS_etape07-16.jpg\" alt=\"\" class=\"wp-image-91459\" style=\"width:800px\" srcset=\"https:\/\/centcols.org\/wp-content\/uploads\/2025\/10\/Thonon-Trieste-FS_etape07-16.jpg 1200w, https:\/\/centcols.org\/wp-content\/uploads\/2025\/10\/Thonon-Trieste-FS_etape07-16-768x513.jpg 768w, https:\/\/centcols.org\/wp-content\/uploads\/2025\/10\/Thonon-Trieste-FS_etape07-16-18x12.jpg 18w\" sizes=\"auto, (max-width: 1200px) 100vw, 1200px\" \/><\/a><\/figure>\n<\/div>\n\n\n<p>En la subida, un corto viaje de ida y vuelta a la Sella del Cullac a 2018 m, pero sobre todo el Passo Gardena a 2121 m. El majestuoso Passo Gardena, deber\u00eda decir.<\/p>\n\n\n\n<figure class=\"wp-block-gallery has-nested-images columns-5 is-cropped wp-block-gallery-35 is-layout-flex wp-block-gallery-is-layout-flex\">\n<figure class=\"wp-block-image size-full\"><a href=\"https:\/\/centcols.org\/wp-content\/uploads\/2025\/10\/Thonon-Trieste-FS_etape07-17.jpg\"><img loading=\"lazy\" decoding=\"async\" width=\"1200\" height=\"802\" data-id=\"91470\" src=\"https:\/\/centcols.org\/wp-content\/uploads\/2025\/10\/Thonon-Trieste-FS_etape07-17.jpg\" alt=\"\" class=\"wp-image-91470\" srcset=\"https:\/\/centcols.org\/wp-content\/uploads\/2025\/10\/Thonon-Trieste-FS_etape07-17.jpg 1200w, https:\/\/centcols.org\/wp-content\/uploads\/2025\/10\/Thonon-Trieste-FS_etape07-17-768x513.jpg 768w, https:\/\/centcols.org\/wp-content\/uploads\/2025\/10\/Thonon-Trieste-FS_etape07-17-18x12.jpg 18w\" sizes=\"auto, (max-width: 1200px) 100vw, 1200px\" \/><\/a><\/figure>\n\n\n\n<figure class=\"wp-block-image size-full\"><a href=\"https:\/\/centcols.org\/wp-content\/uploads\/2025\/10\/Thonon-Trieste-FS_etape07-18.jpg\"><img loading=\"lazy\" decoding=\"async\" width=\"1200\" height=\"802\" data-id=\"91468\" src=\"https:\/\/centcols.org\/wp-content\/uploads\/2025\/10\/Thonon-Trieste-FS_etape07-18.jpg\" alt=\"\" class=\"wp-image-91468\" srcset=\"https:\/\/centcols.org\/wp-content\/uploads\/2025\/10\/Thonon-Trieste-FS_etape07-18.jpg 1200w, https:\/\/centcols.org\/wp-content\/uploads\/2025\/10\/Thonon-Trieste-FS_etape07-18-768x513.jpg 768w, https:\/\/centcols.org\/wp-content\/uploads\/2025\/10\/Thonon-Trieste-FS_etape07-18-18x12.jpg 18w\" sizes=\"auto, (max-width: 1200px) 100vw, 1200px\" \/><\/a><\/figure>\n\n\n\n<figure class=\"wp-block-image size-full\"><a href=\"https:\/\/centcols.org\/wp-content\/uploads\/2025\/10\/Thonon-Trieste-FS_etape07-19.jpg\"><img loading=\"lazy\" decoding=\"async\" width=\"1200\" height=\"802\" data-id=\"91467\" src=\"https:\/\/centcols.org\/wp-content\/uploads\/2025\/10\/Thonon-Trieste-FS_etape07-19.jpg\" alt=\"\" class=\"wp-image-91467\" srcset=\"https:\/\/centcols.org\/wp-content\/uploads\/2025\/10\/Thonon-Trieste-FS_etape07-19.jpg 1200w, https:\/\/centcols.org\/wp-content\/uploads\/2025\/10\/Thonon-Trieste-FS_etape07-19-768x513.jpg 768w, https:\/\/centcols.org\/wp-content\/uploads\/2025\/10\/Thonon-Trieste-FS_etape07-19-18x12.jpg 18w\" sizes=\"auto, (max-width: 1200px) 100vw, 1200px\" \/><\/a><figcaption class=\"wp-element-caption\">Cerca de Passo Gardena<\/figcaption><\/figure>\n\n\n\n<figure class=\"wp-block-image size-full\"><a href=\"https:\/\/centcols.org\/wp-content\/uploads\/2025\/10\/Thonon-Trieste-FS_etape07-20.jpg\"><img loading=\"lazy\" decoding=\"async\" width=\"1200\" height=\"802\" data-id=\"91465\" src=\"https:\/\/centcols.org\/wp-content\/uploads\/2025\/10\/Thonon-Trieste-FS_etape07-20.jpg\" alt=\"\" class=\"wp-image-91465\" srcset=\"https:\/\/centcols.org\/wp-content\/uploads\/2025\/10\/Thonon-Trieste-FS_etape07-20.jpg 1200w, https:\/\/centcols.org\/wp-content\/uploads\/2025\/10\/Thonon-Trieste-FS_etape07-20-768x513.jpg 768w, https:\/\/centcols.org\/wp-content\/uploads\/2025\/10\/Thonon-Trieste-FS_etape07-20-18x12.jpg 18w\" sizes=\"auto, (max-width: 1200px) 100vw, 1200px\" \/><\/a><\/figure>\n\n\n\n<figure class=\"wp-block-image size-full\"><a href=\"https:\/\/centcols.org\/wp-content\/uploads\/2025\/10\/Thonon-Trieste-FS_etape07-22.jpg\"><img loading=\"lazy\" decoding=\"async\" width=\"1200\" height=\"802\" data-id=\"91464\" src=\"https:\/\/centcols.org\/wp-content\/uploads\/2025\/10\/Thonon-Trieste-FS_etape07-22.jpg\" alt=\"\" class=\"wp-image-91464\" srcset=\"https:\/\/centcols.org\/wp-content\/uploads\/2025\/10\/Thonon-Trieste-FS_etape07-22.jpg 1200w, https:\/\/centcols.org\/wp-content\/uploads\/2025\/10\/Thonon-Trieste-FS_etape07-22-768x513.jpg 768w, https:\/\/centcols.org\/wp-content\/uploads\/2025\/10\/Thonon-Trieste-FS_etape07-22-18x12.jpg 18w\" sizes=\"auto, (max-width: 1200px) 100vw, 1200px\" \/><\/a><\/figure>\n\n\n\n<figure class=\"wp-block-image size-full\"><a href=\"https:\/\/centcols.org\/wp-content\/uploads\/2025\/10\/Thonon-Trieste-FS_etape07-21.jpg\"><img loading=\"lazy\" decoding=\"async\" width=\"1200\" height=\"676\" data-id=\"91469\" src=\"https:\/\/centcols.org\/wp-content\/uploads\/2025\/10\/Thonon-Trieste-FS_etape07-21.jpg\" alt=\"\" class=\"wp-image-91469\" srcset=\"https:\/\/centcols.org\/wp-content\/uploads\/2025\/10\/Thonon-Trieste-FS_etape07-21.jpg 1200w, https:\/\/centcols.org\/wp-content\/uploads\/2025\/10\/Thonon-Trieste-FS_etape07-21-768x433.jpg 768w, https:\/\/centcols.org\/wp-content\/uploads\/2025\/10\/Thonon-Trieste-FS_etape07-21-18x10.jpg 18w\" sizes=\"auto, (max-width: 1200px) 100vw, 1200px\" \/><\/a><figcaption class=\"wp-element-caption\">Passo Gardena (IT-BZ-2121)<\/figcaption><\/figure>\n<\/figure>\n\n\n<div class=\"wp-block-image\">\n<figure class=\"aligncenter size-large is-resized\"><a href=\"https:\/\/centcols.org\/wp-content\/uploads\/2025\/10\/Thonon-Trieste-FS_etape07-23.jpg\"><img loading=\"lazy\" decoding=\"async\" width=\"1200\" height=\"1328\" src=\"https:\/\/centcols.org\/wp-content\/uploads\/2025\/10\/Thonon-Trieste-FS_etape07-23.jpg\" alt=\"\" class=\"wp-image-91466\" style=\"width:auto;height:500px\" srcset=\"https:\/\/centcols.org\/wp-content\/uploads\/2025\/10\/Thonon-Trieste-FS_etape07-23.jpg 1200w, https:\/\/centcols.org\/wp-content\/uploads\/2025\/10\/Thonon-Trieste-FS_etape07-23-1084x1200.jpg 1084w, https:\/\/centcols.org\/wp-content\/uploads\/2025\/10\/Thonon-Trieste-FS_etape07-23-768x850.jpg 768w, https:\/\/centcols.org\/wp-content\/uploads\/2025\/10\/Thonon-Trieste-FS_etape07-23-11x12.jpg 11w\" sizes=\"auto, (max-width: 1200px) 100vw, 1200px\" \/><\/a><\/figure>\n<\/div>\n\n\n<p>De vuelta a la carretera principal, se pasa sin da\u00f1os el Passo del Sella (el primero de su nombre) en el 2231. Despu\u00e9s, anim\u00e9 a Bruno a ir a buscar la Forcella Rodella bajo la enga\u00f1osa promesa \u00abNo est\u00e1 lejos y es f\u00e1cil\u00bb. El primer punto era cierto. El segundo un poco menos...<\/p>\n\n\n\n<figure class=\"wp-block-gallery has-nested-images columns-default is-cropped wp-block-gallery-36 is-layout-flex wp-block-gallery-is-layout-flex\">\n<figure class=\"wp-block-image size-large\"><a href=\"https:\/\/centcols.org\/wp-content\/uploads\/2025\/10\/Thonon-Trieste-FS_etape07-24.jpg\"><img loading=\"lazy\" decoding=\"async\" width=\"1200\" height=\"802\" data-id=\"91472\" src=\"https:\/\/centcols.org\/wp-content\/uploads\/2025\/10\/Thonon-Trieste-FS_etape07-24.jpg\" alt=\"\" class=\"wp-image-91472\" srcset=\"https:\/\/centcols.org\/wp-content\/uploads\/2025\/10\/Thonon-Trieste-FS_etape07-24.jpg 1200w, https:\/\/centcols.org\/wp-content\/uploads\/2025\/10\/Thonon-Trieste-FS_etape07-24-768x513.jpg 768w, https:\/\/centcols.org\/wp-content\/uploads\/2025\/10\/Thonon-Trieste-FS_etape07-24-18x12.jpg 18w\" sizes=\"auto, (max-width: 1200px) 100vw, 1200px\" \/><\/a><figcaption class=\"wp-element-caption\">De vuelta de Gardena<\/figcaption><\/figure>\n\n\n\n<figure class=\"wp-block-image size-large\"><a href=\"https:\/\/centcols.org\/wp-content\/uploads\/2025\/10\/Thonon-Trieste-FS_etape07-25.jpg\"><img loading=\"lazy\" decoding=\"async\" width=\"1200\" height=\"802\" data-id=\"91471\" src=\"https:\/\/centcols.org\/wp-content\/uploads\/2025\/10\/Thonon-Trieste-FS_etape07-25.jpg\" alt=\"\" class=\"wp-image-91471\" srcset=\"https:\/\/centcols.org\/wp-content\/uploads\/2025\/10\/Thonon-Trieste-FS_etape07-25.jpg 1200w, https:\/\/centcols.org\/wp-content\/uploads\/2025\/10\/Thonon-Trieste-FS_etape07-25-768x513.jpg 768w, https:\/\/centcols.org\/wp-content\/uploads\/2025\/10\/Thonon-Trieste-FS_etape07-25-18x12.jpg 18w\" sizes=\"auto, (max-width: 1200px) 100vw, 1200px\" \/><\/a><figcaption class=\"wp-element-caption\">Desde passo del Sella<\/figcaption><\/figure>\n<\/figure>\n\n\n\n<figure class=\"wp-block-gallery has-nested-images columns-default is-cropped wp-block-gallery-37 is-layout-flex wp-block-gallery-is-layout-flex\">\n<figure class=\"wp-block-image size-large\"><a href=\"https:\/\/centcols.org\/wp-content\/uploads\/2025\/10\/Thonon-Trieste-FS_etape07-26.jpg\"><img loading=\"lazy\" decoding=\"async\" width=\"1200\" height=\"626\" data-id=\"91474\" src=\"https:\/\/centcols.org\/wp-content\/uploads\/2025\/10\/Thonon-Trieste-FS_etape07-26.jpg\" alt=\"\" class=\"wp-image-91474\" srcset=\"https:\/\/centcols.org\/wp-content\/uploads\/2025\/10\/Thonon-Trieste-FS_etape07-26.jpg 1200w, https:\/\/centcols.org\/wp-content\/uploads\/2025\/10\/Thonon-Trieste-FS_etape07-26-768x401.jpg 768w, https:\/\/centcols.org\/wp-content\/uploads\/2025\/10\/Thonon-Trieste-FS_etape07-26-18x9.jpg 18w\" sizes=\"auto, (max-width: 1200px) 100vw, 1200px\" \/><\/a><figcaption class=\"wp-element-caption\">A Forcella Rodella<\/figcaption><\/figure>\n\n\n\n<figure class=\"wp-block-image size-large\"><a href=\"https:\/\/centcols.org\/wp-content\/uploads\/2025\/10\/Thonon-Trieste-FS_etape07-27.jpg\"><img loading=\"lazy\" decoding=\"async\" width=\"1200\" height=\"802\" data-id=\"91473\" src=\"https:\/\/centcols.org\/wp-content\/uploads\/2025\/10\/Thonon-Trieste-FS_etape07-27.jpg\" alt=\"\" class=\"wp-image-91473\" srcset=\"https:\/\/centcols.org\/wp-content\/uploads\/2025\/10\/Thonon-Trieste-FS_etape07-27.jpg 1200w, https:\/\/centcols.org\/wp-content\/uploads\/2025\/10\/Thonon-Trieste-FS_etape07-27-768x513.jpg 768w, https:\/\/centcols.org\/wp-content\/uploads\/2025\/10\/Thonon-Trieste-FS_etape07-27-18x12.jpg 18w\" sizes=\"auto, (max-width: 1200px) 100vw, 1200px\" \/><\/a><figcaption class=\"wp-element-caption\">Forcella Rodella (IT-TN-2318<\/figcaption><\/figure>\n\n\n\n<figure class=\"wp-block-image size-large\"><a href=\"https:\/\/centcols.org\/wp-content\/uploads\/2025\/10\/Thonon-Trieste-FS_etape07-28.jpg\"><img loading=\"lazy\" decoding=\"async\" width=\"1200\" height=\"802\" data-id=\"91475\" src=\"https:\/\/centcols.org\/wp-content\/uploads\/2025\/10\/Thonon-Trieste-FS_etape07-28.jpg\" alt=\"\" class=\"wp-image-91475\" srcset=\"https:\/\/centcols.org\/wp-content\/uploads\/2025\/10\/Thonon-Trieste-FS_etape07-28.jpg 1200w, https:\/\/centcols.org\/wp-content\/uploads\/2025\/10\/Thonon-Trieste-FS_etape07-28-768x513.jpg 768w, https:\/\/centcols.org\/wp-content\/uploads\/2025\/10\/Thonon-Trieste-FS_etape07-28-18x12.jpg 18w\" sizes=\"auto, (max-width: 1200px) 100vw, 1200px\" \/><\/a><figcaption class=\"wp-element-caption\">Volver de Forcella Rodella<\/figcaption><\/figure>\n<\/figure>\n\n\n\n<p>El Passo del Sella, a 2244 m, es el segundo de este tipo y est\u00e1 mucho m\u00e1s marcado que el primero.<\/p>\n\n\n<div class=\"wp-block-image\">\n<figure class=\"aligncenter size-full is-resized\"><a href=\"https:\/\/centcols.org\/wp-content\/uploads\/2025\/10\/Thonon-Trieste-FS_etape07-29.jpg\"><img loading=\"lazy\" decoding=\"async\" width=\"1200\" height=\"802\" src=\"https:\/\/centcols.org\/wp-content\/uploads\/2025\/10\/Thonon-Trieste-FS_etape07-29.jpg\" alt=\"\" class=\"wp-image-91476\" style=\"width:800px\" srcset=\"https:\/\/centcols.org\/wp-content\/uploads\/2025\/10\/Thonon-Trieste-FS_etape07-29.jpg 1200w, https:\/\/centcols.org\/wp-content\/uploads\/2025\/10\/Thonon-Trieste-FS_etape07-29-768x513.jpg 768w, https:\/\/centcols.org\/wp-content\/uploads\/2025\/10\/Thonon-Trieste-FS_etape07-29-18x12.jpg 18w\" sizes=\"auto, (max-width: 1200px) 100vw, 1200px\" \/><\/a><figcaption class=\"wp-element-caption\">Entre los dos passi del Sella<\/figcaption><\/figure>\n<\/div>\n\n\n<figure class=\"wp-block-gallery has-nested-images columns-default is-cropped wp-block-gallery-38 is-layout-flex wp-block-gallery-is-layout-flex\">\n<figure class=\"wp-block-image size-large\"><a href=\"https:\/\/centcols.org\/wp-content\/uploads\/2025\/10\/Thonon-Trieste-FS_etape07-31.jpg\"><img loading=\"lazy\" decoding=\"async\" width=\"1200\" height=\"802\" data-id=\"91478\" src=\"https:\/\/centcols.org\/wp-content\/uploads\/2025\/10\/Thonon-Trieste-FS_etape07-31.jpg\" alt=\"\" class=\"wp-image-91478\" srcset=\"https:\/\/centcols.org\/wp-content\/uploads\/2025\/10\/Thonon-Trieste-FS_etape07-31.jpg 1200w, https:\/\/centcols.org\/wp-content\/uploads\/2025\/10\/Thonon-Trieste-FS_etape07-31-768x513.jpg 768w, https:\/\/centcols.org\/wp-content\/uploads\/2025\/10\/Thonon-Trieste-FS_etape07-31-18x12.jpg 18w\" sizes=\"auto, (max-width: 1200px) 100vw, 1200px\" \/><\/a><\/figure>\n\n\n\n<figure class=\"wp-block-image size-large\"><a href=\"https:\/\/centcols.org\/wp-content\/uploads\/2025\/10\/Thonon-Trieste-FS_etape07-30.jpg\"><img loading=\"lazy\" decoding=\"async\" width=\"1200\" height=\"802\" data-id=\"91479\" src=\"https:\/\/centcols.org\/wp-content\/uploads\/2025\/10\/Thonon-Trieste-FS_etape07-30.jpg\" alt=\"\" class=\"wp-image-91479\" srcset=\"https:\/\/centcols.org\/wp-content\/uploads\/2025\/10\/Thonon-Trieste-FS_etape07-30.jpg 1200w, https:\/\/centcols.org\/wp-content\/uploads\/2025\/10\/Thonon-Trieste-FS_etape07-30-768x513.jpg 768w, https:\/\/centcols.org\/wp-content\/uploads\/2025\/10\/Thonon-Trieste-FS_etape07-30-18x12.jpg 18w\" sizes=\"auto, (max-width: 1200px) 100vw, 1200px\" \/><\/a><\/figure>\n\n\n\n<figure class=\"wp-block-image size-large\"><a href=\"https:\/\/centcols.org\/wp-content\/uploads\/2025\/10\/Thonon-Trieste-FS_etape07-32.jpg\"><img loading=\"lazy\" decoding=\"async\" width=\"1200\" height=\"802\" data-id=\"91477\" src=\"https:\/\/centcols.org\/wp-content\/uploads\/2025\/10\/Thonon-Trieste-FS_etape07-32.jpg\" alt=\"\" class=\"wp-image-91477\" srcset=\"https:\/\/centcols.org\/wp-content\/uploads\/2025\/10\/Thonon-Trieste-FS_etape07-32.jpg 1200w, https:\/\/centcols.org\/wp-content\/uploads\/2025\/10\/Thonon-Trieste-FS_etape07-32-768x513.jpg 768w, https:\/\/centcols.org\/wp-content\/uploads\/2025\/10\/Thonon-Trieste-FS_etape07-32-18x12.jpg 18w\" sizes=\"auto, (max-width: 1200px) 100vw, 1200px\" \/><\/a><figcaption class=\"wp-element-caption\">Vista del paso del Sella<\/figcaption><\/figure>\n<\/figure>\n\n\n\n<p>El siguiente paso es el famoso Passo Pordoi. Los primeros kil\u00f3metros son duros, pero acordes con lo que se espera de un puerto importante. Fue en el \u00faltimo kil\u00f3metro cuando las cosas empezaron a torcerse. Una granizada muy violenta apareci\u00f3 sin previo aviso. En la cima, saqu\u00e9 r\u00e1pidamente la c\u00e1mara para hacer una foto que no sab\u00eda que ten\u00eda. La guard\u00e9 inmediatamente para protegerla del granizo. Los granizos eran peque\u00f1os, pero numerosos y duros en la cara.<\/p>\n\n\n\n<figure class=\"wp-block-gallery has-nested-images columns-default is-cropped wp-block-gallery-39 is-layout-flex wp-block-gallery-is-layout-flex\">\n<figure class=\"wp-block-image size-large\"><a href=\"https:\/\/centcols.org\/wp-content\/uploads\/2025\/10\/Thonon-Trieste-FS_etape07-33.jpg\"><img loading=\"lazy\" decoding=\"async\" width=\"1200\" height=\"802\" data-id=\"91480\" src=\"https:\/\/centcols.org\/wp-content\/uploads\/2025\/10\/Thonon-Trieste-FS_etape07-33.jpg\" alt=\"\" class=\"wp-image-91480\" srcset=\"https:\/\/centcols.org\/wp-content\/uploads\/2025\/10\/Thonon-Trieste-FS_etape07-33.jpg 1200w, https:\/\/centcols.org\/wp-content\/uploads\/2025\/10\/Thonon-Trieste-FS_etape07-33-768x513.jpg 768w, https:\/\/centcols.org\/wp-content\/uploads\/2025\/10\/Thonon-Trieste-FS_etape07-33-18x12.jpg 18w\" sizes=\"auto, (max-width: 1200px) 100vw, 1200px\" \/><\/a><figcaption class=\"wp-element-caption\">En la fachada de un hotel, en la subida del Pordo<\/figcaption><\/figure>\n\n\n\n<figure class=\"wp-block-image size-large\"><a href=\"https:\/\/centcols.org\/wp-content\/uploads\/2025\/10\/Thonon-Trieste-FS_etape07-34.jpg\"><img loading=\"lazy\" decoding=\"async\" width=\"1200\" height=\"884\" data-id=\"91482\" src=\"https:\/\/centcols.org\/wp-content\/uploads\/2025\/10\/Thonon-Trieste-FS_etape07-34.jpg\" alt=\"\" class=\"wp-image-91482\" srcset=\"https:\/\/centcols.org\/wp-content\/uploads\/2025\/10\/Thonon-Trieste-FS_etape07-34.jpg 1200w, https:\/\/centcols.org\/wp-content\/uploads\/2025\/10\/Thonon-Trieste-FS_etape07-34-768x566.jpg 768w, https:\/\/centcols.org\/wp-content\/uploads\/2025\/10\/Thonon-Trieste-FS_etape07-34-16x12.jpg 16w\" sizes=\"auto, (max-width: 1200px) 100vw, 1200px\" \/><\/a><\/figure>\n\n\n\n<figure class=\"wp-block-image size-large\"><a href=\"https:\/\/centcols.org\/wp-content\/uploads\/2025\/10\/Thonon-Trieste-FS_etape07-35.jpg\"><img loading=\"lazy\" decoding=\"async\" width=\"1200\" height=\"802\" data-id=\"91481\" src=\"https:\/\/centcols.org\/wp-content\/uploads\/2025\/10\/Thonon-Trieste-FS_etape07-35.jpg\" alt=\"\" class=\"wp-image-91481\" srcset=\"https:\/\/centcols.org\/wp-content\/uploads\/2025\/10\/Thonon-Trieste-FS_etape07-35.jpg 1200w, https:\/\/centcols.org\/wp-content\/uploads\/2025\/10\/Thonon-Trieste-FS_etape07-35-768x513.jpg 768w, https:\/\/centcols.org\/wp-content\/uploads\/2025\/10\/Thonon-Trieste-FS_etape07-35-18x12.jpg 18w\" sizes=\"auto, (max-width: 1200px) 100vw, 1200px\" \/><\/a><\/figure>\n<\/figure>\n\n\n\n<p>As\u00ed que ya hab\u00edamos tenido lluvia. \u00a1Y ahora granizo! Ah, hay que estar de buen humor \ud83d\ude09\ud83d\ude04. Y en la cima del Pordoi, \u00a1hac\u00eda 5\u00b0!<\/p>\n\n\n\n<p>Nuestro hotel est\u00e1 en Arraba, al pie del Pordoi. As\u00ed que s\u00f3lo nos quedan 10 km. El descenso ser\u00e1 a ritmo reducido, ya que est\u00e1 lloviendo y la carretera est\u00e1 resbaladiza.<\/p>\n\n\n<div class=\"wp-block-image\">\n<figure class=\"aligncenter size-full is-resized\"><a href=\"https:\/\/centcols.org\/wp-content\/uploads\/2025\/10\/Thonon-Trieste-FS_etape07-36a.jpg\"><img loading=\"lazy\" decoding=\"async\" width=\"1200\" height=\"802\" src=\"https:\/\/centcols.org\/wp-content\/uploads\/2025\/10\/Thonon-Trieste-FS_etape07-36a.jpg\" alt=\"\" class=\"wp-image-91483\" style=\"width:800px\" srcset=\"https:\/\/centcols.org\/wp-content\/uploads\/2025\/10\/Thonon-Trieste-FS_etape07-36a.jpg 1200w, https:\/\/centcols.org\/wp-content\/uploads\/2025\/10\/Thonon-Trieste-FS_etape07-36a-768x513.jpg 768w, https:\/\/centcols.org\/wp-content\/uploads\/2025\/10\/Thonon-Trieste-FS_etape07-36a-18x12.jpg 18w\" sizes=\"auto, (max-width: 1200px) 100vw, 1200px\" \/><\/a><\/figure>\n<\/div>\n\n\n<p>He reservado dos noches seguidas en Arraba ya que ma\u00f1ana es el \u00abd\u00eda de descanso\u00bb.<br>\u00a1Dos noches en el mismo hotel significa lavar! Las habitaciones son grandes, al igual que el cuarto de ba\u00f1o, que r\u00e1pidamente se llena de ropa ciclista sec\u00e1ndose. Como de costumbre, llevaba unos metros de cuerda y algunas pinzas para tender la ropa. Una vez m\u00e1s, ambas cosas me resultaron muy \u00fatiles.<\/p>\n\n\n\n<figure class=\"wp-block-gallery has-nested-images columns-default is-cropped wp-block-gallery-40 is-layout-flex wp-block-gallery-is-layout-flex\">\n<figure class=\"wp-block-image size-large\"><a href=\"https:\/\/centcols.org\/wp-content\/uploads\/2025\/10\/Thonon-Trieste-FS_etape07-37.jpg\"><img loading=\"lazy\" decoding=\"async\" width=\"1200\" height=\"802\" data-id=\"91486\" src=\"https:\/\/centcols.org\/wp-content\/uploads\/2025\/10\/Thonon-Trieste-FS_etape07-37.jpg\" alt=\"\" class=\"wp-image-91486\" srcset=\"https:\/\/centcols.org\/wp-content\/uploads\/2025\/10\/Thonon-Trieste-FS_etape07-37.jpg 1200w, https:\/\/centcols.org\/wp-content\/uploads\/2025\/10\/Thonon-Trieste-FS_etape07-37-768x513.jpg 768w, https:\/\/centcols.org\/wp-content\/uploads\/2025\/10\/Thonon-Trieste-FS_etape07-37-18x12.jpg 18w\" sizes=\"auto, (max-width: 1200px) 100vw, 1200px\" \/><\/a><figcaption class=\"wp-element-caption\">\u00bfEstamos realmente en verano?<\/figcaption><\/figure>\n\n\n\n<figure class=\"wp-block-image size-large\"><a href=\"https:\/\/centcols.org\/wp-content\/uploads\/2025\/10\/Thonon-Trieste-FS_etape07-38.jpg\"><img loading=\"lazy\" decoding=\"async\" width=\"1200\" height=\"802\" data-id=\"91485\" src=\"https:\/\/centcols.org\/wp-content\/uploads\/2025\/10\/Thonon-Trieste-FS_etape07-38.jpg\" alt=\"\" class=\"wp-image-91485\" srcset=\"https:\/\/centcols.org\/wp-content\/uploads\/2025\/10\/Thonon-Trieste-FS_etape07-38.jpg 1200w, https:\/\/centcols.org\/wp-content\/uploads\/2025\/10\/Thonon-Trieste-FS_etape07-38-768x513.jpg 768w, https:\/\/centcols.org\/wp-content\/uploads\/2025\/10\/Thonon-Trieste-FS_etape07-38-18x12.jpg 18w\" sizes=\"auto, (max-width: 1200px) 100vw, 1200px\" \/><\/a><\/figure>\n\n\n\n<figure class=\"wp-block-image size-large\"><a href=\"https:\/\/centcols.org\/wp-content\/uploads\/2025\/10\/Thonon-Trieste-FS_etape07-39.jpg\"><img loading=\"lazy\" decoding=\"async\" width=\"1200\" height=\"802\" data-id=\"91484\" src=\"https:\/\/centcols.org\/wp-content\/uploads\/2025\/10\/Thonon-Trieste-FS_etape07-39.jpg\" alt=\"\" class=\"wp-image-91484\" srcset=\"https:\/\/centcols.org\/wp-content\/uploads\/2025\/10\/Thonon-Trieste-FS_etape07-39.jpg 1200w, https:\/\/centcols.org\/wp-content\/uploads\/2025\/10\/Thonon-Trieste-FS_etape07-39-768x513.jpg 768w, https:\/\/centcols.org\/wp-content\/uploads\/2025\/10\/Thonon-Trieste-FS_etape07-39-18x12.jpg 18w\" sizes=\"auto, (max-width: 1200px) 100vw, 1200px\" \/><\/a><\/figure>\n<\/figure>\n\n\n\n<p>La l\u00f3gica habr\u00eda dictado que programara el d\u00eda de descanso 1 o 2 d\u00edas antes. Y no el 8\u00ba d\u00eda. Pero prefer\u00ed el lugar, en el coraz\u00f3n de los Dolomitas, a la fecha. El tiempo dir\u00e1 si hice lo correcto. La etapa de hoy era corta, 96 km, pero empinada, con 3.200 m de ascenso. Y hab\u00eda muchos puertos para recorrer, con 7, 6 de ellos \u00ab2000\u00bb.<\/p>\n\n\n\n<div class=\"wp-block-buttons is-content-justification-space-between is-layout-flex wp-container-core-buttons-is-layout-3d213aab wp-block-buttons-is-layout-flex\">\n<div class=\"wp-block-button\"><a class=\"wp-block-button__link has-text-color has-background has-link-color wp-element-button\" href=\"https:\/\/centcols.org\/es\/thonon-trieste-fred-singla-2025\/7\/\" style=\"color:#2a488c;background-color:#88f2fd;text-transform:uppercase\"><strong>Etapa anterior<\/strong><\/a><\/div>\n\n\n\n<div class=\"wp-block-button\"><a class=\"wp-block-button__link has-text-color has-background has-link-color wp-element-button\" href=\"https:\/\/centcols.org\/es\/thonon-trieste-fred-singla-2025\/9\/\" style=\"color:#2a488c;background-color:#88f2fd;text-transform:uppercase\"><strong>Siguiente paso<\/strong><\/a><\/div>\n<\/div>\n\n\n\n<!--nextpage-->\n\n\n\n<h2 class=\"wp-block-heading\"><em> D\u00eda 8 : <\/em>D\u00eda de descanso (\ud83d\ude09\ud83d\ude02). Vuelta alrededor del hotel.<\/h2>\n\n\n\n<p>55 km - 1460 m de den+, 3 puertos incluidos 2 &gt; 2000<\/p>\n\n\n\n<p>Un d\u00eda de descanso no significa un d\u00eda sin ciclismo. Pero s\u00ed significa un d\u00eda un poco m\u00e1s fresco, como para los ciclistas del Tour de Francia.<br>Como hace buen tiempo, nuestra colada se traslada del cuarto de ba\u00f1o al exterior de la habitaci\u00f3n. Estamos en la primera planta, pero como el hotel est\u00e1 en una ladera y nosotros en la parte trasera del edificio, tenemos una salida a nivel.<br>Cuando nos vamos, Jean-Marc, burl\u00f3n, nos llama desde su balc\u00f3n: \u00abEh, chicos, \u00bfno se supon\u00eda que era un d\u00eda de descanso?\u00bb<\/p>\n\n\n<div class=\"wp-block-image\">\n<figure class=\"aligncenter size-full is-resized\"><a href=\"https:\/\/centcols.org\/wp-content\/uploads\/2025\/10\/Thonon-Trieste-FS_etape08-01.jpg\"><img loading=\"lazy\" decoding=\"async\" width=\"461\" height=\"800\" src=\"https:\/\/centcols.org\/wp-content\/uploads\/2025\/10\/Thonon-Trieste-FS_etape08-01.jpg\" alt=\"\" class=\"wp-image-91494\" style=\"width:auto;height:600px\" srcset=\"https:\/\/centcols.org\/wp-content\/uploads\/2025\/10\/Thonon-Trieste-FS_etape08-01.jpg 461w, https:\/\/centcols.org\/wp-content\/uploads\/2025\/10\/Thonon-Trieste-FS_etape08-01-7x12.jpg 7w\" sizes=\"auto, (max-width: 461px) 100vw, 461px\" \/><\/a><\/figure>\n<\/div>\n\n\n<p> Salimos del hotel a eso de las 10.00 de la ma\u00f1ana y enseguida nos damos cuenta de que no vamos a tener el mismo d\u00eda que ayer. \u00a1Afortunadamente!<br>La vista del Pordoi es diferente de la que ten\u00edamos ayer en el granizo.<\/p>\n\n\n<div class=\"wp-block-image\">\n<figure class=\"aligncenter size-full is-resized\"><a href=\"https:\/\/centcols.org\/wp-content\/uploads\/2025\/10\/Thonon-Trieste-FS_etape08-02.jpg\"><img loading=\"lazy\" decoding=\"async\" width=\"1200\" height=\"802\" src=\"https:\/\/centcols.org\/wp-content\/uploads\/2025\/10\/Thonon-Trieste-FS_etape08-02.jpg\" alt=\"\" class=\"wp-image-91505\" style=\"width:800px\" srcset=\"https:\/\/centcols.org\/wp-content\/uploads\/2025\/10\/Thonon-Trieste-FS_etape08-02.jpg 1200w, https:\/\/centcols.org\/wp-content\/uploads\/2025\/10\/Thonon-Trieste-FS_etape08-02-768x513.jpg 768w, https:\/\/centcols.org\/wp-content\/uploads\/2025\/10\/Thonon-Trieste-FS_etape08-02-18x12.jpg 18w\" sizes=\"auto, (max-width: 1200px) 100vw, 1200px\" \/><\/a><figcaption class=\"wp-element-caption\">El Pordoi tal como lo vimos ayer<\/figcaption><\/figure>\n<\/div>\n\n\n<p>Un hermoso descenso, el final del Pordoi de hecho, precede a la subida del Passo Campalongo.<\/p>\n\n\n<div class=\"wp-block-image\">\n<figure class=\"aligncenter size-full is-resized\"><a href=\"https:\/\/centcols.org\/wp-content\/uploads\/2025\/10\/Thonon-Trieste-FS_etape08-03.jpg\"><img loading=\"lazy\" decoding=\"async\" width=\"1200\" height=\"1279\" src=\"https:\/\/centcols.org\/wp-content\/uploads\/2025\/10\/Thonon-Trieste-FS_etape08-03.jpg\" alt=\"\" class=\"wp-image-91508\" style=\"width:auto;height:600px\" srcset=\"https:\/\/centcols.org\/wp-content\/uploads\/2025\/10\/Thonon-Trieste-FS_etape08-03.jpg 1200w, https:\/\/centcols.org\/wp-content\/uploads\/2025\/10\/Thonon-Trieste-FS_etape08-03-1126x1200.jpg 1126w, https:\/\/centcols.org\/wp-content\/uploads\/2025\/10\/Thonon-Trieste-FS_etape08-03-768x819.jpg 768w, https:\/\/centcols.org\/wp-content\/uploads\/2025\/10\/Thonon-Trieste-FS_etape08-03-11x12.jpg 11w\" sizes=\"auto, (max-width: 1200px) 100vw, 1200px\" \/><\/a><\/figure>\n<\/div>\n\n\n<p><br>Magn\u00edficas vistas de los Dolomitas antes de descender a Corvara, en Badia. Y pensar que ayer nos est\u00e1bamos congelando con una visibilidad limitada a unos pocos metros.<\/p>\n\n\n\n<figure class=\"wp-block-gallery has-nested-images columns-default is-cropped wp-block-gallery-41 is-layout-flex wp-block-gallery-is-layout-flex\">\n<figure class=\"wp-block-image size-large\"><a href=\"https:\/\/centcols.org\/wp-content\/uploads\/2025\/10\/Thonon-Trieste-FS_etape08-04.jpg\"><img loading=\"lazy\" decoding=\"async\" width=\"1200\" height=\"802\" data-id=\"91510\" src=\"https:\/\/centcols.org\/wp-content\/uploads\/2025\/10\/Thonon-Trieste-FS_etape08-04.jpg\" alt=\"\" class=\"wp-image-91510\" srcset=\"https:\/\/centcols.org\/wp-content\/uploads\/2025\/10\/Thonon-Trieste-FS_etape08-04.jpg 1200w, https:\/\/centcols.org\/wp-content\/uploads\/2025\/10\/Thonon-Trieste-FS_etape08-04-768x513.jpg 768w, https:\/\/centcols.org\/wp-content\/uploads\/2025\/10\/Thonon-Trieste-FS_etape08-04-18x12.jpg 18w\" sizes=\"auto, (max-width: 1200px) 100vw, 1200px\" \/><\/a><\/figure>\n\n\n\n<figure class=\"wp-block-image size-large\"><a href=\"https:\/\/centcols.org\/wp-content\/uploads\/2025\/10\/Thonon-Trieste-FS_etape08-05.jpg\"><img loading=\"lazy\" decoding=\"async\" width=\"1200\" height=\"802\" data-id=\"91511\" src=\"https:\/\/centcols.org\/wp-content\/uploads\/2025\/10\/Thonon-Trieste-FS_etape08-05.jpg\" alt=\"\" class=\"wp-image-91511\" srcset=\"https:\/\/centcols.org\/wp-content\/uploads\/2025\/10\/Thonon-Trieste-FS_etape08-05.jpg 1200w, https:\/\/centcols.org\/wp-content\/uploads\/2025\/10\/Thonon-Trieste-FS_etape08-05-768x513.jpg 768w, https:\/\/centcols.org\/wp-content\/uploads\/2025\/10\/Thonon-Trieste-FS_etape08-05-18x12.jpg 18w\" sizes=\"auto, (max-width: 1200px) 100vw, 1200px\" \/><\/a><figcaption class=\"wp-element-caption\">Corvara in Badia<\/figcaption><\/figure>\n<\/figure>\n\n\n\n<p><br>En San Cassigno, un cartel precioso y muy l\u00f3gico para una tienda de esqu\u00ed y bicicletas.<\/p>\n\n\n<div class=\"wp-block-image\">\n<figure class=\"aligncenter size-full is-resized\"><a href=\"https:\/\/centcols.org\/wp-content\/uploads\/2025\/10\/Thonon-Trieste-FS_etape08-07-1.jpg\"><img loading=\"lazy\" decoding=\"async\" width=\"1200\" height=\"802\" src=\"https:\/\/centcols.org\/wp-content\/uploads\/2025\/10\/Thonon-Trieste-FS_etape08-07-1.jpg\" alt=\"\" class=\"wp-image-91514\" style=\"width:600px\" srcset=\"https:\/\/centcols.org\/wp-content\/uploads\/2025\/10\/Thonon-Trieste-FS_etape08-07-1.jpg 1200w, https:\/\/centcols.org\/wp-content\/uploads\/2025\/10\/Thonon-Trieste-FS_etape08-07-1-768x513.jpg 768w, https:\/\/centcols.org\/wp-content\/uploads\/2025\/10\/Thonon-Trieste-FS_etape08-07-1-18x12.jpg 18w\" sizes=\"auto, (max-width: 1200px) 100vw, 1200px\" \/><\/a><\/figure>\n<\/div>\n\n\n<p>La larga subida de 12 km al Passo di Valparola nos lleva junto al lago del mismo nombre. Y a\u00fan quedan vistas impresionantes antes de llegar a la cima, a 2196 m de altitud.<\/p>\n\n\n<div class=\"wp-block-image\">\n<figure class=\"aligncenter size-large is-resized\"><a href=\"https:\/\/centcols.org\/wp-content\/uploads\/2025\/10\/Thonon-Trieste-FS_etape08-06.jpg\"><img loading=\"lazy\" decoding=\"async\" width=\"1200\" height=\"634\" src=\"https:\/\/centcols.org\/wp-content\/uploads\/2025\/10\/Thonon-Trieste-FS_etape08-06.jpg\" alt=\"\" class=\"wp-image-91512\" style=\"width:800px\" srcset=\"https:\/\/centcols.org\/wp-content\/uploads\/2025\/10\/Thonon-Trieste-FS_etape08-06.jpg 1200w, https:\/\/centcols.org\/wp-content\/uploads\/2025\/10\/Thonon-Trieste-FS_etape08-06-768x406.jpg 768w, https:\/\/centcols.org\/wp-content\/uploads\/2025\/10\/Thonon-Trieste-FS_etape08-06-18x10.jpg 18w\" sizes=\"auto, (max-width: 1200px) 100vw, 1200px\" \/><\/a><figcaption class=\"wp-element-caption\">Desde Costadedoi, por el passo di Valparola<\/figcaption><\/figure>\n<\/div>\n\n\n<figure class=\"wp-block-gallery has-nested-images columns-default is-cropped wp-block-gallery-42 is-layout-flex wp-block-gallery-is-layout-flex\">\n<figure class=\"wp-block-image size-large\"><a href=\"https:\/\/centcols.org\/wp-content\/uploads\/2025\/10\/Thonon-Trieste-FS_etape08-08.jpg\"><img loading=\"lazy\" decoding=\"async\" width=\"1200\" height=\"802\" data-id=\"91518\" src=\"https:\/\/centcols.org\/wp-content\/uploads\/2025\/10\/Thonon-Trieste-FS_etape08-08.jpg\" alt=\"\" class=\"wp-image-91518\" srcset=\"https:\/\/centcols.org\/wp-content\/uploads\/2025\/10\/Thonon-Trieste-FS_etape08-08.jpg 1200w, https:\/\/centcols.org\/wp-content\/uploads\/2025\/10\/Thonon-Trieste-FS_etape08-08-768x513.jpg 768w, https:\/\/centcols.org\/wp-content\/uploads\/2025\/10\/Thonon-Trieste-FS_etape08-08-18x12.jpg 18w\" sizes=\"auto, (max-width: 1200px) 100vw, 1200px\" \/><\/a><figcaption class=\"wp-element-caption\">De Armentarola<\/figcaption><\/figure>\n\n\n\n<figure class=\"wp-block-image size-large\"><a href=\"https:\/\/centcols.org\/wp-content\/uploads\/2025\/10\/Thonon-Trieste-FS_etape08-09.jpg\"><img loading=\"lazy\" decoding=\"async\" width=\"1200\" height=\"802\" data-id=\"91520\" src=\"https:\/\/centcols.org\/wp-content\/uploads\/2025\/10\/Thonon-Trieste-FS_etape08-09.jpg\" alt=\"\" class=\"wp-image-91520\" srcset=\"https:\/\/centcols.org\/wp-content\/uploads\/2025\/10\/Thonon-Trieste-FS_etape08-09.jpg 1200w, https:\/\/centcols.org\/wp-content\/uploads\/2025\/10\/Thonon-Trieste-FS_etape08-09-768x513.jpg 768w, https:\/\/centcols.org\/wp-content\/uploads\/2025\/10\/Thonon-Trieste-FS_etape08-09-18x12.jpg 18w\" sizes=\"auto, (max-width: 1200px) 100vw, 1200px\" \/><\/a><\/figure>\n\n\n\n<figure class=\"wp-block-image size-large\"><a href=\"https:\/\/centcols.org\/wp-content\/uploads\/2025\/10\/Thonon-Trieste-FS_etape08-10.jpg\"><img loading=\"lazy\" decoding=\"async\" width=\"1200\" height=\"802\" data-id=\"91516\" src=\"https:\/\/centcols.org\/wp-content\/uploads\/2025\/10\/Thonon-Trieste-FS_etape08-10.jpg\" alt=\"\" class=\"wp-image-91516\" srcset=\"https:\/\/centcols.org\/wp-content\/uploads\/2025\/10\/Thonon-Trieste-FS_etape08-10.jpg 1200w, https:\/\/centcols.org\/wp-content\/uploads\/2025\/10\/Thonon-Trieste-FS_etape08-10-768x513.jpg 768w, https:\/\/centcols.org\/wp-content\/uploads\/2025\/10\/Thonon-Trieste-FS_etape08-10-18x12.jpg 18w\" sizes=\"auto, (max-width: 1200px) 100vw, 1200px\" \/><\/a><figcaption class=\"wp-element-caption\">Lago Valparola<\/figcaption><\/figure>\n\n\n\n<figure class=\"wp-block-image size-large\"><a href=\"https:\/\/centcols.org\/wp-content\/uploads\/2025\/10\/Thonon-Trieste-FS_etape08-11.jpg\"><img loading=\"lazy\" decoding=\"async\" width=\"1200\" height=\"802\" data-id=\"91517\" src=\"https:\/\/centcols.org\/wp-content\/uploads\/2025\/10\/Thonon-Trieste-FS_etape08-11.jpg\" alt=\"\" class=\"wp-image-91517\" srcset=\"https:\/\/centcols.org\/wp-content\/uploads\/2025\/10\/Thonon-Trieste-FS_etape08-11.jpg 1200w, https:\/\/centcols.org\/wp-content\/uploads\/2025\/10\/Thonon-Trieste-FS_etape08-11-768x513.jpg 768w, https:\/\/centcols.org\/wp-content\/uploads\/2025\/10\/Thonon-Trieste-FS_etape08-11-18x12.jpg 18w\" sizes=\"auto, (max-width: 1200px) 100vw, 1200px\" \/><\/a><figcaption class=\"wp-element-caption\">Fuerte Tre Sassi, entre el lago y el puerto<\/figcaption><\/figure>\n\n\n\n<figure class=\"wp-block-image size-large\"><a href=\"https:\/\/centcols.org\/wp-content\/uploads\/2025\/10\/Thonon-Trieste-FS_etape08-12.jpg\"><img loading=\"lazy\" decoding=\"async\" width=\"1200\" height=\"1121\" data-id=\"91519\" src=\"https:\/\/centcols.org\/wp-content\/uploads\/2025\/10\/Thonon-Trieste-FS_etape08-12.jpg\" alt=\"\" class=\"wp-image-91519\" srcset=\"https:\/\/centcols.org\/wp-content\/uploads\/2025\/10\/Thonon-Trieste-FS_etape08-12.jpg 1200w, https:\/\/centcols.org\/wp-content\/uploads\/2025\/10\/Thonon-Trieste-FS_etape08-12-768x717.jpg 768w, https:\/\/centcols.org\/wp-content\/uploads\/2025\/10\/Thonon-Trieste-FS_etape08-12-13x12.jpg 13w\" sizes=\"auto, (max-width: 1200px) 100vw, 1200px\" \/><\/a><figcaption class=\"wp-element-caption\">Desde Fort Tre Sassi<\/figcaption><\/figure>\n\n\n\n<figure class=\"wp-block-image size-large\"><a href=\"https:\/\/centcols.org\/wp-content\/uploads\/2025\/10\/Thonon-Trieste-FS_etape08-13.jpg\"><img loading=\"lazy\" decoding=\"async\" width=\"1200\" height=\"802\" data-id=\"91515\" src=\"https:\/\/centcols.org\/wp-content\/uploads\/2025\/10\/Thonon-Trieste-FS_etape08-13.jpg\" alt=\"\" class=\"wp-image-91515\" srcset=\"https:\/\/centcols.org\/wp-content\/uploads\/2025\/10\/Thonon-Trieste-FS_etape08-13.jpg 1200w, https:\/\/centcols.org\/wp-content\/uploads\/2025\/10\/Thonon-Trieste-FS_etape08-13-768x513.jpg 768w, https:\/\/centcols.org\/wp-content\/uploads\/2025\/10\/Thonon-Trieste-FS_etape08-13-18x12.jpg 18w\" sizes=\"auto, (max-width: 1200px) 100vw, 1200px\" \/><\/a><\/figure>\n<\/figure>\n\n\n\n<p>A continuaci\u00f3n, nos dirigimos al Passo Falzarego, donde almorzamos panini.<\/p>\n\n\n<div class=\"wp-block-image\">\n<figure class=\"aligncenter size-large is-resized\"><a href=\"https:\/\/centcols.org\/wp-content\/uploads\/2025\/10\/Thonon-Trieste-FS_etape08-15.jpg\"><img loading=\"lazy\" decoding=\"async\" width=\"1200\" height=\"675\" src=\"https:\/\/centcols.org\/wp-content\/uploads\/2025\/10\/Thonon-Trieste-FS_etape08-15.jpg\" alt=\"\" class=\"wp-image-91521\" style=\"width:800px\" srcset=\"https:\/\/centcols.org\/wp-content\/uploads\/2025\/10\/Thonon-Trieste-FS_etape08-15.jpg 1200w, https:\/\/centcols.org\/wp-content\/uploads\/2025\/10\/Thonon-Trieste-FS_etape08-15-768x432.jpg 768w, https:\/\/centcols.org\/wp-content\/uploads\/2025\/10\/Thonon-Trieste-FS_etape08-15-18x10.jpg 18w\" sizes=\"auto, (max-width: 1200px) 100vw, 1200px\" \/><\/a><\/figure>\n<\/div>\n\n\n<p><br>Falzarego, tambi\u00e9n conocido como el \u00abfalso rey\u00bb, es un lugar concurrido. El telef\u00e9rico a la cima de la monta\u00f1a atrae a multitudes. Tambi\u00e9n hay mucha gente en las carreteras. Es domingo y hace buen tiempo. Hay muchos motoristas. Tambi\u00e9n hay muchos ciclistas, la mayor\u00eda parejas. No vi ni un solo grupo o club.<br>En cualquier caso, muchos m\u00e1s ciclistas que ayer con el granizo o hace dos d\u00edas con la lluvia en el Stelvio... \ud83e\udd14.<\/p>\n\n\n\n<figure class=\"wp-block-gallery has-nested-images columns-default is-cropped wp-block-gallery-43 is-layout-flex wp-block-gallery-is-layout-flex\">\n<figure class=\"wp-block-image size-large\"><a href=\"https:\/\/centcols.org\/wp-content\/uploads\/2025\/10\/Thonon-Trieste-FS_etape08-19.jpg\"><img loading=\"lazy\" decoding=\"async\" width=\"1200\" height=\"1124\" data-id=\"91525\" src=\"https:\/\/centcols.org\/wp-content\/uploads\/2025\/10\/Thonon-Trieste-FS_etape08-19.jpg\" alt=\"\" class=\"wp-image-91525\" srcset=\"https:\/\/centcols.org\/wp-content\/uploads\/2025\/10\/Thonon-Trieste-FS_etape08-19.jpg 1200w, https:\/\/centcols.org\/wp-content\/uploads\/2025\/10\/Thonon-Trieste-FS_etape08-19-768x719.jpg 768w, https:\/\/centcols.org\/wp-content\/uploads\/2025\/10\/Thonon-Trieste-FS_etape08-19-13x12.jpg 13w\" sizes=\"auto, (max-width: 1200px) 100vw, 1200px\" \/><\/a><figcaption class=\"wp-element-caption\">\u00a1Si te duelen las piernas!<\/figcaption><\/figure>\n\n\n\n<figure class=\"wp-block-image size-large\"><a href=\"https:\/\/centcols.org\/wp-content\/uploads\/2025\/10\/Thonon-Trieste-FS_etape08-16.jpg\"><img loading=\"lazy\" decoding=\"async\" width=\"1200\" height=\"802\" data-id=\"91522\" src=\"https:\/\/centcols.org\/wp-content\/uploads\/2025\/10\/Thonon-Trieste-FS_etape08-16.jpg\" alt=\"\" class=\"wp-image-91522\" srcset=\"https:\/\/centcols.org\/wp-content\/uploads\/2025\/10\/Thonon-Trieste-FS_etape08-16.jpg 1200w, https:\/\/centcols.org\/wp-content\/uploads\/2025\/10\/Thonon-Trieste-FS_etape08-16-768x513.jpg 768w, https:\/\/centcols.org\/wp-content\/uploads\/2025\/10\/Thonon-Trieste-FS_etape08-16-18x12.jpg 18w\" sizes=\"auto, (max-width: 1200px) 100vw, 1200px\" \/><\/a><figcaption class=\"wp-element-caption\">Telef\u00e9rico y refugio de Lagazuoi<\/figcaption><\/figure>\n<\/figure>\n\n\n\n<p><br>Un bonito descenso de 15 km \ud83d\ude0a seguido de una subida de 4 km \ud83d\ude21, nos lleva de vuelta a Arabba despu\u00e9s de 55 km, D 1460 y 3 puertos incluyendo 2 \u00ab2000\u00bb.<\/p>\n\n\n\n<figure class=\"wp-block-gallery has-nested-images columns-default is-cropped wp-block-gallery-44 is-layout-flex wp-block-gallery-is-layout-flex\">\n<figure class=\"wp-block-image size-large\"><a href=\"https:\/\/centcols.org\/wp-content\/uploads\/2025\/10\/Thonon-Trieste-FS_etape08-17.jpg\"><img loading=\"lazy\" decoding=\"async\" width=\"1200\" height=\"802\" data-id=\"91524\" src=\"https:\/\/centcols.org\/wp-content\/uploads\/2025\/10\/Thonon-Trieste-FS_etape08-17.jpg\" alt=\"\" class=\"wp-image-91524\" srcset=\"https:\/\/centcols.org\/wp-content\/uploads\/2025\/10\/Thonon-Trieste-FS_etape08-17.jpg 1200w, https:\/\/centcols.org\/wp-content\/uploads\/2025\/10\/Thonon-Trieste-FS_etape08-17-768x513.jpg 768w, https:\/\/centcols.org\/wp-content\/uploads\/2025\/10\/Thonon-Trieste-FS_etape08-17-18x12.jpg 18w\" sizes=\"auto, (max-width: 1200px) 100vw, 1200px\" \/><\/a><\/figure>\n\n\n\n<figure class=\"wp-block-image size-large\"><a href=\"https:\/\/centcols.org\/wp-content\/uploads\/2025\/10\/Thonon-Trieste-FS_etape08-18.jpg\"><img loading=\"lazy\" decoding=\"async\" width=\"1200\" height=\"802\" data-id=\"91523\" src=\"https:\/\/centcols.org\/wp-content\/uploads\/2025\/10\/Thonon-Trieste-FS_etape08-18.jpg\" alt=\"\" class=\"wp-image-91523\" srcset=\"https:\/\/centcols.org\/wp-content\/uploads\/2025\/10\/Thonon-Trieste-FS_etape08-18.jpg 1200w, https:\/\/centcols.org\/wp-content\/uploads\/2025\/10\/Thonon-Trieste-FS_etape08-18-768x513.jpg 768w, https:\/\/centcols.org\/wp-content\/uploads\/2025\/10\/Thonon-Trieste-FS_etape08-18-18x12.jpg 18w\" sizes=\"auto, (max-width: 1200px) 100vw, 1200px\" \/><\/a><\/figure>\n<\/figure>\n\n\n<div class=\"wp-block-image\">\n<figure class=\"aligncenter size-full\"><a href=\"https:\/\/centcols.org\/wp-content\/uploads\/2025\/10\/Thonon-Trieste-FS_etape08-20.jpg\"><img loading=\"lazy\" decoding=\"async\" width=\"1200\" height=\"802\" src=\"https:\/\/centcols.org\/wp-content\/uploads\/2025\/10\/Thonon-Trieste-FS_etape08-20.jpg\" alt=\"\" class=\"wp-image-91527\" srcset=\"https:\/\/centcols.org\/wp-content\/uploads\/2025\/10\/Thonon-Trieste-FS_etape08-20.jpg 1200w, https:\/\/centcols.org\/wp-content\/uploads\/2025\/10\/Thonon-Trieste-FS_etape08-20-768x513.jpg 768w, https:\/\/centcols.org\/wp-content\/uploads\/2025\/10\/Thonon-Trieste-FS_etape08-20-18x12.jpg 18w\" sizes=\"auto, (max-width: 1200px) 100vw, 1200px\" \/><\/a><figcaption class=\"wp-element-caption\">Volver a Arabba<\/figcaption><\/figure>\n<\/div>\n\n\n<p>Nuestra colada ha vuelto a migrar. Esta vez la pusimos al sol, donde se sec\u00f3 r\u00e1pidamente. Por suerte est\u00e1bamos en la parte trasera del establecimiento...<\/p>\n\n\n<div class=\"wp-block-image\">\n<figure class=\"aligncenter size-full is-resized\"><a href=\"https:\/\/centcols.org\/wp-content\/uploads\/2025\/10\/Thonon-Trieste-FS_etape08-21.jpg\"><img loading=\"lazy\" decoding=\"async\" width=\"1200\" height=\"802\" src=\"https:\/\/centcols.org\/wp-content\/uploads\/2025\/10\/Thonon-Trieste-FS_etape08-21.jpg\" alt=\"\" class=\"wp-image-91492\" style=\"width:600px\" srcset=\"https:\/\/centcols.org\/wp-content\/uploads\/2025\/10\/Thonon-Trieste-FS_etape08-21.jpg 1200w, https:\/\/centcols.org\/wp-content\/uploads\/2025\/10\/Thonon-Trieste-FS_etape08-21-768x513.jpg 768w, https:\/\/centcols.org\/wp-content\/uploads\/2025\/10\/Thonon-Trieste-FS_etape08-21-18x12.jpg 18w\" sizes=\"auto, (max-width: 1200px) 100vw, 1200px\" \/><\/a><\/figure>\n<\/div>\n\n\n<p>En Arabba, el personal del hotel habla, obviamente, italiano y alem\u00e1n (y, afortunadamente, ingl\u00e9s). Pero, sobre todo, ladino. Pr\u00f3ximo al romanche y al friulano, el ladino es hablado en Trentino-Alto Adigio por unas 30.000 personas. Las se\u00f1ales de tr\u00e1fico suelen estar en italiano, alem\u00e1n y ladino, por este orden.<br>\u00a1Es tan confuso!<\/p>\n\n\n\n<div class=\"wp-block-buttons is-content-justification-space-between is-layout-flex wp-container-core-buttons-is-layout-3d213aab wp-block-buttons-is-layout-flex\">\n<div class=\"wp-block-button\"><a class=\"wp-block-button__link has-text-color has-background has-link-color wp-element-button\" href=\"https:\/\/centcols.org\/es\/thonon-trieste-fred-singla-2025\/8\/\" style=\"color:#2a488c;background-color:#88f2fd;text-transform:uppercase\"><strong>Etapa anterior<\/strong><\/a><\/div>\n\n\n\n<div class=\"wp-block-button\"><a class=\"wp-block-button__link has-text-color has-background has-link-color wp-element-button\" href=\"https:\/\/centcols.org\/es\/thonon-trieste-fred-singla-2025\/10\/\" style=\"color:#2a488c;background-color:#88f2fd;text-transform:uppercase\"><strong>Siguiente paso<\/strong><\/a><\/div>\n<\/div>\n\n\n\n<!--nextpage-->\n\n\n\n<h2 class=\"wp-block-heading\"><em> D\u00eda 9 : <\/em>De Arabba a Vigo-di-Cadore por la Strada Regionale 48 delle Dolomiti<\/h2>\n\n\n\n<p>97 km - 2085 m de den+, 2 puertos incluido 1 &gt; 2000<\/p>\n\n\n<div class=\"wp-block-image\">\n<figure class=\"aligncenter size-full is-resized\"><a href=\"https:\/\/centcols.org\/wp-content\/uploads\/2025\/10\/Thonon-Trieste-FS_etape09-01.jpg\"><img loading=\"lazy\" decoding=\"async\" width=\"1200\" height=\"802\" src=\"https:\/\/centcols.org\/wp-content\/uploads\/2025\/10\/Thonon-Trieste-FS_etape09-01.jpg\" alt=\"\" class=\"wp-image-91554\" style=\"width:800px\" srcset=\"https:\/\/centcols.org\/wp-content\/uploads\/2025\/10\/Thonon-Trieste-FS_etape09-01.jpg 1200w, https:\/\/centcols.org\/wp-content\/uploads\/2025\/10\/Thonon-Trieste-FS_etape09-01-768x513.jpg 768w, https:\/\/centcols.org\/wp-content\/uploads\/2025\/10\/Thonon-Trieste-FS_etape09-01-18x12.jpg 18w\" sizes=\"auto, (max-width: 1200px) 100vw, 1200px\" \/><\/a><figcaption class=\"wp-element-caption\">Amanece en Arabba.<\/figcaption><\/figure>\n<\/div>\n\n\n<p>En el vest\u00edbulo del hotel, estos magn\u00edficos sillones club invitan a relajarse y concentrarse. M\u00e1s prosaicamente, pens\u00e1bamos que el desayuno era a las 07:00, pero eran las y media...<\/p>\n\n\n<div class=\"wp-block-image\">\n<figure class=\"aligncenter size-full is-resized\"><a href=\"https:\/\/centcols.org\/wp-content\/uploads\/2025\/10\/Thonon-Trieste-FS_etape09-02.jpg\"><img loading=\"lazy\" decoding=\"async\" width=\"1200\" height=\"802\" src=\"https:\/\/centcols.org\/wp-content\/uploads\/2025\/10\/Thonon-Trieste-FS_etape09-02.jpg\" alt=\"\" class=\"wp-image-91556\" style=\"width:600px\" srcset=\"https:\/\/centcols.org\/wp-content\/uploads\/2025\/10\/Thonon-Trieste-FS_etape09-02.jpg 1200w, https:\/\/centcols.org\/wp-content\/uploads\/2025\/10\/Thonon-Trieste-FS_etape09-02-768x513.jpg 768w, https:\/\/centcols.org\/wp-content\/uploads\/2025\/10\/Thonon-Trieste-FS_etape09-02-18x12.jpg 18w\" sizes=\"auto, (max-width: 1200px) 100vw, 1200px\" \/><\/a><figcaption class=\"wp-element-caption\">\u00a1En plena concentraci\u00f3n!<\/figcaption><\/figure>\n<\/div>\n\n\n<p>Salimos de Arabba en un bonito descenso y luego una subida empinada hasta un mirador desde el que podemos admirar Caprile en el fondo del valle y la Zima de Agnar\u00e9ze .<\/p>\n\n\n\n<figure class=\"wp-block-gallery has-nested-images columns-default is-cropped wp-block-gallery-45 is-layout-flex wp-block-gallery-is-layout-flex\">\n<figure class=\"wp-block-image size-full\"><a href=\"https:\/\/centcols.org\/wp-content\/uploads\/2025\/10\/Thonon-Trieste-FS_etape09-03.jpg\"><img loading=\"lazy\" decoding=\"async\" width=\"1200\" height=\"802\" data-id=\"91557\" src=\"https:\/\/centcols.org\/wp-content\/uploads\/2025\/10\/Thonon-Trieste-FS_etape09-03.jpg\" alt=\"\" class=\"wp-image-91557\" srcset=\"https:\/\/centcols.org\/wp-content\/uploads\/2025\/10\/Thonon-Trieste-FS_etape09-03.jpg 1200w, https:\/\/centcols.org\/wp-content\/uploads\/2025\/10\/Thonon-Trieste-FS_etape09-03-768x513.jpg 768w, https:\/\/centcols.org\/wp-content\/uploads\/2025\/10\/Thonon-Trieste-FS_etape09-03-18x12.jpg 18w\" sizes=\"auto, (max-width: 1200px) 100vw, 1200px\" \/><\/a><\/figure>\n\n\n\n<figure class=\"wp-block-image size-full\"><a href=\"https:\/\/centcols.org\/wp-content\/uploads\/2025\/10\/Thonon-Trieste-FS_etape09-04.jpg\"><img loading=\"lazy\" decoding=\"async\" width=\"1200\" height=\"802\" data-id=\"91559\" src=\"https:\/\/centcols.org\/wp-content\/uploads\/2025\/10\/Thonon-Trieste-FS_etape09-04.jpg\" alt=\"\" class=\"wp-image-91559\" srcset=\"https:\/\/centcols.org\/wp-content\/uploads\/2025\/10\/Thonon-Trieste-FS_etape09-04.jpg 1200w, https:\/\/centcols.org\/wp-content\/uploads\/2025\/10\/Thonon-Trieste-FS_etape09-04-768x513.jpg 768w, https:\/\/centcols.org\/wp-content\/uploads\/2025\/10\/Thonon-Trieste-FS_etape09-04-18x12.jpg 18w\" sizes=\"auto, (max-width: 1200px) 100vw, 1200px\" \/><\/a><figcaption class=\"wp-element-caption\">Caprile, enclavada junto al torrente Cordevole y bajo la Zima de Aragn\u00e8ze.<\/figcaption><\/figure>\n\n\n\n<figure class=\"wp-block-image size-full\"><a href=\"https:\/\/centcols.org\/wp-content\/uploads\/2025\/10\/Thonon-Trieste-FS_etape09-05.jpg\"><img loading=\"lazy\" decoding=\"async\" width=\"1200\" height=\"802\" data-id=\"91558\" src=\"https:\/\/centcols.org\/wp-content\/uploads\/2025\/10\/Thonon-Trieste-FS_etape09-05.jpg\" alt=\"\" class=\"wp-image-91558\" srcset=\"https:\/\/centcols.org\/wp-content\/uploads\/2025\/10\/Thonon-Trieste-FS_etape09-05.jpg 1200w, https:\/\/centcols.org\/wp-content\/uploads\/2025\/10\/Thonon-Trieste-FS_etape09-05-768x513.jpg 768w, https:\/\/centcols.org\/wp-content\/uploads\/2025\/10\/Thonon-Trieste-FS_etape09-05-18x12.jpg 18w\" sizes=\"auto, (max-width: 1200px) 100vw, 1200px\" \/><\/a><figcaption class=\"wp-element-caption\">Colle Santa Lucia<\/figcaption><\/figure>\n<\/figure>\n\n\n\n<p>Luego viene la largu\u00edsima subida del Passo di Giau: 16 km, 1235 m de ascenso, 29 curvas, 8% de velocidad media con pasos a 15 ...<\/p>\n\n\n<div class=\"wp-block-image\">\n<figure class=\"aligncenter size-large is-resized\"><a href=\"https:\/\/centcols.org\/wp-content\/uploads\/2025\/10\/Thonon-Trieste-FS_etape09-06.jpg\"><img loading=\"lazy\" decoding=\"async\" width=\"1200\" height=\"802\" src=\"https:\/\/centcols.org\/wp-content\/uploads\/2025\/10\/Thonon-Trieste-FS_etape09-06.jpg\" alt=\"\" class=\"wp-image-91562\" style=\"width:400px\" srcset=\"https:\/\/centcols.org\/wp-content\/uploads\/2025\/10\/Thonon-Trieste-FS_etape09-06.jpg 1200w, https:\/\/centcols.org\/wp-content\/uploads\/2025\/10\/Thonon-Trieste-FS_etape09-06-768x513.jpg 768w, https:\/\/centcols.org\/wp-content\/uploads\/2025\/10\/Thonon-Trieste-FS_etape09-06-18x12.jpg 18w\" sizes=\"auto, (max-width: 1200px) 100vw, 1200px\" \/><\/a><\/figure>\n<\/div>\n\n\n<figure class=\"wp-block-gallery has-nested-images columns-default is-cropped wp-block-gallery-46 is-layout-flex wp-block-gallery-is-layout-flex\">\n<figure class=\"wp-block-image size-large\"><a href=\"https:\/\/centcols.org\/wp-content\/uploads\/2025\/10\/Thonon-Trieste-FS_etape09-08.jpg\"><img loading=\"lazy\" decoding=\"async\" width=\"1200\" height=\"802\" data-id=\"91563\" src=\"https:\/\/centcols.org\/wp-content\/uploads\/2025\/10\/Thonon-Trieste-FS_etape09-08.jpg\" alt=\"\" class=\"wp-image-91563\" srcset=\"https:\/\/centcols.org\/wp-content\/uploads\/2025\/10\/Thonon-Trieste-FS_etape09-08.jpg 1200w, https:\/\/centcols.org\/wp-content\/uploads\/2025\/10\/Thonon-Trieste-FS_etape09-08-768x513.jpg 768w, https:\/\/centcols.org\/wp-content\/uploads\/2025\/10\/Thonon-Trieste-FS_etape09-08-18x12.jpg 18w\" sizes=\"auto, (max-width: 1200px) 100vw, 1200px\" \/><\/a><figcaption class=\"wp-element-caption\">A pesar de estas cifras aterradoras, el Socio sigue adelante.<br><\/figcaption><\/figure>\n\n\n\n<figure class=\"wp-block-image size-large\"><a href=\"https:\/\/centcols.org\/wp-content\/uploads\/2025\/10\/Thonon-Trieste-FS_etape09-09.jpg\"><img loading=\"lazy\" decoding=\"async\" width=\"1200\" height=\"802\" data-id=\"91564\" src=\"https:\/\/centcols.org\/wp-content\/uploads\/2025\/10\/Thonon-Trieste-FS_etape09-09.jpg\" alt=\"\" class=\"wp-image-91564\" srcset=\"https:\/\/centcols.org\/wp-content\/uploads\/2025\/10\/Thonon-Trieste-FS_etape09-09.jpg 1200w, https:\/\/centcols.org\/wp-content\/uploads\/2025\/10\/Thonon-Trieste-FS_etape09-09-768x513.jpg 768w, https:\/\/centcols.org\/wp-content\/uploads\/2025\/10\/Thonon-Trieste-FS_etape09-09-18x12.jpg 18w\" sizes=\"auto, (max-width: 1200px) 100vw, 1200px\" \/><\/a><figcaption class=\"wp-element-caption\">A pesar de estas escalofriantes cifras, Jean Marc sigue viento en popa \ud83d\ude09.<\/figcaption><\/figure>\n<\/figure>\n\n\n<div class=\"wp-block-image\">\n<figure class=\"aligncenter size-full is-resized\"><a href=\"https:\/\/centcols.org\/wp-content\/uploads\/2025\/10\/Thonon-Trieste-FS_etape09-07.jpg\"><img loading=\"lazy\" decoding=\"async\" width=\"1200\" height=\"802\" src=\"https:\/\/centcols.org\/wp-content\/uploads\/2025\/10\/Thonon-Trieste-FS_etape09-07.jpg\" alt=\"\" class=\"wp-image-91566\" style=\"width:800px\" srcset=\"https:\/\/centcols.org\/wp-content\/uploads\/2025\/10\/Thonon-Trieste-FS_etape09-07.jpg 1200w, https:\/\/centcols.org\/wp-content\/uploads\/2025\/10\/Thonon-Trieste-FS_etape09-07-768x513.jpg 768w, https:\/\/centcols.org\/wp-content\/uploads\/2025\/10\/Thonon-Trieste-FS_etape09-07-18x12.jpg 18w\" sizes=\"auto, (max-width: 1200px) 100vw, 1200px\" \/><\/a><\/figure>\n<\/div>\n\n\n<p>Cuando se alcanza la cima, se tiene realmente la sensaci\u00f3n de haber conquistado un \u00abgran italiano\u00bb. Estamos a 2.232 metros de altitud. Hay muchas motos. No he visto el antiguo moj\u00f3n fronterizo entre el Imperio austriaco y la Rep\u00fablica de Venecia.<\/p>\n\n\n\n<figure class=\"wp-block-gallery has-nested-images columns-default is-cropped wp-block-gallery-47 is-layout-flex wp-block-gallery-is-layout-flex\">\n<figure class=\"wp-block-image size-large\"><a href=\"https:\/\/centcols.org\/wp-content\/uploads\/2025\/10\/Thonon-Trieste-FS_etape09-10.jpg\"><img loading=\"lazy\" decoding=\"async\" width=\"1200\" height=\"1179\" data-id=\"91569\" src=\"https:\/\/centcols.org\/wp-content\/uploads\/2025\/10\/Thonon-Trieste-FS_etape09-10.jpg\" alt=\"\" class=\"wp-image-91569\" srcset=\"https:\/\/centcols.org\/wp-content\/uploads\/2025\/10\/Thonon-Trieste-FS_etape09-10.jpg 1200w, https:\/\/centcols.org\/wp-content\/uploads\/2025\/10\/Thonon-Trieste-FS_etape09-10-768x755.jpg 768w, https:\/\/centcols.org\/wp-content\/uploads\/2025\/10\/Thonon-Trieste-FS_etape09-10-12x12.jpg 12w\" sizes=\"auto, (max-width: 1200px) 100vw, 1200px\" \/><\/a><\/figure>\n\n\n\n<figure class=\"wp-block-image size-large\"><a href=\"https:\/\/centcols.org\/wp-content\/uploads\/2025\/10\/Thonon-Trieste-FS_etape09-12.jpg\"><img loading=\"lazy\" decoding=\"async\" width=\"1200\" height=\"802\" data-id=\"91570\" src=\"https:\/\/centcols.org\/wp-content\/uploads\/2025\/10\/Thonon-Trieste-FS_etape09-12.jpg\" alt=\"\" class=\"wp-image-91570\" srcset=\"https:\/\/centcols.org\/wp-content\/uploads\/2025\/10\/Thonon-Trieste-FS_etape09-12.jpg 1200w, https:\/\/centcols.org\/wp-content\/uploads\/2025\/10\/Thonon-Trieste-FS_etape09-12-768x513.jpg 768w, https:\/\/centcols.org\/wp-content\/uploads\/2025\/10\/Thonon-Trieste-FS_etape09-12-18x12.jpg 18w\" sizes=\"auto, (max-width: 1200px) 100vw, 1200px\" \/><\/a><\/figure>\n\n\n\n<figure class=\"wp-block-image size-large\"><a href=\"https:\/\/centcols.org\/wp-content\/uploads\/2025\/10\/Thonon-Trieste-FS_etape09-11.jpg\"><img loading=\"lazy\" decoding=\"async\" width=\"1140\" height=\"1920\" data-id=\"91572\" src=\"https:\/\/centcols.org\/wp-content\/uploads\/2025\/10\/Thonon-Trieste-FS_etape09-11-1140x1920.jpg\" alt=\"\" class=\"wp-image-91572\" srcset=\"https:\/\/centcols.org\/wp-content\/uploads\/2025\/10\/Thonon-Trieste-FS_etape09-11-1140x1920.jpg 1140w, https:\/\/centcols.org\/wp-content\/uploads\/2025\/10\/Thonon-Trieste-FS_etape09-11-713x1200.jpg 713w, https:\/\/centcols.org\/wp-content\/uploads\/2025\/10\/Thonon-Trieste-FS_etape09-11-768x1293.jpg 768w, https:\/\/centcols.org\/wp-content\/uploads\/2025\/10\/Thonon-Trieste-FS_etape09-11-912x1536.jpg 912w, https:\/\/centcols.org\/wp-content\/uploads\/2025\/10\/Thonon-Trieste-FS_etape09-11-7x12.jpg 7w, https:\/\/centcols.org\/wp-content\/uploads\/2025\/10\/Thonon-Trieste-FS_etape09-11.jpg 1200w\" sizes=\"auto, (max-width: 1140px) 100vw, 1140px\" \/><\/a><\/figure>\n\n\n\n<figure class=\"wp-block-image size-large\"><a href=\"https:\/\/centcols.org\/wp-content\/uploads\/2025\/10\/Thonon-Trieste-FS_etape09-13.jpg\"><img loading=\"lazy\" decoding=\"async\" width=\"1200\" height=\"1121\" data-id=\"91571\" src=\"https:\/\/centcols.org\/wp-content\/uploads\/2025\/10\/Thonon-Trieste-FS_etape09-13.jpg\" alt=\"\" class=\"wp-image-91571\" srcset=\"https:\/\/centcols.org\/wp-content\/uploads\/2025\/10\/Thonon-Trieste-FS_etape09-13.jpg 1200w, https:\/\/centcols.org\/wp-content\/uploads\/2025\/10\/Thonon-Trieste-FS_etape09-13-768x717.jpg 768w, https:\/\/centcols.org\/wp-content\/uploads\/2025\/10\/Thonon-Trieste-FS_etape09-13-13x12.jpg 13w\" sizes=\"auto, (max-width: 1200px) 100vw, 1200px\" \/><\/a><\/figure>\n<\/figure>\n\n\n\n<p>Un descenso fenomenal, por una carretera ancha y abierta con poco tr\u00e1fico, hasta Cortina d'Ampezzo. Se trata de una localidad muy pija en la que los restaurantes no se ajustan a nuestro presupuesto. As\u00ed que no nos entretuvimos.<\/p>\n\n\n\n<figure class=\"wp-block-gallery has-nested-images columns-default is-cropped wp-block-gallery-48 is-layout-flex wp-block-gallery-is-layout-flex\">\n<figure class=\"wp-block-image size-large\"><a href=\"https:\/\/centcols.org\/wp-content\/uploads\/2025\/10\/Thonon-Trieste-FS_etape09-14.jpg\"><img loading=\"lazy\" decoding=\"async\" width=\"1200\" height=\"713\" data-id=\"91575\" src=\"https:\/\/centcols.org\/wp-content\/uploads\/2025\/10\/Thonon-Trieste-FS_etape09-14.jpg\" alt=\"\" class=\"wp-image-91575\" srcset=\"https:\/\/centcols.org\/wp-content\/uploads\/2025\/10\/Thonon-Trieste-FS_etape09-14.jpg 1200w, https:\/\/centcols.org\/wp-content\/uploads\/2025\/10\/Thonon-Trieste-FS_etape09-14-768x456.jpg 768w, https:\/\/centcols.org\/wp-content\/uploads\/2025\/10\/Thonon-Trieste-FS_etape09-14-18x12.jpg 18w\" sizes=\"auto, (max-width: 1200px) 100vw, 1200px\" \/><\/a><\/figure>\n\n\n\n<figure class=\"wp-block-image size-large\"><a href=\"https:\/\/centcols.org\/wp-content\/uploads\/2025\/10\/Thonon-Trieste-FS_etape09-15.jpg\"><img loading=\"lazy\" decoding=\"async\" width=\"1200\" height=\"802\" data-id=\"91574\" src=\"https:\/\/centcols.org\/wp-content\/uploads\/2025\/10\/Thonon-Trieste-FS_etape09-15.jpg\" alt=\"\" class=\"wp-image-91574\" srcset=\"https:\/\/centcols.org\/wp-content\/uploads\/2025\/10\/Thonon-Trieste-FS_etape09-15.jpg 1200w, https:\/\/centcols.org\/wp-content\/uploads\/2025\/10\/Thonon-Trieste-FS_etape09-15-768x513.jpg 768w, https:\/\/centcols.org\/wp-content\/uploads\/2025\/10\/Thonon-Trieste-FS_etape09-15-18x12.jpg 18w\" sizes=\"auto, (max-width: 1200px) 100vw, 1200px\" \/><\/a><figcaption class=\"wp-element-caption\">Cortina d'Ampezzo<\/figcaption><\/figure>\n<\/figure>\n\n\n\n<p>Tanto m\u00e1s cuanto que hay otro monumento a la vista, el Passo Tre Croci. La subida es larga pero no especialmente dif\u00edcil. En la cima, en medio de la nada, se entronizan dos enormes hoteles. El lugar es punto de partida de numerosas caminatas, y los excursionistas son legi\u00f3n.<\/p>\n\n\n<div class=\"wp-block-image\">\n<figure class=\"aligncenter size-full\"><a href=\"https:\/\/centcols.org\/wp-content\/uploads\/2025\/10\/Thonon-Trieste-FS_etape09-16.jpg\"><img loading=\"lazy\" decoding=\"async\" width=\"1200\" height=\"802\" src=\"https:\/\/centcols.org\/wp-content\/uploads\/2025\/10\/Thonon-Trieste-FS_etape09-16.jpg\" alt=\"\" class=\"wp-image-91578\" srcset=\"https:\/\/centcols.org\/wp-content\/uploads\/2025\/10\/Thonon-Trieste-FS_etape09-16.jpg 1200w, https:\/\/centcols.org\/wp-content\/uploads\/2025\/10\/Thonon-Trieste-FS_etape09-16-768x513.jpg 768w, https:\/\/centcols.org\/wp-content\/uploads\/2025\/10\/Thonon-Trieste-FS_etape09-16-18x12.jpg 18w\" sizes=\"auto, (max-width: 1200px) 100vw, 1200px\" \/><\/a><figcaption class=\"wp-element-caption\">Alver\u00e0 en la subida de Tre Croci<\/figcaption><\/figure>\n<\/div>\n\n\n<p>Desde que estamos en los grandes puertos, nos adelantan constantemente Ferraris, Maseratis, Audis, BMW y Mercedes de modelos ins\u00f3litos. \u00bfY qu\u00e9 decir de la cantidad de Porsches?<br>Hoy se le une un espl\u00e9ndido Rolls matriculado en Suiza.<\/p>\n\n\n\n<p>Dejamos a los excursionistas a su aire y emprendemos un largo descenso con los \u00faltimos picos marm\u00f3reos del d\u00eda.<\/p>\n\n\n\n<p>Tras cruzar Laggio di Cadore, llegamos a Vigo di Cadore, donde se encuentra nuestro hotel: Hotel da Marco. El simp\u00e1tico due\u00f1o se llama Dario, as\u00ed que quiz\u00e1 sea hijo de Marco \ud83e\udd14.<br>En cualquier caso, fue la mam\u00e1 quien prepar\u00f3 los excelentes raviolis de remolacha para la comida.<\/p>\n\n\n\n<figure class=\"wp-block-gallery has-nested-images columns-default is-cropped wp-block-gallery-49 is-layout-flex wp-block-gallery-is-layout-flex\">\n<figure class=\"wp-block-image size-large\"><a href=\"https:\/\/centcols.org\/wp-content\/uploads\/2025\/10\/Thonon-Trieste-FS_etape09-18.jpg\"><img loading=\"lazy\" decoding=\"async\" width=\"1200\" height=\"802\" data-id=\"91580\" src=\"https:\/\/centcols.org\/wp-content\/uploads\/2025\/10\/Thonon-Trieste-FS_etape09-18.jpg\" alt=\"\" class=\"wp-image-91580\" srcset=\"https:\/\/centcols.org\/wp-content\/uploads\/2025\/10\/Thonon-Trieste-FS_etape09-18.jpg 1200w, https:\/\/centcols.org\/wp-content\/uploads\/2025\/10\/Thonon-Trieste-FS_etape09-18-768x513.jpg 768w, https:\/\/centcols.org\/wp-content\/uploads\/2025\/10\/Thonon-Trieste-FS_etape09-18-18x12.jpg 18w\" sizes=\"auto, (max-width: 1200px) 100vw, 1200px\" \/><\/a><figcaption class=\"wp-element-caption\">Aurenzo di Cadore, a orillas del lago Santa Caterina (o lago Auronzo)<\/figcaption><\/figure>\n\n\n\n<figure class=\"wp-block-image size-large\"><a href=\"https:\/\/centcols.org\/wp-content\/uploads\/2025\/10\/Thonon-Trieste-FS_etape09-19.jpg\"><img loading=\"lazy\" decoding=\"async\" width=\"1200\" height=\"802\" data-id=\"91579\" src=\"https:\/\/centcols.org\/wp-content\/uploads\/2025\/10\/Thonon-Trieste-FS_etape09-19.jpg\" alt=\"\" class=\"wp-image-91579\" srcset=\"https:\/\/centcols.org\/wp-content\/uploads\/2025\/10\/Thonon-Trieste-FS_etape09-19.jpg 1200w, https:\/\/centcols.org\/wp-content\/uploads\/2025\/10\/Thonon-Trieste-FS_etape09-19-768x513.jpg 768w, https:\/\/centcols.org\/wp-content\/uploads\/2025\/10\/Thonon-Trieste-FS_etape09-19-18x12.jpg 18w\" sizes=\"auto, (max-width: 1200px) 100vw, 1200px\" \/><\/a><figcaption class=\"wp-element-caption\">Vigo di Cadore<\/figcaption><\/figure>\n<\/figure>\n\n\n\n<p>Antes de degustarlos, conviene un refrigerio tras 97 km, la D2085 y 2 puertos, uno de ellos un \u00ab2000\u00bb.<\/p>\n\n\n<div class=\"wp-block-image\">\n<figure class=\"aligncenter size-full is-resized\"><a href=\"https:\/\/centcols.org\/wp-content\/uploads\/2025\/10\/Thonon-Trieste-FS_etape09-20.jpg\"><img loading=\"lazy\" decoding=\"async\" width=\"1200\" height=\"950\" src=\"https:\/\/centcols.org\/wp-content\/uploads\/2025\/10\/Thonon-Trieste-FS_etape09-20.jpg\" alt=\"\" class=\"wp-image-91581\" style=\"width:800px\" srcset=\"https:\/\/centcols.org\/wp-content\/uploads\/2025\/10\/Thonon-Trieste-FS_etape09-20.jpg 1200w, https:\/\/centcols.org\/wp-content\/uploads\/2025\/10\/Thonon-Trieste-FS_etape09-20-768x608.jpg 768w, https:\/\/centcols.org\/wp-content\/uploads\/2025\/10\/Thonon-Trieste-FS_etape09-20-15x12.jpg 15w\" sizes=\"auto, (max-width: 1200px) 100vw, 1200px\" \/><\/a><\/figure>\n<\/div>\n\n\n<p>Hoy no ha habido ni un solo tramo llano, \u00a1s\u00f3lo subidas y bajadas! Y ya hemos superado los 1.000 km desde la salida. Trieste est\u00e1 cada vez m\u00e1s cerca.<br>O mejor dicho, como Trieste no se mueve, nos acercamos a Trieste...<\/p>\n\n\n\n<div class=\"wp-block-buttons is-content-justification-space-between is-layout-flex wp-container-core-buttons-is-layout-3d213aab wp-block-buttons-is-layout-flex\">\n<div class=\"wp-block-button\"><a class=\"wp-block-button__link has-text-color has-background has-link-color wp-element-button\" href=\"https:\/\/centcols.org\/es\/thonon-trieste-fred-singla-2025\/9\/\" style=\"color:#2a488c;background-color:#88f2fd;text-transform:uppercase\"><strong>Etapa anterior<\/strong><\/a><\/div>\n\n\n\n<div class=\"wp-block-button\"><a class=\"wp-block-button__link has-text-color has-background has-link-color wp-element-button\" href=\"https:\/\/centcols.org\/es\/thonon-trieste-fred-singla-2025\/11\/\" style=\"color:#2a488c;background-color:#88f2fd;text-transform:uppercase\"><strong>Siguiente paso<\/strong><\/a><\/div>\n<\/div>\n\n\n\n<!--nextpage-->\n\n\n\n<h2 class=\"wp-block-heading\"><em> D\u00eda 10 : <\/em>\u00a1De Vigo-di-Cadore a Tarcento + LE Zoncolan!<\/h2>\n\n\n\n<p>148 km - 2800 m de desnivel+, 7 puertos incluido el impresionante e inolvidable Zoncolan<\/p>\n\n\n<div class=\"wp-block-image\">\n<figure class=\"aligncenter size-full is-resized\"><a href=\"https:\/\/centcols.org\/wp-content\/uploads\/2025\/10\/Thonon-Trieste-FS_etape10-01.jpg\"><img loading=\"lazy\" decoding=\"async\" width=\"1200\" height=\"802\" src=\"https:\/\/centcols.org\/wp-content\/uploads\/2025\/10\/Thonon-Trieste-FS_etape10-01.jpg\" alt=\"\" class=\"wp-image-91589\" style=\"width:800px\" srcset=\"https:\/\/centcols.org\/wp-content\/uploads\/2025\/10\/Thonon-Trieste-FS_etape10-01.jpg 1200w, https:\/\/centcols.org\/wp-content\/uploads\/2025\/10\/Thonon-Trieste-FS_etape10-01-768x513.jpg 768w, https:\/\/centcols.org\/wp-content\/uploads\/2025\/10\/Thonon-Trieste-FS_etape10-01-18x12.jpg 18w\" sizes=\"auto, (max-width: 1200px) 100vw, 1200px\" \/><\/a><figcaption class=\"wp-element-caption\">Chiesa Sant'Orsola del siglo XIV en Vigo-di-Cadore<\/figcaption><\/figure>\n<\/div>\n\n\n<p>Como cada ma\u00f1ana, Jean Marc nos observa. Hoy empezamos secos, pero enseguida empez\u00f3 a llover. Por otra parte, hab\u00eda niebla desde el principio. Me divierto haciendo la misma foto de Vigo di Cadore que la que hice ayer a nuestra llegada. Las pondr\u00e9 una al lado de la otra en mi pr\u00f3ximo \u00e1lbum.<\/p>\n\n\n<div class=\"wp-block-image\">\n<figure class=\"aligncenter size-full is-resized\"><a href=\"https:\/\/centcols.org\/wp-content\/uploads\/2025\/10\/Thonon-Trieste-FS_etape10-02.jpg\"><img loading=\"lazy\" decoding=\"async\" width=\"1200\" height=\"802\" src=\"https:\/\/centcols.org\/wp-content\/uploads\/2025\/10\/Thonon-Trieste-FS_etape10-02.jpg\" alt=\"\" class=\"wp-image-91590\" style=\"width:800px\" srcset=\"https:\/\/centcols.org\/wp-content\/uploads\/2025\/10\/Thonon-Trieste-FS_etape10-02.jpg 1200w, https:\/\/centcols.org\/wp-content\/uploads\/2025\/10\/Thonon-Trieste-FS_etape10-02-768x513.jpg 768w, https:\/\/centcols.org\/wp-content\/uploads\/2025\/10\/Thonon-Trieste-FS_etape10-02-18x12.jpg 18w\" sizes=\"auto, (max-width: 1200px) 100vw, 1200px\" \/><\/a><\/figure>\n<\/div>\n\n\n<p>En Laggio di Cadore, tengo tiempo de hacer fotos a estos isardos, a diferencia de las dos ciervas que ver\u00e9 m\u00e1s tarde. Ser\u00e1n mucho m\u00e1s r\u00e1pidos que yo.<\/p>\n\n\n<div class=\"wp-block-image\">\n<figure class=\"aligncenter size-full is-resized\"><a href=\"https:\/\/centcols.org\/wp-content\/uploads\/2025\/10\/Thonon-Trieste-FS_etape10-03.jpg\"><img loading=\"lazy\" decoding=\"async\" width=\"1200\" height=\"802\" src=\"https:\/\/centcols.org\/wp-content\/uploads\/2025\/10\/Thonon-Trieste-FS_etape10-03.jpg\" alt=\"\" class=\"wp-image-91591\" style=\"width:800px\" srcset=\"https:\/\/centcols.org\/wp-content\/uploads\/2025\/10\/Thonon-Trieste-FS_etape10-03.jpg 1200w, https:\/\/centcols.org\/wp-content\/uploads\/2025\/10\/Thonon-Trieste-FS_etape10-03-768x513.jpg 768w, https:\/\/centcols.org\/wp-content\/uploads\/2025\/10\/Thonon-Trieste-FS_etape10-03-18x12.jpg 18w\" sizes=\"auto, (max-width: 1200px) 100vw, 1200px\" \/><\/a><\/figure>\n<\/div>\n\n\n<p><em><strong>Nota del editor:<\/strong> \u00a1Isard, isard...bisard, bizarro! Estamos en los Alpes, as\u00ed que son gamuzas en la parte delantera. \u00bfPero qu\u00e9 quieres? \u00a1Una vez pirenaico, siempre pirenaico! As\u00ed que Fred ha visto algunos isards.<\/em><\/p>\n\n\n\n<p>La primera subida, de 19 km, se hizo bajo la lluvia. Era una subida dif\u00edcil pero muy bonita, pero no la aprovechamos por culpa de la niebla.<br>Estamos en medio de inmensos bosques donde la silvicultura est\u00e1 muy desarrollada. La carretera que los atraviesa est\u00e1 absolutamente desierta.<br>Sella di Razzo es una peque\u00f1a estaci\u00f3n de esqu\u00ed casi abandonada.<\/p>\n\n\n<div class=\"wp-block-image\">\n<figure class=\"aligncenter size-full is-resized\"><a href=\"https:\/\/centcols.org\/wp-content\/uploads\/2025\/10\/Thonon-Trieste-FS_etape10-04.jpg\"><img loading=\"lazy\" decoding=\"async\" width=\"800\" height=\"1200\" src=\"https:\/\/centcols.org\/wp-content\/uploads\/2025\/10\/Thonon-Trieste-FS_etape10-04.jpg\" alt=\"\" class=\"wp-image-91595\" style=\"width:auto;height:600px\" srcset=\"https:\/\/centcols.org\/wp-content\/uploads\/2025\/10\/Thonon-Trieste-FS_etape10-04.jpg 800w, https:\/\/centcols.org\/wp-content\/uploads\/2025\/10\/Thonon-Trieste-FS_etape10-04-768x1152.jpg 768w, https:\/\/centcols.org\/wp-content\/uploads\/2025\/10\/Thonon-Trieste-FS_etape10-04-8x12.jpg 8w\" sizes=\"auto, (max-width: 800px) 100vw, 800px\" \/><\/a><figcaption class=\"wp-element-caption\">Valico di Cima Campigotto<\/figcaption><\/figure>\n<\/div>\n\n\n<figure class=\"wp-block-gallery has-nested-images columns-3 is-cropped wp-block-gallery-50 is-layout-flex wp-block-gallery-is-layout-flex\">\n<figure class=\"wp-block-image size-large\"><a href=\"https:\/\/centcols.org\/wp-content\/uploads\/2025\/10\/Thonon-Trieste-FS_etape10-05.jpg\"><img loading=\"lazy\" decoding=\"async\" width=\"1200\" height=\"802\" data-id=\"91596\" src=\"https:\/\/centcols.org\/wp-content\/uploads\/2025\/10\/Thonon-Trieste-FS_etape10-05.jpg\" alt=\"\" class=\"wp-image-91596\" srcset=\"https:\/\/centcols.org\/wp-content\/uploads\/2025\/10\/Thonon-Trieste-FS_etape10-05.jpg 1200w, https:\/\/centcols.org\/wp-content\/uploads\/2025\/10\/Thonon-Trieste-FS_etape10-05-768x513.jpg 768w, https:\/\/centcols.org\/wp-content\/uploads\/2025\/10\/Thonon-Trieste-FS_etape10-05-18x12.jpg 18w\" sizes=\"auto, (max-width: 1200px) 100vw, 1200px\" \/><\/a><\/figure>\n\n\n\n<figure class=\"wp-block-image size-large\"><a href=\"https:\/\/centcols.org\/wp-content\/uploads\/2025\/10\/Thonon-Trieste-FS_etape10-20.jpg\"><img loading=\"lazy\" decoding=\"async\" width=\"1200\" height=\"802\" data-id=\"91659\" src=\"https:\/\/centcols.org\/wp-content\/uploads\/2025\/10\/Thonon-Trieste-FS_etape10-20.jpg\" alt=\"\" class=\"wp-image-91659\" srcset=\"https:\/\/centcols.org\/wp-content\/uploads\/2025\/10\/Thonon-Trieste-FS_etape10-20.jpg 1200w, https:\/\/centcols.org\/wp-content\/uploads\/2025\/10\/Thonon-Trieste-FS_etape10-20-768x513.jpg 768w, https:\/\/centcols.org\/wp-content\/uploads\/2025\/10\/Thonon-Trieste-FS_etape10-20-18x12.jpg 18w\" sizes=\"auto, (max-width: 1200px) 100vw, 1200px\" \/><\/a><figcaption class=\"wp-element-caption\">Esta vaca se pregunta qu\u00e9 hacemos aqu\u00ed. Yo tambi\u00e9n...<\/figcaption><\/figure>\n\n\n\n<figure class=\"wp-block-image size-large\"><a href=\"https:\/\/centcols.org\/wp-content\/uploads\/2025\/10\/Thonon-Trieste-FS_etape10-06.jpg\"><img loading=\"lazy\" decoding=\"async\" width=\"1200\" height=\"802\" data-id=\"91597\" src=\"https:\/\/centcols.org\/wp-content\/uploads\/2025\/10\/Thonon-Trieste-FS_etape10-06.jpg\" alt=\"\" class=\"wp-image-91597\" srcset=\"https:\/\/centcols.org\/wp-content\/uploads\/2025\/10\/Thonon-Trieste-FS_etape10-06.jpg 1200w, https:\/\/centcols.org\/wp-content\/uploads\/2025\/10\/Thonon-Trieste-FS_etape10-06-768x513.jpg 768w, https:\/\/centcols.org\/wp-content\/uploads\/2025\/10\/Thonon-Trieste-FS_etape10-06-18x12.jpg 18w\" sizes=\"auto, (max-width: 1200px) 100vw, 1200px\" \/><\/a><figcaption class=\"wp-element-caption\">Forcella Rioda, a\u00fan en la niebla<\/figcaption><\/figure>\n<\/figure>\n\n\n\n<p>Un largo descenso entre abetos por una carretera muy da\u00f1ada por el invierno.<\/p>\n\n\n<div class=\"wp-block-image\">\n<figure class=\"aligncenter size-full is-resized\"><a href=\"https:\/\/centcols.org\/wp-content\/uploads\/2025\/10\/Thonon-Trieste-FS_etape10-07.jpg\"><img loading=\"lazy\" decoding=\"async\" width=\"1200\" height=\"802\" src=\"https:\/\/centcols.org\/wp-content\/uploads\/2025\/10\/Thonon-Trieste-FS_etape10-07.jpg\" alt=\"\" class=\"wp-image-91598\" style=\"width:800px\" srcset=\"https:\/\/centcols.org\/wp-content\/uploads\/2025\/10\/Thonon-Trieste-FS_etape10-07.jpg 1200w, https:\/\/centcols.org\/wp-content\/uploads\/2025\/10\/Thonon-Trieste-FS_etape10-07-768x513.jpg 768w, https:\/\/centcols.org\/wp-content\/uploads\/2025\/10\/Thonon-Trieste-FS_etape10-07-18x12.jpg 18w\" sizes=\"auto, (max-width: 1200px) 100vw, 1200px\" \/><\/a><\/figure>\n<\/div>\n\n\n<p>Dejamos atr\u00e1s los Dolomitas y sus picos caracter\u00edsticos.<br>Pasamos por algunos pueblos bonitos y muy aislados. Estamos en el Val P\u00e9sarina, el Valle del Tempo.<\/p>\n\n\n\n<figure class=\"wp-block-gallery has-nested-images columns-2 is-cropped wp-block-gallery-51 is-layout-flex wp-block-gallery-is-layout-flex\">\n<figure class=\"wp-block-image size-large\"><a href=\"https:\/\/centcols.org\/wp-content\/uploads\/2025\/10\/Thonon-Trieste-FS_etape10-08.jpg\"><img loading=\"lazy\" decoding=\"async\" width=\"1200\" height=\"802\" data-id=\"91600\" src=\"https:\/\/centcols.org\/wp-content\/uploads\/2025\/10\/Thonon-Trieste-FS_etape10-08.jpg\" alt=\"\" class=\"wp-image-91600\" srcset=\"https:\/\/centcols.org\/wp-content\/uploads\/2025\/10\/Thonon-Trieste-FS_etape10-08.jpg 1200w, https:\/\/centcols.org\/wp-content\/uploads\/2025\/10\/Thonon-Trieste-FS_etape10-08-768x513.jpg 768w, https:\/\/centcols.org\/wp-content\/uploads\/2025\/10\/Thonon-Trieste-FS_etape10-08-18x12.jpg 18w\" sizes=\"auto, (max-width: 1200px) 100vw, 1200px\" \/><\/a><figcaption class=\"wp-element-caption\">Prato Carniro<\/figcaption><\/figure>\n\n\n\n<figure class=\"wp-block-image size-large\"><a href=\"https:\/\/centcols.org\/wp-content\/uploads\/2025\/10\/Thonon-Trieste-FS_etape10-09.jpg\"><img loading=\"lazy\" decoding=\"async\" width=\"1200\" height=\"802\" data-id=\"91599\" src=\"https:\/\/centcols.org\/wp-content\/uploads\/2025\/10\/Thonon-Trieste-FS_etape10-09.jpg\" alt=\"\" class=\"wp-image-91599\" srcset=\"https:\/\/centcols.org\/wp-content\/uploads\/2025\/10\/Thonon-Trieste-FS_etape10-09.jpg 1200w, https:\/\/centcols.org\/wp-content\/uploads\/2025\/10\/Thonon-Trieste-FS_etape10-09-768x513.jpg 768w, https:\/\/centcols.org\/wp-content\/uploads\/2025\/10\/Thonon-Trieste-FS_etape10-09-18x12.jpg 18w\" sizes=\"auto, (max-width: 1200px) 100vw, 1200px\" \/><\/a><figcaption class=\"wp-element-caption\">Val P\u00e9sarina, Valle del Tempo.<\/figcaption><\/figure>\n<\/figure>\n\n\n<div class=\"wp-block-image\">\n<figure class=\"aligncenter size-large is-resized\"><a href=\"https:\/\/centcols.org\/wp-content\/uploads\/2025\/10\/Thonon-Trieste-FS_etape10-19.jpg\"><img loading=\"lazy\" decoding=\"async\" width=\"800\" height=\"1200\" src=\"https:\/\/centcols.org\/wp-content\/uploads\/2025\/10\/Thonon-Trieste-FS_etape10-19.jpg\" alt=\"\" class=\"wp-image-91614\" style=\"width:auto;height:600px\" srcset=\"https:\/\/centcols.org\/wp-content\/uploads\/2025\/10\/Thonon-Trieste-FS_etape10-19.jpg 800w, https:\/\/centcols.org\/wp-content\/uploads\/2025\/10\/Thonon-Trieste-FS_etape10-19-768x1152.jpg 768w, https:\/\/centcols.org\/wp-content\/uploads\/2025\/10\/Thonon-Trieste-FS_etape10-19-8x12.jpg 8w\" sizes=\"auto, (max-width: 800px) 100vw, 800px\" \/><\/a><\/figure>\n<\/div>\n\n\n<p>Mientras Bruno y Jean-Marc toman una buena comida, yo cojo 3 barritas y 2 compotas y me dispongo a afrontar la Sella del Monte Zoncolan, a pesar de que la ruta ya es larga y empinada. <br>\u00bfInconsciencia? \u00bfLocura? \u00bfDesaf\u00edo? \u00bfPasi\u00f3n?<\/p>\n\n\n<div class=\"wp-block-image\">\n<figure class=\"aligncenter size-full is-resized\"><a href=\"https:\/\/centcols.org\/wp-content\/uploads\/2025\/10\/Thonon-Trieste-FS_etape10-18.jpg\"><img loading=\"lazy\" decoding=\"async\" width=\"1080\" height=\"1321\" src=\"https:\/\/centcols.org\/wp-content\/uploads\/2025\/10\/Thonon-Trieste-FS_etape10-18.jpg\" alt=\"\" class=\"wp-image-91602\" style=\"width:auto;height:600px\" srcset=\"https:\/\/centcols.org\/wp-content\/uploads\/2025\/10\/Thonon-Trieste-FS_etape10-18.jpg 1080w, https:\/\/centcols.org\/wp-content\/uploads\/2025\/10\/Thonon-Trieste-FS_etape10-18-981x1200.jpg 981w, https:\/\/centcols.org\/wp-content\/uploads\/2025\/10\/Thonon-Trieste-FS_etape10-18-768x939.jpg 768w, https:\/\/centcols.org\/wp-content\/uploads\/2025\/10\/Thonon-Trieste-FS_etape10-18-10x12.jpg 10w\" sizes=\"auto, (max-width: 1080px) 100vw, 1080px\" \/><\/a><\/figure>\n<\/div>\n\n\n<p>En realidad no lo hab\u00eda planeado, pero hab\u00eda tomado nota de que pasar\u00edamos cerca. Como no quer\u00eda imponer nada a Bruno y Jean-Marc, lo dej\u00e9 al azar. La v\u00edspera hab\u00eda observado que, dadas las distancias, era seguro que la pausa en el restaurante estar\u00eda cerca de Comeglians, casi al pie de la subida. \u00a1Bingo! La suerte quiso que Jean-Marc me llamara para decirme: \u00abHe parado en Comeglians y creo que he encontrado un buen restaurante\u00bb. La oportunidad era demasiado buena... Dej\u00e9 a mis compa\u00f1eros bien instalados y emprend\u00ed una ascensi\u00f3n de antolog\u00eda...<\/p>\n\n\n<div class=\"wp-block-image\">\n<figure class=\"aligncenter size-full is-resized\"><a href=\"https:\/\/centcols.org\/wp-content\/uploads\/2025\/10\/Thonon-Trieste-FS_etape10-10.jpg\"><img loading=\"lazy\" decoding=\"async\" width=\"1200\" height=\"802\" src=\"https:\/\/centcols.org\/wp-content\/uploads\/2025\/10\/Thonon-Trieste-FS_etape10-10.jpg\" alt=\"\" class=\"wp-image-91604\" style=\"width:800px\" srcset=\"https:\/\/centcols.org\/wp-content\/uploads\/2025\/10\/Thonon-Trieste-FS_etape10-10.jpg 1200w, https:\/\/centcols.org\/wp-content\/uploads\/2025\/10\/Thonon-Trieste-FS_etape10-10-768x513.jpg 768w, https:\/\/centcols.org\/wp-content\/uploads\/2025\/10\/Thonon-Trieste-FS_etape10-10-18x12.jpg 18w\" sizes=\"auto, (max-width: 1200px) 100vw, 1200px\" \/><\/a><figcaption class=\"wp-element-caption\">Y en el lado m\u00e1s dif\u00edcil ...<\/figcaption><\/figure>\n<\/div>\n\n\n<p>Los \u00faltimos 8 km son formidables. Oscilan entre 16 y 24 %. \u00a1Y los primeros kil\u00f3metros tampoco son un picnic!<\/p>\n\n\n<div class=\"wp-block-image\">\n<figure class=\"aligncenter size-full\"><a href=\"https:\/\/centcols.org\/wp-content\/uploads\/2025\/10\/Thonon-Trieste-FS_etape10-11.jpg\"><img loading=\"lazy\" decoding=\"async\" width=\"1200\" height=\"802\" src=\"https:\/\/centcols.org\/wp-content\/uploads\/2025\/10\/Thonon-Trieste-FS_etape10-11.jpg\" alt=\"\" class=\"wp-image-91606\" srcset=\"https:\/\/centcols.org\/wp-content\/uploads\/2025\/10\/Thonon-Trieste-FS_etape10-11.jpg 1200w, https:\/\/centcols.org\/wp-content\/uploads\/2025\/10\/Thonon-Trieste-FS_etape10-11-768x513.jpg 768w, https:\/\/centcols.org\/wp-content\/uploads\/2025\/10\/Thonon-Trieste-FS_etape10-11-18x12.jpg 18w\" sizes=\"auto, (max-width: 1200px) 100vw, 1200px\" \/><\/a><\/figure>\n<\/div>\n\n\n<p>El Zoncolan tiene fama de ser la subida ciclista m\u00e1s dura de Europa. S\u00f3lo el Angliru, en Espa\u00f1a, se le puede comparar.<br>Como mi ruta a Trieste pasa al pie de la carretera, habr\u00eda sido una pena no hacerlo...<br>Cuando Bruno me llama para decirme \u00abEstamos terminando el tiramis\u00fa, luego tomaremos caf\u00e9. \u00bfEsperamos a que te unas a nosotros?\u00bb. Lo \u00fanico que puedo decir es: \u00abOh, no, todav\u00eda me quedan 5 km, m\u00e1s la bajada por el otro lado, lo que significa que tendr\u00e9 que desviarme. Hab\u00e9is esperado demasiado, seguid y nos vemos en Tarcento\u00bb.<br>Es cierto que estos 5 km me llevar\u00e1n... un rato (como habr\u00eda dicho Bourvil).<\/p>\n\n\n\n<figure class=\"wp-block-gallery has-nested-images columns-default is-cropped wp-block-gallery-52 is-layout-flex wp-block-gallery-is-layout-flex\">\n<figure class=\"wp-block-image size-large\"><a href=\"https:\/\/centcols.org\/wp-content\/uploads\/2025\/10\/Thonon-Trieste-FS_etape10-12.jpg\"><img loading=\"lazy\" decoding=\"async\" width=\"1200\" height=\"802\" data-id=\"91607\" src=\"https:\/\/centcols.org\/wp-content\/uploads\/2025\/10\/Thonon-Trieste-FS_etape10-12.jpg\" alt=\"\" class=\"wp-image-91607\" srcset=\"https:\/\/centcols.org\/wp-content\/uploads\/2025\/10\/Thonon-Trieste-FS_etape10-12.jpg 1200w, https:\/\/centcols.org\/wp-content\/uploads\/2025\/10\/Thonon-Trieste-FS_etape10-12-768x513.jpg 768w, https:\/\/centcols.org\/wp-content\/uploads\/2025\/10\/Thonon-Trieste-FS_etape10-12-18x12.jpg 18w\" sizes=\"auto, (max-width: 1200px) 100vw, 1200px\" \/><\/a><\/figure>\n\n\n\n<figure class=\"wp-block-image size-large\"><a href=\"https:\/\/centcols.org\/wp-content\/uploads\/2025\/10\/Thonon-Trieste-FS_etape10-13.jpg\"><img loading=\"lazy\" decoding=\"async\" width=\"1200\" height=\"1697\" data-id=\"91608\" src=\"https:\/\/centcols.org\/wp-content\/uploads\/2025\/10\/Thonon-Trieste-FS_etape10-13.jpg\" alt=\"\" class=\"wp-image-91608\" srcset=\"https:\/\/centcols.org\/wp-content\/uploads\/2025\/10\/Thonon-Trieste-FS_etape10-13.jpg 1200w, https:\/\/centcols.org\/wp-content\/uploads\/2025\/10\/Thonon-Trieste-FS_etape10-13-849x1200.jpg 849w, https:\/\/centcols.org\/wp-content\/uploads\/2025\/10\/Thonon-Trieste-FS_etape10-13-768x1086.jpg 768w, https:\/\/centcols.org\/wp-content\/uploads\/2025\/10\/Thonon-Trieste-FS_etape10-13-1086x1536.jpg 1086w, https:\/\/centcols.org\/wp-content\/uploads\/2025\/10\/Thonon-Trieste-FS_etape10-13-8x12.jpg 8w\" sizes=\"auto, (max-width: 1200px) 100vw, 1200px\" \/><\/a><\/figure>\n<\/figure>\n\n\n\n<p>En la subida o\u00ed gemir a mi flamante bicicleta: \u00bb\u00a1Tuvo que ser ese loco el que me compr\u00f3! \u00a1Si hubiera podido encontrar a un ciclista que recorriera 60 km un domingo y luego me dejara descansar toda la semana!\u00bb<\/p>\n\n\n<div class=\"wp-block-image\">\n<figure class=\"aligncenter size-full is-resized\"><a href=\"https:\/\/centcols.org\/wp-content\/uploads\/2025\/10\/Thonon-Trieste-FS_etape10-14.jpg\"><img loading=\"lazy\" decoding=\"async\" width=\"1200\" height=\"802\" src=\"https:\/\/centcols.org\/wp-content\/uploads\/2025\/10\/Thonon-Trieste-FS_etape10-14.jpg\" alt=\"\" class=\"wp-image-91609\" style=\"width:800px\" srcset=\"https:\/\/centcols.org\/wp-content\/uploads\/2025\/10\/Thonon-Trieste-FS_etape10-14.jpg 1200w, https:\/\/centcols.org\/wp-content\/uploads\/2025\/10\/Thonon-Trieste-FS_etape10-14-768x513.jpg 768w, https:\/\/centcols.org\/wp-content\/uploads\/2025\/10\/Thonon-Trieste-FS_etape10-14-18x12.jpg 18w\" sizes=\"auto, (max-width: 1200px) 100vw, 1200px\" \/><\/a><\/figure>\n<\/div>\n\n\n<p>Vuelvo al valle por el otro lado. Es menos dif\u00edcil, pero merece la pena desviarse, y hay una bonita estaci\u00f3n de esqu\u00ed. Desde la cumbre, me quedan unos 80 km hasta Tarcento.<br>Cruzo varias veces el anch\u00edsimo Tagliamento. Debe de ser enorme cuando se derrite la nieve.<br>Camino por la bonita Lagodi Cjaseria Muarta.<\/p>\n\n\n\n<figure class=\"wp-block-gallery has-nested-images columns-default is-cropped wp-block-gallery-53 is-layout-flex wp-block-gallery-is-layout-flex\">\n<figure class=\"wp-block-image size-large\"><a href=\"https:\/\/centcols.org\/wp-content\/uploads\/2025\/10\/Thonon-Trieste-FS_etape10-15.jpg\"><img loading=\"lazy\" decoding=\"async\" width=\"1200\" height=\"802\" data-id=\"91611\" src=\"https:\/\/centcols.org\/wp-content\/uploads\/2025\/10\/Thonon-Trieste-FS_etape10-15.jpg\" alt=\"\" class=\"wp-image-91611\" srcset=\"https:\/\/centcols.org\/wp-content\/uploads\/2025\/10\/Thonon-Trieste-FS_etape10-15.jpg 1200w, https:\/\/centcols.org\/wp-content\/uploads\/2025\/10\/Thonon-Trieste-FS_etape10-15-768x513.jpg 768w, https:\/\/centcols.org\/wp-content\/uploads\/2025\/10\/Thonon-Trieste-FS_etape10-15-18x12.jpg 18w\" sizes=\"auto, (max-width: 1200px) 100vw, 1200px\" \/><\/a><figcaption class=\"wp-element-caption\">Descenso del valle hacia Sustrio<\/figcaption><\/figure>\n\n\n\n<figure class=\"wp-block-image size-large\"><a href=\"https:\/\/centcols.org\/wp-content\/uploads\/2025\/10\/Thonon-Trieste-FS_etape10-16.jpg\"><img loading=\"lazy\" decoding=\"async\" width=\"1200\" height=\"802\" data-id=\"91612\" src=\"https:\/\/centcols.org\/wp-content\/uploads\/2025\/10\/Thonon-Trieste-FS_etape10-16.jpg\" alt=\"\" class=\"wp-image-91612\" srcset=\"https:\/\/centcols.org\/wp-content\/uploads\/2025\/10\/Thonon-Trieste-FS_etape10-16.jpg 1200w, https:\/\/centcols.org\/wp-content\/uploads\/2025\/10\/Thonon-Trieste-FS_etape10-16-768x513.jpg 768w, https:\/\/centcols.org\/wp-content\/uploads\/2025\/10\/Thonon-Trieste-FS_etape10-16-18x12.jpg 18w\" sizes=\"auto, (max-width: 1200px) 100vw, 1200px\" \/><\/a><figcaption class=\"wp-element-caption\">Lago di Cavazzo<\/figcaption><\/figure>\n<\/figure>\n\n\n\n<p class=\"has-text-align-center\">Esta noche tengo mucha hambre... \u00a1Qu\u00e9 m\u00e1s normal despu\u00e9s de tanto esfuerzo y de haberme saltado una comida!<\/p>\n\n\n<div class=\"wp-block-image\">\n<figure class=\"aligncenter size-full is-resized\"><a href=\"https:\/\/centcols.org\/wp-content\/uploads\/2025\/10\/Thonon-Trieste-FS_etape10-17.jpg\"><img loading=\"lazy\" decoding=\"async\" width=\"1200\" height=\"802\" src=\"https:\/\/centcols.org\/wp-content\/uploads\/2025\/10\/Thonon-Trieste-FS_etape10-17.jpg\" alt=\"\" class=\"wp-image-91610\" style=\"width:600px\" srcset=\"https:\/\/centcols.org\/wp-content\/uploads\/2025\/10\/Thonon-Trieste-FS_etape10-17.jpg 1200w, https:\/\/centcols.org\/wp-content\/uploads\/2025\/10\/Thonon-Trieste-FS_etape10-17-768x513.jpg 768w, https:\/\/centcols.org\/wp-content\/uploads\/2025\/10\/Thonon-Trieste-FS_etape10-17-18x12.jpg 18w\" sizes=\"auto, (max-width: 1200px) 100vw, 1200px\" \/><\/a><\/figure>\n<\/div>\n\n\n<div class=\"wp-block-buttons is-content-justification-space-between is-layout-flex wp-container-core-buttons-is-layout-3d213aab wp-block-buttons-is-layout-flex\">\n<div class=\"wp-block-button\"><a class=\"wp-block-button__link has-text-color has-background has-link-color wp-element-button\" href=\"https:\/\/centcols.org\/es\/thonon-trieste-fred-singla-2025\/10\/\" style=\"color:#2a488c;background-color:#88f2fd;text-transform:uppercase\"><strong>Etapa anterior<\/strong><\/a><\/div>\n\n\n\n<div class=\"wp-block-button\"><a class=\"wp-block-button__link has-text-color has-background has-link-color wp-element-button\" href=\"https:\/\/centcols.org\/es\/thonon-trieste-fred-singla-2025\/12\/\" style=\"color:#2a488c;background-color:#88f2fd;text-transform:uppercase\"><strong>Siguiente paso<\/strong><\/a><\/div>\n<\/div>\n\n\n\n<!--nextpage-->\n\n\n\n<h2 class=\"wp-block-heading\"><em> D\u00eda 11 : <\/em>De Tarcento a Trieste.<\/h2>\n\n\n\n<p>127 km - 800 m de den+, 5 puertos por encima de Trieste<\/p>\n\n\n\n<p>Abandonamos Tarcento, al abrigo de las monta\u00f1as, bajo un sol radiante.<\/p>\n\n\n<div class=\"wp-block-image\">\n<figure class=\"aligncenter size-full is-resized\"><a href=\"https:\/\/centcols.org\/wp-content\/uploads\/2025\/10\/Thonon-Trieste-FS_etape11-01.jpg\"><img loading=\"lazy\" decoding=\"async\" width=\"1200\" height=\"802\" src=\"https:\/\/centcols.org\/wp-content\/uploads\/2025\/10\/Thonon-Trieste-FS_etape11-01.jpg\" alt=\"\" class=\"wp-image-91669\" style=\"width:800px\" srcset=\"https:\/\/centcols.org\/wp-content\/uploads\/2025\/10\/Thonon-Trieste-FS_etape11-01.jpg 1200w, https:\/\/centcols.org\/wp-content\/uploads\/2025\/10\/Thonon-Trieste-FS_etape11-01-768x513.jpg 768w, https:\/\/centcols.org\/wp-content\/uploads\/2025\/10\/Thonon-Trieste-FS_etape11-01-18x12.jpg 18w\" sizes=\"auto, (max-width: 1200px) 100vw, 1200px\" \/><\/a><\/figure>\n<\/div>\n\n\n<p>Encontr\u00e9 la calle perfecta para Jean Marc y Bruno, que son muy aficionados a los pasteles. Para m\u00ed, ser\u00e1 filete. Y podemos ir todos juntos a tomar una birra.<\/p>\n\n\n\n<figure class=\"wp-block-gallery has-nested-images columns-4 is-cropped wp-block-gallery-54 is-layout-flex wp-block-gallery-is-layout-flex\">\n<figure class=\"wp-block-image size-full\"><a href=\"https:\/\/centcols.org\/wp-content\/uploads\/2025\/10\/Thonon-Trieste-FS_etape11-15.jpg\"><img loading=\"lazy\" decoding=\"async\" width=\"800\" height=\"379\" data-id=\"91671\" src=\"https:\/\/centcols.org\/wp-content\/uploads\/2025\/10\/Thonon-Trieste-FS_etape11-15.jpg\" alt=\"\" class=\"wp-image-91671\" srcset=\"https:\/\/centcols.org\/wp-content\/uploads\/2025\/10\/Thonon-Trieste-FS_etape11-15.jpg 800w, https:\/\/centcols.org\/wp-content\/uploads\/2025\/10\/Thonon-Trieste-FS_etape11-15-768x364.jpg 768w, https:\/\/centcols.org\/wp-content\/uploads\/2025\/10\/Thonon-Trieste-FS_etape11-15-18x9.jpg 18w\" sizes=\"auto, (max-width: 800px) 100vw, 800px\" \/><\/a><\/figure>\n\n\n\n<figure class=\"wp-block-image size-full\"><a href=\"https:\/\/centcols.org\/wp-content\/uploads\/2025\/10\/Thonon-Trieste-FS_etape11-16.jpg\"><img loading=\"lazy\" decoding=\"async\" width=\"800\" height=\"282\" data-id=\"91672\" src=\"https:\/\/centcols.org\/wp-content\/uploads\/2025\/10\/Thonon-Trieste-FS_etape11-16.jpg\" alt=\"\" class=\"wp-image-91672\" srcset=\"https:\/\/centcols.org\/wp-content\/uploads\/2025\/10\/Thonon-Trieste-FS_etape11-16.jpg 800w, https:\/\/centcols.org\/wp-content\/uploads\/2025\/10\/Thonon-Trieste-FS_etape11-16-768x271.jpg 768w, https:\/\/centcols.org\/wp-content\/uploads\/2025\/10\/Thonon-Trieste-FS_etape11-16-18x6.jpg 18w\" sizes=\"auto, (max-width: 800px) 100vw, 800px\" \/><\/a><\/figure>\n\n\n\n<figure class=\"wp-block-image size-full\"><a href=\"https:\/\/centcols.org\/wp-content\/uploads\/2025\/10\/Thonon-Trieste-FS_etape11-17.jpg\"><img loading=\"lazy\" decoding=\"async\" width=\"800\" height=\"407\" data-id=\"91673\" src=\"https:\/\/centcols.org\/wp-content\/uploads\/2025\/10\/Thonon-Trieste-FS_etape11-17.jpg\" alt=\"\" class=\"wp-image-91673\" srcset=\"https:\/\/centcols.org\/wp-content\/uploads\/2025\/10\/Thonon-Trieste-FS_etape11-17.jpg 800w, https:\/\/centcols.org\/wp-content\/uploads\/2025\/10\/Thonon-Trieste-FS_etape11-17-768x391.jpg 768w, https:\/\/centcols.org\/wp-content\/uploads\/2025\/10\/Thonon-Trieste-FS_etape11-17-18x9.jpg 18w\" sizes=\"auto, (max-width: 800px) 100vw, 800px\" \/><\/a><\/figure>\n<\/figure>\n\n\n\n<p>\u00a1Necesitaba uno! Pinchazo tras 14 km y a poco m\u00e1s de 100 km de la meta. Justo antes de cruzar Buttrio, la ciudad del vino.<\/p>\n\n\n\n<figure class=\"wp-block-gallery has-nested-images columns-default is-cropped wp-block-gallery-55 is-layout-flex wp-block-gallery-is-layout-flex\">\n<figure class=\"wp-block-image size-large\"><a href=\"https:\/\/centcols.org\/wp-content\/uploads\/2025\/10\/Thonon-Trieste-FS_etape11-02.jpg\"><img loading=\"lazy\" decoding=\"async\" width=\"1200\" height=\"802\" data-id=\"91676\" src=\"https:\/\/centcols.org\/wp-content\/uploads\/2025\/10\/Thonon-Trieste-FS_etape11-02.jpg\" alt=\"\" class=\"wp-image-91676\" srcset=\"https:\/\/centcols.org\/wp-content\/uploads\/2025\/10\/Thonon-Trieste-FS_etape11-02.jpg 1200w, https:\/\/centcols.org\/wp-content\/uploads\/2025\/10\/Thonon-Trieste-FS_etape11-02-768x513.jpg 768w, https:\/\/centcols.org\/wp-content\/uploads\/2025\/10\/Thonon-Trieste-FS_etape11-02-18x12.jpg 18w\" sizes=\"auto, (max-width: 1200px) 100vw, 1200px\" \/><\/a><\/figure>\n\n\n\n<figure class=\"wp-block-image size-large\"><a href=\"https:\/\/centcols.org\/wp-content\/uploads\/2025\/10\/Thonon-Trieste-FS_etape11-03.jpg\"><img loading=\"lazy\" decoding=\"async\" width=\"1200\" height=\"802\" data-id=\"91677\" src=\"https:\/\/centcols.org\/wp-content\/uploads\/2025\/10\/Thonon-Trieste-FS_etape11-03.jpg\" alt=\"\" class=\"wp-image-91677\" srcset=\"https:\/\/centcols.org\/wp-content\/uploads\/2025\/10\/Thonon-Trieste-FS_etape11-03.jpg 1200w, https:\/\/centcols.org\/wp-content\/uploads\/2025\/10\/Thonon-Trieste-FS_etape11-03-768x513.jpg 768w, https:\/\/centcols.org\/wp-content\/uploads\/2025\/10\/Thonon-Trieste-FS_etape11-03-18x12.jpg 18w\" sizes=\"auto, (max-width: 1200px) 100vw, 1200px\" \/><\/a><figcaption class=\"wp-element-caption\">Finca vin\u00edcola de Buttrio<\/figcaption><\/figure>\n<\/figure>\n\n\n\n<p>Luego pasamos por un Bed &amp; Breakfast infernal... a menos que sea un Bed &amp; Breakfast infernal... <\/p>\n\n\n<div class=\"wp-block-image\">\n<figure class=\"aligncenter size-full is-resized\"><a href=\"https:\/\/centcols.org\/wp-content\/uploads\/2025\/10\/Thonon-Trieste-FS_etape11-04-1.jpg\"><img loading=\"lazy\" decoding=\"async\" width=\"1200\" height=\"1395\" src=\"https:\/\/centcols.org\/wp-content\/uploads\/2025\/10\/Thonon-Trieste-FS_etape11-04-1.jpg\" alt=\"\" class=\"wp-image-91679\" style=\"width:auto;height:600px\" srcset=\"https:\/\/centcols.org\/wp-content\/uploads\/2025\/10\/Thonon-Trieste-FS_etape11-04-1.jpg 1200w, https:\/\/centcols.org\/wp-content\/uploads\/2025\/10\/Thonon-Trieste-FS_etape11-04-1-1032x1200.jpg 1032w, https:\/\/centcols.org\/wp-content\/uploads\/2025\/10\/Thonon-Trieste-FS_etape11-04-1-768x893.jpg 768w, https:\/\/centcols.org\/wp-content\/uploads\/2025\/10\/Thonon-Trieste-FS_etape11-04-1-10x12.jpg 10w\" sizes=\"auto, (max-width: 1200px) 100vw, 1200px\" \/><\/a><\/figure>\n<\/div>\n\n\n<p>Despu\u00e9s de 80 km, a medida que nos acercamos a Trieste, las se\u00f1ales se vuelven biling\u00fces: italiano y esloveno.<\/p>\n\n\n<div class=\"wp-block-image\">\n<figure class=\"aligncenter size-full is-resized\"><a href=\"https:\/\/centcols.org\/wp-content\/uploads\/2025\/10\/Thonon-Trieste-FS_etape11-18.jpg\"><img loading=\"lazy\" decoding=\"async\" width=\"800\" height=\"343\" src=\"https:\/\/centcols.org\/wp-content\/uploads\/2025\/10\/Thonon-Trieste-FS_etape11-18.jpg\" alt=\"\" class=\"wp-image-91674\" style=\"width:600px\" srcset=\"https:\/\/centcols.org\/wp-content\/uploads\/2025\/10\/Thonon-Trieste-FS_etape11-18.jpg 800w, https:\/\/centcols.org\/wp-content\/uploads\/2025\/10\/Thonon-Trieste-FS_etape11-18-768x329.jpg 768w, https:\/\/centcols.org\/wp-content\/uploads\/2025\/10\/Thonon-Trieste-FS_etape11-18-18x8.jpg 18w\" sizes=\"auto, (max-width: 800px) 100vw, 800px\" \/><\/a><\/figure>\n<\/div>\n\n\n<p class=\"has-text-align-center\">\u00a1Ahora el Adri\u00e1tico est\u00e1 a la vista!<\/p>\n\n\n<div class=\"wp-block-image\">\n<figure class=\"aligncenter size-full is-resized\"><a href=\"https:\/\/centcols.org\/wp-content\/uploads\/2025\/10\/Thonon-Trieste-FS_etape11-05.jpg\"><img loading=\"lazy\" decoding=\"async\" width=\"1200\" height=\"802\" src=\"https:\/\/centcols.org\/wp-content\/uploads\/2025\/10\/Thonon-Trieste-FS_etape11-05.jpg\" alt=\"\" class=\"wp-image-91680\" style=\"width:800px\" srcset=\"https:\/\/centcols.org\/wp-content\/uploads\/2025\/10\/Thonon-Trieste-FS_etape11-05.jpg 1200w, https:\/\/centcols.org\/wp-content\/uploads\/2025\/10\/Thonon-Trieste-FS_etape11-05-768x513.jpg 768w, https:\/\/centcols.org\/wp-content\/uploads\/2025\/10\/Thonon-Trieste-FS_etape11-05-18x12.jpg 18w\" sizes=\"auto, (max-width: 1200px) 100vw, 1200px\" \/><\/a><figcaption class=\"wp-element-caption\">\u00a1El Adri\u00e1tico!<\/figcaption><\/figure>\n<\/div>\n\n\n<p>Ya estamos en Trieste, tras 1300 km y 23200 m de ascenso. Hemos cruzado 36 puertos, 18 de ellos de m\u00e1s de 2000 m de altura. Todo ello en 10 etapas m\u00e1s 1 d\u00eda de \u00abdescanso\u00bb. Hubo mucha (demasiada) lluvia, e incluso granizo, pero estos son los peligros del turismo. Cuando se tiene un veh\u00edculo de acompa\u00f1amiento, s\u00f3lo hay que saber resistir y no utilizarlo...<\/p>\n\n\n<div class=\"wp-block-image\">\n<figure class=\"aligncenter size-full is-resized\"><a href=\"https:\/\/centcols.org\/wp-content\/uploads\/2025\/10\/Thonon-Trieste-FS_etape11-06-1.jpg\"><img loading=\"lazy\" decoding=\"async\" width=\"1200\" height=\"1344\" src=\"https:\/\/centcols.org\/wp-content\/uploads\/2025\/10\/Thonon-Trieste-FS_etape11-06-1.jpg\" alt=\"\" class=\"wp-image-91682\" style=\"width:600px\" srcset=\"https:\/\/centcols.org\/wp-content\/uploads\/2025\/10\/Thonon-Trieste-FS_etape11-06-1.jpg 1200w, https:\/\/centcols.org\/wp-content\/uploads\/2025\/10\/Thonon-Trieste-FS_etape11-06-1-1071x1200.jpg 1071w, https:\/\/centcols.org\/wp-content\/uploads\/2025\/10\/Thonon-Trieste-FS_etape11-06-1-768x860.jpg 768w, https:\/\/centcols.org\/wp-content\/uploads\/2025\/10\/Thonon-Trieste-FS_etape11-06-1-11x12.jpg 11w\" sizes=\"auto, (max-width: 1200px) 100vw, 1200px\" \/><\/a><\/figure>\n<\/div>\n\n\n<p>El faro de la Victoria, en el Poggio di Gretta, es visible desde lejos. Era de esperar, ya que se eleva sobre nosotros a 68 metros de altura. El marinero, por su parte, mide 8,60 metros. El faro conmemora la vinculaci\u00f3n de Trieste a Italia y rinde homenaje a los marineros que murieron en el mar durante la Primera Guerra Mundial.<\/p>\n\n\n<div class=\"wp-block-image\">\n<figure class=\"aligncenter size-full is-resized\"><a href=\"https:\/\/centcols.org\/wp-content\/uploads\/2025\/10\/Thonon-Trieste-FS_etape11-07.jpg\"><img loading=\"lazy\" decoding=\"async\" width=\"800\" height=\"1200\" src=\"https:\/\/centcols.org\/wp-content\/uploads\/2025\/10\/Thonon-Trieste-FS_etape11-07.jpg\" alt=\"\" class=\"wp-image-91684\" style=\"width:auto;height:600px\" srcset=\"https:\/\/centcols.org\/wp-content\/uploads\/2025\/10\/Thonon-Trieste-FS_etape11-07.jpg 800w, https:\/\/centcols.org\/wp-content\/uploads\/2025\/10\/Thonon-Trieste-FS_etape11-07-768x1152.jpg 768w, https:\/\/centcols.org\/wp-content\/uploads\/2025\/10\/Thonon-Trieste-FS_etape11-07-8x12.jpg 8w\" sizes=\"auto, (max-width: 800px) 100vw, 800px\" \/><\/a><\/figure>\n<\/div>\n\n\n<p>Con nuestro objetivo cumplido, pod\u00edamos regresar a nuestro hotel. Pero como un Centcolista sigue siendo un Centcolista, no digamos dos, nos pusimos a buscar cinco en las alturas de Trieste. En las alturas no es un t\u00e9rmino equivocado. De hecho, la primera pasada es similar a un peque\u00f1o Zoncolan. Varios pases a 20 % nos llevan hasta all\u00ed.<br>La subida contin\u00faa, ofreci\u00e9ndonos magn\u00edficas vistas de la ciudad y del mar.<\/p>\n\n\n\n<figure class=\"wp-block-gallery has-nested-images columns-2 is-cropped wp-block-gallery-56 is-layout-flex wp-block-gallery-is-layout-flex\">\n<figure class=\"wp-block-image size-large\"><a href=\"https:\/\/centcols.org\/wp-content\/uploads\/2025\/10\/Thonon-Trieste-FS_etape11-08.jpg\"><img loading=\"lazy\" decoding=\"async\" width=\"1200\" height=\"802\" data-id=\"91685\" src=\"https:\/\/centcols.org\/wp-content\/uploads\/2025\/10\/Thonon-Trieste-FS_etape11-08.jpg\" alt=\"\" class=\"wp-image-91685\" srcset=\"https:\/\/centcols.org\/wp-content\/uploads\/2025\/10\/Thonon-Trieste-FS_etape11-08.jpg 1200w, https:\/\/centcols.org\/wp-content\/uploads\/2025\/10\/Thonon-Trieste-FS_etape11-08-768x513.jpg 768w, https:\/\/centcols.org\/wp-content\/uploads\/2025\/10\/Thonon-Trieste-FS_etape11-08-18x12.jpg 18w\" sizes=\"auto, (max-width: 1200px) 100vw, 1200px\" \/><\/a><figcaption class=\"wp-element-caption\">La sella di Opicina s\u00f3lo tiene 344 m de altura, pero su acceso es muy empinado.<\/figcaption><\/figure>\n\n\n\n<figure class=\"wp-block-image size-large\"><a href=\"https:\/\/centcols.org\/wp-content\/uploads\/2025\/10\/Thonon-Trieste-FS_etape11-09.jpg\"><img loading=\"lazy\" decoding=\"async\" width=\"1200\" height=\"802\" data-id=\"91687\" src=\"https:\/\/centcols.org\/wp-content\/uploads\/2025\/10\/Thonon-Trieste-FS_etape11-09.jpg\" alt=\"\" class=\"wp-image-91687\" srcset=\"https:\/\/centcols.org\/wp-content\/uploads\/2025\/10\/Thonon-Trieste-FS_etape11-09.jpg 1200w, https:\/\/centcols.org\/wp-content\/uploads\/2025\/10\/Thonon-Trieste-FS_etape11-09-768x513.jpg 768w, https:\/\/centcols.org\/wp-content\/uploads\/2025\/10\/Thonon-Trieste-FS_etape11-09-18x12.jpg 18w\" sizes=\"auto, (max-width: 1200px) 100vw, 1200px\" \/><\/a><figcaption class=\"wp-element-caption\">A la sella di Trebiciano<\/figcaption><\/figure>\n\n\n\n<figure class=\"wp-block-image size-large\"><a href=\"https:\/\/centcols.org\/wp-content\/uploads\/2025\/10\/Thonon-Trieste-FS_etape11-10.jpg\"><img loading=\"lazy\" decoding=\"async\" width=\"1200\" height=\"802\" data-id=\"91686\" src=\"https:\/\/centcols.org\/wp-content\/uploads\/2025\/10\/Thonon-Trieste-FS_etape11-10.jpg\" alt=\"\" class=\"wp-image-91686\" srcset=\"https:\/\/centcols.org\/wp-content\/uploads\/2025\/10\/Thonon-Trieste-FS_etape11-10.jpg 1200w, https:\/\/centcols.org\/wp-content\/uploads\/2025\/10\/Thonon-Trieste-FS_etape11-10-768x513.jpg 768w, https:\/\/centcols.org\/wp-content\/uploads\/2025\/10\/Thonon-Trieste-FS_etape11-10-18x12.jpg 18w\" sizes=\"auto, (max-width: 1200px) 100vw, 1200px\" \/><\/a><figcaption class=\"wp-element-caption\">Trieste desde las alturas<\/figcaption><\/figure>\n<\/figure>\n\n\n\n<p>Una vez cruzados los 5 puertos, y tras perdernos un poco en algunas enormes circunvalaciones, por fin pudimos volver al apartahotel.<\/p>\n\n\n\n<p>Ayer hubo una tormenta dantesca en Trieste. Como consecuencia, la sala de bicicletas de la residencia donde nos aloj\u00e1bamos era inaccesible. Sin pens\u00e1rselo dos veces, el gerente nos dio acceso a una habitaci\u00f3n extra. Nuestras bicicletas estar\u00e1n a salvo all\u00ed durante estos 2 d\u00edas y 2 noches. .<br>Un Thonon Trieste en bucle justifica una birra<\/p>\n\n\n<div class=\"wp-block-image\">\n<figure class=\"aligncenter size-full is-resized\"><a href=\"https:\/\/centcols.org\/wp-content\/uploads\/2025\/10\/Thonon-Trieste-FS_etape11-14.jpg\"><img loading=\"lazy\" decoding=\"async\" width=\"1200\" height=\"802\" src=\"https:\/\/centcols.org\/wp-content\/uploads\/2025\/10\/Thonon-Trieste-FS_etape11-14.jpg\" alt=\"\" class=\"wp-image-91691\" style=\"width:800px\" srcset=\"https:\/\/centcols.org\/wp-content\/uploads\/2025\/10\/Thonon-Trieste-FS_etape11-14.jpg 1200w, https:\/\/centcols.org\/wp-content\/uploads\/2025\/10\/Thonon-Trieste-FS_etape11-14-768x513.jpg 768w, https:\/\/centcols.org\/wp-content\/uploads\/2025\/10\/Thonon-Trieste-FS_etape11-14-18x12.jpg 18w\" sizes=\"auto, (max-width: 1200px) 100vw, 1200px\" \/><\/a><\/figure>\n<\/div>\n\n\n<p>Cena en una trattoria y paseo por Trieste, una ciudad preciosa. Su condici\u00f3n de puerto y su situaci\u00f3n geogr\u00e1fica han contribuido a su riqueza.<\/p>\n\n\n\n<figure class=\"wp-block-gallery has-nested-images columns-default is-cropped wp-block-gallery-57 is-layout-flex wp-block-gallery-is-layout-flex\">\n<figure class=\"wp-block-image size-large\"><a href=\"https:\/\/centcols.org\/wp-content\/uploads\/2025\/10\/Thonon-Trieste-FS_etape11-11.jpg\"><img loading=\"lazy\" decoding=\"async\" width=\"1200\" height=\"802\" data-id=\"91688\" src=\"https:\/\/centcols.org\/wp-content\/uploads\/2025\/10\/Thonon-Trieste-FS_etape11-11.jpg\" alt=\"\" class=\"wp-image-91688\" srcset=\"https:\/\/centcols.org\/wp-content\/uploads\/2025\/10\/Thonon-Trieste-FS_etape11-11.jpg 1200w, https:\/\/centcols.org\/wp-content\/uploads\/2025\/10\/Thonon-Trieste-FS_etape11-11-768x513.jpg 768w, https:\/\/centcols.org\/wp-content\/uploads\/2025\/10\/Thonon-Trieste-FS_etape11-11-18x12.jpg 18w\" sizes=\"auto, (max-width: 1200px) 100vw, 1200px\" \/><\/a><figcaption class=\"wp-element-caption\">Castillo de San Guisto<\/figcaption><\/figure>\n\n\n\n<figure class=\"wp-block-image size-large\"><a href=\"https:\/\/centcols.org\/wp-content\/uploads\/2025\/10\/Thonon-Trieste-FS_etape11-12.jpg\"><img loading=\"lazy\" decoding=\"async\" width=\"1200\" height=\"802\" data-id=\"91689\" src=\"https:\/\/centcols.org\/wp-content\/uploads\/2025\/10\/Thonon-Trieste-FS_etape11-12.jpg\" alt=\"\" class=\"wp-image-91689\" srcset=\"https:\/\/centcols.org\/wp-content\/uploads\/2025\/10\/Thonon-Trieste-FS_etape11-12.jpg 1200w, https:\/\/centcols.org\/wp-content\/uploads\/2025\/10\/Thonon-Trieste-FS_etape11-12-768x513.jpg 768w, https:\/\/centcols.org\/wp-content\/uploads\/2025\/10\/Thonon-Trieste-FS_etape11-12-18x12.jpg 18w\" sizes=\"auto, (max-width: 1200px) 100vw, 1200px\" \/><\/a><\/figure>\n\n\n\n<figure class=\"wp-block-image size-large\"><a href=\"https:\/\/centcols.org\/wp-content\/uploads\/2025\/10\/Thonon-Trieste-FS_etape11-13.jpg\"><img loading=\"lazy\" decoding=\"async\" width=\"1200\" height=\"802\" data-id=\"91690\" src=\"https:\/\/centcols.org\/wp-content\/uploads\/2025\/10\/Thonon-Trieste-FS_etape11-13.jpg\" alt=\"\" class=\"wp-image-91690\" srcset=\"https:\/\/centcols.org\/wp-content\/uploads\/2025\/10\/Thonon-Trieste-FS_etape11-13.jpg 1200w, https:\/\/centcols.org\/wp-content\/uploads\/2025\/10\/Thonon-Trieste-FS_etape11-13-768x513.jpg 768w, https:\/\/centcols.org\/wp-content\/uploads\/2025\/10\/Thonon-Trieste-FS_etape11-13-18x12.jpg 18w\" sizes=\"auto, (max-width: 1200px) 100vw, 1200px\" \/><\/a><figcaption class=\"wp-element-caption\">Catedral de San Guisto<\/figcaption><\/figure>\n<\/figure>\n\n\n\n<p>Hoy, 127 km, D 800 y 5 puertos italianos por encima de Trieste. Alturas modestas, pero comenzando en la colina cero. No es un paseo f\u00e1cil ...<br>Sea como fuere, el invierno por fin ha terminado y volvemos a disfrutar de temperaturas agradables.<br><br>\ud83d\ude0a\ud83c\udf89\ud83d\udc4dTHON- TRIESTE EST\u00c1 HECHO!!!\ud83d\ude0a\ud83c\udf89\ud83d\udc4d<br>Desde Thonon, 1300 km, D 23500 y 36 puertos, incluidos 18 \u00ab2000\u00bb.<br>\u00a1Un gran desaf\u00edo! Un viaje itinerante, ciertamente dif\u00edcil, pero con magn\u00edficos paisajes. Recorrimos lugares con culturas muy diferentes, incluso dentro del mismo pa\u00eds. Y la mayor\u00eda de la gente que conocimos era amable y acogedora.<br>Como nos quedamos dos noches en Trieste, ma\u00f1ana haremos un poco de turismo. Pero ser\u00e1 por la tarde. <br>Por la ma\u00f1ana, Eslovenia est\u00e1 demasiado cerca para que podamos arrastrar las ruedas de nuestras bicicletas. <\/p>\n\n\n<div class=\"wp-block-image\">\n<figure class=\"aligncenter size-full is-resized\"><a href=\"https:\/\/centcols.org\/wp-content\/uploads\/2025\/10\/Thonon-Trieste-FS_etape12-02.jpg\"><img loading=\"lazy\" decoding=\"async\" width=\"1200\" height=\"802\" src=\"https:\/\/centcols.org\/wp-content\/uploads\/2025\/10\/Thonon-Trieste-FS_etape12-02.jpg\" alt=\"\" class=\"wp-image-91695\" style=\"width:800px\" srcset=\"https:\/\/centcols.org\/wp-content\/uploads\/2025\/10\/Thonon-Trieste-FS_etape12-02.jpg 1200w, https:\/\/centcols.org\/wp-content\/uploads\/2025\/10\/Thonon-Trieste-FS_etape12-02-768x513.jpg 768w, https:\/\/centcols.org\/wp-content\/uploads\/2025\/10\/Thonon-Trieste-FS_etape12-02-18x12.jpg 18w\" sizes=\"auto, (max-width: 1200px) 100vw, 1200px\" \/><\/a><figcaption class=\"wp-element-caption\"><em>(m\u00e1s)<\/em><\/figcaption><\/figure>\n<\/div>\n\n\n<div class=\"wp-block-buttons is-content-justification-space-between is-layout-flex wp-container-core-buttons-is-layout-3d213aab wp-block-buttons-is-layout-flex\">\n<div class=\"wp-block-button\"><a class=\"wp-block-button__link has-text-color has-background has-link-color wp-element-button\" href=\"https:\/\/centcols.org\/es\/thonon-trieste-fred-singla-2025\/11\/\" style=\"color:#2a488c;background-color:#88f2fd;text-transform:uppercase\"><strong>Etapa anterior<\/strong><\/a><\/div>\n\n\n\n<div class=\"wp-block-button\"><a class=\"wp-block-button__link has-text-color has-background has-link-color wp-element-button\" href=\"https:\/\/centcols.org\/es\/thonon-trieste-fred-singla-2025\/13\/\" style=\"color:#2a488c;background-color:#88f2fd;text-transform:uppercase\"><strong>Pr\u00f3xima etapa: ep\u00edlogo<\/strong><\/a><\/div>\n<\/div>\n\n\n\n<!--nextpage-->\n\n\n\n<h2 class=\"wp-block-heading\"><em> D\u00eda 12 : <\/em>ma\u00f1ana en bicicleta por Eslovenia y tarde para visitar Trieste<\/h2>\n\n\n\n<p>Thonon - Trieste ha llegado a su fin, pero el d\u00eda siguiente a nuestra llegada a puerto fue muy ajetreado...<br>Mientras Jean Marc toma el autob\u00fas por Trieste, Bruno y yo pasamos la ma\u00f1ana pedaleando por la vecina Eslovenia. La frontera est\u00e1 realmente demasiado cerca para que no pongamos nuestras ruedas en un nuevo pa\u00eds. La guinda del pastel es que \u00a1hay puertos de monta\u00f1a! Como he escrito antes, Trieste es una gran ciudad. La autopista o las grandes carreteras la unen con el pa\u00eds vecino. As\u00ed que hicimos la aproximaci\u00f3n en coche.&nbsp;<br>Nada m\u00e1s cruzar la frontera, el terreno se vuelve bastante accidentado. Atravesamos magn\u00edficos vi\u00f1edos que ocupan casi toda la zona. Como cualquier regi\u00f3n vin\u00edcola, la zona parece ser rica. Las casas son imponentes y bien construidas.<\/p>\n\n\n<div class=\"wp-block-image\">\n<figure class=\"aligncenter size-full is-resized\"><a href=\"https:\/\/centcols.org\/wp-content\/uploads\/2025\/10\/Thonon-Trieste-FS_etape12-04.jpg\"><img loading=\"lazy\" decoding=\"async\" width=\"1200\" height=\"802\" src=\"https:\/\/centcols.org\/wp-content\/uploads\/2025\/10\/Thonon-Trieste-FS_etape12-04.jpg\" alt=\"\" class=\"wp-image-91710\" style=\"width:800px\" srcset=\"https:\/\/centcols.org\/wp-content\/uploads\/2025\/10\/Thonon-Trieste-FS_etape12-04.jpg 1200w, https:\/\/centcols.org\/wp-content\/uploads\/2025\/10\/Thonon-Trieste-FS_etape12-04-768x513.jpg 768w, https:\/\/centcols.org\/wp-content\/uploads\/2025\/10\/Thonon-Trieste-FS_etape12-04-18x12.jpg 18w\" sizes=\"auto, (max-width: 1200px) 100vw, 1200px\" \/><\/a><figcaption class=\"wp-element-caption\">Skopo<\/figcaption><\/figure>\n<\/div>\n\n\n<p>El principal atractivo del primer paso que cruzamos era que era esloveno. No me dejar\u00e1 ning\u00fan recuerdo duradero...<\/p>\n\n\n<div class=\"wp-block-image\">\n<figure class=\"aligncenter size-full is-resized\"><a href=\"https:\/\/centcols.org\/wp-content\/uploads\/2025\/10\/Thonon-Trieste-FS_etape12-03.jpg\"><img loading=\"lazy\" decoding=\"async\" width=\"1200\" height=\"802\" src=\"https:\/\/centcols.org\/wp-content\/uploads\/2025\/10\/Thonon-Trieste-FS_etape12-03.jpg\" alt=\"\" class=\"wp-image-91708\" style=\"width:800px\" srcset=\"https:\/\/centcols.org\/wp-content\/uploads\/2025\/10\/Thonon-Trieste-FS_etape12-03.jpg 1200w, https:\/\/centcols.org\/wp-content\/uploads\/2025\/10\/Thonon-Trieste-FS_etape12-03-768x513.jpg 768w, https:\/\/centcols.org\/wp-content\/uploads\/2025\/10\/Thonon-Trieste-FS_etape12-03-18x12.jpg 18w\" sizes=\"auto, (max-width: 1200px) 100vw, 1200px\" \/><\/a><figcaption class=\"wp-element-caption\">Preval Prevolec (SL-0333), cuyo \u00fanico inter\u00e9s radica en ser nuestro primer pase esloveno<\/figcaption><\/figure>\n<\/div>\n\n\n<p>En cambio, la segunda es mucho m\u00e1s bonita y agradable. Una hermosa carretera serpentea y asciende a trav\u00e9s de los vi\u00f1edos. En la cima, encontrar\u00e1 una pizca de Toscana. Excepto por la soberbia barra rocosa que se vislumbra en el horizonte.<\/p>\n\n\n\n<figure class=\"wp-block-gallery has-nested-images columns-default is-cropped wp-block-gallery-58 is-layout-flex wp-block-gallery-is-layout-flex\">\n<figure class=\"wp-block-image size-large\"><a href=\"https:\/\/centcols.org\/wp-content\/uploads\/2025\/10\/Thonon-Trieste-FS_etape12-06.jpg\"><img loading=\"lazy\" decoding=\"async\" width=\"1200\" height=\"802\" data-id=\"91714\" src=\"https:\/\/centcols.org\/wp-content\/uploads\/2025\/10\/Thonon-Trieste-FS_etape12-06.jpg\" alt=\"\" class=\"wp-image-91714\" srcset=\"https:\/\/centcols.org\/wp-content\/uploads\/2025\/10\/Thonon-Trieste-FS_etape12-06.jpg 1200w, https:\/\/centcols.org\/wp-content\/uploads\/2025\/10\/Thonon-Trieste-FS_etape12-06-768x513.jpg 768w, https:\/\/centcols.org\/wp-content\/uploads\/2025\/10\/Thonon-Trieste-FS_etape12-06-18x12.jpg 18w\" sizes=\"auto, (max-width: 1200px) 100vw, 1200px\" \/><\/a><figcaption class=\"wp-element-caption\">Goski Preval (SL-0233)<\/figcaption><\/figure>\n\n\n\n<figure class=\"wp-block-image size-large\"><a href=\"https:\/\/centcols.org\/wp-content\/uploads\/2025\/10\/Thonon-Trieste-FS_etape12-07.jpg\"><img loading=\"lazy\" decoding=\"async\" width=\"1200\" height=\"802\" data-id=\"91715\" src=\"https:\/\/centcols.org\/wp-content\/uploads\/2025\/10\/Thonon-Trieste-FS_etape12-07.jpg\" alt=\"\" class=\"wp-image-91715\" srcset=\"https:\/\/centcols.org\/wp-content\/uploads\/2025\/10\/Thonon-Trieste-FS_etape12-07.jpg 1200w, https:\/\/centcols.org\/wp-content\/uploads\/2025\/10\/Thonon-Trieste-FS_etape12-07-768x513.jpg 768w, https:\/\/centcols.org\/wp-content\/uploads\/2025\/10\/Thonon-Trieste-FS_etape12-07-18x12.jpg 18w\" sizes=\"auto, (max-width: 1200px) 100vw, 1200px\" \/><\/a><figcaption class=\"wp-element-caption\">Desde que Goski Preval<\/figcaption><\/figure>\n\n\n\n<figure class=\"wp-block-image size-large\"><a href=\"https:\/\/centcols.org\/wp-content\/uploads\/2025\/10\/Thonon-Trieste-FS_etape12-08.jpg\"><img loading=\"lazy\" decoding=\"async\" width=\"1200\" height=\"802\" data-id=\"91716\" src=\"https:\/\/centcols.org\/wp-content\/uploads\/2025\/10\/Thonon-Trieste-FS_etape12-08.jpg\" alt=\"\" class=\"wp-image-91716\" srcset=\"https:\/\/centcols.org\/wp-content\/uploads\/2025\/10\/Thonon-Trieste-FS_etape12-08.jpg 1200w, https:\/\/centcols.org\/wp-content\/uploads\/2025\/10\/Thonon-Trieste-FS_etape12-08-768x513.jpg 768w, https:\/\/centcols.org\/wp-content\/uploads\/2025\/10\/Thonon-Trieste-FS_etape12-08-18x12.jpg 18w\" sizes=\"auto, (max-width: 1200px) 100vw, 1200px\" \/><\/a><figcaption class=\"wp-element-caption\">En el Goski Preval, un aire de Toscana<\/figcaption><\/figure>\n\n\n\n<figure class=\"wp-block-image size-large\"><a href=\"https:\/\/centcols.org\/wp-content\/uploads\/2025\/10\/Thonon-Trieste-FS_etape12-09.jpg\"><img loading=\"lazy\" decoding=\"async\" width=\"1200\" height=\"802\" data-id=\"91713\" src=\"https:\/\/centcols.org\/wp-content\/uploads\/2025\/10\/Thonon-Trieste-FS_etape12-09.jpg\" alt=\"\" class=\"wp-image-91713\" srcset=\"https:\/\/centcols.org\/wp-content\/uploads\/2025\/10\/Thonon-Trieste-FS_etape12-09.jpg 1200w, https:\/\/centcols.org\/wp-content\/uploads\/2025\/10\/Thonon-Trieste-FS_etape12-09-768x513.jpg 768w, https:\/\/centcols.org\/wp-content\/uploads\/2025\/10\/Thonon-Trieste-FS_etape12-09-18x12.jpg 18w\" sizes=\"auto, (max-width: 1200px) 100vw, 1200px\" \/><\/a><figcaption class=\"wp-element-caption\">Podnanos<\/figcaption><\/figure>\n<\/figure>\n\n\n\n<p>Estamos en la regi\u00f3n vin\u00edcola de Kras Teran. Teran es una variedad de uva originaria de la regi\u00f3n eslovena de Kast y de la regi\u00f3n italiana de Karst. Produce un vino de sabores intensos. Intenso, como nuestra aventura.<\/p>\n\n\n<div class=\"wp-block-image\">\n<figure class=\"aligncenter size-full is-resized\"><a href=\"https:\/\/centcols.org\/wp-content\/uploads\/2025\/10\/Thonon-Trieste-FS_etape12-05.jpg\"><img loading=\"lazy\" decoding=\"async\" width=\"1200\" height=\"801\" src=\"https:\/\/centcols.org\/wp-content\/uploads\/2025\/10\/Thonon-Trieste-FS_etape12-05.jpg\" alt=\"\" class=\"wp-image-91711\" style=\"width:800px\" srcset=\"https:\/\/centcols.org\/wp-content\/uploads\/2025\/10\/Thonon-Trieste-FS_etape12-05.jpg 1200w, https:\/\/centcols.org\/wp-content\/uploads\/2025\/10\/Thonon-Trieste-FS_etape12-05-768x513.jpg 768w, https:\/\/centcols.org\/wp-content\/uploads\/2025\/10\/Thonon-Trieste-FS_etape12-05-18x12.jpg 18w\" sizes=\"auto, (max-width: 1200px) 100vw, 1200px\" \/><\/a><figcaption class=\"wp-element-caption\">Teran es una variedad de uva originaria de las regiones de Kast (Eslovenia) y Karts (Italia).<\/figcaption><\/figure>\n<\/div>\n\n\n<p>Tenga en cuenta que en Eslovenia los ciclistas son m\u00e1s cuadrados que en Francia. Y lo mismo ocurre con las vacas, los ciervos e incluso los ni\u00f1os...<\/p>\n\n\n\n<figure class=\"wp-block-gallery has-nested-images columns-4 is-cropped wp-block-gallery-59 is-layout-flex wp-block-gallery-is-layout-flex\">\n<figure class=\"wp-block-image size-large\"><a href=\"https:\/\/centcols.org\/wp-content\/uploads\/2025\/10\/Thonon-Trieste-FS_etape12-12.jpg\"><img loading=\"lazy\" decoding=\"async\" width=\"1200\" height=\"882\" data-id=\"91718\" src=\"https:\/\/centcols.org\/wp-content\/uploads\/2025\/10\/Thonon-Trieste-FS_etape12-12.jpg\" alt=\"\" class=\"wp-image-91718\" srcset=\"https:\/\/centcols.org\/wp-content\/uploads\/2025\/10\/Thonon-Trieste-FS_etape12-12.jpg 1200w, https:\/\/centcols.org\/wp-content\/uploads\/2025\/10\/Thonon-Trieste-FS_etape12-12-768x564.jpg 768w, https:\/\/centcols.org\/wp-content\/uploads\/2025\/10\/Thonon-Trieste-FS_etape12-12-16x12.jpg 16w\" sizes=\"auto, (max-width: 1200px) 100vw, 1200px\" \/><\/a><\/figure>\n\n\n\n<figure class=\"wp-block-image size-large\"><a href=\"https:\/\/centcols.org\/wp-content\/uploads\/2025\/10\/Thonon-Trieste-FS_etape12-10.jpg\"><img loading=\"lazy\" decoding=\"async\" width=\"1200\" height=\"921\" data-id=\"91721\" src=\"https:\/\/centcols.org\/wp-content\/uploads\/2025\/10\/Thonon-Trieste-FS_etape12-10.jpg\" alt=\"\" class=\"wp-image-91721\" srcset=\"https:\/\/centcols.org\/wp-content\/uploads\/2025\/10\/Thonon-Trieste-FS_etape12-10.jpg 1200w, https:\/\/centcols.org\/wp-content\/uploads\/2025\/10\/Thonon-Trieste-FS_etape12-10-768x589.jpg 768w, https:\/\/centcols.org\/wp-content\/uploads\/2025\/10\/Thonon-Trieste-FS_etape12-10-16x12.jpg 16w\" sizes=\"auto, (max-width: 1200px) 100vw, 1200px\" \/><\/a><\/figure>\n\n\n\n<figure class=\"wp-block-image size-large\"><a href=\"https:\/\/centcols.org\/wp-content\/uploads\/2025\/10\/Thonon-Trieste-FS_etape12-11.jpg\"><img loading=\"lazy\" decoding=\"async\" width=\"1200\" height=\"1016\" data-id=\"91719\" src=\"https:\/\/centcols.org\/wp-content\/uploads\/2025\/10\/Thonon-Trieste-FS_etape12-11.jpg\" alt=\"\" class=\"wp-image-91719\" srcset=\"https:\/\/centcols.org\/wp-content\/uploads\/2025\/10\/Thonon-Trieste-FS_etape12-11.jpg 1200w, https:\/\/centcols.org\/wp-content\/uploads\/2025\/10\/Thonon-Trieste-FS_etape12-11-768x650.jpg 768w, https:\/\/centcols.org\/wp-content\/uploads\/2025\/10\/Thonon-Trieste-FS_etape12-11-14x12.jpg 14w\" sizes=\"auto, (max-width: 1200px) 100vw, 1200px\" \/><\/a><\/figure>\n\n\n\n<figure class=\"wp-block-image size-large\"><a href=\"https:\/\/centcols.org\/wp-content\/uploads\/2025\/10\/Thonon-Trieste-FS_etape12-13.jpg\"><img loading=\"lazy\" decoding=\"async\" width=\"1200\" height=\"1160\" data-id=\"91720\" src=\"https:\/\/centcols.org\/wp-content\/uploads\/2025\/10\/Thonon-Trieste-FS_etape12-13.jpg\" alt=\"\" class=\"wp-image-91720\" srcset=\"https:\/\/centcols.org\/wp-content\/uploads\/2025\/10\/Thonon-Trieste-FS_etape12-13.jpg 1200w, https:\/\/centcols.org\/wp-content\/uploads\/2025\/10\/Thonon-Trieste-FS_etape12-13-768x742.jpg 768w, https:\/\/centcols.org\/wp-content\/uploads\/2025\/10\/Thonon-Trieste-FS_etape12-13-12x12.jpg 12w\" sizes=\"auto, (max-width: 1200px) 100vw, 1200px\" \/><\/a><\/figure>\n<\/figure>\n\n\n\n<p>Los resultados de la ma\u00f1ana: 54km D 900 y mis dos primeros puertos eslovenos.<br><\/p>\n\n\n\n<figure class=\"wp-block-gallery has-nested-images columns-default is-cropped wp-block-gallery-60 is-layout-flex wp-block-gallery-is-layout-flex\">\n<figure class=\"wp-block-image size-large\"><a href=\"https:\/\/centcols.org\/wp-content\/uploads\/2025\/10\/Thonon-Trieste-FS_etape12-14.jpg\"><img loading=\"lazy\" decoding=\"async\" width=\"1200\" height=\"802\" data-id=\"91722\" src=\"https:\/\/centcols.org\/wp-content\/uploads\/2025\/10\/Thonon-Trieste-FS_etape12-14.jpg\" alt=\"\" class=\"wp-image-91722\" srcset=\"https:\/\/centcols.org\/wp-content\/uploads\/2025\/10\/Thonon-Trieste-FS_etape12-14.jpg 1200w, https:\/\/centcols.org\/wp-content\/uploads\/2025\/10\/Thonon-Trieste-FS_etape12-14-768x513.jpg 768w, https:\/\/centcols.org\/wp-content\/uploads\/2025\/10\/Thonon-Trieste-FS_etape12-14-18x12.jpg 18w\" sizes=\"auto, (max-width: 1200px) 100vw, 1200px\" \/><\/a><\/figure>\n\n\n\n<figure class=\"wp-block-image size-large\"><a href=\"https:\/\/centcols.org\/wp-content\/uploads\/2025\/10\/Thonon-Trieste-FS_etape12-15.jpg\"><img loading=\"lazy\" decoding=\"async\" width=\"1200\" height=\"802\" data-id=\"91723\" src=\"https:\/\/centcols.org\/wp-content\/uploads\/2025\/10\/Thonon-Trieste-FS_etape12-15.jpg\" alt=\"\" class=\"wp-image-91723\" srcset=\"https:\/\/centcols.org\/wp-content\/uploads\/2025\/10\/Thonon-Trieste-FS_etape12-15.jpg 1200w, https:\/\/centcols.org\/wp-content\/uploads\/2025\/10\/Thonon-Trieste-FS_etape12-15-768x513.jpg 768w, https:\/\/centcols.org\/wp-content\/uploads\/2025\/10\/Thonon-Trieste-FS_etape12-15-18x12.jpg 18w\" sizes=\"auto, (max-width: 1200px) 100vw, 1200px\" \/><\/a><\/figure>\n<figcaption class=\"blocks-gallery-caption wp-element-caption\">Volver a Sezana<\/figcaption><\/figure>\n\n\n\n<p>Nos reunimos con Jean Marc y, despu\u00e9s de comer, nos dirigimos a visitar el Castello di Miramare. Fue construido entre 1856 y 1860 para Maximiliano de Hasburgo Lorena archiduque de Austria (y futuro emperador de M\u00e9xico) y su esposa Carlota de B\u00e9lgica. Su nombre se inspira en el espa\u00f1ol \u00bbmira mar\u00bb.<br>El magn\u00edfico parque es suficiente en s\u00ed mismo, y pasamos all\u00ed parte de la tarde. Es enorme, y recorrimos 7 km.<\/p>\n\n\n<div class=\"wp-block-image\">\n<figure class=\"aligncenter size-full is-resized\"><a href=\"https:\/\/centcols.org\/wp-content\/uploads\/2025\/10\/Thonon-Trieste-FS_etape12-16.jpg\"><img loading=\"lazy\" decoding=\"async\" width=\"1200\" height=\"802\" src=\"https:\/\/centcols.org\/wp-content\/uploads\/2025\/10\/Thonon-Trieste-FS_etape12-16.jpg\" alt=\"\" class=\"wp-image-91733\" style=\"width:800px\" srcset=\"https:\/\/centcols.org\/wp-content\/uploads\/2025\/10\/Thonon-Trieste-FS_etape12-16.jpg 1200w, https:\/\/centcols.org\/wp-content\/uploads\/2025\/10\/Thonon-Trieste-FS_etape12-16-768x513.jpg 768w, https:\/\/centcols.org\/wp-content\/uploads\/2025\/10\/Thonon-Trieste-FS_etape12-16-18x12.jpg 18w\" sizes=\"auto, (max-width: 1200px) 100vw, 1200px\" \/><\/a><figcaption class=\"wp-element-caption\">Paseo vespertino por Miramare<\/figcaption><\/figure>\n<\/div>\n\n\n<figure class=\"wp-block-gallery has-nested-images columns-default is-cropped wp-block-gallery-61 is-layout-flex wp-block-gallery-is-layout-flex\">\n<figure class=\"wp-block-image size-large\"><a href=\"https:\/\/centcols.org\/wp-content\/uploads\/2025\/10\/Thonon-Trieste-FS_etape12-23.jpg\"><img loading=\"lazy\" decoding=\"async\" width=\"1200\" height=\"802\" data-id=\"91727\" src=\"https:\/\/centcols.org\/wp-content\/uploads\/2025\/10\/Thonon-Trieste-FS_etape12-23.jpg\" alt=\"\" class=\"wp-image-91727\" srcset=\"https:\/\/centcols.org\/wp-content\/uploads\/2025\/10\/Thonon-Trieste-FS_etape12-23.jpg 1200w, https:\/\/centcols.org\/wp-content\/uploads\/2025\/10\/Thonon-Trieste-FS_etape12-23-768x513.jpg 768w, https:\/\/centcols.org\/wp-content\/uploads\/2025\/10\/Thonon-Trieste-FS_etape12-23-18x12.jpg 18w\" sizes=\"auto, (max-width: 1200px) 100vw, 1200px\" \/><\/a><\/figure>\n\n\n\n<figure class=\"wp-block-image size-large\"><a href=\"https:\/\/centcols.org\/wp-content\/uploads\/2025\/10\/Thonon-Trieste-FS_etape12-22.jpg\"><img loading=\"lazy\" decoding=\"async\" width=\"1200\" height=\"802\" data-id=\"91729\" src=\"https:\/\/centcols.org\/wp-content\/uploads\/2025\/10\/Thonon-Trieste-FS_etape12-22.jpg\" alt=\"\" class=\"wp-image-91729\" srcset=\"https:\/\/centcols.org\/wp-content\/uploads\/2025\/10\/Thonon-Trieste-FS_etape12-22.jpg 1200w, https:\/\/centcols.org\/wp-content\/uploads\/2025\/10\/Thonon-Trieste-FS_etape12-22-768x513.jpg 768w, https:\/\/centcols.org\/wp-content\/uploads\/2025\/10\/Thonon-Trieste-FS_etape12-22-18x12.jpg 18w\" sizes=\"auto, (max-width: 1200px) 100vw, 1200px\" \/><\/a><\/figure>\n\n\n\n<figure class=\"wp-block-image size-large\"><a href=\"https:\/\/centcols.org\/wp-content\/uploads\/2025\/10\/Thonon-Trieste-FS_etape12-20.jpg\"><img loading=\"lazy\" decoding=\"async\" width=\"1200\" height=\"802\" data-id=\"91730\" src=\"https:\/\/centcols.org\/wp-content\/uploads\/2025\/10\/Thonon-Trieste-FS_etape12-20.jpg\" alt=\"\" class=\"wp-image-91730\" srcset=\"https:\/\/centcols.org\/wp-content\/uploads\/2025\/10\/Thonon-Trieste-FS_etape12-20.jpg 1200w, https:\/\/centcols.org\/wp-content\/uploads\/2025\/10\/Thonon-Trieste-FS_etape12-20-768x513.jpg 768w, https:\/\/centcols.org\/wp-content\/uploads\/2025\/10\/Thonon-Trieste-FS_etape12-20-18x12.jpg 18w\" sizes=\"auto, (max-width: 1200px) 100vw, 1200px\" \/><\/a><\/figure>\n\n\n\n<figure class=\"wp-block-image size-large\"><a href=\"https:\/\/centcols.org\/wp-content\/uploads\/2025\/10\/Thonon-Trieste-FS_etape12-18.jpg\"><img loading=\"lazy\" decoding=\"async\" width=\"1200\" height=\"802\" data-id=\"91732\" src=\"https:\/\/centcols.org\/wp-content\/uploads\/2025\/10\/Thonon-Trieste-FS_etape12-18.jpg\" alt=\"\" class=\"wp-image-91732\" srcset=\"https:\/\/centcols.org\/wp-content\/uploads\/2025\/10\/Thonon-Trieste-FS_etape12-18.jpg 1200w, https:\/\/centcols.org\/wp-content\/uploads\/2025\/10\/Thonon-Trieste-FS_etape12-18-768x513.jpg 768w, https:\/\/centcols.org\/wp-content\/uploads\/2025\/10\/Thonon-Trieste-FS_etape12-18-18x12.jpg 18w\" sizes=\"auto, (max-width: 1200px) 100vw, 1200px\" \/><\/a><\/figure>\n\n\n\n<figure class=\"wp-block-image size-large\"><a href=\"https:\/\/centcols.org\/wp-content\/uploads\/2025\/10\/Thonon-Trieste-FS_etape12-19.jpg\"><img loading=\"lazy\" decoding=\"async\" width=\"1200\" height=\"802\" data-id=\"91728\" src=\"https:\/\/centcols.org\/wp-content\/uploads\/2025\/10\/Thonon-Trieste-FS_etape12-19.jpg\" alt=\"\" class=\"wp-image-91728\" srcset=\"https:\/\/centcols.org\/wp-content\/uploads\/2025\/10\/Thonon-Trieste-FS_etape12-19.jpg 1200w, https:\/\/centcols.org\/wp-content\/uploads\/2025\/10\/Thonon-Trieste-FS_etape12-19-768x513.jpg 768w, https:\/\/centcols.org\/wp-content\/uploads\/2025\/10\/Thonon-Trieste-FS_etape12-19-18x12.jpg 18w\" sizes=\"auto, (max-width: 1200px) 100vw, 1200px\" \/><\/a><\/figure>\n\n\n\n<figure class=\"wp-block-image size-large\"><a href=\"https:\/\/centcols.org\/wp-content\/uploads\/2025\/10\/Thonon-Trieste-FS_etape12-21.jpg\"><img loading=\"lazy\" decoding=\"async\" width=\"1200\" height=\"802\" data-id=\"91731\" src=\"https:\/\/centcols.org\/wp-content\/uploads\/2025\/10\/Thonon-Trieste-FS_etape12-21.jpg\" alt=\"\" class=\"wp-image-91731\" srcset=\"https:\/\/centcols.org\/wp-content\/uploads\/2025\/10\/Thonon-Trieste-FS_etape12-21.jpg 1200w, https:\/\/centcols.org\/wp-content\/uploads\/2025\/10\/Thonon-Trieste-FS_etape12-21-768x513.jpg 768w, https:\/\/centcols.org\/wp-content\/uploads\/2025\/10\/Thonon-Trieste-FS_etape12-21-18x12.jpg 18w\" sizes=\"auto, (max-width: 1200px) 100vw, 1200px\" \/><\/a><\/figure>\n<\/figure>\n\n\n<div class=\"wp-block-image\">\n<figure class=\"aligncenter size-full is-resized\"><a href=\"https:\/\/centcols.org\/wp-content\/uploads\/2025\/10\/Thonon-Trieste-FS_etape12-17.jpg\"><img loading=\"lazy\" decoding=\"async\" width=\"1200\" height=\"802\" src=\"https:\/\/centcols.org\/wp-content\/uploads\/2025\/10\/Thonon-Trieste-FS_etape12-17.jpg\" alt=\"\" class=\"wp-image-91726\" style=\"width:800px\" srcset=\"https:\/\/centcols.org\/wp-content\/uploads\/2025\/10\/Thonon-Trieste-FS_etape12-17.jpg 1200w, https:\/\/centcols.org\/wp-content\/uploads\/2025\/10\/Thonon-Trieste-FS_etape12-17-768x513.jpg 768w, https:\/\/centcols.org\/wp-content\/uploads\/2025\/10\/Thonon-Trieste-FS_etape12-17-18x12.jpg 18w\" sizes=\"auto, (max-width: 1200px) 100vw, 1200px\" \/><\/a><\/figure>\n<\/div>\n\n\n<p>De vuelta a la residencia, apenas tuvimos tiempo de recuperar el aliento antes de regresar al centro de Trieste para dar un paseo y comer algo.<br>Hermosos edificios bordean nuestra ruta hacia la Piazza dell'Unita d'Italia<\/p>\n\n\n\n<figure class=\"wp-block-gallery has-nested-images columns-2 is-cropped wp-block-gallery-62 is-layout-flex wp-block-gallery-is-layout-flex\">\n<figure class=\"wp-block-image size-large\"><a href=\"https:\/\/centcols.org\/wp-content\/uploads\/2025\/10\/Thonon-Trieste-FS_etape12-24.jpg\"><img loading=\"lazy\" decoding=\"async\" width=\"1200\" height=\"844\" data-id=\"91735\" src=\"https:\/\/centcols.org\/wp-content\/uploads\/2025\/10\/Thonon-Trieste-FS_etape12-24.jpg\" alt=\"\" class=\"wp-image-91735\" srcset=\"https:\/\/centcols.org\/wp-content\/uploads\/2025\/10\/Thonon-Trieste-FS_etape12-24.jpg 1200w, https:\/\/centcols.org\/wp-content\/uploads\/2025\/10\/Thonon-Trieste-FS_etape12-24-768x540.jpg 768w, https:\/\/centcols.org\/wp-content\/uploads\/2025\/10\/Thonon-Trieste-FS_etape12-24-18x12.jpg 18w\" sizes=\"auto, (max-width: 1200px) 100vw, 1200px\" \/><\/a><\/figure>\n\n\n\n<figure class=\"wp-block-image size-large\"><a href=\"https:\/\/centcols.org\/wp-content\/uploads\/2025\/10\/Thonon-Trieste-FS_etape12-25.jpg\"><img loading=\"lazy\" decoding=\"async\" width=\"1200\" height=\"1336\" data-id=\"91736\" src=\"https:\/\/centcols.org\/wp-content\/uploads\/2025\/10\/Thonon-Trieste-FS_etape12-25.jpg\" alt=\"\" class=\"wp-image-91736\" srcset=\"https:\/\/centcols.org\/wp-content\/uploads\/2025\/10\/Thonon-Trieste-FS_etape12-25.jpg 1200w, https:\/\/centcols.org\/wp-content\/uploads\/2025\/10\/Thonon-Trieste-FS_etape12-25-1078x1200.jpg 1078w, https:\/\/centcols.org\/wp-content\/uploads\/2025\/10\/Thonon-Trieste-FS_etape12-25-768x855.jpg 768w, https:\/\/centcols.org\/wp-content\/uploads\/2025\/10\/Thonon-Trieste-FS_etape12-25-11x12.jpg 11w\" sizes=\"auto, (max-width: 1200px) 100vw, 1200px\" \/><\/a><\/figure>\n\n\n\n<figure class=\"wp-block-image size-large\"><a href=\"https:\/\/centcols.org\/wp-content\/uploads\/2025\/10\/Thonon-Trieste-FS_etape12-26.jpg\"><img loading=\"lazy\" decoding=\"async\" width=\"1200\" height=\"802\" data-id=\"91742\" src=\"https:\/\/centcols.org\/wp-content\/uploads\/2025\/10\/Thonon-Trieste-FS_etape12-26.jpg\" alt=\"\" class=\"wp-image-91742\" srcset=\"https:\/\/centcols.org\/wp-content\/uploads\/2025\/10\/Thonon-Trieste-FS_etape12-26.jpg 1200w, https:\/\/centcols.org\/wp-content\/uploads\/2025\/10\/Thonon-Trieste-FS_etape12-26-768x513.jpg 768w, https:\/\/centcols.org\/wp-content\/uploads\/2025\/10\/Thonon-Trieste-FS_etape12-26-18x12.jpg 18w\" sizes=\"auto, (max-width: 1200px) 100vw, 1200px\" \/><\/a><figcaption class=\"wp-element-caption\">Plaza de la Unidad de Italia<\/figcaption><\/figure>\n<\/figure>\n\n\n\n<p><br>El avance se ve ralentizado por una parada de \u00abbirra\u00bb, otra para comer y la \u00faltima para una parada de \u00abGelatti\u00ab.<br>Otros 7 km recorridos en este trayecto. Como he escrito m\u00e1s arriba, un d\u00eda ajetreado.<\/p>\n\n\n\n<figure class=\"wp-block-gallery has-nested-images columns-default is-cropped wp-block-gallery-63 is-layout-flex wp-block-gallery-is-layout-flex\">\n<figure class=\"wp-block-image size-large\"><a href=\"https:\/\/centcols.org\/wp-content\/uploads\/2025\/10\/Thonon-Trieste-FS_etape12-28.jpg\"><img loading=\"lazy\" decoding=\"async\" width=\"1200\" height=\"802\" data-id=\"91744\" src=\"https:\/\/centcols.org\/wp-content\/uploads\/2025\/10\/Thonon-Trieste-FS_etape12-28.jpg\" alt=\"\" class=\"wp-image-91744\" srcset=\"https:\/\/centcols.org\/wp-content\/uploads\/2025\/10\/Thonon-Trieste-FS_etape12-28.jpg 1200w, https:\/\/centcols.org\/wp-content\/uploads\/2025\/10\/Thonon-Trieste-FS_etape12-28-768x513.jpg 768w, https:\/\/centcols.org\/wp-content\/uploads\/2025\/10\/Thonon-Trieste-FS_etape12-28-18x12.jpg 18w\" sizes=\"auto, (max-width: 1200px) 100vw, 1200px\" \/><\/a><figcaption class=\"wp-element-caption\">\u00a1Arrivederci Trieste!<\/figcaption><\/figure>\n\n\n\n<figure class=\"wp-block-image size-large\"><a href=\"https:\/\/centcols.org\/wp-content\/uploads\/2025\/10\/Thonon-Trieste-FS_etape12-27.jpg\"><img loading=\"lazy\" decoding=\"async\" width=\"1200\" height=\"802\" data-id=\"91743\" src=\"https:\/\/centcols.org\/wp-content\/uploads\/2025\/10\/Thonon-Trieste-FS_etape12-27.jpg\" alt=\"\" class=\"wp-image-91743\" srcset=\"https:\/\/centcols.org\/wp-content\/uploads\/2025\/10\/Thonon-Trieste-FS_etape12-27.jpg 1200w, https:\/\/centcols.org\/wp-content\/uploads\/2025\/10\/Thonon-Trieste-FS_etape12-27-768x513.jpg 768w, https:\/\/centcols.org\/wp-content\/uploads\/2025\/10\/Thonon-Trieste-FS_etape12-27-18x12.jpg 18w\" sizes=\"auto, (max-width: 1200px) 100vw, 1200px\" \/><\/a><\/figure>\n<\/figure>\n\n\n\n<p><br>La riqueza de Trieste se debe en parte a su puerto. Durante mucho tiempo, la ciudad fue la puerta de entrada de todo el caf\u00e9 que se consum\u00eda en Italia. Y si Italia es la tierra del caf\u00e9, Trieste es su capital. Los triestinos consumen el doble de caf\u00e9 que el resto del pa\u00eds. Se presenta en diversas formas. El Capo in B es la especialidad de la ciudad. Capo significa capuchino y B, bicchiere (vaso). Es un capuchino en un vaso. Pero eso no es todo... Es m\u00e1s dulce que un cappuccino y muy parecido a un macchiato. Ah, los matices y sutilezas de los diferentes \u00abmodelos\u00bb. Tan sutiles como los aromas del propio caf\u00e9.<\/p>\n\n\n\n<figure class=\"wp-block-gallery has-nested-images columns-default is-cropped wp-block-gallery-64 is-layout-flex wp-block-gallery-is-layout-flex\">\n<figure class=\"wp-block-image size-large\"><a href=\"https:\/\/centcols.org\/wp-content\/uploads\/2025\/10\/Thonon-Trieste-FS_etape12-01.jpg\"><img loading=\"lazy\" decoding=\"async\" width=\"1200\" height=\"1150\" data-id=\"91741\" src=\"https:\/\/centcols.org\/wp-content\/uploads\/2025\/10\/Thonon-Trieste-FS_etape12-01.jpg\" alt=\"\" class=\"wp-image-91741\" srcset=\"https:\/\/centcols.org\/wp-content\/uploads\/2025\/10\/Thonon-Trieste-FS_etape12-01.jpg 1200w, https:\/\/centcols.org\/wp-content\/uploads\/2025\/10\/Thonon-Trieste-FS_etape12-01-768x736.jpg 768w, https:\/\/centcols.org\/wp-content\/uploads\/2025\/10\/Thonon-Trieste-FS_etape12-01-13x12.jpg 13w\" sizes=\"auto, (max-width: 1200px) 100vw, 1200px\" \/><\/a><\/figure>\n\n\n\n<figure class=\"wp-block-image size-large\"><a href=\"https:\/\/centcols.org\/wp-content\/uploads\/2025\/10\/Thonon-Trieste-FS_etape12-29.jpg\"><img loading=\"lazy\" decoding=\"async\" width=\"1200\" height=\"1790\" data-id=\"91745\" src=\"https:\/\/centcols.org\/wp-content\/uploads\/2025\/10\/Thonon-Trieste-FS_etape12-29.jpg\" alt=\"\" class=\"wp-image-91745\" srcset=\"https:\/\/centcols.org\/wp-content\/uploads\/2025\/10\/Thonon-Trieste-FS_etape12-29.jpg 1200w, https:\/\/centcols.org\/wp-content\/uploads\/2025\/10\/Thonon-Trieste-FS_etape12-29-804x1200.jpg 804w, https:\/\/centcols.org\/wp-content\/uploads\/2025\/10\/Thonon-Trieste-FS_etape12-29-768x1146.jpg 768w, https:\/\/centcols.org\/wp-content\/uploads\/2025\/10\/Thonon-Trieste-FS_etape12-29-1030x1536.jpg 1030w, https:\/\/centcols.org\/wp-content\/uploads\/2025\/10\/Thonon-Trieste-FS_etape12-29-8x12.jpg 8w\" sizes=\"auto, (max-width: 1200px) 100vw, 1200px\" \/><\/a><\/figure>\n<\/figure>\n\n\n\n<p>Ma\u00f1ana, vuelta a Castelnaudary, P\u00e9chabou y L\u00e9guevin, en ese orden.<br>Como la ruta es larga, habr\u00e1 dos etapas con una parada nocturna en Aix en Provence.<\/p>\n\n\n\n<div class=\"wp-block-buttons is-content-justification-space-between is-layout-flex wp-container-core-buttons-is-layout-d3c43caa wp-block-buttons-is-layout-flex\">\n<div class=\"wp-block-button\"><a class=\"wp-block-button__link has-text-color has-background has-link-color wp-element-button\" href=\"https:\/\/centcols.org\/es\/thonon-trieste-fred-singla-2025\/12\/\" style=\"color:#2a488c;background-color:#88f2fd;text-transform:uppercase\"><strong>Etapa anterior<\/strong><\/a><\/div>\n\n\n\n<div class=\"wp-block-button\"><a class=\"wp-block-button__link has-text-color has-background has-link-color wp-element-button\" href=\"https:\/\/centcols.org\/es\/thonon-trieste-fred-singla-2025\/\" style=\"color:#2a488c;background-color:#88f2fd;text-transform:uppercase\"><strong>Volver arriba<\/strong><\/a><\/div>\n<\/div>\n\n\n\n<p><\/p>","protected":false},"excerpt":{"rendered":"<p>Apr\u00e8s le r\u00e9cit de Jean-Marc Lef\u00e8vre et celui de Philippe Chazottier c&rsquo;est au tour de Fred Singla de nous raconter son aventure. Une magnifique randonn\u00e9e \u00e0 v\u00e9lo, con\u00e7ue par Georges Rossini, qui joint le lac L\u00e9man \u00e0 l&rsquo;Adriatique en franchissant de nombreux cols. Cliquer sur le titre de l&rsquo;\u00e9tape sous l&rsquo;image pour voyager avec Fred [&hellip;]<\/p>\n","protected":false},"author":5112,"featured_media":91787,"comment_status":"open","ping_status":"closed","sticky":false,"template":"","format":"standard","meta":{"_acf_changed":false,"footnotes":""},"categories":[82,129],"tags":[],"class_list":["post-91155","post","type-post","status-publish","format-standard","has-post-thumbnail","hentry","category-voyages","category-gazette"],"acf":[],"yoast_head":"<!-- This site is optimized with the Yoast SEO plugin v27.2 - https:\/\/yoast.com\/product\/yoast-seo-wordpress\/ -->\n<title>Randonn\u00e9e \u00e0 v\u00e9lo du lac L\u00e9man \u00e0 l&#039;Adriatique - Club des Cent Cols<\/title>\n<meta name=\"description\" content=\"Plongez dans l&#039;aventure d&#039;une randonn\u00e9e \u00e0 v\u00e9lo inoubliable, reliant le lac L\u00e9man \u00e0 Trieste par de grands cols des Alpes.\" \/>\n<meta name=\"robots\" content=\"index, follow, max-snippet:-1, max-image-preview:large, max-video-preview:-1\" \/>\n<link rel=\"canonical\" href=\"https:\/\/centcols.org\/es\/thonon-trieste-fred-singla-2025\/\" \/>\n<link rel=\"next\" href=\"https:\/\/centcols.org\/thonon-trieste-fred-singla-2025\/2\/\" \/>\n<meta property=\"og:locale\" content=\"es_ES\" \/>\n<meta property=\"og:type\" content=\"article\" \/>\n<meta property=\"og:title\" content=\"Randonn\u00e9e \u00e0 v\u00e9lo du lac L\u00e9man \u00e0 l&#039;Adriatique - Club des Cent Cols\" \/>\n<meta property=\"og:description\" content=\"Plongez dans l&#039;aventure d&#039;une randonn\u00e9e \u00e0 v\u00e9lo inoubliable, reliant le lac L\u00e9man \u00e0 Trieste par de grands cols des Alpes.\" \/>\n<meta property=\"og:url\" content=\"https:\/\/centcols.org\/es\/thonon-trieste-fred-singla-2025\/\" \/>\n<meta property=\"og:site_name\" content=\"Club des Cent Cols\" \/>\n<meta property=\"article:publisher\" content=\"https:\/\/www.facebook.com\/groups\/5261880558\/?locale=fr_FR\" \/>\n<meta property=\"article:published_time\" content=\"2025-11-14T12:03:05+00:00\" \/>\n<meta property=\"article:modified_time\" content=\"2026-02-12T19:29:31+00:00\" \/>\n<meta property=\"og:image\" content=\"https:\/\/centcols.org\/wp-content\/uploads\/2025\/10\/Thonon-Trieste-FS_etape09-07-1.jpg\" \/>\n\t<meta property=\"og:image:width\" content=\"1200\" \/>\n\t<meta property=\"og:image:height\" content=\"802\" \/>\n\t<meta property=\"og:image:type\" content=\"image\/jpeg\" \/>\n<meta name=\"author\" content=\"R\u00e9gis Paraz\" \/>\n<meta name=\"twitter:card\" content=\"summary_large_image\" \/>\n<meta name=\"twitter:label1\" content=\"Escrito por\" \/>\n\t<meta name=\"twitter:data1\" content=\"R\u00e9gis Paraz\" \/>\n\t<meta name=\"twitter:label2\" content=\"Tiempo de lectura\" \/>\n\t<meta name=\"twitter:data2\" content=\"92 minutos\" \/>\n<script type=\"application\/ld+json\" class=\"yoast-schema-graph\">{\"@context\":\"https:\/\/schema.org\",\"@graph\":[{\"@type\":\"Article\",\"@id\":\"https:\/\/centcols.org\/thonon-trieste-fred-singla-2025\/#article\",\"isPartOf\":{\"@id\":\"https:\/\/centcols.org\/thonon-trieste-fred-singla-2025\/\"},\"author\":{\"name\":\"R\u00e9gis Paraz\",\"@id\":\"https:\/\/centcols.org\/#\/schema\/person\/6733615a03fdc98c0aef104567c81e13\"},\"headline\":\"Thonon Trieste : Fred Singla cc 5173\",\"datePublished\":\"2025-11-14T12:03:05+00:00\",\"dateModified\":\"2026-02-12T19:29:31+00:00\",\"mainEntityOfPage\":{\"@id\":\"https:\/\/centcols.org\/thonon-trieste-fred-singla-2025\/\"},\"wordCount\":8086,\"commentCount\":34,\"publisher\":{\"@id\":\"https:\/\/centcols.org\/#organization\"},\"image\":{\"@id\":\"https:\/\/centcols.org\/thonon-trieste-fred-singla-2025\/#primaryimage\"},\"thumbnailUrl\":\"https:\/\/centcols.org\/wp-content\/uploads\/2025\/10\/Thonon-Trieste-FS_etape09-07-1.jpg\",\"articleSection\":[\"Voyages\",\"Gazette\"],\"inLanguage\":\"es\",\"potentialAction\":[{\"@type\":\"CommentAction\",\"name\":\"Comment\",\"target\":[\"https:\/\/centcols.org\/thonon-trieste-fred-singla-2025\/#respond\"]}]},{\"@type\":\"WebPage\",\"@id\":\"https:\/\/centcols.org\/thonon-trieste-fred-singla-2025\/\",\"url\":\"https:\/\/centcols.org\/thonon-trieste-fred-singla-2025\/\",\"name\":\"Randonn\u00e9e \u00e0 v\u00e9lo du lac L\u00e9man \u00e0 l'Adriatique - Club des Cent Cols\",\"isPartOf\":{\"@id\":\"https:\/\/centcols.org\/#website\"},\"primaryImageOfPage\":{\"@id\":\"https:\/\/centcols.org\/thonon-trieste-fred-singla-2025\/#primaryimage\"},\"image\":{\"@id\":\"https:\/\/centcols.org\/thonon-trieste-fred-singla-2025\/#primaryimage\"},\"thumbnailUrl\":\"https:\/\/centcols.org\/wp-content\/uploads\/2025\/10\/Thonon-Trieste-FS_etape09-07-1.jpg\",\"datePublished\":\"2025-11-14T12:03:05+00:00\",\"dateModified\":\"2026-02-12T19:29:31+00:00\",\"description\":\"Plongez dans l'aventure d'une randonn\u00e9e \u00e0 v\u00e9lo inoubliable, reliant le lac L\u00e9man \u00e0 Trieste par de grands cols des Alpes.\",\"breadcrumb\":{\"@id\":\"https:\/\/centcols.org\/thonon-trieste-fred-singla-2025\/#breadcrumb\"},\"inLanguage\":\"es\",\"potentialAction\":[{\"@type\":\"ReadAction\",\"target\":[\"https:\/\/centcols.org\/thonon-trieste-fred-singla-2025\/\"]}]},{\"@type\":\"ImageObject\",\"inLanguage\":\"es\",\"@id\":\"https:\/\/centcols.org\/thonon-trieste-fred-singla-2025\/#primaryimage\",\"url\":\"https:\/\/centcols.org\/wp-content\/uploads\/2025\/10\/Thonon-Trieste-FS_etape09-07-1.jpg\",\"contentUrl\":\"https:\/\/centcols.org\/wp-content\/uploads\/2025\/10\/Thonon-Trieste-FS_etape09-07-1.jpg\",\"width\":1200,\"height\":802},{\"@type\":\"BreadcrumbList\",\"@id\":\"https:\/\/centcols.org\/thonon-trieste-fred-singla-2025\/#breadcrumb\",\"itemListElement\":[{\"@type\":\"ListItem\",\"position\":1,\"name\":\"Accueil\",\"item\":\"https:\/\/centcols.org\/\"},{\"@type\":\"ListItem\",\"position\":2,\"name\":\"Gazette\",\"item\":\"https:\/\/centcols.org\/rubrique\/gazette\/\"},{\"@type\":\"ListItem\",\"position\":3,\"name\":\"Voyages\"}]},{\"@type\":\"WebSite\",\"@id\":\"https:\/\/centcols.org\/#website\",\"url\":\"https:\/\/centcols.org\/\",\"name\":\"Club des Cent Cols\",\"description\":\"\",\"publisher\":{\"@id\":\"https:\/\/centcols.org\/#organization\"},\"potentialAction\":[{\"@type\":\"SearchAction\",\"target\":{\"@type\":\"EntryPoint\",\"urlTemplate\":\"https:\/\/centcols.org\/?s={search_term_string}\"},\"query-input\":{\"@type\":\"PropertyValueSpecification\",\"valueRequired\":true,\"valueName\":\"search_term_string\"}}],\"inLanguage\":\"es\"},{\"@type\":\"Organization\",\"@id\":\"https:\/\/centcols.org\/#organization\",\"name\":\"Club des Cent Cols\",\"url\":\"https:\/\/centcols.org\/\",\"logo\":{\"@type\":\"ImageObject\",\"inLanguage\":\"es\",\"@id\":\"https:\/\/centcols.org\/#\/schema\/logo\/image\/\",\"url\":\"https:\/\/centcols.org\/wp-content\/uploads\/2025\/01\/carte-icone.png\",\"contentUrl\":\"https:\/\/centcols.org\/wp-content\/uploads\/2025\/01\/carte-icone.png\",\"width\":250,\"height\":250,\"caption\":\"Club des Cent Cols\"},\"image\":{\"@id\":\"https:\/\/centcols.org\/#\/schema\/logo\/image\/\"},\"sameAs\":[\"https:\/\/www.facebook.com\/groups\/5261880558\/?locale=fr_FR\"]},{\"@type\":\"Person\",\"@id\":\"https:\/\/centcols.org\/#\/schema\/person\/6733615a03fdc98c0aef104567c81e13\",\"name\":\"R\u00e9gis Paraz\",\"image\":{\"@type\":\"ImageObject\",\"inLanguage\":\"es\",\"@id\":\"https:\/\/centcols.org\/wp-content\/litespeed\/avatar\/e5679bd124a28f7319d109cd5c2c0dd7.jpg?ver=1777239746\",\"url\":\"https:\/\/centcols.org\/wp-content\/litespeed\/avatar\/e5679bd124a28f7319d109cd5c2c0dd7.jpg?ver=1777239746\",\"contentUrl\":\"https:\/\/centcols.org\/wp-content\/litespeed\/avatar\/e5679bd124a28f7319d109cd5c2c0dd7.jpg?ver=1777239746\",\"caption\":\"R\u00e9gis Paraz\"},\"url\":\"https:\/\/centcols.org\/es\/author\/3225\/\"}]}<\/script>\n<!-- \/ Yoast SEO plugin. -->","yoast_head_json":{"title":"En bicicleta del Lago Lem\u00e1n al Adri\u00e1tico - Club des Cent Cols","description":"Sum\u00e9rjase en la aventura de una inolvidable excursi\u00f3n en bicicleta que une el lago Lem\u00e1n con Trieste a trav\u00e9s de los grandes puertos de los Alpes.","robots":{"index":"index","follow":"follow","max-snippet":"max-snippet:-1","max-image-preview":"max-image-preview:large","max-video-preview":"max-video-preview:-1"},"canonical":"https:\/\/centcols.org\/es\/thonon-trieste-fred-singla-2025\/","next":"https:\/\/centcols.org\/thonon-trieste-fred-singla-2025\/2\/","og_locale":"es_ES","og_type":"article","og_title":"Randonn\u00e9e \u00e0 v\u00e9lo du lac L\u00e9man \u00e0 l'Adriatique - Club des Cent Cols","og_description":"Plongez dans l'aventure d'une randonn\u00e9e \u00e0 v\u00e9lo inoubliable, reliant le lac L\u00e9man \u00e0 Trieste par de grands cols des Alpes.","og_url":"https:\/\/centcols.org\/es\/thonon-trieste-fred-singla-2025\/","og_site_name":"Club des Cent Cols","article_publisher":"https:\/\/www.facebook.com\/groups\/5261880558\/?locale=fr_FR","article_published_time":"2025-11-14T12:03:05+00:00","article_modified_time":"2026-02-12T19:29:31+00:00","og_image":[{"width":1200,"height":802,"url":"https:\/\/centcols.org\/wp-content\/uploads\/2025\/10\/Thonon-Trieste-FS_etape09-07-1.jpg","type":"image\/jpeg"}],"author":"R\u00e9gis Paraz","twitter_card":"summary_large_image","twitter_misc":{"Escrito por":"R\u00e9gis Paraz","Tiempo de lectura":"92 minutos"},"schema":{"@context":"https:\/\/schema.org","@graph":[{"@type":"Article","@id":"https:\/\/centcols.org\/thonon-trieste-fred-singla-2025\/#article","isPartOf":{"@id":"https:\/\/centcols.org\/thonon-trieste-fred-singla-2025\/"},"author":{"name":"R\u00e9gis Paraz","@id":"https:\/\/centcols.org\/#\/schema\/person\/6733615a03fdc98c0aef104567c81e13"},"headline":"Thonon Trieste : Fred Singla cc 5173","datePublished":"2025-11-14T12:03:05+00:00","dateModified":"2026-02-12T19:29:31+00:00","mainEntityOfPage":{"@id":"https:\/\/centcols.org\/thonon-trieste-fred-singla-2025\/"},"wordCount":8086,"commentCount":34,"publisher":{"@id":"https:\/\/centcols.org\/#organization"},"image":{"@id":"https:\/\/centcols.org\/thonon-trieste-fred-singla-2025\/#primaryimage"},"thumbnailUrl":"https:\/\/centcols.org\/wp-content\/uploads\/2025\/10\/Thonon-Trieste-FS_etape09-07-1.jpg","articleSection":["Voyages","Gazette"],"inLanguage":"es","potentialAction":[{"@type":"CommentAction","name":"Comment","target":["https:\/\/centcols.org\/thonon-trieste-fred-singla-2025\/#respond"]}]},{"@type":"WebPage","@id":"https:\/\/centcols.org\/thonon-trieste-fred-singla-2025\/","url":"https:\/\/centcols.org\/thonon-trieste-fred-singla-2025\/","name":"En bicicleta del Lago Lem\u00e1n al Adri\u00e1tico - Club des Cent Cols","isPartOf":{"@id":"https:\/\/centcols.org\/#website"},"primaryImageOfPage":{"@id":"https:\/\/centcols.org\/thonon-trieste-fred-singla-2025\/#primaryimage"},"image":{"@id":"https:\/\/centcols.org\/thonon-trieste-fred-singla-2025\/#primaryimage"},"thumbnailUrl":"https:\/\/centcols.org\/wp-content\/uploads\/2025\/10\/Thonon-Trieste-FS_etape09-07-1.jpg","datePublished":"2025-11-14T12:03:05+00:00","dateModified":"2026-02-12T19:29:31+00:00","description":"Sum\u00e9rjase en la aventura de una inolvidable excursi\u00f3n en bicicleta que une el lago Lem\u00e1n con Trieste a trav\u00e9s de los grandes puertos de los Alpes.","breadcrumb":{"@id":"https:\/\/centcols.org\/thonon-trieste-fred-singla-2025\/#breadcrumb"},"inLanguage":"es","potentialAction":[{"@type":"ReadAction","target":["https:\/\/centcols.org\/thonon-trieste-fred-singla-2025\/"]}]},{"@type":"ImageObject","inLanguage":"es","@id":"https:\/\/centcols.org\/thonon-trieste-fred-singla-2025\/#primaryimage","url":"https:\/\/centcols.org\/wp-content\/uploads\/2025\/10\/Thonon-Trieste-FS_etape09-07-1.jpg","contentUrl":"https:\/\/centcols.org\/wp-content\/uploads\/2025\/10\/Thonon-Trieste-FS_etape09-07-1.jpg","width":1200,"height":802},{"@type":"BreadcrumbList","@id":"https:\/\/centcols.org\/thonon-trieste-fred-singla-2025\/#breadcrumb","itemListElement":[{"@type":"ListItem","position":1,"name":"Accueil","item":"https:\/\/centcols.org\/"},{"@type":"ListItem","position":2,"name":"Gazette","item":"https:\/\/centcols.org\/rubrique\/gazette\/"},{"@type":"ListItem","position":3,"name":"Voyages"}]},{"@type":"WebSite","@id":"https:\/\/centcols.org\/#website","url":"https:\/\/centcols.org\/","name":"Club des Cent Cols","description":"","publisher":{"@id":"https:\/\/centcols.org\/#organization"},"potentialAction":[{"@type":"SearchAction","target":{"@type":"EntryPoint","urlTemplate":"https:\/\/centcols.org\/?s={search_term_string}"},"query-input":{"@type":"PropertyValueSpecification","valueRequired":true,"valueName":"search_term_string"}}],"inLanguage":"es"},{"@type":"Organization","@id":"https:\/\/centcols.org\/#organization","name":"Club des Cent Cols","url":"https:\/\/centcols.org\/","logo":{"@type":"ImageObject","inLanguage":"es","@id":"https:\/\/centcols.org\/#\/schema\/logo\/image\/","url":"https:\/\/centcols.org\/wp-content\/uploads\/2025\/01\/carte-icone.png","contentUrl":"https:\/\/centcols.org\/wp-content\/uploads\/2025\/01\/carte-icone.png","width":250,"height":250,"caption":"Club des Cent Cols"},"image":{"@id":"https:\/\/centcols.org\/#\/schema\/logo\/image\/"},"sameAs":["https:\/\/www.facebook.com\/groups\/5261880558\/?locale=fr_FR"]},{"@type":"Person","@id":"https:\/\/centcols.org\/#\/schema\/person\/6733615a03fdc98c0aef104567c81e13","name":"R\u00e9gis Paraz","image":{"@type":"ImageObject","inLanguage":"es","@id":"https:\/\/centcols.org\/wp-content\/litespeed\/avatar\/e5679bd124a28f7319d109cd5c2c0dd7.jpg?ver=1777239746","url":"https:\/\/centcols.org\/wp-content\/litespeed\/avatar\/e5679bd124a28f7319d109cd5c2c0dd7.jpg?ver=1777239746","contentUrl":"https:\/\/centcols.org\/wp-content\/litespeed\/avatar\/e5679bd124a28f7319d109cd5c2c0dd7.jpg?ver=1777239746","caption":"R\u00e9gis Paraz"},"url":"https:\/\/centcols.org\/es\/author\/3225\/"}]}},"_links":{"self":[{"href":"https:\/\/centcols.org\/es\/wp-json\/wp\/v2\/posts\/91155","targetHints":{"allow":["GET"]}}],"collection":[{"href":"https:\/\/centcols.org\/es\/wp-json\/wp\/v2\/posts"}],"about":[{"href":"https:\/\/centcols.org\/es\/wp-json\/wp\/v2\/types\/post"}],"author":[{"embeddable":true,"href":"https:\/\/centcols.org\/es\/wp-json\/wp\/v2\/users\/5112"}],"replies":[{"embeddable":true,"href":"https:\/\/centcols.org\/es\/wp-json\/wp\/v2\/comments?post=91155"}],"version-history":[{"count":0,"href":"https:\/\/centcols.org\/es\/wp-json\/wp\/v2\/posts\/91155\/revisions"}],"wp:featuredmedia":[{"embeddable":true,"href":"https:\/\/centcols.org\/es\/wp-json\/wp\/v2\/media\/91787"}],"wp:attachment":[{"href":"https:\/\/centcols.org\/es\/wp-json\/wp\/v2\/media?parent=91155"}],"wp:term":[{"taxonomy":"category","embeddable":true,"href":"https:\/\/centcols.org\/es\/wp-json\/wp\/v2\/categories?post=91155"},{"taxonomy":"post_tag","embeddable":true,"href":"https:\/\/centcols.org\/es\/wp-json\/wp\/v2\/tags?post=91155"}],"curies":[{"name":"wp","href":"https:\/\/api.w.org\/{rel}","templated":true}]}}