{"id":91920,"date":"2025-11-14T18:09:14","date_gmt":"2025-11-14T16:09:14","guid":{"rendered":"https:\/\/centcols.org\/?p=91920"},"modified":"2026-03-14T16:42:53","modified_gmt":"2026-03-14T14:42:53","slug":"fr-84-ruta-de-las-gargantas-de-la-nesque","status":"publish","type":"post","link":"https:\/\/centcols.org\/es\/fr-84-gorges-de-la-nesque-route\/","title":{"rendered":"FR-84 Gorges de la Nesque - Route 101 km, D+ 1460 m, 8 puertos"},"content":{"rendered":"<iframe width=\"100%\" height=\"650\" loading=\"lazy\" src=\"https:\/\/www.openrunner.com\/embed\/7433312b7a35585a504348694356786a6a4b482b346a46675a6f68366a3749705031502b48794e3271414d3d3a3a9358296bd38133d80758ca60c30a7dcb?unit=metric\" style=\"border: none;\"><\/iframe>\n\n\n\n<div style=\"height:30px\" aria-hidden=\"true\" class=\"wp-block-spacer\"><\/div>\n\n\n\n<h2 class=\"wp-block-heading\">Descripci\u00f3n del autor<\/h2>\n\n\n\n<p><strong>Autor<\/strong> : Ren\u00e9 Mercier<br><strong>Curso<\/strong> Finalizado en febrero de 2021<br><strong>Salida<\/strong> En el complejo deportivo de Villes-sur-Auzon, al sur del pueblo. Aparcamientos junto al estadio y las pistas de tenis.<\/p>\n\n\n\n<div style=\"height:30px\" aria-hidden=\"true\" class=\"wp-block-spacer\"><\/div>\n\n\n\n<h2 class=\"wp-block-heading\">Informaci\u00f3n tur\u00edstica<\/h2>\n\n\n\n<p>Un sendero tur\u00edstico que une los pueblos provenzales de Venasque, Murs y Sault, que recomiendo visitar. Det\u00e9ngase en el mirador de Saint-Hubert, en el km 60, para contemplar las gargantas del Nesque y el Mont Ventoux al fondo. Frente a la roca de Cire, el mirador de Castellaras domina las gargantas 4 km despu\u00e9s de Monieux. A lo lejos, se divisa la cara sur del Ventoux y su cima, que suele estar cubierta de nieve hasta mediados de abril: vigila a los ciclistas.<\/p>\n\n\n\n<div style=\"height:30px\" aria-hidden=\"true\" class=\"wp-block-spacer\"><\/div>\n\n\n\n<h2 class=\"wp-block-heading\">Especificaciones t\u00e9cnicas<\/h2>\n\n\n\n<p>La ruta se realiza \u00edntegramente por carretera. Dos peque\u00f1os t\u00faneles (100 m y 50 m) y arcos excavados en la roca en las gargantas de Nesque.<br>Tiendas, aseos y tomas de agua en Sault y Villes-sur-Auzon.<\/p>\n\n\n\n<div style=\"height:30px\" aria-hidden=\"true\" class=\"wp-block-spacer\"><\/div>\n\n\n\n<p><strong>8 collares<\/strong><\/p>\n\n\n\n<figure class=\"wp-block-table\"><table class=\"has-fixed-layout\"><tbody><tr><td>1 - Col de Gravezon <\/td><td class=\"has-text-align-center\" data-align=\"center\">269 m<\/td><td><a href=\"https:\/\/centcols.org\/es\/util\/geo\/visu.php\/?code=FR-84-0269\" target=\"_blank\" rel=\"noreferrer noopener\">FR-84-0269<\/a><\/td><\/tr><tr><td>2 - Paso de Unang<\/td><td class=\"has-text-align-center\" data-align=\"center\">259 m<\/td><td><a href=\"https:\/\/centcols.org\/es\/util\/geo\/visu.php\/?code=FR-84-0259\" target=\"_blank\" rel=\"noreferrer noopener\">FR-84-0259<\/a><\/td><\/tr><tr><td>3 - Col des Trois Termes<\/td><td class=\"has-text-align-center\" data-align=\"center\">574 m<\/td><td><a href=\"https:\/\/centcols.org\/es\/util\/geo\/visu.php\/?code=FR-84-0574\" target=\"_blank\" rel=\"noreferrer noopener\">FR-84-0574<\/a><\/td><\/tr><tr><td>4 - Col de Murs<\/td><td class=\"has-text-align-center\" data-align=\"center\">626 m<\/td><td><a href=\"https:\/\/centcols.org\/es\/util\/geo\/visu.php\/?code=FR-84-0627\" target=\"_blank\" rel=\"noreferrer noopener\">FR-84-0627<\/a><\/td><\/tr><tr><td>5 - Col de la Ligne<\/td><td class=\"has-text-align-center\" data-align=\"center\">755 m<\/td><td><a href=\"https:\/\/centcols.org\/es\/util\/geo\/visu.php\/?code=FR-84-0756\" target=\"_blank\" rel=\"noreferrer noopener\">FR-84-0756<\/a><\/td><\/tr><tr><td>6 - Col de Pie Blanc<\/td><td class=\"has-text-align-center\" data-align=\"center\">749 m<\/td><td><a href=\"https:\/\/centcols.org\/es\/util\/geo\/visu.php\/?code=FR-84-0749\" target=\"_blank\" rel=\"noreferrer noopener\">FR-84-0749<\/a><\/td><\/tr><tr><td>7 - Col Faraud<\/td><td class=\"has-text-align-center\" data-align=\"center\">678 m<\/td><td><a href=\"https:\/\/centcols.org\/es\/util\/geo\/visu.php\/?code=FR-84-0678\" target=\"_blank\" rel=\"noreferrer noopener\">FR-84-0678<\/a><\/td><\/tr><tr><td>8 - Collet de Morel<\/td><td class=\"has-text-align-center\" data-align=\"center\">760 m<\/td><td><a href=\"https:\/\/centcols.org\/es\/util\/geo\/visu.php\/?code=FR-84-0760\" target=\"_blank\" rel=\"noreferrer noopener\">FR-84-0760<\/a><\/td><\/tr><\/tbody><\/table><\/figure>\n\n\n\n<p><strong>Palabras clave<\/strong> Villes-sur-Auzon, Sault, gargantas de la Nesque, Ventoux, centcols<\/p>\n\n\n\n<p>Enlace Openrunner, mapa interactivo, perfil, pista : <a href=\"https:\/\/www.openrunner.com\/route-details\/22876985\">https:\/\/www.openrunner.com\/route-details\/22876985<\/a><\/p>\n\n\n\n<p>Este itinerario se facilita \u00fanicamente a t\u00edtulo informativo. El autor no asume ninguna responsabilidad, ni tampoco el Club des Cent Cols, por los imponderables debidos al propio ciclista, al material utilizado o a cualquier cosa relacionada con la carretera, las pistas y los caminos, su entorno o los dem\u00e1s usuarios.<\/p>\n\n\n\n<div style=\"height:30px\" aria-hidden=\"true\" class=\"wp-block-spacer\"><\/div>\n\n\n\n<h2 class=\"wp-block-heading\">Fotos<\/h2>\n\n\n\n<figure class=\"wp-block-gallery has-nested-images columns-default is-cropped wp-block-gallery-1 is-layout-flex wp-block-gallery-is-layout-flex\">\n<figure class=\"wp-block-image size-large\"><a href=\"https:\/\/centcols.org\/wp-content\/uploads\/2025\/11\/2021-02-1Venasque.jpg\" target=\"_blank\" rel=\" noreferrer noopener\"><img loading=\"lazy\" decoding=\"async\" width=\"1200\" height=\"605\" data-id=\"92024\" src=\"https:\/\/centcols.org\/wp-content\/uploads\/2025\/11\/2021-02-1Venasque.jpg\" alt=\"\" class=\"wp-image-92024\" srcset=\"https:\/\/centcols.org\/wp-content\/uploads\/2025\/11\/2021-02-1Venasque.jpg 1200w, https:\/\/centcols.org\/wp-content\/uploads\/2025\/11\/2021-02-1Venasque-768x387.jpg 768w, https:\/\/centcols.org\/wp-content\/uploads\/2025\/11\/2021-02-1Venasque-18x9.jpg 18w\" sizes=\"auto, (max-width: 1200px) 100vw, 1200px\" \/><\/a><figcaption class=\"wp-element-caption\">Venasque<\/figcaption><\/figure>\n\n\n\n<figure class=\"wp-block-image size-large\"><a href=\"https:\/\/centcols.org\/wp-content\/uploads\/2025\/11\/2021-02-2Belvedere-St-Hubert.jpg\"><img loading=\"lazy\" decoding=\"async\" width=\"1200\" height=\"787\" data-id=\"92025\" src=\"https:\/\/centcols.org\/wp-content\/uploads\/2025\/11\/2021-02-2Belvedere-St-Hubert.jpg\" alt=\"\" class=\"wp-image-92025\" srcset=\"https:\/\/centcols.org\/wp-content\/uploads\/2025\/11\/2021-02-2Belvedere-St-Hubert.jpg 1200w, https:\/\/centcols.org\/wp-content\/uploads\/2025\/11\/2021-02-2Belvedere-St-Hubert-768x504.jpg 768w, https:\/\/centcols.org\/wp-content\/uploads\/2025\/11\/2021-02-2Belvedere-St-Hubert-18x12.jpg 18w\" sizes=\"auto, (max-width: 1200px) 100vw, 1200px\" \/><\/a><figcaption class=\"wp-element-caption\">Belvedere Saint-Hubert<\/figcaption><\/figure>\n\n\n\n<figure class=\"wp-block-image size-large\"><a href=\"https:\/\/centcols.org\/wp-content\/uploads\/2025\/11\/2021-02-3gorges-Nesque.jpg\"><img loading=\"lazy\" decoding=\"async\" width=\"1200\" height=\"768\" data-id=\"92026\" src=\"https:\/\/centcols.org\/wp-content\/uploads\/2025\/11\/2021-02-3gorges-Nesque.jpg\" alt=\"\" class=\"wp-image-92026\" srcset=\"https:\/\/centcols.org\/wp-content\/uploads\/2025\/11\/2021-02-3gorges-Nesque.jpg 1200w, https:\/\/centcols.org\/wp-content\/uploads\/2025\/11\/2021-02-3gorges-Nesque-768x492.jpg 768w, https:\/\/centcols.org\/wp-content\/uploads\/2025\/11\/2021-02-3gorges-Nesque-18x12.jpg 18w\" sizes=\"auto, (max-width: 1200px) 100vw, 1200px\" \/><\/a><figcaption class=\"wp-element-caption\">Gargantas del Nesque<\/figcaption><\/figure>\n\n\n\n<figure class=\"wp-block-image size-large\"><a href=\"https:\/\/centcols.org\/wp-content\/uploads\/2025\/11\/2021-02-4Rocher-de-Cire.jpg\"><img loading=\"lazy\" decoding=\"async\" width=\"1200\" height=\"784\" data-id=\"92027\" src=\"https:\/\/centcols.org\/wp-content\/uploads\/2025\/11\/2021-02-4Rocher-de-Cire.jpg\" alt=\"\" class=\"wp-image-92027\" srcset=\"https:\/\/centcols.org\/wp-content\/uploads\/2025\/11\/2021-02-4Rocher-de-Cire.jpg 1200w, https:\/\/centcols.org\/wp-content\/uploads\/2025\/11\/2021-02-4Rocher-de-Cire-768x502.jpg 768w, https:\/\/centcols.org\/wp-content\/uploads\/2025\/11\/2021-02-4Rocher-de-Cire-18x12.jpg 18w\" sizes=\"auto, (max-width: 1200px) 100vw, 1200px\" \/><\/a><figcaption class=\"wp-element-caption\">Rocher du Cire<\/figcaption><\/figure>\n\n\n\n<figure class=\"wp-block-image size-large\"><a href=\"https:\/\/centcols.org\/wp-content\/uploads\/2025\/11\/2021-02-5gorges-Nesque.jpg\"><img loading=\"lazy\" decoding=\"async\" width=\"1200\" height=\"833\" data-id=\"92028\" src=\"https:\/\/centcols.org\/wp-content\/uploads\/2025\/11\/2021-02-5gorges-Nesque.jpg\" alt=\"\" class=\"wp-image-92028\" srcset=\"https:\/\/centcols.org\/wp-content\/uploads\/2025\/11\/2021-02-5gorges-Nesque.jpg 1200w, https:\/\/centcols.org\/wp-content\/uploads\/2025\/11\/2021-02-5gorges-Nesque-768x533.jpg 768w, https:\/\/centcols.org\/wp-content\/uploads\/2025\/11\/2021-02-5gorges-Nesque-18x12.jpg 18w\" sizes=\"auto, (max-width: 1200px) 100vw, 1200px\" \/><\/a><figcaption class=\"wp-element-caption\">Mirador de Castellaras<\/figcaption><\/figure>\n\n\n\n<figure class=\"wp-block-image size-large\"><a href=\"https:\/\/centcols.org\/wp-content\/uploads\/2025\/11\/2021-02-6Nesque-Ventoux.jpg\"><img loading=\"lazy\" decoding=\"async\" width=\"1200\" height=\"690\" data-id=\"92029\" src=\"https:\/\/centcols.org\/wp-content\/uploads\/2025\/11\/2021-02-6Nesque-Ventoux.jpg\" alt=\"\" class=\"wp-image-92029\" srcset=\"https:\/\/centcols.org\/wp-content\/uploads\/2025\/11\/2021-02-6Nesque-Ventoux.jpg 1200w, https:\/\/centcols.org\/wp-content\/uploads\/2025\/11\/2021-02-6Nesque-Ventoux-768x442.jpg 768w, https:\/\/centcols.org\/wp-content\/uploads\/2025\/11\/2021-02-6Nesque-Ventoux-18x10.jpg 18w\" sizes=\"auto, (max-width: 1200px) 100vw, 1200px\" \/><\/a><figcaption class=\"wp-element-caption\">Mont Ventoux<\/figcaption><\/figure>\n<\/figure>","protected":false},"excerpt":{"rendered":"<p>Description de l\u2019auteur Auteur : Ren\u00e9 MercierParcours : effectu\u00e9 en f\u00e9vrier 2021D\u00e9part : complexe sportif de Villes-sur-Auzon, au sud du village. Parkings \u00e0 c\u00f4t\u00e9 du stade et des courts de tennis. Descriptif touristique Parcours touristique qui relie les villages proven\u00e7aux perch\u00e9s de Venasque, Murs et Sault, que je conseille de visiter. S&rsquo;arr\u00eater au belv\u00e9d\u00e8re de [&hellip;]<\/p>\n","protected":false},"author":1726,"featured_media":92026,"comment_status":"open","ping_status":"open","sticky":false,"template":"","format":"standard","meta":{"_acf_changed":false,"footnotes":""},"categories":[303,318,325,343,456,220],"tags":[],"class_list":["post-91920","post","type-post","status-publish","format-standard","has-post-thumbnail","hentry","category-parcours-france","category-route-type-parcours","category-departement","category-provence-alpes-cote-dazur-parcours-membres","category-84-vaucluse-parcours","category-parcours-membres"],"acf":[],"yoast_head":"<!-- This site is optimized with the Yoast SEO plugin v27.2 - https:\/\/yoast.com\/product\/yoast-seo-wordpress\/ -->\n<title>FR-84 Gorges de la Nesque \u2013 Route 101 km, D+ 1460 m, 8 cols - Club des Cent Cols<\/title>\n<meta name=\"robots\" content=\"index, follow, max-snippet:-1, max-image-preview:large, max-video-preview:-1\" \/>\n<link rel=\"canonical\" href=\"https:\/\/centcols.org\/es\/fr-84-ruta-de-las-gargantas-de-la-nesque\/\" \/>\n<meta property=\"og:locale\" content=\"es_ES\" \/>\n<meta property=\"og:type\" content=\"article\" \/>\n<meta property=\"og:title\" content=\"FR-84 Gorges de la Nesque \u2013 Route 101 km, D+ 1460 m, 8 cols - Club des Cent Cols\" \/>\n<meta property=\"og:description\" content=\"Description de l\u2019auteur Auteur : Ren\u00e9 MercierParcours : effectu\u00e9 en f\u00e9vrier 2021D\u00e9part : complexe sportif de Villes-sur-Auzon, au sud du village. Parkings \u00e0 c\u00f4t\u00e9 du stade et des courts de tennis. Descriptif touristique Parcours touristique qui relie les villages proven\u00e7aux perch\u00e9s de Venasque, Murs et Sault, que je conseille de visiter. S&rsquo;arr\u00eater au belv\u00e9d\u00e8re de [&hellip;]\" \/>\n<meta property=\"og:url\" content=\"https:\/\/centcols.org\/es\/fr-84-ruta-de-las-gargantas-de-la-nesque\/\" \/>\n<meta property=\"og:site_name\" content=\"Club des Cent Cols\" \/>\n<meta property=\"article:publisher\" content=\"https:\/\/www.facebook.com\/groups\/5261880558\/?locale=fr_FR\" \/>\n<meta property=\"article:published_time\" content=\"2025-11-14T16:09:14+00:00\" \/>\n<meta property=\"article:modified_time\" content=\"2026-03-14T14:42:53+00:00\" \/>\n<meta property=\"og:image\" content=\"https:\/\/centcols.org\/wp-content\/uploads\/2025\/11\/2021-02-3gorges-Nesque.jpg\" \/>\n\t<meta property=\"og:image:width\" content=\"1200\" \/>\n\t<meta property=\"og:image:height\" content=\"768\" \/>\n\t<meta property=\"og:image:type\" content=\"image\/jpeg\" \/>\n<meta name=\"author\" content=\"Ren\u00e9 Mercier\" \/>\n<meta name=\"twitter:card\" content=\"summary_large_image\" \/>\n<meta name=\"twitter:label1\" content=\"Escrito por\" \/>\n\t<meta name=\"twitter:data1\" content=\"Ren\u00e9 Mercier\" \/>\n\t<meta name=\"twitter:label2\" content=\"Tiempo de lectura\" \/>\n\t<meta name=\"twitter:data2\" content=\"3 minutos\" \/>\n<script type=\"application\/ld+json\" class=\"yoast-schema-graph\">{\"@context\":\"https:\/\/schema.org\",\"@graph\":[{\"@type\":\"Article\",\"@id\":\"https:\/\/centcols.org\/nl\/fr-84-gorges-de-la-nesque-route\/#article\",\"isPartOf\":{\"@id\":\"https:\/\/centcols.org\/nl\/fr-84-gorges-de-la-nesque-route\/\"},\"author\":{\"name\":\"Ren\u00e9 Mercier\",\"@id\":\"https:\/\/centcols.org\/#\/schema\/person\/0cc8f723679c98f3fb7798df5a50c018\"},\"headline\":\"FR-84 Gorges de la Nesque \u2013 Route 101 km, D+ 1460 m, 8 cols\",\"datePublished\":\"2025-11-14T16:09:14+00:00\",\"dateModified\":\"2026-03-14T14:42:53+00:00\",\"mainEntityOfPage\":{\"@id\":\"https:\/\/centcols.org\/nl\/fr-84-gorges-de-la-nesque-route\/\"},\"wordCount\":312,\"commentCount\":0,\"publisher\":{\"@id\":\"https:\/\/centcols.org\/#organization\"},\"image\":{\"@id\":\"https:\/\/centcols.org\/nl\/fr-84-gorges-de-la-nesque-route\/#primaryimage\"},\"thumbnailUrl\":\"https:\/\/centcols.org\/wp-content\/uploads\/2025\/11\/2021-02-3gorges-Nesque.jpg\",\"articleSection\":[\"Parcours France\",\"Route\",\"D\u00e9partement\",\"Provence-Alpes-C\u00f4te d'Azur\",\"84-Vaucluse\",\"Parcours membres\"],\"inLanguage\":\"es\",\"potentialAction\":[{\"@type\":\"CommentAction\",\"name\":\"Comment\",\"target\":[\"https:\/\/centcols.org\/nl\/fr-84-gorges-de-la-nesque-route\/#respond\"]}]},{\"@type\":\"WebPage\",\"@id\":\"https:\/\/centcols.org\/nl\/fr-84-gorges-de-la-nesque-route\/\",\"url\":\"https:\/\/centcols.org\/nl\/fr-84-gorges-de-la-nesque-route\/\",\"name\":\"FR-84 Gorges de la Nesque \u2013 Route 101 km, D+ 1460 m, 8 cols - Club des Cent Cols\",\"isPartOf\":{\"@id\":\"https:\/\/centcols.org\/#website\"},\"primaryImageOfPage\":{\"@id\":\"https:\/\/centcols.org\/nl\/fr-84-gorges-de-la-nesque-route\/#primaryimage\"},\"image\":{\"@id\":\"https:\/\/centcols.org\/nl\/fr-84-gorges-de-la-nesque-route\/#primaryimage\"},\"thumbnailUrl\":\"https:\/\/centcols.org\/wp-content\/uploads\/2025\/11\/2021-02-3gorges-Nesque.jpg\",\"datePublished\":\"2025-11-14T16:09:14+00:00\",\"dateModified\":\"2026-03-14T14:42:53+00:00\",\"breadcrumb\":{\"@id\":\"https:\/\/centcols.org\/nl\/fr-84-gorges-de-la-nesque-route\/#breadcrumb\"},\"inLanguage\":\"es\",\"potentialAction\":[{\"@type\":\"ReadAction\",\"target\":[\"https:\/\/centcols.org\/nl\/fr-84-gorges-de-la-nesque-route\/\"]}]},{\"@type\":\"ImageObject\",\"inLanguage\":\"es\",\"@id\":\"https:\/\/centcols.org\/nl\/fr-84-gorges-de-la-nesque-route\/#primaryimage\",\"url\":\"https:\/\/centcols.org\/wp-content\/uploads\/2025\/11\/2021-02-3gorges-Nesque.jpg\",\"contentUrl\":\"https:\/\/centcols.org\/wp-content\/uploads\/2025\/11\/2021-02-3gorges-Nesque.jpg\",\"width\":1200,\"height\":768},{\"@type\":\"BreadcrumbList\",\"@id\":\"https:\/\/centcols.org\/nl\/fr-84-gorges-de-la-nesque-route\/#breadcrumb\",\"itemListElement\":[{\"@type\":\"ListItem\",\"position\":1,\"name\":\"Accueil\",\"item\":\"https:\/\/centcols.org\/\"},{\"@type\":\"ListItem\",\"position\":2,\"name\":\"Parcours membres\",\"item\":\"https:\/\/centcols.org\/rubrique\/parcours-membres\/\"},{\"@type\":\"ListItem\",\"position\":3,\"name\":\"Pays\",\"item\":\"https:\/\/centcols.org\/rubrique\/parcours-membres\/pays-parcours-membres\/\"},{\"@type\":\"ListItem\",\"position\":4,\"name\":\"Parcours France\",\"item\":\"https:\/\/centcols.org\/rubrique\/parcours-membres\/pays-parcours-membres\/parcours-france\/\"},{\"@type\":\"ListItem\",\"position\":5,\"name\":\"FR-84 Gorges de la Nesque \u2013 Route 101 km, D+ 1460 m, 8 cols\"}]},{\"@type\":\"WebSite\",\"@id\":\"https:\/\/centcols.org\/#website\",\"url\":\"https:\/\/centcols.org\/\",\"name\":\"Club des Cent Cols\",\"description\":\"\",\"publisher\":{\"@id\":\"https:\/\/centcols.org\/#organization\"},\"potentialAction\":[{\"@type\":\"SearchAction\",\"target\":{\"@type\":\"EntryPoint\",\"urlTemplate\":\"https:\/\/centcols.org\/?s={search_term_string}\"},\"query-input\":{\"@type\":\"PropertyValueSpecification\",\"valueRequired\":true,\"valueName\":\"search_term_string\"}}],\"inLanguage\":\"es\"},{\"@type\":\"Organization\",\"@id\":\"https:\/\/centcols.org\/#organization\",\"name\":\"Club des Cent Cols\",\"url\":\"https:\/\/centcols.org\/\",\"logo\":{\"@type\":\"ImageObject\",\"inLanguage\":\"es\",\"@id\":\"https:\/\/centcols.org\/#\/schema\/logo\/image\/\",\"url\":\"https:\/\/centcols.org\/wp-content\/uploads\/2025\/01\/carte-icone.png\",\"contentUrl\":\"https:\/\/centcols.org\/wp-content\/uploads\/2025\/01\/carte-icone.png\",\"width\":250,\"height\":250,\"caption\":\"Club des Cent Cols\"},\"image\":{\"@id\":\"https:\/\/centcols.org\/#\/schema\/logo\/image\/\"},\"sameAs\":[\"https:\/\/www.facebook.com\/groups\/5261880558\/?locale=fr_FR\"]},{\"@type\":\"Person\",\"@id\":\"https:\/\/centcols.org\/#\/schema\/person\/0cc8f723679c98f3fb7798df5a50c018\",\"name\":\"Ren\u00e9 Mercier\",\"image\":{\"@type\":\"ImageObject\",\"inLanguage\":\"es\",\"@id\":\"https:\/\/centcols.org\/wp-content\/litespeed\/avatar\/c2275eeaf79d4f7456274de381abeeab.jpg?ver=1777347562\",\"url\":\"https:\/\/centcols.org\/wp-content\/litespeed\/avatar\/c2275eeaf79d4f7456274de381abeeab.jpg?ver=1777347562\",\"contentUrl\":\"https:\/\/centcols.org\/wp-content\/litespeed\/avatar\/c2275eeaf79d4f7456274de381abeeab.jpg?ver=1777347562\",\"caption\":\"Ren\u00e9 Mercier\"},\"url\":\"https:\/\/centcols.org\/es\/author\/7552\/\"}]}<\/script>\n<!-- \/ Yoast SEO plugin. -->","yoast_head_json":{"title":"FR-84 Gorges de la Nesque - Ruta 101 km, D+ 1460 m, 8 cols - Club des Cent Cols","robots":{"index":"index","follow":"follow","max-snippet":"max-snippet:-1","max-image-preview":"max-image-preview:large","max-video-preview":"max-video-preview:-1"},"canonical":"https:\/\/centcols.org\/es\/fr-84-ruta-de-las-gargantas-de-la-nesque\/","og_locale":"es_ES","og_type":"article","og_title":"FR-84 Gorges de la Nesque \u2013 Route 101 km, D+ 1460 m, 8 cols - Club des Cent Cols","og_description":"Description de l\u2019auteur Auteur : Ren\u00e9 MercierParcours : effectu\u00e9 en f\u00e9vrier 2021D\u00e9part : complexe sportif de Villes-sur-Auzon, au sud du village. Parkings \u00e0 c\u00f4t\u00e9 du stade et des courts de tennis. Descriptif touristique Parcours touristique qui relie les villages proven\u00e7aux perch\u00e9s de Venasque, Murs et Sault, que je conseille de visiter. S&rsquo;arr\u00eater au belv\u00e9d\u00e8re de [&hellip;]","og_url":"https:\/\/centcols.org\/es\/fr-84-ruta-de-las-gargantas-de-la-nesque\/","og_site_name":"Club des Cent Cols","article_publisher":"https:\/\/www.facebook.com\/groups\/5261880558\/?locale=fr_FR","article_published_time":"2025-11-14T16:09:14+00:00","article_modified_time":"2026-03-14T14:42:53+00:00","og_image":[{"width":1200,"height":768,"url":"https:\/\/centcols.org\/wp-content\/uploads\/2025\/11\/2021-02-3gorges-Nesque.jpg","type":"image\/jpeg"}],"author":"Ren\u00e9 Mercier","twitter_card":"summary_large_image","twitter_misc":{"Escrito por":"Ren\u00e9 Mercier","Tiempo de lectura":"3 minutos"},"schema":{"@context":"https:\/\/schema.org","@graph":[{"@type":"Article","@id":"https:\/\/centcols.org\/nl\/fr-84-gorges-de-la-nesque-route\/#article","isPartOf":{"@id":"https:\/\/centcols.org\/nl\/fr-84-gorges-de-la-nesque-route\/"},"author":{"name":"Ren\u00e9 Mercier","@id":"https:\/\/centcols.org\/#\/schema\/person\/0cc8f723679c98f3fb7798df5a50c018"},"headline":"FR-84 Gorges de la Nesque \u2013 Route 101 km, D+ 1460 m, 8 cols","datePublished":"2025-11-14T16:09:14+00:00","dateModified":"2026-03-14T14:42:53+00:00","mainEntityOfPage":{"@id":"https:\/\/centcols.org\/nl\/fr-84-gorges-de-la-nesque-route\/"},"wordCount":312,"commentCount":0,"publisher":{"@id":"https:\/\/centcols.org\/#organization"},"image":{"@id":"https:\/\/centcols.org\/nl\/fr-84-gorges-de-la-nesque-route\/#primaryimage"},"thumbnailUrl":"https:\/\/centcols.org\/wp-content\/uploads\/2025\/11\/2021-02-3gorges-Nesque.jpg","articleSection":["Parcours France","Route","D\u00e9partement","Provence-Alpes-C\u00f4te d'Azur","84-Vaucluse","Parcours membres"],"inLanguage":"es","potentialAction":[{"@type":"CommentAction","name":"Comment","target":["https:\/\/centcols.org\/nl\/fr-84-gorges-de-la-nesque-route\/#respond"]}]},{"@type":"WebPage","@id":"https:\/\/centcols.org\/nl\/fr-84-gorges-de-la-nesque-route\/","url":"https:\/\/centcols.org\/nl\/fr-84-gorges-de-la-nesque-route\/","name":"FR-84 Gorges de la Nesque - Ruta 101 km, D+ 1460 m, 8 cols - Club des Cent Cols","isPartOf":{"@id":"https:\/\/centcols.org\/#website"},"primaryImageOfPage":{"@id":"https:\/\/centcols.org\/nl\/fr-84-gorges-de-la-nesque-route\/#primaryimage"},"image":{"@id":"https:\/\/centcols.org\/nl\/fr-84-gorges-de-la-nesque-route\/#primaryimage"},"thumbnailUrl":"https:\/\/centcols.org\/wp-content\/uploads\/2025\/11\/2021-02-3gorges-Nesque.jpg","datePublished":"2025-11-14T16:09:14+00:00","dateModified":"2026-03-14T14:42:53+00:00","breadcrumb":{"@id":"https:\/\/centcols.org\/nl\/fr-84-gorges-de-la-nesque-route\/#breadcrumb"},"inLanguage":"es","potentialAction":[{"@type":"ReadAction","target":["https:\/\/centcols.org\/nl\/fr-84-gorges-de-la-nesque-route\/"]}]},{"@type":"ImageObject","inLanguage":"es","@id":"https:\/\/centcols.org\/nl\/fr-84-gorges-de-la-nesque-route\/#primaryimage","url":"https:\/\/centcols.org\/wp-content\/uploads\/2025\/11\/2021-02-3gorges-Nesque.jpg","contentUrl":"https:\/\/centcols.org\/wp-content\/uploads\/2025\/11\/2021-02-3gorges-Nesque.jpg","width":1200,"height":768},{"@type":"BreadcrumbList","@id":"https:\/\/centcols.org\/nl\/fr-84-gorges-de-la-nesque-route\/#breadcrumb","itemListElement":[{"@type":"ListItem","position":1,"name":"Accueil","item":"https:\/\/centcols.org\/"},{"@type":"ListItem","position":2,"name":"Parcours membres","item":"https:\/\/centcols.org\/rubrique\/parcours-membres\/"},{"@type":"ListItem","position":3,"name":"Pays","item":"https:\/\/centcols.org\/rubrique\/parcours-membres\/pays-parcours-membres\/"},{"@type":"ListItem","position":4,"name":"Parcours France","item":"https:\/\/centcols.org\/rubrique\/parcours-membres\/pays-parcours-membres\/parcours-france\/"},{"@type":"ListItem","position":5,"name":"FR-84 Gorges de la Nesque \u2013 Route 101 km, D+ 1460 m, 8 cols"}]},{"@type":"WebSite","@id":"https:\/\/centcols.org\/#website","url":"https:\/\/centcols.org\/","name":"Club des Cent Cols","description":"","publisher":{"@id":"https:\/\/centcols.org\/#organization"},"potentialAction":[{"@type":"SearchAction","target":{"@type":"EntryPoint","urlTemplate":"https:\/\/centcols.org\/?s={search_term_string}"},"query-input":{"@type":"PropertyValueSpecification","valueRequired":true,"valueName":"search_term_string"}}],"inLanguage":"es"},{"@type":"Organization","@id":"https:\/\/centcols.org\/#organization","name":"Club des Cent Cols","url":"https:\/\/centcols.org\/","logo":{"@type":"ImageObject","inLanguage":"es","@id":"https:\/\/centcols.org\/#\/schema\/logo\/image\/","url":"https:\/\/centcols.org\/wp-content\/uploads\/2025\/01\/carte-icone.png","contentUrl":"https:\/\/centcols.org\/wp-content\/uploads\/2025\/01\/carte-icone.png","width":250,"height":250,"caption":"Club des Cent Cols"},"image":{"@id":"https:\/\/centcols.org\/#\/schema\/logo\/image\/"},"sameAs":["https:\/\/www.facebook.com\/groups\/5261880558\/?locale=fr_FR"]},{"@type":"Person","@id":"https:\/\/centcols.org\/#\/schema\/person\/0cc8f723679c98f3fb7798df5a50c018","name":"Ren\u00e9 Mercier","image":{"@type":"ImageObject","inLanguage":"es","@id":"https:\/\/centcols.org\/wp-content\/litespeed\/avatar\/c2275eeaf79d4f7456274de381abeeab.jpg?ver=1777347562","url":"https:\/\/centcols.org\/wp-content\/litespeed\/avatar\/c2275eeaf79d4f7456274de381abeeab.jpg?ver=1777347562","contentUrl":"https:\/\/centcols.org\/wp-content\/litespeed\/avatar\/c2275eeaf79d4f7456274de381abeeab.jpg?ver=1777347562","caption":"Ren\u00e9 Mercier"},"url":"https:\/\/centcols.org\/es\/author\/7552\/"}]}},"_links":{"self":[{"href":"https:\/\/centcols.org\/es\/wp-json\/wp\/v2\/posts\/91920","targetHints":{"allow":["GET"]}}],"collection":[{"href":"https:\/\/centcols.org\/es\/wp-json\/wp\/v2\/posts"}],"about":[{"href":"https:\/\/centcols.org\/es\/wp-json\/wp\/v2\/types\/post"}],"author":[{"embeddable":true,"href":"https:\/\/centcols.org\/es\/wp-json\/wp\/v2\/users\/1726"}],"replies":[{"embeddable":true,"href":"https:\/\/centcols.org\/es\/wp-json\/wp\/v2\/comments?post=91920"}],"version-history":[{"count":0,"href":"https:\/\/centcols.org\/es\/wp-json\/wp\/v2\/posts\/91920\/revisions"}],"wp:featuredmedia":[{"embeddable":true,"href":"https:\/\/centcols.org\/es\/wp-json\/wp\/v2\/media\/92026"}],"wp:attachment":[{"href":"https:\/\/centcols.org\/es\/wp-json\/wp\/v2\/media?parent=91920"}],"wp:term":[{"taxonomy":"category","embeddable":true,"href":"https:\/\/centcols.org\/es\/wp-json\/wp\/v2\/categories?post=91920"},{"taxonomy":"post_tag","embeddable":true,"href":"https:\/\/centcols.org\/es\/wp-json\/wp\/v2\/tags?post=91920"}],"curies":[{"name":"wp","href":"https:\/\/api.w.org\/{rel}","templated":true}]}}