{"id":91930,"date":"2025-11-12T20:04:37","date_gmt":"2025-11-12T18:04:37","guid":{"rendered":"https:\/\/centcols.org\/?p=91930"},"modified":"2026-01-22T14:02:47","modified_gmt":"2026-01-22T12:02:47","slug":"la-cyclomontagnarde-de-haute-savoie-06-y-07-junio-2026","status":"publish","type":"post","link":"https:\/\/centcols.org\/es\/la-cyclomontagnarde-de-haute-savoie-06-et-07-juin-2026\/","title":{"rendered":"La cyclomontagnarde de Haute-Savoie 06 y 07 de junio de 2026"},"content":{"rendered":"<div style=\"height:50px\" aria-hidden=\"true\" class=\"wp-block-spacer\"><\/div>\n\n\n\n<h2 class=\"wp-block-heading\">Fechas<\/h2>\n\n\n\n<figure class=\"wp-block-table\"><table class=\"has-fixed-layout\"><tbody><tr><td><strong>Una ruta de 218 km con 4.3318 m de D+.<\/strong>&nbsp;para hacer en 1 d\u00eda (<strong>07 junio<\/strong>) o 2 d\u00edas (<strong>06 y 07 de junio<\/strong> alojamiento en Samo\u00ebns) para descubrir los valles alpinos y las monta\u00f1as de la regi\u00f3n de Annecy.<\/td><\/tr><tr><td><strong>Tres recorridos de descubrimiento:<\/strong><br>- un vistazo al lago<strong> 35 km y 548 m de D+.<\/strong><br>- entre lagos y monta\u00f1as <strong>75 km y 997 m de D+.<\/strong><br>- Gli\u00e8res irresistibles <strong>120 km y 2300 m de D+.<\/strong><br>a realizar el s\u00e1bado y\/o el domingo<br><\/td><\/tr><tr><td><strong>Dos senderos para bicicletas de monta\u00f1a de 52 km y 1049 m de D+ y un sendero familiar de 16 km y 318 m de D+.<\/strong> a realizar el s\u00e1bado y\/o el domingo<\/td><\/tr><\/tbody><\/table><\/figure>\n\n\n\n<div class=\"wp-block-columns is-layout-flex wp-container-core-columns-is-layout-9d6595d7 wp-block-columns-is-layout-flex\">\n<div class=\"wp-block-column is-layout-flow wp-block-column-is-layout-flow\" style=\"flex-basis:66.66%\">\n<p class=\"has-medium-font-size\">V<em><strong>a la altura del reto<\/strong><\/em><\/p>\n\n\n\n<p class=\"has-medium-font-size\">Desde Annecy, podr\u00e1 subir cada vez m\u00e1s alto y m\u00e1s lejos. Al salir de la ciudad, se encontrar\u00e1 en un balc\u00f3n con vistas al macizo de Aravis mientras asciende Le Grand Bornand, Le Chinaillon y el Col de la Colombi\u00e8re. Tras descender a Le Reposoir, el Col de Romme le llevar\u00e1 al valle de Faucigny, cuna de la industria de la rosca.<br>De camino al encantador pueblo situado en el coraz\u00f3n del valle del Giffre, pasar\u00e1 por Samo\u00ebns, a 700 m sobre el nivel del mar, dominado por el Col de Joux Plane. En la Edad Media, Samo\u00ebns significaba \u00ablas 7 monta\u00f1as\u00bb. El Col de Joux Plane se encuentra a 1691 m de altitud en la carretera que une Samo\u00ebns y Morzine. La subida desde Samo\u00ebns es la m\u00e1s famosa, ya que es la que utilizan el Tour de Francia y el Crit\u00e9rium du Dauphin\u00e9.<br>Cuando hace buen tiempo, se puede ver el Mont Blanc desde el puerto. El descenso lleva hasta Morzine, un pueblo de 3.000 habitantes con arquitectura t\u00edpica saboyana (chal\u00e9s en flor).<\/p>\n\n\n\n<figure class=\"wp-block-image size-full\"><img loading=\"lazy\" decoding=\"async\" width=\"768\" height=\"430\" src=\"https:\/\/centcols.org\/wp-content\/uploads\/2025\/11\/CM_2026_Profil_Haute_Savoie-768x430-1.png\" alt=\"\" class=\"wp-image-91939\" srcset=\"https:\/\/centcols.org\/wp-content\/uploads\/2025\/11\/CM_2026_Profil_Haute_Savoie-768x430-1.png 768w, https:\/\/centcols.org\/wp-content\/uploads\/2025\/11\/CM_2026_Profil_Haute_Savoie-768x430-1-18x10.png 18w\" sizes=\"auto, (max-width: 768px) 100vw, 768px\" \/><\/figure>\n\n\n\n<p class=\"has-medium-font-size\">Pasar\u00e1 por otra estaci\u00f3n de esqu\u00ed, Les Gets, un ambiente familiar que combina la elegancia y el dinamismo de una estaci\u00f3n con el encanto y la elegancia de un pueblo virgen. Su ubicaci\u00f3n en el Col des Gets le proporciona una generosa capa de nieve y un sol excepcional durante todo el a\u00f1o. Durante todo el a\u00f1o, podr\u00e1 disfrutar de una amplia oferta de actividades culturales y originales. Por ejemplo, el Museo de la M\u00fasica Mec\u00e1nica. <\/p>\n<\/div>\n\n\n\n<div class=\"wp-block-column is-layout-flow wp-block-column-is-layout-flow\" style=\"flex-basis:33.33%\">\n<figure class=\"wp-block-gallery has-nested-images columns-1 is-cropped wp-block-gallery-1 is-layout-flex wp-block-gallery-is-layout-flex\">\n<figure class=\"wp-block-image size-large\"><img loading=\"lazy\" decoding=\"async\" width=\"574\" height=\"242\" data-id=\"91932\" src=\"https:\/\/centcols.org\/wp-content\/uploads\/2025\/11\/Codep-Haute-Savoie.png\" alt=\"\" class=\"wp-image-91932\" srcset=\"https:\/\/centcols.org\/wp-content\/uploads\/2025\/11\/Codep-Haute-Savoie.png 574w, https:\/\/centcols.org\/wp-content\/uploads\/2025\/11\/Codep-Haute-Savoie-18x8.png 18w\" sizes=\"auto, (max-width: 574px) 100vw, 574px\" \/><\/figure>\n\n\n\n<figure class=\"wp-block-image size-large\"><a href=\"https:\/\/centcols.org\/wp-content\/uploads\/2025\/11\/FR-74-1613-Col-de-la-Colombiere-vue-du-col-4.jpg\"><img loading=\"lazy\" decoding=\"async\" width=\"1200\" height=\"900\" data-id=\"91945\" src=\"https:\/\/centcols.org\/wp-content\/uploads\/2025\/11\/FR-74-1613-Col-de-la-Colombiere-vue-du-col-4.jpg\" alt=\"\" class=\"wp-image-91945\" srcset=\"https:\/\/centcols.org\/wp-content\/uploads\/2025\/11\/FR-74-1613-Col-de-la-Colombiere-vue-du-col-4.jpg 1200w, https:\/\/centcols.org\/wp-content\/uploads\/2025\/11\/FR-74-1613-Col-de-la-Colombiere-vue-du-col-4-768x576.jpg 768w, https:\/\/centcols.org\/wp-content\/uploads\/2025\/11\/FR-74-1613-Col-de-la-Colombiere-vue-du-col-4-16x12.jpg 16w\" sizes=\"auto, (max-width: 1200px) 100vw, 1200px\" \/><\/a><figcaption class=\"wp-element-caption\">Vista del Col de la Colombi\u00e8re<\/figcaption><\/figure>\n<\/figure>\n<\/div>\n<\/div>\n\n\n\n<div class=\"wp-block-columns is-layout-flex wp-container-core-columns-is-layout-9d6595d7 wp-block-columns-is-layout-flex\">\n<div class=\"wp-block-column is-layout-flow wp-block-column-is-layout-flow\" style=\"flex-basis:66.66%\">\n<p class=\"has-medium-font-size\">Despu\u00e9s de atravesar por segunda vez el valle de Faucigny, el viaje de vuelta le llevar\u00e1 por el Col des Fleuries, una subida de 8 km con un desnivel de 380 m, y le sumergir\u00e1 en el pueblo de Thorens, cuna de San Francisco de Sales, sacerdote cat\u00f3lico convertido en obispo y uno de los te\u00f3logos m\u00e1s apreciados de su \u00e9poca. Fue muy influyente entre la nobleza local. Proclamado Santo y Doctor de la Iglesia, se le considera patr\u00f3n de periodistas y escritores. El castillo de Thorens conserva sus objetos y obras de arte, en particular su orfebrer\u00eda lit\u00fargica, sus estuches episcopales, sus sellos y sus libros raros. Cerca de la entrada del castillo se ofrecen refrescos.<\/p>\n<\/div>\n\n\n\n<div class=\"wp-block-column is-layout-flow wp-block-column-is-layout-flow\" style=\"flex-basis:33.33%\"><div class=\"wp-block-image\">\n<figure class=\"aligncenter size-full\"><a href=\"https:\/\/centcols.org\/wp-content\/uploads\/2025\/11\/facade-chateaudethorens.webp\"><img loading=\"lazy\" decoding=\"async\" width=\"1080\" height=\"720\" src=\"https:\/\/centcols.org\/wp-content\/uploads\/2025\/11\/facade-chateaudethorens.webp\" alt=\"\" class=\"wp-image-91949\" srcset=\"https:\/\/centcols.org\/wp-content\/uploads\/2025\/11\/facade-chateaudethorens.webp 1080w, https:\/\/centcols.org\/wp-content\/uploads\/2025\/11\/facade-chateaudethorens-768x512.webp 768w, https:\/\/centcols.org\/wp-content\/uploads\/2025\/11\/facade-chateaudethorens-18x12.webp 18w\" sizes=\"auto, (max-width: 1080px) 100vw, 1080px\" \/><\/a><figcaption class=\"wp-element-caption\">Castillo de Thorens<\/figcaption><\/figure>\n<\/div><\/div>\n<\/div>\n\n\n\n<div class=\"wp-block-buttons is-layout-flex wp-block-buttons-is-layout-flex\">\n<div class=\"wp-block-button\"><a class=\"wp-block-button__link wp-element-button\" href=\"https:\/\/cyclomontagnarde-annecy.com\/infos-pratiques\/\" target=\"_blank\" rel=\"noreferrer noopener\">Toda la informaci\u00f3n aqu\u00ed<\/a><\/div>\n<\/div>\n\n\n\n<p><\/p>","protected":false},"excerpt":{"rendered":"<p>Dates Un parcours de 218 km et 4 3318 m de D+&nbsp;\u00e0 faire en 1 jour (07 juin) ou 2 jours (06 et 07 juin h\u00e9bergement \u00e0 Samo\u00ebns) pour d\u00e9couvrir les vall\u00e9es et montagnes alpines de la r\u00e9gion ann\u00e9cienne. Trois parcours d\u00e9couvertes :&#8211; cIin d&rsquo;oeil sur le lac de 35 km et 548 m de [&hellip;]<\/p>\n","protected":false},"author":64,"featured_media":91945,"comment_status":"closed","ping_status":"closed","sticky":false,"template":"","format":"standard","meta":{"_acf_changed":false,"footnotes":""},"categories":[135,423],"tags":[],"class_list":["post-91930","post","type-post","status-publish","format-standard","has-post-thumbnail","hentry","category-calendrier","category-cyclomontagnardes"],"acf":[],"yoast_head":"<!-- This site is optimized with the Yoast SEO plugin v27.2 - https:\/\/yoast.com\/product\/yoast-seo-wordpress\/ -->\n<title>La cyclomontagnarde de Haute-Savoie 06 et 07 juin 2026 - Club des Cent Cols<\/title>\n<meta name=\"robots\" content=\"index, follow, max-snippet:-1, max-image-preview:large, max-video-preview:-1\" \/>\n<link rel=\"canonical\" href=\"https:\/\/centcols.org\/es\/la-cyclomontagnarde-de-haute-savoie-06-y-07-junio-2026\/\" \/>\n<meta property=\"og:locale\" content=\"es_ES\" \/>\n<meta property=\"og:type\" content=\"article\" \/>\n<meta property=\"og:title\" content=\"La cyclomontagnarde de Haute-Savoie 06 et 07 juin 2026 - Club des Cent Cols\" \/>\n<meta property=\"og:description\" content=\"Dates Un parcours de 218 km et 4 3318 m de D+&nbsp;\u00e0 faire en 1 jour (07 juin) ou 2 jours (06 et 07 juin h\u00e9bergement \u00e0 Samo\u00ebns) pour d\u00e9couvrir les vall\u00e9es et montagnes alpines de la r\u00e9gion ann\u00e9cienne. Trois parcours d\u00e9couvertes :&#8211; cIin d&rsquo;oeil sur le lac de 35 km et 548 m de [&hellip;]\" \/>\n<meta property=\"og:url\" content=\"https:\/\/centcols.org\/es\/la-cyclomontagnarde-de-haute-savoie-06-y-07-junio-2026\/\" \/>\n<meta property=\"og:site_name\" content=\"Club des Cent Cols\" \/>\n<meta property=\"article:publisher\" content=\"https:\/\/www.facebook.com\/groups\/5261880558\/?locale=fr_FR\" \/>\n<meta property=\"article:published_time\" content=\"2025-11-12T18:04:37+00:00\" \/>\n<meta property=\"article:modified_time\" content=\"2026-01-22T12:02:47+00:00\" \/>\n<meta property=\"og:image\" content=\"https:\/\/centcols.org\/wp-content\/uploads\/2025\/11\/FR-74-1613-Col-de-la-Colombiere-vue-du-col-4.jpg\" \/>\n\t<meta property=\"og:image:width\" content=\"1200\" \/>\n\t<meta property=\"og:image:height\" content=\"900\" \/>\n\t<meta property=\"og:image:type\" content=\"image\/jpeg\" \/>\n<meta name=\"author\" content=\"Christophe Badonnel\" \/>\n<meta name=\"twitter:card\" content=\"summary_large_image\" \/>\n<meta name=\"twitter:label1\" content=\"Escrito por\" \/>\n\t<meta name=\"twitter:data1\" content=\"Christophe Badonnel\" \/>\n\t<meta name=\"twitter:label2\" content=\"Tiempo de lectura\" \/>\n\t<meta name=\"twitter:data2\" content=\"4 minutos\" \/>\n<script type=\"application\/ld+json\" class=\"yoast-schema-graph\">{\"@context\":\"https:\/\/schema.org\",\"@graph\":[{\"@type\":\"Article\",\"@id\":\"https:\/\/centcols.org\/la-cyclomontagnarde-de-haute-savoie-06-et-07-juin-2026\/#article\",\"isPartOf\":{\"@id\":\"https:\/\/centcols.org\/la-cyclomontagnarde-de-haute-savoie-06-et-07-juin-2026\/\"},\"author\":{\"name\":\"Christophe Badonnel\",\"@id\":\"https:\/\/centcols.org\/#\/schema\/person\/5c1a9d61132fb33ccec149272abff6e1\"},\"headline\":\"La cyclomontagnarde de Haute-Savoie 06 et 07 juin 2026\",\"datePublished\":\"2025-11-12T18:04:37+00:00\",\"dateModified\":\"2026-01-22T12:02:47+00:00\",\"mainEntityOfPage\":{\"@id\":\"https:\/\/centcols.org\/la-cyclomontagnarde-de-haute-savoie-06-et-07-juin-2026\/\"},\"wordCount\":539,\"publisher\":{\"@id\":\"https:\/\/centcols.org\/#organization\"},\"image\":{\"@id\":\"https:\/\/centcols.org\/la-cyclomontagnarde-de-haute-savoie-06-et-07-juin-2026\/#primaryimage\"},\"thumbnailUrl\":\"https:\/\/centcols.org\/wp-content\/uploads\/2025\/11\/FR-74-1613-Col-de-la-Colombiere-vue-du-col-4.jpg\",\"articleSection\":[\"Calendrier\",\"Cyclomontagnardes\"],\"inLanguage\":\"es\"},{\"@type\":\"WebPage\",\"@id\":\"https:\/\/centcols.org\/la-cyclomontagnarde-de-haute-savoie-06-et-07-juin-2026\/\",\"url\":\"https:\/\/centcols.org\/la-cyclomontagnarde-de-haute-savoie-06-et-07-juin-2026\/\",\"name\":\"La cyclomontagnarde de Haute-Savoie 06 et 07 juin 2026 - Club des Cent Cols\",\"isPartOf\":{\"@id\":\"https:\/\/centcols.org\/#website\"},\"primaryImageOfPage\":{\"@id\":\"https:\/\/centcols.org\/la-cyclomontagnarde-de-haute-savoie-06-et-07-juin-2026\/#primaryimage\"},\"image\":{\"@id\":\"https:\/\/centcols.org\/la-cyclomontagnarde-de-haute-savoie-06-et-07-juin-2026\/#primaryimage\"},\"thumbnailUrl\":\"https:\/\/centcols.org\/wp-content\/uploads\/2025\/11\/FR-74-1613-Col-de-la-Colombiere-vue-du-col-4.jpg\",\"datePublished\":\"2025-11-12T18:04:37+00:00\",\"dateModified\":\"2026-01-22T12:02:47+00:00\",\"breadcrumb\":{\"@id\":\"https:\/\/centcols.org\/la-cyclomontagnarde-de-haute-savoie-06-et-07-juin-2026\/#breadcrumb\"},\"inLanguage\":\"es\",\"potentialAction\":[{\"@type\":\"ReadAction\",\"target\":[\"https:\/\/centcols.org\/la-cyclomontagnarde-de-haute-savoie-06-et-07-juin-2026\/\"]}]},{\"@type\":\"ImageObject\",\"inLanguage\":\"es\",\"@id\":\"https:\/\/centcols.org\/la-cyclomontagnarde-de-haute-savoie-06-et-07-juin-2026\/#primaryimage\",\"url\":\"https:\/\/centcols.org\/wp-content\/uploads\/2025\/11\/FR-74-1613-Col-de-la-Colombiere-vue-du-col-4.jpg\",\"contentUrl\":\"https:\/\/centcols.org\/wp-content\/uploads\/2025\/11\/FR-74-1613-Col-de-la-Colombiere-vue-du-col-4.jpg\",\"width\":1200,\"height\":900,\"caption\":\"Vue sur le col de la Colombi\u00e8re\"},{\"@type\":\"BreadcrumbList\",\"@id\":\"https:\/\/centcols.org\/la-cyclomontagnarde-de-haute-savoie-06-et-07-juin-2026\/#breadcrumb\",\"itemListElement\":[{\"@type\":\"ListItem\",\"position\":1,\"name\":\"Accueil\",\"item\":\"https:\/\/centcols.org\/\"},{\"@type\":\"ListItem\",\"position\":2,\"name\":\"Cyclomontagnardes\",\"item\":\"https:\/\/centcols.org\/rubrique\/cyclomontagnardes\/\"},{\"@type\":\"ListItem\",\"position\":3,\"name\":\"La cyclomontagnarde de Haute-Savoie 06 et 07 juin 2026\"}]},{\"@type\":\"WebSite\",\"@id\":\"https:\/\/centcols.org\/#website\",\"url\":\"https:\/\/centcols.org\/\",\"name\":\"Club des Cent Cols\",\"description\":\"\",\"publisher\":{\"@id\":\"https:\/\/centcols.org\/#organization\"},\"potentialAction\":[{\"@type\":\"SearchAction\",\"target\":{\"@type\":\"EntryPoint\",\"urlTemplate\":\"https:\/\/centcols.org\/?s={search_term_string}\"},\"query-input\":{\"@type\":\"PropertyValueSpecification\",\"valueRequired\":true,\"valueName\":\"search_term_string\"}}],\"inLanguage\":\"es\"},{\"@type\":\"Organization\",\"@id\":\"https:\/\/centcols.org\/#organization\",\"name\":\"Club des Cent Cols\",\"url\":\"https:\/\/centcols.org\/\",\"logo\":{\"@type\":\"ImageObject\",\"inLanguage\":\"es\",\"@id\":\"https:\/\/centcols.org\/#\/schema\/logo\/image\/\",\"url\":\"https:\/\/centcols.org\/wp-content\/uploads\/2025\/01\/carte-icone.png\",\"contentUrl\":\"https:\/\/centcols.org\/wp-content\/uploads\/2025\/01\/carte-icone.png\",\"width\":250,\"height\":250,\"caption\":\"Club des Cent Cols\"},\"image\":{\"@id\":\"https:\/\/centcols.org\/#\/schema\/logo\/image\/\"},\"sameAs\":[\"https:\/\/www.facebook.com\/groups\/5261880558\/?locale=fr_FR\"]},{\"@type\":\"Person\",\"@id\":\"https:\/\/centcols.org\/#\/schema\/person\/5c1a9d61132fb33ccec149272abff6e1\",\"name\":\"Christophe Badonnel\",\"image\":{\"@type\":\"ImageObject\",\"inLanguage\":\"es\",\"@id\":\"https:\/\/centcols.org\/wp-content\/litespeed\/avatar\/9f363966b51271bd99ebbb6ebd632889.jpg?ver=1777238111\",\"url\":\"https:\/\/centcols.org\/wp-content\/litespeed\/avatar\/9f363966b51271bd99ebbb6ebd632889.jpg?ver=1777238111\",\"contentUrl\":\"https:\/\/centcols.org\/wp-content\/litespeed\/avatar\/9f363966b51271bd99ebbb6ebd632889.jpg?ver=1777238111\",\"caption\":\"Christophe Badonnel\"},\"url\":\"https:\/\/centcols.org\/es\/author\/5799\/\"}]}<\/script>\n<!-- \/ Yoast SEO plugin. -->","yoast_head_json":{"title":"La cyclomontagnarde de Haute-Savoie 06 y 07 junio 2026 - Club des Cent Cols","robots":{"index":"index","follow":"follow","max-snippet":"max-snippet:-1","max-image-preview":"max-image-preview:large","max-video-preview":"max-video-preview:-1"},"canonical":"https:\/\/centcols.org\/es\/la-cyclomontagnarde-de-haute-savoie-06-y-07-junio-2026\/","og_locale":"es_ES","og_type":"article","og_title":"La cyclomontagnarde de Haute-Savoie 06 et 07 juin 2026 - Club des Cent Cols","og_description":"Dates Un parcours de 218 km et 4 3318 m de D+&nbsp;\u00e0 faire en 1 jour (07 juin) ou 2 jours (06 et 07 juin h\u00e9bergement \u00e0 Samo\u00ebns) pour d\u00e9couvrir les vall\u00e9es et montagnes alpines de la r\u00e9gion ann\u00e9cienne. Trois parcours d\u00e9couvertes :&#8211; cIin d&rsquo;oeil sur le lac de 35 km et 548 m de [&hellip;]","og_url":"https:\/\/centcols.org\/es\/la-cyclomontagnarde-de-haute-savoie-06-y-07-junio-2026\/","og_site_name":"Club des Cent Cols","article_publisher":"https:\/\/www.facebook.com\/groups\/5261880558\/?locale=fr_FR","article_published_time":"2025-11-12T18:04:37+00:00","article_modified_time":"2026-01-22T12:02:47+00:00","og_image":[{"width":1200,"height":900,"url":"https:\/\/centcols.org\/wp-content\/uploads\/2025\/11\/FR-74-1613-Col-de-la-Colombiere-vue-du-col-4.jpg","type":"image\/jpeg"}],"author":"Christophe Badonnel","twitter_card":"summary_large_image","twitter_misc":{"Escrito por":"Christophe Badonnel","Tiempo de lectura":"4 minutos"},"schema":{"@context":"https:\/\/schema.org","@graph":[{"@type":"Article","@id":"https:\/\/centcols.org\/la-cyclomontagnarde-de-haute-savoie-06-et-07-juin-2026\/#article","isPartOf":{"@id":"https:\/\/centcols.org\/la-cyclomontagnarde-de-haute-savoie-06-et-07-juin-2026\/"},"author":{"name":"Christophe Badonnel","@id":"https:\/\/centcols.org\/#\/schema\/person\/5c1a9d61132fb33ccec149272abff6e1"},"headline":"La cyclomontagnarde de Haute-Savoie 06 et 07 juin 2026","datePublished":"2025-11-12T18:04:37+00:00","dateModified":"2026-01-22T12:02:47+00:00","mainEntityOfPage":{"@id":"https:\/\/centcols.org\/la-cyclomontagnarde-de-haute-savoie-06-et-07-juin-2026\/"},"wordCount":539,"publisher":{"@id":"https:\/\/centcols.org\/#organization"},"image":{"@id":"https:\/\/centcols.org\/la-cyclomontagnarde-de-haute-savoie-06-et-07-juin-2026\/#primaryimage"},"thumbnailUrl":"https:\/\/centcols.org\/wp-content\/uploads\/2025\/11\/FR-74-1613-Col-de-la-Colombiere-vue-du-col-4.jpg","articleSection":["Calendrier","Cyclomontagnardes"],"inLanguage":"es"},{"@type":"WebPage","@id":"https:\/\/centcols.org\/la-cyclomontagnarde-de-haute-savoie-06-et-07-juin-2026\/","url":"https:\/\/centcols.org\/la-cyclomontagnarde-de-haute-savoie-06-et-07-juin-2026\/","name":"La cyclomontagnarde de Haute-Savoie 06 y 07 junio 2026 - Club des Cent Cols","isPartOf":{"@id":"https:\/\/centcols.org\/#website"},"primaryImageOfPage":{"@id":"https:\/\/centcols.org\/la-cyclomontagnarde-de-haute-savoie-06-et-07-juin-2026\/#primaryimage"},"image":{"@id":"https:\/\/centcols.org\/la-cyclomontagnarde-de-haute-savoie-06-et-07-juin-2026\/#primaryimage"},"thumbnailUrl":"https:\/\/centcols.org\/wp-content\/uploads\/2025\/11\/FR-74-1613-Col-de-la-Colombiere-vue-du-col-4.jpg","datePublished":"2025-11-12T18:04:37+00:00","dateModified":"2026-01-22T12:02:47+00:00","breadcrumb":{"@id":"https:\/\/centcols.org\/la-cyclomontagnarde-de-haute-savoie-06-et-07-juin-2026\/#breadcrumb"},"inLanguage":"es","potentialAction":[{"@type":"ReadAction","target":["https:\/\/centcols.org\/la-cyclomontagnarde-de-haute-savoie-06-et-07-juin-2026\/"]}]},{"@type":"ImageObject","inLanguage":"es","@id":"https:\/\/centcols.org\/la-cyclomontagnarde-de-haute-savoie-06-et-07-juin-2026\/#primaryimage","url":"https:\/\/centcols.org\/wp-content\/uploads\/2025\/11\/FR-74-1613-Col-de-la-Colombiere-vue-du-col-4.jpg","contentUrl":"https:\/\/centcols.org\/wp-content\/uploads\/2025\/11\/FR-74-1613-Col-de-la-Colombiere-vue-du-col-4.jpg","width":1200,"height":900,"caption":"Vue sur le col de la Colombi\u00e8re"},{"@type":"BreadcrumbList","@id":"https:\/\/centcols.org\/la-cyclomontagnarde-de-haute-savoie-06-et-07-juin-2026\/#breadcrumb","itemListElement":[{"@type":"ListItem","position":1,"name":"Accueil","item":"https:\/\/centcols.org\/"},{"@type":"ListItem","position":2,"name":"Cyclomontagnardes","item":"https:\/\/centcols.org\/rubrique\/cyclomontagnardes\/"},{"@type":"ListItem","position":3,"name":"La cyclomontagnarde de Haute-Savoie 06 et 07 juin 2026"}]},{"@type":"WebSite","@id":"https:\/\/centcols.org\/#website","url":"https:\/\/centcols.org\/","name":"Club des Cent Cols","description":"","publisher":{"@id":"https:\/\/centcols.org\/#organization"},"potentialAction":[{"@type":"SearchAction","target":{"@type":"EntryPoint","urlTemplate":"https:\/\/centcols.org\/?s={search_term_string}"},"query-input":{"@type":"PropertyValueSpecification","valueRequired":true,"valueName":"search_term_string"}}],"inLanguage":"es"},{"@type":"Organization","@id":"https:\/\/centcols.org\/#organization","name":"Club des Cent Cols","url":"https:\/\/centcols.org\/","logo":{"@type":"ImageObject","inLanguage":"es","@id":"https:\/\/centcols.org\/#\/schema\/logo\/image\/","url":"https:\/\/centcols.org\/wp-content\/uploads\/2025\/01\/carte-icone.png","contentUrl":"https:\/\/centcols.org\/wp-content\/uploads\/2025\/01\/carte-icone.png","width":250,"height":250,"caption":"Club des Cent Cols"},"image":{"@id":"https:\/\/centcols.org\/#\/schema\/logo\/image\/"},"sameAs":["https:\/\/www.facebook.com\/groups\/5261880558\/?locale=fr_FR"]},{"@type":"Person","@id":"https:\/\/centcols.org\/#\/schema\/person\/5c1a9d61132fb33ccec149272abff6e1","name":"Christophe Badonnel","image":{"@type":"ImageObject","inLanguage":"es","@id":"https:\/\/centcols.org\/wp-content\/litespeed\/avatar\/9f363966b51271bd99ebbb6ebd632889.jpg?ver=1777238111","url":"https:\/\/centcols.org\/wp-content\/litespeed\/avatar\/9f363966b51271bd99ebbb6ebd632889.jpg?ver=1777238111","contentUrl":"https:\/\/centcols.org\/wp-content\/litespeed\/avatar\/9f363966b51271bd99ebbb6ebd632889.jpg?ver=1777238111","caption":"Christophe Badonnel"},"url":"https:\/\/centcols.org\/es\/author\/5799\/"}]}},"_links":{"self":[{"href":"https:\/\/centcols.org\/es\/wp-json\/wp\/v2\/posts\/91930","targetHints":{"allow":["GET"]}}],"collection":[{"href":"https:\/\/centcols.org\/es\/wp-json\/wp\/v2\/posts"}],"about":[{"href":"https:\/\/centcols.org\/es\/wp-json\/wp\/v2\/types\/post"}],"author":[{"embeddable":true,"href":"https:\/\/centcols.org\/es\/wp-json\/wp\/v2\/users\/64"}],"replies":[{"embeddable":true,"href":"https:\/\/centcols.org\/es\/wp-json\/wp\/v2\/comments?post=91930"}],"version-history":[{"count":0,"href":"https:\/\/centcols.org\/es\/wp-json\/wp\/v2\/posts\/91930\/revisions"}],"wp:featuredmedia":[{"embeddable":true,"href":"https:\/\/centcols.org\/es\/wp-json\/wp\/v2\/media\/91945"}],"wp:attachment":[{"href":"https:\/\/centcols.org\/es\/wp-json\/wp\/v2\/media?parent=91930"}],"wp:term":[{"taxonomy":"category","embeddable":true,"href":"https:\/\/centcols.org\/es\/wp-json\/wp\/v2\/categories?post=91930"},{"taxonomy":"post_tag","embeddable":true,"href":"https:\/\/centcols.org\/es\/wp-json\/wp\/v2\/tags?post=91930"}],"curies":[{"name":"wp","href":"https:\/\/api.w.org\/{rel}","templated":true}]}}