{"id":92208,"date":"2025-11-21T19:58:18","date_gmt":"2025-11-21T17:58:18","guid":{"rendered":"https:\/\/centcols.org\/?p=92208"},"modified":"2026-03-14T16:29:38","modified_gmt":"2026-03-14T14:29:38","slug":"fr-01-souclin-bugey-vtt","status":"publish","type":"post","link":"https:\/\/centcols.org\/es\/fr-01-souclin-bugey-vtt\/","title":{"rendered":"FR-01 Souclin - Bugey - BTT 35 km, D+ 1030 m, 7 puertos"},"content":{"rendered":"<iframe width=\"100%\" height=\"650\" loading=\"lazy\" src=\"https:\/\/www.openrunner.com\/embed\/337a6674534b375255694351793551746f47597a61423445547a755931504f647a51543433526c736d34383d3a3a3873a581238f52890763eaa59411a600?unit=metric\" style=\"border: none;\"><\/iframe>\n\n\n\n<div style=\"height:30px\" aria-hidden=\"true\" class=\"wp-block-spacer\"><\/div>\n\n\n\n<h2 class=\"wp-block-heading\">Descripci\u00f3n del autor<\/h2>\n\n\n\n<p><strong>Autor<\/strong> : Philippe Chazottier<br><strong>Curso<\/strong> realizado el 17 de septiembre de 2025<br><strong>Salida<\/strong> Aparcamiento en el ayuntamiento de Souclin, junto al ayuntamiento.<\/p>\n\n\n\n<div style=\"height:30px\" aria-hidden=\"true\" class=\"wp-block-spacer\"><\/div>\n\n\n\n<h2 class=\"wp-block-heading\">Informaci\u00f3n tur\u00edstica<\/h2>\n\n\n\n<p>Hermosas vistas sobre la llanura del Ain y el R\u00f3dano. Recorrido variado con algunos tramos agradables de sotobosque, en particular el Golet du Feyet. Golet de P\u00e9trement: un bonito sendero de ida y vuelta.<\/p>\n\n\n\n<div style=\"height:30px\" aria-hidden=\"true\" class=\"wp-block-spacer\"><\/div>\n\n\n\n<h2 class=\"wp-block-heading\">Especificaciones t\u00e9cnicas<\/h2>\n\n\n\n<p>Ruta ciclista en 95%. Golet d'Ars: bajada y subida por una pista dif\u00edcil con barrancos y piedras. Gollet de la Cula: sendero no siempre apto para el ciclismo. Le Grand Golet y le Gollet des haies: sendero y pista.<br>Es posible a\u00f1adir dos puertos de ida y vuelta: el Col de Fay (FR-01-0680) a 1 km de Souclin, y el Col de Portes (FR-01-1010a) antes de comenzar el Golet du Feyet.<\/p>\n\n\n\n<div style=\"height:30px\" aria-hidden=\"true\" class=\"wp-block-spacer\"><\/div>\n\n\n\n<p><strong>7 collares<\/strong><\/p>\n\n\n\n<figure class=\"wp-block-table\"><table class=\"has-fixed-layout\"><tbody><tr><td>1 - Golet au Loup<\/td><td class=\"has-text-align-center\" data-align=\"center\">858 m<\/td><td><a href=\"https:\/\/centcols.org\/es\/util\/geo\/visu.php\/?code=FR-01-0858\" target=\"_blank\" rel=\"noreferrer noopener\">FR-01-0858<\/a><\/td><\/tr><tr><td>2 - Golet du Feyet<\/td><td class=\"has-text-align-center\" data-align=\"center\">956 m<\/td><td><a href=\"https:\/\/centcols.org\/es\/util\/geo\/visu.php\/?code=FR-01-0956\" target=\"_blank\" rel=\"noreferrer noopener\">FR-01-0956<\/a><\/td><\/tr><tr><td>3 - Golet d'Ars<\/td><td class=\"has-text-align-center\" data-align=\"center\">875 m<\/td><td><a href=\"https:\/\/centcols.org\/es\/util\/geo\/visu.php\/?code=FR-01-0875\" target=\"_blank\" rel=\"noreferrer noopener\">FR-01-0875<\/a><\/td><\/tr><tr><td>4 - Gollet de la Cula<\/td><td class=\"has-text-align-center\" data-align=\"center\">972 m<\/td><td><a href=\"https:\/\/centcols.org\/es\/util\/geo\/visu.php\/?code=FR-01-0972a\" target=\"_blank\" rel=\"noreferrer noopener\">FR-01-0972a<\/a><\/td><\/tr><tr><td>5 - Le Grand Golet<\/td><td class=\"has-text-align-center\" data-align=\"center\">835 m<\/td><td><a href=\"https:\/\/centcols.org\/es\/util\/geo\/visu.php\/?code=FR-01-0840\" target=\"_blank\" rel=\"noreferrer noopener\">FR-01-0840<\/a><\/td><\/tr><tr><td>6 - Gollet des Haies<\/td><td class=\"has-text-align-center\" data-align=\"center\">743 m<\/td><td><a href=\"https:\/\/centcols.org\/es\/util\/geo\/visu.php\/?code=FR-01-0743a\" target=\"_blank\" rel=\"noreferrer noopener\">FR-01-0743a<\/a><\/td><\/tr><tr><td>7 - Persiana de la caja<\/td><td class=\"has-text-align-center\" data-align=\"center\">700 m<\/td><td><a href=\"https:\/\/centcols.org\/es\/util\/geo\/visu.php\/?code=FR-01-0700\" target=\"_blank\" rel=\"noreferrer noopener\">FR-01-0700<\/a><\/td><\/tr><\/tbody><\/table><\/figure>\n\n\n\n<p><strong>Palabras clave<\/strong> Souclin, Bugey, centcols<\/p>\n\n\n\n<p>Enlace Openrunner, mapa interactivo, perfil, pista : <a href=\"https:\/\/www.openrunner.com\/route-details\/22915086\" target=\"_blank\" rel=\"noreferrer noopener\">https:\/\/www.openrunner.com\/route-details\/22915086<\/a><\/p>\n\n\n\n<p>Este itinerario se facilita \u00fanicamente a t\u00edtulo informativo. El autor no asume ninguna responsabilidad, ni tampoco el Club des Cent Cols, por los imponderables debidos al propio ciclista, al material utilizado o a cualquier cosa relacionada con la carretera, las pistas y los caminos, su entorno o los dem\u00e1s usuarios.<\/p>\n\n\n\n<div style=\"height:30px\" aria-hidden=\"true\" class=\"wp-block-spacer\"><\/div>\n\n\n\n<h2 class=\"wp-block-heading\">Fotos<\/h2>\n\n\n\n<figure class=\"wp-block-gallery has-nested-images columns-default is-cropped wp-block-gallery-1 is-layout-flex wp-block-gallery-is-layout-flex\">\n<figure class=\"wp-block-image size-full\"><a href=\"https:\/\/centcols.org\/wp-content\/uploads\/2025\/11\/SOUCLIN-1-la-plaine-de-lAin.jpg\" target=\"_blank\" rel=\" noreferrer noopener\"><img loading=\"lazy\" decoding=\"async\" width=\"1199\" height=\"588\" data-id=\"92221\" src=\"https:\/\/centcols.org\/wp-content\/uploads\/2025\/11\/SOUCLIN-1-la-plaine-de-lAin.jpg\" alt=\"\" class=\"wp-image-92221\" srcset=\"https:\/\/centcols.org\/wp-content\/uploads\/2025\/11\/SOUCLIN-1-la-plaine-de-lAin.jpg 1199w, https:\/\/centcols.org\/wp-content\/uploads\/2025\/11\/SOUCLIN-1-la-plaine-de-lAin-768x377.jpg 768w, https:\/\/centcols.org\/wp-content\/uploads\/2025\/11\/SOUCLIN-1-la-plaine-de-lAin-18x9.jpg 18w\" sizes=\"auto, (max-width: 1199px) 100vw, 1199px\" \/><\/a><figcaption class=\"wp-element-caption\">La llanura de Ain<\/figcaption><\/figure>\n\n\n\n<figure class=\"wp-block-image size-full\"><a href=\"https:\/\/centcols.org\/wp-content\/uploads\/2025\/11\/SOUCLIN-2-Debut-du-sentier-pour-le-Golet-du-Feyet.jpg\"><img loading=\"lazy\" decoding=\"async\" width=\"900\" height=\"1200\" data-id=\"92219\" src=\"https:\/\/centcols.org\/wp-content\/uploads\/2025\/11\/SOUCLIN-2-Debut-du-sentier-pour-le-Golet-du-Feyet.jpg\" alt=\"\" class=\"wp-image-92219\" srcset=\"https:\/\/centcols.org\/wp-content\/uploads\/2025\/11\/SOUCLIN-2-Debut-du-sentier-pour-le-Golet-du-Feyet.jpg 900w, https:\/\/centcols.org\/wp-content\/uploads\/2025\/11\/SOUCLIN-2-Debut-du-sentier-pour-le-Golet-du-Feyet-768x1024.jpg 768w, https:\/\/centcols.org\/wp-content\/uploads\/2025\/11\/SOUCLIN-2-Debut-du-sentier-pour-le-Golet-du-Feyet-9x12.jpg 9w\" sizes=\"auto, (max-width: 900px) 100vw, 900px\" \/><\/a><figcaption class=\"wp-element-caption\">Inicio del sendero hacia el Golet du Feyet<\/figcaption><\/figure>\n\n\n\n<figure class=\"wp-block-image size-full\"><a href=\"https:\/\/centcols.org\/wp-content\/uploads\/2025\/11\/SOUCLIN-3-Au-dessus-de-Cleyzieu.jpg\"><img loading=\"lazy\" decoding=\"async\" width=\"1200\" height=\"780\" data-id=\"92222\" src=\"https:\/\/centcols.org\/wp-content\/uploads\/2025\/11\/SOUCLIN-3-Au-dessus-de-Cleyzieu.jpg\" alt=\"\" class=\"wp-image-92222\" srcset=\"https:\/\/centcols.org\/wp-content\/uploads\/2025\/11\/SOUCLIN-3-Au-dessus-de-Cleyzieu.jpg 1200w, https:\/\/centcols.org\/wp-content\/uploads\/2025\/11\/SOUCLIN-3-Au-dessus-de-Cleyzieu-768x499.jpg 768w, https:\/\/centcols.org\/wp-content\/uploads\/2025\/11\/SOUCLIN-3-Au-dessus-de-Cleyzieu-18x12.jpg 18w\" sizes=\"auto, (max-width: 1200px) 100vw, 1200px\" \/><\/a><figcaption class=\"wp-element-caption\">Por encima de Cleyzieu<\/figcaption><\/figure>\n\n\n\n<figure class=\"wp-block-image size-full\"><a href=\"https:\/\/centcols.org\/wp-content\/uploads\/2025\/11\/SOUCLIN-4-le-village-de-Souclin-et-le-Rhone.jpg\"><img loading=\"lazy\" decoding=\"async\" width=\"1200\" height=\"694\" data-id=\"92220\" src=\"https:\/\/centcols.org\/wp-content\/uploads\/2025\/11\/SOUCLIN-4-le-village-de-Souclin-et-le-Rhone.jpg\" alt=\"\" class=\"wp-image-92220\" srcset=\"https:\/\/centcols.org\/wp-content\/uploads\/2025\/11\/SOUCLIN-4-le-village-de-Souclin-et-le-Rhone.jpg 1200w, https:\/\/centcols.org\/wp-content\/uploads\/2025\/11\/SOUCLIN-4-le-village-de-Souclin-et-le-Rhone-768x444.jpg 768w, https:\/\/centcols.org\/wp-content\/uploads\/2025\/11\/SOUCLIN-4-le-village-de-Souclin-et-le-Rhone-18x10.jpg 18w\" sizes=\"auto, (max-width: 1200px) 100vw, 1200px\" \/><\/a><figcaption class=\"wp-element-caption\">El pueblo de Souclin y el R\u00f3dano<\/figcaption><\/figure>\n<\/figure>","protected":false},"excerpt":{"rendered":"<p>Description de l\u2019auteur Auteur : Philippe ChazottierParcours : effectu\u00e9 le 17 septembre 2025D\u00e9part : parking de la salle des f\u00eates du village de Souclin, \u00e0 c\u00f4t\u00e9 de la mairie. Descriptif touristique Belles vues sur la plaine de l&rsquo;Ain et sur le Rh\u00f4ne. Circuit vari\u00e9 avec des passages en sous-bois sympathiques, notamment le Golet du Feyet. [&hellip;]<\/p>\n","protected":false},"author":1726,"featured_media":92222,"comment_status":"open","ping_status":"open","sticky":false,"template":"","format":"standard","meta":{"_acf_changed":false,"footnotes":""},"categories":[303,330,451,319,325,334,220],"tags":[],"class_list":["post-92208","post","type-post","status-publish","format-standard","has-post-thumbnail","hentry","category-parcours-france","category-auvergne-rhone-alpes-region-parcours-membres","category-01-ain","category-vtt-type-parcours","category-departement","category-jura-massif-parcours-membres","category-parcours-membres"],"acf":[],"yoast_head":"<!-- This site is optimized with the Yoast SEO plugin v27.2 - https:\/\/yoast.com\/product\/yoast-seo-wordpress\/ -->\n<title>FR-01 Souclin - Bugey \u2013 VTT 35 km, D+ 1030 m, 7 cols - Club des Cent Cols<\/title>\n<meta name=\"robots\" content=\"index, follow, max-snippet:-1, max-image-preview:large, max-video-preview:-1\" \/>\n<link rel=\"canonical\" href=\"https:\/\/centcols.org\/es\/fr-01-souclin-bugey-vtt\/\" \/>\n<meta property=\"og:locale\" content=\"es_ES\" \/>\n<meta property=\"og:type\" content=\"article\" \/>\n<meta property=\"og:title\" content=\"FR-01 Souclin - Bugey \u2013 VTT 35 km, D+ 1030 m, 7 cols - Club des Cent Cols\" \/>\n<meta property=\"og:description\" content=\"Description de l\u2019auteur Auteur : Philippe ChazottierParcours : effectu\u00e9 le 17 septembre 2025D\u00e9part : parking de la salle des f\u00eates du village de Souclin, \u00e0 c\u00f4t\u00e9 de la mairie. Descriptif touristique Belles vues sur la plaine de l&rsquo;Ain et sur le Rh\u00f4ne. Circuit vari\u00e9 avec des passages en sous-bois sympathiques, notamment le Golet du Feyet. [&hellip;]\" \/>\n<meta property=\"og:url\" content=\"https:\/\/centcols.org\/es\/fr-01-souclin-bugey-vtt\/\" \/>\n<meta property=\"og:site_name\" content=\"Club des Cent Cols\" \/>\n<meta property=\"article:publisher\" content=\"https:\/\/www.facebook.com\/groups\/5261880558\/?locale=fr_FR\" \/>\n<meta property=\"article:published_time\" content=\"2025-11-21T17:58:18+00:00\" \/>\n<meta property=\"article:modified_time\" content=\"2026-03-14T14:29:38+00:00\" \/>\n<meta property=\"og:image\" content=\"https:\/\/centcols.org\/wp-content\/uploads\/2025\/11\/SOUCLIN-3-Au-dessus-de-Cleyzieu.jpg\" \/>\n\t<meta property=\"og:image:width\" content=\"1200\" \/>\n\t<meta property=\"og:image:height\" content=\"780\" \/>\n\t<meta property=\"og:image:type\" content=\"image\/jpeg\" \/>\n<meta name=\"author\" content=\"Ren\u00e9 Mercier\" \/>\n<meta name=\"twitter:card\" content=\"summary_large_image\" \/>\n<meta name=\"twitter:label1\" content=\"Escrito por\" \/>\n\t<meta name=\"twitter:data1\" content=\"Ren\u00e9 Mercier\" \/>\n\t<meta name=\"twitter:label2\" content=\"Tiempo de lectura\" \/>\n\t<meta name=\"twitter:data2\" content=\"3 minutos\" \/>\n<script type=\"application\/ld+json\" class=\"yoast-schema-graph\">{\"@context\":\"https:\/\/schema.org\",\"@graph\":[{\"@type\":\"Article\",\"@id\":\"https:\/\/centcols.org\/fr-01-souclin-bugey-vtt\/#article\",\"isPartOf\":{\"@id\":\"https:\/\/centcols.org\/fr-01-souclin-bugey-vtt\/\"},\"author\":{\"name\":\"Ren\u00e9 Mercier\",\"@id\":\"https:\/\/centcols.org\/#\/schema\/person\/0cc8f723679c98f3fb7798df5a50c018\"},\"headline\":\"FR-01 Souclin &#8211; Bugey \u2013 VTT 35 km, D+ 1030 m, 7 cols\",\"datePublished\":\"2025-11-21T17:58:18+00:00\",\"dateModified\":\"2026-03-14T14:29:38+00:00\",\"mainEntityOfPage\":{\"@id\":\"https:\/\/centcols.org\/fr-01-souclin-bugey-vtt\/\"},\"wordCount\":289,\"commentCount\":0,\"publisher\":{\"@id\":\"https:\/\/centcols.org\/#organization\"},\"image\":{\"@id\":\"https:\/\/centcols.org\/fr-01-souclin-bugey-vtt\/#primaryimage\"},\"thumbnailUrl\":\"https:\/\/centcols.org\/wp-content\/uploads\/2025\/11\/SOUCLIN-3-Au-dessus-de-Cleyzieu.jpg\",\"articleSection\":[\"Parcours France\",\"Auvergne-Rh\u00f4ne-Alpes\",\"01-Ain\",\"VTT\",\"D\u00e9partement\",\"Jura\",\"Parcours membres\"],\"inLanguage\":\"es\",\"potentialAction\":[{\"@type\":\"CommentAction\",\"name\":\"Comment\",\"target\":[\"https:\/\/centcols.org\/fr-01-souclin-bugey-vtt\/#respond\"]}]},{\"@type\":\"WebPage\",\"@id\":\"https:\/\/centcols.org\/fr-01-souclin-bugey-vtt\/\",\"url\":\"https:\/\/centcols.org\/fr-01-souclin-bugey-vtt\/\",\"name\":\"FR-01 Souclin - Bugey \u2013 VTT 35 km, D+ 1030 m, 7 cols - Club des Cent Cols\",\"isPartOf\":{\"@id\":\"https:\/\/centcols.org\/#website\"},\"primaryImageOfPage\":{\"@id\":\"https:\/\/centcols.org\/fr-01-souclin-bugey-vtt\/#primaryimage\"},\"image\":{\"@id\":\"https:\/\/centcols.org\/fr-01-souclin-bugey-vtt\/#primaryimage\"},\"thumbnailUrl\":\"https:\/\/centcols.org\/wp-content\/uploads\/2025\/11\/SOUCLIN-3-Au-dessus-de-Cleyzieu.jpg\",\"datePublished\":\"2025-11-21T17:58:18+00:00\",\"dateModified\":\"2026-03-14T14:29:38+00:00\",\"breadcrumb\":{\"@id\":\"https:\/\/centcols.org\/fr-01-souclin-bugey-vtt\/#breadcrumb\"},\"inLanguage\":\"es\",\"potentialAction\":[{\"@type\":\"ReadAction\",\"target\":[\"https:\/\/centcols.org\/fr-01-souclin-bugey-vtt\/\"]}]},{\"@type\":\"ImageObject\",\"inLanguage\":\"es\",\"@id\":\"https:\/\/centcols.org\/fr-01-souclin-bugey-vtt\/#primaryimage\",\"url\":\"https:\/\/centcols.org\/wp-content\/uploads\/2025\/11\/SOUCLIN-3-Au-dessus-de-Cleyzieu.jpg\",\"contentUrl\":\"https:\/\/centcols.org\/wp-content\/uploads\/2025\/11\/SOUCLIN-3-Au-dessus-de-Cleyzieu.jpg\",\"width\":1200,\"height\":780},{\"@type\":\"BreadcrumbList\",\"@id\":\"https:\/\/centcols.org\/fr-01-souclin-bugey-vtt\/#breadcrumb\",\"itemListElement\":[{\"@type\":\"ListItem\",\"position\":1,\"name\":\"Accueil\",\"item\":\"https:\/\/centcols.org\/\"},{\"@type\":\"ListItem\",\"position\":2,\"name\":\"Parcours membres\",\"item\":\"https:\/\/centcols.org\/rubrique\/parcours-membres\/\"},{\"@type\":\"ListItem\",\"position\":3,\"name\":\"Pays\",\"item\":\"https:\/\/centcols.org\/rubrique\/parcours-membres\/pays-parcours-membres\/\"},{\"@type\":\"ListItem\",\"position\":4,\"name\":\"Parcours France\",\"item\":\"https:\/\/centcols.org\/rubrique\/parcours-membres\/pays-parcours-membres\/parcours-france\/\"},{\"@type\":\"ListItem\",\"position\":5,\"name\":\"FR-01 Souclin &#8211; Bugey \u2013 VTT 35 km, D+ 1030 m, 7 cols\"}]},{\"@type\":\"WebSite\",\"@id\":\"https:\/\/centcols.org\/#website\",\"url\":\"https:\/\/centcols.org\/\",\"name\":\"Club des Cent Cols\",\"description\":\"\",\"publisher\":{\"@id\":\"https:\/\/centcols.org\/#organization\"},\"potentialAction\":[{\"@type\":\"SearchAction\",\"target\":{\"@type\":\"EntryPoint\",\"urlTemplate\":\"https:\/\/centcols.org\/?s={search_term_string}\"},\"query-input\":{\"@type\":\"PropertyValueSpecification\",\"valueRequired\":true,\"valueName\":\"search_term_string\"}}],\"inLanguage\":\"es\"},{\"@type\":\"Organization\",\"@id\":\"https:\/\/centcols.org\/#organization\",\"name\":\"Club des Cent Cols\",\"url\":\"https:\/\/centcols.org\/\",\"logo\":{\"@type\":\"ImageObject\",\"inLanguage\":\"es\",\"@id\":\"https:\/\/centcols.org\/#\/schema\/logo\/image\/\",\"url\":\"https:\/\/centcols.org\/wp-content\/uploads\/2025\/01\/carte-icone.png\",\"contentUrl\":\"https:\/\/centcols.org\/wp-content\/uploads\/2025\/01\/carte-icone.png\",\"width\":250,\"height\":250,\"caption\":\"Club des Cent Cols\"},\"image\":{\"@id\":\"https:\/\/centcols.org\/#\/schema\/logo\/image\/\"},\"sameAs\":[\"https:\/\/www.facebook.com\/groups\/5261880558\/?locale=fr_FR\"]},{\"@type\":\"Person\",\"@id\":\"https:\/\/centcols.org\/#\/schema\/person\/0cc8f723679c98f3fb7798df5a50c018\",\"name\":\"Ren\u00e9 Mercier\",\"image\":{\"@type\":\"ImageObject\",\"inLanguage\":\"es\",\"@id\":\"https:\/\/centcols.org\/wp-content\/litespeed\/avatar\/c2275eeaf79d4f7456274de381abeeab.jpg?ver=1777347562\",\"url\":\"https:\/\/centcols.org\/wp-content\/litespeed\/avatar\/c2275eeaf79d4f7456274de381abeeab.jpg?ver=1777347562\",\"contentUrl\":\"https:\/\/centcols.org\/wp-content\/litespeed\/avatar\/c2275eeaf79d4f7456274de381abeeab.jpg?ver=1777347562\",\"caption\":\"Ren\u00e9 Mercier\"},\"url\":\"https:\/\/centcols.org\/es\/author\/7552\/\"}]}<\/script>\n<!-- \/ Yoast SEO plugin. -->","yoast_head_json":{"title":"FR-01 Souclin - Bugey - BTT 35 km, D+ 1030 m, 7 puertos - Club des Cent Cols","robots":{"index":"index","follow":"follow","max-snippet":"max-snippet:-1","max-image-preview":"max-image-preview:large","max-video-preview":"max-video-preview:-1"},"canonical":"https:\/\/centcols.org\/es\/fr-01-souclin-bugey-vtt\/","og_locale":"es_ES","og_type":"article","og_title":"FR-01 Souclin - Bugey \u2013 VTT 35 km, D+ 1030 m, 7 cols - Club des Cent Cols","og_description":"Description de l\u2019auteur Auteur : Philippe ChazottierParcours : effectu\u00e9 le 17 septembre 2025D\u00e9part : parking de la salle des f\u00eates du village de Souclin, \u00e0 c\u00f4t\u00e9 de la mairie. Descriptif touristique Belles vues sur la plaine de l&rsquo;Ain et sur le Rh\u00f4ne. Circuit vari\u00e9 avec des passages en sous-bois sympathiques, notamment le Golet du Feyet. [&hellip;]","og_url":"https:\/\/centcols.org\/es\/fr-01-souclin-bugey-vtt\/","og_site_name":"Club des Cent Cols","article_publisher":"https:\/\/www.facebook.com\/groups\/5261880558\/?locale=fr_FR","article_published_time":"2025-11-21T17:58:18+00:00","article_modified_time":"2026-03-14T14:29:38+00:00","og_image":[{"width":1200,"height":780,"url":"https:\/\/centcols.org\/wp-content\/uploads\/2025\/11\/SOUCLIN-3-Au-dessus-de-Cleyzieu.jpg","type":"image\/jpeg"}],"author":"Ren\u00e9 Mercier","twitter_card":"summary_large_image","twitter_misc":{"Escrito por":"Ren\u00e9 Mercier","Tiempo de lectura":"3 minutos"},"schema":{"@context":"https:\/\/schema.org","@graph":[{"@type":"Article","@id":"https:\/\/centcols.org\/fr-01-souclin-bugey-vtt\/#article","isPartOf":{"@id":"https:\/\/centcols.org\/fr-01-souclin-bugey-vtt\/"},"author":{"name":"Ren\u00e9 Mercier","@id":"https:\/\/centcols.org\/#\/schema\/person\/0cc8f723679c98f3fb7798df5a50c018"},"headline":"FR-01 Souclin &#8211; Bugey \u2013 VTT 35 km, D+ 1030 m, 7 cols","datePublished":"2025-11-21T17:58:18+00:00","dateModified":"2026-03-14T14:29:38+00:00","mainEntityOfPage":{"@id":"https:\/\/centcols.org\/fr-01-souclin-bugey-vtt\/"},"wordCount":289,"commentCount":0,"publisher":{"@id":"https:\/\/centcols.org\/#organization"},"image":{"@id":"https:\/\/centcols.org\/fr-01-souclin-bugey-vtt\/#primaryimage"},"thumbnailUrl":"https:\/\/centcols.org\/wp-content\/uploads\/2025\/11\/SOUCLIN-3-Au-dessus-de-Cleyzieu.jpg","articleSection":["Parcours France","Auvergne-Rh\u00f4ne-Alpes","01-Ain","VTT","D\u00e9partement","Jura","Parcours membres"],"inLanguage":"es","potentialAction":[{"@type":"CommentAction","name":"Comment","target":["https:\/\/centcols.org\/fr-01-souclin-bugey-vtt\/#respond"]}]},{"@type":"WebPage","@id":"https:\/\/centcols.org\/fr-01-souclin-bugey-vtt\/","url":"https:\/\/centcols.org\/fr-01-souclin-bugey-vtt\/","name":"FR-01 Souclin - Bugey - BTT 35 km, D+ 1030 m, 7 puertos - Club des Cent Cols","isPartOf":{"@id":"https:\/\/centcols.org\/#website"},"primaryImageOfPage":{"@id":"https:\/\/centcols.org\/fr-01-souclin-bugey-vtt\/#primaryimage"},"image":{"@id":"https:\/\/centcols.org\/fr-01-souclin-bugey-vtt\/#primaryimage"},"thumbnailUrl":"https:\/\/centcols.org\/wp-content\/uploads\/2025\/11\/SOUCLIN-3-Au-dessus-de-Cleyzieu.jpg","datePublished":"2025-11-21T17:58:18+00:00","dateModified":"2026-03-14T14:29:38+00:00","breadcrumb":{"@id":"https:\/\/centcols.org\/fr-01-souclin-bugey-vtt\/#breadcrumb"},"inLanguage":"es","potentialAction":[{"@type":"ReadAction","target":["https:\/\/centcols.org\/fr-01-souclin-bugey-vtt\/"]}]},{"@type":"ImageObject","inLanguage":"es","@id":"https:\/\/centcols.org\/fr-01-souclin-bugey-vtt\/#primaryimage","url":"https:\/\/centcols.org\/wp-content\/uploads\/2025\/11\/SOUCLIN-3-Au-dessus-de-Cleyzieu.jpg","contentUrl":"https:\/\/centcols.org\/wp-content\/uploads\/2025\/11\/SOUCLIN-3-Au-dessus-de-Cleyzieu.jpg","width":1200,"height":780},{"@type":"BreadcrumbList","@id":"https:\/\/centcols.org\/fr-01-souclin-bugey-vtt\/#breadcrumb","itemListElement":[{"@type":"ListItem","position":1,"name":"Accueil","item":"https:\/\/centcols.org\/"},{"@type":"ListItem","position":2,"name":"Parcours membres","item":"https:\/\/centcols.org\/rubrique\/parcours-membres\/"},{"@type":"ListItem","position":3,"name":"Pays","item":"https:\/\/centcols.org\/rubrique\/parcours-membres\/pays-parcours-membres\/"},{"@type":"ListItem","position":4,"name":"Parcours France","item":"https:\/\/centcols.org\/rubrique\/parcours-membres\/pays-parcours-membres\/parcours-france\/"},{"@type":"ListItem","position":5,"name":"FR-01 Souclin &#8211; Bugey \u2013 VTT 35 km, D+ 1030 m, 7 cols"}]},{"@type":"WebSite","@id":"https:\/\/centcols.org\/#website","url":"https:\/\/centcols.org\/","name":"Club des Cent Cols","description":"","publisher":{"@id":"https:\/\/centcols.org\/#organization"},"potentialAction":[{"@type":"SearchAction","target":{"@type":"EntryPoint","urlTemplate":"https:\/\/centcols.org\/?s={search_term_string}"},"query-input":{"@type":"PropertyValueSpecification","valueRequired":true,"valueName":"search_term_string"}}],"inLanguage":"es"},{"@type":"Organization","@id":"https:\/\/centcols.org\/#organization","name":"Club des Cent Cols","url":"https:\/\/centcols.org\/","logo":{"@type":"ImageObject","inLanguage":"es","@id":"https:\/\/centcols.org\/#\/schema\/logo\/image\/","url":"https:\/\/centcols.org\/wp-content\/uploads\/2025\/01\/carte-icone.png","contentUrl":"https:\/\/centcols.org\/wp-content\/uploads\/2025\/01\/carte-icone.png","width":250,"height":250,"caption":"Club des Cent Cols"},"image":{"@id":"https:\/\/centcols.org\/#\/schema\/logo\/image\/"},"sameAs":["https:\/\/www.facebook.com\/groups\/5261880558\/?locale=fr_FR"]},{"@type":"Person","@id":"https:\/\/centcols.org\/#\/schema\/person\/0cc8f723679c98f3fb7798df5a50c018","name":"Ren\u00e9 Mercier","image":{"@type":"ImageObject","inLanguage":"es","@id":"https:\/\/centcols.org\/wp-content\/litespeed\/avatar\/c2275eeaf79d4f7456274de381abeeab.jpg?ver=1777347562","url":"https:\/\/centcols.org\/wp-content\/litespeed\/avatar\/c2275eeaf79d4f7456274de381abeeab.jpg?ver=1777347562","contentUrl":"https:\/\/centcols.org\/wp-content\/litespeed\/avatar\/c2275eeaf79d4f7456274de381abeeab.jpg?ver=1777347562","caption":"Ren\u00e9 Mercier"},"url":"https:\/\/centcols.org\/es\/author\/7552\/"}]}},"_links":{"self":[{"href":"https:\/\/centcols.org\/es\/wp-json\/wp\/v2\/posts\/92208","targetHints":{"allow":["GET"]}}],"collection":[{"href":"https:\/\/centcols.org\/es\/wp-json\/wp\/v2\/posts"}],"about":[{"href":"https:\/\/centcols.org\/es\/wp-json\/wp\/v2\/types\/post"}],"author":[{"embeddable":true,"href":"https:\/\/centcols.org\/es\/wp-json\/wp\/v2\/users\/1726"}],"replies":[{"embeddable":true,"href":"https:\/\/centcols.org\/es\/wp-json\/wp\/v2\/comments?post=92208"}],"version-history":[{"count":0,"href":"https:\/\/centcols.org\/es\/wp-json\/wp\/v2\/posts\/92208\/revisions"}],"wp:featuredmedia":[{"embeddable":true,"href":"https:\/\/centcols.org\/es\/wp-json\/wp\/v2\/media\/92222"}],"wp:attachment":[{"href":"https:\/\/centcols.org\/es\/wp-json\/wp\/v2\/media?parent=92208"}],"wp:term":[{"taxonomy":"category","embeddable":true,"href":"https:\/\/centcols.org\/es\/wp-json\/wp\/v2\/categories?post=92208"},{"taxonomy":"post_tag","embeddable":true,"href":"https:\/\/centcols.org\/es\/wp-json\/wp\/v2\/tags?post=92208"}],"curies":[{"name":"wp","href":"https:\/\/api.w.org\/{rel}","templated":true}]}}