{"id":92213,"date":"2025-11-21T19:27:19","date_gmt":"2025-11-21T17:27:19","guid":{"rendered":"https:\/\/centcols.org\/?p=92213"},"modified":"2025-11-21T20:56:08","modified_gmt":"2025-11-21T18:56:08","slug":"davide-mazzocco-periodista-deportivo-presenta-el-cent-cols-club","status":"publish","type":"post","link":"https:\/\/centcols.org\/es\/davide-mazzocco-journaliste-sportif-presente-le-club-des-cent-cols\/","title":{"rendered":"El periodista deportivo Davide Mazzocco presenta el Club des Cent Cols en la revista bikeitalia."},"content":{"rendered":"<figure class=\"wp-block-image size-full\"><a href=\"https:\/\/centcols.org\/wp-content\/uploads\/2025\/11\/Davide-Mazzocco.jpg\"><img loading=\"lazy\" decoding=\"async\" width=\"1200\" height=\"900\" src=\"https:\/\/centcols.org\/wp-content\/uploads\/2025\/11\/Davide-Mazzocco.jpg\" alt=\"\" class=\"wp-image-92211\" srcset=\"https:\/\/centcols.org\/wp-content\/uploads\/2025\/11\/Davide-Mazzocco.jpg 1200w, https:\/\/centcols.org\/wp-content\/uploads\/2025\/11\/Davide-Mazzocco-768x576.jpg 768w, https:\/\/centcols.org\/wp-content\/uploads\/2025\/11\/Davide-Mazzocco-16x12.jpg 16w\" sizes=\"auto, (max-width: 1200px) 100vw, 1200px\" \/><\/a><figcaption class=\"wp-element-caption\">Davide en el Col de Neronne en el Cantal<\/figcaption><\/figure>\n\n\n\n<p>Davide no es un desconocido. En noviembre de 2021, escribi\u00f3 un art\u00edculo sobre nuestro club en la Gazzetta dello Sport, que ahora puedes leer. <a href=\"https:\/\/www.gazzetta.it\/bici\/turismo\/08-11-2021\/cent-cols-club-ciclisti-che-collezionano-salite-4202212507272_amp.shtml\" target=\"_blank\" rel=\"noreferrer noopener\">aqu\u00ed<\/a><\/p>\n\n\n\n<p>Acaba de escribir un nuevo art\u00edculo en <a href=\"https:\/\/www.bikeitalia.it\/2025\/11\/21\/esiste-un-associazione-di-collezionisti-di-salite-in-bicicletta\/\" target=\"_blank\" rel=\"noreferrer noopener\">revista bikeitalia<\/a>. Puede encontrar todos sus art\u00edculos aqu\u00ed <a href=\"https:\/\/www.bikeitalia.it\/?s=davide+mazzocco\" target=\"_blank\" rel=\"noreferrer noopener\">aqu\u00ed<\/a><\/p>\n\n\n\n<p>Tambi\u00e9n presentar\u00e1 el club en el pr\u00f3ximo n\u00famero de la revista <a href=\"https:\/\/mailchi.mp\/96c56bdfd839\/grimpeur\" target=\"_blank\" rel=\"noreferrer noopener\">Escalador<\/a> en enero de 2026. Es una revista bimensual gratuita. Informa sobre sus ascensiones en Italia y tambi\u00e9n en Francia, donde acaba de pasar sus \u00faltimas seis vacaciones de verano. Te invita a suscribirte haciendo clic en este enlace <a href=\"https:\/\/eepurl.us21.list-manage.com\/subscribe?u=602fcd23fa0a29fce8db67464&amp;id=b73c348160\" target=\"_blank\" rel=\"noreferrer noopener\">enlace<\/a>.<\/p>\n\n\n\n<p>Davide enviar\u00e1 en breve su formulario de afiliaci\u00f3n al Club.<\/p>","protected":false},"excerpt":{"rendered":"<p>Davide n&rsquo;est pas un inconnu. Il avait d\u00e9j\u00e0 r\u00e9dig\u00e9 un article en novembre 2021 sur notre club dans la Gazzetta dello Sport que vous pouvez d\u00e9couvrir ici Il vient d&rsquo;\u00e9crire un nouvel article dans le magazine bikeitalia. Vous pouvez retrouver tous ses articles ici Il pr\u00e9sentera le club \u00e9galement dans le prochain num\u00e9ro du magazine [&hellip;]<\/p>\n","protected":false},"author":64,"featured_media":92211,"comment_status":"open","ping_status":"open","sticky":false,"template":"","format":"standard","meta":{"_acf_changed":false,"footnotes":""},"categories":[133],"tags":[],"class_list":["post-92213","post","type-post","status-publish","format-standard","has-post-thumbnail","hentry","category-revue-de-presse"],"acf":[],"yoast_head":"<!-- This site is optimized with the Yoast SEO plugin v27.2 - https:\/\/yoast.com\/product\/yoast-seo-wordpress\/ -->\n<title>Davide Mazzocco, journaliste sportif pr\u00e9sente le Club des Cent Cols dans le magazine bikeitalia. - Club des Cent Cols<\/title>\n<meta name=\"robots\" content=\"index, follow, max-snippet:-1, max-image-preview:large, max-video-preview:-1\" \/>\n<link rel=\"canonical\" href=\"https:\/\/centcols.org\/es\/davide-mazzocco-periodista-deportivo-presenta-el-cent-cols-club\/\" \/>\n<meta property=\"og:locale\" content=\"es_ES\" \/>\n<meta property=\"og:type\" content=\"article\" \/>\n<meta property=\"og:title\" content=\"Davide Mazzocco, journaliste sportif pr\u00e9sente le Club des Cent Cols dans le magazine bikeitalia. - Club des Cent Cols\" \/>\n<meta property=\"og:description\" content=\"Davide n&rsquo;est pas un inconnu. Il avait d\u00e9j\u00e0 r\u00e9dig\u00e9 un article en novembre 2021 sur notre club dans la Gazzetta dello Sport que vous pouvez d\u00e9couvrir ici Il vient d&rsquo;\u00e9crire un nouvel article dans le magazine bikeitalia. Vous pouvez retrouver tous ses articles ici Il pr\u00e9sentera le club \u00e9galement dans le prochain num\u00e9ro du magazine [&hellip;]\" \/>\n<meta property=\"og:url\" content=\"https:\/\/centcols.org\/es\/davide-mazzocco-periodista-deportivo-presenta-el-cent-cols-club\/\" \/>\n<meta property=\"og:site_name\" content=\"Club des Cent Cols\" \/>\n<meta property=\"article:publisher\" content=\"https:\/\/www.facebook.com\/groups\/5261880558\/?locale=fr_FR\" \/>\n<meta property=\"article:published_time\" content=\"2025-11-21T17:27:19+00:00\" \/>\n<meta property=\"article:modified_time\" content=\"2025-11-21T18:56:08+00:00\" \/>\n<meta property=\"og:image\" content=\"https:\/\/centcols.org\/wp-content\/uploads\/2025\/11\/Davide-Mazzocco.jpg\" \/>\n\t<meta property=\"og:image:width\" content=\"1200\" \/>\n\t<meta property=\"og:image:height\" content=\"900\" \/>\n\t<meta property=\"og:image:type\" content=\"image\/jpeg\" \/>\n<meta name=\"author\" content=\"Christophe Badonnel\" \/>\n<meta name=\"twitter:card\" content=\"summary_large_image\" \/>\n<meta name=\"twitter:label1\" content=\"Escrito por\" \/>\n\t<meta name=\"twitter:data1\" content=\"Christophe Badonnel\" \/>\n\t<meta name=\"twitter:label2\" content=\"Tiempo de lectura\" \/>\n\t<meta name=\"twitter:data2\" content=\"1 minuto\" \/>\n<script type=\"application\/ld+json\" class=\"yoast-schema-graph\">{\"@context\":\"https:\/\/schema.org\",\"@graph\":[{\"@type\":\"Article\",\"@id\":\"https:\/\/centcols.org\/es\/davide-mazzocco-journaliste-sportif-presente-le-club-des-cent-cols\/#article\",\"isPartOf\":{\"@id\":\"https:\/\/centcols.org\/es\/davide-mazzocco-journaliste-sportif-presente-le-club-des-cent-cols\/\"},\"author\":{\"name\":\"Christophe Badonnel\",\"@id\":\"https:\/\/centcols.org\/#\/schema\/person\/5c1a9d61132fb33ccec149272abff6e1\"},\"headline\":\"Davide Mazzocco, journaliste sportif pr\u00e9sente le Club des Cent Cols dans le magazine bikeitalia.\",\"datePublished\":\"2025-11-21T17:27:19+00:00\",\"dateModified\":\"2025-11-21T18:56:08+00:00\",\"mainEntityOfPage\":{\"@id\":\"https:\/\/centcols.org\/es\/davide-mazzocco-journaliste-sportif-presente-le-club-des-cent-cols\/\"},\"wordCount\":136,\"commentCount\":0,\"publisher\":{\"@id\":\"https:\/\/centcols.org\/#organization\"},\"image\":{\"@id\":\"https:\/\/centcols.org\/es\/davide-mazzocco-journaliste-sportif-presente-le-club-des-cent-cols\/#primaryimage\"},\"thumbnailUrl\":\"https:\/\/centcols.org\/wp-content\/uploads\/2025\/11\/Davide-Mazzocco.jpg\",\"articleSection\":[\"Revue de presse\"],\"inLanguage\":\"es\",\"potentialAction\":[{\"@type\":\"CommentAction\",\"name\":\"Comment\",\"target\":[\"https:\/\/centcols.org\/es\/davide-mazzocco-journaliste-sportif-presente-le-club-des-cent-cols\/#respond\"]}]},{\"@type\":\"WebPage\",\"@id\":\"https:\/\/centcols.org\/es\/davide-mazzocco-journaliste-sportif-presente-le-club-des-cent-cols\/\",\"url\":\"https:\/\/centcols.org\/es\/davide-mazzocco-journaliste-sportif-presente-le-club-des-cent-cols\/\",\"name\":\"Davide Mazzocco, journaliste sportif pr\u00e9sente le Club des Cent Cols dans le magazine bikeitalia. - Club des Cent Cols\",\"isPartOf\":{\"@id\":\"https:\/\/centcols.org\/#website\"},\"primaryImageOfPage\":{\"@id\":\"https:\/\/centcols.org\/es\/davide-mazzocco-journaliste-sportif-presente-le-club-des-cent-cols\/#primaryimage\"},\"image\":{\"@id\":\"https:\/\/centcols.org\/es\/davide-mazzocco-journaliste-sportif-presente-le-club-des-cent-cols\/#primaryimage\"},\"thumbnailUrl\":\"https:\/\/centcols.org\/wp-content\/uploads\/2025\/11\/Davide-Mazzocco.jpg\",\"datePublished\":\"2025-11-21T17:27:19+00:00\",\"dateModified\":\"2025-11-21T18:56:08+00:00\",\"breadcrumb\":{\"@id\":\"https:\/\/centcols.org\/es\/davide-mazzocco-journaliste-sportif-presente-le-club-des-cent-cols\/#breadcrumb\"},\"inLanguage\":\"es\",\"potentialAction\":[{\"@type\":\"ReadAction\",\"target\":[\"https:\/\/centcols.org\/es\/davide-mazzocco-journaliste-sportif-presente-le-club-des-cent-cols\/\"]}]},{\"@type\":\"ImageObject\",\"inLanguage\":\"es\",\"@id\":\"https:\/\/centcols.org\/es\/davide-mazzocco-journaliste-sportif-presente-le-club-des-cent-cols\/#primaryimage\",\"url\":\"https:\/\/centcols.org\/wp-content\/uploads\/2025\/11\/Davide-Mazzocco.jpg\",\"contentUrl\":\"https:\/\/centcols.org\/wp-content\/uploads\/2025\/11\/Davide-Mazzocco.jpg\",\"width\":1200,\"height\":900,\"caption\":\"Davide au col de Neronne dans le Cantal\"},{\"@type\":\"BreadcrumbList\",\"@id\":\"https:\/\/centcols.org\/es\/davide-mazzocco-journaliste-sportif-presente-le-club-des-cent-cols\/#breadcrumb\",\"itemListElement\":[{\"@type\":\"ListItem\",\"position\":1,\"name\":\"Accueil\",\"item\":\"https:\/\/centcols.org\/\"},{\"@type\":\"ListItem\",\"position\":2,\"name\":\"Gazette\",\"item\":\"https:\/\/centcols.org\/rubrique\/gazette\/\"},{\"@type\":\"ListItem\",\"position\":3,\"name\":\"Revue de presse\",\"item\":\"https:\/\/centcols.org\/rubrique\/gazette\/revue-de-presse\/\"},{\"@type\":\"ListItem\",\"position\":4,\"name\":\"Davide Mazzocco, journaliste sportif pr\u00e9sente le Club des Cent Cols dans le magazine bikeitalia.\"}]},{\"@type\":\"WebSite\",\"@id\":\"https:\/\/centcols.org\/#website\",\"url\":\"https:\/\/centcols.org\/\",\"name\":\"Club des Cent Cols\",\"description\":\"\",\"publisher\":{\"@id\":\"https:\/\/centcols.org\/#organization\"},\"potentialAction\":[{\"@type\":\"SearchAction\",\"target\":{\"@type\":\"EntryPoint\",\"urlTemplate\":\"https:\/\/centcols.org\/?s={search_term_string}\"},\"query-input\":{\"@type\":\"PropertyValueSpecification\",\"valueRequired\":true,\"valueName\":\"search_term_string\"}}],\"inLanguage\":\"es\"},{\"@type\":\"Organization\",\"@id\":\"https:\/\/centcols.org\/#organization\",\"name\":\"Club des Cent Cols\",\"url\":\"https:\/\/centcols.org\/\",\"logo\":{\"@type\":\"ImageObject\",\"inLanguage\":\"es\",\"@id\":\"https:\/\/centcols.org\/#\/schema\/logo\/image\/\",\"url\":\"https:\/\/centcols.org\/wp-content\/uploads\/2025\/01\/carte-icone.png\",\"contentUrl\":\"https:\/\/centcols.org\/wp-content\/uploads\/2025\/01\/carte-icone.png\",\"width\":250,\"height\":250,\"caption\":\"Club des Cent Cols\"},\"image\":{\"@id\":\"https:\/\/centcols.org\/#\/schema\/logo\/image\/\"},\"sameAs\":[\"https:\/\/www.facebook.com\/groups\/5261880558\/?locale=fr_FR\"]},{\"@type\":\"Person\",\"@id\":\"https:\/\/centcols.org\/#\/schema\/person\/5c1a9d61132fb33ccec149272abff6e1\",\"name\":\"Christophe Badonnel\",\"image\":{\"@type\":\"ImageObject\",\"inLanguage\":\"es\",\"@id\":\"https:\/\/centcols.org\/wp-content\/litespeed\/avatar\/9f363966b51271bd99ebbb6ebd632889.jpg?ver=1777238111\",\"url\":\"https:\/\/centcols.org\/wp-content\/litespeed\/avatar\/9f363966b51271bd99ebbb6ebd632889.jpg?ver=1777238111\",\"contentUrl\":\"https:\/\/centcols.org\/wp-content\/litespeed\/avatar\/9f363966b51271bd99ebbb6ebd632889.jpg?ver=1777238111\",\"caption\":\"Christophe Badonnel\"},\"url\":\"https:\/\/centcols.org\/es\/author\/5799\/\"}]}<\/script>\n<!-- \/ Yoast SEO plugin. -->","yoast_head_json":{"title":"El periodista deportivo Davide Mazzocco presenta el Club des Cent Cols en la revista bikeitalia. - Club des Cent Cols","robots":{"index":"index","follow":"follow","max-snippet":"max-snippet:-1","max-image-preview":"max-image-preview:large","max-video-preview":"max-video-preview:-1"},"canonical":"https:\/\/centcols.org\/es\/davide-mazzocco-periodista-deportivo-presenta-el-cent-cols-club\/","og_locale":"es_ES","og_type":"article","og_title":"Davide Mazzocco, journaliste sportif pr\u00e9sente le Club des Cent Cols dans le magazine bikeitalia. - Club des Cent Cols","og_description":"Davide n&rsquo;est pas un inconnu. Il avait d\u00e9j\u00e0 r\u00e9dig\u00e9 un article en novembre 2021 sur notre club dans la Gazzetta dello Sport que vous pouvez d\u00e9couvrir ici Il vient d&rsquo;\u00e9crire un nouvel article dans le magazine bikeitalia. Vous pouvez retrouver tous ses articles ici Il pr\u00e9sentera le club \u00e9galement dans le prochain num\u00e9ro du magazine [&hellip;]","og_url":"https:\/\/centcols.org\/es\/davide-mazzocco-periodista-deportivo-presenta-el-cent-cols-club\/","og_site_name":"Club des Cent Cols","article_publisher":"https:\/\/www.facebook.com\/groups\/5261880558\/?locale=fr_FR","article_published_time":"2025-11-21T17:27:19+00:00","article_modified_time":"2025-11-21T18:56:08+00:00","og_image":[{"width":1200,"height":900,"url":"https:\/\/centcols.org\/wp-content\/uploads\/2025\/11\/Davide-Mazzocco.jpg","type":"image\/jpeg"}],"author":"Christophe Badonnel","twitter_card":"summary_large_image","twitter_misc":{"Escrito por":"Christophe Badonnel","Tiempo de lectura":"1 minuto"},"schema":{"@context":"https:\/\/schema.org","@graph":[{"@type":"Article","@id":"https:\/\/centcols.org\/es\/davide-mazzocco-journaliste-sportif-presente-le-club-des-cent-cols\/#article","isPartOf":{"@id":"https:\/\/centcols.org\/es\/davide-mazzocco-journaliste-sportif-presente-le-club-des-cent-cols\/"},"author":{"name":"Christophe Badonnel","@id":"https:\/\/centcols.org\/#\/schema\/person\/5c1a9d61132fb33ccec149272abff6e1"},"headline":"Davide Mazzocco, journaliste sportif pr\u00e9sente le Club des Cent Cols dans le magazine bikeitalia.","datePublished":"2025-11-21T17:27:19+00:00","dateModified":"2025-11-21T18:56:08+00:00","mainEntityOfPage":{"@id":"https:\/\/centcols.org\/es\/davide-mazzocco-journaliste-sportif-presente-le-club-des-cent-cols\/"},"wordCount":136,"commentCount":0,"publisher":{"@id":"https:\/\/centcols.org\/#organization"},"image":{"@id":"https:\/\/centcols.org\/es\/davide-mazzocco-journaliste-sportif-presente-le-club-des-cent-cols\/#primaryimage"},"thumbnailUrl":"https:\/\/centcols.org\/wp-content\/uploads\/2025\/11\/Davide-Mazzocco.jpg","articleSection":["Revue de presse"],"inLanguage":"es","potentialAction":[{"@type":"CommentAction","name":"Comment","target":["https:\/\/centcols.org\/es\/davide-mazzocco-journaliste-sportif-presente-le-club-des-cent-cols\/#respond"]}]},{"@type":"WebPage","@id":"https:\/\/centcols.org\/es\/davide-mazzocco-journaliste-sportif-presente-le-club-des-cent-cols\/","url":"https:\/\/centcols.org\/es\/davide-mazzocco-journaliste-sportif-presente-le-club-des-cent-cols\/","name":"El periodista deportivo Davide Mazzocco presenta el Club des Cent Cols en la revista bikeitalia. - Club des Cent Cols","isPartOf":{"@id":"https:\/\/centcols.org\/#website"},"primaryImageOfPage":{"@id":"https:\/\/centcols.org\/es\/davide-mazzocco-journaliste-sportif-presente-le-club-des-cent-cols\/#primaryimage"},"image":{"@id":"https:\/\/centcols.org\/es\/davide-mazzocco-journaliste-sportif-presente-le-club-des-cent-cols\/#primaryimage"},"thumbnailUrl":"https:\/\/centcols.org\/wp-content\/uploads\/2025\/11\/Davide-Mazzocco.jpg","datePublished":"2025-11-21T17:27:19+00:00","dateModified":"2025-11-21T18:56:08+00:00","breadcrumb":{"@id":"https:\/\/centcols.org\/es\/davide-mazzocco-journaliste-sportif-presente-le-club-des-cent-cols\/#breadcrumb"},"inLanguage":"es","potentialAction":[{"@type":"ReadAction","target":["https:\/\/centcols.org\/es\/davide-mazzocco-journaliste-sportif-presente-le-club-des-cent-cols\/"]}]},{"@type":"ImageObject","inLanguage":"es","@id":"https:\/\/centcols.org\/es\/davide-mazzocco-journaliste-sportif-presente-le-club-des-cent-cols\/#primaryimage","url":"https:\/\/centcols.org\/wp-content\/uploads\/2025\/11\/Davide-Mazzocco.jpg","contentUrl":"https:\/\/centcols.org\/wp-content\/uploads\/2025\/11\/Davide-Mazzocco.jpg","width":1200,"height":900,"caption":"Davide au col de Neronne dans le Cantal"},{"@type":"BreadcrumbList","@id":"https:\/\/centcols.org\/es\/davide-mazzocco-journaliste-sportif-presente-le-club-des-cent-cols\/#breadcrumb","itemListElement":[{"@type":"ListItem","position":1,"name":"Accueil","item":"https:\/\/centcols.org\/"},{"@type":"ListItem","position":2,"name":"Gazette","item":"https:\/\/centcols.org\/rubrique\/gazette\/"},{"@type":"ListItem","position":3,"name":"Revue de presse","item":"https:\/\/centcols.org\/rubrique\/gazette\/revue-de-presse\/"},{"@type":"ListItem","position":4,"name":"Davide Mazzocco, journaliste sportif pr\u00e9sente le Club des Cent Cols dans le magazine bikeitalia."}]},{"@type":"WebSite","@id":"https:\/\/centcols.org\/#website","url":"https:\/\/centcols.org\/","name":"Club des Cent Cols","description":"","publisher":{"@id":"https:\/\/centcols.org\/#organization"},"potentialAction":[{"@type":"SearchAction","target":{"@type":"EntryPoint","urlTemplate":"https:\/\/centcols.org\/?s={search_term_string}"},"query-input":{"@type":"PropertyValueSpecification","valueRequired":true,"valueName":"search_term_string"}}],"inLanguage":"es"},{"@type":"Organization","@id":"https:\/\/centcols.org\/#organization","name":"Club des Cent Cols","url":"https:\/\/centcols.org\/","logo":{"@type":"ImageObject","inLanguage":"es","@id":"https:\/\/centcols.org\/#\/schema\/logo\/image\/","url":"https:\/\/centcols.org\/wp-content\/uploads\/2025\/01\/carte-icone.png","contentUrl":"https:\/\/centcols.org\/wp-content\/uploads\/2025\/01\/carte-icone.png","width":250,"height":250,"caption":"Club des Cent Cols"},"image":{"@id":"https:\/\/centcols.org\/#\/schema\/logo\/image\/"},"sameAs":["https:\/\/www.facebook.com\/groups\/5261880558\/?locale=fr_FR"]},{"@type":"Person","@id":"https:\/\/centcols.org\/#\/schema\/person\/5c1a9d61132fb33ccec149272abff6e1","name":"Christophe Badonnel","image":{"@type":"ImageObject","inLanguage":"es","@id":"https:\/\/centcols.org\/wp-content\/litespeed\/avatar\/9f363966b51271bd99ebbb6ebd632889.jpg?ver=1777238111","url":"https:\/\/centcols.org\/wp-content\/litespeed\/avatar\/9f363966b51271bd99ebbb6ebd632889.jpg?ver=1777238111","contentUrl":"https:\/\/centcols.org\/wp-content\/litespeed\/avatar\/9f363966b51271bd99ebbb6ebd632889.jpg?ver=1777238111","caption":"Christophe Badonnel"},"url":"https:\/\/centcols.org\/es\/author\/5799\/"}]}},"_links":{"self":[{"href":"https:\/\/centcols.org\/es\/wp-json\/wp\/v2\/posts\/92213","targetHints":{"allow":["GET"]}}],"collection":[{"href":"https:\/\/centcols.org\/es\/wp-json\/wp\/v2\/posts"}],"about":[{"href":"https:\/\/centcols.org\/es\/wp-json\/wp\/v2\/types\/post"}],"author":[{"embeddable":true,"href":"https:\/\/centcols.org\/es\/wp-json\/wp\/v2\/users\/64"}],"replies":[{"embeddable":true,"href":"https:\/\/centcols.org\/es\/wp-json\/wp\/v2\/comments?post=92213"}],"version-history":[{"count":0,"href":"https:\/\/centcols.org\/es\/wp-json\/wp\/v2\/posts\/92213\/revisions"}],"wp:featuredmedia":[{"embeddable":true,"href":"https:\/\/centcols.org\/es\/wp-json\/wp\/v2\/media\/92211"}],"wp:attachment":[{"href":"https:\/\/centcols.org\/es\/wp-json\/wp\/v2\/media?parent=92213"}],"wp:term":[{"taxonomy":"category","embeddable":true,"href":"https:\/\/centcols.org\/es\/wp-json\/wp\/v2\/categories?post=92213"},{"taxonomy":"post_tag","embeddable":true,"href":"https:\/\/centcols.org\/es\/wp-json\/wp\/v2\/tags?post=92213"}],"curies":[{"name":"wp","href":"https:\/\/api.w.org\/{rel}","templated":true}]}}