{"id":92242,"date":"2025-11-27T19:42:14","date_gmt":"2025-11-27T17:42:14","guid":{"rendered":"https:\/\/centcols.org\/?p=92242"},"modified":"2026-03-14T16:18:45","modified_gmt":"2026-03-14T14:18:45","slug":"fr-30-caderousse-grava","status":"publish","type":"post","link":"https:\/\/centcols.org\/es\/fr-30-caderousse-gravel\/","title":{"rendered":"FR-30 Caderousse - Grava 54 km, D+ 680 m, 6 puertos"},"content":{"rendered":"<iframe width=\"100%\" height=\"650\" loading=\"lazy\" src=\"https:\/\/www.openrunner.com\/embed\/4f617a2f6d376e354a7359575277716e654f5147596a6d75424457324d47684f4b637931714158417370453d3a3ad27a715d4381c5e264f7d8e9cb653c98?unit=metric\" style=\"border: none;\"><\/iframe>\n\n\n\n<div style=\"height:30px\" aria-hidden=\"true\" class=\"wp-block-spacer\"><\/div>\n\n\n\n<h2 class=\"wp-block-heading\">Descripci\u00f3n del autor<\/h2>\n\n\n\n<p><strong>Autor<\/strong> : Philippe Chazottier<br><strong>Curso<\/strong> realizado el 19 de octubre de 2025<br><strong>Salida<\/strong> Caderousse, aparcamiento del estadio.<\/p>\n\n\n\n<div style=\"height:30px\" aria-hidden=\"true\" class=\"wp-block-spacer\"><\/div>\n\n\n\n<h2 class=\"wp-block-heading\">Informaci\u00f3n tur\u00edstica<\/h2>\n\n\n\n<p>Visite el \u00able <a href=\"https:\/\/www.tourismegard.com\/fr\/fiche\/patrimoine-culturel\/le-camp-de-cesar-laudun-l-ardoise_TFO5931557\/\" target=\"_blank\" rel=\"noreferrer noopener\">Campamento de C\u00e9sar<\/a>\u00a0\u00bbLaudun-l'Ardoise estuvo ocupada durante mil a\u00f1os, hasta el siglo VI. Era una ciudad galo-romana.<\/p>\n\n\n\n<div style=\"height:30px\" aria-hidden=\"true\" class=\"wp-block-spacer\"><\/div>\n\n\n\n<h2 class=\"wp-block-heading\">Especificaciones t\u00e9cnicas<\/h2>\n\n\n\n<p>Ruta ciclista en 98%. El primer y el \u00faltimo paso son por carretera. El puerto de Ventabren Oeste es accesible a pie. Los dem\u00e1s puertos son accesibles por pistas, caminos o carreteras. En Pas du Roule, el paso geogr\u00e1fico se encuentra en la cresta.<\/p>\n\n\n\n<div style=\"height:30px\" aria-hidden=\"true\" class=\"wp-block-spacer\"><\/div>\n\n\n\n<p><strong>6 collares<\/strong><\/p>\n\n\n\n<figure class=\"wp-block-table\"><table class=\"has-fixed-layout\"><tbody><tr><td>1 - Col des Codes y Pierredon<\/td><td class=\"has-text-align-center\" data-align=\"center\">67 m<\/td><td><a href=\"https:\/\/centcols.org\/es\/util\/geo\/visu.php\/?code=FR-30-0067\" target=\"_blank\" rel=\"noreferrer noopener\">FR-30-0067<\/a><\/td><\/tr><tr><td>2 - Pas du Roule<\/td><td class=\"has-text-align-center\" data-align=\"center\">145 m<\/td><td><a href=\"https:\/\/centcols.org\/es\/util\/geo\/visu.php\/?code=FR-30-0145\" target=\"_blank\" rel=\"noreferrer noopener\">FR-30-0145<\/a><\/td><\/tr><tr><td>3 - Paso del Loup<\/td><td class=\"has-text-align-center\" data-align=\"center\">255 m<\/td><td><a href=\"https:\/\/centcols.org\/es\/util\/geo\/visu.php\/?code=FR-30-0255\" target=\"_blank\" rel=\"noreferrer noopener\">FR-30-0255<\/a><\/td><\/tr><tr><td>4 - Col de Ventabren Est<\/td><td class=\"has-text-align-center\" data-align=\"center\">234 m<\/td><td><a href=\"https:\/\/centcols.org\/es\/util\/geo\/visu.php\/?code=FR-30-0234\" target=\"_blank\" rel=\"noreferrer noopener\">FR-30-0234<\/a><\/td><\/tr><tr><td>5 - Col de Ventabren Oeste<\/td><td class=\"has-text-align-center\" data-align=\"center\">244 m<\/td><td><a href=\"https:\/\/centcols.org\/es\/util\/geo\/visu.php\/?code=FR-30-0244\" target=\"_blank\" rel=\"noreferrer noopener\">FR-30-0244<\/a><\/td><\/tr><tr><td>6 - Col du Dev\u00e8s<\/td><td class=\"has-text-align-center\" data-align=\"center\">101 m<\/td><td><a href=\"https:\/\/centcols.org\/es\/util\/geo\/visu.php\/?code=FR-30-0104\" target=\"_blank\" rel=\"noreferrer noopener\"><\/a><a href=\"https:\/\/centcols.org\/es\/util\/geo\/visu.php\/?code=FR-30-0104\" target=\"_blank\" rel=\"noreferrer noopener\">FR-30-0104<\/a><\/td><\/tr><\/tbody><\/table><\/figure>\n\n\n\n<p><strong>Palabras clave<\/strong> Caderousse, C\u00e9sar, Laudun, Ventabren, centcols<\/p>\n\n\n\n<p>Enlace Openrunner, mapa interactivo, perfil, pista : <a href=\"https:\/\/www.openrunner.com\/route-details\/22944574\" target=\"_blank\" rel=\"noreferrer noopener\">https:\/\/www.openrunner.com\/route-details\/22944574<\/a><\/p>\n\n\n\n<p>Este itinerario se facilita \u00fanicamente a t\u00edtulo informativo. El autor no asume ninguna responsabilidad, ni tampoco el Club des Cent Cols, por los imponderables debidos al propio ciclista, al material utilizado o a cualquier cosa relacionada con la carretera, las pistas y los caminos, su entorno o los dem\u00e1s usuarios.<\/p>\n\n\n\n<div style=\"height:30px\" aria-hidden=\"true\" class=\"wp-block-spacer\"><\/div>\n\n\n\n<h2 class=\"wp-block-heading\">Fotos<\/h2>\n\n\n\n<figure class=\"wp-block-gallery has-nested-images columns-default is-cropped wp-block-gallery-1 is-layout-flex wp-block-gallery-is-layout-flex\">\n<figure class=\"wp-block-image size-full\"><a href=\"https:\/\/centcols.org\/wp-content\/uploads\/2025\/11\/Le-passage-du-loup.jpg\"><img loading=\"lazy\" decoding=\"async\" width=\"900\" height=\"1200\" data-id=\"92255\" src=\"https:\/\/centcols.org\/wp-content\/uploads\/2025\/11\/Le-passage-du-loup.jpg\" alt=\"\" class=\"wp-image-92255\" srcset=\"https:\/\/centcols.org\/wp-content\/uploads\/2025\/11\/Le-passage-du-loup.jpg 900w, https:\/\/centcols.org\/wp-content\/uploads\/2025\/11\/Le-passage-du-loup-768x1024.jpg 768w, https:\/\/centcols.org\/wp-content\/uploads\/2025\/11\/Le-passage-du-loup-9x12.jpg 9w\" sizes=\"auto, (max-width: 900px) 100vw, 900px\" \/><\/a><figcaption class=\"wp-element-caption\">Paso del Loup<\/figcaption><\/figure>\n\n\n\n<figure class=\"wp-block-image size-full\"><a href=\"https:\/\/centcols.org\/wp-content\/uploads\/2025\/11\/Le-Camp-de-cesar.jpg\"><img loading=\"lazy\" decoding=\"async\" width=\"900\" height=\"1200\" data-id=\"92254\" src=\"https:\/\/centcols.org\/wp-content\/uploads\/2025\/11\/Le-Camp-de-cesar.jpg\" alt=\"\" class=\"wp-image-92254\" srcset=\"https:\/\/centcols.org\/wp-content\/uploads\/2025\/11\/Le-Camp-de-cesar.jpg 900w, https:\/\/centcols.org\/wp-content\/uploads\/2025\/11\/Le-Camp-de-cesar-768x1024.jpg 768w, https:\/\/centcols.org\/wp-content\/uploads\/2025\/11\/Le-Camp-de-cesar-9x12.jpg 9w\" sizes=\"auto, (max-width: 900px) 100vw, 900px\" \/><\/a><figcaption class=\"wp-element-caption\">Campamento de C\u00e9sar<\/figcaption><\/figure>\n\n\n\n<figure class=\"wp-block-image size-full\"><a href=\"https:\/\/centcols.org\/wp-content\/uploads\/2025\/11\/La-Vallee-du-Rhone.jpg\" target=\"_blank\" rel=\" noreferrer noopener\"><img loading=\"lazy\" decoding=\"async\" width=\"1200\" height=\"872\" data-id=\"92253\" src=\"https:\/\/centcols.org\/wp-content\/uploads\/2025\/11\/La-Vallee-du-Rhone.jpg\" alt=\"\" class=\"wp-image-92253\" srcset=\"https:\/\/centcols.org\/wp-content\/uploads\/2025\/11\/La-Vallee-du-Rhone.jpg 1200w, https:\/\/centcols.org\/wp-content\/uploads\/2025\/11\/La-Vallee-du-Rhone-768x558.jpg 768w, https:\/\/centcols.org\/wp-content\/uploads\/2025\/11\/La-Vallee-du-Rhone-18x12.jpg 18w\" sizes=\"auto, (max-width: 1200px) 100vw, 1200px\" \/><\/a><figcaption class=\"wp-element-caption\">Valle del R\u00f3dano<\/figcaption><\/figure>\n<\/figure>\n\n\n\n<p><\/p>","protected":false},"excerpt":{"rendered":"<p>Description de l\u2019auteur Auteur : Philippe ChazottierParcours : effectu\u00e9 le 19 octobre 2025D\u00e9part : Caderousse, parking du stade. Descriptif touristique Visiter l&rsquo;oppidum \u00ab\u00a0le Camp de C\u00e9sar\u00a0\u00bb \u00e0 Laudun-l&rsquo;Ardoise qui a \u00e9t\u00e9 occup\u00e9 pendant un mill\u00e9naire jusqu&rsquo;au 6\u00e8me si\u00e8cle. C&rsquo;\u00e9tait une cit\u00e9 gallo-romaine. Descriptif technique Parcours cyclable \u00e0 98%. Les premier et dernier cols sont routiers. [&hellip;]<\/p>\n","protected":false},"author":1726,"featured_media":92254,"comment_status":"open","ping_status":"open","sticky":false,"template":"","format":"standard","meta":{"_acf_changed":false,"footnotes":""},"categories":[303,320,325,455,463,220],"tags":[],"class_list":["post-92242","post","type-post","status-publish","format-standard","has-post-thumbnail","hentry","category-parcours-france","category-gravel-type-parcours","category-departement","category-occitanie-region-parcours-membres","category-30-gard-departement","category-parcours-membres"],"acf":[],"yoast_head":"<!-- This site is optimized with the Yoast SEO plugin v27.2 - https:\/\/yoast.com\/product\/yoast-seo-wordpress\/ -->\n<title>FR-30 Caderousse \u2013 Gravel 54 km, D+ 680 m, 6 cols - Club des Cent Cols<\/title>\n<meta name=\"robots\" content=\"index, follow, max-snippet:-1, max-image-preview:large, max-video-preview:-1\" \/>\n<link rel=\"canonical\" href=\"https:\/\/centcols.org\/es\/fr-30-caderousse-grava\/\" \/>\n<meta property=\"og:locale\" content=\"es_ES\" \/>\n<meta property=\"og:type\" content=\"article\" \/>\n<meta property=\"og:title\" content=\"FR-30 Caderousse \u2013 Gravel 54 km, D+ 680 m, 6 cols - Club des Cent Cols\" \/>\n<meta property=\"og:description\" content=\"Description de l\u2019auteur Auteur : Philippe ChazottierParcours : effectu\u00e9 le 19 octobre 2025D\u00e9part : Caderousse, parking du stade. Descriptif touristique Visiter l&rsquo;oppidum \u00ab\u00a0le Camp de C\u00e9sar\u00a0\u00bb \u00e0 Laudun-l&rsquo;Ardoise qui a \u00e9t\u00e9 occup\u00e9 pendant un mill\u00e9naire jusqu&rsquo;au 6\u00e8me si\u00e8cle. C&rsquo;\u00e9tait une cit\u00e9 gallo-romaine. Descriptif technique Parcours cyclable \u00e0 98%. Les premier et dernier cols sont routiers. [&hellip;]\" \/>\n<meta property=\"og:url\" content=\"https:\/\/centcols.org\/es\/fr-30-caderousse-grava\/\" \/>\n<meta property=\"og:site_name\" content=\"Club des Cent Cols\" \/>\n<meta property=\"article:publisher\" content=\"https:\/\/www.facebook.com\/groups\/5261880558\/?locale=fr_FR\" \/>\n<meta property=\"article:published_time\" content=\"2025-11-27T17:42:14+00:00\" \/>\n<meta property=\"article:modified_time\" content=\"2026-03-14T14:18:45+00:00\" \/>\n<meta property=\"og:image\" content=\"https:\/\/centcols.org\/wp-content\/uploads\/2025\/11\/Le-Camp-de-cesar.jpg\" \/>\n\t<meta property=\"og:image:width\" content=\"900\" \/>\n\t<meta property=\"og:image:height\" content=\"1200\" \/>\n\t<meta property=\"og:image:type\" content=\"image\/jpeg\" \/>\n<meta name=\"author\" content=\"Ren\u00e9 Mercier\" \/>\n<meta name=\"twitter:card\" content=\"summary_large_image\" \/>\n<meta name=\"twitter:label1\" content=\"Escrito por\" \/>\n\t<meta name=\"twitter:data1\" content=\"Ren\u00e9 Mercier\" \/>\n\t<meta name=\"twitter:label2\" content=\"Tiempo de lectura\" \/>\n\t<meta name=\"twitter:data2\" content=\"2 minutos\" \/>\n<script type=\"application\/ld+json\" class=\"yoast-schema-graph\">{\"@context\":\"https:\/\/schema.org\",\"@graph\":[{\"@type\":\"Article\",\"@id\":\"https:\/\/centcols.org\/nl\/fr-30-caderousse-gravel\/#article\",\"isPartOf\":{\"@id\":\"https:\/\/centcols.org\/nl\/fr-30-caderousse-gravel\/\"},\"author\":{\"name\":\"Ren\u00e9 Mercier\",\"@id\":\"https:\/\/centcols.org\/#\/schema\/person\/0cc8f723679c98f3fb7798df5a50c018\"},\"headline\":\"FR-30 Caderousse \u2013 Gravel 54 km, D+ 680 m, 6 cols\",\"datePublished\":\"2025-11-27T17:42:14+00:00\",\"dateModified\":\"2026-03-14T14:18:45+00:00\",\"mainEntityOfPage\":{\"@id\":\"https:\/\/centcols.org\/nl\/fr-30-caderousse-gravel\/\"},\"wordCount\":226,\"commentCount\":0,\"publisher\":{\"@id\":\"https:\/\/centcols.org\/#organization\"},\"image\":{\"@id\":\"https:\/\/centcols.org\/nl\/fr-30-caderousse-gravel\/#primaryimage\"},\"thumbnailUrl\":\"https:\/\/centcols.org\/wp-content\/uploads\/2025\/11\/Le-Camp-de-cesar.jpg\",\"articleSection\":[\"Parcours France\",\"Gravel\",\"D\u00e9partement\",\"Occitanie\",\"30-Gard\",\"Parcours membres\"],\"inLanguage\":\"es\",\"potentialAction\":[{\"@type\":\"CommentAction\",\"name\":\"Comment\",\"target\":[\"https:\/\/centcols.org\/nl\/fr-30-caderousse-gravel\/#respond\"]}]},{\"@type\":\"WebPage\",\"@id\":\"https:\/\/centcols.org\/nl\/fr-30-caderousse-gravel\/\",\"url\":\"https:\/\/centcols.org\/nl\/fr-30-caderousse-gravel\/\",\"name\":\"FR-30 Caderousse \u2013 Gravel 54 km, D+ 680 m, 6 cols - Club des Cent Cols\",\"isPartOf\":{\"@id\":\"https:\/\/centcols.org\/#website\"},\"primaryImageOfPage\":{\"@id\":\"https:\/\/centcols.org\/nl\/fr-30-caderousse-gravel\/#primaryimage\"},\"image\":{\"@id\":\"https:\/\/centcols.org\/nl\/fr-30-caderousse-gravel\/#primaryimage\"},\"thumbnailUrl\":\"https:\/\/centcols.org\/wp-content\/uploads\/2025\/11\/Le-Camp-de-cesar.jpg\",\"datePublished\":\"2025-11-27T17:42:14+00:00\",\"dateModified\":\"2026-03-14T14:18:45+00:00\",\"breadcrumb\":{\"@id\":\"https:\/\/centcols.org\/nl\/fr-30-caderousse-gravel\/#breadcrumb\"},\"inLanguage\":\"es\",\"potentialAction\":[{\"@type\":\"ReadAction\",\"target\":[\"https:\/\/centcols.org\/nl\/fr-30-caderousse-gravel\/\"]}]},{\"@type\":\"ImageObject\",\"inLanguage\":\"es\",\"@id\":\"https:\/\/centcols.org\/nl\/fr-30-caderousse-gravel\/#primaryimage\",\"url\":\"https:\/\/centcols.org\/wp-content\/uploads\/2025\/11\/Le-Camp-de-cesar.jpg\",\"contentUrl\":\"https:\/\/centcols.org\/wp-content\/uploads\/2025\/11\/Le-Camp-de-cesar.jpg\",\"width\":900,\"height\":1200},{\"@type\":\"BreadcrumbList\",\"@id\":\"https:\/\/centcols.org\/nl\/fr-30-caderousse-gravel\/#breadcrumb\",\"itemListElement\":[{\"@type\":\"ListItem\",\"position\":1,\"name\":\"Accueil\",\"item\":\"https:\/\/centcols.org\/\"},{\"@type\":\"ListItem\",\"position\":2,\"name\":\"Parcours membres\",\"item\":\"https:\/\/centcols.org\/rubrique\/parcours-membres\/\"},{\"@type\":\"ListItem\",\"position\":3,\"name\":\"Pays\",\"item\":\"https:\/\/centcols.org\/rubrique\/parcours-membres\/pays-parcours-membres\/\"},{\"@type\":\"ListItem\",\"position\":4,\"name\":\"Parcours France\",\"item\":\"https:\/\/centcols.org\/rubrique\/parcours-membres\/pays-parcours-membres\/parcours-france\/\"},{\"@type\":\"ListItem\",\"position\":5,\"name\":\"FR-30 Caderousse \u2013 Gravel 54 km, D+ 680 m, 6 cols\"}]},{\"@type\":\"WebSite\",\"@id\":\"https:\/\/centcols.org\/#website\",\"url\":\"https:\/\/centcols.org\/\",\"name\":\"Club des Cent Cols\",\"description\":\"\",\"publisher\":{\"@id\":\"https:\/\/centcols.org\/#organization\"},\"potentialAction\":[{\"@type\":\"SearchAction\",\"target\":{\"@type\":\"EntryPoint\",\"urlTemplate\":\"https:\/\/centcols.org\/?s={search_term_string}\"},\"query-input\":{\"@type\":\"PropertyValueSpecification\",\"valueRequired\":true,\"valueName\":\"search_term_string\"}}],\"inLanguage\":\"es\"},{\"@type\":\"Organization\",\"@id\":\"https:\/\/centcols.org\/#organization\",\"name\":\"Club des Cent Cols\",\"url\":\"https:\/\/centcols.org\/\",\"logo\":{\"@type\":\"ImageObject\",\"inLanguage\":\"es\",\"@id\":\"https:\/\/centcols.org\/#\/schema\/logo\/image\/\",\"url\":\"https:\/\/centcols.org\/wp-content\/uploads\/2025\/01\/carte-icone.png\",\"contentUrl\":\"https:\/\/centcols.org\/wp-content\/uploads\/2025\/01\/carte-icone.png\",\"width\":250,\"height\":250,\"caption\":\"Club des Cent Cols\"},\"image\":{\"@id\":\"https:\/\/centcols.org\/#\/schema\/logo\/image\/\"},\"sameAs\":[\"https:\/\/www.facebook.com\/groups\/5261880558\/?locale=fr_FR\"]},{\"@type\":\"Person\",\"@id\":\"https:\/\/centcols.org\/#\/schema\/person\/0cc8f723679c98f3fb7798df5a50c018\",\"name\":\"Ren\u00e9 Mercier\",\"image\":{\"@type\":\"ImageObject\",\"inLanguage\":\"es\",\"@id\":\"https:\/\/centcols.org\/wp-content\/litespeed\/avatar\/c2275eeaf79d4f7456274de381abeeab.jpg?ver=1777347562\",\"url\":\"https:\/\/centcols.org\/wp-content\/litespeed\/avatar\/c2275eeaf79d4f7456274de381abeeab.jpg?ver=1777347562\",\"contentUrl\":\"https:\/\/centcols.org\/wp-content\/litespeed\/avatar\/c2275eeaf79d4f7456274de381abeeab.jpg?ver=1777347562\",\"caption\":\"Ren\u00e9 Mercier\"},\"url\":\"https:\/\/centcols.org\/es\/author\/7552\/\"}]}<\/script>\n<!-- \/ Yoast SEO plugin. -->","yoast_head_json":{"title":"FR-30 Caderousse - Grava 54 km, D+ 680 m, 6 puertos - Club des Cent Cols","robots":{"index":"index","follow":"follow","max-snippet":"max-snippet:-1","max-image-preview":"max-image-preview:large","max-video-preview":"max-video-preview:-1"},"canonical":"https:\/\/centcols.org\/es\/fr-30-caderousse-grava\/","og_locale":"es_ES","og_type":"article","og_title":"FR-30 Caderousse \u2013 Gravel 54 km, D+ 680 m, 6 cols - Club des Cent Cols","og_description":"Description de l\u2019auteur Auteur : Philippe ChazottierParcours : effectu\u00e9 le 19 octobre 2025D\u00e9part : Caderousse, parking du stade. Descriptif touristique Visiter l&rsquo;oppidum \u00ab\u00a0le Camp de C\u00e9sar\u00a0\u00bb \u00e0 Laudun-l&rsquo;Ardoise qui a \u00e9t\u00e9 occup\u00e9 pendant un mill\u00e9naire jusqu&rsquo;au 6\u00e8me si\u00e8cle. C&rsquo;\u00e9tait une cit\u00e9 gallo-romaine. Descriptif technique Parcours cyclable \u00e0 98%. Les premier et dernier cols sont routiers. [&hellip;]","og_url":"https:\/\/centcols.org\/es\/fr-30-caderousse-grava\/","og_site_name":"Club des Cent Cols","article_publisher":"https:\/\/www.facebook.com\/groups\/5261880558\/?locale=fr_FR","article_published_time":"2025-11-27T17:42:14+00:00","article_modified_time":"2026-03-14T14:18:45+00:00","og_image":[{"width":900,"height":1200,"url":"https:\/\/centcols.org\/wp-content\/uploads\/2025\/11\/Le-Camp-de-cesar.jpg","type":"image\/jpeg"}],"author":"Ren\u00e9 Mercier","twitter_card":"summary_large_image","twitter_misc":{"Escrito por":"Ren\u00e9 Mercier","Tiempo de lectura":"2 minutos"},"schema":{"@context":"https:\/\/schema.org","@graph":[{"@type":"Article","@id":"https:\/\/centcols.org\/nl\/fr-30-caderousse-gravel\/#article","isPartOf":{"@id":"https:\/\/centcols.org\/nl\/fr-30-caderousse-gravel\/"},"author":{"name":"Ren\u00e9 Mercier","@id":"https:\/\/centcols.org\/#\/schema\/person\/0cc8f723679c98f3fb7798df5a50c018"},"headline":"FR-30 Caderousse \u2013 Gravel 54 km, D+ 680 m, 6 cols","datePublished":"2025-11-27T17:42:14+00:00","dateModified":"2026-03-14T14:18:45+00:00","mainEntityOfPage":{"@id":"https:\/\/centcols.org\/nl\/fr-30-caderousse-gravel\/"},"wordCount":226,"commentCount":0,"publisher":{"@id":"https:\/\/centcols.org\/#organization"},"image":{"@id":"https:\/\/centcols.org\/nl\/fr-30-caderousse-gravel\/#primaryimage"},"thumbnailUrl":"https:\/\/centcols.org\/wp-content\/uploads\/2025\/11\/Le-Camp-de-cesar.jpg","articleSection":["Parcours France","Gravel","D\u00e9partement","Occitanie","30-Gard","Parcours membres"],"inLanguage":"es","potentialAction":[{"@type":"CommentAction","name":"Comment","target":["https:\/\/centcols.org\/nl\/fr-30-caderousse-gravel\/#respond"]}]},{"@type":"WebPage","@id":"https:\/\/centcols.org\/nl\/fr-30-caderousse-gravel\/","url":"https:\/\/centcols.org\/nl\/fr-30-caderousse-gravel\/","name":"FR-30 Caderousse - Grava 54 km, D+ 680 m, 6 puertos - Club des Cent Cols","isPartOf":{"@id":"https:\/\/centcols.org\/#website"},"primaryImageOfPage":{"@id":"https:\/\/centcols.org\/nl\/fr-30-caderousse-gravel\/#primaryimage"},"image":{"@id":"https:\/\/centcols.org\/nl\/fr-30-caderousse-gravel\/#primaryimage"},"thumbnailUrl":"https:\/\/centcols.org\/wp-content\/uploads\/2025\/11\/Le-Camp-de-cesar.jpg","datePublished":"2025-11-27T17:42:14+00:00","dateModified":"2026-03-14T14:18:45+00:00","breadcrumb":{"@id":"https:\/\/centcols.org\/nl\/fr-30-caderousse-gravel\/#breadcrumb"},"inLanguage":"es","potentialAction":[{"@type":"ReadAction","target":["https:\/\/centcols.org\/nl\/fr-30-caderousse-gravel\/"]}]},{"@type":"ImageObject","inLanguage":"es","@id":"https:\/\/centcols.org\/nl\/fr-30-caderousse-gravel\/#primaryimage","url":"https:\/\/centcols.org\/wp-content\/uploads\/2025\/11\/Le-Camp-de-cesar.jpg","contentUrl":"https:\/\/centcols.org\/wp-content\/uploads\/2025\/11\/Le-Camp-de-cesar.jpg","width":900,"height":1200},{"@type":"BreadcrumbList","@id":"https:\/\/centcols.org\/nl\/fr-30-caderousse-gravel\/#breadcrumb","itemListElement":[{"@type":"ListItem","position":1,"name":"Accueil","item":"https:\/\/centcols.org\/"},{"@type":"ListItem","position":2,"name":"Parcours membres","item":"https:\/\/centcols.org\/rubrique\/parcours-membres\/"},{"@type":"ListItem","position":3,"name":"Pays","item":"https:\/\/centcols.org\/rubrique\/parcours-membres\/pays-parcours-membres\/"},{"@type":"ListItem","position":4,"name":"Parcours France","item":"https:\/\/centcols.org\/rubrique\/parcours-membres\/pays-parcours-membres\/parcours-france\/"},{"@type":"ListItem","position":5,"name":"FR-30 Caderousse \u2013 Gravel 54 km, D+ 680 m, 6 cols"}]},{"@type":"WebSite","@id":"https:\/\/centcols.org\/#website","url":"https:\/\/centcols.org\/","name":"Club des Cent Cols","description":"","publisher":{"@id":"https:\/\/centcols.org\/#organization"},"potentialAction":[{"@type":"SearchAction","target":{"@type":"EntryPoint","urlTemplate":"https:\/\/centcols.org\/?s={search_term_string}"},"query-input":{"@type":"PropertyValueSpecification","valueRequired":true,"valueName":"search_term_string"}}],"inLanguage":"es"},{"@type":"Organization","@id":"https:\/\/centcols.org\/#organization","name":"Club des Cent Cols","url":"https:\/\/centcols.org\/","logo":{"@type":"ImageObject","inLanguage":"es","@id":"https:\/\/centcols.org\/#\/schema\/logo\/image\/","url":"https:\/\/centcols.org\/wp-content\/uploads\/2025\/01\/carte-icone.png","contentUrl":"https:\/\/centcols.org\/wp-content\/uploads\/2025\/01\/carte-icone.png","width":250,"height":250,"caption":"Club des Cent Cols"},"image":{"@id":"https:\/\/centcols.org\/#\/schema\/logo\/image\/"},"sameAs":["https:\/\/www.facebook.com\/groups\/5261880558\/?locale=fr_FR"]},{"@type":"Person","@id":"https:\/\/centcols.org\/#\/schema\/person\/0cc8f723679c98f3fb7798df5a50c018","name":"Ren\u00e9 Mercier","image":{"@type":"ImageObject","inLanguage":"es","@id":"https:\/\/centcols.org\/wp-content\/litespeed\/avatar\/c2275eeaf79d4f7456274de381abeeab.jpg?ver=1777347562","url":"https:\/\/centcols.org\/wp-content\/litespeed\/avatar\/c2275eeaf79d4f7456274de381abeeab.jpg?ver=1777347562","contentUrl":"https:\/\/centcols.org\/wp-content\/litespeed\/avatar\/c2275eeaf79d4f7456274de381abeeab.jpg?ver=1777347562","caption":"Ren\u00e9 Mercier"},"url":"https:\/\/centcols.org\/es\/author\/7552\/"}]}},"_links":{"self":[{"href":"https:\/\/centcols.org\/es\/wp-json\/wp\/v2\/posts\/92242","targetHints":{"allow":["GET"]}}],"collection":[{"href":"https:\/\/centcols.org\/es\/wp-json\/wp\/v2\/posts"}],"about":[{"href":"https:\/\/centcols.org\/es\/wp-json\/wp\/v2\/types\/post"}],"author":[{"embeddable":true,"href":"https:\/\/centcols.org\/es\/wp-json\/wp\/v2\/users\/1726"}],"replies":[{"embeddable":true,"href":"https:\/\/centcols.org\/es\/wp-json\/wp\/v2\/comments?post=92242"}],"version-history":[{"count":0,"href":"https:\/\/centcols.org\/es\/wp-json\/wp\/v2\/posts\/92242\/revisions"}],"wp:featuredmedia":[{"embeddable":true,"href":"https:\/\/centcols.org\/es\/wp-json\/wp\/v2\/media\/92254"}],"wp:attachment":[{"href":"https:\/\/centcols.org\/es\/wp-json\/wp\/v2\/media?parent=92242"}],"wp:term":[{"taxonomy":"category","embeddable":true,"href":"https:\/\/centcols.org\/es\/wp-json\/wp\/v2\/categories?post=92242"},{"taxonomy":"post_tag","embeddable":true,"href":"https:\/\/centcols.org\/es\/wp-json\/wp\/v2\/tags?post=92242"}],"curies":[{"name":"wp","href":"https:\/\/api.w.org\/{rel}","templated":true}]}}