{"id":92463,"date":"2025-12-18T18:39:23","date_gmt":"2025-12-18T16:39:23","guid":{"rendered":"https:\/\/centcols.org\/?p=92463"},"modified":"2026-02-06T09:50:54","modified_gmt":"2026-02-06T07:50:54","slug":"marie-cecile-boulard-pasion-por-el-ciclismo-desde-la-infancia","status":"publish","type":"post","link":"https:\/\/centcols.org\/es\/marie-cecile-boulard-une-passion-cyclo-depuis-la-tendre-enfance\/","title":{"rendered":"Marie-C\u00e9cile Boulard: una pasi\u00f3n ciclista desde la infancia."},"content":{"rendered":"<div class=\"wp-block-image\">\n<figure class=\"aligncenter size-full\"><img loading=\"lazy\" decoding=\"async\" width=\"684\" height=\"350\" src=\"https:\/\/centcols.org\/wp-content\/uploads\/2025\/12\/Marie-Cecile-Boulard.jpg\" alt=\"\" class=\"wp-image-92465\" srcset=\"https:\/\/centcols.org\/wp-content\/uploads\/2025\/12\/Marie-Cecile-Boulard.jpg 684w, https:\/\/centcols.org\/wp-content\/uploads\/2025\/12\/Marie-Cecile-Boulard-18x9.jpg 18w\" sizes=\"auto, (max-width: 684px) 100vw, 684px\" \/><figcaption class=\"wp-element-caption\">Marie-C\u00e9cile Boulard, CC 7729, aparece en <a href=\"https:\/\/cyclotourisme-mag.com\/actus\/marie-cecile-boulard-une-passion-cyclo-depuis-la-tendre-enfance\/\" target=\"_blank\" rel=\"noreferrer noopener\">CYCLOMAG<\/a> Diciembre de 2025<\/figcaption><\/figure>\n<\/div>\n\n<div class=\"wp-block-image\">\n<figure class=\"aligncenter size-full is-resized\"><img loading=\"lazy\" decoding=\"async\" width=\"1200\" height=\"800\" src=\"https:\/\/centcols.org\/wp-content\/uploads\/2025\/12\/Club-des-Cyclotouristes-Annemassiens.jpg\" alt=\"\" class=\"wp-image-92466\" style=\"width:850px\" srcset=\"https:\/\/centcols.org\/wp-content\/uploads\/2025\/12\/Club-des-Cyclotouristes-Annemassiens.jpg 1200w, https:\/\/centcols.org\/wp-content\/uploads\/2025\/12\/Club-des-Cyclotouristes-Annemassiens-768x512.jpg 768w, https:\/\/centcols.org\/wp-content\/uploads\/2025\/12\/Club-des-Cyclotouristes-Annemassiens-18x12.jpg 18w\" sizes=\"auto, (max-width: 1200px) 100vw, 1200px\" \/><figcaption class=\"wp-element-caption\">Club des Cyclotouristes Annemassiens Voirons-Sal\u00e8ve<\/figcaption><\/figure>\n<\/div>\n\n\n<p>Lea el art\u00edculo completo en <a href=\"https:\/\/cyclotourisme-mag.com\/actus\/marie-cecile-boulard-une-passion-cyclo-depuis-la-tendre-enfance\/\" target=\"_blank\" rel=\"noreferrer noopener\">CYCLOMAG<\/a> Diciembre de 2025.<\/p>\n\n\n\n<p>Descubre otro retrato de Marie-C\u00e9cile publicado en 2017 en la p\u00e1gina web del club Cyclos Annemassiens Voirons-Sal\u00e8ve: <a href=\"https:\/\/cyclosannemassiens.fr\/une-vie-a-bicyclette\/\" target=\"_blank\" rel=\"noreferrer noopener\">https:\/\/cyclosannemassiens.fr\/une-vie-a-bicyclette\/<\/a><\/p>","protected":false},"excerpt":{"rendered":"<p>Retrouvez l&rsquo;article complet dans CYCLOMAG de d\u00e9cembre 2025. D\u00e9couvrez un autre portrait de Marie-C\u00e9cile paru en 2017 sur le site du club Cyclos Annemassiens Voirons-Sal\u00e8ve : https:\/\/cyclosannemassiens.fr\/une-vie-a-bicyclette\/<\/p>","protected":false},"author":1726,"featured_media":92465,"comment_status":"open","ping_status":"open","sticky":false,"template":"","format":"standard","meta":{"_acf_changed":false,"footnotes":""},"categories":[133],"tags":[],"class_list":["post-92463","post","type-post","status-publish","format-standard","has-post-thumbnail","hentry","category-revue-de-presse"],"acf":[],"yoast_head":"<!-- This site is optimized with the Yoast SEO plugin v27.2 - https:\/\/yoast.com\/product\/yoast-seo-wordpress\/ -->\n<title>Marie-C\u00e9cile Boulard : une passion cyclo depuis la tendre enfance. - Club des Cent Cols<\/title>\n<meta name=\"robots\" content=\"index, follow, max-snippet:-1, max-image-preview:large, max-video-preview:-1\" \/>\n<link rel=\"canonical\" href=\"https:\/\/centcols.org\/es\/marie-cecile-boulard-pasion-por-el-ciclismo-desde-la-infancia\/\" \/>\n<meta property=\"og:locale\" content=\"es_ES\" \/>\n<meta property=\"og:type\" content=\"article\" \/>\n<meta property=\"og:title\" content=\"Marie-C\u00e9cile Boulard : une passion cyclo depuis la tendre enfance. - Club des Cent Cols\" \/>\n<meta property=\"og:description\" content=\"Retrouvez l&rsquo;article complet dans CYCLOMAG de d\u00e9cembre 2025. D\u00e9couvrez un autre portrait de Marie-C\u00e9cile paru en 2017 sur le site du club Cyclos Annemassiens Voirons-Sal\u00e8ve : https:\/\/cyclosannemassiens.fr\/une-vie-a-bicyclette\/\" \/>\n<meta property=\"og:url\" content=\"https:\/\/centcols.org\/es\/marie-cecile-boulard-pasion-por-el-ciclismo-desde-la-infancia\/\" \/>\n<meta property=\"og:site_name\" content=\"Club des Cent Cols\" \/>\n<meta property=\"article:publisher\" content=\"https:\/\/www.facebook.com\/groups\/5261880558\/?locale=fr_FR\" \/>\n<meta property=\"article:published_time\" content=\"2025-12-18T16:39:23+00:00\" \/>\n<meta property=\"article:modified_time\" content=\"2026-02-06T07:50:54+00:00\" \/>\n<meta property=\"og:image\" content=\"https:\/\/centcols.org\/wp-content\/uploads\/2025\/12\/Marie-Cecile-Boulard.jpg\" \/>\n\t<meta property=\"og:image:width\" content=\"684\" \/>\n\t<meta property=\"og:image:height\" content=\"350\" \/>\n\t<meta property=\"og:image:type\" content=\"image\/jpeg\" \/>\n<meta name=\"author\" content=\"Ren\u00e9 Mercier\" \/>\n<meta name=\"twitter:card\" content=\"summary_large_image\" \/>\n<meta name=\"twitter:label1\" content=\"Escrito por\" \/>\n\t<meta name=\"twitter:data1\" content=\"Ren\u00e9 Mercier\" \/>\n\t<meta name=\"twitter:label2\" content=\"Tiempo de lectura\" \/>\n\t<meta name=\"twitter:data2\" content=\"1 minuto\" \/>\n<script type=\"application\/ld+json\" class=\"yoast-schema-graph\">{\"@context\":\"https:\/\/schema.org\",\"@graph\":[{\"@type\":\"Article\",\"@id\":\"https:\/\/centcols.org\/es\/marie-cecile-boulard-une-passion-cyclo-depuis-la-tendre-enfance\/#article\",\"isPartOf\":{\"@id\":\"https:\/\/centcols.org\/es\/marie-cecile-boulard-une-passion-cyclo-depuis-la-tendre-enfance\/\"},\"author\":{\"name\":\"Ren\u00e9 Mercier\",\"@id\":\"https:\/\/centcols.org\/#\/schema\/person\/0cc8f723679c98f3fb7798df5a50c018\"},\"headline\":\"Marie-C\u00e9cile Boulard : une passion cyclo depuis la tendre enfance.\",\"datePublished\":\"2025-12-18T16:39:23+00:00\",\"dateModified\":\"2026-02-06T07:50:54+00:00\",\"mainEntityOfPage\":{\"@id\":\"https:\/\/centcols.org\/es\/marie-cecile-boulard-une-passion-cyclo-depuis-la-tendre-enfance\/\"},\"wordCount\":60,\"commentCount\":0,\"publisher\":{\"@id\":\"https:\/\/centcols.org\/#organization\"},\"image\":{\"@id\":\"https:\/\/centcols.org\/es\/marie-cecile-boulard-une-passion-cyclo-depuis-la-tendre-enfance\/#primaryimage\"},\"thumbnailUrl\":\"https:\/\/centcols.org\/wp-content\/uploads\/2025\/12\/Marie-Cecile-Boulard.jpg\",\"articleSection\":[\"Revue de presse\"],\"inLanguage\":\"es\",\"potentialAction\":[{\"@type\":\"CommentAction\",\"name\":\"Comment\",\"target\":[\"https:\/\/centcols.org\/es\/marie-cecile-boulard-une-passion-cyclo-depuis-la-tendre-enfance\/#respond\"]}]},{\"@type\":\"WebPage\",\"@id\":\"https:\/\/centcols.org\/es\/marie-cecile-boulard-une-passion-cyclo-depuis-la-tendre-enfance\/\",\"url\":\"https:\/\/centcols.org\/es\/marie-cecile-boulard-une-passion-cyclo-depuis-la-tendre-enfance\/\",\"name\":\"Marie-C\u00e9cile Boulard : une passion cyclo depuis la tendre enfance. - Club des Cent Cols\",\"isPartOf\":{\"@id\":\"https:\/\/centcols.org\/#website\"},\"primaryImageOfPage\":{\"@id\":\"https:\/\/centcols.org\/es\/marie-cecile-boulard-une-passion-cyclo-depuis-la-tendre-enfance\/#primaryimage\"},\"image\":{\"@id\":\"https:\/\/centcols.org\/es\/marie-cecile-boulard-une-passion-cyclo-depuis-la-tendre-enfance\/#primaryimage\"},\"thumbnailUrl\":\"https:\/\/centcols.org\/wp-content\/uploads\/2025\/12\/Marie-Cecile-Boulard.jpg\",\"datePublished\":\"2025-12-18T16:39:23+00:00\",\"dateModified\":\"2026-02-06T07:50:54+00:00\",\"breadcrumb\":{\"@id\":\"https:\/\/centcols.org\/es\/marie-cecile-boulard-une-passion-cyclo-depuis-la-tendre-enfance\/#breadcrumb\"},\"inLanguage\":\"es\",\"potentialAction\":[{\"@type\":\"ReadAction\",\"target\":[\"https:\/\/centcols.org\/es\/marie-cecile-boulard-une-passion-cyclo-depuis-la-tendre-enfance\/\"]}]},{\"@type\":\"ImageObject\",\"inLanguage\":\"es\",\"@id\":\"https:\/\/centcols.org\/es\/marie-cecile-boulard-une-passion-cyclo-depuis-la-tendre-enfance\/#primaryimage\",\"url\":\"https:\/\/centcols.org\/wp-content\/uploads\/2025\/12\/Marie-Cecile-Boulard.jpg\",\"contentUrl\":\"https:\/\/centcols.org\/wp-content\/uploads\/2025\/12\/Marie-Cecile-Boulard.jpg\",\"width\":684,\"height\":350,\"caption\":\"sommet\"},{\"@type\":\"BreadcrumbList\",\"@id\":\"https:\/\/centcols.org\/es\/marie-cecile-boulard-une-passion-cyclo-depuis-la-tendre-enfance\/#breadcrumb\",\"itemListElement\":[{\"@type\":\"ListItem\",\"position\":1,\"name\":\"Accueil\",\"item\":\"https:\/\/centcols.org\/\"},{\"@type\":\"ListItem\",\"position\":2,\"name\":\"Gazette\",\"item\":\"https:\/\/centcols.org\/rubrique\/gazette\/\"},{\"@type\":\"ListItem\",\"position\":3,\"name\":\"Revue de presse\",\"item\":\"https:\/\/centcols.org\/rubrique\/gazette\/revue-de-presse\/\"},{\"@type\":\"ListItem\",\"position\":4,\"name\":\"Marie-C\u00e9cile Boulard : une passion cyclo depuis la tendre enfance.\"}]},{\"@type\":\"WebSite\",\"@id\":\"https:\/\/centcols.org\/#website\",\"url\":\"https:\/\/centcols.org\/\",\"name\":\"Club des Cent Cols\",\"description\":\"\",\"publisher\":{\"@id\":\"https:\/\/centcols.org\/#organization\"},\"potentialAction\":[{\"@type\":\"SearchAction\",\"target\":{\"@type\":\"EntryPoint\",\"urlTemplate\":\"https:\/\/centcols.org\/?s={search_term_string}\"},\"query-input\":{\"@type\":\"PropertyValueSpecification\",\"valueRequired\":true,\"valueName\":\"search_term_string\"}}],\"inLanguage\":\"es\"},{\"@type\":\"Organization\",\"@id\":\"https:\/\/centcols.org\/#organization\",\"name\":\"Club des Cent Cols\",\"url\":\"https:\/\/centcols.org\/\",\"logo\":{\"@type\":\"ImageObject\",\"inLanguage\":\"es\",\"@id\":\"https:\/\/centcols.org\/#\/schema\/logo\/image\/\",\"url\":\"https:\/\/centcols.org\/wp-content\/uploads\/2025\/01\/carte-icone.png\",\"contentUrl\":\"https:\/\/centcols.org\/wp-content\/uploads\/2025\/01\/carte-icone.png\",\"width\":250,\"height\":250,\"caption\":\"Club des Cent Cols\"},\"image\":{\"@id\":\"https:\/\/centcols.org\/#\/schema\/logo\/image\/\"},\"sameAs\":[\"https:\/\/www.facebook.com\/groups\/5261880558\/?locale=fr_FR\"]},{\"@type\":\"Person\",\"@id\":\"https:\/\/centcols.org\/#\/schema\/person\/0cc8f723679c98f3fb7798df5a50c018\",\"name\":\"Ren\u00e9 Mercier\",\"image\":{\"@type\":\"ImageObject\",\"inLanguage\":\"es\",\"@id\":\"https:\/\/centcols.org\/wp-content\/litespeed\/avatar\/c2275eeaf79d4f7456274de381abeeab.jpg?ver=1777347562\",\"url\":\"https:\/\/centcols.org\/wp-content\/litespeed\/avatar\/c2275eeaf79d4f7456274de381abeeab.jpg?ver=1777347562\",\"contentUrl\":\"https:\/\/centcols.org\/wp-content\/litespeed\/avatar\/c2275eeaf79d4f7456274de381abeeab.jpg?ver=1777347562\",\"caption\":\"Ren\u00e9 Mercier\"},\"url\":\"https:\/\/centcols.org\/es\/author\/7552\/\"}]}<\/script>\n<!-- \/ Yoast SEO plugin. -->","yoast_head_json":{"title":"Marie-C\u00e9cile Boulard: pasi\u00f3n por el ciclismo desde la infancia. - Club des Cent Cols","robots":{"index":"index","follow":"follow","max-snippet":"max-snippet:-1","max-image-preview":"max-image-preview:large","max-video-preview":"max-video-preview:-1"},"canonical":"https:\/\/centcols.org\/es\/marie-cecile-boulard-pasion-por-el-ciclismo-desde-la-infancia\/","og_locale":"es_ES","og_type":"article","og_title":"Marie-C\u00e9cile Boulard : une passion cyclo depuis la tendre enfance. - Club des Cent Cols","og_description":"Retrouvez l&rsquo;article complet dans CYCLOMAG de d\u00e9cembre 2025. D\u00e9couvrez un autre portrait de Marie-C\u00e9cile paru en 2017 sur le site du club Cyclos Annemassiens Voirons-Sal\u00e8ve : https:\/\/cyclosannemassiens.fr\/une-vie-a-bicyclette\/","og_url":"https:\/\/centcols.org\/es\/marie-cecile-boulard-pasion-por-el-ciclismo-desde-la-infancia\/","og_site_name":"Club des Cent Cols","article_publisher":"https:\/\/www.facebook.com\/groups\/5261880558\/?locale=fr_FR","article_published_time":"2025-12-18T16:39:23+00:00","article_modified_time":"2026-02-06T07:50:54+00:00","og_image":[{"width":684,"height":350,"url":"https:\/\/centcols.org\/wp-content\/uploads\/2025\/12\/Marie-Cecile-Boulard.jpg","type":"image\/jpeg"}],"author":"Ren\u00e9 Mercier","twitter_card":"summary_large_image","twitter_misc":{"Escrito por":"Ren\u00e9 Mercier","Tiempo de lectura":"1 minuto"},"schema":{"@context":"https:\/\/schema.org","@graph":[{"@type":"Article","@id":"https:\/\/centcols.org\/es\/marie-cecile-boulard-une-passion-cyclo-depuis-la-tendre-enfance\/#article","isPartOf":{"@id":"https:\/\/centcols.org\/es\/marie-cecile-boulard-une-passion-cyclo-depuis-la-tendre-enfance\/"},"author":{"name":"Ren\u00e9 Mercier","@id":"https:\/\/centcols.org\/#\/schema\/person\/0cc8f723679c98f3fb7798df5a50c018"},"headline":"Marie-C\u00e9cile Boulard : une passion cyclo depuis la tendre enfance.","datePublished":"2025-12-18T16:39:23+00:00","dateModified":"2026-02-06T07:50:54+00:00","mainEntityOfPage":{"@id":"https:\/\/centcols.org\/es\/marie-cecile-boulard-une-passion-cyclo-depuis-la-tendre-enfance\/"},"wordCount":60,"commentCount":0,"publisher":{"@id":"https:\/\/centcols.org\/#organization"},"image":{"@id":"https:\/\/centcols.org\/es\/marie-cecile-boulard-une-passion-cyclo-depuis-la-tendre-enfance\/#primaryimage"},"thumbnailUrl":"https:\/\/centcols.org\/wp-content\/uploads\/2025\/12\/Marie-Cecile-Boulard.jpg","articleSection":["Revue de presse"],"inLanguage":"es","potentialAction":[{"@type":"CommentAction","name":"Comment","target":["https:\/\/centcols.org\/es\/marie-cecile-boulard-une-passion-cyclo-depuis-la-tendre-enfance\/#respond"]}]},{"@type":"WebPage","@id":"https:\/\/centcols.org\/es\/marie-cecile-boulard-une-passion-cyclo-depuis-la-tendre-enfance\/","url":"https:\/\/centcols.org\/es\/marie-cecile-boulard-une-passion-cyclo-depuis-la-tendre-enfance\/","name":"Marie-C\u00e9cile Boulard: pasi\u00f3n por el ciclismo desde la infancia. - Club des Cent Cols","isPartOf":{"@id":"https:\/\/centcols.org\/#website"},"primaryImageOfPage":{"@id":"https:\/\/centcols.org\/es\/marie-cecile-boulard-une-passion-cyclo-depuis-la-tendre-enfance\/#primaryimage"},"image":{"@id":"https:\/\/centcols.org\/es\/marie-cecile-boulard-une-passion-cyclo-depuis-la-tendre-enfance\/#primaryimage"},"thumbnailUrl":"https:\/\/centcols.org\/wp-content\/uploads\/2025\/12\/Marie-Cecile-Boulard.jpg","datePublished":"2025-12-18T16:39:23+00:00","dateModified":"2026-02-06T07:50:54+00:00","breadcrumb":{"@id":"https:\/\/centcols.org\/es\/marie-cecile-boulard-une-passion-cyclo-depuis-la-tendre-enfance\/#breadcrumb"},"inLanguage":"es","potentialAction":[{"@type":"ReadAction","target":["https:\/\/centcols.org\/es\/marie-cecile-boulard-une-passion-cyclo-depuis-la-tendre-enfance\/"]}]},{"@type":"ImageObject","inLanguage":"es","@id":"https:\/\/centcols.org\/es\/marie-cecile-boulard-une-passion-cyclo-depuis-la-tendre-enfance\/#primaryimage","url":"https:\/\/centcols.org\/wp-content\/uploads\/2025\/12\/Marie-Cecile-Boulard.jpg","contentUrl":"https:\/\/centcols.org\/wp-content\/uploads\/2025\/12\/Marie-Cecile-Boulard.jpg","width":684,"height":350,"caption":"sommet"},{"@type":"BreadcrumbList","@id":"https:\/\/centcols.org\/es\/marie-cecile-boulard-une-passion-cyclo-depuis-la-tendre-enfance\/#breadcrumb","itemListElement":[{"@type":"ListItem","position":1,"name":"Accueil","item":"https:\/\/centcols.org\/"},{"@type":"ListItem","position":2,"name":"Gazette","item":"https:\/\/centcols.org\/rubrique\/gazette\/"},{"@type":"ListItem","position":3,"name":"Revue de presse","item":"https:\/\/centcols.org\/rubrique\/gazette\/revue-de-presse\/"},{"@type":"ListItem","position":4,"name":"Marie-C\u00e9cile Boulard : une passion cyclo depuis la tendre enfance."}]},{"@type":"WebSite","@id":"https:\/\/centcols.org\/#website","url":"https:\/\/centcols.org\/","name":"Club des Cent Cols","description":"","publisher":{"@id":"https:\/\/centcols.org\/#organization"},"potentialAction":[{"@type":"SearchAction","target":{"@type":"EntryPoint","urlTemplate":"https:\/\/centcols.org\/?s={search_term_string}"},"query-input":{"@type":"PropertyValueSpecification","valueRequired":true,"valueName":"search_term_string"}}],"inLanguage":"es"},{"@type":"Organization","@id":"https:\/\/centcols.org\/#organization","name":"Club des Cent Cols","url":"https:\/\/centcols.org\/","logo":{"@type":"ImageObject","inLanguage":"es","@id":"https:\/\/centcols.org\/#\/schema\/logo\/image\/","url":"https:\/\/centcols.org\/wp-content\/uploads\/2025\/01\/carte-icone.png","contentUrl":"https:\/\/centcols.org\/wp-content\/uploads\/2025\/01\/carte-icone.png","width":250,"height":250,"caption":"Club des Cent Cols"},"image":{"@id":"https:\/\/centcols.org\/#\/schema\/logo\/image\/"},"sameAs":["https:\/\/www.facebook.com\/groups\/5261880558\/?locale=fr_FR"]},{"@type":"Person","@id":"https:\/\/centcols.org\/#\/schema\/person\/0cc8f723679c98f3fb7798df5a50c018","name":"Ren\u00e9 Mercier","image":{"@type":"ImageObject","inLanguage":"es","@id":"https:\/\/centcols.org\/wp-content\/litespeed\/avatar\/c2275eeaf79d4f7456274de381abeeab.jpg?ver=1777347562","url":"https:\/\/centcols.org\/wp-content\/litespeed\/avatar\/c2275eeaf79d4f7456274de381abeeab.jpg?ver=1777347562","contentUrl":"https:\/\/centcols.org\/wp-content\/litespeed\/avatar\/c2275eeaf79d4f7456274de381abeeab.jpg?ver=1777347562","caption":"Ren\u00e9 Mercier"},"url":"https:\/\/centcols.org\/es\/author\/7552\/"}]}},"_links":{"self":[{"href":"https:\/\/centcols.org\/es\/wp-json\/wp\/v2\/posts\/92463","targetHints":{"allow":["GET"]}}],"collection":[{"href":"https:\/\/centcols.org\/es\/wp-json\/wp\/v2\/posts"}],"about":[{"href":"https:\/\/centcols.org\/es\/wp-json\/wp\/v2\/types\/post"}],"author":[{"embeddable":true,"href":"https:\/\/centcols.org\/es\/wp-json\/wp\/v2\/users\/1726"}],"replies":[{"embeddable":true,"href":"https:\/\/centcols.org\/es\/wp-json\/wp\/v2\/comments?post=92463"}],"version-history":[{"count":0,"href":"https:\/\/centcols.org\/es\/wp-json\/wp\/v2\/posts\/92463\/revisions"}],"wp:featuredmedia":[{"embeddable":true,"href":"https:\/\/centcols.org\/es\/wp-json\/wp\/v2\/media\/92465"}],"wp:attachment":[{"href":"https:\/\/centcols.org\/es\/wp-json\/wp\/v2\/media?parent=92463"}],"wp:term":[{"taxonomy":"category","embeddable":true,"href":"https:\/\/centcols.org\/es\/wp-json\/wp\/v2\/categories?post=92463"},{"taxonomy":"post_tag","embeddable":true,"href":"https:\/\/centcols.org\/es\/wp-json\/wp\/v2\/tags?post=92463"}],"curies":[{"name":"wp","href":"https:\/\/api.w.org\/{rel}","templated":true}]}}