{"id":92507,"date":"2025-12-23T14:25:43","date_gmt":"2025-12-23T12:25:43","guid":{"rendered":"https:\/\/centcols.org\/?p=92507"},"modified":"2026-03-10T19:56:34","modified_gmt":"2026-03-10T17:56:34","slug":"fr-01-lac-genin-grava","status":"publish","type":"post","link":"https:\/\/centcols.org\/es\/fr-01-lac-genin-gravel\/","title":{"rendered":"FR-01 Lac Genin - Grava 40 km, D+ 900 m, 4 puertos"},"content":{"rendered":"<iframe width=\"100%\" height=\"650\" loading=\"lazy\" src=\"https:\/\/www.openrunner.com\/embed\/6b7356306b666b5875396852516379465349457469542f4f686b462b43746c37796e793569526a7163506f3d3a3aeef821ab7108ea2232e9aeeb073b6b87?unit=metric\" style=\"border: none;\"><\/iframe>\n\n\n\n<div style=\"height:30px\" aria-hidden=\"true\" class=\"wp-block-spacer\"><\/div>\n\n\n\n<h2 class=\"wp-block-heading\">Descripci\u00f3n del autor<\/h2>\n\n\n\n<p><strong>Autor&nbsp;<\/strong>: Philippe Chazottier<br><strong>Curso&nbsp;<\/strong>realizado el 17 de agosto de 2025<br><strong>Salida&nbsp;<\/strong>Localizaci\u00f3n : Apremont, al sur de Oyonnax. Aparcamiento al borde de la carretera 500 m antes de la entrada sur del pueblo.<\/p>\n\n\n\n<div style=\"height:30px\" aria-hidden=\"true\" class=\"wp-block-spacer\"><\/div>\n\n\n\n<h2 class=\"wp-block-heading\">Informaci\u00f3n tur\u00edstica<\/h2>\n\n\n\n<p>El bosque de Oyonnax y los alrededores del <a href=\"https:\/\/www.lacgenin.fr\/le-lac-genin\/\" target=\"_blank\" rel=\"noreferrer noopener\">Lago Genin<\/a> reciben el sobrenombre de \u00abPeque\u00f1o Canad\u00e1\u00bb: remanso de frescor en verano y frente al turismo excesivo, al que algunos achacan \u00abmales sociales\u00bb, el invierno es especialmente crudo, con las heladas apoder\u00e1ndose de las aguas del lago; aqu\u00ed incluso es posible patinar, \u00a1al igual que bucear sobre hielo!<br>Le <a href=\"https:\/\/www.lacgenin.fr\/le-lac-genin\/\" target=\"_blank\" rel=\"noreferrer noopener\">Lago Genin<\/a> tiene la particularidad de ser de propiedad privada. Sin embargo, un albergue y un camping gestionados por los propietarios ofrecen amplias posibilidades de disfrutar del lugar sin restricciones aparentes de acceso.<br>Hay un gran aparcamiento al lado, pero te aconsejo que lo evites porque se llena mucho cuando hace buen tiempo.<br>A s\u00f3lo 20 minutos en coche de Apremont, el <a href=\"https:\/\/www.dinoplagne.fr\/\" target=\"_blank\" rel=\"noreferrer noopener\">Dinoplagne<\/a> es el mayor yacimiento de huellas de dinosaurio conocido hasta la fecha.<\/p>\n\n\n\n<div style=\"height:30px\" aria-hidden=\"true\" class=\"wp-block-spacer\"><\/div>\n\n\n\n<h2 class=\"wp-block-heading\">Especificaciones t\u00e9cnicas<\/h2>\n\n\n\n<p>Ciclable en 98%, la ruta se desarrolla en gran parte por carretera y no presenta grandes dificultades. Durante mi salida, abandon\u00e9 la idea de alcanzar el Golet de Roche-Taill\u00e9e (FR-01-0914b) y el Collet de Ch\u00e2tel (FR-01-0760) a causa de las pistas forestales rotas.<\/p>\n\n\n\n<div style=\"height:30px\" aria-hidden=\"true\" class=\"wp-block-spacer\"><\/div>\n\n\n\n<p><strong>4 collares<\/strong><\/p>\n\n\n\n<figure class=\"wp-block-table\"><table class=\"has-background\" style=\"background-color:#f0f0f0\"><tbody><tr><td>1 - Golet Brandeu<\/td><td class=\"has-text-align-center\" data-align=\"center\">880 m<\/td><td><a href=\"https:\/\/centcols.org\/es\/util\/geo\/visu.php\/?code=FR-01-0880\" target=\"_blank\" rel=\"noreferrer noopener\">FR-01-0880<\/a><\/td><\/tr><tr><td>2 - Golet des Amboutillieux<\/td><td class=\"has-text-align-center\" data-align=\"center\">960 m<\/td><td><a href=\"https:\/\/centcols.org\/es\/util\/geo\/visu.php\/?code=FR-01-0960\" target=\"_blank\" rel=\"noreferrer noopener\">FR-01-0960<\/a><\/td><\/tr><tr><td>3 - El corredor Basset<\/td><td class=\"has-text-align-center\" data-align=\"center\">995 m<\/td><td><a href=\"https:\/\/centcols.org\/es\/util\/geo\/visu.php\/?code=FR-01-0995a\" target=\"_blank\" rel=\"noreferrer noopener\">FR-01-0995a<\/a><\/td><\/tr><tr><td>4 - Col du Sentier<\/td><td class=\"has-text-align-center\" data-align=\"center\">979 m<\/td><td><a href=\"https:\/\/centcols.org\/es\/util\/geo\/visu.php\/?code=FR-01-0979a\" target=\"_blank\" rel=\"noreferrer noopener\">FR-01-0979a<\/a><\/td><\/tr><\/tbody><\/table><\/figure>\n\n\n\n<p><strong>Palabras clave<\/strong>&nbsp;Genin, Apremont, Oyonnax, centcols<\/p>\n\n\n\n<p>Enlace Openrunner, mapa interactivo, perfil, pista : <a href=\"https:\/\/www.openrunner.com\/route-details\/23068650\" target=\"_blank\" rel=\"noreferrer noopener\">https:\/\/www.openrunner.com\/route-details\/23068650<\/a><\/p>\n\n\n\n<p>Este itinerario se facilita \u00fanicamente a t\u00edtulo informativo. El autor no asume ninguna responsabilidad, ni tampoco el Club des Cent Cols, por los imponderables debidos al propio ciclista, al material utilizado o a cualquier cosa relacionada con la carretera, las pistas y los caminos, su entorno o los dem\u00e1s usuarios.<\/p>\n\n\n\n<div style=\"height:30px\" aria-hidden=\"true\" class=\"wp-block-spacer\"><\/div>\n\n\n\n<h2 class=\"wp-block-heading\">Fotos<\/h2>\n\n\n\n<figure class=\"wp-block-gallery has-nested-images columns-default is-cropped wp-block-gallery-1 is-layout-flex wp-block-gallery-is-layout-flex\">\n<figure class=\"wp-block-image size-full\"><a href=\"https:\/\/centcols.org\/wp-content\/uploads\/2025\/12\/Lac-Genin-2.jpg\"><img loading=\"lazy\" decoding=\"async\" width=\"914\" height=\"1200\" data-id=\"92490\" src=\"https:\/\/centcols.org\/wp-content\/uploads\/2025\/12\/Lac-Genin-2.jpg\" alt=\"\" class=\"wp-image-92490\" srcset=\"https:\/\/centcols.org\/wp-content\/uploads\/2025\/12\/Lac-Genin-2.jpg 914w, https:\/\/centcols.org\/wp-content\/uploads\/2025\/12\/Lac-Genin-2-768x1008.jpg 768w, https:\/\/centcols.org\/wp-content\/uploads\/2025\/12\/Lac-Genin-2-9x12.jpg 9w\" sizes=\"auto, (max-width: 914px) 100vw, 914px\" \/><\/a><figcaption class=\"wp-element-caption\">Lago Genin<\/figcaption><\/figure>\n\n\n\n<figure class=\"wp-block-image size-full\"><a href=\"https:\/\/centcols.org\/wp-content\/uploads\/2025\/12\/Lac-Genin.jpg\"><img loading=\"lazy\" decoding=\"async\" width=\"825\" height=\"1100\" data-id=\"92491\" src=\"https:\/\/centcols.org\/wp-content\/uploads\/2025\/12\/Lac-Genin.jpg\" alt=\"\" class=\"wp-image-92491\" srcset=\"https:\/\/centcols.org\/wp-content\/uploads\/2025\/12\/Lac-Genin.jpg 825w, https:\/\/centcols.org\/wp-content\/uploads\/2025\/12\/Lac-Genin-768x1024.jpg 768w, https:\/\/centcols.org\/wp-content\/uploads\/2025\/12\/Lac-Genin-9x12.jpg 9w\" sizes=\"auto, (max-width: 825px) 100vw, 825px\" \/><\/a><figcaption class=\"wp-element-caption\">Lago Genin<\/figcaption><\/figure>\n\n\n\n<figure class=\"wp-block-image size-large\"><a href=\"https:\/\/centcols.org\/wp-content\/uploads\/2025\/12\/Village-de-Belleydoux.jpg\"><img loading=\"lazy\" decoding=\"async\" width=\"925\" height=\"1200\" data-id=\"92492\" src=\"https:\/\/centcols.org\/wp-content\/uploads\/2025\/12\/Village-de-Belleydoux.jpg\" alt=\"\" class=\"wp-image-92492\" srcset=\"https:\/\/centcols.org\/wp-content\/uploads\/2025\/12\/Village-de-Belleydoux.jpg 925w, https:\/\/centcols.org\/wp-content\/uploads\/2025\/12\/Village-de-Belleydoux-768x996.jpg 768w, https:\/\/centcols.org\/wp-content\/uploads\/2025\/12\/Village-de-Belleydoux-9x12.jpg 9w\" sizes=\"auto, (max-width: 925px) 100vw, 925px\" \/><\/a><figcaption class=\"wp-element-caption\">Pueblo de Belleydoux<\/figcaption><\/figure>\n\n\n\n<figure class=\"wp-block-image size-large\"><a href=\"https:\/\/centcols.org\/wp-content\/uploads\/2025\/12\/Foret-dOyonnax.jpg\"><img loading=\"lazy\" decoding=\"async\" width=\"1200\" height=\"859\" data-id=\"92489\" src=\"https:\/\/centcols.org\/wp-content\/uploads\/2025\/12\/Foret-dOyonnax.jpg\" alt=\"\" class=\"wp-image-92489\" srcset=\"https:\/\/centcols.org\/wp-content\/uploads\/2025\/12\/Foret-dOyonnax.jpg 1200w, https:\/\/centcols.org\/wp-content\/uploads\/2025\/12\/Foret-dOyonnax-768x550.jpg 768w, https:\/\/centcols.org\/wp-content\/uploads\/2025\/12\/Foret-dOyonnax-18x12.jpg 18w\" sizes=\"auto, (max-width: 1200px) 100vw, 1200px\" \/><\/a><figcaption class=\"wp-element-caption\">Bosque de Oyonnax<\/figcaption><\/figure>\n<\/figure>\n\n\n\n<p><\/p>","protected":false},"excerpt":{"rendered":"<p>Description de l\u2019auteur Auteur&nbsp;: Philippe ChazottierParcours&nbsp;: effectu\u00e9 le 17 ao\u00fbt 2025D\u00e9part&nbsp;: Apremont au sud d&rsquo;Oyonnax. Parking en bord de route 500 m avant l&rsquo;entr\u00e9e sud du village. Descriptif touristique La for\u00eat d\u2019Oyonnax et les abords du lac Genin sont surnomm\u00e9s \u00ab\u00a0le petit Canada\u00a0\u00bb : havre de fra\u00eecheur l\u2019\u00e9t\u00e9 et confront\u00e9 au surtourisme, certains accusent les [&hellip;]<\/p>\n","protected":false},"author":1726,"featured_media":92490,"comment_status":"open","ping_status":"open","sticky":false,"template":"","format":"standard","meta":{"_acf_changed":false,"footnotes":""},"categories":[303,330,451,320,334,220],"tags":[],"class_list":["post-92507","post","type-post","status-publish","format-standard","has-post-thumbnail","hentry","category-parcours-france","category-auvergne-rhone-alpes-region-parcours-membres","category-01-ain","category-gravel-type-parcours","category-jura-massif-parcours-membres","category-parcours-membres"],"acf":[],"yoast_head":"<!-- This site is optimized with the Yoast SEO plugin v27.2 - https:\/\/yoast.com\/product\/yoast-seo-wordpress\/ -->\n<title>FR-01 Lac Genin - Gravel 40 km, D+ 900 m, 4 cols - Club des Cent Cols<\/title>\n<meta name=\"robots\" content=\"index, follow, max-snippet:-1, max-image-preview:large, max-video-preview:-1\" \/>\n<link rel=\"canonical\" href=\"https:\/\/centcols.org\/es\/fr-01-lac-genin-grava\/\" \/>\n<meta property=\"og:locale\" content=\"es_ES\" \/>\n<meta property=\"og:type\" content=\"article\" \/>\n<meta property=\"og:title\" content=\"FR-01 Lac Genin - Gravel 40 km, D+ 900 m, 4 cols - Club des Cent Cols\" \/>\n<meta property=\"og:description\" content=\"Description de l\u2019auteur Auteur&nbsp;: Philippe ChazottierParcours&nbsp;: effectu\u00e9 le 17 ao\u00fbt 2025D\u00e9part&nbsp;: Apremont au sud d&rsquo;Oyonnax. Parking en bord de route 500 m avant l&rsquo;entr\u00e9e sud du village. Descriptif touristique La for\u00eat d\u2019Oyonnax et les abords du lac Genin sont surnomm\u00e9s \u00ab\u00a0le petit Canada\u00a0\u00bb : havre de fra\u00eecheur l\u2019\u00e9t\u00e9 et confront\u00e9 au surtourisme, certains accusent les [&hellip;]\" \/>\n<meta property=\"og:url\" content=\"https:\/\/centcols.org\/es\/fr-01-lac-genin-grava\/\" \/>\n<meta property=\"og:site_name\" content=\"Club des Cent Cols\" \/>\n<meta property=\"article:publisher\" content=\"https:\/\/www.facebook.com\/groups\/5261880558\/?locale=fr_FR\" \/>\n<meta property=\"article:published_time\" content=\"2025-12-23T12:25:43+00:00\" \/>\n<meta property=\"article:modified_time\" content=\"2026-03-10T17:56:34+00:00\" \/>\n<meta property=\"og:image\" content=\"https:\/\/centcols.org\/wp-content\/uploads\/2025\/12\/Lac-Genin-2.jpg\" \/>\n\t<meta property=\"og:image:width\" content=\"914\" \/>\n\t<meta property=\"og:image:height\" content=\"1200\" \/>\n\t<meta property=\"og:image:type\" content=\"image\/jpeg\" \/>\n<meta name=\"author\" content=\"Ren\u00e9 Mercier\" \/>\n<meta name=\"twitter:card\" content=\"summary_large_image\" \/>\n<meta name=\"twitter:label1\" content=\"Escrito por\" \/>\n\t<meta name=\"twitter:data1\" content=\"Ren\u00e9 Mercier\" \/>\n\t<meta name=\"twitter:label2\" content=\"Tiempo de lectura\" \/>\n\t<meta name=\"twitter:data2\" content=\"3 minutos\" \/>\n<script type=\"application\/ld+json\" class=\"yoast-schema-graph\">{\"@context\":\"https:\/\/schema.org\",\"@graph\":[{\"@type\":\"Article\",\"@id\":\"https:\/\/centcols.org\/de\/de-01-lac-genin-gravel\/#article\",\"isPartOf\":{\"@id\":\"https:\/\/centcols.org\/de\/de-01-lac-genin-gravel\/\"},\"author\":{\"name\":\"Ren\u00e9 Mercier\",\"@id\":\"https:\/\/centcols.org\/#\/schema\/person\/0cc8f723679c98f3fb7798df5a50c018\"},\"headline\":\"FR-01 Lac Genin &#8211; Gravel 40 km, D+ 900 m, 4 cols\",\"datePublished\":\"2025-12-23T12:25:43+00:00\",\"dateModified\":\"2026-03-10T17:56:34+00:00\",\"mainEntityOfPage\":{\"@id\":\"https:\/\/centcols.org\/de\/de-01-lac-genin-gravel\/\"},\"wordCount\":361,\"commentCount\":0,\"publisher\":{\"@id\":\"https:\/\/centcols.org\/#organization\"},\"image\":{\"@id\":\"https:\/\/centcols.org\/de\/de-01-lac-genin-gravel\/#primaryimage\"},\"thumbnailUrl\":\"https:\/\/centcols.org\/wp-content\/uploads\/2025\/12\/Lac-Genin-2.jpg\",\"articleSection\":[\"Parcours France\",\"Auvergne-Rh\u00f4ne-Alpes\",\"01-Ain\",\"Gravel\",\"Jura\",\"Parcours membres\"],\"inLanguage\":\"es\",\"potentialAction\":[{\"@type\":\"CommentAction\",\"name\":\"Comment\",\"target\":[\"https:\/\/centcols.org\/de\/de-01-lac-genin-gravel\/#respond\"]}]},{\"@type\":\"WebPage\",\"@id\":\"https:\/\/centcols.org\/de\/de-01-lac-genin-gravel\/\",\"url\":\"https:\/\/centcols.org\/de\/de-01-lac-genin-gravel\/\",\"name\":\"FR-01 Lac Genin - Gravel 40 km, D+ 900 m, 4 cols - Club des Cent Cols\",\"isPartOf\":{\"@id\":\"https:\/\/centcols.org\/#website\"},\"primaryImageOfPage\":{\"@id\":\"https:\/\/centcols.org\/de\/de-01-lac-genin-gravel\/#primaryimage\"},\"image\":{\"@id\":\"https:\/\/centcols.org\/de\/de-01-lac-genin-gravel\/#primaryimage\"},\"thumbnailUrl\":\"https:\/\/centcols.org\/wp-content\/uploads\/2025\/12\/Lac-Genin-2.jpg\",\"datePublished\":\"2025-12-23T12:25:43+00:00\",\"dateModified\":\"2026-03-10T17:56:34+00:00\",\"breadcrumb\":{\"@id\":\"https:\/\/centcols.org\/de\/de-01-lac-genin-gravel\/#breadcrumb\"},\"inLanguage\":\"es\",\"potentialAction\":[{\"@type\":\"ReadAction\",\"target\":[\"https:\/\/centcols.org\/de\/de-01-lac-genin-gravel\/\"]}]},{\"@type\":\"ImageObject\",\"inLanguage\":\"es\",\"@id\":\"https:\/\/centcols.org\/de\/de-01-lac-genin-gravel\/#primaryimage\",\"url\":\"https:\/\/centcols.org\/wp-content\/uploads\/2025\/12\/Lac-Genin-2.jpg\",\"contentUrl\":\"https:\/\/centcols.org\/wp-content\/uploads\/2025\/12\/Lac-Genin-2.jpg\",\"width\":914,\"height\":1200},{\"@type\":\"BreadcrumbList\",\"@id\":\"https:\/\/centcols.org\/de\/de-01-lac-genin-gravel\/#breadcrumb\",\"itemListElement\":[{\"@type\":\"ListItem\",\"position\":1,\"name\":\"Accueil\",\"item\":\"https:\/\/centcols.org\/\"},{\"@type\":\"ListItem\",\"position\":2,\"name\":\"Parcours membres\",\"item\":\"https:\/\/centcols.org\/rubrique\/parcours-membres\/\"},{\"@type\":\"ListItem\",\"position\":3,\"name\":\"Pays\",\"item\":\"https:\/\/centcols.org\/rubrique\/parcours-membres\/pays-parcours-membres\/\"},{\"@type\":\"ListItem\",\"position\":4,\"name\":\"Parcours France\",\"item\":\"https:\/\/centcols.org\/rubrique\/parcours-membres\/pays-parcours-membres\/parcours-france\/\"},{\"@type\":\"ListItem\",\"position\":5,\"name\":\"FR-01 Lac Genin &#8211; Gravel 40 km, D+ 900 m, 4 cols\"}]},{\"@type\":\"WebSite\",\"@id\":\"https:\/\/centcols.org\/#website\",\"url\":\"https:\/\/centcols.org\/\",\"name\":\"Club des Cent Cols\",\"description\":\"\",\"publisher\":{\"@id\":\"https:\/\/centcols.org\/#organization\"},\"potentialAction\":[{\"@type\":\"SearchAction\",\"target\":{\"@type\":\"EntryPoint\",\"urlTemplate\":\"https:\/\/centcols.org\/?s={search_term_string}\"},\"query-input\":{\"@type\":\"PropertyValueSpecification\",\"valueRequired\":true,\"valueName\":\"search_term_string\"}}],\"inLanguage\":\"es\"},{\"@type\":\"Organization\",\"@id\":\"https:\/\/centcols.org\/#organization\",\"name\":\"Club des Cent Cols\",\"url\":\"https:\/\/centcols.org\/\",\"logo\":{\"@type\":\"ImageObject\",\"inLanguage\":\"es\",\"@id\":\"https:\/\/centcols.org\/#\/schema\/logo\/image\/\",\"url\":\"https:\/\/centcols.org\/wp-content\/uploads\/2025\/01\/carte-icone.png\",\"contentUrl\":\"https:\/\/centcols.org\/wp-content\/uploads\/2025\/01\/carte-icone.png\",\"width\":250,\"height\":250,\"caption\":\"Club des Cent Cols\"},\"image\":{\"@id\":\"https:\/\/centcols.org\/#\/schema\/logo\/image\/\"},\"sameAs\":[\"https:\/\/www.facebook.com\/groups\/5261880558\/?locale=fr_FR\"]},{\"@type\":\"Person\",\"@id\":\"https:\/\/centcols.org\/#\/schema\/person\/0cc8f723679c98f3fb7798df5a50c018\",\"name\":\"Ren\u00e9 Mercier\",\"image\":{\"@type\":\"ImageObject\",\"inLanguage\":\"es\",\"@id\":\"https:\/\/centcols.org\/wp-content\/litespeed\/avatar\/c2275eeaf79d4f7456274de381abeeab.jpg?ver=1777347562\",\"url\":\"https:\/\/centcols.org\/wp-content\/litespeed\/avatar\/c2275eeaf79d4f7456274de381abeeab.jpg?ver=1777347562\",\"contentUrl\":\"https:\/\/centcols.org\/wp-content\/litespeed\/avatar\/c2275eeaf79d4f7456274de381abeeab.jpg?ver=1777347562\",\"caption\":\"Ren\u00e9 Mercier\"},\"url\":\"https:\/\/centcols.org\/es\/author\/7552\/\"}]}<\/script>\n<!-- \/ Yoast SEO plugin. -->","yoast_head_json":{"title":"FR-01 Lac Genin - Grava 40 km, D+ 900 m, 4 puertos - Club des Cent Cols","robots":{"index":"index","follow":"follow","max-snippet":"max-snippet:-1","max-image-preview":"max-image-preview:large","max-video-preview":"max-video-preview:-1"},"canonical":"https:\/\/centcols.org\/es\/fr-01-lac-genin-grava\/","og_locale":"es_ES","og_type":"article","og_title":"FR-01 Lac Genin - Gravel 40 km, D+ 900 m, 4 cols - Club des Cent Cols","og_description":"Description de l\u2019auteur Auteur&nbsp;: Philippe ChazottierParcours&nbsp;: effectu\u00e9 le 17 ao\u00fbt 2025D\u00e9part&nbsp;: Apremont au sud d&rsquo;Oyonnax. Parking en bord de route 500 m avant l&rsquo;entr\u00e9e sud du village. Descriptif touristique La for\u00eat d\u2019Oyonnax et les abords du lac Genin sont surnomm\u00e9s \u00ab\u00a0le petit Canada\u00a0\u00bb : havre de fra\u00eecheur l\u2019\u00e9t\u00e9 et confront\u00e9 au surtourisme, certains accusent les [&hellip;]","og_url":"https:\/\/centcols.org\/es\/fr-01-lac-genin-grava\/","og_site_name":"Club des Cent Cols","article_publisher":"https:\/\/www.facebook.com\/groups\/5261880558\/?locale=fr_FR","article_published_time":"2025-12-23T12:25:43+00:00","article_modified_time":"2026-03-10T17:56:34+00:00","og_image":[{"width":914,"height":1200,"url":"https:\/\/centcols.org\/wp-content\/uploads\/2025\/12\/Lac-Genin-2.jpg","type":"image\/jpeg"}],"author":"Ren\u00e9 Mercier","twitter_card":"summary_large_image","twitter_misc":{"Escrito por":"Ren\u00e9 Mercier","Tiempo de lectura":"3 minutos"},"schema":{"@context":"https:\/\/schema.org","@graph":[{"@type":"Article","@id":"https:\/\/centcols.org\/de\/de-01-lac-genin-gravel\/#article","isPartOf":{"@id":"https:\/\/centcols.org\/de\/de-01-lac-genin-gravel\/"},"author":{"name":"Ren\u00e9 Mercier","@id":"https:\/\/centcols.org\/#\/schema\/person\/0cc8f723679c98f3fb7798df5a50c018"},"headline":"FR-01 Lac Genin &#8211; Gravel 40 km, D+ 900 m, 4 cols","datePublished":"2025-12-23T12:25:43+00:00","dateModified":"2026-03-10T17:56:34+00:00","mainEntityOfPage":{"@id":"https:\/\/centcols.org\/de\/de-01-lac-genin-gravel\/"},"wordCount":361,"commentCount":0,"publisher":{"@id":"https:\/\/centcols.org\/#organization"},"image":{"@id":"https:\/\/centcols.org\/de\/de-01-lac-genin-gravel\/#primaryimage"},"thumbnailUrl":"https:\/\/centcols.org\/wp-content\/uploads\/2025\/12\/Lac-Genin-2.jpg","articleSection":["Parcours France","Auvergne-Rh\u00f4ne-Alpes","01-Ain","Gravel","Jura","Parcours membres"],"inLanguage":"es","potentialAction":[{"@type":"CommentAction","name":"Comment","target":["https:\/\/centcols.org\/de\/de-01-lac-genin-gravel\/#respond"]}]},{"@type":"WebPage","@id":"https:\/\/centcols.org\/de\/de-01-lac-genin-gravel\/","url":"https:\/\/centcols.org\/de\/de-01-lac-genin-gravel\/","name":"FR-01 Lac Genin - Grava 40 km, D+ 900 m, 4 puertos - Club des Cent Cols","isPartOf":{"@id":"https:\/\/centcols.org\/#website"},"primaryImageOfPage":{"@id":"https:\/\/centcols.org\/de\/de-01-lac-genin-gravel\/#primaryimage"},"image":{"@id":"https:\/\/centcols.org\/de\/de-01-lac-genin-gravel\/#primaryimage"},"thumbnailUrl":"https:\/\/centcols.org\/wp-content\/uploads\/2025\/12\/Lac-Genin-2.jpg","datePublished":"2025-12-23T12:25:43+00:00","dateModified":"2026-03-10T17:56:34+00:00","breadcrumb":{"@id":"https:\/\/centcols.org\/de\/de-01-lac-genin-gravel\/#breadcrumb"},"inLanguage":"es","potentialAction":[{"@type":"ReadAction","target":["https:\/\/centcols.org\/de\/de-01-lac-genin-gravel\/"]}]},{"@type":"ImageObject","inLanguage":"es","@id":"https:\/\/centcols.org\/de\/de-01-lac-genin-gravel\/#primaryimage","url":"https:\/\/centcols.org\/wp-content\/uploads\/2025\/12\/Lac-Genin-2.jpg","contentUrl":"https:\/\/centcols.org\/wp-content\/uploads\/2025\/12\/Lac-Genin-2.jpg","width":914,"height":1200},{"@type":"BreadcrumbList","@id":"https:\/\/centcols.org\/de\/de-01-lac-genin-gravel\/#breadcrumb","itemListElement":[{"@type":"ListItem","position":1,"name":"Accueil","item":"https:\/\/centcols.org\/"},{"@type":"ListItem","position":2,"name":"Parcours membres","item":"https:\/\/centcols.org\/rubrique\/parcours-membres\/"},{"@type":"ListItem","position":3,"name":"Pays","item":"https:\/\/centcols.org\/rubrique\/parcours-membres\/pays-parcours-membres\/"},{"@type":"ListItem","position":4,"name":"Parcours France","item":"https:\/\/centcols.org\/rubrique\/parcours-membres\/pays-parcours-membres\/parcours-france\/"},{"@type":"ListItem","position":5,"name":"FR-01 Lac Genin &#8211; Gravel 40 km, D+ 900 m, 4 cols"}]},{"@type":"WebSite","@id":"https:\/\/centcols.org\/#website","url":"https:\/\/centcols.org\/","name":"Club des Cent Cols","description":"","publisher":{"@id":"https:\/\/centcols.org\/#organization"},"potentialAction":[{"@type":"SearchAction","target":{"@type":"EntryPoint","urlTemplate":"https:\/\/centcols.org\/?s={search_term_string}"},"query-input":{"@type":"PropertyValueSpecification","valueRequired":true,"valueName":"search_term_string"}}],"inLanguage":"es"},{"@type":"Organization","@id":"https:\/\/centcols.org\/#organization","name":"Club des Cent Cols","url":"https:\/\/centcols.org\/","logo":{"@type":"ImageObject","inLanguage":"es","@id":"https:\/\/centcols.org\/#\/schema\/logo\/image\/","url":"https:\/\/centcols.org\/wp-content\/uploads\/2025\/01\/carte-icone.png","contentUrl":"https:\/\/centcols.org\/wp-content\/uploads\/2025\/01\/carte-icone.png","width":250,"height":250,"caption":"Club des Cent Cols"},"image":{"@id":"https:\/\/centcols.org\/#\/schema\/logo\/image\/"},"sameAs":["https:\/\/www.facebook.com\/groups\/5261880558\/?locale=fr_FR"]},{"@type":"Person","@id":"https:\/\/centcols.org\/#\/schema\/person\/0cc8f723679c98f3fb7798df5a50c018","name":"Ren\u00e9 Mercier","image":{"@type":"ImageObject","inLanguage":"es","@id":"https:\/\/centcols.org\/wp-content\/litespeed\/avatar\/c2275eeaf79d4f7456274de381abeeab.jpg?ver=1777347562","url":"https:\/\/centcols.org\/wp-content\/litespeed\/avatar\/c2275eeaf79d4f7456274de381abeeab.jpg?ver=1777347562","contentUrl":"https:\/\/centcols.org\/wp-content\/litespeed\/avatar\/c2275eeaf79d4f7456274de381abeeab.jpg?ver=1777347562","caption":"Ren\u00e9 Mercier"},"url":"https:\/\/centcols.org\/es\/author\/7552\/"}]}},"_links":{"self":[{"href":"https:\/\/centcols.org\/es\/wp-json\/wp\/v2\/posts\/92507","targetHints":{"allow":["GET"]}}],"collection":[{"href":"https:\/\/centcols.org\/es\/wp-json\/wp\/v2\/posts"}],"about":[{"href":"https:\/\/centcols.org\/es\/wp-json\/wp\/v2\/types\/post"}],"author":[{"embeddable":true,"href":"https:\/\/centcols.org\/es\/wp-json\/wp\/v2\/users\/1726"}],"replies":[{"embeddable":true,"href":"https:\/\/centcols.org\/es\/wp-json\/wp\/v2\/comments?post=92507"}],"version-history":[{"count":0,"href":"https:\/\/centcols.org\/es\/wp-json\/wp\/v2\/posts\/92507\/revisions"}],"wp:featuredmedia":[{"embeddable":true,"href":"https:\/\/centcols.org\/es\/wp-json\/wp\/v2\/media\/92490"}],"wp:attachment":[{"href":"https:\/\/centcols.org\/es\/wp-json\/wp\/v2\/media?parent=92507"}],"wp:term":[{"taxonomy":"category","embeddable":true,"href":"https:\/\/centcols.org\/es\/wp-json\/wp\/v2\/categories?post=92507"},{"taxonomy":"post_tag","embeddable":true,"href":"https:\/\/centcols.org\/es\/wp-json\/wp\/v2\/tags?post=92507"}],"curies":[{"name":"wp","href":"https:\/\/api.w.org\/{rel}","templated":true}]}}