{"id":92571,"date":"2026-01-11T10:48:25","date_gmt":"2026-01-11T08:48:25","guid":{"rendered":"https:\/\/centcols.org\/?p=92571"},"modified":"2026-03-10T19:42:08","modified_gmt":"2026-03-10T17:42:08","slug":"ch-ne-jura-neuchatelois","status":"publish","type":"post","link":"https:\/\/centcols.org\/es\/ch-ne-jura-neuchatelois\/","title":{"rendered":"CH-NE Jura neuch\u00e2telois - Grava 108 km, D+ 2260 m, 18 puertos"},"content":{"rendered":"<iframe width=\"100%\" height=\"650\" loading=\"lazy\" src=\"https:\/\/www.openrunner.com\/embed\/5979504b68596e343738594934532b6f794a3271747845776439752f33754e5736557849623170596941343d3a3af9fbc1c62d39468f8a64eee8a472176c?unit=metric\" style=\"border: none;\"><\/iframe>\n\n\n\n<div style=\"height:30px\" aria-hidden=\"true\" class=\"wp-block-spacer\"><\/div>\n\n\n\n<h2 class=\"wp-block-heading\">Descripci\u00f3n del autor<\/h2>\n\n\n\n<p><strong>Autores<\/strong> : Philippe Chazottier<br><strong>Curso<\/strong> Finalizado el 22 de junio de 2025<br><strong>Salida<\/strong> Aparcamiento: aparcamiento de la estaci\u00f3n de Renan, al suroeste de Saint-Imier.<\/p>\n\n\n\n<div style=\"height:30px\" aria-hidden=\"true\" class=\"wp-block-spacer\"><\/div>\n\n\n\n<h2 class=\"wp-block-heading\">Informaci\u00f3n tur\u00edstica<\/h2>\n\n\n\n<div class=\"wp-block-group is-vertical is-layout-flex wp-container-core-group-is-layout-8cf370e7 wp-block-group-is-layout-flex\">\n<div class=\"wp-block-group is-vertical is-layout-flex wp-container-core-group-is-layout-8cf370e7 wp-block-group-is-layout-flex\">\n<p>El pa\u00eds de los relojes: la exuberante regi\u00f3n verde al sur de La Chaux-de-Fonds es famosa por su industria relojera. La llaman \u00abla Siberia suiza\u00bb, pero cuando la visit\u00e9 hac\u00eda 32 \u00b0C. La Chaux-de-Fonds tiene el honor de ser la segunda ciudad m\u00e1s alta de Suiza, despu\u00e9s de Davos.<br>Aunque esta ruta comienza en el cant\u00f3n de Berna, la mayor parte del recorrido (y de los puertos) se encuentra en el cant\u00f3n de Neuch\u00e2tel.<\/p>\n<\/div>\n<\/div>\n\n\n\n<div style=\"height:30px\" aria-hidden=\"true\" class=\"wp-block-spacer\"><\/div>\n\n\n\n<h2 class=\"wp-block-heading\">Especificaciones t\u00e9cnicas<\/h2>\n\n\n\n<div class=\"wp-block-group is-vertical is-layout-flex wp-container-core-group-is-layout-8cf370e7 wp-block-group-is-layout-flex\">\n<p>99,5% ciclable. Muy pocas carreteras sin asfaltar. Se podr\u00eda hacer sin problemas con una bicicleta de carretera, simplemente los \u00faltimos quinientos metros para llegar al Col des Neigeux habr\u00eda que hacerlos a pie.<\/p>\n\n\n\n<p><strong>18 collares<\/strong><\/p>\n<\/div>\n\n\n\n<figure class=\"wp-block-table\"><table class=\"has-fixed-layout\"><tbody><tr><td>1 - Col de la Cibourg<\/td><td class=\"has-text-align-center\" data-align=\"center\">1082 m<\/td><td><a href=\"https:\/\/centcols.org\/es\/util\/geo\/visu.php\/?code=CH-BE-1085\" target=\"_blank\" rel=\"noreferrer noopener\">CH-BE-1085<\/a><\/td><\/tr><tr><td>2 - Col de Gautraine<\/td><td class=\"has-text-align-center\" data-align=\"center\">1205 m<\/td><td><a href=\"https:\/\/centcols.org\/es\/util\/geo\/visu.php\/?code=CH-NE-1205\" target=\"_blank\" rel=\"noreferrer noopener\">CH-NE-1205<\/a><\/td><\/tr><tr><td>3 - Paso Vue des Alpes<\/td><td class=\"has-text-align-center\" data-align=\"center\">1283 m<\/td><td><a href=\"https:\/\/centcols.org\/es\/util\/geo\/visu.php\/?code=CH-NE-1283\" target=\"_blank\" rel=\"noreferrer noopener\">CH-NE-1283<\/a><\/td><\/tr><tr><td>4 - Paso de T\u00eate de Ran<\/td><td class=\"has-text-align-center\" data-align=\"center\">1325m<\/td><td><a href=\"https:\/\/centcols.org\/es\/util\/geo\/visu.php\/?code=CH-NE-1325\" target=\"_blank\" rel=\"noreferrer noopener\">CH-NE-1325<\/a><\/td><\/tr><tr><td>5 - Col des Neigeux<\/td><td class=\"has-text-align-center\" data-align=\"center\">1353 m<\/td><td><a href=\"https:\/\/centcols.org\/es\/util\/geo\/visu.php\/?code=CH-NE-1353\" target=\"_blank\" rel=\"noreferrer noopener\">CH-NE-1353<\/a><\/td><\/tr><tr><td>6 - Col de Paiota<\/td><td class=\"has-text-align-center\" data-align=\"center\">1226 m<\/td><td><a href=\"https:\/\/centcols.org\/es\/util\/geo\/visu.php\/?code=CH-NE-1226\" target=\"_blank\" rel=\"noreferrer noopener\">CH-NE-1226<\/a><\/td><\/tr><tr><td>7 - Col de la Tourne<\/td><td class=\"has-text-align-center\" data-align=\"center\">1170 m<\/td><td><a href=\"https:\/\/centcols.org\/es\/util\/geo\/visu.php\/?code=CH-NE-1170\" target=\"_blank\" rel=\"noreferrer noopener\">CH-NE-1170<\/a><\/td><\/tr><tr><td>8 - Haut de la C\u00f4te<\/td><td class=\"has-text-align-center\" data-align=\"center\">1035 m<\/td><td><a href=\"https:\/\/centcols.org\/es\/util\/geo\/visu.php\/?code=CH-NE-1035\" target=\"_blank\" rel=\"noreferrer noopener\">CH-NE-1035<\/a><\/td><\/tr><tr><td>9 - Col de Joux<\/td><td class=\"has-text-align-center\" data-align=\"center\">1171 m<\/td><td><a href=\"https:\/\/centcols.org\/es\/util\/geo\/visu.php\/?code=CH-NE-1171\" target=\"_blank\" rel=\"noreferrer noopener\">CH-NE-1171<\/a><\/td><\/tr><tr><td>10 - Porte des Chaux<\/td><td class=\"has-text-align-center\" data-align=\"center\">1079 m<\/td><td><a href=\"https:\/\/centcols.org\/es\/util\/geo\/visu.php\/?code=CH-NE-1079\" target=\"_blank\" rel=\"noreferrer noopener\">CH-NE-1079<\/a><\/td><\/tr><tr><td>11 - Haut du Quartier<\/td><td class=\"has-text-align-center\" data-align=\"center\">1114 m<\/td><td><a href=\"https:\/\/centcols.org\/es\/util\/geo\/visu.php\/?code=CH-NE-1114\" target=\"_blank\" rel=\"noreferrer noopener\">CH-NE-1114<\/a><\/td><\/tr><tr><td>12 - Haut du Crosot<\/td><td class=\"has-text-align-center\" data-align=\"center\">1105 m<\/td><td><a href=\"https:\/\/centcols.org\/es\/util\/geo\/visu.php\/?code=CH-NE-1105\" target=\"_blank\" rel=\"noreferrer noopener\">CH-NE-1105<\/a><\/td><\/tr><tr><td>13 - Bas de B\u00e9tod<\/td><td class=\"has-text-align-center\" data-align=\"center\">1095 m<\/td><td><a href=\"https:\/\/centcols.org\/es\/util\/geo\/visu.php\/?code=CH-NE-1095\" target=\"_blank\" rel=\"noreferrer noopener\">CH-NE-1095<\/a><\/td><\/tr><tr><td>14 - Haut des Roussottes<\/td><td class=\"has-text-align-center\" data-align=\"center\">1185 m<\/td><td><a href=\"https:\/\/centcols.org\/es\/util\/geo\/visu.php\/?code=CH-NE-1185\" target=\"_blank\" rel=\"noreferrer noopener\">CH-NE-1185<\/a><\/td><\/tr><tr><td>15 - Col de la Cagne<\/td><td class=\"has-text-align-center\" data-align=\"center\">1159 m<\/td><td><a href=\"https:\/\/centcols.org\/es\/util\/geo\/visu.php\/?code=CH-NE-1159\" target=\"_blank\" rel=\"noreferrer noopener\">CH-NE-1159<\/a><\/td><\/tr><tr><td>16 - Col des Trois Cl\u00e9dars<\/td><td class=\"has-text-align-center\" data-align=\"center\">1135 m<\/td><td><a href=\"https:\/\/centcols.org\/es\/util\/geo\/visu.php\/?code=CH-NE-1135\" target=\"_blank\" rel=\"noreferrer noopener\">CH-NE-1135<\/a><\/td><\/tr><tr><td>17 - Creux Rossel<\/td><td class=\"has-text-align-center\" data-align=\"center\">1137 m<\/td><td><a href=\"https:\/\/centcols.org\/es\/util\/geo\/visu.php\/?code=CH-NE-1137a\" target=\"_blank\" rel=\"noreferrer noopener\">CH-NE-1137a<\/a><\/td><\/tr><tr><td>18 - Col de Boinod<\/td><td class=\"has-text-align-center\" data-align=\"center\">1158 m<\/td><td><a href=\"https:\/\/centcols.org\/es\/util\/geo\/visu.php\/?code=CH-NE-1158\" target=\"_blank\" rel=\"noreferrer noopener\">CH-NE-1158<\/a><\/td><\/tr><\/tbody><\/table><\/figure>\n\n\n\n<p><strong>Palabras clave<\/strong> : Renan, Chaux-de-Fonds, Jura, centcols<\/p>\n\n\n\n<p>Enlace Openrunner, mapa interactivo, perfil, pista : <a href=\"https:\/\/www.openrunner.com\/route-details\/23156325\" target=\"_blank\" rel=\"noreferrer noopener\">https:\/\/www.openrunner.com\/route-details\/23156325<\/a><\/p>\n\n\n\n<p>Este itinerario se facilita \u00fanicamente a t\u00edtulo informativo. El autor no asume ninguna responsabilidad, ni tampoco el Club des Cent Cols, por los imponderables debidos al propio ciclista, al material utilizado o a cualquier cosa relacionada con la carretera, las pistas y los caminos, su entorno o los dem\u00e1s usuarios.<\/p>\n\n\n\n<div style=\"height:30px\" aria-hidden=\"true\" class=\"wp-block-spacer\"><\/div>\n\n\n\n<h2 class=\"wp-block-heading\">Fotos<\/h2>\n\n\n\n<figure class=\"wp-block-gallery has-nested-images columns-default is-cropped wp-block-gallery-1 is-layout-flex wp-block-gallery-is-layout-flex\">\n<figure class=\"wp-block-image size-full\"><a href=\"https:\/\/centcols.org\/wp-content\/uploads\/2026\/01\/Au-sommet-du-col-de-Gautraine.jpg\"><img loading=\"lazy\" decoding=\"async\" width=\"733\" height=\"1000\" data-id=\"92575\" src=\"https:\/\/centcols.org\/wp-content\/uploads\/2026\/01\/Au-sommet-du-col-de-Gautraine.jpg\" alt=\"\" class=\"wp-image-92575\" srcset=\"https:\/\/centcols.org\/wp-content\/uploads\/2026\/01\/Au-sommet-du-col-de-Gautraine.jpg 733w, https:\/\/centcols.org\/wp-content\/uploads\/2026\/01\/Au-sommet-du-col-de-Gautraine-9x12.jpg 9w\" sizes=\"auto, (max-width: 733px) 100vw, 733px\" \/><\/a><figcaption class=\"wp-element-caption\">En la cima del Col de Gautraine<\/figcaption><\/figure>\n\n\n\n<figure class=\"wp-block-image size-full\"><a href=\"https:\/\/centcols.org\/wp-content\/uploads\/2026\/01\/Col-des-Neigeux.jpg\"><img loading=\"lazy\" decoding=\"async\" width=\"750\" height=\"1000\" data-id=\"92576\" src=\"https:\/\/centcols.org\/wp-content\/uploads\/2026\/01\/Col-des-Neigeux.jpg\" alt=\"\" class=\"wp-image-92576\" srcset=\"https:\/\/centcols.org\/wp-content\/uploads\/2026\/01\/Col-des-Neigeux.jpg 750w, https:\/\/centcols.org\/wp-content\/uploads\/2026\/01\/Col-des-Neigeux-9x12.jpg 9w\" sizes=\"auto, (max-width: 750px) 100vw, 750px\" \/><\/a><figcaption class=\"wp-element-caption\">Col des Neigeux<\/figcaption><\/figure>\n\n\n\n<figure class=\"wp-block-image size-full\"><a href=\"https:\/\/centcols.org\/wp-content\/uploads\/2026\/01\/De-nombreuses-barrieres-a-franchir-ici-pour-rejoindre-le-col-du-Haut-du-Crosot-CH-NE-1105.jpg\"><img loading=\"lazy\" decoding=\"async\" width=\"750\" height=\"1000\" data-id=\"92577\" src=\"https:\/\/centcols.org\/wp-content\/uploads\/2026\/01\/De-nombreuses-barrieres-a-franchir-ici-pour-rejoindre-le-col-du-Haut-du-Crosot-CH-NE-1105.jpg\" alt=\"\" class=\"wp-image-92577\" srcset=\"https:\/\/centcols.org\/wp-content\/uploads\/2026\/01\/De-nombreuses-barrieres-a-franchir-ici-pour-rejoindre-le-col-du-Haut-du-Crosot-CH-NE-1105.jpg 750w, https:\/\/centcols.org\/wp-content\/uploads\/2026\/01\/De-nombreuses-barrieres-a-franchir-ici-pour-rejoindre-le-col-du-Haut-du-Crosot-CH-NE-1105-9x12.jpg 9w\" sizes=\"auto, (max-width: 750px) 100vw, 750px\" \/><\/a><figcaption class=\"wp-element-caption\">Muchas barreras que cruzar aqu\u00ed para llegar al puerto de Haut du Crosot<\/figcaption><\/figure>\n\n\n\n<figure class=\"wp-block-image size-full\"><a href=\"https:\/\/centcols.org\/wp-content\/uploads\/2026\/01\/Dernieres-centaines-de-metres-sur-une-bonne-piste-pour-acceder-au-Haut-des-Roussottes-CH-NE-1185.jpg\"><img loading=\"lazy\" decoding=\"async\" width=\"750\" height=\"1000\" data-id=\"92578\" src=\"https:\/\/centcols.org\/wp-content\/uploads\/2026\/01\/Dernieres-centaines-de-metres-sur-une-bonne-piste-pour-acceder-au-Haut-des-Roussottes-CH-NE-1185.jpg\" alt=\"\" class=\"wp-image-92578\" srcset=\"https:\/\/centcols.org\/wp-content\/uploads\/2026\/01\/Dernieres-centaines-de-metres-sur-une-bonne-piste-pour-acceder-au-Haut-des-Roussottes-CH-NE-1185.jpg 750w, https:\/\/centcols.org\/wp-content\/uploads\/2026\/01\/Dernieres-centaines-de-metres-sur-une-bonne-piste-pour-acceder-au-Haut-des-Roussottes-CH-NE-1185-9x12.jpg 9w\" sizes=\"auto, (max-width: 750px) 100vw, 750px\" \/><\/a><figcaption class=\"wp-element-caption\">\u00daltimos cientos de metros por una buena pista para llegar al Haut des Roussottes<\/figcaption><\/figure>\n\n\n\n<figure class=\"wp-block-image size-full\"><a href=\"https:\/\/centcols.org\/wp-content\/uploads\/2026\/01\/En-redescendant-de-la-Porte-des-Chaux-CH-NE-1079.jpg\"><img loading=\"lazy\" decoding=\"async\" width=\"750\" height=\"1000\" data-id=\"92579\" src=\"https:\/\/centcols.org\/wp-content\/uploads\/2026\/01\/En-redescendant-de-la-Porte-des-Chaux-CH-NE-1079.jpg\" alt=\"\" class=\"wp-image-92579\" srcset=\"https:\/\/centcols.org\/wp-content\/uploads\/2026\/01\/En-redescendant-de-la-Porte-des-Chaux-CH-NE-1079.jpg 750w, https:\/\/centcols.org\/wp-content\/uploads\/2026\/01\/En-redescendant-de-la-Porte-des-Chaux-CH-NE-1079-9x12.jpg 9w\" sizes=\"auto, (max-width: 750px) 100vw, 750px\" \/><\/a><figcaption class=\"wp-element-caption\">Bajando de Porte des Chaux<\/figcaption><\/figure>\n\n\n\n<figure class=\"wp-block-image size-large\"><a href=\"https:\/\/centcols.org\/wp-content\/uploads\/2026\/01\/Il-faisait-32-\u00b0-\ud83d\ude05.jpg\"><img loading=\"lazy\" decoding=\"async\" width=\"750\" height=\"1000\" data-id=\"92580\" src=\"https:\/\/centcols.org\/wp-content\/uploads\/2026\/01\/Il-faisait-32-\u00b0-\ud83d\ude05.jpg\" alt=\"\" class=\"wp-image-92580\" srcset=\"https:\/\/centcols.org\/wp-content\/uploads\/2026\/01\/Il-faisait-32-\u00b0-\ud83d\ude05.jpg 750w, https:\/\/centcols.org\/wp-content\/uploads\/2026\/01\/Il-faisait-32-\u00b0-\ud83d\ude05-9x12.jpg 9w\" sizes=\"auto, (max-width: 750px) 100vw, 750px\" \/><\/a><figcaption class=\"wp-element-caption\">Hac\u00eda 32\u00b0C. <\/figcaption><\/figure>\n<\/figure>\n\n\n\n<p><\/p>","protected":false},"excerpt":{"rendered":"<p>Description de l\u2019auteur Auteurs : Philippe ChazottierParcours : effectu\u00e9 le 22 juin 2025D\u00e9part : parking de la gare de Renan, au sud-ouest de Saint-Imier. Descriptif touristique Au pays des montres : la r\u00e9gion tr\u00e8s verdoyante situ\u00e9e au sud de La Chaux-de-Fonds est r\u00e9put\u00e9e pour ses industries horlog\u00e8res. Elle est surnomm\u00e9e \u00ab\u00a0La Sib\u00e9rie suisse\u00a0\u00bb, mais il [&hellip;]<\/p>\n","protected":false},"author":1726,"featured_media":92580,"comment_status":"open","ping_status":"open","sticky":false,"template":"","format":"standard","meta":{"_acf_changed":false,"footnotes":""},"categories":[320,307,334,220],"tags":[],"class_list":["post-92571","post","type-post","status-publish","format-standard","has-post-thumbnail","hentry","category-gravel-type-parcours","category-parcours-suisse","category-jura-massif-parcours-membres","category-parcours-membres"],"acf":[],"yoast_head":"<!-- This site is optimized with the Yoast SEO plugin v27.2 - https:\/\/yoast.com\/product\/yoast-seo-wordpress\/ -->\n<title>CH-NE Jura neuch\u00e2telois \u2013 Gravel 108 km, D+ 2260 m, 18 cols - Club des Cent Cols<\/title>\n<meta name=\"robots\" content=\"index, follow, max-snippet:-1, max-image-preview:large, max-video-preview:-1\" \/>\n<link rel=\"canonical\" href=\"https:\/\/centcols.org\/es\/ch-ne-jura-neuchatelois\/\" \/>\n<meta property=\"og:locale\" content=\"es_ES\" \/>\n<meta property=\"og:type\" content=\"article\" \/>\n<meta property=\"og:title\" content=\"CH-NE Jura neuch\u00e2telois \u2013 Gravel 108 km, D+ 2260 m, 18 cols - Club des Cent Cols\" \/>\n<meta property=\"og:description\" content=\"Description de l\u2019auteur Auteurs : Philippe ChazottierParcours : effectu\u00e9 le 22 juin 2025D\u00e9part : parking de la gare de Renan, au sud-ouest de Saint-Imier. Descriptif touristique Au pays des montres : la r\u00e9gion tr\u00e8s verdoyante situ\u00e9e au sud de La Chaux-de-Fonds est r\u00e9put\u00e9e pour ses industries horlog\u00e8res. Elle est surnomm\u00e9e \u00ab\u00a0La Sib\u00e9rie suisse\u00a0\u00bb, mais il [&hellip;]\" \/>\n<meta property=\"og:url\" content=\"https:\/\/centcols.org\/es\/ch-ne-jura-neuchatelois\/\" \/>\n<meta property=\"og:site_name\" content=\"Club des Cent Cols\" \/>\n<meta property=\"article:publisher\" content=\"https:\/\/www.facebook.com\/groups\/5261880558\/?locale=fr_FR\" \/>\n<meta property=\"article:published_time\" content=\"2026-01-11T08:48:25+00:00\" \/>\n<meta property=\"article:modified_time\" content=\"2026-03-10T17:42:08+00:00\" \/>\n<meta property=\"og:image\" content=\"https:\/\/centcols.org\/wp-content\/uploads\/2026\/01\/Il-faisait-32-\u00b0-\ud83d\ude05.jpg\" \/>\n\t<meta property=\"og:image:width\" content=\"750\" \/>\n\t<meta property=\"og:image:height\" content=\"1000\" \/>\n\t<meta property=\"og:image:type\" content=\"image\/jpeg\" \/>\n<meta name=\"author\" content=\"Ren\u00e9 Mercier\" \/>\n<meta name=\"twitter:card\" content=\"summary_large_image\" \/>\n<meta name=\"twitter:label1\" content=\"Escrito por\" \/>\n\t<meta name=\"twitter:data1\" content=\"Ren\u00e9 Mercier\" \/>\n\t<meta name=\"twitter:label2\" content=\"Tiempo de lectura\" \/>\n\t<meta name=\"twitter:data2\" content=\"4 minutos\" \/>\n<script type=\"application\/ld+json\" class=\"yoast-schema-graph\">{\"@context\":\"https:\/\/schema.org\",\"@graph\":[{\"@type\":\"Article\",\"@id\":\"https:\/\/centcols.org\/nl\/ch-ne-jura-neuchatelois\/#article\",\"isPartOf\":{\"@id\":\"https:\/\/centcols.org\/nl\/ch-ne-jura-neuchatelois\/\"},\"author\":{\"name\":\"Ren\u00e9 Mercier\",\"@id\":\"https:\/\/centcols.org\/#\/schema\/person\/0cc8f723679c98f3fb7798df5a50c018\"},\"headline\":\"CH-NE Jura neuch\u00e2telois \u2013 Gravel 108 km, D+ 2260 m, 18 cols\",\"datePublished\":\"2026-01-11T08:48:25+00:00\",\"dateModified\":\"2026-03-10T17:42:08+00:00\",\"mainEntityOfPage\":{\"@id\":\"https:\/\/centcols.org\/nl\/ch-ne-jura-neuchatelois\/\"},\"wordCount\":406,\"commentCount\":2,\"publisher\":{\"@id\":\"https:\/\/centcols.org\/#organization\"},\"image\":{\"@id\":\"https:\/\/centcols.org\/nl\/ch-ne-jura-neuchatelois\/#primaryimage\"},\"thumbnailUrl\":\"https:\/\/centcols.org\/wp-content\/uploads\/2026\/01\/Il-faisait-32-\u00b0-\ud83d\ude05.jpg\",\"articleSection\":[\"Gravel\",\"Parcours Suisse\",\"Jura\",\"Parcours membres\"],\"inLanguage\":\"es\",\"potentialAction\":[{\"@type\":\"CommentAction\",\"name\":\"Comment\",\"target\":[\"https:\/\/centcols.org\/nl\/ch-ne-jura-neuchatelois\/#respond\"]}]},{\"@type\":\"WebPage\",\"@id\":\"https:\/\/centcols.org\/nl\/ch-ne-jura-neuchatelois\/\",\"url\":\"https:\/\/centcols.org\/nl\/ch-ne-jura-neuchatelois\/\",\"name\":\"CH-NE Jura neuch\u00e2telois \u2013 Gravel 108 km, D+ 2260 m, 18 cols - Club des Cent Cols\",\"isPartOf\":{\"@id\":\"https:\/\/centcols.org\/#website\"},\"primaryImageOfPage\":{\"@id\":\"https:\/\/centcols.org\/nl\/ch-ne-jura-neuchatelois\/#primaryimage\"},\"image\":{\"@id\":\"https:\/\/centcols.org\/nl\/ch-ne-jura-neuchatelois\/#primaryimage\"},\"thumbnailUrl\":\"https:\/\/centcols.org\/wp-content\/uploads\/2026\/01\/Il-faisait-32-\u00b0-\ud83d\ude05.jpg\",\"datePublished\":\"2026-01-11T08:48:25+00:00\",\"dateModified\":\"2026-03-10T17:42:08+00:00\",\"breadcrumb\":{\"@id\":\"https:\/\/centcols.org\/nl\/ch-ne-jura-neuchatelois\/#breadcrumb\"},\"inLanguage\":\"es\",\"potentialAction\":[{\"@type\":\"ReadAction\",\"target\":[\"https:\/\/centcols.org\/nl\/ch-ne-jura-neuchatelois\/\"]}]},{\"@type\":\"ImageObject\",\"inLanguage\":\"es\",\"@id\":\"https:\/\/centcols.org\/nl\/ch-ne-jura-neuchatelois\/#primaryimage\",\"url\":\"https:\/\/centcols.org\/wp-content\/uploads\/2026\/01\/Il-faisait-32-\u00b0-\ud83d\ude05.jpg\",\"contentUrl\":\"https:\/\/centcols.org\/wp-content\/uploads\/2026\/01\/Il-faisait-32-\u00b0-\ud83d\ude05.jpg\",\"width\":750,\"height\":1000},{\"@type\":\"BreadcrumbList\",\"@id\":\"https:\/\/centcols.org\/nl\/ch-ne-jura-neuchatelois\/#breadcrumb\",\"itemListElement\":[{\"@type\":\"ListItem\",\"position\":1,\"name\":\"Accueil\",\"item\":\"https:\/\/centcols.org\/\"},{\"@type\":\"ListItem\",\"position\":2,\"name\":\"Parcours membres\",\"item\":\"https:\/\/centcols.org\/rubrique\/parcours-membres\/\"},{\"@type\":\"ListItem\",\"position\":3,\"name\":\"Pays\",\"item\":\"https:\/\/centcols.org\/rubrique\/parcours-membres\/pays-parcours-membres\/\"},{\"@type\":\"ListItem\",\"position\":4,\"name\":\"Parcours Suisse\",\"item\":\"https:\/\/centcols.org\/rubrique\/parcours-membres\/pays-parcours-membres\/parcours-suisse\/\"},{\"@type\":\"ListItem\",\"position\":5,\"name\":\"CH-NE Jura neuch\u00e2telois \u2013 Gravel 108 km, D+ 2260 m, 18 cols\"}]},{\"@type\":\"WebSite\",\"@id\":\"https:\/\/centcols.org\/#website\",\"url\":\"https:\/\/centcols.org\/\",\"name\":\"Club des Cent Cols\",\"description\":\"\",\"publisher\":{\"@id\":\"https:\/\/centcols.org\/#organization\"},\"potentialAction\":[{\"@type\":\"SearchAction\",\"target\":{\"@type\":\"EntryPoint\",\"urlTemplate\":\"https:\/\/centcols.org\/?s={search_term_string}\"},\"query-input\":{\"@type\":\"PropertyValueSpecification\",\"valueRequired\":true,\"valueName\":\"search_term_string\"}}],\"inLanguage\":\"es\"},{\"@type\":\"Organization\",\"@id\":\"https:\/\/centcols.org\/#organization\",\"name\":\"Club des Cent Cols\",\"url\":\"https:\/\/centcols.org\/\",\"logo\":{\"@type\":\"ImageObject\",\"inLanguage\":\"es\",\"@id\":\"https:\/\/centcols.org\/#\/schema\/logo\/image\/\",\"url\":\"https:\/\/centcols.org\/wp-content\/uploads\/2025\/01\/carte-icone.png\",\"contentUrl\":\"https:\/\/centcols.org\/wp-content\/uploads\/2025\/01\/carte-icone.png\",\"width\":250,\"height\":250,\"caption\":\"Club des Cent Cols\"},\"image\":{\"@id\":\"https:\/\/centcols.org\/#\/schema\/logo\/image\/\"},\"sameAs\":[\"https:\/\/www.facebook.com\/groups\/5261880558\/?locale=fr_FR\"]},{\"@type\":\"Person\",\"@id\":\"https:\/\/centcols.org\/#\/schema\/person\/0cc8f723679c98f3fb7798df5a50c018\",\"name\":\"Ren\u00e9 Mercier\",\"image\":{\"@type\":\"ImageObject\",\"inLanguage\":\"es\",\"@id\":\"https:\/\/centcols.org\/wp-content\/litespeed\/avatar\/c2275eeaf79d4f7456274de381abeeab.jpg?ver=1777347562\",\"url\":\"https:\/\/centcols.org\/wp-content\/litespeed\/avatar\/c2275eeaf79d4f7456274de381abeeab.jpg?ver=1777347562\",\"contentUrl\":\"https:\/\/centcols.org\/wp-content\/litespeed\/avatar\/c2275eeaf79d4f7456274de381abeeab.jpg?ver=1777347562\",\"caption\":\"Ren\u00e9 Mercier\"},\"url\":\"https:\/\/centcols.org\/es\/author\/7552\/\"}]}<\/script>\n<!-- \/ Yoast SEO plugin. -->","yoast_head_json":{"title":"CH-NE Jura neuch\u00e2telois - Gravel 108 km, D+ 2260 m, 18 cols - Club des Cent Cols","robots":{"index":"index","follow":"follow","max-snippet":"max-snippet:-1","max-image-preview":"max-image-preview:large","max-video-preview":"max-video-preview:-1"},"canonical":"https:\/\/centcols.org\/es\/ch-ne-jura-neuchatelois\/","og_locale":"es_ES","og_type":"article","og_title":"CH-NE Jura neuch\u00e2telois \u2013 Gravel 108 km, D+ 2260 m, 18 cols - Club des Cent Cols","og_description":"Description de l\u2019auteur Auteurs : Philippe ChazottierParcours : effectu\u00e9 le 22 juin 2025D\u00e9part : parking de la gare de Renan, au sud-ouest de Saint-Imier. Descriptif touristique Au pays des montres : la r\u00e9gion tr\u00e8s verdoyante situ\u00e9e au sud de La Chaux-de-Fonds est r\u00e9put\u00e9e pour ses industries horlog\u00e8res. Elle est surnomm\u00e9e \u00ab\u00a0La Sib\u00e9rie suisse\u00a0\u00bb, mais il [&hellip;]","og_url":"https:\/\/centcols.org\/es\/ch-ne-jura-neuchatelois\/","og_site_name":"Club des Cent Cols","article_publisher":"https:\/\/www.facebook.com\/groups\/5261880558\/?locale=fr_FR","article_published_time":"2026-01-11T08:48:25+00:00","article_modified_time":"2026-03-10T17:42:08+00:00","og_image":[{"width":750,"height":1000,"url":"https:\/\/centcols.org\/wp-content\/uploads\/2026\/01\/Il-faisait-32-\u00b0-\ud83d\ude05.jpg","type":"image\/jpeg"}],"author":"Ren\u00e9 Mercier","twitter_card":"summary_large_image","twitter_misc":{"Escrito por":"Ren\u00e9 Mercier","Tiempo de lectura":"4 minutos"},"schema":{"@context":"https:\/\/schema.org","@graph":[{"@type":"Article","@id":"https:\/\/centcols.org\/nl\/ch-ne-jura-neuchatelois\/#article","isPartOf":{"@id":"https:\/\/centcols.org\/nl\/ch-ne-jura-neuchatelois\/"},"author":{"name":"Ren\u00e9 Mercier","@id":"https:\/\/centcols.org\/#\/schema\/person\/0cc8f723679c98f3fb7798df5a50c018"},"headline":"CH-NE Jura neuch\u00e2telois \u2013 Gravel 108 km, D+ 2260 m, 18 cols","datePublished":"2026-01-11T08:48:25+00:00","dateModified":"2026-03-10T17:42:08+00:00","mainEntityOfPage":{"@id":"https:\/\/centcols.org\/nl\/ch-ne-jura-neuchatelois\/"},"wordCount":406,"commentCount":2,"publisher":{"@id":"https:\/\/centcols.org\/#organization"},"image":{"@id":"https:\/\/centcols.org\/nl\/ch-ne-jura-neuchatelois\/#primaryimage"},"thumbnailUrl":"https:\/\/centcols.org\/wp-content\/uploads\/2026\/01\/Il-faisait-32-\u00b0-\ud83d\ude05.jpg","articleSection":["Gravel","Parcours Suisse","Jura","Parcours membres"],"inLanguage":"es","potentialAction":[{"@type":"CommentAction","name":"Comment","target":["https:\/\/centcols.org\/nl\/ch-ne-jura-neuchatelois\/#respond"]}]},{"@type":"WebPage","@id":"https:\/\/centcols.org\/nl\/ch-ne-jura-neuchatelois\/","url":"https:\/\/centcols.org\/nl\/ch-ne-jura-neuchatelois\/","name":"CH-NE Jura neuch\u00e2telois - Gravel 108 km, D+ 2260 m, 18 cols - Club des Cent Cols","isPartOf":{"@id":"https:\/\/centcols.org\/#website"},"primaryImageOfPage":{"@id":"https:\/\/centcols.org\/nl\/ch-ne-jura-neuchatelois\/#primaryimage"},"image":{"@id":"https:\/\/centcols.org\/nl\/ch-ne-jura-neuchatelois\/#primaryimage"},"thumbnailUrl":"https:\/\/centcols.org\/wp-content\/uploads\/2026\/01\/Il-faisait-32-\u00b0-\ud83d\ude05.jpg","datePublished":"2026-01-11T08:48:25+00:00","dateModified":"2026-03-10T17:42:08+00:00","breadcrumb":{"@id":"https:\/\/centcols.org\/nl\/ch-ne-jura-neuchatelois\/#breadcrumb"},"inLanguage":"es","potentialAction":[{"@type":"ReadAction","target":["https:\/\/centcols.org\/nl\/ch-ne-jura-neuchatelois\/"]}]},{"@type":"ImageObject","inLanguage":"es","@id":"https:\/\/centcols.org\/nl\/ch-ne-jura-neuchatelois\/#primaryimage","url":"https:\/\/centcols.org\/wp-content\/uploads\/2026\/01\/Il-faisait-32-\u00b0-\ud83d\ude05.jpg","contentUrl":"https:\/\/centcols.org\/wp-content\/uploads\/2026\/01\/Il-faisait-32-\u00b0-\ud83d\ude05.jpg","width":750,"height":1000},{"@type":"BreadcrumbList","@id":"https:\/\/centcols.org\/nl\/ch-ne-jura-neuchatelois\/#breadcrumb","itemListElement":[{"@type":"ListItem","position":1,"name":"Accueil","item":"https:\/\/centcols.org\/"},{"@type":"ListItem","position":2,"name":"Parcours membres","item":"https:\/\/centcols.org\/rubrique\/parcours-membres\/"},{"@type":"ListItem","position":3,"name":"Pays","item":"https:\/\/centcols.org\/rubrique\/parcours-membres\/pays-parcours-membres\/"},{"@type":"ListItem","position":4,"name":"Parcours Suisse","item":"https:\/\/centcols.org\/rubrique\/parcours-membres\/pays-parcours-membres\/parcours-suisse\/"},{"@type":"ListItem","position":5,"name":"CH-NE Jura neuch\u00e2telois \u2013 Gravel 108 km, D+ 2260 m, 18 cols"}]},{"@type":"WebSite","@id":"https:\/\/centcols.org\/#website","url":"https:\/\/centcols.org\/","name":"Club des Cent Cols","description":"","publisher":{"@id":"https:\/\/centcols.org\/#organization"},"potentialAction":[{"@type":"SearchAction","target":{"@type":"EntryPoint","urlTemplate":"https:\/\/centcols.org\/?s={search_term_string}"},"query-input":{"@type":"PropertyValueSpecification","valueRequired":true,"valueName":"search_term_string"}}],"inLanguage":"es"},{"@type":"Organization","@id":"https:\/\/centcols.org\/#organization","name":"Club des Cent Cols","url":"https:\/\/centcols.org\/","logo":{"@type":"ImageObject","inLanguage":"es","@id":"https:\/\/centcols.org\/#\/schema\/logo\/image\/","url":"https:\/\/centcols.org\/wp-content\/uploads\/2025\/01\/carte-icone.png","contentUrl":"https:\/\/centcols.org\/wp-content\/uploads\/2025\/01\/carte-icone.png","width":250,"height":250,"caption":"Club des Cent Cols"},"image":{"@id":"https:\/\/centcols.org\/#\/schema\/logo\/image\/"},"sameAs":["https:\/\/www.facebook.com\/groups\/5261880558\/?locale=fr_FR"]},{"@type":"Person","@id":"https:\/\/centcols.org\/#\/schema\/person\/0cc8f723679c98f3fb7798df5a50c018","name":"Ren\u00e9 Mercier","image":{"@type":"ImageObject","inLanguage":"es","@id":"https:\/\/centcols.org\/wp-content\/litespeed\/avatar\/c2275eeaf79d4f7456274de381abeeab.jpg?ver=1777347562","url":"https:\/\/centcols.org\/wp-content\/litespeed\/avatar\/c2275eeaf79d4f7456274de381abeeab.jpg?ver=1777347562","contentUrl":"https:\/\/centcols.org\/wp-content\/litespeed\/avatar\/c2275eeaf79d4f7456274de381abeeab.jpg?ver=1777347562","caption":"Ren\u00e9 Mercier"},"url":"https:\/\/centcols.org\/es\/author\/7552\/"}]}},"_links":{"self":[{"href":"https:\/\/centcols.org\/es\/wp-json\/wp\/v2\/posts\/92571","targetHints":{"allow":["GET"]}}],"collection":[{"href":"https:\/\/centcols.org\/es\/wp-json\/wp\/v2\/posts"}],"about":[{"href":"https:\/\/centcols.org\/es\/wp-json\/wp\/v2\/types\/post"}],"author":[{"embeddable":true,"href":"https:\/\/centcols.org\/es\/wp-json\/wp\/v2\/users\/1726"}],"replies":[{"embeddable":true,"href":"https:\/\/centcols.org\/es\/wp-json\/wp\/v2\/comments?post=92571"}],"version-history":[{"count":0,"href":"https:\/\/centcols.org\/es\/wp-json\/wp\/v2\/posts\/92571\/revisions"}],"wp:featuredmedia":[{"embeddable":true,"href":"https:\/\/centcols.org\/es\/wp-json\/wp\/v2\/media\/92580"}],"wp:attachment":[{"href":"https:\/\/centcols.org\/es\/wp-json\/wp\/v2\/media?parent=92571"}],"wp:term":[{"taxonomy":"category","embeddable":true,"href":"https:\/\/centcols.org\/es\/wp-json\/wp\/v2\/categories?post=92571"},{"taxonomy":"post_tag","embeddable":true,"href":"https:\/\/centcols.org\/es\/wp-json\/wp\/v2\/tags?post=92571"}],"curies":[{"name":"wp","href":"https:\/\/api.w.org\/{rel}","templated":true}]}}