{"id":92596,"date":"2026-01-17T19:15:11","date_gmt":"2026-01-17T17:15:11","guid":{"rendered":"https:\/\/centcols.org\/?p=92596"},"modified":"2026-03-17T23:52:00","modified_gmt":"2026-03-17T21:52:00","slug":"fr-07-ruta-de-saint-etienne-de-boulogne","status":"publish","type":"post","link":"https:\/\/centcols.org\/es\/fr-07-saint-etienne-de-boulogne-route\/","title":{"rendered":"FR-07 Saint-Etienne-de-Boulogne - Route 80 km, D+ 1600 m, 14 puertos"},"content":{"rendered":"<iframe width=\"100%\" height=\"650\" loading=\"lazy\" src=\"https:\/\/www.openrunner.com\/embed\/6c484d7a735678414f33663942316549734874715364465a366b50302f62334f6857736f75424f637a75553d3a3aa8a692baed8973de1202614a85c48d34?unit=metric\" style=\"border: none;\"><\/iframe>\n\n\n\n<div style=\"height:30px\" aria-hidden=\"true\" class=\"wp-block-spacer\"><\/div>\n\n\n\n<h2 class=\"wp-block-heading\">Descripci\u00f3n del autor<\/h2>\n\n\n\n<p><strong>Autor&nbsp;<\/strong>: Ren\u00e9 Mercier<br><strong>Curso&nbsp;<\/strong>Finalizado en junio de 2023<br><strong>Salida&nbsp;<\/strong>Saint-Etienne-de-Boulogne desde la iglesia de este peque\u00f1o pueblo. Se puede aparcar el coche a la sombra.<\/p>\n\n\n\n<div style=\"height:30px\" aria-hidden=\"true\" class=\"wp-block-spacer\"><\/div>\n\n\n\n<h2 class=\"wp-block-heading\">Informaci\u00f3n tur\u00edstica<\/h2>\n\n\n\n<p>La Ard\u00e8che es tierra de ciclismo. Este recorrido recorre parte de la <a href=\"https:\/\/www.parc-monts-ardeche.fr\/\" target=\"_blank\" rel=\"noreferrer noopener\">Monts d'Ard\u00e8che<\/a> entre 400 m y 1000 m de altitud. El paisaje es exuberante y verde, y los pueblos son peque\u00f1os y est\u00e1n bien mantenidos. Pasamos cerca del castillo de <a href=\"https:\/\/www.bassin-aubenas.fr\/intercommunalite\/territoire\/28-communes\/saint-michel-de-boulogne\/\" target=\"_blank\" rel=\"noreferrer noopener\">Saint-Michel-de-Boulogne<\/a>. Despu\u00e9s de la mitad del camino, en el Col de Vals, puede a\u00f1adir otros 6 km y refrescarse con la famosa agua mineral de <a href=\"https:\/\/www.vals-les-bains.fr\/lieux-incontournables\/\" target=\"_blank\" rel=\"noreferrer noopener\">Vals-les-Bains<\/a> (ciudad balneario).<\/p>\n\n\n\n<div style=\"height:30px\" aria-hidden=\"true\" class=\"wp-block-spacer\"><\/div>\n\n\n\n<h2 class=\"wp-block-heading\">Especificaciones t\u00e9cnicas<\/h2>\n\n\n\n<p>El recorrido es de casi 100% (hay 100 m de carretera para llegar a Le Coulet). Hay muy poco tr\u00e1fico, salvo entre los puertos de Auriolles y Ar\u00e9nier, pero esta carretera departamental que une Aubenas con Privas es muy ancha.<br>Hay pocos puntos de agua, as\u00ed que no te pierdas el grifo de la derecha junto a la iglesia de Saint-Joseph-des-Bancs (o prueba en los cementerios). Tambi\u00e9n encontrar\u00e1 agua en Saint-And\u00e9ol-de-Vals, a dos tercios de la ruta.<br>A esta ruta se puede a\u00f1adir f\u00e1cilmente el Col de Valaurie (FR-07-0649) justo despu\u00e9s del Col d'Auriolles, y posiblemente algunos pasos por senderos a unos cientos de metros del circuito de carretera.<\/p>\n\n\n\n<div style=\"height:30px\" aria-hidden=\"true\" class=\"wp-block-spacer\"><\/div>\n\n\n\n<p><strong>14 collares<\/strong><\/p>\n\n\n\n<figure class=\"wp-block-table\"><table class=\"has-background\" style=\"background-color:#f0f0f0\"><tbody><tr><td>1 - Col d'Auriolles<\/td><td class=\"has-text-align-center\" data-align=\"center\">495 m<\/td><td><a href=\"https:\/\/centcols.org\/es\/util\/geo\/visu.php\/?code=FR-07-0495\" target=\"_blank\" rel=\"noreferrer noopener\">FR-07-0495<\/a><\/td><\/tr><tr><td>2 - Col de l'Escrinet<\/td><td class=\"has-text-align-center\" data-align=\"center\">787 m<\/td><td><a href=\"https:\/\/centcols.org\/es\/util\/geo\/visu.php\/?code=FR-07-0787\" target=\"_blank\" rel=\"noreferrer noopener\">FR-07-0787<\/a><\/td><\/tr><tr><td>3 - Col de l'Ar\u00e9nier<\/td><td class=\"has-text-align-center\" data-align=\"center\">682 m<\/td><td><a href=\"https:\/\/centcols.org\/es\/util\/geo\/visu.php\/?code=FR-07-0682\" target=\"_blank\" rel=\"noreferrer noopener\">FR-07-0682<\/a><\/td><\/tr><tr><td>4 - Col des Pierres de Faux<\/td><td class=\"has-text-align-center\" data-align=\"center\">793 m<\/td><td><a href=\"https:\/\/centcols.org\/es\/util\/geo\/visu.php\/?code=FR-07-0793\" target=\"_blank\" rel=\"noreferrer noopener\">FR-07-0793<\/a><\/td><\/tr><tr><td>5 - Col de Sarrasset<\/td><td class=\"has-text-align-center\" data-align=\"center\">825 m<\/td><td><a href=\"https:\/\/centcols.org\/es\/util\/geo\/visu.php\/?code=FR-07-0825\" target=\"_blank\" rel=\"noreferrer noopener\">FR-07-0825<\/a><\/td><\/tr><tr><td>6 - Col de la Fayolle<\/td><td class=\"has-text-align-center\" data-align=\"center\">877 m<\/td><td><a href=\"https:\/\/centcols.org\/es\/util\/geo\/visu.php\/?code=FR-07-0877\" target=\"_blank\" rel=\"noreferrer noopener\">FR-07-0877<\/a><\/td><\/tr><tr><td>7 - Col de Miraud<\/td><td class=\"has-text-align-center\" data-align=\"center\">986 m<\/td><td><a href=\"https:\/\/centcols.org\/es\/util\/geo\/visu.php\/?code=FR-07-0986\" target=\"_blank\" rel=\"noreferrer noopener\">FR-07-0986<\/a><\/td><\/tr><tr><td>8 - Goulet de Peyrille<\/td><td class=\"has-text-align-center\" data-align=\"center\">832 m<\/td><td><a href=\"https:\/\/centcols.org\/es\/util\/geo\/visu.php\/?code=FR-07-0832\" target=\"_blank\" rel=\"noreferrer noopener\">FR-07-0832<\/a><\/td><\/tr><tr><td>9 - Col de Conchis<\/td><td class=\"has-text-align-center\" data-align=\"center\">694 m<\/td><td><a href=\"https:\/\/centcols.org\/es\/util\/geo\/visu.php\/?code=FR-07-0694\" target=\"_blank\" rel=\"noreferrer noopener\">FR-07-0694<\/a><\/td><\/tr><tr><td>10 - Col de Genestelle<\/td><td class=\"has-text-align-center\" data-align=\"center\">648 m<\/td><td><a href=\"https:\/\/centcols.org\/es\/util\/geo\/visu.php\/?code=FR-07-0648\" target=\"_blank\" rel=\"noreferrer noopener\">FR-07-0648<\/a><\/td><\/tr><tr><td>11 - Col de Montagnac<\/td><td class=\"has-text-align-center\" data-align=\"center\">558 m<\/td><td><a href=\"https:\/\/centcols.org\/es\/util\/geo\/visu.php\/?code=FR-07-0558\" target=\"_blank\" rel=\"noreferrer noopener\">FR-07-0558<\/a><\/td><\/tr><tr><td>12 - Col de Vals<\/td><td class=\"has-text-align-center\" data-align=\"center\">402 m<\/td><td><a href=\"https:\/\/centcols.org\/es\/util\/geo\/visu.php\/?code=FR-07-0402\" target=\"_blank\" rel=\"noreferrer noopener\">FR-07-0402<\/a><\/td><\/tr><tr><td>13 - Le Couletet<\/td><td class=\"has-text-align-center\" data-align=\"center\">605 m<\/td><td><a href=\"https:\/\/centcols.org\/es\/util\/geo\/visu.php\/?code=FR-07-0605\" target=\"_blank\" rel=\"noreferrer noopener\">FR-07-0605<\/a><\/td><\/tr><tr><td>14 - Le Coulet<\/td><td class=\"has-text-align-center\" data-align=\"center\">655 m<\/td><td><a href=\"https:\/\/centcols.org\/es\/util\/geo\/visu.php\/?code=FR-07-0650\" target=\"_blank\" rel=\"noreferrer noopener\">FR-07-0650<\/a><\/td><\/tr><\/tbody><\/table><\/figure>\n\n\n\n<p><strong>Palabras clave<\/strong>&nbsp;Saint-Etienne-de-Boulogne, Vals, Genestelle, Saint-Joseph-des-Bancs, centcols<\/p>\n\n\n\n<p>Enlace Openrunner, mapa interactivo, perfil, pista : <a href=\"https:\/\/www.openrunner.com\/route-details\/23175141\" target=\"_blank\" rel=\"noreferrer noopener\">https:\/\/www.openrunner.com\/route-details\/23175141<\/a><\/p>\n\n\n\n<p>Este itinerario se facilita \u00fanicamente a t\u00edtulo informativo. El autor no asume ninguna responsabilidad, ni tampoco el Club des Cent Cols, por los imponderables debidos al propio ciclista, al material utilizado o a cualquier cosa relacionada con la carretera, las pistas y los caminos, su entorno o los dem\u00e1s usuarios.<\/p>\n\n\n\n<div style=\"height:30px\" aria-hidden=\"true\" class=\"wp-block-spacer\"><\/div>\n\n\n\n<h2 class=\"wp-block-heading\">Fotos<\/h2>\n\n\n\n<figure class=\"wp-block-gallery has-nested-images columns-default is-cropped wp-block-gallery-1 is-layout-flex wp-block-gallery-is-layout-flex\">\n<figure class=\"wp-block-image size-full\"><a href=\"https:\/\/centcols.org\/wp-content\/uploads\/2026\/01\/2023-06-Ardeche1-St-Etienne-de-Boulogne.jpg\"><img loading=\"lazy\" decoding=\"async\" width=\"634\" height=\"1100\" data-id=\"92604\" src=\"https:\/\/centcols.org\/wp-content\/uploads\/2026\/01\/2023-06-Ardeche1-St-Etienne-de-Boulogne.jpg\" alt=\"\" class=\"wp-image-92604\" srcset=\"https:\/\/centcols.org\/wp-content\/uploads\/2026\/01\/2023-06-Ardeche1-St-Etienne-de-Boulogne.jpg 634w, https:\/\/centcols.org\/wp-content\/uploads\/2026\/01\/2023-06-Ardeche1-St-Etienne-de-Boulogne-7x12.jpg 7w\" sizes=\"auto, (max-width: 634px) 100vw, 634px\" \/><\/a><figcaption class=\"wp-element-caption\">Iglesia de Saint-Etienne-de-Boulogne<\/figcaption><\/figure>\n\n\n\n<figure class=\"wp-block-image size-full\"><a href=\"https:\/\/centcols.org\/wp-content\/uploads\/2026\/01\/2023-06-ardeche2-Vers-le-col-de-Miraud.jpg\"><img loading=\"lazy\" decoding=\"async\" width=\"1200\" height=\"786\" data-id=\"92605\" src=\"https:\/\/centcols.org\/wp-content\/uploads\/2026\/01\/2023-06-ardeche2-Vers-le-col-de-Miraud.jpg\" alt=\"\" class=\"wp-image-92605\" srcset=\"https:\/\/centcols.org\/wp-content\/uploads\/2026\/01\/2023-06-ardeche2-Vers-le-col-de-Miraud.jpg 1200w, https:\/\/centcols.org\/wp-content\/uploads\/2026\/01\/2023-06-ardeche2-Vers-le-col-de-Miraud-768x503.jpg 768w, https:\/\/centcols.org\/wp-content\/uploads\/2026\/01\/2023-06-ardeche2-Vers-le-col-de-Miraud-18x12.jpg 18w\" sizes=\"auto, (max-width: 1200px) 100vw, 1200px\" \/><\/a><figcaption class=\"wp-element-caption\">Hacia el puerto de Miraud<\/figcaption><\/figure>\n\n\n\n<figure class=\"wp-block-image size-full\"><a href=\"https:\/\/centcols.org\/wp-content\/uploads\/2026\/01\/2023-06-Ardeche3-St-Andeol-de-Vals.jpg\"><img loading=\"lazy\" decoding=\"async\" width=\"1200\" height=\"900\" data-id=\"92606\" src=\"https:\/\/centcols.org\/wp-content\/uploads\/2026\/01\/2023-06-Ardeche3-St-Andeol-de-Vals.jpg\" alt=\"\" class=\"wp-image-92606\" srcset=\"https:\/\/centcols.org\/wp-content\/uploads\/2026\/01\/2023-06-Ardeche3-St-Andeol-de-Vals.jpg 1200w, https:\/\/centcols.org\/wp-content\/uploads\/2026\/01\/2023-06-Ardeche3-St-Andeol-de-Vals-768x576.jpg 768w, https:\/\/centcols.org\/wp-content\/uploads\/2026\/01\/2023-06-Ardeche3-St-Andeol-de-Vals-16x12.jpg 16w\" sizes=\"auto, (max-width: 1200px) 100vw, 1200px\" \/><\/a><figcaption class=\"wp-element-caption\">Monts d'Ard\u00e8che<\/figcaption><\/figure>\n\n\n\n<figure class=\"wp-block-image size-full\"><a href=\"https:\/\/centcols.org\/wp-content\/uploads\/2026\/01\/2023-06-Ardeche4-Au-col-de-Conchis.jpg\"><img loading=\"lazy\" decoding=\"async\" width=\"1200\" height=\"900\" data-id=\"92607\" src=\"https:\/\/centcols.org\/wp-content\/uploads\/2026\/01\/2023-06-Ardeche4-Au-col-de-Conchis.jpg\" alt=\"\" class=\"wp-image-92607\" srcset=\"https:\/\/centcols.org\/wp-content\/uploads\/2026\/01\/2023-06-Ardeche4-Au-col-de-Conchis.jpg 1200w, https:\/\/centcols.org\/wp-content\/uploads\/2026\/01\/2023-06-Ardeche4-Au-col-de-Conchis-768x576.jpg 768w, https:\/\/centcols.org\/wp-content\/uploads\/2026\/01\/2023-06-Ardeche4-Au-col-de-Conchis-16x12.jpg 16w\" sizes=\"auto, (max-width: 1200px) 100vw, 1200px\" \/><\/a><\/figure>\n\n\n\n<figure class=\"wp-block-image size-large\"><a href=\"https:\/\/centcols.org\/wp-content\/uploads\/2026\/01\/2023-06-Ardeche5-Chateau-de-St-Michel-de-Boulogne.jpg\"><img loading=\"lazy\" decoding=\"async\" width=\"1200\" height=\"900\" data-id=\"92608\" src=\"https:\/\/centcols.org\/wp-content\/uploads\/2026\/01\/2023-06-Ardeche5-Chateau-de-St-Michel-de-Boulogne.jpg\" alt=\"\" class=\"wp-image-92608\" srcset=\"https:\/\/centcols.org\/wp-content\/uploads\/2026\/01\/2023-06-Ardeche5-Chateau-de-St-Michel-de-Boulogne.jpg 1200w, https:\/\/centcols.org\/wp-content\/uploads\/2026\/01\/2023-06-Ardeche5-Chateau-de-St-Michel-de-Boulogne-768x576.jpg 768w, https:\/\/centcols.org\/wp-content\/uploads\/2026\/01\/2023-06-Ardeche5-Chateau-de-St-Michel-de-Boulogne-16x12.jpg 16w\" sizes=\"auto, (max-width: 1200px) 100vw, 1200px\" \/><\/a><figcaption class=\"wp-element-caption\">Castillo de Saint-Michel-de-Boulogne<\/figcaption><\/figure>\n<\/figure>","protected":false},"excerpt":{"rendered":"<p>Description de l\u2019auteur Auteur&nbsp;: Ren\u00e9 MercierParcours&nbsp;: effectu\u00e9 en juin 2023D\u00e9part&nbsp;: Saint-Etienne-de-Boulogne depuis l&rsquo;\u00e9glise de ce petit village. On peut y garer sa voiture \u00e0 l&rsquo;ombre. Descriptif touristique L&rsquo;Ard\u00e8che est une terre de v\u00e9lo. Ce circuit sillonne une partie des Monts d&rsquo;Ard\u00e8che entre 400 m et 1000 m d&rsquo;altitude. Les paysages sont tr\u00e8s verdoyants, les villages [&hellip;]<\/p>\n","protected":false},"author":1726,"featured_media":92608,"comment_status":"open","ping_status":"open","sticky":false,"template":"","format":"standard","meta":{"_acf_changed":false,"footnotes":""},"categories":[330,303,318,464,341,220],"tags":[],"class_list":["post-92596","post","type-post","status-publish","format-standard","has-post-thumbnail","hentry","category-auvergne-rhone-alpes-region-parcours-membres","category-parcours-france","category-route-type-parcours","category-07-ardeche-departement","category-massif-central-massif-parcours-membres","category-parcours-membres"],"acf":[],"yoast_head":"<!-- This site is optimized with the Yoast SEO plugin v27.2 - https:\/\/yoast.com\/product\/yoast-seo-wordpress\/ -->\n<title>FR-07 Saint-Etienne-de-Boulogne - Route 80 km, D+ 1600 m, 14 cols - Club des Cent Cols<\/title>\n<meta name=\"robots\" content=\"index, follow, max-snippet:-1, max-image-preview:large, max-video-preview:-1\" \/>\n<link rel=\"canonical\" href=\"https:\/\/centcols.org\/es\/fr-07-ruta-de-saint-etienne-de-boulogne\/\" \/>\n<meta property=\"og:locale\" content=\"es_ES\" \/>\n<meta property=\"og:type\" content=\"article\" \/>\n<meta property=\"og:title\" content=\"FR-07 Saint-Etienne-de-Boulogne - Route 80 km, D+ 1600 m, 14 cols - Club des Cent Cols\" \/>\n<meta property=\"og:description\" content=\"Description de l\u2019auteur Auteur&nbsp;: Ren\u00e9 MercierParcours&nbsp;: effectu\u00e9 en juin 2023D\u00e9part&nbsp;: Saint-Etienne-de-Boulogne depuis l&rsquo;\u00e9glise de ce petit village. On peut y garer sa voiture \u00e0 l&rsquo;ombre. Descriptif touristique L&rsquo;Ard\u00e8che est une terre de v\u00e9lo. Ce circuit sillonne une partie des Monts d&rsquo;Ard\u00e8che entre 400 m et 1000 m d&rsquo;altitude. Les paysages sont tr\u00e8s verdoyants, les villages [&hellip;]\" \/>\n<meta property=\"og:url\" content=\"https:\/\/centcols.org\/es\/fr-07-ruta-de-saint-etienne-de-boulogne\/\" \/>\n<meta property=\"og:site_name\" content=\"Club des Cent Cols\" \/>\n<meta property=\"article:publisher\" content=\"https:\/\/www.facebook.com\/groups\/5261880558\/?locale=fr_FR\" \/>\n<meta property=\"article:published_time\" content=\"2026-01-17T17:15:11+00:00\" \/>\n<meta property=\"article:modified_time\" content=\"2026-03-17T21:52:00+00:00\" \/>\n<meta property=\"og:image\" content=\"https:\/\/centcols.org\/wp-content\/uploads\/2026\/01\/2023-06-Ardeche5-Chateau-de-St-Michel-de-Boulogne.jpg\" \/>\n\t<meta property=\"og:image:width\" content=\"1200\" \/>\n\t<meta property=\"og:image:height\" content=\"900\" \/>\n\t<meta property=\"og:image:type\" content=\"image\/jpeg\" \/>\n<meta name=\"author\" content=\"Ren\u00e9 Mercier\" \/>\n<meta name=\"twitter:card\" content=\"summary_large_image\" \/>\n<meta name=\"twitter:label1\" content=\"Escrito por\" \/>\n\t<meta name=\"twitter:data1\" content=\"Ren\u00e9 Mercier\" \/>\n\t<meta name=\"twitter:label2\" content=\"Tiempo de lectura\" \/>\n\t<meta name=\"twitter:data2\" content=\"4 minutos\" \/>\n<script type=\"application\/ld+json\" class=\"yoast-schema-graph\">{\"@context\":\"https:\/\/schema.org\",\"@graph\":[{\"@type\":\"Article\",\"@id\":\"https:\/\/centcols.org\/nl\/fr-07-saint-etienne-de-boulogne-route\/#article\",\"isPartOf\":{\"@id\":\"https:\/\/centcols.org\/nl\/fr-07-saint-etienne-de-boulogne-route\/\"},\"author\":{\"name\":\"Ren\u00e9 Mercier\",\"@id\":\"https:\/\/centcols.org\/#\/schema\/person\/0cc8f723679c98f3fb7798df5a50c018\"},\"headline\":\"FR-07 Saint-Etienne-de-Boulogne &#8211; Route 80 km, D+ 1600 m, 14 cols\",\"datePublished\":\"2026-01-17T17:15:11+00:00\",\"dateModified\":\"2026-03-17T21:52:00+00:00\",\"mainEntityOfPage\":{\"@id\":\"https:\/\/centcols.org\/nl\/fr-07-saint-etienne-de-boulogne-route\/\"},\"wordCount\":433,\"commentCount\":0,\"publisher\":{\"@id\":\"https:\/\/centcols.org\/#organization\"},\"image\":{\"@id\":\"https:\/\/centcols.org\/nl\/fr-07-saint-etienne-de-boulogne-route\/#primaryimage\"},\"thumbnailUrl\":\"https:\/\/centcols.org\/wp-content\/uploads\/2026\/01\/2023-06-Ardeche5-Chateau-de-St-Michel-de-Boulogne.jpg\",\"articleSection\":[\"Auvergne-Rh\u00f4ne-Alpes\",\"Parcours France\",\"Route\",\"07-Ard\u00e8che\",\"Massif-Central\",\"Parcours membres\"],\"inLanguage\":\"es\",\"potentialAction\":[{\"@type\":\"CommentAction\",\"name\":\"Comment\",\"target\":[\"https:\/\/centcols.org\/nl\/fr-07-saint-etienne-de-boulogne-route\/#respond\"]}]},{\"@type\":\"WebPage\",\"@id\":\"https:\/\/centcols.org\/nl\/fr-07-saint-etienne-de-boulogne-route\/\",\"url\":\"https:\/\/centcols.org\/nl\/fr-07-saint-etienne-de-boulogne-route\/\",\"name\":\"FR-07 Saint-Etienne-de-Boulogne - Route 80 km, D+ 1600 m, 14 cols - Club des Cent Cols\",\"isPartOf\":{\"@id\":\"https:\/\/centcols.org\/#website\"},\"primaryImageOfPage\":{\"@id\":\"https:\/\/centcols.org\/nl\/fr-07-saint-etienne-de-boulogne-route\/#primaryimage\"},\"image\":{\"@id\":\"https:\/\/centcols.org\/nl\/fr-07-saint-etienne-de-boulogne-route\/#primaryimage\"},\"thumbnailUrl\":\"https:\/\/centcols.org\/wp-content\/uploads\/2026\/01\/2023-06-Ardeche5-Chateau-de-St-Michel-de-Boulogne.jpg\",\"datePublished\":\"2026-01-17T17:15:11+00:00\",\"dateModified\":\"2026-03-17T21:52:00+00:00\",\"breadcrumb\":{\"@id\":\"https:\/\/centcols.org\/nl\/fr-07-saint-etienne-de-boulogne-route\/#breadcrumb\"},\"inLanguage\":\"es\",\"potentialAction\":[{\"@type\":\"ReadAction\",\"target\":[\"https:\/\/centcols.org\/nl\/fr-07-saint-etienne-de-boulogne-route\/\"]}]},{\"@type\":\"ImageObject\",\"inLanguage\":\"es\",\"@id\":\"https:\/\/centcols.org\/nl\/fr-07-saint-etienne-de-boulogne-route\/#primaryimage\",\"url\":\"https:\/\/centcols.org\/wp-content\/uploads\/2026\/01\/2023-06-Ardeche5-Chateau-de-St-Michel-de-Boulogne.jpg\",\"contentUrl\":\"https:\/\/centcols.org\/wp-content\/uploads\/2026\/01\/2023-06-Ardeche5-Chateau-de-St-Michel-de-Boulogne.jpg\",\"width\":1200,\"height\":900},{\"@type\":\"BreadcrumbList\",\"@id\":\"https:\/\/centcols.org\/nl\/fr-07-saint-etienne-de-boulogne-route\/#breadcrumb\",\"itemListElement\":[{\"@type\":\"ListItem\",\"position\":1,\"name\":\"Accueil\",\"item\":\"https:\/\/centcols.org\/\"},{\"@type\":\"ListItem\",\"position\":2,\"name\":\"Parcours membres\",\"item\":\"https:\/\/centcols.org\/rubrique\/parcours-membres\/\"},{\"@type\":\"ListItem\",\"position\":3,\"name\":\"Pays\",\"item\":\"https:\/\/centcols.org\/rubrique\/parcours-membres\/pays-parcours-membres\/\"},{\"@type\":\"ListItem\",\"position\":4,\"name\":\"Parcours France\",\"item\":\"https:\/\/centcols.org\/rubrique\/parcours-membres\/pays-parcours-membres\/parcours-france\/\"},{\"@type\":\"ListItem\",\"position\":5,\"name\":\"FR-07 Saint-Etienne-de-Boulogne &#8211; Route 80 km, D+ 1600 m, 14 cols\"}]},{\"@type\":\"WebSite\",\"@id\":\"https:\/\/centcols.org\/#website\",\"url\":\"https:\/\/centcols.org\/\",\"name\":\"Club des Cent Cols\",\"description\":\"\",\"publisher\":{\"@id\":\"https:\/\/centcols.org\/#organization\"},\"potentialAction\":[{\"@type\":\"SearchAction\",\"target\":{\"@type\":\"EntryPoint\",\"urlTemplate\":\"https:\/\/centcols.org\/?s={search_term_string}\"},\"query-input\":{\"@type\":\"PropertyValueSpecification\",\"valueRequired\":true,\"valueName\":\"search_term_string\"}}],\"inLanguage\":\"es\"},{\"@type\":\"Organization\",\"@id\":\"https:\/\/centcols.org\/#organization\",\"name\":\"Club des Cent Cols\",\"url\":\"https:\/\/centcols.org\/\",\"logo\":{\"@type\":\"ImageObject\",\"inLanguage\":\"es\",\"@id\":\"https:\/\/centcols.org\/#\/schema\/logo\/image\/\",\"url\":\"https:\/\/centcols.org\/wp-content\/uploads\/2025\/01\/carte-icone.png\",\"contentUrl\":\"https:\/\/centcols.org\/wp-content\/uploads\/2025\/01\/carte-icone.png\",\"width\":250,\"height\":250,\"caption\":\"Club des Cent Cols\"},\"image\":{\"@id\":\"https:\/\/centcols.org\/#\/schema\/logo\/image\/\"},\"sameAs\":[\"https:\/\/www.facebook.com\/groups\/5261880558\/?locale=fr_FR\"]},{\"@type\":\"Person\",\"@id\":\"https:\/\/centcols.org\/#\/schema\/person\/0cc8f723679c98f3fb7798df5a50c018\",\"name\":\"Ren\u00e9 Mercier\",\"image\":{\"@type\":\"ImageObject\",\"inLanguage\":\"es\",\"@id\":\"https:\/\/centcols.org\/wp-content\/litespeed\/avatar\/c2275eeaf79d4f7456274de381abeeab.jpg?ver=1777347562\",\"url\":\"https:\/\/centcols.org\/wp-content\/litespeed\/avatar\/c2275eeaf79d4f7456274de381abeeab.jpg?ver=1777347562\",\"contentUrl\":\"https:\/\/centcols.org\/wp-content\/litespeed\/avatar\/c2275eeaf79d4f7456274de381abeeab.jpg?ver=1777347562\",\"caption\":\"Ren\u00e9 Mercier\"},\"url\":\"https:\/\/centcols.org\/es\/author\/7552\/\"}]}<\/script>\n<!-- \/ Yoast SEO plugin. -->","yoast_head_json":{"title":"FR-07 Saint-Etienne-de-Boulogne - Ruta 80 km, D+ 1600 m, 14 cols - Club des Cent Cols","robots":{"index":"index","follow":"follow","max-snippet":"max-snippet:-1","max-image-preview":"max-image-preview:large","max-video-preview":"max-video-preview:-1"},"canonical":"https:\/\/centcols.org\/es\/fr-07-ruta-de-saint-etienne-de-boulogne\/","og_locale":"es_ES","og_type":"article","og_title":"FR-07 Saint-Etienne-de-Boulogne - Route 80 km, D+ 1600 m, 14 cols - Club des Cent Cols","og_description":"Description de l\u2019auteur Auteur&nbsp;: Ren\u00e9 MercierParcours&nbsp;: effectu\u00e9 en juin 2023D\u00e9part&nbsp;: Saint-Etienne-de-Boulogne depuis l&rsquo;\u00e9glise de ce petit village. On peut y garer sa voiture \u00e0 l&rsquo;ombre. Descriptif touristique L&rsquo;Ard\u00e8che est une terre de v\u00e9lo. Ce circuit sillonne une partie des Monts d&rsquo;Ard\u00e8che entre 400 m et 1000 m d&rsquo;altitude. Les paysages sont tr\u00e8s verdoyants, les villages [&hellip;]","og_url":"https:\/\/centcols.org\/es\/fr-07-ruta-de-saint-etienne-de-boulogne\/","og_site_name":"Club des Cent Cols","article_publisher":"https:\/\/www.facebook.com\/groups\/5261880558\/?locale=fr_FR","article_published_time":"2026-01-17T17:15:11+00:00","article_modified_time":"2026-03-17T21:52:00+00:00","og_image":[{"width":1200,"height":900,"url":"https:\/\/centcols.org\/wp-content\/uploads\/2026\/01\/2023-06-Ardeche5-Chateau-de-St-Michel-de-Boulogne.jpg","type":"image\/jpeg"}],"author":"Ren\u00e9 Mercier","twitter_card":"summary_large_image","twitter_misc":{"Escrito por":"Ren\u00e9 Mercier","Tiempo de lectura":"4 minutos"},"schema":{"@context":"https:\/\/schema.org","@graph":[{"@type":"Article","@id":"https:\/\/centcols.org\/nl\/fr-07-saint-etienne-de-boulogne-route\/#article","isPartOf":{"@id":"https:\/\/centcols.org\/nl\/fr-07-saint-etienne-de-boulogne-route\/"},"author":{"name":"Ren\u00e9 Mercier","@id":"https:\/\/centcols.org\/#\/schema\/person\/0cc8f723679c98f3fb7798df5a50c018"},"headline":"FR-07 Saint-Etienne-de-Boulogne &#8211; Route 80 km, D+ 1600 m, 14 cols","datePublished":"2026-01-17T17:15:11+00:00","dateModified":"2026-03-17T21:52:00+00:00","mainEntityOfPage":{"@id":"https:\/\/centcols.org\/nl\/fr-07-saint-etienne-de-boulogne-route\/"},"wordCount":433,"commentCount":0,"publisher":{"@id":"https:\/\/centcols.org\/#organization"},"image":{"@id":"https:\/\/centcols.org\/nl\/fr-07-saint-etienne-de-boulogne-route\/#primaryimage"},"thumbnailUrl":"https:\/\/centcols.org\/wp-content\/uploads\/2026\/01\/2023-06-Ardeche5-Chateau-de-St-Michel-de-Boulogne.jpg","articleSection":["Auvergne-Rh\u00f4ne-Alpes","Parcours France","Route","07-Ard\u00e8che","Massif-Central","Parcours membres"],"inLanguage":"es","potentialAction":[{"@type":"CommentAction","name":"Comment","target":["https:\/\/centcols.org\/nl\/fr-07-saint-etienne-de-boulogne-route\/#respond"]}]},{"@type":"WebPage","@id":"https:\/\/centcols.org\/nl\/fr-07-saint-etienne-de-boulogne-route\/","url":"https:\/\/centcols.org\/nl\/fr-07-saint-etienne-de-boulogne-route\/","name":"FR-07 Saint-Etienne-de-Boulogne - Ruta 80 km, D+ 1600 m, 14 cols - Club des Cent Cols","isPartOf":{"@id":"https:\/\/centcols.org\/#website"},"primaryImageOfPage":{"@id":"https:\/\/centcols.org\/nl\/fr-07-saint-etienne-de-boulogne-route\/#primaryimage"},"image":{"@id":"https:\/\/centcols.org\/nl\/fr-07-saint-etienne-de-boulogne-route\/#primaryimage"},"thumbnailUrl":"https:\/\/centcols.org\/wp-content\/uploads\/2026\/01\/2023-06-Ardeche5-Chateau-de-St-Michel-de-Boulogne.jpg","datePublished":"2026-01-17T17:15:11+00:00","dateModified":"2026-03-17T21:52:00+00:00","breadcrumb":{"@id":"https:\/\/centcols.org\/nl\/fr-07-saint-etienne-de-boulogne-route\/#breadcrumb"},"inLanguage":"es","potentialAction":[{"@type":"ReadAction","target":["https:\/\/centcols.org\/nl\/fr-07-saint-etienne-de-boulogne-route\/"]}]},{"@type":"ImageObject","inLanguage":"es","@id":"https:\/\/centcols.org\/nl\/fr-07-saint-etienne-de-boulogne-route\/#primaryimage","url":"https:\/\/centcols.org\/wp-content\/uploads\/2026\/01\/2023-06-Ardeche5-Chateau-de-St-Michel-de-Boulogne.jpg","contentUrl":"https:\/\/centcols.org\/wp-content\/uploads\/2026\/01\/2023-06-Ardeche5-Chateau-de-St-Michel-de-Boulogne.jpg","width":1200,"height":900},{"@type":"BreadcrumbList","@id":"https:\/\/centcols.org\/nl\/fr-07-saint-etienne-de-boulogne-route\/#breadcrumb","itemListElement":[{"@type":"ListItem","position":1,"name":"Accueil","item":"https:\/\/centcols.org\/"},{"@type":"ListItem","position":2,"name":"Parcours membres","item":"https:\/\/centcols.org\/rubrique\/parcours-membres\/"},{"@type":"ListItem","position":3,"name":"Pays","item":"https:\/\/centcols.org\/rubrique\/parcours-membres\/pays-parcours-membres\/"},{"@type":"ListItem","position":4,"name":"Parcours France","item":"https:\/\/centcols.org\/rubrique\/parcours-membres\/pays-parcours-membres\/parcours-france\/"},{"@type":"ListItem","position":5,"name":"FR-07 Saint-Etienne-de-Boulogne &#8211; Route 80 km, D+ 1600 m, 14 cols"}]},{"@type":"WebSite","@id":"https:\/\/centcols.org\/#website","url":"https:\/\/centcols.org\/","name":"Club des Cent Cols","description":"","publisher":{"@id":"https:\/\/centcols.org\/#organization"},"potentialAction":[{"@type":"SearchAction","target":{"@type":"EntryPoint","urlTemplate":"https:\/\/centcols.org\/?s={search_term_string}"},"query-input":{"@type":"PropertyValueSpecification","valueRequired":true,"valueName":"search_term_string"}}],"inLanguage":"es"},{"@type":"Organization","@id":"https:\/\/centcols.org\/#organization","name":"Club des Cent Cols","url":"https:\/\/centcols.org\/","logo":{"@type":"ImageObject","inLanguage":"es","@id":"https:\/\/centcols.org\/#\/schema\/logo\/image\/","url":"https:\/\/centcols.org\/wp-content\/uploads\/2025\/01\/carte-icone.png","contentUrl":"https:\/\/centcols.org\/wp-content\/uploads\/2025\/01\/carte-icone.png","width":250,"height":250,"caption":"Club des Cent Cols"},"image":{"@id":"https:\/\/centcols.org\/#\/schema\/logo\/image\/"},"sameAs":["https:\/\/www.facebook.com\/groups\/5261880558\/?locale=fr_FR"]},{"@type":"Person","@id":"https:\/\/centcols.org\/#\/schema\/person\/0cc8f723679c98f3fb7798df5a50c018","name":"Ren\u00e9 Mercier","image":{"@type":"ImageObject","inLanguage":"es","@id":"https:\/\/centcols.org\/wp-content\/litespeed\/avatar\/c2275eeaf79d4f7456274de381abeeab.jpg?ver=1777347562","url":"https:\/\/centcols.org\/wp-content\/litespeed\/avatar\/c2275eeaf79d4f7456274de381abeeab.jpg?ver=1777347562","contentUrl":"https:\/\/centcols.org\/wp-content\/litespeed\/avatar\/c2275eeaf79d4f7456274de381abeeab.jpg?ver=1777347562","caption":"Ren\u00e9 Mercier"},"url":"https:\/\/centcols.org\/es\/author\/7552\/"}]}},"_links":{"self":[{"href":"https:\/\/centcols.org\/es\/wp-json\/wp\/v2\/posts\/92596","targetHints":{"allow":["GET"]}}],"collection":[{"href":"https:\/\/centcols.org\/es\/wp-json\/wp\/v2\/posts"}],"about":[{"href":"https:\/\/centcols.org\/es\/wp-json\/wp\/v2\/types\/post"}],"author":[{"embeddable":true,"href":"https:\/\/centcols.org\/es\/wp-json\/wp\/v2\/users\/1726"}],"replies":[{"embeddable":true,"href":"https:\/\/centcols.org\/es\/wp-json\/wp\/v2\/comments?post=92596"}],"version-history":[{"count":0,"href":"https:\/\/centcols.org\/es\/wp-json\/wp\/v2\/posts\/92596\/revisions"}],"wp:featuredmedia":[{"embeddable":true,"href":"https:\/\/centcols.org\/es\/wp-json\/wp\/v2\/media\/92608"}],"wp:attachment":[{"href":"https:\/\/centcols.org\/es\/wp-json\/wp\/v2\/media?parent=92596"}],"wp:term":[{"taxonomy":"category","embeddable":true,"href":"https:\/\/centcols.org\/es\/wp-json\/wp\/v2\/categories?post=92596"},{"taxonomy":"post_tag","embeddable":true,"href":"https:\/\/centcols.org\/es\/wp-json\/wp\/v2\/tags?post=92596"}],"curies":[{"name":"wp","href":"https:\/\/api.w.org\/{rel}","templated":true}]}}