{"id":92649,"date":"2026-01-16T18:55:36","date_gmt":"2026-01-16T16:55:36","guid":{"rendered":"https:\/\/centcols.org\/?p=92649"},"modified":"2026-03-10T19:29:38","modified_gmt":"2026-03-10T17:29:38","slug":"fr-11-espezel-vtt","status":"publish","type":"post","link":"https:\/\/centcols.org\/es\/fr-11-espezel-vtt\/","title":{"rendered":"FR-11 Espezel - BTT 48 km, D+ 1310 m, 14 puertos"},"content":{"rendered":"<iframe width=\"100%\" height=\"650\" loading=\"lazy\" src=\"https:\/\/www.openrunner.com\/embed\/764c414a4a36415331306652544177766a4532632b644559624f3064497a6a6c4972302f56756f587a35383d3a3a87c30eb8e703a623aa29ffebc704cb05?unit=metric\" style=\"border: none;\"><\/iframe>\n\n\n\n<div style=\"height:30px\" aria-hidden=\"true\" class=\"wp-block-spacer\"><\/div>\n\n\n\n<h2 class=\"wp-block-heading\">Descripci\u00f3n del autor<\/h2>\n\n\n\n<p><strong>Autores&nbsp;<\/strong>Patrick Mandard y Philippe Chazottier<br><strong>Curso&nbsp;<\/strong>realizado el 2 de abril de 2025<br><strong>Salida&nbsp;<\/strong>En el pueblo de Espezel, cerca del estadio Route des Rives.<\/p>\n\n\n\n<div style=\"height:30px\" aria-hidden=\"true\" class=\"wp-block-spacer\"><\/div>\n\n\n\n<h2 class=\"wp-block-heading\">Informaci\u00f3n tur\u00edstica<\/h2>\n\n\n\n<p>En los Pirineos del Aude, el Pays de Sault est\u00e1 formado por un altiplano a m\u00e1s de 1.000 m de altitud que ofrece magn\u00edficas vistas panor\u00e1micas de los Pirineos del Ari\u00e8ge. Numerosas cuevas con vestigios de ocupaci\u00f3n prehist\u00f3rica, algunas decoradas con grabados parietales, est\u00e1n diseminadas por la zona (no abiertas al p\u00fablico). En el pueblo de Belvis (no incluido en esta ruta), hay frescos contempor\u00e1neos que reproducen algunos de los dibujos.<br>Cada \u00faltimo fin de semana de octubre, el pueblo de Espezel acoge una feria de ganado que atrae a unos 30.000 visitantes. Visite <a href=\"https:\/\/paysdesault.fr\/\" target=\"_blank\" rel=\"noreferrer noopener\">Pa\u00eds de Sault<\/a> tambi\u00e9n es famosa por sus cultivos de patatas.<br>El sendero permanente \u00ab100 puertos en la cuenca atl\u00e1ntico-mediterr\u00e1nea\u00bb atraviesa esta espl\u00e9ndida regi\u00f3n.<br>Si s\u00f3lo dispone de un d\u00eda, le recomiendo una de estas dos rutas, con salida desde el pueblo de Espezel o Belcaire.<\/p>\n\n\n\n<div style=\"height:30px\" aria-hidden=\"true\" class=\"wp-block-spacer\"><\/div>\n\n\n\n<h2 class=\"wp-block-heading\">Especificaciones t\u00e9cnicas<\/h2>\n\n\n\n<p>Un itinerario ciclista 95%, que alterna sotobosque y altiplano.<\/p>\n\n\n\n<p><\/p>\n\n\n\n<p><strong>14 collares<\/strong><\/p>\n\n\n\n<figure class=\"wp-block-table\"><table class=\"has-background\" style=\"background-color:#f0f0f0\"><tbody><tr><td>1 - Col d'Ubi<\/td><td class=\"has-text-align-center\" data-align=\"center\">1055 m<\/td><td><a href=\"https:\/\/centcols.org\/es\/util\/geo\/visu.php\/?code=FR-11-1055b\" target=\"_blank\" rel=\"noreferrer noopener\">FR-11-1055b<\/a><\/td><\/tr><tr><td>2 - Col de la Fage<\/td><td class=\"has-text-align-center\" data-align=\"center\">1255 m<\/td><td><a href=\"https:\/\/centcols.org\/es\/util\/geo\/visu.php\/?code=FR-11-1255b\" target=\"_blank\" rel=\"noreferrer noopener\">FR-11-1255b<\/a><\/td><\/tr><tr><td>3 - Col de Rodes<\/td><td class=\"has-text-align-center\" data-align=\"center\">995 m<\/td><td><a href=\"https:\/\/centcols.org\/es\/util\/geo\/visu.php\/?code=FR-11-0995c\" target=\"_blank\" rel=\"noreferrer noopener\">FR-11-0995c<\/a><\/td><\/tr><tr><td>4 - Col de la Serre<\/td><td class=\"has-text-align-center\" data-align=\"center\">946 m<\/td><td><a href=\"https:\/\/centcols.org\/es\/util\/geo\/visu.php\/?code=FR-11-0946\" target=\"_blank\" rel=\"noreferrer noopener\">FR-11-0946<\/a><\/td><\/tr><tr><td>5 - Le Col<\/td><td class=\"has-text-align-center\" data-align=\"center\">975 m<\/td><td><a href=\"https:\/\/centcols.org\/es\/util\/geo\/visu.php\/?code=FR-11-0975\" target=\"_blank\" rel=\"noreferrer noopener\">FR-11-0975<\/a><\/td><\/tr><tr><td>6 - Col de la Clause<\/td><td class=\"has-text-align-center\" data-align=\"center\">1164 m<\/td><td><a href=\"https:\/\/centcols.org\/es\/util\/geo\/visu.php\/?code=FR-11-1164\" target=\"_blank\" rel=\"noreferrer noopener\">FR-11-1164<\/a><\/td><\/tr><tr><td>7 - Col des Aychides<\/td><td class=\"has-text-align-center\" data-align=\"center\">1007 m<\/td><td><a href=\"https:\/\/centcols.org\/es\/util\/geo\/visu.php\/?code=FR-11-1007\" target=\"_blank\" rel=\"noreferrer noopener\">FR-11-1007<\/a><\/td><\/tr><tr><td>8 - Col des Clausels<\/td><td class=\"has-text-align-center\" data-align=\"center\">977 m<\/td><td><a href=\"https:\/\/centcols.org\/es\/util\/geo\/visu.php\/?code=FR-11-0977\" target=\"_blank\" rel=\"noreferrer noopener\">FR-11-0977<\/a><\/td><\/tr><tr><td>9 - Col Notre Dame<\/td><td class=\"has-text-align-center\" data-align=\"center\">950 m<\/td><td><a href=\"https:\/\/centcols.org\/es\/util\/geo\/visu.php\/?code=FR-11-0950\" target=\"_blank\" rel=\"noreferrer noopener\">FR-11-0950<\/a><\/td><\/tr><tr><td>10 - Le Col<\/td><td class=\"has-text-align-center\" data-align=\"center\">1015 m<\/td><td><a href=\"https:\/\/centcols.org\/es\/util\/geo\/visu.php\/?code=FR-11-1015a\" target=\"_blank\" rel=\"noreferrer noopener\">FR-11-1015a<\/a><\/td><\/tr><tr><td>11 - Col de l'Espinas<\/td><td class=\"has-text-align-center\" data-align=\"center\">995 m<\/td><td><a href=\"https:\/\/centcols.org\/es\/util\/geo\/visu.php\/?code=FR-11-0995a\" target=\"_blank\" rel=\"noreferrer noopener\">FR-11-0995a<\/a><\/td><\/tr><tr><td>12 - Col du B\u00e8s<\/td><td class=\"has-text-align-center\" data-align=\"center\">965 m<\/td><td><a href=\"https:\/\/centcols.org\/es\/util\/geo\/visu.php\/?code=FR-11-0965a\" target=\"_blank\" rel=\"noreferrer noopener\">FR-11-0965a<\/a><\/td><\/tr><tr><td>13 - Col de la Crouts<\/td><td class=\"has-text-align-center\" data-align=\"center\">825 m<\/td><td><a href=\"https:\/\/centcols.org\/es\/util\/geo\/visu.php\/?code=FR-11-0843\" target=\"_blank\" rel=\"noreferrer noopener\">FR-11-0843<\/a><\/td><\/tr><tr><td>14 - Col des Rives<\/td><td class=\"has-text-align-center\" data-align=\"center\">907 m<\/td><td><a href=\"https:\/\/centcols.org\/es\/util\/geo\/visu.php\/?code=FR-11-0907\" target=\"_blank\" rel=\"noreferrer noopener\">FR-11-0907<\/a><\/td><\/tr><\/tbody><\/table><\/figure>\n\n\n\n<p><strong>Palabras clave<\/strong>&nbsp;Espezel, Sault, centcols<\/p>\n\n\n\n<p>Enlace Openrunner, mapa interactivo, perfil, pista : <a href=\"https:\/\/www.openrunner.com\/route-details\/23190189\" target=\"_blank\" rel=\"noreferrer noopener\">https:\/\/www.openrunner.com\/route-details\/23190189<\/a><\/p>\n\n\n\n<p>Este itinerario se facilita \u00fanicamente a t\u00edtulo informativo. El autor no asume ninguna responsabilidad, ni tampoco el Club des Cent Cols, por los imponderables debidos al propio ciclista, al material utilizado o a cualquier cosa relacionada con la carretera, las pistas y los caminos, su entorno o los dem\u00e1s usuarios.<\/p>\n\n\n\n<div style=\"height:30px\" aria-hidden=\"true\" class=\"wp-block-spacer\"><\/div>\n\n\n\n<h2 class=\"wp-block-heading\">Fotos<\/h2>\n\n\n\n<figure class=\"wp-block-gallery has-nested-images columns-default is-cropped wp-block-gallery-1 is-layout-flex wp-block-gallery-is-layout-flex\">\n<figure class=\"wp-block-image size-full\"><a href=\"https:\/\/centcols.org\/wp-content\/uploads\/2026\/01\/Beau-passage-en-sous-bois.jpg\"><img loading=\"lazy\" decoding=\"async\" width=\"900\" height=\"1200\" data-id=\"92652\" src=\"https:\/\/centcols.org\/wp-content\/uploads\/2026\/01\/Beau-passage-en-sous-bois.jpg\" alt=\"\" class=\"wp-image-92652\" srcset=\"https:\/\/centcols.org\/wp-content\/uploads\/2026\/01\/Beau-passage-en-sous-bois.jpg 900w, https:\/\/centcols.org\/wp-content\/uploads\/2026\/01\/Beau-passage-en-sous-bois-768x1024.jpg 768w, https:\/\/centcols.org\/wp-content\/uploads\/2026\/01\/Beau-passage-en-sous-bois-9x12.jpg 9w\" sizes=\"auto, (max-width: 900px) 100vw, 900px\" \/><\/a><figcaption class=\"wp-element-caption\">Bonito paso a trav\u00e9s de la maleza<\/figcaption><\/figure>\n\n\n\n<figure class=\"wp-block-image size-full\"><a href=\"https:\/\/centcols.org\/wp-content\/uploads\/2026\/01\/Chapelle-au-col-Notre-dame.jpg\"><img loading=\"lazy\" decoding=\"async\" width=\"900\" height=\"1200\" data-id=\"92653\" src=\"https:\/\/centcols.org\/wp-content\/uploads\/2026\/01\/Chapelle-au-col-Notre-dame.jpg\" alt=\"\" class=\"wp-image-92653\" srcset=\"https:\/\/centcols.org\/wp-content\/uploads\/2026\/01\/Chapelle-au-col-Notre-dame.jpg 900w, https:\/\/centcols.org\/wp-content\/uploads\/2026\/01\/Chapelle-au-col-Notre-dame-768x1024.jpg 768w, https:\/\/centcols.org\/wp-content\/uploads\/2026\/01\/Chapelle-au-col-Notre-dame-9x12.jpg 9w\" sizes=\"auto, (max-width: 900px) 100vw, 900px\" \/><\/a><figcaption class=\"wp-element-caption\">Capilla en el paso de Notre Dame<\/figcaption><\/figure>\n\n\n\n<figure class=\"wp-block-image size-full\"><a href=\"https:\/\/centcols.org\/wp-content\/uploads\/2026\/01\/Le-plateau-de-Sault-depuis-le-col-de-Rodes.jpg\"><img loading=\"lazy\" decoding=\"async\" width=\"900\" height=\"1200\" data-id=\"92654\" src=\"https:\/\/centcols.org\/wp-content\/uploads\/2026\/01\/Le-plateau-de-Sault-depuis-le-col-de-Rodes.jpg\" alt=\"\" class=\"wp-image-92654\" srcset=\"https:\/\/centcols.org\/wp-content\/uploads\/2026\/01\/Le-plateau-de-Sault-depuis-le-col-de-Rodes.jpg 900w, https:\/\/centcols.org\/wp-content\/uploads\/2026\/01\/Le-plateau-de-Sault-depuis-le-col-de-Rodes-768x1024.jpg 768w, https:\/\/centcols.org\/wp-content\/uploads\/2026\/01\/Le-plateau-de-Sault-depuis-le-col-de-Rodes-9x12.jpg 9w\" sizes=\"auto, (max-width: 900px) 100vw, 900px\" \/><\/a><figcaption class=\"wp-element-caption\">La meseta de Sault desde el puerto de Rodes<\/figcaption><\/figure>\n\n\n\n<figure class=\"wp-block-image size-full\"><a href=\"https:\/\/centcols.org\/wp-content\/uploads\/2026\/01\/Village-dAunat.jpg\"><img loading=\"lazy\" decoding=\"async\" width=\"1200\" height=\"540\" data-id=\"92655\" src=\"https:\/\/centcols.org\/wp-content\/uploads\/2026\/01\/Village-dAunat.jpg\" alt=\"\" class=\"wp-image-92655\" srcset=\"https:\/\/centcols.org\/wp-content\/uploads\/2026\/01\/Village-dAunat.jpg 1200w, https:\/\/centcols.org\/wp-content\/uploads\/2026\/01\/Village-dAunat-768x346.jpg 768w, https:\/\/centcols.org\/wp-content\/uploads\/2026\/01\/Village-dAunat-18x8.jpg 18w\" sizes=\"auto, (max-width: 1200px) 100vw, 1200px\" \/><\/a><figcaption class=\"wp-element-caption\">Pueblo de Aunat<\/figcaption><\/figure>\n\n\n\n<figure class=\"wp-block-image size-full\"><a href=\"https:\/\/centcols.org\/wp-content\/uploads\/2026\/01\/Village-de-Mazuby.jpg\"><img loading=\"lazy\" decoding=\"async\" width=\"900\" height=\"1200\" data-id=\"92656\" src=\"https:\/\/centcols.org\/wp-content\/uploads\/2026\/01\/Village-de-Mazuby.jpg\" alt=\"\" class=\"wp-image-92656\" srcset=\"https:\/\/centcols.org\/wp-content\/uploads\/2026\/01\/Village-de-Mazuby.jpg 900w, https:\/\/centcols.org\/wp-content\/uploads\/2026\/01\/Village-de-Mazuby-768x1024.jpg 768w, https:\/\/centcols.org\/wp-content\/uploads\/2026\/01\/Village-de-Mazuby-9x12.jpg 9w\" sizes=\"auto, (max-width: 900px) 100vw, 900px\" \/><\/a><figcaption class=\"wp-element-caption\">Pueblo de Mazuby<\/figcaption><\/figure>\n<\/figure>","protected":false},"excerpt":{"rendered":"<p>Description de l\u2019auteur Auteurs&nbsp;: Patrick Mandard et Philippe ChazottierParcours&nbsp;: effectu\u00e9 le 2 avril 2025D\u00e9part&nbsp;: village d&rsquo;Espezel, pr\u00e8s du stade route des Rives. Descriptif touristique En Pyr\u00e9n\u00e9es audoises, le Pays de Sault est constitu\u00e9 d\u2019un haut plateau situ\u00e9 \u00e0 plus de 1000 m d\u2019altitude et propose de magnifiques panoramas sur les Pyr\u00e9n\u00e9es ari\u00e9geoises. De nombreuses grottes [&hellip;]<\/p>\n","protected":false},"author":1726,"featured_media":92653,"comment_status":"open","ping_status":"open","sticky":false,"template":"","format":"standard","meta":{"_acf_changed":false,"footnotes":""},"categories":[303,319,396,455,220],"tags":[],"class_list":["post-92649","post","type-post","status-publish","format-standard","has-post-thumbnail","hentry","category-parcours-france","category-vtt-type-parcours","category-11-aude","category-occitanie-region-parcours-membres","category-parcours-membres"],"acf":[],"yoast_head":"<!-- This site is optimized with the Yoast SEO plugin v27.2 - https:\/\/yoast.com\/product\/yoast-seo-wordpress\/ -->\n<title>FR-11 Espezel - VTT 48 km, D+ 1310 m, 14 cols - Club des Cent Cols<\/title>\n<meta name=\"robots\" content=\"index, follow, max-snippet:-1, max-image-preview:large, max-video-preview:-1\" \/>\n<link rel=\"canonical\" href=\"https:\/\/centcols.org\/es\/fr-11-espezel-vtt\/\" \/>\n<meta property=\"og:locale\" content=\"es_ES\" \/>\n<meta property=\"og:type\" content=\"article\" \/>\n<meta property=\"og:title\" content=\"FR-11 Espezel - VTT 48 km, D+ 1310 m, 14 cols - Club des Cent Cols\" \/>\n<meta property=\"og:description\" content=\"Description de l\u2019auteur Auteurs&nbsp;: Patrick Mandard et Philippe ChazottierParcours&nbsp;: effectu\u00e9 le 2 avril 2025D\u00e9part&nbsp;: village d&rsquo;Espezel, pr\u00e8s du stade route des Rives. Descriptif touristique En Pyr\u00e9n\u00e9es audoises, le Pays de Sault est constitu\u00e9 d\u2019un haut plateau situ\u00e9 \u00e0 plus de 1000 m d\u2019altitude et propose de magnifiques panoramas sur les Pyr\u00e9n\u00e9es ari\u00e9geoises. De nombreuses grottes [&hellip;]\" \/>\n<meta property=\"og:url\" content=\"https:\/\/centcols.org\/es\/fr-11-espezel-vtt\/\" \/>\n<meta property=\"og:site_name\" content=\"Club des Cent Cols\" \/>\n<meta property=\"article:publisher\" content=\"https:\/\/www.facebook.com\/groups\/5261880558\/?locale=fr_FR\" \/>\n<meta property=\"article:published_time\" content=\"2026-01-16T16:55:36+00:00\" \/>\n<meta property=\"article:modified_time\" content=\"2026-03-10T17:29:38+00:00\" \/>\n<meta property=\"og:image\" content=\"https:\/\/centcols.org\/wp-content\/uploads\/2026\/01\/Chapelle-au-col-Notre-dame.jpg\" \/>\n\t<meta property=\"og:image:width\" content=\"900\" \/>\n\t<meta property=\"og:image:height\" content=\"1200\" \/>\n\t<meta property=\"og:image:type\" content=\"image\/jpeg\" \/>\n<meta name=\"author\" content=\"Ren\u00e9 Mercier\" \/>\n<meta name=\"twitter:card\" content=\"summary_large_image\" \/>\n<meta name=\"twitter:label1\" content=\"Escrito por\" \/>\n\t<meta name=\"twitter:data1\" content=\"Ren\u00e9 Mercier\" \/>\n\t<meta name=\"twitter:label2\" content=\"Tiempo de lectura\" \/>\n\t<meta name=\"twitter:data2\" content=\"4 minutos\" \/>\n<script type=\"application\/ld+json\" class=\"yoast-schema-graph\">{\"@context\":\"https:\/\/schema.org\",\"@graph\":[{\"@type\":\"Article\",\"@id\":\"https:\/\/centcols.org\/nl\/fr-11-espezel-vtt\/#article\",\"isPartOf\":{\"@id\":\"https:\/\/centcols.org\/nl\/fr-11-espezel-vtt\/\"},\"author\":{\"name\":\"Ren\u00e9 Mercier\",\"@id\":\"https:\/\/centcols.org\/#\/schema\/person\/0cc8f723679c98f3fb7798df5a50c018\"},\"headline\":\"FR-11 Espezel &#8211; VTT 48 km, D+ 1310 m, 14 cols\",\"datePublished\":\"2026-01-16T16:55:36+00:00\",\"dateModified\":\"2026-03-10T17:29:38+00:00\",\"mainEntityOfPage\":{\"@id\":\"https:\/\/centcols.org\/nl\/fr-11-espezel-vtt\/\"},\"wordCount\":429,\"commentCount\":0,\"publisher\":{\"@id\":\"https:\/\/centcols.org\/#organization\"},\"image\":{\"@id\":\"https:\/\/centcols.org\/nl\/fr-11-espezel-vtt\/#primaryimage\"},\"thumbnailUrl\":\"https:\/\/centcols.org\/wp-content\/uploads\/2026\/01\/Chapelle-au-col-Notre-dame.jpg\",\"articleSection\":[\"Parcours France\",\"VTT\",\"11-Aude\",\"Occitanie\",\"Parcours membres\"],\"inLanguage\":\"es\",\"potentialAction\":[{\"@type\":\"CommentAction\",\"name\":\"Comment\",\"target\":[\"https:\/\/centcols.org\/nl\/fr-11-espezel-vtt\/#respond\"]}]},{\"@type\":\"WebPage\",\"@id\":\"https:\/\/centcols.org\/nl\/fr-11-espezel-vtt\/\",\"url\":\"https:\/\/centcols.org\/nl\/fr-11-espezel-vtt\/\",\"name\":\"FR-11 Espezel - VTT 48 km, D+ 1310 m, 14 cols - Club des Cent Cols\",\"isPartOf\":{\"@id\":\"https:\/\/centcols.org\/#website\"},\"primaryImageOfPage\":{\"@id\":\"https:\/\/centcols.org\/nl\/fr-11-espezel-vtt\/#primaryimage\"},\"image\":{\"@id\":\"https:\/\/centcols.org\/nl\/fr-11-espezel-vtt\/#primaryimage\"},\"thumbnailUrl\":\"https:\/\/centcols.org\/wp-content\/uploads\/2026\/01\/Chapelle-au-col-Notre-dame.jpg\",\"datePublished\":\"2026-01-16T16:55:36+00:00\",\"dateModified\":\"2026-03-10T17:29:38+00:00\",\"breadcrumb\":{\"@id\":\"https:\/\/centcols.org\/nl\/fr-11-espezel-vtt\/#breadcrumb\"},\"inLanguage\":\"es\",\"potentialAction\":[{\"@type\":\"ReadAction\",\"target\":[\"https:\/\/centcols.org\/nl\/fr-11-espezel-vtt\/\"]}]},{\"@type\":\"ImageObject\",\"inLanguage\":\"es\",\"@id\":\"https:\/\/centcols.org\/nl\/fr-11-espezel-vtt\/#primaryimage\",\"url\":\"https:\/\/centcols.org\/wp-content\/uploads\/2026\/01\/Chapelle-au-col-Notre-dame.jpg\",\"contentUrl\":\"https:\/\/centcols.org\/wp-content\/uploads\/2026\/01\/Chapelle-au-col-Notre-dame.jpg\",\"width\":900,\"height\":1200,\"caption\":\"maison\"},{\"@type\":\"BreadcrumbList\",\"@id\":\"https:\/\/centcols.org\/nl\/fr-11-espezel-vtt\/#breadcrumb\",\"itemListElement\":[{\"@type\":\"ListItem\",\"position\":1,\"name\":\"Accueil\",\"item\":\"https:\/\/centcols.org\/\"},{\"@type\":\"ListItem\",\"position\":2,\"name\":\"Parcours membres\",\"item\":\"https:\/\/centcols.org\/rubrique\/parcours-membres\/\"},{\"@type\":\"ListItem\",\"position\":3,\"name\":\"Pays\",\"item\":\"https:\/\/centcols.org\/rubrique\/parcours-membres\/pays-parcours-membres\/\"},{\"@type\":\"ListItem\",\"position\":4,\"name\":\"Parcours France\",\"item\":\"https:\/\/centcols.org\/rubrique\/parcours-membres\/pays-parcours-membres\/parcours-france\/\"},{\"@type\":\"ListItem\",\"position\":5,\"name\":\"FR-11 Espezel &#8211; VTT 48 km, D+ 1310 m, 14 cols\"}]},{\"@type\":\"WebSite\",\"@id\":\"https:\/\/centcols.org\/#website\",\"url\":\"https:\/\/centcols.org\/\",\"name\":\"Club des Cent Cols\",\"description\":\"\",\"publisher\":{\"@id\":\"https:\/\/centcols.org\/#organization\"},\"potentialAction\":[{\"@type\":\"SearchAction\",\"target\":{\"@type\":\"EntryPoint\",\"urlTemplate\":\"https:\/\/centcols.org\/?s={search_term_string}\"},\"query-input\":{\"@type\":\"PropertyValueSpecification\",\"valueRequired\":true,\"valueName\":\"search_term_string\"}}],\"inLanguage\":\"es\"},{\"@type\":\"Organization\",\"@id\":\"https:\/\/centcols.org\/#organization\",\"name\":\"Club des Cent Cols\",\"url\":\"https:\/\/centcols.org\/\",\"logo\":{\"@type\":\"ImageObject\",\"inLanguage\":\"es\",\"@id\":\"https:\/\/centcols.org\/#\/schema\/logo\/image\/\",\"url\":\"https:\/\/centcols.org\/wp-content\/uploads\/2025\/01\/carte-icone.png\",\"contentUrl\":\"https:\/\/centcols.org\/wp-content\/uploads\/2025\/01\/carte-icone.png\",\"width\":250,\"height\":250,\"caption\":\"Club des Cent Cols\"},\"image\":{\"@id\":\"https:\/\/centcols.org\/#\/schema\/logo\/image\/\"},\"sameAs\":[\"https:\/\/www.facebook.com\/groups\/5261880558\/?locale=fr_FR\"]},{\"@type\":\"Person\",\"@id\":\"https:\/\/centcols.org\/#\/schema\/person\/0cc8f723679c98f3fb7798df5a50c018\",\"name\":\"Ren\u00e9 Mercier\",\"image\":{\"@type\":\"ImageObject\",\"inLanguage\":\"es\",\"@id\":\"https:\/\/centcols.org\/wp-content\/litespeed\/avatar\/c2275eeaf79d4f7456274de381abeeab.jpg?ver=1777347562\",\"url\":\"https:\/\/centcols.org\/wp-content\/litespeed\/avatar\/c2275eeaf79d4f7456274de381abeeab.jpg?ver=1777347562\",\"contentUrl\":\"https:\/\/centcols.org\/wp-content\/litespeed\/avatar\/c2275eeaf79d4f7456274de381abeeab.jpg?ver=1777347562\",\"caption\":\"Ren\u00e9 Mercier\"},\"url\":\"https:\/\/centcols.org\/es\/author\/7552\/\"}]}<\/script>\n<!-- \/ Yoast SEO plugin. -->","yoast_head_json":{"title":"FR-11 Espezel - BTT 48 km, D+ 1310 m, 14 puertos - Club des Cent Cols","robots":{"index":"index","follow":"follow","max-snippet":"max-snippet:-1","max-image-preview":"max-image-preview:large","max-video-preview":"max-video-preview:-1"},"canonical":"https:\/\/centcols.org\/es\/fr-11-espezel-vtt\/","og_locale":"es_ES","og_type":"article","og_title":"FR-11 Espezel - VTT 48 km, D+ 1310 m, 14 cols - Club des Cent Cols","og_description":"Description de l\u2019auteur Auteurs&nbsp;: Patrick Mandard et Philippe ChazottierParcours&nbsp;: effectu\u00e9 le 2 avril 2025D\u00e9part&nbsp;: village d&rsquo;Espezel, pr\u00e8s du stade route des Rives. Descriptif touristique En Pyr\u00e9n\u00e9es audoises, le Pays de Sault est constitu\u00e9 d\u2019un haut plateau situ\u00e9 \u00e0 plus de 1000 m d\u2019altitude et propose de magnifiques panoramas sur les Pyr\u00e9n\u00e9es ari\u00e9geoises. De nombreuses grottes [&hellip;]","og_url":"https:\/\/centcols.org\/es\/fr-11-espezel-vtt\/","og_site_name":"Club des Cent Cols","article_publisher":"https:\/\/www.facebook.com\/groups\/5261880558\/?locale=fr_FR","article_published_time":"2026-01-16T16:55:36+00:00","article_modified_time":"2026-03-10T17:29:38+00:00","og_image":[{"width":900,"height":1200,"url":"https:\/\/centcols.org\/wp-content\/uploads\/2026\/01\/Chapelle-au-col-Notre-dame.jpg","type":"image\/jpeg"}],"author":"Ren\u00e9 Mercier","twitter_card":"summary_large_image","twitter_misc":{"Escrito por":"Ren\u00e9 Mercier","Tiempo de lectura":"4 minutos"},"schema":{"@context":"https:\/\/schema.org","@graph":[{"@type":"Article","@id":"https:\/\/centcols.org\/nl\/fr-11-espezel-vtt\/#article","isPartOf":{"@id":"https:\/\/centcols.org\/nl\/fr-11-espezel-vtt\/"},"author":{"name":"Ren\u00e9 Mercier","@id":"https:\/\/centcols.org\/#\/schema\/person\/0cc8f723679c98f3fb7798df5a50c018"},"headline":"FR-11 Espezel &#8211; VTT 48 km, D+ 1310 m, 14 cols","datePublished":"2026-01-16T16:55:36+00:00","dateModified":"2026-03-10T17:29:38+00:00","mainEntityOfPage":{"@id":"https:\/\/centcols.org\/nl\/fr-11-espezel-vtt\/"},"wordCount":429,"commentCount":0,"publisher":{"@id":"https:\/\/centcols.org\/#organization"},"image":{"@id":"https:\/\/centcols.org\/nl\/fr-11-espezel-vtt\/#primaryimage"},"thumbnailUrl":"https:\/\/centcols.org\/wp-content\/uploads\/2026\/01\/Chapelle-au-col-Notre-dame.jpg","articleSection":["Parcours France","VTT","11-Aude","Occitanie","Parcours membres"],"inLanguage":"es","potentialAction":[{"@type":"CommentAction","name":"Comment","target":["https:\/\/centcols.org\/nl\/fr-11-espezel-vtt\/#respond"]}]},{"@type":"WebPage","@id":"https:\/\/centcols.org\/nl\/fr-11-espezel-vtt\/","url":"https:\/\/centcols.org\/nl\/fr-11-espezel-vtt\/","name":"FR-11 Espezel - BTT 48 km, D+ 1310 m, 14 puertos - Club des Cent Cols","isPartOf":{"@id":"https:\/\/centcols.org\/#website"},"primaryImageOfPage":{"@id":"https:\/\/centcols.org\/nl\/fr-11-espezel-vtt\/#primaryimage"},"image":{"@id":"https:\/\/centcols.org\/nl\/fr-11-espezel-vtt\/#primaryimage"},"thumbnailUrl":"https:\/\/centcols.org\/wp-content\/uploads\/2026\/01\/Chapelle-au-col-Notre-dame.jpg","datePublished":"2026-01-16T16:55:36+00:00","dateModified":"2026-03-10T17:29:38+00:00","breadcrumb":{"@id":"https:\/\/centcols.org\/nl\/fr-11-espezel-vtt\/#breadcrumb"},"inLanguage":"es","potentialAction":[{"@type":"ReadAction","target":["https:\/\/centcols.org\/nl\/fr-11-espezel-vtt\/"]}]},{"@type":"ImageObject","inLanguage":"es","@id":"https:\/\/centcols.org\/nl\/fr-11-espezel-vtt\/#primaryimage","url":"https:\/\/centcols.org\/wp-content\/uploads\/2026\/01\/Chapelle-au-col-Notre-dame.jpg","contentUrl":"https:\/\/centcols.org\/wp-content\/uploads\/2026\/01\/Chapelle-au-col-Notre-dame.jpg","width":900,"height":1200,"caption":"maison"},{"@type":"BreadcrumbList","@id":"https:\/\/centcols.org\/nl\/fr-11-espezel-vtt\/#breadcrumb","itemListElement":[{"@type":"ListItem","position":1,"name":"Accueil","item":"https:\/\/centcols.org\/"},{"@type":"ListItem","position":2,"name":"Parcours membres","item":"https:\/\/centcols.org\/rubrique\/parcours-membres\/"},{"@type":"ListItem","position":3,"name":"Pays","item":"https:\/\/centcols.org\/rubrique\/parcours-membres\/pays-parcours-membres\/"},{"@type":"ListItem","position":4,"name":"Parcours France","item":"https:\/\/centcols.org\/rubrique\/parcours-membres\/pays-parcours-membres\/parcours-france\/"},{"@type":"ListItem","position":5,"name":"FR-11 Espezel &#8211; VTT 48 km, D+ 1310 m, 14 cols"}]},{"@type":"WebSite","@id":"https:\/\/centcols.org\/#website","url":"https:\/\/centcols.org\/","name":"Club des Cent Cols","description":"","publisher":{"@id":"https:\/\/centcols.org\/#organization"},"potentialAction":[{"@type":"SearchAction","target":{"@type":"EntryPoint","urlTemplate":"https:\/\/centcols.org\/?s={search_term_string}"},"query-input":{"@type":"PropertyValueSpecification","valueRequired":true,"valueName":"search_term_string"}}],"inLanguage":"es"},{"@type":"Organization","@id":"https:\/\/centcols.org\/#organization","name":"Club des Cent Cols","url":"https:\/\/centcols.org\/","logo":{"@type":"ImageObject","inLanguage":"es","@id":"https:\/\/centcols.org\/#\/schema\/logo\/image\/","url":"https:\/\/centcols.org\/wp-content\/uploads\/2025\/01\/carte-icone.png","contentUrl":"https:\/\/centcols.org\/wp-content\/uploads\/2025\/01\/carte-icone.png","width":250,"height":250,"caption":"Club des Cent Cols"},"image":{"@id":"https:\/\/centcols.org\/#\/schema\/logo\/image\/"},"sameAs":["https:\/\/www.facebook.com\/groups\/5261880558\/?locale=fr_FR"]},{"@type":"Person","@id":"https:\/\/centcols.org\/#\/schema\/person\/0cc8f723679c98f3fb7798df5a50c018","name":"Ren\u00e9 Mercier","image":{"@type":"ImageObject","inLanguage":"es","@id":"https:\/\/centcols.org\/wp-content\/litespeed\/avatar\/c2275eeaf79d4f7456274de381abeeab.jpg?ver=1777347562","url":"https:\/\/centcols.org\/wp-content\/litespeed\/avatar\/c2275eeaf79d4f7456274de381abeeab.jpg?ver=1777347562","contentUrl":"https:\/\/centcols.org\/wp-content\/litespeed\/avatar\/c2275eeaf79d4f7456274de381abeeab.jpg?ver=1777347562","caption":"Ren\u00e9 Mercier"},"url":"https:\/\/centcols.org\/es\/author\/7552\/"}]}},"_links":{"self":[{"href":"https:\/\/centcols.org\/es\/wp-json\/wp\/v2\/posts\/92649","targetHints":{"allow":["GET"]}}],"collection":[{"href":"https:\/\/centcols.org\/es\/wp-json\/wp\/v2\/posts"}],"about":[{"href":"https:\/\/centcols.org\/es\/wp-json\/wp\/v2\/types\/post"}],"author":[{"embeddable":true,"href":"https:\/\/centcols.org\/es\/wp-json\/wp\/v2\/users\/1726"}],"replies":[{"embeddable":true,"href":"https:\/\/centcols.org\/es\/wp-json\/wp\/v2\/comments?post=92649"}],"version-history":[{"count":0,"href":"https:\/\/centcols.org\/es\/wp-json\/wp\/v2\/posts\/92649\/revisions"}],"wp:featuredmedia":[{"embeddable":true,"href":"https:\/\/centcols.org\/es\/wp-json\/wp\/v2\/media\/92653"}],"wp:attachment":[{"href":"https:\/\/centcols.org\/es\/wp-json\/wp\/v2\/media?parent=92649"}],"wp:term":[{"taxonomy":"category","embeddable":true,"href":"https:\/\/centcols.org\/es\/wp-json\/wp\/v2\/categories?post=92649"},{"taxonomy":"post_tag","embeddable":true,"href":"https:\/\/centcols.org\/es\/wp-json\/wp\/v2\/tags?post=92649"}],"curies":[{"name":"wp","href":"https:\/\/api.w.org\/{rel}","templated":true}]}}