{"id":92675,"date":"2026-01-19T21:47:18","date_gmt":"2026-01-19T19:47:18","guid":{"rendered":"https:\/\/centcols.org\/?p=92675"},"modified":"2026-03-10T19:19:42","modified_gmt":"2026-03-10T17:19:42","slug":"fr-11-belcaire-vtt","status":"publish","type":"post","link":"https:\/\/centcols.org\/es\/fr-11-belcaire-vtt\/","title":{"rendered":"FR-11 Belcaire - Bicicleta de monta\u00f1a 48 km, D+ 1200 m, 17 puertos"},"content":{"rendered":"<iframe width=\"100%\" height=\"650\" loading=\"lazy\" src=\"https:\/\/www.openrunner.com\/embed\/795343717130684671392f727269672b6431625769775541334b74303353674c36445242786339506c70343d3a3ad0c4d80bc1aca86a07975edde5145527?unit=metric\" style=\"border: none;\"><\/iframe>\n\n\n\n<div style=\"height:30px\" aria-hidden=\"true\" class=\"wp-block-spacer\"><\/div>\n\n\n\n<h2 class=\"wp-block-heading\">Descripci\u00f3n del autor<\/h2>\n\n\n\n<p><strong>Autores&nbsp;<\/strong>Patrick Mandard y Philippe Chazottier<br><strong>Curso&nbsp;<\/strong>realizado el 1<sup>er<\/sup> Abril de 2025<br><strong>Salida&nbsp;<\/strong>Belcaire, cerca del cementerio, en la entrada este del pueblo.<\/p>\n\n\n\n<div style=\"height:30px\" aria-hidden=\"true\" class=\"wp-block-spacer\"><\/div>\n\n\n\n<h2 class=\"wp-block-heading\">Informaci\u00f3n tur\u00edstica<\/h2>\n\n\n\n<p>Preciosas vistas del castillo de Monts\u00e9gur desde el paso del Roc.<br>En los Pirineos del Aude, el Pays de Sault est\u00e1 formado por un altiplano a m\u00e1s de 1.000 m de altitud que ofrece magn\u00edficas vistas panor\u00e1micas de los Pirineos del Ari\u00e8ge. Numerosas cuevas con vestigios de ocupaci\u00f3n prehist\u00f3rica, algunas decoradas con grabados parietales, est\u00e1n diseminadas por la zona (no abiertas al p\u00fablico). En el pueblo de Belvis (ver ruta <a href=\"https:\/\/centcols.org\/es\/fr-11-bicicleta-de-montana-col-de-coudons\/\" target=\"_blank\" rel=\"noreferrer noopener\">FR-11 Col de Coudons<\/a>) hay frescos contempor\u00e1neos, que repiten algunos de los dibujos.<br>Le <a href=\"https:\/\/paysdesault.fr\/\" target=\"_blank\" rel=\"noreferrer noopener\">Pa\u00eds de Sault<\/a> tambi\u00e9n es famosa por sus cultivos de patatas.<br>Si s\u00f3lo dispone de un d\u00eda, le recomiendo una de estas dos rutas, con salida desde el pueblo de Belcaire o Espezel.<\/p>\n\n\n\n<div style=\"height:30px\" aria-hidden=\"true\" class=\"wp-block-spacer\"><\/div>\n\n\n\n<h2 class=\"wp-block-heading\">Especificaciones t\u00e9cnicas<\/h2>\n\n\n\n<p>Ciclable en 97%, y accesible por grava, se trata de una ruta muy fina con un primer tramo de bellos pasajes forestales seguido de un largo tramo en la meseta de Sault que no presenta mayores dificultades.<\/p>\n\n\n\n<p><\/p>\n\n\n\n<p><strong>17 collares<\/strong><\/p>\n\n\n\n<figure class=\"wp-block-table\"><table class=\"has-background\" style=\"background-color:#f0f0f0\"><tbody><tr><td>1 - Col du Traouc<\/td><td class=\"has-text-align-center\" data-align=\"center\">1135 m<\/td><td><a href=\"https:\/\/centcols.org\/es\/util\/geo\/visu.php\/?code=FR-11-1135\" target=\"_blank\" rel=\"noreferrer noopener\">FR-11-1135<\/a><\/td><\/tr><tr><td>2 - Col de Perrucel<\/td><td class=\"has-text-align-center\" data-align=\"center\">1071 m<\/td><td><a href=\"https:\/\/centcols.org\/es\/util\/geo\/visu.php\/?code=FR-11-1064\" target=\"_blank\" rel=\"noreferrer noopener\">FR-11-1064<\/a><\/td><\/tr><tr><td>3 - Col de Lauzier<\/td><td class=\"has-text-align-center\" data-align=\"center\">1377 m<\/td><td><a href=\"https:\/\/centcols.org\/es\/util\/geo\/visu.php\/?code=FR-11-1377\" target=\"_blank\" rel=\"noreferrer noopener\">FR-11-1377<\/a><\/td><\/tr><tr><td>4 - Col de Lancise<\/td><td class=\"has-text-align-center\" data-align=\"center\">1307 m<\/td><td><a href=\"https:\/\/centcols.org\/es\/util\/geo\/visu.php\/?code=FR-11-1307\" target=\"_blank\" rel=\"noreferrer noopener\">FR-11-1307<\/a><\/td><\/tr><tr><td>5 - Col de la Gargante<\/td><td class=\"has-text-align-center\" data-align=\"center\">1352 m<\/td><td><a href=\"https:\/\/centcols.org\/es\/util\/geo\/visu.php\/?code=FR-11-1352\" target=\"_blank\" rel=\"noreferrer noopener\">FR-11-1352<\/a><\/td><\/tr><tr><td>6 - Paso del Roc<\/td><td class=\"has-text-align-center\" data-align=\"center\">1345 m<\/td><td><a href=\"https:\/\/centcols.org\/es\/util\/geo\/visu.php\/?code=FR-11-1345\" target=\"_blank\" rel=\"noreferrer noopener\">FR-11-1345<\/a><\/td><\/tr><tr><td>7 - Col du Boum<\/td><td class=\"has-text-align-center\" data-align=\"center\">1305 m<\/td><td><a href=\"https:\/\/centcols.org\/es\/util\/geo\/visu.php\/?code=FR-11-1305\" target=\"_blank\" rel=\"noreferrer noopener\">FR-11-1305<\/a><\/td><\/tr><tr><td>8 - Les Cols<\/td><td class=\"has-text-align-center\" data-align=\"center\">1365 m<\/td><td><a href=\"https:\/\/centcols.org\/es\/util\/geo\/visu.php\/?code=FR-11-1365\" target=\"_blank\" rel=\"noreferrer noopener\">FR-11-1365<\/a><\/td><\/tr><tr><td>9 - Col du Boum de Camurac<\/td><td class=\"has-text-align-center\" data-align=\"center\">1374 m<\/td><td><a href=\"https:\/\/centcols.org\/es\/util\/geo\/visu.php\/?code=FR-11-1375\" target=\"_blank\" rel=\"noreferrer noopener\">FR-11-1375<\/a><\/td><\/tr><tr><td>10 - Col des Sept Fr\u00e8res<\/td><td class=\"has-text-align-center\" data-align=\"center\">1253 m<\/td><td><a href=\"https:\/\/centcols.org\/es\/util\/geo\/visu.php\/?code=FR-11-1253\" target=\"_blank\" rel=\"noreferrer noopener\">FR-11-1253<\/a><\/td><\/tr><tr><td>11 - Col de la Taillade<\/td><td class=\"has-text-align-center\" data-align=\"center\">1247 m<\/td><td><a href=\"https:\/\/centcols.org\/es\/util\/geo\/visu.php\/?code=FR-11-1251\" target=\"_blank\" rel=\"noreferrer noopener\">FR-11-1251<\/a><\/td><\/tr><tr><td>12 - Col d'Ubi<\/td><td class=\"has-text-align-center\" data-align=\"center\">1055 m<\/td><td><a href=\"https:\/\/centcols.org\/es\/util\/geo\/visu.php\/?code=FR-11-1055b\" target=\"_blank\" rel=\"noreferrer noopener\">FR-11-1055b<\/a><\/td><\/tr><tr><td>13 - Col de Feilles<\/td><td class=\"has-text-align-center\" data-align=\"center\">1109 m<\/td><td><a href=\"https:\/\/centcols.org\/es\/util\/geo\/visu.php\/?code=FR-11-1109b\" target=\"_blank\" rel=\"noreferrer noopener\">FR-11-1109b<\/a><\/td><\/tr><tr><td>14 - Couillade de Canavi<\/td><td class=\"has-text-align-center\" data-align=\"center\">1135 m<\/td><td><a href=\"https:\/\/centcols.org\/es\/util\/geo\/visu.php\/?code=FR-11-1135a\" target=\"_blank\" rel=\"noreferrer noopener\">FR-11-1135a<\/a><\/td><\/tr><tr><td>15 - Pas de la Cargue<\/td><td class=\"has-text-align-center\" data-align=\"center\">1150 m<\/td><td><a href=\"https:\/\/centcols.org\/es\/util\/geo\/visu.php\/?code=FR-11-1150\" target=\"_blank\" rel=\"noreferrer noopener\">FR-11-1150<\/a><\/td><\/tr><tr><td>16 - Paso del Loup<\/td><td class=\"has-text-align-center\" data-align=\"center\">1145 m<\/td><td><a href=\"https:\/\/centcols.org\/es\/util\/geo\/visu.php\/?code=FR-11-1145\" target=\"_blank\" rel=\"noreferrer noopener\">FR-11-1145<\/a><\/td><\/tr><tr><td>17 - Col des Sarrasis<\/td><td class=\"has-text-align-center\" data-align=\"center\">1097 m<\/td><td><a href=\"https:\/\/centcols.org\/es\/util\/geo\/visu.php\/?code=FR-11-1105a\" target=\"_blank\" rel=\"noreferrer noopener\">FR-11-1105a<\/a><\/td><\/tr><\/tbody><\/table><\/figure>\n\n\n\n<p><strong>Palabras clave<\/strong>&nbsp;Belcaire, Sault, Monts\u00e9gur, centcols<\/p>\n\n\n\n<p>Enlace Openrunner, mapa interactivo, perfil, pista : <a href=\"https:\/\/www.openrunner.com\/route-details\/23207333\" target=\"_blank\" rel=\"noreferrer noopener\">https:\/\/www.openrunner.com\/route-details\/23207333<\/a><\/p>\n\n\n\n<p>Este itinerario se facilita \u00fanicamente a t\u00edtulo informativo. El autor no asume ninguna responsabilidad, ni tampoco el Club des Cent Cols, por los imponderables debidos al propio ciclista, al material utilizado o a cualquier cosa relacionada con la carretera, las pistas y los caminos, su entorno o los dem\u00e1s usuarios.<\/p>\n\n\n\n<div style=\"height:30px\" aria-hidden=\"true\" class=\"wp-block-spacer\"><\/div>\n\n\n\n<h2 class=\"wp-block-heading\">Fotos<\/h2>\n\n\n\n<figure class=\"wp-block-gallery has-nested-images columns-default is-cropped wp-block-gallery-1 is-layout-flex wp-block-gallery-is-layout-flex\">\n<figure class=\"wp-block-image size-full\"><a href=\"https:\/\/centcols.org\/wp-content\/uploads\/2026\/01\/BELCAIRE.jpg\"><img loading=\"lazy\" decoding=\"async\" width=\"825\" height=\"1100\" data-id=\"92679\" src=\"https:\/\/centcols.org\/wp-content\/uploads\/2026\/01\/BELCAIRE.jpg\" alt=\"\" class=\"wp-image-92679\" srcset=\"https:\/\/centcols.org\/wp-content\/uploads\/2026\/01\/BELCAIRE.jpg 825w, https:\/\/centcols.org\/wp-content\/uploads\/2026\/01\/BELCAIRE-768x1024.jpg 768w, https:\/\/centcols.org\/wp-content\/uploads\/2026\/01\/BELCAIRE-9x12.jpg 9w\" sizes=\"auto, (max-width: 825px) 100vw, 825px\" \/><\/a><figcaption class=\"wp-element-caption\">Belcaire<\/figcaption><\/figure>\n\n\n\n<figure class=\"wp-block-image size-full\"><a href=\"https:\/\/centcols.org\/wp-content\/uploads\/2026\/01\/DE-BELLES-PISTES-EN-FORET.jpg\"><img loading=\"lazy\" decoding=\"async\" width=\"900\" height=\"1200\" data-id=\"92680\" src=\"https:\/\/centcols.org\/wp-content\/uploads\/2026\/01\/DE-BELLES-PISTES-EN-FORET.jpg\" alt=\"\" class=\"wp-image-92680\" srcset=\"https:\/\/centcols.org\/wp-content\/uploads\/2026\/01\/DE-BELLES-PISTES-EN-FORET.jpg 900w, https:\/\/centcols.org\/wp-content\/uploads\/2026\/01\/DE-BELLES-PISTES-EN-FORET-768x1024.jpg 768w, https:\/\/centcols.org\/wp-content\/uploads\/2026\/01\/DE-BELLES-PISTES-EN-FORET-9x12.jpg 9w\" sizes=\"auto, (max-width: 900px) 100vw, 900px\" \/><\/a><figcaption class=\"wp-element-caption\">Hermosos senderos forestales<\/figcaption><\/figure>\n\n\n\n<figure class=\"wp-block-image size-full\"><a href=\"https:\/\/centcols.org\/wp-content\/uploads\/2026\/01\/LE-CHATEAU-DE-MONTSEGUR-DEPUIS-LE-PAS-DU-ROC.jpg\"><img loading=\"lazy\" decoding=\"async\" width=\"675\" height=\"900\" data-id=\"92681\" src=\"https:\/\/centcols.org\/wp-content\/uploads\/2026\/01\/LE-CHATEAU-DE-MONTSEGUR-DEPUIS-LE-PAS-DU-ROC.jpg\" alt=\"\" class=\"wp-image-92681\" srcset=\"https:\/\/centcols.org\/wp-content\/uploads\/2026\/01\/LE-CHATEAU-DE-MONTSEGUR-DEPUIS-LE-PAS-DU-ROC.jpg 675w, https:\/\/centcols.org\/wp-content\/uploads\/2026\/01\/LE-CHATEAU-DE-MONTSEGUR-DEPUIS-LE-PAS-DU-ROC-9x12.jpg 9w\" sizes=\"auto, (max-width: 675px) 100vw, 675px\" \/><\/a><figcaption class=\"wp-element-caption\">Castillo de Monts\u00e9gur desde el Pas du Roc<\/figcaption><\/figure>\n\n\n\n<figure class=\"wp-block-image size-full\"><a href=\"https:\/\/centcols.org\/wp-content\/uploads\/2026\/01\/LE-PLATEAU-DE-SAULT.jpg\"><img loading=\"lazy\" decoding=\"async\" width=\"900\" height=\"1200\" data-id=\"92682\" src=\"https:\/\/centcols.org\/wp-content\/uploads\/2026\/01\/LE-PLATEAU-DE-SAULT.jpg\" alt=\"\" class=\"wp-image-92682\" srcset=\"https:\/\/centcols.org\/wp-content\/uploads\/2026\/01\/LE-PLATEAU-DE-SAULT.jpg 900w, https:\/\/centcols.org\/wp-content\/uploads\/2026\/01\/LE-PLATEAU-DE-SAULT-768x1024.jpg 768w, https:\/\/centcols.org\/wp-content\/uploads\/2026\/01\/LE-PLATEAU-DE-SAULT-9x12.jpg 9w\" sizes=\"auto, (max-width: 900px) 100vw, 900px\" \/><\/a><figcaption class=\"wp-element-caption\">La meseta de Sault<\/figcaption><\/figure>\n\n\n\n<figure class=\"wp-block-image size-full\"><a href=\"https:\/\/centcols.org\/wp-content\/uploads\/2026\/01\/Les-PYRENEES-ARI2GEOISES-ENCORE-ENNEIGEES.jpg\"><img loading=\"lazy\" decoding=\"async\" width=\"900\" height=\"1200\" data-id=\"92683\" src=\"https:\/\/centcols.org\/wp-content\/uploads\/2026\/01\/Les-PYRENEES-ARI2GEOISES-ENCORE-ENNEIGEES.jpg\" alt=\"\" class=\"wp-image-92683\" srcset=\"https:\/\/centcols.org\/wp-content\/uploads\/2026\/01\/Les-PYRENEES-ARI2GEOISES-ENCORE-ENNEIGEES.jpg 900w, https:\/\/centcols.org\/wp-content\/uploads\/2026\/01\/Les-PYRENEES-ARI2GEOISES-ENCORE-ENNEIGEES-768x1024.jpg 768w, https:\/\/centcols.org\/wp-content\/uploads\/2026\/01\/Les-PYRENEES-ARI2GEOISES-ENCORE-ENNEIGEES-9x12.jpg 9w\" sizes=\"auto, (max-width: 900px) 100vw, 900px\" \/><\/a><figcaption class=\"wp-element-caption\">Los Pirineos de Ariege a\u00fan cubiertos de nieve<\/figcaption><\/figure>\n<\/figure>","protected":false},"excerpt":{"rendered":"<p>Description de l\u2019auteur Auteurs&nbsp;: Patrick Mandard et Philippe ChazottierParcours&nbsp;: effectu\u00e9 le 1er avril 2025D\u00e9part&nbsp;: Belcaire, pr\u00e8s du cimeti\u00e8re \u00e0 l&rsquo;entr\u00e9e du village c\u00f4t\u00e9 est. Descriptif touristique Belle vue sur le ch\u00e2teau de Monts\u00e9gur depuis le col du Pas du Roc.En Pyr\u00e9n\u00e9es audoises, le Pays de Sault est constitu\u00e9 d\u2019un haut plateau situ\u00e9 \u00e0 plus de [&hellip;]<\/p>\n","protected":false},"author":1726,"featured_media":92683,"comment_status":"open","ping_status":"open","sticky":false,"template":"","format":"standard","meta":{"_acf_changed":false,"footnotes":""},"categories":[303,319,396,455,220],"tags":[],"class_list":["post-92675","post","type-post","status-publish","format-standard","has-post-thumbnail","hentry","category-parcours-france","category-vtt-type-parcours","category-11-aude","category-occitanie-region-parcours-membres","category-parcours-membres"],"acf":[],"yoast_head":"<!-- This site is optimized with the Yoast SEO plugin v27.2 - https:\/\/yoast.com\/product\/yoast-seo-wordpress\/ -->\n<title>FR-11 Belcaire - VTT 48 km, D+ 1200 m, 17 cols - Club des Cent Cols<\/title>\n<meta name=\"robots\" content=\"index, follow, max-snippet:-1, max-image-preview:large, max-video-preview:-1\" \/>\n<link rel=\"canonical\" href=\"https:\/\/centcols.org\/es\/fr-11-belcaire-vtt\/\" \/>\n<meta property=\"og:locale\" content=\"es_ES\" \/>\n<meta property=\"og:type\" content=\"article\" \/>\n<meta property=\"og:title\" content=\"FR-11 Belcaire - VTT 48 km, D+ 1200 m, 17 cols - Club des Cent Cols\" \/>\n<meta property=\"og:description\" content=\"Description de l\u2019auteur Auteurs&nbsp;: Patrick Mandard et Philippe ChazottierParcours&nbsp;: effectu\u00e9 le 1er avril 2025D\u00e9part&nbsp;: Belcaire, pr\u00e8s du cimeti\u00e8re \u00e0 l&rsquo;entr\u00e9e du village c\u00f4t\u00e9 est. Descriptif touristique Belle vue sur le ch\u00e2teau de Monts\u00e9gur depuis le col du Pas du Roc.En Pyr\u00e9n\u00e9es audoises, le Pays de Sault est constitu\u00e9 d\u2019un haut plateau situ\u00e9 \u00e0 plus de [&hellip;]\" \/>\n<meta property=\"og:url\" content=\"https:\/\/centcols.org\/es\/fr-11-belcaire-vtt\/\" \/>\n<meta property=\"og:site_name\" content=\"Club des Cent Cols\" \/>\n<meta property=\"article:publisher\" content=\"https:\/\/www.facebook.com\/groups\/5261880558\/?locale=fr_FR\" \/>\n<meta property=\"article:published_time\" content=\"2026-01-19T19:47:18+00:00\" \/>\n<meta property=\"article:modified_time\" content=\"2026-03-10T17:19:42+00:00\" \/>\n<meta property=\"og:image\" content=\"https:\/\/centcols.org\/wp-content\/uploads\/2026\/01\/Les-PYRENEES-ARI2GEOISES-ENCORE-ENNEIGEES.jpg\" \/>\n\t<meta property=\"og:image:width\" content=\"900\" \/>\n\t<meta property=\"og:image:height\" content=\"1200\" \/>\n\t<meta property=\"og:image:type\" content=\"image\/jpeg\" \/>\n<meta name=\"author\" content=\"Ren\u00e9 Mercier\" \/>\n<meta name=\"twitter:card\" content=\"summary_large_image\" \/>\n<meta name=\"twitter:label1\" content=\"Escrito por\" \/>\n\t<meta name=\"twitter:data1\" content=\"Ren\u00e9 Mercier\" \/>\n\t<meta name=\"twitter:label2\" content=\"Tiempo de lectura\" \/>\n\t<meta name=\"twitter:data2\" content=\"4 minutos\" \/>\n<script type=\"application\/ld+json\" class=\"yoast-schema-graph\">{\"@context\":\"https:\/\/schema.org\",\"@graph\":[{\"@type\":\"Article\",\"@id\":\"https:\/\/centcols.org\/de\/fr-11-belcaire-vtt\/#article\",\"isPartOf\":{\"@id\":\"https:\/\/centcols.org\/de\/fr-11-belcaire-vtt\/\"},\"author\":{\"name\":\"Ren\u00e9 Mercier\",\"@id\":\"https:\/\/centcols.org\/#\/schema\/person\/0cc8f723679c98f3fb7798df5a50c018\"},\"headline\":\"FR-11 Belcaire &#8211; VTT 48 km, D+ 1200 m, 17 cols\",\"datePublished\":\"2026-01-19T19:47:18+00:00\",\"dateModified\":\"2026-03-10T17:19:42+00:00\",\"mainEntityOfPage\":{\"@id\":\"https:\/\/centcols.org\/de\/fr-11-belcaire-vtt\/\"},\"wordCount\":472,\"commentCount\":0,\"publisher\":{\"@id\":\"https:\/\/centcols.org\/#organization\"},\"image\":{\"@id\":\"https:\/\/centcols.org\/de\/fr-11-belcaire-vtt\/#primaryimage\"},\"thumbnailUrl\":\"https:\/\/centcols.org\/wp-content\/uploads\/2026\/01\/Les-PYRENEES-ARI2GEOISES-ENCORE-ENNEIGEES.jpg\",\"articleSection\":[\"Parcours France\",\"VTT\",\"11-Aude\",\"Occitanie\",\"Parcours membres\"],\"inLanguage\":\"es\",\"potentialAction\":[{\"@type\":\"CommentAction\",\"name\":\"Comment\",\"target\":[\"https:\/\/centcols.org\/de\/fr-11-belcaire-vtt\/#respond\"]}]},{\"@type\":\"WebPage\",\"@id\":\"https:\/\/centcols.org\/de\/fr-11-belcaire-vtt\/\",\"url\":\"https:\/\/centcols.org\/de\/fr-11-belcaire-vtt\/\",\"name\":\"FR-11 Belcaire - VTT 48 km, D+ 1200 m, 17 cols - Club des Cent Cols\",\"isPartOf\":{\"@id\":\"https:\/\/centcols.org\/#website\"},\"primaryImageOfPage\":{\"@id\":\"https:\/\/centcols.org\/de\/fr-11-belcaire-vtt\/#primaryimage\"},\"image\":{\"@id\":\"https:\/\/centcols.org\/de\/fr-11-belcaire-vtt\/#primaryimage\"},\"thumbnailUrl\":\"https:\/\/centcols.org\/wp-content\/uploads\/2026\/01\/Les-PYRENEES-ARI2GEOISES-ENCORE-ENNEIGEES.jpg\",\"datePublished\":\"2026-01-19T19:47:18+00:00\",\"dateModified\":\"2026-03-10T17:19:42+00:00\",\"breadcrumb\":{\"@id\":\"https:\/\/centcols.org\/de\/fr-11-belcaire-vtt\/#breadcrumb\"},\"inLanguage\":\"es\",\"potentialAction\":[{\"@type\":\"ReadAction\",\"target\":[\"https:\/\/centcols.org\/de\/fr-11-belcaire-vtt\/\"]}]},{\"@type\":\"ImageObject\",\"inLanguage\":\"es\",\"@id\":\"https:\/\/centcols.org\/de\/fr-11-belcaire-vtt\/#primaryimage\",\"url\":\"https:\/\/centcols.org\/wp-content\/uploads\/2026\/01\/Les-PYRENEES-ARI2GEOISES-ENCORE-ENNEIGEES.jpg\",\"contentUrl\":\"https:\/\/centcols.org\/wp-content\/uploads\/2026\/01\/Les-PYRENEES-ARI2GEOISES-ENCORE-ENNEIGEES.jpg\",\"width\":900,\"height\":1200,\"caption\":\"montagne\"},{\"@type\":\"BreadcrumbList\",\"@id\":\"https:\/\/centcols.org\/de\/fr-11-belcaire-vtt\/#breadcrumb\",\"itemListElement\":[{\"@type\":\"ListItem\",\"position\":1,\"name\":\"Accueil\",\"item\":\"https:\/\/centcols.org\/\"},{\"@type\":\"ListItem\",\"position\":2,\"name\":\"Parcours membres\",\"item\":\"https:\/\/centcols.org\/rubrique\/parcours-membres\/\"},{\"@type\":\"ListItem\",\"position\":3,\"name\":\"Pays\",\"item\":\"https:\/\/centcols.org\/rubrique\/parcours-membres\/pays-parcours-membres\/\"},{\"@type\":\"ListItem\",\"position\":4,\"name\":\"Parcours France\",\"item\":\"https:\/\/centcols.org\/rubrique\/parcours-membres\/pays-parcours-membres\/parcours-france\/\"},{\"@type\":\"ListItem\",\"position\":5,\"name\":\"FR-11 Belcaire &#8211; VTT 48 km, D+ 1200 m, 17 cols\"}]},{\"@type\":\"WebSite\",\"@id\":\"https:\/\/centcols.org\/#website\",\"url\":\"https:\/\/centcols.org\/\",\"name\":\"Club des Cent Cols\",\"description\":\"\",\"publisher\":{\"@id\":\"https:\/\/centcols.org\/#organization\"},\"potentialAction\":[{\"@type\":\"SearchAction\",\"target\":{\"@type\":\"EntryPoint\",\"urlTemplate\":\"https:\/\/centcols.org\/?s={search_term_string}\"},\"query-input\":{\"@type\":\"PropertyValueSpecification\",\"valueRequired\":true,\"valueName\":\"search_term_string\"}}],\"inLanguage\":\"es\"},{\"@type\":\"Organization\",\"@id\":\"https:\/\/centcols.org\/#organization\",\"name\":\"Club des Cent Cols\",\"url\":\"https:\/\/centcols.org\/\",\"logo\":{\"@type\":\"ImageObject\",\"inLanguage\":\"es\",\"@id\":\"https:\/\/centcols.org\/#\/schema\/logo\/image\/\",\"url\":\"https:\/\/centcols.org\/wp-content\/uploads\/2025\/01\/carte-icone.png\",\"contentUrl\":\"https:\/\/centcols.org\/wp-content\/uploads\/2025\/01\/carte-icone.png\",\"width\":250,\"height\":250,\"caption\":\"Club des Cent Cols\"},\"image\":{\"@id\":\"https:\/\/centcols.org\/#\/schema\/logo\/image\/\"},\"sameAs\":[\"https:\/\/www.facebook.com\/groups\/5261880558\/?locale=fr_FR\"]},{\"@type\":\"Person\",\"@id\":\"https:\/\/centcols.org\/#\/schema\/person\/0cc8f723679c98f3fb7798df5a50c018\",\"name\":\"Ren\u00e9 Mercier\",\"image\":{\"@type\":\"ImageObject\",\"inLanguage\":\"es\",\"@id\":\"https:\/\/centcols.org\/wp-content\/litespeed\/avatar\/c2275eeaf79d4f7456274de381abeeab.jpg?ver=1777347562\",\"url\":\"https:\/\/centcols.org\/wp-content\/litespeed\/avatar\/c2275eeaf79d4f7456274de381abeeab.jpg?ver=1777347562\",\"contentUrl\":\"https:\/\/centcols.org\/wp-content\/litespeed\/avatar\/c2275eeaf79d4f7456274de381abeeab.jpg?ver=1777347562\",\"caption\":\"Ren\u00e9 Mercier\"},\"url\":\"https:\/\/centcols.org\/es\/author\/7552\/\"}]}<\/script>\n<!-- \/ Yoast SEO plugin. -->","yoast_head_json":{"title":"FR-11 Belcaire - BTT 48 km, D+ 1200 m, 17 puertos - Club des Cent Cols","robots":{"index":"index","follow":"follow","max-snippet":"max-snippet:-1","max-image-preview":"max-image-preview:large","max-video-preview":"max-video-preview:-1"},"canonical":"https:\/\/centcols.org\/es\/fr-11-belcaire-vtt\/","og_locale":"es_ES","og_type":"article","og_title":"FR-11 Belcaire - VTT 48 km, D+ 1200 m, 17 cols - Club des Cent Cols","og_description":"Description de l\u2019auteur Auteurs&nbsp;: Patrick Mandard et Philippe ChazottierParcours&nbsp;: effectu\u00e9 le 1er avril 2025D\u00e9part&nbsp;: Belcaire, pr\u00e8s du cimeti\u00e8re \u00e0 l&rsquo;entr\u00e9e du village c\u00f4t\u00e9 est. Descriptif touristique Belle vue sur le ch\u00e2teau de Monts\u00e9gur depuis le col du Pas du Roc.En Pyr\u00e9n\u00e9es audoises, le Pays de Sault est constitu\u00e9 d\u2019un haut plateau situ\u00e9 \u00e0 plus de [&hellip;]","og_url":"https:\/\/centcols.org\/es\/fr-11-belcaire-vtt\/","og_site_name":"Club des Cent Cols","article_publisher":"https:\/\/www.facebook.com\/groups\/5261880558\/?locale=fr_FR","article_published_time":"2026-01-19T19:47:18+00:00","article_modified_time":"2026-03-10T17:19:42+00:00","og_image":[{"width":900,"height":1200,"url":"https:\/\/centcols.org\/wp-content\/uploads\/2026\/01\/Les-PYRENEES-ARI2GEOISES-ENCORE-ENNEIGEES.jpg","type":"image\/jpeg"}],"author":"Ren\u00e9 Mercier","twitter_card":"summary_large_image","twitter_misc":{"Escrito por":"Ren\u00e9 Mercier","Tiempo de lectura":"4 minutos"},"schema":{"@context":"https:\/\/schema.org","@graph":[{"@type":"Article","@id":"https:\/\/centcols.org\/de\/fr-11-belcaire-vtt\/#article","isPartOf":{"@id":"https:\/\/centcols.org\/de\/fr-11-belcaire-vtt\/"},"author":{"name":"Ren\u00e9 Mercier","@id":"https:\/\/centcols.org\/#\/schema\/person\/0cc8f723679c98f3fb7798df5a50c018"},"headline":"FR-11 Belcaire &#8211; VTT 48 km, D+ 1200 m, 17 cols","datePublished":"2026-01-19T19:47:18+00:00","dateModified":"2026-03-10T17:19:42+00:00","mainEntityOfPage":{"@id":"https:\/\/centcols.org\/de\/fr-11-belcaire-vtt\/"},"wordCount":472,"commentCount":0,"publisher":{"@id":"https:\/\/centcols.org\/#organization"},"image":{"@id":"https:\/\/centcols.org\/de\/fr-11-belcaire-vtt\/#primaryimage"},"thumbnailUrl":"https:\/\/centcols.org\/wp-content\/uploads\/2026\/01\/Les-PYRENEES-ARI2GEOISES-ENCORE-ENNEIGEES.jpg","articleSection":["Parcours France","VTT","11-Aude","Occitanie","Parcours membres"],"inLanguage":"es","potentialAction":[{"@type":"CommentAction","name":"Comment","target":["https:\/\/centcols.org\/de\/fr-11-belcaire-vtt\/#respond"]}]},{"@type":"WebPage","@id":"https:\/\/centcols.org\/de\/fr-11-belcaire-vtt\/","url":"https:\/\/centcols.org\/de\/fr-11-belcaire-vtt\/","name":"FR-11 Belcaire - BTT 48 km, D+ 1200 m, 17 puertos - Club des Cent Cols","isPartOf":{"@id":"https:\/\/centcols.org\/#website"},"primaryImageOfPage":{"@id":"https:\/\/centcols.org\/de\/fr-11-belcaire-vtt\/#primaryimage"},"image":{"@id":"https:\/\/centcols.org\/de\/fr-11-belcaire-vtt\/#primaryimage"},"thumbnailUrl":"https:\/\/centcols.org\/wp-content\/uploads\/2026\/01\/Les-PYRENEES-ARI2GEOISES-ENCORE-ENNEIGEES.jpg","datePublished":"2026-01-19T19:47:18+00:00","dateModified":"2026-03-10T17:19:42+00:00","breadcrumb":{"@id":"https:\/\/centcols.org\/de\/fr-11-belcaire-vtt\/#breadcrumb"},"inLanguage":"es","potentialAction":[{"@type":"ReadAction","target":["https:\/\/centcols.org\/de\/fr-11-belcaire-vtt\/"]}]},{"@type":"ImageObject","inLanguage":"es","@id":"https:\/\/centcols.org\/de\/fr-11-belcaire-vtt\/#primaryimage","url":"https:\/\/centcols.org\/wp-content\/uploads\/2026\/01\/Les-PYRENEES-ARI2GEOISES-ENCORE-ENNEIGEES.jpg","contentUrl":"https:\/\/centcols.org\/wp-content\/uploads\/2026\/01\/Les-PYRENEES-ARI2GEOISES-ENCORE-ENNEIGEES.jpg","width":900,"height":1200,"caption":"montagne"},{"@type":"BreadcrumbList","@id":"https:\/\/centcols.org\/de\/fr-11-belcaire-vtt\/#breadcrumb","itemListElement":[{"@type":"ListItem","position":1,"name":"Accueil","item":"https:\/\/centcols.org\/"},{"@type":"ListItem","position":2,"name":"Parcours membres","item":"https:\/\/centcols.org\/rubrique\/parcours-membres\/"},{"@type":"ListItem","position":3,"name":"Pays","item":"https:\/\/centcols.org\/rubrique\/parcours-membres\/pays-parcours-membres\/"},{"@type":"ListItem","position":4,"name":"Parcours France","item":"https:\/\/centcols.org\/rubrique\/parcours-membres\/pays-parcours-membres\/parcours-france\/"},{"@type":"ListItem","position":5,"name":"FR-11 Belcaire &#8211; VTT 48 km, D+ 1200 m, 17 cols"}]},{"@type":"WebSite","@id":"https:\/\/centcols.org\/#website","url":"https:\/\/centcols.org\/","name":"Club des Cent Cols","description":"","publisher":{"@id":"https:\/\/centcols.org\/#organization"},"potentialAction":[{"@type":"SearchAction","target":{"@type":"EntryPoint","urlTemplate":"https:\/\/centcols.org\/?s={search_term_string}"},"query-input":{"@type":"PropertyValueSpecification","valueRequired":true,"valueName":"search_term_string"}}],"inLanguage":"es"},{"@type":"Organization","@id":"https:\/\/centcols.org\/#organization","name":"Club des Cent Cols","url":"https:\/\/centcols.org\/","logo":{"@type":"ImageObject","inLanguage":"es","@id":"https:\/\/centcols.org\/#\/schema\/logo\/image\/","url":"https:\/\/centcols.org\/wp-content\/uploads\/2025\/01\/carte-icone.png","contentUrl":"https:\/\/centcols.org\/wp-content\/uploads\/2025\/01\/carte-icone.png","width":250,"height":250,"caption":"Club des Cent Cols"},"image":{"@id":"https:\/\/centcols.org\/#\/schema\/logo\/image\/"},"sameAs":["https:\/\/www.facebook.com\/groups\/5261880558\/?locale=fr_FR"]},{"@type":"Person","@id":"https:\/\/centcols.org\/#\/schema\/person\/0cc8f723679c98f3fb7798df5a50c018","name":"Ren\u00e9 Mercier","image":{"@type":"ImageObject","inLanguage":"es","@id":"https:\/\/centcols.org\/wp-content\/litespeed\/avatar\/c2275eeaf79d4f7456274de381abeeab.jpg?ver=1777347562","url":"https:\/\/centcols.org\/wp-content\/litespeed\/avatar\/c2275eeaf79d4f7456274de381abeeab.jpg?ver=1777347562","contentUrl":"https:\/\/centcols.org\/wp-content\/litespeed\/avatar\/c2275eeaf79d4f7456274de381abeeab.jpg?ver=1777347562","caption":"Ren\u00e9 Mercier"},"url":"https:\/\/centcols.org\/es\/author\/7552\/"}]}},"_links":{"self":[{"href":"https:\/\/centcols.org\/es\/wp-json\/wp\/v2\/posts\/92675","targetHints":{"allow":["GET"]}}],"collection":[{"href":"https:\/\/centcols.org\/es\/wp-json\/wp\/v2\/posts"}],"about":[{"href":"https:\/\/centcols.org\/es\/wp-json\/wp\/v2\/types\/post"}],"author":[{"embeddable":true,"href":"https:\/\/centcols.org\/es\/wp-json\/wp\/v2\/users\/1726"}],"replies":[{"embeddable":true,"href":"https:\/\/centcols.org\/es\/wp-json\/wp\/v2\/comments?post=92675"}],"version-history":[{"count":0,"href":"https:\/\/centcols.org\/es\/wp-json\/wp\/v2\/posts\/92675\/revisions"}],"wp:featuredmedia":[{"embeddable":true,"href":"https:\/\/centcols.org\/es\/wp-json\/wp\/v2\/media\/92683"}],"wp:attachment":[{"href":"https:\/\/centcols.org\/es\/wp-json\/wp\/v2\/media?parent=92675"}],"wp:term":[{"taxonomy":"category","embeddable":true,"href":"https:\/\/centcols.org\/es\/wp-json\/wp\/v2\/categories?post=92675"},{"taxonomy":"post_tag","embeddable":true,"href":"https:\/\/centcols.org\/es\/wp-json\/wp\/v2\/tags?post=92675"}],"curies":[{"name":"wp","href":"https:\/\/api.w.org\/{rel}","templated":true}]}}