{"id":92685,"date":"2026-01-19T21:48:05","date_gmt":"2026-01-19T19:48:05","guid":{"rendered":"https:\/\/centcols.org\/?p=92685"},"modified":"2026-03-10T17:53:45","modified_gmt":"2026-03-10T15:53:45","slug":"fr-11-bicicleta-de-montana-col-de-coudons","status":"publish","type":"post","link":"https:\/\/centcols.org\/es\/fr-11-col-de-coudons-vtt\/","title":{"rendered":"FR-11 Col de Coudons - BTT 49 km, D+ 1140 m, 21 puertos"},"content":{"rendered":"<iframe width=\"100%\" height=\"650\" loading=\"lazy\" src=\"https:\/\/www.openrunner.com\/embed\/6f7459486a31795556486531507968554454393737544456496f4435537450536838495a38794d6b7353453d3a3a69bff6bf632a0c352e2cca016c0d9c80?unit=metric\" style=\"border: none;\"><\/iframe>\n\n\n\n<div style=\"height:30px\" aria-hidden=\"true\" class=\"wp-block-spacer\"><\/div>\n\n\n\n<h2 class=\"wp-block-heading\">Descripci\u00f3n del autor<\/h2>\n\n\n\n<p><strong>Autores&nbsp;<\/strong>Patrick Mandard y Philippe Chazottier<br><strong>Curso&nbsp;<\/strong>Finalizado el 30 de marzo de 2025<br><strong>Salida&nbsp;<\/strong>Col de Coudons, en la D613, cerca del pueblo del mismo nombre.<\/p>\n\n\n\n<div style=\"height:30px\" aria-hidden=\"true\" class=\"wp-block-spacer\"><\/div>\n\n\n\n<h2 class=\"wp-block-heading\">Informaci\u00f3n tur\u00edstica<\/h2>\n\n\n\n<p>En los Pirineos del Aude, el Pays de Sault est\u00e1 formado por un altiplano a m\u00e1s de 1.000 m de altitud que ofrece magn\u00edficas vistas panor\u00e1micas de los Pirineos del Ari\u00e8ge. Numerosas cuevas con vestigios de ocupaci\u00f3n prehist\u00f3rica, algunas decoradas con grabados parietales, est\u00e1n diseminadas por la zona (no abiertas al p\u00fablico). El pueblo de Belvis alberga el <a href=\"https:\/\/fr.wikipedia.org\/wiki\/Grotte_de_la_Cauna\" target=\"_blank\" rel=\"noreferrer noopener\">Cueva de la Cauna<\/a> a <a href=\"https:\/\/www.belvis.fr\/musee-et-grotte-de-la-cauna-commune-de-belvis-11\" target=\"_blank\" rel=\"noreferrer noopener\">museo<\/a> del pueblo est\u00e1 dedicado a ella, donde se exponen objetos hallados durante las excavaciones.<br>Algunos muros del pueblo est\u00e1n decorados con frescos que reproducen las inscripciones parietales encontradas en ciertas cuevas del departamento, as\u00ed como las de <a href=\"https:\/\/fr.wikipedia.org\/wiki\/Bernard_Romain\" target=\"_blank\" rel=\"noreferrer noopener\">Bernard Romain<\/a> pintor que cre\u00f3 un fresco gigante a la entrada del pueblo en 2023: un fresco hist\u00f3rico aleg\u00f3rico sobre la historia del catarismo en Occitania.<\/p>\n\n\n\n<div style=\"height:30px\" aria-hidden=\"true\" class=\"wp-block-spacer\"><\/div>\n\n\n\n<h2 class=\"wp-block-heading\">Especificaciones t\u00e9cnicas<\/h2>\n\n\n\n<p>Ciclable a 95%, esta hermosa ruta serpentea por el Plateau de Sault y sus alrededores, con numerosos pasajes forestales.<\/p>\n\n\n\n<p><\/p>\n\n\n\n<p><strong>21 collares<\/strong><\/p>\n\n\n\n<figure class=\"wp-block-table\"><table class=\"has-background\" style=\"background-color:#f0f0f0\"><tbody><tr><td>1 - Col du Pradel<\/td><td class=\"has-text-align-center\" data-align=\"center\">990 m<\/td><td><a href=\"https:\/\/centcols.org\/es\/util\/geo\/visu.php\/?code=FR-11-0997\" target=\"_blank\" rel=\"noreferrer noopener\">FR-11-0997<\/a><\/td><\/tr><tr><td>2 - Col du B\u00e9lier<\/td><td class=\"has-text-align-center\" data-align=\"center\">1010 m<\/td><td><a href=\"https:\/\/centcols.org\/es\/util\/geo\/visu.php\/?code=FR-11-1010\" target=\"_blank\" rel=\"noreferrer noopener\">FR-11-1010<\/a><\/td><\/tr><tr><td>3 - Los pases<\/td><td class=\"has-text-align-center\" data-align=\"center\">945 m<\/td><td><a href=\"https:\/\/centcols.org\/es\/util\/geo\/visu.php\/?code=FR-11-0945a\" target=\"_blank\" rel=\"noreferrer noopener\">FR-11-0945a<\/a><\/td><\/tr><tr><td>4 - Pas de Joucou<\/td><td class=\"has-text-align-center\" data-align=\"center\">892 m<\/td><td><a href=\"https:\/\/centcols.org\/es\/util\/geo\/visu.php\/?code=FR-11-0892\" target=\"_blank\" rel=\"noreferrer noopener\">FR-11-0892<\/a><\/td><\/tr><tr><td>5 - Col de la F\u00e8de<\/td><td class=\"has-text-align-center\" data-align=\"center\">985 m<\/td><td><a href=\"https:\/\/centcols.org\/es\/util\/geo\/visu.php\/?code=FR-11-0985\" target=\"_blank\" rel=\"noreferrer noopener\">FR-11-0985<\/a><\/td><\/tr><tr><td>6 - Col de Quirhaut<\/td><td class=\"has-text-align-center\" data-align=\"center\">965 m<\/td><td><a href=\"https:\/\/centcols.org\/es\/util\/geo\/visu.php\/?code=FR-11-0960b\" target=\"_blank\" rel=\"noreferrer noopener\">FR-11-0960b<\/a><\/td><\/tr><tr><td>7 - Col du Sauzi<\/td><td class=\"has-text-align-center\" data-align=\"center\">895 m<\/td><td><a href=\"https:\/\/centcols.org\/es\/util\/geo\/visu.php\/?code=FR-11-0895\" target=\"_blank\" rel=\"noreferrer noopener\">FR-11-0895<\/a><\/td><\/tr><tr><td>8 - Col de Lafage<\/td><td class=\"has-text-align-center\" data-align=\"center\">925 m<\/td><td><a href=\"https:\/\/centcols.org\/es\/util\/geo\/visu.php\/?code=FR-11-0925\" target=\"_blank\" rel=\"noreferrer noopener\">FR-11-0925<\/a><\/td><\/tr><tr><td>9 - Col des Campasses<\/td><td class=\"has-text-align-center\" data-align=\"center\">990 m<\/td><td><a href=\"https:\/\/centcols.org\/es\/util\/geo\/visu.php\/?code=FR-11-0960a\" target=\"_blank\" rel=\"noreferrer noopener\">FR-11-0960a<\/a><\/td><\/tr><tr><td>10 - Col des Faour\u00e8s<\/td><td class=\"has-text-align-center\" data-align=\"center\">771 m<\/td><td><a href=\"https:\/\/centcols.org\/es\/util\/geo\/visu.php\/?code=FR-11-0771\" target=\"_blank\" rel=\"noreferrer noopener\">FR-11-0771<\/a><\/td><\/tr><tr><td>11 - Couillet de la Gourgo<\/td><td class=\"has-text-align-center\" data-align=\"center\">787 m<\/td><td><a href=\"https:\/\/centcols.org\/es\/util\/geo\/visu.php\/?code=FR-11-0787\" target=\"_blank\" rel=\"noreferrer noopener\">FR-11-0787<\/a><\/td><\/tr><tr><td>12 - Paso de los Agajos<\/td><td class=\"has-text-align-center\" data-align=\"center\">697 m<\/td><td><a href=\"https:\/\/centcols.org\/es\/util\/geo\/visu.php\/?code=FR-11-0697\" target=\"_blank\" rel=\"noreferrer noopener\">FR-11-0697<\/a><\/td><\/tr><tr><td>13 - Col de Gage<\/td><td class=\"has-text-align-center\" data-align=\"center\">695 m<\/td><td><a href=\"https:\/\/centcols.org\/es\/util\/geo\/visu.php\/?code=FR-11-0695\" target=\"_blank\" rel=\"noreferrer noopener\">FR-11-0695<\/a><\/td><\/tr><tr><td>14 - Col de Jass\u00e8re<\/td><td class=\"has-text-align-center\" data-align=\"center\">865 m<\/td><td><a href=\"https:\/\/centcols.org\/es\/util\/geo\/visu.php\/?code=FR-11-0857\" target=\"_blank\" rel=\"noreferrer noopener\">FR-11-0857<\/a><\/td><\/tr><tr><td>15 - Col dal Fach<\/td><td class=\"has-text-align-center\" data-align=\"center\">895 m<\/td><td><a href=\"https:\/\/centcols.org\/es\/util\/geo\/visu.php\/?code=FR-11-0885\" target=\"_blank\" rel=\"noreferrer noopener\">FR-11-0885<\/a><\/td><\/tr><tr><td>16 - Col de la Prade<\/td><td class=\"has-text-align-center\" data-align=\"center\">863 m<\/td><td><a href=\"https:\/\/centcols.org\/es\/util\/geo\/visu.php\/?code=FR-11-0863\" target=\"_blank\" rel=\"noreferrer noopener\">FR-11-0863<\/a><\/td><\/tr><tr><td>17 - Paso de Casse Crabides<\/td><td class=\"has-text-align-center\" data-align=\"center\">1088 m<\/td><td><a href=\"https:\/\/centcols.org\/es\/util\/geo\/visu.php\/?code=FR-11-1088\" target=\"_blank\" rel=\"noreferrer noopener\">FR-11-1088<\/a><\/td><\/tr><tr><td>18 - Col d'en Rouat<\/td><td class=\"has-text-align-center\" data-align=\"center\">1057 m<\/td><td><a href=\"https:\/\/centcols.org\/es\/util\/geo\/visu.php\/?code=FR-11-1057\" target=\"_blank\" rel=\"noreferrer noopener\">FR-11-1057<\/a><\/td><\/tr><tr><td>19 - Pase del alma<\/td><td class=\"has-text-align-center\" data-align=\"center\">1050 m<\/td><td><a href=\"https:\/\/centcols.org\/es\/util\/geo\/visu.php\/?code=FR-11-1050\" target=\"_blank\" rel=\"noreferrer noopener\">FR-11-1050<\/a><\/td><\/tr><tr><td>20 - Col de Camelier<\/td><td class=\"has-text-align-center\" data-align=\"center\">1072 m<\/td><td><a href=\"https:\/\/centcols.org\/es\/util\/geo\/visu.php\/?code=FR-11-1072\" target=\"_blank\" rel=\"noreferrer noopener\">FR-11-1072<\/a><\/td><\/tr><tr><td>21 - Col de Coudons<\/td><td class=\"has-text-align-center\" data-align=\"center\">883 m<\/td><td><a href=\"https:\/\/centcols.org\/es\/util\/geo\/visu.php\/?code=FR-11-0883\" target=\"_blank\" rel=\"noreferrer noopener\">FR-11-0883<\/a><\/td><\/tr><\/tbody><\/table><\/figure>\n\n\n\n<p><strong>Palabras clave<\/strong>&nbsp;: Coudons, Belvis, Cauna, Sault, centcols<\/p>\n\n\n\n<p>Enlace Openrunner, mapa interactivo, perfil, pista : <a href=\"https:\/\/www.openrunner.com\/route-details\/23207784\" target=\"_blank\" rel=\"noreferrer noopener\">https:\/\/www.openrunner.com\/route-details\/23207784<\/a><\/p>\n\n\n\n<p>Este itinerario se facilita \u00fanicamente a t\u00edtulo informativo. El autor no asume ninguna responsabilidad, ni tampoco el Club des Cent Cols, por los imponderables debidos al propio ciclista, al material utilizado o a cualquier cosa relacionada con la carretera, las pistas y los caminos, su entorno o los dem\u00e1s usuarios.<\/p>\n\n\n\n<div style=\"height:30px\" aria-hidden=\"true\" class=\"wp-block-spacer\"><\/div>\n\n\n\n<h2 class=\"wp-block-heading\">Fotos<\/h2>\n\n\n\n<figure class=\"wp-block-gallery has-nested-images columns-default is-cropped wp-block-gallery-1 is-layout-flex wp-block-gallery-is-layout-flex\">\n<figure class=\"wp-block-image size-full\"><a href=\"https:\/\/centcols.org\/wp-content\/uploads\/2026\/01\/Chapelle-a-Quirbajou.jpg\"><img loading=\"lazy\" decoding=\"async\" width=\"1200\" height=\"900\" data-id=\"92692\" src=\"https:\/\/centcols.org\/wp-content\/uploads\/2026\/01\/Chapelle-a-Quirbajou.jpg\" alt=\"\" class=\"wp-image-92692\" srcset=\"https:\/\/centcols.org\/wp-content\/uploads\/2026\/01\/Chapelle-a-Quirbajou.jpg 1200w, https:\/\/centcols.org\/wp-content\/uploads\/2026\/01\/Chapelle-a-Quirbajou-768x576.jpg 768w, https:\/\/centcols.org\/wp-content\/uploads\/2026\/01\/Chapelle-a-Quirbajou-16x12.jpg 16w\" sizes=\"auto, (max-width: 1200px) 100vw, 1200px\" \/><\/a><figcaption class=\"wp-element-caption\">Capilla de Quirbajou<\/figcaption><\/figure>\n\n\n\n<figure class=\"wp-block-image size-full\"><a href=\"https:\/\/centcols.org\/wp-content\/uploads\/2026\/01\/Fresque-a-Belvis-1.jpg\"><img loading=\"lazy\" decoding=\"async\" width=\"1200\" height=\"830\" data-id=\"92693\" src=\"https:\/\/centcols.org\/wp-content\/uploads\/2026\/01\/Fresque-a-Belvis-1.jpg\" alt=\"\" class=\"wp-image-92693\" srcset=\"https:\/\/centcols.org\/wp-content\/uploads\/2026\/01\/Fresque-a-Belvis-1.jpg 1200w, https:\/\/centcols.org\/wp-content\/uploads\/2026\/01\/Fresque-a-Belvis-1-768x531.jpg 768w, https:\/\/centcols.org\/wp-content\/uploads\/2026\/01\/Fresque-a-Belvis-1-18x12.jpg 18w\" sizes=\"auto, (max-width: 1200px) 100vw, 1200px\" \/><\/a><figcaption class=\"wp-element-caption\">Fresco en Belvis<\/figcaption><\/figure>\n\n\n\n<figure class=\"wp-block-image size-full\"><a href=\"https:\/\/centcols.org\/wp-content\/uploads\/2026\/01\/Fresque-de-Bernard-Romain-a-belvis-consacre-a-la-grotte-des-trois-freres-09.jpg\"><img loading=\"lazy\" decoding=\"async\" width=\"1200\" height=\"645\" data-id=\"92694\" src=\"https:\/\/centcols.org\/wp-content\/uploads\/2026\/01\/Fresque-de-Bernard-Romain-a-belvis-consacre-a-la-grotte-des-trois-freres-09.jpg\" alt=\"\" class=\"wp-image-92694\" srcset=\"https:\/\/centcols.org\/wp-content\/uploads\/2026\/01\/Fresque-de-Bernard-Romain-a-belvis-consacre-a-la-grotte-des-trois-freres-09.jpg 1200w, https:\/\/centcols.org\/wp-content\/uploads\/2026\/01\/Fresque-de-Bernard-Romain-a-belvis-consacre-a-la-grotte-des-trois-freres-09-768x413.jpg 768w, https:\/\/centcols.org\/wp-content\/uploads\/2026\/01\/Fresque-de-Bernard-Romain-a-belvis-consacre-a-la-grotte-des-trois-freres-09-18x10.jpg 18w\" sizes=\"auto, (max-width: 1200px) 100vw, 1200px\" \/><\/a><figcaption class=\"wp-element-caption\">Fresco de Bernard Romain en Belvis, dedicado a la cueva de los Trois Fr\u00e8res (09)<\/figcaption><\/figure>\n\n\n\n<figure class=\"wp-block-image size-full\"><a href=\"https:\/\/centcols.org\/wp-content\/uploads\/2026\/01\/Plateau-de-Sault-et-pyrenees-ariegeoises.jpg\"><img loading=\"lazy\" decoding=\"async\" width=\"1200\" height=\"540\" data-id=\"92695\" src=\"https:\/\/centcols.org\/wp-content\/uploads\/2026\/01\/Plateau-de-Sault-et-pyrenees-ariegeoises.jpg\" alt=\"\" class=\"wp-image-92695\" srcset=\"https:\/\/centcols.org\/wp-content\/uploads\/2026\/01\/Plateau-de-Sault-et-pyrenees-ariegeoises.jpg 1200w, https:\/\/centcols.org\/wp-content\/uploads\/2026\/01\/Plateau-de-Sault-et-pyrenees-ariegeoises-768x346.jpg 768w, https:\/\/centcols.org\/wp-content\/uploads\/2026\/01\/Plateau-de-Sault-et-pyrenees-ariegeoises-18x8.jpg 18w\" sizes=\"auto, (max-width: 1200px) 100vw, 1200px\" \/><\/a><figcaption class=\"wp-element-caption\">Meseta de Sault y Pirineos ari\u00e9geos<\/figcaption><\/figure>\n\n\n\n<figure class=\"wp-block-image size-full\"><a href=\"https:\/\/centcols.org\/wp-content\/uploads\/2026\/01\/Une-autre-fresque-a-Quirbajou.jpg\"><img loading=\"lazy\" decoding=\"async\" width=\"1200\" height=\"539\" data-id=\"92696\" src=\"https:\/\/centcols.org\/wp-content\/uploads\/2026\/01\/Une-autre-fresque-a-Quirbajou.jpg\" alt=\"\" class=\"wp-image-92696\" srcset=\"https:\/\/centcols.org\/wp-content\/uploads\/2026\/01\/Une-autre-fresque-a-Quirbajou.jpg 1200w, https:\/\/centcols.org\/wp-content\/uploads\/2026\/01\/Une-autre-fresque-a-Quirbajou-768x345.jpg 768w, https:\/\/centcols.org\/wp-content\/uploads\/2026\/01\/Une-autre-fresque-a-Quirbajou-18x8.jpg 18w\" sizes=\"auto, (max-width: 1200px) 100vw, 1200px\" \/><\/a><figcaption class=\"wp-element-caption\">Fresco en Quirbajou<\/figcaption><\/figure>\n<\/figure>","protected":false},"excerpt":{"rendered":"<p>Description de l\u2019auteur Auteurs&nbsp;: Patrick Mandard et Philippe ChazottierParcours&nbsp;: effectu\u00e9 le 30 mars 2025D\u00e9part&nbsp;: col de Coudons, sur la D613 pr\u00e8s du village \u00e9ponyme. Descriptif touristique En Pyr\u00e9n\u00e9es audoises, le Pays de Sault est constitu\u00e9 d\u2019un haut plateau situ\u00e9 \u00e0 plus de 1000 m d\u2019altitude et propose de magnifiques panoramas sur les Pyr\u00e9n\u00e9es ari\u00e9geoises. De [&hellip;]<\/p>\n","protected":false},"author":1726,"featured_media":92694,"comment_status":"open","ping_status":"open","sticky":false,"template":"","format":"standard","meta":{"_acf_changed":false,"footnotes":""},"categories":[303,319,396,455,220],"tags":[],"class_list":["post-92685","post","type-post","status-publish","format-standard","has-post-thumbnail","hentry","category-parcours-france","category-vtt-type-parcours","category-11-aude","category-occitanie-region-parcours-membres","category-parcours-membres"],"acf":[],"yoast_head":"<!-- This site is optimized with the Yoast SEO plugin v27.2 - https:\/\/yoast.com\/product\/yoast-seo-wordpress\/ -->\n<title>FR-11 Col de Coudons - VTT 49 km, D+ 1140 m, 21 cols - Club des Cent Cols<\/title>\n<meta name=\"robots\" content=\"index, follow, max-snippet:-1, max-image-preview:large, max-video-preview:-1\" \/>\n<link rel=\"canonical\" href=\"https:\/\/centcols.org\/es\/fr-11-bicicleta-de-montana-col-de-coudons\/\" \/>\n<meta property=\"og:locale\" content=\"es_ES\" \/>\n<meta property=\"og:type\" content=\"article\" \/>\n<meta property=\"og:title\" content=\"FR-11 Col de Coudons - VTT 49 km, D+ 1140 m, 21 cols - Club des Cent Cols\" \/>\n<meta property=\"og:description\" content=\"Description de l\u2019auteur Auteurs&nbsp;: Patrick Mandard et Philippe ChazottierParcours&nbsp;: effectu\u00e9 le 30 mars 2025D\u00e9part&nbsp;: col de Coudons, sur la D613 pr\u00e8s du village \u00e9ponyme. Descriptif touristique En Pyr\u00e9n\u00e9es audoises, le Pays de Sault est constitu\u00e9 d\u2019un haut plateau situ\u00e9 \u00e0 plus de 1000 m d\u2019altitude et propose de magnifiques panoramas sur les Pyr\u00e9n\u00e9es ari\u00e9geoises. De [&hellip;]\" \/>\n<meta property=\"og:url\" content=\"https:\/\/centcols.org\/es\/fr-11-bicicleta-de-montana-col-de-coudons\/\" \/>\n<meta property=\"og:site_name\" content=\"Club des Cent Cols\" \/>\n<meta property=\"article:publisher\" content=\"https:\/\/www.facebook.com\/groups\/5261880558\/?locale=fr_FR\" \/>\n<meta property=\"article:published_time\" content=\"2026-01-19T19:48:05+00:00\" \/>\n<meta property=\"article:modified_time\" content=\"2026-03-10T15:53:45+00:00\" \/>\n<meta property=\"og:image\" content=\"https:\/\/centcols.org\/wp-content\/uploads\/2026\/01\/Fresque-de-Bernard-Romain-a-belvis-consacre-a-la-grotte-des-trois-freres-09.jpg\" \/>\n\t<meta property=\"og:image:width\" content=\"1200\" \/>\n\t<meta property=\"og:image:height\" content=\"645\" \/>\n\t<meta property=\"og:image:type\" content=\"image\/jpeg\" \/>\n<meta name=\"author\" content=\"Ren\u00e9 Mercier\" \/>\n<meta name=\"twitter:card\" content=\"summary_large_image\" \/>\n<meta name=\"twitter:label1\" content=\"Escrito por\" \/>\n\t<meta name=\"twitter:data1\" content=\"Ren\u00e9 Mercier\" \/>\n\t<meta name=\"twitter:label2\" content=\"Tiempo de lectura\" \/>\n\t<meta name=\"twitter:data2\" content=\"4 minutos\" \/>\n<script type=\"application\/ld+json\" class=\"yoast-schema-graph\">{\"@context\":\"https:\/\/schema.org\",\"@graph\":[{\"@type\":\"Article\",\"@id\":\"https:\/\/centcols.org\/nl\/fr-11-col-de-coudons-mountainbike\/#article\",\"isPartOf\":{\"@id\":\"https:\/\/centcols.org\/nl\/fr-11-col-de-coudons-mountainbike\/\"},\"author\":{\"name\":\"Ren\u00e9 Mercier\",\"@id\":\"https:\/\/centcols.org\/#\/schema\/person\/0cc8f723679c98f3fb7798df5a50c018\"},\"headline\":\"FR-11 Col de Coudons &#8211; VTT 49 km, D+ 1140 m, 21 cols\",\"datePublished\":\"2026-01-19T19:48:05+00:00\",\"dateModified\":\"2026-03-10T15:53:45+00:00\",\"mainEntityOfPage\":{\"@id\":\"https:\/\/centcols.org\/nl\/fr-11-col-de-coudons-mountainbike\/\"},\"wordCount\":475,\"commentCount\":0,\"publisher\":{\"@id\":\"https:\/\/centcols.org\/#organization\"},\"image\":{\"@id\":\"https:\/\/centcols.org\/nl\/fr-11-col-de-coudons-mountainbike\/#primaryimage\"},\"thumbnailUrl\":\"https:\/\/centcols.org\/wp-content\/uploads\/2026\/01\/Fresque-de-Bernard-Romain-a-belvis-consacre-a-la-grotte-des-trois-freres-09.jpg\",\"articleSection\":[\"Parcours France\",\"VTT\",\"11-Aude\",\"Occitanie\",\"Parcours membres\"],\"inLanguage\":\"es\",\"potentialAction\":[{\"@type\":\"CommentAction\",\"name\":\"Comment\",\"target\":[\"https:\/\/centcols.org\/nl\/fr-11-col-de-coudons-mountainbike\/#respond\"]}]},{\"@type\":\"WebPage\",\"@id\":\"https:\/\/centcols.org\/nl\/fr-11-col-de-coudons-mountainbike\/\",\"url\":\"https:\/\/centcols.org\/nl\/fr-11-col-de-coudons-mountainbike\/\",\"name\":\"FR-11 Col de Coudons - VTT 49 km, D+ 1140 m, 21 cols - Club des Cent Cols\",\"isPartOf\":{\"@id\":\"https:\/\/centcols.org\/#website\"},\"primaryImageOfPage\":{\"@id\":\"https:\/\/centcols.org\/nl\/fr-11-col-de-coudons-mountainbike\/#primaryimage\"},\"image\":{\"@id\":\"https:\/\/centcols.org\/nl\/fr-11-col-de-coudons-mountainbike\/#primaryimage\"},\"thumbnailUrl\":\"https:\/\/centcols.org\/wp-content\/uploads\/2026\/01\/Fresque-de-Bernard-Romain-a-belvis-consacre-a-la-grotte-des-trois-freres-09.jpg\",\"datePublished\":\"2026-01-19T19:48:05+00:00\",\"dateModified\":\"2026-03-10T15:53:45+00:00\",\"breadcrumb\":{\"@id\":\"https:\/\/centcols.org\/nl\/fr-11-col-de-coudons-mountainbike\/#breadcrumb\"},\"inLanguage\":\"es\",\"potentialAction\":[{\"@type\":\"ReadAction\",\"target\":[\"https:\/\/centcols.org\/nl\/fr-11-col-de-coudons-mountainbike\/\"]}]},{\"@type\":\"ImageObject\",\"inLanguage\":\"es\",\"@id\":\"https:\/\/centcols.org\/nl\/fr-11-col-de-coudons-mountainbike\/#primaryimage\",\"url\":\"https:\/\/centcols.org\/wp-content\/uploads\/2026\/01\/Fresque-de-Bernard-Romain-a-belvis-consacre-a-la-grotte-des-trois-freres-09.jpg\",\"contentUrl\":\"https:\/\/centcols.org\/wp-content\/uploads\/2026\/01\/Fresque-de-Bernard-Romain-a-belvis-consacre-a-la-grotte-des-trois-freres-09.jpg\",\"width\":1200,\"height\":645},{\"@type\":\"BreadcrumbList\",\"@id\":\"https:\/\/centcols.org\/nl\/fr-11-col-de-coudons-mountainbike\/#breadcrumb\",\"itemListElement\":[{\"@type\":\"ListItem\",\"position\":1,\"name\":\"Accueil\",\"item\":\"https:\/\/centcols.org\/\"},{\"@type\":\"ListItem\",\"position\":2,\"name\":\"Parcours membres\",\"item\":\"https:\/\/centcols.org\/rubrique\/parcours-membres\/\"},{\"@type\":\"ListItem\",\"position\":3,\"name\":\"Pays\",\"item\":\"https:\/\/centcols.org\/rubrique\/parcours-membres\/pays-parcours-membres\/\"},{\"@type\":\"ListItem\",\"position\":4,\"name\":\"Parcours France\",\"item\":\"https:\/\/centcols.org\/rubrique\/parcours-membres\/pays-parcours-membres\/parcours-france\/\"},{\"@type\":\"ListItem\",\"position\":5,\"name\":\"FR-11 Col de Coudons &#8211; VTT 49 km, D+ 1140 m, 21 cols\"}]},{\"@type\":\"WebSite\",\"@id\":\"https:\/\/centcols.org\/#website\",\"url\":\"https:\/\/centcols.org\/\",\"name\":\"Club des Cent Cols\",\"description\":\"\",\"publisher\":{\"@id\":\"https:\/\/centcols.org\/#organization\"},\"potentialAction\":[{\"@type\":\"SearchAction\",\"target\":{\"@type\":\"EntryPoint\",\"urlTemplate\":\"https:\/\/centcols.org\/?s={search_term_string}\"},\"query-input\":{\"@type\":\"PropertyValueSpecification\",\"valueRequired\":true,\"valueName\":\"search_term_string\"}}],\"inLanguage\":\"es\"},{\"@type\":\"Organization\",\"@id\":\"https:\/\/centcols.org\/#organization\",\"name\":\"Club des Cent Cols\",\"url\":\"https:\/\/centcols.org\/\",\"logo\":{\"@type\":\"ImageObject\",\"inLanguage\":\"es\",\"@id\":\"https:\/\/centcols.org\/#\/schema\/logo\/image\/\",\"url\":\"https:\/\/centcols.org\/wp-content\/uploads\/2025\/01\/carte-icone.png\",\"contentUrl\":\"https:\/\/centcols.org\/wp-content\/uploads\/2025\/01\/carte-icone.png\",\"width\":250,\"height\":250,\"caption\":\"Club des Cent Cols\"},\"image\":{\"@id\":\"https:\/\/centcols.org\/#\/schema\/logo\/image\/\"},\"sameAs\":[\"https:\/\/www.facebook.com\/groups\/5261880558\/?locale=fr_FR\"]},{\"@type\":\"Person\",\"@id\":\"https:\/\/centcols.org\/#\/schema\/person\/0cc8f723679c98f3fb7798df5a50c018\",\"name\":\"Ren\u00e9 Mercier\",\"image\":{\"@type\":\"ImageObject\",\"inLanguage\":\"es\",\"@id\":\"https:\/\/centcols.org\/wp-content\/litespeed\/avatar\/c2275eeaf79d4f7456274de381abeeab.jpg?ver=1777347562\",\"url\":\"https:\/\/centcols.org\/wp-content\/litespeed\/avatar\/c2275eeaf79d4f7456274de381abeeab.jpg?ver=1777347562\",\"contentUrl\":\"https:\/\/centcols.org\/wp-content\/litespeed\/avatar\/c2275eeaf79d4f7456274de381abeeab.jpg?ver=1777347562\",\"caption\":\"Ren\u00e9 Mercier\"},\"url\":\"https:\/\/centcols.org\/es\/author\/7552\/\"}]}<\/script>\n<!-- \/ Yoast SEO plugin. -->","yoast_head_json":{"title":"FR-11 Col de Coudons - BTT 49 km, D+ 1140 m, 21 puertos - Club des Cent Cols","robots":{"index":"index","follow":"follow","max-snippet":"max-snippet:-1","max-image-preview":"max-image-preview:large","max-video-preview":"max-video-preview:-1"},"canonical":"https:\/\/centcols.org\/es\/fr-11-bicicleta-de-montana-col-de-coudons\/","og_locale":"es_ES","og_type":"article","og_title":"FR-11 Col de Coudons - VTT 49 km, D+ 1140 m, 21 cols - Club des Cent Cols","og_description":"Description de l\u2019auteur Auteurs&nbsp;: Patrick Mandard et Philippe ChazottierParcours&nbsp;: effectu\u00e9 le 30 mars 2025D\u00e9part&nbsp;: col de Coudons, sur la D613 pr\u00e8s du village \u00e9ponyme. Descriptif touristique En Pyr\u00e9n\u00e9es audoises, le Pays de Sault est constitu\u00e9 d\u2019un haut plateau situ\u00e9 \u00e0 plus de 1000 m d\u2019altitude et propose de magnifiques panoramas sur les Pyr\u00e9n\u00e9es ari\u00e9geoises. De [&hellip;]","og_url":"https:\/\/centcols.org\/es\/fr-11-bicicleta-de-montana-col-de-coudons\/","og_site_name":"Club des Cent Cols","article_publisher":"https:\/\/www.facebook.com\/groups\/5261880558\/?locale=fr_FR","article_published_time":"2026-01-19T19:48:05+00:00","article_modified_time":"2026-03-10T15:53:45+00:00","og_image":[{"width":1200,"height":645,"url":"https:\/\/centcols.org\/wp-content\/uploads\/2026\/01\/Fresque-de-Bernard-Romain-a-belvis-consacre-a-la-grotte-des-trois-freres-09.jpg","type":"image\/jpeg"}],"author":"Ren\u00e9 Mercier","twitter_card":"summary_large_image","twitter_misc":{"Escrito por":"Ren\u00e9 Mercier","Tiempo de lectura":"4 minutos"},"schema":{"@context":"https:\/\/schema.org","@graph":[{"@type":"Article","@id":"https:\/\/centcols.org\/nl\/fr-11-col-de-coudons-mountainbike\/#article","isPartOf":{"@id":"https:\/\/centcols.org\/nl\/fr-11-col-de-coudons-mountainbike\/"},"author":{"name":"Ren\u00e9 Mercier","@id":"https:\/\/centcols.org\/#\/schema\/person\/0cc8f723679c98f3fb7798df5a50c018"},"headline":"FR-11 Col de Coudons &#8211; VTT 49 km, D+ 1140 m, 21 cols","datePublished":"2026-01-19T19:48:05+00:00","dateModified":"2026-03-10T15:53:45+00:00","mainEntityOfPage":{"@id":"https:\/\/centcols.org\/nl\/fr-11-col-de-coudons-mountainbike\/"},"wordCount":475,"commentCount":0,"publisher":{"@id":"https:\/\/centcols.org\/#organization"},"image":{"@id":"https:\/\/centcols.org\/nl\/fr-11-col-de-coudons-mountainbike\/#primaryimage"},"thumbnailUrl":"https:\/\/centcols.org\/wp-content\/uploads\/2026\/01\/Fresque-de-Bernard-Romain-a-belvis-consacre-a-la-grotte-des-trois-freres-09.jpg","articleSection":["Parcours France","VTT","11-Aude","Occitanie","Parcours membres"],"inLanguage":"es","potentialAction":[{"@type":"CommentAction","name":"Comment","target":["https:\/\/centcols.org\/nl\/fr-11-col-de-coudons-mountainbike\/#respond"]}]},{"@type":"WebPage","@id":"https:\/\/centcols.org\/nl\/fr-11-col-de-coudons-mountainbike\/","url":"https:\/\/centcols.org\/nl\/fr-11-col-de-coudons-mountainbike\/","name":"FR-11 Col de Coudons - BTT 49 km, D+ 1140 m, 21 puertos - Club des Cent Cols","isPartOf":{"@id":"https:\/\/centcols.org\/#website"},"primaryImageOfPage":{"@id":"https:\/\/centcols.org\/nl\/fr-11-col-de-coudons-mountainbike\/#primaryimage"},"image":{"@id":"https:\/\/centcols.org\/nl\/fr-11-col-de-coudons-mountainbike\/#primaryimage"},"thumbnailUrl":"https:\/\/centcols.org\/wp-content\/uploads\/2026\/01\/Fresque-de-Bernard-Romain-a-belvis-consacre-a-la-grotte-des-trois-freres-09.jpg","datePublished":"2026-01-19T19:48:05+00:00","dateModified":"2026-03-10T15:53:45+00:00","breadcrumb":{"@id":"https:\/\/centcols.org\/nl\/fr-11-col-de-coudons-mountainbike\/#breadcrumb"},"inLanguage":"es","potentialAction":[{"@type":"ReadAction","target":["https:\/\/centcols.org\/nl\/fr-11-col-de-coudons-mountainbike\/"]}]},{"@type":"ImageObject","inLanguage":"es","@id":"https:\/\/centcols.org\/nl\/fr-11-col-de-coudons-mountainbike\/#primaryimage","url":"https:\/\/centcols.org\/wp-content\/uploads\/2026\/01\/Fresque-de-Bernard-Romain-a-belvis-consacre-a-la-grotte-des-trois-freres-09.jpg","contentUrl":"https:\/\/centcols.org\/wp-content\/uploads\/2026\/01\/Fresque-de-Bernard-Romain-a-belvis-consacre-a-la-grotte-des-trois-freres-09.jpg","width":1200,"height":645},{"@type":"BreadcrumbList","@id":"https:\/\/centcols.org\/nl\/fr-11-col-de-coudons-mountainbike\/#breadcrumb","itemListElement":[{"@type":"ListItem","position":1,"name":"Accueil","item":"https:\/\/centcols.org\/"},{"@type":"ListItem","position":2,"name":"Parcours membres","item":"https:\/\/centcols.org\/rubrique\/parcours-membres\/"},{"@type":"ListItem","position":3,"name":"Pays","item":"https:\/\/centcols.org\/rubrique\/parcours-membres\/pays-parcours-membres\/"},{"@type":"ListItem","position":4,"name":"Parcours France","item":"https:\/\/centcols.org\/rubrique\/parcours-membres\/pays-parcours-membres\/parcours-france\/"},{"@type":"ListItem","position":5,"name":"FR-11 Col de Coudons &#8211; VTT 49 km, D+ 1140 m, 21 cols"}]},{"@type":"WebSite","@id":"https:\/\/centcols.org\/#website","url":"https:\/\/centcols.org\/","name":"Club des Cent Cols","description":"","publisher":{"@id":"https:\/\/centcols.org\/#organization"},"potentialAction":[{"@type":"SearchAction","target":{"@type":"EntryPoint","urlTemplate":"https:\/\/centcols.org\/?s={search_term_string}"},"query-input":{"@type":"PropertyValueSpecification","valueRequired":true,"valueName":"search_term_string"}}],"inLanguage":"es"},{"@type":"Organization","@id":"https:\/\/centcols.org\/#organization","name":"Club des Cent Cols","url":"https:\/\/centcols.org\/","logo":{"@type":"ImageObject","inLanguage":"es","@id":"https:\/\/centcols.org\/#\/schema\/logo\/image\/","url":"https:\/\/centcols.org\/wp-content\/uploads\/2025\/01\/carte-icone.png","contentUrl":"https:\/\/centcols.org\/wp-content\/uploads\/2025\/01\/carte-icone.png","width":250,"height":250,"caption":"Club des Cent Cols"},"image":{"@id":"https:\/\/centcols.org\/#\/schema\/logo\/image\/"},"sameAs":["https:\/\/www.facebook.com\/groups\/5261880558\/?locale=fr_FR"]},{"@type":"Person","@id":"https:\/\/centcols.org\/#\/schema\/person\/0cc8f723679c98f3fb7798df5a50c018","name":"Ren\u00e9 Mercier","image":{"@type":"ImageObject","inLanguage":"es","@id":"https:\/\/centcols.org\/wp-content\/litespeed\/avatar\/c2275eeaf79d4f7456274de381abeeab.jpg?ver=1777347562","url":"https:\/\/centcols.org\/wp-content\/litespeed\/avatar\/c2275eeaf79d4f7456274de381abeeab.jpg?ver=1777347562","contentUrl":"https:\/\/centcols.org\/wp-content\/litespeed\/avatar\/c2275eeaf79d4f7456274de381abeeab.jpg?ver=1777347562","caption":"Ren\u00e9 Mercier"},"url":"https:\/\/centcols.org\/es\/author\/7552\/"}]}},"_links":{"self":[{"href":"https:\/\/centcols.org\/es\/wp-json\/wp\/v2\/posts\/92685","targetHints":{"allow":["GET"]}}],"collection":[{"href":"https:\/\/centcols.org\/es\/wp-json\/wp\/v2\/posts"}],"about":[{"href":"https:\/\/centcols.org\/es\/wp-json\/wp\/v2\/types\/post"}],"author":[{"embeddable":true,"href":"https:\/\/centcols.org\/es\/wp-json\/wp\/v2\/users\/1726"}],"replies":[{"embeddable":true,"href":"https:\/\/centcols.org\/es\/wp-json\/wp\/v2\/comments?post=92685"}],"version-history":[{"count":0,"href":"https:\/\/centcols.org\/es\/wp-json\/wp\/v2\/posts\/92685\/revisions"}],"wp:featuredmedia":[{"embeddable":true,"href":"https:\/\/centcols.org\/es\/wp-json\/wp\/v2\/media\/92694"}],"wp:attachment":[{"href":"https:\/\/centcols.org\/es\/wp-json\/wp\/v2\/media?parent=92685"}],"wp:term":[{"taxonomy":"category","embeddable":true,"href":"https:\/\/centcols.org\/es\/wp-json\/wp\/v2\/categories?post=92685"},{"taxonomy":"post_tag","embeddable":true,"href":"https:\/\/centcols.org\/es\/wp-json\/wp\/v2\/tags?post=92685"}],"curies":[{"name":"wp","href":"https:\/\/api.w.org\/{rel}","templated":true}]}}