{"id":92897,"date":"2026-01-27T19:41:11","date_gmt":"2026-01-27T17:41:11","guid":{"rendered":"https:\/\/centcols.org\/?p=92897"},"modified":"2026-02-18T12:21:06","modified_gmt":"2026-02-18T10:21:06","slug":"cols-de-redondet-y-cols-des-champs","status":"publish","type":"post","link":"https:\/\/centcols.org\/es\/cols-de-redondet-et-cols-des-champs\/","title":{"rendered":"Cols de Redondet y Cols des Champs"},"content":{"rendered":"<p>Pregunta: el Chauvot muestra collares con el mismo nombre. \u00bfSon un mismo pase o se trata de dos pases diferentes que pueden incluirse en nuestras listas anuales?<\/p>\n\n\n\n<p>Ejemplos:<br>- los puertos de Redondet (FR-15-1531 y FR-15-1640)<br>- les cols des Champs (FR-04-2093 y FR-04-2040)<\/p>\n\n\n\n<p>Respuesta:<\/p>\n\n\n\n<p><strong>1) \u00bfHay uno o dos pases Redondet?<\/strong><br>Referencias: ninguno de estos pasos tiene se\u00f1al de cumbre (en 2002...).<\/p>\n\n\n\n<p><strong>\u00bfQu\u00e9 dice Michelin?<\/strong><\/p>\n\n\n\n<figure class=\"wp-block-image size-full\"><img loading=\"lazy\" decoding=\"async\" width=\"393\" height=\"243\" src=\"https:\/\/centcols.org\/wp-content\/uploads\/2026\/01\/col-de-redondet_michelin.jpg\" alt=\"\" class=\"wp-image-92899\" srcset=\"https:\/\/centcols.org\/wp-content\/uploads\/2026\/01\/col-de-redondet_michelin.jpg 393w, https:\/\/centcols.org\/wp-content\/uploads\/2026\/01\/col-de-redondet_michelin-18x12.jpg 18w\" sizes=\"auto, (max-width: 393px) 100vw, 393px\" \/><\/figure>\n\n\n\n<p>El Col de Redondet est\u00e1 marcado &gt;.&lt; en la carretera (D17) a una altitud de 1531m. Este paso se nombra en el mapa.<\/p>\n\n\n\n<p><strong>\u00bfQu\u00e9 dice el IGN?<\/strong><\/p>\n\n\n\n<figure class=\"wp-block-image size-full\"><img loading=\"lazy\" decoding=\"async\" width=\"397\" height=\"209\" src=\"https:\/\/centcols.org\/wp-content\/uploads\/2026\/01\/col-de-redondet_ign.jpg\" alt=\"\" class=\"wp-image-92900\" srcset=\"https:\/\/centcols.org\/wp-content\/uploads\/2026\/01\/col-de-redondet_ign.jpg 397w, https:\/\/centcols.org\/wp-content\/uploads\/2026\/01\/col-de-redondet_ign-18x9.jpg 18w\" sizes=\"auto, (max-width: 397px) 100vw, 397px\" \/><\/figure>\n\n\n\n<p>El Col de Redondet es un puerto <strong><em>arriero<\/em><\/strong> situado a una altitud de 1640 m, a 700 m en l\u00ednea recta del paso de la carretera Michelin.<\/p>\n\n\n\n<p>- \u00bfPodemos considerar que se trata del mismo paso pero con dos altitudes diferentes, como en el caso de un paso de cresta con un t\u00fanel que pasa por debajo? No lo creo, porque el primer paso (de carretera) est\u00e1 situado en una cresta Este-Oeste y conecta un valle al Norte (circo de Falgoux) y otro al Sur, mientras que el segundo paso (de mula) en Redondet est\u00e1 situado en una cresta Norte-Sur y conecta un valle al Oeste y otro al Este. \u00abGeogr\u00e1ficamente hablando <strong>DOS<\/strong> diferentes collares.<\/p>\n\n\n\n<p>- Pero, \u00bfqui\u00e9n tiene raz\u00f3n entre Michelin e IGN?<br>Yo me inclinar\u00eda por el IGN... pero si echas un vistazo a las numerosas p\u00e1ginas web que mencionan el Col de Redondet, TODAS hacen referencia al puerto de carretera. Esto se ha convertido en una pr\u00e1ctica habitual y no se entender\u00eda que se eliminara la versi\u00f3n de carretera de este puerto en nombre del mapa del IGN.<\/p>\n\n\n\n<p class=\"has-black-color has-text-color has-link-color wp-elements-ac1695946044046a9ae09f889a5a97a2\"><strong>Conclusi\u00f3n<\/strong> Redondet: sigue habiendo dos pasos de Redondet en el Chauvot y los miembros de la Cofrad\u00eda pueden declarar dos pasos de este nombre en sus listas, ya que en realidad hay dos pasos diferentes.<\/p>\n\n\n\n<p><strong>2) El Col des Champs.<\/strong><\/p>\n\n\n\n<p><strong>\u00bfQu\u00e9 dice Michelin?<\/strong><\/p>\n\n\n\n<figure class=\"wp-block-image size-full\"><img loading=\"lazy\" decoding=\"async\" width=\"336\" height=\"227\" src=\"https:\/\/centcols.org\/wp-content\/uploads\/2026\/01\/col-des-champs_michelin.jpg\" alt=\"\" class=\"wp-image-92901\" srcset=\"https:\/\/centcols.org\/wp-content\/uploads\/2026\/01\/col-des-champs_michelin.jpg 336w, https:\/\/centcols.org\/wp-content\/uploads\/2026\/01\/col-des-champs_michelin-18x12.jpg 18w\" sizes=\"auto, (max-width: 336px) 100vw, 336px\" \/><\/figure>\n\n\n\n<p>El Col des Champs est\u00e1 perfectamente simbolizado FUERA de la carretera, en una pista m\u00e1s al norte.<\/p>\n\n\n\n<p><strong>\u00bfQu\u00e9 dice el IGN?<\/strong><\/p>\n\n\n\n<figure class=\"wp-block-image size-full\"><img loading=\"lazy\" decoding=\"async\" width=\"411\" height=\"430\" src=\"https:\/\/centcols.org\/wp-content\/uploads\/2026\/01\/col-des-champs_ign.jpg\" alt=\"\" class=\"wp-image-92902\" srcset=\"https:\/\/centcols.org\/wp-content\/uploads\/2026\/01\/col-des-champs_ign.jpg 411w, https:\/\/centcols.org\/wp-content\/uploads\/2026\/01\/col-des-champs_ign-11x12.jpg 11w\" sizes=\"auto, (max-width: 411px) 100vw, 411px\" \/><\/figure>\n\n\n\n<p>El Col des Champs est\u00e1 claramente se\u00f1alizado a 2045 m, en una pista por debajo de la carretera. No hay pasos indicados en esta carretera.<\/p>\n\n\n\n<p>Entonces, \u00bfpor qu\u00e9 existe una \u00abcarretera\u00bb Col des Champs (FR-04-2093)? Simplemente porque una se\u00f1al DDE lo indica en la carretera en el punto \u00abP\u00bb del mapa anterior.<\/p>\n\n\n\n<figure class=\"wp-block-image size-full\"><img loading=\"lazy\" decoding=\"async\" width=\"604\" height=\"174\" src=\"https:\/\/centcols.org\/wp-content\/uploads\/2026\/01\/cols-des-champs_elargi.jpg\" alt=\"\" class=\"wp-image-92903\" srcset=\"https:\/\/centcols.org\/wp-content\/uploads\/2026\/01\/cols-des-champs_elargi.jpg 604w, https:\/\/centcols.org\/wp-content\/uploads\/2026\/01\/cols-des-champs_elargi-18x5.jpg 18w\" sizes=\"auto, (max-width: 604px) 100vw, 604px\" \/><figcaption class=\"wp-element-caption\">Paso de carretera (se\u00f1al). A la derecha, Col des Champs \u00abg\u00e9ographique\u00bb IGN 2045m.<\/figcaption><\/figure>\n\n\n\n<figure class=\"wp-block-image size-full\"><img loading=\"lazy\" decoding=\"async\" width=\"320\" height=\"240\" src=\"https:\/\/centcols.org\/wp-content\/uploads\/2026\/01\/cols-des-champs_annotations.jpg\" alt=\"\" class=\"wp-image-92904\" srcset=\"https:\/\/centcols.org\/wp-content\/uploads\/2026\/01\/cols-des-champs_annotations.jpg 320w, https:\/\/centcols.org\/wp-content\/uploads\/2026\/01\/cols-des-champs_annotations-16x12.jpg 16w\" sizes=\"auto, (max-width: 320px) 100vw, 320px\" \/><\/figure>\n\n\n\n<p>\u00bfHay DOS cols des Champs en la topograf\u00eda local?<\/p>\n\n\n\n<p>No, porque las rutas \u00abde carretera\u00bb y \u00abde mulas\u00bb conectan los mismos valles (Var al este, Verdon al oeste). No estamos en la misma situaci\u00f3n que los pasos de Redondet.<br>Por tanto, es el <em><strong>mismo pasaje<\/strong><\/em>.<br>As\u00ed que tenemos tres referencias:<br>- se\u00f1al (en la carretera)<br>- Mapa Michelin (Col des Champs Muletier al norte de la carretera)<br>- Mapa IGN (Col des Champs Muletier al norte de la carretera)<br>Me inclinar\u00eda a decir que la se\u00f1al es minoritaria y que se ha colocado indebidamente en la carretera...<br>Pero tambi\u00e9n en este caso, la tradici\u00f3n dicta que el Col des Champs se atraviese por carretera, y nadie entender\u00eda que s\u00f3lo quedara el camino de herradura del Chauvot.<\/p>\n\n\n\n<p class=\"has-black-color has-text-color has-link-color wp-elements-e7f6ba817c52029436a16c71e208e805\">\u00bfDeber\u00eda incluir dos Col des Champs en su lista anual? No lo creo, ya que son el mismo puerto.<\/p>\n\n\n\n<p>Feliz collaring a todos.<\/p>\n\n\n\n<p>Ren\u00e9 Poty<\/p>\n\n\n\n<p>Nota del editor: este art\u00edculo data de principios de la d\u00e9cada de 2000. En 2026, el Groupe de Travail des Cols de France ha resuelto la cuesti\u00f3n del Col des Champs. S\u00f3lo hay un puerto que declarar en su lista, uno u otro. En cuanto a los puertos t\u00fanel, que son dos pasos sobre el mismo puerto.<\/p>","protected":false},"excerpt":{"rendered":"<p>Question : le Chauvot fait appara\u00eetre des cols portant le m\u00eame nom. S&rsquo;agit-il d&rsquo;un seul et m\u00eame col ou bien de deux cols diff\u00e9rents pouvant \u00eatre port\u00e9s sur nos listes annuelles ? Exemples :&#8211; les cols de Redondet (FR-15-1531 et FR-15-1640)&#8211; les cols des Champs (FR-04-2093 et FR-04-2040) R\u00e9ponse : 1) Existe-t-il un ou deux [&hellip;]<\/p>\n","protected":false},"author":1726,"featured_media":93256,"comment_status":"closed","ping_status":"closed","sticky":false,"template":"","format":"standard","meta":{"_acf_changed":false,"footnotes":""},"categories":[308],"tags":[],"class_list":["post-92897","post","type-post","status-publish","format-standard","has-post-thumbnail","hentry","category-cols-en-vrac"],"acf":[],"yoast_head":"<!-- This site is optimized with the Yoast SEO plugin v27.2 - https:\/\/yoast.com\/product\/yoast-seo-wordpress\/ -->\n<title>Cols de Redondet et cols des Champs - Club des Cent Cols<\/title>\n<meta name=\"robots\" content=\"index, follow, max-snippet:-1, max-image-preview:large, max-video-preview:-1\" \/>\n<link rel=\"canonical\" href=\"https:\/\/centcols.org\/es\/cols-de-redondet-y-cols-des-champs\/\" \/>\n<meta property=\"og:locale\" content=\"es_ES\" \/>\n<meta property=\"og:type\" content=\"article\" \/>\n<meta property=\"og:title\" content=\"Cols de Redondet et cols des Champs - Club des Cent Cols\" \/>\n<meta property=\"og:description\" content=\"Question : le Chauvot fait appara\u00eetre des cols portant le m\u00eame nom. S&rsquo;agit-il d&rsquo;un seul et m\u00eame col ou bien de deux cols diff\u00e9rents pouvant \u00eatre port\u00e9s sur nos listes annuelles ? Exemples :&#8211; les cols de Redondet (FR-15-1531 et FR-15-1640)&#8211; les cols des Champs (FR-04-2093 et FR-04-2040) R\u00e9ponse : 1) Existe-t-il un ou deux [&hellip;]\" \/>\n<meta property=\"og:url\" content=\"https:\/\/centcols.org\/es\/cols-de-redondet-y-cols-des-champs\/\" \/>\n<meta property=\"og:site_name\" content=\"Club des Cent Cols\" \/>\n<meta property=\"article:publisher\" content=\"https:\/\/www.facebook.com\/groups\/5261880558\/?locale=fr_FR\" \/>\n<meta property=\"article:published_time\" content=\"2026-01-27T17:41:11+00:00\" \/>\n<meta property=\"article:modified_time\" content=\"2026-02-18T10:21:06+00:00\" \/>\n<meta property=\"og:image\" content=\"https:\/\/centcols.org\/wp-content\/uploads\/2026\/01\/coldeschamps.jpg\" \/>\n\t<meta property=\"og:image:width\" content=\"800\" \/>\n\t<meta property=\"og:image:height\" content=\"450\" \/>\n\t<meta property=\"og:image:type\" content=\"image\/jpeg\" \/>\n<meta name=\"author\" content=\"Ren\u00e9 Mercier\" \/>\n<meta name=\"twitter:card\" content=\"summary_large_image\" \/>\n<meta name=\"twitter:label1\" content=\"Escrito por\" \/>\n\t<meta name=\"twitter:data1\" content=\"Ren\u00e9 Mercier\" \/>\n\t<meta name=\"twitter:label2\" content=\"Tiempo de lectura\" \/>\n\t<meta name=\"twitter:data2\" content=\"5 minutos\" \/>\n<script type=\"application\/ld+json\" class=\"yoast-schema-graph\">{\"@context\":\"https:\/\/schema.org\",\"@graph\":[{\"@type\":\"Article\",\"@id\":\"https:\/\/centcols.org\/nl\/cols-de-redondet-et-cols-des-champs\/#article\",\"isPartOf\":{\"@id\":\"https:\/\/centcols.org\/nl\/cols-de-redondet-et-cols-des-champs\/\"},\"author\":{\"name\":\"Ren\u00e9 Mercier\",\"@id\":\"https:\/\/centcols.org\/#\/schema\/person\/0cc8f723679c98f3fb7798df5a50c018\"},\"headline\":\"Cols de Redondet et cols des Champs\",\"datePublished\":\"2026-01-27T17:41:11+00:00\",\"dateModified\":\"2026-02-18T10:21:06+00:00\",\"mainEntityOfPage\":{\"@id\":\"https:\/\/centcols.org\/nl\/cols-de-redondet-et-cols-des-champs\/\"},\"wordCount\":687,\"publisher\":{\"@id\":\"https:\/\/centcols.org\/#organization\"},\"image\":{\"@id\":\"https:\/\/centcols.org\/nl\/cols-de-redondet-et-cols-des-champs\/#primaryimage\"},\"thumbnailUrl\":\"https:\/\/centcols.org\/wp-content\/uploads\/2026\/01\/coldeschamps.jpg\",\"articleSection\":[\"Cols en vrac\"],\"inLanguage\":\"es\"},{\"@type\":\"WebPage\",\"@id\":\"https:\/\/centcols.org\/nl\/cols-de-redondet-et-cols-des-champs\/\",\"url\":\"https:\/\/centcols.org\/nl\/cols-de-redondet-et-cols-des-champs\/\",\"name\":\"Cols de Redondet et cols des Champs - Club des Cent Cols\",\"isPartOf\":{\"@id\":\"https:\/\/centcols.org\/#website\"},\"primaryImageOfPage\":{\"@id\":\"https:\/\/centcols.org\/nl\/cols-de-redondet-et-cols-des-champs\/#primaryimage\"},\"image\":{\"@id\":\"https:\/\/centcols.org\/nl\/cols-de-redondet-et-cols-des-champs\/#primaryimage\"},\"thumbnailUrl\":\"https:\/\/centcols.org\/wp-content\/uploads\/2026\/01\/coldeschamps.jpg\",\"datePublished\":\"2026-01-27T17:41:11+00:00\",\"dateModified\":\"2026-02-18T10:21:06+00:00\",\"breadcrumb\":{\"@id\":\"https:\/\/centcols.org\/nl\/cols-de-redondet-et-cols-des-champs\/#breadcrumb\"},\"inLanguage\":\"es\",\"potentialAction\":[{\"@type\":\"ReadAction\",\"target\":[\"https:\/\/centcols.org\/nl\/cols-de-redondet-et-cols-des-champs\/\"]}]},{\"@type\":\"ImageObject\",\"inLanguage\":\"es\",\"@id\":\"https:\/\/centcols.org\/nl\/cols-de-redondet-et-cols-des-champs\/#primaryimage\",\"url\":\"https:\/\/centcols.org\/wp-content\/uploads\/2026\/01\/coldeschamps.jpg\",\"contentUrl\":\"https:\/\/centcols.org\/wp-content\/uploads\/2026\/01\/coldeschamps.jpg\",\"width\":800,\"height\":450},{\"@type\":\"BreadcrumbList\",\"@id\":\"https:\/\/centcols.org\/nl\/cols-de-redondet-et-cols-des-champs\/#breadcrumb\",\"itemListElement\":[{\"@type\":\"ListItem\",\"position\":1,\"name\":\"Accueil\",\"item\":\"https:\/\/centcols.org\/\"},{\"@type\":\"ListItem\",\"position\":2,\"name\":\"Cols en vrac\",\"item\":\"https:\/\/centcols.org\/rubrique\/cols-en-vrac\/\"},{\"@type\":\"ListItem\",\"position\":3,\"name\":\"Cols de Redondet et cols des Champs\"}]},{\"@type\":\"WebSite\",\"@id\":\"https:\/\/centcols.org\/#website\",\"url\":\"https:\/\/centcols.org\/\",\"name\":\"Club des Cent Cols\",\"description\":\"\",\"publisher\":{\"@id\":\"https:\/\/centcols.org\/#organization\"},\"potentialAction\":[{\"@type\":\"SearchAction\",\"target\":{\"@type\":\"EntryPoint\",\"urlTemplate\":\"https:\/\/centcols.org\/?s={search_term_string}\"},\"query-input\":{\"@type\":\"PropertyValueSpecification\",\"valueRequired\":true,\"valueName\":\"search_term_string\"}}],\"inLanguage\":\"es\"},{\"@type\":\"Organization\",\"@id\":\"https:\/\/centcols.org\/#organization\",\"name\":\"Club des Cent Cols\",\"url\":\"https:\/\/centcols.org\/\",\"logo\":{\"@type\":\"ImageObject\",\"inLanguage\":\"es\",\"@id\":\"https:\/\/centcols.org\/#\/schema\/logo\/image\/\",\"url\":\"https:\/\/centcols.org\/wp-content\/uploads\/2025\/01\/carte-icone.png\",\"contentUrl\":\"https:\/\/centcols.org\/wp-content\/uploads\/2025\/01\/carte-icone.png\",\"width\":250,\"height\":250,\"caption\":\"Club des Cent Cols\"},\"image\":{\"@id\":\"https:\/\/centcols.org\/#\/schema\/logo\/image\/\"},\"sameAs\":[\"https:\/\/www.facebook.com\/groups\/5261880558\/?locale=fr_FR\"]},{\"@type\":\"Person\",\"@id\":\"https:\/\/centcols.org\/#\/schema\/person\/0cc8f723679c98f3fb7798df5a50c018\",\"name\":\"Ren\u00e9 Mercier\",\"image\":{\"@type\":\"ImageObject\",\"inLanguage\":\"es\",\"@id\":\"https:\/\/centcols.org\/wp-content\/litespeed\/avatar\/c2275eeaf79d4f7456274de381abeeab.jpg?ver=1777347562\",\"url\":\"https:\/\/centcols.org\/wp-content\/litespeed\/avatar\/c2275eeaf79d4f7456274de381abeeab.jpg?ver=1777347562\",\"contentUrl\":\"https:\/\/centcols.org\/wp-content\/litespeed\/avatar\/c2275eeaf79d4f7456274de381abeeab.jpg?ver=1777347562\",\"caption\":\"Ren\u00e9 Mercier\"},\"url\":\"https:\/\/centcols.org\/es\/author\/7552\/\"}]}<\/script>\n<!-- \/ Yoast SEO plugin. -->","yoast_head_json":{"title":"Cols de Redondet y Cols des Champs - Club des Cent Cols","robots":{"index":"index","follow":"follow","max-snippet":"max-snippet:-1","max-image-preview":"max-image-preview:large","max-video-preview":"max-video-preview:-1"},"canonical":"https:\/\/centcols.org\/es\/cols-de-redondet-y-cols-des-champs\/","og_locale":"es_ES","og_type":"article","og_title":"Cols de Redondet et cols des Champs - Club des Cent Cols","og_description":"Question : le Chauvot fait appara\u00eetre des cols portant le m\u00eame nom. S&rsquo;agit-il d&rsquo;un seul et m\u00eame col ou bien de deux cols diff\u00e9rents pouvant \u00eatre port\u00e9s sur nos listes annuelles ? Exemples :&#8211; les cols de Redondet (FR-15-1531 et FR-15-1640)&#8211; les cols des Champs (FR-04-2093 et FR-04-2040) R\u00e9ponse : 1) Existe-t-il un ou deux [&hellip;]","og_url":"https:\/\/centcols.org\/es\/cols-de-redondet-y-cols-des-champs\/","og_site_name":"Club des Cent Cols","article_publisher":"https:\/\/www.facebook.com\/groups\/5261880558\/?locale=fr_FR","article_published_time":"2026-01-27T17:41:11+00:00","article_modified_time":"2026-02-18T10:21:06+00:00","og_image":[{"width":800,"height":450,"url":"https:\/\/centcols.org\/wp-content\/uploads\/2026\/01\/coldeschamps.jpg","type":"image\/jpeg"}],"author":"Ren\u00e9 Mercier","twitter_card":"summary_large_image","twitter_misc":{"Escrito por":"Ren\u00e9 Mercier","Tiempo de lectura":"5 minutos"},"schema":{"@context":"https:\/\/schema.org","@graph":[{"@type":"Article","@id":"https:\/\/centcols.org\/nl\/cols-de-redondet-et-cols-des-champs\/#article","isPartOf":{"@id":"https:\/\/centcols.org\/nl\/cols-de-redondet-et-cols-des-champs\/"},"author":{"name":"Ren\u00e9 Mercier","@id":"https:\/\/centcols.org\/#\/schema\/person\/0cc8f723679c98f3fb7798df5a50c018"},"headline":"Cols de Redondet et cols des Champs","datePublished":"2026-01-27T17:41:11+00:00","dateModified":"2026-02-18T10:21:06+00:00","mainEntityOfPage":{"@id":"https:\/\/centcols.org\/nl\/cols-de-redondet-et-cols-des-champs\/"},"wordCount":687,"publisher":{"@id":"https:\/\/centcols.org\/#organization"},"image":{"@id":"https:\/\/centcols.org\/nl\/cols-de-redondet-et-cols-des-champs\/#primaryimage"},"thumbnailUrl":"https:\/\/centcols.org\/wp-content\/uploads\/2026\/01\/coldeschamps.jpg","articleSection":["Cols en vrac"],"inLanguage":"es"},{"@type":"WebPage","@id":"https:\/\/centcols.org\/nl\/cols-de-redondet-et-cols-des-champs\/","url":"https:\/\/centcols.org\/nl\/cols-de-redondet-et-cols-des-champs\/","name":"Cols de Redondet y Cols des Champs - Club des Cent Cols","isPartOf":{"@id":"https:\/\/centcols.org\/#website"},"primaryImageOfPage":{"@id":"https:\/\/centcols.org\/nl\/cols-de-redondet-et-cols-des-champs\/#primaryimage"},"image":{"@id":"https:\/\/centcols.org\/nl\/cols-de-redondet-et-cols-des-champs\/#primaryimage"},"thumbnailUrl":"https:\/\/centcols.org\/wp-content\/uploads\/2026\/01\/coldeschamps.jpg","datePublished":"2026-01-27T17:41:11+00:00","dateModified":"2026-02-18T10:21:06+00:00","breadcrumb":{"@id":"https:\/\/centcols.org\/nl\/cols-de-redondet-et-cols-des-champs\/#breadcrumb"},"inLanguage":"es","potentialAction":[{"@type":"ReadAction","target":["https:\/\/centcols.org\/nl\/cols-de-redondet-et-cols-des-champs\/"]}]},{"@type":"ImageObject","inLanguage":"es","@id":"https:\/\/centcols.org\/nl\/cols-de-redondet-et-cols-des-champs\/#primaryimage","url":"https:\/\/centcols.org\/wp-content\/uploads\/2026\/01\/coldeschamps.jpg","contentUrl":"https:\/\/centcols.org\/wp-content\/uploads\/2026\/01\/coldeschamps.jpg","width":800,"height":450},{"@type":"BreadcrumbList","@id":"https:\/\/centcols.org\/nl\/cols-de-redondet-et-cols-des-champs\/#breadcrumb","itemListElement":[{"@type":"ListItem","position":1,"name":"Accueil","item":"https:\/\/centcols.org\/"},{"@type":"ListItem","position":2,"name":"Cols en vrac","item":"https:\/\/centcols.org\/rubrique\/cols-en-vrac\/"},{"@type":"ListItem","position":3,"name":"Cols de Redondet et cols des Champs"}]},{"@type":"WebSite","@id":"https:\/\/centcols.org\/#website","url":"https:\/\/centcols.org\/","name":"Club des Cent Cols","description":"","publisher":{"@id":"https:\/\/centcols.org\/#organization"},"potentialAction":[{"@type":"SearchAction","target":{"@type":"EntryPoint","urlTemplate":"https:\/\/centcols.org\/?s={search_term_string}"},"query-input":{"@type":"PropertyValueSpecification","valueRequired":true,"valueName":"search_term_string"}}],"inLanguage":"es"},{"@type":"Organization","@id":"https:\/\/centcols.org\/#organization","name":"Club des Cent Cols","url":"https:\/\/centcols.org\/","logo":{"@type":"ImageObject","inLanguage":"es","@id":"https:\/\/centcols.org\/#\/schema\/logo\/image\/","url":"https:\/\/centcols.org\/wp-content\/uploads\/2025\/01\/carte-icone.png","contentUrl":"https:\/\/centcols.org\/wp-content\/uploads\/2025\/01\/carte-icone.png","width":250,"height":250,"caption":"Club des Cent Cols"},"image":{"@id":"https:\/\/centcols.org\/#\/schema\/logo\/image\/"},"sameAs":["https:\/\/www.facebook.com\/groups\/5261880558\/?locale=fr_FR"]},{"@type":"Person","@id":"https:\/\/centcols.org\/#\/schema\/person\/0cc8f723679c98f3fb7798df5a50c018","name":"Ren\u00e9 Mercier","image":{"@type":"ImageObject","inLanguage":"es","@id":"https:\/\/centcols.org\/wp-content\/litespeed\/avatar\/c2275eeaf79d4f7456274de381abeeab.jpg?ver=1777347562","url":"https:\/\/centcols.org\/wp-content\/litespeed\/avatar\/c2275eeaf79d4f7456274de381abeeab.jpg?ver=1777347562","contentUrl":"https:\/\/centcols.org\/wp-content\/litespeed\/avatar\/c2275eeaf79d4f7456274de381abeeab.jpg?ver=1777347562","caption":"Ren\u00e9 Mercier"},"url":"https:\/\/centcols.org\/es\/author\/7552\/"}]}},"_links":{"self":[{"href":"https:\/\/centcols.org\/es\/wp-json\/wp\/v2\/posts\/92897","targetHints":{"allow":["GET"]}}],"collection":[{"href":"https:\/\/centcols.org\/es\/wp-json\/wp\/v2\/posts"}],"about":[{"href":"https:\/\/centcols.org\/es\/wp-json\/wp\/v2\/types\/post"}],"author":[{"embeddable":true,"href":"https:\/\/centcols.org\/es\/wp-json\/wp\/v2\/users\/1726"}],"replies":[{"embeddable":true,"href":"https:\/\/centcols.org\/es\/wp-json\/wp\/v2\/comments?post=92897"}],"version-history":[{"count":0,"href":"https:\/\/centcols.org\/es\/wp-json\/wp\/v2\/posts\/92897\/revisions"}],"wp:featuredmedia":[{"embeddable":true,"href":"https:\/\/centcols.org\/es\/wp-json\/wp\/v2\/media\/93256"}],"wp:attachment":[{"href":"https:\/\/centcols.org\/es\/wp-json\/wp\/v2\/media?parent=92897"}],"wp:term":[{"taxonomy":"category","embeddable":true,"href":"https:\/\/centcols.org\/es\/wp-json\/wp\/v2\/categories?post=92897"},{"taxonomy":"post_tag","embeddable":true,"href":"https:\/\/centcols.org\/es\/wp-json\/wp\/v2\/tags?post=92897"}],"curies":[{"name":"wp","href":"https:\/\/api.w.org\/{rel}","templated":true}]}}