{"id":92916,"date":"2026-01-30T19:18:10","date_gmt":"2026-01-30T17:18:10","guid":{"rendered":"https:\/\/centcols.org\/?p=92916"},"modified":"2026-01-31T18:18:02","modified_gmt":"2026-01-31T16:18:02","slug":"colle-dei-morti","status":"publish","type":"post","link":"https:\/\/centcols.org\/es\/colle-dei-morti\/","title":{"rendered":"Colle dei Morti"},"content":{"rendered":"<p>Colle dei MORTI o Colle FAUNIERA (Piamonte) 2480m <a href=\"\/es\/util\/geo\/visu.php\/?code=IT-CN-2480a\" type=\"link\" id=\"https:\/\/www.centcols.org\/util\/geo\/visu.php?code=IT-CN-2480a\">IT-CN-2480a<\/a> <\/p>\n\n\n\n<p>LADERA ESTE :<br>Tomado por primera vez por los corredores del Giro del 99, bajo el nombre de \u00abColle FAUNIERA\u00bb, el pr\u00e1cticamente desconocido Colle dei MORTI es, sin embargo, un puerto muy grande, por su considerable desnivel y, sobre todo, por sus fuertes y sostenidas pendientes, repartidas en 15 km. El puerto tiene una pendiente media de 9,2%. <br>Colle dei Morti parece aislado del mundo en su austero entorno de afloramientos rocosos, barras rocosas y vastos pastos de monta\u00f1a donde pastan unas pocas ovejas. Es un lugar de aislamiento total. Cuando se sube este puerto por primera vez, uno se queda asombrado por la belleza del paisaje, que se renueva constantemente a medida que se avanza, hacia nuevos horizontes, cada vez m\u00e1s altos, y se tiene la sensaci\u00f3n de que nunca se ver\u00e1 el final de la subida, de que se est\u00e1 \u00abremontando hacia el cielo\u00bb, como dice uno de los organizadores del Giro. <br>La subida comienza tranquilamente en Monteroso Grana. Al salir de Pradleves, se asciende por empinadas gargantas a lo largo del torrente Grana. Despu\u00e9s de Campomolino, la pendiente se acent\u00faa considerablemente para llegar al santuario de San Magno, \u00a1digno de un templo del Himalaya! (Pendiente media: 10% en 6 km, m\u00e1xima de 12 a 13%). Despu\u00e9s del santuario, la carretera se vuelve muy estrecha y, tras un corto nivel, la pendiente aumenta hasta 12%, \u00a1mientras que el paisaje se vuelve cada vez m\u00e1s salvaje y grandioso! El refugio de Trofarello anuncia los dos \u00faltimos kil\u00f3metros, en los que la pendiente se suaviza a 7,4% hasta llegar al cruce a la derecha hacia el Colle d'Esischie (2366m <a href=\"\/es\/util\/geo\/visu.php\/?code=IT-CN-2366b\" type=\"link\" id=\"https:\/\/www.centcols.org\/util\/geo\/visu.php?code=IT-CN-2366b\">IT-CN-2366b<\/a>), que le lleva 20,3 km por la ladera norte hasta Ponte Marmora. Colle Vallonetto (2439 m <a href=\"\/es\/util\/geo\/visu.php\/?code=IT-CN-2438\" type=\"link\" id=\"https:\/\/www.centcols.org\/util\/geo\/visu.php?code=IT-CN-2438\">IT-CN-2438<\/a>) antes de llegar al Col dei Morti, final de la subida, a los pies de la Cima Fauniera (2515 m) a la izquierda, a la que se llega por un sendero.<br><br>LADERA SURESTE :<br>Abordado desde el sureste, Colle dei Morti tambi\u00e9n ofrece una subida suntuosa, casi tan dura como la vertiente de Pradleves, y con un paisaje igualmente salvaje y hermoso. Aunque la ruta comienza a una altitud ligeramente superior, la pendiente es muy similar a la de la vertiente oriental debido a un ligero descenso despu\u00e9s de Fedio. La pendiente media de los 24,2 km de ascenso es de 7,1%. <br>A partir de Demonte, la subida comienza directamente, y es bastante irregular (m\u00e1ximo 10,5% antes de Fedio). A continuaci\u00f3n, hay un breve descenso hasta un puente sobre un arroyo, y luego se reanuda la subida, intercalada con numerosos tramos empinados (m\u00e1ximo 14% antes de Trinit\u00e0). Hasta San Giacomo, la carretera atraviesa varias aldeas, y el paisaje es relajante y boscoso. Despu\u00e9s de San Giacomo, la carretera se estrecha a medida que asciende por la parte alta del valle del Arma. Despu\u00e9s de los 12<sup>e<\/sup> kil\u00f3metro comienza la parte m\u00e1s dif\u00edcil, un tramo de 9,9 km a 9,2% con numerosos pasos a 11% y m\u00e1s. Te lleva hasta el Colle di Valcavera (2416m. <a href=\"\/es\/util\/geo\/visu.php\/?code=IT-CN-2429\" type=\"link\" id=\"\/util\/geo\/visu.php?code=IT-CN-2429\">IT-CN-2429<\/a>), a unos metros a la izquierda de la carretera. <br>Tambi\u00e9n aqu\u00ed llama la atenci\u00f3n la austeridad y la belleza del paisaje, sobre todo despu\u00e9s del cruce del Colle di Valcavera, donde se entra en el valle de Morti a trav\u00e9s de un mundo sorprendentemente mineral. Inicialmente llana, la carretera sube con fuerza (casi 14%) para atravesar un desfiladero muy estrecho excavado en la roca que conduce al Colle dei Morti, dominado a la derecha por la Cima Fauniera coronada por una cruz.<br><br>Thierry PERRET<br><\/p>\n\n\n\n<figure class=\"wp-block-image size-full\"><img loading=\"lazy\" decoding=\"async\" width=\"651\" height=\"373\" src=\"https:\/\/centcols.org\/wp-content\/uploads\/2026\/01\/ColleMulo-1.jpg\" alt=\"\" class=\"wp-image-92931\" srcset=\"https:\/\/centcols.org\/wp-content\/uploads\/2026\/01\/ColleMulo-1.jpg 651w, https:\/\/centcols.org\/wp-content\/uploads\/2026\/01\/ColleMulo-1-18x10.jpg 18w\" sizes=\"auto, (max-width: 651px) 100vw, 651px\" \/><figcaption class=\"wp-element-caption\">Panorama desde Colle del Mulo (2517m) <a href=\"\/es\/util\/geo\/visu.php\/?code=IT-CN-2517\">IT-CN-2517<\/a>)<br>A la izquierda se encuentra el colle de Valcavera, desde donde la pista conduce al refugio de Gardetta.<br>En el extremo derecho: Colle della Bandia (2403m <a href=\"\/es\/util\/geo\/visu.php\/?code=IT-CN-2408\">IT-CN-2408<\/a>)<br><\/figcaption><\/figure>\n\n\n\n<p><\/p>\n\n\n\n<figure class=\"wp-block-image size-full is-resized\"><img loading=\"lazy\" decoding=\"async\" width=\"1404\" height=\"871\" src=\"https:\/\/centcols.org\/wp-content\/uploads\/2026\/01\/Morti_profil1-2.jpg\" alt=\"\" class=\"wp-image-92932\" style=\"width:800px\" srcset=\"https:\/\/centcols.org\/wp-content\/uploads\/2026\/01\/Morti_profil1-2.jpg 1404w, https:\/\/centcols.org\/wp-content\/uploads\/2026\/01\/Morti_profil1-2-1200x744.jpg 1200w, https:\/\/centcols.org\/wp-content\/uploads\/2026\/01\/Morti_profil1-2-768x476.jpg 768w, https:\/\/centcols.org\/wp-content\/uploads\/2026\/01\/Morti_profil1-2-18x12.jpg 18w\" sizes=\"auto, (max-width: 1404px) 100vw, 1404px\" \/><figcaption class=\"wp-element-caption\">Perfil de la vertiente oriental<\/figcaption><\/figure>\n\n\n\n<p><br><\/p>\n\n\n\n<figure class=\"wp-block-image size-large is-resized\"><img loading=\"lazy\" decoding=\"async\" width=\"1920\" height=\"1243\" src=\"https:\/\/centcols.org\/wp-content\/uploads\/2026\/01\/image-1-1920x1243.png\" alt=\"\" class=\"wp-image-92933\" style=\"width:800px\" srcset=\"https:\/\/centcols.org\/wp-content\/uploads\/2026\/01\/image-1-1920x1243.png 1920w, https:\/\/centcols.org\/wp-content\/uploads\/2026\/01\/image-1-1200x777.png 1200w, https:\/\/centcols.org\/wp-content\/uploads\/2026\/01\/image-1-768x497.png 768w, https:\/\/centcols.org\/wp-content\/uploads\/2026\/01\/image-1-1536x994.png 1536w, https:\/\/centcols.org\/wp-content\/uploads\/2026\/01\/image-1-2048x1326.png 2048w, https:\/\/centcols.org\/wp-content\/uploads\/2026\/01\/image-1-18x12.png 18w\" sizes=\"auto, (max-width: 1920px) 100vw, 1920px\" \/><figcaption class=\"wp-element-caption\">Perfil de la ladera sureste<\/figcaption><\/figure>\n\n\n\n<p><br><\/p>\n\n\n\n<figure class=\"wp-block-image size-full\"><img loading=\"lazy\" decoding=\"async\" width=\"410\" height=\"280\" src=\"https:\/\/centcols.org\/wp-content\/uploads\/2026\/01\/image-2.png\" alt=\"\" class=\"wp-image-92934\" srcset=\"https:\/\/centcols.org\/wp-content\/uploads\/2026\/01\/image-2.png 410w, https:\/\/centcols.org\/wp-content\/uploads\/2026\/01\/image-2-18x12.png 18w\" sizes=\"auto, (max-width: 410px) 100vw, 410px\" \/><figcaption class=\"wp-element-caption\">Mapa Istituto Geografico Central-Torino n\u00ba 7 VALLI MAIRA-GRANA-STURA 1\/50.000\u00b0.<\/figcaption><\/figure>\n\n\n\n<p><br><\/p>","protected":false},"excerpt":{"rendered":"<p>Colle dei MORTI ou colle FAUNIERA (Pi\u00e9mont) 2480m IT-CN-2480a VERSANT EST :Emprunt\u00e9 pour la premi\u00e8re fois par les coureurs du Giro 99, sous l&rsquo;appellation \u00ab\u00a0colle FAUNIERA\u00a0\u00bb, le colle dei MORTI, pratiquement inconnu, est cependant un tr\u00e8s grand col, tant par sa d\u00e9nivellation importante, son altitude et surtout ses forts pourcentages soutenus, \u00e9tal\u00e9s sur 15 km. [&hellip;]<\/p>\n","protected":false},"author":682,"featured_media":93001,"comment_status":"closed","ping_status":"closed","sticky":false,"template":"","format":"standard","meta":{"_acf_changed":false,"footnotes":""},"categories":[308],"tags":[],"class_list":["post-92916","post","type-post","status-publish","format-standard","has-post-thumbnail","hentry","category-cols-en-vrac"],"acf":[],"yoast_head":"<!-- This site is optimized with the Yoast SEO plugin v27.2 - https:\/\/yoast.com\/product\/yoast-seo-wordpress\/ -->\n<title>Colle dei Morti - Club des Cent Cols<\/title>\n<meta name=\"robots\" content=\"index, follow, max-snippet:-1, max-image-preview:large, max-video-preview:-1\" \/>\n<link rel=\"canonical\" href=\"https:\/\/centcols.org\/es\/colle-dei-morti\/\" \/>\n<meta property=\"og:locale\" content=\"es_ES\" \/>\n<meta property=\"og:type\" content=\"article\" \/>\n<meta property=\"og:title\" content=\"Colle dei Morti - Club des Cent Cols\" \/>\n<meta property=\"og:description\" content=\"Colle dei MORTI ou colle FAUNIERA (Pi\u00e9mont) 2480m IT-CN-2480a VERSANT EST :Emprunt\u00e9 pour la premi\u00e8re fois par les coureurs du Giro 99, sous l&rsquo;appellation \u00ab\u00a0colle FAUNIERA\u00a0\u00bb, le colle dei MORTI, pratiquement inconnu, est cependant un tr\u00e8s grand col, tant par sa d\u00e9nivellation importante, son altitude et surtout ses forts pourcentages soutenus, \u00e9tal\u00e9s sur 15 km. [&hellip;]\" \/>\n<meta property=\"og:url\" content=\"https:\/\/centcols.org\/es\/colle-dei-morti\/\" \/>\n<meta property=\"og:site_name\" content=\"Club des Cent Cols\" \/>\n<meta property=\"article:publisher\" content=\"https:\/\/www.facebook.com\/groups\/5261880558\/?locale=fr_FR\" \/>\n<meta property=\"article:published_time\" content=\"2026-01-30T17:18:10+00:00\" \/>\n<meta property=\"article:modified_time\" content=\"2026-01-31T16:18:02+00:00\" \/>\n<meta property=\"og:image\" content=\"https:\/\/centcols.org\/wp-content\/uploads\/2026\/01\/Morti_miseen-avant.webp\" \/>\n\t<meta property=\"og:image:width\" content=\"474\" \/>\n\t<meta property=\"og:image:height\" content=\"266\" \/>\n\t<meta property=\"og:image:type\" content=\"image\/webp\" \/>\n<meta name=\"author\" content=\"Paul Levart\" \/>\n<meta name=\"twitter:card\" content=\"summary_large_image\" \/>\n<meta name=\"twitter:label1\" content=\"Escrito por\" \/>\n\t<meta name=\"twitter:data1\" content=\"Paul Levart\" \/>\n\t<meta name=\"twitter:label2\" content=\"Tiempo de lectura\" \/>\n\t<meta name=\"twitter:data2\" content=\"5 minutos\" \/>\n<script type=\"application\/ld+json\" class=\"yoast-schema-graph\">{\"@context\":\"https:\/\/schema.org\",\"@graph\":[{\"@type\":\"Article\",\"@id\":\"https:\/\/centcols.org\/es\/colle-dei-morti\/#article\",\"isPartOf\":{\"@id\":\"https:\/\/centcols.org\/es\/colle-dei-morti\/\"},\"author\":{\"name\":\"Paul Levart\",\"@id\":\"https:\/\/centcols.org\/#\/schema\/person\/f69e64d42a30af00fb46d8cf7a1d9945\"},\"headline\":\"Colle dei Morti\",\"datePublished\":\"2026-01-30T17:18:10+00:00\",\"dateModified\":\"2026-01-31T16:18:02+00:00\",\"mainEntityOfPage\":{\"@id\":\"https:\/\/centcols.org\/es\/colle-dei-morti\/\"},\"wordCount\":652,\"publisher\":{\"@id\":\"https:\/\/centcols.org\/#organization\"},\"image\":{\"@id\":\"https:\/\/centcols.org\/es\/colle-dei-morti\/#primaryimage\"},\"thumbnailUrl\":\"https:\/\/centcols.org\/wp-content\/uploads\/2026\/01\/Morti_miseen-avant.webp\",\"articleSection\":[\"Cols en vrac\"],\"inLanguage\":\"es\"},{\"@type\":\"WebPage\",\"@id\":\"https:\/\/centcols.org\/es\/colle-dei-morti\/\",\"url\":\"https:\/\/centcols.org\/es\/colle-dei-morti\/\",\"name\":\"Colle dei Morti - Club des Cent Cols\",\"isPartOf\":{\"@id\":\"https:\/\/centcols.org\/#website\"},\"primaryImageOfPage\":{\"@id\":\"https:\/\/centcols.org\/es\/colle-dei-morti\/#primaryimage\"},\"image\":{\"@id\":\"https:\/\/centcols.org\/es\/colle-dei-morti\/#primaryimage\"},\"thumbnailUrl\":\"https:\/\/centcols.org\/wp-content\/uploads\/2026\/01\/Morti_miseen-avant.webp\",\"datePublished\":\"2026-01-30T17:18:10+00:00\",\"dateModified\":\"2026-01-31T16:18:02+00:00\",\"breadcrumb\":{\"@id\":\"https:\/\/centcols.org\/es\/colle-dei-morti\/#breadcrumb\"},\"inLanguage\":\"es\",\"potentialAction\":[{\"@type\":\"ReadAction\",\"target\":[\"https:\/\/centcols.org\/es\/colle-dei-morti\/\"]}]},{\"@type\":\"ImageObject\",\"inLanguage\":\"es\",\"@id\":\"https:\/\/centcols.org\/es\/colle-dei-morti\/#primaryimage\",\"url\":\"https:\/\/centcols.org\/wp-content\/uploads\/2026\/01\/Morti_miseen-avant.webp\",\"contentUrl\":\"https:\/\/centcols.org\/wp-content\/uploads\/2026\/01\/Morti_miseen-avant.webp\",\"width\":474,\"height\":266},{\"@type\":\"BreadcrumbList\",\"@id\":\"https:\/\/centcols.org\/es\/colle-dei-morti\/#breadcrumb\",\"itemListElement\":[{\"@type\":\"ListItem\",\"position\":1,\"name\":\"Accueil\",\"item\":\"https:\/\/centcols.org\/\"},{\"@type\":\"ListItem\",\"position\":2,\"name\":\"Cols en vrac\",\"item\":\"https:\/\/centcols.org\/rubrique\/cols-en-vrac\/\"},{\"@type\":\"ListItem\",\"position\":3,\"name\":\"Colle dei Morti\"}]},{\"@type\":\"WebSite\",\"@id\":\"https:\/\/centcols.org\/#website\",\"url\":\"https:\/\/centcols.org\/\",\"name\":\"Club des Cent Cols\",\"description\":\"\",\"publisher\":{\"@id\":\"https:\/\/centcols.org\/#organization\"},\"potentialAction\":[{\"@type\":\"SearchAction\",\"target\":{\"@type\":\"EntryPoint\",\"urlTemplate\":\"https:\/\/centcols.org\/?s={search_term_string}\"},\"query-input\":{\"@type\":\"PropertyValueSpecification\",\"valueRequired\":true,\"valueName\":\"search_term_string\"}}],\"inLanguage\":\"es\"},{\"@type\":\"Organization\",\"@id\":\"https:\/\/centcols.org\/#organization\",\"name\":\"Club des Cent Cols\",\"url\":\"https:\/\/centcols.org\/\",\"logo\":{\"@type\":\"ImageObject\",\"inLanguage\":\"es\",\"@id\":\"https:\/\/centcols.org\/#\/schema\/logo\/image\/\",\"url\":\"https:\/\/centcols.org\/wp-content\/uploads\/2025\/01\/carte-icone.png\",\"contentUrl\":\"https:\/\/centcols.org\/wp-content\/uploads\/2025\/01\/carte-icone.png\",\"width\":250,\"height\":250,\"caption\":\"Club des Cent Cols\"},\"image\":{\"@id\":\"https:\/\/centcols.org\/#\/schema\/logo\/image\/\"},\"sameAs\":[\"https:\/\/www.facebook.com\/groups\/5261880558\/?locale=fr_FR\"]},{\"@type\":\"Person\",\"@id\":\"https:\/\/centcols.org\/#\/schema\/person\/f69e64d42a30af00fb46d8cf7a1d9945\",\"name\":\"Paul Levart\",\"image\":{\"@type\":\"ImageObject\",\"inLanguage\":\"es\",\"@id\":\"https:\/\/centcols.org\/wp-content\/litespeed\/avatar\/b81f27ef11f03e8b6b3b3019b1b2b4d7.jpg?ver=1777205446\",\"url\":\"https:\/\/centcols.org\/wp-content\/litespeed\/avatar\/b81f27ef11f03e8b6b3b3019b1b2b4d7.jpg?ver=1777205446\",\"contentUrl\":\"https:\/\/centcols.org\/wp-content\/litespeed\/avatar\/b81f27ef11f03e8b6b3b3019b1b2b4d7.jpg?ver=1777205446\",\"caption\":\"Paul Levart\"},\"url\":\"https:\/\/centcols.org\/es\/author\/4953\/\"}]}<\/script>\n<!-- \/ Yoast SEO plugin. -->","yoast_head_json":{"title":"Colle dei Morti - Club des Cent Cols","robots":{"index":"index","follow":"follow","max-snippet":"max-snippet:-1","max-image-preview":"max-image-preview:large","max-video-preview":"max-video-preview:-1"},"canonical":"https:\/\/centcols.org\/es\/colle-dei-morti\/","og_locale":"es_ES","og_type":"article","og_title":"Colle dei Morti - Club des Cent Cols","og_description":"Colle dei MORTI ou colle FAUNIERA (Pi\u00e9mont) 2480m IT-CN-2480a VERSANT EST :Emprunt\u00e9 pour la premi\u00e8re fois par les coureurs du Giro 99, sous l&rsquo;appellation \u00ab\u00a0colle FAUNIERA\u00a0\u00bb, le colle dei MORTI, pratiquement inconnu, est cependant un tr\u00e8s grand col, tant par sa d\u00e9nivellation importante, son altitude et surtout ses forts pourcentages soutenus, \u00e9tal\u00e9s sur 15 km. [&hellip;]","og_url":"https:\/\/centcols.org\/es\/colle-dei-morti\/","og_site_name":"Club des Cent Cols","article_publisher":"https:\/\/www.facebook.com\/groups\/5261880558\/?locale=fr_FR","article_published_time":"2026-01-30T17:18:10+00:00","article_modified_time":"2026-01-31T16:18:02+00:00","og_image":[{"width":474,"height":266,"url":"https:\/\/centcols.org\/wp-content\/uploads\/2026\/01\/Morti_miseen-avant.webp","type":"image\/webp"}],"author":"Paul Levart","twitter_card":"summary_large_image","twitter_misc":{"Escrito por":"Paul Levart","Tiempo de lectura":"5 minutos"},"schema":{"@context":"https:\/\/schema.org","@graph":[{"@type":"Article","@id":"https:\/\/centcols.org\/es\/colle-dei-morti\/#article","isPartOf":{"@id":"https:\/\/centcols.org\/es\/colle-dei-morti\/"},"author":{"name":"Paul Levart","@id":"https:\/\/centcols.org\/#\/schema\/person\/f69e64d42a30af00fb46d8cf7a1d9945"},"headline":"Colle dei Morti","datePublished":"2026-01-30T17:18:10+00:00","dateModified":"2026-01-31T16:18:02+00:00","mainEntityOfPage":{"@id":"https:\/\/centcols.org\/es\/colle-dei-morti\/"},"wordCount":652,"publisher":{"@id":"https:\/\/centcols.org\/#organization"},"image":{"@id":"https:\/\/centcols.org\/es\/colle-dei-morti\/#primaryimage"},"thumbnailUrl":"https:\/\/centcols.org\/wp-content\/uploads\/2026\/01\/Morti_miseen-avant.webp","articleSection":["Cols en vrac"],"inLanguage":"es"},{"@type":"WebPage","@id":"https:\/\/centcols.org\/es\/colle-dei-morti\/","url":"https:\/\/centcols.org\/es\/colle-dei-morti\/","name":"Colle dei Morti - Club des Cent Cols","isPartOf":{"@id":"https:\/\/centcols.org\/#website"},"primaryImageOfPage":{"@id":"https:\/\/centcols.org\/es\/colle-dei-morti\/#primaryimage"},"image":{"@id":"https:\/\/centcols.org\/es\/colle-dei-morti\/#primaryimage"},"thumbnailUrl":"https:\/\/centcols.org\/wp-content\/uploads\/2026\/01\/Morti_miseen-avant.webp","datePublished":"2026-01-30T17:18:10+00:00","dateModified":"2026-01-31T16:18:02+00:00","breadcrumb":{"@id":"https:\/\/centcols.org\/es\/colle-dei-morti\/#breadcrumb"},"inLanguage":"es","potentialAction":[{"@type":"ReadAction","target":["https:\/\/centcols.org\/es\/colle-dei-morti\/"]}]},{"@type":"ImageObject","inLanguage":"es","@id":"https:\/\/centcols.org\/es\/colle-dei-morti\/#primaryimage","url":"https:\/\/centcols.org\/wp-content\/uploads\/2026\/01\/Morti_miseen-avant.webp","contentUrl":"https:\/\/centcols.org\/wp-content\/uploads\/2026\/01\/Morti_miseen-avant.webp","width":474,"height":266},{"@type":"BreadcrumbList","@id":"https:\/\/centcols.org\/es\/colle-dei-morti\/#breadcrumb","itemListElement":[{"@type":"ListItem","position":1,"name":"Accueil","item":"https:\/\/centcols.org\/"},{"@type":"ListItem","position":2,"name":"Cols en vrac","item":"https:\/\/centcols.org\/rubrique\/cols-en-vrac\/"},{"@type":"ListItem","position":3,"name":"Colle dei Morti"}]},{"@type":"WebSite","@id":"https:\/\/centcols.org\/#website","url":"https:\/\/centcols.org\/","name":"Club des Cent Cols","description":"","publisher":{"@id":"https:\/\/centcols.org\/#organization"},"potentialAction":[{"@type":"SearchAction","target":{"@type":"EntryPoint","urlTemplate":"https:\/\/centcols.org\/?s={search_term_string}"},"query-input":{"@type":"PropertyValueSpecification","valueRequired":true,"valueName":"search_term_string"}}],"inLanguage":"es"},{"@type":"Organization","@id":"https:\/\/centcols.org\/#organization","name":"Club des Cent Cols","url":"https:\/\/centcols.org\/","logo":{"@type":"ImageObject","inLanguage":"es","@id":"https:\/\/centcols.org\/#\/schema\/logo\/image\/","url":"https:\/\/centcols.org\/wp-content\/uploads\/2025\/01\/carte-icone.png","contentUrl":"https:\/\/centcols.org\/wp-content\/uploads\/2025\/01\/carte-icone.png","width":250,"height":250,"caption":"Club des Cent Cols"},"image":{"@id":"https:\/\/centcols.org\/#\/schema\/logo\/image\/"},"sameAs":["https:\/\/www.facebook.com\/groups\/5261880558\/?locale=fr_FR"]},{"@type":"Person","@id":"https:\/\/centcols.org\/#\/schema\/person\/f69e64d42a30af00fb46d8cf7a1d9945","name":"Paul Levart","image":{"@type":"ImageObject","inLanguage":"es","@id":"https:\/\/centcols.org\/wp-content\/litespeed\/avatar\/b81f27ef11f03e8b6b3b3019b1b2b4d7.jpg?ver=1777205446","url":"https:\/\/centcols.org\/wp-content\/litespeed\/avatar\/b81f27ef11f03e8b6b3b3019b1b2b4d7.jpg?ver=1777205446","contentUrl":"https:\/\/centcols.org\/wp-content\/litespeed\/avatar\/b81f27ef11f03e8b6b3b3019b1b2b4d7.jpg?ver=1777205446","caption":"Paul Levart"},"url":"https:\/\/centcols.org\/es\/author\/4953\/"}]}},"_links":{"self":[{"href":"https:\/\/centcols.org\/es\/wp-json\/wp\/v2\/posts\/92916","targetHints":{"allow":["GET"]}}],"collection":[{"href":"https:\/\/centcols.org\/es\/wp-json\/wp\/v2\/posts"}],"about":[{"href":"https:\/\/centcols.org\/es\/wp-json\/wp\/v2\/types\/post"}],"author":[{"embeddable":true,"href":"https:\/\/centcols.org\/es\/wp-json\/wp\/v2\/users\/682"}],"replies":[{"embeddable":true,"href":"https:\/\/centcols.org\/es\/wp-json\/wp\/v2\/comments?post=92916"}],"version-history":[{"count":0,"href":"https:\/\/centcols.org\/es\/wp-json\/wp\/v2\/posts\/92916\/revisions"}],"wp:featuredmedia":[{"embeddable":true,"href":"https:\/\/centcols.org\/es\/wp-json\/wp\/v2\/media\/93001"}],"wp:attachment":[{"href":"https:\/\/centcols.org\/es\/wp-json\/wp\/v2\/media?parent=92916"}],"wp:term":[{"taxonomy":"category","embeddable":true,"href":"https:\/\/centcols.org\/es\/wp-json\/wp\/v2\/categories?post=92916"},{"taxonomy":"post_tag","embeddable":true,"href":"https:\/\/centcols.org\/es\/wp-json\/wp\/v2\/tags?post=92916"}],"curies":[{"name":"wp","href":"https:\/\/api.w.org\/{rel}","templated":true}]}}