{"id":92968,"date":"2026-01-30T17:01:04","date_gmt":"2026-01-30T15:01:04","guid":{"rendered":"https:\/\/centcols.org\/?p=92968"},"modified":"2026-02-03T18:30:12","modified_gmt":"2026-02-03T16:30:12","slug":"col-de-la-bonette","status":"publish","type":"post","link":"https:\/\/centcols.org\/es\/col-de-la-bonette\/","title":{"rendered":"Col de la Bonette"},"content":{"rendered":"<p><strong>Pregunta: Sue\u00f1o con escalar el Col de la Bonette. \u00bfQu\u00e9 puertos son accesibles en la zona de este legendario puerto?<\/strong><\/p>\n\n\n\n<p>Respuesta:<br>Hay seis puertos, todos ellos de m\u00e1s de 2000 m, que pueden atravesarse en un d\u00eda. Si la pregunta anterior se plantea a menudo, es porque se fomenta cierta confusi\u00f3n, ya sea por mapas poco precisos (debido a su escala), ya sea por carteles seductores pero que no guardan ninguna relaci\u00f3n con la realidad. La se\u00f1al colocada a las afueras de Jausiers, al pie de la subida al Col de la Bonette, es un modelo de este tipo.<\/p>\n\n\n<div class=\"wp-block-image is-style-rounded\">\n<figure class=\"aligncenter size-thumbnail\"><a href=\"https:\/\/centcols.org\/wp-content\/uploads\/2026\/01\/Bonette1_Jausiers.jpg\" target=\"_blank\" rel=\" noreferrer noopener\"><img loading=\"lazy\" decoding=\"async\" width=\"150\" height=\"150\" src=\"https:\/\/centcols.org\/wp-content\/uploads\/2026\/01\/Bonette1_Jausiers-150x150.jpg\" alt=\"\" class=\"wp-image-92971\"\/><\/a><\/figure>\n<\/div>\n\n\n<p>Hay tres errores:<br>- El Col de la Bonette no debe confundirse con el Col de Restefond, ya que son dos puertos diferentes.<br>- El Col de la Bonette no sube a 2802m sino a 2715m.<br>- No es la carretera m\u00e1s alta de Europa, porque est\u00e1 en Sierra Nevada, en Espa\u00f1a (nota del editor: en 2026 la carretera estar\u00e1 cerrada a los coches).<\/p>\n\n\n\n<p>\u00bfQu\u00e9 dice el mapa IGN TOP25 n\u00b0 3639OT?<\/p>\n\n\n<div class=\"wp-block-image is-style-rounded\">\n<figure class=\"aligncenter size-thumbnail\"><a href=\"https:\/\/centcols.org\/wp-content\/uploads\/2026\/01\/Bonette2_IGN-Top25.jpg\" target=\"_blank\" rel=\" noreferrer noopener\"><img loading=\"lazy\" decoding=\"async\" width=\"150\" height=\"150\" src=\"https:\/\/centcols.org\/wp-content\/uploads\/2026\/01\/Bonette2_IGN-Top25-150x150.jpg\" alt=\"\" class=\"wp-image-92973\"\/><\/a><\/figure>\n<\/div>\n\n\n<p>Saliendo del valle de Ubaye (Jausiers), el d\u00e9partementale 64 pasa cerca del \u00abFaux col de Restefond\u00bb (FR-04-2639). Cerca, porque el puerto est\u00e1 justo debajo de la carretera asfaltada, en una pista R1 que conduce al Col de la Mouti\u00e8re.<\/p>\n\n\n<div class=\"wp-block-image is-style-rounded\">\n<figure class=\"aligncenter size-thumbnail\"><a href=\"https:\/\/centcols.org\/wp-content\/uploads\/2026\/01\/Bonette3_FxCol_Restefond.jpg\" target=\"_blank\" rel=\" noreferrer noopener\"><img loading=\"lazy\" decoding=\"async\" width=\"150\" height=\"150\" src=\"https:\/\/centcols.org\/wp-content\/uploads\/2026\/01\/Bonette3_FxCol_Restefond-150x150.jpg\" alt=\"\" class=\"wp-image-92975\"\/><\/a><\/figure>\n<\/div>\n\n\n<p>300 m m\u00e1s all\u00e1 del cruce de la pista que conduce al Col de la Mouti\u00e8re, se abre a la izquierda una pista R1-2 que conduce esta vez al Col de Restefond (FR-04-2692b) a 2680 m de altitud. Este puerto est\u00e1 ligeramente por encima de la D64. El nombre del puerto est\u00e1 indicado por un cartel en la cima. En los alrededores a\u00fan pueden verse restos de los combates de la Segunda Guerra Mundial.<br>El sendero contin\u00faa por la ladera norte de la Cime des Trois Serri\u00e8res hasta el Col de Raspaillon. Se trata de la antigua carretera militar que exist\u00eda antes de la apertura del \u00abbucle\u00bb de Bonette.<br>ATENCI\u00d3N: el Col de Restefond s\u00f3lo es accesible entrando en el Parque Nacional de Mercantour (\u00a1durante 250 m!). El acceso est\u00e1 estrictamente prohibido a las bicicletas...<\/p>\n\n\n<div class=\"wp-block-image is-style-rounded\">\n<figure class=\"aligncenter size-thumbnail\"><a href=\"https:\/\/centcols.org\/wp-content\/uploads\/2026\/01\/Bonette4_Restefond.jpg\" target=\"_blank\" rel=\" noreferrer noopener\"><img loading=\"lazy\" decoding=\"async\" width=\"150\" height=\"150\" src=\"https:\/\/centcols.org\/wp-content\/uploads\/2026\/01\/Bonette4_Restefond-150x150.jpg\" alt=\"\" class=\"wp-image-92976\"\/><\/a><\/figure>\n<\/div>\n\n\n<p>De vuelta a la D64. El Col de la Bonette (FR-04-2715) se abre como una brecha a la izquierda. Le lleva directamente al valle de Tin\u00e9e.<\/p>\n\n\n<div class=\"wp-block-image is-style-rounded\">\n<figure class=\"aligncenter size-thumbnail\"><a href=\"https:\/\/centcols.org\/wp-content\/uploads\/2026\/01\/Bonette5_CentCols-1.jpg\" target=\"_blank\" rel=\" noreferrer noopener\"><img loading=\"lazy\" decoding=\"async\" width=\"150\" height=\"150\" src=\"https:\/\/centcols.org\/wp-content\/uploads\/2026\/01\/Bonette5_CentCols-1-150x150.jpg\" alt=\"\" class=\"wp-image-92987\"\/><\/a><\/figure>\n<\/div>\n\n<div class=\"wp-block-image is-style-rounded\">\n<figure class=\"aligncenter size-thumbnail\"><a href=\"https:\/\/centcols.org\/wp-content\/uploads\/2026\/01\/Bonette6_LaCime-1.jpg\" target=\"_blank\" rel=\" noreferrer noopener\"><img loading=\"lazy\" decoding=\"async\" width=\"150\" height=\"150\" src=\"https:\/\/centcols.org\/wp-content\/uploads\/2026\/01\/Bonette6_LaCime-1-150x150.jpg\" alt=\"\" class=\"wp-image-92988\"\/><\/a><\/figure>\n<\/div>\n\n\n<p>Si no cruza el Col de la Bonette, la carretera contin\u00faa en fuerte subida alrededor de la cumbre de la Bonette, pasando por el punto m\u00e1s alto: 2802 m, que a menudo se confunde con el propio Col. Un monumento marca la cima de la carretera y un corto paseo le lleva a la mesa de orientaci\u00f3n a 2860m, donde la vista es impresionante.<br>A continuaci\u00f3n, la D64 se acerca a la ladera sur.<\/p>\n\n\n<div class=\"wp-block-image is-style-rounded\">\n<figure class=\"aligncenter size-thumbnail\"><a href=\"https:\/\/centcols.org\/wp-content\/uploads\/2026\/01\/Bonette7_VersantSud.jpg\" target=\"_blank\" rel=\" noreferrer noopener\"><img loading=\"lazy\" decoding=\"async\" width=\"150\" height=\"150\" src=\"https:\/\/centcols.org\/wp-content\/uploads\/2026\/01\/Bonette7_VersantSud-150x150.jpg\" alt=\"\" class=\"wp-image-92979\"\/><\/a><\/figure>\n<\/div>\n\n\n<p>El Col de la Bonette se abre esta vez a la izquierda, luego, en descenso, se cruza el Col de Raspaillon o des Granges Communes (FR-04-2513). Finalmente, cuatro kil\u00f3metros m\u00e1s adelante, justo despu\u00e9s de las ruinas del campamento de Fourches, una pista R1 gira a la izquierda para alcanzar sin dificultad el Col des Fourches (FR-06-2261b), a 200 m del asfalto.<br>ATENCI\u00d3N: \u00a1el Col des Fourches se encuentra en el Parque Nacional del Mercantour!<\/p>\n\n\n<div class=\"wp-block-image is-style-rounded\">\n<figure class=\"aligncenter size-thumbnail\"><a href=\"https:\/\/centcols.org\/wp-content\/uploads\/2026\/01\/Bonette8_VersantSud-1.jpg\" target=\"_blank\" rel=\" noreferrer noopener\"><img loading=\"lazy\" decoding=\"async\" width=\"150\" height=\"150\" src=\"https:\/\/centcols.org\/wp-content\/uploads\/2026\/01\/Bonette8_VersantSud-1-150x150.jpg\" alt=\"\" class=\"wp-image-92982\"\/><\/a><\/figure>\n<\/div>\n\n\n<p>Para volver al valle de Ubaye, se puede regresar por el Col de la Mouti\u00e8re, donde la carretera de Saint-Dalmas-le-Selvage est\u00e1 asfaltada. La vertiente norte no est\u00e1 asfaltada, por lo que puede optar por unirse a la D64 en el Faux col de Restefond por pistas R1, o descender hasta Bayasse (en la subida al col de la Cayolle) y regresar a Barcelonnette por la D902.<\/p>\n\n\n\n<p>Le deseamos un buen viaje.<\/p>\n\n\n\n<p>Ren\u00e9 Poty<\/p>\n\n\n\n<p><\/p>","protected":false},"excerpt":{"rendered":"<p>Question : je r\u00eave de gravir le col de la Bonette, quels sont les cols accessibles dans le secteur de ce col mythique ? R\u00e9ponse :On compte six cols, tous \u00e0 plus de 2000m, qui peuvent \u00eatre franchis dans une journ\u00e9e. Si la question ci-dessus revient souvent, c&rsquo;est qu&rsquo;une certaine confusion est entretenue soit par [&hellip;]<\/p>\n","protected":false},"author":1726,"featured_media":92971,"comment_status":"closed","ping_status":"closed","sticky":false,"template":"","format":"standard","meta":{"_acf_changed":false,"footnotes":""},"categories":[308],"tags":[],"class_list":["post-92968","post","type-post","status-publish","format-standard","has-post-thumbnail","hentry","category-cols-en-vrac"],"acf":[],"yoast_head":"<!-- This site is optimized with the Yoast SEO plugin v27.2 - https:\/\/yoast.com\/product\/yoast-seo-wordpress\/ -->\n<title>Col de la Bonette - Club des Cent Cols<\/title>\n<meta name=\"robots\" content=\"index, follow, max-snippet:-1, max-image-preview:large, max-video-preview:-1\" \/>\n<link rel=\"canonical\" href=\"https:\/\/centcols.org\/es\/col-de-la-bonette\/\" \/>\n<meta property=\"og:locale\" content=\"es_ES\" \/>\n<meta property=\"og:type\" content=\"article\" \/>\n<meta property=\"og:title\" content=\"Col de la Bonette - Club des Cent Cols\" \/>\n<meta property=\"og:description\" content=\"Question : je r\u00eave de gravir le col de la Bonette, quels sont les cols accessibles dans le secteur de ce col mythique ? R\u00e9ponse :On compte six cols, tous \u00e0 plus de 2000m, qui peuvent \u00eatre franchis dans une journ\u00e9e. Si la question ci-dessus revient souvent, c&rsquo;est qu&rsquo;une certaine confusion est entretenue soit par [&hellip;]\" \/>\n<meta property=\"og:url\" content=\"https:\/\/centcols.org\/es\/col-de-la-bonette\/\" \/>\n<meta property=\"og:site_name\" content=\"Club des Cent Cols\" \/>\n<meta property=\"article:publisher\" content=\"https:\/\/www.facebook.com\/groups\/5261880558\/?locale=fr_FR\" \/>\n<meta property=\"article:published_time\" content=\"2026-01-30T15:01:04+00:00\" \/>\n<meta property=\"article:modified_time\" content=\"2026-02-03T16:30:12+00:00\" \/>\n<meta property=\"og:image\" content=\"https:\/\/centcols.org\/wp-content\/uploads\/2026\/01\/Bonette1_Jausiers.jpg\" \/>\n\t<meta property=\"og:image:width\" content=\"380\" \/>\n\t<meta property=\"og:image:height\" content=\"580\" \/>\n\t<meta property=\"og:image:type\" content=\"image\/jpeg\" \/>\n<meta name=\"author\" content=\"Ren\u00e9 Mercier\" \/>\n<meta name=\"twitter:card\" content=\"summary_large_image\" \/>\n<meta name=\"twitter:label1\" content=\"Escrito por\" \/>\n\t<meta name=\"twitter:data1\" content=\"Ren\u00e9 Mercier\" \/>\n\t<meta name=\"twitter:label2\" content=\"Tiempo de lectura\" \/>\n\t<meta name=\"twitter:data2\" content=\"5 minutos\" \/>\n<script type=\"application\/ld+json\" class=\"yoast-schema-graph\">{\"@context\":\"https:\/\/schema.org\",\"@graph\":[{\"@type\":\"Article\",\"@id\":\"https:\/\/centcols.org\/es\/col-de-la-bonette\/#article\",\"isPartOf\":{\"@id\":\"https:\/\/centcols.org\/es\/col-de-la-bonette\/\"},\"author\":{\"name\":\"Ren\u00e9 Mercier\",\"@id\":\"https:\/\/centcols.org\/#\/schema\/person\/0cc8f723679c98f3fb7798df5a50c018\"},\"headline\":\"Col de la Bonette\",\"datePublished\":\"2026-01-30T15:01:04+00:00\",\"dateModified\":\"2026-02-03T16:30:12+00:00\",\"mainEntityOfPage\":{\"@id\":\"https:\/\/centcols.org\/es\/col-de-la-bonette\/\"},\"wordCount\":644,\"publisher\":{\"@id\":\"https:\/\/centcols.org\/#organization\"},\"image\":{\"@id\":\"https:\/\/centcols.org\/es\/col-de-la-bonette\/#primaryimage\"},\"thumbnailUrl\":\"https:\/\/centcols.org\/wp-content\/uploads\/2026\/01\/Bonette1_Jausiers.jpg\",\"articleSection\":[\"Cols en vrac\"],\"inLanguage\":\"es\"},{\"@type\":\"WebPage\",\"@id\":\"https:\/\/centcols.org\/es\/col-de-la-bonette\/\",\"url\":\"https:\/\/centcols.org\/es\/col-de-la-bonette\/\",\"name\":\"Col de la Bonette - Club des Cent Cols\",\"isPartOf\":{\"@id\":\"https:\/\/centcols.org\/#website\"},\"primaryImageOfPage\":{\"@id\":\"https:\/\/centcols.org\/es\/col-de-la-bonette\/#primaryimage\"},\"image\":{\"@id\":\"https:\/\/centcols.org\/es\/col-de-la-bonette\/#primaryimage\"},\"thumbnailUrl\":\"https:\/\/centcols.org\/wp-content\/uploads\/2026\/01\/Bonette1_Jausiers.jpg\",\"datePublished\":\"2026-01-30T15:01:04+00:00\",\"dateModified\":\"2026-02-03T16:30:12+00:00\",\"breadcrumb\":{\"@id\":\"https:\/\/centcols.org\/es\/col-de-la-bonette\/#breadcrumb\"},\"inLanguage\":\"es\",\"potentialAction\":[{\"@type\":\"ReadAction\",\"target\":[\"https:\/\/centcols.org\/es\/col-de-la-bonette\/\"]}]},{\"@type\":\"ImageObject\",\"inLanguage\":\"es\",\"@id\":\"https:\/\/centcols.org\/es\/col-de-la-bonette\/#primaryimage\",\"url\":\"https:\/\/centcols.org\/wp-content\/uploads\/2026\/01\/Bonette1_Jausiers.jpg\",\"contentUrl\":\"https:\/\/centcols.org\/wp-content\/uploads\/2026\/01\/Bonette1_Jausiers.jpg\",\"width\":380,\"height\":580,\"caption\":\"Bonette Restefond Cent cols\"},{\"@type\":\"BreadcrumbList\",\"@id\":\"https:\/\/centcols.org\/es\/col-de-la-bonette\/#breadcrumb\",\"itemListElement\":[{\"@type\":\"ListItem\",\"position\":1,\"name\":\"Accueil\",\"item\":\"https:\/\/centcols.org\/\"},{\"@type\":\"ListItem\",\"position\":2,\"name\":\"Cols en vrac\",\"item\":\"https:\/\/centcols.org\/rubrique\/cols-en-vrac\/\"},{\"@type\":\"ListItem\",\"position\":3,\"name\":\"Col de la Bonette\"}]},{\"@type\":\"WebSite\",\"@id\":\"https:\/\/centcols.org\/#website\",\"url\":\"https:\/\/centcols.org\/\",\"name\":\"Club des Cent Cols\",\"description\":\"\",\"publisher\":{\"@id\":\"https:\/\/centcols.org\/#organization\"},\"potentialAction\":[{\"@type\":\"SearchAction\",\"target\":{\"@type\":\"EntryPoint\",\"urlTemplate\":\"https:\/\/centcols.org\/?s={search_term_string}\"},\"query-input\":{\"@type\":\"PropertyValueSpecification\",\"valueRequired\":true,\"valueName\":\"search_term_string\"}}],\"inLanguage\":\"es\"},{\"@type\":\"Organization\",\"@id\":\"https:\/\/centcols.org\/#organization\",\"name\":\"Club des Cent Cols\",\"url\":\"https:\/\/centcols.org\/\",\"logo\":{\"@type\":\"ImageObject\",\"inLanguage\":\"es\",\"@id\":\"https:\/\/centcols.org\/#\/schema\/logo\/image\/\",\"url\":\"https:\/\/centcols.org\/wp-content\/uploads\/2025\/01\/carte-icone.png\",\"contentUrl\":\"https:\/\/centcols.org\/wp-content\/uploads\/2025\/01\/carte-icone.png\",\"width\":250,\"height\":250,\"caption\":\"Club des Cent Cols\"},\"image\":{\"@id\":\"https:\/\/centcols.org\/#\/schema\/logo\/image\/\"},\"sameAs\":[\"https:\/\/www.facebook.com\/groups\/5261880558\/?locale=fr_FR\"]},{\"@type\":\"Person\",\"@id\":\"https:\/\/centcols.org\/#\/schema\/person\/0cc8f723679c98f3fb7798df5a50c018\",\"name\":\"Ren\u00e9 Mercier\",\"image\":{\"@type\":\"ImageObject\",\"inLanguage\":\"es\",\"@id\":\"https:\/\/centcols.org\/wp-content\/litespeed\/avatar\/c2275eeaf79d4f7456274de381abeeab.jpg?ver=1777347562\",\"url\":\"https:\/\/centcols.org\/wp-content\/litespeed\/avatar\/c2275eeaf79d4f7456274de381abeeab.jpg?ver=1777347562\",\"contentUrl\":\"https:\/\/centcols.org\/wp-content\/litespeed\/avatar\/c2275eeaf79d4f7456274de381abeeab.jpg?ver=1777347562\",\"caption\":\"Ren\u00e9 Mercier\"},\"url\":\"https:\/\/centcols.org\/es\/author\/7552\/\"}]}<\/script>\n<!-- \/ Yoast SEO plugin. -->","yoast_head_json":{"title":"Col de la Bonette - Club des Cent Cols","robots":{"index":"index","follow":"follow","max-snippet":"max-snippet:-1","max-image-preview":"max-image-preview:large","max-video-preview":"max-video-preview:-1"},"canonical":"https:\/\/centcols.org\/es\/col-de-la-bonette\/","og_locale":"es_ES","og_type":"article","og_title":"Col de la Bonette - Club des Cent Cols","og_description":"Question : je r\u00eave de gravir le col de la Bonette, quels sont les cols accessibles dans le secteur de ce col mythique ? R\u00e9ponse :On compte six cols, tous \u00e0 plus de 2000m, qui peuvent \u00eatre franchis dans une journ\u00e9e. Si la question ci-dessus revient souvent, c&rsquo;est qu&rsquo;une certaine confusion est entretenue soit par [&hellip;]","og_url":"https:\/\/centcols.org\/es\/col-de-la-bonette\/","og_site_name":"Club des Cent Cols","article_publisher":"https:\/\/www.facebook.com\/groups\/5261880558\/?locale=fr_FR","article_published_time":"2026-01-30T15:01:04+00:00","article_modified_time":"2026-02-03T16:30:12+00:00","og_image":[{"width":380,"height":580,"url":"https:\/\/centcols.org\/wp-content\/uploads\/2026\/01\/Bonette1_Jausiers.jpg","type":"image\/jpeg"}],"author":"Ren\u00e9 Mercier","twitter_card":"summary_large_image","twitter_misc":{"Escrito por":"Ren\u00e9 Mercier","Tiempo de lectura":"5 minutos"},"schema":{"@context":"https:\/\/schema.org","@graph":[{"@type":"Article","@id":"https:\/\/centcols.org\/es\/col-de-la-bonette\/#article","isPartOf":{"@id":"https:\/\/centcols.org\/es\/col-de-la-bonette\/"},"author":{"name":"Ren\u00e9 Mercier","@id":"https:\/\/centcols.org\/#\/schema\/person\/0cc8f723679c98f3fb7798df5a50c018"},"headline":"Col de la Bonette","datePublished":"2026-01-30T15:01:04+00:00","dateModified":"2026-02-03T16:30:12+00:00","mainEntityOfPage":{"@id":"https:\/\/centcols.org\/es\/col-de-la-bonette\/"},"wordCount":644,"publisher":{"@id":"https:\/\/centcols.org\/#organization"},"image":{"@id":"https:\/\/centcols.org\/es\/col-de-la-bonette\/#primaryimage"},"thumbnailUrl":"https:\/\/centcols.org\/wp-content\/uploads\/2026\/01\/Bonette1_Jausiers.jpg","articleSection":["Cols en vrac"],"inLanguage":"es"},{"@type":"WebPage","@id":"https:\/\/centcols.org\/es\/col-de-la-bonette\/","url":"https:\/\/centcols.org\/es\/col-de-la-bonette\/","name":"Col de la Bonette - Club des Cent Cols","isPartOf":{"@id":"https:\/\/centcols.org\/#website"},"primaryImageOfPage":{"@id":"https:\/\/centcols.org\/es\/col-de-la-bonette\/#primaryimage"},"image":{"@id":"https:\/\/centcols.org\/es\/col-de-la-bonette\/#primaryimage"},"thumbnailUrl":"https:\/\/centcols.org\/wp-content\/uploads\/2026\/01\/Bonette1_Jausiers.jpg","datePublished":"2026-01-30T15:01:04+00:00","dateModified":"2026-02-03T16:30:12+00:00","breadcrumb":{"@id":"https:\/\/centcols.org\/es\/col-de-la-bonette\/#breadcrumb"},"inLanguage":"es","potentialAction":[{"@type":"ReadAction","target":["https:\/\/centcols.org\/es\/col-de-la-bonette\/"]}]},{"@type":"ImageObject","inLanguage":"es","@id":"https:\/\/centcols.org\/es\/col-de-la-bonette\/#primaryimage","url":"https:\/\/centcols.org\/wp-content\/uploads\/2026\/01\/Bonette1_Jausiers.jpg","contentUrl":"https:\/\/centcols.org\/wp-content\/uploads\/2026\/01\/Bonette1_Jausiers.jpg","width":380,"height":580,"caption":"Bonette Restefond Cent cols"},{"@type":"BreadcrumbList","@id":"https:\/\/centcols.org\/es\/col-de-la-bonette\/#breadcrumb","itemListElement":[{"@type":"ListItem","position":1,"name":"Accueil","item":"https:\/\/centcols.org\/"},{"@type":"ListItem","position":2,"name":"Cols en vrac","item":"https:\/\/centcols.org\/rubrique\/cols-en-vrac\/"},{"@type":"ListItem","position":3,"name":"Col de la Bonette"}]},{"@type":"WebSite","@id":"https:\/\/centcols.org\/#website","url":"https:\/\/centcols.org\/","name":"Club des Cent Cols","description":"","publisher":{"@id":"https:\/\/centcols.org\/#organization"},"potentialAction":[{"@type":"SearchAction","target":{"@type":"EntryPoint","urlTemplate":"https:\/\/centcols.org\/?s={search_term_string}"},"query-input":{"@type":"PropertyValueSpecification","valueRequired":true,"valueName":"search_term_string"}}],"inLanguage":"es"},{"@type":"Organization","@id":"https:\/\/centcols.org\/#organization","name":"Club des Cent Cols","url":"https:\/\/centcols.org\/","logo":{"@type":"ImageObject","inLanguage":"es","@id":"https:\/\/centcols.org\/#\/schema\/logo\/image\/","url":"https:\/\/centcols.org\/wp-content\/uploads\/2025\/01\/carte-icone.png","contentUrl":"https:\/\/centcols.org\/wp-content\/uploads\/2025\/01\/carte-icone.png","width":250,"height":250,"caption":"Club des Cent Cols"},"image":{"@id":"https:\/\/centcols.org\/#\/schema\/logo\/image\/"},"sameAs":["https:\/\/www.facebook.com\/groups\/5261880558\/?locale=fr_FR"]},{"@type":"Person","@id":"https:\/\/centcols.org\/#\/schema\/person\/0cc8f723679c98f3fb7798df5a50c018","name":"Ren\u00e9 Mercier","image":{"@type":"ImageObject","inLanguage":"es","@id":"https:\/\/centcols.org\/wp-content\/litespeed\/avatar\/c2275eeaf79d4f7456274de381abeeab.jpg?ver=1777347562","url":"https:\/\/centcols.org\/wp-content\/litespeed\/avatar\/c2275eeaf79d4f7456274de381abeeab.jpg?ver=1777347562","contentUrl":"https:\/\/centcols.org\/wp-content\/litespeed\/avatar\/c2275eeaf79d4f7456274de381abeeab.jpg?ver=1777347562","caption":"Ren\u00e9 Mercier"},"url":"https:\/\/centcols.org\/es\/author\/7552\/"}]}},"_links":{"self":[{"href":"https:\/\/centcols.org\/es\/wp-json\/wp\/v2\/posts\/92968","targetHints":{"allow":["GET"]}}],"collection":[{"href":"https:\/\/centcols.org\/es\/wp-json\/wp\/v2\/posts"}],"about":[{"href":"https:\/\/centcols.org\/es\/wp-json\/wp\/v2\/types\/post"}],"author":[{"embeddable":true,"href":"https:\/\/centcols.org\/es\/wp-json\/wp\/v2\/users\/1726"}],"replies":[{"embeddable":true,"href":"https:\/\/centcols.org\/es\/wp-json\/wp\/v2\/comments?post=92968"}],"version-history":[{"count":0,"href":"https:\/\/centcols.org\/es\/wp-json\/wp\/v2\/posts\/92968\/revisions"}],"wp:featuredmedia":[{"embeddable":true,"href":"https:\/\/centcols.org\/es\/wp-json\/wp\/v2\/media\/92971"}],"wp:attachment":[{"href":"https:\/\/centcols.org\/es\/wp-json\/wp\/v2\/media?parent=92968"}],"wp:term":[{"taxonomy":"category","embeddable":true,"href":"https:\/\/centcols.org\/es\/wp-json\/wp\/v2\/categories?post=92968"},{"taxonomy":"post_tag","embeddable":true,"href":"https:\/\/centcols.org\/es\/wp-json\/wp\/v2\/tags?post=92968"}],"curies":[{"name":"wp","href":"https:\/\/api.w.org\/{rel}","templated":true}]}}