{"id":93006,"date":"2026-01-30T18:36:34","date_gmt":"2026-01-30T16:36:34","guid":{"rendered":"https:\/\/centcols.org\/?p=93006"},"modified":"2026-01-31T18:19:34","modified_gmt":"2026-01-31T16:19:34","slug":"col-de-tende","status":"publish","type":"post","link":"https:\/\/centcols.org\/es\/col-de-tende\/","title":{"rendered":"El Colle de Tende o Colle di Tenda"},"content":{"rendered":"<p>El Col de Tende (<a href=\"\/es\/util\/geo\/visu.php\/?code=FR-06-1871\" type=\"link\" id=\"\/util\/geo\/visu.php?code=FR-06-1871\">FR-06-1871<\/a> o <a href=\"\/es\/util\/geo\/visu.php\/?code=IT-CN-1871\" type=\"link\" id=\"\/util\/geo\/visu.php?code=IT-CN-1871\">IT-CN-1871<\/a>), situado en la cordillera franco-italiana, sirve de enlace entre el valle de Roya, al sur, y el valle piamont\u00e9s de Vermenagna, al norte. Es el paso m\u00e1s bajo entre Francia e Italia. El lado franc\u00e9s es un camino de herradura, a diferencia del lado italiano, donde s\u00f3lo los \u00faltimos 600 metros est\u00e1n sin asfaltar. <br>El sendero comienza justo a la salida del t\u00fanel de la carretera y serpentea por sus 46 vericuetos sobre el valle superior del Roya durante unos 7,5 km. Las vistas desde la cima son magn\u00edficas, pero hay que tener cuidado con las frecuentes tormentas en verano.<\/p>\n\n\n\n<figure class=\"wp-block-image size-full\"><img loading=\"lazy\" decoding=\"async\" width=\"486\" height=\"372\" src=\"https:\/\/centcols.org\/wp-content\/uploads\/2026\/01\/col_de_tende_1-1.jpg\" alt=\"\" class=\"wp-image-93080\" srcset=\"https:\/\/centcols.org\/wp-content\/uploads\/2026\/01\/col_de_tende_1-1.jpg 486w, https:\/\/centcols.org\/wp-content\/uploads\/2026\/01\/col_de_tende_1-1-16x12.jpg 16w\" sizes=\"auto, (max-width: 486px) 100vw, 486px\" \/><figcaption class=\"wp-element-caption\">Foto tomada desde el fuerte de Marguerie, al oeste del Col de Tende.<br>Cerca de la cumbre, en la cresta, se puede ver la imponente mole del fuerte.<br>central. M\u00e1s all\u00e1 comienza la larga y estrat\u00e9gica pista de las crestas de Tende-Est.<\/figcaption><\/figure>\n\n\n\n<p><\/p>\n\n\n\n<figure class=\"wp-block-image size-full\"><img loading=\"lazy\" decoding=\"async\" width=\"494\" height=\"340\" src=\"https:\/\/centcols.org\/wp-content\/uploads\/2026\/01\/col_de_tende_2-1.jpg\" alt=\"\" class=\"wp-image-93081\" srcset=\"https:\/\/centcols.org\/wp-content\/uploads\/2026\/01\/col_de_tende_2-1.jpg 494w, https:\/\/centcols.org\/wp-content\/uploads\/2026\/01\/col_de_tende_2-1-18x12.jpg 18w\" sizes=\"auto, (max-width: 494px) 100vw, 494px\" \/><figcaption class=\"wp-element-caption\"><br>En el fondo del valle del Roya: la moderna carretera que atraviesa el t\u00fanel de Tende.<br>A media ladera: el gran edificio del antiguo cuerpo de guardia.<\/figcaption><\/figure>\n\n\n\n<p><br>Desde ambos lados de la cumbre, senderos estrat\u00e9gicos conducen a un gran n\u00famero de puertos en los bucles \u00abOeste y Este de Tende\u00bb (v\u00e9ase TOPO 3).<\/p>\n\n\n\n<figure class=\"wp-block-image size-full\"><img loading=\"lazy\" decoding=\"async\" width=\"467\" height=\"300\" src=\"https:\/\/centcols.org\/wp-content\/uploads\/2026\/01\/col_de_tende_profil-3.gif\" alt=\"\" class=\"wp-image-93111\"\/><\/figure>\n\n\n\n<p>Pero escalar puertos no significa que no puedas interesarte por su historia, y la del Col de Tende es particularmente rica. La primera menci\u00f3n de una carretera en buen estado entre Ventimiglia y Borgo San Dalmazzo data de 1178. A lo largo de la Edad Media, el puerto fue utilizado por los caravaneros que transportaban sal a la llanura del Po. El valle del Roya se enriqueci\u00f3 con este lucrativo comercio, abundantemente rescatado por los se\u00f1ores de Tende... \u00a116.000 mulas atravesaban el obst\u00e1culo cada a\u00f1o!<br><br>El paso ha visto pasar a muchos invasores, el m\u00e1s famoso de los cuales fue Carlos V en 1536, pero tambi\u00e9n ha visto a los viajeros tomar una ruta inc\u00f3moda, ayudados por todo un gremio de \u00abpasadores\u00bb, conocidos aqu\u00ed como \u00abcollants\u00bb o \u00abcoulants\u00bb (del paso...). Se pod\u00edan contratar porteadores que se turnaban para cruzar el puerto en cinco horas por una peque\u00f1a fortuna. Ya en el siglo XVI se puso en marcha un proyecto de t\u00fanel, e incluso se iniciaron las obras (la entrada de este antiguo t\u00fanel puede verse en el lado italiano, a unos 1750 m de altitud). Pero nada lleg\u00f3 a buen puerto por falta de fondos. No fue hasta 1780 cuando el rey V\u00edctor Manuel III (Piamonte-Cerde\u00f1a) financi\u00f3 las obras de la pista actual, que se construy\u00f3 tras cuatro a\u00f1os de esfuerzo. Justo antes de la mitad de la subida, se instal\u00f3 un puesto de guardia con 30 hombres. Su trabajo consist\u00eda en garantizar la seguridad de la ruta y prestar asistencia a los viajeros, especialmente en invierno. Este cuerpo de guardia sigue existiendo hoy en d\u00eda.<\/p>\n\n\n\n<figure class=\"wp-block-image size-full\"><img loading=\"lazy\" decoding=\"async\" width=\"549\" height=\"358\" src=\"https:\/\/centcols.org\/wp-content\/uploads\/2026\/01\/col_de_tende_3-6.jpg\" alt=\"\" class=\"wp-image-93117\" srcset=\"https:\/\/centcols.org\/wp-content\/uploads\/2026\/01\/col_de_tende_3-6.jpg 549w, https:\/\/centcols.org\/wp-content\/uploads\/2026\/01\/col_de_tende_3-6-18x12.jpg 18w\" sizes=\"auto, (max-width: 549px) 100vw, 549px\" \/><figcaption class=\"wp-element-caption\">El cuerpo de guardia tal y como era en el siglo XVIII. La v\u00eda que a\u00fan se utiliza hoy en d\u00eda se abri\u00f3 gracias a las obras realizadas entre 1780 y 1784.<\/figcaption><\/figure>\n\n\n\n<p>La ruta no s\u00f3lo se utiliz\u00f3 para el comercio: en 1794, las tropas revolucionarias cruzaron el paso e invadieron el reino de Piamonte-Cerde\u00f1a, mientras que el 25 de abril de 1945, la primera divisi\u00f3n de las FFL cruz\u00f3 el paso tras liberar la Roya de sus \u00faltimos ocupantes alemanes. Esta importancia estrat\u00e9gica queda demostrada por la presencia de imponentes fuertes militares en la cima y a ambos lados del paso.<br><br>\u00a1Disfruta de la subida!<br>Ren\u00e9 POTY<\/p>\n\n\n\n<p><\/p>\n\n\n\n<figure class=\"wp-block-gallery has-nested-images columns-default is-cropped wp-block-gallery-1 is-layout-flex wp-block-gallery-is-layout-flex\">\n<figure class=\"wp-block-image size-large\"><img loading=\"lazy\" decoding=\"async\" width=\"288\" height=\"400\" data-id=\"93084\" src=\"https:\/\/centcols.org\/wp-content\/uploads\/2026\/01\/col_de_tende_4-1.jpg\" alt=\"\" class=\"wp-image-93084\" srcset=\"https:\/\/centcols.org\/wp-content\/uploads\/2026\/01\/col_de_tende_4-1.jpg 288w, https:\/\/centcols.org\/wp-content\/uploads\/2026\/01\/col_de_tende_4-1-9x12.jpg 9w\" sizes=\"auto, (max-width: 288px) 100vw, 288px\" \/><\/figure>\n\n\n\n<figure class=\"wp-block-image size-large\"><img loading=\"lazy\" decoding=\"async\" width=\"400\" height=\"240\" data-id=\"93085\" src=\"https:\/\/centcols.org\/wp-content\/uploads\/2026\/01\/col_de_tende_5.jpg\" alt=\"\" class=\"wp-image-93085\" srcset=\"https:\/\/centcols.org\/wp-content\/uploads\/2026\/01\/col_de_tende_5.jpg 400w, https:\/\/centcols.org\/wp-content\/uploads\/2026\/01\/col_de_tende_5-18x12.jpg 18w\" sizes=\"auto, (max-width: 400px) 100vw, 400px\" \/><\/figure>\n<\/figure>\n\n\n\n<p><\/p>\n\n\n\n<p><\/p>","protected":false},"excerpt":{"rendered":"<p>Le col de Tende (FR-06-1871 ou IT-CN-1871), situ\u00e9 sur la cr\u00eate franco-italienne, permet de passer de la vall\u00e9e de la Roya au sud dans la vall\u00e9e pi\u00e9montaise de Vermenagna au nord. Il s&rsquo;agit du passage le plus bas entre la France et l&rsquo;Italie. Le versant fran\u00e7ais est muletier contrairement au versant italien, dont seulement les [&hellip;]<\/p>\n","protected":false},"author":682,"featured_media":93049,"comment_status":"closed","ping_status":"closed","sticky":false,"template":"","format":"standard","meta":{"_acf_changed":false,"footnotes":""},"categories":[308],"tags":[],"class_list":["post-93006","post","type-post","status-publish","format-standard","has-post-thumbnail","hentry","category-cols-en-vrac"],"acf":[],"yoast_head":"<!-- This site is optimized with the Yoast SEO plugin v27.2 - https:\/\/yoast.com\/product\/yoast-seo-wordpress\/ -->\n<title>Le col de Tende ou colle di Tenda - Club des Cent Cols<\/title>\n<meta name=\"robots\" content=\"index, follow, max-snippet:-1, max-image-preview:large, max-video-preview:-1\" \/>\n<link rel=\"canonical\" href=\"https:\/\/centcols.org\/es\/col-de-tende\/\" \/>\n<meta property=\"og:locale\" content=\"es_ES\" \/>\n<meta property=\"og:type\" content=\"article\" \/>\n<meta property=\"og:title\" content=\"Le col de Tende ou colle di Tenda - Club des Cent Cols\" \/>\n<meta property=\"og:description\" content=\"Le col de Tende (FR-06-1871 ou IT-CN-1871), situ\u00e9 sur la cr\u00eate franco-italienne, permet de passer de la vall\u00e9e de la Roya au sud dans la vall\u00e9e pi\u00e9montaise de Vermenagna au nord. Il s&rsquo;agit du passage le plus bas entre la France et l&rsquo;Italie. Le versant fran\u00e7ais est muletier contrairement au versant italien, dont seulement les [&hellip;]\" \/>\n<meta property=\"og:url\" content=\"https:\/\/centcols.org\/es\/col-de-tende\/\" \/>\n<meta property=\"og:site_name\" content=\"Club des Cent Cols\" \/>\n<meta property=\"article:publisher\" content=\"https:\/\/www.facebook.com\/groups\/5261880558\/?locale=fr_FR\" \/>\n<meta property=\"article:published_time\" content=\"2026-01-30T16:36:34+00:00\" \/>\n<meta property=\"article:modified_time\" content=\"2026-01-31T16:19:34+00:00\" \/>\n<meta property=\"og:image\" content=\"https:\/\/centcols.org\/wp-content\/uploads\/2026\/01\/col_de_tende_carte.jpg\" \/>\n\t<meta property=\"og:image:width\" content=\"276\" \/>\n\t<meta property=\"og:image:height\" content=\"558\" \/>\n\t<meta property=\"og:image:type\" content=\"image\/jpeg\" \/>\n<meta name=\"author\" content=\"Paul Levart\" \/>\n<meta name=\"twitter:card\" content=\"summary_large_image\" \/>\n<meta name=\"twitter:label1\" content=\"Escrito por\" \/>\n\t<meta name=\"twitter:data1\" content=\"Paul Levart\" \/>\n\t<meta name=\"twitter:label2\" content=\"Tiempo de lectura\" \/>\n\t<meta name=\"twitter:data2\" content=\"5 minutos\" \/>\n<script type=\"application\/ld+json\" class=\"yoast-schema-graph\">{\"@context\":\"https:\/\/schema.org\",\"@graph\":[{\"@type\":\"Article\",\"@id\":\"https:\/\/centcols.org\/de\/col-de-tende\/#article\",\"isPartOf\":{\"@id\":\"https:\/\/centcols.org\/de\/col-de-tende\/\"},\"author\":{\"name\":\"Paul Levart\",\"@id\":\"https:\/\/centcols.org\/#\/schema\/person\/f69e64d42a30af00fb46d8cf7a1d9945\"},\"headline\":\"Le col de Tende ou colle di Tenda\",\"datePublished\":\"2026-01-30T16:36:34+00:00\",\"dateModified\":\"2026-01-31T16:19:34+00:00\",\"mainEntityOfPage\":{\"@id\":\"https:\/\/centcols.org\/de\/col-de-tende\/\"},\"wordCount\":607,\"publisher\":{\"@id\":\"https:\/\/centcols.org\/#organization\"},\"image\":{\"@id\":\"https:\/\/centcols.org\/de\/col-de-tende\/#primaryimage\"},\"thumbnailUrl\":\"https:\/\/centcols.org\/wp-content\/uploads\/2026\/01\/col_de_tende_carte.jpg\",\"articleSection\":[\"Cols en vrac\"],\"inLanguage\":\"es\"},{\"@type\":\"WebPage\",\"@id\":\"https:\/\/centcols.org\/de\/col-de-tende\/\",\"url\":\"https:\/\/centcols.org\/de\/col-de-tende\/\",\"name\":\"Le col de Tende ou colle di Tenda - Club des Cent Cols\",\"isPartOf\":{\"@id\":\"https:\/\/centcols.org\/#website\"},\"primaryImageOfPage\":{\"@id\":\"https:\/\/centcols.org\/de\/col-de-tende\/#primaryimage\"},\"image\":{\"@id\":\"https:\/\/centcols.org\/de\/col-de-tende\/#primaryimage\"},\"thumbnailUrl\":\"https:\/\/centcols.org\/wp-content\/uploads\/2026\/01\/col_de_tende_carte.jpg\",\"datePublished\":\"2026-01-30T16:36:34+00:00\",\"dateModified\":\"2026-01-31T16:19:34+00:00\",\"breadcrumb\":{\"@id\":\"https:\/\/centcols.org\/de\/col-de-tende\/#breadcrumb\"},\"inLanguage\":\"es\",\"potentialAction\":[{\"@type\":\"ReadAction\",\"target\":[\"https:\/\/centcols.org\/de\/col-de-tende\/\"]}]},{\"@type\":\"ImageObject\",\"inLanguage\":\"es\",\"@id\":\"https:\/\/centcols.org\/de\/col-de-tende\/#primaryimage\",\"url\":\"https:\/\/centcols.org\/wp-content\/uploads\/2026\/01\/col_de_tende_carte.jpg\",\"contentUrl\":\"https:\/\/centcols.org\/wp-content\/uploads\/2026\/01\/col_de_tende_carte.jpg\",\"width\":276,\"height\":558},{\"@type\":\"BreadcrumbList\",\"@id\":\"https:\/\/centcols.org\/de\/col-de-tende\/#breadcrumb\",\"itemListElement\":[{\"@type\":\"ListItem\",\"position\":1,\"name\":\"Accueil\",\"item\":\"https:\/\/centcols.org\/\"},{\"@type\":\"ListItem\",\"position\":2,\"name\":\"Cols en vrac\",\"item\":\"https:\/\/centcols.org\/rubrique\/cols-en-vrac\/\"},{\"@type\":\"ListItem\",\"position\":3,\"name\":\"Le col de Tende ou colle di Tenda\"}]},{\"@type\":\"WebSite\",\"@id\":\"https:\/\/centcols.org\/#website\",\"url\":\"https:\/\/centcols.org\/\",\"name\":\"Club des Cent Cols\",\"description\":\"\",\"publisher\":{\"@id\":\"https:\/\/centcols.org\/#organization\"},\"potentialAction\":[{\"@type\":\"SearchAction\",\"target\":{\"@type\":\"EntryPoint\",\"urlTemplate\":\"https:\/\/centcols.org\/?s={search_term_string}\"},\"query-input\":{\"@type\":\"PropertyValueSpecification\",\"valueRequired\":true,\"valueName\":\"search_term_string\"}}],\"inLanguage\":\"es\"},{\"@type\":\"Organization\",\"@id\":\"https:\/\/centcols.org\/#organization\",\"name\":\"Club des Cent Cols\",\"url\":\"https:\/\/centcols.org\/\",\"logo\":{\"@type\":\"ImageObject\",\"inLanguage\":\"es\",\"@id\":\"https:\/\/centcols.org\/#\/schema\/logo\/image\/\",\"url\":\"https:\/\/centcols.org\/wp-content\/uploads\/2025\/01\/carte-icone.png\",\"contentUrl\":\"https:\/\/centcols.org\/wp-content\/uploads\/2025\/01\/carte-icone.png\",\"width\":250,\"height\":250,\"caption\":\"Club des Cent Cols\"},\"image\":{\"@id\":\"https:\/\/centcols.org\/#\/schema\/logo\/image\/\"},\"sameAs\":[\"https:\/\/www.facebook.com\/groups\/5261880558\/?locale=fr_FR\"]},{\"@type\":\"Person\",\"@id\":\"https:\/\/centcols.org\/#\/schema\/person\/f69e64d42a30af00fb46d8cf7a1d9945\",\"name\":\"Paul Levart\",\"image\":{\"@type\":\"ImageObject\",\"inLanguage\":\"es\",\"@id\":\"https:\/\/centcols.org\/wp-content\/litespeed\/avatar\/b81f27ef11f03e8b6b3b3019b1b2b4d7.jpg?ver=1777205446\",\"url\":\"https:\/\/centcols.org\/wp-content\/litespeed\/avatar\/b81f27ef11f03e8b6b3b3019b1b2b4d7.jpg?ver=1777205446\",\"contentUrl\":\"https:\/\/centcols.org\/wp-content\/litespeed\/avatar\/b81f27ef11f03e8b6b3b3019b1b2b4d7.jpg?ver=1777205446\",\"caption\":\"Paul Levart\"},\"url\":\"https:\/\/centcols.org\/es\/author\/4953\/\"}]}<\/script>\n<!-- \/ Yoast SEO plugin. -->","yoast_head_json":{"title":"El Colle de Tende o Colle di Tenda - Club des Cent Cols","robots":{"index":"index","follow":"follow","max-snippet":"max-snippet:-1","max-image-preview":"max-image-preview:large","max-video-preview":"max-video-preview:-1"},"canonical":"https:\/\/centcols.org\/es\/col-de-tende\/","og_locale":"es_ES","og_type":"article","og_title":"Le col de Tende ou colle di Tenda - Club des Cent Cols","og_description":"Le col de Tende (FR-06-1871 ou IT-CN-1871), situ\u00e9 sur la cr\u00eate franco-italienne, permet de passer de la vall\u00e9e de la Roya au sud dans la vall\u00e9e pi\u00e9montaise de Vermenagna au nord. Il s&rsquo;agit du passage le plus bas entre la France et l&rsquo;Italie. Le versant fran\u00e7ais est muletier contrairement au versant italien, dont seulement les [&hellip;]","og_url":"https:\/\/centcols.org\/es\/col-de-tende\/","og_site_name":"Club des Cent Cols","article_publisher":"https:\/\/www.facebook.com\/groups\/5261880558\/?locale=fr_FR","article_published_time":"2026-01-30T16:36:34+00:00","article_modified_time":"2026-01-31T16:19:34+00:00","og_image":[{"width":276,"height":558,"url":"https:\/\/centcols.org\/wp-content\/uploads\/2026\/01\/col_de_tende_carte.jpg","type":"image\/jpeg"}],"author":"Paul Levart","twitter_card":"summary_large_image","twitter_misc":{"Escrito por":"Paul Levart","Tiempo de lectura":"5 minutos"},"schema":{"@context":"https:\/\/schema.org","@graph":[{"@type":"Article","@id":"https:\/\/centcols.org\/de\/col-de-tende\/#article","isPartOf":{"@id":"https:\/\/centcols.org\/de\/col-de-tende\/"},"author":{"name":"Paul Levart","@id":"https:\/\/centcols.org\/#\/schema\/person\/f69e64d42a30af00fb46d8cf7a1d9945"},"headline":"Le col de Tende ou colle di Tenda","datePublished":"2026-01-30T16:36:34+00:00","dateModified":"2026-01-31T16:19:34+00:00","mainEntityOfPage":{"@id":"https:\/\/centcols.org\/de\/col-de-tende\/"},"wordCount":607,"publisher":{"@id":"https:\/\/centcols.org\/#organization"},"image":{"@id":"https:\/\/centcols.org\/de\/col-de-tende\/#primaryimage"},"thumbnailUrl":"https:\/\/centcols.org\/wp-content\/uploads\/2026\/01\/col_de_tende_carte.jpg","articleSection":["Cols en vrac"],"inLanguage":"es"},{"@type":"WebPage","@id":"https:\/\/centcols.org\/de\/col-de-tende\/","url":"https:\/\/centcols.org\/de\/col-de-tende\/","name":"El Colle de Tende o Colle di Tenda - Club des Cent Cols","isPartOf":{"@id":"https:\/\/centcols.org\/#website"},"primaryImageOfPage":{"@id":"https:\/\/centcols.org\/de\/col-de-tende\/#primaryimage"},"image":{"@id":"https:\/\/centcols.org\/de\/col-de-tende\/#primaryimage"},"thumbnailUrl":"https:\/\/centcols.org\/wp-content\/uploads\/2026\/01\/col_de_tende_carte.jpg","datePublished":"2026-01-30T16:36:34+00:00","dateModified":"2026-01-31T16:19:34+00:00","breadcrumb":{"@id":"https:\/\/centcols.org\/de\/col-de-tende\/#breadcrumb"},"inLanguage":"es","potentialAction":[{"@type":"ReadAction","target":["https:\/\/centcols.org\/de\/col-de-tende\/"]}]},{"@type":"ImageObject","inLanguage":"es","@id":"https:\/\/centcols.org\/de\/col-de-tende\/#primaryimage","url":"https:\/\/centcols.org\/wp-content\/uploads\/2026\/01\/col_de_tende_carte.jpg","contentUrl":"https:\/\/centcols.org\/wp-content\/uploads\/2026\/01\/col_de_tende_carte.jpg","width":276,"height":558},{"@type":"BreadcrumbList","@id":"https:\/\/centcols.org\/de\/col-de-tende\/#breadcrumb","itemListElement":[{"@type":"ListItem","position":1,"name":"Accueil","item":"https:\/\/centcols.org\/"},{"@type":"ListItem","position":2,"name":"Cols en vrac","item":"https:\/\/centcols.org\/rubrique\/cols-en-vrac\/"},{"@type":"ListItem","position":3,"name":"Le col de Tende ou colle di Tenda"}]},{"@type":"WebSite","@id":"https:\/\/centcols.org\/#website","url":"https:\/\/centcols.org\/","name":"Club des Cent Cols","description":"","publisher":{"@id":"https:\/\/centcols.org\/#organization"},"potentialAction":[{"@type":"SearchAction","target":{"@type":"EntryPoint","urlTemplate":"https:\/\/centcols.org\/?s={search_term_string}"},"query-input":{"@type":"PropertyValueSpecification","valueRequired":true,"valueName":"search_term_string"}}],"inLanguage":"es"},{"@type":"Organization","@id":"https:\/\/centcols.org\/#organization","name":"Club des Cent Cols","url":"https:\/\/centcols.org\/","logo":{"@type":"ImageObject","inLanguage":"es","@id":"https:\/\/centcols.org\/#\/schema\/logo\/image\/","url":"https:\/\/centcols.org\/wp-content\/uploads\/2025\/01\/carte-icone.png","contentUrl":"https:\/\/centcols.org\/wp-content\/uploads\/2025\/01\/carte-icone.png","width":250,"height":250,"caption":"Club des Cent Cols"},"image":{"@id":"https:\/\/centcols.org\/#\/schema\/logo\/image\/"},"sameAs":["https:\/\/www.facebook.com\/groups\/5261880558\/?locale=fr_FR"]},{"@type":"Person","@id":"https:\/\/centcols.org\/#\/schema\/person\/f69e64d42a30af00fb46d8cf7a1d9945","name":"Paul Levart","image":{"@type":"ImageObject","inLanguage":"es","@id":"https:\/\/centcols.org\/wp-content\/litespeed\/avatar\/b81f27ef11f03e8b6b3b3019b1b2b4d7.jpg?ver=1777205446","url":"https:\/\/centcols.org\/wp-content\/litespeed\/avatar\/b81f27ef11f03e8b6b3b3019b1b2b4d7.jpg?ver=1777205446","contentUrl":"https:\/\/centcols.org\/wp-content\/litespeed\/avatar\/b81f27ef11f03e8b6b3b3019b1b2b4d7.jpg?ver=1777205446","caption":"Paul Levart"},"url":"https:\/\/centcols.org\/es\/author\/4953\/"}]}},"_links":{"self":[{"href":"https:\/\/centcols.org\/es\/wp-json\/wp\/v2\/posts\/93006","targetHints":{"allow":["GET"]}}],"collection":[{"href":"https:\/\/centcols.org\/es\/wp-json\/wp\/v2\/posts"}],"about":[{"href":"https:\/\/centcols.org\/es\/wp-json\/wp\/v2\/types\/post"}],"author":[{"embeddable":true,"href":"https:\/\/centcols.org\/es\/wp-json\/wp\/v2\/users\/682"}],"replies":[{"embeddable":true,"href":"https:\/\/centcols.org\/es\/wp-json\/wp\/v2\/comments?post=93006"}],"version-history":[{"count":0,"href":"https:\/\/centcols.org\/es\/wp-json\/wp\/v2\/posts\/93006\/revisions"}],"wp:featuredmedia":[{"embeddable":true,"href":"https:\/\/centcols.org\/es\/wp-json\/wp\/v2\/media\/93049"}],"wp:attachment":[{"href":"https:\/\/centcols.org\/es\/wp-json\/wp\/v2\/media?parent=93006"}],"wp:term":[{"taxonomy":"category","embeddable":true,"href":"https:\/\/centcols.org\/es\/wp-json\/wp\/v2\/categories?post=93006"},{"taxonomy":"post_tag","embeddable":true,"href":"https:\/\/centcols.org\/es\/wp-json\/wp\/v2\/tags?post=93006"}],"curies":[{"name":"wp","href":"https:\/\/api.w.org\/{rel}","templated":true}]}}