{"id":93008,"date":"2026-01-29T16:50:29","date_gmt":"2026-01-29T14:50:29","guid":{"rendered":"https:\/\/centcols.org\/?p=93008"},"modified":"2026-04-19T08:56:07","modified_gmt":"2026-04-19T06:56:07","slug":"raduno-italiano-2026","status":"publish","type":"post","link":"https:\/\/centcols.org\/es\/raduno-italiano-2026\/","title":{"rendered":"Raduno Italiano - S\u00e1bado y domingo 30 y 31 de mayo de 2026"},"content":{"rendered":"<p>El rally italiano tendr\u00e1 lugar en Albera Ligure, en Val Borbera (Alejandr\u00eda), en la siguiente direcci\u00f3n:<br>Albergo \u2018\u2019Da Bruno\u2019<br>Frazione San Nazzaro, 11<br>15060 ALBERA LIGURE (AL)<br>Correo electr\u00f3nico: hotel_ristorante_da_bruno@hotmail.com<\/p>\n\n\n\n<p>Los participantes de Raduno realizar\u00e1n las reservas bajo las siguientes condiciones acordadas con el Club des Cent Cols (que se mencionar\u00e1n en el momento de la reserva):<br>- Media pensi\u00f3n (habitaci\u00f3n, cena, desayuno) 70,00<br>- Habitaci\u00f3n individual 50,00<br>- Habitaci\u00f3n doble 90,00<br>- Habitaci\u00f3n triple 110,00<br>Las tarifas son por noche y habitaci\u00f3n e incluyen el desayuno.<br>Almacenamiento gratuito de bicicletas<\/p>\n\n\n\n<p>El s\u00e1bado 30 de mayo est\u00e1 prevista una cena de convivencia con dos opciones:<br>- Un men\u00fa a precio fijo a partir de 15 euros por persona, que incluye un entrante, un plato principal, una guarnici\u00f3n, fruta y caf\u00e9 (agua y vino incluidos).<br>- O a la carta. Esta \u00faltima ofrece una amplia selecci\u00f3n de productos tradicionales y locales, como trufas y setas porcini, y los precios var\u00edan en funci\u00f3n de los platos elegidos.<\/p>\n\n\n\n<h2 class=\"wp-block-heading\">Circuito de grava, s\u00e1bado 30<\/h2>\n\n\n\n<p>66 km, 1670 m de desnivel, 8 puertos: Sella di Avi (<a href=\"https:\/\/centcols.org\/es\/util\/geo\/visu.php\/?code=IT-AL-0732\" target=\"_blank\" rel=\"noreferrer noopener\">IT-AL-0732<\/a>), Selletta di M. Cravasana (<a href=\"https:\/\/centcols.org\/es\/util\/geo\/visu.php\/?code=IT-AL-0806\" target=\"_blank\" rel=\"noreferrer noopener\">IT-AL-0806<\/a>), Colle delle Forche (<a href=\"https:\/\/centcols.org\/es\/util\/geo\/visu.php\/?code=IT-AL-0790\" target=\"_blank\" rel=\"noreferrer noopener\">IT-AL-0790<\/a>), Colle della Guardia (<a href=\"https:\/\/centcols.org\/es\/util\/geo\/visu.php\/?code=IT-GE-0390\" target=\"_blank\" rel=\"noreferrer noopener\">IT-GE-0390<\/a>), Colle della Serra (<a href=\"https:\/\/centcols.org\/es\/util\/geo\/visu.php\/?code=IT-GE-0661a\" target=\"_blank\" rel=\"noreferrer noopener\">IT-GE-0661a<\/a>), Valico dell'Incisa (<a href=\"https:\/\/centcols.org\/es\/util\/geo\/visu.php\/?code=IT-GE-0753\" target=\"_blank\" rel=\"noreferrer noopener\">IT-GE-0753<\/a>), Sella di Monte Bossola (IT-AL-1096, validaci\u00f3n en curso), Colle dell'Alpicella (<a href=\"https:\/\/centcols.org\/es\/util\/geo\/visu.php\/?code=IT-GE-0833\" target=\"_blank\" rel=\"noreferrer noopener\">IT-GE-0833<\/a>)<\/p>\n\n\n\n<figure class=\"wp-block-gallery has-nested-images columns-default is-cropped wp-block-gallery-1 is-layout-flex wp-block-gallery-is-layout-flex\">\n<figure class=\"wp-block-image size-large\"><img loading=\"lazy\" decoding=\"async\" width=\"800\" height=\"452\" data-id=\"94240\" src=\"https:\/\/centcols.org\/wp-content\/uploads\/2026\/01\/it-al-0795.jpg\" alt=\"\" class=\"wp-image-94240\" srcset=\"https:\/\/centcols.org\/wp-content\/uploads\/2026\/01\/it-al-0795.jpg 800w, https:\/\/centcols.org\/wp-content\/uploads\/2026\/01\/it-al-0795-768x434.jpg 768w, https:\/\/centcols.org\/wp-content\/uploads\/2026\/01\/it-al-0795-18x10.jpg 18w\" sizes=\"auto, (max-width: 800px) 100vw, 800px\" \/><figcaption class=\"wp-element-caption\">Passo di Costa Salata<\/figcaption><\/figure>\n\n\n\n<figure class=\"wp-block-image size-large\"><img loading=\"lazy\" decoding=\"async\" width=\"800\" height=\"468\" data-id=\"94239\" src=\"https:\/\/centcols.org\/wp-content\/uploads\/2026\/01\/it-al-1538.jpg\" alt=\"\" class=\"wp-image-94239\" srcset=\"https:\/\/centcols.org\/wp-content\/uploads\/2026\/01\/it-al-1538.jpg 800w, https:\/\/centcols.org\/wp-content\/uploads\/2026\/01\/it-al-1538-768x449.jpg 768w, https:\/\/centcols.org\/wp-content\/uploads\/2026\/01\/it-al-1538-18x12.jpg 18w\" sizes=\"auto, (max-width: 800px) 100vw, 800px\" \/><figcaption class=\"wp-element-caption\">Sella Monte Roncasso<\/figcaption><\/figure>\n<\/figure>\n\n\n\n<h2 class=\"wp-block-heading\">Circuito de carretera, domingo 31<\/h2>\n\n\n\n<p>91 km, 2130 m de desnivel, 9 puertos: Colle della Serra (<a href=\"https:\/\/centcols.org\/es\/util\/geo\/visu.php\/?code=IT-GE-0661a\" target=\"_blank\" rel=\"noreferrer noopener\">IT-GE-0661a<\/a>), Passo Tanadorso (<a href=\"https:\/\/centcols.org\/es\/util\/geo\/visu.php\/?code=IT-GE-0758\" target=\"_blank\" rel=\"noreferrer noopener\">IT-GE-0758<\/a>), Gola della Castagnola (<a href=\"https:\/\/centcols.org\/es\/util\/geo\/visu.php\/?code=IT-AL-0575\" target=\"_blank\" rel=\"noreferrer noopener\">IT-AL-0575<\/a>), Passo dei Giovi (<a href=\"https:\/\/centcols.org\/es\/util\/geo\/visu.php\/?code=IT-GE-0472\" target=\"_blank\" rel=\"noreferrer noopener\">IT-GE-0472<\/a>), Passo del Pertuso (<a href=\"https:\/\/centcols.org\/es\/util\/geo\/visu.php\/?code=IT-GE-0577a\" target=\"_blank\" rel=\"noreferrer noopener\">IT-GE-0577a<\/a>), Passo del Cornaro (<a href=\"https:\/\/centcols.org\/es\/util\/geo\/visu.php\/?code=IT-GE-0565\" target=\"_blank\" rel=\"noreferrer noopener\">IT-GE-0565<\/a>), Passo Crocetta di Orero (<a href=\"https:\/\/centcols.org\/es\/util\/geo\/visu.php\/?code=IT-GE-0468\" target=\"_blank\" rel=\"noreferrer noopener\">IT-GE-0468<\/a>), Colle di Martellone (<a href=\"https:\/\/centcols.org\/es\/util\/geo\/visu.php\/?code=IT-GE-0768\" target=\"_blank\" rel=\"noreferrer noopener\">IT-GE-0768<\/a>), Passo di Costa Salata (<a href=\"https:\/\/centcols.org\/es\/util\/geo\/visu.php\/?code=IT-AL-0795\" target=\"_blank\" rel=\"noreferrer noopener\">IT-AL-0795<\/a>)<\/p>\n\n\n\n<figure class=\"wp-block-gallery has-nested-images columns-default is-cropped wp-block-gallery-2 is-layout-flex wp-block-gallery-is-layout-flex\">\n<figure class=\"wp-block-image size-large\"><img loading=\"lazy\" decoding=\"async\" width=\"800\" height=\"572\" data-id=\"94241\" src=\"https:\/\/centcols.org\/wp-content\/uploads\/2026\/01\/it-ge-0575.jpg\" alt=\"\" class=\"wp-image-94241\" srcset=\"https:\/\/centcols.org\/wp-content\/uploads\/2026\/01\/it-ge-0575.jpg 800w, https:\/\/centcols.org\/wp-content\/uploads\/2026\/01\/it-ge-0575-768x549.jpg 768w, https:\/\/centcols.org\/wp-content\/uploads\/2026\/01\/it-ge-0575-18x12.jpg 18w\" sizes=\"auto, (max-width: 800px) 100vw, 800px\" \/><figcaption class=\"wp-element-caption\">Gola della Castagnola<\/figcaption><\/figure>\n\n\n\n<figure class=\"wp-block-image size-large\"><img loading=\"lazy\" decoding=\"async\" width=\"800\" height=\"600\" data-id=\"94242\" src=\"https:\/\/centcols.org\/wp-content\/uploads\/2026\/01\/it-ge-0661a.jpg\" alt=\"\" class=\"wp-image-94242\" srcset=\"https:\/\/centcols.org\/wp-content\/uploads\/2026\/01\/it-ge-0661a.jpg 800w, https:\/\/centcols.org\/wp-content\/uploads\/2026\/01\/it-ge-0661a-768x576.jpg 768w, https:\/\/centcols.org\/wp-content\/uploads\/2026\/01\/it-ge-0661a-16x12.jpg 16w\" sizes=\"auto, (max-width: 800px) 100vw, 800px\" \/><figcaption class=\"wp-element-caption\">Colle della Serra<\/figcaption><\/figure>\n\n\n\n<figure class=\"wp-block-image size-large\"><img loading=\"lazy\" decoding=\"async\" width=\"800\" height=\"600\" data-id=\"94243\" src=\"https:\/\/centcols.org\/wp-content\/uploads\/2026\/01\/it-ge-0758.jpg\" alt=\"\" class=\"wp-image-94243\" srcset=\"https:\/\/centcols.org\/wp-content\/uploads\/2026\/01\/it-ge-0758.jpg 800w, https:\/\/centcols.org\/wp-content\/uploads\/2026\/01\/it-ge-0758-768x576.jpg 768w, https:\/\/centcols.org\/wp-content\/uploads\/2026\/01\/it-ge-0758-16x12.jpg 16w\" sizes=\"auto, (max-width: 800px) 100vw, 800px\" \/><figcaption class=\"wp-element-caption\">Passo Tanadorso<\/figcaption><\/figure>\n<\/figure>\n\n\n\n<h2 class=\"wp-block-heading\">Opci\u00f3n bicicleta de monta\u00f1a, Albera Ligure<\/h2>\n\n\n\n<p>36 km, 694 m de desnivel, 5 puertos: Colle Trappola (IT-AL-1291), Sella Monte Roncasso (IT-AL-1538), Passo Pan\u00e0 (IT-AL-1546), Passo Bruciamonica (IT-AL-1394), Bocca del Giarolo (IT-AL-1399)<\/p>\n\n\n\n<h2 class=\"wp-block-heading\">Opci\u00f3n carretera, Varzi<\/h2>\n\n\n\n<p>59 km, 1270 m de desnivel, 6 puertos: Passo di Pietragavina (IT-PV-0729), Colle della Crocetta (IT-PV-0815), Tre Passi Passo delle Tre Strade (IT-PV-1103), Passo del Penice (IT-PC-1149), Passo Scaparina (IT-PC-1108), Passo del Brallo (IT-PV-0952)<\/p>\n\n\n\n<h2 class=\"wp-block-heading\">Opci\u00f3n grava, Albera Ligure<\/h2>\n\n\n\n<p>78 km, 1720 m de desnivel, 6 puertos: Bocca del Lupo (IT-AL-0391), Bocchetta di Albarasca (IT-AL-0545), Passo dei Groppi (IT-AL-0461), Bocchetta di Barilaro (IT-AL-0628), Forcella del Barilaro (IT-AL-0765a), Passo dei Pratini (IT-AL-0721)<\/p>\n\n\n\n<p><a href=\"https:\/\/centcols.org\/es\/membres\/cctours\/tours.php\/?lieu=Albera&amp;an=2026\" target=\"_blank\" rel=\"noreferrer noopener\">Huellas gp<\/a><a href=\"https:\/\/centcols.org\/es\/membres\/cctours\/tours.php\/?lieu=Albera&amp;an=2026\">x<\/a><\/p>\n\n\n\n<h2 class=\"wp-block-heading\">P\u00f3ngase en contacto con<\/h2>\n\n\n\n<p class=\"has-medium-font-size\">Luigi Spina +39 349 416 31 74 <br><a href=\"\/es\/&\/#x6d;&#97;i&#x6c;&#116;&#111;&#x3a;&#x6c;&#117;i&#x67;&#105;&#46;&#x73;&#x70;&#105;n&#x61;&#64;g&#x6d;&#x78;&#46;d&#x65;\" rel=\"nofollow\">luigi.spina@gmx.de<\/a><\/p>\n\n\n\n<p><\/p>","protected":false},"excerpt":{"rendered":"<p>Le rassemblement italien aura lieu \u00e0 Albera Ligure dans le Val Borbera (Alexandrie) \u00e0 l&rsquo;adresse suivante :Albergo \u2018\u2019Da Bruno\u2019\u2019Frazione San Nazzaro, 1115060 ALBERA LIGURE (AL)Mail : &#104;&#x6f;&#116;&#x65;l&#95;&#x72;&#105;&#x73;t&#x6f;r&#97;&#x6e;&#116;&#x65;_&#x64;&#x61;&#95;&#x62;r&#x75;n&#111;&#x40;&#104;&#x6f;t&#x6d;a&#105;&#x6c;&#46;&#x63;o&#109; Les participants au Raduno effectueront les r\u00e9servations aux conditions suivantes convenues avec le Club des Cent Cols (\u00e0 mentionner lors de la r\u00e9servation) :&#8211; Demi-pension (chambre, d\u00eener du [&hellip;]<\/p>\n","protected":false},"author":136,"featured_media":94242,"comment_status":"open","ping_status":"open","sticky":false,"template":"","format":"standard","meta":{"_acf_changed":false,"footnotes":""},"categories":[465,135,216],"tags":[],"class_list":["post-93008","post","type-post","status-publish","format-standard","has-post-thumbnail","hentry","category-les-rassemblements-de-2026","category-calendrier","category-rencontres-regionales"],"acf":[],"yoast_head":"<!-- This site is optimized with the Yoast SEO plugin v27.2 - https:\/\/yoast.com\/product\/yoast-seo-wordpress\/ -->\n<title>Raduno Italiano - samedi et dimanche 30 &amp; 31 mai 2026 - Club des Cent Cols<\/title>\n<meta name=\"robots\" content=\"index, follow, max-snippet:-1, max-image-preview:large, max-video-preview:-1\" \/>\n<link rel=\"canonical\" href=\"https:\/\/centcols.org\/es\/raduno-italiano-2026\/\" \/>\n<meta property=\"og:locale\" content=\"es_ES\" \/>\n<meta property=\"og:type\" content=\"article\" \/>\n<meta property=\"og:title\" content=\"Raduno Italiano - samedi et dimanche 30 &amp; 31 mai 2026 - Club des Cent Cols\" \/>\n<meta property=\"og:description\" content=\"Le rassemblement italien aura lieu \u00e0 Albera Ligure dans le Val Borbera (Alexandrie) \u00e0 l&rsquo;adresse suivante :Albergo \u2018\u2019Da Bruno\u2019\u2019Frazione San Nazzaro, 1115060 ALBERA LIGURE (AL)Mail : hot&#101;&#108;&#095;&#x72;&#x69;&#x73;&#x74;&#x6f;&#x72;ant&#101;&#095;&#100;&#097;&#x5f;&#x62;&#x72;&#x75;&#x6e;&#x6f;&#064;ho&#116;&#109;&#097;&#x69;&#x6c;&#x2e;&#x63;&#x6f;&#x6d; Les participants au Raduno effectueront les r\u00e9servations aux conditions suivantes convenues avec le Club des Cent Cols (\u00e0 mentionner lors de la r\u00e9servation) :&#8211; Demi-pension (chambre, d\u00eener du [&hellip;]\" \/>\n<meta property=\"og:url\" content=\"https:\/\/centcols.org\/es\/raduno-italiano-2026\/\" \/>\n<meta property=\"og:site_name\" content=\"Club des Cent Cols\" \/>\n<meta property=\"article:publisher\" content=\"https:\/\/www.facebook.com\/groups\/5261880558\/?locale=fr_FR\" \/>\n<meta property=\"article:published_time\" content=\"2026-01-29T14:50:29+00:00\" \/>\n<meta property=\"article:modified_time\" content=\"2026-04-19T06:56:07+00:00\" \/>\n<meta property=\"og:image\" content=\"https:\/\/centcols.org\/wp-content\/uploads\/2026\/01\/it-ge-0661a.jpg\" \/>\n\t<meta property=\"og:image:width\" content=\"800\" \/>\n\t<meta property=\"og:image:height\" content=\"600\" \/>\n\t<meta property=\"og:image:type\" content=\"image\/jpeg\" \/>\n<meta name=\"author\" content=\"Guy Harl\u00e9\" \/>\n<meta name=\"twitter:card\" content=\"summary_large_image\" \/>\n<meta name=\"twitter:label1\" content=\"Escrito por\" \/>\n\t<meta name=\"twitter:data1\" content=\"Guy Harl\u00e9\" \/>\n\t<meta name=\"twitter:label2\" content=\"Tiempo de lectura\" \/>\n\t<meta name=\"twitter:data2\" content=\"4 minutos\" \/>\n<script type=\"application\/ld+json\" class=\"yoast-schema-graph\">{\"@context\":\"https:\/\/schema.org\",\"@graph\":[{\"@type\":\"Article\",\"@id\":\"https:\/\/centcols.org\/nl\/raduno-italiano-2026\/#article\",\"isPartOf\":{\"@id\":\"https:\/\/centcols.org\/nl\/raduno-italiano-2026\/\"},\"author\":{\"name\":\"Guy Harl\u00e9\",\"@id\":\"https:\/\/centcols.org\/#\/schema\/person\/377f00da2793c0363246869bb3a344d0\"},\"headline\":\"Raduno Italiano &#8211; samedi et dimanche 30 &amp; 31 mai 2026\",\"datePublished\":\"2026-01-29T14:50:29+00:00\",\"dateModified\":\"2026-04-19T06:56:07+00:00\",\"mainEntityOfPage\":{\"@id\":\"https:\/\/centcols.org\/nl\/raduno-italiano-2026\/\"},\"wordCount\":395,\"commentCount\":1,\"publisher\":{\"@id\":\"https:\/\/centcols.org\/#organization\"},\"image\":{\"@id\":\"https:\/\/centcols.org\/nl\/raduno-italiano-2026\/#primaryimage\"},\"thumbnailUrl\":\"https:\/\/centcols.org\/wp-content\/uploads\/2026\/01\/it-ge-0661a.jpg\",\"articleSection\":[\"2026-rassemblements\",\"Calendrier\",\"Rencontres r\u00e9gionales\"],\"inLanguage\":\"es\",\"potentialAction\":[{\"@type\":\"CommentAction\",\"name\":\"Comment\",\"target\":[\"https:\/\/centcols.org\/nl\/raduno-italiano-2026\/#respond\"]}]},{\"@type\":\"WebPage\",\"@id\":\"https:\/\/centcols.org\/nl\/raduno-italiano-2026\/\",\"url\":\"https:\/\/centcols.org\/nl\/raduno-italiano-2026\/\",\"name\":\"Raduno Italiano - samedi et dimanche 30 &amp; 31 mai 2026 - Club des Cent Cols\",\"isPartOf\":{\"@id\":\"https:\/\/centcols.org\/#website\"},\"primaryImageOfPage\":{\"@id\":\"https:\/\/centcols.org\/nl\/raduno-italiano-2026\/#primaryimage\"},\"image\":{\"@id\":\"https:\/\/centcols.org\/nl\/raduno-italiano-2026\/#primaryimage\"},\"thumbnailUrl\":\"https:\/\/centcols.org\/wp-content\/uploads\/2026\/01\/it-ge-0661a.jpg\",\"datePublished\":\"2026-01-29T14:50:29+00:00\",\"dateModified\":\"2026-04-19T06:56:07+00:00\",\"breadcrumb\":{\"@id\":\"https:\/\/centcols.org\/nl\/raduno-italiano-2026\/#breadcrumb\"},\"inLanguage\":\"es\",\"potentialAction\":[{\"@type\":\"ReadAction\",\"target\":[\"https:\/\/centcols.org\/nl\/raduno-italiano-2026\/\"]}]},{\"@type\":\"ImageObject\",\"inLanguage\":\"es\",\"@id\":\"https:\/\/centcols.org\/nl\/raduno-italiano-2026\/#primaryimage\",\"url\":\"https:\/\/centcols.org\/wp-content\/uploads\/2026\/01\/it-ge-0661a.jpg\",\"contentUrl\":\"https:\/\/centcols.org\/wp-content\/uploads\/2026\/01\/it-ge-0661a.jpg\",\"width\":800,\"height\":600,\"caption\":\"Colle della Serra\"},{\"@type\":\"BreadcrumbList\",\"@id\":\"https:\/\/centcols.org\/nl\/raduno-italiano-2026\/#breadcrumb\",\"itemListElement\":[{\"@type\":\"ListItem\",\"position\":1,\"name\":\"Accueil\",\"item\":\"https:\/\/centcols.org\/\"},{\"@type\":\"ListItem\",\"position\":2,\"name\":\"Rencontres r\u00e9gionales\",\"item\":\"https:\/\/centcols.org\/rubrique\/rencontres-regionales\/\"},{\"@type\":\"ListItem\",\"position\":3,\"name\":\"Raduno Italiano &#8211; samedi et dimanche 30 &amp; 31 mai 2026\"}]},{\"@type\":\"WebSite\",\"@id\":\"https:\/\/centcols.org\/#website\",\"url\":\"https:\/\/centcols.org\/\",\"name\":\"Club des Cent Cols\",\"description\":\"\",\"publisher\":{\"@id\":\"https:\/\/centcols.org\/#organization\"},\"potentialAction\":[{\"@type\":\"SearchAction\",\"target\":{\"@type\":\"EntryPoint\",\"urlTemplate\":\"https:\/\/centcols.org\/?s={search_term_string}\"},\"query-input\":{\"@type\":\"PropertyValueSpecification\",\"valueRequired\":true,\"valueName\":\"search_term_string\"}}],\"inLanguage\":\"es\"},{\"@type\":\"Organization\",\"@id\":\"https:\/\/centcols.org\/#organization\",\"name\":\"Club des Cent Cols\",\"url\":\"https:\/\/centcols.org\/\",\"logo\":{\"@type\":\"ImageObject\",\"inLanguage\":\"es\",\"@id\":\"https:\/\/centcols.org\/#\/schema\/logo\/image\/\",\"url\":\"https:\/\/centcols.org\/wp-content\/uploads\/2025\/01\/carte-icone.png\",\"contentUrl\":\"https:\/\/centcols.org\/wp-content\/uploads\/2025\/01\/carte-icone.png\",\"width\":250,\"height\":250,\"caption\":\"Club des Cent Cols\"},\"image\":{\"@id\":\"https:\/\/centcols.org\/#\/schema\/logo\/image\/\"},\"sameAs\":[\"https:\/\/www.facebook.com\/groups\/5261880558\/?locale=fr_FR\"]},{\"@type\":\"Person\",\"@id\":\"https:\/\/centcols.org\/#\/schema\/person\/377f00da2793c0363246869bb3a344d0\",\"name\":\"Guy Harl\u00e9\",\"image\":{\"@type\":\"ImageObject\",\"inLanguage\":\"es\",\"@id\":\"https:\/\/centcols.org\/wp-content\/litespeed\/avatar\/94c4de37e46cf090f296d42ab3e8d6a6.jpg?ver=1777238144\",\"url\":\"https:\/\/centcols.org\/wp-content\/litespeed\/avatar\/94c4de37e46cf090f296d42ab3e8d6a6.jpg?ver=1777238144\",\"contentUrl\":\"https:\/\/centcols.org\/wp-content\/litespeed\/avatar\/94c4de37e46cf090f296d42ab3e8d6a6.jpg?ver=1777238144\",\"caption\":\"Guy Harl\u00e9\"},\"url\":\"https:\/\/centcols.org\/es\/author\/5193\/\"}]}<\/script>\n<!-- \/ Yoast SEO plugin. -->","yoast_head_json":{"title":"Raduno Italiano - S\u00e1bado y domingo 30 y 31 de mayo de 2026 - Club des Cent Cols","robots":{"index":"index","follow":"follow","max-snippet":"max-snippet:-1","max-image-preview":"max-image-preview:large","max-video-preview":"max-video-preview:-1"},"canonical":"https:\/\/centcols.org\/es\/raduno-italiano-2026\/","og_locale":"es_ES","og_type":"article","og_title":"Raduno Italiano - samedi et dimanche 30 &amp; 31 mai 2026 - Club des Cent Cols","og_description":"Le rassemblement italien aura lieu \u00e0 Albera Ligure dans le Val Borbera (Alexandrie) \u00e0 l&rsquo;adresse suivante :Albergo \u2018\u2019Da Bruno\u2019\u2019Frazione San Nazzaro, 1115060 ALBERA LIGURE (AL)Mail : hot&#101;&#108;&#95;&#x72;&#x69;&#x73;&#x74;&#x6f;&#x72;ant&#101;&#95;&#100;&#97;&#x5f;&#x62;&#x72;&#x75;&#x6e;&#x6f;&#64;ho&#116;&#109;&#97;&#x69;&#x6c;&#x2e;&#x63;&#x6f;&#x6d; Les participants au Raduno effectueront les r\u00e9servations aux conditions suivantes convenues avec le Club des Cent Cols (\u00e0 mentionner lors de la r\u00e9servation) :&#8211; Demi-pension (chambre, d\u00eener du [&hellip;]","og_url":"https:\/\/centcols.org\/es\/raduno-italiano-2026\/","og_site_name":"Club des Cent Cols","article_publisher":"https:\/\/www.facebook.com\/groups\/5261880558\/?locale=fr_FR","article_published_time":"2026-01-29T14:50:29+00:00","article_modified_time":"2026-04-19T06:56:07+00:00","og_image":[{"width":800,"height":600,"url":"https:\/\/centcols.org\/wp-content\/uploads\/2026\/01\/it-ge-0661a.jpg","type":"image\/jpeg"}],"author":"Guy Harl\u00e9","twitter_card":"summary_large_image","twitter_misc":{"Escrito por":"Guy Harl\u00e9","Tiempo de lectura":"4 minutos"},"schema":{"@context":"https:\/\/schema.org","@graph":[{"@type":"Article","@id":"https:\/\/centcols.org\/nl\/raduno-italiano-2026\/#article","isPartOf":{"@id":"https:\/\/centcols.org\/nl\/raduno-italiano-2026\/"},"author":{"name":"Guy Harl\u00e9","@id":"https:\/\/centcols.org\/#\/schema\/person\/377f00da2793c0363246869bb3a344d0"},"headline":"Raduno Italiano &#8211; samedi et dimanche 30 &amp; 31 mai 2026","datePublished":"2026-01-29T14:50:29+00:00","dateModified":"2026-04-19T06:56:07+00:00","mainEntityOfPage":{"@id":"https:\/\/centcols.org\/nl\/raduno-italiano-2026\/"},"wordCount":395,"commentCount":1,"publisher":{"@id":"https:\/\/centcols.org\/#organization"},"image":{"@id":"https:\/\/centcols.org\/nl\/raduno-italiano-2026\/#primaryimage"},"thumbnailUrl":"https:\/\/centcols.org\/wp-content\/uploads\/2026\/01\/it-ge-0661a.jpg","articleSection":["2026-rassemblements","Calendrier","Rencontres r\u00e9gionales"],"inLanguage":"es","potentialAction":[{"@type":"CommentAction","name":"Comment","target":["https:\/\/centcols.org\/nl\/raduno-italiano-2026\/#respond"]}]},{"@type":"WebPage","@id":"https:\/\/centcols.org\/nl\/raduno-italiano-2026\/","url":"https:\/\/centcols.org\/nl\/raduno-italiano-2026\/","name":"Raduno Italiano - S\u00e1bado y domingo 30 y 31 de mayo de 2026 - Club des Cent Cols","isPartOf":{"@id":"https:\/\/centcols.org\/#website"},"primaryImageOfPage":{"@id":"https:\/\/centcols.org\/nl\/raduno-italiano-2026\/#primaryimage"},"image":{"@id":"https:\/\/centcols.org\/nl\/raduno-italiano-2026\/#primaryimage"},"thumbnailUrl":"https:\/\/centcols.org\/wp-content\/uploads\/2026\/01\/it-ge-0661a.jpg","datePublished":"2026-01-29T14:50:29+00:00","dateModified":"2026-04-19T06:56:07+00:00","breadcrumb":{"@id":"https:\/\/centcols.org\/nl\/raduno-italiano-2026\/#breadcrumb"},"inLanguage":"es","potentialAction":[{"@type":"ReadAction","target":["https:\/\/centcols.org\/nl\/raduno-italiano-2026\/"]}]},{"@type":"ImageObject","inLanguage":"es","@id":"https:\/\/centcols.org\/nl\/raduno-italiano-2026\/#primaryimage","url":"https:\/\/centcols.org\/wp-content\/uploads\/2026\/01\/it-ge-0661a.jpg","contentUrl":"https:\/\/centcols.org\/wp-content\/uploads\/2026\/01\/it-ge-0661a.jpg","width":800,"height":600,"caption":"Colle della Serra"},{"@type":"BreadcrumbList","@id":"https:\/\/centcols.org\/nl\/raduno-italiano-2026\/#breadcrumb","itemListElement":[{"@type":"ListItem","position":1,"name":"Accueil","item":"https:\/\/centcols.org\/"},{"@type":"ListItem","position":2,"name":"Rencontres r\u00e9gionales","item":"https:\/\/centcols.org\/rubrique\/rencontres-regionales\/"},{"@type":"ListItem","position":3,"name":"Raduno Italiano &#8211; samedi et dimanche 30 &amp; 31 mai 2026"}]},{"@type":"WebSite","@id":"https:\/\/centcols.org\/#website","url":"https:\/\/centcols.org\/","name":"Club des Cent Cols","description":"","publisher":{"@id":"https:\/\/centcols.org\/#organization"},"potentialAction":[{"@type":"SearchAction","target":{"@type":"EntryPoint","urlTemplate":"https:\/\/centcols.org\/?s={search_term_string}"},"query-input":{"@type":"PropertyValueSpecification","valueRequired":true,"valueName":"search_term_string"}}],"inLanguage":"es"},{"@type":"Organization","@id":"https:\/\/centcols.org\/#organization","name":"Club des Cent Cols","url":"https:\/\/centcols.org\/","logo":{"@type":"ImageObject","inLanguage":"es","@id":"https:\/\/centcols.org\/#\/schema\/logo\/image\/","url":"https:\/\/centcols.org\/wp-content\/uploads\/2025\/01\/carte-icone.png","contentUrl":"https:\/\/centcols.org\/wp-content\/uploads\/2025\/01\/carte-icone.png","width":250,"height":250,"caption":"Club des Cent Cols"},"image":{"@id":"https:\/\/centcols.org\/#\/schema\/logo\/image\/"},"sameAs":["https:\/\/www.facebook.com\/groups\/5261880558\/?locale=fr_FR"]},{"@type":"Person","@id":"https:\/\/centcols.org\/#\/schema\/person\/377f00da2793c0363246869bb3a344d0","name":"Guy Harl\u00e9","image":{"@type":"ImageObject","inLanguage":"es","@id":"https:\/\/centcols.org\/wp-content\/litespeed\/avatar\/94c4de37e46cf090f296d42ab3e8d6a6.jpg?ver=1777238144","url":"https:\/\/centcols.org\/wp-content\/litespeed\/avatar\/94c4de37e46cf090f296d42ab3e8d6a6.jpg?ver=1777238144","contentUrl":"https:\/\/centcols.org\/wp-content\/litespeed\/avatar\/94c4de37e46cf090f296d42ab3e8d6a6.jpg?ver=1777238144","caption":"Guy Harl\u00e9"},"url":"https:\/\/centcols.org\/es\/author\/5193\/"}]}},"_links":{"self":[{"href":"https:\/\/centcols.org\/es\/wp-json\/wp\/v2\/posts\/93008","targetHints":{"allow":["GET"]}}],"collection":[{"href":"https:\/\/centcols.org\/es\/wp-json\/wp\/v2\/posts"}],"about":[{"href":"https:\/\/centcols.org\/es\/wp-json\/wp\/v2\/types\/post"}],"author":[{"embeddable":true,"href":"https:\/\/centcols.org\/es\/wp-json\/wp\/v2\/users\/136"}],"replies":[{"embeddable":true,"href":"https:\/\/centcols.org\/es\/wp-json\/wp\/v2\/comments?post=93008"}],"version-history":[{"count":0,"href":"https:\/\/centcols.org\/es\/wp-json\/wp\/v2\/posts\/93008\/revisions"}],"wp:featuredmedia":[{"embeddable":true,"href":"https:\/\/centcols.org\/es\/wp-json\/wp\/v2\/media\/94242"}],"wp:attachment":[{"href":"https:\/\/centcols.org\/es\/wp-json\/wp\/v2\/media?parent=93008"}],"wp:term":[{"taxonomy":"category","embeddable":true,"href":"https:\/\/centcols.org\/es\/wp-json\/wp\/v2\/categories?post=93008"},{"taxonomy":"post_tag","embeddable":true,"href":"https:\/\/centcols.org\/es\/wp-json\/wp\/v2\/tags?post=93008"}],"curies":[{"name":"wp","href":"https:\/\/api.w.org\/{rel}","templated":true}]}}